{"id":61390,"date":"2024-10-12T13:01:51","date_gmt":"2024-10-12T11:01:51","guid":{"rendered":"https:\/\/www.rassegnastampa-totustuus.it\/cattolica\/?p=61390"},"modified":"2024-10-12T13:01:53","modified_gmt":"2024-10-12T11:01:53","slug":"la-lettera-scritta-da-sammy-basso-per-il-suo-funerale","status":"publish","type":"post","link":"https:\/\/www.rassegnastampa-totustuus.it\/cattolica\/la-lettera-scritta-da-sammy-basso-per-il-suo-funerale\/","title":{"rendered":"La lettera scritta da Sammy Basso per il suo funerale"},"content":{"rendered":"<p style=\"text-align: justify;\"><span style=\"color: #000000;\"><strong><img loading=\"lazy\" decoding=\"async\" class=\"size-full wp-image-61391 alignright\" src=\"https:\/\/www.rassegnastampa-totustuus.it\/cattolica\/wp-content\/uploads\/2024\/10\/sammy_basso.jpeg\" alt=\"\" width=\"291\" height=\"180\" \/><\/strong><\/span><strong>Abstract: <\/strong><em>Sammy Basso per il suo funerale ha scritto un testamento spirituale che Avvenire ha pubblicato integralmente il giorno della sua morte, avvenuta in un ristorante di Asolo mentre partecipava alla festa di matrimonio di amici. Una toccante e virile testimonianza di come i cristiani sanno affrontare la morte e soprattutto la vita. Basso era diventato famoso oltre che per il suo impegno internazionale in campo scientifico nello studio della sua patologia, per averne parlato pubblicamente sempre col sorriso e con ironia.<\/em><\/p>\n<p><!--more--><\/p>\n<p style=\"text-align: center;\"><span style=\"color: #000000;\"><span style=\"color: #0000ff;\"><a style=\"color: #0000ff;\" href=\"https:\/\/www.avvenire.it\/\" target=\"_blank\" rel=\"noopener\"><strong>Avvenire<\/strong> <\/a><\/span>venerd\u00ec 11 ottobre 2024<\/span><\/p>\n<h3 style=\"text-align: center;\"><strong><span style=\"color: #000000;\">\u00abChe dono la vita\u00bb: la lettera scritta da Sammy Basso per il suo funerale<\/span><\/strong><\/h3>\n<p style=\"text-align: justify;\"><span style=\"color: #000000;\"><em>Pubblichiamo integralmente il testamento che il giovane ricercatore veneto affetto da progeria, morto domenica scorsa, ha lasciato ai suoi cari perch\u00e9 fosse letto durante le esequie, oggi a Tezze <\/em><\/span><span style=\"color: #000000;\">\u00a0<\/span><\/p>\n<p style=\"text-align: center;\"><span style=\"color: #000000;\">di <strong>Sammy Basso<\/strong><\/span><\/p>\n<p><!--more--><\/p>\n<p style=\"text-align: justify;\"><span style=\"color: #000000;\"><em><img loading=\"lazy\" decoding=\"async\" class=\" wp-image-52646 alignleft\" src=\"https:\/\/www.rassegnastampa-totustuus.it\/cattolica\/wp-content\/uploads\/2021\/10\/Thanatos_morte.jpg\" alt=\"\" width=\"175\" height=\"227\" \/>S&#8217;era preparato, Sammy Basso, al giorno della sua morte, che \u00e8 arrivato inaspettatamente domenica scorsa in un ristorante di Asolo, durante i festeggiamenti per il matrimonio di una coppia di suoi amici. Il giovane ricercatore, affetto dalla nascita da una malattia rara chiamata progeria (che causa un invecchiamento precoce e consuma il corpo di chi ne soffre), era diventato famoso oltre che per il suo impegno internazionale in campo scientifico nello studio della sua patologia, per averne parlato pubblicamente sempre col sorriso e con ironia. In occasione dei suoi funerali, celebrati oggi nella Tezze sul Brenta dov&#8217;\u00e8 cresciuto, pubblichiamo integralmente la lettera-testamento che Sammy ha scritto appositamente per il giorno del suo funerale e ha fatto avere ai suoi genitori dopo la sua morte. Il testo, che \u00e8 un inno alla vita e una straordinaria testimonianza di fede, \u00e8 stato letto durante l&#8217;omelia dal vescovo di Vicenza Giuliano Brugnotto.<\/em><\/span><\/p>\n<p style=\"text-align: justify;\"><span style=\"color: #000000;\">Se state leggendo questo scritto allora non sono pi\u00f9 tra il mondo dei vivi. Per lo meno non nel mondo dei vivi per come lo conosciamo. Scrivo questa Iettera perch\u00e9 se c&#8217;\u00e8 una cosa che mi ha sempre angosciato sono i funerali. Non che ci fosse qualcosa di male, nei funerali, dare l&#8217;ultimo saluto ai propri cari \u00e8 una tra le cose pi\u00f9 umane e pi\u00f9 poetiche in assoluto. Tuttavia, ogni volta che pensavo a come sarebbe stato il mio funerale, ci sono sempre state due cose che non sopportavo: il non poter esserci e dire le ultime cose, e il fatto di non potere consolare chi mi \u00e8 caro. Oltre al fatto di non poter parteciparvi, ma questo \u00e8 un altro discorso&#8230; E perci\u00f2, ecco che ho deciso di scrivere le mie ultime parole, e ringrazio chiunque le stia leggendo. Non voglio lasciarvi altro che quello che ho vissuto, e visto che si tratta dell&#8217;ultima volta che ho la possibilit\u00e0 di dire la mia, dir\u00f2 solo l&#8217;essenziale senza cose superflue o altro.<\/span><\/p>\n<p style=\"text-align: justify;\"><span style=\"color: #000000;\"><strong>Voglio che sappiate innanzitutto che ho vissuto la mia vita felicemente, senza eccezioni, e l&#8217;ho vissuta da semplice uomo, con i momenti di gioia e i momenti difficili, con la voglia di fare bene, riuscendoci a volte e a volte fallendo miseramente.<\/strong> Fin da bambino, come ben sapete, la progeria ha segnato profondamente la mia vita, sebbene non fosse che una parte piccolissima di quello che sono, non posso negare che ha influenzato molto la mia vita quotidiana e, non ultime, le mie scelte.<\/span><\/p>\n<p style=\"text-align: justify;\"><span style=\"color: #000000;\"><strong>Non so il perch\u00e9 e il come me ne andr\u00f2 da questo mondo, sicuramente in molti diranno che ho perso la mia battaglia contro la malattia. Non ascoltate! Non c&#8217;\u00e8 mai stata nessuna battaglia da combattere, c&#8217;\u00e8 solo stata una vita da abbracciare per com&#8217;era, con le sue difficolt\u00e0, ma pur sempre splendida, pur sempre fantastica<\/strong>, n\u00e9 premio n\u00e9 condanna, semplicemente un dono che mi \u00e8 stato dato da Dio.<\/span><\/p>\n<p style=\"text-align: justify;\"><span style=\"color: #000000;\"><img loading=\"lazy\" decoding=\"async\" class=\" wp-image-23716 alignright\" src=\"https:\/\/www.rassegnastampa-totustuus.it\/cattolica\/wp-content\/uploads\/2012\/04\/morte.jpg\" alt=\"\" width=\"290\" height=\"237\" \/>Ho cercato di vivere pi\u00f9 pienamente possibile, tuttavia ho fatto \u00ec miei sbagli, come ogni persona, come ogni peccatore. Sognavo di diventare una persona di cui si parlasse nei Iibri di scuola, una persona che fosse degna di essere ricordata ai posteri, una persona che, come i grandi del passato, quando la si nomina, Io si fa con reverenza. Non nego che, sebbene la mia intenzione era di essere un grande della storia per avere fatto del bene, una parte di questo desiderio era anche dovuto ad egoismo. L&#8217;egoismo di chi semplicemente vuole sentirsi di pi\u00f9 degli altri. Ho lottato con ogni mia forza questo malsano desiderio, sapendo bene che Dio non ama chi fa le cose per s\u00e9, ma nonostante ci\u00f2 non sempre ci sono riuscito. Mi rendo conto ora, mentre scrivo questa Iettera, immaginando come sar\u00e0 il mio ultimo momento nella Terra, che \u00e8 il pi\u00f9 stupido desiderio che si possa avere.<\/span><\/p>\n<p style=\"text-align: justify;\"><span style=\"color: #000000;\"><strong>La gloria personale, la grandezza, la fama, altro non sono che una cosa passeggera. L&#8217;amore che si crea nella vita invece \u00e8 eterno, poich\u00e9 Dio solo \u00e8 eterno, e l&#8217;amore ci viene da Dio. Se c&#8217;\u00e8 una cosa di cui mi non mi sono mai pentito, \u00e8 quello di avere amato tante persone nella mia vita, e tanto. Eppur troppo poco. <\/strong>Chi mi conosce sa bene che non sono un tipo a cui piaccia dare consigli, ma questa \u00e8 la mia ultima occasione&#8230;perci\u00f2 ve ne prego amici miei, amate chi vi sta attorno, non dimenticatevi che i nostri compagni di viaggio non sono mai il mezzo ma il fine. Il mondo \u00e8 buono se sappiamo dove guardare!<\/span><\/p>\n<p style=\"text-align: justify;\"><span style=\"color: #000000;\">In molte cose, come vi ho gi\u00e0 detto, sbagliavo! Per buona parte della mia vita ho pensato che non ci fossero eventi totalmente positivi o totalmente negativi, che dipendesse da noi vederne i lati belli o i lati oscuri. Certo, \u00e8 una buona filosofia di vita, ma non \u00e8 tutto! Un evento pu\u00f2 essere negativo ed esserlo totalmente! Quello che spetta a noi non \u00e8 nel trovarci qualcosa di positivo, quanto piuttosto di agire sulla retta via, sopportando, e, per amore degli altri, trasformare un evento negativo in uno positivo. Non si tratta di trovare i lati positivi quanto piuttosto di crearli, ed \u00e8 questa a mio parere, la facolt\u00e0 pi\u00f9 importante che ci \u00e8 stata data da Dio, la facolt\u00e0 che pi\u00f9 di tutti ci rende umani.<\/span><\/p>\n<p style=\"text-align: justify;\"><span style=\"color: #000000;\"><img loading=\"lazy\" decoding=\"async\" class=\"size-full wp-image-27583 alignleft\" src=\"https:\/\/www.rassegnastampa-totustuus.it\/cattolica\/wp-content\/uploads\/2005\/03\/resurrezione.jpg\" alt=\"\" width=\"213\" height=\"237\" \/>Voglio farvi sapere che voglio bene a tutti voi, e che \u00e8 stato un piacere compiere la strada della mia vita al vostro fianco. Non vi dir\u00f2 di non essere tristi, ma non siatelo troppo. Come ad ogni morte, ci sar\u00e0 qualcuno tra i miei cari che pianger\u00e0 per me, qualcuno che rimarr\u00e0 incredulo, qualcuno che invece, magari senza sapere perch\u00e9, avr\u00e0 voglia di andare fuori con gli amici, stare insieme, ridere e scherzare, come se nulla fosse successo. Voglio esservi accanto in questo, e farvi sapere che \u00e8 normale. Per chi pianger\u00e0, sappiate che \u00e8 normale essere tristi. Per chi vorr\u00e0 fare festa, sappiate che \u00e8 normale far festa. Piangete e festeggiate, fatelo anche in onore mio. Se vorrete ricordarmi invece, non sprecate troppo tempo in rituali vari, pregate, certo, ma prendete anche dei bicchieri, brindate alla mia e alla vostra salute, e siate allegri. Ho sempre amato stare in compagnia, e perci\u00f2 \u00e8 cos\u00ec vorrei essere ricordato. Probabilmente per\u00f2 ci vorr\u00e0 del tempo, e se voglio veramente consolare e partire da questo mondo in modo da non farvi stare male, non posso semplicemente dirvi che il tempo curer\u00e0 ogni ferita. Anche perch\u00e9 non \u00e8 vero. Perci\u00f2 vi voglio parlare schiettamente del passo che io ho gi\u00e0 compiuto e che tutti devono prima o poi compiere: la morte.<\/span><\/p>\n<p style=\"text-align: justify;\"><span style=\"color: #000000;\">Anche a solo dirne il nome, a volte, la pelle rabbrividisce. Eppure \u00e8 una cosa naturale, la cosa pi\u00f9 naturale al mondo. Se vogliamo usare un paradosso la morte \u00e8 la cosa pi\u00f9 naturale della vita. Eppure ci fa paura! \u00c8 normale, non c&#8217;\u00e8 niente di male, anche Ges\u00f9 ha avuto paura. \u00c8 la paura delI&#8217;ignoto, perch\u00e9 non possiamo dire di averne avuto esperienza in passato. Pensiamo per\u00f2 alla morte in modo positivo: se Iei non ci fosse probabilmente non concluderemo niente nella nostra vita, perch\u00e9 tanto, c&#8217;\u00e8 sempre un domani. La morte invece ci fa sapere che non c&#8217;\u00e8 sempre un domani, che se vogliamo fare qualcosa, il momento giusto \u00e8 \u201cora\u201d!<\/span><\/p>\n<p style=\"text-align: justify;\"><span style=\"color: #000000;\"><img loading=\"lazy\" decoding=\"async\" class=\" wp-image-44362 alignleft\" src=\"https:\/\/www.rassegnastampa-totustuus.it\/cattolica\/wp-content\/uploads\/2019\/09\/Ges\u00f9_croce.jpg\" alt=\"L'eroismo di crociati perseguitati e martiri\" width=\"194\" height=\"289\" \/>Per un cristiano per\u00f2 la morte \u00e8 anche altro! Da quando Ges\u00f9 \u00e8 morto sulla croce, come sacrificio per tutti i nostri peccati, la morte \u00e8 l&#8217;unico modo per vivere realmente, \u00e8 l&#8217;unico modo per tornare finalmente alla casa del Padre, \u00e8 l&#8217;unico modo per vedere finalmente il Suo Volto. E da cristiano ho affrontato la morte. <strong>Non volevo morire, non ero pronto per morire, ma ero preparato. L&#8217;unica cosa che mi d\u00e0 malinconia \u00e8 non poter esserci per vedere il mondo che cambia e che va avanti.<\/strong> Per il resto per\u00f2, spero di essere stato in grado, nell&#8217;ultimo mio momento, di vedere la morte come la vedeva san Francesco, le cui parole mi hanno accompagnato tutta la vita. Spero di essere riuscito anch&#8217;io ad accogliere la morte come \u201cSorella Morte\u201d, dalla quale nessun vivente pu\u00f2 scappare.<\/span><\/p>\n<p style=\"text-align: justify;\"><span style=\"color: #000000;\"><strong>Se in vita sono stato degno, se avr\u00f2 portato la mia croce cos\u00ec come mi era stato chiesto di fare, ora sono dal Creatore. Ora sono dal Dio mio, dal Dio dei miei padri, nella sua Casa indistruttibile.<\/strong> Lui, il nostro Dio, l&#8217;unico vero Dio, \u00e8 la causa prima e il fine di ogni cosa. Davanti alla morte nulla ha pi\u00f9 senso se non Lui. Perci\u00f2, sebbene non c&#8217;\u00e8 bisogno di dirlo, poich\u00e9 Lui sa tutto, come ho ringraziato voi voglio ringraziare anche Lui. <strong>Devo tutta la mia vita a Dio, ogni cosa bella. La Fede mi ha accompagnato e non sarei quello che sono senza la mia Fede. Lui ha cambiato la mia vita, l&#8217;ha raccolta, ne ha fatto qualcosa di straordinario, e Io ha fatto nella semplicit\u00e0 della mia vita quotidiana.<\/strong><\/span><\/p>\n<p style=\"text-align: justify;\"><span style=\"color: #000000;\">Non stancatevi mai, fratelli miei, di servire Dio e di comportarvi secondo i suoi comandamenti, poich\u00e9 nulla ha senso senza di Lui e perch\u00e9 ogni nostra azione verr\u00e0 giudicata e decreter\u00e0 chi continuer\u00e0 a vivere in eterno e chi invece dovr\u00e0 morire. Non sono di certo stato il pi\u00f9 buono dei cristiani, sono stato anzi certamente un peccatore, ma ormai poco conta: quello che conta \u00e8 che ho provato a fare del mio meglio e lo rifarei. Non stancatevi mai, fratelli miei, di portare la croce che Dio ha assegnato ad ognuno, e non abbiate paura di farvi aiutare nel portarla, come Ges\u00f9 \u00e8 stato aiutato da Giuseppe di Arimatea.<\/span><\/p>\n<p style=\"text-align: justify;\"><span style=\"color: #000000;\"><strong><img loading=\"lazy\" decoding=\"async\" class=\" wp-image-31587 alignright\" src=\"https:\/\/www.rassegnastampa-totustuus.it\/cattolica\/wp-content\/uploads\/2011\/05\/preghiera.jpg\" alt=\"tra i diritti umani la libert\u00e0 di religione\" width=\"329\" height=\"221\" \/>E non rinunciate mai ad un rapporto pieno e confidenziale con Dio, accettate di buon grado la Sua Volont\u00e0, poich\u00e9 \u00e8 nostro dovere, ma non siate nemmeno passivi, e fate sentire forte la vostra voce, fate conoscere a Dio la vostra volont\u00e0, cos\u00ec come fece Giacobbe, che per il suo essersi dimostrato forte fu chiamato Israele: Colui che lotta con Dio.<\/strong><\/span><\/p>\n<p style=\"text-align: justify;\"><span style=\"color: #000000;\">Di sicuro, Dio, che \u00e8 madre e padre, che nella persona di Ges\u00f9 ha provato ogni umana debolezza, e che nello Spirito Santo vive sempre in noi, che siamo il suo Tempio, apprezzer\u00e0 i vostri sforzi e li terr\u00e0 nel Suo Cuore.<\/span><\/p>\n<p style=\"text-align: justify;\"><span style=\"color: #000000;\">Ora vi Iascio, come vi ho detto non amo i funerali quando diventano troppo lunghi, e io breve non sono stato. Sappiate che non potrei mai immaginare la mia vita senza di voi, e se mi fosse data la possibilit\u00e0 di scegliere, avrei scelto ancora di crescere al vostro fianco. Sono contento che domani il Sole spunter\u00e0 ancora&#8230;<\/span><\/p>\n<p style=\"text-align: justify;\"><span style=\"color: #000000;\">Famiglia mia, fratelli miei, amici miei e amore mio, Vi sono vicino e se mi \u00e8 concesso, veglier\u00f2 su di voi, vi voglio bene!<\/span><\/p>\n<p style=\"text-align: justify;\"><span style=\"color: #000000;\">P.s. State tranquilli, tutto questo \u00e8 solo sonno arretrato&#8230;<\/span><\/p>\n","protected":false},"excerpt":{"rendered":"<p>Abstract: Sammy Basso per il suo funerale ha scritto un testamento spirituale che Avvenire ha pubblicato integralmente il giorno della sua morte, avvenuta in un ristorante di Asolo mentre partecipava alla festa di matrimonio di amici. Una toccante e virile testimonianza di come i cristiani sanno affrontare la morte e soprattutto la vita. Basso era &hellip; <\/p>\n<p><a class=\"more-link btn\" href=\"https:\/\/www.rassegnastampa-totustuus.it\/cattolica\/la-lettera-scritta-da-sammy-basso-per-il-suo-funerale\/\">Continua a leggere<\/a><\/p>\n","protected":false},"author":6,"featured_media":0,"comment_status":"closed","ping_status":"closed","sticky":false,"template":"","format":"standard","meta":{"footnotes":""},"categories":[18],"tags":[500,283,3062],"class_list":["post-61390","post","type-post","status-publish","format-standard","hentry","category-personaggi","tag-morte","tag-personaggi-2","tag-sammy-basso","item-wrap"],"yoast_head":"<!-- This site is optimized with the Yoast SEO plugin v27.5 - https:\/\/yoast.com\/product\/yoast-seo-wordpress\/ -->\n<title>La lettera scritta da Sammy Basso per il suo funerale - Rassegna Stampa Cattolica<\/title>\n<meta name=\"description\" content=\"La lettera scritta da Sammy Basso per il suo funerale pubblicata integralmente da Avvenire in occasione delle esequie\" \/>\n<meta name=\"robots\" content=\"index, follow, max-snippet:-1, max-image-preview:large, max-video-preview:-1\" \/>\n<link rel=\"canonical\" href=\"https:\/\/www.rassegnastampa-totustuus.it\/cattolica\/la-lettera-scritta-da-sammy-basso-per-il-suo-funerale\/\" \/>\n<meta property=\"og:locale\" content=\"it_IT\" \/>\n<meta property=\"og:type\" content=\"article\" \/>\n<meta property=\"og:title\" content=\"La lettera scritta da Sammy Basso per il suo funerale - Rassegna Stampa Cattolica\" \/>\n<meta property=\"og:description\" content=\"La lettera scritta da Sammy Basso per il suo funerale pubblicata integralmente da Avvenire in occasione delle esequie\" \/>\n<meta property=\"og:url\" content=\"https:\/\/www.rassegnastampa-totustuus.it\/cattolica\/la-lettera-scritta-da-sammy-basso-per-il-suo-funerale\/\" \/>\n<meta property=\"og:site_name\" content=\"Rassegna Stampa Cattolica\" \/>\n<meta property=\"article:publisher\" content=\"https:\/\/www.facebook.com\/rassegnastampacattolica\" \/>\n<meta property=\"article:published_time\" content=\"2024-10-12T11:01:51+00:00\" \/>\n<meta property=\"article:modified_time\" content=\"2024-10-12T11:01:53+00:00\" \/>\n<meta property=\"og:image\" content=\"https:\/\/www.rassegnastampa-totustuus.it\/cattolica\/wp-content\/uploads\/2024\/10\/sammy_basso.jpeg\" \/>\n\t<meta property=\"og:image:width\" content=\"291\" \/>\n\t<meta property=\"og:image:height\" content=\"180\" \/>\n\t<meta property=\"og:image:type\" content=\"image\/jpeg\" \/>\n<meta name=\"author\" content=\"Redazione\" \/>\n<meta name=\"twitter:card\" content=\"summary_large_image\" \/>\n<meta name=\"twitter:creator\" content=\"@rassegnastampa9\" \/>\n<meta name=\"twitter:site\" content=\"@rassegnastampa9\" \/>\n<meta name=\"twitter:label1\" content=\"Scritto da\" \/>\n\t<meta name=\"twitter:data1\" content=\"Redazione\" \/>\n\t<meta name=\"twitter:label2\" content=\"Tempo di lettura stimato\" \/>\n\t<meta name=\"twitter:data2\" content=\"12 minuti\" \/>\n<script type=\"application\/ld+json\" class=\"yoast-schema-graph\">{\"@context\":\"https:\\\/\\\/schema.org\",\"@graph\":[{\"@type\":\"Article\",\"@id\":\"https:\\\/\\\/www.rassegnastampa-totustuus.it\\\/cattolica\\\/la-lettera-scritta-da-sammy-basso-per-il-suo-funerale\\\/#article\",\"isPartOf\":{\"@id\":\"https:\\\/\\\/www.rassegnastampa-totustuus.it\\\/cattolica\\\/la-lettera-scritta-da-sammy-basso-per-il-suo-funerale\\\/\"},\"author\":{\"name\":\"Redazione\",\"@id\":\"https:\\\/\\\/www.rassegnastampa-totustuus.it\\\/cattolica\\\/#\\\/schema\\\/person\\\/08f319d2bd1a0904ad9e2bfb7b15e5c3\"},\"headline\":\"La lettera scritta da Sammy Basso per il suo funerale\",\"datePublished\":\"2024-10-12T11:01:51+00:00\",\"dateModified\":\"2024-10-12T11:01:53+00:00\",\"mainEntityOfPage\":{\"@id\":\"https:\\\/\\\/www.rassegnastampa-totustuus.it\\\/cattolica\\\/la-lettera-scritta-da-sammy-basso-per-il-suo-funerale\\\/\"},\"wordCount\":1900,\"publisher\":{\"@id\":\"https:\\\/\\\/www.rassegnastampa-totustuus.it\\\/cattolica\\\/#organization\"},\"image\":{\"@id\":\"https:\\\/\\\/www.rassegnastampa-totustuus.it\\\/cattolica\\\/la-lettera-scritta-da-sammy-basso-per-il-suo-funerale\\\/#primaryimage\"},\"thumbnailUrl\":\"https:\\\/\\\/www.rassegnastampa-totustuus.it\\\/cattolica\\\/wp-content\\\/uploads\\\/2024\\\/10\\\/sammy_basso.jpeg\",\"keywords\":[\"morte\",\"personaggi\",\"Sammy Basso\"],\"articleSection\":[\"Personaggi\"],\"inLanguage\":\"it-IT\"},{\"@type\":\"WebPage\",\"@id\":\"https:\\\/\\\/www.rassegnastampa-totustuus.it\\\/cattolica\\\/la-lettera-scritta-da-sammy-basso-per-il-suo-funerale\\\/\",\"url\":\"https:\\\/\\\/www.rassegnastampa-totustuus.it\\\/cattolica\\\/la-lettera-scritta-da-sammy-basso-per-il-suo-funerale\\\/\",\"name\":\"La lettera scritta da Sammy Basso per il suo funerale - Rassegna Stampa Cattolica\",\"isPartOf\":{\"@id\":\"https:\\\/\\\/www.rassegnastampa-totustuus.it\\\/cattolica\\\/#website\"},\"primaryImageOfPage\":{\"@id\":\"https:\\\/\\\/www.rassegnastampa-totustuus.it\\\/cattolica\\\/la-lettera-scritta-da-sammy-basso-per-il-suo-funerale\\\/#primaryimage\"},\"image\":{\"@id\":\"https:\\\/\\\/www.rassegnastampa-totustuus.it\\\/cattolica\\\/la-lettera-scritta-da-sammy-basso-per-il-suo-funerale\\\/#primaryimage\"},\"thumbnailUrl\":\"https:\\\/\\\/www.rassegnastampa-totustuus.it\\\/cattolica\\\/wp-content\\\/uploads\\\/2024\\\/10\\\/sammy_basso.jpeg\",\"datePublished\":\"2024-10-12T11:01:51+00:00\",\"dateModified\":\"2024-10-12T11:01:53+00:00\",\"description\":\"La lettera scritta da Sammy Basso per il suo funerale pubblicata integralmente da Avvenire in occasione delle esequie\",\"breadcrumb\":{\"@id\":\"https:\\\/\\\/www.rassegnastampa-totustuus.it\\\/cattolica\\\/la-lettera-scritta-da-sammy-basso-per-il-suo-funerale\\\/#breadcrumb\"},\"inLanguage\":\"it-IT\",\"potentialAction\":[{\"@type\":\"ReadAction\",\"target\":[\"https:\\\/\\\/www.rassegnastampa-totustuus.it\\\/cattolica\\\/la-lettera-scritta-da-sammy-basso-per-il-suo-funerale\\\/\"]}]},{\"@type\":\"ImageObject\",\"inLanguage\":\"it-IT\",\"@id\":\"https:\\\/\\\/www.rassegnastampa-totustuus.it\\\/cattolica\\\/la-lettera-scritta-da-sammy-basso-per-il-suo-funerale\\\/#primaryimage\",\"url\":\"https:\\\/\\\/www.rassegnastampa-totustuus.it\\\/cattolica\\\/wp-content\\\/uploads\\\/2024\\\/10\\\/sammy_basso.jpeg\",\"contentUrl\":\"https:\\\/\\\/www.rassegnastampa-totustuus.it\\\/cattolica\\\/wp-content\\\/uploads\\\/2024\\\/10\\\/sammy_basso.jpeg\",\"width\":291,\"height\":180},{\"@type\":\"BreadcrumbList\",\"@id\":\"https:\\\/\\\/www.rassegnastampa-totustuus.it\\\/cattolica\\\/la-lettera-scritta-da-sammy-basso-per-il-suo-funerale\\\/#breadcrumb\",\"itemListElement\":[{\"@type\":\"ListItem\",\"position\":1,\"name\":\"Home\",\"item\":\"https:\\\/\\\/www.rassegnastampa-totustuus.it\\\/cattolica\\\/\"},{\"@type\":\"ListItem\",\"position\":2,\"name\":\"La lettera scritta da Sammy Basso per il suo funerale\"}]},{\"@type\":\"WebSite\",\"@id\":\"https:\\\/\\\/www.rassegnastampa-totustuus.it\\\/cattolica\\\/#website\",\"url\":\"https:\\\/\\\/www.rassegnastampa-totustuus.it\\\/cattolica\\\/\",\"name\":\"Rassegna Stampa Cattolica\",\"description\":\"Per una cultura che nasce dalla Rivelazione cristiana in conformit\u00e0 alla tradizione e al Magistero della Chiesa in opposizione ad ogni relativismo e totalitarismo\",\"publisher\":{\"@id\":\"https:\\\/\\\/www.rassegnastampa-totustuus.it\\\/cattolica\\\/#organization\"},\"alternateName\":\"Rass. Cattolica\",\"potentialAction\":[{\"@type\":\"SearchAction\",\"target\":{\"@type\":\"EntryPoint\",\"urlTemplate\":\"https:\\\/\\\/www.rassegnastampa-totustuus.it\\\/cattolica\\\/?s={search_term_string}\"},\"query-input\":{\"@type\":\"PropertyValueSpecification\",\"valueRequired\":true,\"valueName\":\"search_term_string\"}}],\"inLanguage\":\"it-IT\"},{\"@type\":\"Organization\",\"@id\":\"https:\\\/\\\/www.rassegnastampa-totustuus.it\\\/cattolica\\\/#organization\",\"name\":\"Rassegna Stampa Cattolica\",\"url\":\"https:\\\/\\\/www.rassegnastampa-totustuus.it\\\/cattolica\\\/\",\"logo\":{\"@type\":\"ImageObject\",\"inLanguage\":\"it-IT\",\"@id\":\"https:\\\/\\\/www.rassegnastampa-totustuus.it\\\/cattolica\\\/#\\\/schema\\\/logo\\\/image\\\/\",\"url\":\"https:\\\/\\\/www.rassegnastampa-totustuus.it\\\/cattolica\\\/wp-content\\\/uploads\\\/2014\\\/04\\\/logo-rassegna1.gif\",\"contentUrl\":\"https:\\\/\\\/www.rassegnastampa-totustuus.it\\\/cattolica\\\/wp-content\\\/uploads\\\/2014\\\/04\\\/logo-rassegna1.gif\",\"width\":600,\"height\":163,\"caption\":\"Rassegna Stampa Cattolica\"},\"image\":{\"@id\":\"https:\\\/\\\/www.rassegnastampa-totustuus.it\\\/cattolica\\\/#\\\/schema\\\/logo\\\/image\\\/\"},\"sameAs\":[\"https:\\\/\\\/www.facebook.com\\\/rassegnastampacattolica\",\"https:\\\/\\\/x.com\\\/rassegnastampa9\"]},{\"@type\":\"Person\",\"@id\":\"https:\\\/\\\/www.rassegnastampa-totustuus.it\\\/cattolica\\\/#\\\/schema\\\/person\\\/08f319d2bd1a0904ad9e2bfb7b15e5c3\",\"name\":\"Redazione\",\"image\":{\"@type\":\"ImageObject\",\"inLanguage\":\"it-IT\",\"@id\":\"https:\\\/\\\/secure.gravatar.com\\\/avatar\\\/2fcdf27c78ea025fbdb44e914cc63c72249ffec9dc8aafd5c82b26240ef3f346?s=96&d=mm&r=g\",\"url\":\"https:\\\/\\\/secure.gravatar.com\\\/avatar\\\/2fcdf27c78ea025fbdb44e914cc63c72249ffec9dc8aafd5c82b26240ef3f346?s=96&d=mm&r=g\",\"contentUrl\":\"https:\\\/\\\/secure.gravatar.com\\\/avatar\\\/2fcdf27c78ea025fbdb44e914cc63c72249ffec9dc8aafd5c82b26240ef3f346?s=96&d=mm&r=g\",\"caption\":\"Redazione\"},\"url\":\"https:\\\/\\\/www.rassegnastampa-totustuus.it\\\/cattolica\\\/author\\\/pietroelle\\\/\"}]}<\/script>\n<!-- \/ Yoast SEO plugin. -->","yoast_head_json":{"title":"La lettera scritta da Sammy Basso per il suo funerale - Rassegna Stampa Cattolica","description":"La lettera scritta da Sammy Basso per il suo funerale pubblicata integralmente da Avvenire in occasione delle esequie","robots":{"index":"index","follow":"follow","max-snippet":"max-snippet:-1","max-image-preview":"max-image-preview:large","max-video-preview":"max-video-preview:-1"},"canonical":"https:\/\/www.rassegnastampa-totustuus.it\/cattolica\/la-lettera-scritta-da-sammy-basso-per-il-suo-funerale\/","og_locale":"it_IT","og_type":"article","og_title":"La lettera scritta da Sammy Basso per il suo funerale - Rassegna Stampa Cattolica","og_description":"La lettera scritta da Sammy Basso per il suo funerale pubblicata integralmente da Avvenire in occasione delle esequie","og_url":"https:\/\/www.rassegnastampa-totustuus.it\/cattolica\/la-lettera-scritta-da-sammy-basso-per-il-suo-funerale\/","og_site_name":"Rassegna Stampa Cattolica","article_publisher":"https:\/\/www.facebook.com\/rassegnastampacattolica","article_published_time":"2024-10-12T11:01:51+00:00","article_modified_time":"2024-10-12T11:01:53+00:00","og_image":[{"width":291,"height":180,"url":"https:\/\/www.rassegnastampa-totustuus.it\/cattolica\/wp-content\/uploads\/2024\/10\/sammy_basso.jpeg","type":"image\/jpeg"}],"author":"Redazione","twitter_card":"summary_large_image","twitter_creator":"@rassegnastampa9","twitter_site":"@rassegnastampa9","twitter_misc":{"Scritto da":"Redazione","Tempo di lettura stimato":"12 minuti"},"schema":{"@context":"https:\/\/schema.org","@graph":[{"@type":"Article","@id":"https:\/\/www.rassegnastampa-totustuus.it\/cattolica\/la-lettera-scritta-da-sammy-basso-per-il-suo-funerale\/#article","isPartOf":{"@id":"https:\/\/www.rassegnastampa-totustuus.it\/cattolica\/la-lettera-scritta-da-sammy-basso-per-il-suo-funerale\/"},"author":{"name":"Redazione","@id":"https:\/\/www.rassegnastampa-totustuus.it\/cattolica\/#\/schema\/person\/08f319d2bd1a0904ad9e2bfb7b15e5c3"},"headline":"La lettera scritta da Sammy Basso per il suo funerale","datePublished":"2024-10-12T11:01:51+00:00","dateModified":"2024-10-12T11:01:53+00:00","mainEntityOfPage":{"@id":"https:\/\/www.rassegnastampa-totustuus.it\/cattolica\/la-lettera-scritta-da-sammy-basso-per-il-suo-funerale\/"},"wordCount":1900,"publisher":{"@id":"https:\/\/www.rassegnastampa-totustuus.it\/cattolica\/#organization"},"image":{"@id":"https:\/\/www.rassegnastampa-totustuus.it\/cattolica\/la-lettera-scritta-da-sammy-basso-per-il-suo-funerale\/#primaryimage"},"thumbnailUrl":"https:\/\/www.rassegnastampa-totustuus.it\/cattolica\/wp-content\/uploads\/2024\/10\/sammy_basso.jpeg","keywords":["morte","personaggi","Sammy Basso"],"articleSection":["Personaggi"],"inLanguage":"it-IT"},{"@type":"WebPage","@id":"https:\/\/www.rassegnastampa-totustuus.it\/cattolica\/la-lettera-scritta-da-sammy-basso-per-il-suo-funerale\/","url":"https:\/\/www.rassegnastampa-totustuus.it\/cattolica\/la-lettera-scritta-da-sammy-basso-per-il-suo-funerale\/","name":"La lettera scritta da Sammy Basso per il suo funerale - Rassegna Stampa Cattolica","isPartOf":{"@id":"https:\/\/www.rassegnastampa-totustuus.it\/cattolica\/#website"},"primaryImageOfPage":{"@id":"https:\/\/www.rassegnastampa-totustuus.it\/cattolica\/la-lettera-scritta-da-sammy-basso-per-il-suo-funerale\/#primaryimage"},"image":{"@id":"https:\/\/www.rassegnastampa-totustuus.it\/cattolica\/la-lettera-scritta-da-sammy-basso-per-il-suo-funerale\/#primaryimage"},"thumbnailUrl":"https:\/\/www.rassegnastampa-totustuus.it\/cattolica\/wp-content\/uploads\/2024\/10\/sammy_basso.jpeg","datePublished":"2024-10-12T11:01:51+00:00","dateModified":"2024-10-12T11:01:53+00:00","description":"La lettera scritta da Sammy Basso per il suo funerale pubblicata integralmente da Avvenire in occasione delle esequie","breadcrumb":{"@id":"https:\/\/www.rassegnastampa-totustuus.it\/cattolica\/la-lettera-scritta-da-sammy-basso-per-il-suo-funerale\/#breadcrumb"},"inLanguage":"it-IT","potentialAction":[{"@type":"ReadAction","target":["https:\/\/www.rassegnastampa-totustuus.it\/cattolica\/la-lettera-scritta-da-sammy-basso-per-il-suo-funerale\/"]}]},{"@type":"ImageObject","inLanguage":"it-IT","@id":"https:\/\/www.rassegnastampa-totustuus.it\/cattolica\/la-lettera-scritta-da-sammy-basso-per-il-suo-funerale\/#primaryimage","url":"https:\/\/www.rassegnastampa-totustuus.it\/cattolica\/wp-content\/uploads\/2024\/10\/sammy_basso.jpeg","contentUrl":"https:\/\/www.rassegnastampa-totustuus.it\/cattolica\/wp-content\/uploads\/2024\/10\/sammy_basso.jpeg","width":291,"height":180},{"@type":"BreadcrumbList","@id":"https:\/\/www.rassegnastampa-totustuus.it\/cattolica\/la-lettera-scritta-da-sammy-basso-per-il-suo-funerale\/#breadcrumb","itemListElement":[{"@type":"ListItem","position":1,"name":"Home","item":"https:\/\/www.rassegnastampa-totustuus.it\/cattolica\/"},{"@type":"ListItem","position":2,"name":"La lettera scritta da Sammy Basso per il suo funerale"}]},{"@type":"WebSite","@id":"https:\/\/www.rassegnastampa-totustuus.it\/cattolica\/#website","url":"https:\/\/www.rassegnastampa-totustuus.it\/cattolica\/","name":"Rassegna Stampa Cattolica","description":"Per una cultura che nasce dalla Rivelazione cristiana in conformit\u00e0 alla tradizione e al Magistero della Chiesa in opposizione ad ogni relativismo e totalitarismo","publisher":{"@id":"https:\/\/www.rassegnastampa-totustuus.it\/cattolica\/#organization"},"alternateName":"Rass. Cattolica","potentialAction":[{"@type":"SearchAction","target":{"@type":"EntryPoint","urlTemplate":"https:\/\/www.rassegnastampa-totustuus.it\/cattolica\/?s={search_term_string}"},"query-input":{"@type":"PropertyValueSpecification","valueRequired":true,"valueName":"search_term_string"}}],"inLanguage":"it-IT"},{"@type":"Organization","@id":"https:\/\/www.rassegnastampa-totustuus.it\/cattolica\/#organization","name":"Rassegna Stampa Cattolica","url":"https:\/\/www.rassegnastampa-totustuus.it\/cattolica\/","logo":{"@type":"ImageObject","inLanguage":"it-IT","@id":"https:\/\/www.rassegnastampa-totustuus.it\/cattolica\/#\/schema\/logo\/image\/","url":"https:\/\/www.rassegnastampa-totustuus.it\/cattolica\/wp-content\/uploads\/2014\/04\/logo-rassegna1.gif","contentUrl":"https:\/\/www.rassegnastampa-totustuus.it\/cattolica\/wp-content\/uploads\/2014\/04\/logo-rassegna1.gif","width":600,"height":163,"caption":"Rassegna Stampa Cattolica"},"image":{"@id":"https:\/\/www.rassegnastampa-totustuus.it\/cattolica\/#\/schema\/logo\/image\/"},"sameAs":["https:\/\/www.facebook.com\/rassegnastampacattolica","https:\/\/x.com\/rassegnastampa9"]},{"@type":"Person","@id":"https:\/\/www.rassegnastampa-totustuus.it\/cattolica\/#\/schema\/person\/08f319d2bd1a0904ad9e2bfb7b15e5c3","name":"Redazione","image":{"@type":"ImageObject","inLanguage":"it-IT","@id":"https:\/\/secure.gravatar.com\/avatar\/2fcdf27c78ea025fbdb44e914cc63c72249ffec9dc8aafd5c82b26240ef3f346?s=96&d=mm&r=g","url":"https:\/\/secure.gravatar.com\/avatar\/2fcdf27c78ea025fbdb44e914cc63c72249ffec9dc8aafd5c82b26240ef3f346?s=96&d=mm&r=g","contentUrl":"https:\/\/secure.gravatar.com\/avatar\/2fcdf27c78ea025fbdb44e914cc63c72249ffec9dc8aafd5c82b26240ef3f346?s=96&d=mm&r=g","caption":"Redazione"},"url":"https:\/\/www.rassegnastampa-totustuus.it\/cattolica\/author\/pietroelle\/"}]}},"_links":{"self":[{"href":"https:\/\/www.rassegnastampa-totustuus.it\/cattolica\/wp-json\/wp\/v2\/posts\/61390","targetHints":{"allow":["GET"]}}],"collection":[{"href":"https:\/\/www.rassegnastampa-totustuus.it\/cattolica\/wp-json\/wp\/v2\/posts"}],"about":[{"href":"https:\/\/www.rassegnastampa-totustuus.it\/cattolica\/wp-json\/wp\/v2\/types\/post"}],"author":[{"embeddable":true,"href":"https:\/\/www.rassegnastampa-totustuus.it\/cattolica\/wp-json\/wp\/v2\/users\/6"}],"replies":[{"embeddable":true,"href":"https:\/\/www.rassegnastampa-totustuus.it\/cattolica\/wp-json\/wp\/v2\/comments?post=61390"}],"version-history":[{"count":1,"href":"https:\/\/www.rassegnastampa-totustuus.it\/cattolica\/wp-json\/wp\/v2\/posts\/61390\/revisions"}],"predecessor-version":[{"id":61392,"href":"https:\/\/www.rassegnastampa-totustuus.it\/cattolica\/wp-json\/wp\/v2\/posts\/61390\/revisions\/61392"}],"wp:attachment":[{"href":"https:\/\/www.rassegnastampa-totustuus.it\/cattolica\/wp-json\/wp\/v2\/media?parent=61390"}],"wp:term":[{"taxonomy":"category","embeddable":true,"href":"https:\/\/www.rassegnastampa-totustuus.it\/cattolica\/wp-json\/wp\/v2\/categories?post=61390"},{"taxonomy":"post_tag","embeddable":true,"href":"https:\/\/www.rassegnastampa-totustuus.it\/cattolica\/wp-json\/wp\/v2\/tags?post=61390"}],"curies":[{"name":"wp","href":"https:\/\/api.w.org\/{rel}","templated":true}]}}