{"id":6139,"date":"2014-03-08T18:23:53","date_gmt":"2014-03-08T17:23:53","guid":{"rendered":"http:\/\/www.rassegnastampa-totustuus.it\/cattolica\/?p=6139"},"modified":"2015-06-11T16:40:25","modified_gmt":"2015-06-11T14:40:25","slug":"il-lato-oscuro-del-sudafrica-di-nelson-mandela","status":"publish","type":"post","link":"https:\/\/www.rassegnastampa-totustuus.it\/cattolica\/il-lato-oscuro-del-sudafrica-di-nelson-mandela\/","title":{"rendered":"Il lato oscuro del Sudafrica di Nelson Mandela"},"content":{"rendered":"<p align=\"center\"><strong><a href=\"https:\/\/www.rassegnastampa-totustuus.it\/cattolica\/wp-content\/uploads\/2014\/03\/mandela.jpg\"><img loading=\"lazy\" decoding=\"async\" class=\" wp-image-6817 alignleft\" src=\"https:\/\/www.rassegnastampa-totustuus.it\/cattolica\/wp-content\/uploads\/2014\/03\/mandela.jpg\" alt=\"mandela\" width=\"200\" height=\"200\" srcset=\"https:\/\/www.rassegnastampa-totustuus.it\/cattolica\/wp-content\/uploads\/2014\/03\/mandela.jpg 225w, https:\/\/www.rassegnastampa-totustuus.it\/cattolica\/wp-content\/uploads\/2014\/03\/mandela-150x150.jpg 150w\" sizes=\"auto, (max-width: 200px) 100vw, 200px\" \/><\/a>Tempi,<\/strong> gennaio 31, 2014 Redazione<\/p>\n<p style=\"text-align: justify;\" align=\"center\"><em>Madiba ha avuto il merito storico di pilotare il paese attraverso un\u2019ardua fase di transizione, ma non tutto quel che ha fatto \u00e8 encomiabile. Un libro ne mette in evidenza gli errori<\/em><\/p>\n<p style=\"text-align: center;\" align=\"center\"><strong style=\"font-size: 12px;\">Redazione<\/strong><\/p>\n<p style=\"text-align: justify;\" align=\"center\">\u00abLa decolonizzazione fu solo l\u2019inizio dei problemi dell\u2019Africa lasciata a se stessa. Spuntarono come funghi movimenti \u201cdi liberazione\u201d marxisti, i cui leader avevano studiato nell\u2019Unione Sovietica, coadiuvati qua e l\u00e0 dalle truppe mercenarie che la Cuba castrista, sempre alla fame, metteva a disposizione di chi la manteneva. Cio\u00e8, l\u2019Urss.<\/p>\n<p style=\"text-align: justify;\" align=\"center\"><!--more--><\/p>\n<p style=\"text-align: justify;\" align=\"center\">Tra dittature comuniste e colpi di stato, guerriglie senza fine e contro-golpe, esodi biblici di profughi ed efferatezze e massacri, la \u201cdemocrazia\u201d africana si venne formando sulle uniche basi possibili, quelle etniche, cosa che permane ancora oggi. Fu cos\u00ec che con Mandela il pi\u00f9 prospero dei Paesi africani entr\u00f2 in un tunnel di lotte e destabilizzazione da cui \u00e8 faticosamente (e parzialmente) uscito solo in tempi recenti\u00bb.<\/p>\n<p style=\"text-align: justify;\" align=\"center\">Cos\u00ec scrive Rino Cammilleri, nella Prefazione all\u2019unico libro critico su Nelson Mandela (1918-2013) ed il \u201cnuovo Sudafrica\u201d, uscito dopo la morte del leader nero, il 5 dicembre scorso (cfr. R. Cammilleri, <em>C\u2019era una volta il Sudafrica<\/em>, in Giuseppe Brienza-Omar Ebrahime-Roberto Cavallo, <strong>Mandela, l\u2019apartheid e il nuovo Sudafrica. Ombre e luci su una storia ancora da scrivere<\/strong>, D\u2019Ettoris Editori, Crotone 2014, pp. 120, \u20ac 12,90).<\/p>\n<p style=\"text-align: justify;\" align=\"center\">In effetti, la Repubblica sudafricana, annoverata fra i Brics (Paesi emergenti in sviluppo come Brasile, Russia, India e Cina), e che da sola produce circa un terzo del PIL di tutto il continente africano, nei vent\u2019anni del post-apartheid \u00e8 divenuta uno dei primi Paesi al mondo per povert\u00e0 e criminalit\u00e0 diffusa, oltre che per numero di malati di AIDS.<\/p>\n<p style=\"text-align: justify;\" align=\"center\">Ne parla, dati UNAIDS, (l\u2019Agenzia dell\u2019ONU per la lotta all\u2019AIDS) alla mano, il libro \u201cMandela, l\u2019apartheid e il nuovo Sudafrica\u201d, che sar\u00e0 nelle librerie nei prossimi giorni. Infatti, in uno dei pi\u00f9 sconvolgenti capitoli, \u201cL\u2019Aids ed il Nuovo Sudafrica\u201d, si afferma: \u00abnonostante il Sudafrica abbia avuto a disposizione nei vent\u2019anni del post-apartheid, anche grazie a finanziamenti internazionali specificamente dedicati, risorse notevoli per combattere l\u2019AIDS, pari talvolta a quelli di altri Paesi occidentali, esso rimane a tutt\u2019oggi il primo al mondo per numero di malati affetti da tale terribile morbo. [\u2026] vivono infatti nel Paese di Mandela 6,1 milioni di persone affette da HIV\/AIDS, su una popolazione di poco pi\u00f9 di 51 milioni di abitanti. Ogni giorno in Sudafrica muoiono a causa dell\u2019AIDS circa 1000 persone, per un totale di 350.000 vittime l\u2019anno\u00bb.<\/p>\n<p style=\"text-align: justify;\" align=\"center\">Le periferie delle grandi citt\u00e0 sudafricane hanno ormai assunto le sembianze delle \u00abfavelas\u00bb del Sudamerica, nelle quali l\u2019assoluta mancanza d\u2019igiene falcidia ogni giorno centinaia di esseri umani. Il Sudafrica detiene poi il primo posto nella media statistica mondiale degli stupri e, scrivono gli autori del libro, non sono pochi gli aspetti che possono far parlare di un \u201cvolto oscuro\u201d del Paese costruito e lasciato in eredit\u00e0 da Mandela e dal suo partito, l\u2019African National Congress (ANC).<\/p>\n<p style=\"text-align: justify;\" align=\"center\">Si parte dalle implicazioni del leader nero con il comunismo nazionale ed internazionale (in particolare con il Lider m\u00e1ximo Fidel Castro), per finire con le controverse scelte della nuova Costituzione da lui promulgata come presidente della Repubblica nel 1996 (il Sudafrica \u00e8 l\u2019unico Paese africano ad avere il \u201cmatrimonio\u201d omosessuale).<\/p>\n<p style=\"text-align: justify;\" align=\"center\">A Mandela si deve naturalmente il merito storico di aver saputo pilotare il Sudafrica attraverso un\u2019ardua fase di transizione che avrebbe potuto essere anche peggiore di quella che si \u00e8 determinata ma, tale merito, egli lo deve comunque condividere con Frederik de Klerk, il leader del \u201cpartito bianco\u201d eletto nel 1989 sulla base di un programma di superamento della segregazione razziale che, nel febbraio 1990, liber\u00f2 Mandela dal carcere mettendolo cos\u00ec in grado di riassumere in modo incondizionato la guida dell\u2019ANC.<\/p>\n<p style=\"text-align: justify;\" align=\"center\">________________<\/p>\n<p style=\"text-align: justify;\" align=\"center\"><strong>Leggi anche:<\/strong><\/p>\n<p><a href=\"https:\/\/www.rassegnastampa-totustuus.it\/cattolica\/?p=7183\"><strong>C\u2019era una volta il Sudafrica<\/strong><\/a><\/p>\n<p><a href=\"https:\/\/www.rassegnastampa-totustuus.it\/cattolica\/?p=7510#more-7510 \"><strong>Le ombre di Mandela e del &#8220;nuovo Sudafrica&#8221;<\/strong><\/a><\/p>\n","protected":false},"excerpt":{"rendered":"<p>Tempi, gennaio 31, 2014 Redazione Madiba ha avuto il merito storico di pilotare il paese attraverso un\u2019ardua fase di transizione, ma non tutto quel che ha fatto \u00e8 encomiabile. Un libro ne mette in evidenza gli errori Redazione \u00abLa decolonizzazione fu solo l\u2019inizio dei problemi dell\u2019Africa lasciata a se stessa. Spuntarono come funghi movimenti \u201cdi &hellip; <\/p>\n<p><a class=\"more-link btn\" href=\"https:\/\/www.rassegnastampa-totustuus.it\/cattolica\/il-lato-oscuro-del-sudafrica-di-nelson-mandela\/\">Continua a leggere<\/a><\/p>\n","protected":false},"author":6,"featured_media":6817,"comment_status":"closed","ping_status":"open","sticky":false,"template":"","format":"standard","meta":{"footnotes":""},"categories":[39,17,18],"tags":[193,262],"class_list":["post-6139","post","type-post","status-publish","format-standard","has-post-thumbnail","hentry","category-africa","category-libri","category-personaggi","tag-mandela","tag-sud-africa","item-wrap"],"yoast_head":"<!-- This site is optimized with the Yoast SEO plugin v27.5 - https:\/\/yoast.com\/product\/yoast-seo-wordpress\/ -->\n<title>Il lato oscuro del Sudafrica di Nelson Mandela - Rassegna Stampa Cattolica<\/title>\n<meta name=\"description\" content=\"Rassegna Stampa Cattolica - Per una cultura che nasce dalla Rivelazione cristiana in conformit\u00e0 alla tradizione e al Magistero della Chiesa in opposizione ad ogni relativismo e totalitarismo\" \/>\n<meta name=\"robots\" content=\"index, follow, max-snippet:-1, max-image-preview:large, max-video-preview:-1\" \/>\n<link rel=\"canonical\" href=\"https:\/\/www.rassegnastampa-totustuus.it\/cattolica\/il-lato-oscuro-del-sudafrica-di-nelson-mandela\/\" \/>\n<meta property=\"og:locale\" content=\"it_IT\" \/>\n<meta property=\"og:type\" content=\"article\" \/>\n<meta property=\"og:title\" content=\"Il lato oscuro del Sudafrica di Nelson Mandela - Rassegna Stampa Cattolica\" \/>\n<meta property=\"og:description\" content=\"Rassegna Stampa Cattolica - Per una cultura che nasce dalla Rivelazione cristiana in conformit\u00e0 alla tradizione e al Magistero della Chiesa in opposizione ad ogni relativismo e totalitarismo\" \/>\n<meta property=\"og:url\" content=\"https:\/\/www.rassegnastampa-totustuus.it\/cattolica\/il-lato-oscuro-del-sudafrica-di-nelson-mandela\/\" \/>\n<meta property=\"og:site_name\" content=\"Rassegna Stampa Cattolica\" \/>\n<meta property=\"article:publisher\" content=\"https:\/\/www.facebook.com\/rassegnastampacattolica\" \/>\n<meta property=\"article:published_time\" content=\"2014-03-08T17:23:53+00:00\" \/>\n<meta property=\"article:modified_time\" content=\"2015-06-11T14:40:25+00:00\" \/>\n<meta property=\"og:image\" content=\"https:\/\/www.rassegnastampa-totustuus.it\/cattolica\/wp-content\/uploads\/2014\/03\/mandela.jpg\" \/>\n\t<meta property=\"og:image:width\" content=\"225\" \/>\n\t<meta property=\"og:image:height\" content=\"225\" \/>\n\t<meta property=\"og:image:type\" content=\"image\/jpeg\" \/>\n<meta name=\"author\" content=\"Redazione\" \/>\n<meta name=\"twitter:card\" content=\"summary_large_image\" \/>\n<meta name=\"twitter:creator\" content=\"@rassegnastampa9\" \/>\n<meta name=\"twitter:site\" content=\"@rassegnastampa9\" \/>\n<meta name=\"twitter:label1\" content=\"Scritto da\" \/>\n\t<meta name=\"twitter:data1\" content=\"Redazione\" \/>\n\t<meta name=\"twitter:label2\" content=\"Tempo di lettura stimato\" \/>\n\t<meta name=\"twitter:data2\" content=\"3 minuti\" \/>\n<script type=\"application\/ld+json\" class=\"yoast-schema-graph\">{\"@context\":\"https:\\\/\\\/schema.org\",\"@graph\":[{\"@type\":\"Article\",\"@id\":\"https:\\\/\\\/www.rassegnastampa-totustuus.it\\\/cattolica\\\/il-lato-oscuro-del-sudafrica-di-nelson-mandela\\\/#article\",\"isPartOf\":{\"@id\":\"https:\\\/\\\/www.rassegnastampa-totustuus.it\\\/cattolica\\\/il-lato-oscuro-del-sudafrica-di-nelson-mandela\\\/\"},\"author\":{\"name\":\"Redazione\",\"@id\":\"https:\\\/\\\/www.rassegnastampa-totustuus.it\\\/cattolica\\\/#\\\/schema\\\/person\\\/08f319d2bd1a0904ad9e2bfb7b15e5c3\"},\"headline\":\"Il lato oscuro del Sudafrica di Nelson Mandela\",\"datePublished\":\"2014-03-08T17:23:53+00:00\",\"dateModified\":\"2015-06-11T14:40:25+00:00\",\"mainEntityOfPage\":{\"@id\":\"https:\\\/\\\/www.rassegnastampa-totustuus.it\\\/cattolica\\\/il-lato-oscuro-del-sudafrica-di-nelson-mandela\\\/\"},\"wordCount\":648,\"publisher\":{\"@id\":\"https:\\\/\\\/www.rassegnastampa-totustuus.it\\\/cattolica\\\/#organization\"},\"image\":{\"@id\":\"https:\\\/\\\/www.rassegnastampa-totustuus.it\\\/cattolica\\\/il-lato-oscuro-del-sudafrica-di-nelson-mandela\\\/#primaryimage\"},\"thumbnailUrl\":\"https:\\\/\\\/www.rassegnastampa-totustuus.it\\\/cattolica\\\/wp-content\\\/uploads\\\/2014\\\/03\\\/mandela.jpg\",\"keywords\":[\"Mandela\",\"Sud Africa\"],\"articleSection\":[\"Africa\",\"Libri\",\"Personaggi\"],\"inLanguage\":\"it-IT\"},{\"@type\":\"WebPage\",\"@id\":\"https:\\\/\\\/www.rassegnastampa-totustuus.it\\\/cattolica\\\/il-lato-oscuro-del-sudafrica-di-nelson-mandela\\\/\",\"url\":\"https:\\\/\\\/www.rassegnastampa-totustuus.it\\\/cattolica\\\/il-lato-oscuro-del-sudafrica-di-nelson-mandela\\\/\",\"name\":\"Il lato oscuro del Sudafrica di Nelson Mandela - Rassegna Stampa Cattolica\",\"isPartOf\":{\"@id\":\"https:\\\/\\\/www.rassegnastampa-totustuus.it\\\/cattolica\\\/#website\"},\"primaryImageOfPage\":{\"@id\":\"https:\\\/\\\/www.rassegnastampa-totustuus.it\\\/cattolica\\\/il-lato-oscuro-del-sudafrica-di-nelson-mandela\\\/#primaryimage\"},\"image\":{\"@id\":\"https:\\\/\\\/www.rassegnastampa-totustuus.it\\\/cattolica\\\/il-lato-oscuro-del-sudafrica-di-nelson-mandela\\\/#primaryimage\"},\"thumbnailUrl\":\"https:\\\/\\\/www.rassegnastampa-totustuus.it\\\/cattolica\\\/wp-content\\\/uploads\\\/2014\\\/03\\\/mandela.jpg\",\"datePublished\":\"2014-03-08T17:23:53+00:00\",\"dateModified\":\"2015-06-11T14:40:25+00:00\",\"description\":\"Rassegna Stampa Cattolica - Per una cultura che nasce dalla Rivelazione cristiana in conformit\u00e0 alla tradizione e al Magistero della Chiesa in opposizione ad ogni relativismo e totalitarismo\",\"breadcrumb\":{\"@id\":\"https:\\\/\\\/www.rassegnastampa-totustuus.it\\\/cattolica\\\/il-lato-oscuro-del-sudafrica-di-nelson-mandela\\\/#breadcrumb\"},\"inLanguage\":\"it-IT\",\"potentialAction\":[{\"@type\":\"ReadAction\",\"target\":[\"https:\\\/\\\/www.rassegnastampa-totustuus.it\\\/cattolica\\\/il-lato-oscuro-del-sudafrica-di-nelson-mandela\\\/\"]}]},{\"@type\":\"ImageObject\",\"inLanguage\":\"it-IT\",\"@id\":\"https:\\\/\\\/www.rassegnastampa-totustuus.it\\\/cattolica\\\/il-lato-oscuro-del-sudafrica-di-nelson-mandela\\\/#primaryimage\",\"url\":\"https:\\\/\\\/www.rassegnastampa-totustuus.it\\\/cattolica\\\/wp-content\\\/uploads\\\/2014\\\/03\\\/mandela.jpg\",\"contentUrl\":\"https:\\\/\\\/www.rassegnastampa-totustuus.it\\\/cattolica\\\/wp-content\\\/uploads\\\/2014\\\/03\\\/mandela.jpg\",\"width\":225,\"height\":225},{\"@type\":\"BreadcrumbList\",\"@id\":\"https:\\\/\\\/www.rassegnastampa-totustuus.it\\\/cattolica\\\/il-lato-oscuro-del-sudafrica-di-nelson-mandela\\\/#breadcrumb\",\"itemListElement\":[{\"@type\":\"ListItem\",\"position\":1,\"name\":\"Home\",\"item\":\"https:\\\/\\\/www.rassegnastampa-totustuus.it\\\/cattolica\\\/\"},{\"@type\":\"ListItem\",\"position\":2,\"name\":\"Il lato oscuro del Sudafrica di Nelson Mandela\"}]},{\"@type\":\"WebSite\",\"@id\":\"https:\\\/\\\/www.rassegnastampa-totustuus.it\\\/cattolica\\\/#website\",\"url\":\"https:\\\/\\\/www.rassegnastampa-totustuus.it\\\/cattolica\\\/\",\"name\":\"Rassegna Stampa Cattolica\",\"description\":\"Per una cultura che nasce dalla Rivelazione cristiana in conformit\u00e0 alla tradizione e al Magistero della Chiesa in opposizione ad ogni relativismo e totalitarismo\",\"publisher\":{\"@id\":\"https:\\\/\\\/www.rassegnastampa-totustuus.it\\\/cattolica\\\/#organization\"},\"alternateName\":\"Rass. Cattolica\",\"potentialAction\":[{\"@type\":\"SearchAction\",\"target\":{\"@type\":\"EntryPoint\",\"urlTemplate\":\"https:\\\/\\\/www.rassegnastampa-totustuus.it\\\/cattolica\\\/?s={search_term_string}\"},\"query-input\":{\"@type\":\"PropertyValueSpecification\",\"valueRequired\":true,\"valueName\":\"search_term_string\"}}],\"inLanguage\":\"it-IT\"},{\"@type\":\"Organization\",\"@id\":\"https:\\\/\\\/www.rassegnastampa-totustuus.it\\\/cattolica\\\/#organization\",\"name\":\"Rassegna Stampa Cattolica\",\"url\":\"https:\\\/\\\/www.rassegnastampa-totustuus.it\\\/cattolica\\\/\",\"logo\":{\"@type\":\"ImageObject\",\"inLanguage\":\"it-IT\",\"@id\":\"https:\\\/\\\/www.rassegnastampa-totustuus.it\\\/cattolica\\\/#\\\/schema\\\/logo\\\/image\\\/\",\"url\":\"https:\\\/\\\/www.rassegnastampa-totustuus.it\\\/cattolica\\\/wp-content\\\/uploads\\\/2014\\\/04\\\/logo-rassegna1.gif\",\"contentUrl\":\"https:\\\/\\\/www.rassegnastampa-totustuus.it\\\/cattolica\\\/wp-content\\\/uploads\\\/2014\\\/04\\\/logo-rassegna1.gif\",\"width\":600,\"height\":163,\"caption\":\"Rassegna Stampa Cattolica\"},\"image\":{\"@id\":\"https:\\\/\\\/www.rassegnastampa-totustuus.it\\\/cattolica\\\/#\\\/schema\\\/logo\\\/image\\\/\"},\"sameAs\":[\"https:\\\/\\\/www.facebook.com\\\/rassegnastampacattolica\",\"https:\\\/\\\/x.com\\\/rassegnastampa9\"]},{\"@type\":\"Person\",\"@id\":\"https:\\\/\\\/www.rassegnastampa-totustuus.it\\\/cattolica\\\/#\\\/schema\\\/person\\\/08f319d2bd1a0904ad9e2bfb7b15e5c3\",\"name\":\"Redazione\",\"image\":{\"@type\":\"ImageObject\",\"inLanguage\":\"it-IT\",\"@id\":\"https:\\\/\\\/secure.gravatar.com\\\/avatar\\\/2fcdf27c78ea025fbdb44e914cc63c72249ffec9dc8aafd5c82b26240ef3f346?s=96&d=mm&r=g\",\"url\":\"https:\\\/\\\/secure.gravatar.com\\\/avatar\\\/2fcdf27c78ea025fbdb44e914cc63c72249ffec9dc8aafd5c82b26240ef3f346?s=96&d=mm&r=g\",\"contentUrl\":\"https:\\\/\\\/secure.gravatar.com\\\/avatar\\\/2fcdf27c78ea025fbdb44e914cc63c72249ffec9dc8aafd5c82b26240ef3f346?s=96&d=mm&r=g\",\"caption\":\"Redazione\"},\"url\":\"https:\\\/\\\/www.rassegnastampa-totustuus.it\\\/cattolica\\\/author\\\/pietroelle\\\/\"}]}<\/script>\n<!-- \/ Yoast SEO plugin. -->","yoast_head_json":{"title":"Il lato oscuro del Sudafrica di Nelson Mandela - Rassegna Stampa Cattolica","description":"Rassegna Stampa Cattolica - Per una cultura che nasce dalla Rivelazione cristiana in conformit\u00e0 alla tradizione e al Magistero della Chiesa in opposizione ad ogni relativismo e totalitarismo","robots":{"index":"index","follow":"follow","max-snippet":"max-snippet:-1","max-image-preview":"max-image-preview:large","max-video-preview":"max-video-preview:-1"},"canonical":"https:\/\/www.rassegnastampa-totustuus.it\/cattolica\/il-lato-oscuro-del-sudafrica-di-nelson-mandela\/","og_locale":"it_IT","og_type":"article","og_title":"Il lato oscuro del Sudafrica di Nelson Mandela - Rassegna Stampa Cattolica","og_description":"Rassegna Stampa Cattolica - Per una cultura che nasce dalla Rivelazione cristiana in conformit\u00e0 alla tradizione e al Magistero della Chiesa in opposizione ad ogni relativismo e totalitarismo","og_url":"https:\/\/www.rassegnastampa-totustuus.it\/cattolica\/il-lato-oscuro-del-sudafrica-di-nelson-mandela\/","og_site_name":"Rassegna Stampa Cattolica","article_publisher":"https:\/\/www.facebook.com\/rassegnastampacattolica","article_published_time":"2014-03-08T17:23:53+00:00","article_modified_time":"2015-06-11T14:40:25+00:00","og_image":[{"width":225,"height":225,"url":"https:\/\/www.rassegnastampa-totustuus.it\/cattolica\/wp-content\/uploads\/2014\/03\/mandela.jpg","type":"image\/jpeg"}],"author":"Redazione","twitter_card":"summary_large_image","twitter_creator":"@rassegnastampa9","twitter_site":"@rassegnastampa9","twitter_misc":{"Scritto da":"Redazione","Tempo di lettura stimato":"3 minuti"},"schema":{"@context":"https:\/\/schema.org","@graph":[{"@type":"Article","@id":"https:\/\/www.rassegnastampa-totustuus.it\/cattolica\/il-lato-oscuro-del-sudafrica-di-nelson-mandela\/#article","isPartOf":{"@id":"https:\/\/www.rassegnastampa-totustuus.it\/cattolica\/il-lato-oscuro-del-sudafrica-di-nelson-mandela\/"},"author":{"name":"Redazione","@id":"https:\/\/www.rassegnastampa-totustuus.it\/cattolica\/#\/schema\/person\/08f319d2bd1a0904ad9e2bfb7b15e5c3"},"headline":"Il lato oscuro del Sudafrica di Nelson Mandela","datePublished":"2014-03-08T17:23:53+00:00","dateModified":"2015-06-11T14:40:25+00:00","mainEntityOfPage":{"@id":"https:\/\/www.rassegnastampa-totustuus.it\/cattolica\/il-lato-oscuro-del-sudafrica-di-nelson-mandela\/"},"wordCount":648,"publisher":{"@id":"https:\/\/www.rassegnastampa-totustuus.it\/cattolica\/#organization"},"image":{"@id":"https:\/\/www.rassegnastampa-totustuus.it\/cattolica\/il-lato-oscuro-del-sudafrica-di-nelson-mandela\/#primaryimage"},"thumbnailUrl":"https:\/\/www.rassegnastampa-totustuus.it\/cattolica\/wp-content\/uploads\/2014\/03\/mandela.jpg","keywords":["Mandela","Sud Africa"],"articleSection":["Africa","Libri","Personaggi"],"inLanguage":"it-IT"},{"@type":"WebPage","@id":"https:\/\/www.rassegnastampa-totustuus.it\/cattolica\/il-lato-oscuro-del-sudafrica-di-nelson-mandela\/","url":"https:\/\/www.rassegnastampa-totustuus.it\/cattolica\/il-lato-oscuro-del-sudafrica-di-nelson-mandela\/","name":"Il lato oscuro del Sudafrica di Nelson Mandela - Rassegna Stampa Cattolica","isPartOf":{"@id":"https:\/\/www.rassegnastampa-totustuus.it\/cattolica\/#website"},"primaryImageOfPage":{"@id":"https:\/\/www.rassegnastampa-totustuus.it\/cattolica\/il-lato-oscuro-del-sudafrica-di-nelson-mandela\/#primaryimage"},"image":{"@id":"https:\/\/www.rassegnastampa-totustuus.it\/cattolica\/il-lato-oscuro-del-sudafrica-di-nelson-mandela\/#primaryimage"},"thumbnailUrl":"https:\/\/www.rassegnastampa-totustuus.it\/cattolica\/wp-content\/uploads\/2014\/03\/mandela.jpg","datePublished":"2014-03-08T17:23:53+00:00","dateModified":"2015-06-11T14:40:25+00:00","description":"Rassegna Stampa Cattolica - Per una cultura che nasce dalla Rivelazione cristiana in conformit\u00e0 alla tradizione e al Magistero della Chiesa in opposizione ad ogni relativismo e totalitarismo","breadcrumb":{"@id":"https:\/\/www.rassegnastampa-totustuus.it\/cattolica\/il-lato-oscuro-del-sudafrica-di-nelson-mandela\/#breadcrumb"},"inLanguage":"it-IT","potentialAction":[{"@type":"ReadAction","target":["https:\/\/www.rassegnastampa-totustuus.it\/cattolica\/il-lato-oscuro-del-sudafrica-di-nelson-mandela\/"]}]},{"@type":"ImageObject","inLanguage":"it-IT","@id":"https:\/\/www.rassegnastampa-totustuus.it\/cattolica\/il-lato-oscuro-del-sudafrica-di-nelson-mandela\/#primaryimage","url":"https:\/\/www.rassegnastampa-totustuus.it\/cattolica\/wp-content\/uploads\/2014\/03\/mandela.jpg","contentUrl":"https:\/\/www.rassegnastampa-totustuus.it\/cattolica\/wp-content\/uploads\/2014\/03\/mandela.jpg","width":225,"height":225},{"@type":"BreadcrumbList","@id":"https:\/\/www.rassegnastampa-totustuus.it\/cattolica\/il-lato-oscuro-del-sudafrica-di-nelson-mandela\/#breadcrumb","itemListElement":[{"@type":"ListItem","position":1,"name":"Home","item":"https:\/\/www.rassegnastampa-totustuus.it\/cattolica\/"},{"@type":"ListItem","position":2,"name":"Il lato oscuro del Sudafrica di Nelson Mandela"}]},{"@type":"WebSite","@id":"https:\/\/www.rassegnastampa-totustuus.it\/cattolica\/#website","url":"https:\/\/www.rassegnastampa-totustuus.it\/cattolica\/","name":"Rassegna Stampa Cattolica","description":"Per una cultura che nasce dalla Rivelazione cristiana in conformit\u00e0 alla tradizione e al Magistero della Chiesa in opposizione ad ogni relativismo e totalitarismo","publisher":{"@id":"https:\/\/www.rassegnastampa-totustuus.it\/cattolica\/#organization"},"alternateName":"Rass. Cattolica","potentialAction":[{"@type":"SearchAction","target":{"@type":"EntryPoint","urlTemplate":"https:\/\/www.rassegnastampa-totustuus.it\/cattolica\/?s={search_term_string}"},"query-input":{"@type":"PropertyValueSpecification","valueRequired":true,"valueName":"search_term_string"}}],"inLanguage":"it-IT"},{"@type":"Organization","@id":"https:\/\/www.rassegnastampa-totustuus.it\/cattolica\/#organization","name":"Rassegna Stampa Cattolica","url":"https:\/\/www.rassegnastampa-totustuus.it\/cattolica\/","logo":{"@type":"ImageObject","inLanguage":"it-IT","@id":"https:\/\/www.rassegnastampa-totustuus.it\/cattolica\/#\/schema\/logo\/image\/","url":"https:\/\/www.rassegnastampa-totustuus.it\/cattolica\/wp-content\/uploads\/2014\/04\/logo-rassegna1.gif","contentUrl":"https:\/\/www.rassegnastampa-totustuus.it\/cattolica\/wp-content\/uploads\/2014\/04\/logo-rassegna1.gif","width":600,"height":163,"caption":"Rassegna Stampa Cattolica"},"image":{"@id":"https:\/\/www.rassegnastampa-totustuus.it\/cattolica\/#\/schema\/logo\/image\/"},"sameAs":["https:\/\/www.facebook.com\/rassegnastampacattolica","https:\/\/x.com\/rassegnastampa9"]},{"@type":"Person","@id":"https:\/\/www.rassegnastampa-totustuus.it\/cattolica\/#\/schema\/person\/08f319d2bd1a0904ad9e2bfb7b15e5c3","name":"Redazione","image":{"@type":"ImageObject","inLanguage":"it-IT","@id":"https:\/\/secure.gravatar.com\/avatar\/2fcdf27c78ea025fbdb44e914cc63c72249ffec9dc8aafd5c82b26240ef3f346?s=96&d=mm&r=g","url":"https:\/\/secure.gravatar.com\/avatar\/2fcdf27c78ea025fbdb44e914cc63c72249ffec9dc8aafd5c82b26240ef3f346?s=96&d=mm&r=g","contentUrl":"https:\/\/secure.gravatar.com\/avatar\/2fcdf27c78ea025fbdb44e914cc63c72249ffec9dc8aafd5c82b26240ef3f346?s=96&d=mm&r=g","caption":"Redazione"},"url":"https:\/\/www.rassegnastampa-totustuus.it\/cattolica\/author\/pietroelle\/"}]}},"_links":{"self":[{"href":"https:\/\/www.rassegnastampa-totustuus.it\/cattolica\/wp-json\/wp\/v2\/posts\/6139","targetHints":{"allow":["GET"]}}],"collection":[{"href":"https:\/\/www.rassegnastampa-totustuus.it\/cattolica\/wp-json\/wp\/v2\/posts"}],"about":[{"href":"https:\/\/www.rassegnastampa-totustuus.it\/cattolica\/wp-json\/wp\/v2\/types\/post"}],"author":[{"embeddable":true,"href":"https:\/\/www.rassegnastampa-totustuus.it\/cattolica\/wp-json\/wp\/v2\/users\/6"}],"replies":[{"embeddable":true,"href":"https:\/\/www.rassegnastampa-totustuus.it\/cattolica\/wp-json\/wp\/v2\/comments?post=6139"}],"version-history":[{"count":6,"href":"https:\/\/www.rassegnastampa-totustuus.it\/cattolica\/wp-json\/wp\/v2\/posts\/6139\/revisions"}],"predecessor-version":[{"id":26136,"href":"https:\/\/www.rassegnastampa-totustuus.it\/cattolica\/wp-json\/wp\/v2\/posts\/6139\/revisions\/26136"}],"wp:featuredmedia":[{"embeddable":true,"href":"https:\/\/www.rassegnastampa-totustuus.it\/cattolica\/wp-json\/wp\/v2\/media\/6817"}],"wp:attachment":[{"href":"https:\/\/www.rassegnastampa-totustuus.it\/cattolica\/wp-json\/wp\/v2\/media?parent=6139"}],"wp:term":[{"taxonomy":"category","embeddable":true,"href":"https:\/\/www.rassegnastampa-totustuus.it\/cattolica\/wp-json\/wp\/v2\/categories?post=6139"},{"taxonomy":"post_tag","embeddable":true,"href":"https:\/\/www.rassegnastampa-totustuus.it\/cattolica\/wp-json\/wp\/v2\/tags?post=6139"}],"curies":[{"name":"wp","href":"https:\/\/api.w.org\/{rel}","templated":true}]}}