{"id":61347,"date":"2024-10-01T11:43:31","date_gmt":"2024-10-01T09:43:31","guid":{"rendered":"https:\/\/www.rassegnastampa-totustuus.it\/cattolica\/?p=61347"},"modified":"2024-10-01T11:43:33","modified_gmt":"2024-10-01T09:43:33","slug":"i-baby-trans-non-esistono-parola-di-femministe","status":"publish","type":"post","link":"https:\/\/www.rassegnastampa-totustuus.it\/cattolica\/i-baby-trans-non-esistono-parola-di-femministe\/","title":{"rendered":"I baby trans non esistono, parola di femministe"},"content":{"rendered":"<p style=\"text-align: justify;\"><strong><img loading=\"lazy\" decoding=\"async\" class=\"size-full wp-image-54528 alignleft\" src=\"https:\/\/www.rassegnastampa-totustuus.it\/cattolica\/wp-content\/uploads\/2022\/09\/gender_drag_queen_Lgbt.jpg\" alt=\"\" width=\"247\" height=\"204\" \/>Abstract: <\/strong><em>I baby trans non esistono, parola di femministe. Radfem Italia e la rete per l&#8217;inviolabilit\u00e0 del corpo femminile hanno emesso un comunicato molto duro al riguardo. \u00abI bambini trans e gender creative non esistono\u00bb affermano. \u00abI bambini devono essere lasciati liberi di esplorare la propria sessualit\u00e0 e gli adulti non devono in alcun modo interferire. Tra le animatrici di questa iniziativa critica nei confronti dell\u2019ateneo romano c\u2019\u00e8 ovviamente Marina Terragni, tra le pi\u00f9 coraggiose attiviste europee, che nell&#8217;articolo spiega come gli adulti non debbano entrare\u00a0 in un territorio che, in realt\u00e0, dovrebbe essere loro\u00a0 precluso , cio\u00e8 quello della definizione di s\u00e9, del proprio orientamento.<\/em><\/p>\n<p><!--more--><\/p>\n<p style=\"text-align: center;\"><strong>La Verit\u00e0<\/strong> Gioved\u00ec 26 Settembre 2024<\/p>\n<h3 style=\"text-align: center;\">\u00abI baby trans non esistono. Gli adulti la smettano di influenzare i pi\u00f9 piccoli\u00bb<\/h3>\n<p style=\"text-align: justify;\"><em>La nota femminista \u00abPrima della pubert\u00e0 non si pu\u00f2 avere pienamente coscienza di s\u00e9, ma gli arrivisti si intrufolano\u00a0 pure nella vita dei bambini di cinque anni\u00bb<\/em><\/p>\n<p style=\"text-align: center;\">di <strong>Francesco Borgonovo<\/strong><\/p>\n<p style=\"text-align: justify;\"><img loading=\"lazy\" decoding=\"async\" class=\"size-full wp-image-61349 alignright\" src=\"https:\/\/www.rassegnastampa-totustuus.it\/cattolica\/wp-content\/uploads\/2024\/10\/gender_Roma_universita.jpg\" alt=\"\" width=\"474\" height=\"222\" \/>Il prossimo primo novembre in Germania entrer\u00e0 in vigore la nuova \u00ablegge trans\u00bb. Si tratta di una norma che permetter\u00e0 agli adulti di cambiare nome e genere legale negli uffici anagrafici senza bisogno di sottoporsi a un percorso medico di cambiamento di sesso. Nei fatti diverr\u00e0 possibile autodeterminarsi: ciascuno decider\u00e0 se essere maschio o femmina a piacimento, e le istituzioni saranno obbligate a riconoscerlo. In buona sostanza, per cambiare sesso formalmente baster\u00e0 avvisare l&#8217;ufficio competente tre mesi prima di procedere alla modifica. Detto, fatto. Per protestare contro questa legge movimenti femministi di tutta Europa il primo novembre saranno davanti alle ambasciate e ai consolati tedeschi e grideranno il loro dissenso. Ci saranno anche iniziative italiane, alcune organizzate dalle militanti di Radfem che si battono da anni contro la deriva dell&#8217;ideologia trans e che ieri sono rimaste allibite leggendo del seminario per \u00abbambin* trans\u00bb organizzato all&#8217;universit\u00e0 di Roma Tre.<\/p>\n<p style=\"text-align: justify;\">Radfem Italia e la rete per l&#8217;inviolabilit\u00e0 del corpo femminile hanno emesso un comunicato molto duro al riguardo. \u00abI bambini trans e gender creative non esistono\u00bb affermano. \u00abI bambini devono essere lasciati liberi di esplorare la propria sessualit\u00e0 e gli adulti non devono in alcun modo interferire. Si tratta di un&#8217;iniziativa che mette a rischio la salute psichica e fisica dei bambini esponendoli a teorie prive di basi scientifiche che potrebbero portarli su un percorso di medicalizzazione a vita. La nostra universit\u00e0 dovrebbe battersi contro gli stereotipi e non avallare tesi per cui se giochi con le bambole e ti piace il rosa sei nato nel corpo sbagliato. A cinque anni poi\u00bb. Tra le animatrici di questa iniziativa critica nei confronti dell\u2019ateneo romano c\u2019\u00e8 ovviamente Marina Terragni, tra le pi\u00f9 coraggiose attiviste europee.<\/p>\n<h4 style=\"text-align: justify;\"><strong>Il vostro comunicato \u00e8 molto ruvido. Che cosa non va gi\u00f9 di questo seminario messo in piedi dall\u2019universit\u00e0 di Roma Tre?<\/strong><\/h4>\n<div id=\"attachment_61350\" style=\"width: 216px\" class=\"wp-caption alignleft\"><img loading=\"lazy\" decoding=\"async\" aria-describedby=\"caption-attachment-61350\" class=\"wp-image-61350\" src=\"https:\/\/www.rassegnastampa-totustuus.it\/cattolica\/wp-content\/uploads\/2024\/10\/femminismo_Marina_terragni.jpg\" alt=\"\" width=\"216\" height=\"187\" \/><p id=\"caption-attachment-61350\" class=\"wp-caption-text\">Marina Terragni<\/p><\/div>\n<p style=\"text-align: justify;\">\u00abCome Radfem abbiamo preso posizione coerentemente con le nostre posizioni. Il problema \u00e8 che ci si impiccia della vita dei bambini, compresa la vita sessuale \u2013 perch\u00e9 i bambini hanno una loro vita sessuale, diciamo cos\u00ec, esplorativa \u2013 sulla base di non so quali segnali\u2026\u00bb<\/p>\n<h4 style=\"text-align: justify;\"><strong>Segnali che mostrerebbero che questi bambini siano \u00abnati nel corpo sbagliato\u00bb, come si usa dire.<\/strong><\/h4>\n<p style=\"text-align: justify;\">\u00abRicordo che si sta parlando di bambini molto piccoli, anche di cinque anni. Ci sarebbero segnali del fatto che\u00a0 questi bambini siano trans, andando di fatto a patologgizzare dei comportamenti che hanno tutti i bambini e tutte le bambine\u00bb<\/p>\n<h4 style=\"text-align: justify;\"><strong>Quali comportamenti di preciso?<\/strong><\/h4>\n<p style=\"text-align: justify;\">\u00abVi faccio un esempio molto banale. Nel momento in cui vedo mio figlio che si infila le mie scarpe col tacco, se lo voglio definire come transgender a 5 anni sto problematizzando e patologizzando un comportamento che in realt\u00e0 \u00e8 assolutamente ordinario\u00bb.<\/p>\n<h4 style=\"text-align: justify;\"><strong>Gli attivisti trans e i presunti esperti sostengono che gli adulti non dovrebbero impedire ai figli di esprimere la loro vera natura, diciamo cos\u00ec. Quindi non dovrebbero interferire.<\/strong><\/h4>\n<p style=\"text-align: justify;\">\u00abLa dottoressa Michele Mariotto che tiene questi corsi sui bambini trans tuona contro l\u2019adultismo. Sostiene cio\u00e8 che i genitori e gli educatori non dovrebbero interferire con la libera identit\u00e0 di genere di questi bambini. A me pare invece adultismo il suo e di quelli come lei\u00bb<\/p>\n<h4 style=\"text-align: justify;\"><strong>In che senso?<\/strong><\/h4>\n<p style=\"text-align: justify;\"><img loading=\"lazy\" decoding=\"async\" class=\" wp-image-54524 alignright\" src=\"https:\/\/www.rassegnastampa-totustuus.it\/cattolica\/wp-content\/uploads\/2022\/07\/gender_drag_queen_Lgbt.jpg\" alt=\"\" width=\"333\" height=\"221\" \/>\u00abQui abbiamo degli adulti che entrano in un territorio che, in realt\u00e0, dovrebbe essere precluso al mondo adulto, cio\u00e8 quello della definizione di s\u00e9, del proprio orientamento. Che deve manifestarsi libero dallo sguardo degli adulti, come \u00e8 sempre stato\u00bb.<\/p>\n<h4 style=\"text-align: justify;\"><strong>Insomma in questo caso sono gli adulti che pensano di vedere certi segnali e indirizzano i bambini su una strada precisa. Ma dunque esistono questi bambini trans oppure no?<\/strong><\/h4>\n<p style=\"text-align: justify;\">\u00abAssolutamente no. La definizione di trans non pu\u00f2 arrivare se non quando la persona ha preso pienamente coscienza di s\u00e9, il che non pu\u00f2 avvenire prima della pubert\u00e0\u00bb.<\/p>\n<h4 style=\"text-align: justify;\"><strong>Chiaro. Che cosa vi aspettate adesso dalle istituzioni riguardo al seminario di Roma?<\/strong><\/h4>\n<p style=\"text-align: justify;\">\u00abNon so bene che cosa possiamo aspettarci, perch\u00e9 in realt\u00e0 ogni universit\u00e0 ha la sua autonomia. L\u00ec c\u2019\u00e8 stato un bando che \u00e8 stato vinto dall\u2019ateneo. Bene ha fatto ad attenzionarlo la ministra Bernini, ma non so francamente se abbia l\u2019autorit\u00e0 di bloccare questo evento che verosimilmente si potrebbe tenere. Cos\u00ec come si tiene a Girona, in Spagna, un Erasmus che ti insegna a diventare drag queen, naturalmente a spese dei contribuenti europei. Poi c\u2019\u00e8 una scuola per drag queen a Torino, frequentata anche da ragazzini, per\u00f2 questa grazie a Dio \u00e8 privata, almeno non sono soldi pubblici\u00bb.<\/p>\n<h4 style=\"text-align: justify;\"><strong>L\u2019aspetto interessante della faccenda \u00e8 che altrove, ad esempio nel Regno Unito, anche i governi di sinistra hanno fatto passi indietro clamorosi sui temi gender, rendendosi conto che negli anni si \u00e8 andati troppo oltre e si sono creati problemi ai ragazzi invece di aiutarli.<\/strong><\/h4>\n<p style=\"text-align: justify;\">\u00abSi, infatti vorrei dire alla dottoressa Mariotto che il suo modo di muoversi \u00e8 tipico dei provinciali\u00bb.<\/p>\n<h4 style=\"text-align: justify;\"><strong>Perch\u00e9?<\/strong><\/h4>\n<p style=\"text-align: justify;\">\u00abLe spiego. La dottoressa probabilmente si \u00e8\u00a0 costruita una professionalit\u00e0 su questo e deve spenderla, capisco bene. Ma questi professionisti dovranno riciclarsi e riconvertirsi, perch\u00e9 non solo nel Regno Unito, ma anche negli Stati Uniti stiamo vedendo un cambio di marcia netto. Perfino Kamala Harris \u00e8 stata costretta a fare evidentissimi passi indietro rispetto alla cultura woke per non perdere le presidenziali. Il vento \u00e8 cambiato in molte parte del mondo, ma qui invece soffia impetuoso proprio per ragioni di provincialismo\u00bb<\/p>\n\n\n<p><\/p>\n","protected":false},"excerpt":{"rendered":"<p>Abstract: I baby trans non esistono, parola di femministe. Radfem Italia e la rete per l&#8217;inviolabilit\u00e0 del corpo femminile hanno emesso un comunicato molto duro al riguardo. \u00abI bambini trans e gender creative non esistono\u00bb affermano. \u00abI bambini devono essere lasciati liberi di esplorare la propria sessualit\u00e0 e gli adulti non devono in alcun modo &hellip; <\/p>\n<p><a class=\"more-link btn\" href=\"https:\/\/www.rassegnastampa-totustuus.it\/cattolica\/i-baby-trans-non-esistono-parola-di-femministe\/\">Continua a leggere<\/a><\/p>\n","protected":false},"author":6,"featured_media":51508,"comment_status":"closed","ping_status":"closed","sticky":false,"template":"","format":"standard","meta":{"footnotes":""},"categories":[125],"tags":[1612,255,437,2279],"class_list":["post-61347","post","type-post","status-publish","format-standard","has-post-thumbnail","hentry","category-ideologia-del-gender","tag-bambini","tag-femminismo","tag-ideologia-del-gender-2","tag-transgender","item-wrap"],"yoast_head":"<!-- This site is optimized with the Yoast SEO plugin v27.4 - https:\/\/yoast.com\/product\/yoast-seo-wordpress\/ -->\n<title>I baby trans non esistono, parola di femministe - Rassegna Stampa Cattolica<\/title>\n<meta name=\"description\" content=\"RI baby trans non esistono, parola di femministe. \u00abPrima della pubert\u00e0 non si pu\u00f2 avere pienamente coscienza di s\u00e9\u00bb\" \/>\n<meta name=\"robots\" content=\"index, follow, max-snippet:-1, max-image-preview:large, max-video-preview:-1\" \/>\n<link rel=\"canonical\" href=\"https:\/\/www.rassegnastampa-totustuus.it\/cattolica\/i-baby-trans-non-esistono-parola-di-femministe\/\" \/>\n<meta property=\"og:locale\" content=\"it_IT\" \/>\n<meta property=\"og:type\" content=\"article\" \/>\n<meta property=\"og:title\" content=\"I baby trans non esistono, parola di femministe - Rassegna Stampa Cattolica\" \/>\n<meta property=\"og:description\" content=\"RI baby trans non esistono, parola di femministe. \u00abPrima della pubert\u00e0 non si pu\u00f2 avere pienamente coscienza di s\u00e9\u00bb\" \/>\n<meta property=\"og:url\" content=\"https:\/\/www.rassegnastampa-totustuus.it\/cattolica\/i-baby-trans-non-esistono-parola-di-femministe\/\" \/>\n<meta property=\"og:site_name\" content=\"Rassegna Stampa Cattolica\" \/>\n<meta property=\"article:publisher\" content=\"https:\/\/www.facebook.com\/rassegnastampacattolica\" \/>\n<meta property=\"article:published_time\" content=\"2024-10-01T09:43:31+00:00\" \/>\n<meta property=\"article:modified_time\" content=\"2024-10-01T09:43:33+00:00\" \/>\n<meta property=\"og:image\" content=\"https:\/\/www.rassegnastampa-totustuus.it\/cattolica\/wp-content\/uploads\/2021\/06\/bambini_gender.jpg\" \/>\n\t<meta property=\"og:image:width\" content=\"500\" \/>\n\t<meta property=\"og:image:height\" content=\"333\" \/>\n\t<meta property=\"og:image:type\" content=\"image\/jpeg\" \/>\n<meta name=\"author\" content=\"Redazione\" \/>\n<meta name=\"twitter:card\" content=\"summary_large_image\" \/>\n<meta name=\"twitter:creator\" content=\"@rassegnastampa9\" \/>\n<meta name=\"twitter:site\" content=\"@rassegnastampa9\" \/>\n<meta name=\"twitter:label1\" content=\"Scritto da\" \/>\n\t<meta name=\"twitter:data1\" content=\"Redazione\" \/>\n\t<meta name=\"twitter:label2\" content=\"Tempo di lettura stimato\" \/>\n\t<meta name=\"twitter:data2\" content=\"7 minuti\" \/>\n<script type=\"application\/ld+json\" class=\"yoast-schema-graph\">{\"@context\":\"https:\\\/\\\/schema.org\",\"@graph\":[{\"@type\":\"Article\",\"@id\":\"https:\\\/\\\/www.rassegnastampa-totustuus.it\\\/cattolica\\\/i-baby-trans-non-esistono-parola-di-femministe\\\/#article\",\"isPartOf\":{\"@id\":\"https:\\\/\\\/www.rassegnastampa-totustuus.it\\\/cattolica\\\/i-baby-trans-non-esistono-parola-di-femministe\\\/\"},\"author\":{\"name\":\"Redazione\",\"@id\":\"https:\\\/\\\/www.rassegnastampa-totustuus.it\\\/cattolica\\\/#\\\/schema\\\/person\\\/08f319d2bd1a0904ad9e2bfb7b15e5c3\"},\"headline\":\"I baby trans non esistono, parola di femministe\",\"datePublished\":\"2024-10-01T09:43:31+00:00\",\"dateModified\":\"2024-10-01T09:43:33+00:00\",\"mainEntityOfPage\":{\"@id\":\"https:\\\/\\\/www.rassegnastampa-totustuus.it\\\/cattolica\\\/i-baby-trans-non-esistono-parola-di-femministe\\\/\"},\"wordCount\":1044,\"publisher\":{\"@id\":\"https:\\\/\\\/www.rassegnastampa-totustuus.it\\\/cattolica\\\/#organization\"},\"image\":{\"@id\":\"https:\\\/\\\/www.rassegnastampa-totustuus.it\\\/cattolica\\\/i-baby-trans-non-esistono-parola-di-femministe\\\/#primaryimage\"},\"thumbnailUrl\":\"https:\\\/\\\/www.rassegnastampa-totustuus.it\\\/cattolica\\\/wp-content\\\/uploads\\\/2021\\\/06\\\/bambini_gender.jpg\",\"keywords\":[\"bambini\",\"femminismo\",\"ideologia del gender\",\"transgender\"],\"articleSection\":[\"Ideologia del gender\"],\"inLanguage\":\"it-IT\"},{\"@type\":\"WebPage\",\"@id\":\"https:\\\/\\\/www.rassegnastampa-totustuus.it\\\/cattolica\\\/i-baby-trans-non-esistono-parola-di-femministe\\\/\",\"url\":\"https:\\\/\\\/www.rassegnastampa-totustuus.it\\\/cattolica\\\/i-baby-trans-non-esistono-parola-di-femministe\\\/\",\"name\":\"I baby trans non esistono, parola di femministe - Rassegna Stampa Cattolica\",\"isPartOf\":{\"@id\":\"https:\\\/\\\/www.rassegnastampa-totustuus.it\\\/cattolica\\\/#website\"},\"primaryImageOfPage\":{\"@id\":\"https:\\\/\\\/www.rassegnastampa-totustuus.it\\\/cattolica\\\/i-baby-trans-non-esistono-parola-di-femministe\\\/#primaryimage\"},\"image\":{\"@id\":\"https:\\\/\\\/www.rassegnastampa-totustuus.it\\\/cattolica\\\/i-baby-trans-non-esistono-parola-di-femministe\\\/#primaryimage\"},\"thumbnailUrl\":\"https:\\\/\\\/www.rassegnastampa-totustuus.it\\\/cattolica\\\/wp-content\\\/uploads\\\/2021\\\/06\\\/bambini_gender.jpg\",\"datePublished\":\"2024-10-01T09:43:31+00:00\",\"dateModified\":\"2024-10-01T09:43:33+00:00\",\"description\":\"RI baby trans non esistono, parola di femministe. \u00abPrima della pubert\u00e0 non si pu\u00f2 avere pienamente coscienza di s\u00e9\u00bb\",\"breadcrumb\":{\"@id\":\"https:\\\/\\\/www.rassegnastampa-totustuus.it\\\/cattolica\\\/i-baby-trans-non-esistono-parola-di-femministe\\\/#breadcrumb\"},\"inLanguage\":\"it-IT\",\"potentialAction\":[{\"@type\":\"ReadAction\",\"target\":[\"https:\\\/\\\/www.rassegnastampa-totustuus.it\\\/cattolica\\\/i-baby-trans-non-esistono-parola-di-femministe\\\/\"]}]},{\"@type\":\"ImageObject\",\"inLanguage\":\"it-IT\",\"@id\":\"https:\\\/\\\/www.rassegnastampa-totustuus.it\\\/cattolica\\\/i-baby-trans-non-esistono-parola-di-femministe\\\/#primaryimage\",\"url\":\"https:\\\/\\\/www.rassegnastampa-totustuus.it\\\/cattolica\\\/wp-content\\\/uploads\\\/2021\\\/06\\\/bambini_gender.jpg\",\"contentUrl\":\"https:\\\/\\\/www.rassegnastampa-totustuus.it\\\/cattolica\\\/wp-content\\\/uploads\\\/2021\\\/06\\\/bambini_gender.jpg\",\"width\":500,\"height\":333},{\"@type\":\"BreadcrumbList\",\"@id\":\"https:\\\/\\\/www.rassegnastampa-totustuus.it\\\/cattolica\\\/i-baby-trans-non-esistono-parola-di-femministe\\\/#breadcrumb\",\"itemListElement\":[{\"@type\":\"ListItem\",\"position\":1,\"name\":\"Home\",\"item\":\"https:\\\/\\\/www.rassegnastampa-totustuus.it\\\/cattolica\\\/\"},{\"@type\":\"ListItem\",\"position\":2,\"name\":\"I baby trans non esistono, parola di femministe\"}]},{\"@type\":\"WebSite\",\"@id\":\"https:\\\/\\\/www.rassegnastampa-totustuus.it\\\/cattolica\\\/#website\",\"url\":\"https:\\\/\\\/www.rassegnastampa-totustuus.it\\\/cattolica\\\/\",\"name\":\"Rassegna Stampa Cattolica\",\"description\":\"Per una cultura che nasce dalla Rivelazione cristiana in conformit\u00e0 alla tradizione e al Magistero della Chiesa in opposizione ad ogni relativismo e totalitarismo\",\"publisher\":{\"@id\":\"https:\\\/\\\/www.rassegnastampa-totustuus.it\\\/cattolica\\\/#organization\"},\"alternateName\":\"Rass. Cattolica\",\"potentialAction\":[{\"@type\":\"SearchAction\",\"target\":{\"@type\":\"EntryPoint\",\"urlTemplate\":\"https:\\\/\\\/www.rassegnastampa-totustuus.it\\\/cattolica\\\/?s={search_term_string}\"},\"query-input\":{\"@type\":\"PropertyValueSpecification\",\"valueRequired\":true,\"valueName\":\"search_term_string\"}}],\"inLanguage\":\"it-IT\"},{\"@type\":\"Organization\",\"@id\":\"https:\\\/\\\/www.rassegnastampa-totustuus.it\\\/cattolica\\\/#organization\",\"name\":\"Rassegna Stampa Cattolica\",\"url\":\"https:\\\/\\\/www.rassegnastampa-totustuus.it\\\/cattolica\\\/\",\"logo\":{\"@type\":\"ImageObject\",\"inLanguage\":\"it-IT\",\"@id\":\"https:\\\/\\\/www.rassegnastampa-totustuus.it\\\/cattolica\\\/#\\\/schema\\\/logo\\\/image\\\/\",\"url\":\"https:\\\/\\\/www.rassegnastampa-totustuus.it\\\/cattolica\\\/wp-content\\\/uploads\\\/2014\\\/04\\\/logo-rassegna1.gif\",\"contentUrl\":\"https:\\\/\\\/www.rassegnastampa-totustuus.it\\\/cattolica\\\/wp-content\\\/uploads\\\/2014\\\/04\\\/logo-rassegna1.gif\",\"width\":600,\"height\":163,\"caption\":\"Rassegna Stampa Cattolica\"},\"image\":{\"@id\":\"https:\\\/\\\/www.rassegnastampa-totustuus.it\\\/cattolica\\\/#\\\/schema\\\/logo\\\/image\\\/\"},\"sameAs\":[\"https:\\\/\\\/www.facebook.com\\\/rassegnastampacattolica\",\"https:\\\/\\\/x.com\\\/rassegnastampa9\"]},{\"@type\":\"Person\",\"@id\":\"https:\\\/\\\/www.rassegnastampa-totustuus.it\\\/cattolica\\\/#\\\/schema\\\/person\\\/08f319d2bd1a0904ad9e2bfb7b15e5c3\",\"name\":\"Redazione\",\"image\":{\"@type\":\"ImageObject\",\"inLanguage\":\"it-IT\",\"@id\":\"https:\\\/\\\/secure.gravatar.com\\\/avatar\\\/2fcdf27c78ea025fbdb44e914cc63c72249ffec9dc8aafd5c82b26240ef3f346?s=96&d=mm&r=g\",\"url\":\"https:\\\/\\\/secure.gravatar.com\\\/avatar\\\/2fcdf27c78ea025fbdb44e914cc63c72249ffec9dc8aafd5c82b26240ef3f346?s=96&d=mm&r=g\",\"contentUrl\":\"https:\\\/\\\/secure.gravatar.com\\\/avatar\\\/2fcdf27c78ea025fbdb44e914cc63c72249ffec9dc8aafd5c82b26240ef3f346?s=96&d=mm&r=g\",\"caption\":\"Redazione\"},\"url\":\"https:\\\/\\\/www.rassegnastampa-totustuus.it\\\/cattolica\\\/author\\\/pietroelle\\\/\"}]}<\/script>\n<!-- \/ Yoast SEO plugin. -->","yoast_head_json":{"title":"I baby trans non esistono, parola di femministe - Rassegna Stampa Cattolica","description":"RI baby trans non esistono, parola di femministe. \u00abPrima della pubert\u00e0 non si pu\u00f2 avere pienamente coscienza di s\u00e9\u00bb","robots":{"index":"index","follow":"follow","max-snippet":"max-snippet:-1","max-image-preview":"max-image-preview:large","max-video-preview":"max-video-preview:-1"},"canonical":"https:\/\/www.rassegnastampa-totustuus.it\/cattolica\/i-baby-trans-non-esistono-parola-di-femministe\/","og_locale":"it_IT","og_type":"article","og_title":"I baby trans non esistono, parola di femministe - Rassegna Stampa Cattolica","og_description":"RI baby trans non esistono, parola di femministe. \u00abPrima della pubert\u00e0 non si pu\u00f2 avere pienamente coscienza di s\u00e9\u00bb","og_url":"https:\/\/www.rassegnastampa-totustuus.it\/cattolica\/i-baby-trans-non-esistono-parola-di-femministe\/","og_site_name":"Rassegna Stampa Cattolica","article_publisher":"https:\/\/www.facebook.com\/rassegnastampacattolica","article_published_time":"2024-10-01T09:43:31+00:00","article_modified_time":"2024-10-01T09:43:33+00:00","og_image":[{"width":500,"height":333,"url":"https:\/\/www.rassegnastampa-totustuus.it\/cattolica\/wp-content\/uploads\/2021\/06\/bambini_gender.jpg","type":"image\/jpeg"}],"author":"Redazione","twitter_card":"summary_large_image","twitter_creator":"@rassegnastampa9","twitter_site":"@rassegnastampa9","twitter_misc":{"Scritto da":"Redazione","Tempo di lettura stimato":"7 minuti"},"schema":{"@context":"https:\/\/schema.org","@graph":[{"@type":"Article","@id":"https:\/\/www.rassegnastampa-totustuus.it\/cattolica\/i-baby-trans-non-esistono-parola-di-femministe\/#article","isPartOf":{"@id":"https:\/\/www.rassegnastampa-totustuus.it\/cattolica\/i-baby-trans-non-esistono-parola-di-femministe\/"},"author":{"name":"Redazione","@id":"https:\/\/www.rassegnastampa-totustuus.it\/cattolica\/#\/schema\/person\/08f319d2bd1a0904ad9e2bfb7b15e5c3"},"headline":"I baby trans non esistono, parola di femministe","datePublished":"2024-10-01T09:43:31+00:00","dateModified":"2024-10-01T09:43:33+00:00","mainEntityOfPage":{"@id":"https:\/\/www.rassegnastampa-totustuus.it\/cattolica\/i-baby-trans-non-esistono-parola-di-femministe\/"},"wordCount":1044,"publisher":{"@id":"https:\/\/www.rassegnastampa-totustuus.it\/cattolica\/#organization"},"image":{"@id":"https:\/\/www.rassegnastampa-totustuus.it\/cattolica\/i-baby-trans-non-esistono-parola-di-femministe\/#primaryimage"},"thumbnailUrl":"https:\/\/www.rassegnastampa-totustuus.it\/cattolica\/wp-content\/uploads\/2021\/06\/bambini_gender.jpg","keywords":["bambini","femminismo","ideologia del gender","transgender"],"articleSection":["Ideologia del gender"],"inLanguage":"it-IT"},{"@type":"WebPage","@id":"https:\/\/www.rassegnastampa-totustuus.it\/cattolica\/i-baby-trans-non-esistono-parola-di-femministe\/","url":"https:\/\/www.rassegnastampa-totustuus.it\/cattolica\/i-baby-trans-non-esistono-parola-di-femministe\/","name":"I baby trans non esistono, parola di femministe - Rassegna Stampa Cattolica","isPartOf":{"@id":"https:\/\/www.rassegnastampa-totustuus.it\/cattolica\/#website"},"primaryImageOfPage":{"@id":"https:\/\/www.rassegnastampa-totustuus.it\/cattolica\/i-baby-trans-non-esistono-parola-di-femministe\/#primaryimage"},"image":{"@id":"https:\/\/www.rassegnastampa-totustuus.it\/cattolica\/i-baby-trans-non-esistono-parola-di-femministe\/#primaryimage"},"thumbnailUrl":"https:\/\/www.rassegnastampa-totustuus.it\/cattolica\/wp-content\/uploads\/2021\/06\/bambini_gender.jpg","datePublished":"2024-10-01T09:43:31+00:00","dateModified":"2024-10-01T09:43:33+00:00","description":"RI baby trans non esistono, parola di femministe. \u00abPrima della pubert\u00e0 non si pu\u00f2 avere pienamente coscienza di s\u00e9\u00bb","breadcrumb":{"@id":"https:\/\/www.rassegnastampa-totustuus.it\/cattolica\/i-baby-trans-non-esistono-parola-di-femministe\/#breadcrumb"},"inLanguage":"it-IT","potentialAction":[{"@type":"ReadAction","target":["https:\/\/www.rassegnastampa-totustuus.it\/cattolica\/i-baby-trans-non-esistono-parola-di-femministe\/"]}]},{"@type":"ImageObject","inLanguage":"it-IT","@id":"https:\/\/www.rassegnastampa-totustuus.it\/cattolica\/i-baby-trans-non-esistono-parola-di-femministe\/#primaryimage","url":"https:\/\/www.rassegnastampa-totustuus.it\/cattolica\/wp-content\/uploads\/2021\/06\/bambini_gender.jpg","contentUrl":"https:\/\/www.rassegnastampa-totustuus.it\/cattolica\/wp-content\/uploads\/2021\/06\/bambini_gender.jpg","width":500,"height":333},{"@type":"BreadcrumbList","@id":"https:\/\/www.rassegnastampa-totustuus.it\/cattolica\/i-baby-trans-non-esistono-parola-di-femministe\/#breadcrumb","itemListElement":[{"@type":"ListItem","position":1,"name":"Home","item":"https:\/\/www.rassegnastampa-totustuus.it\/cattolica\/"},{"@type":"ListItem","position":2,"name":"I baby trans non esistono, parola di femministe"}]},{"@type":"WebSite","@id":"https:\/\/www.rassegnastampa-totustuus.it\/cattolica\/#website","url":"https:\/\/www.rassegnastampa-totustuus.it\/cattolica\/","name":"Rassegna Stampa Cattolica","description":"Per una cultura che nasce dalla Rivelazione cristiana in conformit\u00e0 alla tradizione e al Magistero della Chiesa in opposizione ad ogni relativismo e totalitarismo","publisher":{"@id":"https:\/\/www.rassegnastampa-totustuus.it\/cattolica\/#organization"},"alternateName":"Rass. Cattolica","potentialAction":[{"@type":"SearchAction","target":{"@type":"EntryPoint","urlTemplate":"https:\/\/www.rassegnastampa-totustuus.it\/cattolica\/?s={search_term_string}"},"query-input":{"@type":"PropertyValueSpecification","valueRequired":true,"valueName":"search_term_string"}}],"inLanguage":"it-IT"},{"@type":"Organization","@id":"https:\/\/www.rassegnastampa-totustuus.it\/cattolica\/#organization","name":"Rassegna Stampa Cattolica","url":"https:\/\/www.rassegnastampa-totustuus.it\/cattolica\/","logo":{"@type":"ImageObject","inLanguage":"it-IT","@id":"https:\/\/www.rassegnastampa-totustuus.it\/cattolica\/#\/schema\/logo\/image\/","url":"https:\/\/www.rassegnastampa-totustuus.it\/cattolica\/wp-content\/uploads\/2014\/04\/logo-rassegna1.gif","contentUrl":"https:\/\/www.rassegnastampa-totustuus.it\/cattolica\/wp-content\/uploads\/2014\/04\/logo-rassegna1.gif","width":600,"height":163,"caption":"Rassegna Stampa Cattolica"},"image":{"@id":"https:\/\/www.rassegnastampa-totustuus.it\/cattolica\/#\/schema\/logo\/image\/"},"sameAs":["https:\/\/www.facebook.com\/rassegnastampacattolica","https:\/\/x.com\/rassegnastampa9"]},{"@type":"Person","@id":"https:\/\/www.rassegnastampa-totustuus.it\/cattolica\/#\/schema\/person\/08f319d2bd1a0904ad9e2bfb7b15e5c3","name":"Redazione","image":{"@type":"ImageObject","inLanguage":"it-IT","@id":"https:\/\/secure.gravatar.com\/avatar\/2fcdf27c78ea025fbdb44e914cc63c72249ffec9dc8aafd5c82b26240ef3f346?s=96&d=mm&r=g","url":"https:\/\/secure.gravatar.com\/avatar\/2fcdf27c78ea025fbdb44e914cc63c72249ffec9dc8aafd5c82b26240ef3f346?s=96&d=mm&r=g","contentUrl":"https:\/\/secure.gravatar.com\/avatar\/2fcdf27c78ea025fbdb44e914cc63c72249ffec9dc8aafd5c82b26240ef3f346?s=96&d=mm&r=g","caption":"Redazione"},"url":"https:\/\/www.rassegnastampa-totustuus.it\/cattolica\/author\/pietroelle\/"}]}},"_links":{"self":[{"href":"https:\/\/www.rassegnastampa-totustuus.it\/cattolica\/wp-json\/wp\/v2\/posts\/61347","targetHints":{"allow":["GET"]}}],"collection":[{"href":"https:\/\/www.rassegnastampa-totustuus.it\/cattolica\/wp-json\/wp\/v2\/posts"}],"about":[{"href":"https:\/\/www.rassegnastampa-totustuus.it\/cattolica\/wp-json\/wp\/v2\/types\/post"}],"author":[{"embeddable":true,"href":"https:\/\/www.rassegnastampa-totustuus.it\/cattolica\/wp-json\/wp\/v2\/users\/6"}],"replies":[{"embeddable":true,"href":"https:\/\/www.rassegnastampa-totustuus.it\/cattolica\/wp-json\/wp\/v2\/comments?post=61347"}],"version-history":[{"count":1,"href":"https:\/\/www.rassegnastampa-totustuus.it\/cattolica\/wp-json\/wp\/v2\/posts\/61347\/revisions"}],"predecessor-version":[{"id":61351,"href":"https:\/\/www.rassegnastampa-totustuus.it\/cattolica\/wp-json\/wp\/v2\/posts\/61347\/revisions\/61351"}],"wp:featuredmedia":[{"embeddable":true,"href":"https:\/\/www.rassegnastampa-totustuus.it\/cattolica\/wp-json\/wp\/v2\/media\/51508"}],"wp:attachment":[{"href":"https:\/\/www.rassegnastampa-totustuus.it\/cattolica\/wp-json\/wp\/v2\/media?parent=61347"}],"wp:term":[{"taxonomy":"category","embeddable":true,"href":"https:\/\/www.rassegnastampa-totustuus.it\/cattolica\/wp-json\/wp\/v2\/categories?post=61347"},{"taxonomy":"post_tag","embeddable":true,"href":"https:\/\/www.rassegnastampa-totustuus.it\/cattolica\/wp-json\/wp\/v2\/tags?post=61347"}],"curies":[{"name":"wp","href":"https:\/\/api.w.org\/{rel}","templated":true}]}}