{"id":61338,"date":"2024-09-30T09:30:09","date_gmt":"2024-09-30T07:30:09","guid":{"rendered":"https:\/\/www.rassegnastampa-totustuus.it\/cattolica\/?p=61338"},"modified":"2024-10-01T14:31:16","modified_gmt":"2024-10-01T12:31:16","slug":"condoglianze-compagni-italiani-per-la-perdita-del-caro-nasrallah","status":"publish","type":"post","link":"https:\/\/www.rassegnastampa-totustuus.it\/cattolica\/condoglianze-compagni-italiani-per-la-perdita-del-caro-nasrallah\/","title":{"rendered":"Condoglianze compagni italiani per la perdita del caro Nasrallah"},"content":{"rendered":"<p style=\"text-align: center;\"><img loading=\"lazy\" decoding=\"async\" class=\" wp-image-61339 alignleft\" src=\"https:\/\/www.rassegnastampa-totustuus.it\/cattolica\/wp-content\/uploads\/2024\/09\/sinistra_islam_DAlema.jpg\" alt=\"\" width=\"361\" height=\"203\" \/>Giulio Meotti <strong>newsletter <\/strong>28 Settembre 2024<\/p>\n<p style=\"text-align: justify;\"><em>La lunga e imbarazzante lista di ambigui. Abbiamo persino un ministro della Giustizia che va a trovare il capo di Hezbollah nel bunker. Perch\u00e9 abbiamo sempre avuto la sinistra peggiore d&#8217;Europa<\/em><\/p>\n<p style=\"text-align: center;\">di <strong>Giulio Meotti<\/strong><\/p>\n<p><!--more--><\/p>\n<p style=\"text-align: justify;\">Vecchia storia, \u201cSinistra e Jihad\u201d, come la chiamava un articolo del 2006 del quotidiano spagnolo <em><a href=\"https:\/\/elpais.com\/diario\/2006\/10\/05\/opinion\/1159999206_850215.html?utm_source=substack&amp;utm_medium=email\" target=\"_blank\" rel=\"noopener\"><span style=\"color: #0000ff;\">El Pais<\/span>.<\/a><\/em> Qualche giorno fa <span style=\"color: #0000ff;\"><a style=\"color: #0000ff;\" href=\"https:\/\/www.skynews.com.au\/opinion\/rita-panahi\/hezbollah-will-spin-pager-attack-as-terrorism-to-useful-idiots-in-the-west\/video\/887102970d568fe7fae3c32f1f31f0bd?utm_source=substack&amp;utm_medium=email\" target=\"_blank\" rel=\"noopener\">Douglas Murray<\/a><\/span> ha detto che Hezbollah non potrebbe farcela senza gli \u201cutili idioti\u201d in Occidente.<\/p>\n<p style=\"text-align: justify;\"><img loading=\"lazy\" decoding=\"async\" class=\" wp-image-61340 alignright\" src=\"https:\/\/www.rassegnastampa-totustuus.it\/cattolica\/wp-content\/uploads\/2024\/09\/Mogherini_Iran.jpg\" alt=\"\" width=\"327\" height=\"245\" \/>Visto che <span style=\"color: #0000ff;\"><a style=\"color: #0000ff;\" href=\"https:\/\/www.bbc.com\/news\/world-middle-east-40843727?utm_source=substack&amp;utm_medium=email\" target=\"_blank\" rel=\"noopener\">Federica Mogherini<\/a><\/span>, da ministro degli Esteri della UE, andava a farsi i selfie con il chador al Parlamento iraniano, perch\u00e9 le bandiere del \u201cpartito di Dio\u201d libanese (un drappo giallo con un kalashnikov e un versetto del Corano) non dovrebbero sventolare nei <span style=\"color: #0000ff;\"><a style=\"color: #0000ff;\" href=\"https:\/\/www.newsweek.com\/pro-palestinian-protest-princeton-hezbollah-1894654?utm_source=substack&amp;utm_medium=email\" target=\"_blank\" rel=\"noopener\">campus americani<\/a><\/span>, dalla Columbia all\u2019Hunter College di New York, fino alle marce per Gaza nelle citt\u00e0 europee da Londra a Berlino? <span style=\"color: #0000ff;\"><a style=\"color: #0000ff;\" href=\"https:\/\/jcpa.org\/article\/from-the-iranian-mullah-state-to-american-campuses-the-wokes-failed-history-lesson\/?utm_source=substack&amp;utm_medium=email\" target=\"_blank\" rel=\"noopener\">Naim Qassem<\/a>,<\/span> secondo in comando di Hezbollah, ha incoraggiato le proteste studentesche in Occidente, come il suo padrino, l\u2019ayatollah iraniano Khamenei.<\/p>\n<p style=\"text-align: justify;\"><span style=\"color: #0000ff;\"><a style=\"color: #0000ff;\" href=\"https:\/\/www.memri.org\/reports\/us-linguist-noam-chomsky-meets-hizbullah-leaders-lebanon?utm_source=substack&amp;utm_medium=email\" target=\"_blank\" rel=\"noopener\">Noam Chomsky<\/a><\/span>, il famoso linguista padrino dell\u2019antagonismo occidentale che \u00e8 riuscito a schierarsi perfino con la <span style=\"color: #0000ff;\"><a style=\"color: #0000ff;\" href=\"https:\/\/www.thedailybeast.com\/how-the-west-missed-the-horrors-of-cambodia?utm_source=substack&amp;utm_medium=email\" target=\"_blank\" rel=\"noopener\">Cambogia di Pol Pot<\/a>,<\/span> ha visitato il quartier generale di Hezbollah e incontrato il suo leader Hassan Nasrallah, ora tra le braccia di 72 vergini. \u201cPenso che Nasrallah abbia un argomento ragionato e convincente sul fatto che dovrebbero essere nelle mani di Hezbollah (le armi) come deterrente a potenziali aggressioni\u201d ha <span style=\"color: #0000ff;\"><a style=\"color: #0000ff;\" href=\"https:\/\/www.memri.org\/reports\/us-linguist-noam-chomsky-meets-hizbullah-leaders-lebanon?utm_source=substack&amp;utm_medium=email\" target=\"_blank\" rel=\"noopener\">detto<\/a><\/span> Chomsky.<\/p>\n<p style=\"text-align: justify;\">\u201cHamas e Hezbollah sono movimenti progressisti parte della sinistra globale\u201d, ha detto Judith Butler, la filosofa del gender di Berkeley, in un video che ha fatto scandalo. Nessuno deve aver detto a Butler, che \u00e8 lesbica, che Hezbollah <span style=\"color: #0000ff;\"><a style=\"color: #0000ff;\" href=\"https:\/\/www.agi.it\/estero\/news\/2023-07-30\/libano-omosessuali-mirino-hezbollah-22438744\/?utm_source=substack&amp;utm_medium=email\" target=\"_blank\" rel=\"noopener\">a quelle come lei vorrebbe impiccarli in piazza<\/a>.<\/span><\/p>\n<p style=\"text-align: justify;\"><img loading=\"lazy\" decoding=\"async\" class=\" wp-image-34258 alignleft\" src=\"https:\/\/www.rassegnastampa-totustuus.it\/cattolica\/wp-content\/uploads\/2009\/04\/Islam_sinistra.jpg\" alt=\"\" width=\"254\" height=\"269\" \/>\u201cLa figura pi\u00f9 straordinaria \u00e8 l&#8217;americana Butler, sacerdotessa wokista, che vede il 7 ottobre come resistenza. Ma meglio per lei dirlo a Parigi e non a Gaza, dove sarebbe sventrata in quanto ebrea e fucilata in quanto lesbica\u201d. Definitivo questa settimana <span style=\"color: #0000ff;\"><a style=\"color: #0000ff;\" href=\"https:\/\/www.lepoint.fr\/monde\/gilles-kepel-l-ordre-du-monde-s-est-retourne-contre-israel-26-09-2024-2571231_24.php?utm_source=substack&amp;utm_medium=email\" target=\"_blank\" rel=\"noopener\">Gilles Kepel<\/a><\/span> sugli utili idioti occidentali dei terroristi islamici. \u201cC\u2019\u00e8 la fusione tra islamismo e sinistra, dove vediamo marxisti-leninisti, atei, ebrei e omosessuali applaudire un movimento, Hamas, che \u00e8 islamista, antisemita e omofobo. La sinistra passa alla logica del sostegno agli islamici, visti come leader della lotta contro il capitalismo. E il fattore nuovo, nei paesi europei, \u00e8 l\u2019irruzione nel campo politico istituzionale di un\u2019ampia popolazione musulmana di origine immigrata. La metamorfosi demografica in atto nelle nostre societ\u00e0 \u00e8 percepita, da un lato, come una \u2018grande sostituzione\u2019 da parte dell\u2019estrema destra e come una risorsa clientelare da parte dell\u2019estrema sinistra\u201d.<\/p>\n<p style=\"text-align: justify;\"><span style=\"color: #0000ff;\"><a style=\"color: #0000ff;\" href=\"https:\/\/www.theguardian.com\/media\/shortcuts\/2012\/aug\/28\/tv-stations-george-galloway-julian-assange?utm_source=substack&amp;utm_medium=email\" target=\"_blank\" rel=\"noopener\">George Galloway<\/a><\/span>, leader della sinistra radicale indipendente inglese, ha lavorato per <em>Al Mayadeen<\/em>, il canale libanese di Hezbollah (uno dei tanti canali islamisti per cui Galloway ha prestato i suoi servizi). E con Galloway, <span style=\"color: #0000ff;\"><a style=\"color: #0000ff;\" href=\"https:\/\/www.theguardian.com\/politics\/2016\/jul\/04\/jeremy-corbyn-says-he-regrets-calling-hamas-and-hezbollah-friends?utm_source=substack&amp;utm_medium=email\" target=\"_blank\" rel=\"noopener\">Jeremy Corbyn<\/a><\/span>, l\u2019ex capo del Labour inglese, che ha definito \u201camici\u201d Hamas e Hezbollah.<\/p>\n<p style=\"text-align: justify;\">I comunisti stanno con i khomeinisti.<\/p>\n<p style=\"text-align: justify;\">A <span style=\"color: #0000ff;\"><a style=\"color: #0000ff;\" href=\"https:\/\/chartabianca.it\/3048\/news\/responsabile-esteri-hezbollah-lt-br-gt-a-cagliari-per-meeting-m-oriente?utm_source=substack&amp;utm_medium=email\" target=\"_blank\" rel=\"noopener\">Cagliari<\/a> <\/span>c\u2019\u00e8 stata la prima edizione del \u201cMeeting Internazionale delle Politiche del Mediterraneo\u201d, organizzato dal Centro Italo Arabo Assadakah. Ospiti d\u2019eccellenza il responsabile Esteri di Hezbollah Ammar Al Mussawi e il presidente della tv di Hezbollah <em>Al Manar<\/em>, Abdallah Kassir. A partecipare, giornalisti, deputati del PD, sindacalisti e altri.<\/p>\n<p style=\"text-align: justify;\"><img loading=\"lazy\" decoding=\"async\" class=\"size-full wp-image-61341 alignleft\" src=\"https:\/\/www.rassegnastampa-totustuus.it\/cattolica\/wp-content\/uploads\/2024\/09\/Castellano_Uniroma_Islam_sinistra.jpg\" alt=\"\" width=\"400\" height=\"300\" \/>Una delegazione accademica italiana \u00e8 partita dalla Sapienza di Roma per incontrare Hezbollah. La notizia \u00e8 stata divulgata da <em>Al Manar<\/em>, l\u2019emittente di Hezbollah, e il <span style=\"color: #0000ff;\"><a style=\"color: #0000ff;\" href=\"https:\/\/www.memri.org\/tv\/italian-academic-delegation-meets-senior-hizbullah-official-in-lebanon-pledges-cooperation\/transcript?utm_source=substack&amp;utm_medium=email\" target=\"_blank\" rel=\"noopener\">commento del conduttore<\/a> <\/span>durante il <a href=\"https:\/\/www.memri.org\/tv\/italian-academic-delegation-meets-senior-hizbullah-official-in-lebanon-pledges-cooperation\/transcript?utm_source=substack&amp;utm_medium=email\" target=\"_blank\" rel=\"noopener\"><span style=\"color: #0000ff;\">servizio video<\/span><\/a> racconta che la docente che guidava la delegazione italiana &#8211; con l\u2019immancabile capo velato -, si \u00e8 detta \u201cfelice di questo incontro con Hezbollah. Quando ritorneremo in Italia, diremo all\u2019Occidente la verit\u00e0 su Hezbollah\u201d. Nell\u2019attesa, \u201cabbiamo parlato di stabilire, il pi\u00f9 presto possibile, relazioni eccezionali con le universit\u00e0 libanesi, in particolare con l\u2019Al Maaref University\u201d, legata a Hezbollah.<\/p>\n<p style=\"text-align: justify;\">Impossibile dimenticare la famosa passeggiata a Beirut di un ex primo ministro e ministro degli Esteri, Massimo D\u2019Alema, sottobraccio con il deputato di Hezbollah Hussein Haji Hassan. E <span style=\"color: #0000ff;\"><a style=\"color: #0000ff;\" href=\"https:\/\/www.iltempo.it\/politica\/2006\/08\/19\/news\/d-alema-non-si-pente-riandrei-a-braccetto-con-hezbollah-464806\/?utm_source=substack&amp;utm_medium=email\" target=\"_blank\" rel=\"noopener\">mica pentito<\/a><\/span>, D\u2019Alemmah, che ha dialogato molto anche con Tariq Ramadan, dall\u2019<span style=\"color: #0000ff;\"><a style=\"color: #0000ff;\" href=\"https:\/\/blogs.mediapart.fr\/eric-gillot\/blog\/131215\/debat-tariq-ramadan-massimo-dalema-0?utm_source=substack&amp;utm_medium=email\" target=\"_blank\" rel=\"noopener\">Universit\u00e0 di Lovanio<\/a><\/span>, in Belgio, dove Ramadan e D\u2019Alema hanno tenuto assieme una conferenza per la Foundation for European Progressive Studies di D\u2019Alema, agli articoli scritti assieme sul quotidiano <em><a href=\"https:\/\/www.lesoir.be\/26477\/article\/2016-02-18\/sur-lislam-comme-sur-les-refugies-lue-doit-prendre-position?utm_source=substack&amp;utm_medium=email\">Le Soi<\/a><\/em>. L\u2019ex premier e il nipote del fondatore dei Fratelli Musulmani si compiacciono che l\u2019Europa \u201csta diventando una societ\u00e0 multietnica, multireligiosa, multiculturale e multilingue\u201d. Celebrano l\u2019\u201cIslam religione europea\u201d<\/p>\n<p style=\"text-align: justify;\">Da qui a dire che \u201ci Talebani non sono terroristi\u201d, per D\u2019Alema \u00e8 stato un attimo.<\/p>\n<p style=\"text-align: justify;\">Il presidente del Consiglio <span style=\"color: #0000ff;\"><a style=\"color: #0000ff;\" href=\"https:\/\/www.lastampa.it\/politica\/2007\/08\/12\/news\/prodi-hamas-esiste-1.37119335\/?utm_source=substack&amp;utm_medium=email\" target=\"_blank\" rel=\"noopener\">Romano Prodi<\/a><\/span> disse invece: \u201cHamas esiste, \u00e8 una realt\u00e0 molto complessa che dobbiamo aiutare ad evolvere perch\u00e9 lavori per la pace\u201d. Caspita, quanta buona volont\u00e0 progressista.<\/p>\n<p style=\"text-align: justify;\"><img loading=\"lazy\" decoding=\"async\" class=\" wp-image-27610 alignright\" src=\"https:\/\/www.rassegnastampa-totustuus.it\/cattolica\/wp-content\/uploads\/2006\/04\/Prodi.jpg\" alt=\"\" width=\"322\" height=\"214\" \/>Senza dimenticare un altro leader comunista, <span style=\"color: #0000ff;\"><a style=\"color: #0000ff;\" href=\"https:\/\/www.corriere.it\/Primo_Piano\/Politica\/2006\/08_Agosto\/17\/guerzoni.html?utm_source=substack&amp;utm_medium=email\" target=\"_blank\" rel=\"noopener\">Oliviero Diliberto<\/a><\/span>, che ha difeso Hezbollah come \u201cdifensore del popolo libanese\u201d e che \u00e8 andato persino a <span style=\"color: #0000ff;\"><a style=\"color: #0000ff;\" href=\"https:\/\/www.segnalo.it\/SAGG-ART\/CULT-RELIG\/2004\/diliberto.pdf?utm_source=substack&amp;utm_medium=email\" target=\"_blank\" rel=\"noopener\">incontrare Nasrallah nel suo bunker<\/a><\/span>. Diliberto non era un passante, non solo un capo di partito, ma anche un ministro della Giustizia.<\/p>\n<p style=\"text-align: justify;\">A questa sinistra ora manca soltanto l\u2019elogio degli <span style=\"color: #0000ff;\"><a style=\"color: #0000ff;\" href=\"https:\/\/www.spiked-online.com\/2024\/01\/02\/why-are-leftists-hot-for-the-houthis\/?utm_source=substack&amp;utm_medium=email\" target=\"_blank\" rel=\"noopener\">Houthi<\/a><\/span> yemeniti, che saranno dei resistenti islamici, ma non disdegnano il saluto nazista. E visto che abbiamo la peggior sinistra in Occidente, ne sarebbero capaci (un\u2019altra sinistra, dal francese Manuel Valls al tedesco Joschka Fischer, si ritrova a Roma con l\u2019organizzazione <a href=\"https:\/\/www.mosaico-cem.it\/attualita-e-news\/eventi-attualita-e-news\/7-ottobre-attacco-alloccidente-il-6-ottobre-a-roma-una-conferenza-internazionale\/?utm_source=substack&amp;utm_medium=email\" target=\"_blank\" rel=\"noopener\"><span style=\"color: #0000ff;\">Setteottobre<\/span><\/a>).<\/p>\n<p style=\"text-align: justify;\">E visto che cinque mesi prima del 7 ottobre, in Svezia, si \u00e8 tenuta una conferenza organizzata da Hamas e c\u2019era anche <span style=\"color: #0000ff;\"><a style=\"color: #0000ff;\" href=\"https:\/\/www.repubblica.it\/esteri\/2023\/10\/13\/news\/fondi_europei_hamas-417654424\/?utm_source=substack&amp;utm_medium=email\" target=\"_blank\" rel=\"noopener\">Stefania Ascari<\/a><\/span>, deputata dei 5Stelle, peccato che Israele non abbia lasciato entrare a Gaza <span style=\"color: #0000ff;\"><a style=\"color: #0000ff;\" href=\"https:\/\/www.ilfattoquotidiano.it\/2016\/07\/10\/m5s-no-degli-israeliani-alla-visita-nella-striscia-di-gaza-di-maio-cattivo-segnale\/2894403\/?utm_source=substack&amp;utm_medium=email\" target=\"_blank\" rel=\"noopener\">Alessandro di Battista e Luigi di Maio<\/a><\/span>, come chiedevano di fare nel 2016. Oggi avremmo anche le foto-ricordo dei due bolliti grillini con Ismail Haniyeh e Yahya Sinwar.<\/p>\n<p style=\"text-align: justify;\">El pueblo unido Hezbollah ser\u00e1 vencido.<\/p>\n<p style=\"text-align: center;\"><a href=\"https:\/\/meotti.substack.com\/\" target=\"_blank\" rel=\"noopener\"><strong>iscriviti alla newsletter<\/strong><\/a><\/p>\n<p>___________________________________________________<\/p>\n<p><strong>Leggi anche:<\/strong><\/p>\n<p><a href=\"https:\/\/www.rassegnastampa-totustuus.it\/cattolica\/per-i-voti-e-lodio-delluomo-bianco-la-sinistra-si-e-alleata-con-lislam\/\" target=\"_blank\" rel=\"noopener\"><span style=\"color: #0000ff;\">\u201cPer i voti e l\u2019odio dell\u2019uomo bianco, la sinistra si \u00e8 alleata con l\u2019Islam\u201d<\/span><\/a><\/p>\n<p><a href=\"https:\/\/www.rassegnastampa-totustuus.it\/cattolica\/islamismo-e-sinistra-la-minaccia-alleata\/\" target=\"_blank\" rel=\"noopener\"><span style=\"color: #0000ff;\">Islamismo e sinistra: la minaccia alleata<\/span><\/a><\/p>\n","protected":false},"excerpt":{"rendered":"<p>Giulio Meotti newsletter 28 Settembre 2024 La lunga e imbarazzante lista di ambigui. Abbiamo persino un ministro della Giustizia che va a trovare il capo di Hezbollah nel bunker. Perch\u00e9 abbiamo sempre avuto la sinistra peggiore d&#8217;Europa di Giulio Meotti<\/p><p><a class=\"more-link btn\" href=\"https:\/\/www.rassegnastampa-totustuus.it\/cattolica\/condoglianze-compagni-italiani-per-la-perdita-del-caro-nasrallah\/\">Continua a leggere<\/a><\/p>\n","protected":false},"author":6,"featured_media":61339,"comment_status":"closed","ping_status":"closed","sticky":false,"template":"","format":"standard","meta":{"footnotes":""},"categories":[35,2943],"tags":[1822,2391,527,1183,1115,1231],"class_list":["post-61338","post","type-post","status-publish","format-standard","has-post-thumbnail","hentry","category-islam-in-italia","category-sinistre","tag-dalema","tag-islam-in-italia","tag-jihad","tag-pd","tag-romano-prodi","tag-sinistre","item-wrap"],"yoast_head":"<!-- This site is optimized with the Yoast SEO plugin v27.4 - https:\/\/yoast.com\/product\/yoast-seo-wordpress\/ -->\n<title>Condoglianze compagni italiani per la perdita del caro Nasrallah - Rassegna Stampa Cattolica<\/title>\n<meta name=\"description\" content=\"Condoglianze compagni italiani per la perdita del caro Nasrallah.La lunga e imbarazzante lista di ambigui.\" \/>\n<meta name=\"robots\" content=\"index, follow, max-snippet:-1, max-image-preview:large, max-video-preview:-1\" \/>\n<link rel=\"canonical\" href=\"https:\/\/www.rassegnastampa-totustuus.it\/cattolica\/condoglianze-compagni-italiani-per-la-perdita-del-caro-nasrallah\/\" \/>\n<meta property=\"og:locale\" content=\"it_IT\" \/>\n<meta property=\"og:type\" content=\"article\" \/>\n<meta property=\"og:title\" content=\"Condoglianze compagni italiani per la perdita del caro Nasrallah - Rassegna Stampa Cattolica\" \/>\n<meta property=\"og:description\" content=\"Condoglianze compagni italiani per la perdita del caro Nasrallah.La lunga e imbarazzante lista di ambigui.\" \/>\n<meta property=\"og:url\" content=\"https:\/\/www.rassegnastampa-totustuus.it\/cattolica\/condoglianze-compagni-italiani-per-la-perdita-del-caro-nasrallah\/\" \/>\n<meta property=\"og:site_name\" content=\"Rassegna Stampa Cattolica\" \/>\n<meta property=\"article:publisher\" content=\"https:\/\/www.facebook.com\/rassegnastampacattolica\" \/>\n<meta property=\"article:published_time\" content=\"2024-09-30T07:30:09+00:00\" \/>\n<meta property=\"article:modified_time\" content=\"2024-10-01T12:31:16+00:00\" \/>\n<meta property=\"og:image\" content=\"https:\/\/www.rassegnastampa-totustuus.it\/cattolica\/wp-content\/uploads\/2024\/09\/sinistra_islam_DAlema.jpg\" \/>\n\t<meta property=\"og:image:width\" content=\"1800\" \/>\n\t<meta property=\"og:image:height\" content=\"1014\" \/>\n\t<meta property=\"og:image:type\" content=\"image\/jpeg\" \/>\n<meta name=\"author\" content=\"Redazione\" \/>\n<meta name=\"twitter:card\" content=\"summary_large_image\" \/>\n<meta name=\"twitter:creator\" content=\"@rassegnastampa9\" \/>\n<meta name=\"twitter:site\" content=\"@rassegnastampa9\" \/>\n<meta name=\"twitter:label1\" content=\"Scritto da\" \/>\n\t<meta name=\"twitter:data1\" content=\"Redazione\" \/>\n\t<meta name=\"twitter:label2\" content=\"Tempo di lettura stimato\" \/>\n\t<meta name=\"twitter:data2\" content=\"7 minuti\" \/>\n<script type=\"application\/ld+json\" class=\"yoast-schema-graph\">{\"@context\":\"https:\\\/\\\/schema.org\",\"@graph\":[{\"@type\":\"Article\",\"@id\":\"https:\\\/\\\/www.rassegnastampa-totustuus.it\\\/cattolica\\\/condoglianze-compagni-italiani-per-la-perdita-del-caro-nasrallah\\\/#article\",\"isPartOf\":{\"@id\":\"https:\\\/\\\/www.rassegnastampa-totustuus.it\\\/cattolica\\\/condoglianze-compagni-italiani-per-la-perdita-del-caro-nasrallah\\\/\"},\"author\":{\"name\":\"Redazione\",\"@id\":\"https:\\\/\\\/www.rassegnastampa-totustuus.it\\\/cattolica\\\/#\\\/schema\\\/person\\\/08f319d2bd1a0904ad9e2bfb7b15e5c3\"},\"headline\":\"Condoglianze compagni italiani per la perdita del caro Nasrallah\",\"datePublished\":\"2024-09-30T07:30:09+00:00\",\"dateModified\":\"2024-10-01T12:31:16+00:00\",\"mainEntityOfPage\":{\"@id\":\"https:\\\/\\\/www.rassegnastampa-totustuus.it\\\/cattolica\\\/condoglianze-compagni-italiani-per-la-perdita-del-caro-nasrallah\\\/\"},\"wordCount\":965,\"publisher\":{\"@id\":\"https:\\\/\\\/www.rassegnastampa-totustuus.it\\\/cattolica\\\/#organization\"},\"image\":{\"@id\":\"https:\\\/\\\/www.rassegnastampa-totustuus.it\\\/cattolica\\\/condoglianze-compagni-italiani-per-la-perdita-del-caro-nasrallah\\\/#primaryimage\"},\"thumbnailUrl\":\"https:\\\/\\\/www.rassegnastampa-totustuus.it\\\/cattolica\\\/wp-content\\\/uploads\\\/2024\\\/09\\\/sinistra_islam_DAlema.jpg\",\"keywords\":[\"D'Alema\",\"Islam in Italia\",\"Jihad\",\"PD\",\"Romano Prodi\",\"sinistre\"],\"articleSection\":[\"Islam in Italia\",\"sinistre\"],\"inLanguage\":\"it-IT\"},{\"@type\":\"WebPage\",\"@id\":\"https:\\\/\\\/www.rassegnastampa-totustuus.it\\\/cattolica\\\/condoglianze-compagni-italiani-per-la-perdita-del-caro-nasrallah\\\/\",\"url\":\"https:\\\/\\\/www.rassegnastampa-totustuus.it\\\/cattolica\\\/condoglianze-compagni-italiani-per-la-perdita-del-caro-nasrallah\\\/\",\"name\":\"Condoglianze compagni italiani per la perdita del caro Nasrallah - Rassegna Stampa Cattolica\",\"isPartOf\":{\"@id\":\"https:\\\/\\\/www.rassegnastampa-totustuus.it\\\/cattolica\\\/#website\"},\"primaryImageOfPage\":{\"@id\":\"https:\\\/\\\/www.rassegnastampa-totustuus.it\\\/cattolica\\\/condoglianze-compagni-italiani-per-la-perdita-del-caro-nasrallah\\\/#primaryimage\"},\"image\":{\"@id\":\"https:\\\/\\\/www.rassegnastampa-totustuus.it\\\/cattolica\\\/condoglianze-compagni-italiani-per-la-perdita-del-caro-nasrallah\\\/#primaryimage\"},\"thumbnailUrl\":\"https:\\\/\\\/www.rassegnastampa-totustuus.it\\\/cattolica\\\/wp-content\\\/uploads\\\/2024\\\/09\\\/sinistra_islam_DAlema.jpg\",\"datePublished\":\"2024-09-30T07:30:09+00:00\",\"dateModified\":\"2024-10-01T12:31:16+00:00\",\"description\":\"Condoglianze compagni italiani per la perdita del caro Nasrallah.La lunga e imbarazzante lista di ambigui.\",\"breadcrumb\":{\"@id\":\"https:\\\/\\\/www.rassegnastampa-totustuus.it\\\/cattolica\\\/condoglianze-compagni-italiani-per-la-perdita-del-caro-nasrallah\\\/#breadcrumb\"},\"inLanguage\":\"it-IT\",\"potentialAction\":[{\"@type\":\"ReadAction\",\"target\":[\"https:\\\/\\\/www.rassegnastampa-totustuus.it\\\/cattolica\\\/condoglianze-compagni-italiani-per-la-perdita-del-caro-nasrallah\\\/\"]}]},{\"@type\":\"ImageObject\",\"inLanguage\":\"it-IT\",\"@id\":\"https:\\\/\\\/www.rassegnastampa-totustuus.it\\\/cattolica\\\/condoglianze-compagni-italiani-per-la-perdita-del-caro-nasrallah\\\/#primaryimage\",\"url\":\"https:\\\/\\\/www.rassegnastampa-totustuus.it\\\/cattolica\\\/wp-content\\\/uploads\\\/2024\\\/09\\\/sinistra_islam_DAlema.jpg\",\"contentUrl\":\"https:\\\/\\\/www.rassegnastampa-totustuus.it\\\/cattolica\\\/wp-content\\\/uploads\\\/2024\\\/09\\\/sinistra_islam_DAlema.jpg\",\"width\":1800,\"height\":1014},{\"@type\":\"BreadcrumbList\",\"@id\":\"https:\\\/\\\/www.rassegnastampa-totustuus.it\\\/cattolica\\\/condoglianze-compagni-italiani-per-la-perdita-del-caro-nasrallah\\\/#breadcrumb\",\"itemListElement\":[{\"@type\":\"ListItem\",\"position\":1,\"name\":\"Home\",\"item\":\"https:\\\/\\\/www.rassegnastampa-totustuus.it\\\/cattolica\\\/\"},{\"@type\":\"ListItem\",\"position\":2,\"name\":\"Condoglianze compagni italiani per la perdita del caro Nasrallah\"}]},{\"@type\":\"WebSite\",\"@id\":\"https:\\\/\\\/www.rassegnastampa-totustuus.it\\\/cattolica\\\/#website\",\"url\":\"https:\\\/\\\/www.rassegnastampa-totustuus.it\\\/cattolica\\\/\",\"name\":\"Rassegna Stampa Cattolica\",\"description\":\"Per una cultura che nasce dalla Rivelazione cristiana in conformit\u00e0 alla tradizione e al Magistero della Chiesa in opposizione ad ogni relativismo e totalitarismo\",\"publisher\":{\"@id\":\"https:\\\/\\\/www.rassegnastampa-totustuus.it\\\/cattolica\\\/#organization\"},\"alternateName\":\"Rass. Cattolica\",\"potentialAction\":[{\"@type\":\"SearchAction\",\"target\":{\"@type\":\"EntryPoint\",\"urlTemplate\":\"https:\\\/\\\/www.rassegnastampa-totustuus.it\\\/cattolica\\\/?s={search_term_string}\"},\"query-input\":{\"@type\":\"PropertyValueSpecification\",\"valueRequired\":true,\"valueName\":\"search_term_string\"}}],\"inLanguage\":\"it-IT\"},{\"@type\":\"Organization\",\"@id\":\"https:\\\/\\\/www.rassegnastampa-totustuus.it\\\/cattolica\\\/#organization\",\"name\":\"Rassegna Stampa Cattolica\",\"url\":\"https:\\\/\\\/www.rassegnastampa-totustuus.it\\\/cattolica\\\/\",\"logo\":{\"@type\":\"ImageObject\",\"inLanguage\":\"it-IT\",\"@id\":\"https:\\\/\\\/www.rassegnastampa-totustuus.it\\\/cattolica\\\/#\\\/schema\\\/logo\\\/image\\\/\",\"url\":\"https:\\\/\\\/www.rassegnastampa-totustuus.it\\\/cattolica\\\/wp-content\\\/uploads\\\/2014\\\/04\\\/logo-rassegna1.gif\",\"contentUrl\":\"https:\\\/\\\/www.rassegnastampa-totustuus.it\\\/cattolica\\\/wp-content\\\/uploads\\\/2014\\\/04\\\/logo-rassegna1.gif\",\"width\":600,\"height\":163,\"caption\":\"Rassegna Stampa Cattolica\"},\"image\":{\"@id\":\"https:\\\/\\\/www.rassegnastampa-totustuus.it\\\/cattolica\\\/#\\\/schema\\\/logo\\\/image\\\/\"},\"sameAs\":[\"https:\\\/\\\/www.facebook.com\\\/rassegnastampacattolica\",\"https:\\\/\\\/x.com\\\/rassegnastampa9\"]},{\"@type\":\"Person\",\"@id\":\"https:\\\/\\\/www.rassegnastampa-totustuus.it\\\/cattolica\\\/#\\\/schema\\\/person\\\/08f319d2bd1a0904ad9e2bfb7b15e5c3\",\"name\":\"Redazione\",\"image\":{\"@type\":\"ImageObject\",\"inLanguage\":\"it-IT\",\"@id\":\"https:\\\/\\\/secure.gravatar.com\\\/avatar\\\/2fcdf27c78ea025fbdb44e914cc63c72249ffec9dc8aafd5c82b26240ef3f346?s=96&d=mm&r=g\",\"url\":\"https:\\\/\\\/secure.gravatar.com\\\/avatar\\\/2fcdf27c78ea025fbdb44e914cc63c72249ffec9dc8aafd5c82b26240ef3f346?s=96&d=mm&r=g\",\"contentUrl\":\"https:\\\/\\\/secure.gravatar.com\\\/avatar\\\/2fcdf27c78ea025fbdb44e914cc63c72249ffec9dc8aafd5c82b26240ef3f346?s=96&d=mm&r=g\",\"caption\":\"Redazione\"},\"url\":\"https:\\\/\\\/www.rassegnastampa-totustuus.it\\\/cattolica\\\/author\\\/pietroelle\\\/\"}]}<\/script>\n<!-- \/ Yoast SEO plugin. -->","yoast_head_json":{"title":"Condoglianze compagni italiani per la perdita del caro Nasrallah - Rassegna Stampa Cattolica","description":"Condoglianze compagni italiani per la perdita del caro Nasrallah.La lunga e imbarazzante lista di ambigui.","robots":{"index":"index","follow":"follow","max-snippet":"max-snippet:-1","max-image-preview":"max-image-preview:large","max-video-preview":"max-video-preview:-1"},"canonical":"https:\/\/www.rassegnastampa-totustuus.it\/cattolica\/condoglianze-compagni-italiani-per-la-perdita-del-caro-nasrallah\/","og_locale":"it_IT","og_type":"article","og_title":"Condoglianze compagni italiani per la perdita del caro Nasrallah - Rassegna Stampa Cattolica","og_description":"Condoglianze compagni italiani per la perdita del caro Nasrallah.La lunga e imbarazzante lista di ambigui.","og_url":"https:\/\/www.rassegnastampa-totustuus.it\/cattolica\/condoglianze-compagni-italiani-per-la-perdita-del-caro-nasrallah\/","og_site_name":"Rassegna Stampa Cattolica","article_publisher":"https:\/\/www.facebook.com\/rassegnastampacattolica","article_published_time":"2024-09-30T07:30:09+00:00","article_modified_time":"2024-10-01T12:31:16+00:00","og_image":[{"width":1800,"height":1014,"url":"https:\/\/www.rassegnastampa-totustuus.it\/cattolica\/wp-content\/uploads\/2024\/09\/sinistra_islam_DAlema.jpg","type":"image\/jpeg"}],"author":"Redazione","twitter_card":"summary_large_image","twitter_creator":"@rassegnastampa9","twitter_site":"@rassegnastampa9","twitter_misc":{"Scritto da":"Redazione","Tempo di lettura stimato":"7 minuti"},"schema":{"@context":"https:\/\/schema.org","@graph":[{"@type":"Article","@id":"https:\/\/www.rassegnastampa-totustuus.it\/cattolica\/condoglianze-compagni-italiani-per-la-perdita-del-caro-nasrallah\/#article","isPartOf":{"@id":"https:\/\/www.rassegnastampa-totustuus.it\/cattolica\/condoglianze-compagni-italiani-per-la-perdita-del-caro-nasrallah\/"},"author":{"name":"Redazione","@id":"https:\/\/www.rassegnastampa-totustuus.it\/cattolica\/#\/schema\/person\/08f319d2bd1a0904ad9e2bfb7b15e5c3"},"headline":"Condoglianze compagni italiani per la perdita del caro Nasrallah","datePublished":"2024-09-30T07:30:09+00:00","dateModified":"2024-10-01T12:31:16+00:00","mainEntityOfPage":{"@id":"https:\/\/www.rassegnastampa-totustuus.it\/cattolica\/condoglianze-compagni-italiani-per-la-perdita-del-caro-nasrallah\/"},"wordCount":965,"publisher":{"@id":"https:\/\/www.rassegnastampa-totustuus.it\/cattolica\/#organization"},"image":{"@id":"https:\/\/www.rassegnastampa-totustuus.it\/cattolica\/condoglianze-compagni-italiani-per-la-perdita-del-caro-nasrallah\/#primaryimage"},"thumbnailUrl":"https:\/\/www.rassegnastampa-totustuus.it\/cattolica\/wp-content\/uploads\/2024\/09\/sinistra_islam_DAlema.jpg","keywords":["D'Alema","Islam in Italia","Jihad","PD","Romano Prodi","sinistre"],"articleSection":["Islam in Italia","sinistre"],"inLanguage":"it-IT"},{"@type":"WebPage","@id":"https:\/\/www.rassegnastampa-totustuus.it\/cattolica\/condoglianze-compagni-italiani-per-la-perdita-del-caro-nasrallah\/","url":"https:\/\/www.rassegnastampa-totustuus.it\/cattolica\/condoglianze-compagni-italiani-per-la-perdita-del-caro-nasrallah\/","name":"Condoglianze compagni italiani per la perdita del caro Nasrallah - Rassegna Stampa Cattolica","isPartOf":{"@id":"https:\/\/www.rassegnastampa-totustuus.it\/cattolica\/#website"},"primaryImageOfPage":{"@id":"https:\/\/www.rassegnastampa-totustuus.it\/cattolica\/condoglianze-compagni-italiani-per-la-perdita-del-caro-nasrallah\/#primaryimage"},"image":{"@id":"https:\/\/www.rassegnastampa-totustuus.it\/cattolica\/condoglianze-compagni-italiani-per-la-perdita-del-caro-nasrallah\/#primaryimage"},"thumbnailUrl":"https:\/\/www.rassegnastampa-totustuus.it\/cattolica\/wp-content\/uploads\/2024\/09\/sinistra_islam_DAlema.jpg","datePublished":"2024-09-30T07:30:09+00:00","dateModified":"2024-10-01T12:31:16+00:00","description":"Condoglianze compagni italiani per la perdita del caro Nasrallah.La lunga e imbarazzante lista di ambigui.","breadcrumb":{"@id":"https:\/\/www.rassegnastampa-totustuus.it\/cattolica\/condoglianze-compagni-italiani-per-la-perdita-del-caro-nasrallah\/#breadcrumb"},"inLanguage":"it-IT","potentialAction":[{"@type":"ReadAction","target":["https:\/\/www.rassegnastampa-totustuus.it\/cattolica\/condoglianze-compagni-italiani-per-la-perdita-del-caro-nasrallah\/"]}]},{"@type":"ImageObject","inLanguage":"it-IT","@id":"https:\/\/www.rassegnastampa-totustuus.it\/cattolica\/condoglianze-compagni-italiani-per-la-perdita-del-caro-nasrallah\/#primaryimage","url":"https:\/\/www.rassegnastampa-totustuus.it\/cattolica\/wp-content\/uploads\/2024\/09\/sinistra_islam_DAlema.jpg","contentUrl":"https:\/\/www.rassegnastampa-totustuus.it\/cattolica\/wp-content\/uploads\/2024\/09\/sinistra_islam_DAlema.jpg","width":1800,"height":1014},{"@type":"BreadcrumbList","@id":"https:\/\/www.rassegnastampa-totustuus.it\/cattolica\/condoglianze-compagni-italiani-per-la-perdita-del-caro-nasrallah\/#breadcrumb","itemListElement":[{"@type":"ListItem","position":1,"name":"Home","item":"https:\/\/www.rassegnastampa-totustuus.it\/cattolica\/"},{"@type":"ListItem","position":2,"name":"Condoglianze compagni italiani per la perdita del caro Nasrallah"}]},{"@type":"WebSite","@id":"https:\/\/www.rassegnastampa-totustuus.it\/cattolica\/#website","url":"https:\/\/www.rassegnastampa-totustuus.it\/cattolica\/","name":"Rassegna Stampa Cattolica","description":"Per una cultura che nasce dalla Rivelazione cristiana in conformit\u00e0 alla tradizione e al Magistero della Chiesa in opposizione ad ogni relativismo e totalitarismo","publisher":{"@id":"https:\/\/www.rassegnastampa-totustuus.it\/cattolica\/#organization"},"alternateName":"Rass. Cattolica","potentialAction":[{"@type":"SearchAction","target":{"@type":"EntryPoint","urlTemplate":"https:\/\/www.rassegnastampa-totustuus.it\/cattolica\/?s={search_term_string}"},"query-input":{"@type":"PropertyValueSpecification","valueRequired":true,"valueName":"search_term_string"}}],"inLanguage":"it-IT"},{"@type":"Organization","@id":"https:\/\/www.rassegnastampa-totustuus.it\/cattolica\/#organization","name":"Rassegna Stampa Cattolica","url":"https:\/\/www.rassegnastampa-totustuus.it\/cattolica\/","logo":{"@type":"ImageObject","inLanguage":"it-IT","@id":"https:\/\/www.rassegnastampa-totustuus.it\/cattolica\/#\/schema\/logo\/image\/","url":"https:\/\/www.rassegnastampa-totustuus.it\/cattolica\/wp-content\/uploads\/2014\/04\/logo-rassegna1.gif","contentUrl":"https:\/\/www.rassegnastampa-totustuus.it\/cattolica\/wp-content\/uploads\/2014\/04\/logo-rassegna1.gif","width":600,"height":163,"caption":"Rassegna Stampa Cattolica"},"image":{"@id":"https:\/\/www.rassegnastampa-totustuus.it\/cattolica\/#\/schema\/logo\/image\/"},"sameAs":["https:\/\/www.facebook.com\/rassegnastampacattolica","https:\/\/x.com\/rassegnastampa9"]},{"@type":"Person","@id":"https:\/\/www.rassegnastampa-totustuus.it\/cattolica\/#\/schema\/person\/08f319d2bd1a0904ad9e2bfb7b15e5c3","name":"Redazione","image":{"@type":"ImageObject","inLanguage":"it-IT","@id":"https:\/\/secure.gravatar.com\/avatar\/2fcdf27c78ea025fbdb44e914cc63c72249ffec9dc8aafd5c82b26240ef3f346?s=96&d=mm&r=g","url":"https:\/\/secure.gravatar.com\/avatar\/2fcdf27c78ea025fbdb44e914cc63c72249ffec9dc8aafd5c82b26240ef3f346?s=96&d=mm&r=g","contentUrl":"https:\/\/secure.gravatar.com\/avatar\/2fcdf27c78ea025fbdb44e914cc63c72249ffec9dc8aafd5c82b26240ef3f346?s=96&d=mm&r=g","caption":"Redazione"},"url":"https:\/\/www.rassegnastampa-totustuus.it\/cattolica\/author\/pietroelle\/"}]}},"_links":{"self":[{"href":"https:\/\/www.rassegnastampa-totustuus.it\/cattolica\/wp-json\/wp\/v2\/posts\/61338","targetHints":{"allow":["GET"]}}],"collection":[{"href":"https:\/\/www.rassegnastampa-totustuus.it\/cattolica\/wp-json\/wp\/v2\/posts"}],"about":[{"href":"https:\/\/www.rassegnastampa-totustuus.it\/cattolica\/wp-json\/wp\/v2\/types\/post"}],"author":[{"embeddable":true,"href":"https:\/\/www.rassegnastampa-totustuus.it\/cattolica\/wp-json\/wp\/v2\/users\/6"}],"replies":[{"embeddable":true,"href":"https:\/\/www.rassegnastampa-totustuus.it\/cattolica\/wp-json\/wp\/v2\/comments?post=61338"}],"version-history":[{"count":2,"href":"https:\/\/www.rassegnastampa-totustuus.it\/cattolica\/wp-json\/wp\/v2\/posts\/61338\/revisions"}],"predecessor-version":[{"id":61358,"href":"https:\/\/www.rassegnastampa-totustuus.it\/cattolica\/wp-json\/wp\/v2\/posts\/61338\/revisions\/61358"}],"wp:featuredmedia":[{"embeddable":true,"href":"https:\/\/www.rassegnastampa-totustuus.it\/cattolica\/wp-json\/wp\/v2\/media\/61339"}],"wp:attachment":[{"href":"https:\/\/www.rassegnastampa-totustuus.it\/cattolica\/wp-json\/wp\/v2\/media?parent=61338"}],"wp:term":[{"taxonomy":"category","embeddable":true,"href":"https:\/\/www.rassegnastampa-totustuus.it\/cattolica\/wp-json\/wp\/v2\/categories?post=61338"},{"taxonomy":"post_tag","embeddable":true,"href":"https:\/\/www.rassegnastampa-totustuus.it\/cattolica\/wp-json\/wp\/v2\/tags?post=61338"}],"curies":[{"name":"wp","href":"https:\/\/api.w.org\/{rel}","templated":true}]}}