{"id":61238,"date":"2024-09-20T11:39:36","date_gmt":"2024-09-20T09:39:36","guid":{"rendered":"https:\/\/www.rassegnastampa-totustuus.it\/cattolica\/?p=61238"},"modified":"2024-09-20T11:39:37","modified_gmt":"2024-09-20T09:39:37","slug":"immigrazionismo-e-crimini-i-danni-del-socialismo-in-svezia","status":"publish","type":"post","link":"https:\/\/www.rassegnastampa-totustuus.it\/cattolica\/immigrazionismo-e-crimini-i-danni-del-socialismo-in-svezia\/","title":{"rendered":"Immigrazionismo e crimini, i danni del socialismo in Svezia"},"content":{"rendered":"<p style=\"text-align: center;\"><strong><span style=\"color: #0000ff;\"><img loading=\"lazy\" decoding=\"async\" class=\" wp-image-50554 alignleft\" src=\"https:\/\/www.rassegnastampa-totustuus.it\/cattolica\/wp-content\/uploads\/2021\/04\/donne_Svezia_Polizia-300x169.jpg\" alt=\"\" width=\"337\" height=\"190\" srcset=\"https:\/\/www.rassegnastampa-totustuus.it\/cattolica\/wp-content\/uploads\/2021\/04\/donne_Svezia_Polizia-300x169.jpg 300w, https:\/\/www.rassegnastampa-totustuus.it\/cattolica\/wp-content\/uploads\/2021\/04\/donne_Svezia_Polizia-768x432.jpg 768w, https:\/\/www.rassegnastampa-totustuus.it\/cattolica\/wp-content\/uploads\/2021\/04\/donne_Svezia_Polizia.jpg 976w\" sizes=\"auto, (max-width: 337px) 100vw, 337px\" \/>La Nuova Bussola quotidiana<\/span> <em>17 Settembre 2024<\/em> <\/strong><\/p>\n<p style=\"text-align: justify;\"><span style=\"color: #000000;\"><em>La Svezia ha il pi\u00f9 alto tasso pro capite di violenza armata tra i Paesi dell\u2019Ue. C\u2019\u00e8 un legame tra l\u2019immigrazione incontrollata, favorita dalle sinistre, e la criminalit\u00e0 delle bande. E ora si investe nella remigrazione: pagare gli immigrati per rimpatriare. <\/em><\/span><\/p>\n<p style=\"text-align: center;\"><span style=\"color: #000000;\">di <strong>Luca Volont\u00e9<\/strong><\/span><\/p>\n<p><!--more--><\/p>\n<p style=\"text-align: justify;\"><span style=\"color: #000000;\">In Svezia il danno lasciato da socialisti e sinistre, dopo 8 anni <\/span><span style=\"color: #0000ff;\"><a style=\"color: #0000ff;\" href=\"https:\/\/en.wikipedia.org\/wiki\/Swedish_Social_Democratic_Party\" target=\"_blank\" rel=\"noopener\">ininterrotti<\/a> <\/span>d<span style=\"color: #000000;\">i potere nel XXI secolo e pressoch\u00e9 sempre nel corso del XX, si paga ora in tutti i Paesi scandinavi. Dopo anni di favore verso l\u2019immigrazionismo, anche illegale, la falsa tolleranza nei confronti di \u201cenclave\u201d cittadine abbandonate alla legge islamica, anche peggio delle <em>banlieue<\/em> francesi, le bande criminali e giovanili islamiche ora presentano il conto salato che l\u2019intera societ\u00e0 deve pagare per ripristinare ordine, sicurezza e un decente comune senso civico.<\/span><\/p>\n<p style=\"text-align: justify;\"><span style=\"color: #000000;\"><strong><img loading=\"lazy\" decoding=\"async\" class=\"wp-image-55455 alignright\" src=\"https:\/\/www.rassegnastampa-totustuus.it\/cattolica\/wp-content\/uploads\/2023\/01\/islam_immigrazione_europa-300x168.jpg\" alt=\"\" width=\"357\" height=\"200\" \/>Tutto ci\u00f2 mostra i fallimenti della \u201csostituzione etnica\u201d e del \u201cmeticciato\u201d<\/strong> e segna la fine della favola sul multiculturalismo e delle politiche europee promosse dall\u2019attuale commissario europeo, svedese e socialista,<\/span><span style=\"color: #0000ff;\"> <a style=\"color: #0000ff;\" href=\"https:\/\/commissioners.ec.europa.eu\/ylva-johansson_en\" target=\"_blank\" rel=\"noopener\">Ylva Johansson<\/a>.<\/span><\/p>\n<p style=\"text-align: justify;\"><strong><span style=\"color: #000000;\">La Svezia ha il pi\u00f9 alto<\/span> <span style=\"color: #0000ff;\"><a style=\"color: #0000ff;\" href=\"https:\/\/www.reuters.com\/world\/europe\/sweden-denmark-pressure-tech-platforms-over-gang-crime-ads-2024-08-21\/\" target=\"_blank\" rel=\"noopener\">tasso pro capite<\/a> <\/span><span style=\"color: #000000;\">di violenza armata nell&#8217;Unione europea<\/span><\/strong><span style=\"color: #000000;\">: l&#8217;anno scorso il paese ha registrato oltre<\/span> <span style=\"color: #0000ff;\"><a style=\"color: #0000ff;\" href=\"https:\/\/statista.com\/statistics\/1462427\/explosive-attacks-in-sweden\/\" target=\"_blank\" rel=\"noopener\">350 attentati riusciti o sventati<\/a><\/span> <span style=\"color: #000000;\">e<\/span> <span style=\"color: #0000ff;\"><a style=\"color: #0000ff;\" href=\"https:\/\/www.statista.com\/statistics\/1178223\/number-of-shootings-in-sweden\/\" target=\"_blank\" rel=\"noopener\">363 sparatorie<\/a><\/span> <span style=\"color: #000000;\">(con 53 morti e 109 feriti), i numeri pi\u00f9 alti di tutta Europa, in un Paese che una volta aveva la minor quantit\u00e0 di crimini con armi da fuoco, pro capite. Al contrario, gli altri tre Paesi nordici hanno registrato solo sei sparatorie mortali nel 2023. Dall\u2019inizio del 2024 e sino all<\/span>\u2019<span style=\"color: #0000ff;\"><a style=\"color: #0000ff;\" href=\"https:\/\/polisen.se\/om-polisen\/polisens-arbete\/sprangningar-och-skjutningar\/\" target=\"_blank\" rel=\"noopener\">estate<\/a><\/span>, <span style=\"color: #000000;\">si sono registrate nel Paese 109 sparatorie con 14 morti e 19 feriti, oltre a 50 attentati, 29 tentativi di attentati dinamitardi, con la polizia che ha evitato ben 74 preparativi per attentati. \u00a0<\/span><\/p>\n<p style=\"text-align: justify;\"><span style=\"color: #000000;\"><strong>Lo scorso 13 settembre<\/strong> la polizia ha reso noto di aver identificato circa 600 persone, residenti all\u2019estero, ma coinvolte nel crimine organizzato contro la Svezia, operando in 57 Paesi diversi (prevalentemente in Spagna e, pi\u00f9 recentemente, in Turchia, Marocco, Emirati Arabi Uniti, Balcani, Tunisia, Iran, Iraq, Portogallo e diversi Paesi sudamericani). \u00abAbbiamo una tendenza criminale grave e in continua evoluzione in Svezia, dove gran parte dei crimini sono ordinati e diretti dall&#8217;estero. Questi individui influenzano quindi il crimine che stiamo vedendo ora nel Paese\u00bb,<\/span> <a href=\"https:\/\/polisen.se\/aktuellt\/nyheter\/nationell\/2024\/september\/cirka-600-gangkriminella-utomlands\/\" target=\"_blank\" rel=\"noopener\">ha detto<\/a> <span style=\"color: #000000;\">Petra Lundh, commissario della polizia nazionale.<\/span><\/p>\n<p style=\"text-align: justify;\"><span style=\"color: #000000;\"><strong>Questi criminali sono principalmente coinvolti nel traffico di droga, nella violenza e nel riciclaggio di denaro<\/strong>, con <img loading=\"lazy\" decoding=\"async\" class=\" wp-image-53014 alignleft\" src=\"https:\/\/www.rassegnastampa-totustuus.it\/cattolica\/wp-content\/uploads\/2021\/11\/Svezia_crimini_immigrazione-300x169.jpg\" alt=\"\" width=\"367\" height=\"207\" srcset=\"https:\/\/www.rassegnastampa-totustuus.it\/cattolica\/wp-content\/uploads\/2021\/11\/Svezia_crimini_immigrazione-300x169.jpg 300w, https:\/\/www.rassegnastampa-totustuus.it\/cattolica\/wp-content\/uploads\/2021\/11\/Svezia_crimini_immigrazione-768x432.jpg 768w, https:\/\/www.rassegnastampa-totustuus.it\/cattolica\/wp-content\/uploads\/2021\/11\/Svezia_crimini_immigrazione-1024x576.jpg 1024w, https:\/\/www.rassegnastampa-totustuus.it\/cattolica\/wp-content\/uploads\/2021\/11\/Svezia_crimini_immigrazione.jpg 1440w\" sizes=\"auto, (max-width: 367px) 100vw, 367px\" \/>ulteriori reati, tra cui il traffico di armi e la frode. G\u00f6ran Adamson, consulente politico e professore associato con un dottorato di ricerca presso la London School of Economics, ha detto al<\/span> <span style=\"color: #0000ff;\"><em><a style=\"color: #0000ff;\" href=\"https:\/\/www.dailymail.co.uk\/news\/article-13501783\/How-Sweden-haven-mafia-gangs.html\" target=\"_blank\" rel=\"noopener\">Daily Mail<\/a><\/em> <\/span><span style=\"color: #000000;\">che esiste un chiaro legame tra l&#8217;immigrazione e la criminalit\u00e0 delle bande in Svezia. Citando il suo <a style=\"color: #000000;\" href=\"https:\/\/read-me.org\/more-global-crime\/2024\/6\/19\/migrants-and-crime-in-sweden-in-the-twenty-first-century\">studio<\/a> del 2020, \u201cMigranti e criminalit\u00e0 in Svezia nel XXI secolo\u201d, ha affermato che una persona con un background migratorio pu\u00f2 avere due, tre o anche quattro volte pi\u00f9 probabilit\u00e0 di essere coinvolta o sospettata di attivit\u00e0 criminali rispetto a uno svedese medio. \u00abQuando alcune persone dicono che non c&#8217;\u00e8 alcun legame tra migrazione e criminalit\u00e0, non stanno dicendo la verit\u00e0\u00bb, ha detto Adamson, aggiungendo: \u00abI dati dell&#8217;agenzia per la prevenzione del crimine ci dicono questo [&#8230;], queste sono solo le statistiche nude e crude\u00bb.<\/span><\/p>\n<p style=\"text-align: justify;\"><span style=\"color: #000000;\"><strong>Perci\u00f2 la Svezia \u00e8 costretta ad aumentare anche la spesa per il suo sistema giudiziario<\/strong> di 3,46 miliardi di corone (circa 305 milioni di euro) nella sua legge di bilancio per il 2025, in modo da frenare gli alti tassi di criminalit\u00e0 e ripristinare la giustizia, ha<\/span> <span style=\"color: #0000ff;\"><a style=\"color: #0000ff;\" href=\"https:\/\/www.reuters.com\/world\/europe\/sweden-boosts-justice-system-spending-tackle-crime-2024-09-11\/\" target=\"_blank\" rel=\"noopener\">dichiarato<\/a><\/span> <span style=\"color: #000000;\">il ministro della Giustizia, Gunnar Str\u00f6mmer. La criminalit\u00e0 delle bande svedesi non \u00e8 solo un problema crescente all&#8217;interno del Paese, ma ha colpito anche i<\/span> <span style=\"color: #0000ff;\"><a style=\"color: #0000ff;\" href=\"https:\/\/europeanconservative.com\/articles\/news\/who-are-swedens-child-soldiers\/\" target=\"_blank\" rel=\"noopener\">Paesi vicini<\/a>,<\/span><span style=\"color: #000000;\"> portando la<\/span> <span style=\"color: #0000ff;\"><a style=\"color: #0000ff;\" href=\"https:\/\/www.reuters.com\/world\/europe\/sweden-denmark-pressure-tech-platforms-over-gang-crime-ads-2024-08-21\/\" target=\"_blank\" rel=\"noopener\">Danimarca<\/a><\/span> <span style=\"color: #000000;\">a ripristinare i controlli alle frontiere, attivare controlli congiunti con i giganti dei<\/span> <span style=\"color: #0000ff;\"><a style=\"color: #0000ff;\" href=\"https:\/\/www.reuters.com\/world\/europe\/sweden-denmark-pressure-tech-platforms-over-gang-crime-ads-2024-08-21\/\" target=\"_blank\" rel=\"noopener\">social media<\/a><\/span><span style=\"color: #000000;\"> e sviluppare con i Paesi nordici una<\/span> <a href=\"https:\/\/www.reuters.com\/world\/europe\/nordic-countries-join-forces-combat-spread-swedish-gang-crime-2024-08-14\/\" target=\"_blank\" rel=\"noopener\"><span style=\"color: #0000ff;\">cooperazione regionale<\/span><\/a> <span style=\"color: #000000;\">per affrontare il problema delle bande criminali e gang di adolescenti.<\/span><\/p>\n<p style=\"text-align: justify;\"><span style=\"color: #000000;\"><strong>La Norvegia<\/strong>, un Paese non appartenente all&#8217;Ue ma membro dell&#8217;area Schengen, ha voluto intensificare la cooperazione <img loading=\"lazy\" decoding=\"async\" class=\"size-full wp-image-6928 alignleft\" src=\"https:\/\/www.rassegnastampa-totustuus.it\/cattolica\/wp-content\/uploads\/2014\/01\/bandiera_norvegia.jpg\" alt=\"\" width=\"256\" height=\"197\" \/>regionale da quando \u00e8 stato recentemente scoperto che le bande di migranti &#8220;svedesi&#8221; sono<\/span> <span style=\"color: #0000ff;\"><a style=\"color: #0000ff;\" href=\"https:\/\/www.euractiv.com\/section\/politics\/news\/norway-increasingly-concerned-by-swedish-gangs\/\" target=\"_blank\" rel=\"noopener\">attive in ogni regione<\/a><\/span> <span style=\"color: #000000;\">del Paese, con una prevalenza in costante aumento di crimini violenti. A fronte di tutto ci\u00f2, oltre ad una stretta per l\u2019immigrazione non qualificata, il governo \u00e8 in procinto di approvare nuove norme sulla cosiddetta <em>remigrazione. <\/em>Attualmente, gli immigrati che optano per il rimpatrio volontario\u00a0possono ricevere solo fino a circa 877 euro per adulto\u00a0e 438 euro per bambino, con un tetto massimo di 3.511 euro per famiglia.<\/span><\/p>\n<p style=\"text-align: justify;\"><span style=\"color: #000000;\"><strong>Questi aiuti, voluti dai socialisti dal 1984<\/strong>, sono stati poco usati; l&#8217;anno scorso solo una persona ha accettato l&#8217;offerta. Il governo di centrodestra, sull\u2019esempio di altri Paesi (la Danimarca offre circa 13.500 euro a persona a chi rientra volontariamente, mentre in Norvegia l&#8217;incentivo \u00e8 di 1.265 euro, in Francia 2.500 euro e in Germania 1.800 euro), ha deciso un<\/span> <span style=\"color: #0000ff;\"><a style=\"color: #0000ff;\" href=\"https:\/\/www.thelocal.se\/20240912\/whats-in-swedens-multimillion-budget-plan-to-curb-migration\" target=\"_blank\" rel=\"noopener\">aumento significativo<\/a><\/span> <span style=\"color: #000000;\">degli incentivi finanziari per gli immigrati che desiderano tornare volontariamente nei loro Paesi di origine: dal 2026, coloro che torneranno a casa loro riceveranno\u00a0fino a 350.000 corone svedesi\u00a0per adulto, che equivalgono a\u00a0circa 30.850 euro.<\/span><\/p>\n<p style=\"text-align: justify;\"><span style=\"color: #000000;\"><strong>Una spesa significativa per tutti i cittadini<\/strong> che, oltre alle violenze e ai pericoli, ora dovranno ringraziare i socialisti, le lobby e i chierici promotori del mito del \u201cbuon migrante\u201d, banale aggiornamento del \u201cbuon selvaggio\u201d dei secoli scorsi, per l\u2019insicurezza sociale e le nuove tasse.<\/span><\/p>\n<p>______________________________________________<\/p>\n<p><strong><span style=\"color: #000000;\">Leggi anche:<\/span><\/strong><\/p>\n<p><a href=\"https:\/\/www.rassegnastampa-totustuus.it\/cattolica\/svezia-piccoli-jihadisti-crescono-e-spadroneggiano\/\" target=\"_blank\" rel=\"noopener\"><span style=\"color: #0000ff;\">Svezia, piccoli jihadisti crescono. E spadroneggiano<\/span><\/a><\/p>\n<p><a href=\"https:\/\/www.rassegnastampa-totustuus.it\/cattolica\/svezia-provincia-dellafghanistan\/\" target=\"_blank\" rel=\"noopener\"><span style=\"color: #0000ff;\">Svezia, provincia dell\u2019Afghanistan<\/span><\/a><\/p>\n\n\n<p><\/p>\n","protected":false},"excerpt":{"rendered":"<p>La Nuova Bussola quotidiana 17 Settembre 2024 La Svezia ha il pi\u00f9 alto tasso pro capite di violenza armata tra i Paesi dell\u2019Ue. C\u2019\u00e8 un legame tra l\u2019immigrazione incontrollata, favorita dalle sinistre, e la criminalit\u00e0 delle bande. E ora si investe nella remigrazione: pagare gli immigrati per rimpatriare. di Luca Volont\u00e9<\/p><p><a class=\"more-link btn\" href=\"https:\/\/www.rassegnastampa-totustuus.it\/cattolica\/immigrazionismo-e-crimini-i-danni-del-socialismo-in-svezia\/\">Continua a leggere<\/a><\/p>\n","protected":false},"author":6,"featured_media":50554,"comment_status":"closed","ping_status":"closed","sticky":false,"template":"","format":"standard","meta":{"footnotes":""},"categories":[38,108],"tags":[2392,545,652,2493],"class_list":["post-61238","post","type-post","status-publish","format-standard","has-post-thumbnail","hentry","category-immigrazione","category-paesi-e-continenti","tag-immigrazione","tag-paesi-e-continenti-2","tag-socialismo","tag-svezia","item-wrap"],"yoast_head":"<!-- This site is optimized with the Yoast SEO plugin v27.5 - https:\/\/yoast.com\/product\/yoast-seo-wordpress\/ -->\n<title>Immigrazionismo e crimini, i danni del socialismo in Svezia - Rassegna Stampa Cattolica<\/title>\n<meta name=\"description\" content=\"Immigrazionismo e crimini, i danni del socialismo in Svezia con il pi\u00f9 alto tasso ci violenza armata di tutta l&#039;Unione europea\" \/>\n<meta name=\"robots\" content=\"index, follow, max-snippet:-1, max-image-preview:large, max-video-preview:-1\" \/>\n<link rel=\"canonical\" href=\"https:\/\/www.rassegnastampa-totustuus.it\/cattolica\/immigrazionismo-e-crimini-i-danni-del-socialismo-in-svezia\/\" \/>\n<meta property=\"og:locale\" content=\"it_IT\" \/>\n<meta property=\"og:type\" content=\"article\" \/>\n<meta property=\"og:title\" content=\"Immigrazionismo e crimini, i danni del socialismo in Svezia - Rassegna Stampa Cattolica\" \/>\n<meta property=\"og:description\" content=\"Immigrazionismo e crimini, i danni del socialismo in Svezia con il pi\u00f9 alto tasso ci violenza armata di tutta l&#039;Unione europea\" \/>\n<meta property=\"og:url\" content=\"https:\/\/www.rassegnastampa-totustuus.it\/cattolica\/immigrazionismo-e-crimini-i-danni-del-socialismo-in-svezia\/\" \/>\n<meta property=\"og:site_name\" content=\"Rassegna Stampa Cattolica\" \/>\n<meta property=\"article:publisher\" content=\"https:\/\/www.facebook.com\/rassegnastampacattolica\" \/>\n<meta property=\"article:published_time\" content=\"2024-09-20T09:39:36+00:00\" \/>\n<meta property=\"article:modified_time\" content=\"2024-09-20T09:39:37+00:00\" \/>\n<meta property=\"og:image\" content=\"https:\/\/www.rassegnastampa-totustuus.it\/cattolica\/wp-content\/uploads\/2021\/04\/donne_Svezia_Polizia.jpg\" \/>\n\t<meta property=\"og:image:width\" content=\"976\" \/>\n\t<meta property=\"og:image:height\" content=\"549\" \/>\n\t<meta property=\"og:image:type\" content=\"image\/jpeg\" \/>\n<meta name=\"author\" content=\"Redazione\" \/>\n<meta name=\"twitter:card\" content=\"summary_large_image\" \/>\n<meta name=\"twitter:creator\" content=\"@rassegnastampa9\" \/>\n<meta name=\"twitter:site\" content=\"@rassegnastampa9\" \/>\n<meta name=\"twitter:label1\" content=\"Scritto da\" \/>\n\t<meta name=\"twitter:data1\" content=\"Redazione\" \/>\n\t<meta name=\"twitter:label2\" content=\"Tempo di lettura stimato\" \/>\n\t<meta name=\"twitter:data2\" content=\"6 minuti\" \/>\n<script type=\"application\/ld+json\" class=\"yoast-schema-graph\">{\"@context\":\"https:\\\/\\\/schema.org\",\"@graph\":[{\"@type\":\"Article\",\"@id\":\"https:\\\/\\\/www.rassegnastampa-totustuus.it\\\/cattolica\\\/immigrazionismo-e-crimini-i-danni-del-socialismo-in-svezia\\\/#article\",\"isPartOf\":{\"@id\":\"https:\\\/\\\/www.rassegnastampa-totustuus.it\\\/cattolica\\\/immigrazionismo-e-crimini-i-danni-del-socialismo-in-svezia\\\/\"},\"author\":{\"name\":\"Redazione\",\"@id\":\"https:\\\/\\\/www.rassegnastampa-totustuus.it\\\/cattolica\\\/#\\\/schema\\\/person\\\/08f319d2bd1a0904ad9e2bfb7b15e5c3\"},\"headline\":\"Immigrazionismo e crimini, i danni del socialismo in Svezia\",\"datePublished\":\"2024-09-20T09:39:36+00:00\",\"dateModified\":\"2024-09-20T09:39:37+00:00\",\"mainEntityOfPage\":{\"@id\":\"https:\\\/\\\/www.rassegnastampa-totustuus.it\\\/cattolica\\\/immigrazionismo-e-crimini-i-danni-del-socialismo-in-svezia\\\/\"},\"wordCount\":891,\"publisher\":{\"@id\":\"https:\\\/\\\/www.rassegnastampa-totustuus.it\\\/cattolica\\\/#organization\"},\"image\":{\"@id\":\"https:\\\/\\\/www.rassegnastampa-totustuus.it\\\/cattolica\\\/immigrazionismo-e-crimini-i-danni-del-socialismo-in-svezia\\\/#primaryimage\"},\"thumbnailUrl\":\"https:\\\/\\\/www.rassegnastampa-totustuus.it\\\/cattolica\\\/wp-content\\\/uploads\\\/2021\\\/04\\\/donne_Svezia_Polizia.jpg\",\"keywords\":[\"immigrazione\",\"paesi e continenti\",\"socialismo\",\"Svezia\"],\"articleSection\":[\"Immigrazione\",\"Paesi e continenti\"],\"inLanguage\":\"it-IT\"},{\"@type\":\"WebPage\",\"@id\":\"https:\\\/\\\/www.rassegnastampa-totustuus.it\\\/cattolica\\\/immigrazionismo-e-crimini-i-danni-del-socialismo-in-svezia\\\/\",\"url\":\"https:\\\/\\\/www.rassegnastampa-totustuus.it\\\/cattolica\\\/immigrazionismo-e-crimini-i-danni-del-socialismo-in-svezia\\\/\",\"name\":\"Immigrazionismo e crimini, i danni del socialismo in Svezia - Rassegna Stampa Cattolica\",\"isPartOf\":{\"@id\":\"https:\\\/\\\/www.rassegnastampa-totustuus.it\\\/cattolica\\\/#website\"},\"primaryImageOfPage\":{\"@id\":\"https:\\\/\\\/www.rassegnastampa-totustuus.it\\\/cattolica\\\/immigrazionismo-e-crimini-i-danni-del-socialismo-in-svezia\\\/#primaryimage\"},\"image\":{\"@id\":\"https:\\\/\\\/www.rassegnastampa-totustuus.it\\\/cattolica\\\/immigrazionismo-e-crimini-i-danni-del-socialismo-in-svezia\\\/#primaryimage\"},\"thumbnailUrl\":\"https:\\\/\\\/www.rassegnastampa-totustuus.it\\\/cattolica\\\/wp-content\\\/uploads\\\/2021\\\/04\\\/donne_Svezia_Polizia.jpg\",\"datePublished\":\"2024-09-20T09:39:36+00:00\",\"dateModified\":\"2024-09-20T09:39:37+00:00\",\"description\":\"Immigrazionismo e crimini, i danni del socialismo in Svezia con il pi\u00f9 alto tasso ci violenza armata di tutta l'Unione europea\",\"breadcrumb\":{\"@id\":\"https:\\\/\\\/www.rassegnastampa-totustuus.it\\\/cattolica\\\/immigrazionismo-e-crimini-i-danni-del-socialismo-in-svezia\\\/#breadcrumb\"},\"inLanguage\":\"it-IT\",\"potentialAction\":[{\"@type\":\"ReadAction\",\"target\":[\"https:\\\/\\\/www.rassegnastampa-totustuus.it\\\/cattolica\\\/immigrazionismo-e-crimini-i-danni-del-socialismo-in-svezia\\\/\"]}]},{\"@type\":\"ImageObject\",\"inLanguage\":\"it-IT\",\"@id\":\"https:\\\/\\\/www.rassegnastampa-totustuus.it\\\/cattolica\\\/immigrazionismo-e-crimini-i-danni-del-socialismo-in-svezia\\\/#primaryimage\",\"url\":\"https:\\\/\\\/www.rassegnastampa-totustuus.it\\\/cattolica\\\/wp-content\\\/uploads\\\/2021\\\/04\\\/donne_Svezia_Polizia.jpg\",\"contentUrl\":\"https:\\\/\\\/www.rassegnastampa-totustuus.it\\\/cattolica\\\/wp-content\\\/uploads\\\/2021\\\/04\\\/donne_Svezia_Polizia.jpg\",\"width\":976,\"height\":549},{\"@type\":\"BreadcrumbList\",\"@id\":\"https:\\\/\\\/www.rassegnastampa-totustuus.it\\\/cattolica\\\/immigrazionismo-e-crimini-i-danni-del-socialismo-in-svezia\\\/#breadcrumb\",\"itemListElement\":[{\"@type\":\"ListItem\",\"position\":1,\"name\":\"Home\",\"item\":\"https:\\\/\\\/www.rassegnastampa-totustuus.it\\\/cattolica\\\/\"},{\"@type\":\"ListItem\",\"position\":2,\"name\":\"Immigrazionismo e crimini, i danni del socialismo in Svezia\"}]},{\"@type\":\"WebSite\",\"@id\":\"https:\\\/\\\/www.rassegnastampa-totustuus.it\\\/cattolica\\\/#website\",\"url\":\"https:\\\/\\\/www.rassegnastampa-totustuus.it\\\/cattolica\\\/\",\"name\":\"Rassegna Stampa Cattolica\",\"description\":\"Per una cultura che nasce dalla Rivelazione cristiana in conformit\u00e0 alla tradizione e al Magistero della Chiesa in opposizione ad ogni relativismo e totalitarismo\",\"publisher\":{\"@id\":\"https:\\\/\\\/www.rassegnastampa-totustuus.it\\\/cattolica\\\/#organization\"},\"alternateName\":\"Rass. Cattolica\",\"potentialAction\":[{\"@type\":\"SearchAction\",\"target\":{\"@type\":\"EntryPoint\",\"urlTemplate\":\"https:\\\/\\\/www.rassegnastampa-totustuus.it\\\/cattolica\\\/?s={search_term_string}\"},\"query-input\":{\"@type\":\"PropertyValueSpecification\",\"valueRequired\":true,\"valueName\":\"search_term_string\"}}],\"inLanguage\":\"it-IT\"},{\"@type\":\"Organization\",\"@id\":\"https:\\\/\\\/www.rassegnastampa-totustuus.it\\\/cattolica\\\/#organization\",\"name\":\"Rassegna Stampa Cattolica\",\"url\":\"https:\\\/\\\/www.rassegnastampa-totustuus.it\\\/cattolica\\\/\",\"logo\":{\"@type\":\"ImageObject\",\"inLanguage\":\"it-IT\",\"@id\":\"https:\\\/\\\/www.rassegnastampa-totustuus.it\\\/cattolica\\\/#\\\/schema\\\/logo\\\/image\\\/\",\"url\":\"https:\\\/\\\/www.rassegnastampa-totustuus.it\\\/cattolica\\\/wp-content\\\/uploads\\\/2014\\\/04\\\/logo-rassegna1.gif\",\"contentUrl\":\"https:\\\/\\\/www.rassegnastampa-totustuus.it\\\/cattolica\\\/wp-content\\\/uploads\\\/2014\\\/04\\\/logo-rassegna1.gif\",\"width\":600,\"height\":163,\"caption\":\"Rassegna Stampa Cattolica\"},\"image\":{\"@id\":\"https:\\\/\\\/www.rassegnastampa-totustuus.it\\\/cattolica\\\/#\\\/schema\\\/logo\\\/image\\\/\"},\"sameAs\":[\"https:\\\/\\\/www.facebook.com\\\/rassegnastampacattolica\",\"https:\\\/\\\/x.com\\\/rassegnastampa9\"]},{\"@type\":\"Person\",\"@id\":\"https:\\\/\\\/www.rassegnastampa-totustuus.it\\\/cattolica\\\/#\\\/schema\\\/person\\\/08f319d2bd1a0904ad9e2bfb7b15e5c3\",\"name\":\"Redazione\",\"image\":{\"@type\":\"ImageObject\",\"inLanguage\":\"it-IT\",\"@id\":\"https:\\\/\\\/secure.gravatar.com\\\/avatar\\\/2fcdf27c78ea025fbdb44e914cc63c72249ffec9dc8aafd5c82b26240ef3f346?s=96&d=mm&r=g\",\"url\":\"https:\\\/\\\/secure.gravatar.com\\\/avatar\\\/2fcdf27c78ea025fbdb44e914cc63c72249ffec9dc8aafd5c82b26240ef3f346?s=96&d=mm&r=g\",\"contentUrl\":\"https:\\\/\\\/secure.gravatar.com\\\/avatar\\\/2fcdf27c78ea025fbdb44e914cc63c72249ffec9dc8aafd5c82b26240ef3f346?s=96&d=mm&r=g\",\"caption\":\"Redazione\"},\"url\":\"https:\\\/\\\/www.rassegnastampa-totustuus.it\\\/cattolica\\\/author\\\/pietroelle\\\/\"}]}<\/script>\n<!-- \/ Yoast SEO plugin. -->","yoast_head_json":{"title":"Immigrazionismo e crimini, i danni del socialismo in Svezia - Rassegna Stampa Cattolica","description":"Immigrazionismo e crimini, i danni del socialismo in Svezia con il pi\u00f9 alto tasso ci violenza armata di tutta l'Unione europea","robots":{"index":"index","follow":"follow","max-snippet":"max-snippet:-1","max-image-preview":"max-image-preview:large","max-video-preview":"max-video-preview:-1"},"canonical":"https:\/\/www.rassegnastampa-totustuus.it\/cattolica\/immigrazionismo-e-crimini-i-danni-del-socialismo-in-svezia\/","og_locale":"it_IT","og_type":"article","og_title":"Immigrazionismo e crimini, i danni del socialismo in Svezia - Rassegna Stampa Cattolica","og_description":"Immigrazionismo e crimini, i danni del socialismo in Svezia con il pi\u00f9 alto tasso ci violenza armata di tutta l'Unione europea","og_url":"https:\/\/www.rassegnastampa-totustuus.it\/cattolica\/immigrazionismo-e-crimini-i-danni-del-socialismo-in-svezia\/","og_site_name":"Rassegna Stampa Cattolica","article_publisher":"https:\/\/www.facebook.com\/rassegnastampacattolica","article_published_time":"2024-09-20T09:39:36+00:00","article_modified_time":"2024-09-20T09:39:37+00:00","og_image":[{"width":976,"height":549,"url":"https:\/\/www.rassegnastampa-totustuus.it\/cattolica\/wp-content\/uploads\/2021\/04\/donne_Svezia_Polizia.jpg","type":"image\/jpeg"}],"author":"Redazione","twitter_card":"summary_large_image","twitter_creator":"@rassegnastampa9","twitter_site":"@rassegnastampa9","twitter_misc":{"Scritto da":"Redazione","Tempo di lettura stimato":"6 minuti"},"schema":{"@context":"https:\/\/schema.org","@graph":[{"@type":"Article","@id":"https:\/\/www.rassegnastampa-totustuus.it\/cattolica\/immigrazionismo-e-crimini-i-danni-del-socialismo-in-svezia\/#article","isPartOf":{"@id":"https:\/\/www.rassegnastampa-totustuus.it\/cattolica\/immigrazionismo-e-crimini-i-danni-del-socialismo-in-svezia\/"},"author":{"name":"Redazione","@id":"https:\/\/www.rassegnastampa-totustuus.it\/cattolica\/#\/schema\/person\/08f319d2bd1a0904ad9e2bfb7b15e5c3"},"headline":"Immigrazionismo e crimini, i danni del socialismo in Svezia","datePublished":"2024-09-20T09:39:36+00:00","dateModified":"2024-09-20T09:39:37+00:00","mainEntityOfPage":{"@id":"https:\/\/www.rassegnastampa-totustuus.it\/cattolica\/immigrazionismo-e-crimini-i-danni-del-socialismo-in-svezia\/"},"wordCount":891,"publisher":{"@id":"https:\/\/www.rassegnastampa-totustuus.it\/cattolica\/#organization"},"image":{"@id":"https:\/\/www.rassegnastampa-totustuus.it\/cattolica\/immigrazionismo-e-crimini-i-danni-del-socialismo-in-svezia\/#primaryimage"},"thumbnailUrl":"https:\/\/www.rassegnastampa-totustuus.it\/cattolica\/wp-content\/uploads\/2021\/04\/donne_Svezia_Polizia.jpg","keywords":["immigrazione","paesi e continenti","socialismo","Svezia"],"articleSection":["Immigrazione","Paesi e continenti"],"inLanguage":"it-IT"},{"@type":"WebPage","@id":"https:\/\/www.rassegnastampa-totustuus.it\/cattolica\/immigrazionismo-e-crimini-i-danni-del-socialismo-in-svezia\/","url":"https:\/\/www.rassegnastampa-totustuus.it\/cattolica\/immigrazionismo-e-crimini-i-danni-del-socialismo-in-svezia\/","name":"Immigrazionismo e crimini, i danni del socialismo in Svezia - Rassegna Stampa Cattolica","isPartOf":{"@id":"https:\/\/www.rassegnastampa-totustuus.it\/cattolica\/#website"},"primaryImageOfPage":{"@id":"https:\/\/www.rassegnastampa-totustuus.it\/cattolica\/immigrazionismo-e-crimini-i-danni-del-socialismo-in-svezia\/#primaryimage"},"image":{"@id":"https:\/\/www.rassegnastampa-totustuus.it\/cattolica\/immigrazionismo-e-crimini-i-danni-del-socialismo-in-svezia\/#primaryimage"},"thumbnailUrl":"https:\/\/www.rassegnastampa-totustuus.it\/cattolica\/wp-content\/uploads\/2021\/04\/donne_Svezia_Polizia.jpg","datePublished":"2024-09-20T09:39:36+00:00","dateModified":"2024-09-20T09:39:37+00:00","description":"Immigrazionismo e crimini, i danni del socialismo in Svezia con il pi\u00f9 alto tasso ci violenza armata di tutta l'Unione europea","breadcrumb":{"@id":"https:\/\/www.rassegnastampa-totustuus.it\/cattolica\/immigrazionismo-e-crimini-i-danni-del-socialismo-in-svezia\/#breadcrumb"},"inLanguage":"it-IT","potentialAction":[{"@type":"ReadAction","target":["https:\/\/www.rassegnastampa-totustuus.it\/cattolica\/immigrazionismo-e-crimini-i-danni-del-socialismo-in-svezia\/"]}]},{"@type":"ImageObject","inLanguage":"it-IT","@id":"https:\/\/www.rassegnastampa-totustuus.it\/cattolica\/immigrazionismo-e-crimini-i-danni-del-socialismo-in-svezia\/#primaryimage","url":"https:\/\/www.rassegnastampa-totustuus.it\/cattolica\/wp-content\/uploads\/2021\/04\/donne_Svezia_Polizia.jpg","contentUrl":"https:\/\/www.rassegnastampa-totustuus.it\/cattolica\/wp-content\/uploads\/2021\/04\/donne_Svezia_Polizia.jpg","width":976,"height":549},{"@type":"BreadcrumbList","@id":"https:\/\/www.rassegnastampa-totustuus.it\/cattolica\/immigrazionismo-e-crimini-i-danni-del-socialismo-in-svezia\/#breadcrumb","itemListElement":[{"@type":"ListItem","position":1,"name":"Home","item":"https:\/\/www.rassegnastampa-totustuus.it\/cattolica\/"},{"@type":"ListItem","position":2,"name":"Immigrazionismo e crimini, i danni del socialismo in Svezia"}]},{"@type":"WebSite","@id":"https:\/\/www.rassegnastampa-totustuus.it\/cattolica\/#website","url":"https:\/\/www.rassegnastampa-totustuus.it\/cattolica\/","name":"Rassegna Stampa Cattolica","description":"Per una cultura che nasce dalla Rivelazione cristiana in conformit\u00e0 alla tradizione e al Magistero della Chiesa in opposizione ad ogni relativismo e totalitarismo","publisher":{"@id":"https:\/\/www.rassegnastampa-totustuus.it\/cattolica\/#organization"},"alternateName":"Rass. Cattolica","potentialAction":[{"@type":"SearchAction","target":{"@type":"EntryPoint","urlTemplate":"https:\/\/www.rassegnastampa-totustuus.it\/cattolica\/?s={search_term_string}"},"query-input":{"@type":"PropertyValueSpecification","valueRequired":true,"valueName":"search_term_string"}}],"inLanguage":"it-IT"},{"@type":"Organization","@id":"https:\/\/www.rassegnastampa-totustuus.it\/cattolica\/#organization","name":"Rassegna Stampa Cattolica","url":"https:\/\/www.rassegnastampa-totustuus.it\/cattolica\/","logo":{"@type":"ImageObject","inLanguage":"it-IT","@id":"https:\/\/www.rassegnastampa-totustuus.it\/cattolica\/#\/schema\/logo\/image\/","url":"https:\/\/www.rassegnastampa-totustuus.it\/cattolica\/wp-content\/uploads\/2014\/04\/logo-rassegna1.gif","contentUrl":"https:\/\/www.rassegnastampa-totustuus.it\/cattolica\/wp-content\/uploads\/2014\/04\/logo-rassegna1.gif","width":600,"height":163,"caption":"Rassegna Stampa Cattolica"},"image":{"@id":"https:\/\/www.rassegnastampa-totustuus.it\/cattolica\/#\/schema\/logo\/image\/"},"sameAs":["https:\/\/www.facebook.com\/rassegnastampacattolica","https:\/\/x.com\/rassegnastampa9"]},{"@type":"Person","@id":"https:\/\/www.rassegnastampa-totustuus.it\/cattolica\/#\/schema\/person\/08f319d2bd1a0904ad9e2bfb7b15e5c3","name":"Redazione","image":{"@type":"ImageObject","inLanguage":"it-IT","@id":"https:\/\/secure.gravatar.com\/avatar\/2fcdf27c78ea025fbdb44e914cc63c72249ffec9dc8aafd5c82b26240ef3f346?s=96&d=mm&r=g","url":"https:\/\/secure.gravatar.com\/avatar\/2fcdf27c78ea025fbdb44e914cc63c72249ffec9dc8aafd5c82b26240ef3f346?s=96&d=mm&r=g","contentUrl":"https:\/\/secure.gravatar.com\/avatar\/2fcdf27c78ea025fbdb44e914cc63c72249ffec9dc8aafd5c82b26240ef3f346?s=96&d=mm&r=g","caption":"Redazione"},"url":"https:\/\/www.rassegnastampa-totustuus.it\/cattolica\/author\/pietroelle\/"}]}},"_links":{"self":[{"href":"https:\/\/www.rassegnastampa-totustuus.it\/cattolica\/wp-json\/wp\/v2\/posts\/61238","targetHints":{"allow":["GET"]}}],"collection":[{"href":"https:\/\/www.rassegnastampa-totustuus.it\/cattolica\/wp-json\/wp\/v2\/posts"}],"about":[{"href":"https:\/\/www.rassegnastampa-totustuus.it\/cattolica\/wp-json\/wp\/v2\/types\/post"}],"author":[{"embeddable":true,"href":"https:\/\/www.rassegnastampa-totustuus.it\/cattolica\/wp-json\/wp\/v2\/users\/6"}],"replies":[{"embeddable":true,"href":"https:\/\/www.rassegnastampa-totustuus.it\/cattolica\/wp-json\/wp\/v2\/comments?post=61238"}],"version-history":[{"count":1,"href":"https:\/\/www.rassegnastampa-totustuus.it\/cattolica\/wp-json\/wp\/v2\/posts\/61238\/revisions"}],"predecessor-version":[{"id":61239,"href":"https:\/\/www.rassegnastampa-totustuus.it\/cattolica\/wp-json\/wp\/v2\/posts\/61238\/revisions\/61239"}],"wp:featuredmedia":[{"embeddable":true,"href":"https:\/\/www.rassegnastampa-totustuus.it\/cattolica\/wp-json\/wp\/v2\/media\/50554"}],"wp:attachment":[{"href":"https:\/\/www.rassegnastampa-totustuus.it\/cattolica\/wp-json\/wp\/v2\/media?parent=61238"}],"wp:term":[{"taxonomy":"category","embeddable":true,"href":"https:\/\/www.rassegnastampa-totustuus.it\/cattolica\/wp-json\/wp\/v2\/categories?post=61238"},{"taxonomy":"post_tag","embeddable":true,"href":"https:\/\/www.rassegnastampa-totustuus.it\/cattolica\/wp-json\/wp\/v2\/tags?post=61238"}],"curies":[{"name":"wp","href":"https:\/\/api.w.org\/{rel}","templated":true}]}}