{"id":61222,"date":"2024-09-18T22:37:49","date_gmt":"2024-09-18T20:37:49","guid":{"rendered":"https:\/\/www.rassegnastampa-totustuus.it\/cattolica\/?p=61222"},"modified":"2024-09-18T22:37:51","modified_gmt":"2024-09-18T20:37:51","slug":"due-femministe-sgonfiano-le-bugie-gender","status":"publish","type":"post","link":"https:\/\/www.rassegnastampa-totustuus.it\/cattolica\/due-femministe-sgonfiano-le-bugie-gender\/","title":{"rendered":"Due femministe sgonfiano le bugie gender"},"content":{"rendered":"<p style=\"text-align: center;\"><span style=\"color: #000000;\"><span style=\"color: #0000ff;\"><strong><a style=\"color: #0000ff;\" href=\"https:\/\/www.laverita.info\/\" target=\"_blank\" rel=\"noopener\"><img loading=\"lazy\" decoding=\"async\" class=\"size-medium wp-image-49312 alignright\" src=\"https:\/\/www.rassegnastampa-totustuus.it\/cattolica\/wp-content\/uploads\/2020\/11\/gay_bandiera_gender-300x225.jpg\" alt=\"\" width=\"300\" height=\"225\" srcset=\"https:\/\/www.rassegnastampa-totustuus.it\/cattolica\/wp-content\/uploads\/2020\/11\/gay_bandiera_gender-300x225.jpg 300w, https:\/\/www.rassegnastampa-totustuus.it\/cattolica\/wp-content\/uploads\/2020\/11\/gay_bandiera_gender-768x576.jpg 768w, https:\/\/www.rassegnastampa-totustuus.it\/cattolica\/wp-content\/uploads\/2020\/11\/gay_bandiera_gender-1024x768.jpg 1024w, https:\/\/www.rassegnastampa-totustuus.it\/cattolica\/wp-content\/uploads\/2020\/11\/gay_bandiera_gender.jpg 1280w\" sizes=\"auto, (max-width: 300px) 100vw, 300px\" \/>La Verit\u00e0<\/a> <\/strong><\/span>14 Settembre 2024 \u00a0<\/span><\/p>\n<p><span style=\"color: #000000;\"><em>Il nuovo libro dell\u2019autorevole filosofo Cavarero Guaraldo ribadisce che i sessi sono due, che solo la donna procrea e che quella dei baby trans \u00e8 una deriva pericolosa. Unico limite: la diffidenza verso i conservatori, paladini del femminile contro i soprusi Lgbt.<\/em><\/span><\/p>\n<p style=\"text-align: center;\"><span style=\"color: #000000;\">di <strong>Francesco Borgonovo<\/strong><\/span><\/p>\n<p><!--more--><\/p>\n<p style=\"text-align: justify;\"><span style=\"color: #000000;\">\u00abIl fatto della differenza sessuale non \u00e8 mai passato inosservato nella storia umana, ed \u00e8 anzi balzato sempre in primo piano come tipicamente succede a fatti che riguardano il corpo. Perch\u00e9, se \u00e8 vero che l\u2019animale umano \u00e8 diverso dagli altri animali in quanto \u00e8 il solo ad avere un linguaggio simbolico, \u00e8 altrettanto vero, e in un certo senso ovvio, che questa capacit\u00e0 simbolica, questo dare significato alle cose inserendole in un orizzonte complessivo di senso, riguardi innanzitutto la corporeit\u00e0 e i suoi fatti pi\u00f9 evidenti\u00bb. Prende le mosse da questa costatazione uno dei libri pi\u00f9 interessanti che siano usciti negli ultimi tempi, un saggio che \u00e8 al contempo manifesto con tratti battaglieri e testo educativo per chi volesse orientarsi nell\u2019intricatissima matassa che \u00e8 divenuto il dibattito sul gender. Si intitola <em>Donna si nasce (e qualche volta lo si diventa).<\/em> Lo pubblica Mondadori e lo firmano due filosofe italiane di rilievo internazionale, <strong>Adriana Cavalero<\/strong> \u2013 una istituzione nel suo campo \u2013 e <strong>Oliviera Guaraldo<\/strong>, ordinaria di Filosofia politica a Verona.<\/span><\/p>\n<p style=\"text-align: justify;\"><span style=\"color: #000000;\"><img loading=\"lazy\" decoding=\"async\" class=\" wp-image-61223 alignleft\" src=\"https:\/\/www.rassegnastampa-totustuus.it\/cattolica\/wp-content\/uploads\/2024\/09\/cavavero_cover.jpeg\" alt=\"\" width=\"216\" height=\"332\" \/>Sono due esponenti del nobile e oggi quasi dimenticato \u00abfemminismo della differenza\u00bb. Due donne che, ovviamente in modo riduttivo, si potrebbero collocare nell\u2019universo della sinistra. Ma che marcano una netta distanza dalle banalit\u00e0 contemporanee sulla fluidit\u00e0 di genere e rimettono ordine nel caos transfemminista. Lo fanno partendo dal dato fondamentale che \u00e8, appunto, l\u2019esistenza di due sessi, due e non altri. Un confine che oggi viene messo costantemente in discussione, generando un chiacchiericcio che con notevole frequenza occupa le cronache e, purtroppo, influenza anche le decisioni politiche e sanitarie delle nazioni occidentali.<\/span><\/p>\n<p style=\"text-align: justify;\"><span style=\"color: #000000;\"><strong>Cavarero <\/strong>e <strong>Guaraldo<\/strong> spiegano che il femminismo e i movimenti cosiddetti queer sono stati a lungo vicini e alleati. Ma \u00abcome si evince dalla recente proposta di eliminare la parola \u201cdonna\u201d sostituendola con \u201cpersona con utero\u201d o \u201cpersona mestruata\u201d, le cose sono per\u00f2 oggi molto cambiate. L\u2019alleanza di un tempo si \u00e8 inevitabilmente tramutata in una specie di ostilit\u00e0. E\u2019 infatti ovvio che il femminismo senta come ostile un linguaggio che elimina la parola \u201cdonna\u201d. [\u2026] La vecchia e sperimentata complicit\u00e0 fra il femminismo e le varie minoranze sessuali, un tempo alleate nel contrastare il sistema di dominio patriarcale, si \u00e8 oggi mutata nella contrapposizione di una larga parte di queste minoranze sessuali al femminismo stesso. Nella misura in cui il femminismo si occupa delle donne, e magari sostiene che i sessi sono due, esso infatti incorre nell\u2019accusa di usare un linguaggio discriminatorio, se non di rappresentare una posizione omofoba e transfobica\u00bb.<\/span><\/p>\n<p style=\"text-align: justify;\"><span style=\"color: #000000;\">Gi\u00e0, le due autrici rientrano nel novero delle femministe che gli attivisti Lgbtq usano chiamare con spregio Terf, ovvero Trans exclusionary radical femminist. Sono probabilmente entrambe consapevoli degli attacchi che potrebbero attirarsi con il loro scritto. Eppure non arretrano, anzi fissano alcuni punti fondamentali. Tanto per cominciare ribadiscono che \u00abla differenza sessuale acquista una visibilit\u00e0 particolare come il fatto della capacit\u00e0 procreativa delle donne\u00bb. Tradotto e semplificato: le donne, e solo le donne, possono essere madri. E non si tratta di un mero dato biologico, ma pure di un potente fatto culturale. Di pi\u00f9: un fatto politico<\/span><\/p>\n<p style=\"text-align: justify;\"><span style=\"color: #000000;\"><strong><img loading=\"lazy\" decoding=\"async\" class=\" wp-image-21183 alignright\" src=\"https:\/\/www.rassegnastampa-totustuus.it\/cattolica\/wp-content\/uploads\/2015\/03\/utero_affitto.jpg\" alt=\"certi &quot;diritti&quot; ledono la dignit\u00e0 umana\" width=\"252\" height=\"252\" srcset=\"https:\/\/www.rassegnastampa-totustuus.it\/cattolica\/wp-content\/uploads\/2015\/03\/utero_affitto.jpg 160w, https:\/\/www.rassegnastampa-totustuus.it\/cattolica\/wp-content\/uploads\/2015\/03\/utero_affitto-150x150.jpg 150w\" sizes=\"auto, (max-width: 252px) 100vw, 252px\" \/>Cavarero<\/strong> e <strong>Guaraldo <\/strong>ricordano infatti quale sia il grande dono del materno alla civilt\u00e0: la relazione. Se \u00e8 vero infatti (e forse qui le due studiose non saranno d\u2019accordo) che caratteristica del maschile \u00e8 lo slancio verso l\u2019alto, una sorta di moto di indipendenza, \u00e8 anche vero che nell\u2019auspicabile equilibrio, anzi congiunzione, fra gli opposti il femminile porta anche e soprattutto la forza del legame: con la terra, la natura e la realt\u00e0. Un legame di cui oggi sentiamo la mancanza.<\/span><\/p>\n<p style=\"text-align: justify;\"><span style=\"color: #000000;\">\u00abIn sintonia\u00a0 con una larga parte della teoria femminista, il pensiero della differenza sessuale insiste sul tema della relazione in modo cospicuo \u2013 un modo che pu\u00f2 perfino apparire enfatico\u00bb, scrivono. \u00abL\u2019enfasi \u00e8 per\u00f2 giustificata perch\u00e9 \u00e8 principalmente dovuta allo sforzo di contrastare la dottrina individualista che caratterizza il pensiero politico moderno, ovvero una dottrina al cui centro sta la nozione astratta di un individuo libero e autonomo, autosufficiente e indipendente, una sorta di soggetto sovrano, fondato in s\u00e9 e che vale per s\u00e9, a prescindere da qualsiasi relazione. In sostanza si tratta del ben noto individuo, il cui concetto ha ormai colonizzato il senso comune, che compare in campo giuridico come titolare di diritti, e funge invece, nell\u2019ambito del mercato, come depositario di incessanti desideri, pi\u00f9 o meno indotti ma illimitati, che lo rendono il protagonista ideale di una economia del consumo\u00bb.<\/span><\/p>\n<p style=\"text-align: justify;\"><span style=\"color: #000000;\"><img loading=\"lazy\" decoding=\"async\" class=\" wp-image-48057 alignleft\" src=\"https:\/\/www.rassegnastampa-totustuus.it\/cattolica\/wp-content\/uploads\/2020\/08\/trans_gender.jpg\" alt=\"\" width=\"367\" height=\"211\" \/>Stabilita con forza l\u2019importanza della madre <strong>Cavarero<\/strong> e <strong>Guaraldo<\/strong> passano in rassegna alcuni dei temi pi\u00f9 scottanti della discussione attuale. Un breve capitolo \u00e8 ad esempio dedicato all\u2019intersessualit\u00e0, e se ne consiglia caldamente la lettura come antidoto al delirante tormentone estivo sul pugilato femminile. Senza entrare in polemica, le due autrici fanno capire che la pretesa di smontare la differenza sessuale biologica sfruttando il dato incontrovertibile dell\u2019esistenza degli intersex \u00e8 risibile, dato che secondo alcune statistiche essi sarebbero appena lo 0,018% della popolazione. Un filo volgarmente potremmo dire: l&#8217;eccezione che conferma la regola.<\/span><\/p>\n<p style=\"text-align: justify;\"><span style=\"color: #000000;\">Di enorme interesse pure la riflessione che le due autrici svolgono sulla questione trans, in particolare i passaggi riguardanti il cambiamento di sesso fra minorenni. \u00abUn&#8217;altra ragione dell&#8217;ampia diffusione della richiesta di cambiare identit\u00e0 di genere &#8211; a dispetto dell&#8217;invasivit\u00e0 delle terapie ormonali e degli eventuali interventi di chirurgia demolitiva che molte adolescenti richiedono &#8211; potrebbe essere riconducibile alla cultura propria delle societ\u00e0 iper-individualiste della tarda modernit\u00e0 occidentale, al cui centro campeggia la legittimit\u00e0 indiscussa delle scelte e delle preferenze del singolo, le quali divengono, grazie anche alle innovazioni tecnico-scientifiche, una possibilit\u00e0 concreta di cambiare i corpi\u00bb, scrivono <strong>Cavarero<\/strong> e <strong>Guaraldo. <\/strong>\u00abGi\u00e0 sul piano meramente linguistico, il termine self-it (l&#8217;<em>autodeterminazione dell&#8217;identit\u00e0 di genere<\/em>, ndr) \u00e8 un esempio di questa tendenza iper-individualista, anche definibile come iper-liberista. La consapevolezza del limite, di ci\u00f2 che \u00e8 \u201cdato\u201d e non \u201cfatto\u201d, va sempre pi\u00f9 assottigliandosi, in favore di una modificabilit\u00e0 potenzialmente infinita del corpo umano, quasi a volerne negare la datit\u00e0 e la finitezza\u00bb. C&#8217;\u00e8 poco da aggiungere.<\/span><\/p>\n<p style=\"text-align: justify;\"><span style=\"color: #000000;\"><img loading=\"lazy\" decoding=\"async\" class=\" wp-image-51520 alignright\" src=\"https:\/\/www.rassegnastampa-totustuus.it\/cattolica\/wp-content\/uploads\/2021\/06\/femminismo_donne.jpg\" alt=\"\" width=\"214\" height=\"289\" \/>Le due filosofie hanno scelto una strada di non belligeranza, nel senso che prendono estremamente sul serio tutte le posizioni contrarie alla loro e le rispettano, ma definiscono con fermezza il proprio orizzonte. Si oppongono all&#8217;utero in affitto, smontano la gran parte dei luoghi comuni e delle frasi fatte che circolano riguardo la gi\u00e0 citata fluidit\u00e0. Il risultato \u00e8 un testo denso e molto importante, un antidoto strepitoso al conformismo diffuso.<\/span><\/p>\n<p style=\"text-align: justify;\"><span style=\"color: #000000;\">Con un solo difetto, <strong>Cavarero<\/strong> e <strong>Guaraldo<\/strong> ci tengono molto a prendere le distanze dal pensiero conservatore, dai cattolici e dai provita. Per carit\u00e0: legittimo e financo comprensibile, visto l&#8217;ambiente in cui entrambe si muovono. Tocca per\u00f2 far notare una piccola verit\u00e0: i cattivoni sopra elencati sono stati i primi a difendere la dignit\u00e0 femminile, abbattersi contro chi voleva cancellare la parola donna e la realt\u00e0 della femmina; infatti sono stati mostrificati dai progressisti tutti. Gli stessi progressisti che oggi mostrificano le presunte Terf questo ci insegna che, talvolta, conviene essere meno schizzinosi.<\/span><\/p>\n<p>______________________________________________<\/p>\n<p><strong>Leggi anche:<\/strong><\/p>\n<p><a href=\"https:\/\/www.rassegnastampa-totustuus.it\/cattolica\/il-femminismo-gender-ha-distrutto-le-donne\/\" target=\"_blank\" rel=\"noopener\"><span style=\"color: #0000ff;\">Il femminismo geder ha distrutto le donne<\/span><\/a><\/p>\n<p>\u00a0<\/p>\n\n\n<p><\/p>\n","protected":false},"excerpt":{"rendered":"<p>La Verit\u00e0 14 Settembre 2024 \u00a0 Il nuovo libro dell\u2019autorevole filosofo Cavarero Guaraldo ribadisce che i sessi sono due, che solo la donna procrea e che quella dei baby trans \u00e8 una deriva pericolosa. Unico limite: la diffidenza verso i conservatori, paladini del femminile contro i soprusi Lgbt. di Francesco Borgonovo<\/p><p><a class=\"more-link btn\" href=\"https:\/\/www.rassegnastampa-totustuus.it\/cattolica\/due-femministe-sgonfiano-le-bugie-gender\/\">Continua a leggere<\/a><\/p>\n","protected":false},"author":6,"featured_media":49312,"comment_status":"closed","ping_status":"closed","sticky":false,"template":"","format":"standard","meta":{"footnotes":""},"categories":[125],"tags":[255,2189,437,2499,265],"class_list":["post-61222","post","type-post","status-publish","format-standard","has-post-thumbnail","hentry","category-ideologia-del-gender","tag-femminismo","tag-genere","tag-ideologia-del-gender-2","tag-lgbt","tag-libri-2","item-wrap"],"yoast_head":"<!-- This site is optimized with the Yoast SEO plugin v27.5 - https:\/\/yoast.com\/product\/yoast-seo-wordpress\/ -->\n<title>Due femministe sgonfiano le bugie gender - Rassegna Stampa Cattolica<\/title>\n<meta name=\"description\" content=\"Due femministe sgonfiano le bugie gender: i sessi sono due, che solo la donna procrea e che quella dei baby trans \u00e8 una deriva pericolosa.\" \/>\n<meta name=\"robots\" content=\"index, follow, max-snippet:-1, max-image-preview:large, max-video-preview:-1\" \/>\n<link rel=\"canonical\" href=\"https:\/\/www.rassegnastampa-totustuus.it\/cattolica\/due-femministe-sgonfiano-le-bugie-gender\/\" \/>\n<meta property=\"og:locale\" content=\"it_IT\" \/>\n<meta property=\"og:type\" content=\"article\" \/>\n<meta property=\"og:title\" content=\"Due femministe sgonfiano le bugie gender - Rassegna Stampa Cattolica\" \/>\n<meta property=\"og:description\" content=\"Due femministe sgonfiano le bugie gender: i sessi sono due, che solo la donna procrea e che quella dei baby trans \u00e8 una deriva pericolosa.\" \/>\n<meta property=\"og:url\" content=\"https:\/\/www.rassegnastampa-totustuus.it\/cattolica\/due-femministe-sgonfiano-le-bugie-gender\/\" \/>\n<meta property=\"og:site_name\" content=\"Rassegna Stampa Cattolica\" \/>\n<meta property=\"article:publisher\" content=\"https:\/\/www.facebook.com\/rassegnastampacattolica\" \/>\n<meta property=\"article:published_time\" content=\"2024-09-18T20:37:49+00:00\" \/>\n<meta property=\"article:modified_time\" content=\"2024-09-18T20:37:51+00:00\" \/>\n<meta property=\"og:image\" content=\"https:\/\/www.rassegnastampa-totustuus.it\/cattolica\/wp-content\/uploads\/2020\/11\/gay_bandiera_gender.jpg\" \/>\n\t<meta property=\"og:image:width\" content=\"1280\" \/>\n\t<meta property=\"og:image:height\" content=\"960\" \/>\n\t<meta property=\"og:image:type\" content=\"image\/jpeg\" \/>\n<meta name=\"author\" content=\"Redazione\" \/>\n<meta name=\"twitter:card\" content=\"summary_large_image\" \/>\n<meta name=\"twitter:creator\" content=\"@rassegnastampa9\" \/>\n<meta name=\"twitter:site\" content=\"@rassegnastampa9\" \/>\n<meta name=\"twitter:label1\" content=\"Scritto da\" \/>\n\t<meta name=\"twitter:data1\" content=\"Redazione\" \/>\n\t<meta name=\"twitter:label2\" content=\"Tempo di lettura stimato\" \/>\n\t<meta name=\"twitter:data2\" content=\"8 minuti\" \/>\n<script type=\"application\/ld+json\" class=\"yoast-schema-graph\">{\"@context\":\"https:\\\/\\\/schema.org\",\"@graph\":[{\"@type\":\"Article\",\"@id\":\"https:\\\/\\\/www.rassegnastampa-totustuus.it\\\/cattolica\\\/due-femministe-sgonfiano-le-bugie-gender\\\/#article\",\"isPartOf\":{\"@id\":\"https:\\\/\\\/www.rassegnastampa-totustuus.it\\\/cattolica\\\/due-femministe-sgonfiano-le-bugie-gender\\\/\"},\"author\":{\"name\":\"Redazione\",\"@id\":\"https:\\\/\\\/www.rassegnastampa-totustuus.it\\\/cattolica\\\/#\\\/schema\\\/person\\\/08f319d2bd1a0904ad9e2bfb7b15e5c3\"},\"headline\":\"Due femministe sgonfiano le bugie gender\",\"datePublished\":\"2024-09-18T20:37:49+00:00\",\"dateModified\":\"2024-09-18T20:37:51+00:00\",\"mainEntityOfPage\":{\"@id\":\"https:\\\/\\\/www.rassegnastampa-totustuus.it\\\/cattolica\\\/due-femministe-sgonfiano-le-bugie-gender\\\/\"},\"wordCount\":1216,\"publisher\":{\"@id\":\"https:\\\/\\\/www.rassegnastampa-totustuus.it\\\/cattolica\\\/#organization\"},\"image\":{\"@id\":\"https:\\\/\\\/www.rassegnastampa-totustuus.it\\\/cattolica\\\/due-femministe-sgonfiano-le-bugie-gender\\\/#primaryimage\"},\"thumbnailUrl\":\"https:\\\/\\\/www.rassegnastampa-totustuus.it\\\/cattolica\\\/wp-content\\\/uploads\\\/2020\\\/11\\\/gay_bandiera_gender.jpg\",\"keywords\":[\"femminismo\",\"genere\",\"ideologia del gender\",\"Lgbt\",\"libri\"],\"articleSection\":[\"Ideologia del gender\"],\"inLanguage\":\"it-IT\"},{\"@type\":\"WebPage\",\"@id\":\"https:\\\/\\\/www.rassegnastampa-totustuus.it\\\/cattolica\\\/due-femministe-sgonfiano-le-bugie-gender\\\/\",\"url\":\"https:\\\/\\\/www.rassegnastampa-totustuus.it\\\/cattolica\\\/due-femministe-sgonfiano-le-bugie-gender\\\/\",\"name\":\"Due femministe sgonfiano le bugie gender - Rassegna Stampa Cattolica\",\"isPartOf\":{\"@id\":\"https:\\\/\\\/www.rassegnastampa-totustuus.it\\\/cattolica\\\/#website\"},\"primaryImageOfPage\":{\"@id\":\"https:\\\/\\\/www.rassegnastampa-totustuus.it\\\/cattolica\\\/due-femministe-sgonfiano-le-bugie-gender\\\/#primaryimage\"},\"image\":{\"@id\":\"https:\\\/\\\/www.rassegnastampa-totustuus.it\\\/cattolica\\\/due-femministe-sgonfiano-le-bugie-gender\\\/#primaryimage\"},\"thumbnailUrl\":\"https:\\\/\\\/www.rassegnastampa-totustuus.it\\\/cattolica\\\/wp-content\\\/uploads\\\/2020\\\/11\\\/gay_bandiera_gender.jpg\",\"datePublished\":\"2024-09-18T20:37:49+00:00\",\"dateModified\":\"2024-09-18T20:37:51+00:00\",\"description\":\"Due femministe sgonfiano le bugie gender: i sessi sono due, che solo la donna procrea e che quella dei baby trans \u00e8 una deriva pericolosa.\",\"breadcrumb\":{\"@id\":\"https:\\\/\\\/www.rassegnastampa-totustuus.it\\\/cattolica\\\/due-femministe-sgonfiano-le-bugie-gender\\\/#breadcrumb\"},\"inLanguage\":\"it-IT\",\"potentialAction\":[{\"@type\":\"ReadAction\",\"target\":[\"https:\\\/\\\/www.rassegnastampa-totustuus.it\\\/cattolica\\\/due-femministe-sgonfiano-le-bugie-gender\\\/\"]}]},{\"@type\":\"ImageObject\",\"inLanguage\":\"it-IT\",\"@id\":\"https:\\\/\\\/www.rassegnastampa-totustuus.it\\\/cattolica\\\/due-femministe-sgonfiano-le-bugie-gender\\\/#primaryimage\",\"url\":\"https:\\\/\\\/www.rassegnastampa-totustuus.it\\\/cattolica\\\/wp-content\\\/uploads\\\/2020\\\/11\\\/gay_bandiera_gender.jpg\",\"contentUrl\":\"https:\\\/\\\/www.rassegnastampa-totustuus.it\\\/cattolica\\\/wp-content\\\/uploads\\\/2020\\\/11\\\/gay_bandiera_gender.jpg\",\"width\":1280,\"height\":960},{\"@type\":\"BreadcrumbList\",\"@id\":\"https:\\\/\\\/www.rassegnastampa-totustuus.it\\\/cattolica\\\/due-femministe-sgonfiano-le-bugie-gender\\\/#breadcrumb\",\"itemListElement\":[{\"@type\":\"ListItem\",\"position\":1,\"name\":\"Home\",\"item\":\"https:\\\/\\\/www.rassegnastampa-totustuus.it\\\/cattolica\\\/\"},{\"@type\":\"ListItem\",\"position\":2,\"name\":\"Due femministe sgonfiano le bugie gender\"}]},{\"@type\":\"WebSite\",\"@id\":\"https:\\\/\\\/www.rassegnastampa-totustuus.it\\\/cattolica\\\/#website\",\"url\":\"https:\\\/\\\/www.rassegnastampa-totustuus.it\\\/cattolica\\\/\",\"name\":\"Rassegna Stampa Cattolica\",\"description\":\"Per una cultura che nasce dalla Rivelazione cristiana in conformit\u00e0 alla tradizione e al Magistero della Chiesa in opposizione ad ogni relativismo e totalitarismo\",\"publisher\":{\"@id\":\"https:\\\/\\\/www.rassegnastampa-totustuus.it\\\/cattolica\\\/#organization\"},\"alternateName\":\"Rass. Cattolica\",\"potentialAction\":[{\"@type\":\"SearchAction\",\"target\":{\"@type\":\"EntryPoint\",\"urlTemplate\":\"https:\\\/\\\/www.rassegnastampa-totustuus.it\\\/cattolica\\\/?s={search_term_string}\"},\"query-input\":{\"@type\":\"PropertyValueSpecification\",\"valueRequired\":true,\"valueName\":\"search_term_string\"}}],\"inLanguage\":\"it-IT\"},{\"@type\":\"Organization\",\"@id\":\"https:\\\/\\\/www.rassegnastampa-totustuus.it\\\/cattolica\\\/#organization\",\"name\":\"Rassegna Stampa Cattolica\",\"url\":\"https:\\\/\\\/www.rassegnastampa-totustuus.it\\\/cattolica\\\/\",\"logo\":{\"@type\":\"ImageObject\",\"inLanguage\":\"it-IT\",\"@id\":\"https:\\\/\\\/www.rassegnastampa-totustuus.it\\\/cattolica\\\/#\\\/schema\\\/logo\\\/image\\\/\",\"url\":\"https:\\\/\\\/www.rassegnastampa-totustuus.it\\\/cattolica\\\/wp-content\\\/uploads\\\/2014\\\/04\\\/logo-rassegna1.gif\",\"contentUrl\":\"https:\\\/\\\/www.rassegnastampa-totustuus.it\\\/cattolica\\\/wp-content\\\/uploads\\\/2014\\\/04\\\/logo-rassegna1.gif\",\"width\":600,\"height\":163,\"caption\":\"Rassegna Stampa Cattolica\"},\"image\":{\"@id\":\"https:\\\/\\\/www.rassegnastampa-totustuus.it\\\/cattolica\\\/#\\\/schema\\\/logo\\\/image\\\/\"},\"sameAs\":[\"https:\\\/\\\/www.facebook.com\\\/rassegnastampacattolica\",\"https:\\\/\\\/x.com\\\/rassegnastampa9\"]},{\"@type\":\"Person\",\"@id\":\"https:\\\/\\\/www.rassegnastampa-totustuus.it\\\/cattolica\\\/#\\\/schema\\\/person\\\/08f319d2bd1a0904ad9e2bfb7b15e5c3\",\"name\":\"Redazione\",\"image\":{\"@type\":\"ImageObject\",\"inLanguage\":\"it-IT\",\"@id\":\"https:\\\/\\\/secure.gravatar.com\\\/avatar\\\/2fcdf27c78ea025fbdb44e914cc63c72249ffec9dc8aafd5c82b26240ef3f346?s=96&d=mm&r=g\",\"url\":\"https:\\\/\\\/secure.gravatar.com\\\/avatar\\\/2fcdf27c78ea025fbdb44e914cc63c72249ffec9dc8aafd5c82b26240ef3f346?s=96&d=mm&r=g\",\"contentUrl\":\"https:\\\/\\\/secure.gravatar.com\\\/avatar\\\/2fcdf27c78ea025fbdb44e914cc63c72249ffec9dc8aafd5c82b26240ef3f346?s=96&d=mm&r=g\",\"caption\":\"Redazione\"},\"url\":\"https:\\\/\\\/www.rassegnastampa-totustuus.it\\\/cattolica\\\/author\\\/pietroelle\\\/\"}]}<\/script>\n<!-- \/ Yoast SEO plugin. -->","yoast_head_json":{"title":"Due femministe sgonfiano le bugie gender - Rassegna Stampa Cattolica","description":"Due femministe sgonfiano le bugie gender: i sessi sono due, che solo la donna procrea e che quella dei baby trans \u00e8 una deriva pericolosa.","robots":{"index":"index","follow":"follow","max-snippet":"max-snippet:-1","max-image-preview":"max-image-preview:large","max-video-preview":"max-video-preview:-1"},"canonical":"https:\/\/www.rassegnastampa-totustuus.it\/cattolica\/due-femministe-sgonfiano-le-bugie-gender\/","og_locale":"it_IT","og_type":"article","og_title":"Due femministe sgonfiano le bugie gender - Rassegna Stampa Cattolica","og_description":"Due femministe sgonfiano le bugie gender: i sessi sono due, che solo la donna procrea e che quella dei baby trans \u00e8 una deriva pericolosa.","og_url":"https:\/\/www.rassegnastampa-totustuus.it\/cattolica\/due-femministe-sgonfiano-le-bugie-gender\/","og_site_name":"Rassegna Stampa Cattolica","article_publisher":"https:\/\/www.facebook.com\/rassegnastampacattolica","article_published_time":"2024-09-18T20:37:49+00:00","article_modified_time":"2024-09-18T20:37:51+00:00","og_image":[{"width":1280,"height":960,"url":"https:\/\/www.rassegnastampa-totustuus.it\/cattolica\/wp-content\/uploads\/2020\/11\/gay_bandiera_gender.jpg","type":"image\/jpeg"}],"author":"Redazione","twitter_card":"summary_large_image","twitter_creator":"@rassegnastampa9","twitter_site":"@rassegnastampa9","twitter_misc":{"Scritto da":"Redazione","Tempo di lettura stimato":"8 minuti"},"schema":{"@context":"https:\/\/schema.org","@graph":[{"@type":"Article","@id":"https:\/\/www.rassegnastampa-totustuus.it\/cattolica\/due-femministe-sgonfiano-le-bugie-gender\/#article","isPartOf":{"@id":"https:\/\/www.rassegnastampa-totustuus.it\/cattolica\/due-femministe-sgonfiano-le-bugie-gender\/"},"author":{"name":"Redazione","@id":"https:\/\/www.rassegnastampa-totustuus.it\/cattolica\/#\/schema\/person\/08f319d2bd1a0904ad9e2bfb7b15e5c3"},"headline":"Due femministe sgonfiano le bugie gender","datePublished":"2024-09-18T20:37:49+00:00","dateModified":"2024-09-18T20:37:51+00:00","mainEntityOfPage":{"@id":"https:\/\/www.rassegnastampa-totustuus.it\/cattolica\/due-femministe-sgonfiano-le-bugie-gender\/"},"wordCount":1216,"publisher":{"@id":"https:\/\/www.rassegnastampa-totustuus.it\/cattolica\/#organization"},"image":{"@id":"https:\/\/www.rassegnastampa-totustuus.it\/cattolica\/due-femministe-sgonfiano-le-bugie-gender\/#primaryimage"},"thumbnailUrl":"https:\/\/www.rassegnastampa-totustuus.it\/cattolica\/wp-content\/uploads\/2020\/11\/gay_bandiera_gender.jpg","keywords":["femminismo","genere","ideologia del gender","Lgbt","libri"],"articleSection":["Ideologia del gender"],"inLanguage":"it-IT"},{"@type":"WebPage","@id":"https:\/\/www.rassegnastampa-totustuus.it\/cattolica\/due-femministe-sgonfiano-le-bugie-gender\/","url":"https:\/\/www.rassegnastampa-totustuus.it\/cattolica\/due-femministe-sgonfiano-le-bugie-gender\/","name":"Due femministe sgonfiano le bugie gender - Rassegna Stampa Cattolica","isPartOf":{"@id":"https:\/\/www.rassegnastampa-totustuus.it\/cattolica\/#website"},"primaryImageOfPage":{"@id":"https:\/\/www.rassegnastampa-totustuus.it\/cattolica\/due-femministe-sgonfiano-le-bugie-gender\/#primaryimage"},"image":{"@id":"https:\/\/www.rassegnastampa-totustuus.it\/cattolica\/due-femministe-sgonfiano-le-bugie-gender\/#primaryimage"},"thumbnailUrl":"https:\/\/www.rassegnastampa-totustuus.it\/cattolica\/wp-content\/uploads\/2020\/11\/gay_bandiera_gender.jpg","datePublished":"2024-09-18T20:37:49+00:00","dateModified":"2024-09-18T20:37:51+00:00","description":"Due femministe sgonfiano le bugie gender: i sessi sono due, che solo la donna procrea e che quella dei baby trans \u00e8 una deriva pericolosa.","breadcrumb":{"@id":"https:\/\/www.rassegnastampa-totustuus.it\/cattolica\/due-femministe-sgonfiano-le-bugie-gender\/#breadcrumb"},"inLanguage":"it-IT","potentialAction":[{"@type":"ReadAction","target":["https:\/\/www.rassegnastampa-totustuus.it\/cattolica\/due-femministe-sgonfiano-le-bugie-gender\/"]}]},{"@type":"ImageObject","inLanguage":"it-IT","@id":"https:\/\/www.rassegnastampa-totustuus.it\/cattolica\/due-femministe-sgonfiano-le-bugie-gender\/#primaryimage","url":"https:\/\/www.rassegnastampa-totustuus.it\/cattolica\/wp-content\/uploads\/2020\/11\/gay_bandiera_gender.jpg","contentUrl":"https:\/\/www.rassegnastampa-totustuus.it\/cattolica\/wp-content\/uploads\/2020\/11\/gay_bandiera_gender.jpg","width":1280,"height":960},{"@type":"BreadcrumbList","@id":"https:\/\/www.rassegnastampa-totustuus.it\/cattolica\/due-femministe-sgonfiano-le-bugie-gender\/#breadcrumb","itemListElement":[{"@type":"ListItem","position":1,"name":"Home","item":"https:\/\/www.rassegnastampa-totustuus.it\/cattolica\/"},{"@type":"ListItem","position":2,"name":"Due femministe sgonfiano le bugie gender"}]},{"@type":"WebSite","@id":"https:\/\/www.rassegnastampa-totustuus.it\/cattolica\/#website","url":"https:\/\/www.rassegnastampa-totustuus.it\/cattolica\/","name":"Rassegna Stampa Cattolica","description":"Per una cultura che nasce dalla Rivelazione cristiana in conformit\u00e0 alla tradizione e al Magistero della Chiesa in opposizione ad ogni relativismo e totalitarismo","publisher":{"@id":"https:\/\/www.rassegnastampa-totustuus.it\/cattolica\/#organization"},"alternateName":"Rass. Cattolica","potentialAction":[{"@type":"SearchAction","target":{"@type":"EntryPoint","urlTemplate":"https:\/\/www.rassegnastampa-totustuus.it\/cattolica\/?s={search_term_string}"},"query-input":{"@type":"PropertyValueSpecification","valueRequired":true,"valueName":"search_term_string"}}],"inLanguage":"it-IT"},{"@type":"Organization","@id":"https:\/\/www.rassegnastampa-totustuus.it\/cattolica\/#organization","name":"Rassegna Stampa Cattolica","url":"https:\/\/www.rassegnastampa-totustuus.it\/cattolica\/","logo":{"@type":"ImageObject","inLanguage":"it-IT","@id":"https:\/\/www.rassegnastampa-totustuus.it\/cattolica\/#\/schema\/logo\/image\/","url":"https:\/\/www.rassegnastampa-totustuus.it\/cattolica\/wp-content\/uploads\/2014\/04\/logo-rassegna1.gif","contentUrl":"https:\/\/www.rassegnastampa-totustuus.it\/cattolica\/wp-content\/uploads\/2014\/04\/logo-rassegna1.gif","width":600,"height":163,"caption":"Rassegna Stampa Cattolica"},"image":{"@id":"https:\/\/www.rassegnastampa-totustuus.it\/cattolica\/#\/schema\/logo\/image\/"},"sameAs":["https:\/\/www.facebook.com\/rassegnastampacattolica","https:\/\/x.com\/rassegnastampa9"]},{"@type":"Person","@id":"https:\/\/www.rassegnastampa-totustuus.it\/cattolica\/#\/schema\/person\/08f319d2bd1a0904ad9e2bfb7b15e5c3","name":"Redazione","image":{"@type":"ImageObject","inLanguage":"it-IT","@id":"https:\/\/secure.gravatar.com\/avatar\/2fcdf27c78ea025fbdb44e914cc63c72249ffec9dc8aafd5c82b26240ef3f346?s=96&d=mm&r=g","url":"https:\/\/secure.gravatar.com\/avatar\/2fcdf27c78ea025fbdb44e914cc63c72249ffec9dc8aafd5c82b26240ef3f346?s=96&d=mm&r=g","contentUrl":"https:\/\/secure.gravatar.com\/avatar\/2fcdf27c78ea025fbdb44e914cc63c72249ffec9dc8aafd5c82b26240ef3f346?s=96&d=mm&r=g","caption":"Redazione"},"url":"https:\/\/www.rassegnastampa-totustuus.it\/cattolica\/author\/pietroelle\/"}]}},"_links":{"self":[{"href":"https:\/\/www.rassegnastampa-totustuus.it\/cattolica\/wp-json\/wp\/v2\/posts\/61222","targetHints":{"allow":["GET"]}}],"collection":[{"href":"https:\/\/www.rassegnastampa-totustuus.it\/cattolica\/wp-json\/wp\/v2\/posts"}],"about":[{"href":"https:\/\/www.rassegnastampa-totustuus.it\/cattolica\/wp-json\/wp\/v2\/types\/post"}],"author":[{"embeddable":true,"href":"https:\/\/www.rassegnastampa-totustuus.it\/cattolica\/wp-json\/wp\/v2\/users\/6"}],"replies":[{"embeddable":true,"href":"https:\/\/www.rassegnastampa-totustuus.it\/cattolica\/wp-json\/wp\/v2\/comments?post=61222"}],"version-history":[{"count":1,"href":"https:\/\/www.rassegnastampa-totustuus.it\/cattolica\/wp-json\/wp\/v2\/posts\/61222\/revisions"}],"predecessor-version":[{"id":61224,"href":"https:\/\/www.rassegnastampa-totustuus.it\/cattolica\/wp-json\/wp\/v2\/posts\/61222\/revisions\/61224"}],"wp:featuredmedia":[{"embeddable":true,"href":"https:\/\/www.rassegnastampa-totustuus.it\/cattolica\/wp-json\/wp\/v2\/media\/49312"}],"wp:attachment":[{"href":"https:\/\/www.rassegnastampa-totustuus.it\/cattolica\/wp-json\/wp\/v2\/media?parent=61222"}],"wp:term":[{"taxonomy":"category","embeddable":true,"href":"https:\/\/www.rassegnastampa-totustuus.it\/cattolica\/wp-json\/wp\/v2\/categories?post=61222"},{"taxonomy":"post_tag","embeddable":true,"href":"https:\/\/www.rassegnastampa-totustuus.it\/cattolica\/wp-json\/wp\/v2\/tags?post=61222"}],"curies":[{"name":"wp","href":"https:\/\/api.w.org\/{rel}","templated":true}]}}