{"id":61218,"date":"2024-09-17T15:39:58","date_gmt":"2024-09-17T13:39:58","guid":{"rendered":"https:\/\/www.rassegnastampa-totustuus.it\/cattolica\/?p=61218"},"modified":"2024-09-17T15:40:00","modified_gmt":"2024-09-17T13:40:00","slug":"perche-la-nostra-energia-e-la-piu-cara","status":"publish","type":"post","link":"https:\/\/www.rassegnastampa-totustuus.it\/cattolica\/perche-la-nostra-energia-e-la-piu-cara\/","title":{"rendered":"Perch\u00e9 la nostra energia \u00e8 la pi\u00f9 cara"},"content":{"rendered":"<p style=\"text-align: center;\"><span style=\"color: #0000ff;\"><strong><a style=\"color: #0000ff;\" href=\"https:\/\/www.lastampa.it\/\" target=\"_blank\" rel=\"noopener\"><img loading=\"lazy\" decoding=\"async\" class=\"size-full wp-image-57962 alignleft\" src=\"https:\/\/www.rassegnastampa-totustuus.it\/cattolica\/wp-content\/uploads\/2023\/12\/metano_energia_ambiente.jpg\" alt=\"per arrivare alle emissioni zero come vuole l'Europa occorre incrementare le rinnovabili\" width=\"365\" height=\"266\" \/>La Stampa<\/a> <\/strong><\/span><span style=\"color: #000000;\">11 Settembre 2024 <\/span><\/p>\n<p style=\"text-align: center;\"><span style=\"color: #000000;\"><strong>\u00a0<\/strong>di<strong> Davide Tabarelli <\/strong><\/span><\/p>\n<p style=\"text-align: justify;\"><span style=\"color: #000000;\">Nessuno se ne accorge, ma i prezzi del petrolio continuano a scendere le cattive compagnie petrolifere possono vendere la benzina e il gasolio alle listini che continuano a scendere. I pi\u00f9 attenti trovano benzina a 1,7 euro per litro e gasolio sotto 1,6, ai minimi da quasi un anno. <\/span><\/p>\n<p><!--more--><\/p>\n<p style=\"text-align: justify;\"><span style=\"color: #000000;\">Peccato che di petrolio non si voglia mai parlare nella politica europea, come confermato in queste ore dal rapporto Draghi che ha al centro l&#8217;energia quale fattore di svantaggio competitivo. \u00c8 singolare questo silenzio rispetto al fatto che il petrolio, con i suoi derivati, conta per pi\u00f9 del 90% della domanda di energia dei trasporti, settore al quale il rapporto dedica uno specifico capitolo, evitando accuratamente di parlare di cosa fa muovere le macchine, i camion, le navi, gli aerei.<\/span><\/p>\n<p style=\"text-align: justify;\"><span style=\"color: #000000;\"><img loading=\"lazy\" decoding=\"async\" class=\" wp-image-44702 alignright\" src=\"https:\/\/www.rassegnastampa-totustuus.it\/cattolica\/wp-content\/uploads\/2019\/10\/petrolio_energia.jpg\" alt=\"\" width=\"324\" height=\"242\" \/>Ma possiamo pensare a una difesa europea senza preoccuparci delle nostre raffinerie di petrolio? Un carro armato fa 300 metri con un litro di benzina e ha bisogno di 5 camion per la logistica, ognuno dei quali fa 3 km con un litro. E la materia prima da dove la prenderemo? Forse che andremo con pannelli solari di cui si parla diffusamente nel rapporto Draghi?<\/span><\/p>\n<p style=\"text-align: justify;\"><span style=\"color: #000000;\">Dopo lo sfogo, occorre riconoscere che il rapporto Draghi \u00e8 fatto molto bene nell&#8217;analisi, perch\u00e9 finalmente mette in chiaro l&#8217;insostenibile differenza che esiste nei costi dell&#8217;energia alle imprese in Europa rispetto a quelli di Cina e Stati Uniti: da noi l&#8217;elettricit\u00e0 \u00e8 a 200 euro per megawattora (MWh) Negli USA e in Cina sotto gli 80 euro. Per il gas le distanze sono maggiori, 60 euro\/MWh da noi, 12 Negli USA. <\/span><\/p>\n<p style=\"text-align: justify;\"><span style=\"color: #000000;\">Appena cerca le cause per\u00f2 arrivano le perversioni, originate dalla Commissione, che si individuano nei meccanismi di mercato, su cui l&#8217;Ue lavora da 30 anni, nella speculazione, che detto da un banchiere ex Bce sembra una confessione, in un generico mancato trasferimento ai consumatori finali dei benefici della decarbonizzazione. <\/span><\/p>\n<p style=\"text-align: justify;\"><span style=\"color: #000000;\">Questi benefici sarebbero i bassi costi di produzione delle fonti rinnovabili che non arrivano ai consumatori. Innanzitutto, i costi delle rinnovabili non sono confrontabili con quelli delle fonti tradizionali, perch\u00e9 l&#8217;elettricit\u00e0 da centrali a gas, a carbone, nucleari \u00e8 disponibile e programmabile sempre in grandissime quantit\u00e0, tutte le 8760 ore che sommate fanno un anno e non solo le 1500 ore del solare, ho le 2500 ore dell&#8217;eolico. <\/span><\/p>\n<p style=\"text-align: justify;\"><span style=\"color: #000000;\"><img loading=\"lazy\" decoding=\"async\" class=\" wp-image-54862 alignleft\" src=\"https:\/\/www.rassegnastampa-totustuus.it\/cattolica\/wp-content\/uploads\/2022\/10\/energia_centrale_nucleare-300x158.jpg\" alt=\"\" width=\"395\" height=\"208\" srcset=\"https:\/\/www.rassegnastampa-totustuus.it\/cattolica\/wp-content\/uploads\/2022\/10\/energia_centrale_nucleare-300x158.jpg 300w, https:\/\/www.rassegnastampa-totustuus.it\/cattolica\/wp-content\/uploads\/2022\/10\/energia_centrale_nucleare.jpg 310w\" sizes=\"auto, (max-width: 395px) 100vw, 395px\" \/>Pensare che si possa risolvere il problema degli alti prezzi solo con pi\u00f9 rinnovabili \u00e8 sbagliato, come lo \u00e8 pensare che basti introdurre delle tariffe, mascherate dietro nomi esotici come Ppa, Power porurchasing agreement. Una tendenza alla che si addice alla grande finanza che ha invaso l&#8217;industria dell&#8217;energia elettrica, o meglio delle rinnovabili, da qualche decennio e che sembra un po\u2019 ispirare l&#8217;impostazione dell&#8217;analisi.<\/span><\/p>\n<p style=\"text-align: justify;\"><span style=\"color: #000000;\">Le cose sono molto pi\u00f9 semplici, quasi banali. I prezzi degli Stati Uniti dell&#8217;elettricit\u00e0 sono scandalosamente bassi perch\u00e9 usano volumi enormi di gas a prezzi stracciati per una produzione interna che \u00e8 esplosa grazie alla tecnologia del fracking, della fratturazione idraulica. Un merito che va totalmente ai cattivi petrolieri, quelli americani, il cui petrolio esce a fiotti dal Texas e consente a noi europei ti parlare di alchimie dei mercati. <\/span><\/p>\n<p style=\"text-align: justify;\"><span style=\"color: #000000;\">I prezzi dell&#8217;elettricit\u00e0 della Cina sono bassi perch\u00e9 usano il carbone interno che ha costi irrisori, mentre noi in Italia stiamo chiudendo le poche centrali a carbone che avevamo costruito con tanta fatica in passato. Una mezza follia per un&#8217;Italia che non cresce e che, testimoniano le tabelle di Draghi, ai prezzi dell&#8217;elettricit\u00e0 pi\u00f9 alti in Europa e, pertanto, al mondo.<\/span><\/p>\n<p>_____________________________________<\/p>\n<p><strong>Leggi anche:<\/strong><\/p>\n<p><a href=\"https:\/\/www.rassegnastampa-totustuus.it\/cattolica\/energia-e-ambiente-dopo-kyoto\/\" target=\"_blank\" rel=\"noopener\"><span style=\"color: #0000ff;\">energia e ambiente dopo Kyoto<\/span><\/a><\/p>\n<p><a href=\"https:\/\/www.rassegnastampa-totustuus.it\/cattolica\/la-transizione-verde-non-ci-sara-mai-5-dati-lo-dimostrano\/\" target=\"_blank\" rel=\"noopener\"><span style=\"color: #0000ff;\">La \u201ctransizione verde\u201d non ci sar\u00e0 mai: 5 dati lo dimostrano<\/span><\/a><\/p>\n\n\n<p><\/p>\n","protected":false},"excerpt":{"rendered":"<p>La Stampa 11 Settembre 2024 \u00a0di Davide Tabarelli Nessuno se ne accorge, ma i prezzi del petrolio continuano a scendere le cattive compagnie petrolifere possono vendere la benzina e il gasolio alle listini che continuano a scendere. I pi\u00f9 attenti trovano benzina a 1,7 euro per litro e gasolio sotto 1,6, ai minimi da quasi &hellip; <\/p>\n<p><a class=\"more-link btn\" href=\"https:\/\/www.rassegnastampa-totustuus.it\/cattolica\/perche-la-nostra-energia-e-la-piu-cara\/\">Continua a leggere<\/a><\/p>\n","protected":false},"author":6,"featured_media":57962,"comment_status":"closed","ping_status":"closed","sticky":false,"template":"","format":"standard","meta":{"footnotes":""},"categories":[3,13],"tags":[2886,2389,1819,567,3056,3055],"class_list":["post-61218","post","type-post","status-publish","format-standard","has-post-thumbnail","hentry","category-ambientalismo","category-economia","tag-ambientaliasmo","tag-economia","tag-energia","tag-europa-eu","tag-fonti-rinnovabili","tag-petrolio","item-wrap"],"yoast_head":"<!-- This site is optimized with the Yoast SEO plugin v27.5 - https:\/\/yoast.com\/product\/yoast-seo-wordpress\/ -->\n<title>Perch\u00e9 la nostra energia \u00e8 la pi\u00f9 cara - Rassegna Stampa Cattolica<\/title>\n<meta name=\"description\" content=\"Perch\u00e9 la nostra energia \u00e8 la pi\u00f9 cara. Non si parla mai di petrolio e solo di rinnovabili che per\u00f2 non possono risolvere il problema\" \/>\n<meta name=\"robots\" content=\"index, follow, max-snippet:-1, max-image-preview:large, max-video-preview:-1\" \/>\n<link rel=\"canonical\" href=\"https:\/\/www.rassegnastampa-totustuus.it\/cattolica\/perche-la-nostra-energia-e-la-piu-cara\/\" \/>\n<meta property=\"og:locale\" content=\"it_IT\" \/>\n<meta property=\"og:type\" content=\"article\" \/>\n<meta property=\"og:title\" content=\"Perch\u00e9 la nostra energia \u00e8 la pi\u00f9 cara - Rassegna Stampa Cattolica\" \/>\n<meta property=\"og:description\" content=\"Perch\u00e9 la nostra energia \u00e8 la pi\u00f9 cara. Non si parla mai di petrolio e solo di rinnovabili che per\u00f2 non possono risolvere il problema\" \/>\n<meta property=\"og:url\" content=\"https:\/\/www.rassegnastampa-totustuus.it\/cattolica\/perche-la-nostra-energia-e-la-piu-cara\/\" \/>\n<meta property=\"og:site_name\" content=\"Rassegna Stampa Cattolica\" \/>\n<meta property=\"article:publisher\" content=\"https:\/\/www.facebook.com\/rassegnastampacattolica\" \/>\n<meta property=\"article:published_time\" content=\"2024-09-17T13:39:58+00:00\" \/>\n<meta property=\"article:modified_time\" content=\"2024-09-17T13:40:00+00:00\" \/>\n<meta property=\"og:image\" content=\"https:\/\/www.rassegnastampa-totustuus.it\/cattolica\/wp-content\/uploads\/2023\/12\/metano_energia_ambiente.jpg\" \/>\n\t<meta property=\"og:image:width\" content=\"365\" \/>\n\t<meta property=\"og:image:height\" content=\"266\" \/>\n\t<meta property=\"og:image:type\" content=\"image\/jpeg\" \/>\n<meta name=\"author\" content=\"Redazione\" \/>\n<meta name=\"twitter:card\" content=\"summary_large_image\" \/>\n<meta name=\"twitter:creator\" content=\"@rassegnastampa9\" \/>\n<meta name=\"twitter:site\" content=\"@rassegnastampa9\" \/>\n<meta name=\"twitter:label1\" content=\"Scritto da\" \/>\n\t<meta name=\"twitter:data1\" content=\"Redazione\" \/>\n\t<meta name=\"twitter:label2\" content=\"Tempo di lettura stimato\" \/>\n\t<meta name=\"twitter:data2\" content=\"5 minuti\" \/>\n<script type=\"application\/ld+json\" class=\"yoast-schema-graph\">{\"@context\":\"https:\\\/\\\/schema.org\",\"@graph\":[{\"@type\":\"Article\",\"@id\":\"https:\\\/\\\/www.rassegnastampa-totustuus.it\\\/cattolica\\\/perche-la-nostra-energia-e-la-piu-cara\\\/#article\",\"isPartOf\":{\"@id\":\"https:\\\/\\\/www.rassegnastampa-totustuus.it\\\/cattolica\\\/perche-la-nostra-energia-e-la-piu-cara\\\/\"},\"author\":{\"name\":\"Redazione\",\"@id\":\"https:\\\/\\\/www.rassegnastampa-totustuus.it\\\/cattolica\\\/#\\\/schema\\\/person\\\/08f319d2bd1a0904ad9e2bfb7b15e5c3\"},\"headline\":\"Perch\u00e9 la nostra energia \u00e8 la pi\u00f9 cara\",\"datePublished\":\"2024-09-17T13:39:58+00:00\",\"dateModified\":\"2024-09-17T13:40:00+00:00\",\"mainEntityOfPage\":{\"@id\":\"https:\\\/\\\/www.rassegnastampa-totustuus.it\\\/cattolica\\\/perche-la-nostra-energia-e-la-piu-cara\\\/\"},\"wordCount\":603,\"publisher\":{\"@id\":\"https:\\\/\\\/www.rassegnastampa-totustuus.it\\\/cattolica\\\/#organization\"},\"image\":{\"@id\":\"https:\\\/\\\/www.rassegnastampa-totustuus.it\\\/cattolica\\\/perche-la-nostra-energia-e-la-piu-cara\\\/#primaryimage\"},\"thumbnailUrl\":\"https:\\\/\\\/www.rassegnastampa-totustuus.it\\\/cattolica\\\/wp-content\\\/uploads\\\/2023\\\/12\\\/metano_energia_ambiente.jpg\",\"keywords\":[\"ambientaliasmo\",\"Economia\",\"energia\",\"Europa EU\",\"fonti rinnovabili\",\"petrolio\"],\"articleSection\":[\"Ambientalismo\",\"Economia\"],\"inLanguage\":\"it-IT\"},{\"@type\":\"WebPage\",\"@id\":\"https:\\\/\\\/www.rassegnastampa-totustuus.it\\\/cattolica\\\/perche-la-nostra-energia-e-la-piu-cara\\\/\",\"url\":\"https:\\\/\\\/www.rassegnastampa-totustuus.it\\\/cattolica\\\/perche-la-nostra-energia-e-la-piu-cara\\\/\",\"name\":\"Perch\u00e9 la nostra energia \u00e8 la pi\u00f9 cara - Rassegna Stampa Cattolica\",\"isPartOf\":{\"@id\":\"https:\\\/\\\/www.rassegnastampa-totustuus.it\\\/cattolica\\\/#website\"},\"primaryImageOfPage\":{\"@id\":\"https:\\\/\\\/www.rassegnastampa-totustuus.it\\\/cattolica\\\/perche-la-nostra-energia-e-la-piu-cara\\\/#primaryimage\"},\"image\":{\"@id\":\"https:\\\/\\\/www.rassegnastampa-totustuus.it\\\/cattolica\\\/perche-la-nostra-energia-e-la-piu-cara\\\/#primaryimage\"},\"thumbnailUrl\":\"https:\\\/\\\/www.rassegnastampa-totustuus.it\\\/cattolica\\\/wp-content\\\/uploads\\\/2023\\\/12\\\/metano_energia_ambiente.jpg\",\"datePublished\":\"2024-09-17T13:39:58+00:00\",\"dateModified\":\"2024-09-17T13:40:00+00:00\",\"description\":\"Perch\u00e9 la nostra energia \u00e8 la pi\u00f9 cara. Non si parla mai di petrolio e solo di rinnovabili che per\u00f2 non possono risolvere il problema\",\"breadcrumb\":{\"@id\":\"https:\\\/\\\/www.rassegnastampa-totustuus.it\\\/cattolica\\\/perche-la-nostra-energia-e-la-piu-cara\\\/#breadcrumb\"},\"inLanguage\":\"it-IT\",\"potentialAction\":[{\"@type\":\"ReadAction\",\"target\":[\"https:\\\/\\\/www.rassegnastampa-totustuus.it\\\/cattolica\\\/perche-la-nostra-energia-e-la-piu-cara\\\/\"]}]},{\"@type\":\"ImageObject\",\"inLanguage\":\"it-IT\",\"@id\":\"https:\\\/\\\/www.rassegnastampa-totustuus.it\\\/cattolica\\\/perche-la-nostra-energia-e-la-piu-cara\\\/#primaryimage\",\"url\":\"https:\\\/\\\/www.rassegnastampa-totustuus.it\\\/cattolica\\\/wp-content\\\/uploads\\\/2023\\\/12\\\/metano_energia_ambiente.jpg\",\"contentUrl\":\"https:\\\/\\\/www.rassegnastampa-totustuus.it\\\/cattolica\\\/wp-content\\\/uploads\\\/2023\\\/12\\\/metano_energia_ambiente.jpg\",\"width\":365,\"height\":266,\"caption\":\"per arrivare alle emissioni zero come vuole l'Europa occorre incrementare le rinnovabili\"},{\"@type\":\"BreadcrumbList\",\"@id\":\"https:\\\/\\\/www.rassegnastampa-totustuus.it\\\/cattolica\\\/perche-la-nostra-energia-e-la-piu-cara\\\/#breadcrumb\",\"itemListElement\":[{\"@type\":\"ListItem\",\"position\":1,\"name\":\"Home\",\"item\":\"https:\\\/\\\/www.rassegnastampa-totustuus.it\\\/cattolica\\\/\"},{\"@type\":\"ListItem\",\"position\":2,\"name\":\"Perch\u00e9 la nostra energia \u00e8 la pi\u00f9 cara\"}]},{\"@type\":\"WebSite\",\"@id\":\"https:\\\/\\\/www.rassegnastampa-totustuus.it\\\/cattolica\\\/#website\",\"url\":\"https:\\\/\\\/www.rassegnastampa-totustuus.it\\\/cattolica\\\/\",\"name\":\"Rassegna Stampa Cattolica\",\"description\":\"Per una cultura che nasce dalla Rivelazione cristiana in conformit\u00e0 alla tradizione e al Magistero della Chiesa in opposizione ad ogni relativismo e totalitarismo\",\"publisher\":{\"@id\":\"https:\\\/\\\/www.rassegnastampa-totustuus.it\\\/cattolica\\\/#organization\"},\"alternateName\":\"Rass. Cattolica\",\"potentialAction\":[{\"@type\":\"SearchAction\",\"target\":{\"@type\":\"EntryPoint\",\"urlTemplate\":\"https:\\\/\\\/www.rassegnastampa-totustuus.it\\\/cattolica\\\/?s={search_term_string}\"},\"query-input\":{\"@type\":\"PropertyValueSpecification\",\"valueRequired\":true,\"valueName\":\"search_term_string\"}}],\"inLanguage\":\"it-IT\"},{\"@type\":\"Organization\",\"@id\":\"https:\\\/\\\/www.rassegnastampa-totustuus.it\\\/cattolica\\\/#organization\",\"name\":\"Rassegna Stampa Cattolica\",\"url\":\"https:\\\/\\\/www.rassegnastampa-totustuus.it\\\/cattolica\\\/\",\"logo\":{\"@type\":\"ImageObject\",\"inLanguage\":\"it-IT\",\"@id\":\"https:\\\/\\\/www.rassegnastampa-totustuus.it\\\/cattolica\\\/#\\\/schema\\\/logo\\\/image\\\/\",\"url\":\"https:\\\/\\\/www.rassegnastampa-totustuus.it\\\/cattolica\\\/wp-content\\\/uploads\\\/2014\\\/04\\\/logo-rassegna1.gif\",\"contentUrl\":\"https:\\\/\\\/www.rassegnastampa-totustuus.it\\\/cattolica\\\/wp-content\\\/uploads\\\/2014\\\/04\\\/logo-rassegna1.gif\",\"width\":600,\"height\":163,\"caption\":\"Rassegna Stampa Cattolica\"},\"image\":{\"@id\":\"https:\\\/\\\/www.rassegnastampa-totustuus.it\\\/cattolica\\\/#\\\/schema\\\/logo\\\/image\\\/\"},\"sameAs\":[\"https:\\\/\\\/www.facebook.com\\\/rassegnastampacattolica\",\"https:\\\/\\\/x.com\\\/rassegnastampa9\"]},{\"@type\":\"Person\",\"@id\":\"https:\\\/\\\/www.rassegnastampa-totustuus.it\\\/cattolica\\\/#\\\/schema\\\/person\\\/08f319d2bd1a0904ad9e2bfb7b15e5c3\",\"name\":\"Redazione\",\"image\":{\"@type\":\"ImageObject\",\"inLanguage\":\"it-IT\",\"@id\":\"https:\\\/\\\/secure.gravatar.com\\\/avatar\\\/2fcdf27c78ea025fbdb44e914cc63c72249ffec9dc8aafd5c82b26240ef3f346?s=96&d=mm&r=g\",\"url\":\"https:\\\/\\\/secure.gravatar.com\\\/avatar\\\/2fcdf27c78ea025fbdb44e914cc63c72249ffec9dc8aafd5c82b26240ef3f346?s=96&d=mm&r=g\",\"contentUrl\":\"https:\\\/\\\/secure.gravatar.com\\\/avatar\\\/2fcdf27c78ea025fbdb44e914cc63c72249ffec9dc8aafd5c82b26240ef3f346?s=96&d=mm&r=g\",\"caption\":\"Redazione\"},\"url\":\"https:\\\/\\\/www.rassegnastampa-totustuus.it\\\/cattolica\\\/author\\\/pietroelle\\\/\"}]}<\/script>\n<!-- \/ Yoast SEO plugin. -->","yoast_head_json":{"title":"Perch\u00e9 la nostra energia \u00e8 la pi\u00f9 cara - Rassegna Stampa Cattolica","description":"Perch\u00e9 la nostra energia \u00e8 la pi\u00f9 cara. Non si parla mai di petrolio e solo di rinnovabili che per\u00f2 non possono risolvere il problema","robots":{"index":"index","follow":"follow","max-snippet":"max-snippet:-1","max-image-preview":"max-image-preview:large","max-video-preview":"max-video-preview:-1"},"canonical":"https:\/\/www.rassegnastampa-totustuus.it\/cattolica\/perche-la-nostra-energia-e-la-piu-cara\/","og_locale":"it_IT","og_type":"article","og_title":"Perch\u00e9 la nostra energia \u00e8 la pi\u00f9 cara - Rassegna Stampa Cattolica","og_description":"Perch\u00e9 la nostra energia \u00e8 la pi\u00f9 cara. Non si parla mai di petrolio e solo di rinnovabili che per\u00f2 non possono risolvere il problema","og_url":"https:\/\/www.rassegnastampa-totustuus.it\/cattolica\/perche-la-nostra-energia-e-la-piu-cara\/","og_site_name":"Rassegna Stampa Cattolica","article_publisher":"https:\/\/www.facebook.com\/rassegnastampacattolica","article_published_time":"2024-09-17T13:39:58+00:00","article_modified_time":"2024-09-17T13:40:00+00:00","og_image":[{"width":365,"height":266,"url":"https:\/\/www.rassegnastampa-totustuus.it\/cattolica\/wp-content\/uploads\/2023\/12\/metano_energia_ambiente.jpg","type":"image\/jpeg"}],"author":"Redazione","twitter_card":"summary_large_image","twitter_creator":"@rassegnastampa9","twitter_site":"@rassegnastampa9","twitter_misc":{"Scritto da":"Redazione","Tempo di lettura stimato":"5 minuti"},"schema":{"@context":"https:\/\/schema.org","@graph":[{"@type":"Article","@id":"https:\/\/www.rassegnastampa-totustuus.it\/cattolica\/perche-la-nostra-energia-e-la-piu-cara\/#article","isPartOf":{"@id":"https:\/\/www.rassegnastampa-totustuus.it\/cattolica\/perche-la-nostra-energia-e-la-piu-cara\/"},"author":{"name":"Redazione","@id":"https:\/\/www.rassegnastampa-totustuus.it\/cattolica\/#\/schema\/person\/08f319d2bd1a0904ad9e2bfb7b15e5c3"},"headline":"Perch\u00e9 la nostra energia \u00e8 la pi\u00f9 cara","datePublished":"2024-09-17T13:39:58+00:00","dateModified":"2024-09-17T13:40:00+00:00","mainEntityOfPage":{"@id":"https:\/\/www.rassegnastampa-totustuus.it\/cattolica\/perche-la-nostra-energia-e-la-piu-cara\/"},"wordCount":603,"publisher":{"@id":"https:\/\/www.rassegnastampa-totustuus.it\/cattolica\/#organization"},"image":{"@id":"https:\/\/www.rassegnastampa-totustuus.it\/cattolica\/perche-la-nostra-energia-e-la-piu-cara\/#primaryimage"},"thumbnailUrl":"https:\/\/www.rassegnastampa-totustuus.it\/cattolica\/wp-content\/uploads\/2023\/12\/metano_energia_ambiente.jpg","keywords":["ambientaliasmo","Economia","energia","Europa EU","fonti rinnovabili","petrolio"],"articleSection":["Ambientalismo","Economia"],"inLanguage":"it-IT"},{"@type":"WebPage","@id":"https:\/\/www.rassegnastampa-totustuus.it\/cattolica\/perche-la-nostra-energia-e-la-piu-cara\/","url":"https:\/\/www.rassegnastampa-totustuus.it\/cattolica\/perche-la-nostra-energia-e-la-piu-cara\/","name":"Perch\u00e9 la nostra energia \u00e8 la pi\u00f9 cara - Rassegna Stampa Cattolica","isPartOf":{"@id":"https:\/\/www.rassegnastampa-totustuus.it\/cattolica\/#website"},"primaryImageOfPage":{"@id":"https:\/\/www.rassegnastampa-totustuus.it\/cattolica\/perche-la-nostra-energia-e-la-piu-cara\/#primaryimage"},"image":{"@id":"https:\/\/www.rassegnastampa-totustuus.it\/cattolica\/perche-la-nostra-energia-e-la-piu-cara\/#primaryimage"},"thumbnailUrl":"https:\/\/www.rassegnastampa-totustuus.it\/cattolica\/wp-content\/uploads\/2023\/12\/metano_energia_ambiente.jpg","datePublished":"2024-09-17T13:39:58+00:00","dateModified":"2024-09-17T13:40:00+00:00","description":"Perch\u00e9 la nostra energia \u00e8 la pi\u00f9 cara. Non si parla mai di petrolio e solo di rinnovabili che per\u00f2 non possono risolvere il problema","breadcrumb":{"@id":"https:\/\/www.rassegnastampa-totustuus.it\/cattolica\/perche-la-nostra-energia-e-la-piu-cara\/#breadcrumb"},"inLanguage":"it-IT","potentialAction":[{"@type":"ReadAction","target":["https:\/\/www.rassegnastampa-totustuus.it\/cattolica\/perche-la-nostra-energia-e-la-piu-cara\/"]}]},{"@type":"ImageObject","inLanguage":"it-IT","@id":"https:\/\/www.rassegnastampa-totustuus.it\/cattolica\/perche-la-nostra-energia-e-la-piu-cara\/#primaryimage","url":"https:\/\/www.rassegnastampa-totustuus.it\/cattolica\/wp-content\/uploads\/2023\/12\/metano_energia_ambiente.jpg","contentUrl":"https:\/\/www.rassegnastampa-totustuus.it\/cattolica\/wp-content\/uploads\/2023\/12\/metano_energia_ambiente.jpg","width":365,"height":266,"caption":"per arrivare alle emissioni zero come vuole l'Europa occorre incrementare le rinnovabili"},{"@type":"BreadcrumbList","@id":"https:\/\/www.rassegnastampa-totustuus.it\/cattolica\/perche-la-nostra-energia-e-la-piu-cara\/#breadcrumb","itemListElement":[{"@type":"ListItem","position":1,"name":"Home","item":"https:\/\/www.rassegnastampa-totustuus.it\/cattolica\/"},{"@type":"ListItem","position":2,"name":"Perch\u00e9 la nostra energia \u00e8 la pi\u00f9 cara"}]},{"@type":"WebSite","@id":"https:\/\/www.rassegnastampa-totustuus.it\/cattolica\/#website","url":"https:\/\/www.rassegnastampa-totustuus.it\/cattolica\/","name":"Rassegna Stampa Cattolica","description":"Per una cultura che nasce dalla Rivelazione cristiana in conformit\u00e0 alla tradizione e al Magistero della Chiesa in opposizione ad ogni relativismo e totalitarismo","publisher":{"@id":"https:\/\/www.rassegnastampa-totustuus.it\/cattolica\/#organization"},"alternateName":"Rass. Cattolica","potentialAction":[{"@type":"SearchAction","target":{"@type":"EntryPoint","urlTemplate":"https:\/\/www.rassegnastampa-totustuus.it\/cattolica\/?s={search_term_string}"},"query-input":{"@type":"PropertyValueSpecification","valueRequired":true,"valueName":"search_term_string"}}],"inLanguage":"it-IT"},{"@type":"Organization","@id":"https:\/\/www.rassegnastampa-totustuus.it\/cattolica\/#organization","name":"Rassegna Stampa Cattolica","url":"https:\/\/www.rassegnastampa-totustuus.it\/cattolica\/","logo":{"@type":"ImageObject","inLanguage":"it-IT","@id":"https:\/\/www.rassegnastampa-totustuus.it\/cattolica\/#\/schema\/logo\/image\/","url":"https:\/\/www.rassegnastampa-totustuus.it\/cattolica\/wp-content\/uploads\/2014\/04\/logo-rassegna1.gif","contentUrl":"https:\/\/www.rassegnastampa-totustuus.it\/cattolica\/wp-content\/uploads\/2014\/04\/logo-rassegna1.gif","width":600,"height":163,"caption":"Rassegna Stampa Cattolica"},"image":{"@id":"https:\/\/www.rassegnastampa-totustuus.it\/cattolica\/#\/schema\/logo\/image\/"},"sameAs":["https:\/\/www.facebook.com\/rassegnastampacattolica","https:\/\/x.com\/rassegnastampa9"]},{"@type":"Person","@id":"https:\/\/www.rassegnastampa-totustuus.it\/cattolica\/#\/schema\/person\/08f319d2bd1a0904ad9e2bfb7b15e5c3","name":"Redazione","image":{"@type":"ImageObject","inLanguage":"it-IT","@id":"https:\/\/secure.gravatar.com\/avatar\/2fcdf27c78ea025fbdb44e914cc63c72249ffec9dc8aafd5c82b26240ef3f346?s=96&d=mm&r=g","url":"https:\/\/secure.gravatar.com\/avatar\/2fcdf27c78ea025fbdb44e914cc63c72249ffec9dc8aafd5c82b26240ef3f346?s=96&d=mm&r=g","contentUrl":"https:\/\/secure.gravatar.com\/avatar\/2fcdf27c78ea025fbdb44e914cc63c72249ffec9dc8aafd5c82b26240ef3f346?s=96&d=mm&r=g","caption":"Redazione"},"url":"https:\/\/www.rassegnastampa-totustuus.it\/cattolica\/author\/pietroelle\/"}]}},"_links":{"self":[{"href":"https:\/\/www.rassegnastampa-totustuus.it\/cattolica\/wp-json\/wp\/v2\/posts\/61218","targetHints":{"allow":["GET"]}}],"collection":[{"href":"https:\/\/www.rassegnastampa-totustuus.it\/cattolica\/wp-json\/wp\/v2\/posts"}],"about":[{"href":"https:\/\/www.rassegnastampa-totustuus.it\/cattolica\/wp-json\/wp\/v2\/types\/post"}],"author":[{"embeddable":true,"href":"https:\/\/www.rassegnastampa-totustuus.it\/cattolica\/wp-json\/wp\/v2\/users\/6"}],"replies":[{"embeddable":true,"href":"https:\/\/www.rassegnastampa-totustuus.it\/cattolica\/wp-json\/wp\/v2\/comments?post=61218"}],"version-history":[{"count":1,"href":"https:\/\/www.rassegnastampa-totustuus.it\/cattolica\/wp-json\/wp\/v2\/posts\/61218\/revisions"}],"predecessor-version":[{"id":61219,"href":"https:\/\/www.rassegnastampa-totustuus.it\/cattolica\/wp-json\/wp\/v2\/posts\/61218\/revisions\/61219"}],"wp:featuredmedia":[{"embeddable":true,"href":"https:\/\/www.rassegnastampa-totustuus.it\/cattolica\/wp-json\/wp\/v2\/media\/57962"}],"wp:attachment":[{"href":"https:\/\/www.rassegnastampa-totustuus.it\/cattolica\/wp-json\/wp\/v2\/media?parent=61218"}],"wp:term":[{"taxonomy":"category","embeddable":true,"href":"https:\/\/www.rassegnastampa-totustuus.it\/cattolica\/wp-json\/wp\/v2\/categories?post=61218"},{"taxonomy":"post_tag","embeddable":true,"href":"https:\/\/www.rassegnastampa-totustuus.it\/cattolica\/wp-json\/wp\/v2\/tags?post=61218"}],"curies":[{"name":"wp","href":"https:\/\/api.w.org\/{rel}","templated":true}]}}