{"id":61203,"date":"2024-09-16T10:24:38","date_gmt":"2024-09-16T08:24:38","guid":{"rendered":"https:\/\/www.rassegnastampa-totustuus.it\/cattolica\/?p=61203"},"modified":"2024-09-16T10:28:46","modified_gmt":"2024-09-16T08:28:46","slug":"leuropa-deve-tornare-a-difendere-le-frontiere","status":"publish","type":"post","link":"https:\/\/www.rassegnastampa-totustuus.it\/cattolica\/leuropa-deve-tornare-a-difendere-le-frontiere\/","title":{"rendered":"L&#8217;Europa deve tornare a difendere le frontiere"},"content":{"rendered":"<p style=\"text-align: justify;\"><span style=\"color: #000000;\"><strong><img loading=\"lazy\" decoding=\"async\" class=\"size-full wp-image-53410 alignleft\" src=\"https:\/\/www.rassegnastampa-totustuus.it\/cattolica\/wp-content\/uploads\/2022\/01\/confine_dogana_immigrazione.jpg\" alt=\"\" width=\"170\" height=\"170\" srcset=\"https:\/\/www.rassegnastampa-totustuus.it\/cattolica\/wp-content\/uploads\/2022\/01\/confine_dogana_immigrazione.jpg 170w, https:\/\/www.rassegnastampa-totustuus.it\/cattolica\/wp-content\/uploads\/2022\/01\/confine_dogana_immigrazione-150x150.jpg 150w\" sizes=\"auto, (max-width: 170px) 100vw, 170px\" \/>Abstract: <\/strong><em>L&#8217;Europa deve tornare a difendere le frontiere se non vuole implodere di fronte all&#8217;ondata di immigrazione soprattutto islamica, che ha portato ad un incredibile aumento di crimini e attentati. La Germania ha gi\u00e0 annunciato di voler sospendere Shengen per sei mesi a causa del pericolo di infiltrazione terroristica. Perfino Jacques Attali, l\u2019intellettuale campione del globalismo, lo ha detto che pi\u00f9 chiaro non poteva essere: \u201cLa questione delle frontiere \u00e8 essenziale. L\u2019Europa \u00e8 un colabrodo e abbiamo fatto di tutto per distruggere le frontiere interne ed esterne. Non \u00e8 che l&#8217;Europa non sappia proteggersi, \u00e8 che non vuole proteggersi\u201d.<\/em><\/span><\/p>\n<p><!--more--><\/p>\n<p style=\"text-align: justify;\"><span style=\"color: #0000ff;\"><strong><a style=\"color: #0000ff;\" href=\"https:\/\/meotti.substack.com\/\" target=\"_blank\" rel=\"noopener\">Newsletter<\/a> <\/strong><\/span><span style=\"color: #000000;\">di Giulio Meotti 11 Settembre 2024 <\/span><\/p>\n<h3 style=\"text-align: center;\"><span style=\"color: #000000;\"><strong>&#8220;L&#8217;Europa non ha alcun obbligo morale di autodistruggersi <\/strong><\/span><\/h3>\n<h3 style=\"text-align: center;\"><span style=\"color: #000000;\"><strong>e torner\u00e0 a difendere le frontiere esterne&#8221; <\/strong><\/span><\/h3>\n<p style=\"text-align: justify;\"><span style=\"color: #000000;\"><em>Cos\u00ec il filosofo pi\u00f9 famoso di Germania, che fra terrorismo, immigrazione e 100 attacchi col coltello in 7 giorni sospende Schengen. Se l&#8217;Occidente \u00e8 come una satira di Aristofane, non ce la far\u00e0<\/em> <\/span><\/p>\n<p style=\"text-align: center;\"><span style=\"color: #000000;\"><strong>Giulio Meotti<\/strong><\/span><\/p>\n<p style=\"text-align: justify;\"><span style=\"color: #000000;\"><img loading=\"lazy\" decoding=\"async\" class=\"size-full wp-image-61204 alignright\" src=\"https:\/\/www.rassegnastampa-totustuus.it\/cattolica\/wp-content\/uploads\/2024\/09\/Germania_immigrazione_Merkel.jpg\" alt=\"\" width=\"430\" height=\"237\" \/>La fotografia ha solo nove anni, ma sembra provenire da un\u2019altra epoca. E soprattutto da un altro Paese. Dieci giorni prima la cancelliera Angela Merkel aveva pronunciato la famosa frase\u00a0<em>Wir Schaffen Das<\/em>. Ce la possiamo fare. Sarebbe diventato il motto della cultura dell\u2019accoglienza con cui l\u2019Europa a trazione tedesca aveva risposto a una ondata migratoria senza precedenti.<\/span><\/p>\n<p style=\"text-align: justify;\"><span style=\"color: #000000;\">Quella mattina, la cancelliera visita un centro di accoglienza per rifugiati a Berlino. Shaker Kedida le chiede un selfie. Merkel annuisce e si mette in posa. L\u2019immagine divenne l\u2019equivalente visivo di\u00a0<em>Wir Schaffen Das<\/em>, pietra miliare della comunicazione politica dell\u2019epoca al pari di\u00a0<em>Yes we can<\/em>\u00a0di Obama. Non c\u2019era spazio per lo scetticismo sull\u2019immigrazione e i confini. Merkel fece tutto da s\u00e8, senza consultare gli altri governi della Ue.<\/span><\/p>\n<p style=\"text-align: justify;\"><span style=\"color: #000000;\">Oggi non soltanto sarebbe impossibile un cancelliere tedesco che si fa un selfie con i migranti. Il governo di sinistra di Olaf Scholz ha anche deciso l\u2019impensabile: la sospensione di Schengen e il ritorno dei controlli ai confini. Perch\u00e9 per dirla con l\u2019ex capo dei servizi segreti francesi<\/span> <span style=\"color: #0000ff;\"><a style=\"color: #0000ff;\" href=\"https:\/\/www.lefigaro.fr\/vox\/societe\/pierre-brochand-ex-dgse-nous-subissons-une-immigration-sans-precedent-20220324\" target=\"_blank\" rel=\"noopener\">Pierre Brochand<\/a>,<\/span> <span style=\"color: #000000;\">ci siamo accorti che non funziona \u201cun modello che rifiuta di distinguere tra le aspirazioni del contabile svedese e del guerriero pashtun, del secchione californiano e del pastore saheliano, del contadino b\u00e9arn e del giovane \u2018harrag\u2019 algerino, come se tutti fossero intercambiabili\u201d.<\/span><\/p>\n<p style=\"text-align: justify;\"><span style=\"color: #000000;\">La <\/span><a href=\"https:\/\/www.reuters.com\/world\/europe\/germany-put-temporary-controls-all-land-borders-source-says-2024-09-09\/\" target=\"_blank\" rel=\"noopener\"><span style=\"color: #0000ff;\">Germania<\/span><\/a> <span style=\"color: #000000;\">ha dunque annunciato la sospensione di Schengen per sei mesi e del sogno europeo della libera circolazione di persone e merci a causa del pericolo di infiltrazione di terroristi e dei flussi migratori fuori controllo. \u201cFino a quando non raggiungeremo una forte protezione delle frontiere esterne dell&#8217;UE, con il nuovo sistema comune europeo di asilo, dobbiamo controllare i nostri confini nazionali ancora pi\u00f9 da vicino\u201d, ha dichiarato il ministro degli Interni tedesco, Nancy Faeser.<\/span><\/p>\n<p style=\"text-align: justify;\"><span style=\"color: #000000;\">G\u00e9rard-Fran\u00e7ois Dumont, professore all&#8217;Universit\u00e0 della Sorbona, su<\/span> <span style=\"color: #0000ff;\"><em><a style=\"color: #0000ff;\" href=\"https:\/\/www.lefigaro.fr\/vox\/monde\/l-allemagne-signe-t-elle-la-fin-d-une-politique-migratoire-europeenne-commune-20240911\" target=\"_blank\" rel=\"noopener\">Le Figaro<\/a><\/em><\/span> <span style=\"color: #000000;\">spiega il significato di questa decisione: \u201cIn primo luogo, la Germania annuncia che non vuole pi\u00f9 accogliere migranti irregolari, il che \u00e8 significativo. L&#8217;effetto dell&#8217;annuncio sar\u00e0 tanto pi\u00f9 significativo quanto pi\u00f9 le misure adottate saranno concrete. Ci\u00f2 dimostra che ci\u00f2 che Angela Merkel annunci\u00f2 nel 2015 era del tutto impensabile. Ricordiamo che la cancelliera, senza mai consultare alcun partner europeo, aveva deciso di aprire sistematicamente le frontiere della Germania a chiunque presentasse un passaporto\u201d.<\/span><\/p>\n<p style=\"text-align: justify;\"><span style=\"color: #000000;\"><img loading=\"lazy\" decoding=\"async\" class=\"wp-image-61205 alignleft\" src=\"https:\/\/www.rassegnastampa-totustuus.it\/cattolica\/wp-content\/uploads\/2024\/09\/Francia_Attali_globalizzazione.jpg\" alt=\"\" width=\"454\" height=\"255\" \/>Perfino Jacques Attali, l\u2019intellettuale campione del globalismo, lo ha detto che pi\u00f9 chiaro non poteva essere: \u201cLa questione delle frontiere \u00e8 essenziale. L\u2019Europa \u00e8 un colabrodo e abbiamo fatto di tutto per distruggere le frontiere interne ed esterne. Non \u00e8 che l&#8217;Europa non sappia proteggersi, \u00e8 che non vuole proteggersi\u201d.<\/span><\/p>\n<p style=\"text-align: justify;\"><span style=\"color: #000000;\">E lo ha appena detto anche il nuovo premier francese, europeista e pragmatico come Merkel e Scholz e Attali,<\/span> <span style=\"color: #0000ff;\"><a style=\"color: #0000ff;\" href=\"https:\/\/www.telegraph.co.uk\/world-news\/2024\/09\/07\/michel-barnier-france-borders-sieves-national-rally-migrant\/\" target=\"_blank\" rel=\"noopener\">Michel Barnier<\/a><\/span>, <span style=\"color: #000000;\">per cui \u201ci confini oggi sono dei colabrodi\u201d. Di solito queste operazioni politiche dirigiste sono soltanto maquillage, ma se l\u2019ex eurocommissario realizza quello che annuncia (chiusura dei confini esterni della UE) non sar\u00e0 male.<\/span><\/p>\n<p style=\"text-align: justify;\"><span style=\"color: #000000;\">Il<\/span> <span style=\"color: #0000ff;\"><em><a style=\"color: #0000ff;\" href=\"https:\/\/www.theguardian.com\/world\/article\/2024\/sep\/10\/the-end-of-schengen-germanys-new-border-controls-put-eu-unity-at-risk\" target=\"_blank\" rel=\"noopener\">Guardian<\/a><\/em><\/span> <span style=\"color: #000000;\">si domanda ora se non sia la \u201cfine di Schengen\u201d.<\/span><\/p>\n<p style=\"text-align: justify;\"><span style=\"color: #000000;\">Schengen \u00e8 un fatto politico ed economico fantastico, ma nelle condizioni che l\u2019Europa si \u00e8 creata da quella fatidica fotografia non regge: caduti i confini esterni della Ue, da Ceuta alle foreste polacche alle isole greche alle acque di Lampedusa, Schengen diventa il sinonimo di un\u2019Europa che, come il famoso battello sulla Mosella, \u00e8 in bal\u00eca delle correnti. &#8220;Anzich\u00e9 portare alla fusione, la crisi migratoria sta portando alla fissione dell\u2019Europa&#8221;, scrisse sette anni fa lo storico di Stanford<\/span><span style=\"color: #0000ff;\"> <a style=\"color: #0000ff;\" href=\"https:\/\/www.thetimes.co.uk\/article\/the-eu-melting-pot-is-melting-down-hfw3975q8\" target=\"_blank\" rel=\"noopener\">Niall Ferguson<\/a>.<\/span> <span style=\"color: #000000;\">&#8220;Sono sempre pi\u00f9 convinto che la crisi migratoria sar\u00e0 vista dai futuri storici come l&#8217;ingrediente fatale che ha sciolto la Ue&#8221;.<\/span><\/p>\n<div id=\"attachment_61206\" style=\"width: 460px\" class=\"wp-caption alignleft\"><img loading=\"lazy\" decoding=\"async\" aria-describedby=\"caption-attachment-61206\" class=\"wp-image-61206 \" src=\"https:\/\/www.rassegnastampa-totustuus.it\/cattolica\/wp-content\/uploads\/2024\/09\/Europa_Shengen_firma_frontiere.jpg\" alt=\"\" width=\"460\" height=\"259\" \/><p id=\"caption-attachment-61206\" class=\"wp-caption-text\">la firma degli accordi di Shengen<\/p><\/div>\n<p style=\"text-align: justify;\"><span style=\"color: #000000;\">Nel 1990, su un battello ancorato a Schengen, cittadina lussemburghese sulla Mosella al confine con Francia e Germania, i ministri di cinque paesi europei firmarono un accordo che avrebbe abbattuto le loro frontiere interne.<\/span><\/p>\n<p style=\"text-align: justify;\"><span style=\"color: #000000;\">Nell\u2019Europa centrale la notte del 26 marzo 1995 \u00e8 piovosa e fredda. Dalla mezzanotte \u00e8 in vigore l\u2019\u201caccordo di Schengen\u201d: gli automobilisti attraversano i confini di sette paesi europei senza controlli. Completamente diversa \u00e8 la situazione presso la barriera tedesco-polacca di G\u00f6rlitz. Qui si formano lunghe code ed \u00e8 stata creata una nuova frontiera esterna. Quella notte, migliaia di pendolari polacchi scoprono lo svantaggio per chi sta fuori dell\u2019accordo di Schengen. A oggi partecipano 26 paesi e Schengen, il piccolo villaggio sulla Mosella, \u00e8 diventato famoso in tutto il mondo. Al tempo, il ministro degli Interni tedesco Manfred Kanther avvert\u00ec: \u201cL\u2019accordo di Schengen \u00e8 un accordo sulla libert\u00e0 di movimento all\u2019interno e un accordo sulla sicurezza all\u2019esterno. La seconda tappa dell\u2019accordo di Schengen \u00e8 la creazione di un sistema comune di controllo delle frontiere esterne. Ed \u00e8 per questo che dobbiamo sempre vederli entrambi insieme\u201d.<\/span><\/p>\n<p style=\"text-align: justify;\"><span style=\"color: #000000;\">Non \u00e8 andata proprio cos\u00ec, ma con Jean-Claude Juncker, il soporifero lussemburghese, che da presidente della Commissione Europea arriver\u00e0 a dire che \u201c<\/span><span style=\"color: #0000ff;\"><a style=\"color: #0000ff;\" href=\"https:\/\/www.independent.co.uk\/news\/world\/europe\/national-borders-are-the-worst-invention-ever-says-ec-chief-jeanclaude-juncker-a7204006.html\" target=\"_blank\" rel=\"noopener\">i confini sono la peggior invenzione di sempre<\/a>\u201d<\/span>. <span style=\"color: #000000;\">Se ora persino il governo progressista tedesco rimette i controlli alle frontiere significa che la situazione europea \u00e8 fra il disperato e l\u2019irrecuperabile.<\/span><\/p>\n<p style=\"text-align: justify;\"><span style=\"color: #000000;\">La domanda \u00e8 se baster\u00e0 per mettere fine alla sindrome della rana bollita.<\/span><\/p>\n<p style=\"text-align: justify;\"><span style=\"color: #000000;\">Il probabile prossimo cancelliere tedesco, <a style=\"color: #000000;\" href=\"https:\/\/x.com\/bopanc\/status\/1831684596699726112\">Friedrich Merz<\/a> della CDU, ha appena detto che gli attacchi col coltello avvengono quasi ogni giorno, che in Germania si verificano in media due stupri di gruppo al giorno e che la maggior parte degli autori sono giovani migranti che sono totalmente irrispettosi nei confronti delle donne. \u201cQuesta \u00e8 la realt\u00e0 della Germania e dobbiamo porvi fine\u201d.<\/span><\/p>\n<div id=\"attachment_61207\" style=\"width: 404px\" class=\"wp-caption alignright\"><img loading=\"lazy\" decoding=\"async\" aria-describedby=\"caption-attachment-61207\" class=\"wp-image-61207 size-full\" src=\"https:\/\/www.rassegnastampa-totustuus.it\/cattolica\/wp-content\/uploads\/2024\/09\/Peter-Sloterdijk.jpg\" alt=\"\" width=\"404\" height=\"288\" \/><p id=\"caption-attachment-61207\" class=\"wp-caption-text\">Peter Sloterdijk<\/p><\/div>\n<p style=\"text-align: justify;\"><span style=\"color: #000000;\">Il filosofo tedesco Peter Sloterdijk, il pi\u00f9 noto e controverso della Germania, alla rivista liberale<\/span> <span style=\"color: #0000ff;\"><em><a style=\"color: #0000ff;\" href=\"https:\/\/www.cicero.de\/innenpolitik\/peter-sloterdijk-luegenaether-fluechtlinge-koeln-silvester\/plus\" target=\"_blank\" rel=\"noopener\">Cicero<\/a><\/em><\/span> <span style=\"color: #000000;\">ha spiegato cosa non va nella visione progressista sull\u2019immigrazione: \u201cI migranti sono profondamente consapevoli della vulnerabilit\u00e0 dello stato postmoderno e pseudo-postnazionale. La societ\u00e0 postmodernizzata sogna uno Stato \u2018oltre la protezione delle frontiere\u2019. Esiste in una modalit\u00e0 surreale in cui si dimenticano i confini. Le piace la sua esistenza in una cultura di contenitori a pareti sottili. Dove una volta c\u2019erano confini robusti, sono emerse membrane strette. Ora sono massicciamente sovraffollate. I tedeschi hanno sognato il sonno dei giusti. Per loro i confini erano solo ostacoli. In questo Paese la gente crede ancora che il confine sia l\u00ec solo per essere attraversato. Prima o poi gli europei svilupperanno un\u2019efficiente politica comune delle frontiere. Alla lunga prevale l\u2019imperativo territoriale. Dopotutto, non esiste alcun obbligo morale di autodistruggersi\u201d.<\/span><\/p>\n<p style=\"text-align: justify;\"><span style=\"color: #000000;\">Tutto bello nel mondo di Pedro Almod\u00f3var, il regista spagnolo che ha vinto il festival di Venezia. Ma quando parla di \u201cdelirio\u201d nel respingimento dei migranti dovrebbe ricordarsi che il suo amatissimo governo di sinistra di Pedro Sanchez a Ceuta e Melilla<\/span> <span style=\"color: #0000ff;\"><a style=\"color: #0000ff;\" href=\"https:\/\/www.france24.com\/en\/europe\/20210518-spain-deploys-army-in-ceuta-to-patrol-border-with-morocco-after-migrants-swim-ashore\" target=\"_blank\" rel=\"noopener\">manda l\u2019esercito<\/a><\/span> <span style=\"color: #000000;\">quando i migranti provano a varcare il confine fra Africa e Unione Europea.<\/span><\/p>\n<div id=\"attachment_61208\" style=\"width: 373px\" class=\"wp-caption alignleft\"><img loading=\"lazy\" decoding=\"async\" aria-describedby=\"caption-attachment-61208\" class=\"wp-image-61208\" src=\"https:\/\/www.rassegnastampa-totustuus.it\/cattolica\/wp-content\/uploads\/2024\/09\/Germania_aggressioni_coltelli_immigrazione.png\" alt=\"\" width=\"373\" height=\"313\" \/><p id=\"caption-attachment-61208\" class=\"wp-caption-text\">aggressioni in Germania col coltello<\/p><\/div>\n<p style=\"text-align: justify;\"><span style=\"color: #000000;\">Nei primi sette giorni di settembre<\/span>, <span style=\"color: #0000ff;\"><a style=\"color: #0000ff;\" href=\"https:\/\/messerinzidenz.de\/\" target=\"_blank\" rel=\"noopener\">la polizia tedesca \u00e8 intervenuta in pi\u00f9 di 100 crimini in cui \u00e8 stato utilizzato un coltello<\/a>.<\/span> <span style=\"color: #000000;\">Questo secondo un nuovo sito web chiamato Messerinzidenz (Incidenza dei coltelli), che analizza quotidianamente i rapporti della polizia per creare un tracker dei crimini con coltello in tempo reale. La frequenza e la gravit\u00e0 di questo crimine ormai comune rendono chiaro che gli \u201cincidenti isolati\u201d si sommano a una realt\u00e0 agghiacciante. Ogni giorno nelle strade della Germania si verificano numerosi attacchi con coltello, ma la maggior parte di essi non viene nemmeno registrata dai media. Per rendere pi\u00f9 visibile il numero di attacchi con coltello giornalieri, uno sviluppatore ha ora pubblicato una mappa interattiva della Germania su cui i nuovi casi vengono registrati in tempo reale e visualizzati geograficamente e con riferimenti alla fonte.<\/span><\/p>\n<p style=\"text-align: justify;\"><span style=\"color: #000000;\">Erano tutti a favore dell\u2019inclusione, delle frontiere aperte e dell\u2019accoglienza incondizionata dei migranti le tre vittime dell\u2019attentato islamista a<\/span> <span style=\"color: #0000ff;\"><a style=\"color: #0000ff;\" href=\"https:\/\/rmx.news\/article\/germany-murder-victims-in-the-solingen-massacre-were-activists-in-favor-of-tolerance-and-integration\/\" target=\"_blank\" rel=\"noopener\">Solingen<\/a>,<\/span><span style=\"color: #000000;\"> in Germania.<\/span><\/p>\n<p style=\"text-align: justify;\"><span style=\"color: #000000;\">Intanto, la minaccia terroristica torna a scuotere l\u2019Europa. E ce ne vuole di impegno censorio per nascondere questi fatti.<\/span><\/p>\n<p style=\"text-align: justify;\"><span style=\"color: #000000;\">Il 23 agosto, nella citt\u00e0 tedesca di<\/span>\u00a0<a href=\"https:\/\/www.cbsnews.com\/news\/germany-solingen-knife-attack-latest\/\" target=\"_blank\" rel=\"noopener\"><span style=\"color: #0000ff;\">Solingen<\/span><\/a>\u00a0<span style=\"color: #000000;\">un islamista ha tagliato il collo a tre persone. In Germania, questo tipo di nichilismo islamista sta, in modo inquietante, diventando la nuova normalit\u00e0.<\/span><\/p>\n<p style=\"text-align: justify;\"><span style=\"color: #000000;\">Nella citt\u00e0 di<\/span> <span style=\"color: #0000ff;\"><a style=\"color: #0000ff;\" href=\"https:\/\/www.france24.com\/en\/europe\/20240602-police-officer-dies-after-attack-at-anti-islam-rally-in-germany\" target=\"_blank\" rel=\"noopener\">Mannheim<\/a>,<\/span> u<span style=\"color: #000000;\">n islamista ha accoltellato sei persone durante una manifestazione anti-Islam. Un agente di polizia \u00e8 morto per le ferite riportate.<\/span><\/p>\n<p style=\"text-align: justify;\"><span style=\"color: #000000;\">Durante il campionato europeo di calcio, un &#8220;agente dormiente&#8221; dell&#8217;ISIS iracheno \u00e8 arrestato vicino a<\/span><span style=\"color: #0000ff;\"> <a style=\"color: #0000ff;\" href=\"https:\/\/www.lbc.co.uk\/news\/isis-terrorist-arrested-germany-euro-2024\/\" target=\"_blank\" rel=\"noopener\">Stoccarda<\/a>.<\/span><\/p>\n<p style=\"text-align: justify;\"><span style=\"color: #000000;\">Un altro complotto dell&#8217;ISIS \u00e8 sventato prima della<\/span><span style=\"color: #0000ff;\"> <a style=\"color: #0000ff;\" href=\"https:\/\/www.gbnews.com\/news\/world\/euro-2024-isis-terror-plot-germany-police\" target=\"_blank\" rel=\"noopener\">finale degli Europei tra Inghilterra e Spagna<\/a>.<\/span><\/p>\n<p style=\"text-align: justify;\"><span style=\"color: #000000;\">Tre adolescenti, di 15, 15 e 16 anni, sono arrestati, con l&#8217;accusa di pianificare<\/span> <span style=\"color: #0000ff;\"><a style=\"color: #0000ff;\" href=\"https:\/\/www.dw.com\/en\/germany-3-teens-held-over-suspected-islamist-attack-plans\/a-68800624\" target=\"_blank\" rel=\"noopener\">attacchi alle chiese<\/a>.<\/span><\/p>\n<p style=\"text-align: justify;\"><span style=\"color: #000000;\">Due afghani sono fermati per aver pianificato un attacco al <\/span><span style=\"color: #0000ff;\"><a style=\"color: #0000ff;\" href=\"https:\/\/www.politico.eu\/article\/germany-arrests-two-afghan-people-allegedly-planning-attack-sweden-parliament\/\" target=\"_blank\" rel=\"noopener\">Parlamento svedese<\/a>.<\/span><\/p>\n<p style=\"text-align: justify;\"><span style=\"color: #000000;\">La polizia tedesca arresta<\/span><span style=\"color: #0000ff;\"> <a style=\"color: #0000ff;\" href=\"https:\/\/www.bbc.com\/news\/world-europe-67715120\" target=\"_blank\" rel=\"noopener\">quattro membri di Hamas<\/a>,<\/span><span style=\"color: #000000;\"> che progettavano di attaccare siti ebraici.<\/span><\/p>\n<p style=\"text-align: justify;\"><span style=\"color: #000000;\">Due ragazzi, di 15 e 16 anni,<\/span> <span style=\"color: #0000ff;\"><a style=\"color: #0000ff;\" href=\"https:\/\/www.bbc.co.uk\/news\/world-europe-67564172\" target=\"_blank\" rel=\"noopener\">sono arrestati per un attacco a una sinagoga e a un mercatino di Natale<\/a>.<\/span><\/p>\n<p style=\"text-align: justify;\"><span style=\"color: #000000;\"><img loading=\"lazy\" decoding=\"async\" class=\" wp-image-56571 alignright\" src=\"https:\/\/www.rassegnastampa-totustuus.it\/cattolica\/wp-content\/uploads\/2023\/06\/scafisti_immigrazione.jpg\" alt=\"\" width=\"399\" height=\"186\" \/>Il mese scorso, se non fosse stato per una soffiata della CIA, l&#8217;Austria avrebbe potuto subire una delle peggiori atrocit\u00e0 islamiste mai avvenute sul suolo europeo durante un<\/span> <span style=\"color: #0000ff;\"><a style=\"color: #0000ff;\" href=\"https:\/\/www.tgcom24.mediaset.it\/mondo\/cia-concerti-taylor-swift-vienna-rischio-migliaia-di-morti_86573076-202402k.shtml#:~:text=Cia%3A%20%22Attentatori%20arrestati%20progettavano%20decine,di%20Taylor%20Swift%20a%20Vienna%22&amp;text=I%20sospettati%20che%20stavano%20progettando,decine%20di%20migliaia%22%20di%20fan.\" target=\"_blank\" rel=\"noopener\">concerto di Taylor Swift a Vienna<\/a>.<\/span><\/p>\n<p style=\"text-align: justify;\"><span style=\"color: #000000;\">Di volta in volta, la risposta delle \u00e9lite al terrore islamista segue uno schema tristemente simile. Noi europei siamo esortati a piangere, a esprimere shock per gli attacchi portati a termine o sollievo per gli attacchi sventati, prima di voltare rapidamente pagina. I politici accusano certi tipi di armi. Cos\u00ec, siamo arrivati \u200b\u200ba trattare gli atti di barbarie islamista quasi come se fossero disastri naturali: cose orribili che accadono di tanto in tanto. E gli omicidi islamisti sembrano ora scomparire dai dibattiti mediatici con notevole rapidit\u00e0.<\/span><\/p>\n<p style=\"text-align: justify;\"><span style=\"color: #000000;\">Come un attacco terroristico islamista a<\/span> <a href=\"https:\/\/www.spiked-online.com\/2024\/04\/26\/the-horror-in-hartlepool-shames-our-midwit-elites\/\" target=\"_blank\" rel=\"noopener\">Hartlepool<\/a>. <span style=\"color: #000000;\">Un richiedente asilo marocchino, ispirato dal pogrom di Hamas in Israele, ha accoltellato il suo coinquilino iraniano, che si era convertito al cristianesimo, prima di uccidere un uomo per strada.<\/span><\/p>\n<p style=\"text-align: justify;\"><span style=\"color: #000000;\">A marzo, quattro terroristi associati all&#8217;ISIS-K hanno ucciso 145 persone alla<\/span> <a href=\"https:\/\/www.spiked-online.com\/2024\/06\/25\/russia-can-no-longer-ignore-the-islamist-threat\/\" target=\"_blank\" rel=\"noopener\"><span style=\"color: #0000ff;\">Crocus City Hal<\/span>l<\/a><span style=\"color: #000000;\"> di Mosca.<\/span><\/p>\n<p style=\"text-align: justify;\"><span style=\"color: #000000;\">Senza la chiusura delle sue frontiere esterne, l\u2019Europa imploder\u00e0.<\/span><\/p>\n<p style=\"text-align: justify;\"><span style=\"color: #000000;\">In un lungo saggio per la rivista<\/span> <span style=\"color: #0000ff;\"><em><a style=\"color: #0000ff;\" href=\"https:\/\/quadrant.org.au\/magazine\/uncategorized\/the-epochal-challenge-of-mass-immigration\/\" target=\"_blank\" rel=\"noopener\">Quadrant<\/a><\/em><\/span>, <span style=\"color: #000000;\">il saggista tedesco Wolfgang Kasper lo definisce \u201cuno stress test per la civilt\u00e0 occidentale\u201d: \u201cL&#8217;ordine politico libero, ispirato da personaggi come John Locke, David Hume e altri eroi dell&#8217;Illuminismo, \u00e8 ora pi\u00f9 minacciato dall&#8217;interno e dall&#8217;esterno che in qualsiasi altro momento dalla fine degli anni &#8217;40. In quest&#8217;epoca di politica polarizzata e tribolazioni sociali, il populismo innescato dalle migrazioni sottopone la civilt\u00e0 occidentale a un potente stress test. Nessuno pu\u00f2 essere sicuro che la civilt\u00e0 occidentale sar\u00e0 in grado di sopravvivere intatta. Dopotutto, la grande lezione della storia \u00e8 che le civilt\u00e0 sorgono e cadono. Ci troviamo di fronte a una sfida epocale. Solo la forza dell&#8217;argomentazione per la libert\u00e0 e un solido impegno per un governo protettivo decideranno se e dove la civilt\u00e0 occidentale sopravviver\u00e0\u201d.<\/span><\/p>\n<p style=\"text-align: justify;\"><span style=\"color: #000000;\">Aristofane fece satira su una civilt\u00e0 che non faceva altro che scommettere sulle corse di cavalli. Abituati solo alla pace, la maggior parte dei Romani era arrivata a dubitare che le guerre fossero mai realmente avvenute o di nuovo possibili. La popolazione aveva affidato la sua sicurezza alle guarnigioni di stanza su frontiere lontane. All\u2019interno delle mura, l\u2019impero era diventato una sorta di \u201cparadiso civile\u201d: l\u2019intero abitato, scriveva Publio Elio Aristide, si era rivolto a piaceri di ogni tipo. \u201cPalestre, fontane, templi, archi e scuole riempivano le citt\u00e0\u2026\u201d.<\/span><\/p>\n<p style=\"text-align: justify;\"><span style=\"color: #000000;\">Ora gli europei scoprono che se non difendi le frontiere lontane sei costretto a ritirare su e a ritirarti in quelle interne. Questa sar\u00e0 la vera fine di Schengen. E il disastro di questa Unione Europea che pensava di poter affrontare il mondo seguendo le allucinazioni di Monsieur Juncker.<\/span><\/p>\n<p style=\"text-align: center;\"><span style=\"color: #0000ff;\"><strong><a style=\"color: #0000ff;\" href=\"https:\/\/meotti.substack.com\/subscribe?&amp;gift=true\" target=\"_blank\" rel=\"noopener\">Iscriviti alla newsletter<\/a><\/strong><\/span><\/p>\n\n\n<p><\/p>\n","protected":false},"excerpt":{"rendered":"<p>Abstract: L&#8217;Europa deve tornare a difendere le frontiere se non vuole implodere di fronte all&#8217;ondata di immigrazione soprattutto islamica, che ha portato ad un incredibile aumento di crimini e attentati. La Germania ha gi\u00e0 annunciato di voler sospendere Shengen per sei mesi a causa del pericolo di infiltrazione terroristica. Perfino Jacques Attali, l\u2019intellettuale campione del &hellip; <\/p>\n<p><a class=\"more-link btn\" href=\"https:\/\/www.rassegnastampa-totustuus.it\/cattolica\/leuropa-deve-tornare-a-difendere-le-frontiere\/\">Continua a leggere<\/a><\/p>\n","protected":false},"author":6,"featured_media":53410,"comment_status":"closed","ping_status":"closed","sticky":false,"template":"","format":"standard","meta":{"footnotes":""},"categories":[14,38,111],"tags":[567,3054,2392,2408,3053],"class_list":["post-61203","post","type-post","status-publish","format-standard","has-post-thumbnail","hentry","category-europa-e-ue","category-immigrazione","category-islam-in-europa","tag-europa-eu","tag-frontiere","tag-immigrazione","tag-islam-in-europa","tag-shengen","item-wrap"],"yoast_head":"<!-- This site is optimized with the Yoast SEO plugin v27.5 - https:\/\/yoast.com\/product\/yoast-seo-wordpress\/ -->\n<title>L&#039;Europa deve tornare a difendere le frontiere - Rassegna Stampa Cattolica<\/title>\n<meta name=\"description\" content=\"L&#039;Europa deve tornare a difendere le frontiere se non vuole implodere di fronte all&#039;ondata di immigrazione\" \/>\n<meta name=\"robots\" content=\"index, follow, max-snippet:-1, max-image-preview:large, max-video-preview:-1\" \/>\n<link rel=\"canonical\" href=\"https:\/\/www.rassegnastampa-totustuus.it\/cattolica\/leuropa-deve-tornare-a-difendere-le-frontiere\/\" \/>\n<meta property=\"og:locale\" content=\"it_IT\" \/>\n<meta property=\"og:type\" content=\"article\" \/>\n<meta property=\"og:title\" content=\"L&#039;Europa deve tornare a difendere le frontiere - Rassegna Stampa Cattolica\" \/>\n<meta property=\"og:description\" content=\"L&#039;Europa deve tornare a difendere le frontiere se non vuole implodere di fronte all&#039;ondata di immigrazione\" \/>\n<meta property=\"og:url\" content=\"https:\/\/www.rassegnastampa-totustuus.it\/cattolica\/leuropa-deve-tornare-a-difendere-le-frontiere\/\" \/>\n<meta property=\"og:site_name\" content=\"Rassegna Stampa Cattolica\" \/>\n<meta property=\"article:publisher\" content=\"https:\/\/www.facebook.com\/rassegnastampacattolica\" \/>\n<meta property=\"article:published_time\" content=\"2024-09-16T08:24:38+00:00\" \/>\n<meta property=\"article:modified_time\" content=\"2024-09-16T08:28:46+00:00\" \/>\n<meta property=\"og:image\" content=\"https:\/\/www.rassegnastampa-totustuus.it\/cattolica\/wp-content\/uploads\/2022\/01\/confine_dogana_immigrazione.jpg\" \/>\n\t<meta property=\"og:image:width\" content=\"170\" \/>\n\t<meta property=\"og:image:height\" content=\"170\" \/>\n\t<meta property=\"og:image:type\" content=\"image\/jpeg\" \/>\n<meta name=\"author\" content=\"Redazione\" \/>\n<meta name=\"twitter:card\" content=\"summary_large_image\" \/>\n<meta name=\"twitter:creator\" content=\"@rassegnastampa9\" \/>\n<meta name=\"twitter:site\" content=\"@rassegnastampa9\" \/>\n<meta name=\"twitter:label1\" content=\"Scritto da\" \/>\n\t<meta name=\"twitter:data1\" content=\"Redazione\" \/>\n\t<meta name=\"twitter:label2\" content=\"Tempo di lettura stimato\" \/>\n\t<meta name=\"twitter:data2\" content=\"13 minuti\" \/>\n<script type=\"application\/ld+json\" class=\"yoast-schema-graph\">{\"@context\":\"https:\\\/\\\/schema.org\",\"@graph\":[{\"@type\":\"Article\",\"@id\":\"https:\\\/\\\/www.rassegnastampa-totustuus.it\\\/cattolica\\\/leuropa-deve-tornare-a-difendere-le-frontiere\\\/#article\",\"isPartOf\":{\"@id\":\"https:\\\/\\\/www.rassegnastampa-totustuus.it\\\/cattolica\\\/leuropa-deve-tornare-a-difendere-le-frontiere\\\/\"},\"author\":{\"name\":\"Redazione\",\"@id\":\"https:\\\/\\\/www.rassegnastampa-totustuus.it\\\/cattolica\\\/#\\\/schema\\\/person\\\/08f319d2bd1a0904ad9e2bfb7b15e5c3\"},\"headline\":\"L&#8217;Europa deve tornare a difendere le frontiere\",\"datePublished\":\"2024-09-16T08:24:38+00:00\",\"dateModified\":\"2024-09-16T08:28:46+00:00\",\"mainEntityOfPage\":{\"@id\":\"https:\\\/\\\/www.rassegnastampa-totustuus.it\\\/cattolica\\\/leuropa-deve-tornare-a-difendere-le-frontiere\\\/\"},\"wordCount\":2102,\"publisher\":{\"@id\":\"https:\\\/\\\/www.rassegnastampa-totustuus.it\\\/cattolica\\\/#organization\"},\"image\":{\"@id\":\"https:\\\/\\\/www.rassegnastampa-totustuus.it\\\/cattolica\\\/leuropa-deve-tornare-a-difendere-le-frontiere\\\/#primaryimage\"},\"thumbnailUrl\":\"https:\\\/\\\/www.rassegnastampa-totustuus.it\\\/cattolica\\\/wp-content\\\/uploads\\\/2022\\\/01\\\/confine_dogana_immigrazione.jpg\",\"keywords\":[\"Europa EU\",\"frontiere\",\"immigrazione\",\"Islam in Europa\",\"Shengen\"],\"articleSection\":[\"Europa e UE\",\"Immigrazione\",\"Islam in Europa\"],\"inLanguage\":\"it-IT\"},{\"@type\":\"WebPage\",\"@id\":\"https:\\\/\\\/www.rassegnastampa-totustuus.it\\\/cattolica\\\/leuropa-deve-tornare-a-difendere-le-frontiere\\\/\",\"url\":\"https:\\\/\\\/www.rassegnastampa-totustuus.it\\\/cattolica\\\/leuropa-deve-tornare-a-difendere-le-frontiere\\\/\",\"name\":\"L'Europa deve tornare a difendere le frontiere - Rassegna Stampa Cattolica\",\"isPartOf\":{\"@id\":\"https:\\\/\\\/www.rassegnastampa-totustuus.it\\\/cattolica\\\/#website\"},\"primaryImageOfPage\":{\"@id\":\"https:\\\/\\\/www.rassegnastampa-totustuus.it\\\/cattolica\\\/leuropa-deve-tornare-a-difendere-le-frontiere\\\/#primaryimage\"},\"image\":{\"@id\":\"https:\\\/\\\/www.rassegnastampa-totustuus.it\\\/cattolica\\\/leuropa-deve-tornare-a-difendere-le-frontiere\\\/#primaryimage\"},\"thumbnailUrl\":\"https:\\\/\\\/www.rassegnastampa-totustuus.it\\\/cattolica\\\/wp-content\\\/uploads\\\/2022\\\/01\\\/confine_dogana_immigrazione.jpg\",\"datePublished\":\"2024-09-16T08:24:38+00:00\",\"dateModified\":\"2024-09-16T08:28:46+00:00\",\"description\":\"L'Europa deve tornare a difendere le frontiere se non vuole implodere di fronte all'ondata di immigrazione\",\"breadcrumb\":{\"@id\":\"https:\\\/\\\/www.rassegnastampa-totustuus.it\\\/cattolica\\\/leuropa-deve-tornare-a-difendere-le-frontiere\\\/#breadcrumb\"},\"inLanguage\":\"it-IT\",\"potentialAction\":[{\"@type\":\"ReadAction\",\"target\":[\"https:\\\/\\\/www.rassegnastampa-totustuus.it\\\/cattolica\\\/leuropa-deve-tornare-a-difendere-le-frontiere\\\/\"]}]},{\"@type\":\"ImageObject\",\"inLanguage\":\"it-IT\",\"@id\":\"https:\\\/\\\/www.rassegnastampa-totustuus.it\\\/cattolica\\\/leuropa-deve-tornare-a-difendere-le-frontiere\\\/#primaryimage\",\"url\":\"https:\\\/\\\/www.rassegnastampa-totustuus.it\\\/cattolica\\\/wp-content\\\/uploads\\\/2022\\\/01\\\/confine_dogana_immigrazione.jpg\",\"contentUrl\":\"https:\\\/\\\/www.rassegnastampa-totustuus.it\\\/cattolica\\\/wp-content\\\/uploads\\\/2022\\\/01\\\/confine_dogana_immigrazione.jpg\",\"width\":170,\"height\":170},{\"@type\":\"BreadcrumbList\",\"@id\":\"https:\\\/\\\/www.rassegnastampa-totustuus.it\\\/cattolica\\\/leuropa-deve-tornare-a-difendere-le-frontiere\\\/#breadcrumb\",\"itemListElement\":[{\"@type\":\"ListItem\",\"position\":1,\"name\":\"Home\",\"item\":\"https:\\\/\\\/www.rassegnastampa-totustuus.it\\\/cattolica\\\/\"},{\"@type\":\"ListItem\",\"position\":2,\"name\":\"L&#8217;Europa deve tornare a difendere le frontiere\"}]},{\"@type\":\"WebSite\",\"@id\":\"https:\\\/\\\/www.rassegnastampa-totustuus.it\\\/cattolica\\\/#website\",\"url\":\"https:\\\/\\\/www.rassegnastampa-totustuus.it\\\/cattolica\\\/\",\"name\":\"Rassegna Stampa Cattolica\",\"description\":\"Per una cultura che nasce dalla Rivelazione cristiana in conformit\u00e0 alla tradizione e al Magistero della Chiesa in opposizione ad ogni relativismo e totalitarismo\",\"publisher\":{\"@id\":\"https:\\\/\\\/www.rassegnastampa-totustuus.it\\\/cattolica\\\/#organization\"},\"alternateName\":\"Rass. Cattolica\",\"potentialAction\":[{\"@type\":\"SearchAction\",\"target\":{\"@type\":\"EntryPoint\",\"urlTemplate\":\"https:\\\/\\\/www.rassegnastampa-totustuus.it\\\/cattolica\\\/?s={search_term_string}\"},\"query-input\":{\"@type\":\"PropertyValueSpecification\",\"valueRequired\":true,\"valueName\":\"search_term_string\"}}],\"inLanguage\":\"it-IT\"},{\"@type\":\"Organization\",\"@id\":\"https:\\\/\\\/www.rassegnastampa-totustuus.it\\\/cattolica\\\/#organization\",\"name\":\"Rassegna Stampa Cattolica\",\"url\":\"https:\\\/\\\/www.rassegnastampa-totustuus.it\\\/cattolica\\\/\",\"logo\":{\"@type\":\"ImageObject\",\"inLanguage\":\"it-IT\",\"@id\":\"https:\\\/\\\/www.rassegnastampa-totustuus.it\\\/cattolica\\\/#\\\/schema\\\/logo\\\/image\\\/\",\"url\":\"https:\\\/\\\/www.rassegnastampa-totustuus.it\\\/cattolica\\\/wp-content\\\/uploads\\\/2014\\\/04\\\/logo-rassegna1.gif\",\"contentUrl\":\"https:\\\/\\\/www.rassegnastampa-totustuus.it\\\/cattolica\\\/wp-content\\\/uploads\\\/2014\\\/04\\\/logo-rassegna1.gif\",\"width\":600,\"height\":163,\"caption\":\"Rassegna Stampa Cattolica\"},\"image\":{\"@id\":\"https:\\\/\\\/www.rassegnastampa-totustuus.it\\\/cattolica\\\/#\\\/schema\\\/logo\\\/image\\\/\"},\"sameAs\":[\"https:\\\/\\\/www.facebook.com\\\/rassegnastampacattolica\",\"https:\\\/\\\/x.com\\\/rassegnastampa9\"]},{\"@type\":\"Person\",\"@id\":\"https:\\\/\\\/www.rassegnastampa-totustuus.it\\\/cattolica\\\/#\\\/schema\\\/person\\\/08f319d2bd1a0904ad9e2bfb7b15e5c3\",\"name\":\"Redazione\",\"image\":{\"@type\":\"ImageObject\",\"inLanguage\":\"it-IT\",\"@id\":\"https:\\\/\\\/secure.gravatar.com\\\/avatar\\\/2fcdf27c78ea025fbdb44e914cc63c72249ffec9dc8aafd5c82b26240ef3f346?s=96&d=mm&r=g\",\"url\":\"https:\\\/\\\/secure.gravatar.com\\\/avatar\\\/2fcdf27c78ea025fbdb44e914cc63c72249ffec9dc8aafd5c82b26240ef3f346?s=96&d=mm&r=g\",\"contentUrl\":\"https:\\\/\\\/secure.gravatar.com\\\/avatar\\\/2fcdf27c78ea025fbdb44e914cc63c72249ffec9dc8aafd5c82b26240ef3f346?s=96&d=mm&r=g\",\"caption\":\"Redazione\"},\"url\":\"https:\\\/\\\/www.rassegnastampa-totustuus.it\\\/cattolica\\\/author\\\/pietroelle\\\/\"}]}<\/script>\n<!-- \/ Yoast SEO plugin. -->","yoast_head_json":{"title":"L'Europa deve tornare a difendere le frontiere - Rassegna Stampa Cattolica","description":"L'Europa deve tornare a difendere le frontiere se non vuole implodere di fronte all'ondata di immigrazione","robots":{"index":"index","follow":"follow","max-snippet":"max-snippet:-1","max-image-preview":"max-image-preview:large","max-video-preview":"max-video-preview:-1"},"canonical":"https:\/\/www.rassegnastampa-totustuus.it\/cattolica\/leuropa-deve-tornare-a-difendere-le-frontiere\/","og_locale":"it_IT","og_type":"article","og_title":"L'Europa deve tornare a difendere le frontiere - Rassegna Stampa Cattolica","og_description":"L'Europa deve tornare a difendere le frontiere se non vuole implodere di fronte all'ondata di immigrazione","og_url":"https:\/\/www.rassegnastampa-totustuus.it\/cattolica\/leuropa-deve-tornare-a-difendere-le-frontiere\/","og_site_name":"Rassegna Stampa Cattolica","article_publisher":"https:\/\/www.facebook.com\/rassegnastampacattolica","article_published_time":"2024-09-16T08:24:38+00:00","article_modified_time":"2024-09-16T08:28:46+00:00","og_image":[{"width":170,"height":170,"url":"https:\/\/www.rassegnastampa-totustuus.it\/cattolica\/wp-content\/uploads\/2022\/01\/confine_dogana_immigrazione.jpg","type":"image\/jpeg"}],"author":"Redazione","twitter_card":"summary_large_image","twitter_creator":"@rassegnastampa9","twitter_site":"@rassegnastampa9","twitter_misc":{"Scritto da":"Redazione","Tempo di lettura stimato":"13 minuti"},"schema":{"@context":"https:\/\/schema.org","@graph":[{"@type":"Article","@id":"https:\/\/www.rassegnastampa-totustuus.it\/cattolica\/leuropa-deve-tornare-a-difendere-le-frontiere\/#article","isPartOf":{"@id":"https:\/\/www.rassegnastampa-totustuus.it\/cattolica\/leuropa-deve-tornare-a-difendere-le-frontiere\/"},"author":{"name":"Redazione","@id":"https:\/\/www.rassegnastampa-totustuus.it\/cattolica\/#\/schema\/person\/08f319d2bd1a0904ad9e2bfb7b15e5c3"},"headline":"L&#8217;Europa deve tornare a difendere le frontiere","datePublished":"2024-09-16T08:24:38+00:00","dateModified":"2024-09-16T08:28:46+00:00","mainEntityOfPage":{"@id":"https:\/\/www.rassegnastampa-totustuus.it\/cattolica\/leuropa-deve-tornare-a-difendere-le-frontiere\/"},"wordCount":2102,"publisher":{"@id":"https:\/\/www.rassegnastampa-totustuus.it\/cattolica\/#organization"},"image":{"@id":"https:\/\/www.rassegnastampa-totustuus.it\/cattolica\/leuropa-deve-tornare-a-difendere-le-frontiere\/#primaryimage"},"thumbnailUrl":"https:\/\/www.rassegnastampa-totustuus.it\/cattolica\/wp-content\/uploads\/2022\/01\/confine_dogana_immigrazione.jpg","keywords":["Europa EU","frontiere","immigrazione","Islam in Europa","Shengen"],"articleSection":["Europa e UE","Immigrazione","Islam in Europa"],"inLanguage":"it-IT"},{"@type":"WebPage","@id":"https:\/\/www.rassegnastampa-totustuus.it\/cattolica\/leuropa-deve-tornare-a-difendere-le-frontiere\/","url":"https:\/\/www.rassegnastampa-totustuus.it\/cattolica\/leuropa-deve-tornare-a-difendere-le-frontiere\/","name":"L'Europa deve tornare a difendere le frontiere - Rassegna Stampa Cattolica","isPartOf":{"@id":"https:\/\/www.rassegnastampa-totustuus.it\/cattolica\/#website"},"primaryImageOfPage":{"@id":"https:\/\/www.rassegnastampa-totustuus.it\/cattolica\/leuropa-deve-tornare-a-difendere-le-frontiere\/#primaryimage"},"image":{"@id":"https:\/\/www.rassegnastampa-totustuus.it\/cattolica\/leuropa-deve-tornare-a-difendere-le-frontiere\/#primaryimage"},"thumbnailUrl":"https:\/\/www.rassegnastampa-totustuus.it\/cattolica\/wp-content\/uploads\/2022\/01\/confine_dogana_immigrazione.jpg","datePublished":"2024-09-16T08:24:38+00:00","dateModified":"2024-09-16T08:28:46+00:00","description":"L'Europa deve tornare a difendere le frontiere se non vuole implodere di fronte all'ondata di immigrazione","breadcrumb":{"@id":"https:\/\/www.rassegnastampa-totustuus.it\/cattolica\/leuropa-deve-tornare-a-difendere-le-frontiere\/#breadcrumb"},"inLanguage":"it-IT","potentialAction":[{"@type":"ReadAction","target":["https:\/\/www.rassegnastampa-totustuus.it\/cattolica\/leuropa-deve-tornare-a-difendere-le-frontiere\/"]}]},{"@type":"ImageObject","inLanguage":"it-IT","@id":"https:\/\/www.rassegnastampa-totustuus.it\/cattolica\/leuropa-deve-tornare-a-difendere-le-frontiere\/#primaryimage","url":"https:\/\/www.rassegnastampa-totustuus.it\/cattolica\/wp-content\/uploads\/2022\/01\/confine_dogana_immigrazione.jpg","contentUrl":"https:\/\/www.rassegnastampa-totustuus.it\/cattolica\/wp-content\/uploads\/2022\/01\/confine_dogana_immigrazione.jpg","width":170,"height":170},{"@type":"BreadcrumbList","@id":"https:\/\/www.rassegnastampa-totustuus.it\/cattolica\/leuropa-deve-tornare-a-difendere-le-frontiere\/#breadcrumb","itemListElement":[{"@type":"ListItem","position":1,"name":"Home","item":"https:\/\/www.rassegnastampa-totustuus.it\/cattolica\/"},{"@type":"ListItem","position":2,"name":"L&#8217;Europa deve tornare a difendere le frontiere"}]},{"@type":"WebSite","@id":"https:\/\/www.rassegnastampa-totustuus.it\/cattolica\/#website","url":"https:\/\/www.rassegnastampa-totustuus.it\/cattolica\/","name":"Rassegna Stampa Cattolica","description":"Per una cultura che nasce dalla Rivelazione cristiana in conformit\u00e0 alla tradizione e al Magistero della Chiesa in opposizione ad ogni relativismo e totalitarismo","publisher":{"@id":"https:\/\/www.rassegnastampa-totustuus.it\/cattolica\/#organization"},"alternateName":"Rass. Cattolica","potentialAction":[{"@type":"SearchAction","target":{"@type":"EntryPoint","urlTemplate":"https:\/\/www.rassegnastampa-totustuus.it\/cattolica\/?s={search_term_string}"},"query-input":{"@type":"PropertyValueSpecification","valueRequired":true,"valueName":"search_term_string"}}],"inLanguage":"it-IT"},{"@type":"Organization","@id":"https:\/\/www.rassegnastampa-totustuus.it\/cattolica\/#organization","name":"Rassegna Stampa Cattolica","url":"https:\/\/www.rassegnastampa-totustuus.it\/cattolica\/","logo":{"@type":"ImageObject","inLanguage":"it-IT","@id":"https:\/\/www.rassegnastampa-totustuus.it\/cattolica\/#\/schema\/logo\/image\/","url":"https:\/\/www.rassegnastampa-totustuus.it\/cattolica\/wp-content\/uploads\/2014\/04\/logo-rassegna1.gif","contentUrl":"https:\/\/www.rassegnastampa-totustuus.it\/cattolica\/wp-content\/uploads\/2014\/04\/logo-rassegna1.gif","width":600,"height":163,"caption":"Rassegna Stampa Cattolica"},"image":{"@id":"https:\/\/www.rassegnastampa-totustuus.it\/cattolica\/#\/schema\/logo\/image\/"},"sameAs":["https:\/\/www.facebook.com\/rassegnastampacattolica","https:\/\/x.com\/rassegnastampa9"]},{"@type":"Person","@id":"https:\/\/www.rassegnastampa-totustuus.it\/cattolica\/#\/schema\/person\/08f319d2bd1a0904ad9e2bfb7b15e5c3","name":"Redazione","image":{"@type":"ImageObject","inLanguage":"it-IT","@id":"https:\/\/secure.gravatar.com\/avatar\/2fcdf27c78ea025fbdb44e914cc63c72249ffec9dc8aafd5c82b26240ef3f346?s=96&d=mm&r=g","url":"https:\/\/secure.gravatar.com\/avatar\/2fcdf27c78ea025fbdb44e914cc63c72249ffec9dc8aafd5c82b26240ef3f346?s=96&d=mm&r=g","contentUrl":"https:\/\/secure.gravatar.com\/avatar\/2fcdf27c78ea025fbdb44e914cc63c72249ffec9dc8aafd5c82b26240ef3f346?s=96&d=mm&r=g","caption":"Redazione"},"url":"https:\/\/www.rassegnastampa-totustuus.it\/cattolica\/author\/pietroelle\/"}]}},"_links":{"self":[{"href":"https:\/\/www.rassegnastampa-totustuus.it\/cattolica\/wp-json\/wp\/v2\/posts\/61203","targetHints":{"allow":["GET"]}}],"collection":[{"href":"https:\/\/www.rassegnastampa-totustuus.it\/cattolica\/wp-json\/wp\/v2\/posts"}],"about":[{"href":"https:\/\/www.rassegnastampa-totustuus.it\/cattolica\/wp-json\/wp\/v2\/types\/post"}],"author":[{"embeddable":true,"href":"https:\/\/www.rassegnastampa-totustuus.it\/cattolica\/wp-json\/wp\/v2\/users\/6"}],"replies":[{"embeddable":true,"href":"https:\/\/www.rassegnastampa-totustuus.it\/cattolica\/wp-json\/wp\/v2\/comments?post=61203"}],"version-history":[{"count":1,"href":"https:\/\/www.rassegnastampa-totustuus.it\/cattolica\/wp-json\/wp\/v2\/posts\/61203\/revisions"}],"predecessor-version":[{"id":61209,"href":"https:\/\/www.rassegnastampa-totustuus.it\/cattolica\/wp-json\/wp\/v2\/posts\/61203\/revisions\/61209"}],"wp:featuredmedia":[{"embeddable":true,"href":"https:\/\/www.rassegnastampa-totustuus.it\/cattolica\/wp-json\/wp\/v2\/media\/53410"}],"wp:attachment":[{"href":"https:\/\/www.rassegnastampa-totustuus.it\/cattolica\/wp-json\/wp\/v2\/media?parent=61203"}],"wp:term":[{"taxonomy":"category","embeddable":true,"href":"https:\/\/www.rassegnastampa-totustuus.it\/cattolica\/wp-json\/wp\/v2\/categories?post=61203"},{"taxonomy":"post_tag","embeddable":true,"href":"https:\/\/www.rassegnastampa-totustuus.it\/cattolica\/wp-json\/wp\/v2\/tags?post=61203"}],"curies":[{"name":"wp","href":"https:\/\/api.w.org\/{rel}","templated":true}]}}