{"id":61191,"date":"2024-09-11T09:59:29","date_gmt":"2024-09-11T07:59:29","guid":{"rendered":"https:\/\/www.rassegnastampa-totustuus.it\/cattolica\/?p=61191"},"modified":"2024-09-11T09:59:31","modified_gmt":"2024-09-11T07:59:31","slug":"la-droga-non-fa-bene-e-non-cura","status":"publish","type":"post","link":"https:\/\/www.rassegnastampa-totustuus.it\/cattolica\/la-droga-non-fa-bene-e-non-cura\/","title":{"rendered":"La droga non fa bene e non cura"},"content":{"rendered":"<p style=\"text-align: center;\"><span style=\"color: #0000ff;\"><a style=\"color: #0000ff;\" href=\"https:\/\/www.informazionecattolica.it\/\" target=\"_blank\" rel=\"noopener\"><strong><img loading=\"lazy\" decoding=\"async\" class=\"size-medium wp-image-45277 alignleft\" src=\"https:\/\/www.rassegnastampa-totustuus.it\/cattolica\/wp-content\/uploads\/2019\/11\/saviano_droga-300x168.jpg\" alt=\"\" width=\"300\" height=\"168\" \/>InFormazione cattolica <\/strong><\/a><\/span><span style=\"color: #000000;\">5 Settembre 2024<strong> \u00a0<\/strong><\/span><\/p>\n<p style=\"text-align: center;\"><span style=\"color: #000000;\">di<\/span><span style=\"color: #0000ff;\"><strong> <a style=\"color: #0000ff;\" href=\"https:\/\/www.edizioniares.it\/autori\/bartelloni-andrea\/\" target=\"_blank\" rel=\"noopener\">Andrea Bartelloni<\/a> <\/strong><\/span><\/p>\n<p style=\"text-align: center;\"><span style=\"color: #000000;\"><em>Per liberalizzare la droga si continua a spacciare il mito delle qualit\u00e0 terapeutiche degli allucinogeni. il caso svizzero<\/em> <\/span><\/p>\n<p><!--more--><\/p>\n<p style=\"text-align: justify;\"><span style=\"color: #000000;\">Che il processo di legalizzazione delle droghe passasse attraverso la fase del: \u00abfanno bene, mi curano\u00bb, \u00e8 evidente ed \u00e8 l\u2019esperienza di tutti i paesi che hanno portato avanti la legalizzazione della droga, dalla cannabis in avanti. Gli allucinogeni sono una categoria di sostanze che viene spinta da alcuni anni, infatti si parla di \u201c<\/span><a href=\"https:\/\/www.scienzainrete.it\/articolo\/rinascimento-psichedelico-gli-studi-sulla-psilocibina\/gaetano-di-chiara\/2021-06-17\" target=\"_blank\" rel=\"noopener\"><span style=\"color: #0000ff;\">rinascimento psichedelico<\/span><\/a><span style=\"color: #000000;\">\u201d sempre con lo stesso <em>refrain<\/em>: sono \u201cterapeutiche\u201d.<\/span><\/p>\n<p style=\"text-align: justify;\"><span style=\"color: #000000;\">Il 15 agosto la<\/span> <span style=\"color: #0000ff;\"><a style=\"color: #0000ff;\" href=\"https:\/\/www.tvsvizzera.it\/tvs\/qui-svizzera\/presto-delle-terapie-psichedeliche-per-tutti\/86806557\" target=\"_blank\" rel=\"noopener\">TV svizzera<\/a><\/span> <span style=\"color: #000000;\">ha dedicato un servizio, dal titolo significativo: \u201cPresto delle terapie psichedeliche per tutti?\u201d, su quello che viene presentato come \u00abl\u2019unico ospedale svizzero che offre la terapia assistita da sostanze psichedeliche\u00bb e che si trova a Ginevra. Sotto la guida del professor Daniele Zullino, responsabile della terapia assistita da sostanze psichedeliche presso l\u2019Ospedale Universitario di Ginevra (HUG) sono stati trattati 200 pazienti con risultati riportati come confortanti. Ne parliamo con Ermanno Pavesi, medico psichiatra che lavora in Svizzera nel cantone San Gallo.<\/span><\/p>\n<p style=\"text-align: justify;\"><span style=\"color: #000000;\"><img loading=\"lazy\" decoding=\"async\" class=\" wp-image-55553 alignleft\" src=\"https:\/\/www.rassegnastampa-totustuus.it\/cattolica\/wp-content\/uploads\/2023\/01\/medicinali_pillole_droga-300x164.jpg\" alt=\"\" width=\"342\" height=\"187\" srcset=\"https:\/\/www.rassegnastampa-totustuus.it\/cattolica\/wp-content\/uploads\/2023\/01\/medicinali_pillole_droga-300x164.jpg 300w, https:\/\/www.rassegnastampa-totustuus.it\/cattolica\/wp-content\/uploads\/2023\/01\/medicinali_pillole_droga.jpg 304w\" sizes=\"auto, (max-width: 342px) 100vw, 342px\" \/>\u00abZullino, che afferma di essere tra \u201ci primi al mondo a proporre una terapia legale con sostanze psichedeliche al di fuori degli studi clinici\u201d, si attribuisce un \u201cmerito\u201d che almeno dovrebbe condividere con altri\u00bb, eordisce Pavesi. \u00abApplicazioni terapeutiche degli allucinogeni avvengono per lo meno da pi\u00f9 di trent\u2019anni alla clinica universitaria di Zurigo, condotte da Franz Xaver Vollenweider. Addirittura nel 1985 \u00e8 stata fondata una<\/span> <span style=\"color: #0000ff;\"><a style=\"color: #0000ff;\" href=\"https:\/\/saept.ch\/\" target=\"_blank\" rel=\"noopener\">s<\/a><a style=\"color: #0000ff;\" href=\"https:\/\/saept.ch\/\">ociet\u00e0 medica svizzera di terapia psicolitica<\/a>,<\/span> <span style=\"color: #000000;\">che utilizza la somministrazione ripetuta di allucinogeni a dosi non elevate accompagnate da psicoterapia. Esiste anche una terapia psichedelica che utilizza soprattutto una singola dose pi\u00f9 elevata. L\u2019anno scorso una paziente ricoverata nel mio reparto per depressione era in cura da uno psichiatra che le somministrava ketamina: provava un effetto positivo ma di breve durata. La ketamina aveva un effetto euforizzante e disinibente, stati di questo tipo vengono descritti anche nella fase iniziale di una narcosi, che per la paziente che da mesi era in uno stato depressivo \u00e8 stato positivo, ma dopo un po\u2019 \u00e8 passato l\u2019effetto e doveva ripetere il trattamento. Io ho trattato la depressione con successo con antidepressivi\u00bb.<\/span><\/p>\n<p style=\"text-align: justify;\"><span style=\"color: #000000;\"><img loading=\"lazy\" decoding=\"async\" class=\" wp-image-52062 alignright\" src=\"https:\/\/www.rassegnastampa-totustuus.it\/cattolica\/wp-content\/uploads\/2021\/07\/funghi_droga-300x168.jpg\" alt=\"\" width=\"380\" height=\"213\" \/>Ma non tutto \u00e8 cos\u00ec semplice e evidente, Claire-Marie Dikanska, che ha scritto il pezzo per\u00a0<em>tvsvizzera.it<\/em>, sottolinea come \u00able sostanze psichedeliche hanno sconvolto il mondo della psichiatria, dove non si scoprono farmaci rivoluzionari dagli antidepressivi degli anni Cinquanta. Con un rischio di dipendenza risibile ed effetti collaterali minimi, infatti, sembrano essere pi\u00f9 efficaci di molti degli psicofarmaci in commercio, almeno se somministrate nel giusto contesto\u00bb. Ma questo ultimo punto \u00e8 fondamentale per Laura Tocmacov, cofondatrice di Psych\u00e9delos, un\u2019associazione di pazienti di Ginevra: \u00abCirca un terzo di coloro che si rivolgono all\u2019associazione dopo essersi sottoposti a una terapia assistita da sostanze psichedeliche non ha riscontrato alcun effetto terapeutico, o addirittura ha subito un nuovo trauma\u00bb, spiega.<\/span><\/p>\n<p style=\"text-align: justify;\"><span style=\"color: #000000;\">E qui si apre un altro problema, quello della eventuale sperimentazione del \u201cfarmaco\u201d. Di solito si fanno i test \u201ca doppio cieco\u201d dove una parte di quelli che partecipano alla sperimentazione assumono un<\/span> <span style=\"color: #0000ff;\"><a style=\"color: #0000ff;\" href=\"https:\/\/www.nature.com\/articles\/d41586-024-02597-x\" target=\"_blank\" rel=\"noopener\">placebo<\/a><\/span>. <span style=\"color: #000000;\">Per queste sostanze \u00e8 impossibile tale prova perch\u00e9 \u00e8 evidente all\u2019assuntore la differenza tra il placebo e la droga assunta. Come si legge su <a style=\"color: #000000;\" href=\"https:\/\/www.nature.com\/articles\/d41586-024-02597-x\">Nature<\/a> del 13 agosto 2014, \u00abil 90% dei partecipanti agli studi<\/span> <span style=\"color: #0000ff;\"><a style=\"color: #0000ff;\" href=\"https:\/\/news.lykospbc.com\/2024-08-09-Lykos-Therapeutics-Announces-Complete-Response-Letter-for-Midomafetamine-Capsules-for-PTSD\" target=\"_blank\" rel=\"noopener\">Lykos<\/a><\/span> <span style=\"color: #000000;\">ha indovinato correttamente se avevano ricevuto il farmaco o un placebo\u00bb, concetto gi\u00e0 sottolineato dal prof.<\/span> <span style=\"color: #0000ff;\"><a style=\"color: #0000ff;\" href=\"https:\/\/www.scienzainrete.it\/articolo\/rinascimento-psichedelico-gli-studi-sulla-psilocibina\/gaetano-di-chiara\/2021-06-17\" target=\"_blank\" rel=\"noopener\">Gaetano Di Chiara<\/a><\/span> d<span style=\"color: #000000;\">ell\u2019Universit\u00e0 di Cagliari e dal dott. Federico Soldani epidemiologo gi\u00e0 all\u2019Agenzia statunitense Food and Drug Administration, che dal suo<\/span> <a href=\"https:\/\/psypolitics.org\/2023\/04\/05\/hallucinogens-antidepressants-hype-cubed-2023\/\" target=\"_blank\" rel=\"noopener\"><span style=\"color: #0000ff;\">blog<\/span><\/a> <span style=\"color: #000000;\"><em>PsyPolitics<\/em> suggerisce come risolvere la questione con una semplice domanda: \u201cQuale farmaco pensi che ti sia stata somministrato, l\u2019allucinogeno o la pillola di zucchero?\u201d Una semplice e rapida domanda, o una variante di questa, che aiuterebbe a sgonfiare l\u2019efficacia apparente di queste sostanze.<\/span><\/p>\n<p style=\"text-align: justify;\"><span style=\"color: #000000;\"><img loading=\"lazy\" decoding=\"async\" class=\" wp-image-49158 alignleft\" src=\"https:\/\/www.rassegnastampa-totustuus.it\/cattolica\/wp-content\/uploads\/2020\/11\/droga_LSD-1.jpg\" alt=\"\" width=\"307\" height=\"204\" \/>Ma torniamo da Pavesi: \u00aball\u2019inizio si \u00e8 utilizzato l\u2019LSD per provocare psicosi sperimentali, ammettendo che i fenomeni psichici provocati dall\u2019LSD fossero paragonabili a quelle delle psicosi, si sono utilizzate delle psicosi sperimentali per trovare degli antagonisti per il loro utilizzo come antipsicotici, cio\u00e8 efficaci contro allucinazioni e idee deliranti. Successivamente, accettando il concetto freudiano di rimozione, si \u00e8 pensato di utilizzare psicolitici per superare le resistenze nei casi nei quali non c\u2019era riuscita la psicoterapia, portando alla coscienza contenuti rimasti fino ad allora inconsci. Perch\u00e9 iniziare una lunga e costosa psicoterapia se era possibile superare le resistenze con la somministrazione di qualche dose di psicolitici? Ma, chi non \u00e8 un po\u2019 nevrotico? Non farebbe bene una tale terapia anche per individui che si ritengono normali? Altro passaggio: la dissoluzione dell\u2019Io con questi farmaci consentirebbe esperienze \u201coceaniche\u201d di unione con il cosmo, l\u2019allargamento della coscienza porterebbe a esperienze mistiche\u00bb.<\/span><\/p>\n<p style=\"text-align: justify;\"><span style=\"color: #000000;\">\u00c8 forse questo il rinascimento che ci aspetta? Gi\u00e0 Aldous Huxley ne aveva parlato, il soma de<\/span> <span style=\"color: #0000ff;\"><em><a style=\"color: #0000ff;\" href=\"https:\/\/www.rassegnastampa-totustuus.it\/cattolica\/il-mondo-nuovo-ritorno-al-mondo-nuovo-di-aldous-huxley\/\" target=\"_blank\" rel=\"noopener\">Il mondo nuovo<\/a><\/em><\/span> <span style=\"color: #000000;\">anticipa LSD, e Hoffmann, che nel 1943 aveva scoperto gli effetti psichici dell\u2019LSD, ne ha parlato come di una droga sacra. In prospettiva l\u2019uso terapeutico esclusivo non baster\u00e0 perch\u00e9 come dice all\u2019emittente svizzera Maxime Mellina, che lavora per il Raggruppamento romando di studi delle dipendenze, \u00abautorizzando la sostanza solo in ambito strettamente medico, si escludono tutti coloro che non hanno una grave malattia mentale, ma che vorrebbero comunque provare le sostanze psichedeliche per questioni di crescita personale, spingendoli a ricorrere a soluzioni illegali e prive di controlli\u00bb. E il gioco \u00e8 fatto.<\/span><\/p>\n<p>_______________________________________<\/p>\n<p><span style=\"color: #000000;\"><strong>Leggi anche:<\/strong><\/span><\/p>\n<p><a href=\"https:\/\/www.rassegnastampa-totustuus.it\/cattolica\/cannabis-light-droga-in-formato-tisana\/\" target=\"_blank\" rel=\"noopener\"><span style=\"color: #0000ff;\">Cannabis light: droga in formato tisana<\/span><\/a><\/p>\n<p>\u00a0<\/p>\n\n\n<p><\/p>\n","protected":false},"excerpt":{"rendered":"<p>InFormazione cattolica 5 Settembre 2024 \u00a0 di Andrea Bartelloni Per liberalizzare la droga si continua a spacciare il mito delle qualit\u00e0 terapeutiche degli allucinogeni. il caso svizzero<\/p><p><a class=\"more-link btn\" href=\"https:\/\/www.rassegnastampa-totustuus.it\/cattolica\/la-droga-non-fa-bene-e-non-cura\/\">Continua a leggere<\/a><\/p>\n","protected":false},"author":6,"featured_media":45277,"comment_status":"closed","ping_status":"closed","sticky":false,"template":"","format":"standard","meta":{"footnotes":""},"categories":[12],"tags":[278,376],"class_list":["post-61191","post","type-post","status-publish","format-standard","has-post-thumbnail","hentry","category-droga","tag-droga-2","tag-legalizzazione-droga","item-wrap"],"yoast_head":"<!-- This site is optimized with the Yoast SEO plugin v27.5 - https:\/\/yoast.com\/product\/yoast-seo-wordpress\/ -->\n<title>La droga non fa bene e non cura - Rassegna Stampa Cattolica<\/title>\n<meta name=\"description\" content=\"La droga non fa bene e non cura. Per liberalizzare gli stupefacenti si continua a spacciare il mito delle qualit\u00e0 terapeutiche\" \/>\n<meta name=\"robots\" content=\"index, follow, max-snippet:-1, max-image-preview:large, max-video-preview:-1\" \/>\n<link rel=\"canonical\" href=\"https:\/\/www.rassegnastampa-totustuus.it\/cattolica\/la-droga-non-fa-bene-e-non-cura\/\" \/>\n<meta property=\"og:locale\" content=\"it_IT\" \/>\n<meta property=\"og:type\" content=\"article\" \/>\n<meta property=\"og:title\" content=\"La droga non fa bene e non cura - Rassegna Stampa Cattolica\" \/>\n<meta property=\"og:description\" content=\"La droga non fa bene e non cura. Per liberalizzare gli stupefacenti si continua a spacciare il mito delle qualit\u00e0 terapeutiche\" \/>\n<meta property=\"og:url\" content=\"https:\/\/www.rassegnastampa-totustuus.it\/cattolica\/la-droga-non-fa-bene-e-non-cura\/\" \/>\n<meta property=\"og:site_name\" content=\"Rassegna Stampa Cattolica\" \/>\n<meta property=\"article:publisher\" content=\"https:\/\/www.facebook.com\/rassegnastampacattolica\" \/>\n<meta property=\"article:published_time\" content=\"2024-09-11T07:59:29+00:00\" \/>\n<meta property=\"article:modified_time\" content=\"2024-09-11T07:59:31+00:00\" \/>\n<meta property=\"og:image\" content=\"https:\/\/www.rassegnastampa-totustuus.it\/cattolica\/wp-content\/uploads\/2019\/11\/saviano_droga.jpg\" \/>\n\t<meta property=\"og:image:width\" content=\"300\" \/>\n\t<meta property=\"og:image:height\" content=\"168\" \/>\n\t<meta property=\"og:image:type\" content=\"image\/jpeg\" \/>\n<meta name=\"author\" content=\"Redazione\" \/>\n<meta name=\"twitter:card\" content=\"summary_large_image\" \/>\n<meta name=\"twitter:creator\" content=\"@rassegnastampa9\" \/>\n<meta name=\"twitter:site\" content=\"@rassegnastampa9\" \/>\n<meta name=\"twitter:label1\" content=\"Scritto da\" \/>\n\t<meta name=\"twitter:data1\" content=\"Redazione\" \/>\n\t<meta name=\"twitter:label2\" content=\"Tempo di lettura stimato\" \/>\n\t<meta name=\"twitter:data2\" content=\"6 minuti\" \/>\n<script type=\"application\/ld+json\" class=\"yoast-schema-graph\">{\"@context\":\"https:\\\/\\\/schema.org\",\"@graph\":[{\"@type\":\"Article\",\"@id\":\"https:\\\/\\\/www.rassegnastampa-totustuus.it\\\/cattolica\\\/la-droga-non-fa-bene-e-non-cura\\\/#article\",\"isPartOf\":{\"@id\":\"https:\\\/\\\/www.rassegnastampa-totustuus.it\\\/cattolica\\\/la-droga-non-fa-bene-e-non-cura\\\/\"},\"author\":{\"name\":\"Redazione\",\"@id\":\"https:\\\/\\\/www.rassegnastampa-totustuus.it\\\/cattolica\\\/#\\\/schema\\\/person\\\/08f319d2bd1a0904ad9e2bfb7b15e5c3\"},\"headline\":\"La droga non fa bene e non cura\",\"datePublished\":\"2024-09-11T07:59:29+00:00\",\"dateModified\":\"2024-09-11T07:59:31+00:00\",\"mainEntityOfPage\":{\"@id\":\"https:\\\/\\\/www.rassegnastampa-totustuus.it\\\/cattolica\\\/la-droga-non-fa-bene-e-non-cura\\\/\"},\"wordCount\":905,\"publisher\":{\"@id\":\"https:\\\/\\\/www.rassegnastampa-totustuus.it\\\/cattolica\\\/#organization\"},\"image\":{\"@id\":\"https:\\\/\\\/www.rassegnastampa-totustuus.it\\\/cattolica\\\/la-droga-non-fa-bene-e-non-cura\\\/#primaryimage\"},\"thumbnailUrl\":\"https:\\\/\\\/www.rassegnastampa-totustuus.it\\\/cattolica\\\/wp-content\\\/uploads\\\/2019\\\/11\\\/saviano_droga.jpg\",\"keywords\":[\"droga\",\"legalizzazione droga\"],\"articleSection\":[\"Droga\"],\"inLanguage\":\"it-IT\"},{\"@type\":\"WebPage\",\"@id\":\"https:\\\/\\\/www.rassegnastampa-totustuus.it\\\/cattolica\\\/la-droga-non-fa-bene-e-non-cura\\\/\",\"url\":\"https:\\\/\\\/www.rassegnastampa-totustuus.it\\\/cattolica\\\/la-droga-non-fa-bene-e-non-cura\\\/\",\"name\":\"La droga non fa bene e non cura - Rassegna Stampa Cattolica\",\"isPartOf\":{\"@id\":\"https:\\\/\\\/www.rassegnastampa-totustuus.it\\\/cattolica\\\/#website\"},\"primaryImageOfPage\":{\"@id\":\"https:\\\/\\\/www.rassegnastampa-totustuus.it\\\/cattolica\\\/la-droga-non-fa-bene-e-non-cura\\\/#primaryimage\"},\"image\":{\"@id\":\"https:\\\/\\\/www.rassegnastampa-totustuus.it\\\/cattolica\\\/la-droga-non-fa-bene-e-non-cura\\\/#primaryimage\"},\"thumbnailUrl\":\"https:\\\/\\\/www.rassegnastampa-totustuus.it\\\/cattolica\\\/wp-content\\\/uploads\\\/2019\\\/11\\\/saviano_droga.jpg\",\"datePublished\":\"2024-09-11T07:59:29+00:00\",\"dateModified\":\"2024-09-11T07:59:31+00:00\",\"description\":\"La droga non fa bene e non cura. Per liberalizzare gli stupefacenti si continua a spacciare il mito delle qualit\u00e0 terapeutiche\",\"breadcrumb\":{\"@id\":\"https:\\\/\\\/www.rassegnastampa-totustuus.it\\\/cattolica\\\/la-droga-non-fa-bene-e-non-cura\\\/#breadcrumb\"},\"inLanguage\":\"it-IT\",\"potentialAction\":[{\"@type\":\"ReadAction\",\"target\":[\"https:\\\/\\\/www.rassegnastampa-totustuus.it\\\/cattolica\\\/la-droga-non-fa-bene-e-non-cura\\\/\"]}]},{\"@type\":\"ImageObject\",\"inLanguage\":\"it-IT\",\"@id\":\"https:\\\/\\\/www.rassegnastampa-totustuus.it\\\/cattolica\\\/la-droga-non-fa-bene-e-non-cura\\\/#primaryimage\",\"url\":\"https:\\\/\\\/www.rassegnastampa-totustuus.it\\\/cattolica\\\/wp-content\\\/uploads\\\/2019\\\/11\\\/saviano_droga.jpg\",\"contentUrl\":\"https:\\\/\\\/www.rassegnastampa-totustuus.it\\\/cattolica\\\/wp-content\\\/uploads\\\/2019\\\/11\\\/saviano_droga.jpg\",\"width\":300,\"height\":168},{\"@type\":\"BreadcrumbList\",\"@id\":\"https:\\\/\\\/www.rassegnastampa-totustuus.it\\\/cattolica\\\/la-droga-non-fa-bene-e-non-cura\\\/#breadcrumb\",\"itemListElement\":[{\"@type\":\"ListItem\",\"position\":1,\"name\":\"Home\",\"item\":\"https:\\\/\\\/www.rassegnastampa-totustuus.it\\\/cattolica\\\/\"},{\"@type\":\"ListItem\",\"position\":2,\"name\":\"La droga non fa bene e non cura\"}]},{\"@type\":\"WebSite\",\"@id\":\"https:\\\/\\\/www.rassegnastampa-totustuus.it\\\/cattolica\\\/#website\",\"url\":\"https:\\\/\\\/www.rassegnastampa-totustuus.it\\\/cattolica\\\/\",\"name\":\"Rassegna Stampa Cattolica\",\"description\":\"Per una cultura che nasce dalla Rivelazione cristiana in conformit\u00e0 alla tradizione e al Magistero della Chiesa in opposizione ad ogni relativismo e totalitarismo\",\"publisher\":{\"@id\":\"https:\\\/\\\/www.rassegnastampa-totustuus.it\\\/cattolica\\\/#organization\"},\"alternateName\":\"Rass. Cattolica\",\"potentialAction\":[{\"@type\":\"SearchAction\",\"target\":{\"@type\":\"EntryPoint\",\"urlTemplate\":\"https:\\\/\\\/www.rassegnastampa-totustuus.it\\\/cattolica\\\/?s={search_term_string}\"},\"query-input\":{\"@type\":\"PropertyValueSpecification\",\"valueRequired\":true,\"valueName\":\"search_term_string\"}}],\"inLanguage\":\"it-IT\"},{\"@type\":\"Organization\",\"@id\":\"https:\\\/\\\/www.rassegnastampa-totustuus.it\\\/cattolica\\\/#organization\",\"name\":\"Rassegna Stampa Cattolica\",\"url\":\"https:\\\/\\\/www.rassegnastampa-totustuus.it\\\/cattolica\\\/\",\"logo\":{\"@type\":\"ImageObject\",\"inLanguage\":\"it-IT\",\"@id\":\"https:\\\/\\\/www.rassegnastampa-totustuus.it\\\/cattolica\\\/#\\\/schema\\\/logo\\\/image\\\/\",\"url\":\"https:\\\/\\\/www.rassegnastampa-totustuus.it\\\/cattolica\\\/wp-content\\\/uploads\\\/2014\\\/04\\\/logo-rassegna1.gif\",\"contentUrl\":\"https:\\\/\\\/www.rassegnastampa-totustuus.it\\\/cattolica\\\/wp-content\\\/uploads\\\/2014\\\/04\\\/logo-rassegna1.gif\",\"width\":600,\"height\":163,\"caption\":\"Rassegna Stampa Cattolica\"},\"image\":{\"@id\":\"https:\\\/\\\/www.rassegnastampa-totustuus.it\\\/cattolica\\\/#\\\/schema\\\/logo\\\/image\\\/\"},\"sameAs\":[\"https:\\\/\\\/www.facebook.com\\\/rassegnastampacattolica\",\"https:\\\/\\\/x.com\\\/rassegnastampa9\"]},{\"@type\":\"Person\",\"@id\":\"https:\\\/\\\/www.rassegnastampa-totustuus.it\\\/cattolica\\\/#\\\/schema\\\/person\\\/08f319d2bd1a0904ad9e2bfb7b15e5c3\",\"name\":\"Redazione\",\"image\":{\"@type\":\"ImageObject\",\"inLanguage\":\"it-IT\",\"@id\":\"https:\\\/\\\/secure.gravatar.com\\\/avatar\\\/2fcdf27c78ea025fbdb44e914cc63c72249ffec9dc8aafd5c82b26240ef3f346?s=96&d=mm&r=g\",\"url\":\"https:\\\/\\\/secure.gravatar.com\\\/avatar\\\/2fcdf27c78ea025fbdb44e914cc63c72249ffec9dc8aafd5c82b26240ef3f346?s=96&d=mm&r=g\",\"contentUrl\":\"https:\\\/\\\/secure.gravatar.com\\\/avatar\\\/2fcdf27c78ea025fbdb44e914cc63c72249ffec9dc8aafd5c82b26240ef3f346?s=96&d=mm&r=g\",\"caption\":\"Redazione\"},\"url\":\"https:\\\/\\\/www.rassegnastampa-totustuus.it\\\/cattolica\\\/author\\\/pietroelle\\\/\"}]}<\/script>\n<!-- \/ Yoast SEO plugin. -->","yoast_head_json":{"title":"La droga non fa bene e non cura - Rassegna Stampa Cattolica","description":"La droga non fa bene e non cura. Per liberalizzare gli stupefacenti si continua a spacciare il mito delle qualit\u00e0 terapeutiche","robots":{"index":"index","follow":"follow","max-snippet":"max-snippet:-1","max-image-preview":"max-image-preview:large","max-video-preview":"max-video-preview:-1"},"canonical":"https:\/\/www.rassegnastampa-totustuus.it\/cattolica\/la-droga-non-fa-bene-e-non-cura\/","og_locale":"it_IT","og_type":"article","og_title":"La droga non fa bene e non cura - Rassegna Stampa Cattolica","og_description":"La droga non fa bene e non cura. Per liberalizzare gli stupefacenti si continua a spacciare il mito delle qualit\u00e0 terapeutiche","og_url":"https:\/\/www.rassegnastampa-totustuus.it\/cattolica\/la-droga-non-fa-bene-e-non-cura\/","og_site_name":"Rassegna Stampa Cattolica","article_publisher":"https:\/\/www.facebook.com\/rassegnastampacattolica","article_published_time":"2024-09-11T07:59:29+00:00","article_modified_time":"2024-09-11T07:59:31+00:00","og_image":[{"width":300,"height":168,"url":"https:\/\/www.rassegnastampa-totustuus.it\/cattolica\/wp-content\/uploads\/2019\/11\/saviano_droga.jpg","type":"image\/jpeg"}],"author":"Redazione","twitter_card":"summary_large_image","twitter_creator":"@rassegnastampa9","twitter_site":"@rassegnastampa9","twitter_misc":{"Scritto da":"Redazione","Tempo di lettura stimato":"6 minuti"},"schema":{"@context":"https:\/\/schema.org","@graph":[{"@type":"Article","@id":"https:\/\/www.rassegnastampa-totustuus.it\/cattolica\/la-droga-non-fa-bene-e-non-cura\/#article","isPartOf":{"@id":"https:\/\/www.rassegnastampa-totustuus.it\/cattolica\/la-droga-non-fa-bene-e-non-cura\/"},"author":{"name":"Redazione","@id":"https:\/\/www.rassegnastampa-totustuus.it\/cattolica\/#\/schema\/person\/08f319d2bd1a0904ad9e2bfb7b15e5c3"},"headline":"La droga non fa bene e non cura","datePublished":"2024-09-11T07:59:29+00:00","dateModified":"2024-09-11T07:59:31+00:00","mainEntityOfPage":{"@id":"https:\/\/www.rassegnastampa-totustuus.it\/cattolica\/la-droga-non-fa-bene-e-non-cura\/"},"wordCount":905,"publisher":{"@id":"https:\/\/www.rassegnastampa-totustuus.it\/cattolica\/#organization"},"image":{"@id":"https:\/\/www.rassegnastampa-totustuus.it\/cattolica\/la-droga-non-fa-bene-e-non-cura\/#primaryimage"},"thumbnailUrl":"https:\/\/www.rassegnastampa-totustuus.it\/cattolica\/wp-content\/uploads\/2019\/11\/saviano_droga.jpg","keywords":["droga","legalizzazione droga"],"articleSection":["Droga"],"inLanguage":"it-IT"},{"@type":"WebPage","@id":"https:\/\/www.rassegnastampa-totustuus.it\/cattolica\/la-droga-non-fa-bene-e-non-cura\/","url":"https:\/\/www.rassegnastampa-totustuus.it\/cattolica\/la-droga-non-fa-bene-e-non-cura\/","name":"La droga non fa bene e non cura - Rassegna Stampa Cattolica","isPartOf":{"@id":"https:\/\/www.rassegnastampa-totustuus.it\/cattolica\/#website"},"primaryImageOfPage":{"@id":"https:\/\/www.rassegnastampa-totustuus.it\/cattolica\/la-droga-non-fa-bene-e-non-cura\/#primaryimage"},"image":{"@id":"https:\/\/www.rassegnastampa-totustuus.it\/cattolica\/la-droga-non-fa-bene-e-non-cura\/#primaryimage"},"thumbnailUrl":"https:\/\/www.rassegnastampa-totustuus.it\/cattolica\/wp-content\/uploads\/2019\/11\/saviano_droga.jpg","datePublished":"2024-09-11T07:59:29+00:00","dateModified":"2024-09-11T07:59:31+00:00","description":"La droga non fa bene e non cura. Per liberalizzare gli stupefacenti si continua a spacciare il mito delle qualit\u00e0 terapeutiche","breadcrumb":{"@id":"https:\/\/www.rassegnastampa-totustuus.it\/cattolica\/la-droga-non-fa-bene-e-non-cura\/#breadcrumb"},"inLanguage":"it-IT","potentialAction":[{"@type":"ReadAction","target":["https:\/\/www.rassegnastampa-totustuus.it\/cattolica\/la-droga-non-fa-bene-e-non-cura\/"]}]},{"@type":"ImageObject","inLanguage":"it-IT","@id":"https:\/\/www.rassegnastampa-totustuus.it\/cattolica\/la-droga-non-fa-bene-e-non-cura\/#primaryimage","url":"https:\/\/www.rassegnastampa-totustuus.it\/cattolica\/wp-content\/uploads\/2019\/11\/saviano_droga.jpg","contentUrl":"https:\/\/www.rassegnastampa-totustuus.it\/cattolica\/wp-content\/uploads\/2019\/11\/saviano_droga.jpg","width":300,"height":168},{"@type":"BreadcrumbList","@id":"https:\/\/www.rassegnastampa-totustuus.it\/cattolica\/la-droga-non-fa-bene-e-non-cura\/#breadcrumb","itemListElement":[{"@type":"ListItem","position":1,"name":"Home","item":"https:\/\/www.rassegnastampa-totustuus.it\/cattolica\/"},{"@type":"ListItem","position":2,"name":"La droga non fa bene e non cura"}]},{"@type":"WebSite","@id":"https:\/\/www.rassegnastampa-totustuus.it\/cattolica\/#website","url":"https:\/\/www.rassegnastampa-totustuus.it\/cattolica\/","name":"Rassegna Stampa Cattolica","description":"Per una cultura che nasce dalla Rivelazione cristiana in conformit\u00e0 alla tradizione e al Magistero della Chiesa in opposizione ad ogni relativismo e totalitarismo","publisher":{"@id":"https:\/\/www.rassegnastampa-totustuus.it\/cattolica\/#organization"},"alternateName":"Rass. Cattolica","potentialAction":[{"@type":"SearchAction","target":{"@type":"EntryPoint","urlTemplate":"https:\/\/www.rassegnastampa-totustuus.it\/cattolica\/?s={search_term_string}"},"query-input":{"@type":"PropertyValueSpecification","valueRequired":true,"valueName":"search_term_string"}}],"inLanguage":"it-IT"},{"@type":"Organization","@id":"https:\/\/www.rassegnastampa-totustuus.it\/cattolica\/#organization","name":"Rassegna Stampa Cattolica","url":"https:\/\/www.rassegnastampa-totustuus.it\/cattolica\/","logo":{"@type":"ImageObject","inLanguage":"it-IT","@id":"https:\/\/www.rassegnastampa-totustuus.it\/cattolica\/#\/schema\/logo\/image\/","url":"https:\/\/www.rassegnastampa-totustuus.it\/cattolica\/wp-content\/uploads\/2014\/04\/logo-rassegna1.gif","contentUrl":"https:\/\/www.rassegnastampa-totustuus.it\/cattolica\/wp-content\/uploads\/2014\/04\/logo-rassegna1.gif","width":600,"height":163,"caption":"Rassegna Stampa Cattolica"},"image":{"@id":"https:\/\/www.rassegnastampa-totustuus.it\/cattolica\/#\/schema\/logo\/image\/"},"sameAs":["https:\/\/www.facebook.com\/rassegnastampacattolica","https:\/\/x.com\/rassegnastampa9"]},{"@type":"Person","@id":"https:\/\/www.rassegnastampa-totustuus.it\/cattolica\/#\/schema\/person\/08f319d2bd1a0904ad9e2bfb7b15e5c3","name":"Redazione","image":{"@type":"ImageObject","inLanguage":"it-IT","@id":"https:\/\/secure.gravatar.com\/avatar\/2fcdf27c78ea025fbdb44e914cc63c72249ffec9dc8aafd5c82b26240ef3f346?s=96&d=mm&r=g","url":"https:\/\/secure.gravatar.com\/avatar\/2fcdf27c78ea025fbdb44e914cc63c72249ffec9dc8aafd5c82b26240ef3f346?s=96&d=mm&r=g","contentUrl":"https:\/\/secure.gravatar.com\/avatar\/2fcdf27c78ea025fbdb44e914cc63c72249ffec9dc8aafd5c82b26240ef3f346?s=96&d=mm&r=g","caption":"Redazione"},"url":"https:\/\/www.rassegnastampa-totustuus.it\/cattolica\/author\/pietroelle\/"}]}},"_links":{"self":[{"href":"https:\/\/www.rassegnastampa-totustuus.it\/cattolica\/wp-json\/wp\/v2\/posts\/61191","targetHints":{"allow":["GET"]}}],"collection":[{"href":"https:\/\/www.rassegnastampa-totustuus.it\/cattolica\/wp-json\/wp\/v2\/posts"}],"about":[{"href":"https:\/\/www.rassegnastampa-totustuus.it\/cattolica\/wp-json\/wp\/v2\/types\/post"}],"author":[{"embeddable":true,"href":"https:\/\/www.rassegnastampa-totustuus.it\/cattolica\/wp-json\/wp\/v2\/users\/6"}],"replies":[{"embeddable":true,"href":"https:\/\/www.rassegnastampa-totustuus.it\/cattolica\/wp-json\/wp\/v2\/comments?post=61191"}],"version-history":[{"count":1,"href":"https:\/\/www.rassegnastampa-totustuus.it\/cattolica\/wp-json\/wp\/v2\/posts\/61191\/revisions"}],"predecessor-version":[{"id":61192,"href":"https:\/\/www.rassegnastampa-totustuus.it\/cattolica\/wp-json\/wp\/v2\/posts\/61191\/revisions\/61192"}],"wp:featuredmedia":[{"embeddable":true,"href":"https:\/\/www.rassegnastampa-totustuus.it\/cattolica\/wp-json\/wp\/v2\/media\/45277"}],"wp:attachment":[{"href":"https:\/\/www.rassegnastampa-totustuus.it\/cattolica\/wp-json\/wp\/v2\/media?parent=61191"}],"wp:term":[{"taxonomy":"category","embeddable":true,"href":"https:\/\/www.rassegnastampa-totustuus.it\/cattolica\/wp-json\/wp\/v2\/categories?post=61191"},{"taxonomy":"post_tag","embeddable":true,"href":"https:\/\/www.rassegnastampa-totustuus.it\/cattolica\/wp-json\/wp\/v2\/tags?post=61191"}],"curies":[{"name":"wp","href":"https:\/\/api.w.org\/{rel}","templated":true}]}}