{"id":6100,"date":"2014-03-08T16:48:14","date_gmt":"2014-03-08T16:48:14","guid":{"rendered":"http:\/\/www.rassegnastampa-totustuus.it\/cattolica\/?p=6100"},"modified":"2015-06-11T16:52:38","modified_gmt":"2015-06-11T14:52:38","slug":"morto-eugenio-corti-lautore-de-il-cavallo-rosso","status":"publish","type":"post","link":"https:\/\/www.rassegnastampa-totustuus.it\/cattolica\/morto-eugenio-corti-lautore-de-il-cavallo-rosso\/","title":{"rendered":"Morto Eugenio Corti, l\u2019autore de \u201cIl cavallo rosso\u201d"},"content":{"rendered":"<p style=\"text-align: center;\"><strong><a href=\"https:\/\/www.rassegnastampa-totustuus.it\/cattolica\/wp-content\/uploads\/2014\/03\/Corti.jpg\"><img loading=\"lazy\" decoding=\"async\" class=\"alignright wp-image-6837\" src=\"https:\/\/www.rassegnastampa-totustuus.it\/cattolica\/wp-content\/uploads\/2014\/03\/Corti.jpg\" alt=\"Corti\" width=\"150\" height=\"250\" \/><\/a>Vatican insider<\/strong> (la Stampa) 5 febbraio 2014<\/p>\n<p style=\"text-align: justify;\"><em>Solo negli ultimi anni i riconoscimenti arrivati a uno degli scrittori cattolici italiani pi\u00f9 letti nel XX secolo<\/em><\/p>\n<p style=\"text-align: center;\"><strong>Giuseppe Brienza<\/strong><\/p>\n<p style=\"text-align: justify;\">\u00c8 morto ieri sera, nella sua abitazione di Besana Brianza, Eugenio Corti, scrittore cattolico noto per i suoi romanzi storici, tra i quali \u201cIl cavallo rosso\u201d, tradotto in nove lingue e giunto alla 28ma ristampa per le Edizioni Ares (Milano 2012, pp. 1280, \u20ac 24). Corti era nato nella stessa cittadina, in provincia di Monza, il 21 gennaio 1921, primo di dieci figli.<\/p>\n<p style=\"text-align: justify;\">Ne \u201cIl cavallo rosso\u201d, pubblicato per la prima volta nel 1983, lo scrittore brianzolo rievoca la storia, parzialmente autobiografica (\u00e8 stato sottotenente nell\u2019\u201cArmir\u201d, l\u2019armata italiana in Russia, prestando servizio in quel fronte fra il 1942 e il \u201843), della generazione sopravvissuta alla seconda guerra mondiale e del suo tentativo di ricostruirsi, fra mille difficolt\u00e0 e persecuzioni, una vita sullo sfondo dei grandi avvenimenti d&#8217;epoca.<\/p>\n<p style=\"text-align: justify;\"><!--more--><\/p>\n<p style=\"text-align: justify;\">Negli ultimi anni si era visto riconoscere i suoi meriti da parte del mondo culturale e cattolico italiano che, nel 2011, a seguito dell\u2019approvazione di una mozione da parte del Consiglio della Regione Lombardia, lo aveva candidato al Premio Nobel per la letteratura. Un comitato promotore, diretto fra gli altri dall\u2019allora vescovo di san Marino-Montefeltro monsignor Luigi Negri, aveva infatti consegnato agli Accademici di Svezia oltre 8mila firme che, per\u00f2, non gli bastarono per ricevere il riconoscimento internazionale, assegnato in quell\u2019anno allo scrittore svedese Tomas Transtr\u00f6mer.<\/p>\n<p style=\"text-align: justify;\">Una dolorosa mancanza di attenzione al suo lavoro culturale e civico Corti l\u2019ha comunque subita per decenni nel suo Paese, come ha rievocato lo stesso Arcivescovo di Ferrara che, recentemente, ha ricordato come lo scrittore sia stato \u00abcon altri, tenuto rigorosamente ai margini di tanto mondo cattolico: per esempio non fu inserito insieme al grande filosofo Augusto Del Noce e ad altri, nel novero degli invitati al convegno \u201cEvangelizzazione e promozione umana\u201d che si tenne a Roma nel 1976\u00bb. (Monsignor Luigi Negri , \u201cUn amico, un maestro\u201d, in \u201cStudi Cattolici\u201d, n. 556, Milano giugno 2007, p. 445).<\/p>\n<p style=\"text-align: justify;\">Negli ultimi tempi Corti, che lo scorso anno aveva ricevuto dal presidente della Repubblica Italiana la \u201cMedaglia d&#8217;oro per la cultura e l&#8217;arte\u201d, stava lavorando a una revisione del saggio, pubblicato sempre da \u201cAres\u201d, sulla crisi del post-Concilio Vaticano II, intitolato \u201cIl fumo nel tempio\u201d, riprendendo il noto discorso di Paolo VI del 1972, nel quale il Papa denunciava \u00abIl fumo di Satana\u00bb \u00abentrato nel tempio di Dio\u00bb, credendosi \u00abche dopo il Concilio sarebbe venuta una giornata di sole per la storia della Chiesa\u00bb, mentre \u00ab\u00e8 venuta invece una giornata di nuvole, di tempesta, di buio\u00bb.<\/p>\n<p style=\"text-align: justify;\">Fra le tante fonti di ambiguit\u00e0 politico-culturale del post-Concilio, Corti ne ha individuate anche nel pensiero del filosofo cattolico Jacques Maritain (1882-1973), a partire soprattutto da alcune sue molto discutibili valutazioni circa funzione e valore storico del marxismo e relativo rapporto col cristianesimo contenute nell\u2019opera pi\u00f9 nota, \u201cUmanesimo integrale\u201d (1a ed. italiana: \u201cStudium\u201d, Roma 1946). Tali giudizi hanno meritato al pensatore francese la definizione di \u00abtraghettatore di tanta parte della cultura cattolica dalla precedente posizione antimodernista all&#8217;incontro, e infine alla confusione, col laicismo, soprattutto comunista e radicale\u00bb (Eugenio Corti, \u201cMaritain e l&#8217;Europa unita\u201d, in Il Timone, anno IX, n. 62, Milano aprile 2007, p. 32).<\/p>\n<p style=\"text-align: justify;\">Tra le opere di saggistica di Corti si possono menzionare &#8220;I pi\u00f9 non ritornano\u201d del 1947, \u201cI poveri cristi\u201d del 1951, ripubblicato nel 1994 con il titolo \u201cGli ultimi soldati del re\u201d, la tragedia \u201cProcesso e morte di Stalin\u201d del 1962, \u201cLa terra dell\u2019indio\u201d del 1988, \u201cL\u2019isola del paradiso\u201d del 2000, \u201cCatone l\u2019antico\u201d del 2005 e, infine, \u201cIl Medioevo e altri racconti\u201d, del 2008, dove si rivaluta quel periodo storico sul quale, ad avviso dello scrittore, \u00e8 pi\u00f9 diffusa la disinformazione e la manipolazione ideologica.<\/p>\n<p style=\"text-align: justify;\">Nel periodo da lui definito della \u201ccristianit\u00e0 romano-germanica\u201d (V-XV secolo), invece, dopo i secoli di orrore e miseria prodotti dalle invasioni barbariche, si registra piuttosto lo \u00absplendido ritorno dei popoli europei alla civilt\u00e0\u00bb (p. 8). Ai giorni nostri, invece, il Medioevo continua a essere presentato \u00abin blocco come un millennio di barbarie e oscurantismo\u00bb, scrive.<\/p>\n<p style=\"text-align: justify;\">Tutt\u2019altro, secondo Corti, \u00abl\u2019attuale economia di mercato fu introdotta dai grandi banchieri medievali, e la scienza e la tecnica sono state recuperate e portate avanti ben prima dell\u2019et\u00e0 moderna dai costruttori medievali, a cui si devono gi\u00e0 nel XII secolo le costruzioni arditissime in altezza, oltre che in bellezza, delle cattedrali, con tecniche ignote al tempo pi\u00f9 antico\u00bb (pp. 9-10).<\/p>\n<p style=\"text-align: justify;\">Di contro alla figura del soldato senza scrupoli di quella guerra contro l\u2019umano e il cristiano che era nella societ\u00e0 occidentale inaugurata con il secolo XX, Corti esalta la figura del cavaliere medievale che, \u00abal di sopra di tutto poneva Dio, e dopo di lui poneva la propria donna, aveva come princ\u00ecpi ispiratori la lealt\u00e0 e la fedelt\u00e0, e [\u2026] non uccideva l\u2019avversario atterrato, ma gli porgeva la mano per risollevarlo\u00bb (p. 22).<\/p>\n","protected":false},"excerpt":{"rendered":"<p>Vatican insider (la Stampa) 5 febbraio 2014 Solo negli ultimi anni i riconoscimenti arrivati a uno degli scrittori cattolici italiani pi\u00f9 letti nel XX secolo Giuseppe Brienza \u00c8 morto ieri sera, nella sua abitazione di Besana Brianza, Eugenio Corti, scrittore cattolico noto per i suoi romanzi storici, tra i quali \u201cIl cavallo rosso\u201d, tradotto in &hellip; <\/p>\n<p><a class=\"more-link btn\" href=\"https:\/\/www.rassegnastampa-totustuus.it\/cattolica\/morto-eugenio-corti-lautore-de-il-cavallo-rosso\/\">Continua a leggere<\/a><\/p>\n","protected":false},"author":6,"featured_media":6837,"comment_status":"closed","ping_status":"open","sticky":false,"template":"","format":"standard","meta":{"footnotes":""},"categories":[18],"tags":[251,250],"class_list":["post-6100","post","type-post","status-publish","format-standard","has-post-thumbnail","hentry","category-personaggi","tag-cavallo-rosso","tag-eugenio-corti","item-wrap"],"yoast_head":"<!-- This site is optimized with the Yoast SEO plugin v27.5 - https:\/\/yoast.com\/product\/yoast-seo-wordpress\/ -->\n<title>Morto Eugenio Corti, l\u2019autore de \u201cIl cavallo rosso\u201d - Rassegna Stampa Cattolica<\/title>\n<meta name=\"description\" content=\"Rassegna Stampa Cattolica - Per una cultura che nasce dalla Rivelazione cristiana in conformit\u00e0 alla tradizione e al Magistero della Chiesa in opposizione ad ogni relativismo e totalitarismo\" \/>\n<meta name=\"robots\" content=\"index, follow, max-snippet:-1, max-image-preview:large, max-video-preview:-1\" \/>\n<link rel=\"canonical\" href=\"https:\/\/www.rassegnastampa-totustuus.it\/cattolica\/morto-eugenio-corti-lautore-de-il-cavallo-rosso\/\" \/>\n<meta property=\"og:locale\" content=\"it_IT\" \/>\n<meta property=\"og:type\" content=\"article\" \/>\n<meta property=\"og:title\" content=\"Morto Eugenio Corti, l\u2019autore de \u201cIl cavallo rosso\u201d - Rassegna Stampa Cattolica\" \/>\n<meta property=\"og:description\" content=\"Rassegna Stampa Cattolica - Per una cultura che nasce dalla Rivelazione cristiana in conformit\u00e0 alla tradizione e al Magistero della Chiesa in opposizione ad ogni relativismo e totalitarismo\" \/>\n<meta property=\"og:url\" content=\"https:\/\/www.rassegnastampa-totustuus.it\/cattolica\/morto-eugenio-corti-lautore-de-il-cavallo-rosso\/\" \/>\n<meta property=\"og:site_name\" content=\"Rassegna Stampa Cattolica\" \/>\n<meta property=\"article:publisher\" content=\"https:\/\/www.facebook.com\/rassegnastampacattolica\" \/>\n<meta property=\"article:published_time\" content=\"2014-03-08T16:48:14+00:00\" \/>\n<meta property=\"article:modified_time\" content=\"2015-06-11T14:52:38+00:00\" \/>\n<meta property=\"og:image\" content=\"https:\/\/www.rassegnastampa-totustuus.it\/cattolica\/wp-content\/uploads\/2014\/03\/Corti.jpg\" \/>\n\t<meta property=\"og:image:width\" content=\"174\" \/>\n\t<meta property=\"og:image:height\" content=\"290\" \/>\n\t<meta property=\"og:image:type\" content=\"image\/jpeg\" \/>\n<meta name=\"author\" content=\"Redazione\" \/>\n<meta name=\"twitter:card\" content=\"summary_large_image\" \/>\n<meta name=\"twitter:creator\" content=\"@rassegnastampa9\" \/>\n<meta name=\"twitter:site\" content=\"@rassegnastampa9\" \/>\n<meta name=\"twitter:label1\" content=\"Scritto da\" \/>\n\t<meta name=\"twitter:data1\" content=\"Redazione\" \/>\n\t<meta name=\"twitter:label2\" content=\"Tempo di lettura stimato\" \/>\n\t<meta name=\"twitter:data2\" content=\"4 minuti\" \/>\n<script type=\"application\/ld+json\" class=\"yoast-schema-graph\">{\"@context\":\"https:\\\/\\\/schema.org\",\"@graph\":[{\"@type\":\"Article\",\"@id\":\"https:\\\/\\\/www.rassegnastampa-totustuus.it\\\/cattolica\\\/morto-eugenio-corti-lautore-de-il-cavallo-rosso\\\/#article\",\"isPartOf\":{\"@id\":\"https:\\\/\\\/www.rassegnastampa-totustuus.it\\\/cattolica\\\/morto-eugenio-corti-lautore-de-il-cavallo-rosso\\\/\"},\"author\":{\"name\":\"Redazione\",\"@id\":\"https:\\\/\\\/www.rassegnastampa-totustuus.it\\\/cattolica\\\/#\\\/schema\\\/person\\\/08f319d2bd1a0904ad9e2bfb7b15e5c3\"},\"headline\":\"Morto Eugenio Corti, l\u2019autore de \u201cIl cavallo rosso\u201d\",\"datePublished\":\"2014-03-08T16:48:14+00:00\",\"dateModified\":\"2015-06-11T14:52:38+00:00\",\"mainEntityOfPage\":{\"@id\":\"https:\\\/\\\/www.rassegnastampa-totustuus.it\\\/cattolica\\\/morto-eugenio-corti-lautore-de-il-cavallo-rosso\\\/\"},\"wordCount\":805,\"publisher\":{\"@id\":\"https:\\\/\\\/www.rassegnastampa-totustuus.it\\\/cattolica\\\/#organization\"},\"image\":{\"@id\":\"https:\\\/\\\/www.rassegnastampa-totustuus.it\\\/cattolica\\\/morto-eugenio-corti-lautore-de-il-cavallo-rosso\\\/#primaryimage\"},\"thumbnailUrl\":\"https:\\\/\\\/www.rassegnastampa-totustuus.it\\\/cattolica\\\/wp-content\\\/uploads\\\/2014\\\/03\\\/Corti.jpg\",\"keywords\":[\"Cavallo rosso\",\"Eugenio Corti\"],\"articleSection\":[\"Personaggi\"],\"inLanguage\":\"it-IT\"},{\"@type\":\"WebPage\",\"@id\":\"https:\\\/\\\/www.rassegnastampa-totustuus.it\\\/cattolica\\\/morto-eugenio-corti-lautore-de-il-cavallo-rosso\\\/\",\"url\":\"https:\\\/\\\/www.rassegnastampa-totustuus.it\\\/cattolica\\\/morto-eugenio-corti-lautore-de-il-cavallo-rosso\\\/\",\"name\":\"Morto Eugenio Corti, l\u2019autore de \u201cIl cavallo rosso\u201d - Rassegna Stampa Cattolica\",\"isPartOf\":{\"@id\":\"https:\\\/\\\/www.rassegnastampa-totustuus.it\\\/cattolica\\\/#website\"},\"primaryImageOfPage\":{\"@id\":\"https:\\\/\\\/www.rassegnastampa-totustuus.it\\\/cattolica\\\/morto-eugenio-corti-lautore-de-il-cavallo-rosso\\\/#primaryimage\"},\"image\":{\"@id\":\"https:\\\/\\\/www.rassegnastampa-totustuus.it\\\/cattolica\\\/morto-eugenio-corti-lautore-de-il-cavallo-rosso\\\/#primaryimage\"},\"thumbnailUrl\":\"https:\\\/\\\/www.rassegnastampa-totustuus.it\\\/cattolica\\\/wp-content\\\/uploads\\\/2014\\\/03\\\/Corti.jpg\",\"datePublished\":\"2014-03-08T16:48:14+00:00\",\"dateModified\":\"2015-06-11T14:52:38+00:00\",\"description\":\"Rassegna Stampa Cattolica - Per una cultura che nasce dalla Rivelazione cristiana in conformit\u00e0 alla tradizione e al Magistero della Chiesa in opposizione ad ogni relativismo e totalitarismo\",\"breadcrumb\":{\"@id\":\"https:\\\/\\\/www.rassegnastampa-totustuus.it\\\/cattolica\\\/morto-eugenio-corti-lautore-de-il-cavallo-rosso\\\/#breadcrumb\"},\"inLanguage\":\"it-IT\",\"potentialAction\":[{\"@type\":\"ReadAction\",\"target\":[\"https:\\\/\\\/www.rassegnastampa-totustuus.it\\\/cattolica\\\/morto-eugenio-corti-lautore-de-il-cavallo-rosso\\\/\"]}]},{\"@type\":\"ImageObject\",\"inLanguage\":\"it-IT\",\"@id\":\"https:\\\/\\\/www.rassegnastampa-totustuus.it\\\/cattolica\\\/morto-eugenio-corti-lautore-de-il-cavallo-rosso\\\/#primaryimage\",\"url\":\"https:\\\/\\\/www.rassegnastampa-totustuus.it\\\/cattolica\\\/wp-content\\\/uploads\\\/2014\\\/03\\\/Corti.jpg\",\"contentUrl\":\"https:\\\/\\\/www.rassegnastampa-totustuus.it\\\/cattolica\\\/wp-content\\\/uploads\\\/2014\\\/03\\\/Corti.jpg\",\"width\":174,\"height\":290},{\"@type\":\"BreadcrumbList\",\"@id\":\"https:\\\/\\\/www.rassegnastampa-totustuus.it\\\/cattolica\\\/morto-eugenio-corti-lautore-de-il-cavallo-rosso\\\/#breadcrumb\",\"itemListElement\":[{\"@type\":\"ListItem\",\"position\":1,\"name\":\"Home\",\"item\":\"https:\\\/\\\/www.rassegnastampa-totustuus.it\\\/cattolica\\\/\"},{\"@type\":\"ListItem\",\"position\":2,\"name\":\"Morto Eugenio Corti, l\u2019autore de \u201cIl cavallo rosso\u201d\"}]},{\"@type\":\"WebSite\",\"@id\":\"https:\\\/\\\/www.rassegnastampa-totustuus.it\\\/cattolica\\\/#website\",\"url\":\"https:\\\/\\\/www.rassegnastampa-totustuus.it\\\/cattolica\\\/\",\"name\":\"Rassegna Stampa Cattolica\",\"description\":\"Per una cultura che nasce dalla Rivelazione cristiana in conformit\u00e0 alla tradizione e al Magistero della Chiesa in opposizione ad ogni relativismo e totalitarismo\",\"publisher\":{\"@id\":\"https:\\\/\\\/www.rassegnastampa-totustuus.it\\\/cattolica\\\/#organization\"},\"alternateName\":\"Rass. Cattolica\",\"potentialAction\":[{\"@type\":\"SearchAction\",\"target\":{\"@type\":\"EntryPoint\",\"urlTemplate\":\"https:\\\/\\\/www.rassegnastampa-totustuus.it\\\/cattolica\\\/?s={search_term_string}\"},\"query-input\":{\"@type\":\"PropertyValueSpecification\",\"valueRequired\":true,\"valueName\":\"search_term_string\"}}],\"inLanguage\":\"it-IT\"},{\"@type\":\"Organization\",\"@id\":\"https:\\\/\\\/www.rassegnastampa-totustuus.it\\\/cattolica\\\/#organization\",\"name\":\"Rassegna Stampa Cattolica\",\"url\":\"https:\\\/\\\/www.rassegnastampa-totustuus.it\\\/cattolica\\\/\",\"logo\":{\"@type\":\"ImageObject\",\"inLanguage\":\"it-IT\",\"@id\":\"https:\\\/\\\/www.rassegnastampa-totustuus.it\\\/cattolica\\\/#\\\/schema\\\/logo\\\/image\\\/\",\"url\":\"https:\\\/\\\/www.rassegnastampa-totustuus.it\\\/cattolica\\\/wp-content\\\/uploads\\\/2014\\\/04\\\/logo-rassegna1.gif\",\"contentUrl\":\"https:\\\/\\\/www.rassegnastampa-totustuus.it\\\/cattolica\\\/wp-content\\\/uploads\\\/2014\\\/04\\\/logo-rassegna1.gif\",\"width\":600,\"height\":163,\"caption\":\"Rassegna Stampa Cattolica\"},\"image\":{\"@id\":\"https:\\\/\\\/www.rassegnastampa-totustuus.it\\\/cattolica\\\/#\\\/schema\\\/logo\\\/image\\\/\"},\"sameAs\":[\"https:\\\/\\\/www.facebook.com\\\/rassegnastampacattolica\",\"https:\\\/\\\/x.com\\\/rassegnastampa9\"]},{\"@type\":\"Person\",\"@id\":\"https:\\\/\\\/www.rassegnastampa-totustuus.it\\\/cattolica\\\/#\\\/schema\\\/person\\\/08f319d2bd1a0904ad9e2bfb7b15e5c3\",\"name\":\"Redazione\",\"image\":{\"@type\":\"ImageObject\",\"inLanguage\":\"it-IT\",\"@id\":\"https:\\\/\\\/secure.gravatar.com\\\/avatar\\\/2fcdf27c78ea025fbdb44e914cc63c72249ffec9dc8aafd5c82b26240ef3f346?s=96&d=mm&r=g\",\"url\":\"https:\\\/\\\/secure.gravatar.com\\\/avatar\\\/2fcdf27c78ea025fbdb44e914cc63c72249ffec9dc8aafd5c82b26240ef3f346?s=96&d=mm&r=g\",\"contentUrl\":\"https:\\\/\\\/secure.gravatar.com\\\/avatar\\\/2fcdf27c78ea025fbdb44e914cc63c72249ffec9dc8aafd5c82b26240ef3f346?s=96&d=mm&r=g\",\"caption\":\"Redazione\"},\"url\":\"https:\\\/\\\/www.rassegnastampa-totustuus.it\\\/cattolica\\\/author\\\/pietroelle\\\/\"}]}<\/script>\n<!-- \/ Yoast SEO plugin. -->","yoast_head_json":{"title":"Morto Eugenio Corti, l\u2019autore de \u201cIl cavallo rosso\u201d - Rassegna Stampa Cattolica","description":"Rassegna Stampa Cattolica - Per una cultura che nasce dalla Rivelazione cristiana in conformit\u00e0 alla tradizione e al Magistero della Chiesa in opposizione ad ogni relativismo e totalitarismo","robots":{"index":"index","follow":"follow","max-snippet":"max-snippet:-1","max-image-preview":"max-image-preview:large","max-video-preview":"max-video-preview:-1"},"canonical":"https:\/\/www.rassegnastampa-totustuus.it\/cattolica\/morto-eugenio-corti-lautore-de-il-cavallo-rosso\/","og_locale":"it_IT","og_type":"article","og_title":"Morto Eugenio Corti, l\u2019autore de \u201cIl cavallo rosso\u201d - Rassegna Stampa Cattolica","og_description":"Rassegna Stampa Cattolica - Per una cultura che nasce dalla Rivelazione cristiana in conformit\u00e0 alla tradizione e al Magistero della Chiesa in opposizione ad ogni relativismo e totalitarismo","og_url":"https:\/\/www.rassegnastampa-totustuus.it\/cattolica\/morto-eugenio-corti-lautore-de-il-cavallo-rosso\/","og_site_name":"Rassegna Stampa Cattolica","article_publisher":"https:\/\/www.facebook.com\/rassegnastampacattolica","article_published_time":"2014-03-08T16:48:14+00:00","article_modified_time":"2015-06-11T14:52:38+00:00","og_image":[{"width":174,"height":290,"url":"https:\/\/www.rassegnastampa-totustuus.it\/cattolica\/wp-content\/uploads\/2014\/03\/Corti.jpg","type":"image\/jpeg"}],"author":"Redazione","twitter_card":"summary_large_image","twitter_creator":"@rassegnastampa9","twitter_site":"@rassegnastampa9","twitter_misc":{"Scritto da":"Redazione","Tempo di lettura stimato":"4 minuti"},"schema":{"@context":"https:\/\/schema.org","@graph":[{"@type":"Article","@id":"https:\/\/www.rassegnastampa-totustuus.it\/cattolica\/morto-eugenio-corti-lautore-de-il-cavallo-rosso\/#article","isPartOf":{"@id":"https:\/\/www.rassegnastampa-totustuus.it\/cattolica\/morto-eugenio-corti-lautore-de-il-cavallo-rosso\/"},"author":{"name":"Redazione","@id":"https:\/\/www.rassegnastampa-totustuus.it\/cattolica\/#\/schema\/person\/08f319d2bd1a0904ad9e2bfb7b15e5c3"},"headline":"Morto Eugenio Corti, l\u2019autore de \u201cIl cavallo rosso\u201d","datePublished":"2014-03-08T16:48:14+00:00","dateModified":"2015-06-11T14:52:38+00:00","mainEntityOfPage":{"@id":"https:\/\/www.rassegnastampa-totustuus.it\/cattolica\/morto-eugenio-corti-lautore-de-il-cavallo-rosso\/"},"wordCount":805,"publisher":{"@id":"https:\/\/www.rassegnastampa-totustuus.it\/cattolica\/#organization"},"image":{"@id":"https:\/\/www.rassegnastampa-totustuus.it\/cattolica\/morto-eugenio-corti-lautore-de-il-cavallo-rosso\/#primaryimage"},"thumbnailUrl":"https:\/\/www.rassegnastampa-totustuus.it\/cattolica\/wp-content\/uploads\/2014\/03\/Corti.jpg","keywords":["Cavallo rosso","Eugenio Corti"],"articleSection":["Personaggi"],"inLanguage":"it-IT"},{"@type":"WebPage","@id":"https:\/\/www.rassegnastampa-totustuus.it\/cattolica\/morto-eugenio-corti-lautore-de-il-cavallo-rosso\/","url":"https:\/\/www.rassegnastampa-totustuus.it\/cattolica\/morto-eugenio-corti-lautore-de-il-cavallo-rosso\/","name":"Morto Eugenio Corti, l\u2019autore de \u201cIl cavallo rosso\u201d - Rassegna Stampa Cattolica","isPartOf":{"@id":"https:\/\/www.rassegnastampa-totustuus.it\/cattolica\/#website"},"primaryImageOfPage":{"@id":"https:\/\/www.rassegnastampa-totustuus.it\/cattolica\/morto-eugenio-corti-lautore-de-il-cavallo-rosso\/#primaryimage"},"image":{"@id":"https:\/\/www.rassegnastampa-totustuus.it\/cattolica\/morto-eugenio-corti-lautore-de-il-cavallo-rosso\/#primaryimage"},"thumbnailUrl":"https:\/\/www.rassegnastampa-totustuus.it\/cattolica\/wp-content\/uploads\/2014\/03\/Corti.jpg","datePublished":"2014-03-08T16:48:14+00:00","dateModified":"2015-06-11T14:52:38+00:00","description":"Rassegna Stampa Cattolica - Per una cultura che nasce dalla Rivelazione cristiana in conformit\u00e0 alla tradizione e al Magistero della Chiesa in opposizione ad ogni relativismo e totalitarismo","breadcrumb":{"@id":"https:\/\/www.rassegnastampa-totustuus.it\/cattolica\/morto-eugenio-corti-lautore-de-il-cavallo-rosso\/#breadcrumb"},"inLanguage":"it-IT","potentialAction":[{"@type":"ReadAction","target":["https:\/\/www.rassegnastampa-totustuus.it\/cattolica\/morto-eugenio-corti-lautore-de-il-cavallo-rosso\/"]}]},{"@type":"ImageObject","inLanguage":"it-IT","@id":"https:\/\/www.rassegnastampa-totustuus.it\/cattolica\/morto-eugenio-corti-lautore-de-il-cavallo-rosso\/#primaryimage","url":"https:\/\/www.rassegnastampa-totustuus.it\/cattolica\/wp-content\/uploads\/2014\/03\/Corti.jpg","contentUrl":"https:\/\/www.rassegnastampa-totustuus.it\/cattolica\/wp-content\/uploads\/2014\/03\/Corti.jpg","width":174,"height":290},{"@type":"BreadcrumbList","@id":"https:\/\/www.rassegnastampa-totustuus.it\/cattolica\/morto-eugenio-corti-lautore-de-il-cavallo-rosso\/#breadcrumb","itemListElement":[{"@type":"ListItem","position":1,"name":"Home","item":"https:\/\/www.rassegnastampa-totustuus.it\/cattolica\/"},{"@type":"ListItem","position":2,"name":"Morto Eugenio Corti, l\u2019autore de \u201cIl cavallo rosso\u201d"}]},{"@type":"WebSite","@id":"https:\/\/www.rassegnastampa-totustuus.it\/cattolica\/#website","url":"https:\/\/www.rassegnastampa-totustuus.it\/cattolica\/","name":"Rassegna Stampa Cattolica","description":"Per una cultura che nasce dalla Rivelazione cristiana in conformit\u00e0 alla tradizione e al Magistero della Chiesa in opposizione ad ogni relativismo e totalitarismo","publisher":{"@id":"https:\/\/www.rassegnastampa-totustuus.it\/cattolica\/#organization"},"alternateName":"Rass. Cattolica","potentialAction":[{"@type":"SearchAction","target":{"@type":"EntryPoint","urlTemplate":"https:\/\/www.rassegnastampa-totustuus.it\/cattolica\/?s={search_term_string}"},"query-input":{"@type":"PropertyValueSpecification","valueRequired":true,"valueName":"search_term_string"}}],"inLanguage":"it-IT"},{"@type":"Organization","@id":"https:\/\/www.rassegnastampa-totustuus.it\/cattolica\/#organization","name":"Rassegna Stampa Cattolica","url":"https:\/\/www.rassegnastampa-totustuus.it\/cattolica\/","logo":{"@type":"ImageObject","inLanguage":"it-IT","@id":"https:\/\/www.rassegnastampa-totustuus.it\/cattolica\/#\/schema\/logo\/image\/","url":"https:\/\/www.rassegnastampa-totustuus.it\/cattolica\/wp-content\/uploads\/2014\/04\/logo-rassegna1.gif","contentUrl":"https:\/\/www.rassegnastampa-totustuus.it\/cattolica\/wp-content\/uploads\/2014\/04\/logo-rassegna1.gif","width":600,"height":163,"caption":"Rassegna Stampa Cattolica"},"image":{"@id":"https:\/\/www.rassegnastampa-totustuus.it\/cattolica\/#\/schema\/logo\/image\/"},"sameAs":["https:\/\/www.facebook.com\/rassegnastampacattolica","https:\/\/x.com\/rassegnastampa9"]},{"@type":"Person","@id":"https:\/\/www.rassegnastampa-totustuus.it\/cattolica\/#\/schema\/person\/08f319d2bd1a0904ad9e2bfb7b15e5c3","name":"Redazione","image":{"@type":"ImageObject","inLanguage":"it-IT","@id":"https:\/\/secure.gravatar.com\/avatar\/2fcdf27c78ea025fbdb44e914cc63c72249ffec9dc8aafd5c82b26240ef3f346?s=96&d=mm&r=g","url":"https:\/\/secure.gravatar.com\/avatar\/2fcdf27c78ea025fbdb44e914cc63c72249ffec9dc8aafd5c82b26240ef3f346?s=96&d=mm&r=g","contentUrl":"https:\/\/secure.gravatar.com\/avatar\/2fcdf27c78ea025fbdb44e914cc63c72249ffec9dc8aafd5c82b26240ef3f346?s=96&d=mm&r=g","caption":"Redazione"},"url":"https:\/\/www.rassegnastampa-totustuus.it\/cattolica\/author\/pietroelle\/"}]}},"_links":{"self":[{"href":"https:\/\/www.rassegnastampa-totustuus.it\/cattolica\/wp-json\/wp\/v2\/posts\/6100","targetHints":{"allow":["GET"]}}],"collection":[{"href":"https:\/\/www.rassegnastampa-totustuus.it\/cattolica\/wp-json\/wp\/v2\/posts"}],"about":[{"href":"https:\/\/www.rassegnastampa-totustuus.it\/cattolica\/wp-json\/wp\/v2\/types\/post"}],"author":[{"embeddable":true,"href":"https:\/\/www.rassegnastampa-totustuus.it\/cattolica\/wp-json\/wp\/v2\/users\/6"}],"replies":[{"embeddable":true,"href":"https:\/\/www.rassegnastampa-totustuus.it\/cattolica\/wp-json\/wp\/v2\/comments?post=6100"}],"version-history":[{"count":5,"href":"https:\/\/www.rassegnastampa-totustuus.it\/cattolica\/wp-json\/wp\/v2\/posts\/6100\/revisions"}],"predecessor-version":[{"id":26143,"href":"https:\/\/www.rassegnastampa-totustuus.it\/cattolica\/wp-json\/wp\/v2\/posts\/6100\/revisions\/26143"}],"wp:featuredmedia":[{"embeddable":true,"href":"https:\/\/www.rassegnastampa-totustuus.it\/cattolica\/wp-json\/wp\/v2\/media\/6837"}],"wp:attachment":[{"href":"https:\/\/www.rassegnastampa-totustuus.it\/cattolica\/wp-json\/wp\/v2\/media?parent=6100"}],"wp:term":[{"taxonomy":"category","embeddable":true,"href":"https:\/\/www.rassegnastampa-totustuus.it\/cattolica\/wp-json\/wp\/v2\/categories?post=6100"},{"taxonomy":"post_tag","embeddable":true,"href":"https:\/\/www.rassegnastampa-totustuus.it\/cattolica\/wp-json\/wp\/v2\/tags?post=6100"}],"curies":[{"name":"wp","href":"https:\/\/api.w.org\/{rel}","templated":true}]}}