{"id":6097,"date":"2014-03-08T16:42:32","date_gmt":"2014-03-08T16:42:32","guid":{"rendered":"http:\/\/www.rassegnastampa-totustuus.it\/cattolica\/?p=6097"},"modified":"2015-06-11T16:53:32","modified_gmt":"2015-06-11T14:53:32","slug":"chi-ha-spinto-papa-benedetto-a-mollare-e-perche","status":"publish","type":"post","link":"https:\/\/www.rassegnastampa-totustuus.it\/cattolica\/chi-ha-spinto-papa-benedetto-a-mollare-e-perche\/","title":{"rendered":"Chi ha spinto Papa Benedetto a mollare (e perche\u2019)"},"content":{"rendered":"<p style=\"text-align: center;\"><strong><a href=\"https:\/\/www.rassegnastampa-totustuus.it\/cattolica\/wp-content\/uploads\/2014\/03\/benedettoXI.jpg\"><img loading=\"lazy\" decoding=\"async\" class=\" wp-image-6839 alignleft\" src=\"https:\/\/www.rassegnastampa-totustuus.it\/cattolica\/wp-content\/uploads\/2014\/03\/benedettoXI.jpg\" alt=\"benedettoXI\" width=\"250\" height=\"189\" \/><\/a>\u201cLibero\u201d<\/strong>, 9 febbraio 2014<\/p>\n<p style=\"text-align: center;\"><strong>Antonio Socci<\/strong><\/p>\n<p style=\"text-align: justify;\">Chi, come e perch\u00e9 ha determinato quel \u201critiro\u201d di Benedetto XVI \u2013 esattamente un anno fa \u2013 che rappresenta un evento unico nella storia della Chiesa, traumatico e tuttora non chiaro nelle sue implicazioni e nelle sue conseguenze? Spesso si \u00e8 buttata la croce addosso al povero Paolo Gabriele, il cameriere di Vatileaks, ma \u00e8 vero l\u2019esatto contrario: se c\u2019era una persona che avrebbe voluto che papa Benedetto potesse esercitare pienamente il suo mandato era proprio lui.<\/p>\n<p style=\"text-align: justify;\"><!--more--><\/p>\n<p style=\"text-align: justify;\">Del resto il mio scoop, uscito su queste colonne il 25 settembre 2011, dimostra che Ratzinger aveva gi\u00e0 deciso quel \u201critiro\u201d ben prima dell\u2019inizio di Vatileaks e l\u2019aveva previsto \u2013 come scrissi \u2013 allo scoccare degli 85 anni. Esattamente quello che poi \u00e8 avvenuto. Ma allora chi, come e perch\u00e9 \u2013 prima di Vatileaks \u2013 ha creato una situazione che ha indotto il papa a valutare di non poter pi\u00f9 sostenere la lotta?<\/p>\n<p style=\"text-align: justify;\"><strong>UN GIGANTE<\/strong><\/p>\n<p style=\"text-align: justify;\">Ratzinger \u00e8 uno dei giganti della Chiesa del Novecento ed \u00e8 molto vasta la mappa di coloro che, nel corso dei decenni, anche su fronti contrapposti, hanno individuato il loro Nemico in quest\u2019uomo mite e sapiente. Anzitutto egli entra in scena come uomo del Concilio: \u00e8 colui che, scrivendo il discorso del cardinale Frings, abbatter\u00e0 il vecchio S. Uffizio di Ottaviani, l\u2019inquisizione.<\/p>\n<p style=\"text-align: justify;\">Nel postconcilio diventer\u00e0 il nemico di tutti coloro che pretendevano di usare il Vaticano II per spazzar via la Chiesa di sempre e costruirne una prona al mondo e alle ideologie: da Rahner ad Hans Kung, fino a Martini che \u2013 come cardinale \u2013 si \u00e8 opposto frontalmente a Ratzinger e a papa Wojtyla.<\/p>\n<p style=\"text-align: justify;\">Non erano destinati a procurargli amici, poi, i suoi due primi interventi, quando fu chiamato da Giovanni Paolo II alla guida della retta dottrina: quello in cui ribad\u00ec la condanna cattolica della massoneria e i testi che confutarono e condannarono la Teologia della liberazione. Infine sar\u00e0 sempre Ratzinger a denunciare in mondovisione, durante l\u2019ultima solenne via crucis di Giovanni Paolo II, \u201cla sporcizia nella Chiesa\u201d, con parole durissime e drammatiche.<\/p>\n<p style=\"text-align: justify;\">Sar\u00e0 lui che realizzer\u00e0 una purificazione radicale della Chiesa dalla piaga dei preti pedofili, con provvedimenti drastici e un ribaltamento totale di certa mentalit\u00e0 clericale. Ancora lui infine scandalizzer\u00e0 gli ecclesiastici progressisti (tanto da suscitare la ribellione aperta di diversi vescovi) quando \u2013 in linea vera con il Concilio \u2013 cercher\u00e0 di riportare all\u2019unit\u00e0 la Fraternit\u00e0 S. Pio X e restituir\u00e0 libert\u00e0 alla liturgia tradizionale della Chiesa.<\/p>\n<p style=\"text-align: justify;\">Era stato lui con Giovanni Paolo II che aveva valorizzato i tanti nuovi movimenti fioriti nella Chiesa, specie fra i giovani, e che ha colto e denunciato la \u201cquestione antropologica\u201d che oggi nel mondo sta bombardando i valori della vita, della famiglia e della dignit\u00e0 umana. Ha fondato il dialogo della Chiesa con la modernit\u00e0 e la vera laicit\u00e0, cos\u00ec da affascinare intellettuali come Habermas, Tronti, Ferrara e Barcellona.<\/p>\n<p style=\"text-align: justify;\">Eppure fin dall\u2019inizio, dalla sua elezione, c\u2019\u00e8 stata l\u2019occulta e pesante opposizione di un establishment cardinalizio oscuro e pronto \u2013 per delegittimarlo \u2013 perfino allo spergiuro.<\/p>\n<p style=\"text-align: justify;\"><strong>L\u2019ATTACCO OCCULTO<\/strong><\/p>\n<p style=\"text-align: justify;\">Lo dimostra un fatto dimenticato che segn\u00f2 l\u2019inizio della guerra interna contro papa Ratzinger. Benedetto XVI era appena stato eletto, nel 2005, e dall\u2019anonimo mondo cardinalizio (pi\u00f9 o meno di Curia), attraverso il vaticanista Lucio Brunelli, fu fatto pubblicare un presunto diario delle votazioni del Conclave da cui emergevano dettagli delegittimanti del nuovo pontificato.<\/p>\n<p style=\"text-align: justify;\">Un vaticanista autorevole come Sandro Magister scrisse: la lettura di quel testo \u201csuggerisce che l\u2019\u2018intenzione\u2019 di pubblicarlo sia stata molto pi\u00f9 militante\u201d che storico-giornalistica. E lo si sia fatto \u201cper mostrare che la vittoria di Ratzinger non \u00e8 stata per niente \u2018plebiscitaria\u2019, che \u00e8 stata in forse fino all\u2019ultimo, che \u00e8 stata indebitamente favorita dal suo essere decano dei cardinali, che i tempi sono maturi per un papa \u2018nuovo\u2019, magari latinoamericano e che a questi suoi limiti Benedetto XVI dovrebbe rassegnarsi\u201d.<\/p>\n<p style=\"text-align: justify;\">Cos\u00ec scriveva Magister il 7 ottobre 2005. Forse si sottovalut\u00f2 la gravit\u00e0 di quel segnale anonimo, basato peraltro su dati delle votazioni che non risultano ad altri. Ripensandoci oggi fa impressione che per un tale gesto pubblico di sfida, una fazione di cardinali sia stata pronta a sfidare pure Dio con un pubblico spergiuro (perch\u00e9 ogni cardinale aveva giurato solennemente sul Vangelo di mantenere il segreto su Conclave e votazioni).<\/p>\n<p style=\"text-align: justify;\">Negli anni successivi il tema della spaccatura e il fantasma dello scisma pi\u00f9 volte \u00e8 stato ventilato oscuramente e certo Ratzinger ha sempre voluto evitarlo in ogni modo (anche a costo di dimettersi).<\/p>\n<p style=\"text-align: justify;\"><strong>ODIO CONTRO IL PAPA<\/strong><\/p>\n<p style=\"text-align: justify;\">Benedetto ha avuto poi altri nemici interni, nella Curia e nell\u2019establishment ecclesiastico, che hanno contestato o boicottato o rifiutato il suo magistero, quello tradizionale della Chiesa, avendo i media dalla loro. Poi Ratzinger ha avuto molti nemici esterni ed \u00e8 stato sottoposto a un bombardamento mediatico senza fine culminato con il cosiddetto \u201cscandalo pedofilia\u201d con cui si \u00e8 preteso di trasformare la Chiesa in \u201cimputato globale\u201d (la Chiesa che \u00e8 perseguitata in mezzo mondo nell\u2019indifferenza generale).<\/p>\n<p style=\"text-align: justify;\">Ma paradossalmente i maggiori danni per il pontificato di Benedetto sono forse arrivati dalla Curia e dai pi\u00f9 stretti collaboratori.<\/p>\n<p style=\"text-align: justify;\"><strong>L\u2019ERRORE<\/strong><\/p>\n<p style=\"text-align: justify;\">Bisogna riconoscere l\u2019errore, forse il maggiore di Benedetto XVI, che \u2013 per evitare certe potenti realt\u00e0 curiali (ad esempio facenti capo al cardinal Sodano) \u2013 chiam\u00f2 nel ruolo strategico di Segretario di Stato un ecclesiastico che conosceva da anni e che credeva potesse essergli di aiuto: il cardinale Bertone. La plateale inadeguatezza dell\u2019uomo per quel ruolo delicato e decisivo \u2013 a parere dei pi\u00f9, anche dei ratzingeriani pi\u00f9 convinti \u2013 \u00e8 ci\u00f2 che ha fatto precipitare la situazione. Che a un certo punto si \u00e8 fatta drammatica.<\/p>\n<p style=\"text-align: justify;\">Il \u201ccameriere del Papa\u201d, pur sbagliando gravemente nel metodo, ha fatto emergere una realt\u00e0 inaudita dove il Pontefice sembrava pressoch\u00e9 esautorato. Lo ha dichiarato di recente il cardinale Maradiaga: dalla vicenda Vatileaks \u201cpareva che alcuni documenti non arrivassero nelle mani del Papa\u201d.<\/p>\n<p style=\"text-align: justify;\">Addirittura monsignor Georg Gaenswein, segretario di Benedetto XVI, in una intervista al \u201cMessaggero\u201d del 22 ottobre, una settimana dopo le dimissioni di Bertone, ha candidamente riferito che \u201cBenedetto XVI aveva chiamato Gotti Tedeschi allo Ior per portare avanti la politica della trasparenza\u201d, ma nonostante fosse stato lui stesso a volerlo l\u00ec, quando costui fu defenestrato, il Papa non ne sapeva niente e \u201crest\u00f2 sorpreso, molto sorpreso per l\u2019atto di sfiducia al professore. Il Papa lo stimava e gli voleva bene\u201d.<\/p>\n<p style=\"text-align: justify;\">Un fatto emblematico della situazione oltretevere, anche se ci sarebbe da chiedersi cosa faceva, nel frattempo, don Georg vedendo questa realt\u00e0\u2026.<\/p>\n<p style=\"text-align: justify;\"><strong>IL MISTERO DI OGGI<\/strong><\/p>\n<p style=\"text-align: justify;\">Col pi\u00f9 grande gesto di umilt\u00e0 Benedetto, alla fine, ha ritenuto di aiutare la Chiesa azzerando tutto, a cominciare da se stesso. E si concepisce ora nel ruolo di Mos\u00e8 che prega sulla montagna mentre Giosu\u00e8 combatte.<\/p>\n<p style=\"text-align: justify;\">Tuttavia anche per Giosu\u00e8-Francesco sono cominciati in questi giorni gli attacchi e le prove pi\u00f9 dure: da quelli esterni (vedi l\u2019incredibile denuncia dell\u2019Onu) a quelli interni che puntano a usare il prossimo Sinodo per ribaltare la Chiesa.<\/p>\n<p style=\"text-align: justify;\">Se, per la prima volta nella storia, oggi la Chiesa si trova con due papi \u00e8 davvero il segno che \u00e8 un tempo di prova senza eguali. Un dettaglio. Ratzinger non solo ha voluto restare \u201cnel recinto di Pietro\u201d, ha voluto conservare il titolo di \u201cpapa emerito\u201d e l\u2019abito bianco, ma \u2013 si \u00e8 saputo di recente \u2013 ha gentilmente declinato la proposta dell\u2019arcivescovo Montezemolo di cambiare il suo stemma araldico.<\/p>\n<p style=\"text-align: justify;\">Il Vaticano ha cos\u00ec fatto sapere che Benedetto \u201cpreferisce non adottare un emblema araldico espressivo della nuova situazione creatasi con la sua rinuncia al Ministero Petrino\u201d. Se \u00e8 un segnale significa che papa Benedetto c\u2019\u00e8. Che il Cielo protegga la sua vita.<\/p>\n","protected":false},"excerpt":{"rendered":"<p>\u201cLibero\u201d, 9 febbraio 2014 Antonio Socci Chi, come e perch\u00e9 ha determinato quel \u201critiro\u201d di Benedetto XVI \u2013 esattamente un anno fa \u2013 che rappresenta un evento unico nella storia della Chiesa, traumatico e tuttora non chiaro nelle sue implicazioni e nelle sue conseguenze? Spesso si \u00e8 buttata la croce addosso al povero Paolo Gabriele, &hellip; <\/p>\n<p><a class=\"more-link btn\" href=\"https:\/\/www.rassegnastampa-totustuus.it\/cattolica\/chi-ha-spinto-papa-benedetto-a-mollare-e-perche\/\">Continua a leggere<\/a><\/p>\n","protected":false},"author":6,"featured_media":6839,"comment_status":"closed","ping_status":"open","sticky":false,"template":"","format":"standard","meta":{"footnotes":""},"categories":[110,5],"tags":[2407,157,153,249],"class_list":["post-6097","post","type-post","status-publish","format-standard","has-post-thumbnail","hentry","category-benedetto-xvi","category-chiesa","tag-benedetto-xvi","tag-chiesa-2","tag-papa","tag-ratzinger","item-wrap"],"yoast_head":"<!-- This site is optimized with the Yoast SEO plugin v27.5 - https:\/\/yoast.com\/product\/yoast-seo-wordpress\/ -->\n<title>Chi ha spinto Papa Benedetto a mollare (e perche\u2019) - Rassegna Stampa Cattolica<\/title>\n<meta name=\"description\" content=\"Rassegna Stampa Cattolica - Per una cultura che nasce dalla Rivelazione cristiana in conformit\u00e0 alla tradizione e al Magistero della Chiesa in opposizione ad ogni relativismo e totalitarismo\" \/>\n<meta name=\"robots\" content=\"index, follow, max-snippet:-1, max-image-preview:large, max-video-preview:-1\" \/>\n<link rel=\"canonical\" href=\"https:\/\/www.rassegnastampa-totustuus.it\/cattolica\/chi-ha-spinto-papa-benedetto-a-mollare-e-perche\/\" \/>\n<meta property=\"og:locale\" content=\"it_IT\" \/>\n<meta property=\"og:type\" content=\"article\" \/>\n<meta property=\"og:title\" content=\"Chi ha spinto Papa Benedetto a mollare (e perche\u2019) - Rassegna Stampa Cattolica\" \/>\n<meta property=\"og:description\" content=\"Rassegna Stampa Cattolica - Per una cultura che nasce dalla Rivelazione cristiana in conformit\u00e0 alla tradizione e al Magistero della Chiesa in opposizione ad ogni relativismo e totalitarismo\" \/>\n<meta property=\"og:url\" content=\"https:\/\/www.rassegnastampa-totustuus.it\/cattolica\/chi-ha-spinto-papa-benedetto-a-mollare-e-perche\/\" \/>\n<meta property=\"og:site_name\" content=\"Rassegna Stampa Cattolica\" \/>\n<meta property=\"article:publisher\" content=\"https:\/\/www.facebook.com\/rassegnastampacattolica\" \/>\n<meta property=\"article:published_time\" content=\"2014-03-08T16:42:32+00:00\" \/>\n<meta property=\"article:modified_time\" content=\"2015-06-11T14:53:32+00:00\" \/>\n<meta property=\"og:image\" content=\"https:\/\/www.rassegnastampa-totustuus.it\/cattolica\/wp-content\/uploads\/2014\/03\/benedettoXI.jpg\" \/>\n\t<meta property=\"og:image:width\" content=\"259\" \/>\n\t<meta property=\"og:image:height\" content=\"194\" \/>\n\t<meta property=\"og:image:type\" content=\"image\/jpeg\" \/>\n<meta name=\"author\" content=\"Redazione\" \/>\n<meta name=\"twitter:card\" content=\"summary_large_image\" \/>\n<meta name=\"twitter:creator\" content=\"@rassegnastampa9\" \/>\n<meta name=\"twitter:site\" content=\"@rassegnastampa9\" \/>\n<meta name=\"twitter:label1\" content=\"Scritto da\" \/>\n\t<meta name=\"twitter:data1\" content=\"Redazione\" \/>\n\t<meta name=\"twitter:label2\" content=\"Tempo di lettura stimato\" \/>\n\t<meta name=\"twitter:data2\" content=\"6 minuti\" \/>\n<script type=\"application\/ld+json\" class=\"yoast-schema-graph\">{\"@context\":\"https:\\\/\\\/schema.org\",\"@graph\":[{\"@type\":\"Article\",\"@id\":\"https:\\\/\\\/www.rassegnastampa-totustuus.it\\\/cattolica\\\/chi-ha-spinto-papa-benedetto-a-mollare-e-perche\\\/#article\",\"isPartOf\":{\"@id\":\"https:\\\/\\\/www.rassegnastampa-totustuus.it\\\/cattolica\\\/chi-ha-spinto-papa-benedetto-a-mollare-e-perche\\\/\"},\"author\":{\"name\":\"Redazione\",\"@id\":\"https:\\\/\\\/www.rassegnastampa-totustuus.it\\\/cattolica\\\/#\\\/schema\\\/person\\\/08f319d2bd1a0904ad9e2bfb7b15e5c3\"},\"headline\":\"Chi ha spinto Papa Benedetto a mollare (e perche\u2019)\",\"datePublished\":\"2014-03-08T16:42:32+00:00\",\"dateModified\":\"2015-06-11T14:53:32+00:00\",\"mainEntityOfPage\":{\"@id\":\"https:\\\/\\\/www.rassegnastampa-totustuus.it\\\/cattolica\\\/chi-ha-spinto-papa-benedetto-a-mollare-e-perche\\\/\"},\"wordCount\":1256,\"publisher\":{\"@id\":\"https:\\\/\\\/www.rassegnastampa-totustuus.it\\\/cattolica\\\/#organization\"},\"image\":{\"@id\":\"https:\\\/\\\/www.rassegnastampa-totustuus.it\\\/cattolica\\\/chi-ha-spinto-papa-benedetto-a-mollare-e-perche\\\/#primaryimage\"},\"thumbnailUrl\":\"https:\\\/\\\/www.rassegnastampa-totustuus.it\\\/cattolica\\\/wp-content\\\/uploads\\\/2014\\\/03\\\/benedettoXI.jpg\",\"keywords\":[\"Benedetto XVI\",\"chiesa\",\"Papa\",\"Ratzinger\"],\"articleSection\":[\"Benedetto XVI\",\"Chiesa\"],\"inLanguage\":\"it-IT\"},{\"@type\":\"WebPage\",\"@id\":\"https:\\\/\\\/www.rassegnastampa-totustuus.it\\\/cattolica\\\/chi-ha-spinto-papa-benedetto-a-mollare-e-perche\\\/\",\"url\":\"https:\\\/\\\/www.rassegnastampa-totustuus.it\\\/cattolica\\\/chi-ha-spinto-papa-benedetto-a-mollare-e-perche\\\/\",\"name\":\"Chi ha spinto Papa Benedetto a mollare (e perche\u2019) - Rassegna Stampa Cattolica\",\"isPartOf\":{\"@id\":\"https:\\\/\\\/www.rassegnastampa-totustuus.it\\\/cattolica\\\/#website\"},\"primaryImageOfPage\":{\"@id\":\"https:\\\/\\\/www.rassegnastampa-totustuus.it\\\/cattolica\\\/chi-ha-spinto-papa-benedetto-a-mollare-e-perche\\\/#primaryimage\"},\"image\":{\"@id\":\"https:\\\/\\\/www.rassegnastampa-totustuus.it\\\/cattolica\\\/chi-ha-spinto-papa-benedetto-a-mollare-e-perche\\\/#primaryimage\"},\"thumbnailUrl\":\"https:\\\/\\\/www.rassegnastampa-totustuus.it\\\/cattolica\\\/wp-content\\\/uploads\\\/2014\\\/03\\\/benedettoXI.jpg\",\"datePublished\":\"2014-03-08T16:42:32+00:00\",\"dateModified\":\"2015-06-11T14:53:32+00:00\",\"description\":\"Rassegna Stampa Cattolica - Per una cultura che nasce dalla Rivelazione cristiana in conformit\u00e0 alla tradizione e al Magistero della Chiesa in opposizione ad ogni relativismo e totalitarismo\",\"breadcrumb\":{\"@id\":\"https:\\\/\\\/www.rassegnastampa-totustuus.it\\\/cattolica\\\/chi-ha-spinto-papa-benedetto-a-mollare-e-perche\\\/#breadcrumb\"},\"inLanguage\":\"it-IT\",\"potentialAction\":[{\"@type\":\"ReadAction\",\"target\":[\"https:\\\/\\\/www.rassegnastampa-totustuus.it\\\/cattolica\\\/chi-ha-spinto-papa-benedetto-a-mollare-e-perche\\\/\"]}]},{\"@type\":\"ImageObject\",\"inLanguage\":\"it-IT\",\"@id\":\"https:\\\/\\\/www.rassegnastampa-totustuus.it\\\/cattolica\\\/chi-ha-spinto-papa-benedetto-a-mollare-e-perche\\\/#primaryimage\",\"url\":\"https:\\\/\\\/www.rassegnastampa-totustuus.it\\\/cattolica\\\/wp-content\\\/uploads\\\/2014\\\/03\\\/benedettoXI.jpg\",\"contentUrl\":\"https:\\\/\\\/www.rassegnastampa-totustuus.it\\\/cattolica\\\/wp-content\\\/uploads\\\/2014\\\/03\\\/benedettoXI.jpg\",\"width\":259,\"height\":194},{\"@type\":\"BreadcrumbList\",\"@id\":\"https:\\\/\\\/www.rassegnastampa-totustuus.it\\\/cattolica\\\/chi-ha-spinto-papa-benedetto-a-mollare-e-perche\\\/#breadcrumb\",\"itemListElement\":[{\"@type\":\"ListItem\",\"position\":1,\"name\":\"Home\",\"item\":\"https:\\\/\\\/www.rassegnastampa-totustuus.it\\\/cattolica\\\/\"},{\"@type\":\"ListItem\",\"position\":2,\"name\":\"Chi ha spinto Papa Benedetto a mollare (e perche\u2019)\"}]},{\"@type\":\"WebSite\",\"@id\":\"https:\\\/\\\/www.rassegnastampa-totustuus.it\\\/cattolica\\\/#website\",\"url\":\"https:\\\/\\\/www.rassegnastampa-totustuus.it\\\/cattolica\\\/\",\"name\":\"Rassegna Stampa Cattolica\",\"description\":\"Per una cultura che nasce dalla Rivelazione cristiana in conformit\u00e0 alla tradizione e al Magistero della Chiesa in opposizione ad ogni relativismo e totalitarismo\",\"publisher\":{\"@id\":\"https:\\\/\\\/www.rassegnastampa-totustuus.it\\\/cattolica\\\/#organization\"},\"alternateName\":\"Rass. Cattolica\",\"potentialAction\":[{\"@type\":\"SearchAction\",\"target\":{\"@type\":\"EntryPoint\",\"urlTemplate\":\"https:\\\/\\\/www.rassegnastampa-totustuus.it\\\/cattolica\\\/?s={search_term_string}\"},\"query-input\":{\"@type\":\"PropertyValueSpecification\",\"valueRequired\":true,\"valueName\":\"search_term_string\"}}],\"inLanguage\":\"it-IT\"},{\"@type\":\"Organization\",\"@id\":\"https:\\\/\\\/www.rassegnastampa-totustuus.it\\\/cattolica\\\/#organization\",\"name\":\"Rassegna Stampa Cattolica\",\"url\":\"https:\\\/\\\/www.rassegnastampa-totustuus.it\\\/cattolica\\\/\",\"logo\":{\"@type\":\"ImageObject\",\"inLanguage\":\"it-IT\",\"@id\":\"https:\\\/\\\/www.rassegnastampa-totustuus.it\\\/cattolica\\\/#\\\/schema\\\/logo\\\/image\\\/\",\"url\":\"https:\\\/\\\/www.rassegnastampa-totustuus.it\\\/cattolica\\\/wp-content\\\/uploads\\\/2014\\\/04\\\/logo-rassegna1.gif\",\"contentUrl\":\"https:\\\/\\\/www.rassegnastampa-totustuus.it\\\/cattolica\\\/wp-content\\\/uploads\\\/2014\\\/04\\\/logo-rassegna1.gif\",\"width\":600,\"height\":163,\"caption\":\"Rassegna Stampa Cattolica\"},\"image\":{\"@id\":\"https:\\\/\\\/www.rassegnastampa-totustuus.it\\\/cattolica\\\/#\\\/schema\\\/logo\\\/image\\\/\"},\"sameAs\":[\"https:\\\/\\\/www.facebook.com\\\/rassegnastampacattolica\",\"https:\\\/\\\/x.com\\\/rassegnastampa9\"]},{\"@type\":\"Person\",\"@id\":\"https:\\\/\\\/www.rassegnastampa-totustuus.it\\\/cattolica\\\/#\\\/schema\\\/person\\\/08f319d2bd1a0904ad9e2bfb7b15e5c3\",\"name\":\"Redazione\",\"image\":{\"@type\":\"ImageObject\",\"inLanguage\":\"it-IT\",\"@id\":\"https:\\\/\\\/secure.gravatar.com\\\/avatar\\\/2fcdf27c78ea025fbdb44e914cc63c72249ffec9dc8aafd5c82b26240ef3f346?s=96&d=mm&r=g\",\"url\":\"https:\\\/\\\/secure.gravatar.com\\\/avatar\\\/2fcdf27c78ea025fbdb44e914cc63c72249ffec9dc8aafd5c82b26240ef3f346?s=96&d=mm&r=g\",\"contentUrl\":\"https:\\\/\\\/secure.gravatar.com\\\/avatar\\\/2fcdf27c78ea025fbdb44e914cc63c72249ffec9dc8aafd5c82b26240ef3f346?s=96&d=mm&r=g\",\"caption\":\"Redazione\"},\"url\":\"https:\\\/\\\/www.rassegnastampa-totustuus.it\\\/cattolica\\\/author\\\/pietroelle\\\/\"}]}<\/script>\n<!-- \/ Yoast SEO plugin. -->","yoast_head_json":{"title":"Chi ha spinto Papa Benedetto a mollare (e perche\u2019) - Rassegna Stampa Cattolica","description":"Rassegna Stampa Cattolica - Per una cultura che nasce dalla Rivelazione cristiana in conformit\u00e0 alla tradizione e al Magistero della Chiesa in opposizione ad ogni relativismo e totalitarismo","robots":{"index":"index","follow":"follow","max-snippet":"max-snippet:-1","max-image-preview":"max-image-preview:large","max-video-preview":"max-video-preview:-1"},"canonical":"https:\/\/www.rassegnastampa-totustuus.it\/cattolica\/chi-ha-spinto-papa-benedetto-a-mollare-e-perche\/","og_locale":"it_IT","og_type":"article","og_title":"Chi ha spinto Papa Benedetto a mollare (e perche\u2019) - Rassegna Stampa Cattolica","og_description":"Rassegna Stampa Cattolica - Per una cultura che nasce dalla Rivelazione cristiana in conformit\u00e0 alla tradizione e al Magistero della Chiesa in opposizione ad ogni relativismo e totalitarismo","og_url":"https:\/\/www.rassegnastampa-totustuus.it\/cattolica\/chi-ha-spinto-papa-benedetto-a-mollare-e-perche\/","og_site_name":"Rassegna Stampa Cattolica","article_publisher":"https:\/\/www.facebook.com\/rassegnastampacattolica","article_published_time":"2014-03-08T16:42:32+00:00","article_modified_time":"2015-06-11T14:53:32+00:00","og_image":[{"width":259,"height":194,"url":"https:\/\/www.rassegnastampa-totustuus.it\/cattolica\/wp-content\/uploads\/2014\/03\/benedettoXI.jpg","type":"image\/jpeg"}],"author":"Redazione","twitter_card":"summary_large_image","twitter_creator":"@rassegnastampa9","twitter_site":"@rassegnastampa9","twitter_misc":{"Scritto da":"Redazione","Tempo di lettura stimato":"6 minuti"},"schema":{"@context":"https:\/\/schema.org","@graph":[{"@type":"Article","@id":"https:\/\/www.rassegnastampa-totustuus.it\/cattolica\/chi-ha-spinto-papa-benedetto-a-mollare-e-perche\/#article","isPartOf":{"@id":"https:\/\/www.rassegnastampa-totustuus.it\/cattolica\/chi-ha-spinto-papa-benedetto-a-mollare-e-perche\/"},"author":{"name":"Redazione","@id":"https:\/\/www.rassegnastampa-totustuus.it\/cattolica\/#\/schema\/person\/08f319d2bd1a0904ad9e2bfb7b15e5c3"},"headline":"Chi ha spinto Papa Benedetto a mollare (e perche\u2019)","datePublished":"2014-03-08T16:42:32+00:00","dateModified":"2015-06-11T14:53:32+00:00","mainEntityOfPage":{"@id":"https:\/\/www.rassegnastampa-totustuus.it\/cattolica\/chi-ha-spinto-papa-benedetto-a-mollare-e-perche\/"},"wordCount":1256,"publisher":{"@id":"https:\/\/www.rassegnastampa-totustuus.it\/cattolica\/#organization"},"image":{"@id":"https:\/\/www.rassegnastampa-totustuus.it\/cattolica\/chi-ha-spinto-papa-benedetto-a-mollare-e-perche\/#primaryimage"},"thumbnailUrl":"https:\/\/www.rassegnastampa-totustuus.it\/cattolica\/wp-content\/uploads\/2014\/03\/benedettoXI.jpg","keywords":["Benedetto XVI","chiesa","Papa","Ratzinger"],"articleSection":["Benedetto XVI","Chiesa"],"inLanguage":"it-IT"},{"@type":"WebPage","@id":"https:\/\/www.rassegnastampa-totustuus.it\/cattolica\/chi-ha-spinto-papa-benedetto-a-mollare-e-perche\/","url":"https:\/\/www.rassegnastampa-totustuus.it\/cattolica\/chi-ha-spinto-papa-benedetto-a-mollare-e-perche\/","name":"Chi ha spinto Papa Benedetto a mollare (e perche\u2019) - Rassegna Stampa Cattolica","isPartOf":{"@id":"https:\/\/www.rassegnastampa-totustuus.it\/cattolica\/#website"},"primaryImageOfPage":{"@id":"https:\/\/www.rassegnastampa-totustuus.it\/cattolica\/chi-ha-spinto-papa-benedetto-a-mollare-e-perche\/#primaryimage"},"image":{"@id":"https:\/\/www.rassegnastampa-totustuus.it\/cattolica\/chi-ha-spinto-papa-benedetto-a-mollare-e-perche\/#primaryimage"},"thumbnailUrl":"https:\/\/www.rassegnastampa-totustuus.it\/cattolica\/wp-content\/uploads\/2014\/03\/benedettoXI.jpg","datePublished":"2014-03-08T16:42:32+00:00","dateModified":"2015-06-11T14:53:32+00:00","description":"Rassegna Stampa Cattolica - Per una cultura che nasce dalla Rivelazione cristiana in conformit\u00e0 alla tradizione e al Magistero della Chiesa in opposizione ad ogni relativismo e totalitarismo","breadcrumb":{"@id":"https:\/\/www.rassegnastampa-totustuus.it\/cattolica\/chi-ha-spinto-papa-benedetto-a-mollare-e-perche\/#breadcrumb"},"inLanguage":"it-IT","potentialAction":[{"@type":"ReadAction","target":["https:\/\/www.rassegnastampa-totustuus.it\/cattolica\/chi-ha-spinto-papa-benedetto-a-mollare-e-perche\/"]}]},{"@type":"ImageObject","inLanguage":"it-IT","@id":"https:\/\/www.rassegnastampa-totustuus.it\/cattolica\/chi-ha-spinto-papa-benedetto-a-mollare-e-perche\/#primaryimage","url":"https:\/\/www.rassegnastampa-totustuus.it\/cattolica\/wp-content\/uploads\/2014\/03\/benedettoXI.jpg","contentUrl":"https:\/\/www.rassegnastampa-totustuus.it\/cattolica\/wp-content\/uploads\/2014\/03\/benedettoXI.jpg","width":259,"height":194},{"@type":"BreadcrumbList","@id":"https:\/\/www.rassegnastampa-totustuus.it\/cattolica\/chi-ha-spinto-papa-benedetto-a-mollare-e-perche\/#breadcrumb","itemListElement":[{"@type":"ListItem","position":1,"name":"Home","item":"https:\/\/www.rassegnastampa-totustuus.it\/cattolica\/"},{"@type":"ListItem","position":2,"name":"Chi ha spinto Papa Benedetto a mollare (e perche\u2019)"}]},{"@type":"WebSite","@id":"https:\/\/www.rassegnastampa-totustuus.it\/cattolica\/#website","url":"https:\/\/www.rassegnastampa-totustuus.it\/cattolica\/","name":"Rassegna Stampa Cattolica","description":"Per una cultura che nasce dalla Rivelazione cristiana in conformit\u00e0 alla tradizione e al Magistero della Chiesa in opposizione ad ogni relativismo e totalitarismo","publisher":{"@id":"https:\/\/www.rassegnastampa-totustuus.it\/cattolica\/#organization"},"alternateName":"Rass. Cattolica","potentialAction":[{"@type":"SearchAction","target":{"@type":"EntryPoint","urlTemplate":"https:\/\/www.rassegnastampa-totustuus.it\/cattolica\/?s={search_term_string}"},"query-input":{"@type":"PropertyValueSpecification","valueRequired":true,"valueName":"search_term_string"}}],"inLanguage":"it-IT"},{"@type":"Organization","@id":"https:\/\/www.rassegnastampa-totustuus.it\/cattolica\/#organization","name":"Rassegna Stampa Cattolica","url":"https:\/\/www.rassegnastampa-totustuus.it\/cattolica\/","logo":{"@type":"ImageObject","inLanguage":"it-IT","@id":"https:\/\/www.rassegnastampa-totustuus.it\/cattolica\/#\/schema\/logo\/image\/","url":"https:\/\/www.rassegnastampa-totustuus.it\/cattolica\/wp-content\/uploads\/2014\/04\/logo-rassegna1.gif","contentUrl":"https:\/\/www.rassegnastampa-totustuus.it\/cattolica\/wp-content\/uploads\/2014\/04\/logo-rassegna1.gif","width":600,"height":163,"caption":"Rassegna Stampa Cattolica"},"image":{"@id":"https:\/\/www.rassegnastampa-totustuus.it\/cattolica\/#\/schema\/logo\/image\/"},"sameAs":["https:\/\/www.facebook.com\/rassegnastampacattolica","https:\/\/x.com\/rassegnastampa9"]},{"@type":"Person","@id":"https:\/\/www.rassegnastampa-totustuus.it\/cattolica\/#\/schema\/person\/08f319d2bd1a0904ad9e2bfb7b15e5c3","name":"Redazione","image":{"@type":"ImageObject","inLanguage":"it-IT","@id":"https:\/\/secure.gravatar.com\/avatar\/2fcdf27c78ea025fbdb44e914cc63c72249ffec9dc8aafd5c82b26240ef3f346?s=96&d=mm&r=g","url":"https:\/\/secure.gravatar.com\/avatar\/2fcdf27c78ea025fbdb44e914cc63c72249ffec9dc8aafd5c82b26240ef3f346?s=96&d=mm&r=g","contentUrl":"https:\/\/secure.gravatar.com\/avatar\/2fcdf27c78ea025fbdb44e914cc63c72249ffec9dc8aafd5c82b26240ef3f346?s=96&d=mm&r=g","caption":"Redazione"},"url":"https:\/\/www.rassegnastampa-totustuus.it\/cattolica\/author\/pietroelle\/"}]}},"_links":{"self":[{"href":"https:\/\/www.rassegnastampa-totustuus.it\/cattolica\/wp-json\/wp\/v2\/posts\/6097","targetHints":{"allow":["GET"]}}],"collection":[{"href":"https:\/\/www.rassegnastampa-totustuus.it\/cattolica\/wp-json\/wp\/v2\/posts"}],"about":[{"href":"https:\/\/www.rassegnastampa-totustuus.it\/cattolica\/wp-json\/wp\/v2\/types\/post"}],"author":[{"embeddable":true,"href":"https:\/\/www.rassegnastampa-totustuus.it\/cattolica\/wp-json\/wp\/v2\/users\/6"}],"replies":[{"embeddable":true,"href":"https:\/\/www.rassegnastampa-totustuus.it\/cattolica\/wp-json\/wp\/v2\/comments?post=6097"}],"version-history":[{"count":5,"href":"https:\/\/www.rassegnastampa-totustuus.it\/cattolica\/wp-json\/wp\/v2\/posts\/6097\/revisions"}],"predecessor-version":[{"id":26144,"href":"https:\/\/www.rassegnastampa-totustuus.it\/cattolica\/wp-json\/wp\/v2\/posts\/6097\/revisions\/26144"}],"wp:featuredmedia":[{"embeddable":true,"href":"https:\/\/www.rassegnastampa-totustuus.it\/cattolica\/wp-json\/wp\/v2\/media\/6839"}],"wp:attachment":[{"href":"https:\/\/www.rassegnastampa-totustuus.it\/cattolica\/wp-json\/wp\/v2\/media?parent=6097"}],"wp:term":[{"taxonomy":"category","embeddable":true,"href":"https:\/\/www.rassegnastampa-totustuus.it\/cattolica\/wp-json\/wp\/v2\/categories?post=6097"},{"taxonomy":"post_tag","embeddable":true,"href":"https:\/\/www.rassegnastampa-totustuus.it\/cattolica\/wp-json\/wp\/v2\/tags?post=6097"}],"curies":[{"name":"wp","href":"https:\/\/api.w.org\/{rel}","templated":true}]}}