{"id":60943,"date":"2024-08-08T10:49:23","date_gmt":"2024-08-08T08:49:23","guid":{"rendered":"https:\/\/www.rassegnastampa-totustuus.it\/cattolica\/?p=60943"},"modified":"2024-08-08T10:49:25","modified_gmt":"2024-08-08T08:49:25","slug":"il-tormentato-ultimo-viaggio-di-pio-ix","status":"publish","type":"post","link":"https:\/\/www.rassegnastampa-totustuus.it\/cattolica\/il-tormentato-ultimo-viaggio-di-pio-ix\/","title":{"rendered":"Il tormentato ultimo viaggio di Pio IX"},"content":{"rendered":"<p style=\"text-align: center;\"><a href=\"https:\/\/www.cronacanumismatica.com\/\" target=\"_blank\" rel=\"noopener\"><span style=\"color: #0000ff;\"><img loading=\"lazy\" decoding=\"async\" class=\"size-full wp-image-60944 alignleft\" src=\"https:\/\/www.rassegnastampa-totustuus.it\/cattolica\/wp-content\/uploads\/2024\/08\/Pio_IX_funerali_chiesa.jpg\" alt=\"\" width=\"260\" height=\"260\" \/>Cronaca Numismatica<\/span><\/a> <span style=\"color: #000000;\">17 Novembre 2020 <\/span><\/p>\n<p style=\"text-align: justify;\"><span style=\"color: #000000;\"><em>Una rarissima medaglia fu \u201cconferita\u201d dalla Massoneria a quanti capeggiarono i disordini durante la traslazione della salma di Pio IX, ultimo Papa Re. <\/em><\/span><\/p>\n<p style=\"text-align: center;\"><span style=\"color: #000000;\">di <strong>Giancarlo Alteri<\/strong><\/span><\/p>\n<p><!--more--><\/p>\n<p style=\"text-align: justify;\"><span style=\"color: #000000;\">La sera del <strong>7 febbraio 1878<\/strong>, al lento rintocco dell\u2019orologio della Basilica vaticana, che batteva l\u2019ora dell\u2019<em>Ave Maria<\/em>,<\/span> <span style=\"color: #0000ff;\"><a style=\"color: #0000ff;\" href=\"https:\/\/www.treccani.it\/enciclopedia\/pio-ix-papa\/\" target=\"_blank\" rel=\"noopener\">Pio IX<\/a><\/span> \u2013 <span style=\"color: #000000;\">l\u2019ultimo papa re ad aver accentrato in s\u00e8 i poteri di capo della Chiesa cattolica e di sovrano temporale \u2013 si spegneva serenamente mentre il cardinale Luigi Bilio, penitenziere maggiore, gli sussurrava le preghiere estreme della Chiesa. Aveva 85 anni, 8 mesi e 26 giorni; aveva regnato per 31 anni, 7 mesi e 25 giorni.<\/span><\/p>\n<div id=\"attachment_60945\" style=\"width: 397px\" class=\"wp-caption alignright\"><img loading=\"lazy\" decoding=\"async\" aria-describedby=\"caption-attachment-60945\" class=\"wp-image-60945\" src=\"https:\/\/www.rassegnastampa-totustuus.it\/cattolica\/wp-content\/uploads\/2024\/08\/chiesa_Pio_IX_morte.jpg\" alt=\"\" width=\"397\" height=\"278\" \/><p id=\"caption-attachment-60945\" class=\"wp-caption-text\">Stampa d\u2019epoca che mostra l\u2019omaggio del Sacro Collegio alle spoglie di Pio IX, l\u2019ultimo papa re, all\u2019interno della Basilica di san Pietro: \u00e8 il 13 febbraio del 1878<\/p><\/div>\n<p style=\"text-align: justify;\"><span style=\"color: #000000;\">Fu sepolto provvisoriamente nella Basilica, ma nel suo testamento papa Mastai Ferretti aveva espresso il desiderio di essere sepolto a <strong>San Lorenzo fuori le Mura<\/strong>, insieme al popolo cristiano, che nel cimitero del Verano attende il giorno della Resurrezione finale. <\/span><\/p>\n<p style=\"text-align: justify;\"><span style=\"color: #000000;\">Aveva anche disposto che <strong>il sepolcro<\/strong> fosse costituito da una semplice urna di pietra nuda, senza monumento funerario, la cui spesa non doveva superare le 2.150 lire, e che<strong> l\u2019iscrizione<\/strong> fosse composta dalle semplici parole OSSA ET CINERES PII PP IX SVMMI PONT | VIXIT ANN\u2026 IN PONTIF ANN\u2026 M\u2026 D\u2026 | ORATE PRO EO<em>.<\/em><\/span><\/p>\n<p style=\"text-align: justify;\"><span style=\"color: #000000;\">Cos\u00ec, dopo pi\u00f9 di tre anni dalla sua morte, si decise finalmente di dare esecuzione alle sue volont\u00e0 e il commendator Vespignani avvert\u00ec il prefetto di Roma che era giunto finalmente il momento di <strong>trasferire la salma da San Pietro a San Lorenzo fuori le Mura<\/strong>, e chiese, quindi, un servizio d\u2019ordine in grado di garantire al corteo funebre la necessaria sicurezza durante tutto il lungo tragitto che separava le due basiliche.<\/span><\/p>\n<p style=\"text-align: justify;\"><span style=\"color: #000000;\">Il governo, temendo che quel trasporto avrebbe potuto provocare gravi problemi per le dimostrazioni sia di affetto, da parte della maggioranza del popolo romano verso il compianto padre e sovrano, sia di ostilit\u00e0, da parte di gruppi anticlericali, ordin\u00f2 che il trasferimento della salma avvenisse di notte, e scelse quella <strong>tra il 13 ed il 14 luglio del 1881<\/strong>.<\/span><\/p>\n<p style=\"text-align: justify;\"><span style=\"color: #000000;\"><img loading=\"lazy\" decoding=\"async\" class=\" wp-image-60946 alignleft\" src=\"https:\/\/www.rassegnastampa-totustuus.it\/cattolica\/wp-content\/uploads\/2024\/08\/Medaglia_massonica_PioIX.jpg\" alt=\"\" width=\"292\" height=\"293\" \/>Del resto, gi\u00e0 qualche ora prima che dalla Basilica vaticana si muovesse il corteo, si ebbero <strong>le prime avvisaglie di violenti tumulti<\/strong> contro la memoria di Pio IX da parte di esaltati facinorosi; tumulti, che non cessarono praticamente mai per tutto il resto del percorso. <\/span><\/p>\n<p style=\"text-align: justify;\"><span style=\"color: #000000;\">Anzi, quando il corteo funebre giunse sul ponte di Castel Sant\u2019Angelo, fu assalito da un gruppo di energumeni anticlericali al grido: \u201c<em>Al fiume! Al fiume!<\/em>\u201d. Solo l\u2019intervento pronto ed energico delle forze dell\u2019ordine imped\u00ec che la povera salma fosse scaraventata nel Tevere.<\/span><\/p>\n<p style=\"text-align: justify;\"><span style=\"color: #000000;\">Finalmente, dopo <strong>un percorso praticamente \u201cdi guerra\u201d<\/strong>, anche perch\u00e9 continui ordini e contrordini crearono problemi perfino tra le forze dell\u2019ordine, i resti mortali di Pio IX \u2013 contestato papa re \u2013 giunsero a San Lorenzo.<\/span><\/p>\n<div id=\"attachment_60947\" style=\"width: 268px\" class=\"wp-caption alignleft\"><img loading=\"lazy\" decoding=\"async\" aria-describedby=\"caption-attachment-60947\" class=\"wp-image-60947\" src=\"https:\/\/www.rassegnastampa-totustuus.it\/cattolica\/wp-content\/uploads\/2024\/08\/Medaglia_massonica_PioIX_2.jpg\" alt=\"\" width=\"268\" height=\"268\" \/><p id=\"caption-attachment-60947\" class=\"wp-caption-text\">E\u2019 nominativa, per tale Pio Scatizzi, questa rarissima medaglia massonica Furono forse solo sei gli esemplari di questo conio conferiti nel 1881<\/p><\/div>\n<p style=\"text-align: justify;\"><span style=\"color: #000000;\"><strong>I gravi disordini di quella notte<\/strong>\u00a0 provocarono le proteste della Santa Sede e i biasimi dei governi esteri. Anche il governo del giovane Regno d\u2019Italia si affrett\u00f2 a deplorare l\u2019accaduto e cerc\u00f2 di giustificarsi dicendo che era stato sorpreso da avvenimenti non previsti. <\/span><\/p>\n<p style=\"text-align: justify;\"><span style=\"color: #000000;\">Gli anticlericali, invece, aizzati e sostenuti pure da certa stampa, continuarono a gloriarsi del loro gesto, dolenti soltanto \u2013 come scrissero sul <em>Dovere<\/em> \u2013 di non essere riusciti a buttare nel Tevere il cadavere di Pio IX. L\u2019ultimo papa re.<\/span><\/p>\n<p style=\"text-align: justify;\"><span style=\"color: #000000;\">Un testimone oculare, tale <strong>Ceccarini Alessandro<\/strong>, \u201c<em>impiegato ai Musei Pontificii<\/em>\u201d \u2013 cos\u00ec si qualifica egli stesso \u2013, ci ha lasciato una preziosa testimonianza sui suddetti incresciosi fatti ed i nomi dei sei pi\u00f9 scalmanati, seguaci, secondo lui, della \u201c<em>setta massonica<\/em>\u201d, che \u201c<em>si fecero a tormentare e ad insultare in ogni maniera i buoni cattolici, che devotamente accompagnavano la venerata Salma<\/em>\u201d: Scatizzi Pio, parrucchiere; Antonini Romeo, garzone macellaio; Bazzi Vittorio, negoziante pasticcere; Coccanari Romolo, impiegato municipale; Maceroni Mariano, studente; Corcos Achille, negoziante di cereali<\/span><\/p>\n<p style=\"text-align: justify;\">Sempre il Ceccarini, continua la sua <strong>testimonianza<\/strong> scrivendo tra l\u2019altro: \u201c<em>Calmato il fermento, il Governo Italiano, per dare una soddisfazione alla pubblica indignazione, istru\u00ec non pochi processi penali, venendo a risultare colpevoli di eccitazione alla infausta dimostrazione i nominati adepti alla setta, i quali vennero rispettivamente condannati: Scatizzi Pio, Antonini, Maceroni e Bazzi, ad un mese di carcere e lire 150 di multa; Coccanari e Corcos a tre mesi di carcere e lire 250 di multa.<\/em><\/p>\n<p style=\"text-align: justify;\"><span style=\"color: #000000;\"><em>La Massoneria, per rendere onore a questi esseri innominabili e per rendere d\u2019imperitura memoria il loro operato, fece coniare clandestinamente sei sole medaglie in argento di grande dimensione, aventi da una parte la scritta: AI ROMANI | CHE | GIUDICARONO IL PAPATO |LA SERA DEL 13 LUGLIO | MDCCCLXXXI \u2013 e dall\u2019altra il nome di ciascuno de\u2019 condannati ed all\u2019ingiro la iscrizione IMMORTALE ODIVM ET NVNQVAM SANABILE VVLNVS, verso di Virgilio [\u2026].<\/em><\/span><\/p>\n<p style=\"text-align: justify;\"><span style=\"color: #000000;\"><em><img loading=\"lazy\" decoding=\"async\" class=\"alignright wp-image-60948\" src=\"https:\/\/www.rassegnastampa-totustuus.it\/cattolica\/wp-content\/uploads\/2024\/08\/Roma_San_Lorenzo_chiesa.jpeg\" alt=\"La Basilica di san Lorenzo fuori le Mura, anche nota come San Lorenzo al Verano, era il luogo in cui papa Mastai Ferretti aveva indicato di voler essere sepolto\" width=\"393\" height=\"204\" \/>Di queste sei medaglie che vennero distribuite a ciascuno dei sei condannati in premio della loro opera, e che si rendono rarissime per il loro ristrettissimo numero, Io, Alessandro Ceccarini, Impiegato a\u2019 Musei Pontificii, ho potuto avere quella di propriet\u00e0 dello Scatizzi, che se ne disfece.<\/em><\/span><\/p>\n<p style=\"text-align: justify;\"><span style=\"color: #000000;\"><em>Non pochi amatori, desiderosissimi di avere la sunnominata medaglia e fra questi il Principe Sergio di Russia, fecero varie pratiche presso di me, ma io, desiderando che questa medaglia sia vera memoria e documento inconfutabile de\u2019 fatti avvenuti, con vivo sentimento di soddisfazione e di devozione, la offro alla Santit\u00e0 di Leone XIII e ne faccio dono per la collezione storica della epoca moderna\u2026<\/em>\u201d.<\/span><\/p>\n<p style=\"text-align: justify;\"><span style=\"color: #000000;\">Se con questo dono al pontefice il Ceccarini, probabilmente un semplice impiegato, oltre a compiere un nobile gesto in favore della verit\u00e0 storica, cercasse magari di ottenere anche una promozione?<\/span><\/p>\n<p style=\"text-align: justify;\"><span style=\"color: #000000;\">Ebbene, il modo in cui ne ingigantisce \u2013 non troppo larvatamente \u2013 il valore, sottolineando che si trattava di <strong>una medaglia \u2013 sebbene in bronzo, di mm 49 di diametro \u2013 davvero rarissima<\/strong>, agognata addirittura da un principe della lontana Russia, lo potrebbe far pensare. Ma solo ai maligni potrebbe venire in mente una cosa del genere\u2026<\/span><\/p>\n<p>___________________________________________<\/p>\n<p><span style=\"color: #000000;\"><strong>Leggi anche:<\/strong><\/span><\/p>\n<p><a href=\"https:\/\/www.rassegnastampa-totustuus.it\/cattolica\/pio-ix-la-chiesa-e-la-rivoluzione-di-pietro-balan\/\" target=\"_blank\" rel=\"noopener\"><span style=\"color: #0000ff;\">Pio IX la Chiesa e la rivoluzione<\/span> <\/a>&#8211; libro<\/p>\n<p><a href=\"https:\/\/www.rassegnastampa-totustuus.it\/cattolica\/pio-ix\/\" target=\"_blank\" rel=\"noopener\">Pio IX<\/a><\/p>\n<p><a href=\"https:\/\/www.rassegnastampa-totustuus.it\/cattolica\/massoneria-chiesa-confusione-infiltrazione-inconciliabilita\/\" target=\"_blank\" rel=\"noopener\"><span style=\"color: #0000ff;\">Massoneria &amp; Chiesa: confusione, infiltrazione, inconciliabilit\u00e0.<\/span><\/a><\/p>\n","protected":false},"excerpt":{"rendered":"<p>Cronaca Numismatica 17 Novembre 2020 Una rarissima medaglia fu \u201cconferita\u201d dalla Massoneria a quanti capeggiarono i disordini durante la traslazione della salma di Pio IX, ultimo Papa Re. di Giancarlo Alteri<\/p><p><a class=\"more-link btn\" href=\"https:\/\/www.rassegnastampa-totustuus.it\/cattolica\/il-tormentato-ultimo-viaggio-di-pio-ix\/\">Continua a leggere<\/a><\/p>\n","protected":false},"author":6,"featured_media":60944,"comment_status":"closed","ping_status":"closed","sticky":false,"template":"","format":"standard","meta":{"footnotes":""},"categories":[5,103,69,101,24],"tags":[157,2396,403,2406,162,404],"class_list":["post-60943","post","type-post","status-publish","format-standard","has-post-thumbnail","hentry","category-chiesa","category-laicismo","category-massoneria","category-risorgimento","category-storia","tag-chiesa-2","tag-massoneria","tag-pio-ix","tag-risorgimento","tag-storia-2","tag-storia-italiana-2","item-wrap"],"yoast_head":"<!-- This site is optimized with the Yoast SEO plugin v27.5 - https:\/\/yoast.com\/product\/yoast-seo-wordpress\/ -->\n<title>Il tormentato ultimo viaggio di Pio IX - Rassegna Stampa Cattolica<\/title>\n<meta name=\"description\" content=\"Il tormentato ultimo viaggio di Pio IX e la medaglia conferita dalla Massoneria ai capi dei disordini durante il funerale\" \/>\n<meta name=\"robots\" content=\"index, follow, max-snippet:-1, max-image-preview:large, max-video-preview:-1\" \/>\n<link rel=\"canonical\" href=\"https:\/\/www.rassegnastampa-totustuus.it\/cattolica\/il-tormentato-ultimo-viaggio-di-pio-ix\/\" \/>\n<meta property=\"og:locale\" content=\"it_IT\" \/>\n<meta property=\"og:type\" content=\"article\" \/>\n<meta property=\"og:title\" content=\"Il tormentato ultimo viaggio di Pio IX - Rassegna Stampa Cattolica\" \/>\n<meta property=\"og:description\" content=\"Il tormentato ultimo viaggio di Pio IX e la medaglia conferita dalla Massoneria ai capi dei disordini durante il funerale\" \/>\n<meta property=\"og:url\" content=\"https:\/\/www.rassegnastampa-totustuus.it\/cattolica\/il-tormentato-ultimo-viaggio-di-pio-ix\/\" \/>\n<meta property=\"og:site_name\" content=\"Rassegna Stampa Cattolica\" \/>\n<meta property=\"article:publisher\" content=\"https:\/\/www.facebook.com\/rassegnastampacattolica\" \/>\n<meta property=\"article:published_time\" content=\"2024-08-08T08:49:23+00:00\" \/>\n<meta property=\"article:modified_time\" content=\"2024-08-08T08:49:25+00:00\" \/>\n<meta property=\"og:image\" content=\"https:\/\/www.rassegnastampa-totustuus.it\/cattolica\/wp-content\/uploads\/2024\/08\/Pio_IX_funerali_chiesa.jpg\" \/>\n\t<meta property=\"og:image:width\" content=\"260\" \/>\n\t<meta property=\"og:image:height\" content=\"260\" \/>\n\t<meta property=\"og:image:type\" content=\"image\/jpeg\" \/>\n<meta name=\"author\" content=\"Redazione\" \/>\n<meta name=\"twitter:card\" content=\"summary_large_image\" \/>\n<meta name=\"twitter:creator\" content=\"@rassegnastampa9\" \/>\n<meta name=\"twitter:site\" content=\"@rassegnastampa9\" \/>\n<meta name=\"twitter:label1\" content=\"Scritto da\" \/>\n\t<meta name=\"twitter:data1\" content=\"Redazione\" \/>\n\t<meta name=\"twitter:label2\" content=\"Tempo di lettura stimato\" \/>\n\t<meta name=\"twitter:data2\" content=\"7 minuti\" \/>\n<script type=\"application\/ld+json\" class=\"yoast-schema-graph\">{\"@context\":\"https:\\\/\\\/schema.org\",\"@graph\":[{\"@type\":\"Article\",\"@id\":\"https:\\\/\\\/www.rassegnastampa-totustuus.it\\\/cattolica\\\/il-tormentato-ultimo-viaggio-di-pio-ix\\\/#article\",\"isPartOf\":{\"@id\":\"https:\\\/\\\/www.rassegnastampa-totustuus.it\\\/cattolica\\\/il-tormentato-ultimo-viaggio-di-pio-ix\\\/\"},\"author\":{\"name\":\"Redazione\",\"@id\":\"https:\\\/\\\/www.rassegnastampa-totustuus.it\\\/cattolica\\\/#\\\/schema\\\/person\\\/08f319d2bd1a0904ad9e2bfb7b15e5c3\"},\"headline\":\"Il tormentato ultimo viaggio di Pio IX\",\"datePublished\":\"2024-08-08T08:49:23+00:00\",\"dateModified\":\"2024-08-08T08:49:25+00:00\",\"mainEntityOfPage\":{\"@id\":\"https:\\\/\\\/www.rassegnastampa-totustuus.it\\\/cattolica\\\/il-tormentato-ultimo-viaggio-di-pio-ix\\\/\"},\"wordCount\":1036,\"publisher\":{\"@id\":\"https:\\\/\\\/www.rassegnastampa-totustuus.it\\\/cattolica\\\/#organization\"},\"image\":{\"@id\":\"https:\\\/\\\/www.rassegnastampa-totustuus.it\\\/cattolica\\\/il-tormentato-ultimo-viaggio-di-pio-ix\\\/#primaryimage\"},\"thumbnailUrl\":\"https:\\\/\\\/www.rassegnastampa-totustuus.it\\\/cattolica\\\/wp-content\\\/uploads\\\/2024\\\/08\\\/Pio_IX_funerali_chiesa.jpg\",\"keywords\":[\"chiesa\",\"Massoneria\",\"Pio IX\",\"Risorgimento\",\"storia\",\"storia italiana\"],\"articleSection\":[\"Chiesa\",\"Laicismo\",\"Massoneria\",\"Risorgimento\",\"Storia\"],\"inLanguage\":\"it-IT\"},{\"@type\":\"WebPage\",\"@id\":\"https:\\\/\\\/www.rassegnastampa-totustuus.it\\\/cattolica\\\/il-tormentato-ultimo-viaggio-di-pio-ix\\\/\",\"url\":\"https:\\\/\\\/www.rassegnastampa-totustuus.it\\\/cattolica\\\/il-tormentato-ultimo-viaggio-di-pio-ix\\\/\",\"name\":\"Il tormentato ultimo viaggio di Pio IX - Rassegna Stampa Cattolica\",\"isPartOf\":{\"@id\":\"https:\\\/\\\/www.rassegnastampa-totustuus.it\\\/cattolica\\\/#website\"},\"primaryImageOfPage\":{\"@id\":\"https:\\\/\\\/www.rassegnastampa-totustuus.it\\\/cattolica\\\/il-tormentato-ultimo-viaggio-di-pio-ix\\\/#primaryimage\"},\"image\":{\"@id\":\"https:\\\/\\\/www.rassegnastampa-totustuus.it\\\/cattolica\\\/il-tormentato-ultimo-viaggio-di-pio-ix\\\/#primaryimage\"},\"thumbnailUrl\":\"https:\\\/\\\/www.rassegnastampa-totustuus.it\\\/cattolica\\\/wp-content\\\/uploads\\\/2024\\\/08\\\/Pio_IX_funerali_chiesa.jpg\",\"datePublished\":\"2024-08-08T08:49:23+00:00\",\"dateModified\":\"2024-08-08T08:49:25+00:00\",\"description\":\"Il tormentato ultimo viaggio di Pio IX e la medaglia conferita dalla Massoneria ai capi dei disordini durante il funerale\",\"breadcrumb\":{\"@id\":\"https:\\\/\\\/www.rassegnastampa-totustuus.it\\\/cattolica\\\/il-tormentato-ultimo-viaggio-di-pio-ix\\\/#breadcrumb\"},\"inLanguage\":\"it-IT\",\"potentialAction\":[{\"@type\":\"ReadAction\",\"target\":[\"https:\\\/\\\/www.rassegnastampa-totustuus.it\\\/cattolica\\\/il-tormentato-ultimo-viaggio-di-pio-ix\\\/\"]}]},{\"@type\":\"ImageObject\",\"inLanguage\":\"it-IT\",\"@id\":\"https:\\\/\\\/www.rassegnastampa-totustuus.it\\\/cattolica\\\/il-tormentato-ultimo-viaggio-di-pio-ix\\\/#primaryimage\",\"url\":\"https:\\\/\\\/www.rassegnastampa-totustuus.it\\\/cattolica\\\/wp-content\\\/uploads\\\/2024\\\/08\\\/Pio_IX_funerali_chiesa.jpg\",\"contentUrl\":\"https:\\\/\\\/www.rassegnastampa-totustuus.it\\\/cattolica\\\/wp-content\\\/uploads\\\/2024\\\/08\\\/Pio_IX_funerali_chiesa.jpg\",\"width\":260,\"height\":260},{\"@type\":\"BreadcrumbList\",\"@id\":\"https:\\\/\\\/www.rassegnastampa-totustuus.it\\\/cattolica\\\/il-tormentato-ultimo-viaggio-di-pio-ix\\\/#breadcrumb\",\"itemListElement\":[{\"@type\":\"ListItem\",\"position\":1,\"name\":\"Home\",\"item\":\"https:\\\/\\\/www.rassegnastampa-totustuus.it\\\/cattolica\\\/\"},{\"@type\":\"ListItem\",\"position\":2,\"name\":\"Il tormentato ultimo viaggio di Pio IX\"}]},{\"@type\":\"WebSite\",\"@id\":\"https:\\\/\\\/www.rassegnastampa-totustuus.it\\\/cattolica\\\/#website\",\"url\":\"https:\\\/\\\/www.rassegnastampa-totustuus.it\\\/cattolica\\\/\",\"name\":\"Rassegna Stampa Cattolica\",\"description\":\"Per una cultura che nasce dalla Rivelazione cristiana in conformit\u00e0 alla tradizione e al Magistero della Chiesa in opposizione ad ogni relativismo e totalitarismo\",\"publisher\":{\"@id\":\"https:\\\/\\\/www.rassegnastampa-totustuus.it\\\/cattolica\\\/#organization\"},\"alternateName\":\"Rass. Cattolica\",\"potentialAction\":[{\"@type\":\"SearchAction\",\"target\":{\"@type\":\"EntryPoint\",\"urlTemplate\":\"https:\\\/\\\/www.rassegnastampa-totustuus.it\\\/cattolica\\\/?s={search_term_string}\"},\"query-input\":{\"@type\":\"PropertyValueSpecification\",\"valueRequired\":true,\"valueName\":\"search_term_string\"}}],\"inLanguage\":\"it-IT\"},{\"@type\":\"Organization\",\"@id\":\"https:\\\/\\\/www.rassegnastampa-totustuus.it\\\/cattolica\\\/#organization\",\"name\":\"Rassegna Stampa Cattolica\",\"url\":\"https:\\\/\\\/www.rassegnastampa-totustuus.it\\\/cattolica\\\/\",\"logo\":{\"@type\":\"ImageObject\",\"inLanguage\":\"it-IT\",\"@id\":\"https:\\\/\\\/www.rassegnastampa-totustuus.it\\\/cattolica\\\/#\\\/schema\\\/logo\\\/image\\\/\",\"url\":\"https:\\\/\\\/www.rassegnastampa-totustuus.it\\\/cattolica\\\/wp-content\\\/uploads\\\/2014\\\/04\\\/logo-rassegna1.gif\",\"contentUrl\":\"https:\\\/\\\/www.rassegnastampa-totustuus.it\\\/cattolica\\\/wp-content\\\/uploads\\\/2014\\\/04\\\/logo-rassegna1.gif\",\"width\":600,\"height\":163,\"caption\":\"Rassegna Stampa Cattolica\"},\"image\":{\"@id\":\"https:\\\/\\\/www.rassegnastampa-totustuus.it\\\/cattolica\\\/#\\\/schema\\\/logo\\\/image\\\/\"},\"sameAs\":[\"https:\\\/\\\/www.facebook.com\\\/rassegnastampacattolica\",\"https:\\\/\\\/x.com\\\/rassegnastampa9\"]},{\"@type\":\"Person\",\"@id\":\"https:\\\/\\\/www.rassegnastampa-totustuus.it\\\/cattolica\\\/#\\\/schema\\\/person\\\/08f319d2bd1a0904ad9e2bfb7b15e5c3\",\"name\":\"Redazione\",\"image\":{\"@type\":\"ImageObject\",\"inLanguage\":\"it-IT\",\"@id\":\"https:\\\/\\\/secure.gravatar.com\\\/avatar\\\/2fcdf27c78ea025fbdb44e914cc63c72249ffec9dc8aafd5c82b26240ef3f346?s=96&d=mm&r=g\",\"url\":\"https:\\\/\\\/secure.gravatar.com\\\/avatar\\\/2fcdf27c78ea025fbdb44e914cc63c72249ffec9dc8aafd5c82b26240ef3f346?s=96&d=mm&r=g\",\"contentUrl\":\"https:\\\/\\\/secure.gravatar.com\\\/avatar\\\/2fcdf27c78ea025fbdb44e914cc63c72249ffec9dc8aafd5c82b26240ef3f346?s=96&d=mm&r=g\",\"caption\":\"Redazione\"},\"url\":\"https:\\\/\\\/www.rassegnastampa-totustuus.it\\\/cattolica\\\/author\\\/pietroelle\\\/\"}]}<\/script>\n<!-- \/ Yoast SEO plugin. -->","yoast_head_json":{"title":"Il tormentato ultimo viaggio di Pio IX - Rassegna Stampa Cattolica","description":"Il tormentato ultimo viaggio di Pio IX e la medaglia conferita dalla Massoneria ai capi dei disordini durante il funerale","robots":{"index":"index","follow":"follow","max-snippet":"max-snippet:-1","max-image-preview":"max-image-preview:large","max-video-preview":"max-video-preview:-1"},"canonical":"https:\/\/www.rassegnastampa-totustuus.it\/cattolica\/il-tormentato-ultimo-viaggio-di-pio-ix\/","og_locale":"it_IT","og_type":"article","og_title":"Il tormentato ultimo viaggio di Pio IX - Rassegna Stampa Cattolica","og_description":"Il tormentato ultimo viaggio di Pio IX e la medaglia conferita dalla Massoneria ai capi dei disordini durante il funerale","og_url":"https:\/\/www.rassegnastampa-totustuus.it\/cattolica\/il-tormentato-ultimo-viaggio-di-pio-ix\/","og_site_name":"Rassegna Stampa Cattolica","article_publisher":"https:\/\/www.facebook.com\/rassegnastampacattolica","article_published_time":"2024-08-08T08:49:23+00:00","article_modified_time":"2024-08-08T08:49:25+00:00","og_image":[{"width":260,"height":260,"url":"https:\/\/www.rassegnastampa-totustuus.it\/cattolica\/wp-content\/uploads\/2024\/08\/Pio_IX_funerali_chiesa.jpg","type":"image\/jpeg"}],"author":"Redazione","twitter_card":"summary_large_image","twitter_creator":"@rassegnastampa9","twitter_site":"@rassegnastampa9","twitter_misc":{"Scritto da":"Redazione","Tempo di lettura stimato":"7 minuti"},"schema":{"@context":"https:\/\/schema.org","@graph":[{"@type":"Article","@id":"https:\/\/www.rassegnastampa-totustuus.it\/cattolica\/il-tormentato-ultimo-viaggio-di-pio-ix\/#article","isPartOf":{"@id":"https:\/\/www.rassegnastampa-totustuus.it\/cattolica\/il-tormentato-ultimo-viaggio-di-pio-ix\/"},"author":{"name":"Redazione","@id":"https:\/\/www.rassegnastampa-totustuus.it\/cattolica\/#\/schema\/person\/08f319d2bd1a0904ad9e2bfb7b15e5c3"},"headline":"Il tormentato ultimo viaggio di Pio IX","datePublished":"2024-08-08T08:49:23+00:00","dateModified":"2024-08-08T08:49:25+00:00","mainEntityOfPage":{"@id":"https:\/\/www.rassegnastampa-totustuus.it\/cattolica\/il-tormentato-ultimo-viaggio-di-pio-ix\/"},"wordCount":1036,"publisher":{"@id":"https:\/\/www.rassegnastampa-totustuus.it\/cattolica\/#organization"},"image":{"@id":"https:\/\/www.rassegnastampa-totustuus.it\/cattolica\/il-tormentato-ultimo-viaggio-di-pio-ix\/#primaryimage"},"thumbnailUrl":"https:\/\/www.rassegnastampa-totustuus.it\/cattolica\/wp-content\/uploads\/2024\/08\/Pio_IX_funerali_chiesa.jpg","keywords":["chiesa","Massoneria","Pio IX","Risorgimento","storia","storia italiana"],"articleSection":["Chiesa","Laicismo","Massoneria","Risorgimento","Storia"],"inLanguage":"it-IT"},{"@type":"WebPage","@id":"https:\/\/www.rassegnastampa-totustuus.it\/cattolica\/il-tormentato-ultimo-viaggio-di-pio-ix\/","url":"https:\/\/www.rassegnastampa-totustuus.it\/cattolica\/il-tormentato-ultimo-viaggio-di-pio-ix\/","name":"Il tormentato ultimo viaggio di Pio IX - Rassegna Stampa Cattolica","isPartOf":{"@id":"https:\/\/www.rassegnastampa-totustuus.it\/cattolica\/#website"},"primaryImageOfPage":{"@id":"https:\/\/www.rassegnastampa-totustuus.it\/cattolica\/il-tormentato-ultimo-viaggio-di-pio-ix\/#primaryimage"},"image":{"@id":"https:\/\/www.rassegnastampa-totustuus.it\/cattolica\/il-tormentato-ultimo-viaggio-di-pio-ix\/#primaryimage"},"thumbnailUrl":"https:\/\/www.rassegnastampa-totustuus.it\/cattolica\/wp-content\/uploads\/2024\/08\/Pio_IX_funerali_chiesa.jpg","datePublished":"2024-08-08T08:49:23+00:00","dateModified":"2024-08-08T08:49:25+00:00","description":"Il tormentato ultimo viaggio di Pio IX e la medaglia conferita dalla Massoneria ai capi dei disordini durante il funerale","breadcrumb":{"@id":"https:\/\/www.rassegnastampa-totustuus.it\/cattolica\/il-tormentato-ultimo-viaggio-di-pio-ix\/#breadcrumb"},"inLanguage":"it-IT","potentialAction":[{"@type":"ReadAction","target":["https:\/\/www.rassegnastampa-totustuus.it\/cattolica\/il-tormentato-ultimo-viaggio-di-pio-ix\/"]}]},{"@type":"ImageObject","inLanguage":"it-IT","@id":"https:\/\/www.rassegnastampa-totustuus.it\/cattolica\/il-tormentato-ultimo-viaggio-di-pio-ix\/#primaryimage","url":"https:\/\/www.rassegnastampa-totustuus.it\/cattolica\/wp-content\/uploads\/2024\/08\/Pio_IX_funerali_chiesa.jpg","contentUrl":"https:\/\/www.rassegnastampa-totustuus.it\/cattolica\/wp-content\/uploads\/2024\/08\/Pio_IX_funerali_chiesa.jpg","width":260,"height":260},{"@type":"BreadcrumbList","@id":"https:\/\/www.rassegnastampa-totustuus.it\/cattolica\/il-tormentato-ultimo-viaggio-di-pio-ix\/#breadcrumb","itemListElement":[{"@type":"ListItem","position":1,"name":"Home","item":"https:\/\/www.rassegnastampa-totustuus.it\/cattolica\/"},{"@type":"ListItem","position":2,"name":"Il tormentato ultimo viaggio di Pio IX"}]},{"@type":"WebSite","@id":"https:\/\/www.rassegnastampa-totustuus.it\/cattolica\/#website","url":"https:\/\/www.rassegnastampa-totustuus.it\/cattolica\/","name":"Rassegna Stampa Cattolica","description":"Per una cultura che nasce dalla Rivelazione cristiana in conformit\u00e0 alla tradizione e al Magistero della Chiesa in opposizione ad ogni relativismo e totalitarismo","publisher":{"@id":"https:\/\/www.rassegnastampa-totustuus.it\/cattolica\/#organization"},"alternateName":"Rass. Cattolica","potentialAction":[{"@type":"SearchAction","target":{"@type":"EntryPoint","urlTemplate":"https:\/\/www.rassegnastampa-totustuus.it\/cattolica\/?s={search_term_string}"},"query-input":{"@type":"PropertyValueSpecification","valueRequired":true,"valueName":"search_term_string"}}],"inLanguage":"it-IT"},{"@type":"Organization","@id":"https:\/\/www.rassegnastampa-totustuus.it\/cattolica\/#organization","name":"Rassegna Stampa Cattolica","url":"https:\/\/www.rassegnastampa-totustuus.it\/cattolica\/","logo":{"@type":"ImageObject","inLanguage":"it-IT","@id":"https:\/\/www.rassegnastampa-totustuus.it\/cattolica\/#\/schema\/logo\/image\/","url":"https:\/\/www.rassegnastampa-totustuus.it\/cattolica\/wp-content\/uploads\/2014\/04\/logo-rassegna1.gif","contentUrl":"https:\/\/www.rassegnastampa-totustuus.it\/cattolica\/wp-content\/uploads\/2014\/04\/logo-rassegna1.gif","width":600,"height":163,"caption":"Rassegna Stampa Cattolica"},"image":{"@id":"https:\/\/www.rassegnastampa-totustuus.it\/cattolica\/#\/schema\/logo\/image\/"},"sameAs":["https:\/\/www.facebook.com\/rassegnastampacattolica","https:\/\/x.com\/rassegnastampa9"]},{"@type":"Person","@id":"https:\/\/www.rassegnastampa-totustuus.it\/cattolica\/#\/schema\/person\/08f319d2bd1a0904ad9e2bfb7b15e5c3","name":"Redazione","image":{"@type":"ImageObject","inLanguage":"it-IT","@id":"https:\/\/secure.gravatar.com\/avatar\/2fcdf27c78ea025fbdb44e914cc63c72249ffec9dc8aafd5c82b26240ef3f346?s=96&d=mm&r=g","url":"https:\/\/secure.gravatar.com\/avatar\/2fcdf27c78ea025fbdb44e914cc63c72249ffec9dc8aafd5c82b26240ef3f346?s=96&d=mm&r=g","contentUrl":"https:\/\/secure.gravatar.com\/avatar\/2fcdf27c78ea025fbdb44e914cc63c72249ffec9dc8aafd5c82b26240ef3f346?s=96&d=mm&r=g","caption":"Redazione"},"url":"https:\/\/www.rassegnastampa-totustuus.it\/cattolica\/author\/pietroelle\/"}]}},"_links":{"self":[{"href":"https:\/\/www.rassegnastampa-totustuus.it\/cattolica\/wp-json\/wp\/v2\/posts\/60943","targetHints":{"allow":["GET"]}}],"collection":[{"href":"https:\/\/www.rassegnastampa-totustuus.it\/cattolica\/wp-json\/wp\/v2\/posts"}],"about":[{"href":"https:\/\/www.rassegnastampa-totustuus.it\/cattolica\/wp-json\/wp\/v2\/types\/post"}],"author":[{"embeddable":true,"href":"https:\/\/www.rassegnastampa-totustuus.it\/cattolica\/wp-json\/wp\/v2\/users\/6"}],"replies":[{"embeddable":true,"href":"https:\/\/www.rassegnastampa-totustuus.it\/cattolica\/wp-json\/wp\/v2\/comments?post=60943"}],"version-history":[{"count":1,"href":"https:\/\/www.rassegnastampa-totustuus.it\/cattolica\/wp-json\/wp\/v2\/posts\/60943\/revisions"}],"predecessor-version":[{"id":60949,"href":"https:\/\/www.rassegnastampa-totustuus.it\/cattolica\/wp-json\/wp\/v2\/posts\/60943\/revisions\/60949"}],"wp:featuredmedia":[{"embeddable":true,"href":"https:\/\/www.rassegnastampa-totustuus.it\/cattolica\/wp-json\/wp\/v2\/media\/60944"}],"wp:attachment":[{"href":"https:\/\/www.rassegnastampa-totustuus.it\/cattolica\/wp-json\/wp\/v2\/media?parent=60943"}],"wp:term":[{"taxonomy":"category","embeddable":true,"href":"https:\/\/www.rassegnastampa-totustuus.it\/cattolica\/wp-json\/wp\/v2\/categories?post=60943"},{"taxonomy":"post_tag","embeddable":true,"href":"https:\/\/www.rassegnastampa-totustuus.it\/cattolica\/wp-json\/wp\/v2\/tags?post=60943"}],"curies":[{"name":"wp","href":"https:\/\/api.w.org\/{rel}","templated":true}]}}