{"id":60923,"date":"2024-07-23T18:08:21","date_gmt":"2024-07-23T16:08:21","guid":{"rendered":"https:\/\/www.rassegnastampa-totustuus.it\/cattolica\/?p=60923"},"modified":"2024-07-23T18:08:24","modified_gmt":"2024-07-23T16:08:24","slug":"le-apparizioni-di-maria-nella-storia-della-salvezza","status":"publish","type":"post","link":"https:\/\/www.rassegnastampa-totustuus.it\/cattolica\/le-apparizioni-di-maria-nella-storia-della-salvezza\/","title":{"rendered":"Le apparizioni di Maria nella storia della Salvezza"},"content":{"rendered":"<p style=\"text-align: center;\"><span style=\"color: #000000;\"><span style=\"color: #0000ff;\"><a style=\"color: #0000ff;\" href=\"https:\/\/www.corrieredelsud.it\/\" target=\"_blank\" rel=\"noopener\"><strong><img loading=\"lazy\" decoding=\"async\" class=\" wp-image-49934 alignright\" src=\"https:\/\/www.rassegnastampa-totustuus.it\/cattolica\/wp-content\/uploads\/2020\/09\/Maria_apparizioni_Lourdes.jpg\" alt=\"\" width=\"149\" height=\"216\" \/>Il Corriere del Sud <\/strong><\/a><\/span>n.5 1 Maggio 2024 <\/span><\/p>\n<p style=\"text-align: justify;\"><span style=\"color: #000000;\"><em>Come e<\/em> perch\u00e9 <em>la Madre di Dio sta apparendo da due millenni guidando i fedeli con la sua presenza ed i suoi messaggi<\/em> <\/span><\/p>\n<p style=\"text-align: center;\"><span style=\"color: #000000;\">di suor <strong>Daniela del Gaudio<\/strong><\/span><\/p>\n<p><!--more--><\/p>\n<p style=\"text-align: justify;\"><span style=\"color: #000000;\">La Vergine Maria sta apparendo da oltre due millenni, cio\u00e8 fin dall\u2019inizio dell\u2019era cristiana, suscitando in ogni parte del mondo conversioni, nuovo fervore di vita cristiana e veri e propri movimenti di promozione umana. In quanto religiosa e componente del consiglio direttivo della <em>Pontificia Accademia Mariana Internazionale<\/em> nonch\u00e9 direttrice dell\u2019<em>Osservatorio Internazionale per le Apparizioni e i fenomeni mistici legati a Maria <\/em>prover\u00f2 a spiegare sinteticamente le origini e le finalit\u00e0 dei vari casi delle <em>mariofanie<\/em> finora verificatesi, ovvero apparizioni, lacrimazioni, ma anche locuzioni interiori, stigmate e altri fenomeni mistici. <\/span><\/p>\n<p style=\"text-align: justify;\"><span style=\"color: #000000;\"><img loading=\"lazy\" decoding=\"async\" class=\"size-full wp-image-48715 alignleft\" src=\"https:\/\/www.rassegnastampa-totustuus.it\/cattolica\/wp-content\/uploads\/2020\/10\/Maria_madonna.jpg\" alt=\"\" width=\"182\" height=\"276\" \/>In tal modo intenderei fornire un concreto sostegno allo studio, all\u2019autenticazione e alla corretta divulgazione di tali eventi, sempre in sintonia con il Magistero ecclesiastico, le autorit\u00e0 competenti e le norme vigenti da parte della Santa Sede in materia.<\/span><\/p>\n<p style=\"text-align: justify;\"><span style=\"color: #000000;\">Venendo al \u201ccuore\u201d dell\u2019argomento, inizier\u00f2 preliminarmente a illustrare in poche parole la prima e l\u2019ultima delle apparizioni mariane approvate ufficialmente dalla Chiesa.<\/span><\/p>\n<p style=\"text-align: justify;\"><span style=\"color: #000000;\">La prima apparizione approvata \u00e8 quella a Saragozza in Spagna nel 42 d.C. Si tratta probabilmente di una bilocazione ed \u00e8 molto interessante perch\u00e9 la Vergine Maria va ad aiutare l&#8217;apostolo Giacomo Della Spagna. L&#8217;ultima apparizione \u00e8 quella di scempio nel Wisconsin (Stati Uniti) ed \u00e8 stata approvata nel 2010, anche se l&#8217;apparizione \u00e8 avvenuta nell&#8217; 1859, ad Adele Brise ed \u00e8 molto interessante perch\u00e9 ha uno sfondo educativo Maria raccomanda proprio l&#8217;educazione dei giovani indigeni. Ma si presenta come la Regina del cielo che chiede preghiere per i peccatori.<\/span><\/p>\n<p style=\"text-align: justify;\"><span style=\"color: #000000;\"><em>Perch\u00e9<\/em> e <em>quando<\/em> di solito la Madonna appare?<\/span><\/p>\n<p style=\"text-align: justify;\"><span style=\"color: #000000;\">La Madonna appare come inviata di Dio nel mondo per ricordarci un brano del Vangelo o in particolari circostanze dove viene a consolare, per esempio in tempi di guerra o di carestia o viene ad avvisare rivelando anche cosa succeder\u00e0 nel futuro per dire che il signore \u00e8 veramente padrone della storia \u00e8 che tutto avviene per un senso che sicuramente orientato alla nostra salvezza. Alcuni studiosi hanno evidenziato che la Madonna appare specialmente in tempi di crisi, comunque, la sua presenza \u00e8 sempre pedagogica ed inserita nel suo ufficio di mediatrice delle grazie.<\/span><\/p>\n<p style=\"text-align: justify;\"><span style=\"color: #000000;\">Leggendo delle apparizioni mariane di questi due millenni qualsiasi osservatore non prevenuto non pu\u00f2 non rimanere affascinato nel vedere come la Madonna entri in dialogo con tutti i popoli e le loro specifiche culture, adottando non di rado nel parlato e negli abiti le lingue, culture e tradizioni locali, Come spiegare tutto ci\u00f2?<\/span><\/p>\n<p style=\"text-align: justify;\"><span style=\"color: #000000;\"><img loading=\"lazy\" decoding=\"async\" class=\" wp-image-52277 alignright\" src=\"https:\/\/www.rassegnastampa-totustuus.it\/cattolica\/wp-content\/uploads\/2021\/08\/chiesa_Maria_Regina-1.jpg\" alt=\"\" width=\"213\" height=\"320\" \/>Anzitutto diciamo che questa \u00e8 una caratteristica peculiare delle apparizioni che ci spiega un <em>particolare stile di evangelizzazione Mariano<\/em>, almeno io cos\u00ec lo definisco, in quanto veramente Maria che non dimentichiamo ha un corpo glorioso perch\u00e9 ormai lei \u00e8 assunta in cielo pu\u00f2 entrare in ogni cultura e quindi assumere anche le fattezze di ogni popolo per manifestarsi come segno di sicura speranza e consolazione in quanto lei ha gi\u00e0 raggiunto alla gloria del cielo ci indica la via per arrivarci punto la sua capacit\u00e0 di entrare in dialogo con le culture parlando appunto il dialetto ove agendo come i locali o addirittura apparendo nelle sembianze non nelle fattezze di ogni popolo ci fa capire la prossimit\u00e0 di Dio e Maria come sua messaggera come madre di ogni popolo si mostra vicina ad ognuno di noi alla nostra storia ai nostri costumi anche ai simboli che possono farci capire meglio il messaggio evangelico.<\/span><\/p>\n<p style=\"text-align: justify;\"><span style=\"color: #000000;\">Considerando che Papa Francesco ritorna spesso sulla necessit\u00e0 di farsi piccoli e poveri di spirito, vale la pena richiamare anche l\u2019apparizione del 15 gennaio 1933 a Banneux, in Belgio, della <em>Madonna dei Poveri<\/em>, quale ne \u00e8 il valore per la Chiesa e la comunit\u00e0 cristiana di oggi?<\/span><\/p>\n<p style=\"text-align: justify;\"><span style=\"color: #000000;\">La Madonna appare a Banneux, un paesino non molto distante da Beauraing, ad una bambina di 11 anni di nome Mariette Beco. Si tratta di otto apparizioni che durano dal gennaio al marzo del 1933. Maria si definisce la \u201cVergine dei poveri\u201d ricordando la beatitudine che forma il cuore del messaggio evangelico: \u00ab<em>Beati i poveri in spirito perch\u00e9 di essi \u00e8 il regno dei cieli<\/em>\u00bb (Mt 5, 3). <\/span><\/p>\n<p style=\"text-align: justify;\"><span style=\"color: #000000;\">Con questo messaggio si proclama protettrice e consolatrice dei poveri e degli ammalati. Per loro riserva una fonte che si rivela subito miracolosa e chiede una cappella, perch\u00e9 si \u00abpreghi molto\u00bb, come ripete spesso alla veggente. Solo la preghiera pu\u00f2, infatti, condurre alla povert\u00e0 interiore, che \u00e8 atteggiamento di fede e di fiducia nel Padre celeste. <\/span><\/p>\n<p style=\"text-align: justify;\"><span style=\"color: #000000;\"><img loading=\"lazy\" decoding=\"async\" class=\"size-full wp-image-47161 alignleft\" src=\"https:\/\/www.rassegnastampa-totustuus.it\/cattolica\/wp-content\/uploads\/2020\/05\/Maria_Lourdes.jpg\" alt=\"\" width=\"201\" height=\"251\" \/>Ed \u00e8 proprio sulla fiducia che la Vergine dei poveri insiste quando dice: \u00ab<em>Credete in me, io creder\u00f2 in voi<\/em>\u00bb. Cos\u00ec facendo interpella la nostra fede perch\u00e9 sia un rapporto vivo con Dio, un affidarsi amoroso che diventa fruttuoso perch\u00e9 Dio ci prende in parola, come Maria, sua madre, ci assicura.<\/span><\/p>\n<p style=\"text-align: justify;\"><span style=\"color: #000000;\">Per quanto riguarda aggiornamenti o novit\u00e0 su apparizioni mariane non ancora riconosciute ma in procinto di essere approvate ufficialmente da parte della Chiesa, diciamo che il fenomeno delle apparizioni \u00e8 sempre stato molto vivo nella chiesa e oggi particolarmente viene vissuto perch\u00e9 le persone forse desiderano maggiormente dei segni. <\/span><\/p>\n<p style=\"text-align: justify;\"><span style=\"color: #000000;\">Per questo motivo ritengo essenziale sensibilizzare la comunit\u00e0 cristiana ad un giusto approccio alle apparizioni. Per quanto riguarda poi l&#8217;iter dell&#8217;approvazione quello dipende dal vescovo del luogo che \u00e8 chiamato a nominare una commissione a seguire le indicazioni che la chiesa e quindi il magistero ha ben definito per il procedimento sul discernimento delle apparizioni.<\/span><\/p>\n<p style=\"text-align: justify;\"><span style=\"color: #000000;\">Naturalmente occorrer\u00e0 tenere conto d\u2019ora in poi delle norme che la Santa Sede ha emanato su tutti i presunti fenomeni soprannaturali. La novit\u00e0 pi\u00f9 eclatante del documento pubblicato in merito, previa approvazione di Papa Francesco, il 17 maggio 2024 dal Dicastero per la Dottrina della Fede, \u00e8 che n\u00e9 il vescovo locale n\u00e9 il Vaticano si pronunceranno pi\u00f9 per definire la natura soprannaturale del fenomeno, limitandosi ad autorizzare e promuovere devozione e pellegrinaggi. Salvo che il Santo Padre decida altrimenti. <\/span><\/p>\n<p style=\"text-align: justify;\"><span style=\"color: #000000;\"><img loading=\"lazy\" decoding=\"async\" class=\"size-full wp-image-29960 alignright\" src=\"https:\/\/www.rassegnastampa-totustuus.it\/cattolica\/wp-content\/uploads\/2012\/03\/Fatima.jpg\" alt=\"\" width=\"194\" height=\"260\" \/>\u00c8 inoltre esplicitato il ruolo centrale del Dicastero per la Dottrina della Fede nell\u2019affrontare questi casi. Invece viene ribadito, secondo tradizione, che i fedeli non sono obbligati a credere a questi fenomeni, seppure \u201c<em>approvati<\/em>\u201d.<\/span><\/p>\n<p style=\"text-align: justify;\"><span style=\"color: #000000;\">Rimangono quelli di sempre i criteri che il Dicastero ha emanato in passato e che sono molto chiari facendoci capire che innanzitutto non dobbiamo cercare ansiosamente dei messaggi ma piuttosto riferirci a quello che gi\u00e0 conosciamo della Tradizione e quindi della rivelazione pubblica. <\/span><\/p>\n<p style=\"text-align: justify;\"><span style=\"color: #000000;\">Mi riferisco anzitutto alla Parola di Dio al Magistero della Chiesa secondo le apparizioni come anche alle vite dei santi che sono un grande aiuto. <\/span><\/p>\n<p style=\"text-align: justify;\"><span style=\"color: #000000;\">Poi per quanto riguarda specificamente le Apparizioni Mariane conviene approfondire quelle che gi\u00e0 sono state approvate in attesa che poi la chiesa con i suoi tempi ma anche con le sue procedure possa arrivare a un discernimento pi\u00f9 sicuro per quelle che ancora non sono state approvate. <\/span><\/p>\n<p style=\"text-align: justify;\"><span style=\"color: #000000;\">Questo per evitare i pericoli di una deriva spiritualistica o anche di seguire dei messaggi che poi si rivelano essere contrari alla Rivelazione pubblica e quindi delle apparizioni o pseudo tali o pseudo veggenti che in realt\u00e0 poi possono portarci lontano da quello che \u00e8 invece il l&#8217;autentico cammino cristiano.<\/span><\/p>\n<p>___________________________________________<\/p>\n<p><strong><span style=\"color: #000000;\">Leggi anche:<\/span><\/strong><\/p>\n<p><span style=\"color: #0000ff;\"><a style=\"color: #0000ff;\" href=\"https:\/\/www.rassegnastampa-totustuus.it\/cattolica\/apparizioni-mariane-guadalupe\/\" target=\"_blank\" rel=\"noopener\">Apparizioni mariane: Guadalupe<\/a><\/span><\/p>\n<p><span style=\"color: #0000ff;\"><a style=\"color: #0000ff;\" href=\"https:\/\/www.rassegnastampa-totustuus.it\/cattolica\/nostra-signora-di-skiemoniai\/\" target=\"_blank\" rel=\"noopener\">Nostra Signora di Skiemoniai<\/a><\/span><\/p>\n<p><a href=\"https:\/\/www.rassegnastampa-totustuus.it\/cattolica\/nostra-signora-di-marpingen\/\" target=\"_blank\" rel=\"noopener\"><span style=\"color: #0000ff;\">Nostra Signora di Marpingen\u00a0<\/span><\/a><\/p>\n<p><span style=\"color: #0000ff;\"><a style=\"color: #0000ff;\" href=\"https:\/\/www.rassegnastampa-totustuus.it\/cattolica\/il-messaggio-della-vergine-alle-tre-fontane\/\" target=\"_blank\" rel=\"noopener\">Il messaggio della Vergine alle Tre fontane<\/a><\/span><\/p>\n","protected":false},"excerpt":{"rendered":"<p>Il Corriere del Sud n.5 1 Maggio 2024 Come e perch\u00e9 la Madre di Dio sta apparendo da due millenni guidando i fedeli con la sua presenza ed i suoi messaggi di suor Daniela del Gaudio<\/p><p><a class=\"more-link btn\" href=\"https:\/\/www.rassegnastampa-totustuus.it\/cattolica\/le-apparizioni-di-maria-nella-storia-della-salvezza\/\">Continua a leggere<\/a><\/p>\n","protected":false},"author":6,"featured_media":49934,"comment_status":"closed","ping_status":"closed","sticky":false,"template":"","format":"standard","meta":{"footnotes":""},"categories":[5],"tags":[2233,157,1398],"class_list":["post-60923","post","type-post","status-publish","format-standard","has-post-thumbnail","hentry","category-chiesa","tag-apparizioni-mariane","tag-chiesa-2","tag-maria-immacolata","item-wrap"],"yoast_head":"<!-- This site is optimized with the Yoast SEO plugin v27.5 - https:\/\/yoast.com\/product\/yoast-seo-wordpress\/ -->\n<title>Le apparizioni di Maria nella storia della Salvezza - Rassegna Stampa Cattolica<\/title>\n<meta name=\"description\" content=\"Le apparizioni di Maria nella storia della Salvezza. Come e perch\u00e8 la Madre di Dio sta apparendo da due millenni\" \/>\n<meta name=\"robots\" content=\"index, follow, max-snippet:-1, max-image-preview:large, max-video-preview:-1\" \/>\n<link rel=\"canonical\" href=\"https:\/\/www.rassegnastampa-totustuus.it\/cattolica\/le-apparizioni-di-maria-nella-storia-della-salvezza\/\" \/>\n<meta property=\"og:locale\" content=\"it_IT\" \/>\n<meta property=\"og:type\" content=\"article\" \/>\n<meta property=\"og:title\" content=\"Le apparizioni di Maria nella storia della Salvezza - Rassegna Stampa Cattolica\" \/>\n<meta property=\"og:description\" content=\"Le apparizioni di Maria nella storia della Salvezza. Come e perch\u00e8 la Madre di Dio sta apparendo da due millenni\" \/>\n<meta property=\"og:url\" content=\"https:\/\/www.rassegnastampa-totustuus.it\/cattolica\/le-apparizioni-di-maria-nella-storia-della-salvezza\/\" \/>\n<meta property=\"og:site_name\" content=\"Rassegna Stampa Cattolica\" \/>\n<meta property=\"article:publisher\" content=\"https:\/\/www.facebook.com\/rassegnastampacattolica\" \/>\n<meta property=\"article:published_time\" content=\"2024-07-23T16:08:21+00:00\" \/>\n<meta property=\"article:modified_time\" content=\"2024-07-23T16:08:24+00:00\" \/>\n<meta property=\"og:image\" content=\"https:\/\/www.rassegnastampa-totustuus.it\/cattolica\/wp-content\/uploads\/2020\/09\/Maria_apparizioni_Lourdes.jpg\" \/>\n\t<meta property=\"og:image:width\" content=\"186\" \/>\n\t<meta property=\"og:image:height\" content=\"270\" \/>\n\t<meta property=\"og:image:type\" content=\"image\/jpeg\" \/>\n<meta name=\"author\" content=\"Redazione\" \/>\n<meta name=\"twitter:card\" content=\"summary_large_image\" \/>\n<meta name=\"twitter:creator\" content=\"@rassegnastampa9\" \/>\n<meta name=\"twitter:site\" content=\"@rassegnastampa9\" \/>\n<meta name=\"twitter:label1\" content=\"Scritto da\" \/>\n\t<meta name=\"twitter:data1\" content=\"Redazione\" \/>\n\t<meta name=\"twitter:label2\" content=\"Tempo di lettura stimato\" \/>\n\t<meta name=\"twitter:data2\" content=\"8 minuti\" \/>\n<script type=\"application\/ld+json\" class=\"yoast-schema-graph\">{\"@context\":\"https:\\\/\\\/schema.org\",\"@graph\":[{\"@type\":\"Article\",\"@id\":\"https:\\\/\\\/www.rassegnastampa-totustuus.it\\\/cattolica\\\/le-apparizioni-di-maria-nella-storia-della-salvezza\\\/#article\",\"isPartOf\":{\"@id\":\"https:\\\/\\\/www.rassegnastampa-totustuus.it\\\/cattolica\\\/le-apparizioni-di-maria-nella-storia-della-salvezza\\\/\"},\"author\":{\"name\":\"Redazione\",\"@id\":\"https:\\\/\\\/www.rassegnastampa-totustuus.it\\\/cattolica\\\/#\\\/schema\\\/person\\\/08f319d2bd1a0904ad9e2bfb7b15e5c3\"},\"headline\":\"Le apparizioni di Maria nella storia della Salvezza\",\"datePublished\":\"2024-07-23T16:08:21+00:00\",\"dateModified\":\"2024-07-23T16:08:24+00:00\",\"mainEntityOfPage\":{\"@id\":\"https:\\\/\\\/www.rassegnastampa-totustuus.it\\\/cattolica\\\/le-apparizioni-di-maria-nella-storia-della-salvezza\\\/\"},\"wordCount\":1201,\"publisher\":{\"@id\":\"https:\\\/\\\/www.rassegnastampa-totustuus.it\\\/cattolica\\\/#organization\"},\"image\":{\"@id\":\"https:\\\/\\\/www.rassegnastampa-totustuus.it\\\/cattolica\\\/le-apparizioni-di-maria-nella-storia-della-salvezza\\\/#primaryimage\"},\"thumbnailUrl\":\"https:\\\/\\\/www.rassegnastampa-totustuus.it\\\/cattolica\\\/wp-content\\\/uploads\\\/2020\\\/09\\\/Maria_apparizioni_Lourdes.jpg\",\"keywords\":[\"apparizioni mariane\",\"chiesa\",\"Maria immacolata\"],\"articleSection\":[\"Chiesa\"],\"inLanguage\":\"it-IT\"},{\"@type\":\"WebPage\",\"@id\":\"https:\\\/\\\/www.rassegnastampa-totustuus.it\\\/cattolica\\\/le-apparizioni-di-maria-nella-storia-della-salvezza\\\/\",\"url\":\"https:\\\/\\\/www.rassegnastampa-totustuus.it\\\/cattolica\\\/le-apparizioni-di-maria-nella-storia-della-salvezza\\\/\",\"name\":\"Le apparizioni di Maria nella storia della Salvezza - Rassegna Stampa Cattolica\",\"isPartOf\":{\"@id\":\"https:\\\/\\\/www.rassegnastampa-totustuus.it\\\/cattolica\\\/#website\"},\"primaryImageOfPage\":{\"@id\":\"https:\\\/\\\/www.rassegnastampa-totustuus.it\\\/cattolica\\\/le-apparizioni-di-maria-nella-storia-della-salvezza\\\/#primaryimage\"},\"image\":{\"@id\":\"https:\\\/\\\/www.rassegnastampa-totustuus.it\\\/cattolica\\\/le-apparizioni-di-maria-nella-storia-della-salvezza\\\/#primaryimage\"},\"thumbnailUrl\":\"https:\\\/\\\/www.rassegnastampa-totustuus.it\\\/cattolica\\\/wp-content\\\/uploads\\\/2020\\\/09\\\/Maria_apparizioni_Lourdes.jpg\",\"datePublished\":\"2024-07-23T16:08:21+00:00\",\"dateModified\":\"2024-07-23T16:08:24+00:00\",\"description\":\"Le apparizioni di Maria nella storia della Salvezza. Come e perch\u00e8 la Madre di Dio sta apparendo da due millenni\",\"breadcrumb\":{\"@id\":\"https:\\\/\\\/www.rassegnastampa-totustuus.it\\\/cattolica\\\/le-apparizioni-di-maria-nella-storia-della-salvezza\\\/#breadcrumb\"},\"inLanguage\":\"it-IT\",\"potentialAction\":[{\"@type\":\"ReadAction\",\"target\":[\"https:\\\/\\\/www.rassegnastampa-totustuus.it\\\/cattolica\\\/le-apparizioni-di-maria-nella-storia-della-salvezza\\\/\"]}]},{\"@type\":\"ImageObject\",\"inLanguage\":\"it-IT\",\"@id\":\"https:\\\/\\\/www.rassegnastampa-totustuus.it\\\/cattolica\\\/le-apparizioni-di-maria-nella-storia-della-salvezza\\\/#primaryimage\",\"url\":\"https:\\\/\\\/www.rassegnastampa-totustuus.it\\\/cattolica\\\/wp-content\\\/uploads\\\/2020\\\/09\\\/Maria_apparizioni_Lourdes.jpg\",\"contentUrl\":\"https:\\\/\\\/www.rassegnastampa-totustuus.it\\\/cattolica\\\/wp-content\\\/uploads\\\/2020\\\/09\\\/Maria_apparizioni_Lourdes.jpg\",\"width\":186,\"height\":270},{\"@type\":\"BreadcrumbList\",\"@id\":\"https:\\\/\\\/www.rassegnastampa-totustuus.it\\\/cattolica\\\/le-apparizioni-di-maria-nella-storia-della-salvezza\\\/#breadcrumb\",\"itemListElement\":[{\"@type\":\"ListItem\",\"position\":1,\"name\":\"Home\",\"item\":\"https:\\\/\\\/www.rassegnastampa-totustuus.it\\\/cattolica\\\/\"},{\"@type\":\"ListItem\",\"position\":2,\"name\":\"Le apparizioni di Maria nella storia della Salvezza\"}]},{\"@type\":\"WebSite\",\"@id\":\"https:\\\/\\\/www.rassegnastampa-totustuus.it\\\/cattolica\\\/#website\",\"url\":\"https:\\\/\\\/www.rassegnastampa-totustuus.it\\\/cattolica\\\/\",\"name\":\"Rassegna Stampa Cattolica\",\"description\":\"Per una cultura che nasce dalla Rivelazione cristiana in conformit\u00e0 alla tradizione e al Magistero della Chiesa in opposizione ad ogni relativismo e totalitarismo\",\"publisher\":{\"@id\":\"https:\\\/\\\/www.rassegnastampa-totustuus.it\\\/cattolica\\\/#organization\"},\"alternateName\":\"Rass. Cattolica\",\"potentialAction\":[{\"@type\":\"SearchAction\",\"target\":{\"@type\":\"EntryPoint\",\"urlTemplate\":\"https:\\\/\\\/www.rassegnastampa-totustuus.it\\\/cattolica\\\/?s={search_term_string}\"},\"query-input\":{\"@type\":\"PropertyValueSpecification\",\"valueRequired\":true,\"valueName\":\"search_term_string\"}}],\"inLanguage\":\"it-IT\"},{\"@type\":\"Organization\",\"@id\":\"https:\\\/\\\/www.rassegnastampa-totustuus.it\\\/cattolica\\\/#organization\",\"name\":\"Rassegna Stampa Cattolica\",\"url\":\"https:\\\/\\\/www.rassegnastampa-totustuus.it\\\/cattolica\\\/\",\"logo\":{\"@type\":\"ImageObject\",\"inLanguage\":\"it-IT\",\"@id\":\"https:\\\/\\\/www.rassegnastampa-totustuus.it\\\/cattolica\\\/#\\\/schema\\\/logo\\\/image\\\/\",\"url\":\"https:\\\/\\\/www.rassegnastampa-totustuus.it\\\/cattolica\\\/wp-content\\\/uploads\\\/2014\\\/04\\\/logo-rassegna1.gif\",\"contentUrl\":\"https:\\\/\\\/www.rassegnastampa-totustuus.it\\\/cattolica\\\/wp-content\\\/uploads\\\/2014\\\/04\\\/logo-rassegna1.gif\",\"width\":600,\"height\":163,\"caption\":\"Rassegna Stampa Cattolica\"},\"image\":{\"@id\":\"https:\\\/\\\/www.rassegnastampa-totustuus.it\\\/cattolica\\\/#\\\/schema\\\/logo\\\/image\\\/\"},\"sameAs\":[\"https:\\\/\\\/www.facebook.com\\\/rassegnastampacattolica\",\"https:\\\/\\\/x.com\\\/rassegnastampa9\"]},{\"@type\":\"Person\",\"@id\":\"https:\\\/\\\/www.rassegnastampa-totustuus.it\\\/cattolica\\\/#\\\/schema\\\/person\\\/08f319d2bd1a0904ad9e2bfb7b15e5c3\",\"name\":\"Redazione\",\"image\":{\"@type\":\"ImageObject\",\"inLanguage\":\"it-IT\",\"@id\":\"https:\\\/\\\/secure.gravatar.com\\\/avatar\\\/2fcdf27c78ea025fbdb44e914cc63c72249ffec9dc8aafd5c82b26240ef3f346?s=96&d=mm&r=g\",\"url\":\"https:\\\/\\\/secure.gravatar.com\\\/avatar\\\/2fcdf27c78ea025fbdb44e914cc63c72249ffec9dc8aafd5c82b26240ef3f346?s=96&d=mm&r=g\",\"contentUrl\":\"https:\\\/\\\/secure.gravatar.com\\\/avatar\\\/2fcdf27c78ea025fbdb44e914cc63c72249ffec9dc8aafd5c82b26240ef3f346?s=96&d=mm&r=g\",\"caption\":\"Redazione\"},\"url\":\"https:\\\/\\\/www.rassegnastampa-totustuus.it\\\/cattolica\\\/author\\\/pietroelle\\\/\"}]}<\/script>\n<!-- \/ Yoast SEO plugin. -->","yoast_head_json":{"title":"Le apparizioni di Maria nella storia della Salvezza - Rassegna Stampa Cattolica","description":"Le apparizioni di Maria nella storia della Salvezza. Come e perch\u00e8 la Madre di Dio sta apparendo da due millenni","robots":{"index":"index","follow":"follow","max-snippet":"max-snippet:-1","max-image-preview":"max-image-preview:large","max-video-preview":"max-video-preview:-1"},"canonical":"https:\/\/www.rassegnastampa-totustuus.it\/cattolica\/le-apparizioni-di-maria-nella-storia-della-salvezza\/","og_locale":"it_IT","og_type":"article","og_title":"Le apparizioni di Maria nella storia della Salvezza - Rassegna Stampa Cattolica","og_description":"Le apparizioni di Maria nella storia della Salvezza. Come e perch\u00e8 la Madre di Dio sta apparendo da due millenni","og_url":"https:\/\/www.rassegnastampa-totustuus.it\/cattolica\/le-apparizioni-di-maria-nella-storia-della-salvezza\/","og_site_name":"Rassegna Stampa Cattolica","article_publisher":"https:\/\/www.facebook.com\/rassegnastampacattolica","article_published_time":"2024-07-23T16:08:21+00:00","article_modified_time":"2024-07-23T16:08:24+00:00","og_image":[{"width":186,"height":270,"url":"https:\/\/www.rassegnastampa-totustuus.it\/cattolica\/wp-content\/uploads\/2020\/09\/Maria_apparizioni_Lourdes.jpg","type":"image\/jpeg"}],"author":"Redazione","twitter_card":"summary_large_image","twitter_creator":"@rassegnastampa9","twitter_site":"@rassegnastampa9","twitter_misc":{"Scritto da":"Redazione","Tempo di lettura stimato":"8 minuti"},"schema":{"@context":"https:\/\/schema.org","@graph":[{"@type":"Article","@id":"https:\/\/www.rassegnastampa-totustuus.it\/cattolica\/le-apparizioni-di-maria-nella-storia-della-salvezza\/#article","isPartOf":{"@id":"https:\/\/www.rassegnastampa-totustuus.it\/cattolica\/le-apparizioni-di-maria-nella-storia-della-salvezza\/"},"author":{"name":"Redazione","@id":"https:\/\/www.rassegnastampa-totustuus.it\/cattolica\/#\/schema\/person\/08f319d2bd1a0904ad9e2bfb7b15e5c3"},"headline":"Le apparizioni di Maria nella storia della Salvezza","datePublished":"2024-07-23T16:08:21+00:00","dateModified":"2024-07-23T16:08:24+00:00","mainEntityOfPage":{"@id":"https:\/\/www.rassegnastampa-totustuus.it\/cattolica\/le-apparizioni-di-maria-nella-storia-della-salvezza\/"},"wordCount":1201,"publisher":{"@id":"https:\/\/www.rassegnastampa-totustuus.it\/cattolica\/#organization"},"image":{"@id":"https:\/\/www.rassegnastampa-totustuus.it\/cattolica\/le-apparizioni-di-maria-nella-storia-della-salvezza\/#primaryimage"},"thumbnailUrl":"https:\/\/www.rassegnastampa-totustuus.it\/cattolica\/wp-content\/uploads\/2020\/09\/Maria_apparizioni_Lourdes.jpg","keywords":["apparizioni mariane","chiesa","Maria immacolata"],"articleSection":["Chiesa"],"inLanguage":"it-IT"},{"@type":"WebPage","@id":"https:\/\/www.rassegnastampa-totustuus.it\/cattolica\/le-apparizioni-di-maria-nella-storia-della-salvezza\/","url":"https:\/\/www.rassegnastampa-totustuus.it\/cattolica\/le-apparizioni-di-maria-nella-storia-della-salvezza\/","name":"Le apparizioni di Maria nella storia della Salvezza - Rassegna Stampa Cattolica","isPartOf":{"@id":"https:\/\/www.rassegnastampa-totustuus.it\/cattolica\/#website"},"primaryImageOfPage":{"@id":"https:\/\/www.rassegnastampa-totustuus.it\/cattolica\/le-apparizioni-di-maria-nella-storia-della-salvezza\/#primaryimage"},"image":{"@id":"https:\/\/www.rassegnastampa-totustuus.it\/cattolica\/le-apparizioni-di-maria-nella-storia-della-salvezza\/#primaryimage"},"thumbnailUrl":"https:\/\/www.rassegnastampa-totustuus.it\/cattolica\/wp-content\/uploads\/2020\/09\/Maria_apparizioni_Lourdes.jpg","datePublished":"2024-07-23T16:08:21+00:00","dateModified":"2024-07-23T16:08:24+00:00","description":"Le apparizioni di Maria nella storia della Salvezza. Come e perch\u00e8 la Madre di Dio sta apparendo da due millenni","breadcrumb":{"@id":"https:\/\/www.rassegnastampa-totustuus.it\/cattolica\/le-apparizioni-di-maria-nella-storia-della-salvezza\/#breadcrumb"},"inLanguage":"it-IT","potentialAction":[{"@type":"ReadAction","target":["https:\/\/www.rassegnastampa-totustuus.it\/cattolica\/le-apparizioni-di-maria-nella-storia-della-salvezza\/"]}]},{"@type":"ImageObject","inLanguage":"it-IT","@id":"https:\/\/www.rassegnastampa-totustuus.it\/cattolica\/le-apparizioni-di-maria-nella-storia-della-salvezza\/#primaryimage","url":"https:\/\/www.rassegnastampa-totustuus.it\/cattolica\/wp-content\/uploads\/2020\/09\/Maria_apparizioni_Lourdes.jpg","contentUrl":"https:\/\/www.rassegnastampa-totustuus.it\/cattolica\/wp-content\/uploads\/2020\/09\/Maria_apparizioni_Lourdes.jpg","width":186,"height":270},{"@type":"BreadcrumbList","@id":"https:\/\/www.rassegnastampa-totustuus.it\/cattolica\/le-apparizioni-di-maria-nella-storia-della-salvezza\/#breadcrumb","itemListElement":[{"@type":"ListItem","position":1,"name":"Home","item":"https:\/\/www.rassegnastampa-totustuus.it\/cattolica\/"},{"@type":"ListItem","position":2,"name":"Le apparizioni di Maria nella storia della Salvezza"}]},{"@type":"WebSite","@id":"https:\/\/www.rassegnastampa-totustuus.it\/cattolica\/#website","url":"https:\/\/www.rassegnastampa-totustuus.it\/cattolica\/","name":"Rassegna Stampa Cattolica","description":"Per una cultura che nasce dalla Rivelazione cristiana in conformit\u00e0 alla tradizione e al Magistero della Chiesa in opposizione ad ogni relativismo e totalitarismo","publisher":{"@id":"https:\/\/www.rassegnastampa-totustuus.it\/cattolica\/#organization"},"alternateName":"Rass. Cattolica","potentialAction":[{"@type":"SearchAction","target":{"@type":"EntryPoint","urlTemplate":"https:\/\/www.rassegnastampa-totustuus.it\/cattolica\/?s={search_term_string}"},"query-input":{"@type":"PropertyValueSpecification","valueRequired":true,"valueName":"search_term_string"}}],"inLanguage":"it-IT"},{"@type":"Organization","@id":"https:\/\/www.rassegnastampa-totustuus.it\/cattolica\/#organization","name":"Rassegna Stampa Cattolica","url":"https:\/\/www.rassegnastampa-totustuus.it\/cattolica\/","logo":{"@type":"ImageObject","inLanguage":"it-IT","@id":"https:\/\/www.rassegnastampa-totustuus.it\/cattolica\/#\/schema\/logo\/image\/","url":"https:\/\/www.rassegnastampa-totustuus.it\/cattolica\/wp-content\/uploads\/2014\/04\/logo-rassegna1.gif","contentUrl":"https:\/\/www.rassegnastampa-totustuus.it\/cattolica\/wp-content\/uploads\/2014\/04\/logo-rassegna1.gif","width":600,"height":163,"caption":"Rassegna Stampa Cattolica"},"image":{"@id":"https:\/\/www.rassegnastampa-totustuus.it\/cattolica\/#\/schema\/logo\/image\/"},"sameAs":["https:\/\/www.facebook.com\/rassegnastampacattolica","https:\/\/x.com\/rassegnastampa9"]},{"@type":"Person","@id":"https:\/\/www.rassegnastampa-totustuus.it\/cattolica\/#\/schema\/person\/08f319d2bd1a0904ad9e2bfb7b15e5c3","name":"Redazione","image":{"@type":"ImageObject","inLanguage":"it-IT","@id":"https:\/\/secure.gravatar.com\/avatar\/2fcdf27c78ea025fbdb44e914cc63c72249ffec9dc8aafd5c82b26240ef3f346?s=96&d=mm&r=g","url":"https:\/\/secure.gravatar.com\/avatar\/2fcdf27c78ea025fbdb44e914cc63c72249ffec9dc8aafd5c82b26240ef3f346?s=96&d=mm&r=g","contentUrl":"https:\/\/secure.gravatar.com\/avatar\/2fcdf27c78ea025fbdb44e914cc63c72249ffec9dc8aafd5c82b26240ef3f346?s=96&d=mm&r=g","caption":"Redazione"},"url":"https:\/\/www.rassegnastampa-totustuus.it\/cattolica\/author\/pietroelle\/"}]}},"_links":{"self":[{"href":"https:\/\/www.rassegnastampa-totustuus.it\/cattolica\/wp-json\/wp\/v2\/posts\/60923","targetHints":{"allow":["GET"]}}],"collection":[{"href":"https:\/\/www.rassegnastampa-totustuus.it\/cattolica\/wp-json\/wp\/v2\/posts"}],"about":[{"href":"https:\/\/www.rassegnastampa-totustuus.it\/cattolica\/wp-json\/wp\/v2\/types\/post"}],"author":[{"embeddable":true,"href":"https:\/\/www.rassegnastampa-totustuus.it\/cattolica\/wp-json\/wp\/v2\/users\/6"}],"replies":[{"embeddable":true,"href":"https:\/\/www.rassegnastampa-totustuus.it\/cattolica\/wp-json\/wp\/v2\/comments?post=60923"}],"version-history":[{"count":1,"href":"https:\/\/www.rassegnastampa-totustuus.it\/cattolica\/wp-json\/wp\/v2\/posts\/60923\/revisions"}],"predecessor-version":[{"id":60924,"href":"https:\/\/www.rassegnastampa-totustuus.it\/cattolica\/wp-json\/wp\/v2\/posts\/60923\/revisions\/60924"}],"wp:featuredmedia":[{"embeddable":true,"href":"https:\/\/www.rassegnastampa-totustuus.it\/cattolica\/wp-json\/wp\/v2\/media\/49934"}],"wp:attachment":[{"href":"https:\/\/www.rassegnastampa-totustuus.it\/cattolica\/wp-json\/wp\/v2\/media?parent=60923"}],"wp:term":[{"taxonomy":"category","embeddable":true,"href":"https:\/\/www.rassegnastampa-totustuus.it\/cattolica\/wp-json\/wp\/v2\/categories?post=60923"},{"taxonomy":"post_tag","embeddable":true,"href":"https:\/\/www.rassegnastampa-totustuus.it\/cattolica\/wp-json\/wp\/v2\/tags?post=60923"}],"curies":[{"name":"wp","href":"https:\/\/api.w.org\/{rel}","templated":true}]}}