{"id":60920,"date":"2024-07-23T09:52:50","date_gmt":"2024-07-23T07:52:50","guid":{"rendered":"https:\/\/www.rassegnastampa-totustuus.it\/cattolica\/?p=60920"},"modified":"2024-07-23T09:52:51","modified_gmt":"2024-07-23T07:52:51","slug":"i-poveri-del-libano-98","status":"publish","type":"post","link":"https:\/\/www.rassegnastampa-totustuus.it\/cattolica\/i-poveri-del-libano-98\/","title":{"rendered":"I poveri del Libano"},"content":{"rendered":"<p style=\"text-align: center;\"><span style=\"color: #000000;\"><strong><img loading=\"lazy\" decoding=\"async\" class=\" wp-image-16745 alignleft\" src=\"https:\/\/www.rassegnastampa-totustuus.it\/cattolica\/wp-content\/uploads\/2015\/01\/oui-pour-la-vie.jpg\" alt=\"\" width=\"215\" height=\"161\" \/>Newsletter<\/strong> Agosto 2024 n. 9 <\/span><\/p>\n<p style=\"text-align: justify;\"><em><span style=\"color: #000000;\">Notiziario di un gruppo di volontari di \u201cOui pour la vie\u201d, un\u2019associazione di volontariato con sede a Damour in Libano, legalmente riconosciuta impegnata in favore dei pi\u00f9 poveri di ogni appartenenza religiosa e provenienza<\/span> <span style=\"color: #0000ff;\"><a style=\"color: #0000ff;\" href=\"http:\/\/www.ouipourlavielb.com\" target=\"_blank\" rel=\"noreferrer noopener\">www.ouipourlavielb.com<\/a><\/span><\/em> <span style=\"color: #000000;\">Facebook: Damiano Puccini <\/span><\/p>\n<p style=\"text-align: center;\"><span style=\"color: #000000;\">di padre <strong>Damiano Puccini<\/strong><\/span><\/p>\n<p><!--more--><\/p>\n<p style=\"text-align: justify;\"><span style=\"color: #000000;\"><img loading=\"lazy\" decoding=\"async\" class=\" wp-image-60921 alignright\" src=\"https:\/\/www.rassegnastampa-totustuus.it\/cattolica\/wp-content\/uploads\/2024\/07\/guerra_Libano_Medio_Oriente.jpeg\" alt=\"\" width=\"341\" height=\"234\" \/>I bombardamenti nel Sud del Libano sono sempre pi\u00f9 pesanti e colpiscono ormai ben oltre la linea del fronte. L\u2019ipotesi di un\u2019<strong>escalation<\/strong> sembra sempre pi\u00f9 vicina e cresce il numero di persone che scelgono di fuggire in altre aree del Paese. <\/span><\/p>\n<p style=\"text-align: justify;\"><span style=\"color: #000000;\">Si stima che <strong>l\u201980%\u00a0<\/strong>della popolazione libanese<strong> viva in situazione di povert\u00e0,<\/strong> e circa il <strong>36%<\/strong> al di sotto della soglia di <strong>povert\u00e0 estrema<\/strong>. L\u201982% della popolazione sfollata vive ospite presso altre famiglie, molto spesso in contesti sovraffollati, mentre oltre <strong>70.000 persone<\/strong> vivono ancora entro 12 km dal confine con Israele, dove le azioni militari sono pi\u00f9 intense. <\/span><\/p>\n<p style=\"text-align: justify;\"><span style=\"color: #000000;\">I bombardamenti hanno <strong>distrutto importanti infrastrutture<\/strong> idriche e terreni agricoli, rendendo critico l\u2019accesso all\u2019acqua pulita, e costretto a chiudere strutture sanitarie, scuole e tribunali, lasciando le persone in condizioni pessime da un punto di vista igienico e molto spesso senza lavoro e mezzi di sostentamento. <\/span><\/p>\n<p style=\"text-align: justify;\"><span style=\"color: #000000;\">Al Sud molti bambini sono costretti al <strong>lavoro minorile,<\/strong> o ridotti a raccogliere plastica, ferro per poi venderli.<\/span><\/p>\n<p style=\"text-align: justify;\"><span style=\"color: #000000;\"><img loading=\"lazy\" decoding=\"async\" class=\"size-medium wp-image-53649 alignleft\" src=\"https:\/\/www.rassegnastampa-totustuus.it\/cattolica\/wp-content\/uploads\/2022\/03\/libano_oui-pour-225x300.jpg\" alt=\"\" width=\"225\" height=\"300\" srcset=\"https:\/\/www.rassegnastampa-totustuus.it\/cattolica\/wp-content\/uploads\/2022\/03\/libano_oui-pour-225x300.jpg 225w, https:\/\/www.rassegnastampa-totustuus.it\/cattolica\/wp-content\/uploads\/2022\/03\/libano_oui-pour.jpg 393w\" sizes=\"auto, (max-width: 225px) 100vw, 225px\" \/>La nostra associazione \u201cOui pour la Vie\u201d continua ancora con la \u201ccucina\u201d di Damour, l\u2019ambulatorio e la casa a Beirut per i test sanitari e per AIDS, droga e alcool, il centro di ascolto per le medicine e la scuola. Sempre per bisognosi di ogni appartenenza. <strong>Si chiedono sempre aiuti e pubblicit\u00e0.<\/strong><\/span><\/p>\n<p style=\"text-align: justify;\"><span style=\"color: #000000;\"><em>I nostri volontari fanno arrivare <strong>beni di prima necessit\u00e0<\/strong> e denaro per affrontare l\u2019emergenza alla popolazione siriana e libanese al confine, acquistandoli anche con le loro rinunce personali.<\/em> <em>Una madre che ha sfogato a lungo suoi i sentimenti di paura, rabbia e disperazione con una nostra volontaria l\u2019ha ringraziata dicendo che \u201c<strong>l\u2019ascolto<\/strong> vale pi\u00f9 di ogni medicina\u201d.<\/em><\/span><\/p>\n<p style=\"text-align: justify;\"><span style=\"color: #000000;\"><em>Oui pour la Vie ha <strong>ospitato<\/strong> una famiglia di 5 membri tra cui una bambina di 7 anni rimasta sotto la casa distrutta a causa della guerra nel sud del Libano, il miracolo \u00e8 avvenuto quando dopo le 15 l\u2019hanno ritrovata viva. L&#8217;ambulanza ha portato la ragazza alla nostra sede per raggiungere la sua famiglia dopo le cure mediche ricevute.<\/em><\/span><\/p>\n<p style=\"text-align: justify;\"><span style=\"color: #000000;\"><em>Ci\u00f2 che \u00e8 stato toccante \u00e8 stato che i cristiani amorevoli hanno accolto questa giovane ragazza musulmana con musica e danze mentre cercavano vestiti, cibo e dolci per lei. \u00c8 vero che <strong>l&#8217;amore<\/strong> vede solo la persona e il suo bisogno, lontano dalle religioni e dalle altre differenze.\u00a0<\/em><\/span><\/p>\n<p style=\"text-align: justify;\"><span style=\"color: #000000;\"><em>In questi giorni aerei da guerra hanno sorvolato a grandissima velocit\u00e0 la nostra zona di Damour, producendo spesso il <strong>\u201cbang sonico\u201d:<\/strong> un grande rumore, simile a quello di un&#8217;esplosione. Non ci sono mai state conseguenze sui bambini. L&#8217;altro ieri queste vibrazioni hanno fatto crollare il controsoffitto della nostra scuola e della piccola cucina annessa. <strong>Per riaprire la scuola a settembre occorrono 6800 dollari\u00a0<\/strong><\/em><\/span><\/p>\n<p>_______________________________<\/p>\n<p style=\"text-align: justify;\"><span style=\"color: #000000;\">Per testimonianze in Italia tel 333\/5473721<\/span> <a href=\"mailto:pdamianolibano@gmail.com\" target=\"_blank\" rel=\"noopener\">pdamianolibano@gmail.com<\/a> <span style=\"color: #000000;\">Per inviare offerte: Bonifico sul conto: Oui pour la Vie,\u00a0 presso Unicredit Cascina (PI). IBAN: IT94Q0200870951000105404518; (BIC-Swift: UNCRITM1G05 se richiesto). Indicate nella causale del bonifico il vostro email \/ telefono cell e avvisateci dell\u2019offerta scrivendo a<\/span> <a href=\"mailto:info@ouipourlavielb.com\">info@ouipourlavielb.com<\/a>.<\/p>\n","protected":false},"excerpt":{"rendered":"<p>Newsletter Agosto 2024 n. 9 Notiziario di un gruppo di volontari di \u201cOui pour la vie\u201d, un\u2019associazione di volontariato con sede a Damour in Libano, legalmente riconosciuta impegnata in favore dei pi\u00f9 poveri di ogni appartenenza religiosa e provenienza www.ouipourlavielb.com Facebook: Damiano Puccini di padre Damiano Puccini<\/p><p><a class=\"more-link btn\" href=\"https:\/\/www.rassegnastampa-totustuus.it\/cattolica\/i-poveri-del-libano-98\/\">Continua a leggere<\/a><\/p>\n","protected":false},"author":6,"featured_media":51950,"comment_status":"closed","ping_status":"closed","sticky":false,"template":"","format":"standard","meta":{"footnotes":""},"categories":[5,33,108],"tags":[157,380,373],"class_list":["post-60920","post","type-post","status-publish","format-standard","has-post-thumbnail","hentry","category-chiesa","category-cristiani-nell-islam","category-paesi-e-continenti","tag-chiesa-2","tag-cristiani-nellislam","tag-libano","item-wrap"],"yoast_head":"<!-- This site is optimized with the Yoast SEO plugin v27.5 - https:\/\/yoast.com\/product\/yoast-seo-wordpress\/ -->\n<title>I poveri del Libano - Rassegna Stampa Cattolica<\/title>\n<meta name=\"description\" content=\"I poveri del Libano. La guerra al sud infierisce su un Paese gi\u00e0 prostrato dalla miseria che attanaglia il 36% della popolazione\" \/>\n<meta name=\"robots\" content=\"index, follow, max-snippet:-1, max-image-preview:large, max-video-preview:-1\" \/>\n<link rel=\"canonical\" href=\"https:\/\/www.rassegnastampa-totustuus.it\/cattolica\/i-poveri-del-libano-98\/\" \/>\n<meta property=\"og:locale\" content=\"it_IT\" \/>\n<meta property=\"og:type\" content=\"article\" \/>\n<meta property=\"og:title\" content=\"I poveri del Libano - Rassegna Stampa Cattolica\" \/>\n<meta property=\"og:description\" content=\"I poveri del Libano. La guerra al sud infierisce su un Paese gi\u00e0 prostrato dalla miseria che attanaglia il 36% della popolazione\" \/>\n<meta property=\"og:url\" content=\"https:\/\/www.rassegnastampa-totustuus.it\/cattolica\/i-poveri-del-libano-98\/\" \/>\n<meta property=\"og:site_name\" content=\"Rassegna Stampa Cattolica\" \/>\n<meta property=\"article:publisher\" content=\"https:\/\/www.facebook.com\/rassegnastampacattolica\" \/>\n<meta property=\"article:published_time\" content=\"2024-07-23T07:52:50+00:00\" \/>\n<meta property=\"article:modified_time\" content=\"2024-07-23T07:52:51+00:00\" \/>\n<meta property=\"og:image\" content=\"https:\/\/www.rassegnastampa-totustuus.it\/cattolica\/wp-content\/uploads\/2021\/07\/Libano.jpg\" \/>\n\t<meta property=\"og:image:width\" content=\"1992\" \/>\n\t<meta property=\"og:image:height\" content=\"799\" \/>\n\t<meta property=\"og:image:type\" content=\"image\/jpeg\" \/>\n<meta name=\"author\" content=\"Redazione\" \/>\n<meta name=\"twitter:card\" content=\"summary_large_image\" \/>\n<meta name=\"twitter:creator\" content=\"@rassegnastampa9\" \/>\n<meta name=\"twitter:site\" content=\"@rassegnastampa9\" \/>\n<meta name=\"twitter:label1\" content=\"Scritto da\" \/>\n\t<meta name=\"twitter:data1\" content=\"Redazione\" \/>\n\t<meta name=\"twitter:label2\" content=\"Tempo di lettura stimato\" \/>\n\t<meta name=\"twitter:data2\" content=\"4 minuti\" \/>\n<script type=\"application\/ld+json\" class=\"yoast-schema-graph\">{\"@context\":\"https:\\\/\\\/schema.org\",\"@graph\":[{\"@type\":\"Article\",\"@id\":\"https:\\\/\\\/www.rassegnastampa-totustuus.it\\\/cattolica\\\/i-poveri-del-libano-98\\\/#article\",\"isPartOf\":{\"@id\":\"https:\\\/\\\/www.rassegnastampa-totustuus.it\\\/cattolica\\\/i-poveri-del-libano-98\\\/\"},\"author\":{\"name\":\"Redazione\",\"@id\":\"https:\\\/\\\/www.rassegnastampa-totustuus.it\\\/cattolica\\\/#\\\/schema\\\/person\\\/08f319d2bd1a0904ad9e2bfb7b15e5c3\"},\"headline\":\"I poveri del Libano\",\"datePublished\":\"2024-07-23T07:52:50+00:00\",\"dateModified\":\"2024-07-23T07:52:51+00:00\",\"mainEntityOfPage\":{\"@id\":\"https:\\\/\\\/www.rassegnastampa-totustuus.it\\\/cattolica\\\/i-poveri-del-libano-98\\\/\"},\"wordCount\":545,\"publisher\":{\"@id\":\"https:\\\/\\\/www.rassegnastampa-totustuus.it\\\/cattolica\\\/#organization\"},\"image\":{\"@id\":\"https:\\\/\\\/www.rassegnastampa-totustuus.it\\\/cattolica\\\/i-poveri-del-libano-98\\\/#primaryimage\"},\"thumbnailUrl\":\"https:\\\/\\\/www.rassegnastampa-totustuus.it\\\/cattolica\\\/wp-content\\\/uploads\\\/2021\\\/07\\\/Libano.jpg\",\"keywords\":[\"chiesa\",\"cristiani nell'Islam\",\"Libano\"],\"articleSection\":[\"Chiesa\",\"Cristiani nell'islam\",\"Paesi e continenti\"],\"inLanguage\":\"it-IT\"},{\"@type\":\"WebPage\",\"@id\":\"https:\\\/\\\/www.rassegnastampa-totustuus.it\\\/cattolica\\\/i-poveri-del-libano-98\\\/\",\"url\":\"https:\\\/\\\/www.rassegnastampa-totustuus.it\\\/cattolica\\\/i-poveri-del-libano-98\\\/\",\"name\":\"I poveri del Libano - Rassegna Stampa Cattolica\",\"isPartOf\":{\"@id\":\"https:\\\/\\\/www.rassegnastampa-totustuus.it\\\/cattolica\\\/#website\"},\"primaryImageOfPage\":{\"@id\":\"https:\\\/\\\/www.rassegnastampa-totustuus.it\\\/cattolica\\\/i-poveri-del-libano-98\\\/#primaryimage\"},\"image\":{\"@id\":\"https:\\\/\\\/www.rassegnastampa-totustuus.it\\\/cattolica\\\/i-poveri-del-libano-98\\\/#primaryimage\"},\"thumbnailUrl\":\"https:\\\/\\\/www.rassegnastampa-totustuus.it\\\/cattolica\\\/wp-content\\\/uploads\\\/2021\\\/07\\\/Libano.jpg\",\"datePublished\":\"2024-07-23T07:52:50+00:00\",\"dateModified\":\"2024-07-23T07:52:51+00:00\",\"description\":\"I poveri del Libano. La guerra al sud infierisce su un Paese gi\u00e0 prostrato dalla miseria che attanaglia il 36% della popolazione\",\"breadcrumb\":{\"@id\":\"https:\\\/\\\/www.rassegnastampa-totustuus.it\\\/cattolica\\\/i-poveri-del-libano-98\\\/#breadcrumb\"},\"inLanguage\":\"it-IT\",\"potentialAction\":[{\"@type\":\"ReadAction\",\"target\":[\"https:\\\/\\\/www.rassegnastampa-totustuus.it\\\/cattolica\\\/i-poveri-del-libano-98\\\/\"]}]},{\"@type\":\"ImageObject\",\"inLanguage\":\"it-IT\",\"@id\":\"https:\\\/\\\/www.rassegnastampa-totustuus.it\\\/cattolica\\\/i-poveri-del-libano-98\\\/#primaryimage\",\"url\":\"https:\\\/\\\/www.rassegnastampa-totustuus.it\\\/cattolica\\\/wp-content\\\/uploads\\\/2021\\\/07\\\/Libano.jpg\",\"contentUrl\":\"https:\\\/\\\/www.rassegnastampa-totustuus.it\\\/cattolica\\\/wp-content\\\/uploads\\\/2021\\\/07\\\/Libano.jpg\",\"width\":1992,\"height\":799},{\"@type\":\"BreadcrumbList\",\"@id\":\"https:\\\/\\\/www.rassegnastampa-totustuus.it\\\/cattolica\\\/i-poveri-del-libano-98\\\/#breadcrumb\",\"itemListElement\":[{\"@type\":\"ListItem\",\"position\":1,\"name\":\"Home\",\"item\":\"https:\\\/\\\/www.rassegnastampa-totustuus.it\\\/cattolica\\\/\"},{\"@type\":\"ListItem\",\"position\":2,\"name\":\"I poveri del Libano\"}]},{\"@type\":\"WebSite\",\"@id\":\"https:\\\/\\\/www.rassegnastampa-totustuus.it\\\/cattolica\\\/#website\",\"url\":\"https:\\\/\\\/www.rassegnastampa-totustuus.it\\\/cattolica\\\/\",\"name\":\"Rassegna Stampa Cattolica\",\"description\":\"Per una cultura che nasce dalla Rivelazione cristiana in conformit\u00e0 alla tradizione e al Magistero della Chiesa in opposizione ad ogni relativismo e totalitarismo\",\"publisher\":{\"@id\":\"https:\\\/\\\/www.rassegnastampa-totustuus.it\\\/cattolica\\\/#organization\"},\"alternateName\":\"Rass. Cattolica\",\"potentialAction\":[{\"@type\":\"SearchAction\",\"target\":{\"@type\":\"EntryPoint\",\"urlTemplate\":\"https:\\\/\\\/www.rassegnastampa-totustuus.it\\\/cattolica\\\/?s={search_term_string}\"},\"query-input\":{\"@type\":\"PropertyValueSpecification\",\"valueRequired\":true,\"valueName\":\"search_term_string\"}}],\"inLanguage\":\"it-IT\"},{\"@type\":\"Organization\",\"@id\":\"https:\\\/\\\/www.rassegnastampa-totustuus.it\\\/cattolica\\\/#organization\",\"name\":\"Rassegna Stampa Cattolica\",\"url\":\"https:\\\/\\\/www.rassegnastampa-totustuus.it\\\/cattolica\\\/\",\"logo\":{\"@type\":\"ImageObject\",\"inLanguage\":\"it-IT\",\"@id\":\"https:\\\/\\\/www.rassegnastampa-totustuus.it\\\/cattolica\\\/#\\\/schema\\\/logo\\\/image\\\/\",\"url\":\"https:\\\/\\\/www.rassegnastampa-totustuus.it\\\/cattolica\\\/wp-content\\\/uploads\\\/2014\\\/04\\\/logo-rassegna1.gif\",\"contentUrl\":\"https:\\\/\\\/www.rassegnastampa-totustuus.it\\\/cattolica\\\/wp-content\\\/uploads\\\/2014\\\/04\\\/logo-rassegna1.gif\",\"width\":600,\"height\":163,\"caption\":\"Rassegna Stampa Cattolica\"},\"image\":{\"@id\":\"https:\\\/\\\/www.rassegnastampa-totustuus.it\\\/cattolica\\\/#\\\/schema\\\/logo\\\/image\\\/\"},\"sameAs\":[\"https:\\\/\\\/www.facebook.com\\\/rassegnastampacattolica\",\"https:\\\/\\\/x.com\\\/rassegnastampa9\"]},{\"@type\":\"Person\",\"@id\":\"https:\\\/\\\/www.rassegnastampa-totustuus.it\\\/cattolica\\\/#\\\/schema\\\/person\\\/08f319d2bd1a0904ad9e2bfb7b15e5c3\",\"name\":\"Redazione\",\"image\":{\"@type\":\"ImageObject\",\"inLanguage\":\"it-IT\",\"@id\":\"https:\\\/\\\/secure.gravatar.com\\\/avatar\\\/2fcdf27c78ea025fbdb44e914cc63c72249ffec9dc8aafd5c82b26240ef3f346?s=96&d=mm&r=g\",\"url\":\"https:\\\/\\\/secure.gravatar.com\\\/avatar\\\/2fcdf27c78ea025fbdb44e914cc63c72249ffec9dc8aafd5c82b26240ef3f346?s=96&d=mm&r=g\",\"contentUrl\":\"https:\\\/\\\/secure.gravatar.com\\\/avatar\\\/2fcdf27c78ea025fbdb44e914cc63c72249ffec9dc8aafd5c82b26240ef3f346?s=96&d=mm&r=g\",\"caption\":\"Redazione\"},\"url\":\"https:\\\/\\\/www.rassegnastampa-totustuus.it\\\/cattolica\\\/author\\\/pietroelle\\\/\"}]}<\/script>\n<!-- \/ Yoast SEO plugin. -->","yoast_head_json":{"title":"I poveri del Libano - Rassegna Stampa Cattolica","description":"I poveri del Libano. La guerra al sud infierisce su un Paese gi\u00e0 prostrato dalla miseria che attanaglia il 36% della popolazione","robots":{"index":"index","follow":"follow","max-snippet":"max-snippet:-1","max-image-preview":"max-image-preview:large","max-video-preview":"max-video-preview:-1"},"canonical":"https:\/\/www.rassegnastampa-totustuus.it\/cattolica\/i-poveri-del-libano-98\/","og_locale":"it_IT","og_type":"article","og_title":"I poveri del Libano - Rassegna Stampa Cattolica","og_description":"I poveri del Libano. La guerra al sud infierisce su un Paese gi\u00e0 prostrato dalla miseria che attanaglia il 36% della popolazione","og_url":"https:\/\/www.rassegnastampa-totustuus.it\/cattolica\/i-poveri-del-libano-98\/","og_site_name":"Rassegna Stampa Cattolica","article_publisher":"https:\/\/www.facebook.com\/rassegnastampacattolica","article_published_time":"2024-07-23T07:52:50+00:00","article_modified_time":"2024-07-23T07:52:51+00:00","og_image":[{"width":1992,"height":799,"url":"https:\/\/www.rassegnastampa-totustuus.it\/cattolica\/wp-content\/uploads\/2021\/07\/Libano.jpg","type":"image\/jpeg"}],"author":"Redazione","twitter_card":"summary_large_image","twitter_creator":"@rassegnastampa9","twitter_site":"@rassegnastampa9","twitter_misc":{"Scritto da":"Redazione","Tempo di lettura stimato":"4 minuti"},"schema":{"@context":"https:\/\/schema.org","@graph":[{"@type":"Article","@id":"https:\/\/www.rassegnastampa-totustuus.it\/cattolica\/i-poveri-del-libano-98\/#article","isPartOf":{"@id":"https:\/\/www.rassegnastampa-totustuus.it\/cattolica\/i-poveri-del-libano-98\/"},"author":{"name":"Redazione","@id":"https:\/\/www.rassegnastampa-totustuus.it\/cattolica\/#\/schema\/person\/08f319d2bd1a0904ad9e2bfb7b15e5c3"},"headline":"I poveri del Libano","datePublished":"2024-07-23T07:52:50+00:00","dateModified":"2024-07-23T07:52:51+00:00","mainEntityOfPage":{"@id":"https:\/\/www.rassegnastampa-totustuus.it\/cattolica\/i-poveri-del-libano-98\/"},"wordCount":545,"publisher":{"@id":"https:\/\/www.rassegnastampa-totustuus.it\/cattolica\/#organization"},"image":{"@id":"https:\/\/www.rassegnastampa-totustuus.it\/cattolica\/i-poveri-del-libano-98\/#primaryimage"},"thumbnailUrl":"https:\/\/www.rassegnastampa-totustuus.it\/cattolica\/wp-content\/uploads\/2021\/07\/Libano.jpg","keywords":["chiesa","cristiani nell'Islam","Libano"],"articleSection":["Chiesa","Cristiani nell'islam","Paesi e continenti"],"inLanguage":"it-IT"},{"@type":"WebPage","@id":"https:\/\/www.rassegnastampa-totustuus.it\/cattolica\/i-poveri-del-libano-98\/","url":"https:\/\/www.rassegnastampa-totustuus.it\/cattolica\/i-poveri-del-libano-98\/","name":"I poveri del Libano - Rassegna Stampa Cattolica","isPartOf":{"@id":"https:\/\/www.rassegnastampa-totustuus.it\/cattolica\/#website"},"primaryImageOfPage":{"@id":"https:\/\/www.rassegnastampa-totustuus.it\/cattolica\/i-poveri-del-libano-98\/#primaryimage"},"image":{"@id":"https:\/\/www.rassegnastampa-totustuus.it\/cattolica\/i-poveri-del-libano-98\/#primaryimage"},"thumbnailUrl":"https:\/\/www.rassegnastampa-totustuus.it\/cattolica\/wp-content\/uploads\/2021\/07\/Libano.jpg","datePublished":"2024-07-23T07:52:50+00:00","dateModified":"2024-07-23T07:52:51+00:00","description":"I poveri del Libano. La guerra al sud infierisce su un Paese gi\u00e0 prostrato dalla miseria che attanaglia il 36% della popolazione","breadcrumb":{"@id":"https:\/\/www.rassegnastampa-totustuus.it\/cattolica\/i-poveri-del-libano-98\/#breadcrumb"},"inLanguage":"it-IT","potentialAction":[{"@type":"ReadAction","target":["https:\/\/www.rassegnastampa-totustuus.it\/cattolica\/i-poveri-del-libano-98\/"]}]},{"@type":"ImageObject","inLanguage":"it-IT","@id":"https:\/\/www.rassegnastampa-totustuus.it\/cattolica\/i-poveri-del-libano-98\/#primaryimage","url":"https:\/\/www.rassegnastampa-totustuus.it\/cattolica\/wp-content\/uploads\/2021\/07\/Libano.jpg","contentUrl":"https:\/\/www.rassegnastampa-totustuus.it\/cattolica\/wp-content\/uploads\/2021\/07\/Libano.jpg","width":1992,"height":799},{"@type":"BreadcrumbList","@id":"https:\/\/www.rassegnastampa-totustuus.it\/cattolica\/i-poveri-del-libano-98\/#breadcrumb","itemListElement":[{"@type":"ListItem","position":1,"name":"Home","item":"https:\/\/www.rassegnastampa-totustuus.it\/cattolica\/"},{"@type":"ListItem","position":2,"name":"I poveri del Libano"}]},{"@type":"WebSite","@id":"https:\/\/www.rassegnastampa-totustuus.it\/cattolica\/#website","url":"https:\/\/www.rassegnastampa-totustuus.it\/cattolica\/","name":"Rassegna Stampa Cattolica","description":"Per una cultura che nasce dalla Rivelazione cristiana in conformit\u00e0 alla tradizione e al Magistero della Chiesa in opposizione ad ogni relativismo e totalitarismo","publisher":{"@id":"https:\/\/www.rassegnastampa-totustuus.it\/cattolica\/#organization"},"alternateName":"Rass. Cattolica","potentialAction":[{"@type":"SearchAction","target":{"@type":"EntryPoint","urlTemplate":"https:\/\/www.rassegnastampa-totustuus.it\/cattolica\/?s={search_term_string}"},"query-input":{"@type":"PropertyValueSpecification","valueRequired":true,"valueName":"search_term_string"}}],"inLanguage":"it-IT"},{"@type":"Organization","@id":"https:\/\/www.rassegnastampa-totustuus.it\/cattolica\/#organization","name":"Rassegna Stampa Cattolica","url":"https:\/\/www.rassegnastampa-totustuus.it\/cattolica\/","logo":{"@type":"ImageObject","inLanguage":"it-IT","@id":"https:\/\/www.rassegnastampa-totustuus.it\/cattolica\/#\/schema\/logo\/image\/","url":"https:\/\/www.rassegnastampa-totustuus.it\/cattolica\/wp-content\/uploads\/2014\/04\/logo-rassegna1.gif","contentUrl":"https:\/\/www.rassegnastampa-totustuus.it\/cattolica\/wp-content\/uploads\/2014\/04\/logo-rassegna1.gif","width":600,"height":163,"caption":"Rassegna Stampa Cattolica"},"image":{"@id":"https:\/\/www.rassegnastampa-totustuus.it\/cattolica\/#\/schema\/logo\/image\/"},"sameAs":["https:\/\/www.facebook.com\/rassegnastampacattolica","https:\/\/x.com\/rassegnastampa9"]},{"@type":"Person","@id":"https:\/\/www.rassegnastampa-totustuus.it\/cattolica\/#\/schema\/person\/08f319d2bd1a0904ad9e2bfb7b15e5c3","name":"Redazione","image":{"@type":"ImageObject","inLanguage":"it-IT","@id":"https:\/\/secure.gravatar.com\/avatar\/2fcdf27c78ea025fbdb44e914cc63c72249ffec9dc8aafd5c82b26240ef3f346?s=96&d=mm&r=g","url":"https:\/\/secure.gravatar.com\/avatar\/2fcdf27c78ea025fbdb44e914cc63c72249ffec9dc8aafd5c82b26240ef3f346?s=96&d=mm&r=g","contentUrl":"https:\/\/secure.gravatar.com\/avatar\/2fcdf27c78ea025fbdb44e914cc63c72249ffec9dc8aafd5c82b26240ef3f346?s=96&d=mm&r=g","caption":"Redazione"},"url":"https:\/\/www.rassegnastampa-totustuus.it\/cattolica\/author\/pietroelle\/"}]}},"_links":{"self":[{"href":"https:\/\/www.rassegnastampa-totustuus.it\/cattolica\/wp-json\/wp\/v2\/posts\/60920","targetHints":{"allow":["GET"]}}],"collection":[{"href":"https:\/\/www.rassegnastampa-totustuus.it\/cattolica\/wp-json\/wp\/v2\/posts"}],"about":[{"href":"https:\/\/www.rassegnastampa-totustuus.it\/cattolica\/wp-json\/wp\/v2\/types\/post"}],"author":[{"embeddable":true,"href":"https:\/\/www.rassegnastampa-totustuus.it\/cattolica\/wp-json\/wp\/v2\/users\/6"}],"replies":[{"embeddable":true,"href":"https:\/\/www.rassegnastampa-totustuus.it\/cattolica\/wp-json\/wp\/v2\/comments?post=60920"}],"version-history":[{"count":1,"href":"https:\/\/www.rassegnastampa-totustuus.it\/cattolica\/wp-json\/wp\/v2\/posts\/60920\/revisions"}],"predecessor-version":[{"id":60922,"href":"https:\/\/www.rassegnastampa-totustuus.it\/cattolica\/wp-json\/wp\/v2\/posts\/60920\/revisions\/60922"}],"wp:featuredmedia":[{"embeddable":true,"href":"https:\/\/www.rassegnastampa-totustuus.it\/cattolica\/wp-json\/wp\/v2\/media\/51950"}],"wp:attachment":[{"href":"https:\/\/www.rassegnastampa-totustuus.it\/cattolica\/wp-json\/wp\/v2\/media?parent=60920"}],"wp:term":[{"taxonomy":"category","embeddable":true,"href":"https:\/\/www.rassegnastampa-totustuus.it\/cattolica\/wp-json\/wp\/v2\/categories?post=60920"},{"taxonomy":"post_tag","embeddable":true,"href":"https:\/\/www.rassegnastampa-totustuus.it\/cattolica\/wp-json\/wp\/v2\/tags?post=60920"}],"curies":[{"name":"wp","href":"https:\/\/api.w.org\/{rel}","templated":true}]}}