{"id":60917,"date":"2024-07-22T19:14:18","date_gmt":"2024-07-22T17:14:18","guid":{"rendered":"https:\/\/www.rassegnastampa-totustuus.it\/cattolica\/?p=60917"},"modified":"2024-07-22T19:14:20","modified_gmt":"2024-07-22T17:14:20","slug":"bozza-automaticasinistre-stampelle-del-capitale-gli-effetti-della-plutocrazia-globale","status":"publish","type":"post","link":"https:\/\/www.rassegnastampa-totustuus.it\/cattolica\/bozza-automaticasinistre-stampelle-del-capitale-gli-effetti-della-plutocrazia-globale\/","title":{"rendered":"Sinistre stampelle del Capitale. Gli effetti della plutocrazia globale"},"content":{"rendered":"<p style=\"text-align: justify;\"><span style=\"color: #000000;\"><strong><img loading=\"lazy\" decoding=\"async\" class=\"size-full wp-image-60918 alignright\" src=\"https:\/\/www.rassegnastampa-totustuus.it\/cattolica\/wp-content\/uploads\/2024\/07\/capitalismo_plutocrazia_economia.jpg\" alt=\"\" width=\"300\" height=\"219\" \/>Abstract: <\/strong><em>Sinistre stampelle del Capitale. Gli effetti della plutocrazia globale. Acutamente, il giornalista Maurizio Blondet ha scritto sul suo blog: &#8221; Anche in Italia la ricchezza \u00e8 in mano a un gruppo sempre pi\u00f9 piccolo di persone&#8221;. &#8220;La dittatura dei miliardari, che si autodefinisce \u201cdemocrazia occidentale\u201d. Che in questo caso hanno fatto i miliardi migliaia di miliardi. Letteralmente &#8220;defraudando della giusta mercede gli operai\u201d. Cosa \u00e8 stata infatti la de-localizzazione di industrie e aziende tecnologiche con cui i miliardari hanno colpito e smantellato gli Stati Uniti? Sono stati i plutocrati americani a fare della Cina la potenza industriale avanzata che non era&#8221;. <\/em><\/span><\/p>\n<p><!--more--><\/p>\n<p style=\"text-align: center;\"><strong><span style=\"color: #0000ff;\"><a style=\"color: #0000ff;\" href=\"https:\/\/www.affaritaliani.it\/\" target=\"_blank\" rel=\"noopener\">Affari italiani<\/a><\/span> <\/strong>domenica 21 Luglio 2024<\/p>\n<h3 style=\"text-align: center;\"><strong>Sinistra stampella del Grande Capitale. <\/strong><\/h3>\n<h3 style=\"text-align: center;\"><strong>E il proletariato\u00a0 <\/strong><strong>vota sempre pi\u00f9 a destra \u00a0<\/strong><\/h3>\n<h3 style=\"text-align: center;\"><strong>Gli effetti della plutocrazia globale<\/strong><\/h3>\n<p style=\"text-align: center;\">di <strong>Matteo Castagna <\/strong><\/p>\n<p style=\"text-align: justify;\"><span style=\"color: #000000;\">La Germania ha sfiorato una recessione all&#8217;inizio dell&#8217;anno, ma la crescita \u00e8 stata pi\u00f9 lenta del previsto e il governo tedesco, come il Regno Unito e la Francia, sta lottando per tappare un buco di bilancio<\/span><\/p>\n<p style=\"text-align: justify;\"><span style=\"color: #000000;\"><strong>L&#8217;escalation di guerra,<\/strong> in questo momento, \u00e8 visibile dai conflitti sul <strong>campo di battaglia<\/strong>, dalla lotta <strong>economica <\/strong>tra il blocco occidentale e i BRICS+, dalla lotta <strong>tecnologica, <\/strong>dalle preparazioni di nuove basi americane ai confini della Finlandia e dalle implementazioni militari terrestri e marittime atte a <strong>circondare l&#8217;heartland <\/strong>rappresentato dalla Russia, ma anche presidiare il Mediterraneo, a protezione di <strong>Israele.<\/strong><\/span><\/p>\n<p style=\"text-align: justify;\"><span style=\"color: #000000;\"><img loading=\"lazy\" decoding=\"async\" class=\"wp-image-54007 alignright\" src=\"https:\/\/www.rassegnastampa-totustuus.it\/cattolica\/wp-content\/uploads\/2022\/05\/Zelensky_Ucraina.jpg\" alt=\"\" width=\"313\" height=\"235\" \/>Gli atlantisti si stanno preparando ad attaccare, almeno cos\u00ec appare ai maggiori analisti europei. Se osserviamo lo scenario geopolitico, ci sono ancora molte incognite da definire, prima di gettarsi in una guerra mondiale. Nella storia, non vi \u00e8 stata mai un&#8217;attesa cos\u00ec ansiosa per l&#8217;esito delle presidenziali statunitensi di novembre. <strong>Donald Trump<\/strong> ha avuto una conversazione telefonica cordiale con il presidente ucraino <strong>Zelensky<\/strong>, ma anche ferma sul punto che con la sua probabile elezione egli riuscir\u00e0 a giungere al cessate il fuoco in brevissimo termine.<\/span><\/p>\n<p style=\"text-align: justify;\"><span style=\"color: #000000;\">L&#8217;attentato subito ha galvanizzato il tycoon, che non ha mai fatto la vittima, ma <strong>l&#8217;Uomo<\/strong>, forte e coraggioso, che, appena colpito, grida al suo popolo<em> <strong>&#8220;fight, fight fight!&#8221;<\/strong><\/em> (lottare, lottare, lottare!) \u00e8 l&#8217;immagine della pi\u00f9 difficile campagna elettorale della Superpotenza, che non mancher\u00e0 di ulteriori colpi di scena e, secondo gli esperti di intelligence,\u00a0di ulteriori attentati.<\/span><\/p>\n<p style=\"text-align: justify;\"><span style=\"color: #000000;\">The Donald, dopo gli spari, si \u00e8 rafforzato politicamente, tanto da poter chiedere, senza remore, se <strong>Joe Biden<\/strong>, nella sua veste di comandante delle forze armate, dia garanzie certe di essere sempre perfettamente lucido, ovvero idoneo al gravoso compito. Potrebbe richiedere un giudizio medico imparziale, anche sotto lo stress di un eventuale conflitto aperto. Il sistema esiste, seppur molto complesso per il paziente, ma i<strong>n due ore determina una valutazione oggettiva sulla base di punteggi e scale sui test cognitivi.<\/strong><\/span><\/p>\n<p style=\"text-align: justify;\"><span style=\"color: #000000;\">La prestigiosa agenzia <strong>Reuters<\/strong> del 17\/7\/24 ha pubblicato la notizia per cui la<strong> Germania prevede di approvare mercoled\u00ec il bilancio 2025<\/strong>, dopo mesi di discussioni, sperando che un forte rimbalzo economico lo aiuti a colmare un divario di 17 miliardi di euro (18,55 miliardi di dollari) tra la spesa prevista e le entrate.<\/span><\/p>\n<p style=\"text-align: justify;\"><span style=\"color: #000000;\"><strong><img loading=\"lazy\" decoding=\"async\" class=\" wp-image-45388 alignleft\" src=\"https:\/\/www.rassegnastampa-totustuus.it\/cattolica\/wp-content\/uploads\/2019\/12\/Germania_bandiera.jpg\" alt=\"\" width=\"304\" height=\"197\" \/>La pi\u00f9 grande economia della zona euro <\/strong>ha sfiorato una recessione all&#8217;inizio dell&#8217;anno, ma la crescita \u00e8 stata pi\u00f9 lenta del previsto e il governo tedesco, come il <strong>Regno Unito<\/strong> e la <strong>Francia<\/strong>, sta lottando per tappare un buco di bilancio.<\/span><\/p>\n<p style=\"text-align: justify;\"><span style=\"color: #000000;\">Il budget per il 2025 prevede una pianificazione finanziaria a medio termine fino al 2028, anno in cui si esaurir\u00e0 il fondo speciale delle forze armate per raggiungere gli obiettivi minimi di spesa della <strong>NATO<\/strong>.<\/span><\/p>\n<p style=\"text-align: justify;\"><span style=\"color: #000000;\">Pochi giorni dopo l&#8217;invasione russa dell&#8217;Ucraina nel 2022, il cancelliere <strong>Olaf Scholz<\/strong> ha annunciato una <strong><em>&#8220;Zeitenwende&#8221;<\/em><\/strong> \u2013 che in tedesco significa una svolta storica \u2013 con un <strong>fondo speciale da 100 miliardi di euro<\/strong> per modernizzare l&#8217;esercito e raggiungere il parametro di riferimento della NATO di spesa per la difesa equivalente al <strong>2% del prodotto interno lordo.<\/strong><\/span><\/p>\n<p style=\"text-align: justify;\"><span style=\"color: #000000;\"><strong>Nel 2028, c&#8217;\u00e8 un buco di 39 miliardi di euro nel bilancio regolare<\/strong>, con 28 miliardi di euro necessari per rispettare l&#8217;obiettivo della NATO senza il fondo speciale, hanno detto fonti del ministero delle Finanze. Secondo le fonti, c&#8217;\u00e8 un deficit di finanziamento di 13 miliardi di euro nel 2026 e nel 2027.<\/span><\/p>\n<p style=\"text-align: justify;\"><span style=\"color: #000000;\"><strong>Il bilancio del prossimo anno sar\u00e0 meno generoso nei confronti dell&#8217;Ucraina, con il governo che taglier\u00e0 gli aiuti militari per il Paese a 4 miliardi di euro da circa 8 miliardi di euro nel 2024<\/strong>, secondo una bozza del bilancio vista dalla Reuters. Il governo prevede inoltre di approvare mercoled\u00ec un<strong> bilancio suppletivo per l&#8217;anno in corso con 11 miliardi di euro di prestiti aggiuntiv<\/strong>i, per un totale di <strong>50,3 miliardi di euro di prestiti netti<\/strong>, hanno detto le fonti.<\/span><\/p>\n<p style=\"text-align: justify;\"><span style=\"color: #000000;\">Acutamente, il giornalista <strong>Maurizio Blondet <\/strong>ha scritto sul suo blog: &#8221; <strong>Anche in Italia la ricchezza \u00e8 in mano a un gruppo sempre pi\u00f9 piccolo di persone&#8221;.<\/strong><\/span><\/p>\n<p><img loading=\"lazy\" decoding=\"async\" class=\"wp-image-46133  alignright\" src=\"https:\/\/www.rassegnastampa-totustuus.it\/cattolica\/wp-content\/uploads\/2020\/01\/soldi_mondo_colonialismo-300x212.jpg\" alt=\"\" width=\"335\" height=\"237\" srcset=\"https:\/\/www.rassegnastampa-totustuus.it\/cattolica\/wp-content\/uploads\/2020\/01\/soldi_mondo_colonialismo-300x212.jpg 300w, https:\/\/www.rassegnastampa-totustuus.it\/cattolica\/wp-content\/uploads\/2020\/01\/soldi_mondo_colonialismo-768x542.jpg 768w, https:\/\/www.rassegnastampa-totustuus.it\/cattolica\/wp-content\/uploads\/2020\/01\/soldi_mondo_colonialismo-1024x723.jpg 1024w, https:\/\/www.rassegnastampa-totustuus.it\/cattolica\/wp-content\/uploads\/2020\/01\/soldi_mondo_colonialismo.jpg 1920w\" sizes=\"auto, (max-width: 335px) 100vw, 335px\" \/><\/p>\n<p style=\"text-align: justify;\"><span style=\"color: #000000;\">&#8220;La <strong>dittatura dei miliardari<\/strong>, che si autodefinisce <strong>\u201cdemocrazia occidentale\u201d.<\/strong> Che in questo caso hanno fatto i miliardi migliaia di miliardi. Letteralmente <strong>&#8220;defraudando della giusta mercede gli operai\u201d<\/strong>. Cosa \u00e8 stata infatti la de-localizzazione di industrie e aziende tecnologiche con cui i miliardari hanno colpito e smantellato gli Stati Uniti? Invece di pagare un ingegnere americano i giusti<strong> 3mila dollari <\/strong>al mese, hanno spostato le industrie in<strong> India<\/strong> e <strong>Cina,<\/strong> dove pagano gli ingegneri <strong>300 euro<\/strong>.<\/span><\/p>\n<p style=\"text-align: justify;\"><span style=\"color: #000000;\">Senza prevedere, nella loro stupida avidit\u00e0 di breve termine (il \u201cbreve termine\u201d \u00e8 ci\u00f2 che premia la <strong>speculazione finanziaria a Wall Street,<\/strong> che i cinesi si sarebbero impossessati delle tecnologie a loro vantaggio nazionale.<\/span><\/p>\n<p style=\"text-align: justify;\"><span style=\"color: #000000;\"><strong>Sono stati i plutocrati americani a fare della Cina la potenza industriale avanzata che non era&#8221;<\/strong>. \u201cUna popolazione in calo e una societ\u00e0 che invecchia tendono a ridurre il livello di attivit\u00e0 economica\u201d. Anche nell\u2019ultimo anno, mentre il patrimonio medio per adulto aumenta (in media) in tutto il mondo, in Italia \u00e8 calato del 4%\u00a0&#8211; aggiunge Bllondet.<\/span><\/p>\n<p style=\"text-align: justify;\"><span style=\"color: #000000;\">&#8220;In Italia oggi ci sono <strong>1,33 milioni <\/strong>di persone che hanno un patrimonio al di sopra del milione di dollari, e questo numero \u2013 si stima \u2013 aumenter\u00e0 fino ad arrivare a <strong>1,46 milioni nel 2028<\/strong>. Nel frattempo, ci\u00f2 che scende \u00e8 il patrimonio mediano. Questo \u00e8 il patrimonio che viene calcolato per avere un\u2019idea della ricchezza a disposizione della persona-tipo, senza che la media venga alterata da chi \u00e8 estremamente ricco o estremamente povero.<strong> Il patrimonio mediano, dunque, \u00e8 sceso del 3% dal 2008 a oggi.<\/strong> Negli ultimi quindici anni, recita il rapporto,<strong><em> \u201csono le fasce di popolazione pi\u00f9 povere che hanno pagato il prezzo di questo calo\u201d.<\/em><\/strong><\/span><\/p>\n<div id=\"attachment_51081\" style=\"width: 194px\" class=\"wp-caption alignleft\"><img loading=\"lazy\" decoding=\"async\" aria-describedby=\"caption-attachment-51081\" class=\"wp-image-51081 size-full\" src=\"https:\/\/www.rassegnastampa-totustuus.it\/cattolica\/wp-content\/uploads\/2021\/05\/Noam_Chomsky.jpg\" alt=\"\" width=\"194\" height=\"260\" \/><p id=\"caption-attachment-51081\" class=\"wp-caption-text\">Noham Chomsky<\/p><\/div>\n<p style=\"text-align: justify;\"><span style=\"color: #000000;\">Il noto economista <strong>Noham<\/strong> <strong>Chomsky <\/strong>ha detto<strong>:<\/strong> &#8220;via via che si risale, l\u2019influenza delle persone sulle politiche effettivamente adottate cresce. Sino all\u20191% che si posiziona pi\u00f9 in alto nella scala sociale, rappresentato da coloro che, dalla politica, ottengono tutto ci\u00f2 che desiderano.<\/span><\/p>\n<p style=\"text-align: justify;\"><span style=\"color: #000000;\">Questa <strong>non si chiama democrazia ma plutocrazia<\/strong> ed \u00e8 questa la direzione verso la quale le nostre societ\u00e0 stanno venendo sospinte. Il nome di questa tendenza si chiama <strong>neoliberismo<\/strong>: designa cio\u00e8 tutto l\u2019insieme di politiche economiche e sociali e di altro genere, ideate per conseguire questi risultati. Esiste a tal proposito uno studio effettuato dall\u2019agenzia umanitaria <strong>Oxfam<\/strong>: <strong>85 persone nel mondo<\/strong> detengono la medesima ricchezza detenuta da <strong>3,5 miliardi<\/strong> di altre persone.<\/span><\/p>\n<p style=\"text-align: justify;\"><span style=\"color: #000000;\">Quando la <strong>sinistra<\/strong> fa solo la stampella del <strong>Grande Capitale<\/strong>, si adegua a questo sistema, ha concluso il motivo della sua esistenza. Per questo sguazza nel globalismo e nelle follie wok. Ha perso la spinta propulsiva per cui \u00e8 nata. E il proletariato vota sempre pi\u00f9 a destra, nonostante i magheggi delle leggi elettorali e delle modalit\u00e0 di voto portino ai vertici europei gli sconfitti da due popoli: quello astensionista e quello di estrema destra.<\/span><\/p>\n<p>___________________________________________<\/p>\n<p><span style=\"color: #000000;\"><strong>Leggi anche:<\/strong><\/span><\/p>\n<p><a href=\"https:\/\/www.rassegnastampa-totustuus.it\/cattolica\/sinistra-e-capitalismo-una-fusione-appassionata\/\" target=\"_blank\" rel=\"noopener\"><span style=\"color: #0000ff;\">Sinistra e capitalismo, una fusione appassionata<\/span><\/a><\/p>\n<p><a href=\"https:\/\/www.rassegnastampa-totustuus.it\/cattolica\/soros-la-societa-aperta-i-suoi-oligarchi-a-colloquio-con-roberto-pecchiolisoros-la-societa-aperta-e-i-suoi-oligarchi\/\" target=\"_blank\" rel=\"noopener\"><span style=\"color: #0000ff;\">Soros, la societ\u00e0 aperta &amp; i suoi oligarchi. A colloquio con Roberto Pecchioli<\/span><\/a><\/p>\n","protected":false},"excerpt":{"rendered":"<p>Abstract: Sinistre stampelle del Capitale. Gli effetti della plutocrazia globale. Acutamente, il giornalista Maurizio Blondet ha scritto sul suo blog: &#8221; Anche in Italia la ricchezza \u00e8 in mano a un gruppo sempre pi\u00f9 piccolo di persone&#8221;. &#8220;La dittatura dei miliardari, che si autodefinisce \u201cdemocrazia occidentale\u201d. Che in questo caso hanno fatto i miliardi migliaia &hellip; <\/p>\n<p><a class=\"more-link btn\" href=\"https:\/\/www.rassegnastampa-totustuus.it\/cattolica\/bozza-automaticasinistre-stampelle-del-capitale-gli-effetti-della-plutocrazia-globale\/\">Continua a leggere<\/a><\/p>\n","protected":false},"author":6,"featured_media":60918,"comment_status":"closed","ping_status":"closed","sticky":false,"template":"","format":"standard","meta":{"footnotes":""},"categories":[32,13],"tags":[178,2389,648,447,3050,1231],"class_list":["post-60917","post","type-post","status-publish","format-standard","has-post-thumbnail","hentry","category-filosofia-del-comunismo","category-economia","tag-capitalismo","tag-economia","tag-globalizzazione","tag-liberismo","tag-plutocrazia","tag-sinistre","item-wrap"],"yoast_head":"<!-- This site is optimized with the Yoast SEO plugin v27.5 - https:\/\/yoast.com\/product\/yoast-seo-wordpress\/ -->\n<title>Sinistre stampelle del Capitale. Gli effetti della plutocrazia globale - Rassegna Stampa Cattolica<\/title>\n<meta name=\"description\" content=\"Sinistre stampelle del Capitale. Gli effetti della plutocrazia globale, una dittatura di miliardari che ha defraudato l&#039;Occidente\" \/>\n<meta name=\"robots\" content=\"index, follow, max-snippet:-1, max-image-preview:large, max-video-preview:-1\" \/>\n<link rel=\"canonical\" href=\"https:\/\/www.rassegnastampa-totustuus.it\/cattolica\/bozza-automaticasinistre-stampelle-del-capitale-gli-effetti-della-plutocrazia-globale\/\" \/>\n<meta property=\"og:locale\" content=\"it_IT\" \/>\n<meta property=\"og:type\" content=\"article\" \/>\n<meta property=\"og:title\" content=\"Sinistre stampelle del Capitale. Gli effetti della plutocrazia globale - Rassegna Stampa Cattolica\" \/>\n<meta property=\"og:description\" content=\"Sinistre stampelle del Capitale. Gli effetti della plutocrazia globale, una dittatura di miliardari che ha defraudato l&#039;Occidente\" \/>\n<meta property=\"og:url\" content=\"https:\/\/www.rassegnastampa-totustuus.it\/cattolica\/bozza-automaticasinistre-stampelle-del-capitale-gli-effetti-della-plutocrazia-globale\/\" \/>\n<meta property=\"og:site_name\" content=\"Rassegna Stampa Cattolica\" \/>\n<meta property=\"article:publisher\" content=\"https:\/\/www.facebook.com\/rassegnastampacattolica\" \/>\n<meta property=\"article:published_time\" content=\"2024-07-22T17:14:18+00:00\" \/>\n<meta property=\"article:modified_time\" content=\"2024-07-22T17:14:20+00:00\" \/>\n<meta property=\"og:image\" content=\"https:\/\/www.rassegnastampa-totustuus.it\/cattolica\/wp-content\/uploads\/2024\/07\/capitalismo_plutocrazia_economia.jpg\" \/>\n\t<meta property=\"og:image:width\" content=\"300\" \/>\n\t<meta property=\"og:image:height\" content=\"219\" \/>\n\t<meta property=\"og:image:type\" content=\"image\/jpeg\" \/>\n<meta name=\"author\" content=\"Redazione\" \/>\n<meta name=\"twitter:card\" content=\"summary_large_image\" \/>\n<meta name=\"twitter:creator\" content=\"@rassegnastampa9\" \/>\n<meta name=\"twitter:site\" content=\"@rassegnastampa9\" \/>\n<meta name=\"twitter:label1\" content=\"Scritto da\" \/>\n\t<meta name=\"twitter:data1\" content=\"Redazione\" \/>\n\t<meta name=\"twitter:label2\" content=\"Tempo di lettura stimato\" \/>\n\t<meta name=\"twitter:data2\" content=\"9 minuti\" \/>\n<script type=\"application\/ld+json\" class=\"yoast-schema-graph\">{\"@context\":\"https:\\\/\\\/schema.org\",\"@graph\":[{\"@type\":\"Article\",\"@id\":\"https:\\\/\\\/www.rassegnastampa-totustuus.it\\\/cattolica\\\/bozza-automaticasinistre-stampelle-del-capitale-gli-effetti-della-plutocrazia-globale\\\/#article\",\"isPartOf\":{\"@id\":\"https:\\\/\\\/www.rassegnastampa-totustuus.it\\\/cattolica\\\/bozza-automaticasinistre-stampelle-del-capitale-gli-effetti-della-plutocrazia-globale\\\/\"},\"author\":{\"name\":\"Redazione\",\"@id\":\"https:\\\/\\\/www.rassegnastampa-totustuus.it\\\/cattolica\\\/#\\\/schema\\\/person\\\/08f319d2bd1a0904ad9e2bfb7b15e5c3\"},\"headline\":\"Sinistre stampelle del Capitale. Gli effetti della plutocrazia globale\",\"datePublished\":\"2024-07-22T17:14:18+00:00\",\"dateModified\":\"2024-07-22T17:14:20+00:00\",\"mainEntityOfPage\":{\"@id\":\"https:\\\/\\\/www.rassegnastampa-totustuus.it\\\/cattolica\\\/bozza-automaticasinistre-stampelle-del-capitale-gli-effetti-della-plutocrazia-globale\\\/\"},\"wordCount\":1264,\"publisher\":{\"@id\":\"https:\\\/\\\/www.rassegnastampa-totustuus.it\\\/cattolica\\\/#organization\"},\"image\":{\"@id\":\"https:\\\/\\\/www.rassegnastampa-totustuus.it\\\/cattolica\\\/bozza-automaticasinistre-stampelle-del-capitale-gli-effetti-della-plutocrazia-globale\\\/#primaryimage\"},\"thumbnailUrl\":\"https:\\\/\\\/www.rassegnastampa-totustuus.it\\\/cattolica\\\/wp-content\\\/uploads\\\/2024\\\/07\\\/capitalismo_plutocrazia_economia.jpg\",\"keywords\":[\"capitalismo\",\"Economia\",\"globalizzazione\",\"liberismo\",\"plutocrazia\",\"sinistre\"],\"articleSection\":[\"Comunismo\",\"Economia\"],\"inLanguage\":\"it-IT\"},{\"@type\":\"WebPage\",\"@id\":\"https:\\\/\\\/www.rassegnastampa-totustuus.it\\\/cattolica\\\/bozza-automaticasinistre-stampelle-del-capitale-gli-effetti-della-plutocrazia-globale\\\/\",\"url\":\"https:\\\/\\\/www.rassegnastampa-totustuus.it\\\/cattolica\\\/bozza-automaticasinistre-stampelle-del-capitale-gli-effetti-della-plutocrazia-globale\\\/\",\"name\":\"Sinistre stampelle del Capitale. Gli effetti della plutocrazia globale - Rassegna Stampa Cattolica\",\"isPartOf\":{\"@id\":\"https:\\\/\\\/www.rassegnastampa-totustuus.it\\\/cattolica\\\/#website\"},\"primaryImageOfPage\":{\"@id\":\"https:\\\/\\\/www.rassegnastampa-totustuus.it\\\/cattolica\\\/bozza-automaticasinistre-stampelle-del-capitale-gli-effetti-della-plutocrazia-globale\\\/#primaryimage\"},\"image\":{\"@id\":\"https:\\\/\\\/www.rassegnastampa-totustuus.it\\\/cattolica\\\/bozza-automaticasinistre-stampelle-del-capitale-gli-effetti-della-plutocrazia-globale\\\/#primaryimage\"},\"thumbnailUrl\":\"https:\\\/\\\/www.rassegnastampa-totustuus.it\\\/cattolica\\\/wp-content\\\/uploads\\\/2024\\\/07\\\/capitalismo_plutocrazia_economia.jpg\",\"datePublished\":\"2024-07-22T17:14:18+00:00\",\"dateModified\":\"2024-07-22T17:14:20+00:00\",\"description\":\"Sinistre stampelle del Capitale. Gli effetti della plutocrazia globale, una dittatura di miliardari che ha defraudato l'Occidente\",\"breadcrumb\":{\"@id\":\"https:\\\/\\\/www.rassegnastampa-totustuus.it\\\/cattolica\\\/bozza-automaticasinistre-stampelle-del-capitale-gli-effetti-della-plutocrazia-globale\\\/#breadcrumb\"},\"inLanguage\":\"it-IT\",\"potentialAction\":[{\"@type\":\"ReadAction\",\"target\":[\"https:\\\/\\\/www.rassegnastampa-totustuus.it\\\/cattolica\\\/bozza-automaticasinistre-stampelle-del-capitale-gli-effetti-della-plutocrazia-globale\\\/\"]}]},{\"@type\":\"ImageObject\",\"inLanguage\":\"it-IT\",\"@id\":\"https:\\\/\\\/www.rassegnastampa-totustuus.it\\\/cattolica\\\/bozza-automaticasinistre-stampelle-del-capitale-gli-effetti-della-plutocrazia-globale\\\/#primaryimage\",\"url\":\"https:\\\/\\\/www.rassegnastampa-totustuus.it\\\/cattolica\\\/wp-content\\\/uploads\\\/2024\\\/07\\\/capitalismo_plutocrazia_economia.jpg\",\"contentUrl\":\"https:\\\/\\\/www.rassegnastampa-totustuus.it\\\/cattolica\\\/wp-content\\\/uploads\\\/2024\\\/07\\\/capitalismo_plutocrazia_economia.jpg\",\"width\":300,\"height\":219},{\"@type\":\"BreadcrumbList\",\"@id\":\"https:\\\/\\\/www.rassegnastampa-totustuus.it\\\/cattolica\\\/bozza-automaticasinistre-stampelle-del-capitale-gli-effetti-della-plutocrazia-globale\\\/#breadcrumb\",\"itemListElement\":[{\"@type\":\"ListItem\",\"position\":1,\"name\":\"Home\",\"item\":\"https:\\\/\\\/www.rassegnastampa-totustuus.it\\\/cattolica\\\/\"},{\"@type\":\"ListItem\",\"position\":2,\"name\":\"Sinistre stampelle del Capitale. Gli effetti della plutocrazia globale\"}]},{\"@type\":\"WebSite\",\"@id\":\"https:\\\/\\\/www.rassegnastampa-totustuus.it\\\/cattolica\\\/#website\",\"url\":\"https:\\\/\\\/www.rassegnastampa-totustuus.it\\\/cattolica\\\/\",\"name\":\"Rassegna Stampa Cattolica\",\"description\":\"Per una cultura che nasce dalla Rivelazione cristiana in conformit\u00e0 alla tradizione e al Magistero della Chiesa in opposizione ad ogni relativismo e totalitarismo\",\"publisher\":{\"@id\":\"https:\\\/\\\/www.rassegnastampa-totustuus.it\\\/cattolica\\\/#organization\"},\"alternateName\":\"Rass. Cattolica\",\"potentialAction\":[{\"@type\":\"SearchAction\",\"target\":{\"@type\":\"EntryPoint\",\"urlTemplate\":\"https:\\\/\\\/www.rassegnastampa-totustuus.it\\\/cattolica\\\/?s={search_term_string}\"},\"query-input\":{\"@type\":\"PropertyValueSpecification\",\"valueRequired\":true,\"valueName\":\"search_term_string\"}}],\"inLanguage\":\"it-IT\"},{\"@type\":\"Organization\",\"@id\":\"https:\\\/\\\/www.rassegnastampa-totustuus.it\\\/cattolica\\\/#organization\",\"name\":\"Rassegna Stampa Cattolica\",\"url\":\"https:\\\/\\\/www.rassegnastampa-totustuus.it\\\/cattolica\\\/\",\"logo\":{\"@type\":\"ImageObject\",\"inLanguage\":\"it-IT\",\"@id\":\"https:\\\/\\\/www.rassegnastampa-totustuus.it\\\/cattolica\\\/#\\\/schema\\\/logo\\\/image\\\/\",\"url\":\"https:\\\/\\\/www.rassegnastampa-totustuus.it\\\/cattolica\\\/wp-content\\\/uploads\\\/2014\\\/04\\\/logo-rassegna1.gif\",\"contentUrl\":\"https:\\\/\\\/www.rassegnastampa-totustuus.it\\\/cattolica\\\/wp-content\\\/uploads\\\/2014\\\/04\\\/logo-rassegna1.gif\",\"width\":600,\"height\":163,\"caption\":\"Rassegna Stampa Cattolica\"},\"image\":{\"@id\":\"https:\\\/\\\/www.rassegnastampa-totustuus.it\\\/cattolica\\\/#\\\/schema\\\/logo\\\/image\\\/\"},\"sameAs\":[\"https:\\\/\\\/www.facebook.com\\\/rassegnastampacattolica\",\"https:\\\/\\\/x.com\\\/rassegnastampa9\"]},{\"@type\":\"Person\",\"@id\":\"https:\\\/\\\/www.rassegnastampa-totustuus.it\\\/cattolica\\\/#\\\/schema\\\/person\\\/08f319d2bd1a0904ad9e2bfb7b15e5c3\",\"name\":\"Redazione\",\"image\":{\"@type\":\"ImageObject\",\"inLanguage\":\"it-IT\",\"@id\":\"https:\\\/\\\/secure.gravatar.com\\\/avatar\\\/2fcdf27c78ea025fbdb44e914cc63c72249ffec9dc8aafd5c82b26240ef3f346?s=96&d=mm&r=g\",\"url\":\"https:\\\/\\\/secure.gravatar.com\\\/avatar\\\/2fcdf27c78ea025fbdb44e914cc63c72249ffec9dc8aafd5c82b26240ef3f346?s=96&d=mm&r=g\",\"contentUrl\":\"https:\\\/\\\/secure.gravatar.com\\\/avatar\\\/2fcdf27c78ea025fbdb44e914cc63c72249ffec9dc8aafd5c82b26240ef3f346?s=96&d=mm&r=g\",\"caption\":\"Redazione\"},\"url\":\"https:\\\/\\\/www.rassegnastampa-totustuus.it\\\/cattolica\\\/author\\\/pietroelle\\\/\"}]}<\/script>\n<!-- \/ Yoast SEO plugin. -->","yoast_head_json":{"title":"Sinistre stampelle del Capitale. Gli effetti della plutocrazia globale - Rassegna Stampa Cattolica","description":"Sinistre stampelle del Capitale. Gli effetti della plutocrazia globale, una dittatura di miliardari che ha defraudato l'Occidente","robots":{"index":"index","follow":"follow","max-snippet":"max-snippet:-1","max-image-preview":"max-image-preview:large","max-video-preview":"max-video-preview:-1"},"canonical":"https:\/\/www.rassegnastampa-totustuus.it\/cattolica\/bozza-automaticasinistre-stampelle-del-capitale-gli-effetti-della-plutocrazia-globale\/","og_locale":"it_IT","og_type":"article","og_title":"Sinistre stampelle del Capitale. Gli effetti della plutocrazia globale - Rassegna Stampa Cattolica","og_description":"Sinistre stampelle del Capitale. Gli effetti della plutocrazia globale, una dittatura di miliardari che ha defraudato l'Occidente","og_url":"https:\/\/www.rassegnastampa-totustuus.it\/cattolica\/bozza-automaticasinistre-stampelle-del-capitale-gli-effetti-della-plutocrazia-globale\/","og_site_name":"Rassegna Stampa Cattolica","article_publisher":"https:\/\/www.facebook.com\/rassegnastampacattolica","article_published_time":"2024-07-22T17:14:18+00:00","article_modified_time":"2024-07-22T17:14:20+00:00","og_image":[{"width":300,"height":219,"url":"https:\/\/www.rassegnastampa-totustuus.it\/cattolica\/wp-content\/uploads\/2024\/07\/capitalismo_plutocrazia_economia.jpg","type":"image\/jpeg"}],"author":"Redazione","twitter_card":"summary_large_image","twitter_creator":"@rassegnastampa9","twitter_site":"@rassegnastampa9","twitter_misc":{"Scritto da":"Redazione","Tempo di lettura stimato":"9 minuti"},"schema":{"@context":"https:\/\/schema.org","@graph":[{"@type":"Article","@id":"https:\/\/www.rassegnastampa-totustuus.it\/cattolica\/bozza-automaticasinistre-stampelle-del-capitale-gli-effetti-della-plutocrazia-globale\/#article","isPartOf":{"@id":"https:\/\/www.rassegnastampa-totustuus.it\/cattolica\/bozza-automaticasinistre-stampelle-del-capitale-gli-effetti-della-plutocrazia-globale\/"},"author":{"name":"Redazione","@id":"https:\/\/www.rassegnastampa-totustuus.it\/cattolica\/#\/schema\/person\/08f319d2bd1a0904ad9e2bfb7b15e5c3"},"headline":"Sinistre stampelle del Capitale. Gli effetti della plutocrazia globale","datePublished":"2024-07-22T17:14:18+00:00","dateModified":"2024-07-22T17:14:20+00:00","mainEntityOfPage":{"@id":"https:\/\/www.rassegnastampa-totustuus.it\/cattolica\/bozza-automaticasinistre-stampelle-del-capitale-gli-effetti-della-plutocrazia-globale\/"},"wordCount":1264,"publisher":{"@id":"https:\/\/www.rassegnastampa-totustuus.it\/cattolica\/#organization"},"image":{"@id":"https:\/\/www.rassegnastampa-totustuus.it\/cattolica\/bozza-automaticasinistre-stampelle-del-capitale-gli-effetti-della-plutocrazia-globale\/#primaryimage"},"thumbnailUrl":"https:\/\/www.rassegnastampa-totustuus.it\/cattolica\/wp-content\/uploads\/2024\/07\/capitalismo_plutocrazia_economia.jpg","keywords":["capitalismo","Economia","globalizzazione","liberismo","plutocrazia","sinistre"],"articleSection":["Comunismo","Economia"],"inLanguage":"it-IT"},{"@type":"WebPage","@id":"https:\/\/www.rassegnastampa-totustuus.it\/cattolica\/bozza-automaticasinistre-stampelle-del-capitale-gli-effetti-della-plutocrazia-globale\/","url":"https:\/\/www.rassegnastampa-totustuus.it\/cattolica\/bozza-automaticasinistre-stampelle-del-capitale-gli-effetti-della-plutocrazia-globale\/","name":"Sinistre stampelle del Capitale. Gli effetti della plutocrazia globale - Rassegna Stampa Cattolica","isPartOf":{"@id":"https:\/\/www.rassegnastampa-totustuus.it\/cattolica\/#website"},"primaryImageOfPage":{"@id":"https:\/\/www.rassegnastampa-totustuus.it\/cattolica\/bozza-automaticasinistre-stampelle-del-capitale-gli-effetti-della-plutocrazia-globale\/#primaryimage"},"image":{"@id":"https:\/\/www.rassegnastampa-totustuus.it\/cattolica\/bozza-automaticasinistre-stampelle-del-capitale-gli-effetti-della-plutocrazia-globale\/#primaryimage"},"thumbnailUrl":"https:\/\/www.rassegnastampa-totustuus.it\/cattolica\/wp-content\/uploads\/2024\/07\/capitalismo_plutocrazia_economia.jpg","datePublished":"2024-07-22T17:14:18+00:00","dateModified":"2024-07-22T17:14:20+00:00","description":"Sinistre stampelle del Capitale. Gli effetti della plutocrazia globale, una dittatura di miliardari che ha defraudato l'Occidente","breadcrumb":{"@id":"https:\/\/www.rassegnastampa-totustuus.it\/cattolica\/bozza-automaticasinistre-stampelle-del-capitale-gli-effetti-della-plutocrazia-globale\/#breadcrumb"},"inLanguage":"it-IT","potentialAction":[{"@type":"ReadAction","target":["https:\/\/www.rassegnastampa-totustuus.it\/cattolica\/bozza-automaticasinistre-stampelle-del-capitale-gli-effetti-della-plutocrazia-globale\/"]}]},{"@type":"ImageObject","inLanguage":"it-IT","@id":"https:\/\/www.rassegnastampa-totustuus.it\/cattolica\/bozza-automaticasinistre-stampelle-del-capitale-gli-effetti-della-plutocrazia-globale\/#primaryimage","url":"https:\/\/www.rassegnastampa-totustuus.it\/cattolica\/wp-content\/uploads\/2024\/07\/capitalismo_plutocrazia_economia.jpg","contentUrl":"https:\/\/www.rassegnastampa-totustuus.it\/cattolica\/wp-content\/uploads\/2024\/07\/capitalismo_plutocrazia_economia.jpg","width":300,"height":219},{"@type":"BreadcrumbList","@id":"https:\/\/www.rassegnastampa-totustuus.it\/cattolica\/bozza-automaticasinistre-stampelle-del-capitale-gli-effetti-della-plutocrazia-globale\/#breadcrumb","itemListElement":[{"@type":"ListItem","position":1,"name":"Home","item":"https:\/\/www.rassegnastampa-totustuus.it\/cattolica\/"},{"@type":"ListItem","position":2,"name":"Sinistre stampelle del Capitale. Gli effetti della plutocrazia globale"}]},{"@type":"WebSite","@id":"https:\/\/www.rassegnastampa-totustuus.it\/cattolica\/#website","url":"https:\/\/www.rassegnastampa-totustuus.it\/cattolica\/","name":"Rassegna Stampa Cattolica","description":"Per una cultura che nasce dalla Rivelazione cristiana in conformit\u00e0 alla tradizione e al Magistero della Chiesa in opposizione ad ogni relativismo e totalitarismo","publisher":{"@id":"https:\/\/www.rassegnastampa-totustuus.it\/cattolica\/#organization"},"alternateName":"Rass. Cattolica","potentialAction":[{"@type":"SearchAction","target":{"@type":"EntryPoint","urlTemplate":"https:\/\/www.rassegnastampa-totustuus.it\/cattolica\/?s={search_term_string}"},"query-input":{"@type":"PropertyValueSpecification","valueRequired":true,"valueName":"search_term_string"}}],"inLanguage":"it-IT"},{"@type":"Organization","@id":"https:\/\/www.rassegnastampa-totustuus.it\/cattolica\/#organization","name":"Rassegna Stampa Cattolica","url":"https:\/\/www.rassegnastampa-totustuus.it\/cattolica\/","logo":{"@type":"ImageObject","inLanguage":"it-IT","@id":"https:\/\/www.rassegnastampa-totustuus.it\/cattolica\/#\/schema\/logo\/image\/","url":"https:\/\/www.rassegnastampa-totustuus.it\/cattolica\/wp-content\/uploads\/2014\/04\/logo-rassegna1.gif","contentUrl":"https:\/\/www.rassegnastampa-totustuus.it\/cattolica\/wp-content\/uploads\/2014\/04\/logo-rassegna1.gif","width":600,"height":163,"caption":"Rassegna Stampa Cattolica"},"image":{"@id":"https:\/\/www.rassegnastampa-totustuus.it\/cattolica\/#\/schema\/logo\/image\/"},"sameAs":["https:\/\/www.facebook.com\/rassegnastampacattolica","https:\/\/x.com\/rassegnastampa9"]},{"@type":"Person","@id":"https:\/\/www.rassegnastampa-totustuus.it\/cattolica\/#\/schema\/person\/08f319d2bd1a0904ad9e2bfb7b15e5c3","name":"Redazione","image":{"@type":"ImageObject","inLanguage":"it-IT","@id":"https:\/\/secure.gravatar.com\/avatar\/2fcdf27c78ea025fbdb44e914cc63c72249ffec9dc8aafd5c82b26240ef3f346?s=96&d=mm&r=g","url":"https:\/\/secure.gravatar.com\/avatar\/2fcdf27c78ea025fbdb44e914cc63c72249ffec9dc8aafd5c82b26240ef3f346?s=96&d=mm&r=g","contentUrl":"https:\/\/secure.gravatar.com\/avatar\/2fcdf27c78ea025fbdb44e914cc63c72249ffec9dc8aafd5c82b26240ef3f346?s=96&d=mm&r=g","caption":"Redazione"},"url":"https:\/\/www.rassegnastampa-totustuus.it\/cattolica\/author\/pietroelle\/"}]}},"_links":{"self":[{"href":"https:\/\/www.rassegnastampa-totustuus.it\/cattolica\/wp-json\/wp\/v2\/posts\/60917","targetHints":{"allow":["GET"]}}],"collection":[{"href":"https:\/\/www.rassegnastampa-totustuus.it\/cattolica\/wp-json\/wp\/v2\/posts"}],"about":[{"href":"https:\/\/www.rassegnastampa-totustuus.it\/cattolica\/wp-json\/wp\/v2\/types\/post"}],"author":[{"embeddable":true,"href":"https:\/\/www.rassegnastampa-totustuus.it\/cattolica\/wp-json\/wp\/v2\/users\/6"}],"replies":[{"embeddable":true,"href":"https:\/\/www.rassegnastampa-totustuus.it\/cattolica\/wp-json\/wp\/v2\/comments?post=60917"}],"version-history":[{"count":1,"href":"https:\/\/www.rassegnastampa-totustuus.it\/cattolica\/wp-json\/wp\/v2\/posts\/60917\/revisions"}],"predecessor-version":[{"id":60919,"href":"https:\/\/www.rassegnastampa-totustuus.it\/cattolica\/wp-json\/wp\/v2\/posts\/60917\/revisions\/60919"}],"wp:featuredmedia":[{"embeddable":true,"href":"https:\/\/www.rassegnastampa-totustuus.it\/cattolica\/wp-json\/wp\/v2\/media\/60918"}],"wp:attachment":[{"href":"https:\/\/www.rassegnastampa-totustuus.it\/cattolica\/wp-json\/wp\/v2\/media?parent=60917"}],"wp:term":[{"taxonomy":"category","embeddable":true,"href":"https:\/\/www.rassegnastampa-totustuus.it\/cattolica\/wp-json\/wp\/v2\/categories?post=60917"},{"taxonomy":"post_tag","embeddable":true,"href":"https:\/\/www.rassegnastampa-totustuus.it\/cattolica\/wp-json\/wp\/v2\/tags?post=60917"}],"curies":[{"name":"wp","href":"https:\/\/api.w.org\/{rel}","templated":true}]}}