{"id":60880,"date":"2024-07-12T11:32:13","date_gmt":"2024-07-12T09:32:13","guid":{"rendered":"https:\/\/www.rassegnastampa-totustuus.it\/cattolica\/?p=60880"},"modified":"2024-07-12T11:32:14","modified_gmt":"2024-07-12T09:32:14","slug":"abbiamo-fatto-un-vero-affare-via-gli-ebrei-dentro-gli-islamisti","status":"publish","type":"post","link":"https:\/\/www.rassegnastampa-totustuus.it\/cattolica\/abbiamo-fatto-un-vero-affare-via-gli-ebrei-dentro-gli-islamisti\/","title":{"rendered":"Abbiamo fatto un vero affare: via gli ebrei, dentro gli islamisti"},"content":{"rendered":"<p style=\"text-align: center;\"><span style=\"color: #000000;\"><span style=\"color: #0000ff;\"><a style=\"color: #0000ff;\" href=\"https:\/\/meotti.substack.com\/\" target=\"_blank\" rel=\"noopener\"><strong><img loading=\"lazy\" decoding=\"async\" class=\" wp-image-60881 alignleft\" src=\"https:\/\/www.rassegnastampa-totustuus.it\/cattolica\/wp-content\/uploads\/2024\/07\/ebrei_nazismo.jpg\" alt=\"\" width=\"440\" height=\"240\" \/>Newsletter di Giulio Meotti<\/strong><\/a>\u00a0<\/span> 3 Luglio 2024<\/span><\/p>\n<p style=\"text-align: justify;\"><span style=\"color: #000000;\"> \u00a0<em>Inchieste-choc sull&#8217;islamizzazione censurata da tutti i giornali mainstream, che vedono soltanto saluti romani. &#8220;L&#8217;Europa si libera degli ebrei, mentre celebra la messa solenne multiculturale&#8221;<\/em> <\/span><\/p>\n<p style=\"text-align: center;\"><span style=\"color: #000000;\">di <strong>Giulio Meotti<\/strong><\/span><\/p>\n<p><!--more--><\/p>\n<p style=\"text-align: justify;\"><span style=\"color: #000000;\">I siti della comunit\u00e0 ebraica sono protetti da dissuasori di cemento, telecamere e ingressi di sicurezza. Il velo musulmano \u00e8 onnipresente nelle aree pubbliche e indossato da pi\u00f9 della met\u00e0 delle donne in alcuni quartieri, mentre per le strade non si vede pi\u00f9 un solo copricapo ebraico. A seguito dell\u2019aumento degli incidenti che mettevano in pericolo gli adolescenti ebrei, una scuola ebraica in un quartiere a maggioranza musulmana ha dovuto essere spostata. L\u2019Olocausto non \u00e8 pi\u00f9 insegnato nella maggior parte delle scuole; gli insegnanti hanno paura di affrontare l&#8217;argomento nelle classi a maggioranza musulmana\u201d.<\/span><\/p>\n<p style=\"text-align: justify;\"><span style=\"color: #000000;\">Cos\u00ec per il<\/span> <span style=\"color: #0000ff;\"><a style=\"color: #0000ff;\" href=\"https:\/\/www.gatestoneinstitute.org\/20692\/belgium-antisemitism?utm_source=substack&amp;utm_medium=email\" target=\"_blank\" rel=\"noopener\">Gatestone Institute<\/a><\/span> <span style=\"color: #000000;\">l\u2019ex senatore belga e saggista Alain Destexhe. \u201cLa popolazione della capitale del Belgio e dell&#8217;UE \u00e8 tra il 30 e il 40 per cento musulmana. Dopo il 7 ottobre, nel campus dell&#8217;Universit\u00e9 Libre, gli studenti ebrei sono molestati e maltrattati. Il voto musulmano \u00e8 diventato essenziale per i partiti di sinistra, il cui peso elettorale a Bruxelles, a causa dell&#8217;immigrazione, \u00e8 aumentato in 20 anni, dal 34 al 54 per cento. Rispetto alle ormai centinaia di migliaia di voti musulmani, quelli dei 30.000 ebrei del Belgio non hanno molto peso. Il destino degli ebrei \u00e8 segnato. Il Belgio si sta liberando dagli ebrei \u2013 J\u00fcdenrein \u2013 mentre celebra la messa solenne di un multiculturalismo altamente razzista\u201d.<\/span><\/p>\n<p style=\"text-align: justify;\"><span style=\"color: #000000;\">Intanto il rabbino capo della Grande Sinagoga di Parigi, Moshe Sebbag, chiamava alla partenza:<\/span> \u201c<span style=\"color: #0000ff;\"><a style=\"color: #0000ff;\" href=\"https:\/\/www.jpost.com\/diaspora\/article-808521?utm_source=substack&amp;utm_medium=email\">Non c\u2019\u00e8 futuro per gli ebrei in Francia<\/a><\/span>. <span style=\"color: #000000;\">Dico a tutti i giovani di andare in Israele o in un paese pi\u00f9 sicuro\u201d. Il presidente del concistoro ebraico delle Alpi-Provenza, Zvi Ammar, <\/span><span style=\"color: #0000ff;\"><a style=\"color: #0000ff;\" href=\"https:\/\/www.cnews.fr\/videos\/france\/2024-06-30\/ils-ont-peur-des-agressions-physiques-et-verbales-de-plus-en-plus-de-juifs?utm_source=substack&amp;utm_medium=email\" target=\"_blank\" rel=\"noopener\">confessava<\/a><\/span> <span style=\"color: #000000;\">a <em>Cnews<\/em> che \u201cper non vivere pi\u00f9 nascosti e insicuri\u201d sempre pi\u00f9 ebrei sono pronti all\u2019aliya, a trasferirsi in Israele. \u201cNella bocca delle persone di ogni casa ebraica arriva la domanda: \u2018abbiamo ancora un futuro in Francia?\u2019. Fa molto male. Quando una persona si sente minacciata e in pericolo, pensa di andare altrove. Oggi le persone si sentono pi\u00f9 sicure in Israele, nonostante sia un paese in guerra\u201d.<\/span><\/p>\n<p style=\"text-align: justify;\"><span style=\"color: #000000;\">L\u2019anno scorso, 1.100 ebrei francesi sono partiti per Israele. Quest\u2019anno saranno<\/span> <span style=\"color: #0000ff;\"><a style=\"color: #0000ff;\" href=\"https:\/\/www.timesofisrael.com\/liveblog-june-30-2024\/?utm_source=substack&amp;utm_medium=email\" target=\"_blank\" rel=\"noopener\">4.500<\/a><\/span>. <span style=\"color: #000000;\">Dal 1972, oltre 100.000 ebrei francesi sono svaniti (su mezzo milione). Prima del 2012, cinquecento ebrei lasciavano la Francia ogni anno. Numeri decuplicati.<\/span><\/p>\n<p style=\"text-align: justify;\"><span style=\"color: #000000;\">Un vero affare per l\u2019Europa: perdiamo gli ebrei e guadagniamo i loro carnefici. Intanto ci sono comunit\u00e0 ebraiche in cui<\/span> <a href=\"https:\/\/www.tagesspiegel.de\/internationales\/rabbiner-pinchas-goldschmidt-im-interview-kein-jude-der-fur-eine-rechte-partei-stimmt-macht-das-mit-leichtem-herzen-11915849.html?utm_source=substack&amp;utm_medium=email\" target=\"_blank\" rel=\"noopener\"><span style=\"color: #0000ff;\">fino al 70 per cento degli iscritti sostiene il partito di Marine Le Pen<\/span><\/a>. <span style=\"color: #000000;\">Impensabile fino a ieri. Ma anche questa \u00e8 una conseguenza del 7 ottobre.<\/span><\/p>\n<p style=\"text-align: justify;\"><span style=\"color: #000000;\">Anche il rabbino capo di Barcellona,<\/span> <span style=\"color: #0000ff;\"><a style=\"color: #0000ff;\" href=\"https:\/\/www.independent.co.uk\/news\/world\/europe\/barcelona-terror-attack-chief-rabbi-meir-barhen-jews-move-israel-europe-is-lost-a7903111.html?utm_source=substack&amp;utm_medium=email\">Meir Bar Hen<\/a>,<\/span> <span style=\"color: #000000;\">ha invitato gli ebrei a fare le valigie. \u201cQuesto posto \u00e8 perso. Meglio andarsene prima che dopo\u201d in Israele. La nostra comunit\u00e0 \u201c\u00e8 condannata\u201d sia a causa dell\u2019Islam radicale sia per la riluttanza delle autorit\u00e0 a confrontarlo. Bar Hen ha invitato i correligionari \u201ca pensare di non essere qui per sempre. Li ho incoraggiati a comprare casa in Israele\u201d.<\/span><\/p>\n<p style=\"text-align: justify;\"><span style=\"color: #000000;\">\u201cGli ebrei non hanno futuro in Europa\u201d, gli fa eco Avraham Gigi<\/span>,<span style=\"color: #0000ff;\"> <a style=\"color: #0000ff;\" href=\"https:\/\/www.timesofisrael.com\/brussels-chief-rabbi-rapped-for-saying-jews-have-no-future-in-europe\/?utm_source=substack&amp;utm_medium=email\">rabbino capo di Bruxelles<\/a>.<\/span><\/p>\n<p style=\"text-align: justify;\"><span style=\"color: #000000;\">E<\/span> <span style=\"color: #0000ff;\"><a style=\"color: #0000ff;\" href=\"https:\/\/www.timesofisrael.com\/european-jewry-will-disappear-by-2050-predicts-bestselling-dutch-jewish-writer\/?utm_source=substack&amp;utm_medium=email\" target=\"_blank\" rel=\"noopener\">Leon de Winter<\/a><\/span>, <span style=\"color: #000000;\">uno degli autori olandesi pi\u00f9 noti che vive ad Amsterdam, i cui genitori sono sopravvissuti all\u2019Olocausto, ha spiegato: \u201cPenso che la vita ebraica in Europa sar\u00e0 una cosa del passato entro il 2050. Non c\u2019\u00e8 futuro per loro qui e il loro amore disperato per il vecchio e amato continente morir\u00e0. Questo \u00e8 inevitabile. Ma nemmeno io, realista pessimista, avevo previsto che la situazione sarebbe sfuggita di mano cos\u00ec velocemente in cos\u00ec tante citt\u00e0. Non me lo aspettavo. Sta accadendo molto velocemente\u201d.<\/span><\/p>\n<p style=\"text-align: justify;\"><span style=\"color: #000000;\">Nell\u2019ultimo decennio, l\u2019Europa sembra aver sviluppato una certa disinvoltura psicologica nei confronti dell\u2019assassinio e della fuga dei suoi ebrei. Ci\u00f2 che resta della vita comunitaria ebraica in Europa ora si svolge dietro porte rinforzate, mitra e filo spinato, mentre l\u2019estinzione di una comunit\u00e0 che abita l\u2019Europa ininterrottamente dal 70 d.C, da quando i Romani distrussero il Tempio di Gerusalemme dando il via alla diaspora, viene a malapena discussa.<\/span><\/p>\n<p style=\"text-align: justify;\"><span style=\"color: #000000;\"><img loading=\"lazy\" decoding=\"async\" class=\"size-full wp-image-60882 alignright\" src=\"https:\/\/www.rassegnastampa-totustuus.it\/cattolica\/wp-content\/uploads\/2024\/07\/bambini_scomparsi_ebrei.jpg\" alt=\"\" width=\"500\" height=\"247\" \/>E cos\u00ec, come<\/span> <span style=\"color: #0000ff;\"><a style=\"color: #0000ff;\" href=\"https:\/\/www.jewishnews.co.uk\/opinion-missing-dog-posters-stay-up-posters-of-kidnapped-jewish-children-do-not\/?utm_source=substack&amp;utm_medium=email\" target=\"_blank\" rel=\"noopener\">scrive<\/a><\/span> <span style=\"color: #000000;\">un columnist, \u201cin Europa i manifesti dei cani scomparsi restano affissi su un lato di un lampione, mentre i manifesti dei bambini ebrei scomparsi dall\u2019altro lato vengono strappati\u201d.<\/span><\/p>\n<p style=\"text-align: justify;\"><span style=\"color: #000000;\">Nei giorni scorsi \u00e8 stato sepolto l<\/span>\u2019<span style=\"color: #0000ff;\"><a style=\"color: #0000ff;\" href=\"https:\/\/www.jpost.com\/middle-east\/article-806506?utm_source=substack&amp;utm_medium=email\" target=\"_blank\" rel=\"noopener\">ultimo ebreo dello Yemen<\/a><\/span> <span style=\"color: #000000;\">(un tempo un paese con molti ebrei e dove gli italiani andavano in luna di miele a cercare \u201cesotismo\u201d). Chiss\u00e0 se un giorno assisteremo alle stesse scene in molti paesi europei.<\/span><\/p>\n<p style=\"text-align: justify;\"><span style=\"color: #000000;\">\u201cSai cosa sta succedendo a Londra in questi giorni, sai cosa sta succedendo a Parigi in questi giorni e a Malm\u00f6, una delle principali citt\u00e0 della Svezia?\u201d, ha appena<\/span> <a href=\"https:\/\/nypost.com\/2024\/06\/29\/us-news\/israels-new-consul-general-to-ny-ofir-akunis-warns-of-radical-muslim-occupation\/?utm_source=substack&amp;utm_medium=email\" target=\"_blank\" rel=\"noopener\"><span style=\"color: #0000ff;\">detto<\/span><\/a> <span style=\"color: #000000;\">il console israeliano a New York, Ofir Akunis. \u201cSono sotto l\u2019occupazione musulmana radicale\u201d.<\/span><\/p>\n<p style=\"text-align: justify;\"><span style=\"color: #000000;\">Intanto<\/span> <span style=\"color: #0000ff;\"><a style=\"color: #0000ff;\" href=\"https:\/\/jcpa.org\/the-uncomfortable-truth-about-malmo-sweden-the-host-of-the-european-song-festival\/?utm_source=substack&amp;utm_medium=email\" target=\"_blank\" rel=\"noopener\">Frederik Sieradzki<\/a>,<\/span> <span style=\"color: #000000;\">portavoce della comunit\u00e0 ebraica di Malm\u00f6, dichiara che la terza citt\u00e0 svedese potrebbe perdere tutti i suoi ebrei entro il 2029.<\/span><\/p>\n<p style=\"text-align: justify;\"><span style=\"color: #000000;\">Intanto a Londra\u2026<\/span><\/p>\n<p style=\"text-align: justify;\"><span style=\"color: #000000;\">Un rabbino candidato per i Conservatori,<\/span> <span style=\"color: #0000ff;\"><a style=\"color: #0000ff;\" href=\"https:\/\/www.telegraph.co.uk\/politics\/2024\/07\/01\/conservative-candidate-rabbi-abused-and-intimidated-mosque\/?utm_source=substack&amp;utm_medium=email\">Arnie Saunders<\/a>,<\/span> <span style=\"color: #000000;\">era stato invitato dalla moschea Bilal a Manchester. Saunders \u00e8 stato aggredito.<\/span><\/p>\n<p style=\"text-align: justify;\"><span style=\"color: #000000;\"><img loading=\"lazy\" decoding=\"async\" class=\"size-full wp-image-60883 alignleft\" src=\"https:\/\/www.rassegnastampa-totustuus.it\/cattolica\/wp-content\/uploads\/2024\/07\/islam_europa_attentato.jpg\" alt=\"\" width=\"500\" height=\"281\" \/>La Serbia alleata dei nazisti \u00e8 stata il secondo paese in Europa a dichiararsi \u201cJ\u00fcdenfrei\u201d: sterminarono il 94 per cento degli ebrei serbi. Ora un<\/span><span style=\"color: #0000ff;\"> <a style=\"color: #0000ff;\" href=\"https:\/\/www.euronews.com\/my-europe\/2024\/06\/29\/man-wounds-guard-at-israels-embassy-in-serbia-before-being-shot-dead?utm_source=substack&amp;utm_medium=email\" target=\"_blank\" rel=\"noopener\">attacco terroristico <\/a><\/span><span style=\"color: #000000;\">all\u2019ambasciata di Israele a Belgrado: un islamista con un arco ha provato a uccidere una guardia.<\/span><\/p>\n<p style=\"text-align: justify;\"><a href=\"https:\/\/www.lepoint.fr\/societe\/l-angleterre-et-ses-no-go-zones-pour-les-juifs-22-03-2024-2555674_23.php?utm_source=substack&amp;utm_medium=email\" target=\"_blank\" rel=\"noopener\"><span style=\"color: #0000ff;\">Agghiacciante reportage intanto sulle \u201czone vietate agli ebrei in Inghilterra\u201d<\/span><\/a> <span style=\"color: #000000;\">sul settimanale <em>Le Point<\/em>: \u201cMarchi di solidariet\u00e0 con la Palestina, sotto forma di adesivi affissi sulle vetrine dei negozi, punteggiano Bradford. Ex centro del settore tessile, la citt\u00e0, soprannominata \u2018Bradistan\u2019 per la presenza di una numerosa comunit\u00e0 pakistana, illustra i difetti del multiculturalismo britannico. Sarah Sackman, candidata laburista alle prossime elezioni generali nel collegio elettorale di Finchley e Golders Green, che ospita una grande comunit\u00e0 ebraica, ha dichiarato: \u2018Ho amici che hanno paura di indossare la kippah sui mezzi pubblici. Nei campus universitari, gli attacchi contro le associazioni ebraiche sono stati scioccanti\u2019. Dalle finestre della caffetteria di fronte al Jewish Community Centre di Finchley Road, un tranquillo quartiere del nord di Londra \u2013 case di mattoni rossi, famiglie che tornano da scuola e campi sportivi \u2013 si vedono le guardie di sicurezza perquisire i visitatori\u201d.<\/span><\/p>\n<p style=\"text-align: justify;\"><span style=\"color: #000000;\">Intanto,<\/span> <span style=\"color: #0000ff;\"><a style=\"color: #0000ff;\" href=\"https:\/\/www.jpost.com\/diaspora\/antisemitism\/article-807768?utm_source=substack&amp;utm_medium=email\" target=\"_blank\" rel=\"noopener\">bambini ebrei sono attaccati alle fermate dei treni di Londra<\/a><\/span>. <span style=\"color: #000000;\">E cos\u00ec Londra \u00e8 diventata \u201cuna zona vietata agli ebrei\u201d, ha denunciato lo zar per la lotta all\u2019estremismo,<\/span> <span style=\"color: #0000ff;\"><a style=\"color: #0000ff;\" href=\"https:\/\/www.jpost.com\/diaspora\/antisemitism\/article-807768?utm_source=substack&amp;utm_medium=email\" target=\"_blank\" rel=\"noopener\">Robin Simcox<\/a><\/span>. E <span style=\"color: #0000ff;\"><a style=\"color: #0000ff;\" href=\"https:\/\/www.standard.co.uk\/news\/london\/jewish-londoners-antisemitism-rise-hate-crime-b1143257.html?utm_source=substack&amp;utm_medium=email\" target=\"_blank\" rel=\"noopener\">gli ebrei lasciano Londra<\/a><\/span>.<\/p>\n<p style=\"text-align: justify;\"><span style=\"color: #000000;\">Samuel Hayek, presidente del Fondo Nazionale Ebraico, ha scioccato l\u2019Inghilterra: \u201cGli ebrei non hanno futuro nel Regno Unito\u201d, ha<\/span> <span style=\"color: #0000ff;\"><a style=\"color: #0000ff;\" href=\"https:\/\/www.jpost.com\/diaspora\/antisemitism\/jews-do-not-have-a-future-in-england-687711?utm_source=substack&amp;utm_medium=email\" target=\"_blank\" rel=\"noopener\">detto<\/a><\/span> <span style=\"color: #000000;\">Hayek, che vive nel Regno Unito da 40 anni ed \u00e8 uno dei pi\u00f9 famosi filantropi del paese. La popolazione musulmana inglese<\/span><span style=\"color: #0000ff;\"> <a style=\"color: #0000ff;\" href=\"https:\/\/www.thetimes.com\/world\/europe\/article\/uk-s-muslim-population-could-treble-by-2050-research-finds-8x5c278w3\" target=\"_blank\" rel=\"noopener\">potrebbe triplicare nei prossimi vent\u2019anni<\/a><\/span> <span style=\"color: #000000;\">e arrivare a 13 milioni entro il 2050.<\/span><\/p>\n<p style=\"text-align: justify;\"><span style=\"color: #000000;\">Sebbag non \u00e8 il solo a pensare che gli ebrei non abbiano un futuro.<\/span><\/p>\n<p style=\"text-align: justify;\"><span style=\"color: #000000;\">\u201cMolto compromesso\u201d risponde il grande storico<\/span> <span style=\"color: #0000ff;\"><a style=\"color: #0000ff;\" href=\"https:\/\/www.causeur.fr\/georges-bensoussan-sombre-avenir-pour-les-juifs-de-france-284785?utm_source=substack&amp;utm_medium=email\" target=\"_blank\" rel=\"noopener\">Georges Bensoussan<\/a><\/span> <span style=\"color: #000000;\">sull\u2019ultimo numero di <em>Causeur<\/em>. \u201cNo perch\u00e9 l\u2019apparato statale non stia facendo il suo lavoro. Lo fa e lo far\u00e0, ma fino al momento in cui la difesa degli ebrei gli far\u00e0 perdere il sostegno di una parte significativa della popolazione. Tuttavia, il cambiamento demografico c\u2019\u00e8, qualunque sia il nome che gli diamo. Demograficamente la Francia del 2024 non \u00e8 quella del 1975. In questa \u2018nuova Francia\u2019, il simbolo ebraico, confuso con lo Stato d\u2019Israele, sar\u00e0 assimilato al mondo \u2018ricco, dominante e bianco\u2019, colpevole oltretutto del grave peccato del \u2018colonialismo\u2019. In una Francia dove guadagneranno terreno i codici culturali importati dall\u2019Islam, il segno identitario ebraico avr\u00e0 poco futuro. Infine, in una nazione che ha rinunciato alla propria esistenza, la persistenza del fatto nazionale israeliano turber\u00e0 pi\u00f9 di uno. Israele suoner\u00e0 come un ricordo permanente della loro sconfitta. Ci sono gli elementi perch\u00e9 gli ebrei francesi scivolino verso una progressiva invisibilit\u00e0 negli spazi pubblici. Fino alla partenza\u201d.<\/span><\/p>\n<p style=\"text-align: justify;\"><span style=\"color: #000000;\">J\u00e9r\u00e9mie, 44 anni, padre di quattro figlie, partir\u00e0 l\u2019anno prossimo, non per se stesso, ma per la loro sicurezza, racconta al<\/span> <span style=\"color: #0000ff;\"><a style=\"color: #0000ff;\" href=\"https:\/\/www.lejdd.fr\/societe\/la-communaute-juive-de-creteil-tiraillee-entre-voter-rn-et-quitter-la-france-146692?utm_source=substack&amp;utm_medium=email\" target=\"_blank\" rel=\"noopener\"><em>Journal du dimanche<\/em><\/a><\/span>. <span style=\"color: #000000;\">\u201cSono preoccupato per la Francia. Non sto scappando, ho semplicemente capito che dovevo proteggere le mie figlie\u201d.<\/span><\/p>\n<p style=\"text-align: justify;\"><span style=\"color: #000000;\">A J\u00e9r\u00e9mie basta aprire i giornali per leggere di attacchi quotidiani agli ebrei: \u201c<\/span><span style=\"color: #0000ff;\"><a style=\"color: #0000ff;\" href=\"https:\/\/www.valeursactuelles.com\/faits-divers\/sales-juifs-on-va-detruire-la-torah-sur-le-coran-six-enfants-juifs-agresses-a-la-sortie-dun-cinema-a-levallois?utm_source=substack&amp;utm_medium=email\" target=\"_blank\" rel=\"noopener\">Distruggeremo la Torah sul Corano<\/a>\u201d<\/span>.<\/p>\n<p style=\"text-align: justify;\"><span style=\"color: #000000;\">\u201cGli ebrei francesi sono vittime di una forma di pulizia etnica\u201d, secondo un manifesto firmato, tra gli altri, dall\u2019ex presidente Nicholas Sarkozy e dall\u2019ex premier Manuel Valls. \u201cIl dieci per cento dei cittadini ebrei della regione di Parigi sono stati di recente costretti a spostarsi perch\u00e9 non erano pi\u00f9 al sicuro in certi quartieri\u201d<\/span>, <a href=\"https:\/\/www.thetimes.com\/world\/europe\/article\/french-jews-face-ethnic-cleansing-by-islamists-sqbfgqq32\" target=\"_blank\" rel=\"noopener\">si legge nel manifesto<\/a>. <span style=\"color: #000000;\">\u201cQuesta \u00e8 una pulizia etnica silenziosa\u201d.<\/span><\/p>\n<p style=\"text-align: justify;\"><span style=\"color: #000000;\">Da<\/span> <span style=\"color: #0000ff;\"><a style=\"color: #0000ff;\" href=\"https:\/\/www.lefigaro.fr\/flash-actu\/2019\/02\/26\/97001-20190226FILWWW00074-grenoble-la-moitie-de-la-communaute-juive-a-quitte-la-ville-affirme-le-rabbin.php?utm_source=substack&amp;utm_medium=email\" target=\"_blank\" rel=\"noopener\">Grenoble<\/a><\/span>, <span style=\"color: #000000;\">da cui met\u00e0 della comunit\u00e0 ebraica \u00e8 fuggita, a Nizza, che ospitava la quarta pi\u00f9 grande comunit\u00e0 ebraica e sono passati da 20.000<\/span> <span style=\"color: #0000ff;\"><a style=\"color: #0000ff;\" href=\"https:\/\/www.jta.org\/2019\/09\/26\/global\/hit-by-terror-and-poverty-nices-once-vibrant-jewish-community-faces-uncertain-future?utm_source=substack&amp;utm_medium=email\" target=\"_blank\" rel=\"noopener\">a 5.000<\/a><\/span>, <span style=\"color: #000000;\">alle<\/span> <a href=\"https:\/\/www.ladepeche.fr\/article\/2014\/08\/27\/1940138-l-alyah-ou-la-montee-en-israel.html?utm_source=substack&amp;utm_medium=email\" target=\"_blank\" rel=\"noopener\">centinaia di famiglie<\/a> <span style=\"color: #000000;\">ebraiche che hanno lasciato Tolosa, si realizza quanto<\/span> <span style=\"color: #0000ff;\"><a style=\"color: #0000ff;\" href=\"https:\/\/dafina.net\/gazette\/index.php?q=article%2Fantis%C3%A9mitisme-lindiff%C3%A9rence-citoyenne-par-richard-c-abitbol&amp;utm_source=substack&amp;utm_medium=email\" target=\"_blank\" rel=\"noopener\">ha detto<\/a><\/span> <span style=\"color: #000000;\">Richard Abitbol, presidente della Confederazione degli ebrei francesi: \u201cIn pochi decenni non ci saranno ebrei in Francia&#8221;.<\/span><\/p>\n<p style=\"text-align: justify;\"><span style=\"color: #000000;\">Lo choc in corso \u00e8 tale che anche<\/span> <span style=\"color: #0000ff;\"><a style=\"color: #0000ff;\" href=\"https:\/\/www.lejdd.fr\/politique\/face-la-france-insoumise-serge-klarsfeld-voterait-sans-hesitation-pour-le-rn-146455?utm_source=substack&amp;utm_medium=email\">Serge Klarsfeld<\/a>,<\/span> i<span style=\"color: #000000;\">l famoso cacciatore di nazisti e da sempre di sinistra, ha appena detto di essere disposto a votare il blocco di destra piuttosto che consentire a questa sinistra di andare al potere.<\/span><\/p>\n<p style=\"text-align: justify;\"><span style=\"color: #000000;\">Quello che ieri era impensabile, oggi \u00e8 plausibile e domani sar\u00e0 certo.<\/span><\/p>\n<p style=\"text-align: justify;\"><span style=\"color: #000000;\">\u201cNegli ultimi 50 anni la popolazione ebraica in Europa \u00e8 diminuita del 60 per cento e un calo simile \u00e8 previsto nei prossimi 30 anni\u201d, scrive Eldad Beck sul maggiore giornale israeliano,<span style=\"color: #0000ff;\"> <a style=\"color: #0000ff;\" href=\"https:\/\/www.israelhayom.com\/opinions\/european-jewry-is-disappearing-will-israel-step-up\/?utm_source=substack&amp;utm_medium=email\" target=\"_blank\" rel=\"noopener\"><em>Israel Hayom<\/em><\/a><em>.<\/em><\/span><\/span><\/p>\n<p style=\"text-align: justify;\"><span style=\"color: #000000;\">\u201cLa Norvegia rischia di diventare un paese senza popolazione ebraica\u201d, recita un editoriale dell<\/span>\u2019<a href=\"https:\/\/www.jpost.com\/jewish-world\/jewish-news\/norway-paper-afraid-country-losing-jews?utm_source=substack&amp;utm_medium=email\"><em>Aftenposten<\/em><\/a>. <span style=\"color: #000000;\">\u201cNascondere l\u2019ebraismo a Copenaghen\u201d, titola il<\/span> <span style=\"color: #0000ff;\"><a style=\"color: #0000ff;\" href=\"https:\/\/www.tabletmag.com\/sections\/news\/articles\/hiding-judaism-in-copenhagen?utm_source=substack&amp;utm_medium=email\" target=\"_blank\" rel=\"noopener\"><em>Tablet<\/em><\/a>.<\/span> <span style=\"color: #0000ff;\"><a style=\"color: #0000ff;\" href=\"https:\/\/www.worldjewishcongress.org\/en\/about\/communities\/NL?utm_source=substack&amp;utm_medium=email\" target=\"_blank\" rel=\"noopener\">7.000 ebrei olandesi<\/a><\/span> <span style=\"color: #000000;\">sono gi\u00e0 partiti per Israele. Il rabbino capo<\/span> <span style=\"color: #0000ff;\"><a style=\"color: #0000ff;\" href=\"https:\/\/www.timesofisrael.com\/as-hate-surges-prominent-european-jews-worry-war-against-antisemitism-is-lost\/?utm_source=substack&amp;utm_medium=email\" target=\"_blank\" rel=\"noopener\">Binyomin Jacobs<\/a><\/span> <span style=\"color: #000000;\">ha rivelato che lui e sua moglie se ne sarebbero andati se non per i loro doveri. &#8220;Sono come il capitano in servizio su una nave che affonda\u201d.<\/span><\/p>\n<div id=\"attachment_60884\" style=\"width: 500px\" class=\"wp-caption alignright\"><img loading=\"lazy\" decoding=\"async\" aria-describedby=\"caption-attachment-60884\" class=\"wp-image-60884 size-full\" src=\"https:\/\/www.rassegnastampa-totustuus.it\/cattolica\/wp-content\/uploads\/2024\/07\/europa_islam_sinagoga.jpg\" alt=\"\" width=\"500\" height=\"282\" \/><p id=\"caption-attachment-60884\" class=\"wp-caption-text\">La sinagoga Kahal Adass Jisroel di Berlino, colpita con le bombe molotov<\/p><\/div>\n<p style=\"text-align: justify;\"><span style=\"color: #000000;\">Secondo un nuovo rapporto che monitora l\u2019antisemitismo in<\/span> <span style=\"color: #0000ff;\"><a style=\"color: #0000ff;\" href=\"https:\/\/www.sueddeutsche.de\/politik\/antisemitismus-juden-deutschland-rias-bericht-israel-gaza-lux.94JEptJT5YMXuEjccDHaAr?sc_src=email_3952497&amp;sc_lid=380058307&amp;sc_uid=Dzla8Kpitv&amp;sc_llid=11445&amp;utm_medium=email&amp;utm_source=emarsys&amp;utm_content=www.sueddeutsche.de%2Fpolitik%2Fantisemitismus-juden-deutschland-rias-bericht-israel-gaza-lux.94JEptJT5YMXuEjccDHaAr&amp;utm_campaign=+++_Eilmeldung_+++__Zahl_antisemitischer_Vorf%C3%A4lle_fast_verdoppelt_25-06-2024_10%3A39%3A01&amp;sc_eh=\" target=\"_blank\" rel=\"noopener\">Germania<\/a>,<\/span> <span style=\"color: #000000;\">il numero di incidenti antisemiti \u00e8 raddoppiato in un anno. 4.782 episodi di antisemitismo, pi\u00f9 80 per cento rispetto all\u2019anno precedente, di cui due terzi dopo il 7 ottobre. E cos\u00ec anche gli ebrei tedeschi se na vanno. Il presidente del Consiglio centrale degli ebrei in Germania, Josef Schuster, sullo<\/span> <span style=\"color: #0000ff;\"><a style=\"color: #0000ff;\" href=\"https:\/\/www.spiegel.de\/panorama\/gesellschaft\/berlin-angriff-auf-lahav-shapira-zentralrat-der-juden-fordert-sicheres-umfeld-fuer-juedische-studierende-a-8a3b4586-b67d-4c4c-9e47-6e97a7beb5e4?utm_source=substack&amp;utm_medium=email\" target=\"_blank\" rel=\"noopener\"><em>Spiegel<\/em><\/a> <\/span><span style=\"color: #000000;\">denuncia \u201czone interdette agli ebrei\u201d nel paese.<\/span><\/p>\n<p style=\"text-align: justify;\"><span style=\"color: #000000;\">Se ne va la scrittrice<\/span> <span style=\"color: #0000ff;\"><a style=\"color: #0000ff;\" href=\"https:\/\/www.israelhayom.com\/2024\/05\/27\/a-lonely-jew-in-berlin\/?utm_source=substack&amp;utm_medium=email\">Mirna Funk<\/a>.<\/span> <span style=\"color: #000000;\">E<\/span> <span style=\"color: #0000ff;\"><a style=\"color: #0000ff;\" href=\"https:\/\/www.bild.de\/regional\/frankfurt\/juedischer-student-gibt-auf-ich-will-weg-aus-deutschland-66504ef0a2411621d9679e48?utm_source=substack&amp;utm_medium=email\">uno studente ebreo di Francoforte si arrende: \u201cVoglio lasciare la Germania\u201d<\/a><\/span>. <span style=\"color: #000000;\">Hendrik Edelmann non si sente pi\u00f9 sicuro e lascia la Germania. \u201cVogliono distruggere la vita di persone come me\u201d. E con la sua, quella dell\u2019Europa. \u201cNon voglio vivere in un paese il cui cancelliere porta milioni di musulmani antisemiti che attaccano gli ebrei e le istituzioni ebraiche in Germania\u201d, ha scritto il presidente della comunit\u00e0 ebraica del Brandeburgo<\/span>, <span style=\"color: #0000ff;\"><a style=\"color: #0000ff;\" href=\"https:\/\/israelmagazine.co.il\/un-dirigeant-juif-allemand-appelle-les-juifs-a-quitter-lallemagne\/?utm_source=substack&amp;utm_medium=email\" target=\"_blank\" rel=\"noopener\">Semen Gorelick<\/a>.<\/span> \u201c<span style=\"color: #000000;\">Non si pu\u00f2 vivere in un paese dove non puoi indossare una kippah per strada\u201d.<\/span><\/p>\n<p style=\"text-align: justify;\"><span style=\"color: #000000;\"><em><img loading=\"lazy\" decoding=\"async\" class=\" wp-image-60885 alignleft\" src=\"https:\/\/www.rassegnastampa-totustuus.it\/cattolica\/wp-content\/uploads\/2024\/07\/europa_islam.jpg\" alt=\"\" width=\"318\" height=\"419\" \/>J\u00fcdische Allgemeine<\/em> \u00e8 il giornale degli ebrei tedeschi. Il caporedattore<\/span> <span style=\"color: #0000ff;\"><a style=\"color: #0000ff;\" href=\"https:\/\/www.welt.de\/politik\/deutschland\/article252107442\/Juedische-Allgemeine-Chef-Es-sind-Islamisten-saekulare-Muslime-und-Linksextreme-die-uns-das-Leben-zur-Hoelle-machen.html?utm_source=substack&amp;utm_medium=email\" target=\"_blank\" rel=\"noopener\">Philipp Peyman Engel<\/a><\/span> <span style=\"color: #000000;\">in un\u2019intervista al <em>Welt<\/em> dice che \u201cl\u2019ebraismo in Germania sta diventando invisibile\u201d. Quasi nessuno osa pi\u00f9 uscire per strada con i simboli perch\u00e9 la probabilit\u00e0 di essere aggrediti verbalmente o fisicamente \u00e8 troppo grande. Berlino si \u00e8 gi\u00e0 \u201cribaltata\u201d, secondo le sue scioccanti scoperte, le cose non sono diverse in diverse citt\u00e0 della Ruhr. Ci sono \u201cislamici ed estremisti di sinistra che ci minacciano massicciamente rendendo le nostre vite un inferno\u201d.<\/span><\/p>\n<p style=\"text-align: justify;\"><span style=\"color: #000000;\">Anche mettendo da parte la<\/span> <span style=\"color: #0000ff;\"><a style=\"color: #0000ff;\" href=\"https:\/\/www.timesofisrael.com\/danish-jewish-radio-silenced-for-security-reasons\/?utm_source=substack&amp;utm_medium=email\" target=\"_blank\" rel=\"noopener\">radio ebraica danese<\/a> <\/span><span style=\"color: #000000;\">che dice di non poter pi\u00f9 trasmettere a causa della sicurezza, i sei figli del<\/span> <span style=\"color: #0000ff;\"><a style=\"color: #0000ff;\" href=\"https:\/\/www.timesofisrael.com\/persecuted-dutch-chief-rabbi-says-hed-leave-if-not-for-job\/?utm_source=substack&amp;utm_medium=email\" target=\"_blank\" rel=\"noopener\">rabbino capo di Amsterdam<\/a><\/span> <span style=\"color: #000000;\">che hanno deciso di emigrare, gli ebrei svedesi in fuga dalla nazione pi\u00f9 notoriamente tollerante d\u2019Europa, il<\/span> <span style=\"color: #0000ff;\"><a style=\"color: #0000ff;\" href=\"https:\/\/www.leparisien.fr\/paris-75\/ils-ne-veulent-pas-oublier-le-dj-assassine-06-11-2013-3289659.php?utm_source=substack&amp;utm_medium=email\" target=\"_blank\" rel=\"noopener\">disc-jockey parigino<\/a><\/span> <span style=\"color: #000000;\">a cui fu tagliata la gola da un vicino che cantava \u201cho ucciso il mio ebreo\u201d e il giovane francese<\/span> <a href=\"https:\/\/www.valeursactuelles.com\/societe\/ilan-halimi-victime-de-lantisemitisme-musulman-quatorze-ans-apres-rien-na-change?utm_source=substack&amp;utm_medium=email\" target=\"_blank\" rel=\"noopener\">t<span style=\"color: #0000ff;\">orturato a morte<\/span><\/a> <span style=\"color: #0000ff;\">per tre settimane, mentre la sua famiglia ascoltava al telefono le sue urla di agonia e i suoi rapitori intonavano il Corano&#8230; OK, mettiamo da parte tutto. Cosa significa tutto questo?<\/span><\/p>\n<p style=\"text-align: center;\"><span style=\"color: #0000ff;\"><a style=\"color: #0000ff;\" href=\"https:\/\/meotti.substack.com\/\" target=\"_blank\" rel=\"noopener\"><strong>Iscriviti alla newsletter<\/strong><\/a><\/span><\/p>\n<p>_______________________________________________<\/p>\n<p><span style=\"color: #000000;\"><strong>Leggi anche:<\/strong><\/span><\/p>\n<p><a href=\"https:\/\/www.rassegnastampa-totustuus.it\/cattolica\/islam-alla-conquista-delle-nostre-anime\/\" target=\"_blank\" rel=\"noopener\">Islam alla conquista delle nostre anime<\/a><\/p>\n<p><a href=\"https:\/\/www.rassegnastampa-totustuus.it\/cattolica\/il-futuro-delleuropa-e-lislam\/\" target=\"_blank\" rel=\"noopener\">Il futuro dell\u2019Europa e l\u2019islam<\/a><\/p>\n<p><a href=\"https:\/\/www.rassegnastampa-totustuus.it\/cattolica\/islamizzazione-delleuropa-per-la-prima-volta-si-sottomette-un-popolo-senza-una-guerra\/\" target=\"_blank\" rel=\"noopener\">\u201cIslamizzazione dell\u2019Europa: per la prima volta si sottomette un popolo senza una guerra\u201d<\/a><\/p>\n<p><a href=\"https:\/\/www.rassegnastampa-totustuus.it\/cattolica\/assurdo-illudersi-ancora-di-integrare-lislam\/\" target=\"_blank\" rel=\"noopener\"><span style=\"color: #0000ff;\">Assurdo illudersi ancora di integrare l\u2019islam<\/span><\/a><\/p>\n","protected":false},"excerpt":{"rendered":"<p>Newsletter di Giulio Meotti\u00a0 3 Luglio 2024 \u00a0Inchieste-choc sull&#8217;islamizzazione censurata da tutti i giornali mainstream, che vedono soltanto saluti romani. &#8220;L&#8217;Europa si libera degli ebrei, mentre celebra la messa solenne multiculturale&#8221; di Giulio Meotti<\/p><p><a class=\"more-link btn\" href=\"https:\/\/www.rassegnastampa-totustuus.it\/cattolica\/abbiamo-fatto-un-vero-affare-via-gli-ebrei-dentro-gli-islamisti\/\">Continua a leggere<\/a><\/p>\n","protected":false},"author":6,"featured_media":60881,"comment_status":"closed","ping_status":"closed","sticky":false,"template":"","format":"standard","meta":{"footnotes":""},"categories":[14,111],"tags":[922,567,2408],"class_list":["post-60880","post","type-post","status-publish","format-standard","has-post-thumbnail","hentry","category-europa-e-ue","category-islam-in-europa","tag-ebrei","tag-europa-eu","tag-islam-in-europa","item-wrap"],"yoast_head":"<!-- This site is optimized with the Yoast SEO plugin v27.5 - https:\/\/yoast.com\/product\/yoast-seo-wordpress\/ -->\n<title>Abbiamo fatto un vero affare: via gli ebrei, dentro gli islamisti - Rassegna Stampa Cattolica<\/title>\n<meta name=\"description\" content=\"Abbiamo fatto un vero affare: via gli ebrei, dentro gli islamisti. \u00a0Inchieste-choc sull&#039;islamizzazione censurata da tutti i giornali\" \/>\n<meta name=\"robots\" content=\"index, follow, max-snippet:-1, max-image-preview:large, max-video-preview:-1\" \/>\n<link rel=\"canonical\" href=\"https:\/\/www.rassegnastampa-totustuus.it\/cattolica\/abbiamo-fatto-un-vero-affare-via-gli-ebrei-dentro-gli-islamisti\/\" \/>\n<meta property=\"og:locale\" content=\"it_IT\" \/>\n<meta property=\"og:type\" content=\"article\" \/>\n<meta property=\"og:title\" content=\"Abbiamo fatto un vero affare: via gli ebrei, dentro gli islamisti - Rassegna Stampa Cattolica\" \/>\n<meta property=\"og:description\" content=\"Abbiamo fatto un vero affare: via gli ebrei, dentro gli islamisti. \u00a0Inchieste-choc sull&#039;islamizzazione censurata da tutti i giornali\" \/>\n<meta property=\"og:url\" content=\"https:\/\/www.rassegnastampa-totustuus.it\/cattolica\/abbiamo-fatto-un-vero-affare-via-gli-ebrei-dentro-gli-islamisti\/\" \/>\n<meta property=\"og:site_name\" content=\"Rassegna Stampa Cattolica\" \/>\n<meta property=\"article:publisher\" content=\"https:\/\/www.facebook.com\/rassegnastampacattolica\" \/>\n<meta property=\"article:published_time\" content=\"2024-07-12T09:32:13+00:00\" \/>\n<meta property=\"article:modified_time\" content=\"2024-07-12T09:32:14+00:00\" \/>\n<meta property=\"og:image\" content=\"https:\/\/www.rassegnastampa-totustuus.it\/cattolica\/wp-content\/uploads\/2024\/07\/ebrei_nazismo.jpg\" \/>\n\t<meta property=\"og:image:width\" content=\"500\" \/>\n\t<meta property=\"og:image:height\" content=\"273\" \/>\n\t<meta property=\"og:image:type\" content=\"image\/jpeg\" \/>\n<meta name=\"author\" content=\"Redazione\" \/>\n<meta name=\"twitter:card\" content=\"summary_large_image\" \/>\n<meta name=\"twitter:creator\" content=\"@rassegnastampa9\" \/>\n<meta name=\"twitter:site\" content=\"@rassegnastampa9\" \/>\n<meta name=\"twitter:label1\" content=\"Scritto da\" \/>\n\t<meta name=\"twitter:data1\" content=\"Redazione\" \/>\n\t<meta name=\"twitter:label2\" content=\"Tempo di lettura stimato\" \/>\n\t<meta name=\"twitter:data2\" content=\"12 minuti\" \/>\n<script type=\"application\/ld+json\" class=\"yoast-schema-graph\">{\"@context\":\"https:\\\/\\\/schema.org\",\"@graph\":[{\"@type\":\"Article\",\"@id\":\"https:\\\/\\\/www.rassegnastampa-totustuus.it\\\/cattolica\\\/abbiamo-fatto-un-vero-affare-via-gli-ebrei-dentro-gli-islamisti\\\/#article\",\"isPartOf\":{\"@id\":\"https:\\\/\\\/www.rassegnastampa-totustuus.it\\\/cattolica\\\/abbiamo-fatto-un-vero-affare-via-gli-ebrei-dentro-gli-islamisti\\\/\"},\"author\":{\"name\":\"Redazione\",\"@id\":\"https:\\\/\\\/www.rassegnastampa-totustuus.it\\\/cattolica\\\/#\\\/schema\\\/person\\\/08f319d2bd1a0904ad9e2bfb7b15e5c3\"},\"headline\":\"Abbiamo fatto un vero affare: via gli ebrei, dentro gli islamisti\",\"datePublished\":\"2024-07-12T09:32:13+00:00\",\"dateModified\":\"2024-07-12T09:32:14+00:00\",\"mainEntityOfPage\":{\"@id\":\"https:\\\/\\\/www.rassegnastampa-totustuus.it\\\/cattolica\\\/abbiamo-fatto-un-vero-affare-via-gli-ebrei-dentro-gli-islamisti\\\/\"},\"wordCount\":2032,\"publisher\":{\"@id\":\"https:\\\/\\\/www.rassegnastampa-totustuus.it\\\/cattolica\\\/#organization\"},\"image\":{\"@id\":\"https:\\\/\\\/www.rassegnastampa-totustuus.it\\\/cattolica\\\/abbiamo-fatto-un-vero-affare-via-gli-ebrei-dentro-gli-islamisti\\\/#primaryimage\"},\"thumbnailUrl\":\"https:\\\/\\\/www.rassegnastampa-totustuus.it\\\/cattolica\\\/wp-content\\\/uploads\\\/2024\\\/07\\\/ebrei_nazismo.jpg\",\"keywords\":[\"ebrei\",\"Europa EU\",\"Islam in Europa\"],\"articleSection\":[\"Europa e UE\",\"Islam in Europa\"],\"inLanguage\":\"it-IT\"},{\"@type\":\"WebPage\",\"@id\":\"https:\\\/\\\/www.rassegnastampa-totustuus.it\\\/cattolica\\\/abbiamo-fatto-un-vero-affare-via-gli-ebrei-dentro-gli-islamisti\\\/\",\"url\":\"https:\\\/\\\/www.rassegnastampa-totustuus.it\\\/cattolica\\\/abbiamo-fatto-un-vero-affare-via-gli-ebrei-dentro-gli-islamisti\\\/\",\"name\":\"Abbiamo fatto un vero affare: via gli ebrei, dentro gli islamisti - Rassegna Stampa Cattolica\",\"isPartOf\":{\"@id\":\"https:\\\/\\\/www.rassegnastampa-totustuus.it\\\/cattolica\\\/#website\"},\"primaryImageOfPage\":{\"@id\":\"https:\\\/\\\/www.rassegnastampa-totustuus.it\\\/cattolica\\\/abbiamo-fatto-un-vero-affare-via-gli-ebrei-dentro-gli-islamisti\\\/#primaryimage\"},\"image\":{\"@id\":\"https:\\\/\\\/www.rassegnastampa-totustuus.it\\\/cattolica\\\/abbiamo-fatto-un-vero-affare-via-gli-ebrei-dentro-gli-islamisti\\\/#primaryimage\"},\"thumbnailUrl\":\"https:\\\/\\\/www.rassegnastampa-totustuus.it\\\/cattolica\\\/wp-content\\\/uploads\\\/2024\\\/07\\\/ebrei_nazismo.jpg\",\"datePublished\":\"2024-07-12T09:32:13+00:00\",\"dateModified\":\"2024-07-12T09:32:14+00:00\",\"description\":\"Abbiamo fatto un vero affare: via gli ebrei, dentro gli islamisti. \u00a0Inchieste-choc sull'islamizzazione censurata da tutti i giornali\",\"breadcrumb\":{\"@id\":\"https:\\\/\\\/www.rassegnastampa-totustuus.it\\\/cattolica\\\/abbiamo-fatto-un-vero-affare-via-gli-ebrei-dentro-gli-islamisti\\\/#breadcrumb\"},\"inLanguage\":\"it-IT\",\"potentialAction\":[{\"@type\":\"ReadAction\",\"target\":[\"https:\\\/\\\/www.rassegnastampa-totustuus.it\\\/cattolica\\\/abbiamo-fatto-un-vero-affare-via-gli-ebrei-dentro-gli-islamisti\\\/\"]}]},{\"@type\":\"ImageObject\",\"inLanguage\":\"it-IT\",\"@id\":\"https:\\\/\\\/www.rassegnastampa-totustuus.it\\\/cattolica\\\/abbiamo-fatto-un-vero-affare-via-gli-ebrei-dentro-gli-islamisti\\\/#primaryimage\",\"url\":\"https:\\\/\\\/www.rassegnastampa-totustuus.it\\\/cattolica\\\/wp-content\\\/uploads\\\/2024\\\/07\\\/ebrei_nazismo.jpg\",\"contentUrl\":\"https:\\\/\\\/www.rassegnastampa-totustuus.it\\\/cattolica\\\/wp-content\\\/uploads\\\/2024\\\/07\\\/ebrei_nazismo.jpg\",\"width\":500,\"height\":273},{\"@type\":\"BreadcrumbList\",\"@id\":\"https:\\\/\\\/www.rassegnastampa-totustuus.it\\\/cattolica\\\/abbiamo-fatto-un-vero-affare-via-gli-ebrei-dentro-gli-islamisti\\\/#breadcrumb\",\"itemListElement\":[{\"@type\":\"ListItem\",\"position\":1,\"name\":\"Home\",\"item\":\"https:\\\/\\\/www.rassegnastampa-totustuus.it\\\/cattolica\\\/\"},{\"@type\":\"ListItem\",\"position\":2,\"name\":\"Abbiamo fatto un vero affare: via gli ebrei, dentro gli islamisti\"}]},{\"@type\":\"WebSite\",\"@id\":\"https:\\\/\\\/www.rassegnastampa-totustuus.it\\\/cattolica\\\/#website\",\"url\":\"https:\\\/\\\/www.rassegnastampa-totustuus.it\\\/cattolica\\\/\",\"name\":\"Rassegna Stampa Cattolica\",\"description\":\"Per una cultura che nasce dalla Rivelazione cristiana in conformit\u00e0 alla tradizione e al Magistero della Chiesa in opposizione ad ogni relativismo e totalitarismo\",\"publisher\":{\"@id\":\"https:\\\/\\\/www.rassegnastampa-totustuus.it\\\/cattolica\\\/#organization\"},\"alternateName\":\"Rass. Cattolica\",\"potentialAction\":[{\"@type\":\"SearchAction\",\"target\":{\"@type\":\"EntryPoint\",\"urlTemplate\":\"https:\\\/\\\/www.rassegnastampa-totustuus.it\\\/cattolica\\\/?s={search_term_string}\"},\"query-input\":{\"@type\":\"PropertyValueSpecification\",\"valueRequired\":true,\"valueName\":\"search_term_string\"}}],\"inLanguage\":\"it-IT\"},{\"@type\":\"Organization\",\"@id\":\"https:\\\/\\\/www.rassegnastampa-totustuus.it\\\/cattolica\\\/#organization\",\"name\":\"Rassegna Stampa Cattolica\",\"url\":\"https:\\\/\\\/www.rassegnastampa-totustuus.it\\\/cattolica\\\/\",\"logo\":{\"@type\":\"ImageObject\",\"inLanguage\":\"it-IT\",\"@id\":\"https:\\\/\\\/www.rassegnastampa-totustuus.it\\\/cattolica\\\/#\\\/schema\\\/logo\\\/image\\\/\",\"url\":\"https:\\\/\\\/www.rassegnastampa-totustuus.it\\\/cattolica\\\/wp-content\\\/uploads\\\/2014\\\/04\\\/logo-rassegna1.gif\",\"contentUrl\":\"https:\\\/\\\/www.rassegnastampa-totustuus.it\\\/cattolica\\\/wp-content\\\/uploads\\\/2014\\\/04\\\/logo-rassegna1.gif\",\"width\":600,\"height\":163,\"caption\":\"Rassegna Stampa Cattolica\"},\"image\":{\"@id\":\"https:\\\/\\\/www.rassegnastampa-totustuus.it\\\/cattolica\\\/#\\\/schema\\\/logo\\\/image\\\/\"},\"sameAs\":[\"https:\\\/\\\/www.facebook.com\\\/rassegnastampacattolica\",\"https:\\\/\\\/x.com\\\/rassegnastampa9\"]},{\"@type\":\"Person\",\"@id\":\"https:\\\/\\\/www.rassegnastampa-totustuus.it\\\/cattolica\\\/#\\\/schema\\\/person\\\/08f319d2bd1a0904ad9e2bfb7b15e5c3\",\"name\":\"Redazione\",\"image\":{\"@type\":\"ImageObject\",\"inLanguage\":\"it-IT\",\"@id\":\"https:\\\/\\\/secure.gravatar.com\\\/avatar\\\/2fcdf27c78ea025fbdb44e914cc63c72249ffec9dc8aafd5c82b26240ef3f346?s=96&d=mm&r=g\",\"url\":\"https:\\\/\\\/secure.gravatar.com\\\/avatar\\\/2fcdf27c78ea025fbdb44e914cc63c72249ffec9dc8aafd5c82b26240ef3f346?s=96&d=mm&r=g\",\"contentUrl\":\"https:\\\/\\\/secure.gravatar.com\\\/avatar\\\/2fcdf27c78ea025fbdb44e914cc63c72249ffec9dc8aafd5c82b26240ef3f346?s=96&d=mm&r=g\",\"caption\":\"Redazione\"},\"url\":\"https:\\\/\\\/www.rassegnastampa-totustuus.it\\\/cattolica\\\/author\\\/pietroelle\\\/\"}]}<\/script>\n<!-- \/ Yoast SEO plugin. -->","yoast_head_json":{"title":"Abbiamo fatto un vero affare: via gli ebrei, dentro gli islamisti - Rassegna Stampa Cattolica","description":"Abbiamo fatto un vero affare: via gli ebrei, dentro gli islamisti. \u00a0Inchieste-choc sull'islamizzazione censurata da tutti i giornali","robots":{"index":"index","follow":"follow","max-snippet":"max-snippet:-1","max-image-preview":"max-image-preview:large","max-video-preview":"max-video-preview:-1"},"canonical":"https:\/\/www.rassegnastampa-totustuus.it\/cattolica\/abbiamo-fatto-un-vero-affare-via-gli-ebrei-dentro-gli-islamisti\/","og_locale":"it_IT","og_type":"article","og_title":"Abbiamo fatto un vero affare: via gli ebrei, dentro gli islamisti - Rassegna Stampa Cattolica","og_description":"Abbiamo fatto un vero affare: via gli ebrei, dentro gli islamisti. \u00a0Inchieste-choc sull'islamizzazione censurata da tutti i giornali","og_url":"https:\/\/www.rassegnastampa-totustuus.it\/cattolica\/abbiamo-fatto-un-vero-affare-via-gli-ebrei-dentro-gli-islamisti\/","og_site_name":"Rassegna Stampa Cattolica","article_publisher":"https:\/\/www.facebook.com\/rassegnastampacattolica","article_published_time":"2024-07-12T09:32:13+00:00","article_modified_time":"2024-07-12T09:32:14+00:00","og_image":[{"width":500,"height":273,"url":"https:\/\/www.rassegnastampa-totustuus.it\/cattolica\/wp-content\/uploads\/2024\/07\/ebrei_nazismo.jpg","type":"image\/jpeg"}],"author":"Redazione","twitter_card":"summary_large_image","twitter_creator":"@rassegnastampa9","twitter_site":"@rassegnastampa9","twitter_misc":{"Scritto da":"Redazione","Tempo di lettura stimato":"12 minuti"},"schema":{"@context":"https:\/\/schema.org","@graph":[{"@type":"Article","@id":"https:\/\/www.rassegnastampa-totustuus.it\/cattolica\/abbiamo-fatto-un-vero-affare-via-gli-ebrei-dentro-gli-islamisti\/#article","isPartOf":{"@id":"https:\/\/www.rassegnastampa-totustuus.it\/cattolica\/abbiamo-fatto-un-vero-affare-via-gli-ebrei-dentro-gli-islamisti\/"},"author":{"name":"Redazione","@id":"https:\/\/www.rassegnastampa-totustuus.it\/cattolica\/#\/schema\/person\/08f319d2bd1a0904ad9e2bfb7b15e5c3"},"headline":"Abbiamo fatto un vero affare: via gli ebrei, dentro gli islamisti","datePublished":"2024-07-12T09:32:13+00:00","dateModified":"2024-07-12T09:32:14+00:00","mainEntityOfPage":{"@id":"https:\/\/www.rassegnastampa-totustuus.it\/cattolica\/abbiamo-fatto-un-vero-affare-via-gli-ebrei-dentro-gli-islamisti\/"},"wordCount":2032,"publisher":{"@id":"https:\/\/www.rassegnastampa-totustuus.it\/cattolica\/#organization"},"image":{"@id":"https:\/\/www.rassegnastampa-totustuus.it\/cattolica\/abbiamo-fatto-un-vero-affare-via-gli-ebrei-dentro-gli-islamisti\/#primaryimage"},"thumbnailUrl":"https:\/\/www.rassegnastampa-totustuus.it\/cattolica\/wp-content\/uploads\/2024\/07\/ebrei_nazismo.jpg","keywords":["ebrei","Europa EU","Islam in Europa"],"articleSection":["Europa e UE","Islam in Europa"],"inLanguage":"it-IT"},{"@type":"WebPage","@id":"https:\/\/www.rassegnastampa-totustuus.it\/cattolica\/abbiamo-fatto-un-vero-affare-via-gli-ebrei-dentro-gli-islamisti\/","url":"https:\/\/www.rassegnastampa-totustuus.it\/cattolica\/abbiamo-fatto-un-vero-affare-via-gli-ebrei-dentro-gli-islamisti\/","name":"Abbiamo fatto un vero affare: via gli ebrei, dentro gli islamisti - Rassegna Stampa Cattolica","isPartOf":{"@id":"https:\/\/www.rassegnastampa-totustuus.it\/cattolica\/#website"},"primaryImageOfPage":{"@id":"https:\/\/www.rassegnastampa-totustuus.it\/cattolica\/abbiamo-fatto-un-vero-affare-via-gli-ebrei-dentro-gli-islamisti\/#primaryimage"},"image":{"@id":"https:\/\/www.rassegnastampa-totustuus.it\/cattolica\/abbiamo-fatto-un-vero-affare-via-gli-ebrei-dentro-gli-islamisti\/#primaryimage"},"thumbnailUrl":"https:\/\/www.rassegnastampa-totustuus.it\/cattolica\/wp-content\/uploads\/2024\/07\/ebrei_nazismo.jpg","datePublished":"2024-07-12T09:32:13+00:00","dateModified":"2024-07-12T09:32:14+00:00","description":"Abbiamo fatto un vero affare: via gli ebrei, dentro gli islamisti. \u00a0Inchieste-choc sull'islamizzazione censurata da tutti i giornali","breadcrumb":{"@id":"https:\/\/www.rassegnastampa-totustuus.it\/cattolica\/abbiamo-fatto-un-vero-affare-via-gli-ebrei-dentro-gli-islamisti\/#breadcrumb"},"inLanguage":"it-IT","potentialAction":[{"@type":"ReadAction","target":["https:\/\/www.rassegnastampa-totustuus.it\/cattolica\/abbiamo-fatto-un-vero-affare-via-gli-ebrei-dentro-gli-islamisti\/"]}]},{"@type":"ImageObject","inLanguage":"it-IT","@id":"https:\/\/www.rassegnastampa-totustuus.it\/cattolica\/abbiamo-fatto-un-vero-affare-via-gli-ebrei-dentro-gli-islamisti\/#primaryimage","url":"https:\/\/www.rassegnastampa-totustuus.it\/cattolica\/wp-content\/uploads\/2024\/07\/ebrei_nazismo.jpg","contentUrl":"https:\/\/www.rassegnastampa-totustuus.it\/cattolica\/wp-content\/uploads\/2024\/07\/ebrei_nazismo.jpg","width":500,"height":273},{"@type":"BreadcrumbList","@id":"https:\/\/www.rassegnastampa-totustuus.it\/cattolica\/abbiamo-fatto-un-vero-affare-via-gli-ebrei-dentro-gli-islamisti\/#breadcrumb","itemListElement":[{"@type":"ListItem","position":1,"name":"Home","item":"https:\/\/www.rassegnastampa-totustuus.it\/cattolica\/"},{"@type":"ListItem","position":2,"name":"Abbiamo fatto un vero affare: via gli ebrei, dentro gli islamisti"}]},{"@type":"WebSite","@id":"https:\/\/www.rassegnastampa-totustuus.it\/cattolica\/#website","url":"https:\/\/www.rassegnastampa-totustuus.it\/cattolica\/","name":"Rassegna Stampa Cattolica","description":"Per una cultura che nasce dalla Rivelazione cristiana in conformit\u00e0 alla tradizione e al Magistero della Chiesa in opposizione ad ogni relativismo e totalitarismo","publisher":{"@id":"https:\/\/www.rassegnastampa-totustuus.it\/cattolica\/#organization"},"alternateName":"Rass. Cattolica","potentialAction":[{"@type":"SearchAction","target":{"@type":"EntryPoint","urlTemplate":"https:\/\/www.rassegnastampa-totustuus.it\/cattolica\/?s={search_term_string}"},"query-input":{"@type":"PropertyValueSpecification","valueRequired":true,"valueName":"search_term_string"}}],"inLanguage":"it-IT"},{"@type":"Organization","@id":"https:\/\/www.rassegnastampa-totustuus.it\/cattolica\/#organization","name":"Rassegna Stampa Cattolica","url":"https:\/\/www.rassegnastampa-totustuus.it\/cattolica\/","logo":{"@type":"ImageObject","inLanguage":"it-IT","@id":"https:\/\/www.rassegnastampa-totustuus.it\/cattolica\/#\/schema\/logo\/image\/","url":"https:\/\/www.rassegnastampa-totustuus.it\/cattolica\/wp-content\/uploads\/2014\/04\/logo-rassegna1.gif","contentUrl":"https:\/\/www.rassegnastampa-totustuus.it\/cattolica\/wp-content\/uploads\/2014\/04\/logo-rassegna1.gif","width":600,"height":163,"caption":"Rassegna Stampa Cattolica"},"image":{"@id":"https:\/\/www.rassegnastampa-totustuus.it\/cattolica\/#\/schema\/logo\/image\/"},"sameAs":["https:\/\/www.facebook.com\/rassegnastampacattolica","https:\/\/x.com\/rassegnastampa9"]},{"@type":"Person","@id":"https:\/\/www.rassegnastampa-totustuus.it\/cattolica\/#\/schema\/person\/08f319d2bd1a0904ad9e2bfb7b15e5c3","name":"Redazione","image":{"@type":"ImageObject","inLanguage":"it-IT","@id":"https:\/\/secure.gravatar.com\/avatar\/2fcdf27c78ea025fbdb44e914cc63c72249ffec9dc8aafd5c82b26240ef3f346?s=96&d=mm&r=g","url":"https:\/\/secure.gravatar.com\/avatar\/2fcdf27c78ea025fbdb44e914cc63c72249ffec9dc8aafd5c82b26240ef3f346?s=96&d=mm&r=g","contentUrl":"https:\/\/secure.gravatar.com\/avatar\/2fcdf27c78ea025fbdb44e914cc63c72249ffec9dc8aafd5c82b26240ef3f346?s=96&d=mm&r=g","caption":"Redazione"},"url":"https:\/\/www.rassegnastampa-totustuus.it\/cattolica\/author\/pietroelle\/"}]}},"_links":{"self":[{"href":"https:\/\/www.rassegnastampa-totustuus.it\/cattolica\/wp-json\/wp\/v2\/posts\/60880","targetHints":{"allow":["GET"]}}],"collection":[{"href":"https:\/\/www.rassegnastampa-totustuus.it\/cattolica\/wp-json\/wp\/v2\/posts"}],"about":[{"href":"https:\/\/www.rassegnastampa-totustuus.it\/cattolica\/wp-json\/wp\/v2\/types\/post"}],"author":[{"embeddable":true,"href":"https:\/\/www.rassegnastampa-totustuus.it\/cattolica\/wp-json\/wp\/v2\/users\/6"}],"replies":[{"embeddable":true,"href":"https:\/\/www.rassegnastampa-totustuus.it\/cattolica\/wp-json\/wp\/v2\/comments?post=60880"}],"version-history":[{"count":1,"href":"https:\/\/www.rassegnastampa-totustuus.it\/cattolica\/wp-json\/wp\/v2\/posts\/60880\/revisions"}],"predecessor-version":[{"id":60886,"href":"https:\/\/www.rassegnastampa-totustuus.it\/cattolica\/wp-json\/wp\/v2\/posts\/60880\/revisions\/60886"}],"wp:featuredmedia":[{"embeddable":true,"href":"https:\/\/www.rassegnastampa-totustuus.it\/cattolica\/wp-json\/wp\/v2\/media\/60881"}],"wp:attachment":[{"href":"https:\/\/www.rassegnastampa-totustuus.it\/cattolica\/wp-json\/wp\/v2\/media?parent=60880"}],"wp:term":[{"taxonomy":"category","embeddable":true,"href":"https:\/\/www.rassegnastampa-totustuus.it\/cattolica\/wp-json\/wp\/v2\/categories?post=60880"},{"taxonomy":"post_tag","embeddable":true,"href":"https:\/\/www.rassegnastampa-totustuus.it\/cattolica\/wp-json\/wp\/v2\/tags?post=60880"}],"curies":[{"name":"wp","href":"https:\/\/api.w.org\/{rel}","templated":true}]}}