{"id":60878,"date":"2024-07-12T10:18:48","date_gmt":"2024-07-12T08:18:48","guid":{"rendered":"https:\/\/www.rassegnastampa-totustuus.it\/cattolica\/?p=60878"},"modified":"2024-07-12T10:18:50","modified_gmt":"2024-07-12T08:18:50","slug":"la-liturgia-e-larca-di-noe-del-cristianesimo","status":"publish","type":"post","link":"https:\/\/www.rassegnastampa-totustuus.it\/cattolica\/la-liturgia-e-larca-di-noe-del-cristianesimo\/","title":{"rendered":"\u00abLa liturgia \u00e8 l\u2019arca di No\u00e8 del Cristianesimo\u00bb"},"content":{"rendered":"<p style=\"text-align: center;\"><span style=\"color: #000000;\"><span style=\"color: #0000ff;\"><a style=\"color: #0000ff;\" href=\"https:\/\/www.laverita.info\/\" target=\"_blank\" rel=\"noopener\"><strong><img loading=\"lazy\" decoding=\"async\" class=\" wp-image-32889 alignleft\" src=\"https:\/\/www.rassegnastampa-totustuus.it\/cattolica\/wp-content\/uploads\/2009\/05\/liturgia-1.jpg\" alt=\"\" width=\"303\" height=\"228\" \/>La Verit\u00e0<\/strong> <\/a><\/span>domenica 7 Luglio 2024 <\/span><\/p>\n<p style=\"text-align: justify;\"><span style=\"color: #000000;\"><em>Lo scrittore tedesco: \u00abIl rito permette alla fede di prendere forma, per questo il sacerdote rivolto alla comunit\u00e0 invece che a Oriente contribuisce allo scolorimento della preghiera in mero discorso pubblico. Bergoglio combatte la tradizione e l\u2019autorit\u00e0 papale ne soffre\u00bb<\/em><\/span><\/p>\n<p style=\"text-align: center;\"><span style=\"color: #000000; font-size: revert; text-align: center;\">di <\/span><strong style=\"color: #000000; font-size: revert; text-align: center;\">Francesco Borgonovo<\/strong><span style=\"color: #000000; font-size: revert; text-align: center;\"> e <\/span><strong style=\"color: #000000; font-size: revert; text-align: center;\">Maddalena Loy<\/strong><\/p>\n<p><!--more--><\/p>\n<p style=\"text-align: justify;\"><span style=\"color: #000000;\"><strong>Martin Mosebach<\/strong> \u00e8 uno dei principali autori di lingua tedesca al mondo. Tra i suoi capolavori, <em>L\u2019eresia dell\u2019informe<\/em> (pubblicato qui da Cantagalli, a cura di Leonardo Allodi), una profonda riflessione sulla liturgia che,partendo da temi ecclesiali,diventa una radiografia del contemporaneo<\/span><\/p>\n<h4 style=\"text-align: justify;\"><span style=\"color: #000000;\"><strong>Lei ha grande interesse per la forma. Perch\u00e9?\u00a0 <\/strong><\/span><\/h4>\n<p style=\"text-align: justify;\"><span style=\"color: #000000;\">\u00abFra i grandi errori del pensiero moderno vi \u00e8 quello di negare una differenza fra contenuto e forma. Si sostiene che siano possibili contenuti indipendenti dalla forma nella quale si presentano. Questo non \u00e8 affatto vero. Contenuto e forma sono indissolubilmente intrecciati l\u2019un l\u2019altro. Se la forma viene modificata, anche il contenuto si trasforma. La forma &#8211; la forma percepibile in modo sensibile &#8211; \u00e8 incredibilmente potente. Essa governa il contenuto. <\/span><\/p>\n<p style=\"text-align: justify;\"><span style=\"color: #000000;\">Gi\u00e0 nella lingua lo constatiamo &#8211; ogni parola \u00e8 la forma di un pensiero &#8211; e senza questa forma non potremmo nemmeno pensare. E quando trasformiamo la lingua, quando cerchiamo di tradurre un pensiero in un\u2019altra lingua, allora la nostra esperienza, anche nella traduzione pi\u00f9 fedele, \u00e8 quella come minimo di un qualche slittamento del pensiero originale -poich\u00e9 il suono, la poesia di una parola non sono mai completamente traducibili, la loro importanza per il significato di questa resta massima\u00bb. <\/span><\/p>\n<h4 style=\"text-align: justify;\"><span style=\"color: #000000;\"><strong>La questione della liturgia \u00e8 un problema anche di forma? <\/strong><\/span><\/h4>\n<p style=\"text-align: justify;\"><span style=\"color: #000000;\"><img loading=\"lazy\" decoding=\"async\" class=\" wp-image-29505 alignleft\" src=\"https:\/\/www.rassegnastampa-totustuus.it\/cattolica\/wp-content\/uploads\/2009\/07\/liturgia.jpg\" alt=\"\" width=\"357\" height=\"269\" \/>\u00abPer la liturgia &#8211; per ogni liturgia immaginabile di ogni immaginabile religione &#8211; questo fondersi di contenuto e forma vale nella misura pi\u00f9 elevata e addirittura in modo esemplare. Il rito \u00e8 la illustrazione e il prender forma della fede \u2013 il suo sensibile divenir forma. La fede religiosa rimane una pura affermazione, una vuota costruzione concettuale, fino a quando non diventa sperimentabile in modo corporeo e sensibile nei riti religiosi. <\/span><\/p>\n<p style=\"text-align: justify;\"><span style=\"color: #000000;\">Solo in minima parte \u00e8 con la testa che crediamo. Il corpo assume un ruolo decisivo per ci\u00f2 che assumiamo come vero nella religione. Chi si inginocchia davanti all\u2019ostia consacrata, crede alla transustanziazione in modo assai pi\u00f9 fermo di colui che rimane in piedi o addirittura seduto. Lo sviluppo della riforma liturgica, a partire da Paolo VI, ha reso questo evidente: la soppressione delle forme di riverenza ha pregiudicato notevolmente la fede nella presenza reale del Salvatore nelle specie eucaristiche, in molti casi tale fede \u00e8 addirittura scomparsa. E questo senza che la dottrina fosse stata modificata! \u00bb .<\/span><\/p>\n<h4 style=\"text-align: justify;\"><span style=\"color: #000000;\"><strong>Molti giovani sono attratti dalla messa antica. Perch\u00e9? <\/strong><\/span><\/h4>\n<p style=\"text-align: justify;\"><span style=\"color: #000000;\"><img loading=\"lazy\" decoding=\"async\" class=\" wp-image-26026 alignright\" src=\"https:\/\/www.rassegnastampa-totustuus.it\/cattolica\/wp-content\/uploads\/2013\/10\/abusi-liturgici.jpg\" alt=\"\" width=\"345\" height=\"257\" \/>\u00abDi fatto vi \u00e8 una schiera di giovani ai quali la dissoluzione della religione in chiacchiere pastorali non impegnative basta pi\u00f9. Essi ricercano una autentica e oggettiva esperienza religiosa; essi vogliono entrare in un mondo che si differenzi radicalmente dalla cultura contemporanea, nella quale \u00e8 negata la possibilit\u00e0 della trascendenza. <\/span><\/p>\n<p style=\"text-align: justify;\"><span style=\"color: #000000;\">Nel termine trascendenza si trova gi\u00e0 la risposta alla sua domanda: superare i confini &#8211; proprio giovani sensibili alla religione vogliono uscire dalla gabbia ostile allo spirito della cultura contemporanea e scoprono questa possibilit\u00e0 nella liturgia tradizionale &#8211; forse anche proprio perch\u00e9 essa viene denigrata dai protagonisti della Chiesa ufficiale. Dalle cui schiere provengono molte accuse: quella di estremismo, senza che ci si preoccupi dei motivi che spingono i giovani a questa reazione\u00bb. <\/span><\/p>\n<h4 style=\"text-align: justify;\"><span style=\"color: #000000;\"><strong>Cosa intende per \u00abcrisi della preghiera\u00bb? <\/strong><\/span><\/h4>\n<p style=\"text-align: justify;\"><span style=\"color: #000000;\">\u00abA me pare che alla preghiera pubblica della Chiesa sfugga quella che dovrebbe essere la pi\u00f9 autentica intenzione della preghiera: l\u2019adorazione del Dio Creatore, onnipotente e impensabile, al quale colui che prega deve la sua esistenza. \u201cSe Dio esiste, la sua adorazione \u00e8 l\u2019unica azione ragionevole\u201d (Nicol\u00e1s Gomez D\u00e1vila). Questo si esprime anche al livello corporeo &#8211; chi prega vuole prostrarsi davanti a Dio, cos\u00ec come si dice ripetutamente nel Nuovo Testamento: \u201cSi prostr\u00f2 e lo ador\u00f2\u201d. <\/span><\/p>\n<p style=\"text-align: justify;\"><span style=\"color: #000000;\">Si tratta di un\u2019azione istintiva, senza riflessione. La preghiera pubblica, invece, viene frequentemente utilizzata per l\u2019istruzione religiosa, purtroppo spesso anche per scopi politici. E attraverso la posizione del sacerdote, rivolto alla comunit\u00e0, anzich\u00e9 essere inchinato a Oriente verso Cristo che ritorna, cos\u00ec come \u00e8 avvenuto nell\u2019intera storia della Chiesa insieme alla comunit\u00e0, la preghiera sacerdotale appare come un discorso con la comunit\u00e0, non rivolto a Dio. Qui il problema della forma diventa di nuovo evidente: con il solo mutamento di orientamento, la preghiera diventa qualcosa di assolutamente diverso\u00bb.<\/span><\/p>\n<h4 style=\"text-align: justify;\"><span style=\"color: #000000;\"><strong>Le piace la \u00abforma\u00bb che ha assunto la Chiesa attuale? <\/strong><\/span><\/h4>\n<p style=\"text-align: justify;\"><span style=\"color: #000000;\"><img loading=\"lazy\" decoding=\"async\" class=\" wp-image-29090 alignleft\" src=\"https:\/\/www.rassegnastampa-totustuus.it\/cattolica\/wp-content\/uploads\/2005\/05\/abusi-liturgici.jpg\" alt=\"\" width=\"352\" height=\"234\" \/>\u00abNeanche per me \u00e8 cos\u00ec importante il fatto che non mi piaccia. Tuttavia essa non \u00e8 caduta dal cielo, ma deve accettare il confronto con ci\u00f2 che ha rimosso. E a tale riguardo occorre dire che la differenza \u00e8 cos\u00ec stridente che qualsiasi osservatore imparziale deve immediatamente rendersi conto che essa \u00e8 divenuta il rito di una religione assai diversa da quella che anche il Vaticano II, ancora collegato alla tradizione bimillenaria della Chiesa ha proclamato &#8211; e cio\u00e8 una religione antropocentrica, non pi\u00f9 teocentrica. Chiunque abitualmente confida nei propri occhi lo pu\u00f2 accertare. Estetismo &#8211; questa parola con la quale chi segue il rito rimosso viene tranquillamente sospettato &#8211; non vuol dire altro che \u201cconfidare nei propri occhi\u201d\u00bb. <\/span><\/p>\n<h4 style=\"text-align: justify;\"><span style=\"color: #000000;\"><strong>Com\u2019\u00e8 cambiato il papato da Giovanni Paolo II a Francesco, passando da Benedetto XVI? <\/strong><\/span><\/h4>\n<p style=\"text-align: justify;\"><span style=\"color: #000000;\">\u00abI Papi qui richiamati esprimono le tre correnti essenziali presenti nel Concilio Vaticano II: i riformatori, i rivoluzionari e i conservatori. Giovanni Paolo II, con il suo rapporto positivo con il Concilio, appartiene ai riformatori, che volevano rafforzare l\u2019influenza indebolita della Chiesa sulla politica e sulla societ\u00e0. <\/span><\/p>\n<p style=\"text-align: justify;\"><span style=\"color: #000000;\">Questo partito della riforma si era dapprima imposto al Concilio, ma nei decenni successivi si \u00e8 trovato a subire una crescente pressione davanti ai rivoluzionari, i quali volevano una Chiesa diversa. Giovanni Paolo II, con la sua notevole autorit\u00e0 personale, tent\u00f2 di resistervi, ma senza intervenire e regolare la situazione con gli strumenti a disposizione della sua carica e funzione.<\/span><\/p>\n<p style=\"text-align: justify;\"><span style=\"color: #000000;\"> Anche il suo successore Benedetto XVI, ha fronteggiato un vero e proprio reggimento, anche se, al momento di assumere la sua carica, trov\u00f2 una Chiesa gi\u00e0 ampiamente scossa dal partito rivoluzionario. Nel suo Pontificato, da lui stesso troppo presto interrotto, ha tentato di contrastare il partito rivoluzionario sul piano teologico, rigettando l\u2019idea di una rivoluzione nella Chiesa &#8211; idea che non poteva corrispondere al carattere della Chiesa come custode della tradizione, con il vincolo di preservarne la continuit\u00e0. <\/span><\/p>\n<p style=\"text-align: justify;\"><span style=\"color: #000000;\"><img loading=\"lazy\" decoding=\"async\" class=\"wp-image-40652 alignright\" src=\"https:\/\/www.rassegnastampa-totustuus.it\/cattolica\/wp-content\/uploads\/2018\/07\/Francesco_comunicazione.jpg\" alt=\"\" width=\"328\" height=\"218\" \/>Con papa Francesco, infine, il partito rivoluzionario ha assunto il governo della Chiesa. Con il suo governo ondivago e spesso contraddittorio, \u00e8 iniziata una lotta contro la tradizione della Chiesa, &#8211; pi\u00f9 con la creazione di un\u2019atmosfera in cui tutto sembra essere possibile che con decisioni rivoluzionarie, e dove non sussiste pi\u00f9 alcun legame con il Depositum Fidei, e dove nessuna normativit\u00e0 e ordine hanno pi\u00f9 valore. <\/span><\/p>\n<p style=\"text-align: justify;\"><span style=\"color: #000000;\">L\u2019autorit\u00e0 papale ne ha sofferto a tal punto che non \u00e8 immaginabile come il suo successore la possa di nuovo ristabilire. Tuttavia proprio questo sembra essere lo scopo di papa Francesco: la irreversibilit\u00e0 del processo di dissoluzione da lui iniziato\u00bb.<\/span><\/p>\n<h4 style=\"text-align: justify;\"><span style=\"color: #000000;\"><strong>La parola oggi appare separata dalla verit\u00e0 e manipolabile dal potere. \u00c8 cos\u00ec? <\/strong><\/span><\/h4>\n<p style=\"text-align: justify;\"><span style=\"color: #000000;\">\u00abChe l\u2019esercizio del potere sia collegato all\u2019uso della lingua lo sapeva gi\u00e0 Platone, per il quale il presupposto di un buon governo era la chiarificazione dei concetti. Tuttavia questo vale anche per un governo cattivo e per i media, i quali hanno intrapreso un\u2019opera di ridefinizione del significato delle parole che intimidisce i cittadini: ora si pu\u00f2 essere colpevoli di parlare \u201cin modo falso\u201d, dal momento che il parlare presuppone il pensare &#8211; almeno talvolta &#8211; e un parlare falso tradisce un pensare falso. <\/span><\/p>\n<p style=\"text-align: justify;\"><span style=\"color: #000000;\">Gli eccessi del \u201cwokismo\u201d mi fanno ricordare la rivoluzione culturale cinese, che voleva estirpare \u201ci quattro cattivi valori\u201d, come di fatto poi avvenne: il pensiero tradizionale, i costumi tradizionali, le antiche leggi e le antiche consuetudini religiose. \u00c8 necessario difendersi contro questo attacco alla libert\u00e0 &#8211; per questo, talvolta, occorre coraggio. Occorre difendere l\u2019umanit\u00e0 &#8211; e per questo occorre anche essere del tutto inopportuni\u00bb. <\/span><\/p>\n<h4 style=\"text-align: justify;\"><span style=\"color: #000000;\"><strong>Cosa pensa del cosiddetto politicamente corretto e della cultura della cancellazione? <\/strong><\/span><\/h4>\n<p style=\"text-align: justify;\"><span style=\"color: #000000;\"><img loading=\"lazy\" decoding=\"async\" class=\" wp-image-50718 alignleft\" src=\"https:\/\/www.rassegnastampa-totustuus.it\/cattolica\/wp-content\/uploads\/2021\/04\/cancel_culture_sinistra-1-300x169.jpg\" alt=\"\" width=\"391\" height=\"220\" srcset=\"https:\/\/www.rassegnastampa-totustuus.it\/cattolica\/wp-content\/uploads\/2021\/04\/cancel_culture_sinistra-1-300x169.jpg 300w, https:\/\/www.rassegnastampa-totustuus.it\/cattolica\/wp-content\/uploads\/2021\/04\/cancel_culture_sinistra-1-768x432.jpg 768w, https:\/\/www.rassegnastampa-totustuus.it\/cattolica\/wp-content\/uploads\/2021\/04\/cancel_culture_sinistra-1-1024x576.jpg 1024w, https:\/\/www.rassegnastampa-totustuus.it\/cattolica\/wp-content\/uploads\/2021\/04\/cancel_culture_sinistra-1.jpg 1280w\" sizes=\"auto, (max-width: 391px) 100vw, 391px\" \/>\u00abMi sembra sempre che la piaga della <em>correctness <\/em>politica e della <em>cancel culture<\/em> che compare con essa, sia pi\u00f9 un problema del Nord europeo &#8211; il popolo italiano mi sembra ampiamente immune da questa rivolta contro l\u2019evidenza, associata al desiderio puritano di denunciare. <\/span><\/p>\n<p style=\"text-align: justify;\"><span style=\"color: #000000;\">Potendo parlare di un carattere nazionale, allora la mia impressione \u00e8 che gli italiani dispongano di uno sguardo lucido sulla <em>condition humaine<\/em>. La pregressa onnipresenza della Chiesa cattolica con la sua grande struttura dogmatica e la contemporanea capacit\u00e0 di assecondare, in modo molto umano, una certa licenziosit\u00e0, \u00e8 riuscita per tempo a rimuovere dal terreno il rischio del terrore puritano settario. Nel Nord occorrer\u00e0 tempo per superare questo fatale decorso\u00bb<\/span>.<\/p>\n<h4 style=\"text-align: justify;\"><span style=\"color: #000000;\"><strong>Lei \u00e8 sempre a favore del divieto di blasfemia, che le ha portato tante critiche<\/strong><\/span><\/h4>\n<p style=\"text-align: justify;\"><span style=\"color: #000000;\">\u00abConfesso che il mio intervento sulla punibilit\u00e0 della blasfemia aveva un carattere polemico. Ovviamente ho ben chiaro il fatto che perseguire la letteratura e l\u2019arte blasfeme implichi notevoli difficolt\u00e0. Processi di questo tipo hanno solitamente l\u2019effetto di una diffusione ancora maggiore di tali opere. <\/span><\/p>\n<p style=\"text-align: justify;\"><span style=\"color: #000000;\">Ha conseguenze anche fatali il fatto di rimettere ad un tribunale la decisione sul carattere di un\u2019opera d\u2019arte. Vi sono opere che nel loro tempo furono considerate blasfeme, opere che io ammiro in misura estrema, ad esempio i <em>Fleurs du mal di<\/em> Baudelaire, la cui condanna, per il tribunale, rappresent\u00f2 una figuraccia. Tuttavia Baudelaire dovette sopportare il rischio, mentre la blasfemia moderna \u00e8 del tutto priva di rischi e ci si pu\u00f2 perfino compiacere del pubblico applauso &#8211; e certo quando questa si dirige contro il Cristianesimo: era questo che mi aveva riempito di disgusto. <\/span><\/p>\n<p style=\"text-align: justify;\"><span style=\"color: #000000;\">Noi sappiamo che quando si tratta della diffamazione dell\u2019Islam le cose stanno diversamente. Ogni artista ora riflette parecchio se un vilipendio della religione islamica sia artisticamente cos\u00ec necessario fino al punto di esporsi al pericolo\u00bb.<\/span><\/p>\n<h4 style=\"text-align: justify;\"><span style=\"color: #000000;\"><strong>A proposito di cultura della cancellazione: i prossimi cancellati saranno i cristiani? <\/strong><\/span><\/h4>\n<p style=\"text-align: justify;\"><span style=\"color: #000000;\"><img loading=\"lazy\" decoding=\"async\" class=\" wp-image-45111 alignright\" src=\"https:\/\/www.rassegnastampa-totustuus.it\/cattolica\/wp-content\/uploads\/2019\/11\/chiesa_brucia_persecuzioni.jpg\" alt=\"\" width=\"384\" height=\"216\" \/>\u00abIn parte questo \u00e8 gi\u00e0 accaduto. Il fatto che il Cristianesimo sia la base dei diritti umani ben intesi, in ampi circoli potrebbe non essere pi\u00f9 accettato. Nella maggior parte dei Paesi occidentali, un intellettuale che come cristiano si dovesse esprimere contro il diritto all\u2019aborto, viene escluso dal discorso pubblico. <\/span><\/p>\n<p style=\"text-align: justify;\"><span style=\"color: #000000;\">Tuttavia anche la costituzione gerarchica della Chiesa, che non \u00e8 una democrazia, e i suoi sacramenti &#8211; il matrimonio fra uomo e donna e la ordinazione presbiteriale riservata agli uomini &#8211; si trovano in un contrasto inconciliabile con la costituzione politica della societ\u00e0 contemporanea. In questo senso il conflitto con lo Stato e con l\u2019opinione pubblica pu\u00f2 esplodere in qualsiasi momento e facilmente porterebbe alla \u201cscomunica\u201d dei cristiani dalla societ\u00e0 liberale del nostro tempo\u00bb. <\/span><\/p>\n<h4 style=\"text-align: justify;\"><span style=\"color: #000000;\"><strong>I cristiani possono tornare a dare una forma al mondo? <\/strong><\/span><\/h4>\n<p style=\"text-align: justify;\"><span style=\"color: #000000;\">\u00abI cristiani non hanno bisogno di inventare nulla e non devono sviluppare nulla di nuovo &#8211; devono soltanto ricordarsi di ci\u00f2 che gi\u00e0 posseggono. La loro liturgia tradizionale che Benedetto XVI ha definito \u201cil tesoro sepolto nel campo\u201d, gi\u00e0 una volta ha reso possibile, in un lungo periodo di rovina politica e culturale, nell\u2019epoca della migrazione dei popoli e del primo Medioevo, la riedificazione di un vasto ordinamento, l\u2019Occidente cristiano, sorto dalle rovine del mondo antico anche grazie al suo aiuto.\u00a0<\/span><\/p>\n<p style=\"text-align: justify;\"><span style=\"color: #000000;\">La fondazione di San Benedetto in mezzo a questo generale disfacimento, ebbe anche un carattere liturgico. Accanto a molto altro, questa liturgia tradizionale \u00e8 anche l\u2019opera d\u2019arte fondativa del mondo cristiano. E se essa non potesse esserlo una seconda volta, nel caso in cui all\u2019umanit\u00e0 fosse negata una tale riedificazione, essa rimane pur sempre un\u2019arca di No\u00e8 in mezzo al diluvio del nichilismo\u00bb.<\/span><\/p>\n<p style=\"text-align: right;\"><span style=\"color: #000000;\">(traduzione di <em>Leonardo Allodi<\/em>)<\/span><\/p>\n<p>___________________________________________<\/p>\n<p><span style=\"color: #000000;\"><strong>Leggi anche:<\/strong><\/span><\/p>\n<p><a href=\"https:\/\/www.rassegnastampa-totustuus.it\/cattolica\/liturgia-e-santa-messa\/\" target=\"_blank\" rel=\"noopener\"><span style=\"color: #0000ff;\">Formazione liturgica erronea\u00a0<\/span><\/a><\/p>\n<p><a href=\"https:\/\/www.rassegnastampa-totustuus.it\/cattolica\/il-diritto-di-dio-nella-liturgia\/\" target=\"_blank\" rel=\"noopener\"><span style=\"color: #0000ff;\">I diritti di Dio nella liturgia<\/span><\/a><\/p>\n<p><span style=\"color: #0000ff;\"><a style=\"color: #0000ff;\" href=\"https:\/\/www.rassegnastampa-totustuus.it\/cattolica\/liturgia-ecco-cosa-voleva-davvero-il-concilio\/\" target=\"_blank\" rel=\"noopener\">Liturgia. Ecco cosa voleva davvero il Concilio<\/a><\/span><\/p>\n","protected":false},"excerpt":{"rendered":"<p>La Verit\u00e0 domenica 7 Luglio 2024 Lo scrittore tedesco: \u00abIl rito permette alla fede di prendere forma, per questo il sacerdote rivolto alla comunit\u00e0 invece che a Oriente contribuisce allo scolorimento della preghiera in mero discorso pubblico. Bergoglio combatte la tradizione e l\u2019autorit\u00e0 papale ne soffre\u00bb di Francesco Borgonovo e Maddalena Loy<\/p><p><a class=\"more-link btn\" href=\"https:\/\/www.rassegnastampa-totustuus.it\/cattolica\/la-liturgia-e-larca-di-noe-del-cristianesimo\/\">Continua a leggere<\/a><\/p>\n","protected":false},"author":6,"featured_media":32889,"comment_status":"closed","ping_status":"closed","sticky":false,"template":"","format":"standard","meta":{"footnotes":""},"categories":[5,115],"tags":[157,328,1285],"class_list":["post-60878","post","type-post","status-publish","format-standard","has-post-thumbnail","hentry","category-chiesa","category-liturgia","tag-chiesa-2","tag-liturgia-2","tag-santa-messa","item-wrap"],"yoast_head":"<!-- This site is optimized with the Yoast SEO plugin v27.5 - https:\/\/yoast.com\/product\/yoast-seo-wordpress\/ -->\n<title>\u00abLa liturgia \u00e8 l\u2019arca di No\u00e8 del Cristianesimo\u00bb - Rassegna Stampa Cattolica<\/title>\n<meta name=\"description\" content=\"\u00abLa liturgia \u00e8 l\u2019arca di No\u00e8 del Cristianesimo\u00bb. Il rito permette alla fede di prendere forma Bergoglio combatte la tradizione\" \/>\n<meta name=\"robots\" content=\"index, follow, max-snippet:-1, max-image-preview:large, max-video-preview:-1\" \/>\n<link rel=\"canonical\" href=\"https:\/\/www.rassegnastampa-totustuus.it\/cattolica\/la-liturgia-e-larca-di-noe-del-cristianesimo\/\" \/>\n<meta property=\"og:locale\" content=\"it_IT\" \/>\n<meta property=\"og:type\" content=\"article\" \/>\n<meta property=\"og:title\" content=\"\u00abLa liturgia \u00e8 l\u2019arca di No\u00e8 del Cristianesimo\u00bb - Rassegna Stampa Cattolica\" \/>\n<meta property=\"og:description\" content=\"\u00abLa liturgia \u00e8 l\u2019arca di No\u00e8 del Cristianesimo\u00bb. Il rito permette alla fede di prendere forma Bergoglio combatte la tradizione\" \/>\n<meta property=\"og:url\" content=\"https:\/\/www.rassegnastampa-totustuus.it\/cattolica\/la-liturgia-e-larca-di-noe-del-cristianesimo\/\" \/>\n<meta property=\"og:site_name\" content=\"Rassegna Stampa Cattolica\" \/>\n<meta property=\"article:publisher\" content=\"https:\/\/www.facebook.com\/rassegnastampacattolica\" \/>\n<meta property=\"article:published_time\" content=\"2024-07-12T08:18:48+00:00\" \/>\n<meta property=\"article:modified_time\" content=\"2024-07-12T08:18:50+00:00\" \/>\n<meta property=\"og:image\" content=\"https:\/\/www.rassegnastampa-totustuus.it\/cattolica\/wp-content\/uploads\/2009\/05\/liturgia-1.jpg\" \/>\n\t<meta property=\"og:image:width\" content=\"259\" \/>\n\t<meta property=\"og:image:height\" content=\"195\" \/>\n\t<meta property=\"og:image:type\" content=\"image\/jpeg\" \/>\n<meta name=\"author\" content=\"Redazione\" \/>\n<meta name=\"twitter:card\" content=\"summary_large_image\" \/>\n<meta name=\"twitter:creator\" content=\"@rassegnastampa9\" \/>\n<meta name=\"twitter:site\" content=\"@rassegnastampa9\" \/>\n<meta name=\"twitter:label1\" content=\"Scritto da\" \/>\n\t<meta name=\"twitter:data1\" content=\"Redazione\" \/>\n\t<meta name=\"twitter:label2\" content=\"Tempo di lettura stimato\" \/>\n\t<meta name=\"twitter:data2\" content=\"12 minuti\" \/>\n<script type=\"application\/ld+json\" class=\"yoast-schema-graph\">{\"@context\":\"https:\\\/\\\/schema.org\",\"@graph\":[{\"@type\":\"Article\",\"@id\":\"https:\\\/\\\/www.rassegnastampa-totustuus.it\\\/cattolica\\\/la-liturgia-e-larca-di-noe-del-cristianesimo\\\/#article\",\"isPartOf\":{\"@id\":\"https:\\\/\\\/www.rassegnastampa-totustuus.it\\\/cattolica\\\/la-liturgia-e-larca-di-noe-del-cristianesimo\\\/\"},\"author\":{\"name\":\"Redazione\",\"@id\":\"https:\\\/\\\/www.rassegnastampa-totustuus.it\\\/cattolica\\\/#\\\/schema\\\/person\\\/08f319d2bd1a0904ad9e2bfb7b15e5c3\"},\"headline\":\"\u00abLa liturgia \u00e8 l\u2019arca di No\u00e8 del Cristianesimo\u00bb\",\"datePublished\":\"2024-07-12T08:18:48+00:00\",\"dateModified\":\"2024-07-12T08:18:50+00:00\",\"mainEntityOfPage\":{\"@id\":\"https:\\\/\\\/www.rassegnastampa-totustuus.it\\\/cattolica\\\/la-liturgia-e-larca-di-noe-del-cristianesimo\\\/\"},\"wordCount\":1965,\"publisher\":{\"@id\":\"https:\\\/\\\/www.rassegnastampa-totustuus.it\\\/cattolica\\\/#organization\"},\"image\":{\"@id\":\"https:\\\/\\\/www.rassegnastampa-totustuus.it\\\/cattolica\\\/la-liturgia-e-larca-di-noe-del-cristianesimo\\\/#primaryimage\"},\"thumbnailUrl\":\"https:\\\/\\\/www.rassegnastampa-totustuus.it\\\/cattolica\\\/wp-content\\\/uploads\\\/2009\\\/05\\\/liturgia-1.jpg\",\"keywords\":[\"chiesa\",\"liturgia\",\"santa Messa\"],\"articleSection\":[\"Chiesa\",\"Liturgia\"],\"inLanguage\":\"it-IT\"},{\"@type\":\"WebPage\",\"@id\":\"https:\\\/\\\/www.rassegnastampa-totustuus.it\\\/cattolica\\\/la-liturgia-e-larca-di-noe-del-cristianesimo\\\/\",\"url\":\"https:\\\/\\\/www.rassegnastampa-totustuus.it\\\/cattolica\\\/la-liturgia-e-larca-di-noe-del-cristianesimo\\\/\",\"name\":\"\u00abLa liturgia \u00e8 l\u2019arca di No\u00e8 del Cristianesimo\u00bb - Rassegna Stampa Cattolica\",\"isPartOf\":{\"@id\":\"https:\\\/\\\/www.rassegnastampa-totustuus.it\\\/cattolica\\\/#website\"},\"primaryImageOfPage\":{\"@id\":\"https:\\\/\\\/www.rassegnastampa-totustuus.it\\\/cattolica\\\/la-liturgia-e-larca-di-noe-del-cristianesimo\\\/#primaryimage\"},\"image\":{\"@id\":\"https:\\\/\\\/www.rassegnastampa-totustuus.it\\\/cattolica\\\/la-liturgia-e-larca-di-noe-del-cristianesimo\\\/#primaryimage\"},\"thumbnailUrl\":\"https:\\\/\\\/www.rassegnastampa-totustuus.it\\\/cattolica\\\/wp-content\\\/uploads\\\/2009\\\/05\\\/liturgia-1.jpg\",\"datePublished\":\"2024-07-12T08:18:48+00:00\",\"dateModified\":\"2024-07-12T08:18:50+00:00\",\"description\":\"\u00abLa liturgia \u00e8 l\u2019arca di No\u00e8 del Cristianesimo\u00bb. Il rito permette alla fede di prendere forma Bergoglio combatte la tradizione\",\"breadcrumb\":{\"@id\":\"https:\\\/\\\/www.rassegnastampa-totustuus.it\\\/cattolica\\\/la-liturgia-e-larca-di-noe-del-cristianesimo\\\/#breadcrumb\"},\"inLanguage\":\"it-IT\",\"potentialAction\":[{\"@type\":\"ReadAction\",\"target\":[\"https:\\\/\\\/www.rassegnastampa-totustuus.it\\\/cattolica\\\/la-liturgia-e-larca-di-noe-del-cristianesimo\\\/\"]}]},{\"@type\":\"ImageObject\",\"inLanguage\":\"it-IT\",\"@id\":\"https:\\\/\\\/www.rassegnastampa-totustuus.it\\\/cattolica\\\/la-liturgia-e-larca-di-noe-del-cristianesimo\\\/#primaryimage\",\"url\":\"https:\\\/\\\/www.rassegnastampa-totustuus.it\\\/cattolica\\\/wp-content\\\/uploads\\\/2009\\\/05\\\/liturgia-1.jpg\",\"contentUrl\":\"https:\\\/\\\/www.rassegnastampa-totustuus.it\\\/cattolica\\\/wp-content\\\/uploads\\\/2009\\\/05\\\/liturgia-1.jpg\",\"width\":259,\"height\":195},{\"@type\":\"BreadcrumbList\",\"@id\":\"https:\\\/\\\/www.rassegnastampa-totustuus.it\\\/cattolica\\\/la-liturgia-e-larca-di-noe-del-cristianesimo\\\/#breadcrumb\",\"itemListElement\":[{\"@type\":\"ListItem\",\"position\":1,\"name\":\"Home\",\"item\":\"https:\\\/\\\/www.rassegnastampa-totustuus.it\\\/cattolica\\\/\"},{\"@type\":\"ListItem\",\"position\":2,\"name\":\"\u00abLa liturgia \u00e8 l\u2019arca di No\u00e8 del Cristianesimo\u00bb\"}]},{\"@type\":\"WebSite\",\"@id\":\"https:\\\/\\\/www.rassegnastampa-totustuus.it\\\/cattolica\\\/#website\",\"url\":\"https:\\\/\\\/www.rassegnastampa-totustuus.it\\\/cattolica\\\/\",\"name\":\"Rassegna Stampa Cattolica\",\"description\":\"Per una cultura che nasce dalla Rivelazione cristiana in conformit\u00e0 alla tradizione e al Magistero della Chiesa in opposizione ad ogni relativismo e totalitarismo\",\"publisher\":{\"@id\":\"https:\\\/\\\/www.rassegnastampa-totustuus.it\\\/cattolica\\\/#organization\"},\"alternateName\":\"Rass. Cattolica\",\"potentialAction\":[{\"@type\":\"SearchAction\",\"target\":{\"@type\":\"EntryPoint\",\"urlTemplate\":\"https:\\\/\\\/www.rassegnastampa-totustuus.it\\\/cattolica\\\/?s={search_term_string}\"},\"query-input\":{\"@type\":\"PropertyValueSpecification\",\"valueRequired\":true,\"valueName\":\"search_term_string\"}}],\"inLanguage\":\"it-IT\"},{\"@type\":\"Organization\",\"@id\":\"https:\\\/\\\/www.rassegnastampa-totustuus.it\\\/cattolica\\\/#organization\",\"name\":\"Rassegna Stampa Cattolica\",\"url\":\"https:\\\/\\\/www.rassegnastampa-totustuus.it\\\/cattolica\\\/\",\"logo\":{\"@type\":\"ImageObject\",\"inLanguage\":\"it-IT\",\"@id\":\"https:\\\/\\\/www.rassegnastampa-totustuus.it\\\/cattolica\\\/#\\\/schema\\\/logo\\\/image\\\/\",\"url\":\"https:\\\/\\\/www.rassegnastampa-totustuus.it\\\/cattolica\\\/wp-content\\\/uploads\\\/2014\\\/04\\\/logo-rassegna1.gif\",\"contentUrl\":\"https:\\\/\\\/www.rassegnastampa-totustuus.it\\\/cattolica\\\/wp-content\\\/uploads\\\/2014\\\/04\\\/logo-rassegna1.gif\",\"width\":600,\"height\":163,\"caption\":\"Rassegna Stampa Cattolica\"},\"image\":{\"@id\":\"https:\\\/\\\/www.rassegnastampa-totustuus.it\\\/cattolica\\\/#\\\/schema\\\/logo\\\/image\\\/\"},\"sameAs\":[\"https:\\\/\\\/www.facebook.com\\\/rassegnastampacattolica\",\"https:\\\/\\\/x.com\\\/rassegnastampa9\"]},{\"@type\":\"Person\",\"@id\":\"https:\\\/\\\/www.rassegnastampa-totustuus.it\\\/cattolica\\\/#\\\/schema\\\/person\\\/08f319d2bd1a0904ad9e2bfb7b15e5c3\",\"name\":\"Redazione\",\"image\":{\"@type\":\"ImageObject\",\"inLanguage\":\"it-IT\",\"@id\":\"https:\\\/\\\/secure.gravatar.com\\\/avatar\\\/2fcdf27c78ea025fbdb44e914cc63c72249ffec9dc8aafd5c82b26240ef3f346?s=96&d=mm&r=g\",\"url\":\"https:\\\/\\\/secure.gravatar.com\\\/avatar\\\/2fcdf27c78ea025fbdb44e914cc63c72249ffec9dc8aafd5c82b26240ef3f346?s=96&d=mm&r=g\",\"contentUrl\":\"https:\\\/\\\/secure.gravatar.com\\\/avatar\\\/2fcdf27c78ea025fbdb44e914cc63c72249ffec9dc8aafd5c82b26240ef3f346?s=96&d=mm&r=g\",\"caption\":\"Redazione\"},\"url\":\"https:\\\/\\\/www.rassegnastampa-totustuus.it\\\/cattolica\\\/author\\\/pietroelle\\\/\"}]}<\/script>\n<!-- \/ Yoast SEO plugin. -->","yoast_head_json":{"title":"\u00abLa liturgia \u00e8 l\u2019arca di No\u00e8 del Cristianesimo\u00bb - Rassegna Stampa Cattolica","description":"\u00abLa liturgia \u00e8 l\u2019arca di No\u00e8 del Cristianesimo\u00bb. Il rito permette alla fede di prendere forma Bergoglio combatte la tradizione","robots":{"index":"index","follow":"follow","max-snippet":"max-snippet:-1","max-image-preview":"max-image-preview:large","max-video-preview":"max-video-preview:-1"},"canonical":"https:\/\/www.rassegnastampa-totustuus.it\/cattolica\/la-liturgia-e-larca-di-noe-del-cristianesimo\/","og_locale":"it_IT","og_type":"article","og_title":"\u00abLa liturgia \u00e8 l\u2019arca di No\u00e8 del Cristianesimo\u00bb - Rassegna Stampa Cattolica","og_description":"\u00abLa liturgia \u00e8 l\u2019arca di No\u00e8 del Cristianesimo\u00bb. Il rito permette alla fede di prendere forma Bergoglio combatte la tradizione","og_url":"https:\/\/www.rassegnastampa-totustuus.it\/cattolica\/la-liturgia-e-larca-di-noe-del-cristianesimo\/","og_site_name":"Rassegna Stampa Cattolica","article_publisher":"https:\/\/www.facebook.com\/rassegnastampacattolica","article_published_time":"2024-07-12T08:18:48+00:00","article_modified_time":"2024-07-12T08:18:50+00:00","og_image":[{"width":259,"height":195,"url":"https:\/\/www.rassegnastampa-totustuus.it\/cattolica\/wp-content\/uploads\/2009\/05\/liturgia-1.jpg","type":"image\/jpeg"}],"author":"Redazione","twitter_card":"summary_large_image","twitter_creator":"@rassegnastampa9","twitter_site":"@rassegnastampa9","twitter_misc":{"Scritto da":"Redazione","Tempo di lettura stimato":"12 minuti"},"schema":{"@context":"https:\/\/schema.org","@graph":[{"@type":"Article","@id":"https:\/\/www.rassegnastampa-totustuus.it\/cattolica\/la-liturgia-e-larca-di-noe-del-cristianesimo\/#article","isPartOf":{"@id":"https:\/\/www.rassegnastampa-totustuus.it\/cattolica\/la-liturgia-e-larca-di-noe-del-cristianesimo\/"},"author":{"name":"Redazione","@id":"https:\/\/www.rassegnastampa-totustuus.it\/cattolica\/#\/schema\/person\/08f319d2bd1a0904ad9e2bfb7b15e5c3"},"headline":"\u00abLa liturgia \u00e8 l\u2019arca di No\u00e8 del Cristianesimo\u00bb","datePublished":"2024-07-12T08:18:48+00:00","dateModified":"2024-07-12T08:18:50+00:00","mainEntityOfPage":{"@id":"https:\/\/www.rassegnastampa-totustuus.it\/cattolica\/la-liturgia-e-larca-di-noe-del-cristianesimo\/"},"wordCount":1965,"publisher":{"@id":"https:\/\/www.rassegnastampa-totustuus.it\/cattolica\/#organization"},"image":{"@id":"https:\/\/www.rassegnastampa-totustuus.it\/cattolica\/la-liturgia-e-larca-di-noe-del-cristianesimo\/#primaryimage"},"thumbnailUrl":"https:\/\/www.rassegnastampa-totustuus.it\/cattolica\/wp-content\/uploads\/2009\/05\/liturgia-1.jpg","keywords":["chiesa","liturgia","santa Messa"],"articleSection":["Chiesa","Liturgia"],"inLanguage":"it-IT"},{"@type":"WebPage","@id":"https:\/\/www.rassegnastampa-totustuus.it\/cattolica\/la-liturgia-e-larca-di-noe-del-cristianesimo\/","url":"https:\/\/www.rassegnastampa-totustuus.it\/cattolica\/la-liturgia-e-larca-di-noe-del-cristianesimo\/","name":"\u00abLa liturgia \u00e8 l\u2019arca di No\u00e8 del Cristianesimo\u00bb - Rassegna Stampa Cattolica","isPartOf":{"@id":"https:\/\/www.rassegnastampa-totustuus.it\/cattolica\/#website"},"primaryImageOfPage":{"@id":"https:\/\/www.rassegnastampa-totustuus.it\/cattolica\/la-liturgia-e-larca-di-noe-del-cristianesimo\/#primaryimage"},"image":{"@id":"https:\/\/www.rassegnastampa-totustuus.it\/cattolica\/la-liturgia-e-larca-di-noe-del-cristianesimo\/#primaryimage"},"thumbnailUrl":"https:\/\/www.rassegnastampa-totustuus.it\/cattolica\/wp-content\/uploads\/2009\/05\/liturgia-1.jpg","datePublished":"2024-07-12T08:18:48+00:00","dateModified":"2024-07-12T08:18:50+00:00","description":"\u00abLa liturgia \u00e8 l\u2019arca di No\u00e8 del Cristianesimo\u00bb. Il rito permette alla fede di prendere forma Bergoglio combatte la tradizione","breadcrumb":{"@id":"https:\/\/www.rassegnastampa-totustuus.it\/cattolica\/la-liturgia-e-larca-di-noe-del-cristianesimo\/#breadcrumb"},"inLanguage":"it-IT","potentialAction":[{"@type":"ReadAction","target":["https:\/\/www.rassegnastampa-totustuus.it\/cattolica\/la-liturgia-e-larca-di-noe-del-cristianesimo\/"]}]},{"@type":"ImageObject","inLanguage":"it-IT","@id":"https:\/\/www.rassegnastampa-totustuus.it\/cattolica\/la-liturgia-e-larca-di-noe-del-cristianesimo\/#primaryimage","url":"https:\/\/www.rassegnastampa-totustuus.it\/cattolica\/wp-content\/uploads\/2009\/05\/liturgia-1.jpg","contentUrl":"https:\/\/www.rassegnastampa-totustuus.it\/cattolica\/wp-content\/uploads\/2009\/05\/liturgia-1.jpg","width":259,"height":195},{"@type":"BreadcrumbList","@id":"https:\/\/www.rassegnastampa-totustuus.it\/cattolica\/la-liturgia-e-larca-di-noe-del-cristianesimo\/#breadcrumb","itemListElement":[{"@type":"ListItem","position":1,"name":"Home","item":"https:\/\/www.rassegnastampa-totustuus.it\/cattolica\/"},{"@type":"ListItem","position":2,"name":"\u00abLa liturgia \u00e8 l\u2019arca di No\u00e8 del Cristianesimo\u00bb"}]},{"@type":"WebSite","@id":"https:\/\/www.rassegnastampa-totustuus.it\/cattolica\/#website","url":"https:\/\/www.rassegnastampa-totustuus.it\/cattolica\/","name":"Rassegna Stampa Cattolica","description":"Per una cultura che nasce dalla Rivelazione cristiana in conformit\u00e0 alla tradizione e al Magistero della Chiesa in opposizione ad ogni relativismo e totalitarismo","publisher":{"@id":"https:\/\/www.rassegnastampa-totustuus.it\/cattolica\/#organization"},"alternateName":"Rass. Cattolica","potentialAction":[{"@type":"SearchAction","target":{"@type":"EntryPoint","urlTemplate":"https:\/\/www.rassegnastampa-totustuus.it\/cattolica\/?s={search_term_string}"},"query-input":{"@type":"PropertyValueSpecification","valueRequired":true,"valueName":"search_term_string"}}],"inLanguage":"it-IT"},{"@type":"Organization","@id":"https:\/\/www.rassegnastampa-totustuus.it\/cattolica\/#organization","name":"Rassegna Stampa Cattolica","url":"https:\/\/www.rassegnastampa-totustuus.it\/cattolica\/","logo":{"@type":"ImageObject","inLanguage":"it-IT","@id":"https:\/\/www.rassegnastampa-totustuus.it\/cattolica\/#\/schema\/logo\/image\/","url":"https:\/\/www.rassegnastampa-totustuus.it\/cattolica\/wp-content\/uploads\/2014\/04\/logo-rassegna1.gif","contentUrl":"https:\/\/www.rassegnastampa-totustuus.it\/cattolica\/wp-content\/uploads\/2014\/04\/logo-rassegna1.gif","width":600,"height":163,"caption":"Rassegna Stampa Cattolica"},"image":{"@id":"https:\/\/www.rassegnastampa-totustuus.it\/cattolica\/#\/schema\/logo\/image\/"},"sameAs":["https:\/\/www.facebook.com\/rassegnastampacattolica","https:\/\/x.com\/rassegnastampa9"]},{"@type":"Person","@id":"https:\/\/www.rassegnastampa-totustuus.it\/cattolica\/#\/schema\/person\/08f319d2bd1a0904ad9e2bfb7b15e5c3","name":"Redazione","image":{"@type":"ImageObject","inLanguage":"it-IT","@id":"https:\/\/secure.gravatar.com\/avatar\/2fcdf27c78ea025fbdb44e914cc63c72249ffec9dc8aafd5c82b26240ef3f346?s=96&d=mm&r=g","url":"https:\/\/secure.gravatar.com\/avatar\/2fcdf27c78ea025fbdb44e914cc63c72249ffec9dc8aafd5c82b26240ef3f346?s=96&d=mm&r=g","contentUrl":"https:\/\/secure.gravatar.com\/avatar\/2fcdf27c78ea025fbdb44e914cc63c72249ffec9dc8aafd5c82b26240ef3f346?s=96&d=mm&r=g","caption":"Redazione"},"url":"https:\/\/www.rassegnastampa-totustuus.it\/cattolica\/author\/pietroelle\/"}]}},"_links":{"self":[{"href":"https:\/\/www.rassegnastampa-totustuus.it\/cattolica\/wp-json\/wp\/v2\/posts\/60878","targetHints":{"allow":["GET"]}}],"collection":[{"href":"https:\/\/www.rassegnastampa-totustuus.it\/cattolica\/wp-json\/wp\/v2\/posts"}],"about":[{"href":"https:\/\/www.rassegnastampa-totustuus.it\/cattolica\/wp-json\/wp\/v2\/types\/post"}],"author":[{"embeddable":true,"href":"https:\/\/www.rassegnastampa-totustuus.it\/cattolica\/wp-json\/wp\/v2\/users\/6"}],"replies":[{"embeddable":true,"href":"https:\/\/www.rassegnastampa-totustuus.it\/cattolica\/wp-json\/wp\/v2\/comments?post=60878"}],"version-history":[{"count":1,"href":"https:\/\/www.rassegnastampa-totustuus.it\/cattolica\/wp-json\/wp\/v2\/posts\/60878\/revisions"}],"predecessor-version":[{"id":60879,"href":"https:\/\/www.rassegnastampa-totustuus.it\/cattolica\/wp-json\/wp\/v2\/posts\/60878\/revisions\/60879"}],"wp:featuredmedia":[{"embeddable":true,"href":"https:\/\/www.rassegnastampa-totustuus.it\/cattolica\/wp-json\/wp\/v2\/media\/32889"}],"wp:attachment":[{"href":"https:\/\/www.rassegnastampa-totustuus.it\/cattolica\/wp-json\/wp\/v2\/media?parent=60878"}],"wp:term":[{"taxonomy":"category","embeddable":true,"href":"https:\/\/www.rassegnastampa-totustuus.it\/cattolica\/wp-json\/wp\/v2\/categories?post=60878"},{"taxonomy":"post_tag","embeddable":true,"href":"https:\/\/www.rassegnastampa-totustuus.it\/cattolica\/wp-json\/wp\/v2\/tags?post=60878"}],"curies":[{"name":"wp","href":"https:\/\/api.w.org\/{rel}","templated":true}]}}