{"id":60848,"date":"2024-07-06T17:05:37","date_gmt":"2024-07-06T15:05:37","guid":{"rendered":"https:\/\/www.rassegnastampa-totustuus.it\/cattolica\/?p=60848"},"modified":"2024-07-06T17:05:39","modified_gmt":"2024-07-06T15:05:39","slug":"settimana-sociale-dei-cattolici-il-vuoto-di-chi-non-parte-da-dio","status":"publish","type":"post","link":"https:\/\/www.rassegnastampa-totustuus.it\/cattolica\/settimana-sociale-dei-cattolici-il-vuoto-di-chi-non-parte-da-dio\/","title":{"rendered":"Settimana sociale dei cattolici, il vuoto di chi non parte da Dio"},"content":{"rendered":"<p style=\"text-align: center;\"><strong><strong><img loading=\"lazy\" decoding=\"async\" class=\"size-full wp-image-60849 alignleft\" src=\"https:\/\/www.rassegnastampa-totustuus.it\/cattolica\/wp-content\/uploads\/2024\/07\/Settimana_sociale_chiesa_2024.jpeg\" alt=\"\" width=\"268\" height=\"188\" \/>La Nuova Bussola quotidiana <\/strong><\/strong>3 Luglio 2024<\/p>\n<p style=\"text-align: justify;\"><strong><em>l<\/em><\/strong><em>l vuoto della proposta della Settimana sociale di Trieste non \u00e8 improvvisato. Alle sue spalle ha la lunga strada della \u201csvolta antropologica\u201d che consiste nel partire non da Dio ma dall\u2019uomo e comporta non solo un cambio di contenuti, ma anche un cambio di linguaggio. <\/em><\/p>\n<p style=\"text-align: center;\">di <strong><strong>Stefano Fontana<\/strong><\/strong><\/p>\n<p><!--more--><\/p>\n<p style=\"text-align: justify;\"><span style=\"color: #000000;\">Di cattolici in politica ce ne sono gi\u00e0. Il problema \u00e8 vedere se facciano bene o no. Se non facessero bene, sarebbe negativo aumentare la loro presenza. Servir\u00e0 la<\/span> <a href=\"https:\/\/lanuovabq.it\/it\/la-cei-appalta-al-pd-le-settimane-sociali-in-formato-festa-dellunita\" target=\"_blank\" rel=\"noopener\"><span style=\"color: #0000ff;\">Settimana sociale dei cattolici italian<\/span>i<\/a> <span style=\"color: #000000;\">che si apre oggi a Trieste a chiarire questo punto? Partecipare non basta e non si risolvono le cose aumentando la partecipazione, bisogna vedere a cosa mira la partecipazione, quali effetti produce. <\/span><\/p>\n<p style=\"text-align: justify;\"><span style=\"color: #000000;\">Se la partecipazione dei cattolici ha come esito il voto a favore della legge Cirinn\u00e0 come fatto a suo tempo da Lupi e altri, oppure l\u2019ammissione dell\u2019aborto, magari negandolo ma nel contempo accettando la 194 che lo permette, come espresso di recente da Marco Tarquinio, allora \u00e8 preferibile concludere che sarebbe meglio se i cattolici non partecipassero alla vita democratica e la Chiesa dovrebbe dissuaderli dal farlo.<\/span><\/p>\n<p style=\"text-align: justify;\"><span style=\"color: #000000;\"><strong><img loading=\"lazy\" decoding=\"async\" class=\" wp-image-60850 alignright\" src=\"https:\/\/www.rassegnastampa-totustuus.it\/cattolica\/wp-content\/uploads\/2024\/07\/Mattarella_settimana_sociale.jpeg\" alt=\"\" width=\"342\" height=\"229\" \/>Se i cattolici dovessero riconoscere i cosiddetti \u201cdiritti civili\u201d<\/strong>, se accettassero la \u201cfiaba\u201d dell\u2019emergenza climatica come ieri hanno accettato quella pandemica, se puntassero su una Unione Europea alla Macron, se non avessero nessuna visione critica della cosiddetta societ\u00e0 multireligiosa che, nel concreto, in Europa significa rassegnazione all\u2019Islam, se non ritenessero pi\u00f9 che i Dieci Comandamenti abbiano una funzione in politica, e, soprattutto e prima di tutto, se fossero dell\u2019idea che la fede cristiana non abbia nulla di proprio, di originario e di vincolante da dire alla politica per renderla veramente buona, ben oltre una laicit\u00e0 che non riesce a non diventare laicismo\u2026 beh, allora sarebbe meglio che non partecipassero alla politica.<\/span><\/p>\n<p style=\"text-align: justify;\"><span style=\"color: #000000;\"><strong>Preoccupa che nulla di tutto ci\u00f2 verr\u00e0 detto alla Settimana sociale di Trieste<\/strong>, nella quale, se verr\u00e0 confermata la linea della fase preparatoria, si punter\u00e0 tutto sulla partecipazione senza dire nulla sui fini e i contenuti per i quali si dovrebbe partecipare. La fase preparatoria \u00e8 stata una grande delusione. Prima di tutto il<\/span><span style=\"color: #0000ff;\"> <a style=\"color: #0000ff;\" href=\"https:\/\/www.settimanesociali.it\/news\/verso-trieste-online-il-documento-preparatorio\/\" target=\"_blank\" rel=\"noopener\">documento preparatorio<\/a> <\/span><span style=\"color: #000000;\">che non fa alcun riferimento a una visione cristiana della vita politica. Poi il programma e i relatori che,<\/span> <span style=\"color: #0000ff;\"><a style=\"color: #0000ff;\" href=\"https:\/\/lanuovabq.it\/it\/la-cei-appalta-al-pd-le-settimane-sociali-in-formato-festa-dellunita\">come \u00e8 stato evidenziato<\/a>,<\/span> <span style=\"color: #000000;\">sono non solo quasi tutti di una parte ideologica, ma addirittura di una sola parte politica: il Partito Democratico.<\/span><\/p>\n<p style=\"text-align: justify;\"><span style=\"color: #000000;\"><strong>La cosa \u00e8 scandalosa e chi conosce bene il contesto triestino<\/strong> sa che ben altro ci sarebbe da dire sulla penetrazione tentacolare di questo partito nelle strutture diocesane e, di conseguenza, nella organizzazione della Settimana sociale, nonostante che cospicui finanziamenti per la Settimana stessa siano stati ottenuti dalla Regione che politicamente batte altre strade.<\/span><\/p>\n<p style=\"text-align: justify;\"><span style=\"color: #000000;\"><strong><img loading=\"lazy\" decoding=\"async\" class=\"size-full wp-image-34371 alignleft\" src=\"https:\/\/www.rassegnastampa-totustuus.it\/cattolica\/wp-content\/uploads\/2013\/01\/cattolici_politica.jpg\" alt=\"\" width=\"259\" height=\"194\" \/>Gli eventi preparatori, coordinati in sede nazionale da esponenti PD<\/strong> o da persone a loro vicine, e programmati in sede diocesana dal vescovo mons. Trevisi, sono stati impostati con regole precise: nessun riferimento alla Dottrina sociale della Chiesa, accettazione della democrazia liberale procedurale camuffata di sinodalit\u00e0, assunzione delle tematiche della Settimana dalle tendenze politiche attualmente dominanti, accettazione del voto democratico come legittimazione del potere politico in contrasto con l\u2019insegnamento della Chiesa su questo tema, limitazione dei riferimenti magisteriali a Francesco come se Leone XIII, ma anche Giovanni Paolo II, non fossero esistiti.<\/span><\/p>\n<p style=\"text-align: justify;\"><span style=\"color: #000000;\"><strong>La proposta della Settimana sociale \u00e8 costituita da una serie di concetti dal contenuto molto incerto<\/strong>, come quelli enunciati dal vescovo di Trieste in una recente<\/span> <a href=\"https:\/\/www.agensir.it\/quotidiano\/2024\/7\/1\/settimana-sociale-mons-trevisi-trieste-aiuti-a-maturare-il-desiderio-di-essere-piu-protagonisti-piu-attivi-piu-partecipi\/\"><span style=\"color: #0000ff;\">intervista<\/span><\/a>: <span style=\"color: #000000;\">\u00abConfronto con l\u2019alterit\u00e0\u00bb, \u00absinodalit\u00e0\u00bb, \u00abrispetto reciproco\u00bb, \u00abessere pi\u00f9 protagonisti, pi\u00f9 attivi, pi\u00f9 partecipi\u00bb. Tutte le alterit\u00e0 sono da integrare? La sinodalit\u00e0 pu\u00f2 avere qualsiasi approdo? Essere protagonisti, attivi e partecipi per che cosa? La Settimana \u00e8 vista dal<\/span> <span style=\"color: #0000ff;\"><a style=\"color: #0000ff;\" href=\"https:\/\/www.settimanesociali.it\/news\/verso-trieste-online-il-documento-preparatorio\/\" target=\"_blank\" rel=\"noopener\">documento preparatorio<\/a><\/span> c<span style=\"color: #000000;\">ome \u00abun crocevia di persone e progetti diversi, un luogo per condividere il presente e immaginare insieme il futuro, ricercando sempre nuove vie per costruire il bene comune\u00bb. <\/span><\/p>\n<p style=\"text-align: justify;\"><span style=\"color: #000000;\"><img loading=\"lazy\" decoding=\"async\" class=\"size-full wp-image-38146 alignright\" src=\"https:\/\/www.rassegnastampa-totustuus.it\/cattolica\/wp-content\/uploads\/2017\/07\/lotte_PD.jpg\" alt=\"\" width=\"260\" height=\"194\" \/>Sebastiano Nerozzi, segretario del comitato organizzatore, ritiene che la Settimana sar\u00e0 \u00abun evento popolare, aperto davvero a tutti, in cui usare i linguaggi pi\u00f9 diversi per aprire uno spazio di ascolto e di confronto che stimola all\u2019impegno e alla riflessione\u00bb (<a style=\"color: #000000;\" href=\"https:\/\/www.chiesadimilano.it\/news\/chiesa-diocesi\/settimane-sociali-cattolici-trieste-intervista-nerozzi-2809740.html\">qui<\/a>). Perch\u00e9 mai, ci si chiede, deve essere la Chiesa ad organizzare qualcosa di cos\u00ec vuoto e in cui di essa, della Chiesa, non c\u2019\u00e8 traccia? (a meno di non essere intesa propri cos\u00ec, come uno spazio di confronto).<\/span><\/p>\n<p style=\"text-align: justify;\"><span style=\"color: #000000;\"><strong>Questo vuoto della proposta della Settimana sociale non \u00e8 improvvisato<\/strong>, n\u00e9 \u00e8 frutto di infondata invenzione. Alle sue spalle ha la lunga strada della \u201csvolta antropologica\u201d. Questa consiste nel partire non da Dio ma dall\u2019uomo, non dalla Chiesa ma dalla situazione storica che si sta vivendo. Questo comporta non solo un cambio di contenuti \u2013 da quelli spirituali e dottrinali a quelli sociali e fattuali \u2013 ma anche un cambio di linguaggio: non bisogna pi\u00f9 parlare di Dio ma dell\u2019uomo perch\u00e9 \u00e8 parlando dell\u2019uomo che si parla di Dio il quale, secondo questa \u201csvolta\u201d, si esprimerebbe solo tramite le vicende umane e i fatti storici.<\/span><\/p>\n<p style=\"text-align: justify;\"><span style=\"color: #000000;\"><strong>La democrazia farebbe parte della situazione esistenziale di oggi<\/strong> da cui si deve partire, ritenendosi astratto il partire dalla fede apostolica e dalle verit\u00e0 della Dottrina sociale della Chiesa. Cos\u00ec, si pensa che la democrazia appartenga al mondo dell\u2019esistenza che viene prima dell\u2019essere cattolici o no. La democrazia accomunerebbe prioritariamente i cattolici a tutti, tranne quelli, per\u00f2, che criticano la democrazia. E se a criticare la democrazia sono stati anche tanti Pontefici, peggio per loro.<\/span><\/p>\n<p>_______________________________________________<\/p>\n<p><strong><span style=\"color: #000000;\">Leggi anche:<\/span><\/strong><\/p>\n<p><a href=\"https:\/\/www.rassegnastampa-totustuus.it\/cattolica\/per-i-cattolici-immorale-e-proprio-separare-la-fede-dalla-politica\/\" target=\"_blank\" rel=\"noopener\"><span style=\"color: #0000ff;\">Per i cattolici immorale \u00e8 proprio separare la fede dalla politica<\/span><\/a><\/p>\n<p><a href=\"https:\/\/www.rassegnastampa-totustuus.it\/cattolica\/importanza-della-dottrina-per-lazione-politica-dei-cattolici\/\" target=\"_blank\" rel=\"noopener\"><span style=\"color: #0000ff;\">Importanza della dottrina per l\u2019azione politica dei cattolici<\/span><\/a><\/p>\n<p><a href=\"https:\/\/www.rassegnastampa-totustuus.it\/cattolica\/cattolici-in-politica-2\/\" target=\"_blank\" rel=\"noopener\"><span style=\"color: #0000ff;\">Cattolici in politica<\/span><\/a><\/p>\n<p><a href=\"https:\/\/www.rassegnastampa-totustuus.it\/cattolica\/i-dogmi-della-fede-cattolica-la-dottrina-sociale-della-chiesa-e-lazione-politica-dei-cattolici\/\" target=\"_blank\" rel=\"noopener\"><span style=\"color: #0000ff;\">I Dogmi della Fede cattolica, la Dottrina sociale della Chiesa e l\u2019azione politica dei cattolici.<\/span><\/a><\/p>\n<p><a href=\"https:\/\/www.rassegnastampa-totustuus.it\/cattolica\/cattolici-in-politica\/\" target=\"_blank\" rel=\"noopener\"><span style=\"color: #0000ff;\">Cattolici in politica<\/span><\/a> <span style=\"color: #000000;\">(Congregazione per la dottrina della fede)<\/span><\/p>\n","protected":false},"excerpt":{"rendered":"<p>La Nuova Bussola quotidiana 3 Luglio 2024 ll vuoto della proposta della Settimana sociale di Trieste non \u00e8 improvvisato. Alle sue spalle ha la lunga strada della \u201csvolta antropologica\u201d che consiste nel partire non da Dio ma dall\u2019uomo e comporta non solo un cambio di contenuti, ma anche un cambio di linguaggio. di Stefano Fontana<\/p><p><a class=\"more-link btn\" href=\"https:\/\/www.rassegnastampa-totustuus.it\/cattolica\/settimana-sociale-dei-cattolici-il-vuoto-di-chi-non-parte-da-dio\/\">Continua a leggere<\/a><\/p>\n","protected":false},"author":6,"featured_media":60849,"comment_status":"closed","ping_status":"closed","sticky":false,"template":"","format":"standard","meta":{"footnotes":""},"categories":[106,5,11,53],"tags":[825,654,157,146,235],"class_list":["post-60848","post","type-post","status-publish","format-standard","has-post-thumbnail","hentry","category-cattolicesimo-democratico","category-chiesa","category-dottrina-sociale","category-politica","tag-cattolici-democratici","tag-cattolici-in-politica","tag-chiesa-2","tag-dottrina-sociale-2","tag-politica-2","item-wrap"],"yoast_head":"<!-- This site is optimized with the Yoast SEO plugin v27.5 - https:\/\/yoast.com\/product\/yoast-seo-wordpress\/ -->\n<title>Settimana sociale dei cattolici, il vuoto di chi non parte da Dio - Rassegna Stampa Cattolica<\/title>\n<meta name=\"description\" content=\"Settimana sociale dei cattolici, il vuoto di chi non parte da Dio e ha alle spalle una lunga strada di &quot;svolta antropologica&quot;\" \/>\n<meta name=\"robots\" content=\"index, follow, max-snippet:-1, max-image-preview:large, max-video-preview:-1\" \/>\n<link rel=\"canonical\" href=\"https:\/\/www.rassegnastampa-totustuus.it\/cattolica\/settimana-sociale-dei-cattolici-il-vuoto-di-chi-non-parte-da-dio\/\" \/>\n<meta property=\"og:locale\" content=\"it_IT\" \/>\n<meta property=\"og:type\" content=\"article\" \/>\n<meta property=\"og:title\" content=\"Settimana sociale dei cattolici, il vuoto di chi non parte da Dio - Rassegna Stampa Cattolica\" \/>\n<meta property=\"og:description\" content=\"Settimana sociale dei cattolici, il vuoto di chi non parte da Dio e ha alle spalle una lunga strada di &quot;svolta antropologica&quot;\" \/>\n<meta property=\"og:url\" content=\"https:\/\/www.rassegnastampa-totustuus.it\/cattolica\/settimana-sociale-dei-cattolici-il-vuoto-di-chi-non-parte-da-dio\/\" \/>\n<meta property=\"og:site_name\" content=\"Rassegna Stampa Cattolica\" \/>\n<meta property=\"article:publisher\" content=\"https:\/\/www.facebook.com\/rassegnastampacattolica\" \/>\n<meta property=\"article:published_time\" content=\"2024-07-06T15:05:37+00:00\" \/>\n<meta property=\"article:modified_time\" content=\"2024-07-06T15:05:39+00:00\" \/>\n<meta property=\"og:image\" content=\"https:\/\/www.rassegnastampa-totustuus.it\/cattolica\/wp-content\/uploads\/2024\/07\/Settimana_sociale_chiesa_2024.jpeg\" \/>\n\t<meta property=\"og:image:width\" content=\"268\" \/>\n\t<meta property=\"og:image:height\" content=\"188\" \/>\n\t<meta property=\"og:image:type\" content=\"image\/jpeg\" \/>\n<meta name=\"author\" content=\"Redazione\" \/>\n<meta name=\"twitter:card\" content=\"summary_large_image\" \/>\n<meta name=\"twitter:creator\" content=\"@rassegnastampa9\" \/>\n<meta name=\"twitter:site\" content=\"@rassegnastampa9\" \/>\n<meta name=\"twitter:label1\" content=\"Scritto da\" \/>\n\t<meta name=\"twitter:data1\" content=\"Redazione\" \/>\n\t<meta name=\"twitter:label2\" content=\"Tempo di lettura stimato\" \/>\n\t<meta name=\"twitter:data2\" content=\"7 minuti\" \/>\n<script type=\"application\/ld+json\" class=\"yoast-schema-graph\">{\"@context\":\"https:\\\/\\\/schema.org\",\"@graph\":[{\"@type\":\"Article\",\"@id\":\"https:\\\/\\\/www.rassegnastampa-totustuus.it\\\/cattolica\\\/settimana-sociale-dei-cattolici-il-vuoto-di-chi-non-parte-da-dio\\\/#article\",\"isPartOf\":{\"@id\":\"https:\\\/\\\/www.rassegnastampa-totustuus.it\\\/cattolica\\\/settimana-sociale-dei-cattolici-il-vuoto-di-chi-non-parte-da-dio\\\/\"},\"author\":{\"name\":\"Redazione\",\"@id\":\"https:\\\/\\\/www.rassegnastampa-totustuus.it\\\/cattolica\\\/#\\\/schema\\\/person\\\/08f319d2bd1a0904ad9e2bfb7b15e5c3\"},\"headline\":\"Settimana sociale dei cattolici, il vuoto di chi non parte da Dio\",\"datePublished\":\"2024-07-06T15:05:37+00:00\",\"dateModified\":\"2024-07-06T15:05:39+00:00\",\"mainEntityOfPage\":{\"@id\":\"https:\\\/\\\/www.rassegnastampa-totustuus.it\\\/cattolica\\\/settimana-sociale-dei-cattolici-il-vuoto-di-chi-non-parte-da-dio\\\/\"},\"wordCount\":957,\"publisher\":{\"@id\":\"https:\\\/\\\/www.rassegnastampa-totustuus.it\\\/cattolica\\\/#organization\"},\"image\":{\"@id\":\"https:\\\/\\\/www.rassegnastampa-totustuus.it\\\/cattolica\\\/settimana-sociale-dei-cattolici-il-vuoto-di-chi-non-parte-da-dio\\\/#primaryimage\"},\"thumbnailUrl\":\"https:\\\/\\\/www.rassegnastampa-totustuus.it\\\/cattolica\\\/wp-content\\\/uploads\\\/2024\\\/07\\\/Settimana_sociale_chiesa_2024.jpeg\",\"keywords\":[\"cattolici democratici\",\"cattolici in politica\",\"chiesa\",\"dottrina sociale\",\"politica\"],\"articleSection\":[\"Cattolicesimo dem.\",\"Chiesa\",\"Dottrina sociale\",\"Politica\"],\"inLanguage\":\"it-IT\"},{\"@type\":\"WebPage\",\"@id\":\"https:\\\/\\\/www.rassegnastampa-totustuus.it\\\/cattolica\\\/settimana-sociale-dei-cattolici-il-vuoto-di-chi-non-parte-da-dio\\\/\",\"url\":\"https:\\\/\\\/www.rassegnastampa-totustuus.it\\\/cattolica\\\/settimana-sociale-dei-cattolici-il-vuoto-di-chi-non-parte-da-dio\\\/\",\"name\":\"Settimana sociale dei cattolici, il vuoto di chi non parte da Dio - Rassegna Stampa Cattolica\",\"isPartOf\":{\"@id\":\"https:\\\/\\\/www.rassegnastampa-totustuus.it\\\/cattolica\\\/#website\"},\"primaryImageOfPage\":{\"@id\":\"https:\\\/\\\/www.rassegnastampa-totustuus.it\\\/cattolica\\\/settimana-sociale-dei-cattolici-il-vuoto-di-chi-non-parte-da-dio\\\/#primaryimage\"},\"image\":{\"@id\":\"https:\\\/\\\/www.rassegnastampa-totustuus.it\\\/cattolica\\\/settimana-sociale-dei-cattolici-il-vuoto-di-chi-non-parte-da-dio\\\/#primaryimage\"},\"thumbnailUrl\":\"https:\\\/\\\/www.rassegnastampa-totustuus.it\\\/cattolica\\\/wp-content\\\/uploads\\\/2024\\\/07\\\/Settimana_sociale_chiesa_2024.jpeg\",\"datePublished\":\"2024-07-06T15:05:37+00:00\",\"dateModified\":\"2024-07-06T15:05:39+00:00\",\"description\":\"Settimana sociale dei cattolici, il vuoto di chi non parte da Dio e ha alle spalle una lunga strada di \\\"svolta antropologica\\\"\",\"breadcrumb\":{\"@id\":\"https:\\\/\\\/www.rassegnastampa-totustuus.it\\\/cattolica\\\/settimana-sociale-dei-cattolici-il-vuoto-di-chi-non-parte-da-dio\\\/#breadcrumb\"},\"inLanguage\":\"it-IT\",\"potentialAction\":[{\"@type\":\"ReadAction\",\"target\":[\"https:\\\/\\\/www.rassegnastampa-totustuus.it\\\/cattolica\\\/settimana-sociale-dei-cattolici-il-vuoto-di-chi-non-parte-da-dio\\\/\"]}]},{\"@type\":\"ImageObject\",\"inLanguage\":\"it-IT\",\"@id\":\"https:\\\/\\\/www.rassegnastampa-totustuus.it\\\/cattolica\\\/settimana-sociale-dei-cattolici-il-vuoto-di-chi-non-parte-da-dio\\\/#primaryimage\",\"url\":\"https:\\\/\\\/www.rassegnastampa-totustuus.it\\\/cattolica\\\/wp-content\\\/uploads\\\/2024\\\/07\\\/Settimana_sociale_chiesa_2024.jpeg\",\"contentUrl\":\"https:\\\/\\\/www.rassegnastampa-totustuus.it\\\/cattolica\\\/wp-content\\\/uploads\\\/2024\\\/07\\\/Settimana_sociale_chiesa_2024.jpeg\",\"width\":268,\"height\":188},{\"@type\":\"BreadcrumbList\",\"@id\":\"https:\\\/\\\/www.rassegnastampa-totustuus.it\\\/cattolica\\\/settimana-sociale-dei-cattolici-il-vuoto-di-chi-non-parte-da-dio\\\/#breadcrumb\",\"itemListElement\":[{\"@type\":\"ListItem\",\"position\":1,\"name\":\"Home\",\"item\":\"https:\\\/\\\/www.rassegnastampa-totustuus.it\\\/cattolica\\\/\"},{\"@type\":\"ListItem\",\"position\":2,\"name\":\"Settimana sociale dei cattolici, il vuoto di chi non parte da Dio\"}]},{\"@type\":\"WebSite\",\"@id\":\"https:\\\/\\\/www.rassegnastampa-totustuus.it\\\/cattolica\\\/#website\",\"url\":\"https:\\\/\\\/www.rassegnastampa-totustuus.it\\\/cattolica\\\/\",\"name\":\"Rassegna Stampa Cattolica\",\"description\":\"Per una cultura che nasce dalla Rivelazione cristiana in conformit\u00e0 alla tradizione e al Magistero della Chiesa in opposizione ad ogni relativismo e totalitarismo\",\"publisher\":{\"@id\":\"https:\\\/\\\/www.rassegnastampa-totustuus.it\\\/cattolica\\\/#organization\"},\"alternateName\":\"Rass. Cattolica\",\"potentialAction\":[{\"@type\":\"SearchAction\",\"target\":{\"@type\":\"EntryPoint\",\"urlTemplate\":\"https:\\\/\\\/www.rassegnastampa-totustuus.it\\\/cattolica\\\/?s={search_term_string}\"},\"query-input\":{\"@type\":\"PropertyValueSpecification\",\"valueRequired\":true,\"valueName\":\"search_term_string\"}}],\"inLanguage\":\"it-IT\"},{\"@type\":\"Organization\",\"@id\":\"https:\\\/\\\/www.rassegnastampa-totustuus.it\\\/cattolica\\\/#organization\",\"name\":\"Rassegna Stampa Cattolica\",\"url\":\"https:\\\/\\\/www.rassegnastampa-totustuus.it\\\/cattolica\\\/\",\"logo\":{\"@type\":\"ImageObject\",\"inLanguage\":\"it-IT\",\"@id\":\"https:\\\/\\\/www.rassegnastampa-totustuus.it\\\/cattolica\\\/#\\\/schema\\\/logo\\\/image\\\/\",\"url\":\"https:\\\/\\\/www.rassegnastampa-totustuus.it\\\/cattolica\\\/wp-content\\\/uploads\\\/2014\\\/04\\\/logo-rassegna1.gif\",\"contentUrl\":\"https:\\\/\\\/www.rassegnastampa-totustuus.it\\\/cattolica\\\/wp-content\\\/uploads\\\/2014\\\/04\\\/logo-rassegna1.gif\",\"width\":600,\"height\":163,\"caption\":\"Rassegna Stampa Cattolica\"},\"image\":{\"@id\":\"https:\\\/\\\/www.rassegnastampa-totustuus.it\\\/cattolica\\\/#\\\/schema\\\/logo\\\/image\\\/\"},\"sameAs\":[\"https:\\\/\\\/www.facebook.com\\\/rassegnastampacattolica\",\"https:\\\/\\\/x.com\\\/rassegnastampa9\"]},{\"@type\":\"Person\",\"@id\":\"https:\\\/\\\/www.rassegnastampa-totustuus.it\\\/cattolica\\\/#\\\/schema\\\/person\\\/08f319d2bd1a0904ad9e2bfb7b15e5c3\",\"name\":\"Redazione\",\"image\":{\"@type\":\"ImageObject\",\"inLanguage\":\"it-IT\",\"@id\":\"https:\\\/\\\/secure.gravatar.com\\\/avatar\\\/2fcdf27c78ea025fbdb44e914cc63c72249ffec9dc8aafd5c82b26240ef3f346?s=96&d=mm&r=g\",\"url\":\"https:\\\/\\\/secure.gravatar.com\\\/avatar\\\/2fcdf27c78ea025fbdb44e914cc63c72249ffec9dc8aafd5c82b26240ef3f346?s=96&d=mm&r=g\",\"contentUrl\":\"https:\\\/\\\/secure.gravatar.com\\\/avatar\\\/2fcdf27c78ea025fbdb44e914cc63c72249ffec9dc8aafd5c82b26240ef3f346?s=96&d=mm&r=g\",\"caption\":\"Redazione\"},\"url\":\"https:\\\/\\\/www.rassegnastampa-totustuus.it\\\/cattolica\\\/author\\\/pietroelle\\\/\"}]}<\/script>\n<!-- \/ Yoast SEO plugin. -->","yoast_head_json":{"title":"Settimana sociale dei cattolici, il vuoto di chi non parte da Dio - Rassegna Stampa Cattolica","description":"Settimana sociale dei cattolici, il vuoto di chi non parte da Dio e ha alle spalle una lunga strada di \"svolta antropologica\"","robots":{"index":"index","follow":"follow","max-snippet":"max-snippet:-1","max-image-preview":"max-image-preview:large","max-video-preview":"max-video-preview:-1"},"canonical":"https:\/\/www.rassegnastampa-totustuus.it\/cattolica\/settimana-sociale-dei-cattolici-il-vuoto-di-chi-non-parte-da-dio\/","og_locale":"it_IT","og_type":"article","og_title":"Settimana sociale dei cattolici, il vuoto di chi non parte da Dio - Rassegna Stampa Cattolica","og_description":"Settimana sociale dei cattolici, il vuoto di chi non parte da Dio e ha alle spalle una lunga strada di \"svolta antropologica\"","og_url":"https:\/\/www.rassegnastampa-totustuus.it\/cattolica\/settimana-sociale-dei-cattolici-il-vuoto-di-chi-non-parte-da-dio\/","og_site_name":"Rassegna Stampa Cattolica","article_publisher":"https:\/\/www.facebook.com\/rassegnastampacattolica","article_published_time":"2024-07-06T15:05:37+00:00","article_modified_time":"2024-07-06T15:05:39+00:00","og_image":[{"width":268,"height":188,"url":"https:\/\/www.rassegnastampa-totustuus.it\/cattolica\/wp-content\/uploads\/2024\/07\/Settimana_sociale_chiesa_2024.jpeg","type":"image\/jpeg"}],"author":"Redazione","twitter_card":"summary_large_image","twitter_creator":"@rassegnastampa9","twitter_site":"@rassegnastampa9","twitter_misc":{"Scritto da":"Redazione","Tempo di lettura stimato":"7 minuti"},"schema":{"@context":"https:\/\/schema.org","@graph":[{"@type":"Article","@id":"https:\/\/www.rassegnastampa-totustuus.it\/cattolica\/settimana-sociale-dei-cattolici-il-vuoto-di-chi-non-parte-da-dio\/#article","isPartOf":{"@id":"https:\/\/www.rassegnastampa-totustuus.it\/cattolica\/settimana-sociale-dei-cattolici-il-vuoto-di-chi-non-parte-da-dio\/"},"author":{"name":"Redazione","@id":"https:\/\/www.rassegnastampa-totustuus.it\/cattolica\/#\/schema\/person\/08f319d2bd1a0904ad9e2bfb7b15e5c3"},"headline":"Settimana sociale dei cattolici, il vuoto di chi non parte da Dio","datePublished":"2024-07-06T15:05:37+00:00","dateModified":"2024-07-06T15:05:39+00:00","mainEntityOfPage":{"@id":"https:\/\/www.rassegnastampa-totustuus.it\/cattolica\/settimana-sociale-dei-cattolici-il-vuoto-di-chi-non-parte-da-dio\/"},"wordCount":957,"publisher":{"@id":"https:\/\/www.rassegnastampa-totustuus.it\/cattolica\/#organization"},"image":{"@id":"https:\/\/www.rassegnastampa-totustuus.it\/cattolica\/settimana-sociale-dei-cattolici-il-vuoto-di-chi-non-parte-da-dio\/#primaryimage"},"thumbnailUrl":"https:\/\/www.rassegnastampa-totustuus.it\/cattolica\/wp-content\/uploads\/2024\/07\/Settimana_sociale_chiesa_2024.jpeg","keywords":["cattolici democratici","cattolici in politica","chiesa","dottrina sociale","politica"],"articleSection":["Cattolicesimo dem.","Chiesa","Dottrina sociale","Politica"],"inLanguage":"it-IT"},{"@type":"WebPage","@id":"https:\/\/www.rassegnastampa-totustuus.it\/cattolica\/settimana-sociale-dei-cattolici-il-vuoto-di-chi-non-parte-da-dio\/","url":"https:\/\/www.rassegnastampa-totustuus.it\/cattolica\/settimana-sociale-dei-cattolici-il-vuoto-di-chi-non-parte-da-dio\/","name":"Settimana sociale dei cattolici, il vuoto di chi non parte da Dio - Rassegna Stampa Cattolica","isPartOf":{"@id":"https:\/\/www.rassegnastampa-totustuus.it\/cattolica\/#website"},"primaryImageOfPage":{"@id":"https:\/\/www.rassegnastampa-totustuus.it\/cattolica\/settimana-sociale-dei-cattolici-il-vuoto-di-chi-non-parte-da-dio\/#primaryimage"},"image":{"@id":"https:\/\/www.rassegnastampa-totustuus.it\/cattolica\/settimana-sociale-dei-cattolici-il-vuoto-di-chi-non-parte-da-dio\/#primaryimage"},"thumbnailUrl":"https:\/\/www.rassegnastampa-totustuus.it\/cattolica\/wp-content\/uploads\/2024\/07\/Settimana_sociale_chiesa_2024.jpeg","datePublished":"2024-07-06T15:05:37+00:00","dateModified":"2024-07-06T15:05:39+00:00","description":"Settimana sociale dei cattolici, il vuoto di chi non parte da Dio e ha alle spalle una lunga strada di \"svolta antropologica\"","breadcrumb":{"@id":"https:\/\/www.rassegnastampa-totustuus.it\/cattolica\/settimana-sociale-dei-cattolici-il-vuoto-di-chi-non-parte-da-dio\/#breadcrumb"},"inLanguage":"it-IT","potentialAction":[{"@type":"ReadAction","target":["https:\/\/www.rassegnastampa-totustuus.it\/cattolica\/settimana-sociale-dei-cattolici-il-vuoto-di-chi-non-parte-da-dio\/"]}]},{"@type":"ImageObject","inLanguage":"it-IT","@id":"https:\/\/www.rassegnastampa-totustuus.it\/cattolica\/settimana-sociale-dei-cattolici-il-vuoto-di-chi-non-parte-da-dio\/#primaryimage","url":"https:\/\/www.rassegnastampa-totustuus.it\/cattolica\/wp-content\/uploads\/2024\/07\/Settimana_sociale_chiesa_2024.jpeg","contentUrl":"https:\/\/www.rassegnastampa-totustuus.it\/cattolica\/wp-content\/uploads\/2024\/07\/Settimana_sociale_chiesa_2024.jpeg","width":268,"height":188},{"@type":"BreadcrumbList","@id":"https:\/\/www.rassegnastampa-totustuus.it\/cattolica\/settimana-sociale-dei-cattolici-il-vuoto-di-chi-non-parte-da-dio\/#breadcrumb","itemListElement":[{"@type":"ListItem","position":1,"name":"Home","item":"https:\/\/www.rassegnastampa-totustuus.it\/cattolica\/"},{"@type":"ListItem","position":2,"name":"Settimana sociale dei cattolici, il vuoto di chi non parte da Dio"}]},{"@type":"WebSite","@id":"https:\/\/www.rassegnastampa-totustuus.it\/cattolica\/#website","url":"https:\/\/www.rassegnastampa-totustuus.it\/cattolica\/","name":"Rassegna Stampa Cattolica","description":"Per una cultura che nasce dalla Rivelazione cristiana in conformit\u00e0 alla tradizione e al Magistero della Chiesa in opposizione ad ogni relativismo e totalitarismo","publisher":{"@id":"https:\/\/www.rassegnastampa-totustuus.it\/cattolica\/#organization"},"alternateName":"Rass. Cattolica","potentialAction":[{"@type":"SearchAction","target":{"@type":"EntryPoint","urlTemplate":"https:\/\/www.rassegnastampa-totustuus.it\/cattolica\/?s={search_term_string}"},"query-input":{"@type":"PropertyValueSpecification","valueRequired":true,"valueName":"search_term_string"}}],"inLanguage":"it-IT"},{"@type":"Organization","@id":"https:\/\/www.rassegnastampa-totustuus.it\/cattolica\/#organization","name":"Rassegna Stampa Cattolica","url":"https:\/\/www.rassegnastampa-totustuus.it\/cattolica\/","logo":{"@type":"ImageObject","inLanguage":"it-IT","@id":"https:\/\/www.rassegnastampa-totustuus.it\/cattolica\/#\/schema\/logo\/image\/","url":"https:\/\/www.rassegnastampa-totustuus.it\/cattolica\/wp-content\/uploads\/2014\/04\/logo-rassegna1.gif","contentUrl":"https:\/\/www.rassegnastampa-totustuus.it\/cattolica\/wp-content\/uploads\/2014\/04\/logo-rassegna1.gif","width":600,"height":163,"caption":"Rassegna Stampa Cattolica"},"image":{"@id":"https:\/\/www.rassegnastampa-totustuus.it\/cattolica\/#\/schema\/logo\/image\/"},"sameAs":["https:\/\/www.facebook.com\/rassegnastampacattolica","https:\/\/x.com\/rassegnastampa9"]},{"@type":"Person","@id":"https:\/\/www.rassegnastampa-totustuus.it\/cattolica\/#\/schema\/person\/08f319d2bd1a0904ad9e2bfb7b15e5c3","name":"Redazione","image":{"@type":"ImageObject","inLanguage":"it-IT","@id":"https:\/\/secure.gravatar.com\/avatar\/2fcdf27c78ea025fbdb44e914cc63c72249ffec9dc8aafd5c82b26240ef3f346?s=96&d=mm&r=g","url":"https:\/\/secure.gravatar.com\/avatar\/2fcdf27c78ea025fbdb44e914cc63c72249ffec9dc8aafd5c82b26240ef3f346?s=96&d=mm&r=g","contentUrl":"https:\/\/secure.gravatar.com\/avatar\/2fcdf27c78ea025fbdb44e914cc63c72249ffec9dc8aafd5c82b26240ef3f346?s=96&d=mm&r=g","caption":"Redazione"},"url":"https:\/\/www.rassegnastampa-totustuus.it\/cattolica\/author\/pietroelle\/"}]}},"_links":{"self":[{"href":"https:\/\/www.rassegnastampa-totustuus.it\/cattolica\/wp-json\/wp\/v2\/posts\/60848","targetHints":{"allow":["GET"]}}],"collection":[{"href":"https:\/\/www.rassegnastampa-totustuus.it\/cattolica\/wp-json\/wp\/v2\/posts"}],"about":[{"href":"https:\/\/www.rassegnastampa-totustuus.it\/cattolica\/wp-json\/wp\/v2\/types\/post"}],"author":[{"embeddable":true,"href":"https:\/\/www.rassegnastampa-totustuus.it\/cattolica\/wp-json\/wp\/v2\/users\/6"}],"replies":[{"embeddable":true,"href":"https:\/\/www.rassegnastampa-totustuus.it\/cattolica\/wp-json\/wp\/v2\/comments?post=60848"}],"version-history":[{"count":1,"href":"https:\/\/www.rassegnastampa-totustuus.it\/cattolica\/wp-json\/wp\/v2\/posts\/60848\/revisions"}],"predecessor-version":[{"id":60851,"href":"https:\/\/www.rassegnastampa-totustuus.it\/cattolica\/wp-json\/wp\/v2\/posts\/60848\/revisions\/60851"}],"wp:featuredmedia":[{"embeddable":true,"href":"https:\/\/www.rassegnastampa-totustuus.it\/cattolica\/wp-json\/wp\/v2\/media\/60849"}],"wp:attachment":[{"href":"https:\/\/www.rassegnastampa-totustuus.it\/cattolica\/wp-json\/wp\/v2\/media?parent=60848"}],"wp:term":[{"taxonomy":"category","embeddable":true,"href":"https:\/\/www.rassegnastampa-totustuus.it\/cattolica\/wp-json\/wp\/v2\/categories?post=60848"},{"taxonomy":"post_tag","embeddable":true,"href":"https:\/\/www.rassegnastampa-totustuus.it\/cattolica\/wp-json\/wp\/v2\/tags?post=60848"}],"curies":[{"name":"wp","href":"https:\/\/api.w.org\/{rel}","templated":true}]}}