{"id":60827,"date":"2024-07-05T11:30:51","date_gmt":"2024-07-05T09:30:51","guid":{"rendered":"https:\/\/www.rassegnastampa-totustuus.it\/cattolica\/?p=60827"},"modified":"2024-07-05T11:30:54","modified_gmt":"2024-07-05T09:30:54","slug":"basta-offese-e-lora-dellorgoglio-cristiano","status":"publish","type":"post","link":"https:\/\/www.rassegnastampa-totustuus.it\/cattolica\/basta-offese-e-lora-dellorgoglio-cristiano\/","title":{"rendered":"Basta offese, \u00e8 l\u2019ora dell\u2019orgoglio cristiano"},"content":{"rendered":"<p style=\"text-align: center;\"><span style=\"color: #000000;\"><span style=\"color: #0000ff;\"><a style=\"color: #0000ff;\" href=\"https:\/\/www.laverita.info\/\" target=\"_blank\" rel=\"noopener\"><strong><img loading=\"lazy\" decoding=\"async\" class=\" wp-image-60829 alignleft\" src=\"https:\/\/www.rassegnastampa-totustuus.it\/cattolica\/wp-content\/uploads\/2024\/07\/gay_pride_omosessuali.jpeg\" alt=\"\" width=\"193\" height=\"241\" \/>La Verit\u00e0<\/strong><\/a><\/span> mercoled\u00ec 3 Luglio 2024\u00a0 <strong>\u00a0<\/strong><\/span><\/p>\n<p style=\"text-align: justify;\"><span style=\"color: #000000;\"><em>Ogni anno, i pride sono una fiera del vilipendio alla religione cattolica, con immagini e slogan irridenti. I fedeli si devono ribellare, tanto pi\u00f9 che i moderni studi dimostrano quanto la figura di Cristo e i Vangeli siano autentici e storicamente fondati<\/em> <\/span><\/p>\n<p style=\"text-align: center;\"><span style=\"color: #000000;\">di <strong>Silvana De Mari<\/strong><\/span><\/p>\n<p><!--more--><\/p>\n<p style=\"text-align: justify;\"><span style=\"color: #000000;\">\u00c8 fortunatamente finito il mese di giugno, il mese in cui mentre le famiglie dei bambini disabili vedono i pochi aiuti di anno in anno sempre pi\u00f9 tagliati, il denaro pubblico viene sperperato in cerimonie dell\u2019orgoglio in cui energumeni ci mostrano orgogliosamente il loro deretano e la nostra religione e i nostri valori vengono orgogliosamente sbeffeggiati. Mentre le persone a comportamento omoerotico vengono massacrate a Gaza, in Arabia Saudita, e Iran, gli onorevoli <strong>Elena Schlein<\/strong> e <strong>Alessandro Zan<\/strong> zampettavano felici facendo il segno del cuoricino con le mani e dicendo sciocchezze, tipo che l\u2019amore \u00e8 sempre amore. <\/span><\/p>\n<p style=\"text-align: justify;\"><span style=\"color: #000000;\"><img loading=\"lazy\" decoding=\"async\" class=\" wp-image-44267 alignright\" src=\"https:\/\/www.rassegnastampa-totustuus.it\/cattolica\/wp-content\/uploads\/2019\/09\/gay_pride.jpg\" alt=\"\" width=\"394\" height=\"262\" \/>Che l\u2019amore sia sempre uguale e abbia sempre un valore, anzi abbia sempre lo stesso valore, vuol dire che l\u2019amore tra uomo e donna che genera la vita ha lo stesso valore dello strofinio tra due maschi o due femmine, che non genera la vita: \u00e8 una frase atroce che afferma che la vita non ha valore. <\/span><\/p>\n<p style=\"text-align: justify;\"><span style=\"color: #000000;\">Alle processioni dell\u2019orgoglio sono stati cacciati ebrei ed israeliani, e si \u00e8 inneggiato ad Hamas in quanto entit\u00e0 \u00abanticoloniale\u00bb, considerando irrilevante che Hamas massacri i gay in maniera atroce&#8230;<\/span><\/p>\n<p style=\"text-align: justify;\"><span style=\"color: #000000;\">Il movimento Lgbt quindi ama un movimento che condanna le persone a comportamento omoerotico a morte e anche a morti atroci, perch\u00e9 la cultura Lgbt \u00e8 autoaggressione e odio di s\u00e9, basta leggere i maggiori intellettuali gay, per verificarlo. <\/span><\/p>\n<p style=\"text-align: justify;\"><span style=\"color: #000000;\">Nel saggio <em>Apocalisse Queer<\/em>, <em>elementi di teoria antisociale<\/em>, dell\u2019intellettuale queer <strong>Lorenzo Bernini<\/strong>, \u00e8 spiegato come la cultura Lgbt abbia come scopo la dissoluzione della civilt\u00e0 occidentale, e che possa essere rappresentata metaforicamente dalla figura dello Zombie, essendo cultura di morte. <\/span><\/p>\n<p style=\"text-align: justify;\"><span style=\"color: #000000;\">Mentre le chiese in terra dell\u2019islam, ma anche in Occidente, bruciano, una minoranza talmente bistrattata che tutte le multinazionali sponsorizzano i pride e che i giocatori di calcio sono costretti a portare l\u2019arcobaleno, pu\u00f2 mostrare a spese dei contribuenti tutto il suo odio per la nostra religione. Se digitate su Google le parole pride, Cristo Madonna arriverete a tutte le ingiurie alla religione nostra e dei nostri padri. <\/span><\/p>\n<p style=\"text-align: justify;\"><span style=\"color: #000000;\"><img loading=\"lazy\" decoding=\"async\" class=\" wp-image-36537 alignleft\" src=\"https:\/\/www.rassegnastampa-totustuus.it\/cattolica\/wp-content\/uploads\/2016\/10\/immoralit\u00e0_gay.jpg\" alt=\"\" width=\"359\" height=\"245\" \/>A questo punto vale la pena di chiedersi: Cristo \u00e8 esistito o no? E se esistito, la storia su cui si basa il cristianesimo, \u00e8 vera o falsa? Perch\u00e9 se \u00e8 vera, nei pride quello che \u00e8 sbeffeggiato \u00e8 il figlio di Dio e se i pride sono finanziati con denaro pubblico, tutti noi contribuenti siamo corresponsabili. <\/span><\/p>\n<p style=\"text-align: justify;\"><span style=\"color: #000000;\">Se la nostra magistratura non sembra a conoscenza del fatto che esiste un reato di vilipendio alla religione, c\u2019\u00e8 un altro tribunale che potrebbe ricordarselo. A questo punto \u00e8 molto interessante il libro <em>Ges\u00f9 di Nazaret una storia vera? I Vangeli alla prova della scienza<\/em>, di <strong>Marco Fasol<\/strong> , Edizioni Ares.<\/span><\/p>\n<p style=\"text-align: justify;\"><span style=\"color: #000000;\"><strong>Friedrich Nietzsche<\/strong> scrive: \u00abChi \u00e8 giunto alla libert\u00e0 della ragione, non pu\u00f2 mai sentirsi sulla terra nient\u2019altro che un viandante, non un viaggiatore diretto a una meta finale: perch\u00e9 questa non esiste\u00bb. La mancanza di una meta finale di natura trascendente caratterizza l\u2019uomo contemporaneo a cui la tecnologia ha dato la falsa convinzione di essere padrone della propria vita e di poter manipolare la natura, ma, come ci rammenta lo psicanalista <strong>Viktor Frankl,<\/strong> l\u2019essere umano \u00e8 sempre alla ricerca di un significato, di un senso per cui vivere. Da qui lo smarrimento dell\u2019uomo post moderno.<\/span><\/p>\n<p style=\"text-align: justify;\"><span style=\"color: #000000;\">I Vangeli, considerati autentici per secoli, nel Settecento illuminista vedono la loro attendibilit\u00e0 storica messa in discussione, questo atteggiamento critico \u00e8 andato via via aumentando fino ai giorni nostri. Nel suo saggio, <strong>Marco Fasol<\/strong> fornisce importanti e decisive prove a sostegno della loro veridicit\u00e0. <\/span><\/p>\n<p style=\"text-align: justify;\"><span style=\"color: #000000;\"><img loading=\"lazy\" decoding=\"async\" class=\"wp-image-29137 alignright\" src=\"https:\/\/www.rassegnastampa-totustuus.it\/cattolica\/wp-content\/uploads\/2006\/07\/coppia_gay.jpg\" alt=\"\" width=\"336\" height=\"252\" \/>La ricerca dell\u2019autore si basa sul metodo storico-critico che sgombra il campo dalle accuse di fanatismo e superstizione portando argomentazioni in grado non solo di rafforzare le convinzioni del credente, ma grazie alle scienze storiche, lo mette in condizione di poter dimostrare con fondate argomentazioni che la sua fede non \u00e8 frutto di credulit\u00e0.<\/span><\/p>\n<p style=\"text-align: justify;\"><span style=\"color: #000000;\">Ormai anche gli studiosi concordano sul fatto che i Vangeli di Matteo, Marco, Luca e Giovanni rappresentano le fonti storiche pi\u00f9 antiche e veritiere su <strong>Ges\u00f9.<\/strong> <\/span><\/p>\n<p style=\"text-align: justify;\"><span style=\"color: #000000;\">La morte di <strong>Ges\u00f9 <\/strong>per crocifissione, avvenuta a Gerusalemme attorno all\u2019anno 30, \u00e8 confermata non solo dagli scritti del Nuovo Testamento e da tutti gli scrittori cristiani dei primi due secoli, ma anche da storici laici come <strong>Tacito<\/strong> e <strong>Giuseppe Flavio<\/strong>. Molto probabile che le prime comunit\u00e0 cristiane abbiano tramandato a voce le parole del Maestro secondo le regole di precisione e fedelt\u00e0 osservate dalla tradizione giudaica dell\u2019epoca. <\/span><\/p>\n<p style=\"text-align: justify;\"><span style=\"color: #000000;\">Nei decenni successivi venne realizzata la traduzione dall\u2019ebraico e dall\u2019aramaico al greco, in osservanza delle parole di <strong>Ges\u00f9<\/strong>, che aveva esortato i discepoli a diffondere il Suo insegnamento in tutto il mondo. Il mondo antico parlava il greco; l\u2019aramaico era un dialetto locale. <\/span><\/p>\n<p style=\"text-align: justify;\"><span style=\"color: #000000;\">Per quattordici secoli, fino all\u2019invenzione della stampa intorno al 1450, i Vangeli sono stati copiati a mano dagli amanuensi, senza il loro instancabile operato il testo che ha cambiato la storia dell\u2019umanit\u00e0 non sarebbe giunto fino a noi. <\/span><\/p>\n<p style=\"text-align: justify;\"><span style=\"color: #000000;\">In luoghi diversi e in epoche diverse questi lavoratori silenziosi hanno copiato il testo originale con la massima precisione, in assenza di mezzi di comunicazione non hanno certo potuto concordare la stessa versione eppure, come scrive <strong>Marco Fasol<\/strong>, ciascun manoscritto conferma ed \u00e8 confermato da tutti gli altri. Migliaia di manoscritti che riportano tutti lo stesso testo permettono di smentire le accuse di manipolazioni. <\/span><\/p>\n<p style=\"text-align: justify;\"><span style=\"color: #000000;\"><img loading=\"lazy\" decoding=\"async\" class=\" wp-image-22480 alignleft\" src=\"https:\/\/www.rassegnastampa-totustuus.it\/cattolica\/wp-content\/uploads\/2011\/06\/gay.png\" alt=\"\" width=\"324\" height=\"243\" \/>Esistono errori di copiatura, ma questi errori non riguardano mai contenuti fondamentali. Gli errori degli amanuensi sono raccolti meticolosamente nell\u2019apparato critico delle edizioni del testo originale greco. <\/span><\/p>\n<p style=\"text-align: justify;\"><span style=\"color: #000000;\">L\u2019opera esamina con precisione e rigore, forte di una solida documentazione storica, le prove dell\u2019autenticit\u00e0 dei Vangeli e confuta una per una le tesi contrarie, sulla base dei fatti.<\/span><\/p>\n<p style=\"text-align: justify;\"><span style=\"color: #000000;\">Storia e scienza si incontrano nell\u2019analisi della Sindone di Torino che <strong>Giovanni Paolo II<\/strong> ha definito \u00abspecchio del Vangelo\u00bb. Le correlazioni tra il Sacro Lino e le descrizioni contenute nei Vangeli della passione e risurrezione di <strong>Ges\u00f9<\/strong> sono stupefacenti. <\/span><\/p>\n<p style=\"text-align: justify;\"><span style=\"color: #000000;\">Dopo aver mostrato la rispondenza della Sindone al racconto evangelico, <strong>Marco Fasol<\/strong> illustra le prove scientifiche a sostegno dell\u2019autenticit\u00e0 del telo sindonico. <\/span><\/p>\n<p style=\"text-align: justify;\"><span style=\"color: #000000;\">Nuovi studi e nuove tecnologie hanno permesso di smentire le conclusioni del 1988 circa la sua origine medievale. Nel 2008, i fisici dell\u2019Enea hanno irradiato alcune stoffe di lino con un laser che emette una radiazione violetta ad alta intensit\u00e0 ottenendo un\u2019immagine che presenta significative analogie con quella della Sindone a conferma che l\u2019immagine sul Sacro Telo \u00e8 stata prodotta da un irraggiamento ultravioletto direzionale. <\/span><\/p>\n<p style=\"text-align: justify;\"><span style=\"color: #000000;\">L\u2019opera di <strong>Marco Fasol<\/strong> ci consegna in tutta la loro veridicit\u00e0 i Vangeli, grazie al loro messaggio l\u2019amore donativo \u00e8 entrato nella storia e le discriminazioni sono state condannate. Una rivoluzione etica e sociale che ha cambiato la struttura della civilt\u00e0 occidentale. E ci pone un problema. In nome della cosiddetta tolleranza, noi tolleriamo che il Messia sia sbeffeggiato dal pride. <\/span><\/p>\n<p style=\"text-align: justify;\"><span style=\"color: #000000;\"><img loading=\"lazy\" decoding=\"async\" class=\"wp-image-60830 alignright\" src=\"https:\/\/www.rassegnastampa-totustuus.it\/cattolica\/wp-content\/uploads\/2024\/07\/Elly_Schlein_Pd_sinistra.jpeg\" alt=\"\" width=\"329\" height=\"206\" \/>Forse siamo parecchio scemi. La signora <strong>Elena Schlein<\/strong> vuole una legge che punisca l\u2019omofobia, vale a dire che punisca San Paolo, San Agostino, San Tommaso, Santa Caterina da Siena, permetta versioni del Vangelo edulcorate in cui le parole di Cristo quando ricorda la distruzione di Sodoma e quando raccomanda una macina al colo a chi scandalizza i piccoli siano edulcorate.<\/span><\/p>\n<p style=\"text-align: justify;\"><span style=\"color: #000000;\">Nel mio ultimo libro, <em>La ballata dei bambini senza nome<\/em>, un avvocato spiega a un ragazzino nigeriano, unico sopravvissuto a un massacro di cristiani, che, sconvolto dalla oscena violenza anticristiana del pride al punto di aver preso a pugni alcuni partecipanti, quanto questa brutalit\u00e0 sia sbagliata, e gli consiglia un altro sistema: sdraiarsi davanti ai carri cos\u00ec da fermarli e restare l\u00ec fino a quando la polizia non lo porta via di peso. <\/span><\/p>\n<p style=\"text-align: justify;\"><span style=\"color: #000000;\">\u00c8 un reato, ma un reato bello, intelligente, quello che si chiama non violenza. Al prossimo mese dell\u2019orgoglio gay, possiamo farci un pensierino anche noi e trasformarlo nel mese dell\u2019orgoglio cristiano? Che i pride passino in mezzo a file di oranti con il Rosario in mano. Che i partiti che sponsorizzano i pride perdano le elezioni.<\/span><\/p>\n<p>_____________________________________________<\/p>\n<p><span style=\"color: #000000;\"><strong>Leggi anche:<\/strong><\/span><\/p>\n<p><a href=\"https:\/\/www.rassegnastampa-totustuus.it\/cattolica\/gay-pride-orgoglio-e-dialogo\/\" target=\"_blank\" rel=\"noopener\"><span style=\"color: #0000ff;\">Gay pride: Orgoglio e dialogo<\/span><\/a><\/p>\n<p><a href=\"https:\/\/www.rassegnastampa-totustuus.it\/cattolica\/euro-pride-pagine-di-cultura-gay\/\" target=\"_blank\" rel=\"noopener\"><span style=\"color: #0000ff;\">Euro Pride, pagine di cultura gay<\/span><\/a><\/p>\n","protected":false},"excerpt":{"rendered":"<p>La Verit\u00e0 mercoled\u00ec 3 Luglio 2024\u00a0 \u00a0 Ogni anno, i pride sono una fiera del vilipendio alla religione cattolica, con immagini e slogan irridenti. I fedeli si devono ribellare, tanto pi\u00f9 che i moderni studi dimostrano quanto la figura di Cristo e i Vangeli siano autentici e storicamente fondati di Silvana De Mari<\/p><p><a class=\"more-link btn\" href=\"https:\/\/www.rassegnastampa-totustuus.it\/cattolica\/basta-offese-e-lora-dellorgoglio-cristiano\/\">Continua a leggere<\/a><\/p>\n","protected":false},"author":6,"featured_media":60829,"comment_status":"closed","ping_status":"closed","sticky":false,"template":"","format":"standard","meta":{"footnotes":""},"categories":[125,48],"tags":[3048,437,322],"class_list":["post-60827","post","type-post","status-publish","format-standard","has-post-thumbnail","hentry","category-ideologia-del-gender","category-omosessualit","tag-gay-pride","tag-ideologia-del-gender-2","tag-omosessualita","item-wrap"],"yoast_head":"<!-- This site is optimized with the Yoast SEO plugin v27.5 - https:\/\/yoast.com\/product\/yoast-seo-wordpress\/ -->\n<title>Basta offese, \u00e8 l\u2019ora dell\u2019orgoglio cristiano - Rassegna Stampa Cattolica<\/title>\n<meta name=\"description\" content=\"Basta offese, \u00e8 l\u2019ora dell\u2019orgoglio cristiano. Ogni anno i pride sono una fiera del vilipendio alla religione\" \/>\n<meta name=\"robots\" content=\"index, follow, max-snippet:-1, max-image-preview:large, max-video-preview:-1\" \/>\n<link rel=\"canonical\" href=\"https:\/\/www.rassegnastampa-totustuus.it\/cattolica\/basta-offese-e-lora-dellorgoglio-cristiano\/\" \/>\n<meta property=\"og:locale\" content=\"it_IT\" \/>\n<meta property=\"og:type\" content=\"article\" \/>\n<meta property=\"og:title\" content=\"Basta offese, \u00e8 l\u2019ora dell\u2019orgoglio cristiano - Rassegna Stampa Cattolica\" \/>\n<meta property=\"og:description\" content=\"Basta offese, \u00e8 l\u2019ora dell\u2019orgoglio cristiano. Ogni anno i pride sono una fiera del vilipendio alla religione\" \/>\n<meta property=\"og:url\" content=\"https:\/\/www.rassegnastampa-totustuus.it\/cattolica\/basta-offese-e-lora-dellorgoglio-cristiano\/\" \/>\n<meta property=\"og:site_name\" content=\"Rassegna Stampa Cattolica\" \/>\n<meta property=\"article:publisher\" content=\"https:\/\/www.facebook.com\/rassegnastampacattolica\" \/>\n<meta property=\"article:published_time\" content=\"2024-07-05T09:30:51+00:00\" \/>\n<meta property=\"article:modified_time\" content=\"2024-07-05T09:30:54+00:00\" \/>\n<meta property=\"og:image\" content=\"https:\/\/www.rassegnastampa-totustuus.it\/cattolica\/wp-content\/uploads\/2024\/07\/gay_pride_omosessuali.jpeg\" \/>\n\t<meta property=\"og:image:width\" content=\"144\" \/>\n\t<meta property=\"og:image:height\" content=\"180\" \/>\n\t<meta property=\"og:image:type\" content=\"image\/jpeg\" \/>\n<meta name=\"author\" content=\"Redazione\" \/>\n<meta name=\"twitter:card\" content=\"summary_large_image\" \/>\n<meta name=\"twitter:creator\" content=\"@rassegnastampa9\" \/>\n<meta name=\"twitter:site\" content=\"@rassegnastampa9\" \/>\n<meta name=\"twitter:label1\" content=\"Scritto da\" \/>\n\t<meta name=\"twitter:data1\" content=\"Redazione\" \/>\n\t<meta name=\"twitter:label2\" content=\"Tempo di lettura stimato\" \/>\n\t<meta name=\"twitter:data2\" content=\"9 minuti\" \/>\n<script type=\"application\/ld+json\" class=\"yoast-schema-graph\">{\"@context\":\"https:\\\/\\\/schema.org\",\"@graph\":[{\"@type\":\"Article\",\"@id\":\"https:\\\/\\\/www.rassegnastampa-totustuus.it\\\/cattolica\\\/basta-offese-e-lora-dellorgoglio-cristiano\\\/#article\",\"isPartOf\":{\"@id\":\"https:\\\/\\\/www.rassegnastampa-totustuus.it\\\/cattolica\\\/basta-offese-e-lora-dellorgoglio-cristiano\\\/\"},\"author\":{\"name\":\"Redazione\",\"@id\":\"https:\\\/\\\/www.rassegnastampa-totustuus.it\\\/cattolica\\\/#\\\/schema\\\/person\\\/08f319d2bd1a0904ad9e2bfb7b15e5c3\"},\"headline\":\"Basta offese, \u00e8 l\u2019ora dell\u2019orgoglio cristiano\",\"datePublished\":\"2024-07-05T09:30:51+00:00\",\"dateModified\":\"2024-07-05T09:30:54+00:00\",\"mainEntityOfPage\":{\"@id\":\"https:\\\/\\\/www.rassegnastampa-totustuus.it\\\/cattolica\\\/basta-offese-e-lora-dellorgoglio-cristiano\\\/\"},\"wordCount\":1379,\"publisher\":{\"@id\":\"https:\\\/\\\/www.rassegnastampa-totustuus.it\\\/cattolica\\\/#organization\"},\"image\":{\"@id\":\"https:\\\/\\\/www.rassegnastampa-totustuus.it\\\/cattolica\\\/basta-offese-e-lora-dellorgoglio-cristiano\\\/#primaryimage\"},\"thumbnailUrl\":\"https:\\\/\\\/www.rassegnastampa-totustuus.it\\\/cattolica\\\/wp-content\\\/uploads\\\/2024\\\/07\\\/gay_pride_omosessuali.jpeg\",\"keywords\":[\"gay pride\",\"ideologia del gender\",\"omosessualit\u00e0\"],\"articleSection\":[\"Ideologia del gender\",\"Omosessualit&agrave;\"],\"inLanguage\":\"it-IT\"},{\"@type\":\"WebPage\",\"@id\":\"https:\\\/\\\/www.rassegnastampa-totustuus.it\\\/cattolica\\\/basta-offese-e-lora-dellorgoglio-cristiano\\\/\",\"url\":\"https:\\\/\\\/www.rassegnastampa-totustuus.it\\\/cattolica\\\/basta-offese-e-lora-dellorgoglio-cristiano\\\/\",\"name\":\"Basta offese, \u00e8 l\u2019ora dell\u2019orgoglio cristiano - Rassegna Stampa Cattolica\",\"isPartOf\":{\"@id\":\"https:\\\/\\\/www.rassegnastampa-totustuus.it\\\/cattolica\\\/#website\"},\"primaryImageOfPage\":{\"@id\":\"https:\\\/\\\/www.rassegnastampa-totustuus.it\\\/cattolica\\\/basta-offese-e-lora-dellorgoglio-cristiano\\\/#primaryimage\"},\"image\":{\"@id\":\"https:\\\/\\\/www.rassegnastampa-totustuus.it\\\/cattolica\\\/basta-offese-e-lora-dellorgoglio-cristiano\\\/#primaryimage\"},\"thumbnailUrl\":\"https:\\\/\\\/www.rassegnastampa-totustuus.it\\\/cattolica\\\/wp-content\\\/uploads\\\/2024\\\/07\\\/gay_pride_omosessuali.jpeg\",\"datePublished\":\"2024-07-05T09:30:51+00:00\",\"dateModified\":\"2024-07-05T09:30:54+00:00\",\"description\":\"Basta offese, \u00e8 l\u2019ora dell\u2019orgoglio cristiano. Ogni anno i pride sono una fiera del vilipendio alla religione\",\"breadcrumb\":{\"@id\":\"https:\\\/\\\/www.rassegnastampa-totustuus.it\\\/cattolica\\\/basta-offese-e-lora-dellorgoglio-cristiano\\\/#breadcrumb\"},\"inLanguage\":\"it-IT\",\"potentialAction\":[{\"@type\":\"ReadAction\",\"target\":[\"https:\\\/\\\/www.rassegnastampa-totustuus.it\\\/cattolica\\\/basta-offese-e-lora-dellorgoglio-cristiano\\\/\"]}]},{\"@type\":\"ImageObject\",\"inLanguage\":\"it-IT\",\"@id\":\"https:\\\/\\\/www.rassegnastampa-totustuus.it\\\/cattolica\\\/basta-offese-e-lora-dellorgoglio-cristiano\\\/#primaryimage\",\"url\":\"https:\\\/\\\/www.rassegnastampa-totustuus.it\\\/cattolica\\\/wp-content\\\/uploads\\\/2024\\\/07\\\/gay_pride_omosessuali.jpeg\",\"contentUrl\":\"https:\\\/\\\/www.rassegnastampa-totustuus.it\\\/cattolica\\\/wp-content\\\/uploads\\\/2024\\\/07\\\/gay_pride_omosessuali.jpeg\",\"width\":144,\"height\":180},{\"@type\":\"BreadcrumbList\",\"@id\":\"https:\\\/\\\/www.rassegnastampa-totustuus.it\\\/cattolica\\\/basta-offese-e-lora-dellorgoglio-cristiano\\\/#breadcrumb\",\"itemListElement\":[{\"@type\":\"ListItem\",\"position\":1,\"name\":\"Home\",\"item\":\"https:\\\/\\\/www.rassegnastampa-totustuus.it\\\/cattolica\\\/\"},{\"@type\":\"ListItem\",\"position\":2,\"name\":\"Basta offese, \u00e8 l\u2019ora dell\u2019orgoglio cristiano\"}]},{\"@type\":\"WebSite\",\"@id\":\"https:\\\/\\\/www.rassegnastampa-totustuus.it\\\/cattolica\\\/#website\",\"url\":\"https:\\\/\\\/www.rassegnastampa-totustuus.it\\\/cattolica\\\/\",\"name\":\"Rassegna Stampa Cattolica\",\"description\":\"Per una cultura che nasce dalla Rivelazione cristiana in conformit\u00e0 alla tradizione e al Magistero della Chiesa in opposizione ad ogni relativismo e totalitarismo\",\"publisher\":{\"@id\":\"https:\\\/\\\/www.rassegnastampa-totustuus.it\\\/cattolica\\\/#organization\"},\"alternateName\":\"Rass. Cattolica\",\"potentialAction\":[{\"@type\":\"SearchAction\",\"target\":{\"@type\":\"EntryPoint\",\"urlTemplate\":\"https:\\\/\\\/www.rassegnastampa-totustuus.it\\\/cattolica\\\/?s={search_term_string}\"},\"query-input\":{\"@type\":\"PropertyValueSpecification\",\"valueRequired\":true,\"valueName\":\"search_term_string\"}}],\"inLanguage\":\"it-IT\"},{\"@type\":\"Organization\",\"@id\":\"https:\\\/\\\/www.rassegnastampa-totustuus.it\\\/cattolica\\\/#organization\",\"name\":\"Rassegna Stampa Cattolica\",\"url\":\"https:\\\/\\\/www.rassegnastampa-totustuus.it\\\/cattolica\\\/\",\"logo\":{\"@type\":\"ImageObject\",\"inLanguage\":\"it-IT\",\"@id\":\"https:\\\/\\\/www.rassegnastampa-totustuus.it\\\/cattolica\\\/#\\\/schema\\\/logo\\\/image\\\/\",\"url\":\"https:\\\/\\\/www.rassegnastampa-totustuus.it\\\/cattolica\\\/wp-content\\\/uploads\\\/2014\\\/04\\\/logo-rassegna1.gif\",\"contentUrl\":\"https:\\\/\\\/www.rassegnastampa-totustuus.it\\\/cattolica\\\/wp-content\\\/uploads\\\/2014\\\/04\\\/logo-rassegna1.gif\",\"width\":600,\"height\":163,\"caption\":\"Rassegna Stampa Cattolica\"},\"image\":{\"@id\":\"https:\\\/\\\/www.rassegnastampa-totustuus.it\\\/cattolica\\\/#\\\/schema\\\/logo\\\/image\\\/\"},\"sameAs\":[\"https:\\\/\\\/www.facebook.com\\\/rassegnastampacattolica\",\"https:\\\/\\\/x.com\\\/rassegnastampa9\"]},{\"@type\":\"Person\",\"@id\":\"https:\\\/\\\/www.rassegnastampa-totustuus.it\\\/cattolica\\\/#\\\/schema\\\/person\\\/08f319d2bd1a0904ad9e2bfb7b15e5c3\",\"name\":\"Redazione\",\"image\":{\"@type\":\"ImageObject\",\"inLanguage\":\"it-IT\",\"@id\":\"https:\\\/\\\/secure.gravatar.com\\\/avatar\\\/2fcdf27c78ea025fbdb44e914cc63c72249ffec9dc8aafd5c82b26240ef3f346?s=96&d=mm&r=g\",\"url\":\"https:\\\/\\\/secure.gravatar.com\\\/avatar\\\/2fcdf27c78ea025fbdb44e914cc63c72249ffec9dc8aafd5c82b26240ef3f346?s=96&d=mm&r=g\",\"contentUrl\":\"https:\\\/\\\/secure.gravatar.com\\\/avatar\\\/2fcdf27c78ea025fbdb44e914cc63c72249ffec9dc8aafd5c82b26240ef3f346?s=96&d=mm&r=g\",\"caption\":\"Redazione\"},\"url\":\"https:\\\/\\\/www.rassegnastampa-totustuus.it\\\/cattolica\\\/author\\\/pietroelle\\\/\"}]}<\/script>\n<!-- \/ Yoast SEO plugin. -->","yoast_head_json":{"title":"Basta offese, \u00e8 l\u2019ora dell\u2019orgoglio cristiano - Rassegna Stampa Cattolica","description":"Basta offese, \u00e8 l\u2019ora dell\u2019orgoglio cristiano. Ogni anno i pride sono una fiera del vilipendio alla religione","robots":{"index":"index","follow":"follow","max-snippet":"max-snippet:-1","max-image-preview":"max-image-preview:large","max-video-preview":"max-video-preview:-1"},"canonical":"https:\/\/www.rassegnastampa-totustuus.it\/cattolica\/basta-offese-e-lora-dellorgoglio-cristiano\/","og_locale":"it_IT","og_type":"article","og_title":"Basta offese, \u00e8 l\u2019ora dell\u2019orgoglio cristiano - Rassegna Stampa Cattolica","og_description":"Basta offese, \u00e8 l\u2019ora dell\u2019orgoglio cristiano. Ogni anno i pride sono una fiera del vilipendio alla religione","og_url":"https:\/\/www.rassegnastampa-totustuus.it\/cattolica\/basta-offese-e-lora-dellorgoglio-cristiano\/","og_site_name":"Rassegna Stampa Cattolica","article_publisher":"https:\/\/www.facebook.com\/rassegnastampacattolica","article_published_time":"2024-07-05T09:30:51+00:00","article_modified_time":"2024-07-05T09:30:54+00:00","og_image":[{"width":144,"height":180,"url":"https:\/\/www.rassegnastampa-totustuus.it\/cattolica\/wp-content\/uploads\/2024\/07\/gay_pride_omosessuali.jpeg","type":"image\/jpeg"}],"author":"Redazione","twitter_card":"summary_large_image","twitter_creator":"@rassegnastampa9","twitter_site":"@rassegnastampa9","twitter_misc":{"Scritto da":"Redazione","Tempo di lettura stimato":"9 minuti"},"schema":{"@context":"https:\/\/schema.org","@graph":[{"@type":"Article","@id":"https:\/\/www.rassegnastampa-totustuus.it\/cattolica\/basta-offese-e-lora-dellorgoglio-cristiano\/#article","isPartOf":{"@id":"https:\/\/www.rassegnastampa-totustuus.it\/cattolica\/basta-offese-e-lora-dellorgoglio-cristiano\/"},"author":{"name":"Redazione","@id":"https:\/\/www.rassegnastampa-totustuus.it\/cattolica\/#\/schema\/person\/08f319d2bd1a0904ad9e2bfb7b15e5c3"},"headline":"Basta offese, \u00e8 l\u2019ora dell\u2019orgoglio cristiano","datePublished":"2024-07-05T09:30:51+00:00","dateModified":"2024-07-05T09:30:54+00:00","mainEntityOfPage":{"@id":"https:\/\/www.rassegnastampa-totustuus.it\/cattolica\/basta-offese-e-lora-dellorgoglio-cristiano\/"},"wordCount":1379,"publisher":{"@id":"https:\/\/www.rassegnastampa-totustuus.it\/cattolica\/#organization"},"image":{"@id":"https:\/\/www.rassegnastampa-totustuus.it\/cattolica\/basta-offese-e-lora-dellorgoglio-cristiano\/#primaryimage"},"thumbnailUrl":"https:\/\/www.rassegnastampa-totustuus.it\/cattolica\/wp-content\/uploads\/2024\/07\/gay_pride_omosessuali.jpeg","keywords":["gay pride","ideologia del gender","omosessualit\u00e0"],"articleSection":["Ideologia del gender","Omosessualit&agrave;"],"inLanguage":"it-IT"},{"@type":"WebPage","@id":"https:\/\/www.rassegnastampa-totustuus.it\/cattolica\/basta-offese-e-lora-dellorgoglio-cristiano\/","url":"https:\/\/www.rassegnastampa-totustuus.it\/cattolica\/basta-offese-e-lora-dellorgoglio-cristiano\/","name":"Basta offese, \u00e8 l\u2019ora dell\u2019orgoglio cristiano - Rassegna Stampa Cattolica","isPartOf":{"@id":"https:\/\/www.rassegnastampa-totustuus.it\/cattolica\/#website"},"primaryImageOfPage":{"@id":"https:\/\/www.rassegnastampa-totustuus.it\/cattolica\/basta-offese-e-lora-dellorgoglio-cristiano\/#primaryimage"},"image":{"@id":"https:\/\/www.rassegnastampa-totustuus.it\/cattolica\/basta-offese-e-lora-dellorgoglio-cristiano\/#primaryimage"},"thumbnailUrl":"https:\/\/www.rassegnastampa-totustuus.it\/cattolica\/wp-content\/uploads\/2024\/07\/gay_pride_omosessuali.jpeg","datePublished":"2024-07-05T09:30:51+00:00","dateModified":"2024-07-05T09:30:54+00:00","description":"Basta offese, \u00e8 l\u2019ora dell\u2019orgoglio cristiano. Ogni anno i pride sono una fiera del vilipendio alla religione","breadcrumb":{"@id":"https:\/\/www.rassegnastampa-totustuus.it\/cattolica\/basta-offese-e-lora-dellorgoglio-cristiano\/#breadcrumb"},"inLanguage":"it-IT","potentialAction":[{"@type":"ReadAction","target":["https:\/\/www.rassegnastampa-totustuus.it\/cattolica\/basta-offese-e-lora-dellorgoglio-cristiano\/"]}]},{"@type":"ImageObject","inLanguage":"it-IT","@id":"https:\/\/www.rassegnastampa-totustuus.it\/cattolica\/basta-offese-e-lora-dellorgoglio-cristiano\/#primaryimage","url":"https:\/\/www.rassegnastampa-totustuus.it\/cattolica\/wp-content\/uploads\/2024\/07\/gay_pride_omosessuali.jpeg","contentUrl":"https:\/\/www.rassegnastampa-totustuus.it\/cattolica\/wp-content\/uploads\/2024\/07\/gay_pride_omosessuali.jpeg","width":144,"height":180},{"@type":"BreadcrumbList","@id":"https:\/\/www.rassegnastampa-totustuus.it\/cattolica\/basta-offese-e-lora-dellorgoglio-cristiano\/#breadcrumb","itemListElement":[{"@type":"ListItem","position":1,"name":"Home","item":"https:\/\/www.rassegnastampa-totustuus.it\/cattolica\/"},{"@type":"ListItem","position":2,"name":"Basta offese, \u00e8 l\u2019ora dell\u2019orgoglio cristiano"}]},{"@type":"WebSite","@id":"https:\/\/www.rassegnastampa-totustuus.it\/cattolica\/#website","url":"https:\/\/www.rassegnastampa-totustuus.it\/cattolica\/","name":"Rassegna Stampa Cattolica","description":"Per una cultura che nasce dalla Rivelazione cristiana in conformit\u00e0 alla tradizione e al Magistero della Chiesa in opposizione ad ogni relativismo e totalitarismo","publisher":{"@id":"https:\/\/www.rassegnastampa-totustuus.it\/cattolica\/#organization"},"alternateName":"Rass. Cattolica","potentialAction":[{"@type":"SearchAction","target":{"@type":"EntryPoint","urlTemplate":"https:\/\/www.rassegnastampa-totustuus.it\/cattolica\/?s={search_term_string}"},"query-input":{"@type":"PropertyValueSpecification","valueRequired":true,"valueName":"search_term_string"}}],"inLanguage":"it-IT"},{"@type":"Organization","@id":"https:\/\/www.rassegnastampa-totustuus.it\/cattolica\/#organization","name":"Rassegna Stampa Cattolica","url":"https:\/\/www.rassegnastampa-totustuus.it\/cattolica\/","logo":{"@type":"ImageObject","inLanguage":"it-IT","@id":"https:\/\/www.rassegnastampa-totustuus.it\/cattolica\/#\/schema\/logo\/image\/","url":"https:\/\/www.rassegnastampa-totustuus.it\/cattolica\/wp-content\/uploads\/2014\/04\/logo-rassegna1.gif","contentUrl":"https:\/\/www.rassegnastampa-totustuus.it\/cattolica\/wp-content\/uploads\/2014\/04\/logo-rassegna1.gif","width":600,"height":163,"caption":"Rassegna Stampa Cattolica"},"image":{"@id":"https:\/\/www.rassegnastampa-totustuus.it\/cattolica\/#\/schema\/logo\/image\/"},"sameAs":["https:\/\/www.facebook.com\/rassegnastampacattolica","https:\/\/x.com\/rassegnastampa9"]},{"@type":"Person","@id":"https:\/\/www.rassegnastampa-totustuus.it\/cattolica\/#\/schema\/person\/08f319d2bd1a0904ad9e2bfb7b15e5c3","name":"Redazione","image":{"@type":"ImageObject","inLanguage":"it-IT","@id":"https:\/\/secure.gravatar.com\/avatar\/2fcdf27c78ea025fbdb44e914cc63c72249ffec9dc8aafd5c82b26240ef3f346?s=96&d=mm&r=g","url":"https:\/\/secure.gravatar.com\/avatar\/2fcdf27c78ea025fbdb44e914cc63c72249ffec9dc8aafd5c82b26240ef3f346?s=96&d=mm&r=g","contentUrl":"https:\/\/secure.gravatar.com\/avatar\/2fcdf27c78ea025fbdb44e914cc63c72249ffec9dc8aafd5c82b26240ef3f346?s=96&d=mm&r=g","caption":"Redazione"},"url":"https:\/\/www.rassegnastampa-totustuus.it\/cattolica\/author\/pietroelle\/"}]}},"_links":{"self":[{"href":"https:\/\/www.rassegnastampa-totustuus.it\/cattolica\/wp-json\/wp\/v2\/posts\/60827","targetHints":{"allow":["GET"]}}],"collection":[{"href":"https:\/\/www.rassegnastampa-totustuus.it\/cattolica\/wp-json\/wp\/v2\/posts"}],"about":[{"href":"https:\/\/www.rassegnastampa-totustuus.it\/cattolica\/wp-json\/wp\/v2\/types\/post"}],"author":[{"embeddable":true,"href":"https:\/\/www.rassegnastampa-totustuus.it\/cattolica\/wp-json\/wp\/v2\/users\/6"}],"replies":[{"embeddable":true,"href":"https:\/\/www.rassegnastampa-totustuus.it\/cattolica\/wp-json\/wp\/v2\/comments?post=60827"}],"version-history":[{"count":1,"href":"https:\/\/www.rassegnastampa-totustuus.it\/cattolica\/wp-json\/wp\/v2\/posts\/60827\/revisions"}],"predecessor-version":[{"id":60831,"href":"https:\/\/www.rassegnastampa-totustuus.it\/cattolica\/wp-json\/wp\/v2\/posts\/60827\/revisions\/60831"}],"wp:featuredmedia":[{"embeddable":true,"href":"https:\/\/www.rassegnastampa-totustuus.it\/cattolica\/wp-json\/wp\/v2\/media\/60829"}],"wp:attachment":[{"href":"https:\/\/www.rassegnastampa-totustuus.it\/cattolica\/wp-json\/wp\/v2\/media?parent=60827"}],"wp:term":[{"taxonomy":"category","embeddable":true,"href":"https:\/\/www.rassegnastampa-totustuus.it\/cattolica\/wp-json\/wp\/v2\/categories?post=60827"},{"taxonomy":"post_tag","embeddable":true,"href":"https:\/\/www.rassegnastampa-totustuus.it\/cattolica\/wp-json\/wp\/v2\/tags?post=60827"}],"curies":[{"name":"wp","href":"https:\/\/api.w.org\/{rel}","templated":true}]}}