{"id":6077,"date":"2014-03-08T15:54:47","date_gmt":"2014-03-08T15:54:47","guid":{"rendered":"http:\/\/www.rassegnastampa-totustuus.it\/cattolica\/?p=6077"},"modified":"2015-06-11T17:02:16","modified_gmt":"2015-06-11T15:02:16","slug":"nel-2014-le-tasse-americane-non-pagheranno-laborto","status":"publish","type":"post","link":"https:\/\/www.rassegnastampa-totustuus.it\/cattolica\/nel-2014-le-tasse-americane-non-pagheranno-laborto\/","title":{"rendered":"Nel 2014 le tasse americane non pagheranno l\u2019aborto"},"content":{"rendered":"<p><a href=\"https:\/\/www.rassegnastampa-totustuus.it\/cattolica\/wp-content\/uploads\/2014\/03\/notaxabortion.jpg\"><img loading=\"lazy\" decoding=\"async\" class=\"alignright wp-image-6850\" src=\"https:\/\/www.rassegnastampa-totustuus.it\/cattolica\/wp-content\/uploads\/2014\/03\/notaxabortion.jpg\" alt=\"notaxabortion\" width=\"230\" height=\"146\" \/><\/a><\/p>\n<p style=\"text-align: center;\"><strong>\u00a0<\/strong><strong style=\"font-size: 12px;\">Dal sito Comunit\u00e0 ambrosiana<\/strong><span style=\"font-size: 12px;\">\u00a0<\/span><span style=\"font-size: 12px;\">\u2013\u00a0<\/span><span style=\"font-size: 12px;\">Alleanza Cattolica Milano,\u00a0<\/span><span style=\"font-size: 12px;\">\u00a0febbraio 2014<\/span><\/p>\n<p style=\"text-align: center;\"><strong style=\"font-size: 12px;\">Marco Respinti\u00a0<\/strong><\/p>\n<p style=\"text-align: justify;\">Il 28 gennaio, con 227 voti a favore e 188 contrari, la Camera dei deputati del Congresso federale di Washington ha approvato forti limitazioni al finanziamento pubblico dell\u2019aborto<\/p>\n<p style=\"text-align: justify;\">Il 28 gennaio, con 227 voti a favore e 188 contrari, la Camera dei deputati del Congresso federale di Washington ha approvato forti limitazioni al finanziamento pubblico dell\u2019aborto.<\/p>\n<p style=\"text-align: justify;\"><!--more--><\/p>\n<p style=\"text-align: justify;\">La deputata del Tennessee, Diane Black, esponente del Partito Repubblicano e co-sponsor dell\u2019iniziativa \u201cNo Taxpayer Funding for Abortion Act\u201d (\u201cLegge contro il finanziamento dell\u2019aborto attraverso il denaro dei contribuenti\u201d), forte della propria esperienza d\u2019infermiera, ha lodato questo importante risultato politico, peraltro bipartisan, definendo testualmente l\u2019aborto una \u00abpratica barbarica\u00bb, meritevole di essere solo e semplicemente abolita. E ha aggiunto: \u00abSpero di vedere il giorno in cui questa verit\u00e0 si rifletter\u00e0 nelle leggi del nostro Paese. Ma fino ad allora, possiamo \u2013 come minimo \u2013 proteggere i valori e le coscienze di milioni di contribuenti americani promuovendo leggi di questo tipo\u00bb.<\/p>\n<p style=\"text-align: justify;\">Da che, nel 1973, la Corte federale legalizz\u00f2 l\u2019aborto statunitense attraverso un vero e proprio \u201ccolpo di mano\u201d giuridico, per di pi\u00f9 fondato su una clamorosa menzogna (il finto caso di stupro di \u201cJane Roe\u201d, ossia Norma McCorvey, che da allora si \u00e8 convertita, prima al protestantesimo e poi al cattolicesimo, trasformandosi cos\u00ec in una paladina pro-life), la battaglia politico-legale combattuta con coraggio dagli americani antiabortisti impegnati nelle istituzioni si \u00e8 spesso concentrata almeno sul tentativo di limitare il pi\u00f9 possibile la libert\u00e0 di aborto attraverso il divieto d\u2019impiegare per esso denaro pubblico proveniente dalle tasse imposte ai cittadini statunitensi.<\/p>\n<p style=\"text-align: justify;\">Analogamente, si cerca costantemente anche d\u2019impedire la partecipazione degli Stati Uniti a organizzazioni e ad azioni internazionali filoabortiste impugnando lo stesso divieto di utilizzo di fondi pubblici americani per iniziative miranti al controllo delle nascite.<\/p>\n<p style=\"text-align: justify;\">All\u2019origine di queste iniziative, sempre pi\u00f9 spesso coronate dal successo nonostante l\u2019alternanza delle maggioranze politiche contrapposte al Congresso e l\u2019orientamento diseguale dei vari inquilini della Casa Bianca, vi \u00e8 il famoso \u201cEmendamento Hyde\u201d, dal nome del deputato Repubblicano dell\u2019Illinois Henry J. Hyde (1924-2007), cattolico, sincero amante del nostro Paese.<\/p>\n<p style=\"text-align: justify;\">Ho un ricordo vivido del suo ufficio politico nel cuore di Washington, colmo di libri e di scartoffie, e quella sua comoda poltrona dietro la scrivania accanto alla quale svettava una statua della Madonna di Fatima alta almeno un metro e mezzo senza che per lui questo violasse di uno iota la \u201claicit\u00e0\u201d dello Stato americano. Ebbene, da quasi 40 anni l\u2019\u201cEmendamento Hyde\u201d salva vite innocenti ogni giorno che il buon Dio concede.<\/p>\n<p style=\"text-align: justify;\">Il 30 settembre 1976 la Camera dei deputati approv\u00f2, infatti, con 206 voti a favore e 167 contrari, la legge proposta appunto da deputato Hyde allo scopo d\u2019impedire che le tasse degli americani vadano a pagare la soppressione della vita umana ancora nel grembo della madre, se non nei casi d\u2019incesto e di stupro. Non \u00e8 certo la perfezione, Hyde lo sapeva bene, ma \u00e8 gi\u00e0 una grande arma per impedire benemeritamente un male che senn\u00f2 potrebbe essere ancora pi\u00f9 grande di quel che gi\u00e0 tristemente \u00e8<\/p>\n<p style=\"text-align: justify;\">Quella fortemente voluta da Hyde non \u00e8 per\u00f2 una legge permanente, e quindi il Congresso federale deve rivotarla ogni anno. Cosa che puntualmente ogni anno viene fatta, ovviamente con successi non sempre uguali, ma con risultati costantemente significativi. Quest\u2019anno, dunque, le tasse americane non pagheranno l\u2019aborto.<\/p>\n<p style=\"text-align: justify;\">Non \u00e8 dunque di poco conto evidenziare che, solo pochi giorni dopo il voto pro-life del Congresso, per la precisione il 30 gennaio, ricevendo una delegazione dell\u2019Universit\u00e0 di Notre Dame, cattolica, che ha sede a South Bend, in Indiana, in occasione dell\u2019apertura della sede romana dell\u2019ateneo, Papa Francesco abbia richiamato la dirigenza dell\u2019istituto alla fedelt\u00e0 allo spirito con cui padre Edward Sorin, membro della Congregazione della Santa Croce, lo fond\u00f2 nel 1842 nel mezzo del \u201cnulla\u201d americano, tra l\u2019altro operando con grande efficacia per l\u2019evangelizzazione dei nativi.<\/p>\n<p style=\"text-align: justify;\">E questo perch\u00e9 certamente non si \u00e8 trattato di un convenevole di maniera, visto che, come il pontefice sa bene, Notre Dame, gi\u00e0 fiore all&#8217;occhiello della cultura cattolica statunitense (l\u00ec vi \u00e8 tra l\u2019altro sepolto Orestes A. Browons [1803-1876], il maggior pensatore cattolico statunitense dell\u2019Ottocento), \u00e8 da tempo nell\u2019occhio del ciclone per certe sue \u201caperture\u201d insensate a errori dottrinali e per certi passi falsi in campo morale, come per esempio l\u2019avere assurdamente assegnato una laurea honoris causa in Giurisprudenza al presidente filoabortista degli Stati Uniti Obama nel 2009&#8230;<\/p>\n<p style=\"text-align: justify;\">\u00ab\u00c8 essenziale\u00bb, ha detto il Papa, \u00abuna coraggiosa testimonianza delle Universit\u00e0 cattoliche nei confronti dell\u2019insegnamento morale della Chiesa e della difesa della libert\u00e0 di sostenere tali insegnamenti\u00bb. Ci\u00f2 che, par di capire, a Notre Dame manca da un po\u2019.<\/p>\n","protected":false},"excerpt":{"rendered":"<p>\u00a0Dal sito Comunit\u00e0 ambrosiana\u00a0\u2013\u00a0Alleanza Cattolica Milano,\u00a0\u00a0febbraio 2014 Marco Respinti\u00a0 Il 28 gennaio, con 227 voti a favore e 188 contrari, la Camera dei deputati del Congresso federale di Washington ha approvato forti limitazioni al finanziamento pubblico dell\u2019aborto Il 28 gennaio, con 227 voti a favore e 188 contrari, la Camera dei deputati del Congresso federale &hellip; <\/p>\n<p><a class=\"more-link btn\" href=\"https:\/\/www.rassegnastampa-totustuus.it\/cattolica\/nel-2014-le-tasse-americane-non-pagheranno-laborto\/\">Continua a leggere<\/a><\/p>\n","protected":false},"author":6,"featured_media":6850,"comment_status":"closed","ping_status":"open","sticky":false,"template":"","format":"standard","meta":{"footnotes":""},"categories":[108,76],"tags":[2386,2401],"class_list":["post-6077","post","type-post","status-publish","format-standard","has-post-thumbnail","hentry","category-paesi-e-continenti","category-stati-uniti","tag-aborto","tag-stati-uniti","item-wrap"],"yoast_head":"<!-- This site is optimized with the Yoast SEO plugin v27.5 - https:\/\/yoast.com\/product\/yoast-seo-wordpress\/ -->\n<title>Nel 2014 le tasse americane non pagheranno l\u2019aborto - Rassegna Stampa Cattolica<\/title>\n<meta name=\"description\" content=\"Rassegna Stampa Cattolica - Per una cultura che nasce dalla Rivelazione cristiana in conformit\u00e0 alla tradizione e al Magistero della Chiesa in opposizione ad ogni relativismo e totalitarismo\" \/>\n<meta name=\"robots\" content=\"index, follow, max-snippet:-1, max-image-preview:large, max-video-preview:-1\" \/>\n<link rel=\"canonical\" href=\"https:\/\/www.rassegnastampa-totustuus.it\/cattolica\/nel-2014-le-tasse-americane-non-pagheranno-laborto\/\" \/>\n<meta property=\"og:locale\" content=\"it_IT\" \/>\n<meta property=\"og:type\" content=\"article\" \/>\n<meta property=\"og:title\" content=\"Nel 2014 le tasse americane non pagheranno l\u2019aborto - Rassegna Stampa Cattolica\" \/>\n<meta property=\"og:description\" content=\"Rassegna Stampa Cattolica - Per una cultura che nasce dalla Rivelazione cristiana in conformit\u00e0 alla tradizione e al Magistero della Chiesa in opposizione ad ogni relativismo e totalitarismo\" \/>\n<meta property=\"og:url\" content=\"https:\/\/www.rassegnastampa-totustuus.it\/cattolica\/nel-2014-le-tasse-americane-non-pagheranno-laborto\/\" \/>\n<meta property=\"og:site_name\" content=\"Rassegna Stampa Cattolica\" \/>\n<meta property=\"article:publisher\" content=\"https:\/\/www.facebook.com\/rassegnastampacattolica\" \/>\n<meta property=\"article:published_time\" content=\"2014-03-08T15:54:47+00:00\" \/>\n<meta property=\"article:modified_time\" content=\"2015-06-11T15:02:16+00:00\" \/>\n<meta property=\"og:image\" content=\"https:\/\/www.rassegnastampa-totustuus.it\/cattolica\/wp-content\/uploads\/2014\/03\/notaxabortion.jpg\" \/>\n\t<meta property=\"og:image:width\" content=\"192\" \/>\n\t<meta property=\"og:image:height\" content=\"122\" \/>\n\t<meta property=\"og:image:type\" content=\"image\/jpeg\" \/>\n<meta name=\"author\" content=\"Redazione\" \/>\n<meta name=\"twitter:card\" content=\"summary_large_image\" \/>\n<meta name=\"twitter:creator\" content=\"@rassegnastampa9\" \/>\n<meta name=\"twitter:site\" content=\"@rassegnastampa9\" \/>\n<meta name=\"twitter:label1\" content=\"Scritto da\" \/>\n\t<meta name=\"twitter:data1\" content=\"Redazione\" \/>\n\t<meta name=\"twitter:label2\" content=\"Tempo di lettura stimato\" \/>\n\t<meta name=\"twitter:data2\" content=\"4 minuti\" \/>\n<script type=\"application\/ld+json\" class=\"yoast-schema-graph\">{\"@context\":\"https:\\\/\\\/schema.org\",\"@graph\":[{\"@type\":\"Article\",\"@id\":\"https:\\\/\\\/www.rassegnastampa-totustuus.it\\\/cattolica\\\/nel-2014-le-tasse-americane-non-pagheranno-laborto\\\/#article\",\"isPartOf\":{\"@id\":\"https:\\\/\\\/www.rassegnastampa-totustuus.it\\\/cattolica\\\/nel-2014-le-tasse-americane-non-pagheranno-laborto\\\/\"},\"author\":{\"name\":\"Redazione\",\"@id\":\"https:\\\/\\\/www.rassegnastampa-totustuus.it\\\/cattolica\\\/#\\\/schema\\\/person\\\/08f319d2bd1a0904ad9e2bfb7b15e5c3\"},\"headline\":\"Nel 2014 le tasse americane non pagheranno l\u2019aborto\",\"datePublished\":\"2014-03-08T15:54:47+00:00\",\"dateModified\":\"2015-06-11T15:02:16+00:00\",\"mainEntityOfPage\":{\"@id\":\"https:\\\/\\\/www.rassegnastampa-totustuus.it\\\/cattolica\\\/nel-2014-le-tasse-americane-non-pagheranno-laborto\\\/\"},\"wordCount\":778,\"publisher\":{\"@id\":\"https:\\\/\\\/www.rassegnastampa-totustuus.it\\\/cattolica\\\/#organization\"},\"image\":{\"@id\":\"https:\\\/\\\/www.rassegnastampa-totustuus.it\\\/cattolica\\\/nel-2014-le-tasse-americane-non-pagheranno-laborto\\\/#primaryimage\"},\"thumbnailUrl\":\"https:\\\/\\\/www.rassegnastampa-totustuus.it\\\/cattolica\\\/wp-content\\\/uploads\\\/2014\\\/03\\\/notaxabortion.jpg\",\"keywords\":[\"Aborto\",\"Stati Uniti\"],\"articleSection\":[\"Paesi e continenti\",\"Stati Uniti\"],\"inLanguage\":\"it-IT\"},{\"@type\":\"WebPage\",\"@id\":\"https:\\\/\\\/www.rassegnastampa-totustuus.it\\\/cattolica\\\/nel-2014-le-tasse-americane-non-pagheranno-laborto\\\/\",\"url\":\"https:\\\/\\\/www.rassegnastampa-totustuus.it\\\/cattolica\\\/nel-2014-le-tasse-americane-non-pagheranno-laborto\\\/\",\"name\":\"Nel 2014 le tasse americane non pagheranno l\u2019aborto - Rassegna Stampa Cattolica\",\"isPartOf\":{\"@id\":\"https:\\\/\\\/www.rassegnastampa-totustuus.it\\\/cattolica\\\/#website\"},\"primaryImageOfPage\":{\"@id\":\"https:\\\/\\\/www.rassegnastampa-totustuus.it\\\/cattolica\\\/nel-2014-le-tasse-americane-non-pagheranno-laborto\\\/#primaryimage\"},\"image\":{\"@id\":\"https:\\\/\\\/www.rassegnastampa-totustuus.it\\\/cattolica\\\/nel-2014-le-tasse-americane-non-pagheranno-laborto\\\/#primaryimage\"},\"thumbnailUrl\":\"https:\\\/\\\/www.rassegnastampa-totustuus.it\\\/cattolica\\\/wp-content\\\/uploads\\\/2014\\\/03\\\/notaxabortion.jpg\",\"datePublished\":\"2014-03-08T15:54:47+00:00\",\"dateModified\":\"2015-06-11T15:02:16+00:00\",\"description\":\"Rassegna Stampa Cattolica - Per una cultura che nasce dalla Rivelazione cristiana in conformit\u00e0 alla tradizione e al Magistero della Chiesa in opposizione ad ogni relativismo e totalitarismo\",\"breadcrumb\":{\"@id\":\"https:\\\/\\\/www.rassegnastampa-totustuus.it\\\/cattolica\\\/nel-2014-le-tasse-americane-non-pagheranno-laborto\\\/#breadcrumb\"},\"inLanguage\":\"it-IT\",\"potentialAction\":[{\"@type\":\"ReadAction\",\"target\":[\"https:\\\/\\\/www.rassegnastampa-totustuus.it\\\/cattolica\\\/nel-2014-le-tasse-americane-non-pagheranno-laborto\\\/\"]}]},{\"@type\":\"ImageObject\",\"inLanguage\":\"it-IT\",\"@id\":\"https:\\\/\\\/www.rassegnastampa-totustuus.it\\\/cattolica\\\/nel-2014-le-tasse-americane-non-pagheranno-laborto\\\/#primaryimage\",\"url\":\"https:\\\/\\\/www.rassegnastampa-totustuus.it\\\/cattolica\\\/wp-content\\\/uploads\\\/2014\\\/03\\\/notaxabortion.jpg\",\"contentUrl\":\"https:\\\/\\\/www.rassegnastampa-totustuus.it\\\/cattolica\\\/wp-content\\\/uploads\\\/2014\\\/03\\\/notaxabortion.jpg\",\"width\":192,\"height\":122},{\"@type\":\"BreadcrumbList\",\"@id\":\"https:\\\/\\\/www.rassegnastampa-totustuus.it\\\/cattolica\\\/nel-2014-le-tasse-americane-non-pagheranno-laborto\\\/#breadcrumb\",\"itemListElement\":[{\"@type\":\"ListItem\",\"position\":1,\"name\":\"Home\",\"item\":\"https:\\\/\\\/www.rassegnastampa-totustuus.it\\\/cattolica\\\/\"},{\"@type\":\"ListItem\",\"position\":2,\"name\":\"Nel 2014 le tasse americane non pagheranno l\u2019aborto\"}]},{\"@type\":\"WebSite\",\"@id\":\"https:\\\/\\\/www.rassegnastampa-totustuus.it\\\/cattolica\\\/#website\",\"url\":\"https:\\\/\\\/www.rassegnastampa-totustuus.it\\\/cattolica\\\/\",\"name\":\"Rassegna Stampa Cattolica\",\"description\":\"Per una cultura che nasce dalla Rivelazione cristiana in conformit\u00e0 alla tradizione e al Magistero della Chiesa in opposizione ad ogni relativismo e totalitarismo\",\"publisher\":{\"@id\":\"https:\\\/\\\/www.rassegnastampa-totustuus.it\\\/cattolica\\\/#organization\"},\"alternateName\":\"Rass. Cattolica\",\"potentialAction\":[{\"@type\":\"SearchAction\",\"target\":{\"@type\":\"EntryPoint\",\"urlTemplate\":\"https:\\\/\\\/www.rassegnastampa-totustuus.it\\\/cattolica\\\/?s={search_term_string}\"},\"query-input\":{\"@type\":\"PropertyValueSpecification\",\"valueRequired\":true,\"valueName\":\"search_term_string\"}}],\"inLanguage\":\"it-IT\"},{\"@type\":\"Organization\",\"@id\":\"https:\\\/\\\/www.rassegnastampa-totustuus.it\\\/cattolica\\\/#organization\",\"name\":\"Rassegna Stampa Cattolica\",\"url\":\"https:\\\/\\\/www.rassegnastampa-totustuus.it\\\/cattolica\\\/\",\"logo\":{\"@type\":\"ImageObject\",\"inLanguage\":\"it-IT\",\"@id\":\"https:\\\/\\\/www.rassegnastampa-totustuus.it\\\/cattolica\\\/#\\\/schema\\\/logo\\\/image\\\/\",\"url\":\"https:\\\/\\\/www.rassegnastampa-totustuus.it\\\/cattolica\\\/wp-content\\\/uploads\\\/2014\\\/04\\\/logo-rassegna1.gif\",\"contentUrl\":\"https:\\\/\\\/www.rassegnastampa-totustuus.it\\\/cattolica\\\/wp-content\\\/uploads\\\/2014\\\/04\\\/logo-rassegna1.gif\",\"width\":600,\"height\":163,\"caption\":\"Rassegna Stampa Cattolica\"},\"image\":{\"@id\":\"https:\\\/\\\/www.rassegnastampa-totustuus.it\\\/cattolica\\\/#\\\/schema\\\/logo\\\/image\\\/\"},\"sameAs\":[\"https:\\\/\\\/www.facebook.com\\\/rassegnastampacattolica\",\"https:\\\/\\\/x.com\\\/rassegnastampa9\"]},{\"@type\":\"Person\",\"@id\":\"https:\\\/\\\/www.rassegnastampa-totustuus.it\\\/cattolica\\\/#\\\/schema\\\/person\\\/08f319d2bd1a0904ad9e2bfb7b15e5c3\",\"name\":\"Redazione\",\"image\":{\"@type\":\"ImageObject\",\"inLanguage\":\"it-IT\",\"@id\":\"https:\\\/\\\/secure.gravatar.com\\\/avatar\\\/2fcdf27c78ea025fbdb44e914cc63c72249ffec9dc8aafd5c82b26240ef3f346?s=96&d=mm&r=g\",\"url\":\"https:\\\/\\\/secure.gravatar.com\\\/avatar\\\/2fcdf27c78ea025fbdb44e914cc63c72249ffec9dc8aafd5c82b26240ef3f346?s=96&d=mm&r=g\",\"contentUrl\":\"https:\\\/\\\/secure.gravatar.com\\\/avatar\\\/2fcdf27c78ea025fbdb44e914cc63c72249ffec9dc8aafd5c82b26240ef3f346?s=96&d=mm&r=g\",\"caption\":\"Redazione\"},\"url\":\"https:\\\/\\\/www.rassegnastampa-totustuus.it\\\/cattolica\\\/author\\\/pietroelle\\\/\"}]}<\/script>\n<!-- \/ Yoast SEO plugin. -->","yoast_head_json":{"title":"Nel 2014 le tasse americane non pagheranno l\u2019aborto - Rassegna Stampa Cattolica","description":"Rassegna Stampa Cattolica - Per una cultura che nasce dalla Rivelazione cristiana in conformit\u00e0 alla tradizione e al Magistero della Chiesa in opposizione ad ogni relativismo e totalitarismo","robots":{"index":"index","follow":"follow","max-snippet":"max-snippet:-1","max-image-preview":"max-image-preview:large","max-video-preview":"max-video-preview:-1"},"canonical":"https:\/\/www.rassegnastampa-totustuus.it\/cattolica\/nel-2014-le-tasse-americane-non-pagheranno-laborto\/","og_locale":"it_IT","og_type":"article","og_title":"Nel 2014 le tasse americane non pagheranno l\u2019aborto - Rassegna Stampa Cattolica","og_description":"Rassegna Stampa Cattolica - Per una cultura che nasce dalla Rivelazione cristiana in conformit\u00e0 alla tradizione e al Magistero della Chiesa in opposizione ad ogni relativismo e totalitarismo","og_url":"https:\/\/www.rassegnastampa-totustuus.it\/cattolica\/nel-2014-le-tasse-americane-non-pagheranno-laborto\/","og_site_name":"Rassegna Stampa Cattolica","article_publisher":"https:\/\/www.facebook.com\/rassegnastampacattolica","article_published_time":"2014-03-08T15:54:47+00:00","article_modified_time":"2015-06-11T15:02:16+00:00","og_image":[{"width":192,"height":122,"url":"https:\/\/www.rassegnastampa-totustuus.it\/cattolica\/wp-content\/uploads\/2014\/03\/notaxabortion.jpg","type":"image\/jpeg"}],"author":"Redazione","twitter_card":"summary_large_image","twitter_creator":"@rassegnastampa9","twitter_site":"@rassegnastampa9","twitter_misc":{"Scritto da":"Redazione","Tempo di lettura stimato":"4 minuti"},"schema":{"@context":"https:\/\/schema.org","@graph":[{"@type":"Article","@id":"https:\/\/www.rassegnastampa-totustuus.it\/cattolica\/nel-2014-le-tasse-americane-non-pagheranno-laborto\/#article","isPartOf":{"@id":"https:\/\/www.rassegnastampa-totustuus.it\/cattolica\/nel-2014-le-tasse-americane-non-pagheranno-laborto\/"},"author":{"name":"Redazione","@id":"https:\/\/www.rassegnastampa-totustuus.it\/cattolica\/#\/schema\/person\/08f319d2bd1a0904ad9e2bfb7b15e5c3"},"headline":"Nel 2014 le tasse americane non pagheranno l\u2019aborto","datePublished":"2014-03-08T15:54:47+00:00","dateModified":"2015-06-11T15:02:16+00:00","mainEntityOfPage":{"@id":"https:\/\/www.rassegnastampa-totustuus.it\/cattolica\/nel-2014-le-tasse-americane-non-pagheranno-laborto\/"},"wordCount":778,"publisher":{"@id":"https:\/\/www.rassegnastampa-totustuus.it\/cattolica\/#organization"},"image":{"@id":"https:\/\/www.rassegnastampa-totustuus.it\/cattolica\/nel-2014-le-tasse-americane-non-pagheranno-laborto\/#primaryimage"},"thumbnailUrl":"https:\/\/www.rassegnastampa-totustuus.it\/cattolica\/wp-content\/uploads\/2014\/03\/notaxabortion.jpg","keywords":["Aborto","Stati Uniti"],"articleSection":["Paesi e continenti","Stati Uniti"],"inLanguage":"it-IT"},{"@type":"WebPage","@id":"https:\/\/www.rassegnastampa-totustuus.it\/cattolica\/nel-2014-le-tasse-americane-non-pagheranno-laborto\/","url":"https:\/\/www.rassegnastampa-totustuus.it\/cattolica\/nel-2014-le-tasse-americane-non-pagheranno-laborto\/","name":"Nel 2014 le tasse americane non pagheranno l\u2019aborto - Rassegna Stampa Cattolica","isPartOf":{"@id":"https:\/\/www.rassegnastampa-totustuus.it\/cattolica\/#website"},"primaryImageOfPage":{"@id":"https:\/\/www.rassegnastampa-totustuus.it\/cattolica\/nel-2014-le-tasse-americane-non-pagheranno-laborto\/#primaryimage"},"image":{"@id":"https:\/\/www.rassegnastampa-totustuus.it\/cattolica\/nel-2014-le-tasse-americane-non-pagheranno-laborto\/#primaryimage"},"thumbnailUrl":"https:\/\/www.rassegnastampa-totustuus.it\/cattolica\/wp-content\/uploads\/2014\/03\/notaxabortion.jpg","datePublished":"2014-03-08T15:54:47+00:00","dateModified":"2015-06-11T15:02:16+00:00","description":"Rassegna Stampa Cattolica - Per una cultura che nasce dalla Rivelazione cristiana in conformit\u00e0 alla tradizione e al Magistero della Chiesa in opposizione ad ogni relativismo e totalitarismo","breadcrumb":{"@id":"https:\/\/www.rassegnastampa-totustuus.it\/cattolica\/nel-2014-le-tasse-americane-non-pagheranno-laborto\/#breadcrumb"},"inLanguage":"it-IT","potentialAction":[{"@type":"ReadAction","target":["https:\/\/www.rassegnastampa-totustuus.it\/cattolica\/nel-2014-le-tasse-americane-non-pagheranno-laborto\/"]}]},{"@type":"ImageObject","inLanguage":"it-IT","@id":"https:\/\/www.rassegnastampa-totustuus.it\/cattolica\/nel-2014-le-tasse-americane-non-pagheranno-laborto\/#primaryimage","url":"https:\/\/www.rassegnastampa-totustuus.it\/cattolica\/wp-content\/uploads\/2014\/03\/notaxabortion.jpg","contentUrl":"https:\/\/www.rassegnastampa-totustuus.it\/cattolica\/wp-content\/uploads\/2014\/03\/notaxabortion.jpg","width":192,"height":122},{"@type":"BreadcrumbList","@id":"https:\/\/www.rassegnastampa-totustuus.it\/cattolica\/nel-2014-le-tasse-americane-non-pagheranno-laborto\/#breadcrumb","itemListElement":[{"@type":"ListItem","position":1,"name":"Home","item":"https:\/\/www.rassegnastampa-totustuus.it\/cattolica\/"},{"@type":"ListItem","position":2,"name":"Nel 2014 le tasse americane non pagheranno l\u2019aborto"}]},{"@type":"WebSite","@id":"https:\/\/www.rassegnastampa-totustuus.it\/cattolica\/#website","url":"https:\/\/www.rassegnastampa-totustuus.it\/cattolica\/","name":"Rassegna Stampa Cattolica","description":"Per una cultura che nasce dalla Rivelazione cristiana in conformit\u00e0 alla tradizione e al Magistero della Chiesa in opposizione ad ogni relativismo e totalitarismo","publisher":{"@id":"https:\/\/www.rassegnastampa-totustuus.it\/cattolica\/#organization"},"alternateName":"Rass. Cattolica","potentialAction":[{"@type":"SearchAction","target":{"@type":"EntryPoint","urlTemplate":"https:\/\/www.rassegnastampa-totustuus.it\/cattolica\/?s={search_term_string}"},"query-input":{"@type":"PropertyValueSpecification","valueRequired":true,"valueName":"search_term_string"}}],"inLanguage":"it-IT"},{"@type":"Organization","@id":"https:\/\/www.rassegnastampa-totustuus.it\/cattolica\/#organization","name":"Rassegna Stampa Cattolica","url":"https:\/\/www.rassegnastampa-totustuus.it\/cattolica\/","logo":{"@type":"ImageObject","inLanguage":"it-IT","@id":"https:\/\/www.rassegnastampa-totustuus.it\/cattolica\/#\/schema\/logo\/image\/","url":"https:\/\/www.rassegnastampa-totustuus.it\/cattolica\/wp-content\/uploads\/2014\/04\/logo-rassegna1.gif","contentUrl":"https:\/\/www.rassegnastampa-totustuus.it\/cattolica\/wp-content\/uploads\/2014\/04\/logo-rassegna1.gif","width":600,"height":163,"caption":"Rassegna Stampa Cattolica"},"image":{"@id":"https:\/\/www.rassegnastampa-totustuus.it\/cattolica\/#\/schema\/logo\/image\/"},"sameAs":["https:\/\/www.facebook.com\/rassegnastampacattolica","https:\/\/x.com\/rassegnastampa9"]},{"@type":"Person","@id":"https:\/\/www.rassegnastampa-totustuus.it\/cattolica\/#\/schema\/person\/08f319d2bd1a0904ad9e2bfb7b15e5c3","name":"Redazione","image":{"@type":"ImageObject","inLanguage":"it-IT","@id":"https:\/\/secure.gravatar.com\/avatar\/2fcdf27c78ea025fbdb44e914cc63c72249ffec9dc8aafd5c82b26240ef3f346?s=96&d=mm&r=g","url":"https:\/\/secure.gravatar.com\/avatar\/2fcdf27c78ea025fbdb44e914cc63c72249ffec9dc8aafd5c82b26240ef3f346?s=96&d=mm&r=g","contentUrl":"https:\/\/secure.gravatar.com\/avatar\/2fcdf27c78ea025fbdb44e914cc63c72249ffec9dc8aafd5c82b26240ef3f346?s=96&d=mm&r=g","caption":"Redazione"},"url":"https:\/\/www.rassegnastampa-totustuus.it\/cattolica\/author\/pietroelle\/"}]}},"_links":{"self":[{"href":"https:\/\/www.rassegnastampa-totustuus.it\/cattolica\/wp-json\/wp\/v2\/posts\/6077","targetHints":{"allow":["GET"]}}],"collection":[{"href":"https:\/\/www.rassegnastampa-totustuus.it\/cattolica\/wp-json\/wp\/v2\/posts"}],"about":[{"href":"https:\/\/www.rassegnastampa-totustuus.it\/cattolica\/wp-json\/wp\/v2\/types\/post"}],"author":[{"embeddable":true,"href":"https:\/\/www.rassegnastampa-totustuus.it\/cattolica\/wp-json\/wp\/v2\/users\/6"}],"replies":[{"embeddable":true,"href":"https:\/\/www.rassegnastampa-totustuus.it\/cattolica\/wp-json\/wp\/v2\/comments?post=6077"}],"version-history":[{"count":5,"href":"https:\/\/www.rassegnastampa-totustuus.it\/cattolica\/wp-json\/wp\/v2\/posts\/6077\/revisions"}],"predecessor-version":[{"id":26148,"href":"https:\/\/www.rassegnastampa-totustuus.it\/cattolica\/wp-json\/wp\/v2\/posts\/6077\/revisions\/26148"}],"wp:featuredmedia":[{"embeddable":true,"href":"https:\/\/www.rassegnastampa-totustuus.it\/cattolica\/wp-json\/wp\/v2\/media\/6850"}],"wp:attachment":[{"href":"https:\/\/www.rassegnastampa-totustuus.it\/cattolica\/wp-json\/wp\/v2\/media?parent=6077"}],"wp:term":[{"taxonomy":"category","embeddable":true,"href":"https:\/\/www.rassegnastampa-totustuus.it\/cattolica\/wp-json\/wp\/v2\/categories?post=6077"},{"taxonomy":"post_tag","embeddable":true,"href":"https:\/\/www.rassegnastampa-totustuus.it\/cattolica\/wp-json\/wp\/v2\/tags?post=6077"}],"curies":[{"name":"wp","href":"https:\/\/api.w.org\/{rel}","templated":true}]}}