{"id":60734,"date":"2024-07-01T11:43:46","date_gmt":"2024-07-01T09:43:46","guid":{"rendered":"https:\/\/www.rassegnastampa-totustuus.it\/cattolica\/?p=60734"},"modified":"2024-07-01T11:43:48","modified_gmt":"2024-07-01T09:43:48","slug":"lorigine-della-moralita-il-si-di-pietro-giussani","status":"publish","type":"post","link":"https:\/\/www.rassegnastampa-totustuus.it\/cattolica\/lorigine-della-moralita-il-si-di-pietro-giussani\/","title":{"rendered":"L&#8217;origine della moralit\u00e0: il s\u00ec di Pietro &#8211; Giussani"},"content":{"rendered":"<p style=\"text-align: center;\"><span style=\"color: #0000ff;\"><a style=\"color: #0000ff;\" href=\"https:\/\/www.ilnuovoarengario.it\/\" target=\"_blank\" rel=\"noopener\"><strong><img loading=\"lazy\" decoding=\"async\" class=\"size-full wp-image-60735 alignleft\" src=\"https:\/\/www.rassegnastampa-totustuus.it\/cattolica\/wp-content\/uploads\/2024\/07\/Santi_-Pietro_chiesa.jpeg\" alt=\"\" width=\"138\" height=\"182\" \/>Il Nuovo Arengario <\/strong><\/a><\/span><span style=\"color: #000000;\">3<\/span><span style=\"color: #000000;\">0 Giugno 2024<\/span><\/p>\n<p style=\"text-align: center;\"><span style=\"color: #000000;\"><em>Alcuni brani tratti da conferenze di mons. Luigi Giussani<\/em><\/span><\/p>\n<p><!--more--><\/p>\n<p style=\"text-align: justify;\"><span style=\"color: #000000;\">\u00ab(\u2026) Lo fiss\u00f2 e immaginiamoci come Pietro si sent\u00ec il peso di quello sguardo per essersi ricordato del tradimento di poche settimane prima; e di tutto quello che aveva fatto \u2013 si era fatto perfino chiamare Satana da Cristo: vai lontano da me Satana scandalo per me, per il destino della mia vita &#8211; \u00a0(\u2026) e gli venne in mente anche tutto il resto e si sent\u00ec schiacciato sotto il peso della sua incapacit\u00e0 ad essere uomo. E quello l\u00ec vicino che gli dice: \u201cSimone\u201d, &#8211; immaginate come dovesse tremare \u2013 \u00a0\u201cmi ami tu?\u201d<\/span><\/p>\n<p style=\"text-align: justify;\"><span style=\"color: #000000;\">(\u2026) proviamo ad immedesimarci nell\u2019animo di quell\u2019uomo schietto e rude che aveva davanti al Signore l\u2019anima tutta piena del suo tradimento. Il suo tradimento era semplicemente l\u2019epifania, il manifestarsi di qualcosa che aveva dentro; cio\u00e8 di una ruvidit\u00e0, di una ingenuit\u00e0, di una caparbiet\u00e0, di una paura, di una timidezza, di una vigliaccheria, di una meschinit\u00e0 che era lui. Aveva l\u2019animo pieno di questo e davanti a quella domanda tutto veniva a galla. Il tradimento era come una punta rivelatrice. Veniva a galla la sua miseria\u00bb.<\/span><\/p>\n<p style=\"text-align: justify;\"><span style=\"color: #000000;\">\u00abLa Chiesa ci farebbe dire: per celebrare i santi misteri riconosciamo di essere peccatori. Simone si \u00e8 sentito in tutta a sua pochezza, pusillanimit\u00e0, meschinit\u00e0 d\u2019uomo. \u201cSimone, mi ami tu pi\u00f9 di quanto mi amino gli altri?\u00bb<\/span><\/p>\n<p style=\"text-align: justify;\"><span style=\"color: #000000;\">\u00abQuanto ha detto: \u201cSignore, certo io ti amo\u201d ; quando ha detto \u201cSignore tu sai tutto\u201d. Nonostante queste apparenze; nonostante le apparenze di me a me stesso, Tu sai che ti voglio bene. Ti voglio bene vuol dire: ti voglio, e ti voglio vuol dire: ti affermo, riconosco che sei per me e per tutto\u00bb<\/span><\/p>\n<p style=\"text-align: justify;\"><span style=\"color: #000000;\">\u00abE\u2019 questo lo sconvolgimento del moralismo e della giustizia fatta con le nostre mani. Quello li era un povero peccatore come me e come te. Era uno che aveva tradito in maniera indecente, a memoria nostra come cos\u00ec spudoratamente non c\u2019\u00e8 mai stato, era pieno di errore, eppure Gli voleva bene\u00bb<\/span><\/p>\n<p style=\"text-align: justify;\"><span style=\"color: #000000;\">\u00abSe cercate di immedesimarvi in questa situazione tremate adesso; soltanto pensandoci a questa scena cos\u00ec drammatica e costruttiva, espositrice, esaltatrice dell\u2019umano. Il dramma \u00e8 ci\u00f2 che esalta i fattori dell\u2019umano. E\u2019 la tragedia che li annichilisce. Il nichilismo porta alla tragedia. Questo incontro porta nella vita il dramma, che \u00e8 il rapporto vissuto tra un \u201cio\u201d e un \u201ctu\u201d\u00bb<\/span><\/p>\n<div class=\"embed-container\"><iframe loading=\"lazy\" title=\"L&#039;origine della moralit\u00e0: il s\u00ec di Pietro - Giussani\" width=\"595\" height=\"335\" src=\"https:\/\/www.youtube.com\/embed\/4osfDBc5z7A?feature=oembed\" frameborder=\"0\" allow=\"accelerometer; autoplay; clipboard-write; encrypted-media; gyroscope; picture-in-picture; web-share\" referrerpolicy=\"strict-origin-when-cross-origin\" allowfullscreen><\/iframe><\/div>\n<p>_________________________________________<\/p>\n<p><strong>Leggi anche: <\/strong><\/p>\n<p><a href=\"https:\/\/www.rassegnastampa-totustuus.it\/cattolica\/la-coscienza-religiosa-nelluomo-moderno-di-luigi-giussani\/\" target=\"_blank\" rel=\"noopener\"><span style=\"color: #0000ff;\">La coscienza religiosa nell\u2019uomo moderno (di Luigi Giussani)<\/span><\/a> <span style=\"color: #000000;\">&#8211; libro<\/span><\/p>\n","protected":false},"excerpt":{"rendered":"<p>Il Nuovo Arengario 30 Giugno 2024 Alcuni brani tratti da conferenze di mons. Luigi Giussani<\/p><p><a class=\"more-link btn\" href=\"https:\/\/www.rassegnastampa-totustuus.it\/cattolica\/lorigine-della-moralita-il-si-di-pietro-giussani\/\">Continua a leggere<\/a><\/p>\n","protected":false},"author":6,"featured_media":60735,"comment_status":"closed","ping_status":"closed","sticky":false,"template":"","format":"standard","meta":{"footnotes":""},"categories":[5,42],"tags":[157,458,1738],"class_list":["post-60734","post","type-post","status-publish","format-standard","has-post-thumbnail","hentry","category-chiesa","category-dottrina-e-morale","tag-chiesa-2","tag-dottrina-e-morale-2","tag-luigi-giussani","item-wrap"],"yoast_head":"<!-- This site is optimized with the Yoast SEO plugin v27.4 - https:\/\/yoast.com\/product\/yoast-seo-wordpress\/ -->\n<title>L&#039;origine della moralit\u00e0: il s\u00ec di Pietro - Giussani - Rassegna Stampa Cattolica<\/title>\n<meta name=\"description\" content=\"L&#039;origine della moralit\u00e0: il s\u00ec di Pietro - Giussani in alcuni spezzoni di video spiega la differenza tra moralit\u00e0 e moralismo\" \/>\n<meta name=\"robots\" content=\"index, follow, max-snippet:-1, max-image-preview:large, max-video-preview:-1\" \/>\n<link rel=\"canonical\" href=\"https:\/\/www.rassegnastampa-totustuus.it\/cattolica\/lorigine-della-moralita-il-si-di-pietro-giussani\/\" \/>\n<meta property=\"og:locale\" content=\"it_IT\" \/>\n<meta property=\"og:type\" content=\"article\" \/>\n<meta property=\"og:title\" content=\"L&#039;origine della moralit\u00e0: il s\u00ec di Pietro - Giussani - Rassegna Stampa Cattolica\" \/>\n<meta property=\"og:description\" content=\"L&#039;origine della moralit\u00e0: il s\u00ec di Pietro - Giussani in alcuni spezzoni di video spiega la differenza tra moralit\u00e0 e moralismo\" \/>\n<meta property=\"og:url\" content=\"https:\/\/www.rassegnastampa-totustuus.it\/cattolica\/lorigine-della-moralita-il-si-di-pietro-giussani\/\" \/>\n<meta property=\"og:site_name\" content=\"Rassegna Stampa Cattolica\" \/>\n<meta property=\"article:publisher\" content=\"https:\/\/www.facebook.com\/rassegnastampacattolica\" \/>\n<meta property=\"article:published_time\" content=\"2024-07-01T09:43:46+00:00\" \/>\n<meta property=\"article:modified_time\" content=\"2024-07-01T09:43:48+00:00\" \/>\n<meta property=\"og:image\" content=\"https:\/\/www.rassegnastampa-totustuus.it\/cattolica\/wp-content\/uploads\/2024\/07\/Santi_-Pietro_chiesa.jpeg\" \/>\n\t<meta property=\"og:image:width\" content=\"138\" \/>\n\t<meta property=\"og:image:height\" content=\"182\" \/>\n\t<meta property=\"og:image:type\" content=\"image\/jpeg\" \/>\n<meta name=\"author\" content=\"Redazione\" \/>\n<meta name=\"twitter:card\" content=\"summary_large_image\" \/>\n<meta name=\"twitter:creator\" content=\"@rassegnastampa9\" \/>\n<meta name=\"twitter:site\" content=\"@rassegnastampa9\" \/>\n<meta name=\"twitter:label1\" content=\"Scritto da\" \/>\n\t<meta name=\"twitter:data1\" content=\"Redazione\" \/>\n\t<meta name=\"twitter:label2\" content=\"Tempo di lettura stimato\" \/>\n\t<meta name=\"twitter:data2\" content=\"3 minuti\" \/>\n<script type=\"application\/ld+json\" class=\"yoast-schema-graph\">{\"@context\":\"https:\\\/\\\/schema.org\",\"@graph\":[{\"@type\":\"Article\",\"@id\":\"https:\\\/\\\/www.rassegnastampa-totustuus.it\\\/cattolica\\\/lorigine-della-moralita-il-si-di-pietro-giussani\\\/#article\",\"isPartOf\":{\"@id\":\"https:\\\/\\\/www.rassegnastampa-totustuus.it\\\/cattolica\\\/lorigine-della-moralita-il-si-di-pietro-giussani\\\/\"},\"author\":{\"name\":\"Redazione\",\"@id\":\"https:\\\/\\\/www.rassegnastampa-totustuus.it\\\/cattolica\\\/#\\\/schema\\\/person\\\/08f319d2bd1a0904ad9e2bfb7b15e5c3\"},\"headline\":\"L&#8217;origine della moralit\u00e0: il s\u00ec di Pietro &#8211; Giussani\",\"datePublished\":\"2024-07-01T09:43:46+00:00\",\"dateModified\":\"2024-07-01T09:43:48+00:00\",\"mainEntityOfPage\":{\"@id\":\"https:\\\/\\\/www.rassegnastampa-totustuus.it\\\/cattolica\\\/lorigine-della-moralita-il-si-di-pietro-giussani\\\/\"},\"wordCount\":428,\"publisher\":{\"@id\":\"https:\\\/\\\/www.rassegnastampa-totustuus.it\\\/cattolica\\\/#organization\"},\"image\":{\"@id\":\"https:\\\/\\\/www.rassegnastampa-totustuus.it\\\/cattolica\\\/lorigine-della-moralita-il-si-di-pietro-giussani\\\/#primaryimage\"},\"thumbnailUrl\":\"https:\\\/\\\/www.rassegnastampa-totustuus.it\\\/cattolica\\\/wp-content\\\/uploads\\\/2024\\\/07\\\/Santi_-Pietro_chiesa.jpeg\",\"keywords\":[\"chiesa\",\"dottrina e morale\",\"Luigi Giussani\"],\"articleSection\":[\"Chiesa\",\"Dottrina e morale\"],\"inLanguage\":\"it-IT\"},{\"@type\":\"WebPage\",\"@id\":\"https:\\\/\\\/www.rassegnastampa-totustuus.it\\\/cattolica\\\/lorigine-della-moralita-il-si-di-pietro-giussani\\\/\",\"url\":\"https:\\\/\\\/www.rassegnastampa-totustuus.it\\\/cattolica\\\/lorigine-della-moralita-il-si-di-pietro-giussani\\\/\",\"name\":\"L'origine della moralit\u00e0: il s\u00ec di Pietro - Giussani - Rassegna Stampa Cattolica\",\"isPartOf\":{\"@id\":\"https:\\\/\\\/www.rassegnastampa-totustuus.it\\\/cattolica\\\/#website\"},\"primaryImageOfPage\":{\"@id\":\"https:\\\/\\\/www.rassegnastampa-totustuus.it\\\/cattolica\\\/lorigine-della-moralita-il-si-di-pietro-giussani\\\/#primaryimage\"},\"image\":{\"@id\":\"https:\\\/\\\/www.rassegnastampa-totustuus.it\\\/cattolica\\\/lorigine-della-moralita-il-si-di-pietro-giussani\\\/#primaryimage\"},\"thumbnailUrl\":\"https:\\\/\\\/www.rassegnastampa-totustuus.it\\\/cattolica\\\/wp-content\\\/uploads\\\/2024\\\/07\\\/Santi_-Pietro_chiesa.jpeg\",\"datePublished\":\"2024-07-01T09:43:46+00:00\",\"dateModified\":\"2024-07-01T09:43:48+00:00\",\"description\":\"L'origine della moralit\u00e0: il s\u00ec di Pietro - Giussani in alcuni spezzoni di video spiega la differenza tra moralit\u00e0 e moralismo\",\"breadcrumb\":{\"@id\":\"https:\\\/\\\/www.rassegnastampa-totustuus.it\\\/cattolica\\\/lorigine-della-moralita-il-si-di-pietro-giussani\\\/#breadcrumb\"},\"inLanguage\":\"it-IT\",\"potentialAction\":[{\"@type\":\"ReadAction\",\"target\":[\"https:\\\/\\\/www.rassegnastampa-totustuus.it\\\/cattolica\\\/lorigine-della-moralita-il-si-di-pietro-giussani\\\/\"]}]},{\"@type\":\"ImageObject\",\"inLanguage\":\"it-IT\",\"@id\":\"https:\\\/\\\/www.rassegnastampa-totustuus.it\\\/cattolica\\\/lorigine-della-moralita-il-si-di-pietro-giussani\\\/#primaryimage\",\"url\":\"https:\\\/\\\/www.rassegnastampa-totustuus.it\\\/cattolica\\\/wp-content\\\/uploads\\\/2024\\\/07\\\/Santi_-Pietro_chiesa.jpeg\",\"contentUrl\":\"https:\\\/\\\/www.rassegnastampa-totustuus.it\\\/cattolica\\\/wp-content\\\/uploads\\\/2024\\\/07\\\/Santi_-Pietro_chiesa.jpeg\",\"width\":138,\"height\":182},{\"@type\":\"BreadcrumbList\",\"@id\":\"https:\\\/\\\/www.rassegnastampa-totustuus.it\\\/cattolica\\\/lorigine-della-moralita-il-si-di-pietro-giussani\\\/#breadcrumb\",\"itemListElement\":[{\"@type\":\"ListItem\",\"position\":1,\"name\":\"Home\",\"item\":\"https:\\\/\\\/www.rassegnastampa-totustuus.it\\\/cattolica\\\/\"},{\"@type\":\"ListItem\",\"position\":2,\"name\":\"L&#8217;origine della moralit\u00e0: il s\u00ec di Pietro &#8211; Giussani\"}]},{\"@type\":\"WebSite\",\"@id\":\"https:\\\/\\\/www.rassegnastampa-totustuus.it\\\/cattolica\\\/#website\",\"url\":\"https:\\\/\\\/www.rassegnastampa-totustuus.it\\\/cattolica\\\/\",\"name\":\"Rassegna Stampa Cattolica\",\"description\":\"Per una cultura che nasce dalla Rivelazione cristiana in conformit\u00e0 alla tradizione e al Magistero della Chiesa in opposizione ad ogni relativismo e totalitarismo\",\"publisher\":{\"@id\":\"https:\\\/\\\/www.rassegnastampa-totustuus.it\\\/cattolica\\\/#organization\"},\"alternateName\":\"Rass. Cattolica\",\"potentialAction\":[{\"@type\":\"SearchAction\",\"target\":{\"@type\":\"EntryPoint\",\"urlTemplate\":\"https:\\\/\\\/www.rassegnastampa-totustuus.it\\\/cattolica\\\/?s={search_term_string}\"},\"query-input\":{\"@type\":\"PropertyValueSpecification\",\"valueRequired\":true,\"valueName\":\"search_term_string\"}}],\"inLanguage\":\"it-IT\"},{\"@type\":\"Organization\",\"@id\":\"https:\\\/\\\/www.rassegnastampa-totustuus.it\\\/cattolica\\\/#organization\",\"name\":\"Rassegna Stampa Cattolica\",\"url\":\"https:\\\/\\\/www.rassegnastampa-totustuus.it\\\/cattolica\\\/\",\"logo\":{\"@type\":\"ImageObject\",\"inLanguage\":\"it-IT\",\"@id\":\"https:\\\/\\\/www.rassegnastampa-totustuus.it\\\/cattolica\\\/#\\\/schema\\\/logo\\\/image\\\/\",\"url\":\"https:\\\/\\\/www.rassegnastampa-totustuus.it\\\/cattolica\\\/wp-content\\\/uploads\\\/2014\\\/04\\\/logo-rassegna1.gif\",\"contentUrl\":\"https:\\\/\\\/www.rassegnastampa-totustuus.it\\\/cattolica\\\/wp-content\\\/uploads\\\/2014\\\/04\\\/logo-rassegna1.gif\",\"width\":600,\"height\":163,\"caption\":\"Rassegna Stampa Cattolica\"},\"image\":{\"@id\":\"https:\\\/\\\/www.rassegnastampa-totustuus.it\\\/cattolica\\\/#\\\/schema\\\/logo\\\/image\\\/\"},\"sameAs\":[\"https:\\\/\\\/www.facebook.com\\\/rassegnastampacattolica\",\"https:\\\/\\\/x.com\\\/rassegnastampa9\"]},{\"@type\":\"Person\",\"@id\":\"https:\\\/\\\/www.rassegnastampa-totustuus.it\\\/cattolica\\\/#\\\/schema\\\/person\\\/08f319d2bd1a0904ad9e2bfb7b15e5c3\",\"name\":\"Redazione\",\"image\":{\"@type\":\"ImageObject\",\"inLanguage\":\"it-IT\",\"@id\":\"https:\\\/\\\/secure.gravatar.com\\\/avatar\\\/2fcdf27c78ea025fbdb44e914cc63c72249ffec9dc8aafd5c82b26240ef3f346?s=96&d=mm&r=g\",\"url\":\"https:\\\/\\\/secure.gravatar.com\\\/avatar\\\/2fcdf27c78ea025fbdb44e914cc63c72249ffec9dc8aafd5c82b26240ef3f346?s=96&d=mm&r=g\",\"contentUrl\":\"https:\\\/\\\/secure.gravatar.com\\\/avatar\\\/2fcdf27c78ea025fbdb44e914cc63c72249ffec9dc8aafd5c82b26240ef3f346?s=96&d=mm&r=g\",\"caption\":\"Redazione\"},\"url\":\"https:\\\/\\\/www.rassegnastampa-totustuus.it\\\/cattolica\\\/author\\\/pietroelle\\\/\"}]}<\/script>\n<!-- \/ Yoast SEO plugin. -->","yoast_head_json":{"title":"L'origine della moralit\u00e0: il s\u00ec di Pietro - Giussani - Rassegna Stampa Cattolica","description":"L'origine della moralit\u00e0: il s\u00ec di Pietro - Giussani in alcuni spezzoni di video spiega la differenza tra moralit\u00e0 e moralismo","robots":{"index":"index","follow":"follow","max-snippet":"max-snippet:-1","max-image-preview":"max-image-preview:large","max-video-preview":"max-video-preview:-1"},"canonical":"https:\/\/www.rassegnastampa-totustuus.it\/cattolica\/lorigine-della-moralita-il-si-di-pietro-giussani\/","og_locale":"it_IT","og_type":"article","og_title":"L'origine della moralit\u00e0: il s\u00ec di Pietro - Giussani - Rassegna Stampa Cattolica","og_description":"L'origine della moralit\u00e0: il s\u00ec di Pietro - Giussani in alcuni spezzoni di video spiega la differenza tra moralit\u00e0 e moralismo","og_url":"https:\/\/www.rassegnastampa-totustuus.it\/cattolica\/lorigine-della-moralita-il-si-di-pietro-giussani\/","og_site_name":"Rassegna Stampa Cattolica","article_publisher":"https:\/\/www.facebook.com\/rassegnastampacattolica","article_published_time":"2024-07-01T09:43:46+00:00","article_modified_time":"2024-07-01T09:43:48+00:00","og_image":[{"width":138,"height":182,"url":"https:\/\/www.rassegnastampa-totustuus.it\/cattolica\/wp-content\/uploads\/2024\/07\/Santi_-Pietro_chiesa.jpeg","type":"image\/jpeg"}],"author":"Redazione","twitter_card":"summary_large_image","twitter_creator":"@rassegnastampa9","twitter_site":"@rassegnastampa9","twitter_misc":{"Scritto da":"Redazione","Tempo di lettura stimato":"3 minuti"},"schema":{"@context":"https:\/\/schema.org","@graph":[{"@type":"Article","@id":"https:\/\/www.rassegnastampa-totustuus.it\/cattolica\/lorigine-della-moralita-il-si-di-pietro-giussani\/#article","isPartOf":{"@id":"https:\/\/www.rassegnastampa-totustuus.it\/cattolica\/lorigine-della-moralita-il-si-di-pietro-giussani\/"},"author":{"name":"Redazione","@id":"https:\/\/www.rassegnastampa-totustuus.it\/cattolica\/#\/schema\/person\/08f319d2bd1a0904ad9e2bfb7b15e5c3"},"headline":"L&#8217;origine della moralit\u00e0: il s\u00ec di Pietro &#8211; Giussani","datePublished":"2024-07-01T09:43:46+00:00","dateModified":"2024-07-01T09:43:48+00:00","mainEntityOfPage":{"@id":"https:\/\/www.rassegnastampa-totustuus.it\/cattolica\/lorigine-della-moralita-il-si-di-pietro-giussani\/"},"wordCount":428,"publisher":{"@id":"https:\/\/www.rassegnastampa-totustuus.it\/cattolica\/#organization"},"image":{"@id":"https:\/\/www.rassegnastampa-totustuus.it\/cattolica\/lorigine-della-moralita-il-si-di-pietro-giussani\/#primaryimage"},"thumbnailUrl":"https:\/\/www.rassegnastampa-totustuus.it\/cattolica\/wp-content\/uploads\/2024\/07\/Santi_-Pietro_chiesa.jpeg","keywords":["chiesa","dottrina e morale","Luigi Giussani"],"articleSection":["Chiesa","Dottrina e morale"],"inLanguage":"it-IT"},{"@type":"WebPage","@id":"https:\/\/www.rassegnastampa-totustuus.it\/cattolica\/lorigine-della-moralita-il-si-di-pietro-giussani\/","url":"https:\/\/www.rassegnastampa-totustuus.it\/cattolica\/lorigine-della-moralita-il-si-di-pietro-giussani\/","name":"L'origine della moralit\u00e0: il s\u00ec di Pietro - Giussani - Rassegna Stampa Cattolica","isPartOf":{"@id":"https:\/\/www.rassegnastampa-totustuus.it\/cattolica\/#website"},"primaryImageOfPage":{"@id":"https:\/\/www.rassegnastampa-totustuus.it\/cattolica\/lorigine-della-moralita-il-si-di-pietro-giussani\/#primaryimage"},"image":{"@id":"https:\/\/www.rassegnastampa-totustuus.it\/cattolica\/lorigine-della-moralita-il-si-di-pietro-giussani\/#primaryimage"},"thumbnailUrl":"https:\/\/www.rassegnastampa-totustuus.it\/cattolica\/wp-content\/uploads\/2024\/07\/Santi_-Pietro_chiesa.jpeg","datePublished":"2024-07-01T09:43:46+00:00","dateModified":"2024-07-01T09:43:48+00:00","description":"L'origine della moralit\u00e0: il s\u00ec di Pietro - Giussani in alcuni spezzoni di video spiega la differenza tra moralit\u00e0 e moralismo","breadcrumb":{"@id":"https:\/\/www.rassegnastampa-totustuus.it\/cattolica\/lorigine-della-moralita-il-si-di-pietro-giussani\/#breadcrumb"},"inLanguage":"it-IT","potentialAction":[{"@type":"ReadAction","target":["https:\/\/www.rassegnastampa-totustuus.it\/cattolica\/lorigine-della-moralita-il-si-di-pietro-giussani\/"]}]},{"@type":"ImageObject","inLanguage":"it-IT","@id":"https:\/\/www.rassegnastampa-totustuus.it\/cattolica\/lorigine-della-moralita-il-si-di-pietro-giussani\/#primaryimage","url":"https:\/\/www.rassegnastampa-totustuus.it\/cattolica\/wp-content\/uploads\/2024\/07\/Santi_-Pietro_chiesa.jpeg","contentUrl":"https:\/\/www.rassegnastampa-totustuus.it\/cattolica\/wp-content\/uploads\/2024\/07\/Santi_-Pietro_chiesa.jpeg","width":138,"height":182},{"@type":"BreadcrumbList","@id":"https:\/\/www.rassegnastampa-totustuus.it\/cattolica\/lorigine-della-moralita-il-si-di-pietro-giussani\/#breadcrumb","itemListElement":[{"@type":"ListItem","position":1,"name":"Home","item":"https:\/\/www.rassegnastampa-totustuus.it\/cattolica\/"},{"@type":"ListItem","position":2,"name":"L&#8217;origine della moralit\u00e0: il s\u00ec di Pietro &#8211; Giussani"}]},{"@type":"WebSite","@id":"https:\/\/www.rassegnastampa-totustuus.it\/cattolica\/#website","url":"https:\/\/www.rassegnastampa-totustuus.it\/cattolica\/","name":"Rassegna Stampa Cattolica","description":"Per una cultura che nasce dalla Rivelazione cristiana in conformit\u00e0 alla tradizione e al Magistero della Chiesa in opposizione ad ogni relativismo e totalitarismo","publisher":{"@id":"https:\/\/www.rassegnastampa-totustuus.it\/cattolica\/#organization"},"alternateName":"Rass. Cattolica","potentialAction":[{"@type":"SearchAction","target":{"@type":"EntryPoint","urlTemplate":"https:\/\/www.rassegnastampa-totustuus.it\/cattolica\/?s={search_term_string}"},"query-input":{"@type":"PropertyValueSpecification","valueRequired":true,"valueName":"search_term_string"}}],"inLanguage":"it-IT"},{"@type":"Organization","@id":"https:\/\/www.rassegnastampa-totustuus.it\/cattolica\/#organization","name":"Rassegna Stampa Cattolica","url":"https:\/\/www.rassegnastampa-totustuus.it\/cattolica\/","logo":{"@type":"ImageObject","inLanguage":"it-IT","@id":"https:\/\/www.rassegnastampa-totustuus.it\/cattolica\/#\/schema\/logo\/image\/","url":"https:\/\/www.rassegnastampa-totustuus.it\/cattolica\/wp-content\/uploads\/2014\/04\/logo-rassegna1.gif","contentUrl":"https:\/\/www.rassegnastampa-totustuus.it\/cattolica\/wp-content\/uploads\/2014\/04\/logo-rassegna1.gif","width":600,"height":163,"caption":"Rassegna Stampa Cattolica"},"image":{"@id":"https:\/\/www.rassegnastampa-totustuus.it\/cattolica\/#\/schema\/logo\/image\/"},"sameAs":["https:\/\/www.facebook.com\/rassegnastampacattolica","https:\/\/x.com\/rassegnastampa9"]},{"@type":"Person","@id":"https:\/\/www.rassegnastampa-totustuus.it\/cattolica\/#\/schema\/person\/08f319d2bd1a0904ad9e2bfb7b15e5c3","name":"Redazione","image":{"@type":"ImageObject","inLanguage":"it-IT","@id":"https:\/\/secure.gravatar.com\/avatar\/2fcdf27c78ea025fbdb44e914cc63c72249ffec9dc8aafd5c82b26240ef3f346?s=96&d=mm&r=g","url":"https:\/\/secure.gravatar.com\/avatar\/2fcdf27c78ea025fbdb44e914cc63c72249ffec9dc8aafd5c82b26240ef3f346?s=96&d=mm&r=g","contentUrl":"https:\/\/secure.gravatar.com\/avatar\/2fcdf27c78ea025fbdb44e914cc63c72249ffec9dc8aafd5c82b26240ef3f346?s=96&d=mm&r=g","caption":"Redazione"},"url":"https:\/\/www.rassegnastampa-totustuus.it\/cattolica\/author\/pietroelle\/"}]}},"_links":{"self":[{"href":"https:\/\/www.rassegnastampa-totustuus.it\/cattolica\/wp-json\/wp\/v2\/posts\/60734","targetHints":{"allow":["GET"]}}],"collection":[{"href":"https:\/\/www.rassegnastampa-totustuus.it\/cattolica\/wp-json\/wp\/v2\/posts"}],"about":[{"href":"https:\/\/www.rassegnastampa-totustuus.it\/cattolica\/wp-json\/wp\/v2\/types\/post"}],"author":[{"embeddable":true,"href":"https:\/\/www.rassegnastampa-totustuus.it\/cattolica\/wp-json\/wp\/v2\/users\/6"}],"replies":[{"embeddable":true,"href":"https:\/\/www.rassegnastampa-totustuus.it\/cattolica\/wp-json\/wp\/v2\/comments?post=60734"}],"version-history":[{"count":1,"href":"https:\/\/www.rassegnastampa-totustuus.it\/cattolica\/wp-json\/wp\/v2\/posts\/60734\/revisions"}],"predecessor-version":[{"id":60736,"href":"https:\/\/www.rassegnastampa-totustuus.it\/cattolica\/wp-json\/wp\/v2\/posts\/60734\/revisions\/60736"}],"wp:featuredmedia":[{"embeddable":true,"href":"https:\/\/www.rassegnastampa-totustuus.it\/cattolica\/wp-json\/wp\/v2\/media\/60735"}],"wp:attachment":[{"href":"https:\/\/www.rassegnastampa-totustuus.it\/cattolica\/wp-json\/wp\/v2\/media?parent=60734"}],"wp:term":[{"taxonomy":"category","embeddable":true,"href":"https:\/\/www.rassegnastampa-totustuus.it\/cattolica\/wp-json\/wp\/v2\/categories?post=60734"},{"taxonomy":"post_tag","embeddable":true,"href":"https:\/\/www.rassegnastampa-totustuus.it\/cattolica\/wp-json\/wp\/v2\/tags?post=60734"}],"curies":[{"name":"wp","href":"https:\/\/api.w.org\/{rel}","templated":true}]}}