{"id":60713,"date":"2024-06-27T09:52:09","date_gmt":"2024-06-27T07:52:09","guid":{"rendered":"https:\/\/www.rassegnastampa-totustuus.it\/cattolica\/?p=60713"},"modified":"2024-06-27T09:55:27","modified_gmt":"2024-06-27T07:55:27","slug":"i-medici-si-ribellano-ai-dogmi-sul-gender","status":"publish","type":"post","link":"https:\/\/www.rassegnastampa-totustuus.it\/cattolica\/i-medici-si-ribellano-ai-dogmi-sul-gender\/","title":{"rendered":"I medici si ribellano ai dogmi sul gender \u00a0"},"content":{"rendered":"<p style=\"text-align: center;\"><span style=\"color: #000000;\"><a href=\"https:\/\/www.laverita.info\/\" target=\"_blank\" rel=\"noopener\"><span style=\"color: #0000ff;\"><strong><img loading=\"lazy\" decoding=\"async\" class=\" wp-image-52047 alignleft\" src=\"https:\/\/www.rassegnastampa-totustuus.it\/cattolica\/wp-content\/uploads\/2021\/07\/Lgbt_gay_scuola_bambini.jpg\" alt=\"\" width=\"262\" height=\"163\" \/>La Verit\u00e0<\/strong><\/span><\/a> domenica 9 Giugno 2024 <\/span><\/p>\n<p style=\"text-align: justify;\"><span style=\"color: #000000;\"><em>Cresce il numero di professionisti che si dicono contrari ai farmaci che bloccano la pubert\u00e0: \u00abApproccio superficiale e pericoloso\u00bb E un comitato di psicologi ha scritto al ministero della Salute per chiedere di sospendere i trattamenti sui ragazzi minorenni<\/em> <\/span><\/p>\n<p style=\"text-align: center;\"><span style=\"color: #000000;\">di <strong>Francesco Borgonovo<\/strong><\/span><\/p>\n<p><!--more--><\/p>\n<p style=\"text-align: justify;\"><span style=\"color: #000000;\">Una delle principali caratteristiche del pensiero attualmente dominante \u00e8 il cosiddetto antinomismo, cio\u00e8 l\u2019avversione alle norme e il desiderio di sovvertirle. Ha radici antiche, come spiega persino l\u2019Enciclopedia Treccani, e viene utilizzato dagli studiosi per descrivere \u00abl\u2019avversione di numerosi gruppi cristiani (gnostici e marcioniti nella Chiesa antica; varie sette medievali) contro non solo le prescrizioni rituali, ma l\u2019intero Antico Testamento, sentito come mera costrizione e vincolo, in antitesi al Nuovo Testamento, cio\u00e8 alla nuova economia della Grazia e della libert\u00e0\u00bb.<\/span><\/p>\n<p style=\"text-align: justify;\"><span style=\"color: #000000;\">Alla base dell\u2019antinomismo c\u2019\u00e8 anche qualcosa di pi\u00f9: il rifiuto totale della creazione, l\u2019idea che sia sbagliata e si possa e debba in qualche modo correggere. Questa idea antica, per vie traverse, \u00e8 giunta fino a noi e innerva il pensiero progressista, in particolare l\u2019enorme e confuso territorio delle teorie del genere.<\/span><\/p>\n<p style=\"text-align: justify;\"><span style=\"color: #000000;\"><img loading=\"lazy\" decoding=\"async\" class=\" wp-image-55654 alignright\" src=\"https:\/\/www.rassegnastampa-totustuus.it\/cattolica\/wp-content\/uploads\/2023\/02\/gender_Lgbt_bambini.jpg\" alt=\"Woke, la dittatura che unisce femminismo ecologia e Lgbt\" width=\"270\" height=\"290\" \/>Per quanto possano essere varie e contraddittorie, si sviluppano tutte a partire da alcuni fondamentali presupposti: la natura (ammesso che esista) commette clamorosi sbagli che l\u2019uomo, tramite la tecnica, pu\u00f2 correggere. L\u2019individuo \u00e8 in grado di autodeterminarsi, parte della sua libert\u00e0 sta proprio nella capacit\u00e0 di ribellarsi alla norma naturalmente stabilita e sovvertirla. Egli pu\u00f2 crearsi da s\u00e9, e in base alle proprie percezioni. La convinzione che il genere sia \u00abuno spettro\u00bb in cui ciascuno si pu\u00f2 collocare potrebbe anche non creare danni se si limitasse a influire sul modo in cui ciascuno si presenta al modo, su come si abbiglia e sui partner sessuali che sceglie.<\/span><\/p>\n<p style=\"text-align: justify;\"><span style=\"color: #000000;\">Ma quando si inizia a pensare di poter modificare il corpo per \u00abrettificarlo\u00bb e adattare la realt\u00e0 alla percezione, ecco che iniziano i disastri. Che sono particolarmente gravi nei casi in cui a essere coinvolti sono i minorenni.<\/span><\/p>\n<p style=\"text-align: justify;\"><span style=\"color: #000000;\">Ecco perch\u00e9 un numero crescente di professionisti della salute (medici, psicologi e psichiatri) ha iniziato a opporsi alla principale dimostrazione di antinomismo sulla piazza, ovvero l\u2019approccio affermativo. Definito come \u00abl\u2019approccio clinico che richiede al terapeuta un assetto mentale esente da pregiudizi eteronormativi\u00bb, in sostanza comporta che l\u2019individuo possa semplicemente \u00abaffermare\u00bb in totale autonomia la propria identit\u00e0, e che tutti gli altri siano tenuti non solo ad accettarla, ma pure a rafforzarla.<\/span><\/p>\n<p style=\"text-align: justify;\"><span style=\"color: #000000;\">In questo modo si esclude completamente la relazione con l\u2019altro, che \u00e8 alla base dell\u2019identit\u00e0, e si rischiano clamorosi abbagli, dai quali per\u00f2 \u00e8 molto difficile tornare indietro. Che il problema sia grave e in aumento lo notano i professionisti che fanno parte del Comitato nazionale psicologi Edsu.<\/span><\/p>\n<p style=\"text-align: justify;\"><span style=\"color: #000000;\">Alla fine di maggio hanno inviato al ministero della Salute e a quello della famiglia un documento con cui chiedono alle istituzioni di \u00abinterrompere ogni forma di blocco della pubert\u00e0 (come l\u2019impiego di Triptorelina); sospendere l\u2019approccio farmacologico o di altra natura e di vietare l\u2019uso dei trattamenti ormonali, almeno fino al raggiungimento della maggiore et\u00e0; di promuovere politiche che supportino le famiglie e le mettano in grado di occuparsi pi\u00f9 adeguatamente dei loro figli; di cessare le politiche che depotenziano il ruolo genitoriale; che i corsi specifici di formazione rivolti a insegnanti e genitori facciano preciso riferimento alle tappe di sviluppo, con particolare attenzione alla sfera emozionale individuale, ai meccanismi relazionali, ai bisogni educativi e affettivi; che i suddetti corsi non siano ideologicamente orientati\u00bb.<\/span><\/p>\n<p style=\"text-align: justify;\"><span style=\"color: #000000;\"><img loading=\"lazy\" decoding=\"async\" class=\"size-full wp-image-51515 alignleft\" src=\"https:\/\/www.rassegnastampa-totustuus.it\/cattolica\/wp-content\/uploads\/2021\/06\/gender-2.jpg\" alt=\"\" width=\"183\" height=\"276\" \/>Secondo questi psicologi, \u00abil modo superficiale, avventato, pericoloso, ideologizzato, in cui viene trattata la disforia di genere sta producendo un impatto allarmante sul sociale, sula cultura e in particolare sul l\u2019infanzia e l\u2019adolescenza. L\u2019intervento troppo precoce e artificioso nel processo di definizione dell\u2019identit\u00e0 di genere viene meno al principio di precauzione e contribuisce a creare confusione nel periodo prepuberale e adolescenziale, quando ancora tale identit\u00e0 non \u00e8 delineata chiaramente\u00bb.<\/span><\/p>\n<p style=\"text-align: justify;\"><span style=\"color: #000000;\">\u00abNon sono soltanto il trattamento farmacologico e quello chirurgico a condizionare pesantemente lo sviluppo psicofisico del soggetto in crescita, con un impatto che si ripercuote sulla sua intera esistenza\u00bb, continuano i professionisti della salute psichica. \u00abAnche i semplici interventi psico-educativi anticipatori sono fortemente condizionanti sia per i soggetti che per le loro famiglie.<\/span><\/p>\n<p style=\"text-align: justify;\"><span style=\"color: #000000;\">Infatti oltre alla irreversibilit\u00e0 degli interventi fisici, anche i \u201csemplici\u201d interventi di \u201cindirizzo\u201d alla transizione (suggerimenti psicoeducativi) sono non reversibili in quanto deprivano il bambino o l\u2019adolescente di fondamentali tappe dello sviluppo\u00bb\u00f9<\/span><\/p>\n<p style=\"text-align: justify;\"><span style=\"color: #000000;\">Il Comitato nazionale psicologi Edsu contestano con forza l\u2019approccio affermativo. \u00abDal punto di vista epistemologico l\u2019approccio affermativo sembra amplificare l\u2019importanza della percezione che l\u2019individuo ha di s\u00e9 stesso, privilegiando l\u2019immaginario anzich\u00e9 la realt\u00e0 biologica della persona; ovvero accetta in maniera acritica l\u2019ideazione del momento senza verificare se essa possa essere un sintomo di immaturit\u00e0 nello sviluppo del s\u00e9, il che va a discapito del soggetto stesso e della sua integrit\u00e0.<\/span><\/p>\n<p style=\"text-align: justify;\"><span style=\"color: #000000;\">Tale approccio rinuncia ad ogni seria anamnesi volta a individuare l\u2019eziologia dell\u2019incongruenza di genere, arrivando a postulare, pi\u00f9 o meno implicitamente, che una qualunque idea si manifesti in un soggetto possa prescindere dal contesto e dalle relazioni implicate, attuali e pregresse.<\/span><\/p>\n<p style=\"text-align: justify;\"><span style=\"color: #000000;\"><img loading=\"lazy\" decoding=\"async\" class=\" wp-image-51517 alignright\" src=\"https:\/\/www.rassegnastampa-totustuus.it\/cattolica\/wp-content\/uploads\/2021\/06\/trans_gender.jpg\" alt=\"\" width=\"326\" height=\"226\" \/>Sia l\u2019apprendimento del linguaggio e il suo utilizzo e sia il processo ideativo sono frutto dell\u2019interazione sociale e familiare, esattamente il contesto che la psicologia affermativa rifiuta di analizzare. Pertanto una diagnosi di disforia di genere senza la dovuta anamnesi si trasforma potenzialmente in un rinforzo psicologico, anche laddove l\u2019adolescente e i familiari avessero dubbi non espressi\u00bb.<\/span><\/p>\n<p style=\"text-align: justify;\"><span style=\"color: #000000;\">Non sono le parole di un gruppo di bigotti o di esaltati tradizionalisti, ma di persone formate che hanno una notevole conoscenza della materia e che quindi sono ben consapevoli delle problematiche emergenti. Gli psicologi italiani, per altro, sono in ottima compagnia, perch\u00e9 pi\u00f9 o meno nello stesso momento in cui pubblicavano il loro manifesto negli Stati Uniti usciva una dichiarazione (disponibile integralmente sul sito doctors protectingchildren.com) di un folto gruppo di associazioni mediche riunite sotto la sigla The American college of pediatrician dedicata proprio alla disforia di genere.<\/span><\/p>\n<p style=\"text-align: justify;\"><span style=\"color: #000000;\">\u00abCome medici, insieme a infermieri, psicoterapeuti e medici comportamentali, altri professionisti sanitari, scienziati, ricercatori e professionisti della sanit\u00e0, nutriamo serie preoccupazioni circa gli effetti sulla salute fisica e mentale degli attuali protocolli promossi negli Stati Uniti per la cura dei bambini e dei bambini adolescenti che esprimono disagio nei confronti del loro sesso biologico\u00bb, si legge nella dichiarazione.<\/span><\/p>\n<p style=\"text-align: justify;\"><span style=\"color: #000000;\">Secondo questi pediatri, \u00abl\u2019ideologia di genere, la visione secondo cui il sesso (maschile e femminile) \u00e8 inadeguato e che gli esseri umani necessitano di essere ulteriormente classificati in base ai pensieri e ai sentimenti di un individuo descritti come identit\u00e0 di genere o espressione di genere, non tiene conto della realt\u00e0 delle differenze sessuali innate. Ci\u00f2 porta alla visione imprecisa secondo cui i bambini possono nascere nel corpo sbagliato. L\u2019ideologia di genere cerca di affermare pensieri, sentimenti e credenze, con bloccanti della pubert\u00e0, ormoni e interventi chirurgici che danneggiano i corpi sani, piuttosto che affermare la realt\u00e0 biologica\u00bb.<\/span><\/p>\n<p><img loading=\"lazy\" decoding=\"async\" class=\"wp-image-45314  alignleft\" src=\"https:\/\/www.rassegnastampa-totustuus.it\/cattolica\/wp-content\/uploads\/2019\/12\/medici_sanit\u00e0_ospedale-300x196.jpg\" alt=\"\" width=\"335\" height=\"219\" srcset=\"https:\/\/www.rassegnastampa-totustuus.it\/cattolica\/wp-content\/uploads\/2019\/12\/medici_sanit\u00e0_ospedale-300x196.jpg 300w, https:\/\/www.rassegnastampa-totustuus.it\/cattolica\/wp-content\/uploads\/2019\/12\/medici_sanit\u00e0_ospedale-768x501.jpg 768w, https:\/\/www.rassegnastampa-totustuus.it\/cattolica\/wp-content\/uploads\/2019\/12\/medici_sanit\u00e0_ospedale-1024x668.jpg 1024w, https:\/\/www.rassegnastampa-totustuus.it\/cattolica\/wp-content\/uploads\/2019\/12\/medici_sanit\u00e0_ospedale.jpg 1600w\" sizes=\"auto, (max-width: 335px) 100vw, 335px\" \/><\/p>\n<p style=\"text-align: justify;\"><span style=\"color: #000000;\">In conclusione, i pediatri statunitensi chiedono alle istituzioni pubbliche e ai veri ordini dei medici di \u00abseguire la scienza e i loro colleghi professionisti europei e di fermare immediatamente la promozione dell\u2019affermazione sociale, dei bloccanti della pubert\u00e0, degli ormoni cross sex e degli interventi chirurgici per bambini e adolescenti che sperimentano disagio per il loro sesso biologico\u00bb.<\/span><\/p>\n<p style=\"text-align: justify;\"><span style=\"color: #000000;\">Invece della medicalizzazione, le istituzioni sanitarie dovrebbero \u00abraccomandare valutazioni e terapie complete volte a identificare e affrontare le comorbilit\u00e0 psicologiche sottostanti e le neurodiversit\u00e0 che spesso predispongono e accompagnano la disforia di genere\u00bb. Da una parte all\u2019altra dell\u2019oceano, i professionisti della salute mandano lo stesso messaggio: non si pu\u00f2 sostituire la percezione alla realt\u00e0. Perch\u00e9 la realt\u00e0, prima o poi, presenta il conto.<\/span><\/p>\n<p>_______________________________________________<\/p>\n<p><span style=\"color: #000000;\"><strong>Leggi anche<\/strong><\/span><\/p>\n<p><a href=\"https:\/\/www.rassegnastampa-totustuus.it\/cattolica\/cambio-di-sesso-sette-minori-su-dieci-ci-ripensano\/\" target=\"_blank\" rel=\"noopener\"><span style=\"color: #0000ff;\">Cambio di sesso: sette minori su dieci ci ripensano<\/span><\/a><\/p>\n<p><a href=\"https:\/\/www.rassegnastampa-totustuus.it\/cattolica\/new-york-times-demolisce-le-cure-di-genere-ai-minori\/\" target=\"_blank\" rel=\"noopener\"><span style=\"color: #0000ff;\">Il New York Times demolisce le cure di genere ai minori<\/span><\/a><\/p>\n","protected":false},"excerpt":{"rendered":"<p>La Verit\u00e0 domenica 9 Giugno 2024 Cresce il numero di professionisti che si dicono contrari ai farmaci che bloccano la pubert\u00e0: \u00abApproccio superficiale e pericoloso\u00bb E un comitato di psicologi ha scritto al ministero della Salute per chiedere di sospendere i trattamenti sui ragazzi minorenni di Francesco Borgonovo<\/p><p><a class=\"more-link btn\" href=\"https:\/\/www.rassegnastampa-totustuus.it\/cattolica\/i-medici-si-ribellano-ai-dogmi-sul-gender\/\">Continua a leggere<\/a><\/p>\n","protected":false},"author":6,"featured_media":52047,"comment_status":"closed","ping_status":"closed","sticky":false,"template":"","format":"standard","meta":{"footnotes":""},"categories":[125],"tags":[437,2499,311,1953],"class_list":["post-60713","post","type-post","status-publish","format-standard","has-post-thumbnail","hentry","category-ideologia-del-gender","tag-ideologia-del-gender-2","tag-lgbt","tag-medicina","tag-minori","item-wrap"],"yoast_head":"<!-- This site is optimized with the Yoast SEO plugin v27.5 - https:\/\/yoast.com\/product\/yoast-seo-wordpress\/ -->\n<title>I medici si ribellano ai dogmi sul gender \u00a0 - Rassegna Stampa Cattolica<\/title>\n<meta name=\"description\" content=\"I medici si ribellano ai dogmi sul gender e sono contrari ai farmaci che bloccano la pubert\u00e0: approccio superficiale e pericoloso\" \/>\n<meta name=\"robots\" content=\"index, follow, max-snippet:-1, max-image-preview:large, max-video-preview:-1\" \/>\n<link rel=\"canonical\" href=\"https:\/\/www.rassegnastampa-totustuus.it\/cattolica\/i-medici-si-ribellano-ai-dogmi-sul-gender\/\" \/>\n<meta property=\"og:locale\" content=\"it_IT\" \/>\n<meta property=\"og:type\" content=\"article\" \/>\n<meta property=\"og:title\" content=\"I medici si ribellano ai dogmi sul gender \u00a0 - Rassegna Stampa Cattolica\" \/>\n<meta property=\"og:description\" content=\"I medici si ribellano ai dogmi sul gender e sono contrari ai farmaci che bloccano la pubert\u00e0: approccio superficiale e pericoloso\" \/>\n<meta property=\"og:url\" content=\"https:\/\/www.rassegnastampa-totustuus.it\/cattolica\/i-medici-si-ribellano-ai-dogmi-sul-gender\/\" \/>\n<meta property=\"og:site_name\" content=\"Rassegna Stampa Cattolica\" \/>\n<meta property=\"article:publisher\" content=\"https:\/\/www.facebook.com\/rassegnastampacattolica\" \/>\n<meta property=\"article:published_time\" content=\"2024-06-27T07:52:09+00:00\" \/>\n<meta property=\"article:modified_time\" content=\"2024-06-27T07:55:27+00:00\" \/>\n<meta property=\"og:image\" content=\"https:\/\/www.rassegnastampa-totustuus.it\/cattolica\/wp-content\/uploads\/2021\/07\/Lgbt_gay_scuola_bambini.jpg\" \/>\n\t<meta property=\"og:image:width\" content=\"285\" \/>\n\t<meta property=\"og:image:height\" content=\"177\" \/>\n\t<meta property=\"og:image:type\" content=\"image\/jpeg\" \/>\n<meta name=\"author\" content=\"Redazione\" \/>\n<meta name=\"twitter:card\" content=\"summary_large_image\" \/>\n<meta name=\"twitter:creator\" content=\"@rassegnastampa9\" \/>\n<meta name=\"twitter:site\" content=\"@rassegnastampa9\" \/>\n<meta name=\"twitter:label1\" content=\"Scritto da\" \/>\n\t<meta name=\"twitter:data1\" content=\"Redazione\" \/>\n\t<meta name=\"twitter:label2\" content=\"Tempo di lettura stimato\" \/>\n\t<meta name=\"twitter:data2\" content=\"1 minuto\" \/>\n<script type=\"application\/ld+json\" class=\"yoast-schema-graph\">{\"@context\":\"https:\\\/\\\/schema.org\",\"@graph\":[{\"@type\":\"Article\",\"@id\":\"https:\\\/\\\/www.rassegnastampa-totustuus.it\\\/cattolica\\\/i-medici-si-ribellano-ai-dogmi-sul-gender\\\/#article\",\"isPartOf\":{\"@id\":\"https:\\\/\\\/www.rassegnastampa-totustuus.it\\\/cattolica\\\/i-medici-si-ribellano-ai-dogmi-sul-gender\\\/\"},\"author\":{\"name\":\"Redazione\",\"@id\":\"https:\\\/\\\/www.rassegnastampa-totustuus.it\\\/cattolica\\\/#\\\/schema\\\/person\\\/08f319d2bd1a0904ad9e2bfb7b15e5c3\"},\"headline\":\"I medici si ribellano ai dogmi sul gender \u00a0\",\"datePublished\":\"2024-06-27T07:52:09+00:00\",\"dateModified\":\"2024-06-27T07:55:27+00:00\",\"mainEntityOfPage\":{\"@id\":\"https:\\\/\\\/www.rassegnastampa-totustuus.it\\\/cattolica\\\/i-medici-si-ribellano-ai-dogmi-sul-gender\\\/\"},\"wordCount\":1315,\"publisher\":{\"@id\":\"https:\\\/\\\/www.rassegnastampa-totustuus.it\\\/cattolica\\\/#organization\"},\"image\":{\"@id\":\"https:\\\/\\\/www.rassegnastampa-totustuus.it\\\/cattolica\\\/i-medici-si-ribellano-ai-dogmi-sul-gender\\\/#primaryimage\"},\"thumbnailUrl\":\"https:\\\/\\\/www.rassegnastampa-totustuus.it\\\/cattolica\\\/wp-content\\\/uploads\\\/2021\\\/07\\\/Lgbt_gay_scuola_bambini.jpg\",\"keywords\":[\"ideologia del gender\",\"Lgbt\",\"medicina\",\"minori\"],\"articleSection\":[\"Ideologia del gender\"],\"inLanguage\":\"it-IT\"},{\"@type\":\"WebPage\",\"@id\":\"https:\\\/\\\/www.rassegnastampa-totustuus.it\\\/cattolica\\\/i-medici-si-ribellano-ai-dogmi-sul-gender\\\/\",\"url\":\"https:\\\/\\\/www.rassegnastampa-totustuus.it\\\/cattolica\\\/i-medici-si-ribellano-ai-dogmi-sul-gender\\\/\",\"name\":\"I medici si ribellano ai dogmi sul gender \u00a0 - Rassegna Stampa Cattolica\",\"isPartOf\":{\"@id\":\"https:\\\/\\\/www.rassegnastampa-totustuus.it\\\/cattolica\\\/#website\"},\"primaryImageOfPage\":{\"@id\":\"https:\\\/\\\/www.rassegnastampa-totustuus.it\\\/cattolica\\\/i-medici-si-ribellano-ai-dogmi-sul-gender\\\/#primaryimage\"},\"image\":{\"@id\":\"https:\\\/\\\/www.rassegnastampa-totustuus.it\\\/cattolica\\\/i-medici-si-ribellano-ai-dogmi-sul-gender\\\/#primaryimage\"},\"thumbnailUrl\":\"https:\\\/\\\/www.rassegnastampa-totustuus.it\\\/cattolica\\\/wp-content\\\/uploads\\\/2021\\\/07\\\/Lgbt_gay_scuola_bambini.jpg\",\"datePublished\":\"2024-06-27T07:52:09+00:00\",\"dateModified\":\"2024-06-27T07:55:27+00:00\",\"description\":\"I medici si ribellano ai dogmi sul gender e sono contrari ai farmaci che bloccano la pubert\u00e0: approccio superficiale e pericoloso\",\"breadcrumb\":{\"@id\":\"https:\\\/\\\/www.rassegnastampa-totustuus.it\\\/cattolica\\\/i-medici-si-ribellano-ai-dogmi-sul-gender\\\/#breadcrumb\"},\"inLanguage\":\"it-IT\",\"potentialAction\":[{\"@type\":\"ReadAction\",\"target\":[\"https:\\\/\\\/www.rassegnastampa-totustuus.it\\\/cattolica\\\/i-medici-si-ribellano-ai-dogmi-sul-gender\\\/\"]}]},{\"@type\":\"ImageObject\",\"inLanguage\":\"it-IT\",\"@id\":\"https:\\\/\\\/www.rassegnastampa-totustuus.it\\\/cattolica\\\/i-medici-si-ribellano-ai-dogmi-sul-gender\\\/#primaryimage\",\"url\":\"https:\\\/\\\/www.rassegnastampa-totustuus.it\\\/cattolica\\\/wp-content\\\/uploads\\\/2021\\\/07\\\/Lgbt_gay_scuola_bambini.jpg\",\"contentUrl\":\"https:\\\/\\\/www.rassegnastampa-totustuus.it\\\/cattolica\\\/wp-content\\\/uploads\\\/2021\\\/07\\\/Lgbt_gay_scuola_bambini.jpg\",\"width\":285,\"height\":177},{\"@type\":\"BreadcrumbList\",\"@id\":\"https:\\\/\\\/www.rassegnastampa-totustuus.it\\\/cattolica\\\/i-medici-si-ribellano-ai-dogmi-sul-gender\\\/#breadcrumb\",\"itemListElement\":[{\"@type\":\"ListItem\",\"position\":1,\"name\":\"Home\",\"item\":\"https:\\\/\\\/www.rassegnastampa-totustuus.it\\\/cattolica\\\/\"},{\"@type\":\"ListItem\",\"position\":2,\"name\":\"I medici si ribellano ai dogmi sul gender \u00a0\"}]},{\"@type\":\"WebSite\",\"@id\":\"https:\\\/\\\/www.rassegnastampa-totustuus.it\\\/cattolica\\\/#website\",\"url\":\"https:\\\/\\\/www.rassegnastampa-totustuus.it\\\/cattolica\\\/\",\"name\":\"Rassegna Stampa Cattolica\",\"description\":\"Per una cultura che nasce dalla Rivelazione cristiana in conformit\u00e0 alla tradizione e al Magistero della Chiesa in opposizione ad ogni relativismo e totalitarismo\",\"publisher\":{\"@id\":\"https:\\\/\\\/www.rassegnastampa-totustuus.it\\\/cattolica\\\/#organization\"},\"alternateName\":\"Rass. Cattolica\",\"potentialAction\":[{\"@type\":\"SearchAction\",\"target\":{\"@type\":\"EntryPoint\",\"urlTemplate\":\"https:\\\/\\\/www.rassegnastampa-totustuus.it\\\/cattolica\\\/?s={search_term_string}\"},\"query-input\":{\"@type\":\"PropertyValueSpecification\",\"valueRequired\":true,\"valueName\":\"search_term_string\"}}],\"inLanguage\":\"it-IT\"},{\"@type\":\"Organization\",\"@id\":\"https:\\\/\\\/www.rassegnastampa-totustuus.it\\\/cattolica\\\/#organization\",\"name\":\"Rassegna Stampa Cattolica\",\"url\":\"https:\\\/\\\/www.rassegnastampa-totustuus.it\\\/cattolica\\\/\",\"logo\":{\"@type\":\"ImageObject\",\"inLanguage\":\"it-IT\",\"@id\":\"https:\\\/\\\/www.rassegnastampa-totustuus.it\\\/cattolica\\\/#\\\/schema\\\/logo\\\/image\\\/\",\"url\":\"https:\\\/\\\/www.rassegnastampa-totustuus.it\\\/cattolica\\\/wp-content\\\/uploads\\\/2014\\\/04\\\/logo-rassegna1.gif\",\"contentUrl\":\"https:\\\/\\\/www.rassegnastampa-totustuus.it\\\/cattolica\\\/wp-content\\\/uploads\\\/2014\\\/04\\\/logo-rassegna1.gif\",\"width\":600,\"height\":163,\"caption\":\"Rassegna Stampa Cattolica\"},\"image\":{\"@id\":\"https:\\\/\\\/www.rassegnastampa-totustuus.it\\\/cattolica\\\/#\\\/schema\\\/logo\\\/image\\\/\"},\"sameAs\":[\"https:\\\/\\\/www.facebook.com\\\/rassegnastampacattolica\",\"https:\\\/\\\/x.com\\\/rassegnastampa9\"]},{\"@type\":\"Person\",\"@id\":\"https:\\\/\\\/www.rassegnastampa-totustuus.it\\\/cattolica\\\/#\\\/schema\\\/person\\\/08f319d2bd1a0904ad9e2bfb7b15e5c3\",\"name\":\"Redazione\",\"image\":{\"@type\":\"ImageObject\",\"inLanguage\":\"it-IT\",\"@id\":\"https:\\\/\\\/secure.gravatar.com\\\/avatar\\\/2fcdf27c78ea025fbdb44e914cc63c72249ffec9dc8aafd5c82b26240ef3f346?s=96&d=mm&r=g\",\"url\":\"https:\\\/\\\/secure.gravatar.com\\\/avatar\\\/2fcdf27c78ea025fbdb44e914cc63c72249ffec9dc8aafd5c82b26240ef3f346?s=96&d=mm&r=g\",\"contentUrl\":\"https:\\\/\\\/secure.gravatar.com\\\/avatar\\\/2fcdf27c78ea025fbdb44e914cc63c72249ffec9dc8aafd5c82b26240ef3f346?s=96&d=mm&r=g\",\"caption\":\"Redazione\"},\"url\":\"https:\\\/\\\/www.rassegnastampa-totustuus.it\\\/cattolica\\\/author\\\/pietroelle\\\/\"}]}<\/script>\n<!-- \/ Yoast SEO plugin. -->","yoast_head_json":{"title":"I medici si ribellano ai dogmi sul gender \u00a0 - Rassegna Stampa Cattolica","description":"I medici si ribellano ai dogmi sul gender e sono contrari ai farmaci che bloccano la pubert\u00e0: approccio superficiale e pericoloso","robots":{"index":"index","follow":"follow","max-snippet":"max-snippet:-1","max-image-preview":"max-image-preview:large","max-video-preview":"max-video-preview:-1"},"canonical":"https:\/\/www.rassegnastampa-totustuus.it\/cattolica\/i-medici-si-ribellano-ai-dogmi-sul-gender\/","og_locale":"it_IT","og_type":"article","og_title":"I medici si ribellano ai dogmi sul gender \u00a0 - Rassegna Stampa Cattolica","og_description":"I medici si ribellano ai dogmi sul gender e sono contrari ai farmaci che bloccano la pubert\u00e0: approccio superficiale e pericoloso","og_url":"https:\/\/www.rassegnastampa-totustuus.it\/cattolica\/i-medici-si-ribellano-ai-dogmi-sul-gender\/","og_site_name":"Rassegna Stampa Cattolica","article_publisher":"https:\/\/www.facebook.com\/rassegnastampacattolica","article_published_time":"2024-06-27T07:52:09+00:00","article_modified_time":"2024-06-27T07:55:27+00:00","og_image":[{"width":285,"height":177,"url":"https:\/\/www.rassegnastampa-totustuus.it\/cattolica\/wp-content\/uploads\/2021\/07\/Lgbt_gay_scuola_bambini.jpg","type":"image\/jpeg"}],"author":"Redazione","twitter_card":"summary_large_image","twitter_creator":"@rassegnastampa9","twitter_site":"@rassegnastampa9","twitter_misc":{"Scritto da":"Redazione","Tempo di lettura stimato":"1 minuto"},"schema":{"@context":"https:\/\/schema.org","@graph":[{"@type":"Article","@id":"https:\/\/www.rassegnastampa-totustuus.it\/cattolica\/i-medici-si-ribellano-ai-dogmi-sul-gender\/#article","isPartOf":{"@id":"https:\/\/www.rassegnastampa-totustuus.it\/cattolica\/i-medici-si-ribellano-ai-dogmi-sul-gender\/"},"author":{"name":"Redazione","@id":"https:\/\/www.rassegnastampa-totustuus.it\/cattolica\/#\/schema\/person\/08f319d2bd1a0904ad9e2bfb7b15e5c3"},"headline":"I medici si ribellano ai dogmi sul gender \u00a0","datePublished":"2024-06-27T07:52:09+00:00","dateModified":"2024-06-27T07:55:27+00:00","mainEntityOfPage":{"@id":"https:\/\/www.rassegnastampa-totustuus.it\/cattolica\/i-medici-si-ribellano-ai-dogmi-sul-gender\/"},"wordCount":1315,"publisher":{"@id":"https:\/\/www.rassegnastampa-totustuus.it\/cattolica\/#organization"},"image":{"@id":"https:\/\/www.rassegnastampa-totustuus.it\/cattolica\/i-medici-si-ribellano-ai-dogmi-sul-gender\/#primaryimage"},"thumbnailUrl":"https:\/\/www.rassegnastampa-totustuus.it\/cattolica\/wp-content\/uploads\/2021\/07\/Lgbt_gay_scuola_bambini.jpg","keywords":["ideologia del gender","Lgbt","medicina","minori"],"articleSection":["Ideologia del gender"],"inLanguage":"it-IT"},{"@type":"WebPage","@id":"https:\/\/www.rassegnastampa-totustuus.it\/cattolica\/i-medici-si-ribellano-ai-dogmi-sul-gender\/","url":"https:\/\/www.rassegnastampa-totustuus.it\/cattolica\/i-medici-si-ribellano-ai-dogmi-sul-gender\/","name":"I medici si ribellano ai dogmi sul gender \u00a0 - Rassegna Stampa Cattolica","isPartOf":{"@id":"https:\/\/www.rassegnastampa-totustuus.it\/cattolica\/#website"},"primaryImageOfPage":{"@id":"https:\/\/www.rassegnastampa-totustuus.it\/cattolica\/i-medici-si-ribellano-ai-dogmi-sul-gender\/#primaryimage"},"image":{"@id":"https:\/\/www.rassegnastampa-totustuus.it\/cattolica\/i-medici-si-ribellano-ai-dogmi-sul-gender\/#primaryimage"},"thumbnailUrl":"https:\/\/www.rassegnastampa-totustuus.it\/cattolica\/wp-content\/uploads\/2021\/07\/Lgbt_gay_scuola_bambini.jpg","datePublished":"2024-06-27T07:52:09+00:00","dateModified":"2024-06-27T07:55:27+00:00","description":"I medici si ribellano ai dogmi sul gender e sono contrari ai farmaci che bloccano la pubert\u00e0: approccio superficiale e pericoloso","breadcrumb":{"@id":"https:\/\/www.rassegnastampa-totustuus.it\/cattolica\/i-medici-si-ribellano-ai-dogmi-sul-gender\/#breadcrumb"},"inLanguage":"it-IT","potentialAction":[{"@type":"ReadAction","target":["https:\/\/www.rassegnastampa-totustuus.it\/cattolica\/i-medici-si-ribellano-ai-dogmi-sul-gender\/"]}]},{"@type":"ImageObject","inLanguage":"it-IT","@id":"https:\/\/www.rassegnastampa-totustuus.it\/cattolica\/i-medici-si-ribellano-ai-dogmi-sul-gender\/#primaryimage","url":"https:\/\/www.rassegnastampa-totustuus.it\/cattolica\/wp-content\/uploads\/2021\/07\/Lgbt_gay_scuola_bambini.jpg","contentUrl":"https:\/\/www.rassegnastampa-totustuus.it\/cattolica\/wp-content\/uploads\/2021\/07\/Lgbt_gay_scuola_bambini.jpg","width":285,"height":177},{"@type":"BreadcrumbList","@id":"https:\/\/www.rassegnastampa-totustuus.it\/cattolica\/i-medici-si-ribellano-ai-dogmi-sul-gender\/#breadcrumb","itemListElement":[{"@type":"ListItem","position":1,"name":"Home","item":"https:\/\/www.rassegnastampa-totustuus.it\/cattolica\/"},{"@type":"ListItem","position":2,"name":"I medici si ribellano ai dogmi sul gender \u00a0"}]},{"@type":"WebSite","@id":"https:\/\/www.rassegnastampa-totustuus.it\/cattolica\/#website","url":"https:\/\/www.rassegnastampa-totustuus.it\/cattolica\/","name":"Rassegna Stampa Cattolica","description":"Per una cultura che nasce dalla Rivelazione cristiana in conformit\u00e0 alla tradizione e al Magistero della Chiesa in opposizione ad ogni relativismo e totalitarismo","publisher":{"@id":"https:\/\/www.rassegnastampa-totustuus.it\/cattolica\/#organization"},"alternateName":"Rass. Cattolica","potentialAction":[{"@type":"SearchAction","target":{"@type":"EntryPoint","urlTemplate":"https:\/\/www.rassegnastampa-totustuus.it\/cattolica\/?s={search_term_string}"},"query-input":{"@type":"PropertyValueSpecification","valueRequired":true,"valueName":"search_term_string"}}],"inLanguage":"it-IT"},{"@type":"Organization","@id":"https:\/\/www.rassegnastampa-totustuus.it\/cattolica\/#organization","name":"Rassegna Stampa Cattolica","url":"https:\/\/www.rassegnastampa-totustuus.it\/cattolica\/","logo":{"@type":"ImageObject","inLanguage":"it-IT","@id":"https:\/\/www.rassegnastampa-totustuus.it\/cattolica\/#\/schema\/logo\/image\/","url":"https:\/\/www.rassegnastampa-totustuus.it\/cattolica\/wp-content\/uploads\/2014\/04\/logo-rassegna1.gif","contentUrl":"https:\/\/www.rassegnastampa-totustuus.it\/cattolica\/wp-content\/uploads\/2014\/04\/logo-rassegna1.gif","width":600,"height":163,"caption":"Rassegna Stampa Cattolica"},"image":{"@id":"https:\/\/www.rassegnastampa-totustuus.it\/cattolica\/#\/schema\/logo\/image\/"},"sameAs":["https:\/\/www.facebook.com\/rassegnastampacattolica","https:\/\/x.com\/rassegnastampa9"]},{"@type":"Person","@id":"https:\/\/www.rassegnastampa-totustuus.it\/cattolica\/#\/schema\/person\/08f319d2bd1a0904ad9e2bfb7b15e5c3","name":"Redazione","image":{"@type":"ImageObject","inLanguage":"it-IT","@id":"https:\/\/secure.gravatar.com\/avatar\/2fcdf27c78ea025fbdb44e914cc63c72249ffec9dc8aafd5c82b26240ef3f346?s=96&d=mm&r=g","url":"https:\/\/secure.gravatar.com\/avatar\/2fcdf27c78ea025fbdb44e914cc63c72249ffec9dc8aafd5c82b26240ef3f346?s=96&d=mm&r=g","contentUrl":"https:\/\/secure.gravatar.com\/avatar\/2fcdf27c78ea025fbdb44e914cc63c72249ffec9dc8aafd5c82b26240ef3f346?s=96&d=mm&r=g","caption":"Redazione"},"url":"https:\/\/www.rassegnastampa-totustuus.it\/cattolica\/author\/pietroelle\/"}]}},"_links":{"self":[{"href":"https:\/\/www.rassegnastampa-totustuus.it\/cattolica\/wp-json\/wp\/v2\/posts\/60713","targetHints":{"allow":["GET"]}}],"collection":[{"href":"https:\/\/www.rassegnastampa-totustuus.it\/cattolica\/wp-json\/wp\/v2\/posts"}],"about":[{"href":"https:\/\/www.rassegnastampa-totustuus.it\/cattolica\/wp-json\/wp\/v2\/types\/post"}],"author":[{"embeddable":true,"href":"https:\/\/www.rassegnastampa-totustuus.it\/cattolica\/wp-json\/wp\/v2\/users\/6"}],"replies":[{"embeddable":true,"href":"https:\/\/www.rassegnastampa-totustuus.it\/cattolica\/wp-json\/wp\/v2\/comments?post=60713"}],"version-history":[{"count":2,"href":"https:\/\/www.rassegnastampa-totustuus.it\/cattolica\/wp-json\/wp\/v2\/posts\/60713\/revisions"}],"predecessor-version":[{"id":60715,"href":"https:\/\/www.rassegnastampa-totustuus.it\/cattolica\/wp-json\/wp\/v2\/posts\/60713\/revisions\/60715"}],"wp:featuredmedia":[{"embeddable":true,"href":"https:\/\/www.rassegnastampa-totustuus.it\/cattolica\/wp-json\/wp\/v2\/media\/52047"}],"wp:attachment":[{"href":"https:\/\/www.rassegnastampa-totustuus.it\/cattolica\/wp-json\/wp\/v2\/media?parent=60713"}],"wp:term":[{"taxonomy":"category","embeddable":true,"href":"https:\/\/www.rassegnastampa-totustuus.it\/cattolica\/wp-json\/wp\/v2\/categories?post=60713"},{"taxonomy":"post_tag","embeddable":true,"href":"https:\/\/www.rassegnastampa-totustuus.it\/cattolica\/wp-json\/wp\/v2\/tags?post=60713"}],"curies":[{"name":"wp","href":"https:\/\/api.w.org\/{rel}","templated":true}]}}