{"id":60711,"date":"2024-06-27T09:03:37","date_gmt":"2024-06-27T07:03:37","guid":{"rendered":"https:\/\/www.rassegnastampa-totustuus.it\/cattolica\/?p=60711"},"modified":"2024-06-27T09:03:39","modified_gmt":"2024-06-27T07:03:39","slug":"attenzione-al-digital-service-act-e-a-certa-controinformazione","status":"publish","type":"post","link":"https:\/\/www.rassegnastampa-totustuus.it\/cattolica\/attenzione-al-digital-service-act-e-a-certa-controinformazione\/","title":{"rendered":"Attenzione al \u201cDigital Service Act\u201d e a certa \u201ccontroinformazione\u201d"},"content":{"rendered":"<p style=\"text-align: justify;\"><span style=\"color: #0000ff;\"><strong><span style=\"color: #000000;\"><img loading=\"lazy\" decoding=\"async\" class=\"size-medium wp-image-45249 alignleft\" src=\"https:\/\/www.rassegnastampa-totustuus.it\/cattolica\/wp-content\/uploads\/2019\/11\/censura-300x168.jpg\" alt=\"\" width=\"300\" height=\"168\" \/>Abstract: <\/span><\/strong><em><span style=\"color: #000000;\">a<\/span><span style=\"color: #000000;\">ttenzione al \u201cDigital Service Act\u201d e a certa \u201ccontroinformazione\u201d\u00a0 alimentata dagli &#8220;anti sistema&#8221; a oltranza che inondano il web di notizie spazzatura, bufale ,\u00a0 e ogni sorta di teorie complottiste non suffragate da fonti i quali offriranno il destro ai censori &#8211; con lo strumento messo a punto dall&#8217;Unione europea &#8211; per colpire e cancellare tutto quello che non \u00e8 gradito\u00a0 dai gestori del pensiero unico dominante, soffocando la libert\u00e0 di espressione sul web<\/span><\/em><\/span><\/p>\n<p><!--more--><\/p>\n<p style=\"text-align: center;\"><span style=\"color: #0000ff;\"><strong><a style=\"color: #0000ff;\" href=\"https:\/\/www.informazionecattolica.it\" target=\"_blank\" rel=\"noopener\">InFormazione cattolica<\/a><\/strong><\/span> <span style=\"color: #000000;\">24 Giugno 2024\u00a0<\/span><\/p>\n<h3 style=\"text-align: center;\"><span style=\"color: #000000;\"> <strong>Attenzione al \u201cDigital Service Act\u201d e agli utili idioti di certa \u201ccontroinformazione\u201d? <\/strong><\/span><\/h3>\n<p style=\"text-align: center;\"><span style=\"color: #000000;\"><em>Si vogliono colpire i pensieri non in linea con la narrazione ufficiale?<\/em> <\/span><\/p>\n<p style=\"text-align: center;\">di <span style=\"color: #0000ff;\"><a style=\"color: #0000ff;\" href=\"https:\/\/www.informazionecattolica.it\/tag\/matteo-castagna\/\" target=\"_blank\" rel=\"noopener\"><strong>Matteo Castagna<\/strong><\/a> <\/span><\/p>\n<p style=\"text-align: justify;\"><span style=\"color: #000000;\"><img loading=\"lazy\" decoding=\"async\" class=\" wp-image-50229 alignleft\" src=\"https:\/\/www.rassegnastampa-totustuus.it\/cattolica\/wp-content\/uploads\/2021\/02\/social.jpg\" alt=\"\" width=\"337\" height=\"190\" \/>L\u2019Unione Europea si \u00e8 dotata di un Regolamento relativo ai contenuti online, al fine di uniformare tutti i 27 stati membri alle medesime regole.<\/span><\/p>\n<p style=\"text-align: justify;\"><span style=\"color: #000000;\">Inizialmente il \u201c<\/span><a href=\"https:\/\/commission.europa.eu\/strategy-and-policy\/priorities-2019-2024\/europe-fit-digital-age\/digital-services-act_en\" target=\"_blank\" rel=\"noopener\"><span style=\"color: #0000ff;\">Digital Services Act<\/span><\/a>\u201c, <span style=\"color: #000000;\">entrato in vigore il 25 Agosto 2023, era rivolto alle societ\u00e0 con pi\u00f9 di 45 milioni di utenti attivi (10% della popolazione della UE).<\/span><\/p>\n<p style=\"text-align: justify;\"><span style=\"color: #000000;\">Dal 17 febbraio 2024 \u00e8 stato esteso a tutte le piattaforme online raggiungibili in Europa.<\/span><\/p>\n<p style=\"text-align: justify;\"><span style=\"color: #000000;\">Sul merito va riconosciuto uno sforzo nel riconoscere come illegale tutto ci\u00f2 che lo \u00e8 anche nella vita comune, impedendo tutte quelle attivit\u00e0 che sono proibite dalle leggi. Il D.S.A. impone limiti alla profilazione dei soggetti, vieta manipolazioni verso i consumatori, tutela maggiormente i dati personali, prevedendo sanzioni fino ad un massimo del 6% del fatturato annuo globale per le societ\u00e0 che violano le norme. Il Commissario per il Mercato Interno Thierry Breton ha definito queste limitazioni al potere del web come \u201cun\u2019espressione della sovranit\u00e0 digitale europea\u201d \u2013 ricorda la Rivista Zenit n. 1 del 30\/09\/2023.<\/span><\/p>\n<p style=\"text-align: justify;\"><span style=\"color: #000000;\">Leggendo il Regolamento \u2013 sostiene sempre la Redazione di Zenit \u2013 si trovano problematiche non da poco in merito alla libert\u00e0 di espressione. Ricorda il punto 84 che chiede alle piattaforme \u201cdi concentrarsi anche sulle informazioni che non sono illegali ma contribuiscono ai rischi sistemici\u201d, pertanto raccomanda di \u201cprestare particolare attenzione al modo in cui i loro servizi sono utilizzati per diffondere o amplificare contenuti fuorvianti o ingannevoli, compresa la disinformazione\u201d. Appare molto vaga e interpretabile come affermazione, soprattutto perch\u00e9 i big del mondo hanno tutto l\u2019interesse a bollare come \u201cingannevoli\u201d i retroscena del giornalismo di inchiesta, cos\u00ec come di bloccare come \u201cdisinformazione\u201d ogni notizia che non piace al politico di turno.<\/span><\/p>\n<p style=\"text-align: justify;\"><span style=\"color: #000000;\"><img loading=\"lazy\" decoding=\"async\" class=\" wp-image-55620 alignright\" src=\"https:\/\/www.rassegnastampa-totustuus.it\/cattolica\/wp-content\/uploads\/2023\/02\/web_tecnologia_computer_internet-300x168.jpg\" alt=\"\" width=\"361\" height=\"202\" \/>Ed \u00e8 il punto 91 quello che va a colpire, pi\u00f9 subdolamente, ogni scritto non in linea con la narrazione ufficiale. Infatti prevede che in stato di \u201ccrisi\u201d di qualunque tipo (economica, politica, militare, energetica, pandemica ecc.) le piattaforme devono cooperare con dei non precisati \u201csegnalatori attendibili\u201d e esercitare misure di promozione di informazioni \u201caffidabili\u201d. Zenit osserva, a ragione, che \u201cin scenari emergenziali, tra l\u2019altro sempre pi\u00f9 costanti e ravvicinati, si vuole intenzionalmente screditare o addirittura mettere a tacere le voci fuori dal coro\u201d.<\/span><\/p>\n<p style=\"text-align: justify;\"><span style=\"color: #000000;\">In Italia \u201cuna ristretta oligarchia di editori ha il possesso dei mezzi di informazione e ci\u00f2 gli consente di organizzare le opinioni e moderare il dibattito pubblico, quindi plasmare le abitudini delle masse\u201d \u2013 prosegue la rivista \u2013 mentre tutti gli altri, non omologati a tale sistema, in stato di crisi (stabilita dalla UE) non potrebbero pi\u00f9 diffondere le loro idee su internet.<\/span><\/p>\n<p style=\"text-align: justify;\"><span style=\"color: #000000;\">E\u2019 evidente che il Potere non voglia, in momenti delicati, una narrazione parallela che ne metta in dubbio la credibilit\u00e0, perch\u00e9 vuole pieni poteri nel poter dirigere l\u2019opinione pubblica. Esiste, per\u00f2, il risvolto della medaglia, pi\u00f9 volte denunciato nei miei articoli, che \u00e8 costituito dagli utili idioti della cosiddetta controinformazione, che ha prodotto tanto di quel \u201cmateriale-spazzatura\u201d da ottenere l\u2019inasprimento della stretta sulla libert\u00e0 d\u2019espressione, perch\u00e9 a Bruxelles come a Londra e Washington taluni non vedono l\u2019ora di partire in quarta con una repressione, cui abbiamo gi\u00e0 assistito, ad esempio, durante il periodo Covid, presso la sede della Cgil di Roma.<\/span><\/p>\n<p style=\"text-align: justify;\"><span style=\"color: #000000;\">S\u00ec, perch\u00e9 anche chi si proclama contro il Sistema deve imparare a comunicare nel modo giusto, al momento giusto, per evitare che chi \u00e8 pi\u00f9 forte ne schiacci tutte le istanze e ci rimettano tutti. Imparare dai fallimenti dei vostri progetti socio-culturali, pseudo-politici o anche teologico-morali sarebbe gi\u00e0 tanto, ma mai avverr\u00e0, perch\u00e9 vi riciclerete con la risibile claque che vi applaude, e tronfi come tacchini ripeterete i medesimi errori perch\u00e9 il vostro reale fine non \u00e8 la verit\u00e0 ma la visibilit\u00e0 e, perch\u00e9 no, qualche arrotondamento economico tramite conferenze, libri e video.<\/span><\/p>\n<p style=\"text-align: justify;\"><span style=\"color: #000000;\"><img loading=\"lazy\" decoding=\"async\" class=\" wp-image-45230 alignleft\" src=\"https:\/\/www.rassegnastampa-totustuus.it\/cattolica\/wp-content\/uploads\/2019\/11\/fakenews-300x169.jpg\" alt=\"\" width=\"371\" height=\"209\" srcset=\"https:\/\/www.rassegnastampa-totustuus.it\/cattolica\/wp-content\/uploads\/2019\/11\/fakenews-300x169.jpg 300w, https:\/\/www.rassegnastampa-totustuus.it\/cattolica\/wp-content\/uploads\/2019\/11\/fakenews-768x432.jpg 768w, https:\/\/www.rassegnastampa-totustuus.it\/cattolica\/wp-content\/uploads\/2019\/11\/fakenews-1024x576.jpg 1024w, https:\/\/www.rassegnastampa-totustuus.it\/cattolica\/wp-content\/uploads\/2019\/11\/fakenews.jpg 1920w\" sizes=\"auto, (max-width: 371px) 100vw, 371px\" \/>Il giornalista Alessio Mannino, nell\u2019ultima newsletter di \u201cLibropolis \u2013 festival dell\u2019editoria e del giornalismo\u201d, ha colto in profondit\u00e0 l\u2019essenza del problema. \u201cIl dissenso fa abbastanza senso, ragazzi. Questo con cui abbiamo a che fare, almeno. Per un buon 80%, diciamo. Per favore, astenersi da commenti del tipo \u201csei bravo a parlare, prova tu\u201d, perch\u00e9 di regola \u00e8 l\u2019argomento di chi non ha argomenti\u201d.<\/span><\/p>\n<p style=\"text-align: justify;\"><span style=\"color: #000000;\">L\u2019incipit \u00e8 questo: \u201cNoi \u201canti-sistema\u201d siam liberi e forti, e siamo gi\u00e0 morti. Noi vendicatori del popolo, presso cui la nostra importanza \u00e8 inversamente proporzionale alla prosopopea da depositari del Verbo. Noi, consumati attori nel recitare il ruolo di vittime cos\u00ec da svicolare sui nostri difetti (che, si pensi un po\u2019, abbiamo perfino noi, non c\u2019\u00e8 umano che non ne abbia uno, anche se noi ci spacciamo da duri e puri, unti e bisunti nell\u2019olio della Verit\u00e0). Noi agitatori sull\u2019orlo esterno, che la spariamo grossa per contratto \u2013 tanto, a chi frega del realismo minimo sindacale? Noi, partiti di avanguardia di inesistenti retroguardie. Noi, avvocaticchi o professorini che ce la diamo da giornalisti, anche se un giorno di gavetta non l\u2019abbiamo sfiorato neppure di striscio\u201d.<\/span><\/p>\n<p style=\"text-align: justify;\"><span style=\"color: #000000;\">Prosegue, con sagacia, Mannino: \u201cNoi, intellettuali incompresi e incomprensibili. Noi, che ci sentiamo immancabilmente migliori dei peggiori (e capirai che fatica\u2026). Noi che mai dubitiamo, mai ci conteniamo, mai accenniamo a un\u2019autocritica, perch\u00e9 siam perfetti (imbecilli). Noi che aborriamo il mainstream perch\u00e9 viviamo nel sottosuolo, reietti e felici \u2013 ma tanto, tanto desiderosi di diventare qualcuno. Perch\u00e9, cari miei, dei nessuno non si pu\u00f2 restare tutta la vita, troppo bravi come siamo. Sferzanti, acuti, corrosivi, penetranti, profondi, iconoclasti, lucidi, sottili, coraggiosi e, soprattutto, indispensabili. Nessuno lo \u00e8? Mica vero. Noi lo siamo. Noi siamo il sale della terra. Come saliamo noi, nessuno. Siamo delle saliere ambulanti\u201d.<\/span><\/p>\n<p style=\"text-align: justify;\"><span style=\"color: #000000;\"><img loading=\"lazy\" decoding=\"async\" class=\"wp-image-55337 alignright\" src=\"https:\/\/www.rassegnastampa-totustuus.it\/cattolica\/wp-content\/uploads\/2022\/12\/Facebook_censura_social-300x199.jpg\" alt=\"\" width=\"336\" height=\"223\" srcset=\"https:\/\/www.rassegnastampa-totustuus.it\/cattolica\/wp-content\/uploads\/2022\/12\/Facebook_censura_social-300x199.jpg 300w, https:\/\/www.rassegnastampa-totustuus.it\/cattolica\/wp-content\/uploads\/2022\/12\/Facebook_censura_social.jpg 640w\" sizes=\"auto, (max-width: 336px) 100vw, 336px\" \/>[\u2026] \u201cPreferiamo essere i primi fra gli ultimi, anzich\u00e9, con umilt\u00e0 \u2013 questa sconosciuta \u2013 lavorare da ultimi per raggiungere i primi. E bench\u00e9 spesso la nostra statura sia nanica e il nostro peso specifico equivalente a una particella (ma originale, per dio, mica elementare), ci comportiamo da presuntuosi gi\u00e0 arrivati, pur non essendo mai davvero partiti. Ci prendiamo oscenamente sul serio, ce la tiriamo un casino, facciamo i maestrini. Magari, perch\u00e9 no?, ostentando pure simpatia, gigioneggiando. Ma l\u2019ironia e l\u2019autoironia, non sappiamo manco cosa sia\u201d.<\/span><\/p>\n<p style=\"text-align: justify;\"><span style=\"color: #000000;\">\u201cCi guardiamo in cagnesco con chi accusiamo di rubarci la visibilit\u00e0 di primedonne, fra invidiuzze e rivalit\u00e0 meschine. [\u2026] Questa nostra bont\u00e0 disinteressata, ma interessatissima per le nostre personali sorti, si rovescer\u00e0 in odio per tutti coloro che non attribuiscono alle nostre fatiche l\u2019alibi di migliorare il mondo. Specialmente se quegli ingrati sono come noi: sgomitanti, ambiziosi, sfrenatamente desiderosi di elevarsi sugli scudi e passare da salvatori della patria\u201d.<\/span><\/p>\n<p style=\"text-align: justify;\"><span style=\"color: #000000;\">\u201cQuanto siamo paghi, noi, nel tagliare la realt\u00e0 con l\u2019accetta, nel tranciare giudizi apocalittici (ossia molto facili), nel fare a gara a chi \u00e8 pi\u00f9 puro e a vendere e rivendere un\u2019idea, sempre quella, monomaniacale, trasformandola in paranoia ricattatoria \u2013 per cui, ci fosse mai qualcuno che non la sottoscrivesse, questo qualcuno diventerebbe per ci\u00f2 stesso un venduto. Ce la cantiamo e ce la suoniamo, nei nostri fortini d\u2019\u201carea\u201d. Ed \u00e8 cos\u00ec che ci assicuriamo di avere sempre, fatalmente ragione\u201d. [\u2026]<\/span><\/p>\n<p style=\"text-align: justify;\"><span style=\"color: #000000;\">\u201cSotto sotto sappiamo come finir\u00e0, se ci va male. Se ci riterremo sempre e comunque in missione per conto di Dio, se seguiteremo a non farci venire mezzo dubbio sulle nostre reali proporzioni, se confonderemo la guerra al Sistema con la carriera nostra o del codazzo di nostri fedelissimi signors\u00ec, se insomma manterremo intatto lo sprezzo del ridicolo, faremo la fine di molti insigni professionisti dell\u2019anti-sistema: cooptati nel Sistema. Patetici, spudorati peli superflui sulla superficie della cronaca. Siamo gli anti-sistema, noi: cos\u00ec anti, da essere innocui. Gli utili idioti del Sistema.<\/span><\/p>\n<p style=\"text-align: justify;\"><span style=\"color: #000000;\">Mai stufi di noi stessi, \u00e8 il nostro motto. \u201cEstoy hasta los cojones de todos vosotros\u201d, \u00e8 invece il motto di chi non ne pu\u00f2 pi\u00f9, di chi ne ha abbastanza. Del Sistema, e dei sedicenti anti-sistema\u201d\u201d.<\/span><\/p>\n","protected":false},"excerpt":{"rendered":"<p>Abstract: attenzione al \u201cDigital Service Act\u201d e a certa \u201ccontroinformazione\u201d\u00a0 alimentata dagli &#8220;anti sistema&#8221; a oltranza che inondano il web di notizie spazzatura, bufale ,\u00a0 e ogni sorta di teorie complottiste non suffragate da fonti i quali offriranno il destro ai censori &#8211; con lo strumento messo a punto dall&#8217;Unione europea &#8211; per colpire e &hellip; <\/p>\n<p><a class=\"more-link btn\" href=\"https:\/\/www.rassegnastampa-totustuus.it\/cattolica\/attenzione-al-digital-service-act-e-a-certa-controinformazione\/\">Continua a leggere<\/a><\/p>\n","protected":false},"author":6,"featured_media":45249,"comment_status":"closed","ping_status":"closed","sticky":false,"template":"","format":"standard","meta":{"footnotes":""},"categories":[14,2956],"tags":[3045,567,2817],"class_list":["post-60711","post","type-post","status-publish","format-standard","has-post-thumbnail","hentry","category-europa-e-ue","category-tecnologia","tag-digital-service-act","tag-europa-eu","tag-tecnologia","item-wrap"],"yoast_head":"<!-- This site is optimized with the Yoast SEO plugin v27.5 - https:\/\/yoast.com\/product\/yoast-seo-wordpress\/ -->\n<title>Attenzione al \u201cDigital Service Act\u201d e a certa \u201ccontroinformazione\u201d - Rassegna Stampa Cattolica<\/title>\n<meta name=\"description\" content=\"Attenzione al \u201cDigital Service Act\u201d e a certa \u201ccontroinformazione\u201d che favorir\u00e0 la censura sul web e colpir\u00e0 la libert\u00e0 di espressione\" \/>\n<meta name=\"robots\" content=\"index, follow, max-snippet:-1, max-image-preview:large, max-video-preview:-1\" \/>\n<link rel=\"canonical\" href=\"https:\/\/www.rassegnastampa-totustuus.it\/cattolica\/attenzione-al-digital-service-act-e-a-certa-controinformazione\/\" \/>\n<meta property=\"og:locale\" content=\"it_IT\" \/>\n<meta property=\"og:type\" content=\"article\" \/>\n<meta property=\"og:title\" content=\"Attenzione al \u201cDigital Service Act\u201d e a certa \u201ccontroinformazione\u201d - Rassegna Stampa Cattolica\" \/>\n<meta property=\"og:description\" content=\"Attenzione al \u201cDigital Service Act\u201d e a certa \u201ccontroinformazione\u201d che favorir\u00e0 la censura sul web e colpir\u00e0 la libert\u00e0 di espressione\" \/>\n<meta property=\"og:url\" content=\"https:\/\/www.rassegnastampa-totustuus.it\/cattolica\/attenzione-al-digital-service-act-e-a-certa-controinformazione\/\" \/>\n<meta property=\"og:site_name\" content=\"Rassegna Stampa Cattolica\" \/>\n<meta property=\"article:publisher\" content=\"https:\/\/www.facebook.com\/rassegnastampacattolica\" \/>\n<meta property=\"article:published_time\" content=\"2024-06-27T07:03:37+00:00\" \/>\n<meta property=\"article:modified_time\" content=\"2024-06-27T07:03:39+00:00\" \/>\n<meta property=\"og:image\" content=\"https:\/\/www.rassegnastampa-totustuus.it\/cattolica\/wp-content\/uploads\/2019\/11\/censura.jpg\" \/>\n\t<meta property=\"og:image:width\" content=\"300\" \/>\n\t<meta property=\"og:image:height\" content=\"168\" \/>\n\t<meta property=\"og:image:type\" content=\"image\/jpeg\" \/>\n<meta name=\"author\" content=\"Redazione\" \/>\n<meta name=\"twitter:card\" content=\"summary_large_image\" \/>\n<meta name=\"twitter:creator\" content=\"@rassegnastampa9\" \/>\n<meta name=\"twitter:site\" content=\"@rassegnastampa9\" \/>\n<meta name=\"twitter:label1\" content=\"Scritto da\" \/>\n\t<meta name=\"twitter:data1\" content=\"Redazione\" \/>\n\t<meta name=\"twitter:label2\" content=\"Tempo di lettura stimato\" \/>\n\t<meta name=\"twitter:data2\" content=\"9 minuti\" \/>\n<script type=\"application\/ld+json\" class=\"yoast-schema-graph\">{\"@context\":\"https:\\\/\\\/schema.org\",\"@graph\":[{\"@type\":\"Article\",\"@id\":\"https:\\\/\\\/www.rassegnastampa-totustuus.it\\\/cattolica\\\/attenzione-al-digital-service-act-e-a-certa-controinformazione\\\/#article\",\"isPartOf\":{\"@id\":\"https:\\\/\\\/www.rassegnastampa-totustuus.it\\\/cattolica\\\/attenzione-al-digital-service-act-e-a-certa-controinformazione\\\/\"},\"author\":{\"name\":\"Redazione\",\"@id\":\"https:\\\/\\\/www.rassegnastampa-totustuus.it\\\/cattolica\\\/#\\\/schema\\\/person\\\/08f319d2bd1a0904ad9e2bfb7b15e5c3\"},\"headline\":\"Attenzione al \u201cDigital Service Act\u201d e a certa \u201ccontroinformazione\u201d\",\"datePublished\":\"2024-06-27T07:03:37+00:00\",\"dateModified\":\"2024-06-27T07:03:39+00:00\",\"mainEntityOfPage\":{\"@id\":\"https:\\\/\\\/www.rassegnastampa-totustuus.it\\\/cattolica\\\/attenzione-al-digital-service-act-e-a-certa-controinformazione\\\/\"},\"wordCount\":1373,\"publisher\":{\"@id\":\"https:\\\/\\\/www.rassegnastampa-totustuus.it\\\/cattolica\\\/#organization\"},\"image\":{\"@id\":\"https:\\\/\\\/www.rassegnastampa-totustuus.it\\\/cattolica\\\/attenzione-al-digital-service-act-e-a-certa-controinformazione\\\/#primaryimage\"},\"thumbnailUrl\":\"https:\\\/\\\/www.rassegnastampa-totustuus.it\\\/cattolica\\\/wp-content\\\/uploads\\\/2019\\\/11\\\/censura.jpg\",\"keywords\":[\"Digital Service Act\",\"Europa EU\",\"tecnologia\"],\"articleSection\":[\"Europa e UE\",\"Tecnologia\"],\"inLanguage\":\"it-IT\"},{\"@type\":\"WebPage\",\"@id\":\"https:\\\/\\\/www.rassegnastampa-totustuus.it\\\/cattolica\\\/attenzione-al-digital-service-act-e-a-certa-controinformazione\\\/\",\"url\":\"https:\\\/\\\/www.rassegnastampa-totustuus.it\\\/cattolica\\\/attenzione-al-digital-service-act-e-a-certa-controinformazione\\\/\",\"name\":\"Attenzione al \u201cDigital Service Act\u201d e a certa \u201ccontroinformazione\u201d - Rassegna Stampa Cattolica\",\"isPartOf\":{\"@id\":\"https:\\\/\\\/www.rassegnastampa-totustuus.it\\\/cattolica\\\/#website\"},\"primaryImageOfPage\":{\"@id\":\"https:\\\/\\\/www.rassegnastampa-totustuus.it\\\/cattolica\\\/attenzione-al-digital-service-act-e-a-certa-controinformazione\\\/#primaryimage\"},\"image\":{\"@id\":\"https:\\\/\\\/www.rassegnastampa-totustuus.it\\\/cattolica\\\/attenzione-al-digital-service-act-e-a-certa-controinformazione\\\/#primaryimage\"},\"thumbnailUrl\":\"https:\\\/\\\/www.rassegnastampa-totustuus.it\\\/cattolica\\\/wp-content\\\/uploads\\\/2019\\\/11\\\/censura.jpg\",\"datePublished\":\"2024-06-27T07:03:37+00:00\",\"dateModified\":\"2024-06-27T07:03:39+00:00\",\"description\":\"Attenzione al \u201cDigital Service Act\u201d e a certa \u201ccontroinformazione\u201d che favorir\u00e0 la censura sul web e colpir\u00e0 la libert\u00e0 di espressione\",\"breadcrumb\":{\"@id\":\"https:\\\/\\\/www.rassegnastampa-totustuus.it\\\/cattolica\\\/attenzione-al-digital-service-act-e-a-certa-controinformazione\\\/#breadcrumb\"},\"inLanguage\":\"it-IT\",\"potentialAction\":[{\"@type\":\"ReadAction\",\"target\":[\"https:\\\/\\\/www.rassegnastampa-totustuus.it\\\/cattolica\\\/attenzione-al-digital-service-act-e-a-certa-controinformazione\\\/\"]}]},{\"@type\":\"ImageObject\",\"inLanguage\":\"it-IT\",\"@id\":\"https:\\\/\\\/www.rassegnastampa-totustuus.it\\\/cattolica\\\/attenzione-al-digital-service-act-e-a-certa-controinformazione\\\/#primaryimage\",\"url\":\"https:\\\/\\\/www.rassegnastampa-totustuus.it\\\/cattolica\\\/wp-content\\\/uploads\\\/2019\\\/11\\\/censura.jpg\",\"contentUrl\":\"https:\\\/\\\/www.rassegnastampa-totustuus.it\\\/cattolica\\\/wp-content\\\/uploads\\\/2019\\\/11\\\/censura.jpg\",\"width\":300,\"height\":168},{\"@type\":\"BreadcrumbList\",\"@id\":\"https:\\\/\\\/www.rassegnastampa-totustuus.it\\\/cattolica\\\/attenzione-al-digital-service-act-e-a-certa-controinformazione\\\/#breadcrumb\",\"itemListElement\":[{\"@type\":\"ListItem\",\"position\":1,\"name\":\"Home\",\"item\":\"https:\\\/\\\/www.rassegnastampa-totustuus.it\\\/cattolica\\\/\"},{\"@type\":\"ListItem\",\"position\":2,\"name\":\"Attenzione al \u201cDigital Service Act\u201d e a certa \u201ccontroinformazione\u201d\"}]},{\"@type\":\"WebSite\",\"@id\":\"https:\\\/\\\/www.rassegnastampa-totustuus.it\\\/cattolica\\\/#website\",\"url\":\"https:\\\/\\\/www.rassegnastampa-totustuus.it\\\/cattolica\\\/\",\"name\":\"Rassegna Stampa Cattolica\",\"description\":\"Per una cultura che nasce dalla Rivelazione cristiana in conformit\u00e0 alla tradizione e al Magistero della Chiesa in opposizione ad ogni relativismo e totalitarismo\",\"publisher\":{\"@id\":\"https:\\\/\\\/www.rassegnastampa-totustuus.it\\\/cattolica\\\/#organization\"},\"alternateName\":\"Rass. Cattolica\",\"potentialAction\":[{\"@type\":\"SearchAction\",\"target\":{\"@type\":\"EntryPoint\",\"urlTemplate\":\"https:\\\/\\\/www.rassegnastampa-totustuus.it\\\/cattolica\\\/?s={search_term_string}\"},\"query-input\":{\"@type\":\"PropertyValueSpecification\",\"valueRequired\":true,\"valueName\":\"search_term_string\"}}],\"inLanguage\":\"it-IT\"},{\"@type\":\"Organization\",\"@id\":\"https:\\\/\\\/www.rassegnastampa-totustuus.it\\\/cattolica\\\/#organization\",\"name\":\"Rassegna Stampa Cattolica\",\"url\":\"https:\\\/\\\/www.rassegnastampa-totustuus.it\\\/cattolica\\\/\",\"logo\":{\"@type\":\"ImageObject\",\"inLanguage\":\"it-IT\",\"@id\":\"https:\\\/\\\/www.rassegnastampa-totustuus.it\\\/cattolica\\\/#\\\/schema\\\/logo\\\/image\\\/\",\"url\":\"https:\\\/\\\/www.rassegnastampa-totustuus.it\\\/cattolica\\\/wp-content\\\/uploads\\\/2014\\\/04\\\/logo-rassegna1.gif\",\"contentUrl\":\"https:\\\/\\\/www.rassegnastampa-totustuus.it\\\/cattolica\\\/wp-content\\\/uploads\\\/2014\\\/04\\\/logo-rassegna1.gif\",\"width\":600,\"height\":163,\"caption\":\"Rassegna Stampa Cattolica\"},\"image\":{\"@id\":\"https:\\\/\\\/www.rassegnastampa-totustuus.it\\\/cattolica\\\/#\\\/schema\\\/logo\\\/image\\\/\"},\"sameAs\":[\"https:\\\/\\\/www.facebook.com\\\/rassegnastampacattolica\",\"https:\\\/\\\/x.com\\\/rassegnastampa9\"]},{\"@type\":\"Person\",\"@id\":\"https:\\\/\\\/www.rassegnastampa-totustuus.it\\\/cattolica\\\/#\\\/schema\\\/person\\\/08f319d2bd1a0904ad9e2bfb7b15e5c3\",\"name\":\"Redazione\",\"image\":{\"@type\":\"ImageObject\",\"inLanguage\":\"it-IT\",\"@id\":\"https:\\\/\\\/secure.gravatar.com\\\/avatar\\\/2fcdf27c78ea025fbdb44e914cc63c72249ffec9dc8aafd5c82b26240ef3f346?s=96&d=mm&r=g\",\"url\":\"https:\\\/\\\/secure.gravatar.com\\\/avatar\\\/2fcdf27c78ea025fbdb44e914cc63c72249ffec9dc8aafd5c82b26240ef3f346?s=96&d=mm&r=g\",\"contentUrl\":\"https:\\\/\\\/secure.gravatar.com\\\/avatar\\\/2fcdf27c78ea025fbdb44e914cc63c72249ffec9dc8aafd5c82b26240ef3f346?s=96&d=mm&r=g\",\"caption\":\"Redazione\"},\"url\":\"https:\\\/\\\/www.rassegnastampa-totustuus.it\\\/cattolica\\\/author\\\/pietroelle\\\/\"}]}<\/script>\n<!-- \/ Yoast SEO plugin. -->","yoast_head_json":{"title":"Attenzione al \u201cDigital Service Act\u201d e a certa \u201ccontroinformazione\u201d - Rassegna Stampa Cattolica","description":"Attenzione al \u201cDigital Service Act\u201d e a certa \u201ccontroinformazione\u201d che favorir\u00e0 la censura sul web e colpir\u00e0 la libert\u00e0 di espressione","robots":{"index":"index","follow":"follow","max-snippet":"max-snippet:-1","max-image-preview":"max-image-preview:large","max-video-preview":"max-video-preview:-1"},"canonical":"https:\/\/www.rassegnastampa-totustuus.it\/cattolica\/attenzione-al-digital-service-act-e-a-certa-controinformazione\/","og_locale":"it_IT","og_type":"article","og_title":"Attenzione al \u201cDigital Service Act\u201d e a certa \u201ccontroinformazione\u201d - Rassegna Stampa Cattolica","og_description":"Attenzione al \u201cDigital Service Act\u201d e a certa \u201ccontroinformazione\u201d che favorir\u00e0 la censura sul web e colpir\u00e0 la libert\u00e0 di espressione","og_url":"https:\/\/www.rassegnastampa-totustuus.it\/cattolica\/attenzione-al-digital-service-act-e-a-certa-controinformazione\/","og_site_name":"Rassegna Stampa Cattolica","article_publisher":"https:\/\/www.facebook.com\/rassegnastampacattolica","article_published_time":"2024-06-27T07:03:37+00:00","article_modified_time":"2024-06-27T07:03:39+00:00","og_image":[{"width":300,"height":168,"url":"https:\/\/www.rassegnastampa-totustuus.it\/cattolica\/wp-content\/uploads\/2019\/11\/censura.jpg","type":"image\/jpeg"}],"author":"Redazione","twitter_card":"summary_large_image","twitter_creator":"@rassegnastampa9","twitter_site":"@rassegnastampa9","twitter_misc":{"Scritto da":"Redazione","Tempo di lettura stimato":"9 minuti"},"schema":{"@context":"https:\/\/schema.org","@graph":[{"@type":"Article","@id":"https:\/\/www.rassegnastampa-totustuus.it\/cattolica\/attenzione-al-digital-service-act-e-a-certa-controinformazione\/#article","isPartOf":{"@id":"https:\/\/www.rassegnastampa-totustuus.it\/cattolica\/attenzione-al-digital-service-act-e-a-certa-controinformazione\/"},"author":{"name":"Redazione","@id":"https:\/\/www.rassegnastampa-totustuus.it\/cattolica\/#\/schema\/person\/08f319d2bd1a0904ad9e2bfb7b15e5c3"},"headline":"Attenzione al \u201cDigital Service Act\u201d e a certa \u201ccontroinformazione\u201d","datePublished":"2024-06-27T07:03:37+00:00","dateModified":"2024-06-27T07:03:39+00:00","mainEntityOfPage":{"@id":"https:\/\/www.rassegnastampa-totustuus.it\/cattolica\/attenzione-al-digital-service-act-e-a-certa-controinformazione\/"},"wordCount":1373,"publisher":{"@id":"https:\/\/www.rassegnastampa-totustuus.it\/cattolica\/#organization"},"image":{"@id":"https:\/\/www.rassegnastampa-totustuus.it\/cattolica\/attenzione-al-digital-service-act-e-a-certa-controinformazione\/#primaryimage"},"thumbnailUrl":"https:\/\/www.rassegnastampa-totustuus.it\/cattolica\/wp-content\/uploads\/2019\/11\/censura.jpg","keywords":["Digital Service Act","Europa EU","tecnologia"],"articleSection":["Europa e UE","Tecnologia"],"inLanguage":"it-IT"},{"@type":"WebPage","@id":"https:\/\/www.rassegnastampa-totustuus.it\/cattolica\/attenzione-al-digital-service-act-e-a-certa-controinformazione\/","url":"https:\/\/www.rassegnastampa-totustuus.it\/cattolica\/attenzione-al-digital-service-act-e-a-certa-controinformazione\/","name":"Attenzione al \u201cDigital Service Act\u201d e a certa \u201ccontroinformazione\u201d - Rassegna Stampa Cattolica","isPartOf":{"@id":"https:\/\/www.rassegnastampa-totustuus.it\/cattolica\/#website"},"primaryImageOfPage":{"@id":"https:\/\/www.rassegnastampa-totustuus.it\/cattolica\/attenzione-al-digital-service-act-e-a-certa-controinformazione\/#primaryimage"},"image":{"@id":"https:\/\/www.rassegnastampa-totustuus.it\/cattolica\/attenzione-al-digital-service-act-e-a-certa-controinformazione\/#primaryimage"},"thumbnailUrl":"https:\/\/www.rassegnastampa-totustuus.it\/cattolica\/wp-content\/uploads\/2019\/11\/censura.jpg","datePublished":"2024-06-27T07:03:37+00:00","dateModified":"2024-06-27T07:03:39+00:00","description":"Attenzione al \u201cDigital Service Act\u201d e a certa \u201ccontroinformazione\u201d che favorir\u00e0 la censura sul web e colpir\u00e0 la libert\u00e0 di espressione","breadcrumb":{"@id":"https:\/\/www.rassegnastampa-totustuus.it\/cattolica\/attenzione-al-digital-service-act-e-a-certa-controinformazione\/#breadcrumb"},"inLanguage":"it-IT","potentialAction":[{"@type":"ReadAction","target":["https:\/\/www.rassegnastampa-totustuus.it\/cattolica\/attenzione-al-digital-service-act-e-a-certa-controinformazione\/"]}]},{"@type":"ImageObject","inLanguage":"it-IT","@id":"https:\/\/www.rassegnastampa-totustuus.it\/cattolica\/attenzione-al-digital-service-act-e-a-certa-controinformazione\/#primaryimage","url":"https:\/\/www.rassegnastampa-totustuus.it\/cattolica\/wp-content\/uploads\/2019\/11\/censura.jpg","contentUrl":"https:\/\/www.rassegnastampa-totustuus.it\/cattolica\/wp-content\/uploads\/2019\/11\/censura.jpg","width":300,"height":168},{"@type":"BreadcrumbList","@id":"https:\/\/www.rassegnastampa-totustuus.it\/cattolica\/attenzione-al-digital-service-act-e-a-certa-controinformazione\/#breadcrumb","itemListElement":[{"@type":"ListItem","position":1,"name":"Home","item":"https:\/\/www.rassegnastampa-totustuus.it\/cattolica\/"},{"@type":"ListItem","position":2,"name":"Attenzione al \u201cDigital Service Act\u201d e a certa \u201ccontroinformazione\u201d"}]},{"@type":"WebSite","@id":"https:\/\/www.rassegnastampa-totustuus.it\/cattolica\/#website","url":"https:\/\/www.rassegnastampa-totustuus.it\/cattolica\/","name":"Rassegna Stampa Cattolica","description":"Per una cultura che nasce dalla Rivelazione cristiana in conformit\u00e0 alla tradizione e al Magistero della Chiesa in opposizione ad ogni relativismo e totalitarismo","publisher":{"@id":"https:\/\/www.rassegnastampa-totustuus.it\/cattolica\/#organization"},"alternateName":"Rass. Cattolica","potentialAction":[{"@type":"SearchAction","target":{"@type":"EntryPoint","urlTemplate":"https:\/\/www.rassegnastampa-totustuus.it\/cattolica\/?s={search_term_string}"},"query-input":{"@type":"PropertyValueSpecification","valueRequired":true,"valueName":"search_term_string"}}],"inLanguage":"it-IT"},{"@type":"Organization","@id":"https:\/\/www.rassegnastampa-totustuus.it\/cattolica\/#organization","name":"Rassegna Stampa Cattolica","url":"https:\/\/www.rassegnastampa-totustuus.it\/cattolica\/","logo":{"@type":"ImageObject","inLanguage":"it-IT","@id":"https:\/\/www.rassegnastampa-totustuus.it\/cattolica\/#\/schema\/logo\/image\/","url":"https:\/\/www.rassegnastampa-totustuus.it\/cattolica\/wp-content\/uploads\/2014\/04\/logo-rassegna1.gif","contentUrl":"https:\/\/www.rassegnastampa-totustuus.it\/cattolica\/wp-content\/uploads\/2014\/04\/logo-rassegna1.gif","width":600,"height":163,"caption":"Rassegna Stampa Cattolica"},"image":{"@id":"https:\/\/www.rassegnastampa-totustuus.it\/cattolica\/#\/schema\/logo\/image\/"},"sameAs":["https:\/\/www.facebook.com\/rassegnastampacattolica","https:\/\/x.com\/rassegnastampa9"]},{"@type":"Person","@id":"https:\/\/www.rassegnastampa-totustuus.it\/cattolica\/#\/schema\/person\/08f319d2bd1a0904ad9e2bfb7b15e5c3","name":"Redazione","image":{"@type":"ImageObject","inLanguage":"it-IT","@id":"https:\/\/secure.gravatar.com\/avatar\/2fcdf27c78ea025fbdb44e914cc63c72249ffec9dc8aafd5c82b26240ef3f346?s=96&d=mm&r=g","url":"https:\/\/secure.gravatar.com\/avatar\/2fcdf27c78ea025fbdb44e914cc63c72249ffec9dc8aafd5c82b26240ef3f346?s=96&d=mm&r=g","contentUrl":"https:\/\/secure.gravatar.com\/avatar\/2fcdf27c78ea025fbdb44e914cc63c72249ffec9dc8aafd5c82b26240ef3f346?s=96&d=mm&r=g","caption":"Redazione"},"url":"https:\/\/www.rassegnastampa-totustuus.it\/cattolica\/author\/pietroelle\/"}]}},"_links":{"self":[{"href":"https:\/\/www.rassegnastampa-totustuus.it\/cattolica\/wp-json\/wp\/v2\/posts\/60711","targetHints":{"allow":["GET"]}}],"collection":[{"href":"https:\/\/www.rassegnastampa-totustuus.it\/cattolica\/wp-json\/wp\/v2\/posts"}],"about":[{"href":"https:\/\/www.rassegnastampa-totustuus.it\/cattolica\/wp-json\/wp\/v2\/types\/post"}],"author":[{"embeddable":true,"href":"https:\/\/www.rassegnastampa-totustuus.it\/cattolica\/wp-json\/wp\/v2\/users\/6"}],"replies":[{"embeddable":true,"href":"https:\/\/www.rassegnastampa-totustuus.it\/cattolica\/wp-json\/wp\/v2\/comments?post=60711"}],"version-history":[{"count":1,"href":"https:\/\/www.rassegnastampa-totustuus.it\/cattolica\/wp-json\/wp\/v2\/posts\/60711\/revisions"}],"predecessor-version":[{"id":60712,"href":"https:\/\/www.rassegnastampa-totustuus.it\/cattolica\/wp-json\/wp\/v2\/posts\/60711\/revisions\/60712"}],"wp:featuredmedia":[{"embeddable":true,"href":"https:\/\/www.rassegnastampa-totustuus.it\/cattolica\/wp-json\/wp\/v2\/media\/45249"}],"wp:attachment":[{"href":"https:\/\/www.rassegnastampa-totustuus.it\/cattolica\/wp-json\/wp\/v2\/media?parent=60711"}],"wp:term":[{"taxonomy":"category","embeddable":true,"href":"https:\/\/www.rassegnastampa-totustuus.it\/cattolica\/wp-json\/wp\/v2\/categories?post=60711"},{"taxonomy":"post_tag","embeddable":true,"href":"https:\/\/www.rassegnastampa-totustuus.it\/cattolica\/wp-json\/wp\/v2\/tags?post=60711"}],"curies":[{"name":"wp","href":"https:\/\/api.w.org\/{rel}","templated":true}]}}