{"id":60708,"date":"2024-06-22T14:56:04","date_gmt":"2024-06-22T12:56:04","guid":{"rendered":"https:\/\/www.rassegnastampa-totustuus.it\/cattolica\/?p=60708"},"modified":"2024-06-22T14:56:06","modified_gmt":"2024-06-22T12:56:06","slug":"la-balla-della-bibbia-violenta-come-il-corano","status":"publish","type":"post","link":"https:\/\/www.rassegnastampa-totustuus.it\/cattolica\/la-balla-della-bibbia-violenta-come-il-corano\/","title":{"rendered":"La balla della Bibbia violenta come il Corano"},"content":{"rendered":"<p style=\"text-align: center;\"><span style=\"color: #000000;\"><strong><img loading=\"lazy\" decoding=\"async\" class=\"size-full wp-image-41598 alignleft\" src=\"https:\/\/www.rassegnastampa-totustuus.it\/cattolica\/wp-content\/uploads\/2018\/11\/Bibbia_corano.jpg\" alt=\"\" width=\"257\" height=\"196\" \/><a href=\"https:\/\/www.laverita.info\/\" target=\"_blank\" rel=\"noopener\">La Verit\u00e0<\/a><\/strong> Luned\u00ec 20 Maggio 2024 <\/span><\/p>\n<p style=\"text-align: justify;\"><span style=\"color: #000000;\">\u00a0<em>Nel testo sacro dei musulmani, i versetti che spronano a combattere gli infedeli sono in numero ben maggiore e non sono circoscritti a momenti storici specifici. Inoltre nei secoli l\u2019islam ha introdotto due precetti ulteriori: la guerra santa e il martirio<\/em> <\/span><\/p>\n<p style=\"text-align: center;\"><span style=\"color: #000000;\">di <strong>Silvana de Mari<\/strong><\/span><\/p>\n<p><!--more--><\/p>\n<p style=\"text-align: justify;\">\u00ab<span style=\"color: #000000;\">A lavare la testa all\u2019asino si perde il ranno e il sapone\u00bb. Il ranno era un filtrato di cenere usato per lavare i panni. Come spiega <strong>Bat Ye\u2019or<\/strong> nel libro <em>Eurabia<\/em> , e come dimostrano i pro Pal dei campus statunitensi accoccolati a pregare verso la Mecca, la causa palestinese \u00e8 fondamentale per l\u2019islamizzazione dell\u2019Europa. <\/span><\/p>\n<p style=\"text-align: justify;\"><span style=\"color: #000000;\">L\u2019islamizzazione dell\u2019Europa procede a tappe forzate, con l\u2019entusiasmo di utili entusiasti, con i quali \u00e8 impossibile qualsiasi discussione. Affermano che la violenza esiste anche nella Bibbia, negano quella del Corano. Ma nella Bibbia i versi violenti sono infinitamente di meno, sono parte di un racconto che si svolge nello spazio di secoli e sono circoscritti a una situazione precisa (uccidete gli assiri). <\/span><\/p>\n<p style=\"text-align: justify;\"><span style=\"color: #000000;\"><img loading=\"lazy\" decoding=\"async\" class=\" wp-image-43022 alignleft\" src=\"https:\/\/www.rassegnastampa-totustuus.it\/cattolica\/wp-content\/uploads\/2019\/05\/jihad_Europa-300x169.jpg\" alt=\"\" width=\"357\" height=\"201\" srcset=\"https:\/\/www.rassegnastampa-totustuus.it\/cattolica\/wp-content\/uploads\/2019\/05\/jihad_Europa-300x169.jpg 300w, https:\/\/www.rassegnastampa-totustuus.it\/cattolica\/wp-content\/uploads\/2019\/05\/jihad_Europa-768x432.jpg 768w, https:\/\/www.rassegnastampa-totustuus.it\/cattolica\/wp-content\/uploads\/2019\/05\/jihad_Europa-1024x576.jpg 1024w, https:\/\/www.rassegnastampa-totustuus.it\/cattolica\/wp-content\/uploads\/2019\/05\/jihad_Europa.jpg 1608w\" sizes=\"auto, (max-width: 357px) 100vw, 357px\" \/>Nel Corano sono molto pi\u00f9 numerosi e non circoscritti (uccidete gli infedeli ovunque si trovino). Alla violenza del Corano si aggiungono due precetti successivi. Ne parla <strong>Carlo Panella<\/strong> in due libri imperdibili: <em>Il libro nero del Califfato<\/em>, edizioni Bur, e <em>Il libro nero di Hamas<\/em>, edizioni Lindau. Panella identifica in due affermazioni la moltiplicazione della violenza islamica. <\/span><\/p>\n<p style=\"text-align: justify;\"><span style=\"color: #000000;\">Nell\u2019islam originale i precetti (arkan) erano cinque: la dichiarazione di fede, la preghiera quotidiana, il rispetto del ramadan, il pellegrinaggio alla Mecca, l\u2019autotassazione. A questi obblighi, il teologo <strong>Ahmad ibn Taymiyya<\/strong>, sunnita salafita, nel XIII secolo ne ha aggiunto un sesto, il dovere della Guerra Santa, jihad, che lui specifica essere ben pi\u00f9 importante degli altri. <\/span><\/p>\n<p style=\"text-align: justify;\"><span style=\"color: #000000;\">Questo vuol dire due cose: non sei un buon musulmano se non combatti e uccidi gli infedeli e gli apostati, mentre se sei sempre stato un pessimo musulmano, che non rispetta i precetti, con il jihad puoi riscattarti e salvarti. Il jihad \u00e8 contro infedeli, apostati, idolatri, sciiti (accusati di essere idolatri per il loro culto dei dodici imam), cristiani, ebrei e yazidi. <\/span><\/p>\n<p style=\"text-align: justify;\"><span style=\"color: #000000;\">A questo obbligo sunnita se ne aggiunge un settimo, sciita, di pochi decenni fa: l\u2019ayatollah Ruhollah Khomeini nel 1979 ha introdotto un settimo precetto: il martirio, morire uccidendo.<\/span><\/p>\n<p style=\"text-align: justify;\"><span style=\"color: #000000;\">\u00abIl martirio \u00e8 il cuore della Storia; nello stesso modo in cui il cuore irrora di sangue il corpo, cos\u00ec il martire irrora la storia. Ogni rivoluzione ha due volti: il primo \u00e8 il sangue, il secondo \u00e8 il messaggio: il martirio \u00e8 testimone di ambedue. Chi sceglie questa morte rossa mostra il proprio amore per la verit\u00e0. Una verit\u00e0 conculcata, che \u00e8 l\u2019unica arma per il jihad. <\/span><\/p>\n<p style=\"text-align: justify;\"><span style=\"color: #000000;\"><img loading=\"lazy\" decoding=\"async\" class=\" wp-image-54552 alignright\" src=\"https:\/\/www.rassegnastampa-totustuus.it\/cattolica\/wp-content\/uploads\/2005\/09\/kossovo_islam.jpg\" alt=\"\" width=\"351\" height=\"223\" \/>Il martirio emana una solarit\u00e0 unica, crea luce e calore nel mondo e nel cuore freddo e buio, nei pensieri, nei voleri paralizzati, immersi nella stagnazione, e nell\u2019oscurit\u00e0 immemore crea movimento, visione, speranza e crea volere, missione e dedizione. Il pensiero \u201cniente pu\u00f2 essere fatto\u201d cambia in \u201cqualcosa pu\u00f2 essere fatto\u201d o in \u201cqualcosa deve essere fatto\u201d. <\/span><\/p>\n<p style=\"text-align: justify;\"><span style=\"color: #000000;\">Il sangue si moltiplica: la morte del martire ha come conseguenza la morte del nemico che ha ucciso lui e quella del nemico ucciso dai suoi emuli. Versando il proprio sangue egli non causa solo la morte del nemico, ma la sua umiliazione\u00bb, afferma <strong>Ali Shariati<\/strong> , il teologo riconosciuto del regime di Khomeini.<\/span><\/p>\n<p style=\"text-align: justify;\"><span style=\"color: #000000;\">Il martirio \u00e8 esteso a tutti. Nel sanguinoso conflitto con l\u2019Iraq squadre di ragazzini iraniani con sulla fronte la fascia bianca dei martiri sono usati per sminare. Donne anche incinte e bambini sono stati forniti di cinture esplosive e mandati contro Israele. I soldati israeliani sanno che chiunque pu\u00f2 essere la bomba che li massacra. <\/span><\/p>\n<p style=\"text-align: justify;\"><span style=\"color: #000000;\">Il martirio \u00e8 esteso anche alla nazione. Dato che Khomei ni aveva avvertito il mondo che tra gli scopi, anzi i doveri, della rivoluzione c\u2019\u00e8 la distruzione dello stato di Israele, il fatto che l\u2019Iran abbia un programma nucleare \u00e8 oggettivamente un pericolo gravissimo. L\u2019arkan del martirio nasce in ambiente sciita, ma si diffonde immediatamente nel mondo sunnita wahabita e diventa l\u2019ossessione del mondo musulmano radicale.<\/span><\/p>\n<p style=\"text-align: justify;\"><span style=\"color: #000000;\">Nel suo <em>Il libro nero di Hamas<\/em> <strong>Panella<\/strong> racconta come Gaza sia diventata il fulcro di questa ideologia della morte. La morte \u00e8 invocata, esaltata, addirittura concupita. Le madri arabe cantano spesso le litanie dedicate alla prima notte delle nozze, nei banchetti che celebrano il figlio martire, i neonati vengono vesti da piccoli kamikaze, ai bambini si insegna come il martirio sia il solo vero scopo di una vita. Tutti sono votati alla morte per la distruzione non solo dello Stato sionista ma di ogni singolo ebreo nel mondo (rispettivamente articolo 1 e 7 della costituzione di Hamas).<\/span><\/p>\n<p style=\"text-align: justify;\"><span style=\"color: #000000;\"><img loading=\"lazy\" decoding=\"async\" class=\" wp-image-28432 alignleft\" src=\"https:\/\/www.rassegnastampa-totustuus.it\/cattolica\/wp-content\/uploads\/2004\/11\/Hamas.jpg\" alt=\"\" width=\"343\" height=\"192\" \/>Il capo di Hamas<strong> Sinwar<\/strong> ha dichiarato serenamente, in interviste rilasciate mentre lui se ne sta al sicuro, che Hamas ha bisogno del massimo dei morti civili, meglio se donne e bambini, per raggiungere il suo scopo, che \u00e8 scatenare un odio genocidario verso Israele. Israele \u00e8 accusato di genocidio. Il genocidio consiste nel fare il massimo danno fino allo sterminio totale a un popolo disarmato e inerme. <\/span><\/p>\n<p style=\"text-align: justify;\"><span style=\"color: #000000;\">Un popolo che ha compiuto il pi\u00f9 odioso dei pogrom, che trattiene deridendoli e torturandoli ostaggi, incluso un bimbo di un anno, e che continua a sparare missili su Israele, \u00e8 un popolo in guerra, non un popolo disarmato, un popolo in guerra contro un esercito pi\u00f9 forte che potrebbe spazzare via tutto e tutti con bombardamenti a tappeto, tenendo il suo esercito al sicuro, e che fortunatamente non lo ha mai fatto e mai lo far\u00e0. <\/span><\/p>\n<p style=\"text-align: justify;\"><span style=\"color: #000000;\">Bombardare una casa dopo aver avvertito con volantini, perch\u00e9 sul tetto di quella casa ci sono rampe di missili, \u00e8 un atto di guerra, e non diventa un atto genocidario nemmeno se in quella casa ci sono i civili cui Hamas ha impedito l\u2019accesso ai rifugi. Far saltare un bus scolastico \u00e8 un atto genocidario, rapire un bambino di un anno \u00e8 un atto genocidario, uccidere intenzionalmente un neonato \u00e8 un atto genocidario. <\/span><\/p>\n<p style=\"text-align: justify;\"><span style=\"color: #000000;\">Hamas \u00e8 un organismo genocidario che non pu\u00f2 attuare un genocidio per mancanza di mezzi, non di buona volont\u00e0. Tutte le mattine gli israeliani si svegliano perch\u00e9 i palestinesi non hanno potuto ucciderli, tutte le mattine i palestinesi si svegliano perch\u00e9 gli israeliani non hanno voluto ucciderli. Tutti i popoli decenti e tutti gli eserciti decenti mettono i civili al sicuro nei rifugi. Sotto Gaza ci sono chilometri e chilometri di tunnel che sono anche rifugi antiaerei, ma l\u2019ingresso \u00e8 vietato ai civili. Il civile deve restare sotto le macerie cos\u00ec da diventare una vittima, e quindi un martire.<\/span><span style=\"color: #000000;\">Come scrive <strong>Panella<\/strong> \u00abil pogrom del 7 ottobre, il massacro di 1.200 civili indifesi, donne, vecchi e bambini, le centinaia di stupri e violenze inenarrabili &#8211; peggio del terrorismo dunque &#8211; hanno riscosso ampio consenso popolare.<\/span><\/p>\n<p style=\"text-align: justify;\"><span style=\"color: #000000;\"> <img loading=\"lazy\" decoding=\"async\" class=\" wp-image-51699 alignright\" src=\"https:\/\/www.rassegnastampa-totustuus.it\/cattolica\/wp-content\/uploads\/2021\/06\/Israele_Palestina-300x169.jpeg\" alt=\"\" width=\"371\" height=\"209\" srcset=\"https:\/\/www.rassegnastampa-totustuus.it\/cattolica\/wp-content\/uploads\/2021\/06\/Israele_Palestina-300x169.jpeg 300w, https:\/\/www.rassegnastampa-totustuus.it\/cattolica\/wp-content\/uploads\/2021\/06\/Israele_Palestina-768x432.jpeg 768w, https:\/\/www.rassegnastampa-totustuus.it\/cattolica\/wp-content\/uploads\/2021\/06\/Israele_Palestina-1024x576.jpeg 1024w, https:\/\/www.rassegnastampa-totustuus.it\/cattolica\/wp-content\/uploads\/2021\/06\/Israele_Palestina.jpeg 1280w\" sizes=\"auto, (max-width: 371px) 100vw, 371px\" \/>Anche in Europa e in America\u00bb. Il giorno successivo al pogrom gli atenei statunitensi erano appassionatamente favorevoli agli assassini commessi. Spesso i professori hanno giubilato con gli studenti. Il consenso di cui go de Hamas merita di essere analizzato. <\/span><\/p>\n<p style=\"text-align: justify;\"><span style=\"color: #000000;\">Ho scoperto a mie spese che un qualsiasi tentativo di discussione con gli entusiasti sostenitori di Hamas sia una fatica inutile. Non sanno nulla, spiegano che l\u2019Iran \u00e8 una nazione pacifica, che non ha mai lapidato nessuna donna, e che il velo \u00e8 identit\u00e0. Negano che i palestinesi ci abbiano fatto due attentati a Fiumicino per un totale di 48 morti, che abbiano aperto il fuoco sui bambini ebrei davanti alla sinagoga di Roma, che abbiano sequestrato l\u2019Achille Lauro ammazzando un anziano ebreo in sedia a rotelle. <\/span><\/p>\n<p style=\"text-align: justify;\"><span style=\"color: #000000;\">Negano il terrorismo contro civili israeliani e quando lo ammettono dichiarano che non esistono israeliani innocenti. Si fondono nell\u2019amore per Hamas due sentimenti potenti, l\u2019amore ancestrale che molti nutrono per la violenza (Hitler, Stalin, le Brigate Rosse sono stati molto amati) e lo stesso odio contro gli ebrei che ne ha causato lo sterminio durante la seconda guerra mondiale.<\/span><\/p>\n<p>____________________________________________<\/p>\n<p><strong>Leggi anche:<\/strong><\/p>\n<p><a href=\"https:\/\/www.rassegnastampa-totustuus.it\/cattolica\/che-cose-il-jihad\/\" target=\"_blank\" rel=\"noopener\"><span style=\"color: #0000ff;\">Che cos\u2019\u00e8 il jih\u0101d<\/span><\/a><\/p>\n<p><a href=\"https:\/\/www.rassegnastampa-totustuus.it\/cattolica\/il-jihad-nel-pensiero-islamico-contemporaneo\/\" target=\"_blank\" rel=\"noopener\"><span style=\"color: #0000ff;\">Il \u00abJihad\u00bb nel pensiero islamico contemporaneo<\/span><\/a><\/p>\n","protected":false},"excerpt":{"rendered":"<p>La Verit\u00e0 Luned\u00ec 20 Maggio 2024 \u00a0Nel testo sacro dei musulmani, i versetti che spronano a combattere gli infedeli sono in numero ben maggiore e non sono circoscritti a momenti storici specifici. Inoltre nei secoli l\u2019islam ha introdotto due precetti ulteriori: la guerra santa e il martirio di Silvana de Mari<\/p><p><a class=\"more-link btn\" href=\"https:\/\/www.rassegnastampa-totustuus.it\/cattolica\/la-balla-della-bibbia-violenta-come-il-corano\/\">Continua a leggere<\/a><\/p>\n","protected":false},"author":6,"featured_media":41598,"comment_status":"closed","ping_status":"closed","sticky":false,"template":"","format":"standard","meta":{"footnotes":""},"categories":[16],"tags":[165,161],"class_list":["post-60708","post","type-post","status-publish","format-standard","has-post-thumbnail","hentry","category-islam","tag-corano","tag-islam-2","item-wrap"],"yoast_head":"<!-- This site is optimized with the Yoast SEO plugin v27.5 - https:\/\/yoast.com\/product\/yoast-seo-wordpress\/ -->\n<title>La balla della Bibbia violenta come il Corano - Rassegna Stampa Cattolica<\/title>\n<meta name=\"description\" content=\"La balla della Bibbia violenta come il Corano che ha introdotto due ulteriori precetti: il martirio e la guerra santa\" \/>\n<meta name=\"robots\" content=\"index, follow, max-snippet:-1, max-image-preview:large, max-video-preview:-1\" \/>\n<link rel=\"canonical\" href=\"https:\/\/www.rassegnastampa-totustuus.it\/cattolica\/la-balla-della-bibbia-violenta-come-il-corano\/\" \/>\n<meta property=\"og:locale\" content=\"it_IT\" \/>\n<meta property=\"og:type\" content=\"article\" \/>\n<meta property=\"og:title\" content=\"La balla della Bibbia violenta come il Corano - Rassegna Stampa Cattolica\" \/>\n<meta property=\"og:description\" content=\"La balla della Bibbia violenta come il Corano che ha introdotto due ulteriori precetti: il martirio e la guerra santa\" \/>\n<meta property=\"og:url\" content=\"https:\/\/www.rassegnastampa-totustuus.it\/cattolica\/la-balla-della-bibbia-violenta-come-il-corano\/\" \/>\n<meta property=\"og:site_name\" content=\"Rassegna Stampa Cattolica\" \/>\n<meta property=\"article:publisher\" content=\"https:\/\/www.facebook.com\/rassegnastampacattolica\" \/>\n<meta property=\"article:published_time\" content=\"2024-06-22T12:56:04+00:00\" \/>\n<meta property=\"article:modified_time\" content=\"2024-06-22T12:56:06+00:00\" \/>\n<meta property=\"og:image\" content=\"https:\/\/www.rassegnastampa-totustuus.it\/cattolica\/wp-content\/uploads\/2018\/11\/Bibbia_corano.jpg\" \/>\n\t<meta property=\"og:image:width\" content=\"257\" \/>\n\t<meta property=\"og:image:height\" content=\"196\" \/>\n\t<meta property=\"og:image:type\" content=\"image\/jpeg\" \/>\n<meta name=\"author\" content=\"Redazione\" \/>\n<meta name=\"twitter:card\" content=\"summary_large_image\" \/>\n<meta name=\"twitter:creator\" content=\"@rassegnastampa9\" \/>\n<meta name=\"twitter:site\" content=\"@rassegnastampa9\" \/>\n<meta name=\"twitter:label1\" content=\"Scritto da\" \/>\n\t<meta name=\"twitter:data1\" content=\"Redazione\" \/>\n\t<meta name=\"twitter:label2\" content=\"Tempo di lettura stimato\" \/>\n\t<meta name=\"twitter:data2\" content=\"9 minuti\" \/>\n<script type=\"application\/ld+json\" class=\"yoast-schema-graph\">{\"@context\":\"https:\\\/\\\/schema.org\",\"@graph\":[{\"@type\":\"Article\",\"@id\":\"https:\\\/\\\/www.rassegnastampa-totustuus.it\\\/cattolica\\\/la-balla-della-bibbia-violenta-come-il-corano\\\/#article\",\"isPartOf\":{\"@id\":\"https:\\\/\\\/www.rassegnastampa-totustuus.it\\\/cattolica\\\/la-balla-della-bibbia-violenta-come-il-corano\\\/\"},\"author\":{\"name\":\"Redazione\",\"@id\":\"https:\\\/\\\/www.rassegnastampa-totustuus.it\\\/cattolica\\\/#\\\/schema\\\/person\\\/08f319d2bd1a0904ad9e2bfb7b15e5c3\"},\"headline\":\"La balla della Bibbia violenta come il Corano\",\"datePublished\":\"2024-06-22T12:56:04+00:00\",\"dateModified\":\"2024-06-22T12:56:06+00:00\",\"mainEntityOfPage\":{\"@id\":\"https:\\\/\\\/www.rassegnastampa-totustuus.it\\\/cattolica\\\/la-balla-della-bibbia-violenta-come-il-corano\\\/\"},\"wordCount\":1319,\"publisher\":{\"@id\":\"https:\\\/\\\/www.rassegnastampa-totustuus.it\\\/cattolica\\\/#organization\"},\"image\":{\"@id\":\"https:\\\/\\\/www.rassegnastampa-totustuus.it\\\/cattolica\\\/la-balla-della-bibbia-violenta-come-il-corano\\\/#primaryimage\"},\"thumbnailUrl\":\"https:\\\/\\\/www.rassegnastampa-totustuus.it\\\/cattolica\\\/wp-content\\\/uploads\\\/2018\\\/11\\\/Bibbia_corano.jpg\",\"keywords\":[\"Corano\",\"islam\"],\"articleSection\":[\"Islam\"],\"inLanguage\":\"it-IT\"},{\"@type\":\"WebPage\",\"@id\":\"https:\\\/\\\/www.rassegnastampa-totustuus.it\\\/cattolica\\\/la-balla-della-bibbia-violenta-come-il-corano\\\/\",\"url\":\"https:\\\/\\\/www.rassegnastampa-totustuus.it\\\/cattolica\\\/la-balla-della-bibbia-violenta-come-il-corano\\\/\",\"name\":\"La balla della Bibbia violenta come il Corano - Rassegna Stampa Cattolica\",\"isPartOf\":{\"@id\":\"https:\\\/\\\/www.rassegnastampa-totustuus.it\\\/cattolica\\\/#website\"},\"primaryImageOfPage\":{\"@id\":\"https:\\\/\\\/www.rassegnastampa-totustuus.it\\\/cattolica\\\/la-balla-della-bibbia-violenta-come-il-corano\\\/#primaryimage\"},\"image\":{\"@id\":\"https:\\\/\\\/www.rassegnastampa-totustuus.it\\\/cattolica\\\/la-balla-della-bibbia-violenta-come-il-corano\\\/#primaryimage\"},\"thumbnailUrl\":\"https:\\\/\\\/www.rassegnastampa-totustuus.it\\\/cattolica\\\/wp-content\\\/uploads\\\/2018\\\/11\\\/Bibbia_corano.jpg\",\"datePublished\":\"2024-06-22T12:56:04+00:00\",\"dateModified\":\"2024-06-22T12:56:06+00:00\",\"description\":\"La balla della Bibbia violenta come il Corano che ha introdotto due ulteriori precetti: il martirio e la guerra santa\",\"breadcrumb\":{\"@id\":\"https:\\\/\\\/www.rassegnastampa-totustuus.it\\\/cattolica\\\/la-balla-della-bibbia-violenta-come-il-corano\\\/#breadcrumb\"},\"inLanguage\":\"it-IT\",\"potentialAction\":[{\"@type\":\"ReadAction\",\"target\":[\"https:\\\/\\\/www.rassegnastampa-totustuus.it\\\/cattolica\\\/la-balla-della-bibbia-violenta-come-il-corano\\\/\"]}]},{\"@type\":\"ImageObject\",\"inLanguage\":\"it-IT\",\"@id\":\"https:\\\/\\\/www.rassegnastampa-totustuus.it\\\/cattolica\\\/la-balla-della-bibbia-violenta-come-il-corano\\\/#primaryimage\",\"url\":\"https:\\\/\\\/www.rassegnastampa-totustuus.it\\\/cattolica\\\/wp-content\\\/uploads\\\/2018\\\/11\\\/Bibbia_corano.jpg\",\"contentUrl\":\"https:\\\/\\\/www.rassegnastampa-totustuus.it\\\/cattolica\\\/wp-content\\\/uploads\\\/2018\\\/11\\\/Bibbia_corano.jpg\",\"width\":257,\"height\":196},{\"@type\":\"BreadcrumbList\",\"@id\":\"https:\\\/\\\/www.rassegnastampa-totustuus.it\\\/cattolica\\\/la-balla-della-bibbia-violenta-come-il-corano\\\/#breadcrumb\",\"itemListElement\":[{\"@type\":\"ListItem\",\"position\":1,\"name\":\"Home\",\"item\":\"https:\\\/\\\/www.rassegnastampa-totustuus.it\\\/cattolica\\\/\"},{\"@type\":\"ListItem\",\"position\":2,\"name\":\"La balla della Bibbia violenta come il Corano\"}]},{\"@type\":\"WebSite\",\"@id\":\"https:\\\/\\\/www.rassegnastampa-totustuus.it\\\/cattolica\\\/#website\",\"url\":\"https:\\\/\\\/www.rassegnastampa-totustuus.it\\\/cattolica\\\/\",\"name\":\"Rassegna Stampa Cattolica\",\"description\":\"Per una cultura che nasce dalla Rivelazione cristiana in conformit\u00e0 alla tradizione e al Magistero della Chiesa in opposizione ad ogni relativismo e totalitarismo\",\"publisher\":{\"@id\":\"https:\\\/\\\/www.rassegnastampa-totustuus.it\\\/cattolica\\\/#organization\"},\"alternateName\":\"Rass. Cattolica\",\"potentialAction\":[{\"@type\":\"SearchAction\",\"target\":{\"@type\":\"EntryPoint\",\"urlTemplate\":\"https:\\\/\\\/www.rassegnastampa-totustuus.it\\\/cattolica\\\/?s={search_term_string}\"},\"query-input\":{\"@type\":\"PropertyValueSpecification\",\"valueRequired\":true,\"valueName\":\"search_term_string\"}}],\"inLanguage\":\"it-IT\"},{\"@type\":\"Organization\",\"@id\":\"https:\\\/\\\/www.rassegnastampa-totustuus.it\\\/cattolica\\\/#organization\",\"name\":\"Rassegna Stampa Cattolica\",\"url\":\"https:\\\/\\\/www.rassegnastampa-totustuus.it\\\/cattolica\\\/\",\"logo\":{\"@type\":\"ImageObject\",\"inLanguage\":\"it-IT\",\"@id\":\"https:\\\/\\\/www.rassegnastampa-totustuus.it\\\/cattolica\\\/#\\\/schema\\\/logo\\\/image\\\/\",\"url\":\"https:\\\/\\\/www.rassegnastampa-totustuus.it\\\/cattolica\\\/wp-content\\\/uploads\\\/2014\\\/04\\\/logo-rassegna1.gif\",\"contentUrl\":\"https:\\\/\\\/www.rassegnastampa-totustuus.it\\\/cattolica\\\/wp-content\\\/uploads\\\/2014\\\/04\\\/logo-rassegna1.gif\",\"width\":600,\"height\":163,\"caption\":\"Rassegna Stampa Cattolica\"},\"image\":{\"@id\":\"https:\\\/\\\/www.rassegnastampa-totustuus.it\\\/cattolica\\\/#\\\/schema\\\/logo\\\/image\\\/\"},\"sameAs\":[\"https:\\\/\\\/www.facebook.com\\\/rassegnastampacattolica\",\"https:\\\/\\\/x.com\\\/rassegnastampa9\"]},{\"@type\":\"Person\",\"@id\":\"https:\\\/\\\/www.rassegnastampa-totustuus.it\\\/cattolica\\\/#\\\/schema\\\/person\\\/08f319d2bd1a0904ad9e2bfb7b15e5c3\",\"name\":\"Redazione\",\"image\":{\"@type\":\"ImageObject\",\"inLanguage\":\"it-IT\",\"@id\":\"https:\\\/\\\/secure.gravatar.com\\\/avatar\\\/2fcdf27c78ea025fbdb44e914cc63c72249ffec9dc8aafd5c82b26240ef3f346?s=96&d=mm&r=g\",\"url\":\"https:\\\/\\\/secure.gravatar.com\\\/avatar\\\/2fcdf27c78ea025fbdb44e914cc63c72249ffec9dc8aafd5c82b26240ef3f346?s=96&d=mm&r=g\",\"contentUrl\":\"https:\\\/\\\/secure.gravatar.com\\\/avatar\\\/2fcdf27c78ea025fbdb44e914cc63c72249ffec9dc8aafd5c82b26240ef3f346?s=96&d=mm&r=g\",\"caption\":\"Redazione\"},\"url\":\"https:\\\/\\\/www.rassegnastampa-totustuus.it\\\/cattolica\\\/author\\\/pietroelle\\\/\"}]}<\/script>\n<!-- \/ Yoast SEO plugin. -->","yoast_head_json":{"title":"La balla della Bibbia violenta come il Corano - Rassegna Stampa Cattolica","description":"La balla della Bibbia violenta come il Corano che ha introdotto due ulteriori precetti: il martirio e la guerra santa","robots":{"index":"index","follow":"follow","max-snippet":"max-snippet:-1","max-image-preview":"max-image-preview:large","max-video-preview":"max-video-preview:-1"},"canonical":"https:\/\/www.rassegnastampa-totustuus.it\/cattolica\/la-balla-della-bibbia-violenta-come-il-corano\/","og_locale":"it_IT","og_type":"article","og_title":"La balla della Bibbia violenta come il Corano - Rassegna Stampa Cattolica","og_description":"La balla della Bibbia violenta come il Corano che ha introdotto due ulteriori precetti: il martirio e la guerra santa","og_url":"https:\/\/www.rassegnastampa-totustuus.it\/cattolica\/la-balla-della-bibbia-violenta-come-il-corano\/","og_site_name":"Rassegna Stampa Cattolica","article_publisher":"https:\/\/www.facebook.com\/rassegnastampacattolica","article_published_time":"2024-06-22T12:56:04+00:00","article_modified_time":"2024-06-22T12:56:06+00:00","og_image":[{"width":257,"height":196,"url":"https:\/\/www.rassegnastampa-totustuus.it\/cattolica\/wp-content\/uploads\/2018\/11\/Bibbia_corano.jpg","type":"image\/jpeg"}],"author":"Redazione","twitter_card":"summary_large_image","twitter_creator":"@rassegnastampa9","twitter_site":"@rassegnastampa9","twitter_misc":{"Scritto da":"Redazione","Tempo di lettura stimato":"9 minuti"},"schema":{"@context":"https:\/\/schema.org","@graph":[{"@type":"Article","@id":"https:\/\/www.rassegnastampa-totustuus.it\/cattolica\/la-balla-della-bibbia-violenta-come-il-corano\/#article","isPartOf":{"@id":"https:\/\/www.rassegnastampa-totustuus.it\/cattolica\/la-balla-della-bibbia-violenta-come-il-corano\/"},"author":{"name":"Redazione","@id":"https:\/\/www.rassegnastampa-totustuus.it\/cattolica\/#\/schema\/person\/08f319d2bd1a0904ad9e2bfb7b15e5c3"},"headline":"La balla della Bibbia violenta come il Corano","datePublished":"2024-06-22T12:56:04+00:00","dateModified":"2024-06-22T12:56:06+00:00","mainEntityOfPage":{"@id":"https:\/\/www.rassegnastampa-totustuus.it\/cattolica\/la-balla-della-bibbia-violenta-come-il-corano\/"},"wordCount":1319,"publisher":{"@id":"https:\/\/www.rassegnastampa-totustuus.it\/cattolica\/#organization"},"image":{"@id":"https:\/\/www.rassegnastampa-totustuus.it\/cattolica\/la-balla-della-bibbia-violenta-come-il-corano\/#primaryimage"},"thumbnailUrl":"https:\/\/www.rassegnastampa-totustuus.it\/cattolica\/wp-content\/uploads\/2018\/11\/Bibbia_corano.jpg","keywords":["Corano","islam"],"articleSection":["Islam"],"inLanguage":"it-IT"},{"@type":"WebPage","@id":"https:\/\/www.rassegnastampa-totustuus.it\/cattolica\/la-balla-della-bibbia-violenta-come-il-corano\/","url":"https:\/\/www.rassegnastampa-totustuus.it\/cattolica\/la-balla-della-bibbia-violenta-come-il-corano\/","name":"La balla della Bibbia violenta come il Corano - Rassegna Stampa Cattolica","isPartOf":{"@id":"https:\/\/www.rassegnastampa-totustuus.it\/cattolica\/#website"},"primaryImageOfPage":{"@id":"https:\/\/www.rassegnastampa-totustuus.it\/cattolica\/la-balla-della-bibbia-violenta-come-il-corano\/#primaryimage"},"image":{"@id":"https:\/\/www.rassegnastampa-totustuus.it\/cattolica\/la-balla-della-bibbia-violenta-come-il-corano\/#primaryimage"},"thumbnailUrl":"https:\/\/www.rassegnastampa-totustuus.it\/cattolica\/wp-content\/uploads\/2018\/11\/Bibbia_corano.jpg","datePublished":"2024-06-22T12:56:04+00:00","dateModified":"2024-06-22T12:56:06+00:00","description":"La balla della Bibbia violenta come il Corano che ha introdotto due ulteriori precetti: il martirio e la guerra santa","breadcrumb":{"@id":"https:\/\/www.rassegnastampa-totustuus.it\/cattolica\/la-balla-della-bibbia-violenta-come-il-corano\/#breadcrumb"},"inLanguage":"it-IT","potentialAction":[{"@type":"ReadAction","target":["https:\/\/www.rassegnastampa-totustuus.it\/cattolica\/la-balla-della-bibbia-violenta-come-il-corano\/"]}]},{"@type":"ImageObject","inLanguage":"it-IT","@id":"https:\/\/www.rassegnastampa-totustuus.it\/cattolica\/la-balla-della-bibbia-violenta-come-il-corano\/#primaryimage","url":"https:\/\/www.rassegnastampa-totustuus.it\/cattolica\/wp-content\/uploads\/2018\/11\/Bibbia_corano.jpg","contentUrl":"https:\/\/www.rassegnastampa-totustuus.it\/cattolica\/wp-content\/uploads\/2018\/11\/Bibbia_corano.jpg","width":257,"height":196},{"@type":"BreadcrumbList","@id":"https:\/\/www.rassegnastampa-totustuus.it\/cattolica\/la-balla-della-bibbia-violenta-come-il-corano\/#breadcrumb","itemListElement":[{"@type":"ListItem","position":1,"name":"Home","item":"https:\/\/www.rassegnastampa-totustuus.it\/cattolica\/"},{"@type":"ListItem","position":2,"name":"La balla della Bibbia violenta come il Corano"}]},{"@type":"WebSite","@id":"https:\/\/www.rassegnastampa-totustuus.it\/cattolica\/#website","url":"https:\/\/www.rassegnastampa-totustuus.it\/cattolica\/","name":"Rassegna Stampa Cattolica","description":"Per una cultura che nasce dalla Rivelazione cristiana in conformit\u00e0 alla tradizione e al Magistero della Chiesa in opposizione ad ogni relativismo e totalitarismo","publisher":{"@id":"https:\/\/www.rassegnastampa-totustuus.it\/cattolica\/#organization"},"alternateName":"Rass. Cattolica","potentialAction":[{"@type":"SearchAction","target":{"@type":"EntryPoint","urlTemplate":"https:\/\/www.rassegnastampa-totustuus.it\/cattolica\/?s={search_term_string}"},"query-input":{"@type":"PropertyValueSpecification","valueRequired":true,"valueName":"search_term_string"}}],"inLanguage":"it-IT"},{"@type":"Organization","@id":"https:\/\/www.rassegnastampa-totustuus.it\/cattolica\/#organization","name":"Rassegna Stampa Cattolica","url":"https:\/\/www.rassegnastampa-totustuus.it\/cattolica\/","logo":{"@type":"ImageObject","inLanguage":"it-IT","@id":"https:\/\/www.rassegnastampa-totustuus.it\/cattolica\/#\/schema\/logo\/image\/","url":"https:\/\/www.rassegnastampa-totustuus.it\/cattolica\/wp-content\/uploads\/2014\/04\/logo-rassegna1.gif","contentUrl":"https:\/\/www.rassegnastampa-totustuus.it\/cattolica\/wp-content\/uploads\/2014\/04\/logo-rassegna1.gif","width":600,"height":163,"caption":"Rassegna Stampa Cattolica"},"image":{"@id":"https:\/\/www.rassegnastampa-totustuus.it\/cattolica\/#\/schema\/logo\/image\/"},"sameAs":["https:\/\/www.facebook.com\/rassegnastampacattolica","https:\/\/x.com\/rassegnastampa9"]},{"@type":"Person","@id":"https:\/\/www.rassegnastampa-totustuus.it\/cattolica\/#\/schema\/person\/08f319d2bd1a0904ad9e2bfb7b15e5c3","name":"Redazione","image":{"@type":"ImageObject","inLanguage":"it-IT","@id":"https:\/\/secure.gravatar.com\/avatar\/2fcdf27c78ea025fbdb44e914cc63c72249ffec9dc8aafd5c82b26240ef3f346?s=96&d=mm&r=g","url":"https:\/\/secure.gravatar.com\/avatar\/2fcdf27c78ea025fbdb44e914cc63c72249ffec9dc8aafd5c82b26240ef3f346?s=96&d=mm&r=g","contentUrl":"https:\/\/secure.gravatar.com\/avatar\/2fcdf27c78ea025fbdb44e914cc63c72249ffec9dc8aafd5c82b26240ef3f346?s=96&d=mm&r=g","caption":"Redazione"},"url":"https:\/\/www.rassegnastampa-totustuus.it\/cattolica\/author\/pietroelle\/"}]}},"_links":{"self":[{"href":"https:\/\/www.rassegnastampa-totustuus.it\/cattolica\/wp-json\/wp\/v2\/posts\/60708","targetHints":{"allow":["GET"]}}],"collection":[{"href":"https:\/\/www.rassegnastampa-totustuus.it\/cattolica\/wp-json\/wp\/v2\/posts"}],"about":[{"href":"https:\/\/www.rassegnastampa-totustuus.it\/cattolica\/wp-json\/wp\/v2\/types\/post"}],"author":[{"embeddable":true,"href":"https:\/\/www.rassegnastampa-totustuus.it\/cattolica\/wp-json\/wp\/v2\/users\/6"}],"replies":[{"embeddable":true,"href":"https:\/\/www.rassegnastampa-totustuus.it\/cattolica\/wp-json\/wp\/v2\/comments?post=60708"}],"version-history":[{"count":1,"href":"https:\/\/www.rassegnastampa-totustuus.it\/cattolica\/wp-json\/wp\/v2\/posts\/60708\/revisions"}],"predecessor-version":[{"id":60709,"href":"https:\/\/www.rassegnastampa-totustuus.it\/cattolica\/wp-json\/wp\/v2\/posts\/60708\/revisions\/60709"}],"wp:featuredmedia":[{"embeddable":true,"href":"https:\/\/www.rassegnastampa-totustuus.it\/cattolica\/wp-json\/wp\/v2\/media\/41598"}],"wp:attachment":[{"href":"https:\/\/www.rassegnastampa-totustuus.it\/cattolica\/wp-json\/wp\/v2\/media?parent=60708"}],"wp:term":[{"taxonomy":"category","embeddable":true,"href":"https:\/\/www.rassegnastampa-totustuus.it\/cattolica\/wp-json\/wp\/v2\/categories?post=60708"},{"taxonomy":"post_tag","embeddable":true,"href":"https:\/\/www.rassegnastampa-totustuus.it\/cattolica\/wp-json\/wp\/v2\/tags?post=60708"}],"curies":[{"name":"wp","href":"https:\/\/api.w.org\/{rel}","templated":true}]}}