{"id":60704,"date":"2024-06-22T14:08:23","date_gmt":"2024-06-22T12:08:23","guid":{"rendered":"https:\/\/www.rassegnastampa-totustuus.it\/cattolica\/?p=60704"},"modified":"2024-06-22T14:11:22","modified_gmt":"2024-06-22T12:11:22","slug":"cosa-ce-dopo-il-liberismo-nulla","status":"publish","type":"post","link":"https:\/\/www.rassegnastampa-totustuus.it\/cattolica\/cosa-ce-dopo-il-liberismo-nulla\/","title":{"rendered":"Cosa c&#8217;\u00e8 dopo il liberismo? Nulla"},"content":{"rendered":"<p style=\"text-align: center;\"><span style=\"color: #0000ff;\"><strong><a style=\"color: #0000ff;\" href=\"https:\/\/www.atfp.it\/\"><img loading=\"lazy\" decoding=\"async\" class=\"size-medium wp-image-46561 alignright\" src=\"https:\/\/www.rassegnastampa-totustuus.it\/cattolica\/wp-content\/uploads\/2020\/03\/liberalismo-300x166.jpg\" alt=\"\" width=\"300\" height=\"166\" srcset=\"https:\/\/www.rassegnastampa-totustuus.it\/cattolica\/wp-content\/uploads\/2020\/03\/liberalismo-300x166.jpg 300w, https:\/\/www.rassegnastampa-totustuus.it\/cattolica\/wp-content\/uploads\/2020\/03\/liberalismo.jpg 302w\" sizes=\"auto, (max-width: 300px) 100vw, 300px\" \/>Tradizione Famiglia Propriet\u00e0<\/a> <\/strong><\/span><span style=\"color: #000000;\">newsletter 21 Giugno 2024 <\/span><\/p>\n<p style=\"text-align: center;\"><span style=\"color: #000000;\"> <em>di <\/em><strong>John Horvat<\/strong><\/span><\/p>\n<p style=\"text-align: justify;\"><span style=\"color: #000000;\">La crisi interna del liberalismo ha spinto molti ad ammettere le sue numerose problematicit\u00e0. Tuttavia, la maggior parte delle persone accetta il liberalismo perch\u00e9 non trova niente di meglio per sostituirlo.<\/span><\/p>\n<p><!--more--><\/p>\n<p style=\"text-align: justify;\"><span style=\"color: #000000;\">Pochi sanno rispondere a questa domanda pungente: Cosa c&#8217;\u00e8 dopo il liberalismo? La maggior parte delle risposte o escogita qualche piano all&#8217;interno del contenitore liberale (di solito pretendendo pi\u00f9 liberismo) o diventa illiberale, proponendo una filosofia politica autoritaria opposta che ha poche possibilit\u00e0 di essere attuata liberamente. Come modo pratico per evitare complicazioni, ragionano, il liberalismo \u00e8 sufficiente.<\/span><\/p>\n<h4 style=\"text-align: center;\"><span style=\"color: #000000;\"><strong>Gli elementi non liberali del liberalismo<\/strong><\/span><\/h4>\n<p style=\"text-align: justify;\"><span style=\"color: #000000;\"><img loading=\"lazy\" decoding=\"async\" class=\" wp-image-7728 alignleft\" src=\"https:\/\/www.rassegnastampa-totustuus.it\/cattolica\/wp-content\/uploads\/2014\/06\/liberalismo.jpg\" alt=\"\" width=\"256\" height=\"296\" \/>L\u2019alternativa rappresenta un falso dilemma. Per esplorare delle possibilit\u00e0 che vadano al di l\u00e0 dal liberalismo, \u00e8 necessario prima stabilire una corretta comprensione del liberalismo.<\/span><\/p>\n<p style=\"text-align: justify;\"><span style=\"color: #000000;\">Il liberalismo ha due componenti che lo definiscono. La prima riguarda il governo limitato. \u00c8 un modello che implementa sistemi di regole piuttosto che giudizi morali. Il liberalismo favorisce elementi come lo Stato di diritto, il controllo giudiziario, il governo rappresentativo e il libero mercato.<\/span><\/p>\n<p style=\"text-align: justify;\"><span style=\"color: #000000;\">Questi sistemi di regole hanno contribuito alla prosperit\u00e0 delle nazioni. In effetti, i successi del liberalismo possono essere attribuiti a molti di questi sistemi. Di per s\u00e9, non c&#8217;\u00e8 nulla di sbagliato in molti di essi (non in tutti) poich\u00e9, se ben applicati, sono in accordo con la natura delle cose.<\/span><\/p>\n<p style=\"text-align: justify;\"><span style=\"color: #000000;\">Tuttavia, la maggior parte di questi sistemi non ha nulla di originariamente liberale. Essi possono risalire all&#8217;ordine cristiano che esisteva in Occidente <em>prima del <\/em>liberalismo<em>.<\/em><\/span><\/p>\n<h4 style=\"text-align: center;\"><span style=\"color: #000000;\"><strong>L&#8217;ordine precedente<\/strong><\/span><\/h4>\n<p style=\"text-align: justify;\"><span style=\"color: #000000;\">Pertanto, molti, ma non tutti, questi sistemi sono stati costruiti su basi pre-liberali. Ad esempio, lo Stato di diritto nacque dalla sistematizzazione medievale del diritto costituzionale e consuetudinario. Disconosciuto nell\u2019antichit\u00e0, il governo rappresentativo inizi\u00f2 con i primi parlamenti, le \u201ccortes\u201d e altri organi rappresentativi che fiorirono in epoca medievale. Questi organi nacquero perch\u00e9 le decisioni essenziali dovevano essere prese collettivamente e il consenso e il riconoscimento pubblico dovevano essere dati a qualsiasi cambiamento di costume, secondo l&#8217;antica massima &#8220;ci\u00f2 che tocca tutti deve essere approvato da tutti (<em>quod omnes tangit ab omnibus probetur<\/em>)&#8221;.<\/span><\/p>\n<p style=\"text-align: justify;\"><span style=\"color: #000000;\">La teoria economica del libero mercato \u00e8 stata sviluppata soprattutto dai tardo-scolastici della Scuola di Salamanca in Spagna (1500-1650). L&#8217;economista Joseph Schumpeter, riferendosi all&#8217;economia moderna, osserva: \u00abIl detto preferito di [Alfred] Marshall era \u201c\u00e8 tutto in A[dam] Smith\u201d. Ma noi possiamo anche dire: \u201c\u00c8 tutto negli scolastici\u201d\u00bb.<\/span><\/p>\n<p style=\"text-align: justify;\"><span style=\"color: #000000;\">Molti storici parlano di una prima rivoluzione industriale, segnata da un&#8217;esplosione del commercio e dell&#8217;innovazione nel tardo Medioevo. Pertanto, qualsiasi soluzione alla crisi attuale non deve escludere questi sistemi sani e pre-liberali che hanno dimostrato di avere successo.<\/span><\/p>\n<h4 style=\"text-align: center;\"><span style=\"color: #000000;\"><strong>La parte problematica del liberalismo <\/strong><\/span><\/h4>\n<p><img loading=\"lazy\" decoding=\"async\" class=\"wp-image-44033  alignright\" src=\"https:\/\/www.rassegnastampa-totustuus.it\/cattolica\/wp-content\/uploads\/2019\/08\/Ateism-300x198.jpg\" alt=\"\" width=\"331\" height=\"218\" srcset=\"https:\/\/www.rassegnastampa-totustuus.it\/cattolica\/wp-content\/uploads\/2019\/08\/Ateism-300x198.jpg 300w, https:\/\/www.rassegnastampa-totustuus.it\/cattolica\/wp-content\/uploads\/2019\/08\/Ateism-768x507.jpg 768w, https:\/\/www.rassegnastampa-totustuus.it\/cattolica\/wp-content\/uploads\/2019\/08\/Ateism-1024x676.jpg 1024w\" sizes=\"auto, (max-width: 331px) 100vw, 331px\" \/><\/p>\n<p style=\"text-align: justify;\"><span style=\"color: #000000;\">La seconda componente della teoria liberale \u00e8 pi\u00f9 problematica. Consiste in una filosofia di vita che enfatizza l&#8217;autonomia individuale, l&#8217;auto sviluppo e l&#8217;immaginazione. Rifiuta di definire un significato o una finalit\u00e0 nella vita. Evita deliberatamente la domanda essenziale del perch\u00e9 e riduce tutto al semplice come.<\/span><\/p>\n<p style=\"text-align: justify;\"><span style=\"color: #000000;\">Questa componente individualista tende a privilegiare gli aspetti materialistici della vita e a minimizzare il quadro spirituale e morale dei costumi, della morale e della religione, che considera restrittivi della libert\u00e0 dell&#8217;individuo.<\/span><\/p>\n<p style=\"text-align: justify;\"><span style=\"color: #000000;\">In nome della liberazione dall&#8217;autorit\u00e0, il liberalismo <em>impone <\/em>alle nazioni un modello amorale, secolare e non metafisico in cui Dio non ha alcun ruolo ufficiale. Questo modello \u00e8 entrato nella modernit\u00e0 senza essere votato o scelto dalle popolazioni e si basa su una mentalit\u00e0 presunta che tutti devono adottare esteriormente per essere considerati parte del mondo moderno. Guai a chi osa sfidarla.<\/span><\/p>\n<p style=\"text-align: justify;\"><span style=\"color: #000000;\">Questa filosofia ha conseguenze pratiche. Evitando di affrontare questioni morali spinose, il liberalismo crea un vuoto spirituale che tende a svuotare la vita di significato e di scopo.<\/span><\/p>\n<h4 style=\"text-align: center;\"><span style=\"color: #000000;\"><strong>Una societ\u00e0 tiepida, solitaria e priva di ispirazione<\/strong><\/span><\/h4>\n<p style=\"text-align: justify;\"><span style=\"color: #000000;\">Anche coloro che difendono il liberalismo, come David Brooks, ammettono che le societ\u00e0 liberali, incentrate sull&#8217;individuo autonomo, sono &#8220;tiepide&#8221;, &#8220;solitarie&#8221; e &#8220;poco stimolanti&#8221;. In un recente editoriale del <em>New York Times<\/em>, egli osserva come il liberalismo trascura &#8220;le virt\u00f9 pi\u00f9 elevate, come il coraggio, la lealt\u00e0, la piet\u00e0 e l&#8217;amore auto sacrificale&#8221;.<\/span><\/p>\n<p style=\"text-align: justify;\"><span style=\"color: #000000;\">Nel suo ultimo libro, <em>L&#8217;et\u00e0 delle rivoluzioni<\/em>, Fareed Zakaria ammette: \u00abIl progetto razionale del liberalismo \u00e8 visto da molti come un povero sostituto dell&#8217;impressionante fede in Dio che un tempo spingeva gli esseri umani a costruire cattedrali e scrivere sinfonie\u00bb.<\/span><\/p>\n<p style=\"text-align: justify;\"><span style=\"color: #000000;\">Il liberalismo, centrando tutto su se stesso, non \u00e8 stimolante. Cercher\u00e0 sempre di promuovere il diritto di sentire, pensare e fare tutto ci\u00f2 che le passioni sregolate richiedono. Pu\u00f2 creare l&#8217;illusione che le persone possano costruire le proprie realt\u00e0 a partire dalle loro fantasie.<\/span><\/p>\n<p style=\"text-align: justify;\"><span style=\"color: #000000;\">Il liberalismo mette in moto un processo graduale che terminer\u00e0 solo quando tutte le restrizioni e la morale saranno eliminate. La sua nozione evolutiva di progresso non ammette alcun ritorno al passato.<\/span><\/p>\n<p style=\"text-align: justify;\"><span style=\"color: #000000;\">Per questo motivo, si \u00e8 dimostrato anticristiano, perch\u00e9 i suoi esponenti radicali insistono sempre nel rimuovere i vincoli ordinativi che la civilt\u00e0 cristiana aveva imposto alle passioni sregolate. E\u2019 ormai un processo molto avanzato.<\/span><\/p>\n<h4 style=\"text-align: center;\"><span style=\"color: #000000;\"><strong>La crisi interna del liberalismo <\/strong><\/span><\/h4>\n<p style=\"text-align: justify;\"><span style=\"color: #000000;\"><img loading=\"lazy\" decoding=\"async\" class=\" wp-image-57799 alignleft\" src=\"https:\/\/www.rassegnastampa-totustuus.it\/cattolica\/wp-content\/uploads\/2004\/10\/ecologia_cristianesimo.jpg\" alt=\"\" width=\"316\" height=\"201\" \/>Se la societ\u00e0 liberale ha prosperato a volte, \u00e8 stato perch\u00e9, oltre ai suoi sistemi specifici, l&#8217;infrastruttura morale di un ordine cristiano sopravviveva nel sistema liberale e lo sosteneva. Come osserva giustamente Patrick Deneen, il sistema liberale vive dei frutti della societ\u00e0 che cerca distruggere.<\/span><\/p>\n<p style=\"text-align: justify;\"><span style=\"color: #000000;\">La crisi interna del liberalismo odierno deriva anche dall&#8217;esaurimento e dallo sgretolamento delle virt\u00f9 cristiane e delle istituzioni che ne hanno impedito il crollo.<\/span><\/p>\n<p style=\"text-align: justify;\"><span style=\"color: #000000;\">Le fasi passate del liberalismo hanno reciso i legami che collegavano l&#8217;anima umana a un ordine trascendente che parlava di uno scopo esistenziale trovato nella Fede, nella famiglia e nel luogo. Le sue passioni sregolate hanno richiesto la distruzione delle strutture esterne &#8211; tradizione, costume o comunit\u00e0 &#8211; che ostacolavano l&#8217;interesse personale.<\/span><\/p>\n<p style=\"text-align: justify;\"><span style=\"color: #000000;\">Oggi, le passioni sregolate del liberalismo postmoderno cercano di distruggere quelle strutture interne &#8211; la logica, l&#8217;identit\u00e0 o l&#8217;unit\u00e0 &#8211; che impediscono la gratificazione istantanea, distruggendo e polarizzando la societ\u00e0.<\/span><\/p>\n<p style=\"text-align: justify;\"><span style=\"color: #000000;\">Cos\u00ec, l&#8217;assalto del liberalismo alle strutture superstiti spinge la societ\u00e0 sulla strada di una distruzione nichilista. I suoi esponenti radicali attaccano ora i sistemi non liberali basati su regole che trovano insopportabili.<\/span><\/p>\n<h4 style=\"text-align: center;\"><strong>Che cosa rimarr\u00e0 dopo il liberalismo?<\/strong><\/h4>\n<p style=\"text-align: justify;\"><span style=\"color: #000000;\">Con queste premesse, si pu\u00f2 rispondere alla domanda pungente: Che cosa rimarr\u00e0 dopo il liberalismo? Niente.<\/span><\/p>\n<p style=\"text-align: justify;\"><span style=\"color: #000000;\">Quando il liberalismo distrugger\u00e0 se stesso, come insinua la domanda, distrugger\u00e0 anche il modello di ricerca di sistemi per eludere le questioni importanti della vita. Il modello amorale fallito che nutre le passioni sregolate non sar\u00e0 pi\u00f9 una scelta.<\/span><\/p>\n<p style=\"text-align: justify;\"><span style=\"color: #000000;\">La societ\u00e0 avr\u00e0 bisogno di tornare a quella struttura morale nascosta dell&#8217;ordine cristiano che ha sostenuto a lungo la societ\u00e0, anche sotto il liberalismo. La dimensione morale abbandonata si riaffermer\u00e0. Questo ritorno alla famiglia, alla comunit\u00e0 e alla fede \u00e8 la posizione basilare sulla quale le societ\u00e0 si sono sempre organizzate dopo i periodi di caos. In questi tempi difficili dopo il liberalismo, le persone possono rivolgersi a Dio, che attende con misericordia e amore<\/span>.<\/p>\n<p style=\"text-align: justify;\"><span style=\"color: #000000;\"><img loading=\"lazy\" decoding=\"async\" class=\" wp-image-32897 alignright\" src=\"https:\/\/www.rassegnastampa-totustuus.it\/cattolica\/wp-content\/uploads\/2009\/04\/messa_latino-1.jpg\" alt=\"\" width=\"140\" height=\"203\" \/>Non ci sar\u00e0 bisogno di inventare una nuova filosofia radicale o un regime autoritario per sostituire il liberalismo. Nel suo momento di pentimento, il figliol prodigo torna semplicemente a casa. L\u00ec lo attender\u00e0 un padre da lungo tempo addolorato.<\/span><\/p>\n<p style=\"text-align: justify;\"><span style=\"color: #000000;\">L&#8217;ordine cristiano, che tiene conto della legge naturale e della natura umana decaduta sar\u00e0 la piattaforma pi\u00f9 efficace per affrontare la tirannia delle passioni sregolate. La saggezza a esso intrinseca pu\u00f2 orientare lo sviluppo materiale e spirituale degli individui e delle societ\u00e0. Quest&#8217;ordine offre un&#8217;incredibile quantit\u00e0 di libert\u00e0 di agire in accordo con la natura umana e la Grazia divina. Fornisce le condizioni per il ritorno di Cristo come Re benevolo.<\/span><\/p>\n<p style=\"text-align: justify;\"><span style=\"color: #000000;\">Non ci sar\u00e0 bisogno di scartare quegli elementi a noi familiari e che non sono liberali che hanno avuto origine nella cristianit\u00e0 e che promuovono la prosperit\u00e0 umana. In effetti, nessuna filosofia politica dominante ha preceduto il liberalismo illuminista. Nessuna ha bisogno di succedergli oggi.<\/span><\/p>\n<p style=\"text-align: justify;\"><span style=\"color: #000000;\">La civilt\u00e0 cristiana \u00e8 sufficiente.<\/span><\/p>\n<p style=\"text-align: center;\"><span style=\"color: #000000;\"><strong>Fonte<\/strong>:<\/span> <a href=\"https:\/\/www.tfp.org\/what-comes-after-liberalism-nothing\/?PKG=TFPE3351\" target=\"_blank\" rel=\"noopener\">Tfp.org<\/a>, <span style=\"color: #000000;\">14 Giugno 2024. <em>Traduzione a cura di Tradizione Famiglia Propriet\u00e0 \u2013 Italia.<\/em><\/span><\/p>\n<p>_____________________________________________<\/p>\n<p><a href=\"https:\/\/www.rassegnastampa-totustuus.it\/cattolica\/la-premessa-sbagliata-del-liberalismo\/\" target=\"_blank\" rel=\"noopener\"><span style=\"color: #0000ff;\">La premessa sbagliata del liberalismo<\/span><\/a><\/p>\n<p><a href=\"https:\/\/www.rassegnastampa-totustuus.it\/cattolica\/di-fronte-al-collasso-del-liberalismo-dove-cercare-soluzioni\/\" target=\"_blank\" rel=\"noopener\"><span style=\"color: #0000ff;\">Di fronte al collasso del liberalismo, dove cercare soluzioni?<\/span><\/a><\/p>\n","protected":false},"excerpt":{"rendered":"<p>Tradizione Famiglia Propriet\u00e0 newsletter 21 Giugno 2024 di John Horvat La crisi interna del liberalismo ha spinto molti ad ammettere le sue numerose problematicit\u00e0. Tuttavia, la maggior parte delle persone accetta il liberalismo perch\u00e9 non trova niente di meglio per sostituirlo.<\/p><p><a class=\"more-link btn\" href=\"https:\/\/www.rassegnastampa-totustuus.it\/cattolica\/cosa-ce-dopo-il-liberismo-nulla\/\">Continua a leggere<\/a><\/p>\n","protected":false},"author":6,"featured_media":46561,"comment_status":"closed","ping_status":"closed","sticky":false,"template":"","format":"standard","meta":{"footnotes":""},"categories":[53],"tags":[770,235],"class_list":["post-60704","post","type-post","status-publish","format-standard","has-post-thumbnail","hentry","category-politica","tag-liberalismo","tag-politica-2","item-wrap"],"yoast_head":"<!-- This site is optimized with the Yoast SEO plugin v27.5 - https:\/\/yoast.com\/product\/yoast-seo-wordpress\/ -->\n<title>Cosa c&#039;\u00e8 dopo il liberismo? Nulla - Rassegna Stampa Cattolica<\/title>\n<meta name=\"description\" content=\"Cosa c&#039;\u00e8 dopo il liberismo? Nulla. La sua crisi ha spinto ad ammettere le problematicit\u00e0 ma non c&#039;\u00e8 niente di meglio per sostituirlo\" \/>\n<meta name=\"robots\" content=\"index, follow, max-snippet:-1, max-image-preview:large, max-video-preview:-1\" \/>\n<link rel=\"canonical\" href=\"https:\/\/www.rassegnastampa-totustuus.it\/cattolica\/cosa-ce-dopo-il-liberismo-nulla\/\" \/>\n<meta property=\"og:locale\" content=\"it_IT\" \/>\n<meta property=\"og:type\" content=\"article\" \/>\n<meta property=\"og:title\" content=\"Cosa c&#039;\u00e8 dopo il liberismo? Nulla - Rassegna Stampa Cattolica\" \/>\n<meta property=\"og:description\" content=\"Cosa c&#039;\u00e8 dopo il liberismo? Nulla. La sua crisi ha spinto ad ammettere le problematicit\u00e0 ma non c&#039;\u00e8 niente di meglio per sostituirlo\" \/>\n<meta property=\"og:url\" content=\"https:\/\/www.rassegnastampa-totustuus.it\/cattolica\/cosa-ce-dopo-il-liberismo-nulla\/\" \/>\n<meta property=\"og:site_name\" content=\"Rassegna Stampa Cattolica\" \/>\n<meta property=\"article:publisher\" content=\"https:\/\/www.facebook.com\/rassegnastampacattolica\" \/>\n<meta property=\"article:published_time\" content=\"2024-06-22T12:08:23+00:00\" \/>\n<meta property=\"article:modified_time\" content=\"2024-06-22T12:11:22+00:00\" \/>\n<meta property=\"og:image\" content=\"https:\/\/www.rassegnastampa-totustuus.it\/cattolica\/wp-content\/uploads\/2020\/03\/liberalismo.jpg\" \/>\n\t<meta property=\"og:image:width\" content=\"302\" \/>\n\t<meta property=\"og:image:height\" content=\"167\" \/>\n\t<meta property=\"og:image:type\" content=\"image\/jpeg\" \/>\n<meta name=\"author\" content=\"Redazione\" \/>\n<meta name=\"twitter:card\" content=\"summary_large_image\" \/>\n<meta name=\"twitter:creator\" content=\"@rassegnastampa9\" \/>\n<meta name=\"twitter:site\" content=\"@rassegnastampa9\" \/>\n<meta name=\"twitter:label1\" content=\"Scritto da\" \/>\n\t<meta name=\"twitter:data1\" content=\"Redazione\" \/>\n\t<meta name=\"twitter:label2\" content=\"Tempo di lettura stimato\" \/>\n\t<meta name=\"twitter:data2\" content=\"9 minuti\" \/>\n<script type=\"application\/ld+json\" class=\"yoast-schema-graph\">{\"@context\":\"https:\\\/\\\/schema.org\",\"@graph\":[{\"@type\":\"Article\",\"@id\":\"https:\\\/\\\/www.rassegnastampa-totustuus.it\\\/cattolica\\\/cosa-ce-dopo-il-liberismo-nulla\\\/#article\",\"isPartOf\":{\"@id\":\"https:\\\/\\\/www.rassegnastampa-totustuus.it\\\/cattolica\\\/cosa-ce-dopo-il-liberismo-nulla\\\/\"},\"author\":{\"name\":\"Redazione\",\"@id\":\"https:\\\/\\\/www.rassegnastampa-totustuus.it\\\/cattolica\\\/#\\\/schema\\\/person\\\/08f319d2bd1a0904ad9e2bfb7b15e5c3\"},\"headline\":\"Cosa c&#8217;\u00e8 dopo il liberismo? Nulla\",\"datePublished\":\"2024-06-22T12:08:23+00:00\",\"dateModified\":\"2024-06-22T12:11:22+00:00\",\"mainEntityOfPage\":{\"@id\":\"https:\\\/\\\/www.rassegnastampa-totustuus.it\\\/cattolica\\\/cosa-ce-dopo-il-liberismo-nulla\\\/\"},\"wordCount\":1346,\"publisher\":{\"@id\":\"https:\\\/\\\/www.rassegnastampa-totustuus.it\\\/cattolica\\\/#organization\"},\"image\":{\"@id\":\"https:\\\/\\\/www.rassegnastampa-totustuus.it\\\/cattolica\\\/cosa-ce-dopo-il-liberismo-nulla\\\/#primaryimage\"},\"thumbnailUrl\":\"https:\\\/\\\/www.rassegnastampa-totustuus.it\\\/cattolica\\\/wp-content\\\/uploads\\\/2020\\\/03\\\/liberalismo.jpg\",\"keywords\":[\"liberalismo\",\"politica\"],\"articleSection\":[\"Politica\"],\"inLanguage\":\"it-IT\"},{\"@type\":\"WebPage\",\"@id\":\"https:\\\/\\\/www.rassegnastampa-totustuus.it\\\/cattolica\\\/cosa-ce-dopo-il-liberismo-nulla\\\/\",\"url\":\"https:\\\/\\\/www.rassegnastampa-totustuus.it\\\/cattolica\\\/cosa-ce-dopo-il-liberismo-nulla\\\/\",\"name\":\"Cosa c'\u00e8 dopo il liberismo? Nulla - Rassegna Stampa Cattolica\",\"isPartOf\":{\"@id\":\"https:\\\/\\\/www.rassegnastampa-totustuus.it\\\/cattolica\\\/#website\"},\"primaryImageOfPage\":{\"@id\":\"https:\\\/\\\/www.rassegnastampa-totustuus.it\\\/cattolica\\\/cosa-ce-dopo-il-liberismo-nulla\\\/#primaryimage\"},\"image\":{\"@id\":\"https:\\\/\\\/www.rassegnastampa-totustuus.it\\\/cattolica\\\/cosa-ce-dopo-il-liberismo-nulla\\\/#primaryimage\"},\"thumbnailUrl\":\"https:\\\/\\\/www.rassegnastampa-totustuus.it\\\/cattolica\\\/wp-content\\\/uploads\\\/2020\\\/03\\\/liberalismo.jpg\",\"datePublished\":\"2024-06-22T12:08:23+00:00\",\"dateModified\":\"2024-06-22T12:11:22+00:00\",\"description\":\"Cosa c'\u00e8 dopo il liberismo? Nulla. La sua crisi ha spinto ad ammettere le problematicit\u00e0 ma non c'\u00e8 niente di meglio per sostituirlo\",\"breadcrumb\":{\"@id\":\"https:\\\/\\\/www.rassegnastampa-totustuus.it\\\/cattolica\\\/cosa-ce-dopo-il-liberismo-nulla\\\/#breadcrumb\"},\"inLanguage\":\"it-IT\",\"potentialAction\":[{\"@type\":\"ReadAction\",\"target\":[\"https:\\\/\\\/www.rassegnastampa-totustuus.it\\\/cattolica\\\/cosa-ce-dopo-il-liberismo-nulla\\\/\"]}]},{\"@type\":\"ImageObject\",\"inLanguage\":\"it-IT\",\"@id\":\"https:\\\/\\\/www.rassegnastampa-totustuus.it\\\/cattolica\\\/cosa-ce-dopo-il-liberismo-nulla\\\/#primaryimage\",\"url\":\"https:\\\/\\\/www.rassegnastampa-totustuus.it\\\/cattolica\\\/wp-content\\\/uploads\\\/2020\\\/03\\\/liberalismo.jpg\",\"contentUrl\":\"https:\\\/\\\/www.rassegnastampa-totustuus.it\\\/cattolica\\\/wp-content\\\/uploads\\\/2020\\\/03\\\/liberalismo.jpg\",\"width\":302,\"height\":167},{\"@type\":\"BreadcrumbList\",\"@id\":\"https:\\\/\\\/www.rassegnastampa-totustuus.it\\\/cattolica\\\/cosa-ce-dopo-il-liberismo-nulla\\\/#breadcrumb\",\"itemListElement\":[{\"@type\":\"ListItem\",\"position\":1,\"name\":\"Home\",\"item\":\"https:\\\/\\\/www.rassegnastampa-totustuus.it\\\/cattolica\\\/\"},{\"@type\":\"ListItem\",\"position\":2,\"name\":\"Cosa c&#8217;\u00e8 dopo il liberismo? Nulla\"}]},{\"@type\":\"WebSite\",\"@id\":\"https:\\\/\\\/www.rassegnastampa-totustuus.it\\\/cattolica\\\/#website\",\"url\":\"https:\\\/\\\/www.rassegnastampa-totustuus.it\\\/cattolica\\\/\",\"name\":\"Rassegna Stampa Cattolica\",\"description\":\"Per una cultura che nasce dalla Rivelazione cristiana in conformit\u00e0 alla tradizione e al Magistero della Chiesa in opposizione ad ogni relativismo e totalitarismo\",\"publisher\":{\"@id\":\"https:\\\/\\\/www.rassegnastampa-totustuus.it\\\/cattolica\\\/#organization\"},\"alternateName\":\"Rass. Cattolica\",\"potentialAction\":[{\"@type\":\"SearchAction\",\"target\":{\"@type\":\"EntryPoint\",\"urlTemplate\":\"https:\\\/\\\/www.rassegnastampa-totustuus.it\\\/cattolica\\\/?s={search_term_string}\"},\"query-input\":{\"@type\":\"PropertyValueSpecification\",\"valueRequired\":true,\"valueName\":\"search_term_string\"}}],\"inLanguage\":\"it-IT\"},{\"@type\":\"Organization\",\"@id\":\"https:\\\/\\\/www.rassegnastampa-totustuus.it\\\/cattolica\\\/#organization\",\"name\":\"Rassegna Stampa Cattolica\",\"url\":\"https:\\\/\\\/www.rassegnastampa-totustuus.it\\\/cattolica\\\/\",\"logo\":{\"@type\":\"ImageObject\",\"inLanguage\":\"it-IT\",\"@id\":\"https:\\\/\\\/www.rassegnastampa-totustuus.it\\\/cattolica\\\/#\\\/schema\\\/logo\\\/image\\\/\",\"url\":\"https:\\\/\\\/www.rassegnastampa-totustuus.it\\\/cattolica\\\/wp-content\\\/uploads\\\/2014\\\/04\\\/logo-rassegna1.gif\",\"contentUrl\":\"https:\\\/\\\/www.rassegnastampa-totustuus.it\\\/cattolica\\\/wp-content\\\/uploads\\\/2014\\\/04\\\/logo-rassegna1.gif\",\"width\":600,\"height\":163,\"caption\":\"Rassegna Stampa Cattolica\"},\"image\":{\"@id\":\"https:\\\/\\\/www.rassegnastampa-totustuus.it\\\/cattolica\\\/#\\\/schema\\\/logo\\\/image\\\/\"},\"sameAs\":[\"https:\\\/\\\/www.facebook.com\\\/rassegnastampacattolica\",\"https:\\\/\\\/x.com\\\/rassegnastampa9\"]},{\"@type\":\"Person\",\"@id\":\"https:\\\/\\\/www.rassegnastampa-totustuus.it\\\/cattolica\\\/#\\\/schema\\\/person\\\/08f319d2bd1a0904ad9e2bfb7b15e5c3\",\"name\":\"Redazione\",\"image\":{\"@type\":\"ImageObject\",\"inLanguage\":\"it-IT\",\"@id\":\"https:\\\/\\\/secure.gravatar.com\\\/avatar\\\/2fcdf27c78ea025fbdb44e914cc63c72249ffec9dc8aafd5c82b26240ef3f346?s=96&d=mm&r=g\",\"url\":\"https:\\\/\\\/secure.gravatar.com\\\/avatar\\\/2fcdf27c78ea025fbdb44e914cc63c72249ffec9dc8aafd5c82b26240ef3f346?s=96&d=mm&r=g\",\"contentUrl\":\"https:\\\/\\\/secure.gravatar.com\\\/avatar\\\/2fcdf27c78ea025fbdb44e914cc63c72249ffec9dc8aafd5c82b26240ef3f346?s=96&d=mm&r=g\",\"caption\":\"Redazione\"},\"url\":\"https:\\\/\\\/www.rassegnastampa-totustuus.it\\\/cattolica\\\/author\\\/pietroelle\\\/\"}]}<\/script>\n<!-- \/ Yoast SEO plugin. -->","yoast_head_json":{"title":"Cosa c'\u00e8 dopo il liberismo? Nulla - Rassegna Stampa Cattolica","description":"Cosa c'\u00e8 dopo il liberismo? Nulla. La sua crisi ha spinto ad ammettere le problematicit\u00e0 ma non c'\u00e8 niente di meglio per sostituirlo","robots":{"index":"index","follow":"follow","max-snippet":"max-snippet:-1","max-image-preview":"max-image-preview:large","max-video-preview":"max-video-preview:-1"},"canonical":"https:\/\/www.rassegnastampa-totustuus.it\/cattolica\/cosa-ce-dopo-il-liberismo-nulla\/","og_locale":"it_IT","og_type":"article","og_title":"Cosa c'\u00e8 dopo il liberismo? Nulla - Rassegna Stampa Cattolica","og_description":"Cosa c'\u00e8 dopo il liberismo? Nulla. La sua crisi ha spinto ad ammettere le problematicit\u00e0 ma non c'\u00e8 niente di meglio per sostituirlo","og_url":"https:\/\/www.rassegnastampa-totustuus.it\/cattolica\/cosa-ce-dopo-il-liberismo-nulla\/","og_site_name":"Rassegna Stampa Cattolica","article_publisher":"https:\/\/www.facebook.com\/rassegnastampacattolica","article_published_time":"2024-06-22T12:08:23+00:00","article_modified_time":"2024-06-22T12:11:22+00:00","og_image":[{"width":302,"height":167,"url":"https:\/\/www.rassegnastampa-totustuus.it\/cattolica\/wp-content\/uploads\/2020\/03\/liberalismo.jpg","type":"image\/jpeg"}],"author":"Redazione","twitter_card":"summary_large_image","twitter_creator":"@rassegnastampa9","twitter_site":"@rassegnastampa9","twitter_misc":{"Scritto da":"Redazione","Tempo di lettura stimato":"9 minuti"},"schema":{"@context":"https:\/\/schema.org","@graph":[{"@type":"Article","@id":"https:\/\/www.rassegnastampa-totustuus.it\/cattolica\/cosa-ce-dopo-il-liberismo-nulla\/#article","isPartOf":{"@id":"https:\/\/www.rassegnastampa-totustuus.it\/cattolica\/cosa-ce-dopo-il-liberismo-nulla\/"},"author":{"name":"Redazione","@id":"https:\/\/www.rassegnastampa-totustuus.it\/cattolica\/#\/schema\/person\/08f319d2bd1a0904ad9e2bfb7b15e5c3"},"headline":"Cosa c&#8217;\u00e8 dopo il liberismo? Nulla","datePublished":"2024-06-22T12:08:23+00:00","dateModified":"2024-06-22T12:11:22+00:00","mainEntityOfPage":{"@id":"https:\/\/www.rassegnastampa-totustuus.it\/cattolica\/cosa-ce-dopo-il-liberismo-nulla\/"},"wordCount":1346,"publisher":{"@id":"https:\/\/www.rassegnastampa-totustuus.it\/cattolica\/#organization"},"image":{"@id":"https:\/\/www.rassegnastampa-totustuus.it\/cattolica\/cosa-ce-dopo-il-liberismo-nulla\/#primaryimage"},"thumbnailUrl":"https:\/\/www.rassegnastampa-totustuus.it\/cattolica\/wp-content\/uploads\/2020\/03\/liberalismo.jpg","keywords":["liberalismo","politica"],"articleSection":["Politica"],"inLanguage":"it-IT"},{"@type":"WebPage","@id":"https:\/\/www.rassegnastampa-totustuus.it\/cattolica\/cosa-ce-dopo-il-liberismo-nulla\/","url":"https:\/\/www.rassegnastampa-totustuus.it\/cattolica\/cosa-ce-dopo-il-liberismo-nulla\/","name":"Cosa c'\u00e8 dopo il liberismo? Nulla - Rassegna Stampa Cattolica","isPartOf":{"@id":"https:\/\/www.rassegnastampa-totustuus.it\/cattolica\/#website"},"primaryImageOfPage":{"@id":"https:\/\/www.rassegnastampa-totustuus.it\/cattolica\/cosa-ce-dopo-il-liberismo-nulla\/#primaryimage"},"image":{"@id":"https:\/\/www.rassegnastampa-totustuus.it\/cattolica\/cosa-ce-dopo-il-liberismo-nulla\/#primaryimage"},"thumbnailUrl":"https:\/\/www.rassegnastampa-totustuus.it\/cattolica\/wp-content\/uploads\/2020\/03\/liberalismo.jpg","datePublished":"2024-06-22T12:08:23+00:00","dateModified":"2024-06-22T12:11:22+00:00","description":"Cosa c'\u00e8 dopo il liberismo? Nulla. La sua crisi ha spinto ad ammettere le problematicit\u00e0 ma non c'\u00e8 niente di meglio per sostituirlo","breadcrumb":{"@id":"https:\/\/www.rassegnastampa-totustuus.it\/cattolica\/cosa-ce-dopo-il-liberismo-nulla\/#breadcrumb"},"inLanguage":"it-IT","potentialAction":[{"@type":"ReadAction","target":["https:\/\/www.rassegnastampa-totustuus.it\/cattolica\/cosa-ce-dopo-il-liberismo-nulla\/"]}]},{"@type":"ImageObject","inLanguage":"it-IT","@id":"https:\/\/www.rassegnastampa-totustuus.it\/cattolica\/cosa-ce-dopo-il-liberismo-nulla\/#primaryimage","url":"https:\/\/www.rassegnastampa-totustuus.it\/cattolica\/wp-content\/uploads\/2020\/03\/liberalismo.jpg","contentUrl":"https:\/\/www.rassegnastampa-totustuus.it\/cattolica\/wp-content\/uploads\/2020\/03\/liberalismo.jpg","width":302,"height":167},{"@type":"BreadcrumbList","@id":"https:\/\/www.rassegnastampa-totustuus.it\/cattolica\/cosa-ce-dopo-il-liberismo-nulla\/#breadcrumb","itemListElement":[{"@type":"ListItem","position":1,"name":"Home","item":"https:\/\/www.rassegnastampa-totustuus.it\/cattolica\/"},{"@type":"ListItem","position":2,"name":"Cosa c&#8217;\u00e8 dopo il liberismo? Nulla"}]},{"@type":"WebSite","@id":"https:\/\/www.rassegnastampa-totustuus.it\/cattolica\/#website","url":"https:\/\/www.rassegnastampa-totustuus.it\/cattolica\/","name":"Rassegna Stampa Cattolica","description":"Per una cultura che nasce dalla Rivelazione cristiana in conformit\u00e0 alla tradizione e al Magistero della Chiesa in opposizione ad ogni relativismo e totalitarismo","publisher":{"@id":"https:\/\/www.rassegnastampa-totustuus.it\/cattolica\/#organization"},"alternateName":"Rass. Cattolica","potentialAction":[{"@type":"SearchAction","target":{"@type":"EntryPoint","urlTemplate":"https:\/\/www.rassegnastampa-totustuus.it\/cattolica\/?s={search_term_string}"},"query-input":{"@type":"PropertyValueSpecification","valueRequired":true,"valueName":"search_term_string"}}],"inLanguage":"it-IT"},{"@type":"Organization","@id":"https:\/\/www.rassegnastampa-totustuus.it\/cattolica\/#organization","name":"Rassegna Stampa Cattolica","url":"https:\/\/www.rassegnastampa-totustuus.it\/cattolica\/","logo":{"@type":"ImageObject","inLanguage":"it-IT","@id":"https:\/\/www.rassegnastampa-totustuus.it\/cattolica\/#\/schema\/logo\/image\/","url":"https:\/\/www.rassegnastampa-totustuus.it\/cattolica\/wp-content\/uploads\/2014\/04\/logo-rassegna1.gif","contentUrl":"https:\/\/www.rassegnastampa-totustuus.it\/cattolica\/wp-content\/uploads\/2014\/04\/logo-rassegna1.gif","width":600,"height":163,"caption":"Rassegna Stampa Cattolica"},"image":{"@id":"https:\/\/www.rassegnastampa-totustuus.it\/cattolica\/#\/schema\/logo\/image\/"},"sameAs":["https:\/\/www.facebook.com\/rassegnastampacattolica","https:\/\/x.com\/rassegnastampa9"]},{"@type":"Person","@id":"https:\/\/www.rassegnastampa-totustuus.it\/cattolica\/#\/schema\/person\/08f319d2bd1a0904ad9e2bfb7b15e5c3","name":"Redazione","image":{"@type":"ImageObject","inLanguage":"it-IT","@id":"https:\/\/secure.gravatar.com\/avatar\/2fcdf27c78ea025fbdb44e914cc63c72249ffec9dc8aafd5c82b26240ef3f346?s=96&d=mm&r=g","url":"https:\/\/secure.gravatar.com\/avatar\/2fcdf27c78ea025fbdb44e914cc63c72249ffec9dc8aafd5c82b26240ef3f346?s=96&d=mm&r=g","contentUrl":"https:\/\/secure.gravatar.com\/avatar\/2fcdf27c78ea025fbdb44e914cc63c72249ffec9dc8aafd5c82b26240ef3f346?s=96&d=mm&r=g","caption":"Redazione"},"url":"https:\/\/www.rassegnastampa-totustuus.it\/cattolica\/author\/pietroelle\/"}]}},"_links":{"self":[{"href":"https:\/\/www.rassegnastampa-totustuus.it\/cattolica\/wp-json\/wp\/v2\/posts\/60704","targetHints":{"allow":["GET"]}}],"collection":[{"href":"https:\/\/www.rassegnastampa-totustuus.it\/cattolica\/wp-json\/wp\/v2\/posts"}],"about":[{"href":"https:\/\/www.rassegnastampa-totustuus.it\/cattolica\/wp-json\/wp\/v2\/types\/post"}],"author":[{"embeddable":true,"href":"https:\/\/www.rassegnastampa-totustuus.it\/cattolica\/wp-json\/wp\/v2\/users\/6"}],"replies":[{"embeddable":true,"href":"https:\/\/www.rassegnastampa-totustuus.it\/cattolica\/wp-json\/wp\/v2\/comments?post=60704"}],"version-history":[{"count":1,"href":"https:\/\/www.rassegnastampa-totustuus.it\/cattolica\/wp-json\/wp\/v2\/posts\/60704\/revisions"}],"predecessor-version":[{"id":60706,"href":"https:\/\/www.rassegnastampa-totustuus.it\/cattolica\/wp-json\/wp\/v2\/posts\/60704\/revisions\/60706"}],"wp:featuredmedia":[{"embeddable":true,"href":"https:\/\/www.rassegnastampa-totustuus.it\/cattolica\/wp-json\/wp\/v2\/media\/46561"}],"wp:attachment":[{"href":"https:\/\/www.rassegnastampa-totustuus.it\/cattolica\/wp-json\/wp\/v2\/media?parent=60704"}],"wp:term":[{"taxonomy":"category","embeddable":true,"href":"https:\/\/www.rassegnastampa-totustuus.it\/cattolica\/wp-json\/wp\/v2\/categories?post=60704"},{"taxonomy":"post_tag","embeddable":true,"href":"https:\/\/www.rassegnastampa-totustuus.it\/cattolica\/wp-json\/wp\/v2\/tags?post=60704"}],"curies":[{"name":"wp","href":"https:\/\/api.w.org\/{rel}","templated":true}]}}