{"id":60700,"date":"2024-06-22T12:00:52","date_gmt":"2024-06-22T10:00:52","guid":{"rendered":"https:\/\/www.rassegnastampa-totustuus.it\/cattolica\/?p=60700"},"modified":"2024-08-30T11:37:35","modified_gmt":"2024-08-30T09:37:35","slug":"giovanna-darco-di-s-visconti-prasca","status":"publish","type":"post","link":"https:\/\/www.rassegnastampa-totustuus.it\/cattolica\/giovanna-darco-di-s-visconti-prasca\/","title":{"rendered":"Giovanna d&#8217;Arco  (di S. Visconti Prasca)"},"content":{"rendered":"<p><a href=\"https:\/\/www.rassegnastampa-totustuus.it\/cattolica\/wp-content\/uploads\/2024\/06\/GIOVANNA-DARCO-S.-Visconti-Prasca.pdf\" target=\"_blank\" rel=\"noopener\"><img loading=\"lazy\" decoding=\"async\" class=\"alignleft wp-image-6691\" src=\" https:\/\/www.rassegnastampa-totustuus.it\/cattolica\/wp-content\/uploads\/2024\/06\/Giovanna_DArco_santi_Francia.jpeg\" alt=\"animalfarm\" width=\"250\" height=\"200\" \/><\/a><\/p>\n<p style=\"text-align: center;\">(da <span style=\"color: #0000ff;\"><a style=\"color: #0000ff;\" href=\"https:\/\/www.totustuus.cloud\/\" target=\"_blank\" rel=\"noopener\"><strong>Totus Tuus<\/strong> <\/a><\/span>network)<\/p>\n<p style=\"text-align: center;\"><strong>[per leggere e scaricare il vol. clic sulla foto]<\/strong><\/p>\n<p style=\"text-align: justify;\"><em><span style=\"color: #000000;\">Giovanna d\u2019Arco, patrona della Francia, fu guerriera (anzi, condottiera militare) sempre in prima linea, armata di spada e corazza, stratega illuminata dallo Spirito, fedele al leader politico legittimo del suo paese. E sono solo alcuni degli aspetti oggi \u201ccontro-corrente\u201d che questo libro svela <\/span><\/em><\/p>\n<p style=\"text-align: justify;\"><span style=\"color: #000000;\"><em>Questa biografia sembra scritta apposta per i tempi odierni avvelenati dal \u201cbuonismo\u201d con la Santa Condottiera che sembra ricordarci che: \u201cai nostri d\u00ec pi\u00f9 che mai la forza principale dei tristi \u00e8 la vilt\u00e0 e la debolezza dei buoni, e tutto il nerbo del regno di satana sta nella fiacchezza dei cristiani\u201d (S. Pio X, 13\/12\/1908). <\/em><\/span><\/p>\n<p style=\"text-align: justify;\"><span style=\"color: #000000;\"><em>L\u2019autore \u00e8 Sebastiano Visconti Prasca: un generale italiano, veterano della guerra italo-turca e della I Guerra Mondiale. Raggiunse il grado di generale di Corpo d\u2019Armata durante la II Guerra Mondiale. Fu decorato, tra l\u2019altro, con la Croce al Merito di Guerra; Grande ufficiale dell\u2019Ordine dei Santi Maurizio e Lazzaro; Commendatore dell\u2019Ordine della Corona d\u2019Italia. <\/em><\/span><\/p>\n<p style=\"text-align: justify;\"><span style=\"color: #000000;\"><em>Grazie alla sua penna potremo capire che la pace nel mondo non \u00e8 mai esistita. Che oggi la pace ha meno possibilit\u00e0 di realizzarsi rispetto ai secoli cristian<\/em>i. <em>Pertanto, occorre pregare per la pace, ma smetterla con la demagogia. Ovvero non trascurare la probabilit\u00e0 della guerra, sempre, in ogni luogo del pianeta. Preghiamo, dunque, molto pi\u00f9 per i nostri militari, \u201cangeli in divisa\u201d (S. Giovanni Paolo II): Nostra Signora ottenga loro coraggio e intelligenza nel difendere la nostre famiglie, le citt\u00e0, l\u2019Occidente intero<\/em><\/span><\/p>\n","protected":false},"excerpt":{"rendered":"<p>(da Totus Tuus network) [per leggere e scaricare il vol. clic sulla foto] Giovanna d\u2019Arco, patrona della Francia, fu guerriera (anzi, condottiera militare) sempre in prima linea, armata di spada e corazza, stratega illuminata dallo Spirito, fedele al leader politico legittimo del suo paese. E sono solo alcuni degli aspetti oggi \u201ccontro-corrente\u201d che questo libro &hellip; <\/p>\n<p><a class=\"more-link btn\" href=\"https:\/\/www.rassegnastampa-totustuus.it\/cattolica\/giovanna-darco-di-s-visconti-prasca\/\">Continua a leggere<\/a><\/p>\n","protected":false},"author":6,"featured_media":60702,"comment_status":"closed","ping_status":"closed","sticky":false,"template":"","format":"standard","meta":{"footnotes":""},"categories":[391,17,65,24],"tags":[2411,1904,265,466,162],"class_list":["post-60700","post","type-post","status-publish","format-standard","has-post-thumbnail","hentry","category-e-book","category-libri","category-santi","category-storia","tag-e-book","tag-giovanna-darco","tag-libri-2","tag-santi-2","tag-storia-2","item-wrap"],"yoast_head":"<!-- This site is optimized with the Yoast SEO plugin v27.5 - https:\/\/yoast.com\/product\/yoast-seo-wordpress\/ -->\n<title>Giovanna d&#039;Arco (di S. Visconti Prasca) - Rassegna Stampa Cattolica<\/title>\n<meta name=\"description\" content=\"Giovanna d&#039;Arco (di S. Visconti Prasca) la biografia della santa condottiera che ricorda come la forza dei tristi \u00e8 la vilt\u00e0 dei cristiani\" \/>\n<meta name=\"robots\" content=\"index, follow, max-snippet:-1, max-image-preview:large, max-video-preview:-1\" \/>\n<link rel=\"canonical\" href=\"https:\/\/www.rassegnastampa-totustuus.it\/cattolica\/giovanna-darco-di-s-visconti-prasca\/\" \/>\n<meta property=\"og:locale\" content=\"it_IT\" \/>\n<meta property=\"og:type\" content=\"article\" \/>\n<meta property=\"og:title\" content=\"Giovanna d&#039;Arco (di S. Visconti Prasca) - Rassegna Stampa Cattolica\" \/>\n<meta property=\"og:description\" content=\"Giovanna d&#039;Arco (di S. Visconti Prasca) la biografia della santa condottiera che ricorda come la forza dei tristi \u00e8 la vilt\u00e0 dei cristiani\" \/>\n<meta property=\"og:url\" content=\"https:\/\/www.rassegnastampa-totustuus.it\/cattolica\/giovanna-darco-di-s-visconti-prasca\/\" \/>\n<meta property=\"og:site_name\" content=\"Rassegna Stampa Cattolica\" \/>\n<meta property=\"article:publisher\" content=\"https:\/\/www.facebook.com\/rassegnastampacattolica\" \/>\n<meta property=\"article:published_time\" content=\"2024-06-22T10:00:52+00:00\" \/>\n<meta property=\"article:modified_time\" content=\"2024-08-30T09:37:35+00:00\" \/>\n<meta property=\"og:image\" content=\"https:\/\/www.rassegnastampa-totustuus.it\/cattolica\/wp-content\/uploads\/2024\/06\/Giovanna_DArco_santi_Francia.jpeg\" \/>\n\t<meta property=\"og:image:width\" content=\"183\" \/>\n\t<meta property=\"og:image:height\" content=\"275\" \/>\n\t<meta property=\"og:image:type\" content=\"image\/jpeg\" \/>\n<meta name=\"author\" content=\"Redazione\" \/>\n<meta name=\"twitter:card\" content=\"summary_large_image\" \/>\n<meta name=\"twitter:creator\" content=\"@rassegnastampa9\" \/>\n<meta name=\"twitter:site\" content=\"@rassegnastampa9\" \/>\n<meta name=\"twitter:label1\" content=\"Scritto da\" \/>\n\t<meta name=\"twitter:data1\" content=\"Redazione\" \/>\n\t<meta name=\"twitter:label2\" content=\"Tempo di lettura stimato\" \/>\n\t<meta name=\"twitter:data2\" content=\"2 minuti\" \/>\n<script type=\"application\/ld+json\" class=\"yoast-schema-graph\">{\"@context\":\"https:\\\/\\\/schema.org\",\"@graph\":[{\"@type\":\"Article\",\"@id\":\"https:\\\/\\\/www.rassegnastampa-totustuus.it\\\/cattolica\\\/giovanna-darco-di-s-visconti-prasca\\\/#article\",\"isPartOf\":{\"@id\":\"https:\\\/\\\/www.rassegnastampa-totustuus.it\\\/cattolica\\\/giovanna-darco-di-s-visconti-prasca\\\/\"},\"author\":{\"name\":\"Redazione\",\"@id\":\"https:\\\/\\\/www.rassegnastampa-totustuus.it\\\/cattolica\\\/#\\\/schema\\\/person\\\/08f319d2bd1a0904ad9e2bfb7b15e5c3\"},\"headline\":\"Giovanna d&#8217;Arco (di S. Visconti Prasca)\",\"datePublished\":\"2024-06-22T10:00:52+00:00\",\"dateModified\":\"2024-08-30T09:37:35+00:00\",\"mainEntityOfPage\":{\"@id\":\"https:\\\/\\\/www.rassegnastampa-totustuus.it\\\/cattolica\\\/giovanna-darco-di-s-visconti-prasca\\\/\"},\"wordCount\":260,\"publisher\":{\"@id\":\"https:\\\/\\\/www.rassegnastampa-totustuus.it\\\/cattolica\\\/#organization\"},\"image\":{\"@id\":\"https:\\\/\\\/www.rassegnastampa-totustuus.it\\\/cattolica\\\/giovanna-darco-di-s-visconti-prasca\\\/#primaryimage\"},\"thumbnailUrl\":\"https:\\\/\\\/www.rassegnastampa-totustuus.it\\\/cattolica\\\/wp-content\\\/uploads\\\/2024\\\/06\\\/Giovanna_DArco_santi_Francia.jpeg\",\"keywords\":[\"e-book\",\"Giovanna d'Arco\",\"libri\",\"santi\",\"storia\"],\"articleSection\":[\"e-book\",\"Libri\",\"Santi\",\"Storia\"],\"inLanguage\":\"it-IT\"},{\"@type\":\"WebPage\",\"@id\":\"https:\\\/\\\/www.rassegnastampa-totustuus.it\\\/cattolica\\\/giovanna-darco-di-s-visconti-prasca\\\/\",\"url\":\"https:\\\/\\\/www.rassegnastampa-totustuus.it\\\/cattolica\\\/giovanna-darco-di-s-visconti-prasca\\\/\",\"name\":\"Giovanna d'Arco (di S. Visconti Prasca) - Rassegna Stampa Cattolica\",\"isPartOf\":{\"@id\":\"https:\\\/\\\/www.rassegnastampa-totustuus.it\\\/cattolica\\\/#website\"},\"primaryImageOfPage\":{\"@id\":\"https:\\\/\\\/www.rassegnastampa-totustuus.it\\\/cattolica\\\/giovanna-darco-di-s-visconti-prasca\\\/#primaryimage\"},\"image\":{\"@id\":\"https:\\\/\\\/www.rassegnastampa-totustuus.it\\\/cattolica\\\/giovanna-darco-di-s-visconti-prasca\\\/#primaryimage\"},\"thumbnailUrl\":\"https:\\\/\\\/www.rassegnastampa-totustuus.it\\\/cattolica\\\/wp-content\\\/uploads\\\/2024\\\/06\\\/Giovanna_DArco_santi_Francia.jpeg\",\"datePublished\":\"2024-06-22T10:00:52+00:00\",\"dateModified\":\"2024-08-30T09:37:35+00:00\",\"description\":\"Giovanna d'Arco (di S. Visconti Prasca) la biografia della santa condottiera che ricorda come la forza dei tristi \u00e8 la vilt\u00e0 dei cristiani\",\"breadcrumb\":{\"@id\":\"https:\\\/\\\/www.rassegnastampa-totustuus.it\\\/cattolica\\\/giovanna-darco-di-s-visconti-prasca\\\/#breadcrumb\"},\"inLanguage\":\"it-IT\",\"potentialAction\":[{\"@type\":\"ReadAction\",\"target\":[\"https:\\\/\\\/www.rassegnastampa-totustuus.it\\\/cattolica\\\/giovanna-darco-di-s-visconti-prasca\\\/\"]}]},{\"@type\":\"ImageObject\",\"inLanguage\":\"it-IT\",\"@id\":\"https:\\\/\\\/www.rassegnastampa-totustuus.it\\\/cattolica\\\/giovanna-darco-di-s-visconti-prasca\\\/#primaryimage\",\"url\":\"https:\\\/\\\/www.rassegnastampa-totustuus.it\\\/cattolica\\\/wp-content\\\/uploads\\\/2024\\\/06\\\/Giovanna_DArco_santi_Francia.jpeg\",\"contentUrl\":\"https:\\\/\\\/www.rassegnastampa-totustuus.it\\\/cattolica\\\/wp-content\\\/uploads\\\/2024\\\/06\\\/Giovanna_DArco_santi_Francia.jpeg\",\"width\":183,\"height\":275},{\"@type\":\"BreadcrumbList\",\"@id\":\"https:\\\/\\\/www.rassegnastampa-totustuus.it\\\/cattolica\\\/giovanna-darco-di-s-visconti-prasca\\\/#breadcrumb\",\"itemListElement\":[{\"@type\":\"ListItem\",\"position\":1,\"name\":\"Home\",\"item\":\"https:\\\/\\\/www.rassegnastampa-totustuus.it\\\/cattolica\\\/\"},{\"@type\":\"ListItem\",\"position\":2,\"name\":\"Giovanna d&#8217;Arco (di S. Visconti Prasca)\"}]},{\"@type\":\"WebSite\",\"@id\":\"https:\\\/\\\/www.rassegnastampa-totustuus.it\\\/cattolica\\\/#website\",\"url\":\"https:\\\/\\\/www.rassegnastampa-totustuus.it\\\/cattolica\\\/\",\"name\":\"Rassegna Stampa Cattolica\",\"description\":\"Per una cultura che nasce dalla Rivelazione cristiana in conformit\u00e0 alla tradizione e al Magistero della Chiesa in opposizione ad ogni relativismo e totalitarismo\",\"publisher\":{\"@id\":\"https:\\\/\\\/www.rassegnastampa-totustuus.it\\\/cattolica\\\/#organization\"},\"alternateName\":\"Rass. Cattolica\",\"potentialAction\":[{\"@type\":\"SearchAction\",\"target\":{\"@type\":\"EntryPoint\",\"urlTemplate\":\"https:\\\/\\\/www.rassegnastampa-totustuus.it\\\/cattolica\\\/?s={search_term_string}\"},\"query-input\":{\"@type\":\"PropertyValueSpecification\",\"valueRequired\":true,\"valueName\":\"search_term_string\"}}],\"inLanguage\":\"it-IT\"},{\"@type\":\"Organization\",\"@id\":\"https:\\\/\\\/www.rassegnastampa-totustuus.it\\\/cattolica\\\/#organization\",\"name\":\"Rassegna Stampa Cattolica\",\"url\":\"https:\\\/\\\/www.rassegnastampa-totustuus.it\\\/cattolica\\\/\",\"logo\":{\"@type\":\"ImageObject\",\"inLanguage\":\"it-IT\",\"@id\":\"https:\\\/\\\/www.rassegnastampa-totustuus.it\\\/cattolica\\\/#\\\/schema\\\/logo\\\/image\\\/\",\"url\":\"https:\\\/\\\/www.rassegnastampa-totustuus.it\\\/cattolica\\\/wp-content\\\/uploads\\\/2014\\\/04\\\/logo-rassegna1.gif\",\"contentUrl\":\"https:\\\/\\\/www.rassegnastampa-totustuus.it\\\/cattolica\\\/wp-content\\\/uploads\\\/2014\\\/04\\\/logo-rassegna1.gif\",\"width\":600,\"height\":163,\"caption\":\"Rassegna Stampa Cattolica\"},\"image\":{\"@id\":\"https:\\\/\\\/www.rassegnastampa-totustuus.it\\\/cattolica\\\/#\\\/schema\\\/logo\\\/image\\\/\"},\"sameAs\":[\"https:\\\/\\\/www.facebook.com\\\/rassegnastampacattolica\",\"https:\\\/\\\/x.com\\\/rassegnastampa9\"]},{\"@type\":\"Person\",\"@id\":\"https:\\\/\\\/www.rassegnastampa-totustuus.it\\\/cattolica\\\/#\\\/schema\\\/person\\\/08f319d2bd1a0904ad9e2bfb7b15e5c3\",\"name\":\"Redazione\",\"image\":{\"@type\":\"ImageObject\",\"inLanguage\":\"it-IT\",\"@id\":\"https:\\\/\\\/secure.gravatar.com\\\/avatar\\\/2fcdf27c78ea025fbdb44e914cc63c72249ffec9dc8aafd5c82b26240ef3f346?s=96&d=mm&r=g\",\"url\":\"https:\\\/\\\/secure.gravatar.com\\\/avatar\\\/2fcdf27c78ea025fbdb44e914cc63c72249ffec9dc8aafd5c82b26240ef3f346?s=96&d=mm&r=g\",\"contentUrl\":\"https:\\\/\\\/secure.gravatar.com\\\/avatar\\\/2fcdf27c78ea025fbdb44e914cc63c72249ffec9dc8aafd5c82b26240ef3f346?s=96&d=mm&r=g\",\"caption\":\"Redazione\"},\"url\":\"https:\\\/\\\/www.rassegnastampa-totustuus.it\\\/cattolica\\\/author\\\/pietroelle\\\/\"}]}<\/script>\n<!-- \/ Yoast SEO plugin. -->","yoast_head_json":{"title":"Giovanna d'Arco (di S. Visconti Prasca) - Rassegna Stampa Cattolica","description":"Giovanna d'Arco (di S. Visconti Prasca) la biografia della santa condottiera che ricorda come la forza dei tristi \u00e8 la vilt\u00e0 dei cristiani","robots":{"index":"index","follow":"follow","max-snippet":"max-snippet:-1","max-image-preview":"max-image-preview:large","max-video-preview":"max-video-preview:-1"},"canonical":"https:\/\/www.rassegnastampa-totustuus.it\/cattolica\/giovanna-darco-di-s-visconti-prasca\/","og_locale":"it_IT","og_type":"article","og_title":"Giovanna d'Arco (di S. Visconti Prasca) - Rassegna Stampa Cattolica","og_description":"Giovanna d'Arco (di S. Visconti Prasca) la biografia della santa condottiera che ricorda come la forza dei tristi \u00e8 la vilt\u00e0 dei cristiani","og_url":"https:\/\/www.rassegnastampa-totustuus.it\/cattolica\/giovanna-darco-di-s-visconti-prasca\/","og_site_name":"Rassegna Stampa Cattolica","article_publisher":"https:\/\/www.facebook.com\/rassegnastampacattolica","article_published_time":"2024-06-22T10:00:52+00:00","article_modified_time":"2024-08-30T09:37:35+00:00","og_image":[{"width":183,"height":275,"url":"https:\/\/www.rassegnastampa-totustuus.it\/cattolica\/wp-content\/uploads\/2024\/06\/Giovanna_DArco_santi_Francia.jpeg","type":"image\/jpeg"}],"author":"Redazione","twitter_card":"summary_large_image","twitter_creator":"@rassegnastampa9","twitter_site":"@rassegnastampa9","twitter_misc":{"Scritto da":"Redazione","Tempo di lettura stimato":"2 minuti"},"schema":{"@context":"https:\/\/schema.org","@graph":[{"@type":"Article","@id":"https:\/\/www.rassegnastampa-totustuus.it\/cattolica\/giovanna-darco-di-s-visconti-prasca\/#article","isPartOf":{"@id":"https:\/\/www.rassegnastampa-totustuus.it\/cattolica\/giovanna-darco-di-s-visconti-prasca\/"},"author":{"name":"Redazione","@id":"https:\/\/www.rassegnastampa-totustuus.it\/cattolica\/#\/schema\/person\/08f319d2bd1a0904ad9e2bfb7b15e5c3"},"headline":"Giovanna d&#8217;Arco (di S. Visconti Prasca)","datePublished":"2024-06-22T10:00:52+00:00","dateModified":"2024-08-30T09:37:35+00:00","mainEntityOfPage":{"@id":"https:\/\/www.rassegnastampa-totustuus.it\/cattolica\/giovanna-darco-di-s-visconti-prasca\/"},"wordCount":260,"publisher":{"@id":"https:\/\/www.rassegnastampa-totustuus.it\/cattolica\/#organization"},"image":{"@id":"https:\/\/www.rassegnastampa-totustuus.it\/cattolica\/giovanna-darco-di-s-visconti-prasca\/#primaryimage"},"thumbnailUrl":"https:\/\/www.rassegnastampa-totustuus.it\/cattolica\/wp-content\/uploads\/2024\/06\/Giovanna_DArco_santi_Francia.jpeg","keywords":["e-book","Giovanna d'Arco","libri","santi","storia"],"articleSection":["e-book","Libri","Santi","Storia"],"inLanguage":"it-IT"},{"@type":"WebPage","@id":"https:\/\/www.rassegnastampa-totustuus.it\/cattolica\/giovanna-darco-di-s-visconti-prasca\/","url":"https:\/\/www.rassegnastampa-totustuus.it\/cattolica\/giovanna-darco-di-s-visconti-prasca\/","name":"Giovanna d'Arco (di S. Visconti Prasca) - Rassegna Stampa Cattolica","isPartOf":{"@id":"https:\/\/www.rassegnastampa-totustuus.it\/cattolica\/#website"},"primaryImageOfPage":{"@id":"https:\/\/www.rassegnastampa-totustuus.it\/cattolica\/giovanna-darco-di-s-visconti-prasca\/#primaryimage"},"image":{"@id":"https:\/\/www.rassegnastampa-totustuus.it\/cattolica\/giovanna-darco-di-s-visconti-prasca\/#primaryimage"},"thumbnailUrl":"https:\/\/www.rassegnastampa-totustuus.it\/cattolica\/wp-content\/uploads\/2024\/06\/Giovanna_DArco_santi_Francia.jpeg","datePublished":"2024-06-22T10:00:52+00:00","dateModified":"2024-08-30T09:37:35+00:00","description":"Giovanna d'Arco (di S. Visconti Prasca) la biografia della santa condottiera che ricorda come la forza dei tristi \u00e8 la vilt\u00e0 dei cristiani","breadcrumb":{"@id":"https:\/\/www.rassegnastampa-totustuus.it\/cattolica\/giovanna-darco-di-s-visconti-prasca\/#breadcrumb"},"inLanguage":"it-IT","potentialAction":[{"@type":"ReadAction","target":["https:\/\/www.rassegnastampa-totustuus.it\/cattolica\/giovanna-darco-di-s-visconti-prasca\/"]}]},{"@type":"ImageObject","inLanguage":"it-IT","@id":"https:\/\/www.rassegnastampa-totustuus.it\/cattolica\/giovanna-darco-di-s-visconti-prasca\/#primaryimage","url":"https:\/\/www.rassegnastampa-totustuus.it\/cattolica\/wp-content\/uploads\/2024\/06\/Giovanna_DArco_santi_Francia.jpeg","contentUrl":"https:\/\/www.rassegnastampa-totustuus.it\/cattolica\/wp-content\/uploads\/2024\/06\/Giovanna_DArco_santi_Francia.jpeg","width":183,"height":275},{"@type":"BreadcrumbList","@id":"https:\/\/www.rassegnastampa-totustuus.it\/cattolica\/giovanna-darco-di-s-visconti-prasca\/#breadcrumb","itemListElement":[{"@type":"ListItem","position":1,"name":"Home","item":"https:\/\/www.rassegnastampa-totustuus.it\/cattolica\/"},{"@type":"ListItem","position":2,"name":"Giovanna d&#8217;Arco (di S. Visconti Prasca)"}]},{"@type":"WebSite","@id":"https:\/\/www.rassegnastampa-totustuus.it\/cattolica\/#website","url":"https:\/\/www.rassegnastampa-totustuus.it\/cattolica\/","name":"Rassegna Stampa Cattolica","description":"Per una cultura che nasce dalla Rivelazione cristiana in conformit\u00e0 alla tradizione e al Magistero della Chiesa in opposizione ad ogni relativismo e totalitarismo","publisher":{"@id":"https:\/\/www.rassegnastampa-totustuus.it\/cattolica\/#organization"},"alternateName":"Rass. Cattolica","potentialAction":[{"@type":"SearchAction","target":{"@type":"EntryPoint","urlTemplate":"https:\/\/www.rassegnastampa-totustuus.it\/cattolica\/?s={search_term_string}"},"query-input":{"@type":"PropertyValueSpecification","valueRequired":true,"valueName":"search_term_string"}}],"inLanguage":"it-IT"},{"@type":"Organization","@id":"https:\/\/www.rassegnastampa-totustuus.it\/cattolica\/#organization","name":"Rassegna Stampa Cattolica","url":"https:\/\/www.rassegnastampa-totustuus.it\/cattolica\/","logo":{"@type":"ImageObject","inLanguage":"it-IT","@id":"https:\/\/www.rassegnastampa-totustuus.it\/cattolica\/#\/schema\/logo\/image\/","url":"https:\/\/www.rassegnastampa-totustuus.it\/cattolica\/wp-content\/uploads\/2014\/04\/logo-rassegna1.gif","contentUrl":"https:\/\/www.rassegnastampa-totustuus.it\/cattolica\/wp-content\/uploads\/2014\/04\/logo-rassegna1.gif","width":600,"height":163,"caption":"Rassegna Stampa Cattolica"},"image":{"@id":"https:\/\/www.rassegnastampa-totustuus.it\/cattolica\/#\/schema\/logo\/image\/"},"sameAs":["https:\/\/www.facebook.com\/rassegnastampacattolica","https:\/\/x.com\/rassegnastampa9"]},{"@type":"Person","@id":"https:\/\/www.rassegnastampa-totustuus.it\/cattolica\/#\/schema\/person\/08f319d2bd1a0904ad9e2bfb7b15e5c3","name":"Redazione","image":{"@type":"ImageObject","inLanguage":"it-IT","@id":"https:\/\/secure.gravatar.com\/avatar\/2fcdf27c78ea025fbdb44e914cc63c72249ffec9dc8aafd5c82b26240ef3f346?s=96&d=mm&r=g","url":"https:\/\/secure.gravatar.com\/avatar\/2fcdf27c78ea025fbdb44e914cc63c72249ffec9dc8aafd5c82b26240ef3f346?s=96&d=mm&r=g","contentUrl":"https:\/\/secure.gravatar.com\/avatar\/2fcdf27c78ea025fbdb44e914cc63c72249ffec9dc8aafd5c82b26240ef3f346?s=96&d=mm&r=g","caption":"Redazione"},"url":"https:\/\/www.rassegnastampa-totustuus.it\/cattolica\/author\/pietroelle\/"}]}},"_links":{"self":[{"href":"https:\/\/www.rassegnastampa-totustuus.it\/cattolica\/wp-json\/wp\/v2\/posts\/60700","targetHints":{"allow":["GET"]}}],"collection":[{"href":"https:\/\/www.rassegnastampa-totustuus.it\/cattolica\/wp-json\/wp\/v2\/posts"}],"about":[{"href":"https:\/\/www.rassegnastampa-totustuus.it\/cattolica\/wp-json\/wp\/v2\/types\/post"}],"author":[{"embeddable":true,"href":"https:\/\/www.rassegnastampa-totustuus.it\/cattolica\/wp-json\/wp\/v2\/users\/6"}],"replies":[{"embeddable":true,"href":"https:\/\/www.rassegnastampa-totustuus.it\/cattolica\/wp-json\/wp\/v2\/comments?post=60700"}],"version-history":[{"count":2,"href":"https:\/\/www.rassegnastampa-totustuus.it\/cattolica\/wp-json\/wp\/v2\/posts\/60700\/revisions"}],"predecessor-version":[{"id":61076,"href":"https:\/\/www.rassegnastampa-totustuus.it\/cattolica\/wp-json\/wp\/v2\/posts\/60700\/revisions\/61076"}],"wp:featuredmedia":[{"embeddable":true,"href":"https:\/\/www.rassegnastampa-totustuus.it\/cattolica\/wp-json\/wp\/v2\/media\/60702"}],"wp:attachment":[{"href":"https:\/\/www.rassegnastampa-totustuus.it\/cattolica\/wp-json\/wp\/v2\/media?parent=60700"}],"wp:term":[{"taxonomy":"category","embeddable":true,"href":"https:\/\/www.rassegnastampa-totustuus.it\/cattolica\/wp-json\/wp\/v2\/categories?post=60700"},{"taxonomy":"post_tag","embeddable":true,"href":"https:\/\/www.rassegnastampa-totustuus.it\/cattolica\/wp-json\/wp\/v2\/tags?post=60700"}],"curies":[{"name":"wp","href":"https:\/\/api.w.org\/{rel}","templated":true}]}}