{"id":60649,"date":"2024-06-11T09:20:10","date_gmt":"2024-06-11T07:20:10","guid":{"rendered":"https:\/\/www.rassegnastampa-totustuus.it\/cattolica\/?p=60649"},"modified":"2024-06-11T09:20:11","modified_gmt":"2024-06-11T07:20:11","slug":"il-male-minore-non-vuol-dire-compromesso","status":"publish","type":"post","link":"https:\/\/www.rassegnastampa-totustuus.it\/cattolica\/il-male-minore-non-vuol-dire-compromesso\/","title":{"rendered":"Il \u201cmale minore\u201d non vuol dire compromesso"},"content":{"rendered":"<p style=\"text-align: center;\"><span style=\"color: #000000;\"><a href=\"https:\/\/www.informazionecattolica.it\" target=\"_blank\" rel=\"noopener\"><strong><span style=\"color: #0000ff;\"><img loading=\"lazy\" decoding=\"async\" class=\"wp-image-60650 alignleft\" src=\"https:\/\/www.rassegnastampa-totustuus.it\/cattolica\/wp-content\/uploads\/2024\/06\/donna_bene_male_compromesso.jpg\" alt=\"\" width=\"318\" height=\"212\" \/>InFormazione cattolica <\/span><\/strong><\/a>11 Giugno 2024\u00a0<\/span><\/p>\n<p style=\"text-align: center;\"><span style=\"color: #000000;\"><em>Il massimalismo moralista non \u00e8 mai appartenuto alla storia ed alla dottrina cattolica<\/em> <\/span><\/p>\n<p style=\"text-align: center;\"><span style=\"color: #000000;\">di<\/span><span style=\"color: #0000ff;\"><strong><a style=\"color: #0000ff;\" href=\"https:\/\/www.informazionecattolica.it\/tag\/matteo-castagna\/\" target=\"_blank\" rel=\"noopener\"> Matteo Castagna<\/a><\/strong><\/span><\/p>\n<p><!--more--><\/p>\n<p style=\"text-align: justify;\"><span style=\"color: #000000;\">I grandi maestri della tradizione cattolica S. Tommaso d\u2019Aquino, S. Agostino, S. Alfonso hanno insegnato un aspetto della teologia morale che \u00e8 il \u201c<\/span><span style=\"color: #0000ff;\"><a style=\"color: #0000ff;\" href=\"https:\/\/www.informazionecattolica.it\/tag\/male-minore\/\" target=\"_blank\" rel=\"noopener\">male minore<\/a><\/span><span style=\"color: #000000;\">\u201c. L\u2019assolutismo morale di altri, in ambito cattolico, non appartiene al concetto classico stabilito dai Dottori della Chiesa.<\/span><\/p>\n<p style=\"text-align: justify;\"><span style=\"color: #000000;\"><img loading=\"lazy\" decoding=\"async\" class=\"size-full wp-image-48228 alignright\" src=\"https:\/\/www.rassegnastampa-totustuus.it\/cattolica\/wp-content\/uploads\/2005\/09\/Tommaso_Moro.jpg\" alt=\"\" width=\"194\" height=\"260\" \/>Chi ignora la dottrina tomista inerente l\u2019analogia, non riesce a cogliere la definizione di male come assenza di bene, in tutte le sue implicazioni.<\/span><\/p>\n<p style=\"text-align: justify;\"><span style=\"color: #000000;\">\u201cUn artefice sapiente produce un male minore per evitarne uno maggiore: come il medico taglia un membro perch\u00e9 l\u2019intero corpo non perisca\u201d (S. Tommaso, Summa Theologica I, q. 48, art. 6).<\/span><\/p>\n<p style=\"text-align: justify;\"><span style=\"color: #000000;\">Saggiamente, il ricercatore e scrittore, dottore in Scienze religiose, Prof. Fabrizio Cannone, nel suo \u201cPer una resistenza cattolica\u201d (Ed. Solfanelli, 2016) afferma che in certa pubblicistica cattolica, poco accorta nella pratica, si \u00e8 consolidata \u201cl\u2019idea peregrina\u201d secondo cui il male minore non esisterebbe o, comunque da evitare, perch\u00e9 indice di compromesso.<\/span><\/p>\n<p style=\"text-align: justify;\"><span style=\"color: #000000;\">Invece, infinite volte, la Chiesa, i Santi, i Pontefici e i pr\u00ecncipi cattolici ne hanno fatto ricorso, optando, nello stato di necessit\u00e0, per qualcosa che non era esente dal male, che lo rendeva privo di qualche o molte perfezioni.<\/span><\/p>\n<p style=\"text-align: justify;\"><span style=\"color: #000000;\">L\u2019intera questione 49 della prima parte della Summa Teologica \u00e8 dedicata alle cause del male, con la premessa della questione 48 sull\u2019esistenza di due mali: quello della colpa e quello della pena. Quest\u2019ultimo \u00e8 anche un bene, e senza alcuna contraddizione. Chi non comprende l\u2019analogia intesa dell\u2019Angelico non valuter\u00e0 mai il fatto che il male minore possa essere, altres\u00ec, il bene maggiore che si pu\u00f2 praticare in un determinato momento storico.<\/span><\/p>\n<p style=\"text-align: justify;\"><span style=\"color: #000000;\">Il male, in quanto assenza di Bene, pi\u00f9 che una realt\u00e0 positiva, \u00e8 una privazione di giustizia, di carit\u00e0, di purezza, di fede, di umilt\u00e0, di moralit\u00e0, di continenza, di potere e ricchezze leciti ecc., che viene da ci\u00f2 che gi\u00e0 esiste, come la natura o l\u2019uomo. Cos\u00ec, paradossalmente, il male deriva dal bene. S. Agostino scrive, infatti, che \u201cnon c\u2019\u00e8 altra sorgente che il bene da cui possa derivare il male\u201d.<\/span><\/p>\n<p style=\"text-align: justify;\"><span style=\"color: #000000;\"><img loading=\"lazy\" decoding=\"async\" class=\" wp-image-54187 alignleft\" src=\"https:\/\/www.rassegnastampa-totustuus.it\/cattolica\/wp-content\/uploads\/2009\/03\/Operation_Rescue_aborto.png\" alt=\"\" width=\"246\" height=\"245\" srcset=\"https:\/\/www.rassegnastampa-totustuus.it\/cattolica\/wp-content\/uploads\/2009\/03\/Operation_Rescue_aborto.png 225w, https:\/\/www.rassegnastampa-totustuus.it\/cattolica\/wp-content\/uploads\/2009\/03\/Operation_Rescue_aborto-150x150.png 150w\" sizes=\"auto, (max-width: 246px) 100vw, 246px\" \/>Ovviamente lo \u00e8 accidentalmente e indirettamente. S. Tommaso stabilisce che dio non \u00e8 causa del male morale, ma pu\u00f2 essere causa del male (analogico) , della corruzione o distruzione di una cosa. Infatti, il Signore \u201cfa morire e fa vivere\u201d (1, Sam 2,6).<\/span><\/p>\n<p style=\"text-align: justify;\"><span style=\"color: #000000;\">Ad esempio, sul tema dell\u2019aborto, sappiamo tutti che la legge 194 \u00e8 male e andrebbe abolita. Inserirla come \u201cdiritto universale\u201d \u00e8 ancor peggio. Perci\u00f2 il legislatore che si opponesse ad esso e che favorisse la presenza dei cattolici nei consultori, salverebbe moltissime vite. Questa opzione per il male minore, che produce il maggior bene possibile, \u00e8 assolutamente conforme alla morale cattolica, cos\u00ec come concepita dal tomismo. Questo atteggiamento non va visto come compromissorio, ma come prudente e, soprattutto, metafisicamente fondato.<\/span><\/p>\n<p style=\"text-align: justify;\"><span style=\"color: #000000;\">Ammettiamo che vi siano dei candidati (democraticamente) alle elezioni, che nella loro storia personale e politica si siano distinti pi\u00f9 di altri nel rispetto dei princ\u00ecpi cristiani, sebbene in altre occasioni, per vari motivi, abbiano sbagliato e optato per il male. Altri, invece, si sono sempre comportati da anti-cristiani, amorali, immorali, oppressori del popolo, giungendo perfino al satanismo, proponendo disvalori che gridano vendetta al cospetto di Dio.<\/span><\/p>\n<p style=\"text-align: justify;\"><span style=\"color: #000000;\">Dovrei \u2013 si chiede p. Eriberto Jone, OFM, nel suo \u201cCompendio di Teologia morale\u201d, dotato di imprimatur, sotto il Pontificato di Pio XII (Ed. Marietti, 1955) \u2013 astenermi dal votare il candidato migliore, poich\u00e9 comunque non buono in tanti aspetti, rischiando di contribuire all\u2019elezione del candidato nettamente peggiore, come fanno quelli che non votano mai, non essendoci attualmente alcun partito conforme alla dottrina sociale della Chiesa? Evidentemente no. E\u2019 doverosa la scelta del \u201cmale minore\u201d, suffragata dalle risposte di S. Tommaso d\u2019Aquino, del Magistero e della prassi secolare della Chiesa.<\/span><\/p>\n<div id=\"attachment_55197\" style=\"width: 300px\" class=\"wp-caption alignright\"><img loading=\"lazy\" decoding=\"async\" aria-describedby=\"caption-attachment-55197\" class=\"wp-image-55197 size-medium\" src=\"https:\/\/www.rassegnastampa-totustuus.it\/cattolica\/wp-content\/uploads\/2022\/11\/Vietnam_padre_Hoa_cristiani_guerra-300x176.jpg\" alt=\"\" width=\"300\" height=\"176\" srcset=\"https:\/\/www.rassegnastampa-totustuus.it\/cattolica\/wp-content\/uploads\/2022\/11\/Vietnam_padre_Hoa_cristiani_guerra-300x176.jpg 300w, https:\/\/www.rassegnastampa-totustuus.it\/cattolica\/wp-content\/uploads\/2022\/11\/Vietnam_padre_Hoa_cristiani_guerra-768x450.jpg 768w, https:\/\/www.rassegnastampa-totustuus.it\/cattolica\/wp-content\/uploads\/2022\/11\/Vietnam_padre_Hoa_cristiani_guerra.jpg 820w\" sizes=\"auto, (max-width: 300px) 100vw, 300px\" \/><p id=\"caption-attachment-55197\" class=\"wp-caption-text\">un prete cattolico guida i suoi parrocchiano contro i comunisti nel Vietnam<\/p><\/div>\n<p style=\"text-align: justify;\"><span style=\"color: #000000;\">Padre Dragone, nella sua \u201cSpiegazione del catechismo di San Pio X\u201d, Sodalitium, 2009, pag. 296-297, che dispone di imprimatur, dice: \u201cDio \u00e8 padrone della vita. Non \u00e8 quindi lecito uccidere. eccetto in tre casi: in guerra, per legittima difesa, per decisione dell\u2019autorit\u00e0 competente. Ci sono, dunque, delle \u201ceccezioni\u201d in casi particolari.<\/span><\/p>\n<p style=\"text-align: justify;\"><span style=\"color: #000000;\">\u201cLa cooperazione nell\u2019approvazione di una legge cattiva \u00e8 peccato. Si fa eccezione soltanto quando i deputati, con la loro cooperazione possono impedire qualche male peggiore\u201d \u2013 continua p. Dragone (pag. 155, n. 295).<\/span><\/p>\n<p style=\"text-align: justify;\"><span style=\"color: #000000;\">Il massimalismo moralista, dunque, non \u00e8 mai appartenuto alla storia ed alla dottrina cattolica, quanto \u00e8 molto presente nella dimensione protestante e puritana, di cui non abbiamo bisogno, soprattutto in questi tempi in cui i veri cattolici non sono molti e vengono messi in un angolo dalla secolarizzazione.<\/span><\/p>\n<p>__________________________________________________<\/p>\n<p><strong><span style=\"color: #000000;\">Leggi anche:<\/span><\/strong><\/p>\n<p><a href=\"https:\/\/www.rassegnastampa-totustuus.it\/cattolica\/dominus-iesus-il-dialogo-non-un-compromesso\/\" target=\"_blank\" rel=\"noopener\"><span style=\"color: #0000ff;\">Dominus Iesus. Il dialogo non \u00e8 un compromesso<\/span><\/a><\/p>\n<p><a href=\"https:\/\/www.rassegnastampa-totustuus.it\/cattolica\/apologia-ratzingeriana-del-compromesso\/\" target=\"_blank\" rel=\"noopener\"><span style=\"color: #0000ff;\">Apologia ratzingeriana del compromesso<\/span><\/a><\/p>\n","protected":false},"excerpt":{"rendered":"<p>InFormazione cattolica 11 Giugno 2024\u00a0 Il massimalismo moralista non \u00e8 mai appartenuto alla storia ed alla dottrina cattolica di Matteo Castagna<\/p><p><a class=\"more-link btn\" href=\"https:\/\/www.rassegnastampa-totustuus.it\/cattolica\/il-male-minore-non-vuol-dire-compromesso\/\">Continua a leggere<\/a><\/p>\n","protected":false},"author":6,"featured_media":60650,"comment_status":"closed","ping_status":"closed","sticky":false,"template":"","format":"standard","meta":{"footnotes":""},"categories":[5,42,53],"tags":[157,2173,458,235],"class_list":["post-60649","post","type-post","status-publish","format-standard","has-post-thumbnail","hentry","category-chiesa","category-dottrina-e-morale","category-politica","tag-chiesa-2","tag-compromesso","tag-dottrina-e-morale-2","tag-politica-2","item-wrap"],"yoast_head":"<!-- This site is optimized with the Yoast SEO plugin v27.5 - https:\/\/yoast.com\/product\/yoast-seo-wordpress\/ -->\n<title>Il \u201cmale minore\u201d non vuol dire compromesso - Rassegna Stampa Cattolica<\/title>\n<meta name=\"description\" content=\"Il \u201cmale minore\u201d non vuol dire compromesso. Il massimalismo moralista non appartiene alla dottrina cattolica\" \/>\n<meta name=\"robots\" content=\"index, follow, max-snippet:-1, max-image-preview:large, max-video-preview:-1\" \/>\n<link rel=\"canonical\" href=\"https:\/\/www.rassegnastampa-totustuus.it\/cattolica\/il-male-minore-non-vuol-dire-compromesso\/\" \/>\n<meta property=\"og:locale\" content=\"it_IT\" \/>\n<meta property=\"og:type\" content=\"article\" \/>\n<meta property=\"og:title\" content=\"Il \u201cmale minore\u201d non vuol dire compromesso - Rassegna Stampa Cattolica\" \/>\n<meta property=\"og:description\" content=\"Il \u201cmale minore\u201d non vuol dire compromesso. Il massimalismo moralista non appartiene alla dottrina cattolica\" \/>\n<meta property=\"og:url\" content=\"https:\/\/www.rassegnastampa-totustuus.it\/cattolica\/il-male-minore-non-vuol-dire-compromesso\/\" \/>\n<meta property=\"og:site_name\" content=\"Rassegna Stampa Cattolica\" \/>\n<meta property=\"article:publisher\" content=\"https:\/\/www.facebook.com\/rassegnastampacattolica\" \/>\n<meta property=\"article:published_time\" content=\"2024-06-11T07:20:10+00:00\" \/>\n<meta property=\"article:modified_time\" content=\"2024-06-11T07:20:11+00:00\" \/>\n<meta property=\"og:image\" content=\"https:\/\/www.rassegnastampa-totustuus.it\/cattolica\/wp-content\/uploads\/2024\/06\/donna_bene_male_compromesso.jpg\" \/>\n\t<meta property=\"og:image:width\" content=\"960\" \/>\n\t<meta property=\"og:image:height\" content=\"640\" \/>\n\t<meta property=\"og:image:type\" content=\"image\/jpeg\" \/>\n<meta name=\"author\" content=\"Redazione\" \/>\n<meta name=\"twitter:card\" content=\"summary_large_image\" \/>\n<meta name=\"twitter:creator\" content=\"@rassegnastampa9\" \/>\n<meta name=\"twitter:site\" content=\"@rassegnastampa9\" \/>\n<meta name=\"twitter:label1\" content=\"Scritto da\" \/>\n\t<meta name=\"twitter:data1\" content=\"Redazione\" \/>\n\t<meta name=\"twitter:label2\" content=\"Tempo di lettura stimato\" \/>\n\t<meta name=\"twitter:data2\" content=\"6 minuti\" \/>\n<script type=\"application\/ld+json\" class=\"yoast-schema-graph\">{\"@context\":\"https:\\\/\\\/schema.org\",\"@graph\":[{\"@type\":\"Article\",\"@id\":\"https:\\\/\\\/www.rassegnastampa-totustuus.it\\\/cattolica\\\/il-male-minore-non-vuol-dire-compromesso\\\/#article\",\"isPartOf\":{\"@id\":\"https:\\\/\\\/www.rassegnastampa-totustuus.it\\\/cattolica\\\/il-male-minore-non-vuol-dire-compromesso\\\/\"},\"author\":{\"name\":\"Redazione\",\"@id\":\"https:\\\/\\\/www.rassegnastampa-totustuus.it\\\/cattolica\\\/#\\\/schema\\\/person\\\/08f319d2bd1a0904ad9e2bfb7b15e5c3\"},\"headline\":\"Il \u201cmale minore\u201d non vuol dire compromesso\",\"datePublished\":\"2024-06-11T07:20:10+00:00\",\"dateModified\":\"2024-06-11T07:20:11+00:00\",\"mainEntityOfPage\":{\"@id\":\"https:\\\/\\\/www.rassegnastampa-totustuus.it\\\/cattolica\\\/il-male-minore-non-vuol-dire-compromesso\\\/\"},\"wordCount\":786,\"publisher\":{\"@id\":\"https:\\\/\\\/www.rassegnastampa-totustuus.it\\\/cattolica\\\/#organization\"},\"image\":{\"@id\":\"https:\\\/\\\/www.rassegnastampa-totustuus.it\\\/cattolica\\\/il-male-minore-non-vuol-dire-compromesso\\\/#primaryimage\"},\"thumbnailUrl\":\"https:\\\/\\\/www.rassegnastampa-totustuus.it\\\/cattolica\\\/wp-content\\\/uploads\\\/2024\\\/06\\\/donna_bene_male_compromesso.jpg\",\"keywords\":[\"chiesa\",\"compromesso\",\"dottrina e morale\",\"politica\"],\"articleSection\":[\"Chiesa\",\"Dottrina e morale\",\"Politica\"],\"inLanguage\":\"it-IT\"},{\"@type\":\"WebPage\",\"@id\":\"https:\\\/\\\/www.rassegnastampa-totustuus.it\\\/cattolica\\\/il-male-minore-non-vuol-dire-compromesso\\\/\",\"url\":\"https:\\\/\\\/www.rassegnastampa-totustuus.it\\\/cattolica\\\/il-male-minore-non-vuol-dire-compromesso\\\/\",\"name\":\"Il \u201cmale minore\u201d non vuol dire compromesso - Rassegna Stampa Cattolica\",\"isPartOf\":{\"@id\":\"https:\\\/\\\/www.rassegnastampa-totustuus.it\\\/cattolica\\\/#website\"},\"primaryImageOfPage\":{\"@id\":\"https:\\\/\\\/www.rassegnastampa-totustuus.it\\\/cattolica\\\/il-male-minore-non-vuol-dire-compromesso\\\/#primaryimage\"},\"image\":{\"@id\":\"https:\\\/\\\/www.rassegnastampa-totustuus.it\\\/cattolica\\\/il-male-minore-non-vuol-dire-compromesso\\\/#primaryimage\"},\"thumbnailUrl\":\"https:\\\/\\\/www.rassegnastampa-totustuus.it\\\/cattolica\\\/wp-content\\\/uploads\\\/2024\\\/06\\\/donna_bene_male_compromesso.jpg\",\"datePublished\":\"2024-06-11T07:20:10+00:00\",\"dateModified\":\"2024-06-11T07:20:11+00:00\",\"description\":\"Il \u201cmale minore\u201d non vuol dire compromesso. Il massimalismo moralista non appartiene alla dottrina cattolica\",\"breadcrumb\":{\"@id\":\"https:\\\/\\\/www.rassegnastampa-totustuus.it\\\/cattolica\\\/il-male-minore-non-vuol-dire-compromesso\\\/#breadcrumb\"},\"inLanguage\":\"it-IT\",\"potentialAction\":[{\"@type\":\"ReadAction\",\"target\":[\"https:\\\/\\\/www.rassegnastampa-totustuus.it\\\/cattolica\\\/il-male-minore-non-vuol-dire-compromesso\\\/\"]}]},{\"@type\":\"ImageObject\",\"inLanguage\":\"it-IT\",\"@id\":\"https:\\\/\\\/www.rassegnastampa-totustuus.it\\\/cattolica\\\/il-male-minore-non-vuol-dire-compromesso\\\/#primaryimage\",\"url\":\"https:\\\/\\\/www.rassegnastampa-totustuus.it\\\/cattolica\\\/wp-content\\\/uploads\\\/2024\\\/06\\\/donna_bene_male_compromesso.jpg\",\"contentUrl\":\"https:\\\/\\\/www.rassegnastampa-totustuus.it\\\/cattolica\\\/wp-content\\\/uploads\\\/2024\\\/06\\\/donna_bene_male_compromesso.jpg\",\"width\":960,\"height\":640},{\"@type\":\"BreadcrumbList\",\"@id\":\"https:\\\/\\\/www.rassegnastampa-totustuus.it\\\/cattolica\\\/il-male-minore-non-vuol-dire-compromesso\\\/#breadcrumb\",\"itemListElement\":[{\"@type\":\"ListItem\",\"position\":1,\"name\":\"Home\",\"item\":\"https:\\\/\\\/www.rassegnastampa-totustuus.it\\\/cattolica\\\/\"},{\"@type\":\"ListItem\",\"position\":2,\"name\":\"Il \u201cmale minore\u201d non vuol dire compromesso\"}]},{\"@type\":\"WebSite\",\"@id\":\"https:\\\/\\\/www.rassegnastampa-totustuus.it\\\/cattolica\\\/#website\",\"url\":\"https:\\\/\\\/www.rassegnastampa-totustuus.it\\\/cattolica\\\/\",\"name\":\"Rassegna Stampa Cattolica\",\"description\":\"Per una cultura che nasce dalla Rivelazione cristiana in conformit\u00e0 alla tradizione e al Magistero della Chiesa in opposizione ad ogni relativismo e totalitarismo\",\"publisher\":{\"@id\":\"https:\\\/\\\/www.rassegnastampa-totustuus.it\\\/cattolica\\\/#organization\"},\"alternateName\":\"Rass. Cattolica\",\"potentialAction\":[{\"@type\":\"SearchAction\",\"target\":{\"@type\":\"EntryPoint\",\"urlTemplate\":\"https:\\\/\\\/www.rassegnastampa-totustuus.it\\\/cattolica\\\/?s={search_term_string}\"},\"query-input\":{\"@type\":\"PropertyValueSpecification\",\"valueRequired\":true,\"valueName\":\"search_term_string\"}}],\"inLanguage\":\"it-IT\"},{\"@type\":\"Organization\",\"@id\":\"https:\\\/\\\/www.rassegnastampa-totustuus.it\\\/cattolica\\\/#organization\",\"name\":\"Rassegna Stampa Cattolica\",\"url\":\"https:\\\/\\\/www.rassegnastampa-totustuus.it\\\/cattolica\\\/\",\"logo\":{\"@type\":\"ImageObject\",\"inLanguage\":\"it-IT\",\"@id\":\"https:\\\/\\\/www.rassegnastampa-totustuus.it\\\/cattolica\\\/#\\\/schema\\\/logo\\\/image\\\/\",\"url\":\"https:\\\/\\\/www.rassegnastampa-totustuus.it\\\/cattolica\\\/wp-content\\\/uploads\\\/2014\\\/04\\\/logo-rassegna1.gif\",\"contentUrl\":\"https:\\\/\\\/www.rassegnastampa-totustuus.it\\\/cattolica\\\/wp-content\\\/uploads\\\/2014\\\/04\\\/logo-rassegna1.gif\",\"width\":600,\"height\":163,\"caption\":\"Rassegna Stampa Cattolica\"},\"image\":{\"@id\":\"https:\\\/\\\/www.rassegnastampa-totustuus.it\\\/cattolica\\\/#\\\/schema\\\/logo\\\/image\\\/\"},\"sameAs\":[\"https:\\\/\\\/www.facebook.com\\\/rassegnastampacattolica\",\"https:\\\/\\\/x.com\\\/rassegnastampa9\"]},{\"@type\":\"Person\",\"@id\":\"https:\\\/\\\/www.rassegnastampa-totustuus.it\\\/cattolica\\\/#\\\/schema\\\/person\\\/08f319d2bd1a0904ad9e2bfb7b15e5c3\",\"name\":\"Redazione\",\"image\":{\"@type\":\"ImageObject\",\"inLanguage\":\"it-IT\",\"@id\":\"https:\\\/\\\/secure.gravatar.com\\\/avatar\\\/2fcdf27c78ea025fbdb44e914cc63c72249ffec9dc8aafd5c82b26240ef3f346?s=96&d=mm&r=g\",\"url\":\"https:\\\/\\\/secure.gravatar.com\\\/avatar\\\/2fcdf27c78ea025fbdb44e914cc63c72249ffec9dc8aafd5c82b26240ef3f346?s=96&d=mm&r=g\",\"contentUrl\":\"https:\\\/\\\/secure.gravatar.com\\\/avatar\\\/2fcdf27c78ea025fbdb44e914cc63c72249ffec9dc8aafd5c82b26240ef3f346?s=96&d=mm&r=g\",\"caption\":\"Redazione\"},\"url\":\"https:\\\/\\\/www.rassegnastampa-totustuus.it\\\/cattolica\\\/author\\\/pietroelle\\\/\"}]}<\/script>\n<!-- \/ Yoast SEO plugin. -->","yoast_head_json":{"title":"Il \u201cmale minore\u201d non vuol dire compromesso - Rassegna Stampa Cattolica","description":"Il \u201cmale minore\u201d non vuol dire compromesso. Il massimalismo moralista non appartiene alla dottrina cattolica","robots":{"index":"index","follow":"follow","max-snippet":"max-snippet:-1","max-image-preview":"max-image-preview:large","max-video-preview":"max-video-preview:-1"},"canonical":"https:\/\/www.rassegnastampa-totustuus.it\/cattolica\/il-male-minore-non-vuol-dire-compromesso\/","og_locale":"it_IT","og_type":"article","og_title":"Il \u201cmale minore\u201d non vuol dire compromesso - Rassegna Stampa Cattolica","og_description":"Il \u201cmale minore\u201d non vuol dire compromesso. Il massimalismo moralista non appartiene alla dottrina cattolica","og_url":"https:\/\/www.rassegnastampa-totustuus.it\/cattolica\/il-male-minore-non-vuol-dire-compromesso\/","og_site_name":"Rassegna Stampa Cattolica","article_publisher":"https:\/\/www.facebook.com\/rassegnastampacattolica","article_published_time":"2024-06-11T07:20:10+00:00","article_modified_time":"2024-06-11T07:20:11+00:00","og_image":[{"width":960,"height":640,"url":"https:\/\/www.rassegnastampa-totustuus.it\/cattolica\/wp-content\/uploads\/2024\/06\/donna_bene_male_compromesso.jpg","type":"image\/jpeg"}],"author":"Redazione","twitter_card":"summary_large_image","twitter_creator":"@rassegnastampa9","twitter_site":"@rassegnastampa9","twitter_misc":{"Scritto da":"Redazione","Tempo di lettura stimato":"6 minuti"},"schema":{"@context":"https:\/\/schema.org","@graph":[{"@type":"Article","@id":"https:\/\/www.rassegnastampa-totustuus.it\/cattolica\/il-male-minore-non-vuol-dire-compromesso\/#article","isPartOf":{"@id":"https:\/\/www.rassegnastampa-totustuus.it\/cattolica\/il-male-minore-non-vuol-dire-compromesso\/"},"author":{"name":"Redazione","@id":"https:\/\/www.rassegnastampa-totustuus.it\/cattolica\/#\/schema\/person\/08f319d2bd1a0904ad9e2bfb7b15e5c3"},"headline":"Il \u201cmale minore\u201d non vuol dire compromesso","datePublished":"2024-06-11T07:20:10+00:00","dateModified":"2024-06-11T07:20:11+00:00","mainEntityOfPage":{"@id":"https:\/\/www.rassegnastampa-totustuus.it\/cattolica\/il-male-minore-non-vuol-dire-compromesso\/"},"wordCount":786,"publisher":{"@id":"https:\/\/www.rassegnastampa-totustuus.it\/cattolica\/#organization"},"image":{"@id":"https:\/\/www.rassegnastampa-totustuus.it\/cattolica\/il-male-minore-non-vuol-dire-compromesso\/#primaryimage"},"thumbnailUrl":"https:\/\/www.rassegnastampa-totustuus.it\/cattolica\/wp-content\/uploads\/2024\/06\/donna_bene_male_compromesso.jpg","keywords":["chiesa","compromesso","dottrina e morale","politica"],"articleSection":["Chiesa","Dottrina e morale","Politica"],"inLanguage":"it-IT"},{"@type":"WebPage","@id":"https:\/\/www.rassegnastampa-totustuus.it\/cattolica\/il-male-minore-non-vuol-dire-compromesso\/","url":"https:\/\/www.rassegnastampa-totustuus.it\/cattolica\/il-male-minore-non-vuol-dire-compromesso\/","name":"Il \u201cmale minore\u201d non vuol dire compromesso - Rassegna Stampa Cattolica","isPartOf":{"@id":"https:\/\/www.rassegnastampa-totustuus.it\/cattolica\/#website"},"primaryImageOfPage":{"@id":"https:\/\/www.rassegnastampa-totustuus.it\/cattolica\/il-male-minore-non-vuol-dire-compromesso\/#primaryimage"},"image":{"@id":"https:\/\/www.rassegnastampa-totustuus.it\/cattolica\/il-male-minore-non-vuol-dire-compromesso\/#primaryimage"},"thumbnailUrl":"https:\/\/www.rassegnastampa-totustuus.it\/cattolica\/wp-content\/uploads\/2024\/06\/donna_bene_male_compromesso.jpg","datePublished":"2024-06-11T07:20:10+00:00","dateModified":"2024-06-11T07:20:11+00:00","description":"Il \u201cmale minore\u201d non vuol dire compromesso. Il massimalismo moralista non appartiene alla dottrina cattolica","breadcrumb":{"@id":"https:\/\/www.rassegnastampa-totustuus.it\/cattolica\/il-male-minore-non-vuol-dire-compromesso\/#breadcrumb"},"inLanguage":"it-IT","potentialAction":[{"@type":"ReadAction","target":["https:\/\/www.rassegnastampa-totustuus.it\/cattolica\/il-male-minore-non-vuol-dire-compromesso\/"]}]},{"@type":"ImageObject","inLanguage":"it-IT","@id":"https:\/\/www.rassegnastampa-totustuus.it\/cattolica\/il-male-minore-non-vuol-dire-compromesso\/#primaryimage","url":"https:\/\/www.rassegnastampa-totustuus.it\/cattolica\/wp-content\/uploads\/2024\/06\/donna_bene_male_compromesso.jpg","contentUrl":"https:\/\/www.rassegnastampa-totustuus.it\/cattolica\/wp-content\/uploads\/2024\/06\/donna_bene_male_compromesso.jpg","width":960,"height":640},{"@type":"BreadcrumbList","@id":"https:\/\/www.rassegnastampa-totustuus.it\/cattolica\/il-male-minore-non-vuol-dire-compromesso\/#breadcrumb","itemListElement":[{"@type":"ListItem","position":1,"name":"Home","item":"https:\/\/www.rassegnastampa-totustuus.it\/cattolica\/"},{"@type":"ListItem","position":2,"name":"Il \u201cmale minore\u201d non vuol dire compromesso"}]},{"@type":"WebSite","@id":"https:\/\/www.rassegnastampa-totustuus.it\/cattolica\/#website","url":"https:\/\/www.rassegnastampa-totustuus.it\/cattolica\/","name":"Rassegna Stampa Cattolica","description":"Per una cultura che nasce dalla Rivelazione cristiana in conformit\u00e0 alla tradizione e al Magistero della Chiesa in opposizione ad ogni relativismo e totalitarismo","publisher":{"@id":"https:\/\/www.rassegnastampa-totustuus.it\/cattolica\/#organization"},"alternateName":"Rass. Cattolica","potentialAction":[{"@type":"SearchAction","target":{"@type":"EntryPoint","urlTemplate":"https:\/\/www.rassegnastampa-totustuus.it\/cattolica\/?s={search_term_string}"},"query-input":{"@type":"PropertyValueSpecification","valueRequired":true,"valueName":"search_term_string"}}],"inLanguage":"it-IT"},{"@type":"Organization","@id":"https:\/\/www.rassegnastampa-totustuus.it\/cattolica\/#organization","name":"Rassegna Stampa Cattolica","url":"https:\/\/www.rassegnastampa-totustuus.it\/cattolica\/","logo":{"@type":"ImageObject","inLanguage":"it-IT","@id":"https:\/\/www.rassegnastampa-totustuus.it\/cattolica\/#\/schema\/logo\/image\/","url":"https:\/\/www.rassegnastampa-totustuus.it\/cattolica\/wp-content\/uploads\/2014\/04\/logo-rassegna1.gif","contentUrl":"https:\/\/www.rassegnastampa-totustuus.it\/cattolica\/wp-content\/uploads\/2014\/04\/logo-rassegna1.gif","width":600,"height":163,"caption":"Rassegna Stampa Cattolica"},"image":{"@id":"https:\/\/www.rassegnastampa-totustuus.it\/cattolica\/#\/schema\/logo\/image\/"},"sameAs":["https:\/\/www.facebook.com\/rassegnastampacattolica","https:\/\/x.com\/rassegnastampa9"]},{"@type":"Person","@id":"https:\/\/www.rassegnastampa-totustuus.it\/cattolica\/#\/schema\/person\/08f319d2bd1a0904ad9e2bfb7b15e5c3","name":"Redazione","image":{"@type":"ImageObject","inLanguage":"it-IT","@id":"https:\/\/secure.gravatar.com\/avatar\/2fcdf27c78ea025fbdb44e914cc63c72249ffec9dc8aafd5c82b26240ef3f346?s=96&d=mm&r=g","url":"https:\/\/secure.gravatar.com\/avatar\/2fcdf27c78ea025fbdb44e914cc63c72249ffec9dc8aafd5c82b26240ef3f346?s=96&d=mm&r=g","contentUrl":"https:\/\/secure.gravatar.com\/avatar\/2fcdf27c78ea025fbdb44e914cc63c72249ffec9dc8aafd5c82b26240ef3f346?s=96&d=mm&r=g","caption":"Redazione"},"url":"https:\/\/www.rassegnastampa-totustuus.it\/cattolica\/author\/pietroelle\/"}]}},"_links":{"self":[{"href":"https:\/\/www.rassegnastampa-totustuus.it\/cattolica\/wp-json\/wp\/v2\/posts\/60649","targetHints":{"allow":["GET"]}}],"collection":[{"href":"https:\/\/www.rassegnastampa-totustuus.it\/cattolica\/wp-json\/wp\/v2\/posts"}],"about":[{"href":"https:\/\/www.rassegnastampa-totustuus.it\/cattolica\/wp-json\/wp\/v2\/types\/post"}],"author":[{"embeddable":true,"href":"https:\/\/www.rassegnastampa-totustuus.it\/cattolica\/wp-json\/wp\/v2\/users\/6"}],"replies":[{"embeddable":true,"href":"https:\/\/www.rassegnastampa-totustuus.it\/cattolica\/wp-json\/wp\/v2\/comments?post=60649"}],"version-history":[{"count":1,"href":"https:\/\/www.rassegnastampa-totustuus.it\/cattolica\/wp-json\/wp\/v2\/posts\/60649\/revisions"}],"predecessor-version":[{"id":60651,"href":"https:\/\/www.rassegnastampa-totustuus.it\/cattolica\/wp-json\/wp\/v2\/posts\/60649\/revisions\/60651"}],"wp:featuredmedia":[{"embeddable":true,"href":"https:\/\/www.rassegnastampa-totustuus.it\/cattolica\/wp-json\/wp\/v2\/media\/60650"}],"wp:attachment":[{"href":"https:\/\/www.rassegnastampa-totustuus.it\/cattolica\/wp-json\/wp\/v2\/media?parent=60649"}],"wp:term":[{"taxonomy":"category","embeddable":true,"href":"https:\/\/www.rassegnastampa-totustuus.it\/cattolica\/wp-json\/wp\/v2\/categories?post=60649"},{"taxonomy":"post_tag","embeddable":true,"href":"https:\/\/www.rassegnastampa-totustuus.it\/cattolica\/wp-json\/wp\/v2\/tags?post=60649"}],"curies":[{"name":"wp","href":"https:\/\/api.w.org\/{rel}","templated":true}]}}