{"id":60643,"date":"2024-06-10T12:33:29","date_gmt":"2024-06-10T10:33:29","guid":{"rendered":"https:\/\/www.rassegnastampa-totustuus.it\/cattolica\/?p=60643"},"modified":"2026-04-16T17:12:51","modified_gmt":"2026-04-16T15:12:51","slug":"ricchi-occidentali-annoiati-amici-della-cina-di-hamas-e-degli-ambientalisti","status":"publish","type":"post","link":"https:\/\/www.rassegnastampa-totustuus.it\/cattolica\/ricchi-occidentali-annoiati-amici-della-cina-di-hamas-e-degli-ambientalisti\/","title":{"rendered":"All\u2019inferno mangeremo foie gras. I ricchi occidentali annoiati, amici della Cina, di Hamas e degli imbrattatori di quadri"},"content":{"rendered":"\n<p class=\"has-text-align-center\"><strong><a href=\"https:\/\/meotti.substack.com\/\" target=\"_blank\" rel=\"noopener\"><span style=\"color: #0000ff;\">La newsletter di Giulio Meotti<\/span><\/a> <\/strong><span style=\"color: #000000;\">3 Giugno 2024 <\/span><\/p>\n\n\n\n<p><span style=\"color: #000000;\"><em>Chi finanzia l&#8217;apocalisse antagonista. E uno dei pi\u00f9 grandi critici culturali li infilza come si deve: &#8220;Parlano di giustizia climatica, ma non sanno distinguere Karl Popper da Mary Poppins&#8221;<\/em><\/span><\/p>\n\n\n\n<p class=\"has-text-align-center\"><span style=\"color: #000000;\"><strong>Giulio Meotti<\/strong><\/span><\/p>\n\n\n<div class=\"wp-block-image\">\n<figure class=\"aligncenter is-resized\"><img loading=\"lazy\" decoding=\"async\" width=\"300\" height=\"166\" src=\"https:\/\/www.rassegnastampa-totustuus.it\/cattolica\/wp-content\/uploads\/2022\/10\/vandali_ambientalisti-300x166.jpg\" alt=\"\" class=\"wp-image-54914\" style=\"width:388px;height:auto\" srcset=\"https:\/\/www.rassegnastampa-totustuus.it\/cattolica\/wp-content\/uploads\/2022\/10\/vandali_ambientalisti-300x166.jpg 300w, https:\/\/www.rassegnastampa-totustuus.it\/cattolica\/wp-content\/uploads\/2022\/10\/vandali_ambientalisti.jpg 301w\" sizes=\"auto, (max-width: 300px) 100vw, 300px\" \/><\/figure><\/div>\n\n\n<!--more-->\n\n\n\n<p class=\"has-text-align-center\"><\/p>\n\n\n\n<p><span style=\"color: #000000;\">  Il grande critico culturale australiano<\/span> <a href=\"https:\/\/www.spectator.com.au\/2019\/12\/clives-noble-cause\/\"><span style=\"color: #0000ff;\">Clive James<\/span><\/a> <span style=\"color: #000000;\">(dall\u2019Australia vengono molti campioni di razza, come il Robert Hughes della <em>Cultura del piagnisteo<\/em>) prima di morire ha fatto in tempo a regalare ai lettori <em>Mass Death Dies Hard<\/em>. Li infilza tutti, James. I catastrofisti che \u201cci hanno predetto la morte di massa a causa del freddo estremo. Poi ci hanno predetto la morte di massa a causa del caldo estremo. Hanno sempre predetto la morte di massa a causa di qualcosa di estremo\u201d. Barack Obama, \u201cche disse che la gente avrebbe dovuto votarlo se voleva che l\u2019oceano non si alzasse. E\u2019 stato eletto e l\u2019oceano non si \u00e8 alzato\u201d. Gli editorialisti scientifici nei media, \u201cche non sanno distinguere Karl Popper da Mary Poppins\u201d. La <em>Bbc<\/em>, che \u201criproduce il controllo del pensiero prevalente in Unione sovietica\u201d.<\/span><\/p>\n\n\n\n<p><span style=\"color: #000000;\">L\u2019\u201cabracadabra\u201d il cui vero scopo \u00e8 quello di \u201ccreare un governo mondiale che assicurer\u00e0 quella che Robert Mugabe chiama \u2018la giustizia del clima\u2019, in cui il capitalismo \u00e8 sostituito da qualcosa di altruistico\u201d. Il cinema: \u201cLa storia ha gi\u00e0 dimenticato che una delle grandi sequenze di siccit\u00e0 nel film \u2018Australia\u2019 di Baz Luhrmann \u00e8 stato rovinato dalla pioggia\u201d. E i giornali: \u201cUn\u2019intera generazione di commentatori insegna a parlare e a scrivere con un linguaggio iperbolico (\u2018senza precedenti\u2019, \u2018irreversibile\u2019 eccetera)\u201d.<\/span><\/p>\n\n\n<div class=\"wp-block-image\">\n<figure class=\"aligncenter is-resized\"><img loading=\"lazy\" decoding=\"async\" width=\"300\" height=\"168\" src=\"https:\/\/www.rassegnastampa-totustuus.it\/cattolica\/wp-content\/uploads\/2024\/06\/eco_vandali.jpeg\" alt=\"\" class=\"wp-image-60645\" style=\"width:408px;height:auto\"\/><\/figure><\/div>\n\n\n<p><span style=\"color: #000000;\">Conclude James: \u201cMi dispiace quasi che non sar\u00f2 qui per la cerimonia di rivelazione della prossima minaccia. Quasi certamente la festa di apertura avr\u00e0 luogo a Parigi, con un campione di tutti i giovani scienziati del mondo di fronte ai profumi del loro primo piatto di foie gras, promettendo che non sar\u00e0 l\u2019ultimo\u201d.<\/span><\/p>\n\n\n\n<p><span style=\"color: #000000;\">Detto fatto.<\/span><\/p>\n\n\n\n<p><span style=\"color: #000000;\">Un<\/span>&#8216;<span style=\"color: #0000ff;\"><a style=\"color: #0000ff;\" href=\"https:\/\/www.lefigaro.fr\/culture\/une-militante-interpellee-apres-une-action-contre-un-monet-au-musee-d-orsay-20240601\" target=\"_blank\" rel=\"noopener\">attivista per il clima<\/a><\/span> <span style=\"color: #000000;\">\u00e8 stata appena arrestata dopo aver attaccato un poster che rappresenta una visione dell\u2019apocalisse climatica su <em>I papaveri<\/em> di Claude Monet al museo d&#8217;Orsay a Parigi. Mancava solo il foie gras.<\/span><\/p>\n\n\n\n<p><span style=\"color: #000000;\">Al Museo del Louvre, a Parigi, avevano lanciato una zuppa sulla <em>Gioconda<\/em>. Come l\u2019imbrattatrice di Monet, le due attiviste appartengono al collettivo <em>Riposte Alimentaire<\/em>, che fa parte della<\/span> <span style=\"color: #0000ff;\"><a style=\"color: #0000ff;\" href=\"https:\/\/a22network.org\/it\/rete-internazionale\/\" target=\"_blank\" rel=\"noopener\">rete internazionale A22<\/a><\/span> <span style=\"color: #000000;\">(alla quale appartengono gli italiani di Ultima Generazione).<\/span><\/p>\n\n\n\n<p><span style=\"color: #000000;\">Nei giorni scorsi,<\/span> <span style=\"color: #0000ff;\"><a style=\"color: #0000ff;\" href=\"https:\/\/www.bbc.com\/news\/uk-england-london-68991038\" target=\"_blank\" rel=\"noopener\">due attiviste ultraottantenni rompevano la teca che custodisce la Magna Carta alla British Library di Londra<\/a>.<\/span> <span style=\"color: #000000;\">Sue Parfitt, donna-prete della chiesa anglicana, e Judy Bruce, insegnante di biologia, armate di martello e scalpello hanno ripetutamente colpito il vetro fino ad aprire una crepa, ma il prezioso documento non sembra aver subito danni.<\/span><\/p>\n\n\n\n<p><span style=\"color: #000000;\">Dobbiamo smettere di definirli \u201cgruppi di protesta\u201d. E anche \u201cmanifestanti\u201d \u00e8 una parola troppo positiva per descrivere questo strano assembramento di agitatori della classe agiata che hanno preso di mira anche<em> Rokeby Venus<\/em> di Diego Velazquez, capolavoro del XVII secolo raffigurante la dea Venere, che giace nuda e vulnerabile nella sua camera da letto. Sono riusciti a frantumare il vetro che proteggeva il dipinto alla National Gallery di Londra.<\/span><\/p>\n\n\n<div class=\"wp-block-image\">\n<figure class=\"aligncenter is-resized\"><img loading=\"lazy\" decoding=\"async\" width=\"300\" height=\"168\" src=\"https:\/\/www.rassegnastampa-totustuus.it\/cattolica\/wp-content\/uploads\/2024\/06\/eco_vandali-1.jpeg\" alt=\"\" class=\"wp-image-60646\" style=\"width:408px;height:auto\"\/><\/figure><\/div>\n\n\n<p><span style=\"color: #0000ff;\"><a style=\"color: #0000ff;\" href=\"https:\/\/www.climateemergencyfund.org\/press\/theguardian\/2022-4-29\">Just Stop Oil<\/a>,<\/span><span style=\"color: #000000;\"> come le imbrattatrici dei quadri, sono finanziate da un\u2019organizzazione di attivisti con sede a Los Angeles chiamata \u201cClimate Emergency Fund\u201d, rivela la<\/span> <span style=\"color: #0000ff;\"><em><a style=\"color: #0000ff;\" href=\"https:\/\/www.focus.de\/politik\/deutschland\/bieten-1300-euro-fuers-vollzeit-kleben-klimaaktivisten-werben-mit-arbeitsvertraegen-um-nachwuchs_id_181892238.html\">Welt am Sonntag<\/a><\/em><\/span>. <span style=\"color: #000000;\">Non \u00e8 gestito da persone con competenza scientifica, ma da americani ricchi e annoiati che cercano di imporre le loro fantasie teatrali di catastrofe e annientamento al popolo. Questi condiscendenti propagandisti includono Geralyn Dreyfous, guerriera della giustizia sociale dalle tasche profonde amica di Rory Kennedy, la figlia di Robert F. Kennedy. Aileen Getty, la nipote dell\u2019imperatore del petrolio e uomo pi\u00f9 ricco d\u2019America Jean Paul Getty, lo ha fondato con<\/span> <span style=\"color: #0000ff;\"><a style=\"color: #0000ff;\" href=\"https:\/\/www.nytimes.com\/2022\/08\/10\/climate\/climate-protesters-paid-activists.html\">1 milione di dollari<\/a>,<\/span> <span style=\"color: #000000;\">assieme a due membri della famiglia Rockefeller, Rebecca Rockefeller Lambert e Peter Gill Case. Getty di solito finisce sui giornali per le case da<\/span> <span style=\"color: #0000ff;\"><a style=\"color: #0000ff;\" href=\"https:\/\/www.mansionglobal.com\/articles\/heiress-activist-aileen-getty-selling-malibu-home-for-14-million-64019\">14 milioni di dollari<\/a>.<\/span><\/p>\n\n\n\n<p><span style=\"color: #000000;\">Anche<\/span> <span style=\"color: #0000ff;\"><a style=\"color: #0000ff;\" href=\"https:\/\/www.thetimes.co.uk\/article\/greta-thunberg-and-the-plot-to-forge-a-climate-warrior-9blhz9mjv\" target=\"_blank\" rel=\"noopener\">dietro al brand Greta Thunberg<\/a> <\/span><span style=\"color: #000000;\">(ora<\/span> <span style=\"color: #0000ff;\"><a style=\"color: #0000ff;\" href=\"https:\/\/meotti.substack.com\/p\/greta-eden-bambie-mahmoud-e-il-nostro?utm_source=publication-search\" target=\"_blank\" rel=\"noopener\">impegnata contro Israele<\/a><\/span>) <span style=\"color: #000000;\">c\u2019\u00e8 un mondo di milionari che hanno in mano le industrie svedesi. Persone come Ingmar Rentzhog, presidente del think tank svedese Global utmaning (Sfida globale), fondato e finanziato dall\u2019ex ministro socialdemocratico svedese Kristina Persson, e animatore della piattaforma informatica \u201cWe don\u2019t have time\u201d, il grande strumento di pressione sull\u2019opinione pubblica internazionale che ha lanciato Greta.<\/span><\/p>\n\n\n\n<p><span style=\"color: #000000;\">Kristina Persson, ministro dal 2014 al 2016, \u00e8 una figura molto interessante. E\u2019 stata vicegovernatore della Banca di Svezia e da \u201cministro del Futuro\u201d ha annunciato l\u2019ambizione svedese di diventare il primo paese al mondo fossil-free. Rentzhog ha fondato la societ\u00e0 di investimenti Laika Consulting, mentre l\u2019amministratore delegato della sua piattaforma informatica We don\u2019t have time, David Olsson, ha messo su uno dei pi\u00f9 grandi fondi immobiliari svedesi, lo Svenska Bostadsfonden.<\/span><\/p>\n\n\n\n<p><span style=\"color: #000000;\">\u201cWe Don\u2019t Have Time\u201d \u00e8 sostenuto da Gustav Stenbeck, la cui famiglia controlla Kinnevik, una delle pi\u00f9 grandi corporation svedesi. Ci sono anche i nomi di Petter Skogar, a capo della Kfo, la pi\u00f9 grande associazione di dipendenti del paese; Johan Lindholm, portavoce dell\u2019Unione dei costruttori e nel board dei Socialdemocratici; Anders Wijkman, presidente del Club di Roma; Catherina Nystedt Ringborg, gi\u00e0 amministratrice delegata della Swedish Water e vicepresidente del gigante energetico Abb.<\/span><\/p>\n\n\n\n<p><span style=\"color: #000000;\">Dietro molte manifestazioni pro Hamas nei campus americani c\u2019\u00e8<\/span> <span style=\"color: #0000ff;\"><a style=\"color: #0000ff;\" href=\"https:\/\/www.campusreform.org\/article\/soros-funded-hamas-approved-billionaire-paying-students-organize-anti-israel-campus-protests-nationwide\/25324\" target=\"_blank\" rel=\"noopener\">George Soros<\/a>,<\/span> <span style=\"color: #000000;\">il miliardario liberal su cui si dicono molte balle per coprire molte verit\u00e0 indecenti. Ne scrive anche<\/span> <em><a href=\"https:\/\/www.politico.com\/news\/2024\/05\/05\/pro-palestinian-protests-columbia-university-funding-donors-00156135\" target=\"_blank\" rel=\"noopener\"><span style=\"color: #0000ff;\">Politico<\/span><\/a><\/em>. <span style=\"color: #000000;\">Va da s\u00e8 che Soros \u00e8 anche un generoso<\/span> <span style=\"color: #0000ff;\"><a style=\"color: #0000ff;\" href=\"https:\/\/www.lesechos.fr\/finance-marches\/marches-financiers\/quand-extinction-rebellion-sattire-la-sympathie-des-hedge-funds-1141708\" target=\"_blank\" rel=\"noopener\">donatore degli ecologisti radicali<\/a>.<\/span><\/p>\n\n\n<div class=\"wp-block-image wp-image-60647\">\n<figure class=\"aligncenter is-resized\"><img loading=\"lazy\" decoding=\"async\" width=\"162\" height=\"180\" src=\"https:\/\/www.rassegnastampa-totustuus.it\/cattolica\/wp-content\/uploads\/2024\/06\/David_Rockfeller.jpeg\" alt=\"\" class=\"wp-image-60647\" style=\"width:244px;height:auto\"\/><figcaption class=\"wp-element-caption\">David Rockfeller<\/figcaption><\/figure><\/div>\n\n\n<p><span style=\"color: #000000;\">Il<\/span> <span style=\"color: #0000ff;\"><em><a style=\"color: #0000ff;\" href=\"https:\/\/www.wsj.com\/articles\/some-anti-israel-protesters-are-paid-soros-rockefeller-funding-activism-hamas-fba26c20\" target=\"_blank\" rel=\"noopener\">Wall Street Journal<\/a><\/em><\/span> <span style=\"color: #000000;\">racconta questo strano network di miliardari, compresi i Rockfeller, che finanziano anche gli ecologisti talebani.<\/span><\/p>\n\n\n\n<p><span style=\"color: #000000;\">Non solo Soros, ma anche la<\/span> <span style=\"color: #0000ff;\"><a style=\"color: #0000ff;\" href=\"https:\/\/www.politico.com\/news\/2024\/05\/05\/pro-palestinian-protests-columbia-university-funding-donors-00156135\" target=\"_blank\" rel=\"noopener\">famiglia Pritzker<\/a><\/span>, <span style=\"color: #000000;\">una delle pi\u00f9 ricche degli Stati Uniti. \u201cIl gruppo Pritzker ha sede a Chicago e possiede centinaia di aziende, tra cui il gruppo alberghiero Hyatt e altri nei settori dei dati, dell&#8217;intelligenza artificiale e della farmaceutica\u201d racconta il magazine tedesco<\/span> <span style=\"color: #0000ff;\"><em><a style=\"color: #0000ff;\" href=\"https:\/\/www.emma.de\/artikel\/trans-das-geschaeft-der-pharma-branche-340493\" target=\"_blank\" rel=\"noopener\">Emma<\/a><\/em>.<\/span><\/p>\n\n\n\n<p><span style=\"color: #000000;\">\u201cFinanzia la facolt\u00e0 di medicina dell\u2019Universit\u00e0 di Chicago, la Pritzker School of Medicine, che conduce ricerche sul genere. I partner di ricerca della scuola includono AbbVie, produttore del bloccante della pubert\u00e0 Lupron. La famiglia Pritzker \u00e8 uno dei principali investitori in cliniche per bambini con disforia di genere e \u2018cliniche LGBTQ\u2019. Il gruppo Pritzker ha anche dotato l&#8217;universit\u00e0 di cattedre per \u2018studi trans\u2019. I suoi investimenti includono diverse cliniche per il trattamento di riassegnazione del sesso per \u2018bambini con non corrispondenza di genere\u2019 e 6,5 milioni di dollari per il \u2018Programma sulla sessualit\u00e0 umana\u2019 presso l&#8217;Universit\u00e0 del Minnesota; 5,9 milioni di dollari al Palm Center, un think tank LGBTQ, per uno studio sulle persone trans nell\u2019esercito; 2 milioni di dollari per la prima cattedra al mondo di studi sui transgender presso l&#8217;Universit\u00e0 di Victoria nella Columbia Britannica; 1 milione di dollari al Lurie Children&#8217;s Hospital di Chicago per un programma di sviluppo sessuale e di genere e 50.000 dollari per il primo programma di laurea trans dell&#8217;Universit\u00e0 di Toronto. Il confine tra industria e attivismo si \u00e8 offuscato e improvvisamente l\u2019industria \u00e8 diventata l\u2019eroina dei diritti umani\u201d.<\/span><\/p>\n\n\n\n<p><span style=\"color: #000000;\">Perch\u00e9 una famiglia mecenate del transgender dovrebbe finanziare le proteste pro Hamas?<\/span><\/p>\n\n\n\n<p><span style=\"color: #000000;\">Basta chiederlo a<\/span> <a href=\"https:\/\/www.thefp.com\/p\/hes-got-250-million-to-spend-on-communist\" target=\"_blank\" rel=\"noopener\"><span style=\"color: #0000ff;\">Fergie Chambers<\/span><\/a>, <span style=\"color: #000000;\">miliardario americano comunista e uno degli uomini pi\u00f9 ricchi d\u2019America. Quando un giornalista gli ha chiesto se sostenesse Hamas, Fergie ha risposto: \u201cS\u00ec, Hamas \u00e8 un gruppo indigeno di resistenza anticoloniale\u201d.<\/span><\/p>\n\n\n\n<p><span style=\"color: #000000;\">\u201cNon sorprende che Neville Roy Singham, un cittadino americano marxista legato al Partito Comunista Cinese, stia finanziando gruppi ed eventi pro-Hamas\u201d ha appena denunciato il senatore repubblicano <a style=\"color: #000000;\" href=\"https:\/\/x.com\/SenMarcoRubio\/status\/1795880310288298043\">Marco Rubio<\/a>.<\/span><\/p>\n\n\n\n<p><span style=\"color: #000000;\">Per lo stesso motivo per cui Goldman Sachs<\/span> <a href=\"https:\/\/nypost.com\/2024\/01\/17\/metro\/goldman-sachs-urged-to-cut-ties-with-anti-israel-communist-organization-over-leaders-nazi-rhetoric\/\" target=\"_blank\" rel=\"noopener\"><span style=\"color: #0000ff;\">finanzia a suon di milioni di dollari una organizzazione, il People\u2019s Forum, i cui dirigenti invocano la \u201ccompleta distruzione di Israele\u201d<\/span><\/a> <span style=\"color: #000000;\">e sostenuto da miliardari americani di sinistra, come Neville Roy Singham. In un profilo su<\/span> <span style=\"color: #0000ff;\"><em><a style=\"color: #0000ff;\" href=\"https:\/\/money.cnn.com\/2008\/03\/14\/technology\/kirkpatrick_thoughtworks.fortune\/index.htm\" target=\"_blank\" rel=\"noopener\">Fortune<\/a><\/em>,<\/span> <span style=\"color: #000000;\">Singham ha affermato che il Venezuela sotto Hugo Chavez era un \u201cluogo fenomenale democratico\u201d e che le politiche economiche della Cina dovrebbero servire da modello per le economie capitaliste occidentali. Rivela la<\/span> <span style=\"color: #0000ff;\"><em><a style=\"color: #0000ff;\" href=\"https:\/\/www.thefp.com\/p\/american-marxists-funding-pro-palestinian-rage\" target=\"_blank\" rel=\"noopener\">Free Press<\/a><\/em><\/span> <span style=\"color: #000000;\">di Bari Weiss che Singham ha sposato Jodie Evans, ex attivista politica democratica, in una cerimonia sulla spiaggia a Runaway Bay, in Giamaica. \u201cFigure di spicco della sinistra, tra cui la scrittrice di \u2018Monologhi della Vagina\u2019 Eve Ensler e Ben Cohen del gelato Ben &amp; Jerry&#8217;s, hanno partecipato all&#8217;evento di tre giorni, che prevedeva un codice di abbigliamento \u2018festivo radical chic\u2019 e una tavola rotonda di tre ore su \u2018Il futuro della sinistra\u2019\u201d.<\/span><\/p>\n\n\n<div class=\"wp-block-image\">\n<figure class=\"aligncenter is-resized\"><img loading=\"lazy\" decoding=\"async\" width=\"300\" height=\"169\" src=\"https:\/\/www.rassegnastampa-totustuus.it\/cattolica\/wp-content\/uploads\/2020\/09\/Usa_black_live-300x169.jpg\" alt=\"\" class=\"wp-image-48469\" style=\"width:418px;height:auto\" srcset=\"https:\/\/www.rassegnastampa-totustuus.it\/cattolica\/wp-content\/uploads\/2020\/09\/Usa_black_live-300x169.jpg 300w, https:\/\/www.rassegnastampa-totustuus.it\/cattolica\/wp-content\/uploads\/2020\/09\/Usa_black_live-768x432.jpg 768w, https:\/\/www.rassegnastampa-totustuus.it\/cattolica\/wp-content\/uploads\/2020\/09\/Usa_black_live-1024x576.jpg 1024w, https:\/\/www.rassegnastampa-totustuus.it\/cattolica\/wp-content\/uploads\/2020\/09\/Usa_black_live.jpg 1280w\" sizes=\"auto, (max-width: 300px) 100vw, 300px\" \/><\/figure><\/div>\n\n\n<p><span style=\"color: #000000;\">Black Lives Matter non \u00e8 solo filo Hamas, \u00e8 anche<\/span> <span style=\"color: #0000ff;\"><a style=\"color: #0000ff;\" href=\"https:\/\/twitter.com\/abogadosvenezu1\/status\/1270034746261803011\" target=\"_blank\" rel=\"noopener\">vicino<\/a> <\/span><span style=\"color: #000000;\">al dittatore venezuelano Nicolas Maduro e le fondatrici di BLM gli hanno fatto anche visita per omaggiarlo. \u201cAttualmente in Venezuela, un tale sollievo trovarsi in un luogo in cui c&#8217;\u00e8 un discorso politico intelligente\u201d,<\/span> <span style=\"color: #0000ff;\"><a style=\"color: #0000ff;\" href=\"https:\/\/twitter.com\/opalayo\/status\/672536450295050240\" target=\"_blank\" rel=\"noopener\">scrisse<\/a><\/span> <span style=\"color: #000000;\">Opal Tometi, fondatrice di Black Lives Matter.<\/span><\/p>\n\n\n\n<p>\u201cQual era la posizione di Karl Marx sulle case di lusso di Patricia Cullors?\u201d, si \u00e8 domandato, divertito, il<span style=\"color: #0000ff;\"> <em><a style=\"color: #0000ff;\" href=\"https:\/\/www.chicagotribune.com\/columns\/john-kass\/ct-black-lives-matter-houses-kass-20210415-5a7cspw3irbu3p6pmgjedknp74-story.html\" target=\"_blank\" rel=\"noopener\">Chicago Tribune<\/a><\/em>.<\/span> <span style=\"color: #000000;\">La fondatrice marxista di Black Lives Matter<\/span> <span style=\"color: #0000ff;\"><a style=\"color: #0000ff;\" href=\"https:\/\/nypost.com\/2021\/04\/10\/inside-blm-co-founder-patrisse-khan-cullors-real-estate-buying-binge\/?utm_source=maropost&amp;utm_medium=email&amp;utm_campaign=news_alert&amp;utm_content=20210410&amp;mpweb=755-9344744-719172165\" target=\"_blank\" rel=\"noopener\">Patrisse Cullors<\/a><\/span> <span style=\"color: #000000;\">ne possiede tre nell&#8217;area di Los Angeles, una in Georgia con un ranch e un hangar privato e l\u2019<span style=\"color: #0000ff;\"><em><a style=\"color: #0000ff;\" href=\"https:\/\/apnews.com\/press-release\/news-direct-corporation\/race-and-ethnicity-north-america-social-affairs-georgia-social-issues-358a84d83ea50efb857559e51a090410\" target=\"_blank\" rel=\"noopener\">Associated Press<\/a><\/em> <\/span>ha rivelato anche una propriet\u00e0 alle Bahamas vicino alla villa di Tiger Woods.<\/span><\/p>\n\n\n\n<p><span style=\"color: #000000;\">I fondatori di Black Lives Matter<\/span> <span style=\"color: #0000ff;\"><a style=\"color: #0000ff;\" href=\"https:\/\/www.youtube.com\/watch?v=Pyhy4IvkENg\" target=\"_blank\" rel=\"noopener\">ammettono<\/a> <\/span><span style=\"color: #000000;\">di essere marxisti,<\/span> <a href=\"https:\/\/blacklivesmatter.com\/what-we-believe\/\" target=\"_blank\" rel=\"noopener\">a<span style=\"color: #0000ff;\">ffermano<\/span><\/a> <span style=\"color: #000000;\">di voler abolire non solo la famiglia, ma anche il capitalismo. \u201cNoi abbiamo una struttura ideologica. Siamo marxisti indottrinati. Abbiamo una profonda conoscenza delle teorie ideologiche\u201d, ha detto la<\/span> <span style=\"color: #0000ff;\"><a style=\"color: #0000ff;\" href=\"https:\/\/www.youtube.com\/watch?v=kCghDx5qN4s&amp;feature=youtu.be\" target=\"_blank\" rel=\"noopener\">Cullors<\/a><\/span>. <span style=\"color: #000000;\">Shaun King, altra star del movimento che ha<\/span> <span style=\"color: #0000ff;\"><a style=\"color: #0000ff;\" href=\"https:\/\/nypost.com\/2021\/07\/31\/activist-shaun-king-lives-lavishly-in-lakefront-nj-home\/\" target=\"_blank\" rel=\"noopener\">fondato<\/a> <\/span>c<span style=\"color: #000000;\">on Cullors \u201cReal Justice\u201d, ha acquistato una villa del valore di<\/span> <a href=\"https:\/\/www.dailymail.co.uk\/news\/article-9848003\/Controversial-activist-Shaun-King-moves-lavish-842-000-lakefront-home-New-Jersey.html?ito=social-twitter_dailymailus\" target=\"_blank\" rel=\"noopener\"><span style=\"color: #0000ff;\">842.000 dollari<\/span><\/a>. <span style=\"color: #000000;\">Si tratta del leader di Black Lives Matter che ha<\/span> <a href=\"https:\/\/www.newsweek.com\/white-jesus-statues-should-torn-down-black-lives-matters-leader-says-1512674\"><span style=\"color: #0000ff;\">invitato<\/span><\/a> \u201c<span style=\"color: #000000;\">a distruggere le statue di Ges\u00f9\u201d poich\u00e9 rappresentano \u201cuna forma di supremazia bianca\u201d. Ora<\/span> <span style=\"color: #0000ff;\"><a style=\"color: #0000ff;\" href=\"https:\/\/www.dailymail.co.uk\/news\/article-13192625\/blm-activist-shaun-king-islam-palestine-israel-hamas-war.html\" target=\"_blank\" rel=\"noopener\">Shaun King<\/a><\/span> <span style=\"color: #000000;\">si \u00e8 convertito all\u2019Islam \u201cin solidariet\u00e0 con i palestinesi\u201d.<\/span><\/p>\n\n\n\n<p><span style=\"color: #000000;\">Racconta un\u2019inchiesta strepitosa di<\/span> <em><a href=\"https:\/\/unherd.com\/2021\/12\/does-the-ccp-control-extinction-rebellion\/\" target=\"_blank\" rel=\"noopener\"><span style=\"color: #0000ff;\">Unherd<\/span><\/a><\/em>: \u201c<span style=\"color: #000000;\">A pochi isolati da Piazza Tiananmen, una schiera di alti funzionari del Partito Comunista si \u00e8 riunita per proclamare un messaggio chiaro: \u2018La Cina promuover\u00e0 lo sviluppo verde\u2019\u201d. L&#8217;assemblea generale del Consiglio cinese per la cooperazione internazionale sull&#8217;ambiente e lo sviluppo (CCICED) era in pieno svolgimento. \u201cMentre la stanza ribolliva di ottimistica eco-retorica, si potrebbe quasi dimenticare che la Cina \u00e8 la pi\u00f9 grande fonte mondiale di gas serra e che le nuove centrali elettriche a carbone nel suo gasdotto da sole hanno una capacit\u00e0 maggiore dell&#8217;intera Gran Bretagna\u201d.<\/span><\/p>\n\n\n\n<p><span style=\"color: #000000;\">Ci\u00f2 che \u00e8 stato notevole di questo incontro, rivela <em>Unherd<\/em>, \u00e8 stata la sorprendente presenza di una folta delegazione di occidentali. \u201cSecondo il rapporto ufficiale della conferenza, \u2018membri e partner del comitato estero hanno elogiato la costruzione della civilt\u00e0 ecologica cinese\u2019\u201d. C&#8217;era il professor Lord Nicholas Stern, presidente del Grantham Centre on Climate Change alla London School of Economics, ex capo economista della Banca Mondiale, consigliere di governi inglesi sulla necessit\u00e0 di diventare ecologici e che il<\/span> <span style=\"color: #0000ff;\"><em><a style=\"color: #0000ff;\" href=\"https:\/\/www.corriere.it\/economia\/finanza\/20_febbraio_27\/emissioni-zero-cosi-possibile-b9765c9c-594b-11ea-af71-899699a3d6d8.shtml\" target=\"_blank\" rel=\"noopener\">Corriere della sera<\/a><\/em><\/span> <span style=\"color: #000000;\">definisce \u201cguru del clima\u201d.<\/span><\/p>\n\n\n\n<p><span style=\"color: #000000;\">All&#8217;incontro a Pechino, Stern ha elogiato \u201cla visione della Cina di una societ\u00e0 ecologica\u201d. C&#8217;era Kate Hampton, amministratore delegato della Children&#8217;s Investment Fund Foundation, che \u00e8 finanziata dal miliardario<\/span> <span style=\"color: #0000ff;\"><a style=\"color: #0000ff;\" href=\"https:\/\/www.theguardian.com\/business\/2022\/jan\/17\/billionaire-philanthropist-leads-worlds-top-performing-hedge-funds\" target=\"_blank\" rel=\"noopener\">Christopher Hohn<\/a><\/span>, <span style=\"color: #000000;\">uno dei principali filantropi degli ambientalisti di Extinction Rebellion e una delle maggiori fonti di generosit\u00e0 verde al mondo. C\u2019era Laurence Tubiana, ex ambasciatore francese per il clima e ora amministratore delegato della European Climate Foundation, che dona milioni alle campagne verdi. C\u2019era il Fondo mondiale per la natura, il cui presidente \u00e8 il principe Carlo. E altri.<\/span><\/p>\n\n\n\n<p><span style=\"color: #000000;\">Ecologisti radicali, transumanisti, amici di Pechino, ammiratori del 7 ottobre, terzomondisti: stupidi, illusi o venduti? Forse Greta e corifei non lo sanno, ma tutte le kefiah sono prodotte, naturalmente, dagli schiavi in Cina<\/span><\/p>\n\n\n\n<p class=\"has-text-align-center\"><span style=\"color: #0000ff;\"><strong><a style=\"color: #0000ff;\" href=\"https:\/\/meotti.substack.com\/subscribe?&amp;gift=true\" target=\"_blank\" rel=\"noopener\">Abbonati alla newsletter<\/a><\/strong><\/span><\/p>\n\n\n\n<p>___________________________________________________<\/p>\n\n\n\n<p><strong><span style=\"color: #000000;\">Leggi anche:<\/span><\/strong><\/p>\n\n\n\n<p><a href=\"https:\/\/www.rassegnastampa-totustuus.it\/cattolica\/le-trame-oscure-del-capitalismo-filantropico\/\" target=\"_blank\" rel=\"noopener\"><span style=\"color: #0000ff;\">Le trame oscure del capitalismo filantropico<\/span><\/a><\/p>\n\n\n\n<p><a href=\"https:\/\/www.rassegnastampa-totustuus.it\/cattolica\/bozza-automaticail-green-trasforma-in-business-lipocrisia\/\" target=\"_blank\" rel=\"noopener\"><span style=\"color: #0000ff;\">Il green trasforma il business in ipocrisia&nbsp;<\/span><\/a><\/p>\n","protected":false},"excerpt":{"rendered":"<p>La newsletter di Giulio Meotti 3 Giugno 2024 Chi finanzia l&#8217;apocalisse antagonista. E uno dei pi\u00f9 grandi critici culturali li infilza come si deve: &#8220;Parlano di giustizia climatica, ma non sanno distinguere Karl Popper da Mary Poppins&#8221; Giulio Meotti<\/p><p><a class=\"more-link btn\" href=\"https:\/\/www.rassegnastampa-totustuus.it\/cattolica\/ricchi-occidentali-annoiati-amici-della-cina-di-hamas-e-degli-ambientalisti\/\">Continua a leggere<\/a><\/p>\n","protected":false},"author":6,"featured_media":54914,"comment_status":"closed","ping_status":"closed","sticky":false,"template":"","format":"standard","meta":{"footnotes":""},"categories":[3],"tags":[2387,2395,732],"class_list":["post-60643","post","type-post","status-publish","format-standard","has-post-thumbnail","hentry","category-ambientalismo","tag-ambientalismo","tag-cina","tag-hamas","item-wrap"],"yoast_head":"<!-- This site is optimized with the Yoast SEO plugin v27.5 - https:\/\/yoast.com\/product\/yoast-seo-wordpress\/ -->\n<title>All\u2019inferno mangeremo foie gras. I ricchi occidentali annoiati, amici della Cina, di Hamas e degli imbrattatori di quadri - Rassegna Stampa Cattolica<\/title>\n<meta name=\"description\" content=\"Ricchi occidentali annoiati, amici di Hamas e ambientalisti. Ecco chi finanzia l&#039;apocalisse antagonista e ambientalista\" \/>\n<meta name=\"robots\" content=\"index, follow, max-snippet:-1, max-image-preview:large, max-video-preview:-1\" \/>\n<link rel=\"canonical\" href=\"https:\/\/www.rassegnastampa-totustuus.it\/cattolica\/ricchi-occidentali-annoiati-amici-della-cina-di-hamas-e-degli-ambientalisti\/\" \/>\n<meta property=\"og:locale\" content=\"it_IT\" \/>\n<meta property=\"og:type\" content=\"article\" \/>\n<meta property=\"og:title\" content=\"All\u2019inferno mangeremo foie gras. I ricchi occidentali annoiati, amici della Cina, di Hamas e degli imbrattatori di quadri - Rassegna Stampa Cattolica\" \/>\n<meta property=\"og:description\" content=\"Ricchi occidentali annoiati, amici di Hamas e ambientalisti. Ecco chi finanzia l&#039;apocalisse antagonista e ambientalista\" \/>\n<meta property=\"og:url\" content=\"https:\/\/www.rassegnastampa-totustuus.it\/cattolica\/ricchi-occidentali-annoiati-amici-della-cina-di-hamas-e-degli-ambientalisti\/\" \/>\n<meta property=\"og:site_name\" content=\"Rassegna Stampa Cattolica\" \/>\n<meta property=\"article:publisher\" content=\"https:\/\/www.facebook.com\/rassegnastampacattolica\" \/>\n<meta property=\"article:published_time\" content=\"2024-06-10T10:33:29+00:00\" \/>\n<meta property=\"article:modified_time\" content=\"2026-04-16T15:12:51+00:00\" \/>\n<meta property=\"og:image\" content=\"https:\/\/www.rassegnastampa-totustuus.it\/cattolica\/wp-content\/uploads\/2022\/10\/vandali_ambientalisti.jpg\" \/>\n\t<meta property=\"og:image:width\" content=\"301\" \/>\n\t<meta property=\"og:image:height\" content=\"167\" \/>\n\t<meta property=\"og:image:type\" content=\"image\/jpeg\" \/>\n<meta name=\"author\" content=\"Redazione\" \/>\n<meta name=\"twitter:card\" content=\"summary_large_image\" \/>\n<meta name=\"twitter:creator\" content=\"@rassegnastampa9\" \/>\n<meta name=\"twitter:site\" content=\"@rassegnastampa9\" \/>\n<meta name=\"twitter:label1\" content=\"Scritto da\" \/>\n\t<meta name=\"twitter:data1\" content=\"Redazione\" \/>\n\t<meta name=\"twitter:label2\" content=\"Tempo di lettura stimato\" \/>\n\t<meta name=\"twitter:data2\" content=\"12 minuti\" \/>\n<script type=\"application\/ld+json\" class=\"yoast-schema-graph\">{\"@context\":\"https:\\\/\\\/schema.org\",\"@graph\":[{\"@type\":\"Article\",\"@id\":\"https:\\\/\\\/www.rassegnastampa-totustuus.it\\\/cattolica\\\/ricchi-occidentali-annoiati-amici-della-cina-di-hamas-e-degli-ambientalisti\\\/#article\",\"isPartOf\":{\"@id\":\"https:\\\/\\\/www.rassegnastampa-totustuus.it\\\/cattolica\\\/ricchi-occidentali-annoiati-amici-della-cina-di-hamas-e-degli-ambientalisti\\\/\"},\"author\":{\"name\":\"Redazione\",\"@id\":\"https:\\\/\\\/www.rassegnastampa-totustuus.it\\\/cattolica\\\/#\\\/schema\\\/person\\\/08f319d2bd1a0904ad9e2bfb7b15e5c3\"},\"headline\":\"All\u2019inferno mangeremo foie gras. I ricchi occidentali annoiati, amici della Cina, di Hamas e degli imbrattatori di quadri\",\"datePublished\":\"2024-06-10T10:33:29+00:00\",\"dateModified\":\"2026-04-16T15:12:51+00:00\",\"mainEntityOfPage\":{\"@id\":\"https:\\\/\\\/www.rassegnastampa-totustuus.it\\\/cattolica\\\/ricchi-occidentali-annoiati-amici-della-cina-di-hamas-e-degli-ambientalisti\\\/\"},\"wordCount\":1936,\"publisher\":{\"@id\":\"https:\\\/\\\/www.rassegnastampa-totustuus.it\\\/cattolica\\\/#organization\"},\"image\":{\"@id\":\"https:\\\/\\\/www.rassegnastampa-totustuus.it\\\/cattolica\\\/ricchi-occidentali-annoiati-amici-della-cina-di-hamas-e-degli-ambientalisti\\\/#primaryimage\"},\"thumbnailUrl\":\"https:\\\/\\\/www.rassegnastampa-totustuus.it\\\/cattolica\\\/wp-content\\\/uploads\\\/2022\\\/10\\\/vandali_ambientalisti.jpg\",\"keywords\":[\"Ambientalismo\",\"Cina\",\"hamas\"],\"articleSection\":[\"Ambientalismo\"],\"inLanguage\":\"it-IT\"},{\"@type\":\"WebPage\",\"@id\":\"https:\\\/\\\/www.rassegnastampa-totustuus.it\\\/cattolica\\\/ricchi-occidentali-annoiati-amici-della-cina-di-hamas-e-degli-ambientalisti\\\/\",\"url\":\"https:\\\/\\\/www.rassegnastampa-totustuus.it\\\/cattolica\\\/ricchi-occidentali-annoiati-amici-della-cina-di-hamas-e-degli-ambientalisti\\\/\",\"name\":\"All\u2019inferno mangeremo foie gras. I ricchi occidentali annoiati, amici della Cina, di Hamas e degli imbrattatori di quadri - Rassegna Stampa Cattolica\",\"isPartOf\":{\"@id\":\"https:\\\/\\\/www.rassegnastampa-totustuus.it\\\/cattolica\\\/#website\"},\"primaryImageOfPage\":{\"@id\":\"https:\\\/\\\/www.rassegnastampa-totustuus.it\\\/cattolica\\\/ricchi-occidentali-annoiati-amici-della-cina-di-hamas-e-degli-ambientalisti\\\/#primaryimage\"},\"image\":{\"@id\":\"https:\\\/\\\/www.rassegnastampa-totustuus.it\\\/cattolica\\\/ricchi-occidentali-annoiati-amici-della-cina-di-hamas-e-degli-ambientalisti\\\/#primaryimage\"},\"thumbnailUrl\":\"https:\\\/\\\/www.rassegnastampa-totustuus.it\\\/cattolica\\\/wp-content\\\/uploads\\\/2022\\\/10\\\/vandali_ambientalisti.jpg\",\"datePublished\":\"2024-06-10T10:33:29+00:00\",\"dateModified\":\"2026-04-16T15:12:51+00:00\",\"description\":\"Ricchi occidentali annoiati, amici di Hamas e ambientalisti. Ecco chi finanzia l'apocalisse antagonista e ambientalista\",\"breadcrumb\":{\"@id\":\"https:\\\/\\\/www.rassegnastampa-totustuus.it\\\/cattolica\\\/ricchi-occidentali-annoiati-amici-della-cina-di-hamas-e-degli-ambientalisti\\\/#breadcrumb\"},\"inLanguage\":\"it-IT\",\"potentialAction\":[{\"@type\":\"ReadAction\",\"target\":[\"https:\\\/\\\/www.rassegnastampa-totustuus.it\\\/cattolica\\\/ricchi-occidentali-annoiati-amici-della-cina-di-hamas-e-degli-ambientalisti\\\/\"]}]},{\"@type\":\"ImageObject\",\"inLanguage\":\"it-IT\",\"@id\":\"https:\\\/\\\/www.rassegnastampa-totustuus.it\\\/cattolica\\\/ricchi-occidentali-annoiati-amici-della-cina-di-hamas-e-degli-ambientalisti\\\/#primaryimage\",\"url\":\"https:\\\/\\\/www.rassegnastampa-totustuus.it\\\/cattolica\\\/wp-content\\\/uploads\\\/2022\\\/10\\\/vandali_ambientalisti.jpg\",\"contentUrl\":\"https:\\\/\\\/www.rassegnastampa-totustuus.it\\\/cattolica\\\/wp-content\\\/uploads\\\/2022\\\/10\\\/vandali_ambientalisti.jpg\",\"width\":301,\"height\":167},{\"@type\":\"BreadcrumbList\",\"@id\":\"https:\\\/\\\/www.rassegnastampa-totustuus.it\\\/cattolica\\\/ricchi-occidentali-annoiati-amici-della-cina-di-hamas-e-degli-ambientalisti\\\/#breadcrumb\",\"itemListElement\":[{\"@type\":\"ListItem\",\"position\":1,\"name\":\"Home\",\"item\":\"https:\\\/\\\/www.rassegnastampa-totustuus.it\\\/cattolica\\\/\"},{\"@type\":\"ListItem\",\"position\":2,\"name\":\"All\u2019inferno mangeremo foie gras. I ricchi occidentali annoiati, amici della Cina, di Hamas e degli imbrattatori di quadri\"}]},{\"@type\":\"WebSite\",\"@id\":\"https:\\\/\\\/www.rassegnastampa-totustuus.it\\\/cattolica\\\/#website\",\"url\":\"https:\\\/\\\/www.rassegnastampa-totustuus.it\\\/cattolica\\\/\",\"name\":\"Rassegna Stampa Cattolica\",\"description\":\"Per una cultura che nasce dalla Rivelazione cristiana in conformit\u00e0 alla tradizione e al Magistero della Chiesa in opposizione ad ogni relativismo e totalitarismo\",\"publisher\":{\"@id\":\"https:\\\/\\\/www.rassegnastampa-totustuus.it\\\/cattolica\\\/#organization\"},\"alternateName\":\"Rass. Cattolica\",\"potentialAction\":[{\"@type\":\"SearchAction\",\"target\":{\"@type\":\"EntryPoint\",\"urlTemplate\":\"https:\\\/\\\/www.rassegnastampa-totustuus.it\\\/cattolica\\\/?s={search_term_string}\"},\"query-input\":{\"@type\":\"PropertyValueSpecification\",\"valueRequired\":true,\"valueName\":\"search_term_string\"}}],\"inLanguage\":\"it-IT\"},{\"@type\":\"Organization\",\"@id\":\"https:\\\/\\\/www.rassegnastampa-totustuus.it\\\/cattolica\\\/#organization\",\"name\":\"Rassegna Stampa Cattolica\",\"url\":\"https:\\\/\\\/www.rassegnastampa-totustuus.it\\\/cattolica\\\/\",\"logo\":{\"@type\":\"ImageObject\",\"inLanguage\":\"it-IT\",\"@id\":\"https:\\\/\\\/www.rassegnastampa-totustuus.it\\\/cattolica\\\/#\\\/schema\\\/logo\\\/image\\\/\",\"url\":\"https:\\\/\\\/www.rassegnastampa-totustuus.it\\\/cattolica\\\/wp-content\\\/uploads\\\/2014\\\/04\\\/logo-rassegna1.gif\",\"contentUrl\":\"https:\\\/\\\/www.rassegnastampa-totustuus.it\\\/cattolica\\\/wp-content\\\/uploads\\\/2014\\\/04\\\/logo-rassegna1.gif\",\"width\":600,\"height\":163,\"caption\":\"Rassegna Stampa Cattolica\"},\"image\":{\"@id\":\"https:\\\/\\\/www.rassegnastampa-totustuus.it\\\/cattolica\\\/#\\\/schema\\\/logo\\\/image\\\/\"},\"sameAs\":[\"https:\\\/\\\/www.facebook.com\\\/rassegnastampacattolica\",\"https:\\\/\\\/x.com\\\/rassegnastampa9\"]},{\"@type\":\"Person\",\"@id\":\"https:\\\/\\\/www.rassegnastampa-totustuus.it\\\/cattolica\\\/#\\\/schema\\\/person\\\/08f319d2bd1a0904ad9e2bfb7b15e5c3\",\"name\":\"Redazione\",\"image\":{\"@type\":\"ImageObject\",\"inLanguage\":\"it-IT\",\"@id\":\"https:\\\/\\\/secure.gravatar.com\\\/avatar\\\/2fcdf27c78ea025fbdb44e914cc63c72249ffec9dc8aafd5c82b26240ef3f346?s=96&d=mm&r=g\",\"url\":\"https:\\\/\\\/secure.gravatar.com\\\/avatar\\\/2fcdf27c78ea025fbdb44e914cc63c72249ffec9dc8aafd5c82b26240ef3f346?s=96&d=mm&r=g\",\"contentUrl\":\"https:\\\/\\\/secure.gravatar.com\\\/avatar\\\/2fcdf27c78ea025fbdb44e914cc63c72249ffec9dc8aafd5c82b26240ef3f346?s=96&d=mm&r=g\",\"caption\":\"Redazione\"},\"url\":\"https:\\\/\\\/www.rassegnastampa-totustuus.it\\\/cattolica\\\/author\\\/pietroelle\\\/\"}]}<\/script>\n<!-- \/ Yoast SEO plugin. -->","yoast_head_json":{"title":"All\u2019inferno mangeremo foie gras. I ricchi occidentali annoiati, amici della Cina, di Hamas e degli imbrattatori di quadri - Rassegna Stampa Cattolica","description":"Ricchi occidentali annoiati, amici di Hamas e ambientalisti. Ecco chi finanzia l'apocalisse antagonista e ambientalista","robots":{"index":"index","follow":"follow","max-snippet":"max-snippet:-1","max-image-preview":"max-image-preview:large","max-video-preview":"max-video-preview:-1"},"canonical":"https:\/\/www.rassegnastampa-totustuus.it\/cattolica\/ricchi-occidentali-annoiati-amici-della-cina-di-hamas-e-degli-ambientalisti\/","og_locale":"it_IT","og_type":"article","og_title":"All\u2019inferno mangeremo foie gras. I ricchi occidentali annoiati, amici della Cina, di Hamas e degli imbrattatori di quadri - Rassegna Stampa Cattolica","og_description":"Ricchi occidentali annoiati, amici di Hamas e ambientalisti. Ecco chi finanzia l'apocalisse antagonista e ambientalista","og_url":"https:\/\/www.rassegnastampa-totustuus.it\/cattolica\/ricchi-occidentali-annoiati-amici-della-cina-di-hamas-e-degli-ambientalisti\/","og_site_name":"Rassegna Stampa Cattolica","article_publisher":"https:\/\/www.facebook.com\/rassegnastampacattolica","article_published_time":"2024-06-10T10:33:29+00:00","article_modified_time":"2026-04-16T15:12:51+00:00","og_image":[{"width":301,"height":167,"url":"https:\/\/www.rassegnastampa-totustuus.it\/cattolica\/wp-content\/uploads\/2022\/10\/vandali_ambientalisti.jpg","type":"image\/jpeg"}],"author":"Redazione","twitter_card":"summary_large_image","twitter_creator":"@rassegnastampa9","twitter_site":"@rassegnastampa9","twitter_misc":{"Scritto da":"Redazione","Tempo di lettura stimato":"12 minuti"},"schema":{"@context":"https:\/\/schema.org","@graph":[{"@type":"Article","@id":"https:\/\/www.rassegnastampa-totustuus.it\/cattolica\/ricchi-occidentali-annoiati-amici-della-cina-di-hamas-e-degli-ambientalisti\/#article","isPartOf":{"@id":"https:\/\/www.rassegnastampa-totustuus.it\/cattolica\/ricchi-occidentali-annoiati-amici-della-cina-di-hamas-e-degli-ambientalisti\/"},"author":{"name":"Redazione","@id":"https:\/\/www.rassegnastampa-totustuus.it\/cattolica\/#\/schema\/person\/08f319d2bd1a0904ad9e2bfb7b15e5c3"},"headline":"All\u2019inferno mangeremo foie gras. I ricchi occidentali annoiati, amici della Cina, di Hamas e degli imbrattatori di quadri","datePublished":"2024-06-10T10:33:29+00:00","dateModified":"2026-04-16T15:12:51+00:00","mainEntityOfPage":{"@id":"https:\/\/www.rassegnastampa-totustuus.it\/cattolica\/ricchi-occidentali-annoiati-amici-della-cina-di-hamas-e-degli-ambientalisti\/"},"wordCount":1936,"publisher":{"@id":"https:\/\/www.rassegnastampa-totustuus.it\/cattolica\/#organization"},"image":{"@id":"https:\/\/www.rassegnastampa-totustuus.it\/cattolica\/ricchi-occidentali-annoiati-amici-della-cina-di-hamas-e-degli-ambientalisti\/#primaryimage"},"thumbnailUrl":"https:\/\/www.rassegnastampa-totustuus.it\/cattolica\/wp-content\/uploads\/2022\/10\/vandali_ambientalisti.jpg","keywords":["Ambientalismo","Cina","hamas"],"articleSection":["Ambientalismo"],"inLanguage":"it-IT"},{"@type":"WebPage","@id":"https:\/\/www.rassegnastampa-totustuus.it\/cattolica\/ricchi-occidentali-annoiati-amici-della-cina-di-hamas-e-degli-ambientalisti\/","url":"https:\/\/www.rassegnastampa-totustuus.it\/cattolica\/ricchi-occidentali-annoiati-amici-della-cina-di-hamas-e-degli-ambientalisti\/","name":"All\u2019inferno mangeremo foie gras. I ricchi occidentali annoiati, amici della Cina, di Hamas e degli imbrattatori di quadri - Rassegna Stampa Cattolica","isPartOf":{"@id":"https:\/\/www.rassegnastampa-totustuus.it\/cattolica\/#website"},"primaryImageOfPage":{"@id":"https:\/\/www.rassegnastampa-totustuus.it\/cattolica\/ricchi-occidentali-annoiati-amici-della-cina-di-hamas-e-degli-ambientalisti\/#primaryimage"},"image":{"@id":"https:\/\/www.rassegnastampa-totustuus.it\/cattolica\/ricchi-occidentali-annoiati-amici-della-cina-di-hamas-e-degli-ambientalisti\/#primaryimage"},"thumbnailUrl":"https:\/\/www.rassegnastampa-totustuus.it\/cattolica\/wp-content\/uploads\/2022\/10\/vandali_ambientalisti.jpg","datePublished":"2024-06-10T10:33:29+00:00","dateModified":"2026-04-16T15:12:51+00:00","description":"Ricchi occidentali annoiati, amici di Hamas e ambientalisti. Ecco chi finanzia l'apocalisse antagonista e ambientalista","breadcrumb":{"@id":"https:\/\/www.rassegnastampa-totustuus.it\/cattolica\/ricchi-occidentali-annoiati-amici-della-cina-di-hamas-e-degli-ambientalisti\/#breadcrumb"},"inLanguage":"it-IT","potentialAction":[{"@type":"ReadAction","target":["https:\/\/www.rassegnastampa-totustuus.it\/cattolica\/ricchi-occidentali-annoiati-amici-della-cina-di-hamas-e-degli-ambientalisti\/"]}]},{"@type":"ImageObject","inLanguage":"it-IT","@id":"https:\/\/www.rassegnastampa-totustuus.it\/cattolica\/ricchi-occidentali-annoiati-amici-della-cina-di-hamas-e-degli-ambientalisti\/#primaryimage","url":"https:\/\/www.rassegnastampa-totustuus.it\/cattolica\/wp-content\/uploads\/2022\/10\/vandali_ambientalisti.jpg","contentUrl":"https:\/\/www.rassegnastampa-totustuus.it\/cattolica\/wp-content\/uploads\/2022\/10\/vandali_ambientalisti.jpg","width":301,"height":167},{"@type":"BreadcrumbList","@id":"https:\/\/www.rassegnastampa-totustuus.it\/cattolica\/ricchi-occidentali-annoiati-amici-della-cina-di-hamas-e-degli-ambientalisti\/#breadcrumb","itemListElement":[{"@type":"ListItem","position":1,"name":"Home","item":"https:\/\/www.rassegnastampa-totustuus.it\/cattolica\/"},{"@type":"ListItem","position":2,"name":"All\u2019inferno mangeremo foie gras. I ricchi occidentali annoiati, amici della Cina, di Hamas e degli imbrattatori di quadri"}]},{"@type":"WebSite","@id":"https:\/\/www.rassegnastampa-totustuus.it\/cattolica\/#website","url":"https:\/\/www.rassegnastampa-totustuus.it\/cattolica\/","name":"Rassegna Stampa Cattolica","description":"Per una cultura che nasce dalla Rivelazione cristiana in conformit\u00e0 alla tradizione e al Magistero della Chiesa in opposizione ad ogni relativismo e totalitarismo","publisher":{"@id":"https:\/\/www.rassegnastampa-totustuus.it\/cattolica\/#organization"},"alternateName":"Rass. Cattolica","potentialAction":[{"@type":"SearchAction","target":{"@type":"EntryPoint","urlTemplate":"https:\/\/www.rassegnastampa-totustuus.it\/cattolica\/?s={search_term_string}"},"query-input":{"@type":"PropertyValueSpecification","valueRequired":true,"valueName":"search_term_string"}}],"inLanguage":"it-IT"},{"@type":"Organization","@id":"https:\/\/www.rassegnastampa-totustuus.it\/cattolica\/#organization","name":"Rassegna Stampa Cattolica","url":"https:\/\/www.rassegnastampa-totustuus.it\/cattolica\/","logo":{"@type":"ImageObject","inLanguage":"it-IT","@id":"https:\/\/www.rassegnastampa-totustuus.it\/cattolica\/#\/schema\/logo\/image\/","url":"https:\/\/www.rassegnastampa-totustuus.it\/cattolica\/wp-content\/uploads\/2014\/04\/logo-rassegna1.gif","contentUrl":"https:\/\/www.rassegnastampa-totustuus.it\/cattolica\/wp-content\/uploads\/2014\/04\/logo-rassegna1.gif","width":600,"height":163,"caption":"Rassegna Stampa Cattolica"},"image":{"@id":"https:\/\/www.rassegnastampa-totustuus.it\/cattolica\/#\/schema\/logo\/image\/"},"sameAs":["https:\/\/www.facebook.com\/rassegnastampacattolica","https:\/\/x.com\/rassegnastampa9"]},{"@type":"Person","@id":"https:\/\/www.rassegnastampa-totustuus.it\/cattolica\/#\/schema\/person\/08f319d2bd1a0904ad9e2bfb7b15e5c3","name":"Redazione","image":{"@type":"ImageObject","inLanguage":"it-IT","@id":"https:\/\/secure.gravatar.com\/avatar\/2fcdf27c78ea025fbdb44e914cc63c72249ffec9dc8aafd5c82b26240ef3f346?s=96&d=mm&r=g","url":"https:\/\/secure.gravatar.com\/avatar\/2fcdf27c78ea025fbdb44e914cc63c72249ffec9dc8aafd5c82b26240ef3f346?s=96&d=mm&r=g","contentUrl":"https:\/\/secure.gravatar.com\/avatar\/2fcdf27c78ea025fbdb44e914cc63c72249ffec9dc8aafd5c82b26240ef3f346?s=96&d=mm&r=g","caption":"Redazione"},"url":"https:\/\/www.rassegnastampa-totustuus.it\/cattolica\/author\/pietroelle\/"}]}},"_links":{"self":[{"href":"https:\/\/www.rassegnastampa-totustuus.it\/cattolica\/wp-json\/wp\/v2\/posts\/60643","targetHints":{"allow":["GET"]}}],"collection":[{"href":"https:\/\/www.rassegnastampa-totustuus.it\/cattolica\/wp-json\/wp\/v2\/posts"}],"about":[{"href":"https:\/\/www.rassegnastampa-totustuus.it\/cattolica\/wp-json\/wp\/v2\/types\/post"}],"author":[{"embeddable":true,"href":"https:\/\/www.rassegnastampa-totustuus.it\/cattolica\/wp-json\/wp\/v2\/users\/6"}],"replies":[{"embeddable":true,"href":"https:\/\/www.rassegnastampa-totustuus.it\/cattolica\/wp-json\/wp\/v2\/comments?post=60643"}],"version-history":[{"count":2,"href":"https:\/\/www.rassegnastampa-totustuus.it\/cattolica\/wp-json\/wp\/v2\/posts\/60643\/revisions"}],"predecessor-version":[{"id":64519,"href":"https:\/\/www.rassegnastampa-totustuus.it\/cattolica\/wp-json\/wp\/v2\/posts\/60643\/revisions\/64519"}],"wp:featuredmedia":[{"embeddable":true,"href":"https:\/\/www.rassegnastampa-totustuus.it\/cattolica\/wp-json\/wp\/v2\/media\/54914"}],"wp:attachment":[{"href":"https:\/\/www.rassegnastampa-totustuus.it\/cattolica\/wp-json\/wp\/v2\/media?parent=60643"}],"wp:term":[{"taxonomy":"category","embeddable":true,"href":"https:\/\/www.rassegnastampa-totustuus.it\/cattolica\/wp-json\/wp\/v2\/categories?post=60643"},{"taxonomy":"post_tag","embeddable":true,"href":"https:\/\/www.rassegnastampa-totustuus.it\/cattolica\/wp-json\/wp\/v2\/tags?post=60643"}],"curies":[{"name":"wp","href":"https:\/\/api.w.org\/{rel}","templated":true}]}}