{"id":60615,"date":"2024-06-01T10:40:03","date_gmt":"2024-06-01T08:40:03","guid":{"rendered":"https:\/\/www.rassegnastampa-totustuus.it\/cattolica\/?p=60615"},"modified":"2024-06-01T10:40:05","modified_gmt":"2024-06-01T08:40:05","slug":"le-cattive-notizie-sullambiente-sono-sbagliate","status":"publish","type":"post","link":"https:\/\/www.rassegnastampa-totustuus.it\/cattolica\/le-cattive-notizie-sullambiente-sono-sbagliate\/","title":{"rendered":"Le cattive notizie sull&#8217;ambiente sono sbagliate"},"content":{"rendered":"<p style=\"text-align: justify;\"><span style=\"color: #000000;\"><strong><img loading=\"lazy\" decoding=\"async\" class=\"size-full wp-image-49101 alignright\" src=\"https:\/\/www.rassegnastampa-totustuus.it\/cattolica\/wp-content\/uploads\/2020\/11\/Usa_paesaggio_Sierra_Nevada.jpg\" alt=\"\" width=\"275\" height=\"183\" \/>Abstract: <\/strong><em>le cattive notizie sull&#8217;ambiente sono sbagliate. Lo si \u00e8 detto nel simposio presso l&#8217;American Enterprise Institute (AEI) dal\u00a0 titolo &#8220;30 anni di progressi ambientali: \u00c8 giunto il momento di essere ottimisti?&#8221; in cui vari esperti nei loro campi hanno costatato come le catastrofi previsti dagli allarmisti in materia ambientale e climatica non sono non si sono verificati ma si registra un generale miglioramento della qualit\u00e0 dell&#8217;aria e di altri parametri. Al contrario le drastiche politice &#8220;green&#8221; rischiano di far aumentare i costi energetici e provocare pesanti dissesti economici che la genete comune far\u00e0 pagare caro alla politica<\/em><\/span><\/p>\n<p><!--more--><\/p>\n<p style=\"text-align: center;\"><span style=\"color: #000000;\"><span style=\"color: #0000ff;\"><a style=\"color: #0000ff;\" href=\"https:\/\/atfp.it\/\" target=\"_blank\" rel=\"noopener\"><strong>Tradizione Famiglia Propriet\u00e0<\/strong><\/a> <\/span>Newsletter 31 Maggio 2024 <\/span><\/p>\n<h3 style=\"text-align: center;\"><span style=\"color: #000000;\"><strong>La buona notizia sull&#8217;ambiente \u00e8 che la cattiva notizia \u00e8 sempre stata sbagliata<\/strong><\/span><\/h3>\n<p style=\"text-align: center;\"><span style=\"color: #000000;\"> <em>di<\/em><strong> Edwin Benson <\/strong><\/span><\/p>\n<p style=\"text-align: justify;\"><span style=\"color: #000000;\">Da quando il 22 giugno 1969 il fiume Cuyahoga prese fuoco, i media hanno esposto gli americani a molte notizie ambientali, la maggior parte delle quali negative. Anche quando si tratta di notizie speculative, come nel caso del &#8220;cambiamento climatico&#8221;, il presupposto \u00e8 che la storia reale sia cattiva e destinata a peggiorare. <\/span><\/p>\n<h4 style=\"text-align: center;\"><span style=\"color: #000000;\"><strong>Un&#8217;atmosfera di pessimismo <\/strong><\/span><\/h4>\n<p><img loading=\"lazy\" decoding=\"async\" class=\"alignleft wp-image-44974 size-medium\" src=\"https:\/\/www.rassegnastampa-totustuus.it\/cattolica\/wp-content\/uploads\/2019\/11\/plastica_ambiente-300x200.jpg\" alt=\"\" width=\"300\" height=\"200\" srcset=\"https:\/\/www.rassegnastampa-totustuus.it\/cattolica\/wp-content\/uploads\/2019\/11\/plastica_ambiente-300x200.jpg 300w, https:\/\/www.rassegnastampa-totustuus.it\/cattolica\/wp-content\/uploads\/2019\/11\/plastica_ambiente-768x512.jpg 768w, https:\/\/www.rassegnastampa-totustuus.it\/cattolica\/wp-content\/uploads\/2019\/11\/plastica_ambiente-1024x682.jpg 1024w, https:\/\/www.rassegnastampa-totustuus.it\/cattolica\/wp-content\/uploads\/2019\/11\/plastica_ambiente.jpg 1688w\" sizes=\"auto, (max-width: 300px) 100vw, 300px\" \/><\/p>\n<p style=\"text-align: justify;\"><span style=\"color: #000000;\">Queste aspettative rendono particolarmente significativo un recente simposio presso l&#8217;American Enterprise Institute (AEI). Il titolo era <em>30 anni di progressi ambientali: \u00c8 giunto il momento di essere ottimisti?<\/em><\/span><\/p>\n<p style=\"text-align: justify;\"><span style=\"color: #000000;\">Aspettate un attimo! Ottimisti sull&#8217;ambiente? L&#8217;AEI non stava ascoltando nel 2019 quell&#8217;esempio di virt\u00f9 a sinistra, Alexandria Ocasio Cortez, quando annunci\u00f2 che la nazione aveva solo dodici anni per approvare il suo &#8220;Green New Deal&#8221; prima che il pianeta si ribellasse a tutta l&#8217;umanit\u00e0? Come si pu\u00f2 essere ottimisti?<\/span><\/p>\n<p style=\"text-align: justify;\"><span style=\"color: #000000;\">L&#8217;ottimismo dell&#8217;AEI costruisce uno scenario solare. Dopo tutto, \u00e8 provato che l&#8217;atmosfera terrestre si sta riscaldando. L&#8217;ottimismo deriva da due ipotesi: Primo, questo riscaldamento non \u00e8 particolarmente dannoso. In secondo luogo, ci sono modi per affrontare i danni che la tendenza al riscaldamento potrebbe causare.<\/span><\/p>\n<h4 style=\"text-align: center;\"><span style=\"color: #000000;\"><strong>Ottimisti con credenziali<\/strong><\/span><\/h4>\n<p style=\"text-align: justify;\"><span style=\"color: #000000;\">I partecipanti al simposio dell&#8217;AEI sono esperti nei loro campi.<\/span><\/p>\n<p style=\"text-align: justify;\"><span style=\"color: #000000;\"><img loading=\"lazy\" decoding=\"async\" class=\" wp-image-44226 alignright\" src=\"https:\/\/www.rassegnastampa-totustuus.it\/cattolica\/wp-content\/uploads\/2019\/09\/ambiente_CO2.jpg\" alt=\"\" width=\"360\" height=\"217\" \/>Roger Pielke, Jr. \u00e8 uno di quei rari accademici che si trovano a proprio agio sia nelle scienze che nelle discipline umanistiche. Il suo dottorato \u00e8 in scienze politiche, ma \u00e8 stato professore presso il Dipartimento di studi ambientali dell&#8217;Universit\u00e0 del Colorado (Boulder) dal 2004 al 2023. In precedenza, \u00e8 stato uno scienziato del National Center for Atmospheric Research.<\/span><\/p>\n<p style=\"text-align: justify;\"><span style=\"color: #000000;\">Anche il dottor Steven F. Hayward vive sulla linea di faglia tra politica e ambiente. La sua attuale sede accademica \u00e8 la famosa e liberale Universit\u00e0 della California a Berkeley. La maggior parte dei suoi scritti sono politici, tra cui una biografia di Ronald Reagan. Tuttavia, dopo aver completato il suo lavoro su Reagan, Hayward ha scritto il controverso <em>Almanacco delle tendenze ambientali 2011<\/em>.<\/span><\/p>\n<p style=\"text-align: justify;\"><span style=\"color: #000000;\">Il 22 aprile 2024, i due uomini si sono incontrati nella sede dell&#8217;AEI a Washington per discutere del loro cauto ottimismo sull&#8217;ambiente.<\/span><\/p>\n<h4 style=\"text-align: center;\"><span style=\"color: #000000;\"><strong>Il disastro che non si \u00e8 mai verificato<\/strong><\/span><\/h4>\n<p style=\"text-align: justify;\"><span style=\"color: #000000;\">Il primo punto di ottimismo \u00e8 che le catastrofi ambientali a lungo previste non sono mai avvenute. Nel 1998, ad esempio, il 57% degli americani era d&#8217;accordo: &#8220;I prossimi dieci anni saranno l&#8217;ultimo decennio in cui l&#8217;uomo avr\u00e0 la possibilit\u00e0 di salvare la Terra dalla catastrofe ambientale&#8221;. Nonostante il pessimismo prevalente, quel decennio \u00e8 passato sedici anni fa e l&#8217;ambiente sta migliorando.<\/span><\/p>\n<p style=\"text-align: justify;\"><span style=\"color: #000000;\">Un&#8217;altra comoda verit\u00e0 \u00e8 che tutte le misure convenzionali della qualit\u00e0 dell&#8217;aria (compresa la temuta CO<sup>2<\/sup>) sono pi\u00f9 basse oggi rispetto al 1990. Durante questi trentaquattro anni, ci sono stati significativi guadagni economici, crescita della popolazione e aumento dei chilometri percorsi dai veicoli. Tutto ci\u00f2 che secondo gli ambientalisti causava l&#8217;inquinamento atmosferico \u00e8 aumentato, mentre l&#8217;inquinamento reale \u00e8 diminuito.<\/span><\/p>\n<p style=\"text-align: justify;\"><span style=\"color: #000000;\"><img loading=\"lazy\" decoding=\"async\" class=\" wp-image-44422 alignleft\" src=\"https:\/\/www.rassegnastampa-totustuus.it\/cattolica\/wp-content\/uploads\/2019\/09\/ambiente_Greta-300x168.jpg\" alt=\"\" width=\"330\" height=\"185\" srcset=\"https:\/\/www.rassegnastampa-totustuus.it\/cattolica\/wp-content\/uploads\/2019\/09\/ambiente_Greta-300x168.jpg 300w, https:\/\/www.rassegnastampa-totustuus.it\/cattolica\/wp-content\/uploads\/2019\/09\/ambiente_Greta-768x430.jpg 768w, https:\/\/www.rassegnastampa-totustuus.it\/cattolica\/wp-content\/uploads\/2019\/09\/ambiente_Greta-1024x574.jpg 1024w, https:\/\/www.rassegnastampa-totustuus.it\/cattolica\/wp-content\/uploads\/2019\/09\/ambiente_Greta.jpg 1124w\" sizes=\"auto, (max-width: 330px) 100vw, 330px\" \/>Nel 2007 l&#8217;ambientalista Seymour Garte ha scritto: &#8220;La maggior parte delle cose che ci riguardano come esseri umani sul pianeta Terra sono migliorate. L&#8217;aria e l&#8217;acqua stanno diventando pi\u00f9 pulite; abbiamo pi\u00f9 cibo e migliore da mangiare; la durata della vita sta aumentando e la mortalit\u00e0 infantile sta diminuendo; le malattie sono state sconfitte; le specie in pericolo sono state salvate; le foreste stanno bene&#8221;.<\/span><\/p>\n<p style=\"text-align: justify;\"><span style=\"color: #000000;\">Alcuni settori della politica ambientale non hanno ancora avuto successo. Le zone umide stanno diminuendo, ma a un ritmo molto inferiore rispetto ai tre decenni dal 1950 al 1980. Inoltre, i livelli di ossigeno nelle acque di alcune zone del Golfo del Messico rimangono bassi a causa del deflusso dei nitrati dal fiume Mississippi. D&#8217;altra parte, misurazioni simili nella Baia di Chesapeake e nel Long Island Sound hanno fornito dati significativamente migliori.<\/span><\/p>\n<h4 style=\"text-align: center;\"><span style=\"color: #000000;\"><strong>Ritrattare le previsioni di catastrofe<\/strong><\/span><\/h4>\n<p style=\"text-align: justify;\"><span style=\"color: #000000;\">Anche tra gli attivisti del &#8220;cambiamento climatico&#8221;, le previsioni di un cambiamento effettivo sono diminuite. Nel settembre 2021, l'&#8221;inviato per il clima&#8221; degli Stati Uniti John Kerry aveva espresso previsioni disastrose per il resto del secolo. &#8220;Al momento, stando ad oggi, siamo purtroppo in rotta verso i 3 [o] 4 gradi [Celsius] al ritmo attuale&#8221;. Per il settembre 2023, la sua previsione era di un riscaldamento tra i 2,4 e i 2,5 gradi nello stesso periodo. Un grado e mezzo potrebbe non sembrare molto per una persona media. Tuttavia, le attuali previsioni di Kerry sono dal venti al quaranta per cento inferiori alle sue cifre di due anni prima. In questo campo, ci\u00f2 \u00e8 significativo.<\/span><\/p>\n<p style=\"text-align: justify;\"><span style=\"color: #000000;\"><img loading=\"lazy\" decoding=\"async\" class=\" wp-image-48405 alignleft\" src=\"https:\/\/www.rassegnastampa-totustuus.it\/cattolica\/wp-content\/uploads\/2020\/09\/clima_Africa_Shael-300x168.jpg\" alt=\"\" width=\"354\" height=\"198\" \/>Il dottor Pielke definisce la scienza alla base della riduzione &#8220;il segreto meglio custodito della scienza del clima&#8221;. Il semplice fatto \u00e8 che l&#8217;effettivo aumento delle temperature non ha confermato le previsioni su cui Kerry si \u00e8 basato nel 2021. Ciononostante, la maggior parte degli &#8220;scienziati del clima&#8221; dell&#8217;amministrazione Biden e gran parte dei media utilizzano ancora modelli informatici obsoleti.<\/span><\/p>\n<p style=\"text-align: justify;\"><span style=\"color: #000000;\">&#8220;Il cambiamento climatico \u00e8 reale e rappresenta un problema. Negli ultimi anni, la comprensione delle probabili emissioni e, quindi, dei cambiamenti futuri \u00e8 diventata molto meno estrema. E questa \u00e8 una buona notizia!&#8221;.<\/span><\/p>\n<p style=\"text-align: justify;\"><span style=\"color: #000000;\">Il semplice fatto \u00e8 che lo scenario accettato era errato. Le ipotesi di vent&#8217;anni fa erano esagerate. I numeri degli allarmisti si adattavano alle ambizioni politiche e all&#8217;agenda ideologica dei burocrati, quindi hanno usato quei numeri.<\/span><\/p>\n<h4 style=\"text-align: center;\"><span style=\"color: #000000;\"><strong>La realt\u00e0 economica si intromette nelle fantasie da incubo <\/strong><\/span><\/h4>\n<p style=\"text-align: justify;\"><span style=\"color: #000000;\">Anche l&#8217;economia di base gioca a sfavore dei sostenitori del cambiamento climatico. In primo luogo, gli esperimenti di sfruttamento dell&#8217;energia eolica e solare sono falliti miseramente. La tecnologia non si \u00e8 sviluppata molto, nonostante i miliardi investiti. In secondo luogo, l&#8217;agenda anti-crescita in luoghi come la California ha portato a un&#8217;impennata dei prezzi delle case e di altri beni. Anche i liberal [la sinistra, ndr] stanno iniziando ad accorgersene.<\/span><\/p>\n<p style=\"text-align: justify;\"><span style=\"color: #000000;\">L&#8217;elemento forse pi\u00f9 importante \u00e8 che l&#8217;intera economia mondiale dipende dal prezzo dell&#8217;energia. Pertanto, tutti sono danneggiati &#8211; spesso in diversi modi &#8211; quando il costo dell&#8217;energia aumenta. Tali condizioni diventano rapidamente la campana a morto per qualsiasi politico che l&#8217;opinione pubblica incolpa. Come ha sottolineato Pielke, &#8220;la gente non se ne star\u00e0 con le mani in mano a lasciare che le loro economie vadano in bancarotta &#8211; non succeder\u00e0 mai&#8230; se ci saranno conseguenze, ci sar\u00e0 un contraccolpo&#8221;. Quando questo contraccolpo si verificher\u00e0, secondo Pielke, la follia per il clima diminuir\u00e0, mentre crescer\u00e0 il bisogno di energia.<\/span><\/p>\n<p style=\"text-align: justify;\"><span style=\"color: #000000;\"><img loading=\"lazy\" decoding=\"async\" class=\" wp-image-35794 alignright\" src=\"https:\/\/www.rassegnastampa-totustuus.it\/cattolica\/wp-content\/uploads\/2004\/11\/clima.jpg\" alt=\"\" width=\"340\" height=\"255\" \/>Purtroppo la politica si muove pi\u00f9 lentamente della scienza. Una volta impegnati in politiche estreme, qualsiasi ritiro, per quanto giustificato, pu\u00f2 rivelarsi politicamente disastroso. Il consenso scientifico sembra cambiare, o almeno adattarsi alle mutate circostanze. Nel frattempo, l&#8217;amministrazione si sta &#8220;rapidamente mettendo in un angolo\u201d per quanto riguarda il clima. Consideriamo, ad esempio, gli standard di inquinamento dei veicoli che l&#8217;EPA ha rilasciato nel marzo 2024. L&#8217;amministrazione si vanta che si tratta degli standard di inquinamento per auto e camion &#8220;pi\u00f9 severi di sempre&#8221;.<\/span><\/p>\n<p style=\"text-align: justify;\"><span style=\"color: #000000;\">Tuttavia, questi regolamenti si basano su previsioni eccessivamente pessimistiche. Gli americani si trovano di fronte ad alternative difficili. I cittadini possono rifiutare i nuovi standard alle urne. Potrebbero essere costretti a pagare un prezzo economico elevato e non necessario. L&#8217;ultima possibilit\u00e0 \u00e8 che siano costretti a rinunciare ai veicoli privati. Gli elettori puniranno coloro che li hanno costretti in questa situazione.<\/span><\/p>\n<h4 style=\"text-align: center;\"><span style=\"color: #000000;\"><strong>Impegni impossibili<\/strong><\/span><\/h4>\n<p style=\"text-align: justify;\"><span style=\"color: #000000;\">In effetti, l&#8217;EPA del Presidente Biden \u00e8 sempre pi\u00f9 impegnata a limitare le emissioni di carbonio, indipendentemente dal cambiamento dello scenario. La strada pi\u00f9 probabile \u00e8 che l&#8217;amministrazione si aggrappi agli obiettivi estremi fissati dal cosidetto &#8220;Inflation Reduction Act&#8221;. Poich\u00e9 tali obiettivi appaiono sempre pi\u00f9 superflui, la nazione rifiuter\u00e0 i costi sociali ed economici delle severe normative.<\/span><\/p>\n<p style=\"text-align: justify;\"><span style=\"color: #000000;\">N\u00e9 l&#8217;amministrazione potr\u00e0 vantare un successo. In base ai dati dell&#8217;Energy Information Administration, un&#8217;agenzia governativa popolata da ambientalisti, \u00e8 probabile che i risultati dell&#8217;amministrazione Biden in termini di riduzione delle emissioni si attestino su una media dello 0,7% all&#8217;anno, ben lontani dall&#8217;obiettivo di riduzione annuale dell&#8217;otto-nove per cento o pi\u00f9. Questo fallimento far\u00e0 ululare i progressisti. Tuttavia, le grida dei &#8220;Woke&#8221; non saranno nulla in confronto all&#8217;ira di coloro che pagano le bollette.<\/span><\/p>\n<p style=\"text-align: center;\"><span style=\"color: #000000;\"><strong>Fonte<\/strong>: <span style=\"color: #0000ff;\"><a style=\"color: #0000ff;\" href=\"https:\/\/www.tfp.org\/the-good-news-about-the-environment-is-that-the-bad-news-was-always-wrong\/?PKG=TFPE3336\" target=\"_blank\" rel=\"noopener\">Tfp.org<\/a>,<\/span> 29 maggio 2024. <\/span><em><span style=\"color: #000000;\">Traduzione a cura di Tradizion<\/span>e Famiglia Propriet\u00e0 \u2013 Italia<\/em>.<\/p>\n<p>________________________________________________<\/p>\n<p><strong><span style=\"color: #000000;\">Leggi anche:<\/span><\/strong><\/p>\n<p><a href=\"https:\/\/www.rassegnastampa-totustuus.it\/cattolica\/se-crollasse-la-diga-delle-bufale\/\" target=\"_blank\" rel=\"noopener\"><span style=\"color: #0000ff;\">Se crollasse la diga delle bufale<\/span><\/a><\/p>\n<p><a href=\"https:\/\/www.rassegnastampa-totustuus.it\/cattolica\/catastrofismo-ambientalista-sempre-sbagliato\/\" target=\"_blank\" rel=\"noopener\"><span style=\"color: #0000ff;\">Catastrofismo ambientalista sempre sbagliato<\/span><\/a><\/p>\n","protected":false},"excerpt":{"rendered":"<p>Abstract: le cattive notizie sull&#8217;ambiente sono sbagliate. Lo si \u00e8 detto nel simposio presso l&#8217;American Enterprise Institute (AEI) dal\u00a0 titolo &#8220;30 anni di progressi ambientali: \u00c8 giunto il momento di essere ottimisti?&#8221; in cui vari esperti nei loro campi hanno costatato come le catastrofi previsti dagli allarmisti in materia ambientale e climatica non sono non &hellip; <\/p>\n<p><a class=\"more-link btn\" href=\"https:\/\/www.rassegnastampa-totustuus.it\/cattolica\/le-cattive-notizie-sullambiente-sono-sbagliate\/\">Continua a leggere<\/a><\/p>\n","protected":false},"author":6,"featured_media":49101,"comment_status":"closed","ping_status":"closed","sticky":false,"template":"","format":"standard","meta":{"footnotes":""},"categories":[3],"tags":[2387,2305,498],"class_list":["post-60615","post","type-post","status-publish","format-standard","has-post-thumbnail","hentry","category-ambientalismo","tag-ambientalismo","tag-clima","tag-global-warming","item-wrap"],"yoast_head":"<!-- This site is optimized with the Yoast SEO plugin v27.5 - https:\/\/yoast.com\/product\/yoast-seo-wordpress\/ -->\n<title>Le cattive notizie sull&#039;ambiente sono sbagliate - Rassegna Stampa Cattolica<\/title>\n<meta name=\"description\" content=\"Le cattive notizie sull&#039;ambiente sono sbagliate, lo si \u00e8 detto nel simposio presso la American Enterprise Institute\" \/>\n<meta name=\"robots\" content=\"index, follow, max-snippet:-1, max-image-preview:large, max-video-preview:-1\" \/>\n<link rel=\"canonical\" href=\"https:\/\/www.rassegnastampa-totustuus.it\/cattolica\/le-cattive-notizie-sullambiente-sono-sbagliate\/\" \/>\n<meta property=\"og:locale\" content=\"it_IT\" \/>\n<meta property=\"og:type\" content=\"article\" \/>\n<meta property=\"og:title\" content=\"Le cattive notizie sull&#039;ambiente sono sbagliate - Rassegna Stampa Cattolica\" \/>\n<meta property=\"og:description\" content=\"Le cattive notizie sull&#039;ambiente sono sbagliate, lo si \u00e8 detto nel simposio presso la American Enterprise Institute\" \/>\n<meta property=\"og:url\" content=\"https:\/\/www.rassegnastampa-totustuus.it\/cattolica\/le-cattive-notizie-sullambiente-sono-sbagliate\/\" \/>\n<meta property=\"og:site_name\" content=\"Rassegna Stampa Cattolica\" \/>\n<meta property=\"article:publisher\" content=\"https:\/\/www.facebook.com\/rassegnastampacattolica\" \/>\n<meta property=\"article:published_time\" content=\"2024-06-01T08:40:03+00:00\" \/>\n<meta property=\"article:modified_time\" content=\"2024-06-01T08:40:05+00:00\" \/>\n<meta property=\"og:image\" content=\"https:\/\/www.rassegnastampa-totustuus.it\/cattolica\/wp-content\/uploads\/2020\/11\/Usa_paesaggio_Sierra_Nevada.jpg\" \/>\n\t<meta property=\"og:image:width\" content=\"275\" \/>\n\t<meta property=\"og:image:height\" content=\"183\" \/>\n\t<meta property=\"og:image:type\" content=\"image\/jpeg\" \/>\n<meta name=\"author\" content=\"Redazione\" \/>\n<meta name=\"twitter:card\" content=\"summary_large_image\" \/>\n<meta name=\"twitter:creator\" content=\"@rassegnastampa9\" \/>\n<meta name=\"twitter:site\" content=\"@rassegnastampa9\" \/>\n<meta name=\"twitter:label1\" content=\"Scritto da\" \/>\n\t<meta name=\"twitter:data1\" content=\"Redazione\" \/>\n\t<meta name=\"twitter:label2\" content=\"Tempo di lettura stimato\" \/>\n\t<meta name=\"twitter:data2\" content=\"10 minuti\" \/>\n<script type=\"application\/ld+json\" class=\"yoast-schema-graph\">{\"@context\":\"https:\\\/\\\/schema.org\",\"@graph\":[{\"@type\":\"Article\",\"@id\":\"https:\\\/\\\/www.rassegnastampa-totustuus.it\\\/cattolica\\\/le-cattive-notizie-sullambiente-sono-sbagliate\\\/#article\",\"isPartOf\":{\"@id\":\"https:\\\/\\\/www.rassegnastampa-totustuus.it\\\/cattolica\\\/le-cattive-notizie-sullambiente-sono-sbagliate\\\/\"},\"author\":{\"name\":\"Redazione\",\"@id\":\"https:\\\/\\\/www.rassegnastampa-totustuus.it\\\/cattolica\\\/#\\\/schema\\\/person\\\/08f319d2bd1a0904ad9e2bfb7b15e5c3\"},\"headline\":\"Le cattive notizie sull&#8217;ambiente sono sbagliate\",\"datePublished\":\"2024-06-01T08:40:03+00:00\",\"dateModified\":\"2024-06-01T08:40:05+00:00\",\"mainEntityOfPage\":{\"@id\":\"https:\\\/\\\/www.rassegnastampa-totustuus.it\\\/cattolica\\\/le-cattive-notizie-sullambiente-sono-sbagliate\\\/\"},\"wordCount\":1455,\"publisher\":{\"@id\":\"https:\\\/\\\/www.rassegnastampa-totustuus.it\\\/cattolica\\\/#organization\"},\"image\":{\"@id\":\"https:\\\/\\\/www.rassegnastampa-totustuus.it\\\/cattolica\\\/le-cattive-notizie-sullambiente-sono-sbagliate\\\/#primaryimage\"},\"thumbnailUrl\":\"https:\\\/\\\/www.rassegnastampa-totustuus.it\\\/cattolica\\\/wp-content\\\/uploads\\\/2020\\\/11\\\/Usa_paesaggio_Sierra_Nevada.jpg\",\"keywords\":[\"Ambientalismo\",\"clima\",\"global warming\"],\"articleSection\":[\"Ambientalismo\"],\"inLanguage\":\"it-IT\"},{\"@type\":\"WebPage\",\"@id\":\"https:\\\/\\\/www.rassegnastampa-totustuus.it\\\/cattolica\\\/le-cattive-notizie-sullambiente-sono-sbagliate\\\/\",\"url\":\"https:\\\/\\\/www.rassegnastampa-totustuus.it\\\/cattolica\\\/le-cattive-notizie-sullambiente-sono-sbagliate\\\/\",\"name\":\"Le cattive notizie sull'ambiente sono sbagliate - Rassegna Stampa Cattolica\",\"isPartOf\":{\"@id\":\"https:\\\/\\\/www.rassegnastampa-totustuus.it\\\/cattolica\\\/#website\"},\"primaryImageOfPage\":{\"@id\":\"https:\\\/\\\/www.rassegnastampa-totustuus.it\\\/cattolica\\\/le-cattive-notizie-sullambiente-sono-sbagliate\\\/#primaryimage\"},\"image\":{\"@id\":\"https:\\\/\\\/www.rassegnastampa-totustuus.it\\\/cattolica\\\/le-cattive-notizie-sullambiente-sono-sbagliate\\\/#primaryimage\"},\"thumbnailUrl\":\"https:\\\/\\\/www.rassegnastampa-totustuus.it\\\/cattolica\\\/wp-content\\\/uploads\\\/2020\\\/11\\\/Usa_paesaggio_Sierra_Nevada.jpg\",\"datePublished\":\"2024-06-01T08:40:03+00:00\",\"dateModified\":\"2024-06-01T08:40:05+00:00\",\"description\":\"Le cattive notizie sull'ambiente sono sbagliate, lo si \u00e8 detto nel simposio presso la American Enterprise Institute\",\"breadcrumb\":{\"@id\":\"https:\\\/\\\/www.rassegnastampa-totustuus.it\\\/cattolica\\\/le-cattive-notizie-sullambiente-sono-sbagliate\\\/#breadcrumb\"},\"inLanguage\":\"it-IT\",\"potentialAction\":[{\"@type\":\"ReadAction\",\"target\":[\"https:\\\/\\\/www.rassegnastampa-totustuus.it\\\/cattolica\\\/le-cattive-notizie-sullambiente-sono-sbagliate\\\/\"]}]},{\"@type\":\"ImageObject\",\"inLanguage\":\"it-IT\",\"@id\":\"https:\\\/\\\/www.rassegnastampa-totustuus.it\\\/cattolica\\\/le-cattive-notizie-sullambiente-sono-sbagliate\\\/#primaryimage\",\"url\":\"https:\\\/\\\/www.rassegnastampa-totustuus.it\\\/cattolica\\\/wp-content\\\/uploads\\\/2020\\\/11\\\/Usa_paesaggio_Sierra_Nevada.jpg\",\"contentUrl\":\"https:\\\/\\\/www.rassegnastampa-totustuus.it\\\/cattolica\\\/wp-content\\\/uploads\\\/2020\\\/11\\\/Usa_paesaggio_Sierra_Nevada.jpg\",\"width\":275,\"height\":183},{\"@type\":\"BreadcrumbList\",\"@id\":\"https:\\\/\\\/www.rassegnastampa-totustuus.it\\\/cattolica\\\/le-cattive-notizie-sullambiente-sono-sbagliate\\\/#breadcrumb\",\"itemListElement\":[{\"@type\":\"ListItem\",\"position\":1,\"name\":\"Home\",\"item\":\"https:\\\/\\\/www.rassegnastampa-totustuus.it\\\/cattolica\\\/\"},{\"@type\":\"ListItem\",\"position\":2,\"name\":\"Le cattive notizie sull&#8217;ambiente sono sbagliate\"}]},{\"@type\":\"WebSite\",\"@id\":\"https:\\\/\\\/www.rassegnastampa-totustuus.it\\\/cattolica\\\/#website\",\"url\":\"https:\\\/\\\/www.rassegnastampa-totustuus.it\\\/cattolica\\\/\",\"name\":\"Rassegna Stampa Cattolica\",\"description\":\"Per una cultura che nasce dalla Rivelazione cristiana in conformit\u00e0 alla tradizione e al Magistero della Chiesa in opposizione ad ogni relativismo e totalitarismo\",\"publisher\":{\"@id\":\"https:\\\/\\\/www.rassegnastampa-totustuus.it\\\/cattolica\\\/#organization\"},\"alternateName\":\"Rass. Cattolica\",\"potentialAction\":[{\"@type\":\"SearchAction\",\"target\":{\"@type\":\"EntryPoint\",\"urlTemplate\":\"https:\\\/\\\/www.rassegnastampa-totustuus.it\\\/cattolica\\\/?s={search_term_string}\"},\"query-input\":{\"@type\":\"PropertyValueSpecification\",\"valueRequired\":true,\"valueName\":\"search_term_string\"}}],\"inLanguage\":\"it-IT\"},{\"@type\":\"Organization\",\"@id\":\"https:\\\/\\\/www.rassegnastampa-totustuus.it\\\/cattolica\\\/#organization\",\"name\":\"Rassegna Stampa Cattolica\",\"url\":\"https:\\\/\\\/www.rassegnastampa-totustuus.it\\\/cattolica\\\/\",\"logo\":{\"@type\":\"ImageObject\",\"inLanguage\":\"it-IT\",\"@id\":\"https:\\\/\\\/www.rassegnastampa-totustuus.it\\\/cattolica\\\/#\\\/schema\\\/logo\\\/image\\\/\",\"url\":\"https:\\\/\\\/www.rassegnastampa-totustuus.it\\\/cattolica\\\/wp-content\\\/uploads\\\/2014\\\/04\\\/logo-rassegna1.gif\",\"contentUrl\":\"https:\\\/\\\/www.rassegnastampa-totustuus.it\\\/cattolica\\\/wp-content\\\/uploads\\\/2014\\\/04\\\/logo-rassegna1.gif\",\"width\":600,\"height\":163,\"caption\":\"Rassegna Stampa Cattolica\"},\"image\":{\"@id\":\"https:\\\/\\\/www.rassegnastampa-totustuus.it\\\/cattolica\\\/#\\\/schema\\\/logo\\\/image\\\/\"},\"sameAs\":[\"https:\\\/\\\/www.facebook.com\\\/rassegnastampacattolica\",\"https:\\\/\\\/x.com\\\/rassegnastampa9\"]},{\"@type\":\"Person\",\"@id\":\"https:\\\/\\\/www.rassegnastampa-totustuus.it\\\/cattolica\\\/#\\\/schema\\\/person\\\/08f319d2bd1a0904ad9e2bfb7b15e5c3\",\"name\":\"Redazione\",\"image\":{\"@type\":\"ImageObject\",\"inLanguage\":\"it-IT\",\"@id\":\"https:\\\/\\\/secure.gravatar.com\\\/avatar\\\/2fcdf27c78ea025fbdb44e914cc63c72249ffec9dc8aafd5c82b26240ef3f346?s=96&d=mm&r=g\",\"url\":\"https:\\\/\\\/secure.gravatar.com\\\/avatar\\\/2fcdf27c78ea025fbdb44e914cc63c72249ffec9dc8aafd5c82b26240ef3f346?s=96&d=mm&r=g\",\"contentUrl\":\"https:\\\/\\\/secure.gravatar.com\\\/avatar\\\/2fcdf27c78ea025fbdb44e914cc63c72249ffec9dc8aafd5c82b26240ef3f346?s=96&d=mm&r=g\",\"caption\":\"Redazione\"},\"url\":\"https:\\\/\\\/www.rassegnastampa-totustuus.it\\\/cattolica\\\/author\\\/pietroelle\\\/\"}]}<\/script>\n<!-- \/ Yoast SEO plugin. -->","yoast_head_json":{"title":"Le cattive notizie sull'ambiente sono sbagliate - Rassegna Stampa Cattolica","description":"Le cattive notizie sull'ambiente sono sbagliate, lo si \u00e8 detto nel simposio presso la American Enterprise Institute","robots":{"index":"index","follow":"follow","max-snippet":"max-snippet:-1","max-image-preview":"max-image-preview:large","max-video-preview":"max-video-preview:-1"},"canonical":"https:\/\/www.rassegnastampa-totustuus.it\/cattolica\/le-cattive-notizie-sullambiente-sono-sbagliate\/","og_locale":"it_IT","og_type":"article","og_title":"Le cattive notizie sull'ambiente sono sbagliate - Rassegna Stampa Cattolica","og_description":"Le cattive notizie sull'ambiente sono sbagliate, lo si \u00e8 detto nel simposio presso la American Enterprise Institute","og_url":"https:\/\/www.rassegnastampa-totustuus.it\/cattolica\/le-cattive-notizie-sullambiente-sono-sbagliate\/","og_site_name":"Rassegna Stampa Cattolica","article_publisher":"https:\/\/www.facebook.com\/rassegnastampacattolica","article_published_time":"2024-06-01T08:40:03+00:00","article_modified_time":"2024-06-01T08:40:05+00:00","og_image":[{"width":275,"height":183,"url":"https:\/\/www.rassegnastampa-totustuus.it\/cattolica\/wp-content\/uploads\/2020\/11\/Usa_paesaggio_Sierra_Nevada.jpg","type":"image\/jpeg"}],"author":"Redazione","twitter_card":"summary_large_image","twitter_creator":"@rassegnastampa9","twitter_site":"@rassegnastampa9","twitter_misc":{"Scritto da":"Redazione","Tempo di lettura stimato":"10 minuti"},"schema":{"@context":"https:\/\/schema.org","@graph":[{"@type":"Article","@id":"https:\/\/www.rassegnastampa-totustuus.it\/cattolica\/le-cattive-notizie-sullambiente-sono-sbagliate\/#article","isPartOf":{"@id":"https:\/\/www.rassegnastampa-totustuus.it\/cattolica\/le-cattive-notizie-sullambiente-sono-sbagliate\/"},"author":{"name":"Redazione","@id":"https:\/\/www.rassegnastampa-totustuus.it\/cattolica\/#\/schema\/person\/08f319d2bd1a0904ad9e2bfb7b15e5c3"},"headline":"Le cattive notizie sull&#8217;ambiente sono sbagliate","datePublished":"2024-06-01T08:40:03+00:00","dateModified":"2024-06-01T08:40:05+00:00","mainEntityOfPage":{"@id":"https:\/\/www.rassegnastampa-totustuus.it\/cattolica\/le-cattive-notizie-sullambiente-sono-sbagliate\/"},"wordCount":1455,"publisher":{"@id":"https:\/\/www.rassegnastampa-totustuus.it\/cattolica\/#organization"},"image":{"@id":"https:\/\/www.rassegnastampa-totustuus.it\/cattolica\/le-cattive-notizie-sullambiente-sono-sbagliate\/#primaryimage"},"thumbnailUrl":"https:\/\/www.rassegnastampa-totustuus.it\/cattolica\/wp-content\/uploads\/2020\/11\/Usa_paesaggio_Sierra_Nevada.jpg","keywords":["Ambientalismo","clima","global warming"],"articleSection":["Ambientalismo"],"inLanguage":"it-IT"},{"@type":"WebPage","@id":"https:\/\/www.rassegnastampa-totustuus.it\/cattolica\/le-cattive-notizie-sullambiente-sono-sbagliate\/","url":"https:\/\/www.rassegnastampa-totustuus.it\/cattolica\/le-cattive-notizie-sullambiente-sono-sbagliate\/","name":"Le cattive notizie sull'ambiente sono sbagliate - Rassegna Stampa Cattolica","isPartOf":{"@id":"https:\/\/www.rassegnastampa-totustuus.it\/cattolica\/#website"},"primaryImageOfPage":{"@id":"https:\/\/www.rassegnastampa-totustuus.it\/cattolica\/le-cattive-notizie-sullambiente-sono-sbagliate\/#primaryimage"},"image":{"@id":"https:\/\/www.rassegnastampa-totustuus.it\/cattolica\/le-cattive-notizie-sullambiente-sono-sbagliate\/#primaryimage"},"thumbnailUrl":"https:\/\/www.rassegnastampa-totustuus.it\/cattolica\/wp-content\/uploads\/2020\/11\/Usa_paesaggio_Sierra_Nevada.jpg","datePublished":"2024-06-01T08:40:03+00:00","dateModified":"2024-06-01T08:40:05+00:00","description":"Le cattive notizie sull'ambiente sono sbagliate, lo si \u00e8 detto nel simposio presso la American Enterprise Institute","breadcrumb":{"@id":"https:\/\/www.rassegnastampa-totustuus.it\/cattolica\/le-cattive-notizie-sullambiente-sono-sbagliate\/#breadcrumb"},"inLanguage":"it-IT","potentialAction":[{"@type":"ReadAction","target":["https:\/\/www.rassegnastampa-totustuus.it\/cattolica\/le-cattive-notizie-sullambiente-sono-sbagliate\/"]}]},{"@type":"ImageObject","inLanguage":"it-IT","@id":"https:\/\/www.rassegnastampa-totustuus.it\/cattolica\/le-cattive-notizie-sullambiente-sono-sbagliate\/#primaryimage","url":"https:\/\/www.rassegnastampa-totustuus.it\/cattolica\/wp-content\/uploads\/2020\/11\/Usa_paesaggio_Sierra_Nevada.jpg","contentUrl":"https:\/\/www.rassegnastampa-totustuus.it\/cattolica\/wp-content\/uploads\/2020\/11\/Usa_paesaggio_Sierra_Nevada.jpg","width":275,"height":183},{"@type":"BreadcrumbList","@id":"https:\/\/www.rassegnastampa-totustuus.it\/cattolica\/le-cattive-notizie-sullambiente-sono-sbagliate\/#breadcrumb","itemListElement":[{"@type":"ListItem","position":1,"name":"Home","item":"https:\/\/www.rassegnastampa-totustuus.it\/cattolica\/"},{"@type":"ListItem","position":2,"name":"Le cattive notizie sull&#8217;ambiente sono sbagliate"}]},{"@type":"WebSite","@id":"https:\/\/www.rassegnastampa-totustuus.it\/cattolica\/#website","url":"https:\/\/www.rassegnastampa-totustuus.it\/cattolica\/","name":"Rassegna Stampa Cattolica","description":"Per una cultura che nasce dalla Rivelazione cristiana in conformit\u00e0 alla tradizione e al Magistero della Chiesa in opposizione ad ogni relativismo e totalitarismo","publisher":{"@id":"https:\/\/www.rassegnastampa-totustuus.it\/cattolica\/#organization"},"alternateName":"Rass. Cattolica","potentialAction":[{"@type":"SearchAction","target":{"@type":"EntryPoint","urlTemplate":"https:\/\/www.rassegnastampa-totustuus.it\/cattolica\/?s={search_term_string}"},"query-input":{"@type":"PropertyValueSpecification","valueRequired":true,"valueName":"search_term_string"}}],"inLanguage":"it-IT"},{"@type":"Organization","@id":"https:\/\/www.rassegnastampa-totustuus.it\/cattolica\/#organization","name":"Rassegna Stampa Cattolica","url":"https:\/\/www.rassegnastampa-totustuus.it\/cattolica\/","logo":{"@type":"ImageObject","inLanguage":"it-IT","@id":"https:\/\/www.rassegnastampa-totustuus.it\/cattolica\/#\/schema\/logo\/image\/","url":"https:\/\/www.rassegnastampa-totustuus.it\/cattolica\/wp-content\/uploads\/2014\/04\/logo-rassegna1.gif","contentUrl":"https:\/\/www.rassegnastampa-totustuus.it\/cattolica\/wp-content\/uploads\/2014\/04\/logo-rassegna1.gif","width":600,"height":163,"caption":"Rassegna Stampa Cattolica"},"image":{"@id":"https:\/\/www.rassegnastampa-totustuus.it\/cattolica\/#\/schema\/logo\/image\/"},"sameAs":["https:\/\/www.facebook.com\/rassegnastampacattolica","https:\/\/x.com\/rassegnastampa9"]},{"@type":"Person","@id":"https:\/\/www.rassegnastampa-totustuus.it\/cattolica\/#\/schema\/person\/08f319d2bd1a0904ad9e2bfb7b15e5c3","name":"Redazione","image":{"@type":"ImageObject","inLanguage":"it-IT","@id":"https:\/\/secure.gravatar.com\/avatar\/2fcdf27c78ea025fbdb44e914cc63c72249ffec9dc8aafd5c82b26240ef3f346?s=96&d=mm&r=g","url":"https:\/\/secure.gravatar.com\/avatar\/2fcdf27c78ea025fbdb44e914cc63c72249ffec9dc8aafd5c82b26240ef3f346?s=96&d=mm&r=g","contentUrl":"https:\/\/secure.gravatar.com\/avatar\/2fcdf27c78ea025fbdb44e914cc63c72249ffec9dc8aafd5c82b26240ef3f346?s=96&d=mm&r=g","caption":"Redazione"},"url":"https:\/\/www.rassegnastampa-totustuus.it\/cattolica\/author\/pietroelle\/"}]}},"_links":{"self":[{"href":"https:\/\/www.rassegnastampa-totustuus.it\/cattolica\/wp-json\/wp\/v2\/posts\/60615","targetHints":{"allow":["GET"]}}],"collection":[{"href":"https:\/\/www.rassegnastampa-totustuus.it\/cattolica\/wp-json\/wp\/v2\/posts"}],"about":[{"href":"https:\/\/www.rassegnastampa-totustuus.it\/cattolica\/wp-json\/wp\/v2\/types\/post"}],"author":[{"embeddable":true,"href":"https:\/\/www.rassegnastampa-totustuus.it\/cattolica\/wp-json\/wp\/v2\/users\/6"}],"replies":[{"embeddable":true,"href":"https:\/\/www.rassegnastampa-totustuus.it\/cattolica\/wp-json\/wp\/v2\/comments?post=60615"}],"version-history":[{"count":1,"href":"https:\/\/www.rassegnastampa-totustuus.it\/cattolica\/wp-json\/wp\/v2\/posts\/60615\/revisions"}],"predecessor-version":[{"id":60617,"href":"https:\/\/www.rassegnastampa-totustuus.it\/cattolica\/wp-json\/wp\/v2\/posts\/60615\/revisions\/60617"}],"wp:featuredmedia":[{"embeddable":true,"href":"https:\/\/www.rassegnastampa-totustuus.it\/cattolica\/wp-json\/wp\/v2\/media\/49101"}],"wp:attachment":[{"href":"https:\/\/www.rassegnastampa-totustuus.it\/cattolica\/wp-json\/wp\/v2\/media?parent=60615"}],"wp:term":[{"taxonomy":"category","embeddable":true,"href":"https:\/\/www.rassegnastampa-totustuus.it\/cattolica\/wp-json\/wp\/v2\/categories?post=60615"},{"taxonomy":"post_tag","embeddable":true,"href":"https:\/\/www.rassegnastampa-totustuus.it\/cattolica\/wp-json\/wp\/v2\/tags?post=60615"}],"curies":[{"name":"wp","href":"https:\/\/api.w.org\/{rel}","templated":true}]}}