{"id":60609,"date":"2024-05-31T09:39:40","date_gmt":"2024-05-31T07:39:40","guid":{"rendered":"https:\/\/www.rassegnastampa-totustuus.it\/cattolica\/?p=60609"},"modified":"2024-05-31T09:39:42","modified_gmt":"2024-05-31T07:39:42","slug":"bozza-automaticala-demitizzazione-dietro-la-svolta-sulle-apparizioni","status":"publish","type":"post","link":"https:\/\/www.rassegnastampa-totustuus.it\/cattolica\/bozza-automaticala-demitizzazione-dietro-la-svolta-sulle-apparizioni\/","title":{"rendered":"La demitizzazione dietro la &#8220;svolta&#8221; sulle apparizioni"},"content":{"rendered":"<p style=\"text-align: center;\"><span style=\"color: #0000ff;\"><strong><a style=\"color: #0000ff;\" href=\"https:\/\/lanuovabq.it\/it\/\" target=\"_blank\" rel=\"noopener\"><img loading=\"lazy\" decoding=\"async\" class=\" wp-image-60610 alignleft\" src=\"https:\/\/www.rassegnastampa-totustuus.it\/cattolica\/wp-content\/uploads\/2024\/05\/apparizioni-Maria.jpeg\" alt=\"\" width=\"362\" height=\"200\" \/>La Nuova Bussola quotidiana <\/a><\/strong><\/span><span style=\"color: #000000;\">30 Maggio 2024 <\/span><\/p>\n<p style=\"text-align: justify;\"><span style=\"color: #000000;\"><em>Le recenti norme che rifiutano di esprimersi sulla soprannaturalit\u00e0 non arrivano di punto in bianco. I percorsi che hanno fatto da battistrada partono dalla teologia delle demitizzazione di matrice protestante, che ha l&#8217;intento \u00e8 di razionalizzare la fede, eliminando dai racconti evangelici il miracolismo.<\/em><\/span><\/p>\n<p style=\"text-align: center;\"><span style=\"color: #000000;\">di <strong>Stefano Fontana<\/strong><\/span><\/p>\n<p><!--more--><\/p>\n<p style=\"text-align: justify;\"><span style=\"color: #000000;\">Nel recente documento che detta nuove norme sulle apparizioni mariane la Chiesa esclude di poter mai dichiarare la loro soprannaturalit\u00e0. Sulla<\/span> <span style=\"color: #0000ff;\"><em><a style=\"color: #0000ff;\" href=\"https:\/\/lanuovabq.it\/it\/le-nuove-norme-sulle-apparizioni-fanno-a-pezzi-lapologetica\" target=\"_blank\" rel=\"noopener\">Bussola<\/a><\/em><\/span> <span style=\"color: #000000;\">\u00e8 gi\u00e0 stato evidenziato come questa novit\u00e0 rompa la relazione tra ragione e fede. La fede non si ritiene pi\u00f9 in grado di aiutare la ragione a cogliere la presenza del soprannaturale e la ragione pensa di essere chiusa a questa possibilit\u00e0. La Chiesa potr\u00e0 esprimere una valutazione solo sugli effetti storicamente visibili, ma non sull\u2019evento soprannaturale in s\u00e9. Inoltre, lo far\u00e0 in modo storico, ossia con la possibilit\u00e0 di riformulare la valutazione in base alla \u201cstoria degli effetti\u201d.<\/span><\/p>\n<p style=\"text-align: justify;\"><span style=\"color: #000000;\"><strong>Questo criterio pu\u00f2 riguardare le apparizioni mariane,<\/strong> ma anche qualsiasi altra incursione del soprannaturale nella nostra storia, compresi naturalmente i miracoli. <\/span><\/p>\n<p style=\"text-align: justify;\"><span style=\"color: #000000;\"><strong><img loading=\"lazy\" decoding=\"async\" class=\"size-full wp-image-60611 alignright\" src=\"https:\/\/www.rassegnastampa-totustuus.it\/cattolica\/wp-content\/uploads\/2024\/05\/chiesa_Fernandez.jpg\" alt=\"\" width=\"400\" height=\"292\" \/>A simili svolte non si arriva di punto in bianco. <\/strong>Quali percorsi della teologia contemporanea hanno fatto da battistrada al sostanziale cambiamento di rotta sulle apparizioni?<\/span><\/p>\n<p style=\"text-align: justify;\"><span style=\"color: #000000;\"> <strong>In primo luogo la teologia della \u201ddemitizzazione\u201d<\/strong>, processo che ha avuto diverse versioni, con accenti anche molto lontani tra i vari autori, ma che ha dimostrato anche una tenuta fortemente unitaria, insieme alla sua genesi nella teologia protestante che, come si sa, ha fortemente influenzato quella cattolica. Si pu\u00f2 senz\u2019altro dire, infatti, che la svolta Fern\u00e1ndez sulla impossibilit\u00e0 di dichiarare la soprannaturalit\u00e0 sia di matrice protestante.<\/span><\/p>\n<p style=\"text-align: justify;\"><span style=\"color: #000000;\"><strong>La demitizzazione di Von Harnack, Bultmann o Van Buren<\/strong> (ripeto: nonostante la diversit\u00e0 della loro impostazione) \u00e8 una forma radicale di secolarizzazione del cristianesimo. L\u2019intento \u00e8 di razionalizzare la fede, eliminando quanto pu\u00f2 fare riferimento al mito. I racconti evangelici vanno depurati dal miracolismo della moltiplicazione di pani e pesci, della guarigione di storpi o di ciechi nati, di interventi magici dall\u2019Alto, di figure angeliche, di ascensioni e assunzioni, e di colombe che appaiono in cielo. In alcune versioni la demitizzazione avviene mediante l\u2019applicazione del metodo storico-critico che esamina la Scrittura come qualsiasi altro testo del suo tempo, senza farne una lettura \u201cnella fede\u201d.<\/span><\/p>\n<p style=\"text-align: justify;\"><span style=\"color: #000000;\"><strong>A questa tendenza Benedetto XVI aveva rimproverato di essere archeologica<\/strong> e di non esprimere pi\u00f9 alcun significato per l\u2019uomo di oggi. In altre versioni l\u2019eliminazione del religioso avviene non mediante una analisi di tipo positivista ma ricorrendo ad ermeneutiche del Vangelo a partire dalla situazione storica dell\u2019interprete, come \u00e8 avvenuto per esempio nella letture materialiste del Vangelo ispirate allo storicismo marxista o nella teologia della liberazione che demitizzava il Vangelo riconducendone il senso alle lotte di liberazione degli oppressi. In ambedue i filoni, pur nelle notevoli differenze che esistono tra positivismo e storicismo, si intende il trascendente come mito e o lo si esclude o lo si piega sull\u2019immanente.<\/span><\/p>\n<div id=\"attachment_19995\" style=\"width: 208px\" class=\"wp-caption alignleft\"><img loading=\"lazy\" decoding=\"async\" aria-describedby=\"caption-attachment-19995\" class=\"wp-image-19995 size-full\" src=\"https:\/\/www.rassegnastampa-totustuus.it\/cattolica\/wp-content\/uploads\/2009\/09\/Karl_Rahner.jpg\" alt=\"\" width=\"208\" height=\"243\" \/><p id=\"caption-attachment-19995\" class=\"wp-caption-text\">Karl Rahner<\/p><\/div>\n<p style=\"text-align: justify;\"><span style=\"color: #000000;\"><strong>La demitizzazione poi concep\u00ec l\u2019incontro con la metafisica greca come una grande mitizzazione della fede cristiana<\/strong>. I Padri della Chiesa furono i grandi imputati per questo misfatto e l\u2019intera Patristica fu vista come la grecizzazione del cristianesimo reso ora statico, speculativo e metafisico. La demitizzazione si combina cos\u00ec con la de-ellenizzazione, ossia con il rifiuto di un trascendente pensato speculativamente e non solo vissuto esistenzialmente. Il motivo principale per questi nuovi percorsi \u00e8 l\u2019assunto che i linguaggi mitico e metafisico sono incomprensibili all\u2019uomo moderno, che avrebbe, come scrive Van Buren, un linguaggio empirico.<\/span><\/p>\n<p style=\"text-align: justify;\"><span style=\"color: #000000;\"><strong>Per questo bisogna parlare di Ges\u00f9 usando le stesse parole<\/strong> che adoperiamo quando parliamo di altri uomini, allo scopo di rendere Ges\u00f9 comprensibile all\u2019uomo di oggi, bisogna parlare della storia di Ges\u00f9 come uomo. i fenomeni trascendenti devono essere ricondotti a significati umani. Un maestro in questo fu Immanuel Kant secondo il quale la religione si riduce a \u201cbuone pratiche morali\u201d e tutto il resto \u2013 dogmi, riti, miracoli, preghiere \u2013 \u00e8 da considerarsi mito, magia, feticismo e idolatria. Per Kant parlare di Cristo era parlare di un \u201cideale della perfezione morale\u201d, per Van Buren, Cristo era un \u201cuomo eccezionalmente libero\u201d, per Karl Rahner, non bisogna pi\u00f9 parlare di Dio ma dell\u2019uomo. Dio, secondo Rahner, interviene nel mondo solo attraverso le cause seconde, concepirlo diversamente significherebbe parlare di un Dio falso perch\u00e9 ridotto ad un ente sullo stesso piano di tutti gli altri.<\/span><\/p>\n<p style=\"text-align: justify;\"><span style=\"color: #000000;\"><strong>Il passaggio della teologia del metodo dogmatico a quella del metodo storico critico e a quello ermeneutico <\/strong>comporta di assumere come criterio di verit\u00e0 per la rivelazione la sua comprensibilit\u00e0 e utilit\u00e0 per l\u2019uomo di oggi. \u201cScacciare i demoni\u201d vorr\u00e0 cos\u00ec dire lottare contro le ingiustizie, \u201cparlare lingue nuove\u201d suoner\u00e0 come esprimersi in modo semplice affinch\u00e9 tutti capiscano, \u201cimporre le mani ai malati e farli guarire\u201d verr\u00e0 inteso come applicare le norme sanitarie dell\u2019OMS per le pandemie. Il metodo applicato al trascendente sar\u00e0 uguale a quello utilizzato per i fenomeni storici. Da qui la nuova impostazione circa la valutazione delle apparizioni.<\/span><\/p>\n<p>__________________________________________________<\/p>\n<p><strong><span style=\"color: #000000;\">Leggi anche:<\/span><\/strong><\/p>\n<p><a href=\"https:\/\/www.rassegnastampa-totustuus.it\/cattolica\/la-nuova-chiesa-di-karl-rahner-il-teologo-che-ha-insegnato-ad-arrendersi-al-mondo\/\" target=\"_blank\" rel=\"noopener\"><span style=\"color: #0000ff;\">La nuova Chiesa di Karl Rahner. Il teologo che ha insegnato ad arrendersi al mondo.<\/span><\/a><\/p>\n<p><a href=\"https:\/\/www.rassegnastampa-totustuus.it\/cattolica\/il-modernismo\/\" target=\"_blank\" rel=\"noopener\"><span style=\"color: #0000ff;\">Il modernismo<\/span><\/a><\/p>\n","protected":false},"excerpt":{"rendered":"<p>La Nuova Bussola quotidiana 30 Maggio 2024 Le recenti norme che rifiutano di esprimersi sulla soprannaturalit\u00e0 non arrivano di punto in bianco. I percorsi che hanno fatto da battistrada partono dalla teologia delle demitizzazione di matrice protestante, che ha l&#8217;intento \u00e8 di razionalizzare la fede, eliminando dai racconti evangelici il miracolismo. di Stefano Fontana<\/p><p><a class=\"more-link btn\" href=\"https:\/\/www.rassegnastampa-totustuus.it\/cattolica\/bozza-automaticala-demitizzazione-dietro-la-svolta-sulle-apparizioni\/\">Continua a leggere<\/a><\/p>\n","protected":false},"author":6,"featured_media":60610,"comment_status":"closed","ping_status":"closed","sticky":false,"template":"","format":"standard","meta":{"footnotes":""},"categories":[5,42],"tags":[2233,157,458,2623],"class_list":["post-60609","post","type-post","status-publish","format-standard","has-post-thumbnail","hentry","category-chiesa","category-dottrina-e-morale","tag-apparizioni-mariane","tag-chiesa-2","tag-dottrina-e-morale-2","tag-miracoli","item-wrap"],"yoast_head":"<!-- This site is optimized with the Yoast SEO plugin v27.5 - https:\/\/yoast.com\/product\/yoast-seo-wordpress\/ -->\n<title>La demitizzazione dietro la &quot;svolta&quot; sulle apparizioni - Rassegna Stampa Cattolica<\/title>\n<meta name=\"description\" content=\"La demitizzazione dietro la &quot;svolta&quot; sulle apparizioni,; un percorso che parte dalla teologia protestante per eliminare il miracolismo\" \/>\n<meta name=\"robots\" content=\"index, follow, max-snippet:-1, max-image-preview:large, max-video-preview:-1\" \/>\n<link rel=\"canonical\" href=\"https:\/\/www.rassegnastampa-totustuus.it\/cattolica\/bozza-automaticala-demitizzazione-dietro-la-svolta-sulle-apparizioni\/\" \/>\n<meta property=\"og:locale\" content=\"it_IT\" \/>\n<meta property=\"og:type\" content=\"article\" \/>\n<meta property=\"og:title\" content=\"La demitizzazione dietro la &quot;svolta&quot; sulle apparizioni - Rassegna Stampa Cattolica\" \/>\n<meta property=\"og:description\" content=\"La demitizzazione dietro la &quot;svolta&quot; sulle apparizioni,; un percorso che parte dalla teologia protestante per eliminare il miracolismo\" \/>\n<meta property=\"og:url\" content=\"https:\/\/www.rassegnastampa-totustuus.it\/cattolica\/bozza-automaticala-demitizzazione-dietro-la-svolta-sulle-apparizioni\/\" \/>\n<meta property=\"og:site_name\" content=\"Rassegna Stampa Cattolica\" \/>\n<meta property=\"article:publisher\" content=\"https:\/\/www.facebook.com\/rassegnastampacattolica\" \/>\n<meta property=\"article:published_time\" content=\"2024-05-31T07:39:40+00:00\" \/>\n<meta property=\"article:modified_time\" content=\"2024-05-31T07:39:42+00:00\" \/>\n<meta property=\"og:image\" content=\"https:\/\/www.rassegnastampa-totustuus.it\/cattolica\/wp-content\/uploads\/2024\/05\/apparizioni-Maria.jpeg\" \/>\n\t<meta property=\"og:image:width\" content=\"302\" \/>\n\t<meta property=\"og:image:height\" content=\"167\" \/>\n\t<meta property=\"og:image:type\" content=\"image\/jpeg\" \/>\n<meta name=\"author\" content=\"Redazione\" \/>\n<meta name=\"twitter:card\" content=\"summary_large_image\" \/>\n<meta name=\"twitter:creator\" content=\"@rassegnastampa9\" \/>\n<meta name=\"twitter:site\" content=\"@rassegnastampa9\" \/>\n<meta name=\"twitter:label1\" content=\"Scritto da\" \/>\n\t<meta name=\"twitter:data1\" content=\"Redazione\" \/>\n\t<meta name=\"twitter:label2\" content=\"Tempo di lettura stimato\" \/>\n\t<meta name=\"twitter:data2\" content=\"6 minuti\" \/>\n<script type=\"application\/ld+json\" class=\"yoast-schema-graph\">{\"@context\":\"https:\\\/\\\/schema.org\",\"@graph\":[{\"@type\":\"Article\",\"@id\":\"https:\\\/\\\/www.rassegnastampa-totustuus.it\\\/cattolica\\\/bozza-automaticala-demitizzazione-dietro-la-svolta-sulle-apparizioni\\\/#article\",\"isPartOf\":{\"@id\":\"https:\\\/\\\/www.rassegnastampa-totustuus.it\\\/cattolica\\\/bozza-automaticala-demitizzazione-dietro-la-svolta-sulle-apparizioni\\\/\"},\"author\":{\"name\":\"Redazione\",\"@id\":\"https:\\\/\\\/www.rassegnastampa-totustuus.it\\\/cattolica\\\/#\\\/schema\\\/person\\\/08f319d2bd1a0904ad9e2bfb7b15e5c3\"},\"headline\":\"La demitizzazione dietro la &#8220;svolta&#8221; sulle apparizioni\",\"datePublished\":\"2024-05-31T07:39:40+00:00\",\"dateModified\":\"2024-05-31T07:39:42+00:00\",\"mainEntityOfPage\":{\"@id\":\"https:\\\/\\\/www.rassegnastampa-totustuus.it\\\/cattolica\\\/bozza-automaticala-demitizzazione-dietro-la-svolta-sulle-apparizioni\\\/\"},\"wordCount\":861,\"publisher\":{\"@id\":\"https:\\\/\\\/www.rassegnastampa-totustuus.it\\\/cattolica\\\/#organization\"},\"image\":{\"@id\":\"https:\\\/\\\/www.rassegnastampa-totustuus.it\\\/cattolica\\\/bozza-automaticala-demitizzazione-dietro-la-svolta-sulle-apparizioni\\\/#primaryimage\"},\"thumbnailUrl\":\"https:\\\/\\\/www.rassegnastampa-totustuus.it\\\/cattolica\\\/wp-content\\\/uploads\\\/2024\\\/05\\\/apparizioni-Maria.jpeg\",\"keywords\":[\"apparizioni mariane\",\"chiesa\",\"dottrina e morale\",\"miracoli\"],\"articleSection\":[\"Chiesa\",\"Dottrina e morale\"],\"inLanguage\":\"it-IT\"},{\"@type\":\"WebPage\",\"@id\":\"https:\\\/\\\/www.rassegnastampa-totustuus.it\\\/cattolica\\\/bozza-automaticala-demitizzazione-dietro-la-svolta-sulle-apparizioni\\\/\",\"url\":\"https:\\\/\\\/www.rassegnastampa-totustuus.it\\\/cattolica\\\/bozza-automaticala-demitizzazione-dietro-la-svolta-sulle-apparizioni\\\/\",\"name\":\"La demitizzazione dietro la \\\"svolta\\\" sulle apparizioni - Rassegna Stampa Cattolica\",\"isPartOf\":{\"@id\":\"https:\\\/\\\/www.rassegnastampa-totustuus.it\\\/cattolica\\\/#website\"},\"primaryImageOfPage\":{\"@id\":\"https:\\\/\\\/www.rassegnastampa-totustuus.it\\\/cattolica\\\/bozza-automaticala-demitizzazione-dietro-la-svolta-sulle-apparizioni\\\/#primaryimage\"},\"image\":{\"@id\":\"https:\\\/\\\/www.rassegnastampa-totustuus.it\\\/cattolica\\\/bozza-automaticala-demitizzazione-dietro-la-svolta-sulle-apparizioni\\\/#primaryimage\"},\"thumbnailUrl\":\"https:\\\/\\\/www.rassegnastampa-totustuus.it\\\/cattolica\\\/wp-content\\\/uploads\\\/2024\\\/05\\\/apparizioni-Maria.jpeg\",\"datePublished\":\"2024-05-31T07:39:40+00:00\",\"dateModified\":\"2024-05-31T07:39:42+00:00\",\"description\":\"La demitizzazione dietro la \\\"svolta\\\" sulle apparizioni,; un percorso che parte dalla teologia protestante per eliminare il miracolismo\",\"breadcrumb\":{\"@id\":\"https:\\\/\\\/www.rassegnastampa-totustuus.it\\\/cattolica\\\/bozza-automaticala-demitizzazione-dietro-la-svolta-sulle-apparizioni\\\/#breadcrumb\"},\"inLanguage\":\"it-IT\",\"potentialAction\":[{\"@type\":\"ReadAction\",\"target\":[\"https:\\\/\\\/www.rassegnastampa-totustuus.it\\\/cattolica\\\/bozza-automaticala-demitizzazione-dietro-la-svolta-sulle-apparizioni\\\/\"]}]},{\"@type\":\"ImageObject\",\"inLanguage\":\"it-IT\",\"@id\":\"https:\\\/\\\/www.rassegnastampa-totustuus.it\\\/cattolica\\\/bozza-automaticala-demitizzazione-dietro-la-svolta-sulle-apparizioni\\\/#primaryimage\",\"url\":\"https:\\\/\\\/www.rassegnastampa-totustuus.it\\\/cattolica\\\/wp-content\\\/uploads\\\/2024\\\/05\\\/apparizioni-Maria.jpeg\",\"contentUrl\":\"https:\\\/\\\/www.rassegnastampa-totustuus.it\\\/cattolica\\\/wp-content\\\/uploads\\\/2024\\\/05\\\/apparizioni-Maria.jpeg\",\"width\":302,\"height\":167},{\"@type\":\"BreadcrumbList\",\"@id\":\"https:\\\/\\\/www.rassegnastampa-totustuus.it\\\/cattolica\\\/bozza-automaticala-demitizzazione-dietro-la-svolta-sulle-apparizioni\\\/#breadcrumb\",\"itemListElement\":[{\"@type\":\"ListItem\",\"position\":1,\"name\":\"Home\",\"item\":\"https:\\\/\\\/www.rassegnastampa-totustuus.it\\\/cattolica\\\/\"},{\"@type\":\"ListItem\",\"position\":2,\"name\":\"La demitizzazione dietro la &#8220;svolta&#8221; sulle apparizioni\"}]},{\"@type\":\"WebSite\",\"@id\":\"https:\\\/\\\/www.rassegnastampa-totustuus.it\\\/cattolica\\\/#website\",\"url\":\"https:\\\/\\\/www.rassegnastampa-totustuus.it\\\/cattolica\\\/\",\"name\":\"Rassegna Stampa Cattolica\",\"description\":\"Per una cultura che nasce dalla Rivelazione cristiana in conformit\u00e0 alla tradizione e al Magistero della Chiesa in opposizione ad ogni relativismo e totalitarismo\",\"publisher\":{\"@id\":\"https:\\\/\\\/www.rassegnastampa-totustuus.it\\\/cattolica\\\/#organization\"},\"alternateName\":\"Rass. Cattolica\",\"potentialAction\":[{\"@type\":\"SearchAction\",\"target\":{\"@type\":\"EntryPoint\",\"urlTemplate\":\"https:\\\/\\\/www.rassegnastampa-totustuus.it\\\/cattolica\\\/?s={search_term_string}\"},\"query-input\":{\"@type\":\"PropertyValueSpecification\",\"valueRequired\":true,\"valueName\":\"search_term_string\"}}],\"inLanguage\":\"it-IT\"},{\"@type\":\"Organization\",\"@id\":\"https:\\\/\\\/www.rassegnastampa-totustuus.it\\\/cattolica\\\/#organization\",\"name\":\"Rassegna Stampa Cattolica\",\"url\":\"https:\\\/\\\/www.rassegnastampa-totustuus.it\\\/cattolica\\\/\",\"logo\":{\"@type\":\"ImageObject\",\"inLanguage\":\"it-IT\",\"@id\":\"https:\\\/\\\/www.rassegnastampa-totustuus.it\\\/cattolica\\\/#\\\/schema\\\/logo\\\/image\\\/\",\"url\":\"https:\\\/\\\/www.rassegnastampa-totustuus.it\\\/cattolica\\\/wp-content\\\/uploads\\\/2014\\\/04\\\/logo-rassegna1.gif\",\"contentUrl\":\"https:\\\/\\\/www.rassegnastampa-totustuus.it\\\/cattolica\\\/wp-content\\\/uploads\\\/2014\\\/04\\\/logo-rassegna1.gif\",\"width\":600,\"height\":163,\"caption\":\"Rassegna Stampa Cattolica\"},\"image\":{\"@id\":\"https:\\\/\\\/www.rassegnastampa-totustuus.it\\\/cattolica\\\/#\\\/schema\\\/logo\\\/image\\\/\"},\"sameAs\":[\"https:\\\/\\\/www.facebook.com\\\/rassegnastampacattolica\",\"https:\\\/\\\/x.com\\\/rassegnastampa9\"]},{\"@type\":\"Person\",\"@id\":\"https:\\\/\\\/www.rassegnastampa-totustuus.it\\\/cattolica\\\/#\\\/schema\\\/person\\\/08f319d2bd1a0904ad9e2bfb7b15e5c3\",\"name\":\"Redazione\",\"image\":{\"@type\":\"ImageObject\",\"inLanguage\":\"it-IT\",\"@id\":\"https:\\\/\\\/secure.gravatar.com\\\/avatar\\\/2fcdf27c78ea025fbdb44e914cc63c72249ffec9dc8aafd5c82b26240ef3f346?s=96&d=mm&r=g\",\"url\":\"https:\\\/\\\/secure.gravatar.com\\\/avatar\\\/2fcdf27c78ea025fbdb44e914cc63c72249ffec9dc8aafd5c82b26240ef3f346?s=96&d=mm&r=g\",\"contentUrl\":\"https:\\\/\\\/secure.gravatar.com\\\/avatar\\\/2fcdf27c78ea025fbdb44e914cc63c72249ffec9dc8aafd5c82b26240ef3f346?s=96&d=mm&r=g\",\"caption\":\"Redazione\"},\"url\":\"https:\\\/\\\/www.rassegnastampa-totustuus.it\\\/cattolica\\\/author\\\/pietroelle\\\/\"}]}<\/script>\n<!-- \/ Yoast SEO plugin. -->","yoast_head_json":{"title":"La demitizzazione dietro la \"svolta\" sulle apparizioni - Rassegna Stampa Cattolica","description":"La demitizzazione dietro la \"svolta\" sulle apparizioni,; un percorso che parte dalla teologia protestante per eliminare il miracolismo","robots":{"index":"index","follow":"follow","max-snippet":"max-snippet:-1","max-image-preview":"max-image-preview:large","max-video-preview":"max-video-preview:-1"},"canonical":"https:\/\/www.rassegnastampa-totustuus.it\/cattolica\/bozza-automaticala-demitizzazione-dietro-la-svolta-sulle-apparizioni\/","og_locale":"it_IT","og_type":"article","og_title":"La demitizzazione dietro la \"svolta\" sulle apparizioni - Rassegna Stampa Cattolica","og_description":"La demitizzazione dietro la \"svolta\" sulle apparizioni,; un percorso che parte dalla teologia protestante per eliminare il miracolismo","og_url":"https:\/\/www.rassegnastampa-totustuus.it\/cattolica\/bozza-automaticala-demitizzazione-dietro-la-svolta-sulle-apparizioni\/","og_site_name":"Rassegna Stampa Cattolica","article_publisher":"https:\/\/www.facebook.com\/rassegnastampacattolica","article_published_time":"2024-05-31T07:39:40+00:00","article_modified_time":"2024-05-31T07:39:42+00:00","og_image":[{"width":302,"height":167,"url":"https:\/\/www.rassegnastampa-totustuus.it\/cattolica\/wp-content\/uploads\/2024\/05\/apparizioni-Maria.jpeg","type":"image\/jpeg"}],"author":"Redazione","twitter_card":"summary_large_image","twitter_creator":"@rassegnastampa9","twitter_site":"@rassegnastampa9","twitter_misc":{"Scritto da":"Redazione","Tempo di lettura stimato":"6 minuti"},"schema":{"@context":"https:\/\/schema.org","@graph":[{"@type":"Article","@id":"https:\/\/www.rassegnastampa-totustuus.it\/cattolica\/bozza-automaticala-demitizzazione-dietro-la-svolta-sulle-apparizioni\/#article","isPartOf":{"@id":"https:\/\/www.rassegnastampa-totustuus.it\/cattolica\/bozza-automaticala-demitizzazione-dietro-la-svolta-sulle-apparizioni\/"},"author":{"name":"Redazione","@id":"https:\/\/www.rassegnastampa-totustuus.it\/cattolica\/#\/schema\/person\/08f319d2bd1a0904ad9e2bfb7b15e5c3"},"headline":"La demitizzazione dietro la &#8220;svolta&#8221; sulle apparizioni","datePublished":"2024-05-31T07:39:40+00:00","dateModified":"2024-05-31T07:39:42+00:00","mainEntityOfPage":{"@id":"https:\/\/www.rassegnastampa-totustuus.it\/cattolica\/bozza-automaticala-demitizzazione-dietro-la-svolta-sulle-apparizioni\/"},"wordCount":861,"publisher":{"@id":"https:\/\/www.rassegnastampa-totustuus.it\/cattolica\/#organization"},"image":{"@id":"https:\/\/www.rassegnastampa-totustuus.it\/cattolica\/bozza-automaticala-demitizzazione-dietro-la-svolta-sulle-apparizioni\/#primaryimage"},"thumbnailUrl":"https:\/\/www.rassegnastampa-totustuus.it\/cattolica\/wp-content\/uploads\/2024\/05\/apparizioni-Maria.jpeg","keywords":["apparizioni mariane","chiesa","dottrina e morale","miracoli"],"articleSection":["Chiesa","Dottrina e morale"],"inLanguage":"it-IT"},{"@type":"WebPage","@id":"https:\/\/www.rassegnastampa-totustuus.it\/cattolica\/bozza-automaticala-demitizzazione-dietro-la-svolta-sulle-apparizioni\/","url":"https:\/\/www.rassegnastampa-totustuus.it\/cattolica\/bozza-automaticala-demitizzazione-dietro-la-svolta-sulle-apparizioni\/","name":"La demitizzazione dietro la \"svolta\" sulle apparizioni - Rassegna Stampa Cattolica","isPartOf":{"@id":"https:\/\/www.rassegnastampa-totustuus.it\/cattolica\/#website"},"primaryImageOfPage":{"@id":"https:\/\/www.rassegnastampa-totustuus.it\/cattolica\/bozza-automaticala-demitizzazione-dietro-la-svolta-sulle-apparizioni\/#primaryimage"},"image":{"@id":"https:\/\/www.rassegnastampa-totustuus.it\/cattolica\/bozza-automaticala-demitizzazione-dietro-la-svolta-sulle-apparizioni\/#primaryimage"},"thumbnailUrl":"https:\/\/www.rassegnastampa-totustuus.it\/cattolica\/wp-content\/uploads\/2024\/05\/apparizioni-Maria.jpeg","datePublished":"2024-05-31T07:39:40+00:00","dateModified":"2024-05-31T07:39:42+00:00","description":"La demitizzazione dietro la \"svolta\" sulle apparizioni,; un percorso che parte dalla teologia protestante per eliminare il miracolismo","breadcrumb":{"@id":"https:\/\/www.rassegnastampa-totustuus.it\/cattolica\/bozza-automaticala-demitizzazione-dietro-la-svolta-sulle-apparizioni\/#breadcrumb"},"inLanguage":"it-IT","potentialAction":[{"@type":"ReadAction","target":["https:\/\/www.rassegnastampa-totustuus.it\/cattolica\/bozza-automaticala-demitizzazione-dietro-la-svolta-sulle-apparizioni\/"]}]},{"@type":"ImageObject","inLanguage":"it-IT","@id":"https:\/\/www.rassegnastampa-totustuus.it\/cattolica\/bozza-automaticala-demitizzazione-dietro-la-svolta-sulle-apparizioni\/#primaryimage","url":"https:\/\/www.rassegnastampa-totustuus.it\/cattolica\/wp-content\/uploads\/2024\/05\/apparizioni-Maria.jpeg","contentUrl":"https:\/\/www.rassegnastampa-totustuus.it\/cattolica\/wp-content\/uploads\/2024\/05\/apparizioni-Maria.jpeg","width":302,"height":167},{"@type":"BreadcrumbList","@id":"https:\/\/www.rassegnastampa-totustuus.it\/cattolica\/bozza-automaticala-demitizzazione-dietro-la-svolta-sulle-apparizioni\/#breadcrumb","itemListElement":[{"@type":"ListItem","position":1,"name":"Home","item":"https:\/\/www.rassegnastampa-totustuus.it\/cattolica\/"},{"@type":"ListItem","position":2,"name":"La demitizzazione dietro la &#8220;svolta&#8221; sulle apparizioni"}]},{"@type":"WebSite","@id":"https:\/\/www.rassegnastampa-totustuus.it\/cattolica\/#website","url":"https:\/\/www.rassegnastampa-totustuus.it\/cattolica\/","name":"Rassegna Stampa Cattolica","description":"Per una cultura che nasce dalla Rivelazione cristiana in conformit\u00e0 alla tradizione e al Magistero della Chiesa in opposizione ad ogni relativismo e totalitarismo","publisher":{"@id":"https:\/\/www.rassegnastampa-totustuus.it\/cattolica\/#organization"},"alternateName":"Rass. Cattolica","potentialAction":[{"@type":"SearchAction","target":{"@type":"EntryPoint","urlTemplate":"https:\/\/www.rassegnastampa-totustuus.it\/cattolica\/?s={search_term_string}"},"query-input":{"@type":"PropertyValueSpecification","valueRequired":true,"valueName":"search_term_string"}}],"inLanguage":"it-IT"},{"@type":"Organization","@id":"https:\/\/www.rassegnastampa-totustuus.it\/cattolica\/#organization","name":"Rassegna Stampa Cattolica","url":"https:\/\/www.rassegnastampa-totustuus.it\/cattolica\/","logo":{"@type":"ImageObject","inLanguage":"it-IT","@id":"https:\/\/www.rassegnastampa-totustuus.it\/cattolica\/#\/schema\/logo\/image\/","url":"https:\/\/www.rassegnastampa-totustuus.it\/cattolica\/wp-content\/uploads\/2014\/04\/logo-rassegna1.gif","contentUrl":"https:\/\/www.rassegnastampa-totustuus.it\/cattolica\/wp-content\/uploads\/2014\/04\/logo-rassegna1.gif","width":600,"height":163,"caption":"Rassegna Stampa Cattolica"},"image":{"@id":"https:\/\/www.rassegnastampa-totustuus.it\/cattolica\/#\/schema\/logo\/image\/"},"sameAs":["https:\/\/www.facebook.com\/rassegnastampacattolica","https:\/\/x.com\/rassegnastampa9"]},{"@type":"Person","@id":"https:\/\/www.rassegnastampa-totustuus.it\/cattolica\/#\/schema\/person\/08f319d2bd1a0904ad9e2bfb7b15e5c3","name":"Redazione","image":{"@type":"ImageObject","inLanguage":"it-IT","@id":"https:\/\/secure.gravatar.com\/avatar\/2fcdf27c78ea025fbdb44e914cc63c72249ffec9dc8aafd5c82b26240ef3f346?s=96&d=mm&r=g","url":"https:\/\/secure.gravatar.com\/avatar\/2fcdf27c78ea025fbdb44e914cc63c72249ffec9dc8aafd5c82b26240ef3f346?s=96&d=mm&r=g","contentUrl":"https:\/\/secure.gravatar.com\/avatar\/2fcdf27c78ea025fbdb44e914cc63c72249ffec9dc8aafd5c82b26240ef3f346?s=96&d=mm&r=g","caption":"Redazione"},"url":"https:\/\/www.rassegnastampa-totustuus.it\/cattolica\/author\/pietroelle\/"}]}},"_links":{"self":[{"href":"https:\/\/www.rassegnastampa-totustuus.it\/cattolica\/wp-json\/wp\/v2\/posts\/60609","targetHints":{"allow":["GET"]}}],"collection":[{"href":"https:\/\/www.rassegnastampa-totustuus.it\/cattolica\/wp-json\/wp\/v2\/posts"}],"about":[{"href":"https:\/\/www.rassegnastampa-totustuus.it\/cattolica\/wp-json\/wp\/v2\/types\/post"}],"author":[{"embeddable":true,"href":"https:\/\/www.rassegnastampa-totustuus.it\/cattolica\/wp-json\/wp\/v2\/users\/6"}],"replies":[{"embeddable":true,"href":"https:\/\/www.rassegnastampa-totustuus.it\/cattolica\/wp-json\/wp\/v2\/comments?post=60609"}],"version-history":[{"count":1,"href":"https:\/\/www.rassegnastampa-totustuus.it\/cattolica\/wp-json\/wp\/v2\/posts\/60609\/revisions"}],"predecessor-version":[{"id":60612,"href":"https:\/\/www.rassegnastampa-totustuus.it\/cattolica\/wp-json\/wp\/v2\/posts\/60609\/revisions\/60612"}],"wp:featuredmedia":[{"embeddable":true,"href":"https:\/\/www.rassegnastampa-totustuus.it\/cattolica\/wp-json\/wp\/v2\/media\/60610"}],"wp:attachment":[{"href":"https:\/\/www.rassegnastampa-totustuus.it\/cattolica\/wp-json\/wp\/v2\/media?parent=60609"}],"wp:term":[{"taxonomy":"category","embeddable":true,"href":"https:\/\/www.rassegnastampa-totustuus.it\/cattolica\/wp-json\/wp\/v2\/categories?post=60609"},{"taxonomy":"post_tag","embeddable":true,"href":"https:\/\/www.rassegnastampa-totustuus.it\/cattolica\/wp-json\/wp\/v2\/tags?post=60609"}],"curies":[{"name":"wp","href":"https:\/\/api.w.org\/{rel}","templated":true}]}}