{"id":60587,"date":"2024-05-29T12:23:57","date_gmt":"2024-05-29T10:23:57","guid":{"rendered":"https:\/\/www.rassegnastampa-totustuus.it\/cattolica\/?p=60587"},"modified":"2024-05-29T12:29:15","modified_gmt":"2024-05-29T10:29:15","slug":"labiura-della-giornalista-lesbica-e-progressista","status":"publish","type":"post","link":"https:\/\/www.rassegnastampa-totustuus.it\/cattolica\/labiura-della-giornalista-lesbica-e-progressista\/","title":{"rendered":"L&#8217;abiura della giornalista lesbica e progressista"},"content":{"rendered":"<p style=\"text-align: justify;\"><span style=\"color: #000000;\"><strong><img loading=\"lazy\" decoding=\"async\" class=\" wp-image-60588 alignleft\" src=\"https:\/\/www.rassegnastampa-totustuus.it\/cattolica\/wp-content\/uploads\/2024\/05\/Lenin_Seattle_Usa_sinistra.jpg\" alt=\"\" width=\"319\" height=\"212\" \/>Abstract:\u00a0 <\/strong><em>l&#8217;abiura della giornalista lesbica e progressista Nellie Bowles, che era tutta dalla \u201cparte giusta della storia\u201d: lesbica, elettrice di Hillary Clinton, gestiva l\u2019\u201calleanza gay-etero\u201d al liceo, leggeva The Nation e poi il suo sogno che si avvera, assunta dal New York Times, il conclave degli eufemismi ufficiali. Ora in Morning After the Revolution, Bowles si tuffa nel suo risveglio personale e professionale denunciando come gli ex compagni vogliono rifare l&#8217;Occidente a propria immagine e somiglianza, solo che sar\u00e0 un terribile gulag di falsit\u00e0 e idiozie.<\/em><\/span><\/p>\n<p><!--more--><\/p>\n<p style=\"text-align: center;\"><span style=\"color: #000000;\"><strong>Newsletter<\/strong> di Giulio Meotti 27 Maggio 2024 <\/span><\/p>\n<h3 style=\"text-align: center;\"><span style=\"color: #000000;\"><strong>\u201cHo rotto con la sinistra quando mi hanno detto che i maschi sono femmine, <\/strong><\/span><\/h3>\n<h3 style=\"text-align: center;\"><span style=\"color: #000000;\"><strong>l\u2019uomo bianco \u00e8 cattivo e Hamas \u00e8 buono<\/strong> <\/span><\/h3>\n<p style=\"text-align: justify;\"><span style=\"color: #000000;\"><em>\u00c8 il libro dell&#8217;anno. L&#8217;abiura della giornalista del pi\u00f9 famoso quotidiano progressista, che rivela come gli ex compagni vogliono rifare l&#8217;Occidente a propria immagine e somiglianza (orrende)<\/em><\/span><\/p>\n<p style=\"text-align: center;\"><span style=\"color: #000000;\">di <strong>Giulio Meotti<\/strong><\/span><\/p>\n<p style=\"text-align: justify;\"><span style=\"color: #000000;\">Ricordate i giorni inebrianti del 2020?<\/span><\/p>\n<p style=\"text-align: justify;\"><span style=\"color: #000000;\"><img loading=\"lazy\" decoding=\"async\" class=\"size-full wp-image-60589 alignright\" src=\"https:\/\/www.rassegnastampa-totustuus.it\/cattolica\/wp-content\/uploads\/2024\/05\/NellY_Bowles_cover.jpg\" alt=\"\" width=\"183\" height=\"276\" \/>I progressisti formati nelle universit\u00e0 pi\u00f9 ricche del paese ebbero improvvisamente la possibilit\u00e0 di rifare l\u2019America a loro immagine, come avevano sempre sognato di fare. La nuova bibbia era breve e banale, ma accattivante: \u201cle vite dei neri contano\u201d, \u201cle donne trans sono donne\u201d, \u201cabolizione della polizia adesso\u201d. E poi \u201cd\u00ec i tuoi pronomi\u201d, come una volta dicevi le tue preghiere.<\/span><\/p>\n<p style=\"text-align: justify;\"><span style=\"color: #000000;\">Il risultato \u00e8 stato un fallimento cos\u00ec evidente e schiacciante che non si dovrebbe pi\u00f9 parlarne. Basta vederli oggi battere i piedi e le mani per Hamas. \u00c8 difficile trascurare la bancarotta morale del progressismo. A meno che, ovviamente, tu non scriva per il <em>New York Times<\/em> o <em>La Repubblica<\/em>, nel qual caso la strategia \u00e8 fingere che l\u2019estremismo di sinistra degli ultimi anni o non sia esistito o non abbia importanza.<\/span><\/p>\n<p style=\"text-align: justify;\"><span style=\"color: #000000;\">Ora una ex giornalista del <em>New York Times<\/em> scrive la verit\u00e0, tutta la verit\u00e0.<\/span><\/p>\n<p style=\"text-align: justify;\"><span style=\"color: #000000;\"><em>Morning After the Revolution: Dispatches from the Wrong Side of History<\/em> di Nellie Bowles \u00e8 un grande tour attraverso la follia che continua ancora oggi a imperversare, nonostante la maggior parte degli occidentali scuota la testa, perplessa.<\/span><\/p>\n<p style=\"text-align: justify;\"><span style=\"color: #000000;\">Se avessimo un\u2019editoria seria, il libro sarebbe gi\u00e0 in traduzione. Del libro stanno parlando tutti i giornali americani<\/span> <span style=\"color: #000000;\">e inglesi. Ovviamente nessuno sulla stampa italiana.<\/span><\/p>\n<p style=\"text-align: justify;\"><span style=\"color: #000000;\">Nellie Bowles era tutta dalla \u201cparte giusta della storia\u201d: lesbica, elettrice di Hillary Clinton, gestiva l\u2019\u201calleanza gay-etero\u201d al liceo, leggeva <em>The Nation<\/em> e poi il suo sogno che si avvera, assunta dal <em>New York Times<\/em>, il conclave degli eufemismi ufficiali. Ora in <em>Morning After the Revolution<\/em>, Bowles si tuffa nel suo risveglio personale e professionale.<\/span><\/p>\n<p style=\"text-align: justify;\"><span style=\"color: #000000;\"><img loading=\"lazy\" decoding=\"async\" class=\" wp-image-60590 alignleft\" src=\"https:\/\/www.rassegnastampa-totustuus.it\/cattolica\/wp-content\/uploads\/2024\/05\/Nelly_Bowlws.jpg\" alt=\"\" width=\"463\" height=\"261\" \/>Tutto \u00e8 nato nel maggio 2021, quando Bowles ha partecipato a un corso di quattro giorni per donne bianche che cercano di espiare il loro peccato originale: avere poca melanina. Le donne piangevano. Una con un bambino \u201cbirazziale\u201d era preoccupata che \u201cla bianchezza potesse danneggiare suo figlio\u201d.<\/span><\/p>\n<p style=\"text-align: justify;\"><span style=\"color: #000000;\">Michael Jackson voleva diventare bianco. I progressisti vogliono diventare ne<\/span>ri.<\/p>\n<p style=\"text-align: justify;\"><span style=\"color: #000000;\">Al <em>Times<\/em>, Bowles venne perseguitata da un \u201credattore anti-disinformazione\u201d, che era l\u00ec per ricordare agli scrittori che l\u2019ipotesi della fuga di notizie dal laboratorio di Wuhan era una \u201cteoria del complotto\u201d e che comunque i conservatori erano persone molto cattive. <\/span><\/p>\n<p style=\"text-align: justify;\"><span style=\"color: #000000;\">Il vero pericolo era Trump, le venne detto, e qualsiasi cosa discutibile fatta dalla sinistra doveva essere passata sotto silenzio, per timore che il nemico ottenesse qualche aiuto. Quando Bowles ha detto che voleva andare a Seattle per dare un\u2019occhiata al nuovo collettivo anarchico che aveva abolito la polizia, le venne chiesto: \u201cPerch\u00e9 ti importa? No, sul serio, perch\u00e9 ti importa?\u201d.<\/span><\/p>\n<p style=\"text-align: justify;\"><span style=\"color: #000000;\">A Seattle c\u2019\u00e8 anche una<\/span> <a href=\"https:\/\/www.seattletimes.com\/opinion\/dear-fremont-we-need-to-talk-about-lenin-and-your-statue-of-the-genocidal-tyrant\/?utm_source=substack&amp;utm_medium=email\" target=\"_blank\" rel=\"noopener\"><span style=\"color: #0000ff;\">statua di Lenin<\/span><\/a> <span style=\"color: #000000;\">(nella foto in alto). Le hanno tolte in Unione Sovietica, le erigiamo in Occidente<\/span>.<\/p>\n<p style=\"text-align: justify;\"><span style=\"color: #000000;\">\u201cL\u2019intellighenzia liberal divenne selvaggia, selvaggia di rabbia e ottimismo e di nuove idee provenienti dal mondo accademico che iniziarono a rimodellare ogni parte della societ\u00e0\u201d, scrive Bowles. \u201cL\u2019ideologia che \u00e8 arrivata urlando avrebbe continuato a rimodellare la societ\u00e0 in alcuni modi interessanti, in altri spaventosi, ma soprattutto in modi che sono \u2013 odio dirlo \u2013 divertenti\u201d.<\/span><\/p>\n<p style=\"text-align: justify;\"><span style=\"color: #000000;\"><img loading=\"lazy\" decoding=\"async\" class=\" wp-image-60041 alignright\" src=\"https:\/\/www.rassegnastampa-totustuus.it\/cattolica\/wp-content\/uploads\/2024\/04\/woke.jpeg\" alt=\"\" width=\"374\" height=\"249\" \/>Bowles racconta come \u201ci colleghi giornalisti delle principali testate giornalistiche mi hanno detto che le strade e gli uccelli sono razzisti. Votare \u00e8 razzista. L\u2019esercizio fisico \u00e8 razzista. Preoccuparsi della plastica nell\u2019acqua \u00e8 transfobico\u201d.<\/span><\/p>\n<p style=\"text-align: justify;\"><span style=\"color: #000000;\">Bowles descrive il discorso di Michaela Kennedy-Cuomo, la figlia di Andrew Cuomo, il governatore di New York, quando si \u00e8 dichiarata \u201cdemisessuale\u201d, nel senso che vuole fare sesso \u201csolo con persone a cui \u00e8 emotivamente legata\u201d, uomini o donne che siano. Bowles cita poi un professore che sostiene che \u201clo stupro non esisteva tra le nazioni native\u201d prima dell\u2019arrivo dei bianchi.<\/span><\/p>\n<p style=\"text-align: justify;\"><span style=\"color: #000000;\">Bowles critica l\u2019abitudine di rietichettare le donne come \u201cnon uomini\u201d. \u00c8 contraria a dire che il sesso viene \u201cassegnato alla nascita\u201d, come se fosse il prodotto di vaghe congetture.<\/span><\/p>\n<p style=\"text-align: justify;\"><span style=\"color: #000000;\">Il movimento stava attraversando un fenomeno di radicalizzazione interna man mano che il fuoco si estendeva a nuovi oggetti. \u201cLa transizione da Black Lives Matter a Trans Lives Matter \u00e8 stata fluida e senza intoppi. Non \u00e8 stata prestata quasi alcuna attenzione. Mentre il BLM perdeva slancio e #AbolishthePolice perdeva il suo prestigio in mezzo al crescente numero di omicidi, non c\u2019\u00e8 stata pausa. Il movimento ha semplicemente fatto perno: la conversazione pubblica \u00e8 passata dal razzismo alla transfobia\u201d.<\/span><\/p>\n<p style=\"text-align: justify;\"><span style=\"color: #000000;\">Ma questo \u201cimpilamento progressivo\u201d d\u00e0 origine a goffe controversie: un gay latinoamericano (scusate, dobbiamo dire Latinx!) pu\u00f2 essere autorizzato a parlare davanti a una donna trans bianca?<\/span><\/p>\n<p style=\"text-align: justify;\"><span style=\"color: #000000;\">Bowles racconta di colleghe al <em>New York Times<\/em> come Nikole Hannah-Jones, che ha<\/span> <span style=\"color: #0000ff;\"><a style=\"color: #0000ff;\" href=\"https:\/\/nypost.com\/2021\/07\/19\/nikole-hannah-jones-said-cuba-most-equal-western-country\/?utm_source=substack&amp;utm_medium=email\" target=\"_blank\" rel=\"noopener\">affermato<\/a><\/span> <span style=\"color: #000000;\">che Cuba \u00e8 il paese &#8220;pi\u00f9 equo&#8221; dell&#8217;emisfero. \u201cIl paese pi\u00f9 equo e multirazziale del nostro emisfero \u00e8 Cuba&#8221;, ha detto Hannah-Jones. \u201cCuba ha la minima disuguaglianza tra bianchi e neri di qualsiasi altro posto e questo \u00e8 in gran parte dovuto al socialismo\u201d. Poi di come il <em>New York Times<\/em> ha istituzionalizzato <em>1984<\/em> di Orwell,<\/span> <a href=\"https:\/\/www.nytimes.com\/2020\/07\/05\/insider\/capitalized-black.html?utm_source=substack&amp;utm_medium=email\" target=\"_blank\" rel=\"noopener\"><span style=\"color: #0000ff;\">stabilendo<\/span><\/a><span style=\"color: #000000;\"> che la parola \u201cblack\u201d vuole la maiuscola, mentre per i bianchi rimarr\u00e0 il minuscolo. E di come il giornale si domandi se non dobbiamo<\/span> \u201c<span style=\"color: #0000ff;\"><a style=\"color: #0000ff;\" href=\"https:\/\/www.nytimes.com\/2020\/07\/21\/opinion\/should-we-cancel-aristotle.html?utm_source=substack&amp;utm_medium=email\" target=\"_blank\" rel=\"noopener\">cancellare Aristotele<\/a>\u201d<\/span>,<span style=\"color: #000000;\"> visto che era a favore della schiavit\u00f9.<\/span><\/p>\n<p style=\"text-align: justify;\"><span style=\"color: #000000;\"><img loading=\"lazy\" decoding=\"async\" class=\" wp-image-55017 alignleft\" src=\"https:\/\/www.rassegnastampa-totustuus.it\/cattolica\/wp-content\/uploads\/2022\/11\/woke_razzismo_Usa-227x300.jpg\" alt=\"\" width=\"248\" height=\"328\" srcset=\"https:\/\/www.rassegnastampa-totustuus.it\/cattolica\/wp-content\/uploads\/2022\/11\/woke_razzismo_Usa-227x300.jpg 227w, https:\/\/www.rassegnastampa-totustuus.it\/cattolica\/wp-content\/uploads\/2022\/11\/woke_razzismo_Usa.jpg 700w\" sizes=\"auto, (max-width: 248px) 100vw, 248px\" \/>Bowles scrive che il movimento antirazzista \u00e8 diventato \u201cuna cosa interiorizzata che potresti fare nel tuo salotto\u201d. Mancano di ogni senso del ridicolo. \u201cTutto va preso sul serio. Greta Thunberg deve essere presa sul serio\u2026 E la rivoluzione degli ultimi quattro anni non ama nemmeno l\u2019osservazione. Non vuole nemmeno essere visto. <\/span><\/p>\n<p style=\"text-align: justify;\"><span style=\"color: #000000;\">Cos\u00ec i manifestanti dei campus quest\u2019anno indossano maschere\u201d. All\u2019inizio, Bowles ne era sedotta. \u201cSono arrivati con una politica costruita sull\u2019idea che le persone sono profondamente buone, snaturate solo dal capitalismo, dal colonialismo, dalla bianchezza e dall\u2019eteronormativit\u00e0. Era una filosofia inebriante e bellissima\u201d.<\/span><\/p>\n<p style=\"text-align: justify;\"><span style=\"color: #000000;\">Il problema \u00e8 la realt\u00e0, che regolarmente non \u00e8 all\u2019altezza della fede dei Nuovi Progressisti. Come l\u2019incidente della Wi Spa a Los Angeles. Quando le donne si lamentarono di un uomo nudo in un\u2019area riservata alle donne, i media liberal liquidarono il fatto come \u201cisteria transfobica\u201d: il <em>Guardian<\/em> l\u2019ha definita \u201cdisinformazione\u201d. Attivisti trans hanno protestato <\/span><\/p>\n<p style=\"text-align: justify;\"><span style=\"color: #000000;\">fuori dalla spa. Ma il pene era reale e apparteneva al condannato per reati sessuali Darren Merager.Bowles ha rotto con la sua trib\u00f9 quando ha iniziato a fare domande. \u201cSono rimasta scioccata dai test di purezza. Scioccata da quanto dottrinaria tutti si aspettassero che fossi. Le persone che pensavo fossero mie amiche, persone apparentemente normali, improvvisamente pubblicavano cose molto crudeli su di me online. E quello era stato tutto il mio mondo \u2013 non ne avevo un altro\u201d.<\/span><\/p>\n<p style=\"text-align: justify;\"><span style=\"color: #000000;\">Fare domande \u00e8 vietato ai tempi della follia. O sei per il buffet ideologico \u2013 ogni singolo piatto \u2013 oppure sei contrario e devi mangiare nel pessimo ristorante dove si ritrova tutta la gente cattiva, un posto altrimenti noto come \u201cil lato sbagliato della storia\u201d.<\/span><\/p>\n<p style=\"text-align: justify;\"><span style=\"color: #000000;\">Su una cosa per\u00f2 Bowles vuole essere chiara: \u201cLa rivoluzione ha vinto. Perch\u00e9 ci\u00f2 che hanno fatto \u00e8 stato intessuto nelle principali istituzioni\u201d<\/span><\/p>\n<p style=\"text-align: justify;\"><span style=\"color: #000000;\">Ma col tempo, i progressisti sarebbero passati dal diritto di uccidersi in pubblico al diritto di uccidere altre persone, a patto che fossero le persone sbagliate, cio\u00e8 gli oppressori bianchi e gli ebrei: l&#8217;ultima fermata del treno pazzo progressista \u00e8 il sostegno entusiasta ai tagliagole. <em>Morning After the Revolution<\/em> si conclude con una delle manifestazioni filo-islamiche che ora sembrano essere il fulcro del nuovo movimento progressista americano: \u201cQuando stavo finendo questi capitoli, nuove forze stavano emergendo, sferragliando. E i soldati di Hamas divennero gli eroi della sinistra. Non potevo non vedere l\u2019assurdit\u00e0\u201d.<\/span><\/p>\n<p style=\"text-align: justify;\"><span style=\"color: #000000;\">Ma se questa \u00e8 la mattina dopo la rivoluzione, forse \u00e8 il momento di chiedersi cosa accadr\u00e0 dopo, quando sar\u00e0 passata la sbornia. Il risveglio occidentale potrebbe essere durissimo. Perch\u00e9 secondo Bowles, la nuova rivoluzione \u00e8 finita perch\u00e9 ha gi\u00e0 vinto.<\/span><\/p>\n<p style=\"text-align: justify;\"><span style=\"color: #000000;\"><em>Vae victis!<\/em><\/span><\/p>\n<p style=\"text-align: center;\"><span style=\"color: #0000ff;\"><a style=\"color: #0000ff;\" href=\"https:\/\/substack.com\/redirect\/4d3d7617-5de2-4f69-8fbb-b6f6e8fcc306?j=eyJ1IjoiZXpzemQifQ.wj8YGTSnPK-VLrl_O9rjBPh9X9Xl8L61WeYx78n7VSY\" target=\"_blank\" rel=\"noopener\"><strong>iscriviti alla newsletter<\/strong><\/a><\/span><\/p>\n<p>___________________________________________________<\/p>\n<p><strong>Leggi anche:<\/strong><\/p>\n<p><a href=\"https:\/\/www.rassegnastampa-totustuus.it\/cattolica\/lideologia-woke-distrugge-loccidente\/\" target=\"_blank\" rel=\"noopener\"><span style=\"color: #0000ff;\">L\u2019ideologia Woke incarna la guerra che l\u2019Occidente dichiara a s\u00e9 stesso<\/span><\/a><\/p>\n<p><a href=\"https:\/\/www.rassegnastampa-totustuus.it\/cattolica\/la-rivoluzione-woke-uccide-loccidente\/\" target=\"_blank\" rel=\"noopener\"><span style=\"color: #0000ff;\">Il fanatismo occidentale uccide l\u2019occidente<\/span><\/a><\/p>\n","protected":false},"excerpt":{"rendered":"<p>Abstract:\u00a0 l&#8217;abiura della giornalista lesbica e progressista Nellie Bowles, che era tutta dalla \u201cparte giusta della storia\u201d: lesbica, elettrice di Hillary Clinton, gestiva l\u2019\u201calleanza gay-etero\u201d al liceo, leggeva The Nation e poi il suo sogno che si avvera, assunta dal New York Times, il conclave degli eufemismi ufficiali. Ora in Morning After the Revolution, Bowles &hellip; <\/p>\n<p><a class=\"more-link btn\" href=\"https:\/\/www.rassegnastampa-totustuus.it\/cattolica\/labiura-della-giornalista-lesbica-e-progressista\/\">Continua a leggere<\/a><\/p>\n","protected":false},"author":6,"featured_media":60588,"comment_status":"closed","ping_status":"closed","sticky":false,"template":"","format":"standard","meta":{"footnotes":""},"categories":[25,2943,76],"tags":[2826,2885,558,1231,2401,2874],"class_list":["post-60587","post","type-post","status-publish","format-standard","has-post-thumbnail","hentry","category-sguardo-sul-nostro-tempo","category-sinistre","category-stati-uniti","tag-black-lives-matter","tag-liberal","tag-sguardo-sul-nostro-tempo-2","tag-sinistre","tag-stati-uniti","tag-woke-revolution","item-wrap"],"yoast_head":"<!-- This site is optimized with the Yoast SEO plugin v27.5 - https:\/\/yoast.com\/product\/yoast-seo-wordpress\/ -->\n<title>L&#039;abiura della giornalista lesbica e progressista - Rassegna Stampa Cattolica<\/title>\n<meta name=\"description\" content=\"L&#039;abiura della giornalista lesbica e progressista che ha abbandonato la sinistra rivelando le sue ragioni in un libro\" \/>\n<meta name=\"robots\" content=\"index, follow, max-snippet:-1, max-image-preview:large, max-video-preview:-1\" \/>\n<link rel=\"canonical\" href=\"https:\/\/www.rassegnastampa-totustuus.it\/cattolica\/labiura-della-giornalista-lesbica-e-progressista\/\" \/>\n<meta property=\"og:locale\" content=\"it_IT\" \/>\n<meta property=\"og:type\" content=\"article\" \/>\n<meta property=\"og:title\" content=\"L&#039;abiura della giornalista lesbica e progressista - Rassegna Stampa Cattolica\" \/>\n<meta property=\"og:description\" content=\"L&#039;abiura della giornalista lesbica e progressista che ha abbandonato la sinistra rivelando le sue ragioni in un libro\" \/>\n<meta property=\"og:url\" content=\"https:\/\/www.rassegnastampa-totustuus.it\/cattolica\/labiura-della-giornalista-lesbica-e-progressista\/\" \/>\n<meta property=\"og:site_name\" content=\"Rassegna Stampa Cattolica\" \/>\n<meta property=\"article:publisher\" content=\"https:\/\/www.facebook.com\/rassegnastampacattolica\" \/>\n<meta property=\"article:published_time\" content=\"2024-05-29T10:23:57+00:00\" \/>\n<meta property=\"article:modified_time\" content=\"2024-05-29T10:29:15+00:00\" \/>\n<meta property=\"og:image\" content=\"https:\/\/www.rassegnastampa-totustuus.it\/cattolica\/wp-content\/uploads\/2024\/05\/Lenin_Seattle_Usa_sinistra.jpg\" \/>\n\t<meta property=\"og:image:width\" content=\"275\" \/>\n\t<meta property=\"og:image:height\" content=\"183\" \/>\n\t<meta property=\"og:image:type\" content=\"image\/jpeg\" \/>\n<meta name=\"author\" content=\"Redazione\" \/>\n<meta name=\"twitter:card\" content=\"summary_large_image\" \/>\n<meta name=\"twitter:creator\" content=\"@rassegnastampa9\" \/>\n<meta name=\"twitter:site\" content=\"@rassegnastampa9\" \/>\n<meta name=\"twitter:label1\" content=\"Scritto da\" \/>\n\t<meta name=\"twitter:data1\" content=\"Redazione\" \/>\n\t<meta name=\"twitter:label2\" content=\"Tempo di lettura stimato\" \/>\n\t<meta name=\"twitter:data2\" content=\"9 minuti\" \/>\n<script type=\"application\/ld+json\" class=\"yoast-schema-graph\">{\"@context\":\"https:\\\/\\\/schema.org\",\"@graph\":[{\"@type\":\"Article\",\"@id\":\"https:\\\/\\\/www.rassegnastampa-totustuus.it\\\/cattolica\\\/labiura-della-giornalista-lesbica-e-progressista\\\/#article\",\"isPartOf\":{\"@id\":\"https:\\\/\\\/www.rassegnastampa-totustuus.it\\\/cattolica\\\/labiura-della-giornalista-lesbica-e-progressista\\\/\"},\"author\":{\"name\":\"Redazione\",\"@id\":\"https:\\\/\\\/www.rassegnastampa-totustuus.it\\\/cattolica\\\/#\\\/schema\\\/person\\\/08f319d2bd1a0904ad9e2bfb7b15e5c3\"},\"headline\":\"L&#8217;abiura della giornalista lesbica e progressista\",\"datePublished\":\"2024-05-29T10:23:57+00:00\",\"dateModified\":\"2024-05-29T10:29:15+00:00\",\"mainEntityOfPage\":{\"@id\":\"https:\\\/\\\/www.rassegnastampa-totustuus.it\\\/cattolica\\\/labiura-della-giornalista-lesbica-e-progressista\\\/\"},\"wordCount\":1437,\"publisher\":{\"@id\":\"https:\\\/\\\/www.rassegnastampa-totustuus.it\\\/cattolica\\\/#organization\"},\"image\":{\"@id\":\"https:\\\/\\\/www.rassegnastampa-totustuus.it\\\/cattolica\\\/labiura-della-giornalista-lesbica-e-progressista\\\/#primaryimage\"},\"thumbnailUrl\":\"https:\\\/\\\/www.rassegnastampa-totustuus.it\\\/cattolica\\\/wp-content\\\/uploads\\\/2024\\\/05\\\/Lenin_Seattle_Usa_sinistra.jpg\",\"keywords\":[\"black lives matter\",\"liberal\",\"sguardo sul nostro tempo\",\"sinistre\",\"Stati Uniti\",\"woke revolution\"],\"articleSection\":[\"Sguardo sul nostro tempo\",\"sinistre\",\"Stati Uniti\"],\"inLanguage\":\"it-IT\"},{\"@type\":\"WebPage\",\"@id\":\"https:\\\/\\\/www.rassegnastampa-totustuus.it\\\/cattolica\\\/labiura-della-giornalista-lesbica-e-progressista\\\/\",\"url\":\"https:\\\/\\\/www.rassegnastampa-totustuus.it\\\/cattolica\\\/labiura-della-giornalista-lesbica-e-progressista\\\/\",\"name\":\"L'abiura della giornalista lesbica e progressista - Rassegna Stampa Cattolica\",\"isPartOf\":{\"@id\":\"https:\\\/\\\/www.rassegnastampa-totustuus.it\\\/cattolica\\\/#website\"},\"primaryImageOfPage\":{\"@id\":\"https:\\\/\\\/www.rassegnastampa-totustuus.it\\\/cattolica\\\/labiura-della-giornalista-lesbica-e-progressista\\\/#primaryimage\"},\"image\":{\"@id\":\"https:\\\/\\\/www.rassegnastampa-totustuus.it\\\/cattolica\\\/labiura-della-giornalista-lesbica-e-progressista\\\/#primaryimage\"},\"thumbnailUrl\":\"https:\\\/\\\/www.rassegnastampa-totustuus.it\\\/cattolica\\\/wp-content\\\/uploads\\\/2024\\\/05\\\/Lenin_Seattle_Usa_sinistra.jpg\",\"datePublished\":\"2024-05-29T10:23:57+00:00\",\"dateModified\":\"2024-05-29T10:29:15+00:00\",\"description\":\"L'abiura della giornalista lesbica e progressista che ha abbandonato la sinistra rivelando le sue ragioni in un libro\",\"breadcrumb\":{\"@id\":\"https:\\\/\\\/www.rassegnastampa-totustuus.it\\\/cattolica\\\/labiura-della-giornalista-lesbica-e-progressista\\\/#breadcrumb\"},\"inLanguage\":\"it-IT\",\"potentialAction\":[{\"@type\":\"ReadAction\",\"target\":[\"https:\\\/\\\/www.rassegnastampa-totustuus.it\\\/cattolica\\\/labiura-della-giornalista-lesbica-e-progressista\\\/\"]}]},{\"@type\":\"ImageObject\",\"inLanguage\":\"it-IT\",\"@id\":\"https:\\\/\\\/www.rassegnastampa-totustuus.it\\\/cattolica\\\/labiura-della-giornalista-lesbica-e-progressista\\\/#primaryimage\",\"url\":\"https:\\\/\\\/www.rassegnastampa-totustuus.it\\\/cattolica\\\/wp-content\\\/uploads\\\/2024\\\/05\\\/Lenin_Seattle_Usa_sinistra.jpg\",\"contentUrl\":\"https:\\\/\\\/www.rassegnastampa-totustuus.it\\\/cattolica\\\/wp-content\\\/uploads\\\/2024\\\/05\\\/Lenin_Seattle_Usa_sinistra.jpg\",\"width\":275,\"height\":183},{\"@type\":\"BreadcrumbList\",\"@id\":\"https:\\\/\\\/www.rassegnastampa-totustuus.it\\\/cattolica\\\/labiura-della-giornalista-lesbica-e-progressista\\\/#breadcrumb\",\"itemListElement\":[{\"@type\":\"ListItem\",\"position\":1,\"name\":\"Home\",\"item\":\"https:\\\/\\\/www.rassegnastampa-totustuus.it\\\/cattolica\\\/\"},{\"@type\":\"ListItem\",\"position\":2,\"name\":\"L&#8217;abiura della giornalista lesbica e progressista\"}]},{\"@type\":\"WebSite\",\"@id\":\"https:\\\/\\\/www.rassegnastampa-totustuus.it\\\/cattolica\\\/#website\",\"url\":\"https:\\\/\\\/www.rassegnastampa-totustuus.it\\\/cattolica\\\/\",\"name\":\"Rassegna Stampa Cattolica\",\"description\":\"Per una cultura che nasce dalla Rivelazione cristiana in conformit\u00e0 alla tradizione e al Magistero della Chiesa in opposizione ad ogni relativismo e totalitarismo\",\"publisher\":{\"@id\":\"https:\\\/\\\/www.rassegnastampa-totustuus.it\\\/cattolica\\\/#organization\"},\"alternateName\":\"Rass. Cattolica\",\"potentialAction\":[{\"@type\":\"SearchAction\",\"target\":{\"@type\":\"EntryPoint\",\"urlTemplate\":\"https:\\\/\\\/www.rassegnastampa-totustuus.it\\\/cattolica\\\/?s={search_term_string}\"},\"query-input\":{\"@type\":\"PropertyValueSpecification\",\"valueRequired\":true,\"valueName\":\"search_term_string\"}}],\"inLanguage\":\"it-IT\"},{\"@type\":\"Organization\",\"@id\":\"https:\\\/\\\/www.rassegnastampa-totustuus.it\\\/cattolica\\\/#organization\",\"name\":\"Rassegna Stampa Cattolica\",\"url\":\"https:\\\/\\\/www.rassegnastampa-totustuus.it\\\/cattolica\\\/\",\"logo\":{\"@type\":\"ImageObject\",\"inLanguage\":\"it-IT\",\"@id\":\"https:\\\/\\\/www.rassegnastampa-totustuus.it\\\/cattolica\\\/#\\\/schema\\\/logo\\\/image\\\/\",\"url\":\"https:\\\/\\\/www.rassegnastampa-totustuus.it\\\/cattolica\\\/wp-content\\\/uploads\\\/2014\\\/04\\\/logo-rassegna1.gif\",\"contentUrl\":\"https:\\\/\\\/www.rassegnastampa-totustuus.it\\\/cattolica\\\/wp-content\\\/uploads\\\/2014\\\/04\\\/logo-rassegna1.gif\",\"width\":600,\"height\":163,\"caption\":\"Rassegna Stampa Cattolica\"},\"image\":{\"@id\":\"https:\\\/\\\/www.rassegnastampa-totustuus.it\\\/cattolica\\\/#\\\/schema\\\/logo\\\/image\\\/\"},\"sameAs\":[\"https:\\\/\\\/www.facebook.com\\\/rassegnastampacattolica\",\"https:\\\/\\\/x.com\\\/rassegnastampa9\"]},{\"@type\":\"Person\",\"@id\":\"https:\\\/\\\/www.rassegnastampa-totustuus.it\\\/cattolica\\\/#\\\/schema\\\/person\\\/08f319d2bd1a0904ad9e2bfb7b15e5c3\",\"name\":\"Redazione\",\"image\":{\"@type\":\"ImageObject\",\"inLanguage\":\"it-IT\",\"@id\":\"https:\\\/\\\/secure.gravatar.com\\\/avatar\\\/2fcdf27c78ea025fbdb44e914cc63c72249ffec9dc8aafd5c82b26240ef3f346?s=96&d=mm&r=g\",\"url\":\"https:\\\/\\\/secure.gravatar.com\\\/avatar\\\/2fcdf27c78ea025fbdb44e914cc63c72249ffec9dc8aafd5c82b26240ef3f346?s=96&d=mm&r=g\",\"contentUrl\":\"https:\\\/\\\/secure.gravatar.com\\\/avatar\\\/2fcdf27c78ea025fbdb44e914cc63c72249ffec9dc8aafd5c82b26240ef3f346?s=96&d=mm&r=g\",\"caption\":\"Redazione\"},\"url\":\"https:\\\/\\\/www.rassegnastampa-totustuus.it\\\/cattolica\\\/author\\\/pietroelle\\\/\"}]}<\/script>\n<!-- \/ Yoast SEO plugin. -->","yoast_head_json":{"title":"L'abiura della giornalista lesbica e progressista - Rassegna Stampa Cattolica","description":"L'abiura della giornalista lesbica e progressista che ha abbandonato la sinistra rivelando le sue ragioni in un libro","robots":{"index":"index","follow":"follow","max-snippet":"max-snippet:-1","max-image-preview":"max-image-preview:large","max-video-preview":"max-video-preview:-1"},"canonical":"https:\/\/www.rassegnastampa-totustuus.it\/cattolica\/labiura-della-giornalista-lesbica-e-progressista\/","og_locale":"it_IT","og_type":"article","og_title":"L'abiura della giornalista lesbica e progressista - Rassegna Stampa Cattolica","og_description":"L'abiura della giornalista lesbica e progressista che ha abbandonato la sinistra rivelando le sue ragioni in un libro","og_url":"https:\/\/www.rassegnastampa-totustuus.it\/cattolica\/labiura-della-giornalista-lesbica-e-progressista\/","og_site_name":"Rassegna Stampa Cattolica","article_publisher":"https:\/\/www.facebook.com\/rassegnastampacattolica","article_published_time":"2024-05-29T10:23:57+00:00","article_modified_time":"2024-05-29T10:29:15+00:00","og_image":[{"width":275,"height":183,"url":"https:\/\/www.rassegnastampa-totustuus.it\/cattolica\/wp-content\/uploads\/2024\/05\/Lenin_Seattle_Usa_sinistra.jpg","type":"image\/jpeg"}],"author":"Redazione","twitter_card":"summary_large_image","twitter_creator":"@rassegnastampa9","twitter_site":"@rassegnastampa9","twitter_misc":{"Scritto da":"Redazione","Tempo di lettura stimato":"9 minuti"},"schema":{"@context":"https:\/\/schema.org","@graph":[{"@type":"Article","@id":"https:\/\/www.rassegnastampa-totustuus.it\/cattolica\/labiura-della-giornalista-lesbica-e-progressista\/#article","isPartOf":{"@id":"https:\/\/www.rassegnastampa-totustuus.it\/cattolica\/labiura-della-giornalista-lesbica-e-progressista\/"},"author":{"name":"Redazione","@id":"https:\/\/www.rassegnastampa-totustuus.it\/cattolica\/#\/schema\/person\/08f319d2bd1a0904ad9e2bfb7b15e5c3"},"headline":"L&#8217;abiura della giornalista lesbica e progressista","datePublished":"2024-05-29T10:23:57+00:00","dateModified":"2024-05-29T10:29:15+00:00","mainEntityOfPage":{"@id":"https:\/\/www.rassegnastampa-totustuus.it\/cattolica\/labiura-della-giornalista-lesbica-e-progressista\/"},"wordCount":1437,"publisher":{"@id":"https:\/\/www.rassegnastampa-totustuus.it\/cattolica\/#organization"},"image":{"@id":"https:\/\/www.rassegnastampa-totustuus.it\/cattolica\/labiura-della-giornalista-lesbica-e-progressista\/#primaryimage"},"thumbnailUrl":"https:\/\/www.rassegnastampa-totustuus.it\/cattolica\/wp-content\/uploads\/2024\/05\/Lenin_Seattle_Usa_sinistra.jpg","keywords":["black lives matter","liberal","sguardo sul nostro tempo","sinistre","Stati Uniti","woke revolution"],"articleSection":["Sguardo sul nostro tempo","sinistre","Stati Uniti"],"inLanguage":"it-IT"},{"@type":"WebPage","@id":"https:\/\/www.rassegnastampa-totustuus.it\/cattolica\/labiura-della-giornalista-lesbica-e-progressista\/","url":"https:\/\/www.rassegnastampa-totustuus.it\/cattolica\/labiura-della-giornalista-lesbica-e-progressista\/","name":"L'abiura della giornalista lesbica e progressista - Rassegna Stampa Cattolica","isPartOf":{"@id":"https:\/\/www.rassegnastampa-totustuus.it\/cattolica\/#website"},"primaryImageOfPage":{"@id":"https:\/\/www.rassegnastampa-totustuus.it\/cattolica\/labiura-della-giornalista-lesbica-e-progressista\/#primaryimage"},"image":{"@id":"https:\/\/www.rassegnastampa-totustuus.it\/cattolica\/labiura-della-giornalista-lesbica-e-progressista\/#primaryimage"},"thumbnailUrl":"https:\/\/www.rassegnastampa-totustuus.it\/cattolica\/wp-content\/uploads\/2024\/05\/Lenin_Seattle_Usa_sinistra.jpg","datePublished":"2024-05-29T10:23:57+00:00","dateModified":"2024-05-29T10:29:15+00:00","description":"L'abiura della giornalista lesbica e progressista che ha abbandonato la sinistra rivelando le sue ragioni in un libro","breadcrumb":{"@id":"https:\/\/www.rassegnastampa-totustuus.it\/cattolica\/labiura-della-giornalista-lesbica-e-progressista\/#breadcrumb"},"inLanguage":"it-IT","potentialAction":[{"@type":"ReadAction","target":["https:\/\/www.rassegnastampa-totustuus.it\/cattolica\/labiura-della-giornalista-lesbica-e-progressista\/"]}]},{"@type":"ImageObject","inLanguage":"it-IT","@id":"https:\/\/www.rassegnastampa-totustuus.it\/cattolica\/labiura-della-giornalista-lesbica-e-progressista\/#primaryimage","url":"https:\/\/www.rassegnastampa-totustuus.it\/cattolica\/wp-content\/uploads\/2024\/05\/Lenin_Seattle_Usa_sinistra.jpg","contentUrl":"https:\/\/www.rassegnastampa-totustuus.it\/cattolica\/wp-content\/uploads\/2024\/05\/Lenin_Seattle_Usa_sinistra.jpg","width":275,"height":183},{"@type":"BreadcrumbList","@id":"https:\/\/www.rassegnastampa-totustuus.it\/cattolica\/labiura-della-giornalista-lesbica-e-progressista\/#breadcrumb","itemListElement":[{"@type":"ListItem","position":1,"name":"Home","item":"https:\/\/www.rassegnastampa-totustuus.it\/cattolica\/"},{"@type":"ListItem","position":2,"name":"L&#8217;abiura della giornalista lesbica e progressista"}]},{"@type":"WebSite","@id":"https:\/\/www.rassegnastampa-totustuus.it\/cattolica\/#website","url":"https:\/\/www.rassegnastampa-totustuus.it\/cattolica\/","name":"Rassegna Stampa Cattolica","description":"Per una cultura che nasce dalla Rivelazione cristiana in conformit\u00e0 alla tradizione e al Magistero della Chiesa in opposizione ad ogni relativismo e totalitarismo","publisher":{"@id":"https:\/\/www.rassegnastampa-totustuus.it\/cattolica\/#organization"},"alternateName":"Rass. Cattolica","potentialAction":[{"@type":"SearchAction","target":{"@type":"EntryPoint","urlTemplate":"https:\/\/www.rassegnastampa-totustuus.it\/cattolica\/?s={search_term_string}"},"query-input":{"@type":"PropertyValueSpecification","valueRequired":true,"valueName":"search_term_string"}}],"inLanguage":"it-IT"},{"@type":"Organization","@id":"https:\/\/www.rassegnastampa-totustuus.it\/cattolica\/#organization","name":"Rassegna Stampa Cattolica","url":"https:\/\/www.rassegnastampa-totustuus.it\/cattolica\/","logo":{"@type":"ImageObject","inLanguage":"it-IT","@id":"https:\/\/www.rassegnastampa-totustuus.it\/cattolica\/#\/schema\/logo\/image\/","url":"https:\/\/www.rassegnastampa-totustuus.it\/cattolica\/wp-content\/uploads\/2014\/04\/logo-rassegna1.gif","contentUrl":"https:\/\/www.rassegnastampa-totustuus.it\/cattolica\/wp-content\/uploads\/2014\/04\/logo-rassegna1.gif","width":600,"height":163,"caption":"Rassegna Stampa Cattolica"},"image":{"@id":"https:\/\/www.rassegnastampa-totustuus.it\/cattolica\/#\/schema\/logo\/image\/"},"sameAs":["https:\/\/www.facebook.com\/rassegnastampacattolica","https:\/\/x.com\/rassegnastampa9"]},{"@type":"Person","@id":"https:\/\/www.rassegnastampa-totustuus.it\/cattolica\/#\/schema\/person\/08f319d2bd1a0904ad9e2bfb7b15e5c3","name":"Redazione","image":{"@type":"ImageObject","inLanguage":"it-IT","@id":"https:\/\/secure.gravatar.com\/avatar\/2fcdf27c78ea025fbdb44e914cc63c72249ffec9dc8aafd5c82b26240ef3f346?s=96&d=mm&r=g","url":"https:\/\/secure.gravatar.com\/avatar\/2fcdf27c78ea025fbdb44e914cc63c72249ffec9dc8aafd5c82b26240ef3f346?s=96&d=mm&r=g","contentUrl":"https:\/\/secure.gravatar.com\/avatar\/2fcdf27c78ea025fbdb44e914cc63c72249ffec9dc8aafd5c82b26240ef3f346?s=96&d=mm&r=g","caption":"Redazione"},"url":"https:\/\/www.rassegnastampa-totustuus.it\/cattolica\/author\/pietroelle\/"}]}},"_links":{"self":[{"href":"https:\/\/www.rassegnastampa-totustuus.it\/cattolica\/wp-json\/wp\/v2\/posts\/60587","targetHints":{"allow":["GET"]}}],"collection":[{"href":"https:\/\/www.rassegnastampa-totustuus.it\/cattolica\/wp-json\/wp\/v2\/posts"}],"about":[{"href":"https:\/\/www.rassegnastampa-totustuus.it\/cattolica\/wp-json\/wp\/v2\/types\/post"}],"author":[{"embeddable":true,"href":"https:\/\/www.rassegnastampa-totustuus.it\/cattolica\/wp-json\/wp\/v2\/users\/6"}],"replies":[{"embeddable":true,"href":"https:\/\/www.rassegnastampa-totustuus.it\/cattolica\/wp-json\/wp\/v2\/comments?post=60587"}],"version-history":[{"count":2,"href":"https:\/\/www.rassegnastampa-totustuus.it\/cattolica\/wp-json\/wp\/v2\/posts\/60587\/revisions"}],"predecessor-version":[{"id":60593,"href":"https:\/\/www.rassegnastampa-totustuus.it\/cattolica\/wp-json\/wp\/v2\/posts\/60587\/revisions\/60593"}],"wp:featuredmedia":[{"embeddable":true,"href":"https:\/\/www.rassegnastampa-totustuus.it\/cattolica\/wp-json\/wp\/v2\/media\/60588"}],"wp:attachment":[{"href":"https:\/\/www.rassegnastampa-totustuus.it\/cattolica\/wp-json\/wp\/v2\/media?parent=60587"}],"wp:term":[{"taxonomy":"category","embeddable":true,"href":"https:\/\/www.rassegnastampa-totustuus.it\/cattolica\/wp-json\/wp\/v2\/categories?post=60587"},{"taxonomy":"post_tag","embeddable":true,"href":"https:\/\/www.rassegnastampa-totustuus.it\/cattolica\/wp-json\/wp\/v2\/tags?post=60587"}],"curies":[{"name":"wp","href":"https:\/\/api.w.org\/{rel}","templated":true}]}}