{"id":60493,"date":"2024-05-17T18:23:29","date_gmt":"2024-05-17T16:23:29","guid":{"rendered":"https:\/\/www.rassegnastampa-totustuus.it\/cattolica\/?p=60493"},"modified":"2024-05-17T18:26:39","modified_gmt":"2024-05-17T16:26:39","slug":"cellulari-covid-e-disimpegno-degli-studenti","status":"publish","type":"post","link":"https:\/\/www.rassegnastampa-totustuus.it\/cattolica\/cellulari-covid-e-disimpegno-degli-studenti\/","title":{"rendered":"Cellulari, COVID e disimpegno degli studenti"},"content":{"rendered":"<p style=\"text-align: justify;\"><span style=\"color: #000000;\"><strong><img loading=\"lazy\" decoding=\"async\" class=\" wp-image-60495 alignleft\" src=\"https:\/\/www.rassegnastampa-totustuus.it\/cattolica\/wp-content\/uploads\/2024\/05\/covid_giovani_studenti_educazione.jpg\" alt=\"\" width=\"193\" height=\"235\" \/>Abstract: <\/strong><em>c<\/em><\/span><em><span style=\"color: #000000;\">ellulari, COVID e disimpegno degli studenti . Cos\u00ec come non esiste una sola causa per l&#8217;epidemia di disimpegno degli studenti, non esiste una sola ricetta che la possa curare. I genitori e gli amministratori devono rendersi conto che i telefoni cellulari nelle aule scolastiche sono un handicap per i bambini che peser\u00e0 lungo tutta la loro vita. Cos\u00ec come pesano molte delle dannose teorie di John Dewey e dei suoi milioni di discepoli. Annullare i danni causati da un secolo di malcostume sar\u00e0 difficile, ma vale la pena provarci.<\/span><\/em><\/p>\n<p><!--more--><\/p>\n<p style=\"text-align: center;\"><span style=\"color: #000000;\"><a href=\"https:\/\/atfp.it\/\" target=\"_blank\" rel=\"noopener\"><span style=\"color: #0000ff;\"><strong>Tradizione Famiglia Propriet\u00e0<\/strong> <\/span><\/a>newsletter 17 maggio 2024 <\/span><\/p>\n<h3 style=\"text-align: center;\"><span style=\"color: #000000;\"><strong>Cellulari, COVID e disimpegno degli studenti distruggeranno <\/strong><\/span><\/h3>\n<h3 style=\"text-align: center;\"><span style=\"color: #000000;\"><strong>la deplorevole eredit\u00e0 dell&#8217;educazione &#8220;progressista&#8221; di John Dewey?<\/strong> <\/span><\/h3>\n<p style=\"text-align: center;\"><span style=\"color: #000000;\">di <strong>Edwin Benson<\/strong> <\/span><\/p>\n<p style=\"text-align: justify;\"><span style=\"color: #000000;\">Nella letteratura educativa compare sempre pi\u00f9 spesso una nuova espressione: \u201cdisimpegno degli studenti\u201d. Questo fenomeno assume due forme. Gli studenti disimpegnati non sono mentalmente preparati ad apprendere in classe o stanno lontani dalla scuola.<\/span><\/p>\n<h4 style=\"text-align: center;\"><span style=\"color: #000000;\"><strong>La scuola come terapia<\/strong><\/span><\/h4>\n<p style=\"text-align: justify;\"><span style=\"color: #000000;\">Il &#8220;comportamento disimpegnato&#8221; non \u00e8 una novit\u00e0. &#8220;Saltare la scuola&#8221; \u00e8 una pratica antica quanto le scuole stesse.<\/span><\/p>\n<div id=\"attachment_28099\" style=\"width: 259px\" class=\"wp-caption alignright\"><img loading=\"lazy\" decoding=\"async\" aria-describedby=\"caption-attachment-28099\" class=\"wp-image-28099 size-full\" src=\"https:\/\/www.rassegnastampa-totustuus.it\/cattolica\/wp-content\/uploads\/2005\/07\/John-Dewey.jpg\" alt=\"\" width=\"259\" height=\"194\" \/><p id=\"caption-attachment-28099\" class=\"wp-caption-text\">John Dewey<\/p><\/div>\n<p style=\"text-align: justify;\"><span style=\"color: #000000;\">Per i seguaci di (1) , il &#8220;comportamento disimpegnato&#8221; \u00e8 una sorpresa. Dewey ha insegnato il mito che i bambini amano imparare. La prova \u00e8 che i bambini molto piccoli imparano a camminare e a parlare quasi automaticamente. I teorici ritengono che i bambini siano desiderosi di imparare anche altre cose. Gli insegnanti che &#8220;fanno divertire&#8221; e &#8220;si preoccupano&#8221; possono insegnare a qualsiasi bambino quasi tutto.<\/span><\/p>\n<p style=\"text-align: justify;\"><span style=\"color: #000000;\">Questo atteggiamento fa s\u00ec che il ruolo dell&#8217;insegnante sia principalmente emotivo. La conoscenza della materia non \u00e8 importante. Si sostiene che gli insegnanti meno informati possono essere pi\u00f9 coinvolgenti perch\u00e9 entrano in empatia con la mentalit\u00e0 dello studente. D&#8217;altra parte, un alto grado di disciplina inibisce l&#8217;apprendimento enfatizzando processi noiosi e distogliendo l&#8217;attenzione dalle abilit\u00e0 e dal materiale che i bambini vogliono imparare.<\/span><\/p>\n<h4 style=\"text-align: center;\"><span style=\"color: #000000;\"><strong>Disimpegno degli studenti e assenteismo cronico<\/strong><\/span><\/h4>\n<p style=\"text-align: justify;\"><span style=\"color: #000000;\">Forse l&#8217;era della COVID ha posto fine a queste assurdit\u00e0, almeno temporaneamente. Per quasi due anni, la malattia ha liberato molti bambini dalle aule scolastiche. Le lezioni erano online, ma c&#8217;era poca responsabilit\u00e0 reale. L&#8217;inflazione dei voti era dilagante. In risposta, molti bambini si sono comportati come gatti selvatici, cercando solo di dormire, mangiare e divertirsi banalmente, non di imparare in modo divertente.<\/span><\/p>\n<p style=\"text-align: justify;\"><span style=\"color: #000000;\"><img loading=\"lazy\" decoding=\"async\" class=\" wp-image-39745 alignleft\" src=\"https:\/\/www.rassegnastampa-totustuus.it\/cattolica\/wp-content\/uploads\/2018\/02\/studenti_classe.jpg\" alt=\"\" width=\"322\" height=\"214\" \/>Ora, una massiccia &#8220;perdita di apprendimento&#8221; affligge le classi ormai ricostituite d&#8217;America. Si manifesta in una condizione che gli esperti chiamano &#8220;assenteismo cronico&#8221;.<\/span><\/p>\n<p style=\"text-align: justify;\"><span style=\"color: #000000;\">Secondo un nuovo studio del <em>Pew Research Institute<\/em>, &#8220;Come \u00e8 essere oggi in America un insegnante?&#8221;, tre quinti degli insegnanti delle scuole superiori affermano che il disimpegno degli studenti \u00e8 un problema significativo nelle loro scuole. Quasi la met\u00e0 degli insegnanti delle scuole medie ed elementari \u00e8 d&#8217;accordo con questa valutazione.<\/span><\/p>\n<h4 style=\"text-align: center;\"><span style=\"color: #000000;\"><strong>La &#8220;dipendenza&#8221; da cellulare<\/strong><\/span><\/h4>\n<p style=\"text-align: justify;\"><span style=\"color: #000000;\">Secondo lo studio del Pew, un terzo di tutti gli insegnanti e quasi tre quarti di quelli delle scuole superiori vedono la \u201cdistrazione da cellulari\u201d come &#8220;un problema importante&#8221;. Questo non pu\u00f2 sorprendere nessuno. Il cellulare \u00e8 un dispositivo di intrattenimento universale. Tollerare la sua presenza in classe significa invitare gli studenti a ignorare tutto il resto e a dedicarsi a ci\u00f2 che pi\u00f9 gli motiva le fantasie.<\/span><\/p>\n<p style=\"text-align: justify;\"><span style=\"color: #000000;\">La maggior parte delle scuole cerca di limitare l&#8217;uso del cellulare, ma l&#8217;applicazione delle norme \u00e8 solitamente inefficace. Il problema \u00e8 troppo grande perch\u00e9 sia gestito dagli amministratori. Punire le violazioni potrebbe facilmente coinvolgere centinaia di studenti ogni giorno. L&#8217;onere ricade quindi sui singoli insegnanti.<\/span><\/p>\n<p style=\"text-align: justify;\"><span style=\"color: #000000;\"><img loading=\"lazy\" decoding=\"async\" class=\" wp-image-48695 alignright\" src=\"https:\/\/www.rassegnastampa-totustuus.it\/cattolica\/wp-content\/uploads\/2020\/10\/tecnologia_cellulari-300x169.jpg\" alt=\"IA e tecnologia, come padroneggiarla?\" width=\"387\" height=\"218\" srcset=\"https:\/\/www.rassegnastampa-totustuus.it\/cattolica\/wp-content\/uploads\/2020\/10\/tecnologia_cellulari-300x169.jpg 300w, https:\/\/www.rassegnastampa-totustuus.it\/cattolica\/wp-content\/uploads\/2020\/10\/tecnologia_cellulari-768x432.jpg 768w, https:\/\/www.rassegnastampa-totustuus.it\/cattolica\/wp-content\/uploads\/2020\/10\/tecnologia_cellulari-1024x576.jpg 1024w, https:\/\/www.rassegnastampa-totustuus.it\/cattolica\/wp-content\/uploads\/2020\/10\/tecnologia_cellulari.jpg 1280w\" sizes=\"auto, (max-width: 387px) 100vw, 387px\" \/>In un articolo sull&#8217;apatia degli studenti, <em>Education Week<\/em> ha intervistato l&#8217;insegnante di scienze del liceo dell&#8217;Indiana Kelly Chevalier. La sua risposta riecheggia l&#8217;esperienza di molti insegnanti. &#8220;\u00c8 come una dipendenza. Non riescono a metterlo via per nessun istante. L&#8217;idea di stare senza telefono per tre ore, ad alcuni di loro provoca letteralmente un&#8217;ansia fisiologica&#8221;.<\/span><\/p>\n<p style=\"text-align: justify;\"><span style=\"color: #000000;\">Il costo \u00e8 una questione correlata. L&#8217;iPhone 15 Pro di Apple viene venduto a circa mille dollari. La maggior parte dei piani di telefonia cellulare include questi pagamenti nella bolletta di utenza mensile. Tuttavia, se un dispositivo viene perso o rubato, gli utenti sono spesso tenuti a pagarlo per intero prima di ricevere un nuovo telefono. Chi paga per un cellulare che uno studente sconosciuto ruba dalla scrivania dell&#8217;insegnante dove \u00e8 stato ritenuto durante la lezione? L&#8217;insegnante deve sottrarre tempo alla lezione per assicurarsi che ciascuno dei vari telefonini custoditi sia messo completamente al sicuro?<\/span><\/p>\n<h4 style=\"text-align: center;\"><span style=\"color: #000000;\"><strong>Mancanza di sostegno dei genitori all&#8217;autorit\u00e0 degli insegnanti<\/strong><\/span><\/h4>\n<p style=\"text-align: justify;\"><span style=\"color: #000000;\">Gli studenti di oggi sono utenti di cellulari di seconda (o terza) generazione. La connettivit\u00e0 istantanea \u00e8 diventata purtroppo un&#8217;aspettativa per tutti, genitori e studenti compresi. Molti genitori desiderano raggiungere i loro figli in un qualsiasi momento, anche nel bel mezzo di un difficile test di scienze. La ritenzione dei cellulari mette gli insegnanti contro i genitori, che si lamentano a gran voce con gli amministratori. Troppo spesso la risposta del vicepreside \u00e8 di scaricare la responsabilit\u00e0 sull&#8217;insegnante.<\/span><\/p>\n<p style=\"text-align: justify;\"><span style=\"color: #000000;\"><img loading=\"lazy\" decoding=\"async\" class=\" wp-image-34671 alignleft\" src=\"https:\/\/www.rassegnastampa-totustuus.it\/cattolica\/wp-content\/uploads\/2009\/03\/scuola_maestro.jpg\" alt=\"\" width=\"332\" height=\"199\" \/>Questa mancanza di rispetto verso l\u2019insegnante va ben oltre i telefoni cellulari. Quasi quattro generazioni di studenti hanno attraversato le scuole americane dopo il caos educativo degli anni Sessanta, quando le teorie di Dewey divennero universali e gli insegnanti persero gran parte dell&#8217;autorit\u00e0 che avevano fino ad allora posseduto.<\/span><\/p>\n<p style=\"text-align: justify;\"><span style=\"color: #000000;\">Secondo il <em>National Center for Education Statistics<\/em>, l&#8217;et\u00e0 media degli insegnanti nel 2017-2018 era di 42,4 anni, il che significa che erano nati nel 1975 circa. Dato il numero d\u2019insegnanti che hanno deciso di andare in pensione in mezzo al caos causato dal COVID, l&#8217;insegnante di oggi \u00e8 senza dubbio molto pi\u00f9 giovane.<\/span><\/p>\n<p style=\"text-align: justify;\"><span style=\"color: #000000;\">I giorni in cui ci si metteva lo studente contro un angolo davanti alla classe o si faceva scrivere 500 volte &#8220;Non parler\u00f2 in classe&#8221; o degli insegnanti che punivano con lievi castighi corporali, non sono solo passati, ma sono inimmaginabili. Qualsiasi tentativo di tornare alle pratiche comuni del mondo precedente al 1968 incontrerebbe una massiccia resistenza.<\/span><\/p>\n<h4 style=\"text-align: center;\"><span style=\"color: #000000;\"><strong>Mancanza di rispetto per l&#8217;apprendimento<\/strong><\/span><\/h4>\n<p style=\"text-align: justify;\"><span style=\"color: #000000;\">La maggior parte dei lettori probabilmente non ha mai visto un diploma di scuola elementare dei primi del Novecento. Sollevano domande interessanti sullo specifico dell&#8217;istruzione ricevuta.<\/span><\/p>\n<p style=\"text-align: justify;\"><span style=\"color: #000000;\">Consideriamo quella emessa dallo Stato della Virginia Occidentale. Attesta che la giovane Pearl Harless si \u00e8 diplomata alla scuola elementare il 15 aprile 1926, poco prima della semina di primavera. Nonostante l&#8217;anno scolastico abbreviato, Pearl studi\u00f2 un&#8217;ampia variet\u00e0 di materie che sono elencate sul diploma. Tra queste, &#8220;lettura, ortografia, calligrafia, aritmetica, grammatica inglese, storia degli Stati Uniti e della Virginia Occidentale, geografia, governo civile, agricoltura elementare, fisiologia e igiene&#8221;.<\/span><\/p>\n<p style=\"text-align: justify;\"><span style=\"color: #000000;\"><img loading=\"lazy\" decoding=\"async\" class=\"wp-image-35004 alignright\" src=\"https:\/\/www.rassegnastampa-totustuus.it\/cattolica\/wp-content\/uploads\/2005\/07\/libri_testo-1.jpg\" alt=\"\" width=\"314\" height=\"208\" \/>Pearl stava per terminare la terza media. Probabilmente la sua era una scuola con non pi\u00f9 di una o due stanze. Questi limiti, tuttavia, rendono l&#8217;ampiezza degli argomenti ancora pi\u00f9 impressionante. Poche scuole moderne potrebbero competere.<\/span><\/p>\n<p style=\"text-align: justify;\"><span style=\"color: #000000;\">Almeno una delle ragioni del declino \u00e8 che la conoscenza dei fatti \u00e8 raramente rispettata nelle scuole moderne. Molti pedagogisti sostengono che i fatti non sono importanti in un&#8217;epoca dominata dai computer. L&#8217;abilit\u00e0 &#8220;importante&#8221; \u00e8 sollevare domande e sviluppare opinioni, seguendo i metodi del &#8220;pensiero critico&#8221;.<\/span><\/p>\n<h4 style=\"text-align: center;\"><span style=\"color: #000000;\"><strong>La scomparsa dei libri<\/strong><\/span><\/h4>\n<p style=\"text-align: justify;\"><span style=\"color: #000000;\">Un esempio spaventoso dei limiti di oggi nell\u2019istruzione \u00e8 la diminuzione del numero di libri in molte scuole. Oggi le &#8220;abilit\u00e0&#8221; hanno sostituito in larga misura l&#8217;attenzione per il materiale da leggere.<\/span><\/p>\n<p style=\"text-align: justify;\"><span style=\"color: #000000;\">Si consideri un recente articolo di <em>Education Week<\/em> sulla &#8220;scienza&#8221; della lettura. Negli ultimi decenni, l&#8217;insegnamento della comprensione della lettura \u00e8 diventato &#8220;agnostico&#8221;, tutto s\u2019incentra sulle abilit\u00e0 pratiche, a scapito dell&#8217;apprendimento reale delle scienze, della storia e di altre discipline, afferma Sonia Cabell, professoressa associata presso il College of Education della Florida State University&#8221;.<\/span><\/p>\n<p style=\"text-align: justify;\"><span style=\"color: #000000;\">Pertanto, gli studenti leggono meno oggi rispetto a dieci anni fa. Un recente studio intitolato &#8220;The Nation&#8217;s Report Card&#8221; ha rivelato che &#8220;nel 2023, il quattordici per cento degli studenti ha dichiarato di leggere <em>quasi ogni giorno <\/em>per divertimento<em>. <\/em>Questa percentuale era inferiore di tre punti percentuali rispetto al 2020 e di 13 punti percentuali rispetto al 2012. Complessivamente, la percentuale di studenti tredicenni che hanno dichiarato di leggere per divertimento <em>quasi ogni giorno <\/em>era pi\u00f9 bassa nel 2023 rispetto a tutti gli anni di valutazione precedenti&#8221;.<\/span><\/p>\n<p style=\"text-align: justify;\"><span style=\"color: #000000;\"><img loading=\"lazy\" decoding=\"async\" class=\" wp-image-35098 alignleft\" src=\"https:\/\/www.rassegnastampa-totustuus.it\/cattolica\/wp-content\/uploads\/2011\/11\/educazione.jpg\" alt=\"\" width=\"345\" height=\"194\" \/>Qualsiasi genitore sa che chi legge da bambino lo fa perch\u00e9 un particolare argomento lo interessa. Ridurre la lettura a un insieme di abilit\u00e0 elimina questa motivazione. Il risultato \u00e8 che sempre pi\u00f9 bambini leggono sempre meno.<\/span><\/p>\n<p style=\"text-align: justify;\"><span style=\"color: #000000;\">Cos\u00ec come non esiste una sola causa per l&#8217;epidemia di disimpegno degli studenti, non esiste una sola ricetta che la possa curare. I genitori e gli amministratori devono rendersi conto che i telefoni cellulari nelle aule scolastiche sono un handicap per i bambini che peser\u00e0 lungo tutta la loro vita. Cos\u00ec come pesano molte delle dannose teorie di John Dewey e dei suoi milioni di discepoli. Annullare i danni causati da un secolo di malcostume sar\u00e0 difficile, ma vale la pena provarci.<\/span><\/p>\n<p>________________________________<\/p>\n<p style=\"text-align: justify;\"><span style=\"color: #000000;\"><strong>1).<\/strong> John Dewey (1859 \u2013 1952) fu un filosofo e pedagogista statunitense. Esercit\u00f2 una profonda influenza sulla cultura, sul costume politico e sui sistemi educativi del proprio paese. Intervenne su questioni politiche, sociali, etiche. (\u2026) La formazione di Dewey fu fortemente influenzata dal\u00a0pragmatismo\u00a0americano e dall&#8217;evoluzionismo\u00a0di\u00a0Darwin: il pragmatismo era una corrente filosofica tipicamente americana secondo la quale la verit\u00e0 si identificava con le esperienze concrete e le operazioni a esse collegate; per i filosofi di questa corrente il pensiero \u00e8 un processo attivo che dipende da un comportamento e da una credenza (fonte wikipedia).<\/span><\/p>\n<p><strong>Fonte<\/strong>: <span style=\"color: #0000ff;\"><a style=\"color: #0000ff;\" href=\"https:\/\/www.tfp.org\/will-cellphones-covid-and-student-disengagement-destroy-the-deplorable-legacy-of-progressive-education-and-john-dewey\/?PKG=TFPE3321\" target=\"_blank\" rel=\"noopener\">Tfp.org<\/a>,<\/span> 6 maggio 2024. <em>Traduzione a cura di Tradizione Famiglia Propriet\u00e0 \u2013 Italia<\/em>.<\/p>\n<p>_______________________________________________<\/p>\n<p><strong><span style=\"color: #000000;\">Leggi anche:<\/span><\/strong><\/p>\n<p><a href=\"https:\/\/www.rassegnastampa-totustuus.it\/cattolica\/john-dewey-1859-1952\/\" target=\"_blank\" rel=\"noopener\"><span style=\"color: #0000ff;\">John Dewey (1859-1952)<\/span><\/a><\/p>\n","protected":false},"excerpt":{"rendered":"<p>Abstract: cellulari, COVID e disimpegno degli studenti . Cos\u00ec come non esiste una sola causa per l&#8217;epidemia di disimpegno degli studenti, non esiste una sola ricetta che la possa curare. I genitori e gli amministratori devono rendersi conto che i telefoni cellulari nelle aule scolastiche sono un handicap per i bambini che peser\u00e0 lungo tutta &hellip; <\/p>\n<p><a class=\"more-link btn\" href=\"https:\/\/www.rassegnastampa-totustuus.it\/cattolica\/cellulari-covid-e-disimpegno-degli-studenti\/\">Continua a leggere<\/a><\/p>\n","protected":false},"author":6,"featured_media":60495,"comment_status":"closed","ping_status":"closed","sticky":false,"template":"","format":"standard","meta":{"footnotes":""},"categories":[23],"tags":[234,573,485],"class_list":["post-60493","post","type-post","status-publish","format-standard","has-post-thumbnail","hentry","category-scuola-ed-educazione","tag-educazione","tag-giovani","tag-pedagogia","item-wrap"],"yoast_head":"<!-- This site is optimized with the Yoast SEO plugin v27.5 - https:\/\/yoast.com\/product\/yoast-seo-wordpress\/ -->\n<title>Cellulari, COVID e disimpegno degli studenti - Rassegna Stampa Cattolica<\/title>\n<meta name=\"description\" content=\"Cellulari, COVID e disimpegno degli studenti distruggeranno la deplorevole eredit\u00e0 dell&#039;educazione &quot;progressista&quot; di John Dewey?\" \/>\n<meta name=\"robots\" content=\"index, follow, max-snippet:-1, max-image-preview:large, max-video-preview:-1\" \/>\n<link rel=\"canonical\" href=\"https:\/\/www.rassegnastampa-totustuus.it\/cattolica\/cellulari-covid-e-disimpegno-degli-studenti\/\" \/>\n<meta property=\"og:locale\" content=\"it_IT\" \/>\n<meta property=\"og:type\" content=\"article\" \/>\n<meta property=\"og:title\" content=\"Cellulari, COVID e disimpegno degli studenti - Rassegna Stampa Cattolica\" \/>\n<meta property=\"og:description\" content=\"Cellulari, COVID e disimpegno degli studenti distruggeranno la deplorevole eredit\u00e0 dell&#039;educazione &quot;progressista&quot; di John Dewey?\" \/>\n<meta property=\"og:url\" content=\"https:\/\/www.rassegnastampa-totustuus.it\/cattolica\/cellulari-covid-e-disimpegno-degli-studenti\/\" \/>\n<meta property=\"og:site_name\" content=\"Rassegna Stampa Cattolica\" \/>\n<meta property=\"article:publisher\" content=\"https:\/\/www.facebook.com\/rassegnastampacattolica\" \/>\n<meta property=\"article:published_time\" content=\"2024-05-17T16:23:29+00:00\" \/>\n<meta property=\"article:modified_time\" content=\"2024-05-17T16:26:39+00:00\" \/>\n<meta property=\"og:image\" content=\"https:\/\/www.rassegnastampa-totustuus.it\/cattolica\/wp-content\/uploads\/2024\/05\/covid_giovani_studenti_educazione.jpg\" \/>\n\t<meta property=\"og:image:width\" content=\"300\" \/>\n\t<meta property=\"og:image:height\" content=\"366\" \/>\n\t<meta property=\"og:image:type\" content=\"image\/jpeg\" \/>\n<meta name=\"author\" content=\"Redazione\" \/>\n<meta name=\"twitter:card\" content=\"summary_large_image\" \/>\n<meta name=\"twitter:creator\" content=\"@rassegnastampa9\" \/>\n<meta name=\"twitter:site\" content=\"@rassegnastampa9\" \/>\n<meta name=\"twitter:label1\" content=\"Scritto da\" \/>\n\t<meta name=\"twitter:data1\" content=\"Redazione\" \/>\n\t<meta name=\"twitter:label2\" content=\"Tempo di lettura stimato\" \/>\n\t<meta name=\"twitter:data2\" content=\"10 minuti\" \/>\n<script type=\"application\/ld+json\" class=\"yoast-schema-graph\">{\"@context\":\"https:\\\/\\\/schema.org\",\"@graph\":[{\"@type\":\"Article\",\"@id\":\"https:\\\/\\\/www.rassegnastampa-totustuus.it\\\/cattolica\\\/cellulari-covid-e-disimpegno-degli-studenti\\\/#article\",\"isPartOf\":{\"@id\":\"https:\\\/\\\/www.rassegnastampa-totustuus.it\\\/cattolica\\\/cellulari-covid-e-disimpegno-degli-studenti\\\/\"},\"author\":{\"name\":\"Redazione\",\"@id\":\"https:\\\/\\\/www.rassegnastampa-totustuus.it\\\/cattolica\\\/#\\\/schema\\\/person\\\/08f319d2bd1a0904ad9e2bfb7b15e5c3\"},\"headline\":\"Cellulari, COVID e disimpegno degli studenti\",\"datePublished\":\"2024-05-17T16:23:29+00:00\",\"dateModified\":\"2024-05-17T16:26:39+00:00\",\"mainEntityOfPage\":{\"@id\":\"https:\\\/\\\/www.rassegnastampa-totustuus.it\\\/cattolica\\\/cellulari-covid-e-disimpegno-degli-studenti\\\/\"},\"wordCount\":1561,\"publisher\":{\"@id\":\"https:\\\/\\\/www.rassegnastampa-totustuus.it\\\/cattolica\\\/#organization\"},\"image\":{\"@id\":\"https:\\\/\\\/www.rassegnastampa-totustuus.it\\\/cattolica\\\/cellulari-covid-e-disimpegno-degli-studenti\\\/#primaryimage\"},\"thumbnailUrl\":\"https:\\\/\\\/www.rassegnastampa-totustuus.it\\\/cattolica\\\/wp-content\\\/uploads\\\/2024\\\/05\\\/covid_giovani_studenti_educazione.jpg\",\"keywords\":[\"educazione\",\"giovani\",\"pedagogia\"],\"articleSection\":[\"Scuola ed educazione\"],\"inLanguage\":\"it-IT\"},{\"@type\":\"WebPage\",\"@id\":\"https:\\\/\\\/www.rassegnastampa-totustuus.it\\\/cattolica\\\/cellulari-covid-e-disimpegno-degli-studenti\\\/\",\"url\":\"https:\\\/\\\/www.rassegnastampa-totustuus.it\\\/cattolica\\\/cellulari-covid-e-disimpegno-degli-studenti\\\/\",\"name\":\"Cellulari, COVID e disimpegno degli studenti - Rassegna Stampa Cattolica\",\"isPartOf\":{\"@id\":\"https:\\\/\\\/www.rassegnastampa-totustuus.it\\\/cattolica\\\/#website\"},\"primaryImageOfPage\":{\"@id\":\"https:\\\/\\\/www.rassegnastampa-totustuus.it\\\/cattolica\\\/cellulari-covid-e-disimpegno-degli-studenti\\\/#primaryimage\"},\"image\":{\"@id\":\"https:\\\/\\\/www.rassegnastampa-totustuus.it\\\/cattolica\\\/cellulari-covid-e-disimpegno-degli-studenti\\\/#primaryimage\"},\"thumbnailUrl\":\"https:\\\/\\\/www.rassegnastampa-totustuus.it\\\/cattolica\\\/wp-content\\\/uploads\\\/2024\\\/05\\\/covid_giovani_studenti_educazione.jpg\",\"datePublished\":\"2024-05-17T16:23:29+00:00\",\"dateModified\":\"2024-05-17T16:26:39+00:00\",\"description\":\"Cellulari, COVID e disimpegno degli studenti distruggeranno la deplorevole eredit\u00e0 dell'educazione \\\"progressista\\\" di John Dewey?\",\"breadcrumb\":{\"@id\":\"https:\\\/\\\/www.rassegnastampa-totustuus.it\\\/cattolica\\\/cellulari-covid-e-disimpegno-degli-studenti\\\/#breadcrumb\"},\"inLanguage\":\"it-IT\",\"potentialAction\":[{\"@type\":\"ReadAction\",\"target\":[\"https:\\\/\\\/www.rassegnastampa-totustuus.it\\\/cattolica\\\/cellulari-covid-e-disimpegno-degli-studenti\\\/\"]}]},{\"@type\":\"ImageObject\",\"inLanguage\":\"it-IT\",\"@id\":\"https:\\\/\\\/www.rassegnastampa-totustuus.it\\\/cattolica\\\/cellulari-covid-e-disimpegno-degli-studenti\\\/#primaryimage\",\"url\":\"https:\\\/\\\/www.rassegnastampa-totustuus.it\\\/cattolica\\\/wp-content\\\/uploads\\\/2024\\\/05\\\/covid_giovani_studenti_educazione.jpg\",\"contentUrl\":\"https:\\\/\\\/www.rassegnastampa-totustuus.it\\\/cattolica\\\/wp-content\\\/uploads\\\/2024\\\/05\\\/covid_giovani_studenti_educazione.jpg\",\"width\":300,\"height\":366},{\"@type\":\"BreadcrumbList\",\"@id\":\"https:\\\/\\\/www.rassegnastampa-totustuus.it\\\/cattolica\\\/cellulari-covid-e-disimpegno-degli-studenti\\\/#breadcrumb\",\"itemListElement\":[{\"@type\":\"ListItem\",\"position\":1,\"name\":\"Home\",\"item\":\"https:\\\/\\\/www.rassegnastampa-totustuus.it\\\/cattolica\\\/\"},{\"@type\":\"ListItem\",\"position\":2,\"name\":\"Cellulari, COVID e disimpegno degli studenti\"}]},{\"@type\":\"WebSite\",\"@id\":\"https:\\\/\\\/www.rassegnastampa-totustuus.it\\\/cattolica\\\/#website\",\"url\":\"https:\\\/\\\/www.rassegnastampa-totustuus.it\\\/cattolica\\\/\",\"name\":\"Rassegna Stampa Cattolica\",\"description\":\"Per una cultura che nasce dalla Rivelazione cristiana in conformit\u00e0 alla tradizione e al Magistero della Chiesa in opposizione ad ogni relativismo e totalitarismo\",\"publisher\":{\"@id\":\"https:\\\/\\\/www.rassegnastampa-totustuus.it\\\/cattolica\\\/#organization\"},\"alternateName\":\"Rass. Cattolica\",\"potentialAction\":[{\"@type\":\"SearchAction\",\"target\":{\"@type\":\"EntryPoint\",\"urlTemplate\":\"https:\\\/\\\/www.rassegnastampa-totustuus.it\\\/cattolica\\\/?s={search_term_string}\"},\"query-input\":{\"@type\":\"PropertyValueSpecification\",\"valueRequired\":true,\"valueName\":\"search_term_string\"}}],\"inLanguage\":\"it-IT\"},{\"@type\":\"Organization\",\"@id\":\"https:\\\/\\\/www.rassegnastampa-totustuus.it\\\/cattolica\\\/#organization\",\"name\":\"Rassegna Stampa Cattolica\",\"url\":\"https:\\\/\\\/www.rassegnastampa-totustuus.it\\\/cattolica\\\/\",\"logo\":{\"@type\":\"ImageObject\",\"inLanguage\":\"it-IT\",\"@id\":\"https:\\\/\\\/www.rassegnastampa-totustuus.it\\\/cattolica\\\/#\\\/schema\\\/logo\\\/image\\\/\",\"url\":\"https:\\\/\\\/www.rassegnastampa-totustuus.it\\\/cattolica\\\/wp-content\\\/uploads\\\/2014\\\/04\\\/logo-rassegna1.gif\",\"contentUrl\":\"https:\\\/\\\/www.rassegnastampa-totustuus.it\\\/cattolica\\\/wp-content\\\/uploads\\\/2014\\\/04\\\/logo-rassegna1.gif\",\"width\":600,\"height\":163,\"caption\":\"Rassegna Stampa Cattolica\"},\"image\":{\"@id\":\"https:\\\/\\\/www.rassegnastampa-totustuus.it\\\/cattolica\\\/#\\\/schema\\\/logo\\\/image\\\/\"},\"sameAs\":[\"https:\\\/\\\/www.facebook.com\\\/rassegnastampacattolica\",\"https:\\\/\\\/x.com\\\/rassegnastampa9\"]},{\"@type\":\"Person\",\"@id\":\"https:\\\/\\\/www.rassegnastampa-totustuus.it\\\/cattolica\\\/#\\\/schema\\\/person\\\/08f319d2bd1a0904ad9e2bfb7b15e5c3\",\"name\":\"Redazione\",\"image\":{\"@type\":\"ImageObject\",\"inLanguage\":\"it-IT\",\"@id\":\"https:\\\/\\\/secure.gravatar.com\\\/avatar\\\/2fcdf27c78ea025fbdb44e914cc63c72249ffec9dc8aafd5c82b26240ef3f346?s=96&d=mm&r=g\",\"url\":\"https:\\\/\\\/secure.gravatar.com\\\/avatar\\\/2fcdf27c78ea025fbdb44e914cc63c72249ffec9dc8aafd5c82b26240ef3f346?s=96&d=mm&r=g\",\"contentUrl\":\"https:\\\/\\\/secure.gravatar.com\\\/avatar\\\/2fcdf27c78ea025fbdb44e914cc63c72249ffec9dc8aafd5c82b26240ef3f346?s=96&d=mm&r=g\",\"caption\":\"Redazione\"},\"url\":\"https:\\\/\\\/www.rassegnastampa-totustuus.it\\\/cattolica\\\/author\\\/pietroelle\\\/\"}]}<\/script>\n<!-- \/ Yoast SEO plugin. -->","yoast_head_json":{"title":"Cellulari, COVID e disimpegno degli studenti - Rassegna Stampa Cattolica","description":"Cellulari, COVID e disimpegno degli studenti distruggeranno la deplorevole eredit\u00e0 dell'educazione \"progressista\" di John Dewey?","robots":{"index":"index","follow":"follow","max-snippet":"max-snippet:-1","max-image-preview":"max-image-preview:large","max-video-preview":"max-video-preview:-1"},"canonical":"https:\/\/www.rassegnastampa-totustuus.it\/cattolica\/cellulari-covid-e-disimpegno-degli-studenti\/","og_locale":"it_IT","og_type":"article","og_title":"Cellulari, COVID e disimpegno degli studenti - Rassegna Stampa Cattolica","og_description":"Cellulari, COVID e disimpegno degli studenti distruggeranno la deplorevole eredit\u00e0 dell'educazione \"progressista\" di John Dewey?","og_url":"https:\/\/www.rassegnastampa-totustuus.it\/cattolica\/cellulari-covid-e-disimpegno-degli-studenti\/","og_site_name":"Rassegna Stampa Cattolica","article_publisher":"https:\/\/www.facebook.com\/rassegnastampacattolica","article_published_time":"2024-05-17T16:23:29+00:00","article_modified_time":"2024-05-17T16:26:39+00:00","og_image":[{"width":300,"height":366,"url":"https:\/\/www.rassegnastampa-totustuus.it\/cattolica\/wp-content\/uploads\/2024\/05\/covid_giovani_studenti_educazione.jpg","type":"image\/jpeg"}],"author":"Redazione","twitter_card":"summary_large_image","twitter_creator":"@rassegnastampa9","twitter_site":"@rassegnastampa9","twitter_misc":{"Scritto da":"Redazione","Tempo di lettura stimato":"10 minuti"},"schema":{"@context":"https:\/\/schema.org","@graph":[{"@type":"Article","@id":"https:\/\/www.rassegnastampa-totustuus.it\/cattolica\/cellulari-covid-e-disimpegno-degli-studenti\/#article","isPartOf":{"@id":"https:\/\/www.rassegnastampa-totustuus.it\/cattolica\/cellulari-covid-e-disimpegno-degli-studenti\/"},"author":{"name":"Redazione","@id":"https:\/\/www.rassegnastampa-totustuus.it\/cattolica\/#\/schema\/person\/08f319d2bd1a0904ad9e2bfb7b15e5c3"},"headline":"Cellulari, COVID e disimpegno degli studenti","datePublished":"2024-05-17T16:23:29+00:00","dateModified":"2024-05-17T16:26:39+00:00","mainEntityOfPage":{"@id":"https:\/\/www.rassegnastampa-totustuus.it\/cattolica\/cellulari-covid-e-disimpegno-degli-studenti\/"},"wordCount":1561,"publisher":{"@id":"https:\/\/www.rassegnastampa-totustuus.it\/cattolica\/#organization"},"image":{"@id":"https:\/\/www.rassegnastampa-totustuus.it\/cattolica\/cellulari-covid-e-disimpegno-degli-studenti\/#primaryimage"},"thumbnailUrl":"https:\/\/www.rassegnastampa-totustuus.it\/cattolica\/wp-content\/uploads\/2024\/05\/covid_giovani_studenti_educazione.jpg","keywords":["educazione","giovani","pedagogia"],"articleSection":["Scuola ed educazione"],"inLanguage":"it-IT"},{"@type":"WebPage","@id":"https:\/\/www.rassegnastampa-totustuus.it\/cattolica\/cellulari-covid-e-disimpegno-degli-studenti\/","url":"https:\/\/www.rassegnastampa-totustuus.it\/cattolica\/cellulari-covid-e-disimpegno-degli-studenti\/","name":"Cellulari, COVID e disimpegno degli studenti - Rassegna Stampa Cattolica","isPartOf":{"@id":"https:\/\/www.rassegnastampa-totustuus.it\/cattolica\/#website"},"primaryImageOfPage":{"@id":"https:\/\/www.rassegnastampa-totustuus.it\/cattolica\/cellulari-covid-e-disimpegno-degli-studenti\/#primaryimage"},"image":{"@id":"https:\/\/www.rassegnastampa-totustuus.it\/cattolica\/cellulari-covid-e-disimpegno-degli-studenti\/#primaryimage"},"thumbnailUrl":"https:\/\/www.rassegnastampa-totustuus.it\/cattolica\/wp-content\/uploads\/2024\/05\/covid_giovani_studenti_educazione.jpg","datePublished":"2024-05-17T16:23:29+00:00","dateModified":"2024-05-17T16:26:39+00:00","description":"Cellulari, COVID e disimpegno degli studenti distruggeranno la deplorevole eredit\u00e0 dell'educazione \"progressista\" di John Dewey?","breadcrumb":{"@id":"https:\/\/www.rassegnastampa-totustuus.it\/cattolica\/cellulari-covid-e-disimpegno-degli-studenti\/#breadcrumb"},"inLanguage":"it-IT","potentialAction":[{"@type":"ReadAction","target":["https:\/\/www.rassegnastampa-totustuus.it\/cattolica\/cellulari-covid-e-disimpegno-degli-studenti\/"]}]},{"@type":"ImageObject","inLanguage":"it-IT","@id":"https:\/\/www.rassegnastampa-totustuus.it\/cattolica\/cellulari-covid-e-disimpegno-degli-studenti\/#primaryimage","url":"https:\/\/www.rassegnastampa-totustuus.it\/cattolica\/wp-content\/uploads\/2024\/05\/covid_giovani_studenti_educazione.jpg","contentUrl":"https:\/\/www.rassegnastampa-totustuus.it\/cattolica\/wp-content\/uploads\/2024\/05\/covid_giovani_studenti_educazione.jpg","width":300,"height":366},{"@type":"BreadcrumbList","@id":"https:\/\/www.rassegnastampa-totustuus.it\/cattolica\/cellulari-covid-e-disimpegno-degli-studenti\/#breadcrumb","itemListElement":[{"@type":"ListItem","position":1,"name":"Home","item":"https:\/\/www.rassegnastampa-totustuus.it\/cattolica\/"},{"@type":"ListItem","position":2,"name":"Cellulari, COVID e disimpegno degli studenti"}]},{"@type":"WebSite","@id":"https:\/\/www.rassegnastampa-totustuus.it\/cattolica\/#website","url":"https:\/\/www.rassegnastampa-totustuus.it\/cattolica\/","name":"Rassegna Stampa Cattolica","description":"Per una cultura che nasce dalla Rivelazione cristiana in conformit\u00e0 alla tradizione e al Magistero della Chiesa in opposizione ad ogni relativismo e totalitarismo","publisher":{"@id":"https:\/\/www.rassegnastampa-totustuus.it\/cattolica\/#organization"},"alternateName":"Rass. Cattolica","potentialAction":[{"@type":"SearchAction","target":{"@type":"EntryPoint","urlTemplate":"https:\/\/www.rassegnastampa-totustuus.it\/cattolica\/?s={search_term_string}"},"query-input":{"@type":"PropertyValueSpecification","valueRequired":true,"valueName":"search_term_string"}}],"inLanguage":"it-IT"},{"@type":"Organization","@id":"https:\/\/www.rassegnastampa-totustuus.it\/cattolica\/#organization","name":"Rassegna Stampa Cattolica","url":"https:\/\/www.rassegnastampa-totustuus.it\/cattolica\/","logo":{"@type":"ImageObject","inLanguage":"it-IT","@id":"https:\/\/www.rassegnastampa-totustuus.it\/cattolica\/#\/schema\/logo\/image\/","url":"https:\/\/www.rassegnastampa-totustuus.it\/cattolica\/wp-content\/uploads\/2014\/04\/logo-rassegna1.gif","contentUrl":"https:\/\/www.rassegnastampa-totustuus.it\/cattolica\/wp-content\/uploads\/2014\/04\/logo-rassegna1.gif","width":600,"height":163,"caption":"Rassegna Stampa Cattolica"},"image":{"@id":"https:\/\/www.rassegnastampa-totustuus.it\/cattolica\/#\/schema\/logo\/image\/"},"sameAs":["https:\/\/www.facebook.com\/rassegnastampacattolica","https:\/\/x.com\/rassegnastampa9"]},{"@type":"Person","@id":"https:\/\/www.rassegnastampa-totustuus.it\/cattolica\/#\/schema\/person\/08f319d2bd1a0904ad9e2bfb7b15e5c3","name":"Redazione","image":{"@type":"ImageObject","inLanguage":"it-IT","@id":"https:\/\/secure.gravatar.com\/avatar\/2fcdf27c78ea025fbdb44e914cc63c72249ffec9dc8aafd5c82b26240ef3f346?s=96&d=mm&r=g","url":"https:\/\/secure.gravatar.com\/avatar\/2fcdf27c78ea025fbdb44e914cc63c72249ffec9dc8aafd5c82b26240ef3f346?s=96&d=mm&r=g","contentUrl":"https:\/\/secure.gravatar.com\/avatar\/2fcdf27c78ea025fbdb44e914cc63c72249ffec9dc8aafd5c82b26240ef3f346?s=96&d=mm&r=g","caption":"Redazione"},"url":"https:\/\/www.rassegnastampa-totustuus.it\/cattolica\/author\/pietroelle\/"}]}},"_links":{"self":[{"href":"https:\/\/www.rassegnastampa-totustuus.it\/cattolica\/wp-json\/wp\/v2\/posts\/60493","targetHints":{"allow":["GET"]}}],"collection":[{"href":"https:\/\/www.rassegnastampa-totustuus.it\/cattolica\/wp-json\/wp\/v2\/posts"}],"about":[{"href":"https:\/\/www.rassegnastampa-totustuus.it\/cattolica\/wp-json\/wp\/v2\/types\/post"}],"author":[{"embeddable":true,"href":"https:\/\/www.rassegnastampa-totustuus.it\/cattolica\/wp-json\/wp\/v2\/users\/6"}],"replies":[{"embeddable":true,"href":"https:\/\/www.rassegnastampa-totustuus.it\/cattolica\/wp-json\/wp\/v2\/comments?post=60493"}],"version-history":[{"count":2,"href":"https:\/\/www.rassegnastampa-totustuus.it\/cattolica\/wp-json\/wp\/v2\/posts\/60493\/revisions"}],"predecessor-version":[{"id":60498,"href":"https:\/\/www.rassegnastampa-totustuus.it\/cattolica\/wp-json\/wp\/v2\/posts\/60493\/revisions\/60498"}],"wp:featuredmedia":[{"embeddable":true,"href":"https:\/\/www.rassegnastampa-totustuus.it\/cattolica\/wp-json\/wp\/v2\/media\/60495"}],"wp:attachment":[{"href":"https:\/\/www.rassegnastampa-totustuus.it\/cattolica\/wp-json\/wp\/v2\/media?parent=60493"}],"wp:term":[{"taxonomy":"category","embeddable":true,"href":"https:\/\/www.rassegnastampa-totustuus.it\/cattolica\/wp-json\/wp\/v2\/categories?post=60493"},{"taxonomy":"post_tag","embeddable":true,"href":"https:\/\/www.rassegnastampa-totustuus.it\/cattolica\/wp-json\/wp\/v2\/tags?post=60493"}],"curies":[{"name":"wp","href":"https:\/\/api.w.org\/{rel}","templated":true}]}}