{"id":60346,"date":"2024-05-14T12:11:32","date_gmt":"2024-05-14T10:11:32","guid":{"rendered":"https:\/\/www.rassegnastampa-totustuus.it\/cattolica\/?p=60346"},"modified":"2024-05-14T12:12:07","modified_gmt":"2024-05-14T10:12:07","slug":"come-il-68-ci-ha-rubato-lanima","status":"publish","type":"post","link":"https:\/\/www.rassegnastampa-totustuus.it\/cattolica\/come-il-68-ci-ha-rubato-lanima\/","title":{"rendered":"Come il &#8217;68 ci ha rubato l&#8217;anima"},"content":{"rendered":"<p style=\"text-align: justify;\"><span style=\"color: #000000;\"><strong><img loading=\"lazy\" decoding=\"async\" class=\" wp-image-55433 alignleft\" src=\"https:\/\/www.rassegnastampa-totustuus.it\/cattolica\/wp-content\/uploads\/2023\/01\/68.jpg\" alt=\"\" width=\"311\" height=\"209\" \/>Abstract:<\/strong><em>\u00a0 come il &#8217;68 ci ha rubato l&#8217;anima. Un popolo buono e semplice \u2013 come era l\u2019Italia degli anni Sessanta \u2013 a cui l\u2019invasione lanzichenecca delle ideologie, la peste che spazz\u00f2 via i padri e il potere delle aristocrazie per sostituirli con una valanga untuosa e insopportabile di retorica giovanilistica come se i giovani avessero sempre ragione, anche se dicono sciocchezze o si mostrano intolleranti e prepotenti. per tutti i 56 anni che ci separano dal nefasto Sessantotto: ogni volta, ad ogni sussulto o cagnara studentesca, <span style=\"color: #000000;\">abbiamo visto attempati giornalisti, politici e intellettuali lusingare, coccolare e applaudire \u201ci gggiovani\u201d.<\/span><\/em><\/span><\/p>\n<p><!--more--><\/p>\n<p style=\"text-align: center;\"><strong><a href=\"https:\/\/www.antoniosocci.com\/\" target=\"_blank\" rel=\"noopener\"><span style=\"color: #0000ff;\">Lo Straniero<\/span><\/a><\/strong> <span style=\"color: #000000;\">blog 12 Maggio 2024<\/span><\/p>\n<h3 style=\"text-align: center;\"><strong>Il \u201968, i manifestanti di oggi, la scomparsa dei padri, i giovani che cercano <\/strong><\/h3>\n<h3 style=\"text-align: center;\"><strong>il senso della vita. Un popolo a cui si \u00e8 cercato di rubare l\u2019anima<\/strong><\/h3>\n<p style=\"text-align: center;\"><span style=\"color: #000000;\">di <strong>Antonio Socci <\/strong><\/span><\/p>\n<p style=\"text-align: justify;\"><span style=\"color: #000000;\">I giovani, i giovani\u2026 quanti <strong>vecchi sessantottini<\/strong> sempre l\u00ec a <strong>blandire \u201ci gggiovani\u201d<\/strong>. Oggi come ieri, come l\u2019altro ieri, una valanga di untuosa melassa, una sequela insopportabile di <strong>retorica giovanilistica<\/strong>, come se i giovani avessero sempre ragione, anche se dicono <strong>sciocchezze<\/strong> o si mostrano <strong>intolleranti e prepotenti<\/strong>. Com\u2019\u00e8 cominciata questa commedia?<\/span><\/p>\n<p style=\"text-align: justify;\"><span style=\"color: #000000;\"><img loading=\"lazy\" decoding=\"async\" class=\"size-full wp-image-32072 alignleft\" src=\"https:\/\/www.rassegnastampa-totustuus.it\/cattolica\/wp-content\/uploads\/2005\/09\/Pierpaolo-Pasolini-1.jpg\" alt=\"\" width=\"180\" height=\"268\" \/>Nella famosa poesia in cui si schierava <strong>con i poliziotti (proletari) contro gli studenti (figli di pap\u00e0)<\/strong>, negli scontri romani di Valle Giulia (simbolo ed esordio del \u201968), a un certo punto <strong>Pier Paolo Pasolini<\/strong> scriveva: \u201c<strong>Adesso i giornalisti di tutto il mondo<\/strong> (compresi quelli delle televisioni) <strong>vi leccano<\/strong> (come credo ancora si dica nel linguaggio delle Universit\u00e0) <strong>il culo. Io no, amici<\/strong>\u201d.<\/span><\/p>\n<p style=\"text-align: justify;\"><span style=\"color: #000000;\">La sua ruvida constatazione, espressa nello sbrigativo slang giovanile (\u201cvi leccano il culo\u201d), sembra fotografare <strong>ci\u00f2 che sarebbe accaduto da quel momento in poi<\/strong>, per tutti i 56 anni che ci separano dal nefasto Sessantotto: ogni volta, ad ogni sussulto o cagnara studentesca, <strong>abbiamo visto attempati giornalisti, politici e intellettuali lusingare, coccolare e applaudire \u201ci gggiovani\u201d<\/strong>.<\/span><\/p>\n<p style=\"text-align: justify;\"><span style=\"color: #000000;\">In genere giornalisti, politici e intellettuali <em>mainstream<\/em>, quindi <strong>\u201cde sinistra\u201d<\/strong>, che sentono <strong>un\u2019affinit\u00e0 ideologica<\/strong> con gli slogan e le idee \u2013 quasi sempre sgangherate, superficiali e ipocrite \u2013 urlate nelle piazze, nelle universit\u00e0 e nelle scuole.<\/span><\/p>\n<p style=\"text-align: justify;\"><span style=\"color: #000000;\">Questa \u00e8 stata (ed \u00e8) <strong>la tragedia dei giovani<\/strong> che dal Sessantotto in poi \u2013 <strong>invece di avere a che fare con padri o maestri che dicevano loro la verit\u00e0<\/strong> \u2013 si sono trovati ad essere <strong>blanditi, vezzeggiati, corteggiati<\/strong>, illudendosi davvero di rappresentare il Bene, la Purezza che combatte il Male e lo schifo del mondo. E <strong>illudendosi di essere coraggiosamente anticonformista<\/strong> (magari sostituendo i padri con dei padroni).<\/span><\/p>\n<p style=\"text-align: justify;\"><span style=\"color: #000000;\">Tanti di noi sono passati da <strong>questa ridicola autoesaltazione<\/strong>, soprattutto chi \u00e8 arrivato al liceo negli anni Settanta e di colpo si \u00e8 trovato immerso in una sorta di Comune rivoluzionaria, con <strong>ragazzotti<\/strong> (perlopi\u00f9 figli di pap\u00e0) che poco prima avevano i pantaloni corti e che a fatica avevano letto un libro, <strong>che si improvvisavano focosi rivoluzionari<\/strong> pronti a sdottoreggiare nel gergo di un Marx di cui sapevano meno di niente.<\/span><\/p>\n<p style=\"text-align: justify;\"><span style=\"color: #000000;\"><img loading=\"lazy\" decoding=\"async\" class=\" wp-image-45945 alignright\" src=\"https:\/\/www.rassegnastampa-totustuus.it\/cattolica\/wp-content\/uploads\/2020\/01\/Spagna_1968.jpg\" alt=\"\" width=\"319\" height=\"212\" \/>Tuttavia bastavano un minimo di sincerit\u00e0 con se stessi e <strong>un po\u2019 di senso del ridicolo<\/strong>, anche a 14 anni, per capire in pochi mesi come stavano davvero le cose.<\/span><\/p>\n<p style=\"text-align: justify;\"><span style=\"color: #000000;\">La <strong>convinzione <\/strong>che mi feci allora, confermata dai fatti successivi, \u00e8 questa: mi pare che, in buona parte, <strong>i giovani (compreso il me stesso dei miei primi mesi di liceo) siano il gruppo umano tendenzialmente pi\u00f9<\/strong> <strong>conformista, pi\u00f9 manipolabile, pi\u00f9 superficiale e pi\u00f9 presuntuoso della societ\u00e0<\/strong>.<\/span><\/p>\n<p style=\"text-align: justify;\"><span style=\"color: #000000;\">Infatti vanno facilmente <strong>dietro a idoli di cartapesta e a cattivi maestri<\/strong> come i topolini con <strong>il pifferaio di Hamelin<\/strong>. Non a caso \u2013 nel Novecento (ma anche prima) \u2013 sono stati <strong>adulati da movimenti e regimi totalitari e si sono intruppati<\/strong> cos\u00ec entusiasticamente. \u00c8 perfino imbarazzante ricordare <strong>quanti e quali tiranni o regimi o ideologie hanno esaltato i giovani dal Sessantotto (e non solo)<\/strong>.<\/span><\/p>\n<p style=\"text-align: justify;\"><span style=\"color: #000000;\">Parte dell\u2019attempata classe dirigente di oggi viene da quella stagione disastrosa e <strong>non l\u2019ha mai veramente superata<\/strong>, spesso nemmeno quando \u2013 in apparenza \u2013 ha fatto il \u201csalto della quaglia\u201d nel campo politico opposto. Perch\u00e9 <strong>il problema del Sessantotto non era anzitutto politico: era esistenziale. Era spirituale<\/strong>.<\/span><\/p>\n<p style=\"text-align: justify;\"><span style=\"color: #000000;\">Per la prima volta, in quei pochi anni, era stato <strong>spezzato (per molte cause) ogni legame morale con le generazioni precedenti<\/strong>, con ci\u00f2 per cui loro avevano vissuto, con ci\u00f2 che avevano costruito e amato nei secoli. Con la loro eredit\u00e0 spirituale e materiale.<\/span><\/p>\n<p style=\"text-align: justify;\"><span style=\"color: #000000;\"><strong><img loading=\"lazy\" decoding=\"async\" class=\" wp-image-46937 alignleft\" src=\"https:\/\/www.rassegnastampa-totustuus.it\/cattolica\/wp-content\/uploads\/2020\/04\/68.jpg\" alt=\"\" width=\"296\" height=\"306\" \/>In quel vuoto immane quella generazione si \u00e8 persa. <\/strong>C\u2019era una <strong>domanda di significato, di felicit\u00e0<\/strong> che era dirompente e inevasa, ma che <strong>non poteva trovare risposta nella politica<\/strong>. Averlo creduto \u00e8 ci\u00f2 che ha portato al <strong>fanatismo ideologico<\/strong> e alla <strong>deriva umana <\/strong>di una generazione che poi ha conosciuto una <strong>violenza politica diffusa<\/strong> (quasi come una guerra civile) e <strong>il dilagare delle droghe a livello di massa<\/strong>.<\/span><\/p>\n<p style=\"text-align: justify;\"><span style=\"color: #000000;\">Bisognerebbe rileggere quegli anni della contestazione giovanile \u2013 modello di ogni successiva replica \u2013 con <strong>tenerezza verso quell\u2019ignara giovinezza, ma senza complice indulgenza verso i suoi errori, i suoi abbagli, la sua presunzione e la sua arroganza<\/strong>.<\/span><\/p>\n<p style=\"text-align: justify;\"><span style=\"color: #000000;\">Ci vorrebbe il tocco lieve della letteratura per capirne l\u2019anima. Mi \u00e8 capitato di trovarlo in un romanzo in uscita proprio in questi giorni, <strong><em>Figli di ieri <\/em>(Ares) di Elisabetta Sala<\/strong>. Uno sguardo raro. Specialmente in questi giorni \u00e8 una lettura salutare. \u00c8 <strong>un bellissimo romanzo di formazione<\/strong>. Lo consiglio caldamente a chi ha vissuto quegli anni e a chi non li ha vissuti.<\/span><\/p>\n<p style=\"text-align: justify;\"><span style=\"color: #000000;\">Si tratta di un formidabile <strong>affresco della generazione che voleva cambiare il mondo (e non ha mai cambiato se stessa)<\/strong> vista attraverso la vicenda di due giovani, <strong>Costantino e Sara<\/strong>, che studiano al liceo Beccaria di Milano.<\/span><\/p>\n<p style=\"text-align: justify;\"><span style=\"color: #000000;\">Lui, nato in Valcamonica, a dieci anni, nel 1965, segue la famiglia inurbata nella metropoli e \u2013 con il suo desiderio di vita, la sua ansia di giustizia e di sincerit\u00e0 \u2013 da montanaro adolescente si trova <strong>investito dal ciclone della contestazione studentesca<\/strong>.<\/span><\/p>\n<p style=\"text-align: justify;\"><span style=\"color: #000000;\">Come Sara, personaggio affascinante e misterioso, con una famiglia disastrata alle spalle, che vivr\u00e0 il cambiamento pi\u00f9 sorprendente, pi\u00f9 vertiginoso e alla fine drammatico.<\/span><\/p>\n<p style=\"text-align: justify;\"><span style=\"color: #000000;\"><img loading=\"lazy\" decoding=\"async\" class=\" wp-image-8968 alignright\" src=\"https:\/\/www.rassegnastampa-totustuus.it\/cattolica\/wp-content\/uploads\/2014\/07\/giovani.jpg\" alt=\"\" width=\"333\" height=\"238\" \/>\u00c8 un romanzo che \u2013 come la migliore letteratura \u2013 <strong>sa vedere il dolore che sfugge alla sociologia e alla storiografia<\/strong>: coglie <strong>l\u2019epoca dei cattivi maestri<\/strong> e <strong>l\u2019anima inquieta di una generazione di figli senza pi\u00f9 padri che desiderano essere amati e cercano il senso<\/strong> <strong>della vita<\/strong> (andrebbe letto insieme al libro-testimonianza di <strong>Luigi Amicone, <em>Nel nome del niente<\/em><\/strong>).<\/span><\/p>\n<p style=\"text-align: justify;\"><span style=\"color: #000000;\">Ma \u2013 sar\u00e0 per l\u2019ambientazione lombarda, sar\u00e0 perch\u00e9 in fondo \u00e8 la storia d\u2019amore di due giovani travolti da uno sconvolgimento storico \u2013 il romanzo della Sala, pur non avendo nulla a che fare con la trama dei <em>Promessi Sposi<\/em>, <strong>rappresenta, come il capolavoro manzoniano, l\u2019epopea di un popolo<\/strong>.<\/span><\/p>\n<p style=\"text-align: justify;\"><span style=\"color: #000000;\"><strong>Un popolo buono e semplice \u2013 come era l\u2019Italia degli anni Sessanta \u2013 a cui l\u2019invasione lanzichenecca delle ideologie, la peste che spazz\u00f2 via i padri e il potere delle aristocrazie ha cercato di rubare l\u2019anima<\/strong>.<\/span><\/p>\n<p>_____________________________________________________<\/p>\n<p><strong><span style=\"color: #000000;\">Leggi anche:\u00a0<\/span><\/strong><\/p>\n<p><span style=\"color: #0000ff;\"><a style=\"color: #0000ff;\" href=\"https:\/\/www.rassegnastampa-totustuus.it\/cattolica\/il-68-e-il-sogno-del-male\/\" target=\"_blank\" rel=\"noopener\">Il &#8217;68 e il sogno del male<\/a><\/span><\/p>\n","protected":false},"excerpt":{"rendered":"<p>Abstract:\u00a0 come il &#8217;68 ci ha rubato l&#8217;anima. Un popolo buono e semplice \u2013 come era l\u2019Italia degli anni Sessanta \u2013 a cui l\u2019invasione lanzichenecca delle ideologie, la peste che spazz\u00f2 via i padri e il potere delle aristocrazie per sostituirli con una valanga untuosa e insopportabile di retorica giovanilistica come se i giovani avessero &hellip; <\/p>\n<p><a class=\"more-link btn\" href=\"https:\/\/www.rassegnastampa-totustuus.it\/cattolica\/come-il-68-ci-ha-rubato-lanima\/\">Continua a leggere<\/a><\/p>\n","protected":false},"author":6,"featured_media":55433,"comment_status":"closed","ping_status":"closed","sticky":false,"template":"","format":"standard","meta":{"footnotes":""},"categories":[98,25],"tags":[573,1496,558],"class_list":["post-60346","post","type-post","status-publish","format-standard","has-post-thumbnail","hentry","category-il-68","category-sguardo-sul-nostro-tempo","tag-giovani","tag-il-68-2","tag-sguardo-sul-nostro-tempo-2","item-wrap"],"yoast_head":"<!-- This site is optimized with the Yoast SEO plugin v27.5 - https:\/\/yoast.com\/product\/yoast-seo-wordpress\/ -->\n<title>Come il &#039;68 ci ha rubato l&#039;anima - Rassegna Stampa Cattolica<\/title>\n<meta name=\"description\" content=\"Come il &#039;68 ci ha rubato l&#039;anima con l&#039;invasione lanzichenecca delle ideologie, la peste che spazz\u00f2 via i padri\" \/>\n<meta name=\"robots\" content=\"index, follow, max-snippet:-1, max-image-preview:large, max-video-preview:-1\" \/>\n<link rel=\"canonical\" href=\"https:\/\/www.rassegnastampa-totustuus.it\/cattolica\/come-il-68-ci-ha-rubato-lanima\/\" \/>\n<meta property=\"og:locale\" content=\"it_IT\" \/>\n<meta property=\"og:type\" content=\"article\" \/>\n<meta property=\"og:title\" content=\"Come il &#039;68 ci ha rubato l&#039;anima - Rassegna Stampa Cattolica\" \/>\n<meta property=\"og:description\" content=\"Come il &#039;68 ci ha rubato l&#039;anima con l&#039;invasione lanzichenecca delle ideologie, la peste che spazz\u00f2 via i padri\" \/>\n<meta property=\"og:url\" content=\"https:\/\/www.rassegnastampa-totustuus.it\/cattolica\/come-il-68-ci-ha-rubato-lanima\/\" \/>\n<meta property=\"og:site_name\" content=\"Rassegna Stampa Cattolica\" \/>\n<meta property=\"article:publisher\" content=\"https:\/\/www.facebook.com\/rassegnastampacattolica\" \/>\n<meta property=\"article:published_time\" content=\"2024-05-14T10:11:32+00:00\" \/>\n<meta property=\"article:modified_time\" content=\"2024-05-14T10:12:07+00:00\" \/>\n<meta property=\"og:image\" content=\"https:\/\/www.rassegnastampa-totustuus.it\/cattolica\/wp-content\/uploads\/2023\/01\/68.jpg\" \/>\n\t<meta property=\"og:image:width\" content=\"274\" \/>\n\t<meta property=\"og:image:height\" content=\"184\" \/>\n\t<meta property=\"og:image:type\" content=\"image\/jpeg\" \/>\n<meta name=\"author\" content=\"Redazione\" \/>\n<meta name=\"twitter:card\" content=\"summary_large_image\" \/>\n<meta name=\"twitter:creator\" content=\"@rassegnastampa9\" \/>\n<meta name=\"twitter:site\" content=\"@rassegnastampa9\" \/>\n<meta name=\"twitter:label1\" content=\"Scritto da\" \/>\n\t<meta name=\"twitter:data1\" content=\"Redazione\" \/>\n\t<meta name=\"twitter:label2\" content=\"Tempo di lettura stimato\" \/>\n\t<meta name=\"twitter:data2\" content=\"8 minuti\" \/>\n<script type=\"application\/ld+json\" class=\"yoast-schema-graph\">{\"@context\":\"https:\\\/\\\/schema.org\",\"@graph\":[{\"@type\":\"Article\",\"@id\":\"https:\\\/\\\/www.rassegnastampa-totustuus.it\\\/cattolica\\\/come-il-68-ci-ha-rubato-lanima\\\/#article\",\"isPartOf\":{\"@id\":\"https:\\\/\\\/www.rassegnastampa-totustuus.it\\\/cattolica\\\/come-il-68-ci-ha-rubato-lanima\\\/\"},\"author\":{\"name\":\"Redazione\",\"@id\":\"https:\\\/\\\/www.rassegnastampa-totustuus.it\\\/cattolica\\\/#\\\/schema\\\/person\\\/08f319d2bd1a0904ad9e2bfb7b15e5c3\"},\"headline\":\"Come il &#8217;68 ci ha rubato l&#8217;anima\",\"datePublished\":\"2024-05-14T10:11:32+00:00\",\"dateModified\":\"2024-05-14T10:12:07+00:00\",\"mainEntityOfPage\":{\"@id\":\"https:\\\/\\\/www.rassegnastampa-totustuus.it\\\/cattolica\\\/come-il-68-ci-ha-rubato-lanima\\\/\"},\"wordCount\":1122,\"publisher\":{\"@id\":\"https:\\\/\\\/www.rassegnastampa-totustuus.it\\\/cattolica\\\/#organization\"},\"image\":{\"@id\":\"https:\\\/\\\/www.rassegnastampa-totustuus.it\\\/cattolica\\\/come-il-68-ci-ha-rubato-lanima\\\/#primaryimage\"},\"thumbnailUrl\":\"https:\\\/\\\/www.rassegnastampa-totustuus.it\\\/cattolica\\\/wp-content\\\/uploads\\\/2023\\\/01\\\/68.jpg\",\"keywords\":[\"giovani\",\"il 68\",\"sguardo sul nostro tempo\"],\"articleSection\":[\"Il 68\",\"Sguardo sul nostro tempo\"],\"inLanguage\":\"it-IT\"},{\"@type\":\"WebPage\",\"@id\":\"https:\\\/\\\/www.rassegnastampa-totustuus.it\\\/cattolica\\\/come-il-68-ci-ha-rubato-lanima\\\/\",\"url\":\"https:\\\/\\\/www.rassegnastampa-totustuus.it\\\/cattolica\\\/come-il-68-ci-ha-rubato-lanima\\\/\",\"name\":\"Come il '68 ci ha rubato l'anima - Rassegna Stampa Cattolica\",\"isPartOf\":{\"@id\":\"https:\\\/\\\/www.rassegnastampa-totustuus.it\\\/cattolica\\\/#website\"},\"primaryImageOfPage\":{\"@id\":\"https:\\\/\\\/www.rassegnastampa-totustuus.it\\\/cattolica\\\/come-il-68-ci-ha-rubato-lanima\\\/#primaryimage\"},\"image\":{\"@id\":\"https:\\\/\\\/www.rassegnastampa-totustuus.it\\\/cattolica\\\/come-il-68-ci-ha-rubato-lanima\\\/#primaryimage\"},\"thumbnailUrl\":\"https:\\\/\\\/www.rassegnastampa-totustuus.it\\\/cattolica\\\/wp-content\\\/uploads\\\/2023\\\/01\\\/68.jpg\",\"datePublished\":\"2024-05-14T10:11:32+00:00\",\"dateModified\":\"2024-05-14T10:12:07+00:00\",\"description\":\"Come il '68 ci ha rubato l'anima con l'invasione lanzichenecca delle ideologie, la peste che spazz\u00f2 via i padri\",\"breadcrumb\":{\"@id\":\"https:\\\/\\\/www.rassegnastampa-totustuus.it\\\/cattolica\\\/come-il-68-ci-ha-rubato-lanima\\\/#breadcrumb\"},\"inLanguage\":\"it-IT\",\"potentialAction\":[{\"@type\":\"ReadAction\",\"target\":[\"https:\\\/\\\/www.rassegnastampa-totustuus.it\\\/cattolica\\\/come-il-68-ci-ha-rubato-lanima\\\/\"]}]},{\"@type\":\"ImageObject\",\"inLanguage\":\"it-IT\",\"@id\":\"https:\\\/\\\/www.rassegnastampa-totustuus.it\\\/cattolica\\\/come-il-68-ci-ha-rubato-lanima\\\/#primaryimage\",\"url\":\"https:\\\/\\\/www.rassegnastampa-totustuus.it\\\/cattolica\\\/wp-content\\\/uploads\\\/2023\\\/01\\\/68.jpg\",\"contentUrl\":\"https:\\\/\\\/www.rassegnastampa-totustuus.it\\\/cattolica\\\/wp-content\\\/uploads\\\/2023\\\/01\\\/68.jpg\",\"width\":274,\"height\":184},{\"@type\":\"BreadcrumbList\",\"@id\":\"https:\\\/\\\/www.rassegnastampa-totustuus.it\\\/cattolica\\\/come-il-68-ci-ha-rubato-lanima\\\/#breadcrumb\",\"itemListElement\":[{\"@type\":\"ListItem\",\"position\":1,\"name\":\"Home\",\"item\":\"https:\\\/\\\/www.rassegnastampa-totustuus.it\\\/cattolica\\\/\"},{\"@type\":\"ListItem\",\"position\":2,\"name\":\"Come il &#8217;68 ci ha rubato l&#8217;anima\"}]},{\"@type\":\"WebSite\",\"@id\":\"https:\\\/\\\/www.rassegnastampa-totustuus.it\\\/cattolica\\\/#website\",\"url\":\"https:\\\/\\\/www.rassegnastampa-totustuus.it\\\/cattolica\\\/\",\"name\":\"Rassegna Stampa Cattolica\",\"description\":\"Per una cultura che nasce dalla Rivelazione cristiana in conformit\u00e0 alla tradizione e al Magistero della Chiesa in opposizione ad ogni relativismo e totalitarismo\",\"publisher\":{\"@id\":\"https:\\\/\\\/www.rassegnastampa-totustuus.it\\\/cattolica\\\/#organization\"},\"alternateName\":\"Rass. Cattolica\",\"potentialAction\":[{\"@type\":\"SearchAction\",\"target\":{\"@type\":\"EntryPoint\",\"urlTemplate\":\"https:\\\/\\\/www.rassegnastampa-totustuus.it\\\/cattolica\\\/?s={search_term_string}\"},\"query-input\":{\"@type\":\"PropertyValueSpecification\",\"valueRequired\":true,\"valueName\":\"search_term_string\"}}],\"inLanguage\":\"it-IT\"},{\"@type\":\"Organization\",\"@id\":\"https:\\\/\\\/www.rassegnastampa-totustuus.it\\\/cattolica\\\/#organization\",\"name\":\"Rassegna Stampa Cattolica\",\"url\":\"https:\\\/\\\/www.rassegnastampa-totustuus.it\\\/cattolica\\\/\",\"logo\":{\"@type\":\"ImageObject\",\"inLanguage\":\"it-IT\",\"@id\":\"https:\\\/\\\/www.rassegnastampa-totustuus.it\\\/cattolica\\\/#\\\/schema\\\/logo\\\/image\\\/\",\"url\":\"https:\\\/\\\/www.rassegnastampa-totustuus.it\\\/cattolica\\\/wp-content\\\/uploads\\\/2014\\\/04\\\/logo-rassegna1.gif\",\"contentUrl\":\"https:\\\/\\\/www.rassegnastampa-totustuus.it\\\/cattolica\\\/wp-content\\\/uploads\\\/2014\\\/04\\\/logo-rassegna1.gif\",\"width\":600,\"height\":163,\"caption\":\"Rassegna Stampa Cattolica\"},\"image\":{\"@id\":\"https:\\\/\\\/www.rassegnastampa-totustuus.it\\\/cattolica\\\/#\\\/schema\\\/logo\\\/image\\\/\"},\"sameAs\":[\"https:\\\/\\\/www.facebook.com\\\/rassegnastampacattolica\",\"https:\\\/\\\/x.com\\\/rassegnastampa9\"]},{\"@type\":\"Person\",\"@id\":\"https:\\\/\\\/www.rassegnastampa-totustuus.it\\\/cattolica\\\/#\\\/schema\\\/person\\\/08f319d2bd1a0904ad9e2bfb7b15e5c3\",\"name\":\"Redazione\",\"image\":{\"@type\":\"ImageObject\",\"inLanguage\":\"it-IT\",\"@id\":\"https:\\\/\\\/secure.gravatar.com\\\/avatar\\\/2fcdf27c78ea025fbdb44e914cc63c72249ffec9dc8aafd5c82b26240ef3f346?s=96&d=mm&r=g\",\"url\":\"https:\\\/\\\/secure.gravatar.com\\\/avatar\\\/2fcdf27c78ea025fbdb44e914cc63c72249ffec9dc8aafd5c82b26240ef3f346?s=96&d=mm&r=g\",\"contentUrl\":\"https:\\\/\\\/secure.gravatar.com\\\/avatar\\\/2fcdf27c78ea025fbdb44e914cc63c72249ffec9dc8aafd5c82b26240ef3f346?s=96&d=mm&r=g\",\"caption\":\"Redazione\"},\"url\":\"https:\\\/\\\/www.rassegnastampa-totustuus.it\\\/cattolica\\\/author\\\/pietroelle\\\/\"}]}<\/script>\n<!-- \/ Yoast SEO plugin. -->","yoast_head_json":{"title":"Come il '68 ci ha rubato l'anima - Rassegna Stampa Cattolica","description":"Come il '68 ci ha rubato l'anima con l'invasione lanzichenecca delle ideologie, la peste che spazz\u00f2 via i padri","robots":{"index":"index","follow":"follow","max-snippet":"max-snippet:-1","max-image-preview":"max-image-preview:large","max-video-preview":"max-video-preview:-1"},"canonical":"https:\/\/www.rassegnastampa-totustuus.it\/cattolica\/come-il-68-ci-ha-rubato-lanima\/","og_locale":"it_IT","og_type":"article","og_title":"Come il '68 ci ha rubato l'anima - Rassegna Stampa Cattolica","og_description":"Come il '68 ci ha rubato l'anima con l'invasione lanzichenecca delle ideologie, la peste che spazz\u00f2 via i padri","og_url":"https:\/\/www.rassegnastampa-totustuus.it\/cattolica\/come-il-68-ci-ha-rubato-lanima\/","og_site_name":"Rassegna Stampa Cattolica","article_publisher":"https:\/\/www.facebook.com\/rassegnastampacattolica","article_published_time":"2024-05-14T10:11:32+00:00","article_modified_time":"2024-05-14T10:12:07+00:00","og_image":[{"width":274,"height":184,"url":"https:\/\/www.rassegnastampa-totustuus.it\/cattolica\/wp-content\/uploads\/2023\/01\/68.jpg","type":"image\/jpeg"}],"author":"Redazione","twitter_card":"summary_large_image","twitter_creator":"@rassegnastampa9","twitter_site":"@rassegnastampa9","twitter_misc":{"Scritto da":"Redazione","Tempo di lettura stimato":"8 minuti"},"schema":{"@context":"https:\/\/schema.org","@graph":[{"@type":"Article","@id":"https:\/\/www.rassegnastampa-totustuus.it\/cattolica\/come-il-68-ci-ha-rubato-lanima\/#article","isPartOf":{"@id":"https:\/\/www.rassegnastampa-totustuus.it\/cattolica\/come-il-68-ci-ha-rubato-lanima\/"},"author":{"name":"Redazione","@id":"https:\/\/www.rassegnastampa-totustuus.it\/cattolica\/#\/schema\/person\/08f319d2bd1a0904ad9e2bfb7b15e5c3"},"headline":"Come il &#8217;68 ci ha rubato l&#8217;anima","datePublished":"2024-05-14T10:11:32+00:00","dateModified":"2024-05-14T10:12:07+00:00","mainEntityOfPage":{"@id":"https:\/\/www.rassegnastampa-totustuus.it\/cattolica\/come-il-68-ci-ha-rubato-lanima\/"},"wordCount":1122,"publisher":{"@id":"https:\/\/www.rassegnastampa-totustuus.it\/cattolica\/#organization"},"image":{"@id":"https:\/\/www.rassegnastampa-totustuus.it\/cattolica\/come-il-68-ci-ha-rubato-lanima\/#primaryimage"},"thumbnailUrl":"https:\/\/www.rassegnastampa-totustuus.it\/cattolica\/wp-content\/uploads\/2023\/01\/68.jpg","keywords":["giovani","il 68","sguardo sul nostro tempo"],"articleSection":["Il 68","Sguardo sul nostro tempo"],"inLanguage":"it-IT"},{"@type":"WebPage","@id":"https:\/\/www.rassegnastampa-totustuus.it\/cattolica\/come-il-68-ci-ha-rubato-lanima\/","url":"https:\/\/www.rassegnastampa-totustuus.it\/cattolica\/come-il-68-ci-ha-rubato-lanima\/","name":"Come il '68 ci ha rubato l'anima - Rassegna Stampa Cattolica","isPartOf":{"@id":"https:\/\/www.rassegnastampa-totustuus.it\/cattolica\/#website"},"primaryImageOfPage":{"@id":"https:\/\/www.rassegnastampa-totustuus.it\/cattolica\/come-il-68-ci-ha-rubato-lanima\/#primaryimage"},"image":{"@id":"https:\/\/www.rassegnastampa-totustuus.it\/cattolica\/come-il-68-ci-ha-rubato-lanima\/#primaryimage"},"thumbnailUrl":"https:\/\/www.rassegnastampa-totustuus.it\/cattolica\/wp-content\/uploads\/2023\/01\/68.jpg","datePublished":"2024-05-14T10:11:32+00:00","dateModified":"2024-05-14T10:12:07+00:00","description":"Come il '68 ci ha rubato l'anima con l'invasione lanzichenecca delle ideologie, la peste che spazz\u00f2 via i padri","breadcrumb":{"@id":"https:\/\/www.rassegnastampa-totustuus.it\/cattolica\/come-il-68-ci-ha-rubato-lanima\/#breadcrumb"},"inLanguage":"it-IT","potentialAction":[{"@type":"ReadAction","target":["https:\/\/www.rassegnastampa-totustuus.it\/cattolica\/come-il-68-ci-ha-rubato-lanima\/"]}]},{"@type":"ImageObject","inLanguage":"it-IT","@id":"https:\/\/www.rassegnastampa-totustuus.it\/cattolica\/come-il-68-ci-ha-rubato-lanima\/#primaryimage","url":"https:\/\/www.rassegnastampa-totustuus.it\/cattolica\/wp-content\/uploads\/2023\/01\/68.jpg","contentUrl":"https:\/\/www.rassegnastampa-totustuus.it\/cattolica\/wp-content\/uploads\/2023\/01\/68.jpg","width":274,"height":184},{"@type":"BreadcrumbList","@id":"https:\/\/www.rassegnastampa-totustuus.it\/cattolica\/come-il-68-ci-ha-rubato-lanima\/#breadcrumb","itemListElement":[{"@type":"ListItem","position":1,"name":"Home","item":"https:\/\/www.rassegnastampa-totustuus.it\/cattolica\/"},{"@type":"ListItem","position":2,"name":"Come il &#8217;68 ci ha rubato l&#8217;anima"}]},{"@type":"WebSite","@id":"https:\/\/www.rassegnastampa-totustuus.it\/cattolica\/#website","url":"https:\/\/www.rassegnastampa-totustuus.it\/cattolica\/","name":"Rassegna Stampa Cattolica","description":"Per una cultura che nasce dalla Rivelazione cristiana in conformit\u00e0 alla tradizione e al Magistero della Chiesa in opposizione ad ogni relativismo e totalitarismo","publisher":{"@id":"https:\/\/www.rassegnastampa-totustuus.it\/cattolica\/#organization"},"alternateName":"Rass. Cattolica","potentialAction":[{"@type":"SearchAction","target":{"@type":"EntryPoint","urlTemplate":"https:\/\/www.rassegnastampa-totustuus.it\/cattolica\/?s={search_term_string}"},"query-input":{"@type":"PropertyValueSpecification","valueRequired":true,"valueName":"search_term_string"}}],"inLanguage":"it-IT"},{"@type":"Organization","@id":"https:\/\/www.rassegnastampa-totustuus.it\/cattolica\/#organization","name":"Rassegna Stampa Cattolica","url":"https:\/\/www.rassegnastampa-totustuus.it\/cattolica\/","logo":{"@type":"ImageObject","inLanguage":"it-IT","@id":"https:\/\/www.rassegnastampa-totustuus.it\/cattolica\/#\/schema\/logo\/image\/","url":"https:\/\/www.rassegnastampa-totustuus.it\/cattolica\/wp-content\/uploads\/2014\/04\/logo-rassegna1.gif","contentUrl":"https:\/\/www.rassegnastampa-totustuus.it\/cattolica\/wp-content\/uploads\/2014\/04\/logo-rassegna1.gif","width":600,"height":163,"caption":"Rassegna Stampa Cattolica"},"image":{"@id":"https:\/\/www.rassegnastampa-totustuus.it\/cattolica\/#\/schema\/logo\/image\/"},"sameAs":["https:\/\/www.facebook.com\/rassegnastampacattolica","https:\/\/x.com\/rassegnastampa9"]},{"@type":"Person","@id":"https:\/\/www.rassegnastampa-totustuus.it\/cattolica\/#\/schema\/person\/08f319d2bd1a0904ad9e2bfb7b15e5c3","name":"Redazione","image":{"@type":"ImageObject","inLanguage":"it-IT","@id":"https:\/\/secure.gravatar.com\/avatar\/2fcdf27c78ea025fbdb44e914cc63c72249ffec9dc8aafd5c82b26240ef3f346?s=96&d=mm&r=g","url":"https:\/\/secure.gravatar.com\/avatar\/2fcdf27c78ea025fbdb44e914cc63c72249ffec9dc8aafd5c82b26240ef3f346?s=96&d=mm&r=g","contentUrl":"https:\/\/secure.gravatar.com\/avatar\/2fcdf27c78ea025fbdb44e914cc63c72249ffec9dc8aafd5c82b26240ef3f346?s=96&d=mm&r=g","caption":"Redazione"},"url":"https:\/\/www.rassegnastampa-totustuus.it\/cattolica\/author\/pietroelle\/"}]}},"_links":{"self":[{"href":"https:\/\/www.rassegnastampa-totustuus.it\/cattolica\/wp-json\/wp\/v2\/posts\/60346","targetHints":{"allow":["GET"]}}],"collection":[{"href":"https:\/\/www.rassegnastampa-totustuus.it\/cattolica\/wp-json\/wp\/v2\/posts"}],"about":[{"href":"https:\/\/www.rassegnastampa-totustuus.it\/cattolica\/wp-json\/wp\/v2\/types\/post"}],"author":[{"embeddable":true,"href":"https:\/\/www.rassegnastampa-totustuus.it\/cattolica\/wp-json\/wp\/v2\/users\/6"}],"replies":[{"embeddable":true,"href":"https:\/\/www.rassegnastampa-totustuus.it\/cattolica\/wp-json\/wp\/v2\/comments?post=60346"}],"version-history":[{"count":1,"href":"https:\/\/www.rassegnastampa-totustuus.it\/cattolica\/wp-json\/wp\/v2\/posts\/60346\/revisions"}],"predecessor-version":[{"id":60347,"href":"https:\/\/www.rassegnastampa-totustuus.it\/cattolica\/wp-json\/wp\/v2\/posts\/60346\/revisions\/60347"}],"wp:featuredmedia":[{"embeddable":true,"href":"https:\/\/www.rassegnastampa-totustuus.it\/cattolica\/wp-json\/wp\/v2\/media\/55433"}],"wp:attachment":[{"href":"https:\/\/www.rassegnastampa-totustuus.it\/cattolica\/wp-json\/wp\/v2\/media?parent=60346"}],"wp:term":[{"taxonomy":"category","embeddable":true,"href":"https:\/\/www.rassegnastampa-totustuus.it\/cattolica\/wp-json\/wp\/v2\/categories?post=60346"},{"taxonomy":"post_tag","embeddable":true,"href":"https:\/\/www.rassegnastampa-totustuus.it\/cattolica\/wp-json\/wp\/v2\/tags?post=60346"}],"curies":[{"name":"wp","href":"https:\/\/api.w.org\/{rel}","templated":true}]}}