{"id":60333,"date":"2024-05-13T15:33:37","date_gmt":"2024-05-13T13:33:37","guid":{"rendered":"https:\/\/www.rassegnastampa-totustuus.it\/cattolica\/?p=60333"},"modified":"2024-10-14T17:23:09","modified_gmt":"2024-10-14T15:23:09","slug":"i-santi-martiri-canado-americani-della-compagnia-di-gesu-di-celestino-testore-s-j","status":"publish","type":"post","link":"https:\/\/www.rassegnastampa-totustuus.it\/cattolica\/i-santi-martiri-canado-americani-della-compagnia-di-gesu-di-celestino-testore-s-j\/","title":{"rendered":"I santi martiri canado-americani della Compagnia di Ges\u00f9 (di Celestino Testore s.J.)"},"content":{"rendered":"<p><a href=\"https:\/\/www.rassegnastampa-totustuus.it\/cattolica\/wp-content\/uploads\/2024\/05\/IL-DOGMA-DEL-PURGATORIO-Schouppe.pdf\" target=\"_blank\" rel=\"noopener\"><img loading=\"lazy\" decoding=\"async\" class=\"alignleft wp-image-6691\" src=\" https:\/\/www.rassegnastampa-totustuus.it\/cattolica\/wp-content\/uploads\/2024\/05\/Testore_cover.png\" alt=\"animalfarm\" width=\"250\" height=\"200\" \/><\/a><\/p>\n<p style=\"text-align: center;\">(da<a href=\"https:\/\/www.totustuus.cloud\/\" target=\"_blank\" rel=\"noopener\"><strong><span style=\"color: #0000ff;\"> Totus Tuus network<\/span><\/strong><\/a>)<\/p>\n<p><span style=\"color: #000000;\"><strong>[per leggere e scaricare il vol. clic sulla foto]<\/strong><\/span><\/p>\n<p style=\"text-align: justify;\"><em><span style=\"color: #000000;\"> Questo libro \u00e8 collegato a un film: \u201cManto Nero\u201d (Blackrobe, <a href=\"https:\/\/youtu.be\/GTfOHLpqgD8\" target=\"_blank\" rel=\"noopener\"><span style=\"color: #0000ff;\"><strong>visibile gratuitamente qui<\/strong><\/span><\/a>) meno noto e meno premiato di \u201cMission\u201d ma molto pi\u00f9 aderente ai fatti storici<\/span> .<\/em><\/p>\n<p style=\"text-align: justify;\"><span style=\"color: #000000;\">Anche in questo caso ci troviamo di fronte a uno stereotipo da sfatare. Quello dei bianchi \u201ccattivi invasori\u201d e dei \u201cpoveri pellerossa\u201d. Vi proponiamo perci\u00f2 subito la descrizione di come mor\u00ec S. Br\u00e9beuf\u00a0 \u00ab<em>Legato al palo, egli ebbe le membra bruciate ed arrostite; prov\u00f2 le lesine e il collare di accette infocate, il battesimo di acqua bollente, lo strappo violento di brandelli di carne, divorati dinanzi ai suoi occhi; la cintura di scorze impeciate e infiammate, il taglio del naso e della lingua, e, perch\u00e9 non potesse pi\u00f9 parlare, n\u00e9 pregare, i carboni ardenti affondati nella gola; ebbe il capo scotennato, con sulla ferita una poltiglia di cenere cocente<\/em>\u00bb<\/span><\/p>\n<p style=\"text-align: justify;\"><span style=\"color: #000000;\">Non si tratta di pratiche proprie solo dei \u201ccattivi irochesi\u201d, ma di bestialit\u00e0 tipiche di tutte le \u201cculture indigene\u201d del Sud, Centro e Nord America. E non solo. Dobbiamo ricordarlo sempre: senza Cristo non c\u2019\u00e8 alcuna vera civilit\u00e0: \u201c<em>Quoniam omnes dii gentium daemonia<\/em>\u201d (Salmo 96).<\/span><\/p>\n<p style=\"text-align: justify;\"><span style=\"color: #000000;\">Papa Giovanni Paolo II parla espressamente della indispensabile conversione dei nativi: \u00ab<em>La loro missione<\/em> [dei martiri ndr]<em> fu una dura e lunga <\/em>\u201cvia crucis\u201d<em>, coronata da tante conversioni al Vangelo di Cristo. E soprattutto sapete come la loro testimonianza di amore si concluse col martirio\u00bb<\/em>. (G.P. II, 2\/11\/1980)<\/span><\/p>\n<p style=\"text-align: justify;\"><span style=\"color: #000000;\">Qualcuno ha di recente sostenuto che l\u2019Occidente sembra odiare s\u00e9 stesso: la rivalutazione dei \u201cpoveri pellerossa\u201d, assieme alle calunnie verso i \u201cconquistadores\u201d, i missionari, ecc., sono solo alcuni degli aspetti di questo odio. In questa direzione sembra vadano anche le recenti leggi su razzismo e discriminazione: fenomeni che, peraltro, in Italia sono assai circoscritti.<\/span><\/p>\n<p style=\"text-align: justify;\"><span style=\"color: #000000;\">Certo, non si deve cadere nella discriminazione; ma altrettanto pericoloso \u00e8 odiare il nostro passato, la nostra cultura e civilt\u00e0, frutto della fede cattolica.<\/span><\/p>\n<p style=\"text-align: justify;\"><span style=\"color: #000000;\">Maria Santissima e i martiri canado-americani ci ottengano una \u00ab<em>fede coraggiosa e decisa<\/em>\u00bb (G.P. II, 2\/11\/1980), assieme alla convinzione che solo il cattolicesimo potr\u00e0 salvare le nostre famiglie e l\u2019Italia.<\/span><\/p>\n<p style=\"text-align: justify;\"><em>\u00a0<\/em><\/p>\n","protected":false},"excerpt":{"rendered":"<p>(da Totus Tuus network) [per leggere e scaricare il vol. clic sulla foto] Questo libro \u00e8 collegato a un film: \u201cManto Nero\u201d (Blackrobe, visibile gratuitamente qui) meno noto e meno premiato di \u201cMission\u201d ma molto pi\u00f9 aderente ai fatti storici . Anche in questo caso ci troviamo di fronte a uno stereotipo da sfatare. Quello &hellip; <\/p>\n<p><a class=\"more-link btn\" href=\"https:\/\/www.rassegnastampa-totustuus.it\/cattolica\/i-santi-martiri-canado-americani-della-compagnia-di-gesu-di-celestino-testore-s-j\/\">Continua a leggere<\/a><\/p>\n","protected":false},"author":6,"featured_media":60332,"comment_status":"closed","ping_status":"closed","sticky":false,"template":"","format":"standard","meta":{"footnotes":""},"categories":[5,24],"tags":[157,555,3039,562,466,162],"class_list":["post-60333","post","type-post","status-publish","format-standard","has-post-thumbnail","hentry","category-chiesa","category-storia","tag-chiesa-2","tag-gesuiti","tag-indiani-damerica","tag-missioni","tag-santi-2","tag-storia-2","item-wrap"],"yoast_head":"<!-- This site is optimized with the Yoast SEO plugin v27.5 - https:\/\/yoast.com\/product\/yoast-seo-wordpress\/ -->\n<title>I santi martiri canado-americani della Compagnia di Ges\u00f9 (di Celestino Testore s.J.) - Rassegna Stampa Cattolica<\/title>\n<meta name=\"description\" content=\"I santi martiri canado-americani della Compagnia di Ges\u00f9 (di Celestino Testore s.J.) la storia delle missioni tra gli indiani Uroni\" \/>\n<meta name=\"robots\" content=\"index, follow, max-snippet:-1, max-image-preview:large, max-video-preview:-1\" \/>\n<link rel=\"canonical\" href=\"https:\/\/www.rassegnastampa-totustuus.it\/cattolica\/i-santi-martiri-canado-americani-della-compagnia-di-gesu-di-celestino-testore-s-j\/\" \/>\n<meta property=\"og:locale\" content=\"it_IT\" \/>\n<meta property=\"og:type\" content=\"article\" \/>\n<meta property=\"og:title\" content=\"I santi martiri canado-americani della Compagnia di Ges\u00f9 (di Celestino Testore s.J.) - Rassegna Stampa Cattolica\" \/>\n<meta property=\"og:description\" content=\"I santi martiri canado-americani della Compagnia di Ges\u00f9 (di Celestino Testore s.J.) la storia delle missioni tra gli indiani Uroni\" \/>\n<meta property=\"og:url\" content=\"https:\/\/www.rassegnastampa-totustuus.it\/cattolica\/i-santi-martiri-canado-americani-della-compagnia-di-gesu-di-celestino-testore-s-j\/\" \/>\n<meta property=\"og:site_name\" content=\"Rassegna Stampa Cattolica\" \/>\n<meta property=\"article:publisher\" content=\"https:\/\/www.facebook.com\/rassegnastampacattolica\" \/>\n<meta property=\"article:published_time\" content=\"2024-05-13T13:33:37+00:00\" \/>\n<meta property=\"article:modified_time\" content=\"2024-10-14T15:23:09+00:00\" \/>\n<meta property=\"og:image\" content=\"https:\/\/www.rassegnastampa-totustuus.it\/cattolica\/wp-content\/uploads\/2024\/05\/Testore_cover.png\" \/>\n\t<meta property=\"og:image:width\" content=\"600\" \/>\n\t<meta property=\"og:image:height\" content=\"350\" \/>\n\t<meta property=\"og:image:type\" content=\"image\/png\" \/>\n<meta name=\"author\" content=\"Redazione\" \/>\n<meta name=\"twitter:card\" content=\"summary_large_image\" \/>\n<meta name=\"twitter:creator\" content=\"@rassegnastampa9\" \/>\n<meta name=\"twitter:site\" content=\"@rassegnastampa9\" \/>\n<meta name=\"twitter:label1\" content=\"Scritto da\" \/>\n\t<meta name=\"twitter:data1\" content=\"Redazione\" \/>\n\t<meta name=\"twitter:label2\" content=\"Tempo di lettura stimato\" \/>\n\t<meta name=\"twitter:data2\" content=\"3 minuti\" \/>\n<script type=\"application\/ld+json\" class=\"yoast-schema-graph\">{\"@context\":\"https:\\\/\\\/schema.org\",\"@graph\":[{\"@type\":\"Article\",\"@id\":\"https:\\\/\\\/www.rassegnastampa-totustuus.it\\\/cattolica\\\/i-santi-martiri-canado-americani-della-compagnia-di-gesu-di-celestino-testore-s-j\\\/#article\",\"isPartOf\":{\"@id\":\"https:\\\/\\\/www.rassegnastampa-totustuus.it\\\/cattolica\\\/i-santi-martiri-canado-americani-della-compagnia-di-gesu-di-celestino-testore-s-j\\\/\"},\"author\":{\"name\":\"Redazione\",\"@id\":\"https:\\\/\\\/www.rassegnastampa-totustuus.it\\\/cattolica\\\/#\\\/schema\\\/person\\\/08f319d2bd1a0904ad9e2bfb7b15e5c3\"},\"headline\":\"I santi martiri canado-americani della Compagnia di Ges\u00f9 (di Celestino Testore s.J.)\",\"datePublished\":\"2024-05-13T13:33:37+00:00\",\"dateModified\":\"2024-10-14T15:23:09+00:00\",\"mainEntityOfPage\":{\"@id\":\"https:\\\/\\\/www.rassegnastampa-totustuus.it\\\/cattolica\\\/i-santi-martiri-canado-americani-della-compagnia-di-gesu-di-celestino-testore-s-j\\\/\"},\"wordCount\":363,\"publisher\":{\"@id\":\"https:\\\/\\\/www.rassegnastampa-totustuus.it\\\/cattolica\\\/#organization\"},\"image\":{\"@id\":\"https:\\\/\\\/www.rassegnastampa-totustuus.it\\\/cattolica\\\/i-santi-martiri-canado-americani-della-compagnia-di-gesu-di-celestino-testore-s-j\\\/#primaryimage\"},\"thumbnailUrl\":\"https:\\\/\\\/www.rassegnastampa-totustuus.it\\\/cattolica\\\/wp-content\\\/uploads\\\/2024\\\/05\\\/Testore_cover.png\",\"keywords\":[\"chiesa\",\"gesuiti\",\"indiani d'America\",\"missioni\",\"santi\",\"storia\"],\"articleSection\":[\"Chiesa\",\"Storia\"],\"inLanguage\":\"it-IT\"},{\"@type\":\"WebPage\",\"@id\":\"https:\\\/\\\/www.rassegnastampa-totustuus.it\\\/cattolica\\\/i-santi-martiri-canado-americani-della-compagnia-di-gesu-di-celestino-testore-s-j\\\/\",\"url\":\"https:\\\/\\\/www.rassegnastampa-totustuus.it\\\/cattolica\\\/i-santi-martiri-canado-americani-della-compagnia-di-gesu-di-celestino-testore-s-j\\\/\",\"name\":\"I santi martiri canado-americani della Compagnia di Ges\u00f9 (di Celestino Testore s.J.) - Rassegna Stampa Cattolica\",\"isPartOf\":{\"@id\":\"https:\\\/\\\/www.rassegnastampa-totustuus.it\\\/cattolica\\\/#website\"},\"primaryImageOfPage\":{\"@id\":\"https:\\\/\\\/www.rassegnastampa-totustuus.it\\\/cattolica\\\/i-santi-martiri-canado-americani-della-compagnia-di-gesu-di-celestino-testore-s-j\\\/#primaryimage\"},\"image\":{\"@id\":\"https:\\\/\\\/www.rassegnastampa-totustuus.it\\\/cattolica\\\/i-santi-martiri-canado-americani-della-compagnia-di-gesu-di-celestino-testore-s-j\\\/#primaryimage\"},\"thumbnailUrl\":\"https:\\\/\\\/www.rassegnastampa-totustuus.it\\\/cattolica\\\/wp-content\\\/uploads\\\/2024\\\/05\\\/Testore_cover.png\",\"datePublished\":\"2024-05-13T13:33:37+00:00\",\"dateModified\":\"2024-10-14T15:23:09+00:00\",\"description\":\"I santi martiri canado-americani della Compagnia di Ges\u00f9 (di Celestino Testore s.J.) la storia delle missioni tra gli indiani Uroni\",\"breadcrumb\":{\"@id\":\"https:\\\/\\\/www.rassegnastampa-totustuus.it\\\/cattolica\\\/i-santi-martiri-canado-americani-della-compagnia-di-gesu-di-celestino-testore-s-j\\\/#breadcrumb\"},\"inLanguage\":\"it-IT\",\"potentialAction\":[{\"@type\":\"ReadAction\",\"target\":[\"https:\\\/\\\/www.rassegnastampa-totustuus.it\\\/cattolica\\\/i-santi-martiri-canado-americani-della-compagnia-di-gesu-di-celestino-testore-s-j\\\/\"]}]},{\"@type\":\"ImageObject\",\"inLanguage\":\"it-IT\",\"@id\":\"https:\\\/\\\/www.rassegnastampa-totustuus.it\\\/cattolica\\\/i-santi-martiri-canado-americani-della-compagnia-di-gesu-di-celestino-testore-s-j\\\/#primaryimage\",\"url\":\"https:\\\/\\\/www.rassegnastampa-totustuus.it\\\/cattolica\\\/wp-content\\\/uploads\\\/2024\\\/05\\\/Testore_cover.png\",\"contentUrl\":\"https:\\\/\\\/www.rassegnastampa-totustuus.it\\\/cattolica\\\/wp-content\\\/uploads\\\/2024\\\/05\\\/Testore_cover.png\",\"width\":600,\"height\":350},{\"@type\":\"BreadcrumbList\",\"@id\":\"https:\\\/\\\/www.rassegnastampa-totustuus.it\\\/cattolica\\\/i-santi-martiri-canado-americani-della-compagnia-di-gesu-di-celestino-testore-s-j\\\/#breadcrumb\",\"itemListElement\":[{\"@type\":\"ListItem\",\"position\":1,\"name\":\"Home\",\"item\":\"https:\\\/\\\/www.rassegnastampa-totustuus.it\\\/cattolica\\\/\"},{\"@type\":\"ListItem\",\"position\":2,\"name\":\"I santi martiri canado-americani della Compagnia di Ges\u00f9 (di Celestino Testore s.J.)\"}]},{\"@type\":\"WebSite\",\"@id\":\"https:\\\/\\\/www.rassegnastampa-totustuus.it\\\/cattolica\\\/#website\",\"url\":\"https:\\\/\\\/www.rassegnastampa-totustuus.it\\\/cattolica\\\/\",\"name\":\"Rassegna Stampa Cattolica\",\"description\":\"Per una cultura che nasce dalla Rivelazione cristiana in conformit\u00e0 alla tradizione e al Magistero della Chiesa in opposizione ad ogni relativismo e totalitarismo\",\"publisher\":{\"@id\":\"https:\\\/\\\/www.rassegnastampa-totustuus.it\\\/cattolica\\\/#organization\"},\"alternateName\":\"Rass. Cattolica\",\"potentialAction\":[{\"@type\":\"SearchAction\",\"target\":{\"@type\":\"EntryPoint\",\"urlTemplate\":\"https:\\\/\\\/www.rassegnastampa-totustuus.it\\\/cattolica\\\/?s={search_term_string}\"},\"query-input\":{\"@type\":\"PropertyValueSpecification\",\"valueRequired\":true,\"valueName\":\"search_term_string\"}}],\"inLanguage\":\"it-IT\"},{\"@type\":\"Organization\",\"@id\":\"https:\\\/\\\/www.rassegnastampa-totustuus.it\\\/cattolica\\\/#organization\",\"name\":\"Rassegna Stampa Cattolica\",\"url\":\"https:\\\/\\\/www.rassegnastampa-totustuus.it\\\/cattolica\\\/\",\"logo\":{\"@type\":\"ImageObject\",\"inLanguage\":\"it-IT\",\"@id\":\"https:\\\/\\\/www.rassegnastampa-totustuus.it\\\/cattolica\\\/#\\\/schema\\\/logo\\\/image\\\/\",\"url\":\"https:\\\/\\\/www.rassegnastampa-totustuus.it\\\/cattolica\\\/wp-content\\\/uploads\\\/2014\\\/04\\\/logo-rassegna1.gif\",\"contentUrl\":\"https:\\\/\\\/www.rassegnastampa-totustuus.it\\\/cattolica\\\/wp-content\\\/uploads\\\/2014\\\/04\\\/logo-rassegna1.gif\",\"width\":600,\"height\":163,\"caption\":\"Rassegna Stampa Cattolica\"},\"image\":{\"@id\":\"https:\\\/\\\/www.rassegnastampa-totustuus.it\\\/cattolica\\\/#\\\/schema\\\/logo\\\/image\\\/\"},\"sameAs\":[\"https:\\\/\\\/www.facebook.com\\\/rassegnastampacattolica\",\"https:\\\/\\\/x.com\\\/rassegnastampa9\"]},{\"@type\":\"Person\",\"@id\":\"https:\\\/\\\/www.rassegnastampa-totustuus.it\\\/cattolica\\\/#\\\/schema\\\/person\\\/08f319d2bd1a0904ad9e2bfb7b15e5c3\",\"name\":\"Redazione\",\"image\":{\"@type\":\"ImageObject\",\"inLanguage\":\"it-IT\",\"@id\":\"https:\\\/\\\/secure.gravatar.com\\\/avatar\\\/2fcdf27c78ea025fbdb44e914cc63c72249ffec9dc8aafd5c82b26240ef3f346?s=96&d=mm&r=g\",\"url\":\"https:\\\/\\\/secure.gravatar.com\\\/avatar\\\/2fcdf27c78ea025fbdb44e914cc63c72249ffec9dc8aafd5c82b26240ef3f346?s=96&d=mm&r=g\",\"contentUrl\":\"https:\\\/\\\/secure.gravatar.com\\\/avatar\\\/2fcdf27c78ea025fbdb44e914cc63c72249ffec9dc8aafd5c82b26240ef3f346?s=96&d=mm&r=g\",\"caption\":\"Redazione\"},\"url\":\"https:\\\/\\\/www.rassegnastampa-totustuus.it\\\/cattolica\\\/author\\\/pietroelle\\\/\"}]}<\/script>\n<!-- \/ Yoast SEO plugin. -->","yoast_head_json":{"title":"I santi martiri canado-americani della Compagnia di Ges\u00f9 (di Celestino Testore s.J.) - Rassegna Stampa Cattolica","description":"I santi martiri canado-americani della Compagnia di Ges\u00f9 (di Celestino Testore s.J.) la storia delle missioni tra gli indiani Uroni","robots":{"index":"index","follow":"follow","max-snippet":"max-snippet:-1","max-image-preview":"max-image-preview:large","max-video-preview":"max-video-preview:-1"},"canonical":"https:\/\/www.rassegnastampa-totustuus.it\/cattolica\/i-santi-martiri-canado-americani-della-compagnia-di-gesu-di-celestino-testore-s-j\/","og_locale":"it_IT","og_type":"article","og_title":"I santi martiri canado-americani della Compagnia di Ges\u00f9 (di Celestino Testore s.J.) - Rassegna Stampa Cattolica","og_description":"I santi martiri canado-americani della Compagnia di Ges\u00f9 (di Celestino Testore s.J.) la storia delle missioni tra gli indiani Uroni","og_url":"https:\/\/www.rassegnastampa-totustuus.it\/cattolica\/i-santi-martiri-canado-americani-della-compagnia-di-gesu-di-celestino-testore-s-j\/","og_site_name":"Rassegna Stampa Cattolica","article_publisher":"https:\/\/www.facebook.com\/rassegnastampacattolica","article_published_time":"2024-05-13T13:33:37+00:00","article_modified_time":"2024-10-14T15:23:09+00:00","og_image":[{"width":600,"height":350,"url":"https:\/\/www.rassegnastampa-totustuus.it\/cattolica\/wp-content\/uploads\/2024\/05\/Testore_cover.png","type":"image\/png"}],"author":"Redazione","twitter_card":"summary_large_image","twitter_creator":"@rassegnastampa9","twitter_site":"@rassegnastampa9","twitter_misc":{"Scritto da":"Redazione","Tempo di lettura stimato":"3 minuti"},"schema":{"@context":"https:\/\/schema.org","@graph":[{"@type":"Article","@id":"https:\/\/www.rassegnastampa-totustuus.it\/cattolica\/i-santi-martiri-canado-americani-della-compagnia-di-gesu-di-celestino-testore-s-j\/#article","isPartOf":{"@id":"https:\/\/www.rassegnastampa-totustuus.it\/cattolica\/i-santi-martiri-canado-americani-della-compagnia-di-gesu-di-celestino-testore-s-j\/"},"author":{"name":"Redazione","@id":"https:\/\/www.rassegnastampa-totustuus.it\/cattolica\/#\/schema\/person\/08f319d2bd1a0904ad9e2bfb7b15e5c3"},"headline":"I santi martiri canado-americani della Compagnia di Ges\u00f9 (di Celestino Testore s.J.)","datePublished":"2024-05-13T13:33:37+00:00","dateModified":"2024-10-14T15:23:09+00:00","mainEntityOfPage":{"@id":"https:\/\/www.rassegnastampa-totustuus.it\/cattolica\/i-santi-martiri-canado-americani-della-compagnia-di-gesu-di-celestino-testore-s-j\/"},"wordCount":363,"publisher":{"@id":"https:\/\/www.rassegnastampa-totustuus.it\/cattolica\/#organization"},"image":{"@id":"https:\/\/www.rassegnastampa-totustuus.it\/cattolica\/i-santi-martiri-canado-americani-della-compagnia-di-gesu-di-celestino-testore-s-j\/#primaryimage"},"thumbnailUrl":"https:\/\/www.rassegnastampa-totustuus.it\/cattolica\/wp-content\/uploads\/2024\/05\/Testore_cover.png","keywords":["chiesa","gesuiti","indiani d'America","missioni","santi","storia"],"articleSection":["Chiesa","Storia"],"inLanguage":"it-IT"},{"@type":"WebPage","@id":"https:\/\/www.rassegnastampa-totustuus.it\/cattolica\/i-santi-martiri-canado-americani-della-compagnia-di-gesu-di-celestino-testore-s-j\/","url":"https:\/\/www.rassegnastampa-totustuus.it\/cattolica\/i-santi-martiri-canado-americani-della-compagnia-di-gesu-di-celestino-testore-s-j\/","name":"I santi martiri canado-americani della Compagnia di Ges\u00f9 (di Celestino Testore s.J.) - Rassegna Stampa Cattolica","isPartOf":{"@id":"https:\/\/www.rassegnastampa-totustuus.it\/cattolica\/#website"},"primaryImageOfPage":{"@id":"https:\/\/www.rassegnastampa-totustuus.it\/cattolica\/i-santi-martiri-canado-americani-della-compagnia-di-gesu-di-celestino-testore-s-j\/#primaryimage"},"image":{"@id":"https:\/\/www.rassegnastampa-totustuus.it\/cattolica\/i-santi-martiri-canado-americani-della-compagnia-di-gesu-di-celestino-testore-s-j\/#primaryimage"},"thumbnailUrl":"https:\/\/www.rassegnastampa-totustuus.it\/cattolica\/wp-content\/uploads\/2024\/05\/Testore_cover.png","datePublished":"2024-05-13T13:33:37+00:00","dateModified":"2024-10-14T15:23:09+00:00","description":"I santi martiri canado-americani della Compagnia di Ges\u00f9 (di Celestino Testore s.J.) la storia delle missioni tra gli indiani Uroni","breadcrumb":{"@id":"https:\/\/www.rassegnastampa-totustuus.it\/cattolica\/i-santi-martiri-canado-americani-della-compagnia-di-gesu-di-celestino-testore-s-j\/#breadcrumb"},"inLanguage":"it-IT","potentialAction":[{"@type":"ReadAction","target":["https:\/\/www.rassegnastampa-totustuus.it\/cattolica\/i-santi-martiri-canado-americani-della-compagnia-di-gesu-di-celestino-testore-s-j\/"]}]},{"@type":"ImageObject","inLanguage":"it-IT","@id":"https:\/\/www.rassegnastampa-totustuus.it\/cattolica\/i-santi-martiri-canado-americani-della-compagnia-di-gesu-di-celestino-testore-s-j\/#primaryimage","url":"https:\/\/www.rassegnastampa-totustuus.it\/cattolica\/wp-content\/uploads\/2024\/05\/Testore_cover.png","contentUrl":"https:\/\/www.rassegnastampa-totustuus.it\/cattolica\/wp-content\/uploads\/2024\/05\/Testore_cover.png","width":600,"height":350},{"@type":"BreadcrumbList","@id":"https:\/\/www.rassegnastampa-totustuus.it\/cattolica\/i-santi-martiri-canado-americani-della-compagnia-di-gesu-di-celestino-testore-s-j\/#breadcrumb","itemListElement":[{"@type":"ListItem","position":1,"name":"Home","item":"https:\/\/www.rassegnastampa-totustuus.it\/cattolica\/"},{"@type":"ListItem","position":2,"name":"I santi martiri canado-americani della Compagnia di Ges\u00f9 (di Celestino Testore s.J.)"}]},{"@type":"WebSite","@id":"https:\/\/www.rassegnastampa-totustuus.it\/cattolica\/#website","url":"https:\/\/www.rassegnastampa-totustuus.it\/cattolica\/","name":"Rassegna Stampa Cattolica","description":"Per una cultura che nasce dalla Rivelazione cristiana in conformit\u00e0 alla tradizione e al Magistero della Chiesa in opposizione ad ogni relativismo e totalitarismo","publisher":{"@id":"https:\/\/www.rassegnastampa-totustuus.it\/cattolica\/#organization"},"alternateName":"Rass. Cattolica","potentialAction":[{"@type":"SearchAction","target":{"@type":"EntryPoint","urlTemplate":"https:\/\/www.rassegnastampa-totustuus.it\/cattolica\/?s={search_term_string}"},"query-input":{"@type":"PropertyValueSpecification","valueRequired":true,"valueName":"search_term_string"}}],"inLanguage":"it-IT"},{"@type":"Organization","@id":"https:\/\/www.rassegnastampa-totustuus.it\/cattolica\/#organization","name":"Rassegna Stampa Cattolica","url":"https:\/\/www.rassegnastampa-totustuus.it\/cattolica\/","logo":{"@type":"ImageObject","inLanguage":"it-IT","@id":"https:\/\/www.rassegnastampa-totustuus.it\/cattolica\/#\/schema\/logo\/image\/","url":"https:\/\/www.rassegnastampa-totustuus.it\/cattolica\/wp-content\/uploads\/2014\/04\/logo-rassegna1.gif","contentUrl":"https:\/\/www.rassegnastampa-totustuus.it\/cattolica\/wp-content\/uploads\/2014\/04\/logo-rassegna1.gif","width":600,"height":163,"caption":"Rassegna Stampa Cattolica"},"image":{"@id":"https:\/\/www.rassegnastampa-totustuus.it\/cattolica\/#\/schema\/logo\/image\/"},"sameAs":["https:\/\/www.facebook.com\/rassegnastampacattolica","https:\/\/x.com\/rassegnastampa9"]},{"@type":"Person","@id":"https:\/\/www.rassegnastampa-totustuus.it\/cattolica\/#\/schema\/person\/08f319d2bd1a0904ad9e2bfb7b15e5c3","name":"Redazione","image":{"@type":"ImageObject","inLanguage":"it-IT","@id":"https:\/\/secure.gravatar.com\/avatar\/2fcdf27c78ea025fbdb44e914cc63c72249ffec9dc8aafd5c82b26240ef3f346?s=96&d=mm&r=g","url":"https:\/\/secure.gravatar.com\/avatar\/2fcdf27c78ea025fbdb44e914cc63c72249ffec9dc8aafd5c82b26240ef3f346?s=96&d=mm&r=g","contentUrl":"https:\/\/secure.gravatar.com\/avatar\/2fcdf27c78ea025fbdb44e914cc63c72249ffec9dc8aafd5c82b26240ef3f346?s=96&d=mm&r=g","caption":"Redazione"},"url":"https:\/\/www.rassegnastampa-totustuus.it\/cattolica\/author\/pietroelle\/"}]}},"_links":{"self":[{"href":"https:\/\/www.rassegnastampa-totustuus.it\/cattolica\/wp-json\/wp\/v2\/posts\/60333","targetHints":{"allow":["GET"]}}],"collection":[{"href":"https:\/\/www.rassegnastampa-totustuus.it\/cattolica\/wp-json\/wp\/v2\/posts"}],"about":[{"href":"https:\/\/www.rassegnastampa-totustuus.it\/cattolica\/wp-json\/wp\/v2\/types\/post"}],"author":[{"embeddable":true,"href":"https:\/\/www.rassegnastampa-totustuus.it\/cattolica\/wp-json\/wp\/v2\/users\/6"}],"replies":[{"embeddable":true,"href":"https:\/\/www.rassegnastampa-totustuus.it\/cattolica\/wp-json\/wp\/v2\/comments?post=60333"}],"version-history":[{"count":4,"href":"https:\/\/www.rassegnastampa-totustuus.it\/cattolica\/wp-json\/wp\/v2\/posts\/60333\/revisions"}],"predecessor-version":[{"id":61437,"href":"https:\/\/www.rassegnastampa-totustuus.it\/cattolica\/wp-json\/wp\/v2\/posts\/60333\/revisions\/61437"}],"wp:featuredmedia":[{"embeddable":true,"href":"https:\/\/www.rassegnastampa-totustuus.it\/cattolica\/wp-json\/wp\/v2\/media\/60332"}],"wp:attachment":[{"href":"https:\/\/www.rassegnastampa-totustuus.it\/cattolica\/wp-json\/wp\/v2\/media?parent=60333"}],"wp:term":[{"taxonomy":"category","embeddable":true,"href":"https:\/\/www.rassegnastampa-totustuus.it\/cattolica\/wp-json\/wp\/v2\/categories?post=60333"},{"taxonomy":"post_tag","embeddable":true,"href":"https:\/\/www.rassegnastampa-totustuus.it\/cattolica\/wp-json\/wp\/v2\/tags?post=60333"}],"curies":[{"name":"wp","href":"https:\/\/api.w.org\/{rel}","templated":true}]}}