{"id":60319,"date":"2024-05-08T17:44:10","date_gmt":"2024-05-08T15:44:10","guid":{"rendered":"https:\/\/www.rassegnastampa-totustuus.it\/cattolica\/?p=60319"},"modified":"2024-05-08T17:44:12","modified_gmt":"2024-05-08T15:44:12","slug":"assurdo-illudersi-ancora-di-integrare-lislam","status":"publish","type":"post","link":"https:\/\/www.rassegnastampa-totustuus.it\/cattolica\/assurdo-illudersi-ancora-di-integrare-lislam\/","title":{"rendered":"Assurdo illudersi ancora di integrare l\u2019islam"},"content":{"rendered":"<p style=\"text-align: center;\"><span style=\"color: #000000;\"><a href=\"https:\/\/www.laverita.info\/\" target=\"_blank\" rel=\"noopener\"><strong><span style=\"color: #0000ff;\"><img loading=\"lazy\" decoding=\"async\" class=\" wp-image-42581 alignleft\" src=\"https:\/\/www.rassegnastampa-totustuus.it\/cattolica\/wp-content\/uploads\/2019\/03\/Islam_Europa-300x196.jpg\" alt=\"\" width=\"329\" height=\"215\" srcset=\"https:\/\/www.rassegnastampa-totustuus.it\/cattolica\/wp-content\/uploads\/2019\/03\/Islam_Europa-300x196.jpg 300w, https:\/\/www.rassegnastampa-totustuus.it\/cattolica\/wp-content\/uploads\/2019\/03\/Islam_Europa-768x501.jpg 768w, https:\/\/www.rassegnastampa-totustuus.it\/cattolica\/wp-content\/uploads\/2019\/03\/Islam_Europa-1024x668.jpg 1024w, https:\/\/www.rassegnastampa-totustuus.it\/cattolica\/wp-content\/uploads\/2019\/03\/Islam_Europa.jpg 2000w\" sizes=\"auto, (max-width: 329px) 100vw, 329px\" \/>La Verit\u00e0<\/span><\/strong><\/a> luned\u00ec 29 Aprile 2024 <\/span><\/p>\n<p style=\"text-align: justify;\"><span style=\"color: #000000;\"><em>Quella mussulmana non \u00e8 solo una religione, ma una ideologia totalitaria incompatibile con la nostra laicit\u00e0. Ecco perch\u00e9 i migranti non si adattano alle nostre usanze. Mentre si moltiplicano i segnali di come noi ci stiamo piano piano piegando alla loro cultura.<\/em> <\/span><\/p>\n<p style=\"text-align: center;\"><span style=\"color: #000000;\">di <strong>Silvana De Mari<\/strong><\/span><\/p>\n<p><!--more--><\/p>\n<p style=\"text-align: justify;\"><span style=\"color: #000000;\">Chi pecora si fa il lupo se lo mangia. L\u2019ingenuo e il vile sono sopraffatti dal prepotente. Le persone che tendono ad essere troppo arrendevoli finiscono per essere sopraffatte dalle prepotenze altrui, e non danneggiano solo s\u00e9 stessi, perch\u00e9 la loro arrendevolezza \u00e8 acqua e fertilizzante per la prepotenza, cos\u00ec che alla fine essa riuscir\u00e0 a travolgere tutto e tutti. Il proverbio nasce da <strong>Seneca<\/strong> che nel testo <em>Ad Helviam matrem<\/em> scrive \u00abNemo ab alio contemnitur, nisia se ante comptempus est\u00bb (Chi non stima se stesso non pu\u00f2 essere stimato dagli altri).<\/span><\/p>\n<p style=\"text-align: justify;\"><span style=\"color: #000000;\"><img loading=\"lazy\" decoding=\"async\" class=\" wp-image-51675 alignright\" src=\"https:\/\/www.rassegnastampa-totustuus.it\/cattolica\/wp-content\/uploads\/2021\/06\/Francia_Islam_Europa.jpg\" alt=\"\" width=\"208\" height=\"291\" \/>Dopo aver vietato di dire buon Natale, festeggiamo il Ramadam. <strong>Giulio Meotti<\/strong> racconta la resa dell\u2019Europa in un poderoso tomo dal titolo <em>La dolce conquista<\/em>. E\u2019 un lungo elenco di evidenti senza senso, anzi con un senso preciso. <\/span><\/p>\n<p style=\"text-align: justify;\"><span style=\"color: #000000;\">Una civilt\u00e0 forte come la nostra non poteva morire per assassinio, sta morendo per suicidio, un suicidio ridicolo basato sul disprezzo del cristianesimo, e quindi sull\u2019odio di s\u00e9, cominciato con l\u2019illuminismo, proseguito con il marxismo e i suoi due figlioletti gemelli eterozigoti, comunismo sovietico e nazismo tedesco, trionfante nel \u201968 e che ora ha il suo apogeo nella sottocultura woke.<\/span><\/p>\n<p style=\"text-align: justify;\"><span style=\"color: #000000;\"> Il libro arriva come ultima puntata di una lunga serie di dolorosi saggi tra cui <em>Evviva! Ci arrendiamo. La dolce resa dell\u2019Europa di fronte all\u2019islam<\/em> scritto nel 2006 da <strong>Henryk M. Broder<\/strong>, i libri di <strong>Oriana Fallaci, <\/strong><em>L\u2019identit\u00e0 infelice<\/em> di <strong>Alain Finkielkraut<\/strong>, i libri di <strong>Magdi Cristiano Allam<\/strong>. Tra i primi ne ha parlato <strong>Ren\u00e9 Marchand<\/strong>, che ha affermato che in occasione del ramadan, da noi, l\u2019islam, totalitarismo guerriero, usa la nostra concezione di \u00abreligione\u00bb come cavallo di Troia per la conquista sovversiva dell\u2019Europa. <\/span><\/p>\n<p style=\"text-align: justify;\"><span style=\"color: #000000;\">Dove ci sia un processo di immigrazione, il peso dell\u2019integrazione dovrebbe gravare interamente sulle spalle del popolo migrante, che deve integrarsi senza violare le regole del popolo di accoglienza. Dove le regole sono diverse, \u00e8 il popolo migrante che deve modificare le proprie. Le mie amiche andate in Iran a fare le archeologhe o le professoresse, ci sono state con la testa coperta, nessuna ha mai firmato in pubblico (arresto immediato) n\u00e9 si \u00e8 fatta vedere mangiare in pubblico durante il ramadan. <\/span><\/p>\n<p style=\"text-align: justify;\"><span style=\"color: #000000;\">Dove il peso di modificare le leggi sia sulle spalle del popolo di accoglienza siamo di fronte ad un processo di colonizzazione.<\/span><\/p>\n<p style=\"text-align: justify;\"><span style=\"color: #000000;\"><img loading=\"lazy\" decoding=\"async\" class=\"wp-image-28968 alignleft\" src=\"https:\/\/www.rassegnastampa-totustuus.it\/cattolica\/wp-content\/uploads\/2006\/02\/islam_in_Europa-300x159.jpg\" alt=\"\" width=\"360\" height=\"191\" srcset=\"https:\/\/www.rassegnastampa-totustuus.it\/cattolica\/wp-content\/uploads\/2006\/02\/islam_in_Europa-300x159.jpg 300w, https:\/\/www.rassegnastampa-totustuus.it\/cattolica\/wp-content\/uploads\/2006\/02\/islam_in_Europa.jpg 308w\" sizes=\"auto, (max-width: 360px) 100vw, 360px\" \/>Ogni popolo ha diritto ad una terra dove si parli la sua lingua, dove le sue tradizioni e la sua cultura non siano offese, dove i suoi figli non siano disprezzati, altrimenti quel popolo si sta preparando a diventare un popolo senza terra. L\u2019adattamento non \u00e8 possibile per l\u2019Islam. <\/span><\/p>\n<p style=\"text-align: justify;\"><span style=\"color: #000000;\">La presenza islamica in Europa non ha come scopo l\u2019integrazione, ma la libanizzazione, prima dell\u2019islamizzazione totale. Col termine libanizzazione si intende una modificazione antropologica mediante immigrazione massiva, come quella che ha trasformato il Libano: mezzo secolo fa era una nazione a maggioranza cristiana, prospera e moderna, definita la Svizzera del Medioriente, ora \u00e8 una nazione a maggioranza islamica. <\/span><\/p>\n<p style=\"text-align: justify;\"><span style=\"color: #000000;\">Segni come la scelta dei nomi di bambini d\u2019immigrati venuti dal Maghreb, la moltiplicazione delle moschee o il velo per le donne, le aggressioni ai cittadini ebrei, il vandalismo fino al rogo delle chiese, la richiesta (pretesa) del rispetto dei tempi di preghiera e delle festivit\u00e0 islamiche nelle scuole e nei posti di lavoro, sono inequivocabili segni di una campagna di islamizzazione del nostro continente. <\/span><\/p>\n<p style=\"text-align: justify;\"><span style=\"color: #000000;\">L\u2019Europa ospita sul proprio suolo una comunit\u00e0 musulmana di pi\u00f9 di venti milioni d\u2019individui, peraltro in costante crescita sia per via interna, sia per apporto esterno: \u00abimmigrati\u00bb stanziali che rifiutano l\u2019assimilazione pura e semplice ai popoli che li hanno accolti, e rivendicano sempre pi\u00f9 diritti particolari.<\/span><\/p>\n<p style=\"text-align: justify;\"><span style=\"color: #000000;\"><img loading=\"lazy\" decoding=\"async\" class=\"wp-image-44940 alignright\" src=\"https:\/\/www.rassegnastampa-totustuus.it\/cattolica\/wp-content\/uploads\/2019\/10\/Islam_-Italia-300x200.jpg\" alt=\"\" width=\"356\" height=\"237\" srcset=\"https:\/\/www.rassegnastampa-totustuus.it\/cattolica\/wp-content\/uploads\/2019\/10\/Islam_-Italia-300x200.jpg 300w, https:\/\/www.rassegnastampa-totustuus.it\/cattolica\/wp-content\/uploads\/2019\/10\/Islam_-Italia-768x512.jpg 768w, https:\/\/www.rassegnastampa-totustuus.it\/cattolica\/wp-content\/uploads\/2019\/10\/Islam_-Italia-1024x683.jpg 1024w, https:\/\/www.rassegnastampa-totustuus.it\/cattolica\/wp-content\/uploads\/2019\/10\/Islam_-Italia.jpg 1920w\" sizes=\"auto, (max-width: 356px) 100vw, 356px\" \/>Definire l\u2019islam solo come \u00abreligione\u00bb: \u00e8 una trappola mortale. Cos\u00ec facendo proibiamo a noi stessi di esaminare da vicino la sua natura, la sua ideologia, i suoi modi di espressione, i suoi mezzi e i suoi fini, e ci guardiamo bene dall\u2019interferire nelle pratiche dei suoi fedeli, che non sono compatibili n\u00e9 con le nostre costituzioni n\u00e9 con la nostra vita. Un islam laico \u00e8 impensabile perch\u00e9 contrario ai dogmi pi\u00f9 sacri. <\/span><\/p>\n<p style=\"text-align: justify;\"><span style=\"color: #000000;\">Un islam che accetti le leggi e i costumi di un Paese non musulmano, \u00abrestituendo a Cesare ci\u00f2 che \u00e8 di Cesare\u00bb, \u00e8 altrettanto impossibile. O la laicit\u00e0 o l\u2019islam. In tutta la sua storia non appena ne ha il potere, un\u2019autorit\u00e0 fondata sull\u2019islam ha sempre ridotto i non musulmani allo stato di soggetti subordinati e ha loro proibito ogni propaganda della loro ideologia, perch\u00e9 questi sono gli ordini del Corano. <\/span><\/p>\n<p style=\"text-align: justify;\"><span style=\"color: #000000;\">Se lasciamo che l\u2019islam si accomodi confortevolmente sul nostro territorio, con la vana speranza di controllarlo, i nostri governanti non fanno posto a una religione della sfera privata tra tante, ma a un totalitarismo incompatibile con tutto ci\u00f2 che fonda la nostra civilt\u00e0. L\u2019islam nasce espansionista e guerriero e pu\u00f2 solo essere espansionista e guerriero. <\/span><\/p>\n<p style=\"text-align: justify;\"><span style=\"color: #000000;\">Tra i mezzi legittimi dell\u2019espansione, figura la guerra, ma c\u2019\u00e8 anche una espansione sotto una forma sovversiva; l\u2019islam ammette, anzi raccomanda, tutti i mezzi; furbizia, dissimulazione, menzogna (taquiyya, kitm\u00e2n, makr\u2026). Allah garantisce a colui che svolge questo compito, quest\u2019obbligo, le pi\u00f9 grandi ricompense: quando \u00e8 in vita, il bottino, e se dovesse morire come \u00abmartire\u00bb nel \u00abcammino di Allah\u00bb, il Paradiso.<\/span><\/p>\n<p style=\"text-align: justify;\"><span style=\"color: #000000;\"> Sin dalla nascita, nel VII secolo della nostra era, l\u2019islam ha diviso il mondo in Casa dell\u2019islam (dar al islam) e Casa della guerra (dal al harb). Sul ruolo della guerra nella storia dell\u2019islam, gli specialisti sono unanimi: in ogni epoca essa fu il mezzo privilegiato della sua espansione. <strong>Robert R. Reily<\/strong> nel suo <em>La chiusura della mente musulmana<\/em> spiega come ogni riforma sia impossibile, la dinamica involutiva si \u00e8 instaurata nell\u2019XI secolo con la de-ellenizzazione dell\u2019islam, e il rifiuto, anzi la proibizione, della filosofia. <strong>Avicenna<\/strong> e <strong>Averro\u00e9<\/strong>, ultimi filosofi islamici. Sono stati dei dissidenti e non hanno potuto avere seguaci.<\/span><\/p>\n<p style=\"text-align: justify;\"><span style=\"color: #000000;\"><img loading=\"lazy\" decoding=\"async\" class=\"wp-image-40054 alignleft\" src=\"https:\/\/www.rassegnastampa-totustuus.it\/cattolica\/wp-content\/uploads\/2018\/04\/islam_Italia.jpg\" alt=\"\" width=\"358\" height=\"238\" \/>La libanizzazione, cio\u00e8 l\u2019islamizzazione soft dell\u2019Europa, sta avvenendo mediante la squisita contrapposizione di<\/span> <span style=\"color: #000000;\">acquiescienza e protervia, due fenomeni che si armonizzano e si combaciano. <\/span><\/p>\n<p style=\"text-align: justify;\"><span style=\"color: #000000;\">L\u2019islamizzazione pu\u00f2 avvenire con la guerra come \u00e8 successo per l\u2019Anatolia cristiana e Costantinopoli, attualmente Istambul. In queste regioni il tasso dei cristiani era in origine il 100% della popolazione: \u00e8 diventato il 30%. I veterinari si dichiarano obiettori di coscienza per non assistere alla spaventosa crudelt\u00e0 delle macellazioni islamiche, mentre aumentano i casi di bambini che hanno il divieto di ascoltare musica e quindi tengono le orecchie coperte di tappi durante le lezioni di musica. Nell\u2019islam la musica \u00e8 vietata. <\/span><\/p>\n<p style=\"text-align: justify;\"><span style=\"color: #000000;\">Molti mi obietteranno che nei quartieri islamici si ascolta sempre musica, ci sono anche cantanti islamici, che fanno parte di un nuovo fenomeno, l\u2019islam glamour, e che si fanno fotografare alla Mecca. Ci sono anche molti islamici che bevono alcol e c\u2019\u00e8 un gran numero di cattolici che convivono senza essere sposati. Ma il divieto di ascoltare musica esiste. Lo hanno fatto rispettare i talebani e le corti somale.<\/span><\/p>\n<p style=\"text-align: justify;\"><span style=\"color: #000000;\"> Alcuni genitori pi\u00f9 integralisti vietano ai loro figli di frequentare lezioni di musica. Allah verser\u00e0 piombo fuso negli orecchi di chi ha ascoltato musica. La musica \u00e8 riservata al paradiso. Un caposaldo della nostra religione, re Davide danzava al suono del flauto, nelle nostre chiese c\u2019\u00e8 un organo. Nessuna nostra cerimonia \u00e8 concepibile senza musica. Chi disprezza la musica, chi la considera impura, disprezza noi.<\/span><\/p>\n<p style=\"text-align: justify;\"><span style=\"color: #000000;\">Ogni popolo che per motivi di interesse, manodopera a basso costo, o buonismo isterico, tollera sul proprio suolo una civilt\u00e0 che disprezza la sua cultura, la sua religione e i suoi figli. Considerandoli impuri \u00e8, per usare un termine della buonanima del principe <strong>De Curtis<\/strong>, in arte Tot\u00f2, una societ\u00e0 di fessacchiotti.<\/span><\/p>\n<p>________________________________________________<\/p>\n<p><span style=\"color: #000000;\"><strong>Leggi anche:<\/strong><\/span><\/p>\n<p><a href=\"https:\/\/www.rassegnastampa-totustuus.it\/cattolica\/islam-alla-conquista-delle-nostre-anime\/\" target=\"_blank\" rel=\"noopener\"><span style=\"color: #0000ff;\">Islam alla conquista delle nostre anime<\/span><\/a><\/p>\n<p><a href=\"https:\/\/www.rassegnastampa-totustuus.it\/cattolica\/il-futuro-delleuropa-e-lislam\/\" target=\"_blank\" rel=\"noopener\"><span style=\"color: #0000ff;\">Il futuro dell&#8217;Europa e l&#8217;islam<\/span><\/a><\/p>\n<p><a href=\"https:\/\/www.rassegnastampa-totustuus.it\/cattolica\/islamizzazione-delleuropa-per-la-prima-volta-si-sottomette-un-popolo-senza-una-guerra\/\" target=\"_blank\" rel=\"noopener\"><span style=\"color: #0000ff;\">\u201cIslamizzazione dell\u2019Europa: per la prima volta si sottomette un popolo senza una guerra\u201d<\/span><\/a><\/p>\n<p><a href=\"https:\/\/www.rassegnastampa-totustuus.it\/cattolica\/aspetti-in-ombra-della-legge-sociale-dellislam-di-giovanni-cantoni\/\" target=\"_blank\" rel=\"noopener\"><span style=\"color: #0000ff;\">Aspetti in ombra della legge sociale dell\u2019Islam (di Giovanni Cantoni)<\/span><\/a> <span style=\"color: #000000;\">&#8211; libro<\/span><\/p>\n","protected":false},"excerpt":{"rendered":"<p>La Verit\u00e0 luned\u00ec 29 Aprile 2024 Quella mussulmana non \u00e8 solo una religione, ma una ideologia totalitaria incompatibile con la nostra laicit\u00e0. Ecco perch\u00e9 i migranti non si adattano alle nostre usanze. Mentre si moltiplicano i segnali di come noi ci stiamo piano piano piegando alla loro cultura. di Silvana De Mari<\/p><p><a class=\"more-link btn\" href=\"https:\/\/www.rassegnastampa-totustuus.it\/cattolica\/assurdo-illudersi-ancora-di-integrare-lislam\/\">Continua a leggere<\/a><\/p>\n","protected":false},"author":6,"featured_media":0,"comment_status":"closed","ping_status":"closed","sticky":false,"template":"","format":"standard","meta":{"footnotes":""},"categories":[16,111,35],"tags":[],"class_list":["post-60319","post","type-post","status-publish","format-standard","hentry","category-islam","category-islam-in-europa","category-islam-in-italia","item-wrap"],"yoast_head":"<!-- This site is optimized with the Yoast SEO plugin v27.5 - https:\/\/yoast.com\/product\/yoast-seo-wordpress\/ -->\n<title>Assurdo illudersi ancora di integrare l\u2019islam - Rassegna Stampa Cattolica<\/title>\n<meta name=\"description\" content=\"Assurdo illudersi ancora di integrare l\u2019islam. Non \u00e8 solo una religione, ma una ideologia totalitaria incompatibile con la nostra laicit\u00e0.\" \/>\n<meta name=\"robots\" content=\"index, follow, max-snippet:-1, max-image-preview:large, max-video-preview:-1\" \/>\n<link rel=\"canonical\" href=\"https:\/\/www.rassegnastampa-totustuus.it\/cattolica\/assurdo-illudersi-ancora-di-integrare-lislam\/\" \/>\n<meta property=\"og:locale\" content=\"it_IT\" \/>\n<meta property=\"og:type\" content=\"article\" \/>\n<meta property=\"og:title\" content=\"Assurdo illudersi ancora di integrare l\u2019islam - Rassegna Stampa Cattolica\" \/>\n<meta property=\"og:description\" content=\"Assurdo illudersi ancora di integrare l\u2019islam. Non \u00e8 solo una religione, ma una ideologia totalitaria incompatibile con la nostra laicit\u00e0.\" \/>\n<meta property=\"og:url\" content=\"https:\/\/www.rassegnastampa-totustuus.it\/cattolica\/assurdo-illudersi-ancora-di-integrare-lislam\/\" \/>\n<meta property=\"og:site_name\" content=\"Rassegna Stampa Cattolica\" \/>\n<meta property=\"article:publisher\" content=\"https:\/\/www.facebook.com\/rassegnastampacattolica\" \/>\n<meta property=\"article:published_time\" content=\"2024-05-08T15:44:10+00:00\" \/>\n<meta property=\"article:modified_time\" content=\"2024-05-08T15:44:12+00:00\" \/>\n<meta property=\"og:image\" content=\"https:\/\/www.rassegnastampa-totustuus.it\/cattolica\/wp-content\/uploads\/2019\/03\/Islam_Europa-300x196.jpg\" \/>\n<meta name=\"author\" content=\"Redazione\" \/>\n<meta name=\"twitter:card\" content=\"summary_large_image\" \/>\n<meta name=\"twitter:creator\" content=\"@rassegnastampa9\" \/>\n<meta name=\"twitter:site\" content=\"@rassegnastampa9\" \/>\n<meta name=\"twitter:label1\" content=\"Scritto da\" \/>\n\t<meta name=\"twitter:data1\" content=\"Redazione\" \/>\n\t<meta name=\"twitter:label2\" content=\"Tempo di lettura stimato\" \/>\n\t<meta name=\"twitter:data2\" content=\"9 minuti\" \/>\n<script type=\"application\/ld+json\" class=\"yoast-schema-graph\">{\"@context\":\"https:\\\/\\\/schema.org\",\"@graph\":[{\"@type\":\"Article\",\"@id\":\"https:\\\/\\\/www.rassegnastampa-totustuus.it\\\/cattolica\\\/assurdo-illudersi-ancora-di-integrare-lislam\\\/#article\",\"isPartOf\":{\"@id\":\"https:\\\/\\\/www.rassegnastampa-totustuus.it\\\/cattolica\\\/assurdo-illudersi-ancora-di-integrare-lislam\\\/\"},\"author\":{\"name\":\"Redazione\",\"@id\":\"https:\\\/\\\/www.rassegnastampa-totustuus.it\\\/cattolica\\\/#\\\/schema\\\/person\\\/08f319d2bd1a0904ad9e2bfb7b15e5c3\"},\"headline\":\"Assurdo illudersi ancora di integrare l\u2019islam\",\"datePublished\":\"2024-05-08T15:44:10+00:00\",\"dateModified\":\"2024-05-08T15:44:12+00:00\",\"mainEntityOfPage\":{\"@id\":\"https:\\\/\\\/www.rassegnastampa-totustuus.it\\\/cattolica\\\/assurdo-illudersi-ancora-di-integrare-lislam\\\/\"},\"wordCount\":1364,\"publisher\":{\"@id\":\"https:\\\/\\\/www.rassegnastampa-totustuus.it\\\/cattolica\\\/#organization\"},\"image\":{\"@id\":\"https:\\\/\\\/www.rassegnastampa-totustuus.it\\\/cattolica\\\/assurdo-illudersi-ancora-di-integrare-lislam\\\/#primaryimage\"},\"thumbnailUrl\":\"https:\\\/\\\/www.rassegnastampa-totustuus.it\\\/cattolica\\\/wp-content\\\/uploads\\\/2019\\\/03\\\/Islam_Europa-300x196.jpg\",\"articleSection\":[\"Islam\",\"Islam in Europa\",\"Islam in Italia\"],\"inLanguage\":\"it-IT\"},{\"@type\":\"WebPage\",\"@id\":\"https:\\\/\\\/www.rassegnastampa-totustuus.it\\\/cattolica\\\/assurdo-illudersi-ancora-di-integrare-lislam\\\/\",\"url\":\"https:\\\/\\\/www.rassegnastampa-totustuus.it\\\/cattolica\\\/assurdo-illudersi-ancora-di-integrare-lislam\\\/\",\"name\":\"Assurdo illudersi ancora di integrare l\u2019islam - Rassegna Stampa Cattolica\",\"isPartOf\":{\"@id\":\"https:\\\/\\\/www.rassegnastampa-totustuus.it\\\/cattolica\\\/#website\"},\"primaryImageOfPage\":{\"@id\":\"https:\\\/\\\/www.rassegnastampa-totustuus.it\\\/cattolica\\\/assurdo-illudersi-ancora-di-integrare-lislam\\\/#primaryimage\"},\"image\":{\"@id\":\"https:\\\/\\\/www.rassegnastampa-totustuus.it\\\/cattolica\\\/assurdo-illudersi-ancora-di-integrare-lislam\\\/#primaryimage\"},\"thumbnailUrl\":\"https:\\\/\\\/www.rassegnastampa-totustuus.it\\\/cattolica\\\/wp-content\\\/uploads\\\/2019\\\/03\\\/Islam_Europa-300x196.jpg\",\"datePublished\":\"2024-05-08T15:44:10+00:00\",\"dateModified\":\"2024-05-08T15:44:12+00:00\",\"description\":\"Assurdo illudersi ancora di integrare l\u2019islam. Non \u00e8 solo una religione, ma una ideologia totalitaria incompatibile con la nostra laicit\u00e0.\",\"breadcrumb\":{\"@id\":\"https:\\\/\\\/www.rassegnastampa-totustuus.it\\\/cattolica\\\/assurdo-illudersi-ancora-di-integrare-lislam\\\/#breadcrumb\"},\"inLanguage\":\"it-IT\",\"potentialAction\":[{\"@type\":\"ReadAction\",\"target\":[\"https:\\\/\\\/www.rassegnastampa-totustuus.it\\\/cattolica\\\/assurdo-illudersi-ancora-di-integrare-lislam\\\/\"]}]},{\"@type\":\"ImageObject\",\"inLanguage\":\"it-IT\",\"@id\":\"https:\\\/\\\/www.rassegnastampa-totustuus.it\\\/cattolica\\\/assurdo-illudersi-ancora-di-integrare-lislam\\\/#primaryimage\",\"url\":\"https:\\\/\\\/www.rassegnastampa-totustuus.it\\\/cattolica\\\/wp-content\\\/uploads\\\/2019\\\/03\\\/Islam_Europa.jpg\",\"contentUrl\":\"https:\\\/\\\/www.rassegnastampa-totustuus.it\\\/cattolica\\\/wp-content\\\/uploads\\\/2019\\\/03\\\/Islam_Europa.jpg\",\"width\":2000,\"height\":1305},{\"@type\":\"BreadcrumbList\",\"@id\":\"https:\\\/\\\/www.rassegnastampa-totustuus.it\\\/cattolica\\\/assurdo-illudersi-ancora-di-integrare-lislam\\\/#breadcrumb\",\"itemListElement\":[{\"@type\":\"ListItem\",\"position\":1,\"name\":\"Home\",\"item\":\"https:\\\/\\\/www.rassegnastampa-totustuus.it\\\/cattolica\\\/\"},{\"@type\":\"ListItem\",\"position\":2,\"name\":\"Assurdo illudersi ancora di integrare l\u2019islam\"}]},{\"@type\":\"WebSite\",\"@id\":\"https:\\\/\\\/www.rassegnastampa-totustuus.it\\\/cattolica\\\/#website\",\"url\":\"https:\\\/\\\/www.rassegnastampa-totustuus.it\\\/cattolica\\\/\",\"name\":\"Rassegna Stampa Cattolica\",\"description\":\"Per una cultura che nasce dalla Rivelazione cristiana in conformit\u00e0 alla tradizione e al Magistero della Chiesa in opposizione ad ogni relativismo e totalitarismo\",\"publisher\":{\"@id\":\"https:\\\/\\\/www.rassegnastampa-totustuus.it\\\/cattolica\\\/#organization\"},\"alternateName\":\"Rass. Cattolica\",\"potentialAction\":[{\"@type\":\"SearchAction\",\"target\":{\"@type\":\"EntryPoint\",\"urlTemplate\":\"https:\\\/\\\/www.rassegnastampa-totustuus.it\\\/cattolica\\\/?s={search_term_string}\"},\"query-input\":{\"@type\":\"PropertyValueSpecification\",\"valueRequired\":true,\"valueName\":\"search_term_string\"}}],\"inLanguage\":\"it-IT\"},{\"@type\":\"Organization\",\"@id\":\"https:\\\/\\\/www.rassegnastampa-totustuus.it\\\/cattolica\\\/#organization\",\"name\":\"Rassegna Stampa Cattolica\",\"url\":\"https:\\\/\\\/www.rassegnastampa-totustuus.it\\\/cattolica\\\/\",\"logo\":{\"@type\":\"ImageObject\",\"inLanguage\":\"it-IT\",\"@id\":\"https:\\\/\\\/www.rassegnastampa-totustuus.it\\\/cattolica\\\/#\\\/schema\\\/logo\\\/image\\\/\",\"url\":\"https:\\\/\\\/www.rassegnastampa-totustuus.it\\\/cattolica\\\/wp-content\\\/uploads\\\/2014\\\/04\\\/logo-rassegna1.gif\",\"contentUrl\":\"https:\\\/\\\/www.rassegnastampa-totustuus.it\\\/cattolica\\\/wp-content\\\/uploads\\\/2014\\\/04\\\/logo-rassegna1.gif\",\"width\":600,\"height\":163,\"caption\":\"Rassegna Stampa Cattolica\"},\"image\":{\"@id\":\"https:\\\/\\\/www.rassegnastampa-totustuus.it\\\/cattolica\\\/#\\\/schema\\\/logo\\\/image\\\/\"},\"sameAs\":[\"https:\\\/\\\/www.facebook.com\\\/rassegnastampacattolica\",\"https:\\\/\\\/x.com\\\/rassegnastampa9\"]},{\"@type\":\"Person\",\"@id\":\"https:\\\/\\\/www.rassegnastampa-totustuus.it\\\/cattolica\\\/#\\\/schema\\\/person\\\/08f319d2bd1a0904ad9e2bfb7b15e5c3\",\"name\":\"Redazione\",\"image\":{\"@type\":\"ImageObject\",\"inLanguage\":\"it-IT\",\"@id\":\"https:\\\/\\\/secure.gravatar.com\\\/avatar\\\/2fcdf27c78ea025fbdb44e914cc63c72249ffec9dc8aafd5c82b26240ef3f346?s=96&d=mm&r=g\",\"url\":\"https:\\\/\\\/secure.gravatar.com\\\/avatar\\\/2fcdf27c78ea025fbdb44e914cc63c72249ffec9dc8aafd5c82b26240ef3f346?s=96&d=mm&r=g\",\"contentUrl\":\"https:\\\/\\\/secure.gravatar.com\\\/avatar\\\/2fcdf27c78ea025fbdb44e914cc63c72249ffec9dc8aafd5c82b26240ef3f346?s=96&d=mm&r=g\",\"caption\":\"Redazione\"},\"url\":\"https:\\\/\\\/www.rassegnastampa-totustuus.it\\\/cattolica\\\/author\\\/pietroelle\\\/\"}]}<\/script>\n<!-- \/ Yoast SEO plugin. -->","yoast_head_json":{"title":"Assurdo illudersi ancora di integrare l\u2019islam - Rassegna Stampa Cattolica","description":"Assurdo illudersi ancora di integrare l\u2019islam. Non \u00e8 solo una religione, ma una ideologia totalitaria incompatibile con la nostra laicit\u00e0.","robots":{"index":"index","follow":"follow","max-snippet":"max-snippet:-1","max-image-preview":"max-image-preview:large","max-video-preview":"max-video-preview:-1"},"canonical":"https:\/\/www.rassegnastampa-totustuus.it\/cattolica\/assurdo-illudersi-ancora-di-integrare-lislam\/","og_locale":"it_IT","og_type":"article","og_title":"Assurdo illudersi ancora di integrare l\u2019islam - Rassegna Stampa Cattolica","og_description":"Assurdo illudersi ancora di integrare l\u2019islam. Non \u00e8 solo una religione, ma una ideologia totalitaria incompatibile con la nostra laicit\u00e0.","og_url":"https:\/\/www.rassegnastampa-totustuus.it\/cattolica\/assurdo-illudersi-ancora-di-integrare-lislam\/","og_site_name":"Rassegna Stampa Cattolica","article_publisher":"https:\/\/www.facebook.com\/rassegnastampacattolica","article_published_time":"2024-05-08T15:44:10+00:00","article_modified_time":"2024-05-08T15:44:12+00:00","og_image":[{"url":"https:\/\/www.rassegnastampa-totustuus.it\/cattolica\/wp-content\/uploads\/2019\/03\/Islam_Europa-300x196.jpg","type":"","width":"","height":""}],"author":"Redazione","twitter_card":"summary_large_image","twitter_creator":"@rassegnastampa9","twitter_site":"@rassegnastampa9","twitter_misc":{"Scritto da":"Redazione","Tempo di lettura stimato":"9 minuti"},"schema":{"@context":"https:\/\/schema.org","@graph":[{"@type":"Article","@id":"https:\/\/www.rassegnastampa-totustuus.it\/cattolica\/assurdo-illudersi-ancora-di-integrare-lislam\/#article","isPartOf":{"@id":"https:\/\/www.rassegnastampa-totustuus.it\/cattolica\/assurdo-illudersi-ancora-di-integrare-lislam\/"},"author":{"name":"Redazione","@id":"https:\/\/www.rassegnastampa-totustuus.it\/cattolica\/#\/schema\/person\/08f319d2bd1a0904ad9e2bfb7b15e5c3"},"headline":"Assurdo illudersi ancora di integrare l\u2019islam","datePublished":"2024-05-08T15:44:10+00:00","dateModified":"2024-05-08T15:44:12+00:00","mainEntityOfPage":{"@id":"https:\/\/www.rassegnastampa-totustuus.it\/cattolica\/assurdo-illudersi-ancora-di-integrare-lislam\/"},"wordCount":1364,"publisher":{"@id":"https:\/\/www.rassegnastampa-totustuus.it\/cattolica\/#organization"},"image":{"@id":"https:\/\/www.rassegnastampa-totustuus.it\/cattolica\/assurdo-illudersi-ancora-di-integrare-lislam\/#primaryimage"},"thumbnailUrl":"https:\/\/www.rassegnastampa-totustuus.it\/cattolica\/wp-content\/uploads\/2019\/03\/Islam_Europa-300x196.jpg","articleSection":["Islam","Islam in Europa","Islam in Italia"],"inLanguage":"it-IT"},{"@type":"WebPage","@id":"https:\/\/www.rassegnastampa-totustuus.it\/cattolica\/assurdo-illudersi-ancora-di-integrare-lislam\/","url":"https:\/\/www.rassegnastampa-totustuus.it\/cattolica\/assurdo-illudersi-ancora-di-integrare-lislam\/","name":"Assurdo illudersi ancora di integrare l\u2019islam - Rassegna Stampa Cattolica","isPartOf":{"@id":"https:\/\/www.rassegnastampa-totustuus.it\/cattolica\/#website"},"primaryImageOfPage":{"@id":"https:\/\/www.rassegnastampa-totustuus.it\/cattolica\/assurdo-illudersi-ancora-di-integrare-lislam\/#primaryimage"},"image":{"@id":"https:\/\/www.rassegnastampa-totustuus.it\/cattolica\/assurdo-illudersi-ancora-di-integrare-lislam\/#primaryimage"},"thumbnailUrl":"https:\/\/www.rassegnastampa-totustuus.it\/cattolica\/wp-content\/uploads\/2019\/03\/Islam_Europa-300x196.jpg","datePublished":"2024-05-08T15:44:10+00:00","dateModified":"2024-05-08T15:44:12+00:00","description":"Assurdo illudersi ancora di integrare l\u2019islam. Non \u00e8 solo una religione, ma una ideologia totalitaria incompatibile con la nostra laicit\u00e0.","breadcrumb":{"@id":"https:\/\/www.rassegnastampa-totustuus.it\/cattolica\/assurdo-illudersi-ancora-di-integrare-lislam\/#breadcrumb"},"inLanguage":"it-IT","potentialAction":[{"@type":"ReadAction","target":["https:\/\/www.rassegnastampa-totustuus.it\/cattolica\/assurdo-illudersi-ancora-di-integrare-lislam\/"]}]},{"@type":"ImageObject","inLanguage":"it-IT","@id":"https:\/\/www.rassegnastampa-totustuus.it\/cattolica\/assurdo-illudersi-ancora-di-integrare-lislam\/#primaryimage","url":"https:\/\/www.rassegnastampa-totustuus.it\/cattolica\/wp-content\/uploads\/2019\/03\/Islam_Europa.jpg","contentUrl":"https:\/\/www.rassegnastampa-totustuus.it\/cattolica\/wp-content\/uploads\/2019\/03\/Islam_Europa.jpg","width":2000,"height":1305},{"@type":"BreadcrumbList","@id":"https:\/\/www.rassegnastampa-totustuus.it\/cattolica\/assurdo-illudersi-ancora-di-integrare-lislam\/#breadcrumb","itemListElement":[{"@type":"ListItem","position":1,"name":"Home","item":"https:\/\/www.rassegnastampa-totustuus.it\/cattolica\/"},{"@type":"ListItem","position":2,"name":"Assurdo illudersi ancora di integrare l\u2019islam"}]},{"@type":"WebSite","@id":"https:\/\/www.rassegnastampa-totustuus.it\/cattolica\/#website","url":"https:\/\/www.rassegnastampa-totustuus.it\/cattolica\/","name":"Rassegna Stampa Cattolica","description":"Per una cultura che nasce dalla Rivelazione cristiana in conformit\u00e0 alla tradizione e al Magistero della Chiesa in opposizione ad ogni relativismo e totalitarismo","publisher":{"@id":"https:\/\/www.rassegnastampa-totustuus.it\/cattolica\/#organization"},"alternateName":"Rass. Cattolica","potentialAction":[{"@type":"SearchAction","target":{"@type":"EntryPoint","urlTemplate":"https:\/\/www.rassegnastampa-totustuus.it\/cattolica\/?s={search_term_string}"},"query-input":{"@type":"PropertyValueSpecification","valueRequired":true,"valueName":"search_term_string"}}],"inLanguage":"it-IT"},{"@type":"Organization","@id":"https:\/\/www.rassegnastampa-totustuus.it\/cattolica\/#organization","name":"Rassegna Stampa Cattolica","url":"https:\/\/www.rassegnastampa-totustuus.it\/cattolica\/","logo":{"@type":"ImageObject","inLanguage":"it-IT","@id":"https:\/\/www.rassegnastampa-totustuus.it\/cattolica\/#\/schema\/logo\/image\/","url":"https:\/\/www.rassegnastampa-totustuus.it\/cattolica\/wp-content\/uploads\/2014\/04\/logo-rassegna1.gif","contentUrl":"https:\/\/www.rassegnastampa-totustuus.it\/cattolica\/wp-content\/uploads\/2014\/04\/logo-rassegna1.gif","width":600,"height":163,"caption":"Rassegna Stampa Cattolica"},"image":{"@id":"https:\/\/www.rassegnastampa-totustuus.it\/cattolica\/#\/schema\/logo\/image\/"},"sameAs":["https:\/\/www.facebook.com\/rassegnastampacattolica","https:\/\/x.com\/rassegnastampa9"]},{"@type":"Person","@id":"https:\/\/www.rassegnastampa-totustuus.it\/cattolica\/#\/schema\/person\/08f319d2bd1a0904ad9e2bfb7b15e5c3","name":"Redazione","image":{"@type":"ImageObject","inLanguage":"it-IT","@id":"https:\/\/secure.gravatar.com\/avatar\/2fcdf27c78ea025fbdb44e914cc63c72249ffec9dc8aafd5c82b26240ef3f346?s=96&d=mm&r=g","url":"https:\/\/secure.gravatar.com\/avatar\/2fcdf27c78ea025fbdb44e914cc63c72249ffec9dc8aafd5c82b26240ef3f346?s=96&d=mm&r=g","contentUrl":"https:\/\/secure.gravatar.com\/avatar\/2fcdf27c78ea025fbdb44e914cc63c72249ffec9dc8aafd5c82b26240ef3f346?s=96&d=mm&r=g","caption":"Redazione"},"url":"https:\/\/www.rassegnastampa-totustuus.it\/cattolica\/author\/pietroelle\/"}]}},"_links":{"self":[{"href":"https:\/\/www.rassegnastampa-totustuus.it\/cattolica\/wp-json\/wp\/v2\/posts\/60319","targetHints":{"allow":["GET"]}}],"collection":[{"href":"https:\/\/www.rassegnastampa-totustuus.it\/cattolica\/wp-json\/wp\/v2\/posts"}],"about":[{"href":"https:\/\/www.rassegnastampa-totustuus.it\/cattolica\/wp-json\/wp\/v2\/types\/post"}],"author":[{"embeddable":true,"href":"https:\/\/www.rassegnastampa-totustuus.it\/cattolica\/wp-json\/wp\/v2\/users\/6"}],"replies":[{"embeddable":true,"href":"https:\/\/www.rassegnastampa-totustuus.it\/cattolica\/wp-json\/wp\/v2\/comments?post=60319"}],"version-history":[{"count":1,"href":"https:\/\/www.rassegnastampa-totustuus.it\/cattolica\/wp-json\/wp\/v2\/posts\/60319\/revisions"}],"predecessor-version":[{"id":60320,"href":"https:\/\/www.rassegnastampa-totustuus.it\/cattolica\/wp-json\/wp\/v2\/posts\/60319\/revisions\/60320"}],"wp:attachment":[{"href":"https:\/\/www.rassegnastampa-totustuus.it\/cattolica\/wp-json\/wp\/v2\/media?parent=60319"}],"wp:term":[{"taxonomy":"category","embeddable":true,"href":"https:\/\/www.rassegnastampa-totustuus.it\/cattolica\/wp-json\/wp\/v2\/categories?post=60319"},{"taxonomy":"post_tag","embeddable":true,"href":"https:\/\/www.rassegnastampa-totustuus.it\/cattolica\/wp-json\/wp\/v2\/tags?post=60319"}],"curies":[{"name":"wp","href":"https:\/\/api.w.org\/{rel}","templated":true}]}}