{"id":60303,"date":"2024-05-07T17:35:34","date_gmt":"2024-05-07T15:35:34","guid":{"rendered":"https:\/\/www.rassegnastampa-totustuus.it\/cattolica\/?p=60303"},"modified":"2024-05-07T18:00:25","modified_gmt":"2024-05-07T16:00:25","slug":"si-alla-vita-il-22-giugno-a-roma-per-fare-insieme-la-differenza","status":"publish","type":"post","link":"https:\/\/www.rassegnastampa-totustuus.it\/cattolica\/si-alla-vita-il-22-giugno-a-roma-per-fare-insieme-la-differenza\/","title":{"rendered":"Si alla vita. Il 22 Giugno a Roma per fare, insieme, la differenza"},"content":{"rendered":"<p style=\"text-align: center;\"><span style=\"color: #000000;\"><span style=\"color: #0000ff;\"><strong><a style=\"color: #0000ff;\" href=\"https:\/\/www.informazionecattolica.it\/\" target=\"_blank\" rel=\"noopener\"><img loading=\"lazy\" decoding=\"async\" class=\" wp-image-55790 alignleft\" src=\"https:\/\/www.rassegnastampa-totustuus.it\/cattolica\/wp-content\/uploads\/2023\/03\/Maria_Rachele_Ruiu-300x167.jpg\" alt=\"\" width=\"340\" height=\"189\" srcset=\"https:\/\/www.rassegnastampa-totustuus.it\/cattolica\/wp-content\/uploads\/2023\/03\/Maria_Rachele_Ruiu-300x167.jpg 300w, https:\/\/www.rassegnastampa-totustuus.it\/cattolica\/wp-content\/uploads\/2023\/03\/Maria_Rachele_Ruiu.jpg 301w\" sizes=\"auto, (max-width: 340px) 100vw, 340px\" \/>InFormazione cattolica<\/a> <\/strong><\/span>6 Maggio 20124 <\/span><\/p>\n<p style=\"text-align: justify;\"><span style=\"color: #000000;\"><em>Maria Rachele Ruiu:\u00abvogliamo parlare ai giovani, che sono continuamente indottrinati da chi gli dice che mettere al mondo un figlio \u00e8 una fregatura\u00bb<\/em><\/span><\/p>\n<p style=\"text-align: center;\"><span style=\"color: #000000;\">Intervista <strong>di Pietro Licciardi<\/strong><\/span><\/p>\n<p><!--more--><\/p>\n<p style=\"text-align: justify;\"><span style=\"color: #000000;\"><strong>Maria Rachele Ruiu <\/strong>sposa e madre di due bambini \u2013 un terzo, come dice lei stessa \u00abintercede in cielo per tutti noi\u00bb -, si \u00e8 laureata in psicologia e nel 2013 ha replicato in Italia La Manif Pour Tous, diventata poi Generazione Famiglia. Da allora non ha mai smesso di impegnarsi nel mondo delle associazioni che si battono per la vita e la famiglia. E\u2019 stata nel comitato che ha organizzato i Family Day a Roma nel 2015 ed \u00e8 nel direttivo dell\u2019associazione<\/span> <span style=\"color: #0000ff;\"><a style=\"color: #0000ff;\" href=\"https:\/\/www.provitaefamiglia.it\/\" target=\"_blank\" rel=\"noopener\"><em>Pro vita &amp; famiglia onlus<\/em><\/a>.<\/span> <span style=\"color: #000000;\">E\u2019 anche presidente della<\/span> <span style=\"color: #0000ff;\"><a style=\"color: #0000ff;\" href=\"https:\/\/manifestazioneperlavita.it\/\" target=\"_blank\" rel=\"noopener\">Manifestazione nazionale per la vita<\/a><\/span> <span style=\"color: #000000;\">che si svolge ogni anno a Roma.<\/span><\/p>\n<p style=\"text-align: justify;\"><span style=\"color: #000000;\"><strong>Dottoressa Ruiu, a quanto pare l\u2019offensiva abortista non si ferma e a dispetto degli allarmi sulla denatalit\u00e0 in Italia e in Europa la Francia ha inserito l\u2019aborto nella sua Costituzione. Anche l\u2019Europa vorrebbe fare altrettanto. Qual \u00e8 il suo parere a riguardo?<\/strong><\/span><\/p>\n<p style=\"text-align: justify;\"><span style=\"color: #000000;\"><img loading=\"lazy\" decoding=\"async\" class=\" wp-image-54216 alignright\" src=\"https:\/\/www.rassegnastampa-totustuus.it\/cattolica\/wp-content\/uploads\/2022\/05\/Aborto_vita_marcia_2022-300x169.jpeg\" alt=\"\" width=\"362\" height=\"204\" srcset=\"https:\/\/www.rassegnastampa-totustuus.it\/cattolica\/wp-content\/uploads\/2022\/05\/Aborto_vita_marcia_2022-300x169.jpeg 300w, https:\/\/www.rassegnastampa-totustuus.it\/cattolica\/wp-content\/uploads\/2022\/05\/Aborto_vita_marcia_2022-768x432.jpeg 768w, https:\/\/www.rassegnastampa-totustuus.it\/cattolica\/wp-content\/uploads\/2022\/05\/Aborto_vita_marcia_2022-1024x576.jpeg 1024w, https:\/\/www.rassegnastampa-totustuus.it\/cattolica\/wp-content\/uploads\/2022\/05\/Aborto_vita_marcia_2022.jpeg 1280w\" sizes=\"auto, (max-width: 362px) 100vw, 362px\" \/>\u00abSono allucinata e penso anche alla polemica che ha tenuto banco sull\u2019<\/span><span style=\"color: #0000ff;\"><a style=\"color: #0000ff;\" href=\"https:\/\/www.quotidianosanita.it\/governo-e-parlamento\/articolo.php?articolo_id=121656\" target=\"_blank\" rel=\"noopener\">emendamento al Pnrr quater rispetto alla 194.<\/a><\/span> <span style=\"color: #000000;\">Sembra che abortire sia diventato quasi un dovere e che la scelta tra abortire e accogliere la vita del figlio sia la stessa cosa. Mettere tra i valori fondanti, ad esempio nella carta europea o come \u00e8 stato fatto in Francia, l\u2019aborto, che \u00e8 il pi\u00f9 grande inganno e dramma, \u00e8 aberrante. <\/span><\/p>\n<p style=\"text-align: justify;\"><span style=\"color: #000000;\">E\u2019 vero che di fronte a certe gravidanze inaspettate alcune donne possono spaventarsi ma trovo veramente cinico e violento indicare il figlio come problema. Faccio un esempio: io Maria Rachele resto incinta e rischio di perdere il lavoro ma la societ\u00e0 mi dice che il problema \u00e8 mio figlio e non il lavoro che rischio di perdere. Cio\u00e8: se dovessi lavorare e avere un figlio non posso farlo e questa \u00e8 un\u2019aberrazione e fa parte di una ideologia che \u00e8 contro la donna. <\/span><\/p>\n<p style=\"text-align: justify;\"><span style=\"color: #000000;\">Anche perch\u00e9 la donna lo sa cos\u2019\u00e8 l\u2019aborto. Io credo che oggi il vero diritto da difendere sia il non dover scegliere se lavorare o essere madre ma poter fare entrambe le cose. Oggi viene giudicato anche se una madre decide di stare a casa e crescere i propri figli, che \u00e8 una scelta altrettanto importante. <\/span><\/p>\n<p style=\"text-align: justify;\"><span style=\"color: #000000;\">Bisogna dare alle donne in difficolt\u00e0 socio-economiche su un piatto d\u2019oro e d\u2019argento tutte le possibilit\u00e0 e gli aiuti per accogliere i figli e in pi\u00f9 dare alle donne la possibilit\u00e0 di accogliere i figli, anche quando non sono pronte a diventare genitore, non lasciandole sole durante il percorso della gravidanza. <\/span><\/p>\n<p style=\"text-align: justify;\"><span style=\"color: #000000;\">E\u2019 inutile parlare di antidiscriminazione e giustizia se non viene custodito e preservato il diritto alla vita di ciascuno. In una societ\u00e0 giusta non si pu\u00f2 decretare l\u2019eliminazione di un essere umano. Io sogno un mondo in cui l\u2019aborto non sia neppure pensabile e dove sia possibile custodire entrambe le libert\u00e0: quella della madre e quella del figlio\u00bb.<\/span><\/p>\n<p style=\"text-align: justify;\"><span style=\"color: #000000;\"><strong>Negli Stati Uniti l\u2019opposizione all\u2019aborto \u00e8 cresciuta e sta ottenendo molti successi. In diversi stati adesso \u00e8 pi\u00f9 difficile abortire; alle manifestazioni per la vita nascente partecipano centinaia di migliaia di persone e persino un presidente si \u00e8 schierato contro l\u2019aborto. In Italia invece sembra che ormai le posizioni si siano cristallizzate: una minoranza molto combattiva che ancora denuncia l\u2019obbrobrio della legge 194, un\u2019altra minoranza che ideologicamente la difende e una maggioranza indifferente che sembra non volersi porre il problema. Lei che \u00e8 in prima fila nella battaglia per la vita \u00e8 d\u2019accordo con questa sensazione?<\/strong><\/span><\/p>\n<p style=\"text-align: justify;\"><span style=\"color: #000000;\"><img loading=\"lazy\" decoding=\"async\" class=\" wp-image-54214 alignleft\" src=\"https:\/\/www.rassegnastampa-totustuus.it\/cattolica\/wp-content\/uploads\/2022\/05\/aborto_vita_manifestazione-300x168.jpg\" alt=\"\" width=\"355\" height=\"199\" \/>\u00abIo penso ci sia una maggioranza silenziata. Come <em>Pro Vita &amp; Famiglia <\/em>abbiamo commissionato un sondaggio scoprendo che ci sono quasi otto italiani su dieci che pensano che a una donna in difficolt\u00e0 vada proposta un\u2019alternativa all\u2019aborto e che ritengono una violenza e un inganno costringere la donna ad abortire quando non pu\u00f2 fare altrimenti. Io partirei proprio da qui, perch\u00e9 questo chiarisce che per la maggior parte degli italiani il concepito \u00e8 uno di noi, anche se non conviene dirlo. <\/span><\/p>\n<p style=\"text-align: justify;\"><span style=\"color: #000000;\">Ci sono pochissime associazioni, molto politicizzate, che per\u00f2 hanno una grande esposizione mediatica le quali fanno una narrazione che non \u00e8 reale. Personalmente ho cominciato a metterci la faccia quando quindici anni fa ho incontrato un\u2019associazione che si occupava di gravidanze inaspettate con una casa famiglia in cui ospitava donne che altrimenti non avrebbero potuto tenere i figli e accoglieva il dolore delle donne che avevano abortito. <\/span><\/p>\n<p style=\"text-align: justify;\"><span style=\"color: #000000;\">Nella mia vita ho incontrato dolori molto feroci, ho visto mia mamma piangere una figlia morta, ma il dolore che ho visto nelle donne che hanno abortito non l\u2019avevo mai incontrato e si capisce che l\u2019ideologia pro aborto \u00e8 ferocissima perch\u00e9 a quel dolore non ha mai dato cittadinanza. <\/span><\/p>\n<p style=\"text-align: justify;\"><span style=\"color: #000000;\">Se mi dessero oggi una bacchetta magica con la possibilit\u00e0 di abolire la legge 194 non so se la userei perch\u00e9 a me interessa che nessuna donna abortisca. Oggi non viene mai raccontato alla donna cos\u2019\u00e8 l\u2019aborto; che quello che ha in grembo \u00e8 un figlio, non si raccontano mai le conseguenze fisiche e psicologiche\u2026 Il mio impegno allora \u00e8 di lavorare culturalmente affinch\u00e9 un giorno nessuna donna voglia abortire. <\/span><\/p>\n<p style=\"text-align: justify;\"><span style=\"color: #000000;\"><img loading=\"lazy\" decoding=\"async\" class=\"size-full wp-image-55575 alignleft\" src=\"https:\/\/www.rassegnastampa-totustuus.it\/cattolica\/wp-content\/uploads\/2023\/02\/vita.jpg\" alt=\"\" width=\"189\" height=\"267\" \/>La 194 \u00e8 una legge che non mi piace perch\u00e9 dalla sua approvazione a oggi ha permesso l\u2019eliminazione di sei milioni di esseri umani e contiene una serie di ingiustizie intrinseche. Eppure perfino la 194 dice che le donne devono essere aiutate e che l\u2019aborto non deve essere il servizio clienti della contraccezione. Insomma siano chiamati a risalire dalla <span style=\"color: #0000ff;\">f<a style=\"color: #0000ff;\" href=\"https:\/\/www.rassegnastampa-totustuus.it\/cattolica\/la-finestra-di-overton-ovvero-linganno-svelato\/\" target=\"_blank\" rel=\"noopener\">inestra di Overton<\/a><\/span> senza mai negoziare sulla verit\u00e0 dell\u2019aborto\u00bb<\/span><\/p>\n<p style=\"text-align: justify;\"><span style=\"color: #000000;\"><strong>A Roma ogni anno si manifesta per la vita con una marcia. Quella di quest\u2019anno si terr\u00e0 il 22 Giugno a Roma. La partecipazione nelle ultime edizioni \u00e8 stata massiccia ma purtroppo molte sigle del mondo cattolico erano e rimangono assenti: pensiamo agli scout, alle Acli, all\u2019azione cattolica, per citarne alcune\u2026 Un certo mondo cattolico sembra essersi raffreddato su questo tema, nonostante le parole chiare dei pontefici e anche di Papa Francesco. Lei che ne pensa?<\/strong><\/span><\/p>\n<p style=\"text-align: justify;\"><span style=\"color: #000000;\">\u00abIo non posso che fare un appello, proprio in virt\u00f9 di quello che abbiamo detto finora, ad assumere una posizione in una manifestazione pubblica e quella di Giugno \u00e8 la manifestazione pubblica italiana, che \u00e8 sempre stata molto partecipata. Voglio sottolineare che durante la marcia abbiamo pensato di dare questo messaggio: non vogliamo parlare al politico del Pd o di qualche altro partito; vogliamo parlare ai giovani, che sono continuamente indottrinati da chi gli dice che mettere al mondo un figlio \u00e8 una fregatura o significa dover rinunciare alla propria realizzazione personale o che \u00e8 solo un costo. <\/span><\/p>\n<p style=\"text-align: justify;\"><span style=\"color: #000000;\"><img loading=\"lazy\" decoding=\"async\" class=\" wp-image-40496 alignright\" src=\"https:\/\/www.rassegnastampa-totustuus.it\/cattolica\/wp-content\/uploads\/2018\/06\/movimento_vita.png\" alt=\"\" width=\"278\" height=\"161\" \/>Noi invece vogliamo testimoniare ai giovani che non solo accogliere la vita \u00e8 urgente \u2013 pensiamo all\u2019inverno demografico -, che \u00e8 giusto e conviene ma che \u00e8 anche stupendo. <\/span><span style=\"color: #000000;\">Per questo abbiamo voluto portare ogni anno alla manifestazione testimonianze molto forti e belle che contrastano con le bugie in circolazione. <\/span><\/p>\n<p style=\"text-align: justify;\"><span style=\"color: #000000;\">Ricordo la testimonianza stupenda di una ragazza che diceva di essere convinta che la sua vita fosse distrutta e che l\u2019unica possibilit\u00e0 fosse di liberarsi del fardello ma quando \u00e8 andata dal medico e ha visto l\u2019ecografia e sentito il battito si \u00e8 resa conto che quello non era un fardello ma suo figlio. Questa donna non solo sta ancora col compagno, ma ha il bambino cresciuto e un secondo figlio. Si tratta di testimonianze di bellezza che vogliono raccontare ai giovani che ci guardano che non \u00e8 vero che i figli sono solo un costo o un impedimento alla carriera. <\/span><\/p>\n<p style=\"text-align: justify;\"><span style=\"color: #000000;\">Noi donne siamo contentissime di mettere al mondo dei figli e vogliamo raccontare che non solo \u00e8 urgente, non solo \u00e8 necessario ma che \u00e8 anche bellissimo scegliere la vita. Stiamo cercando di fare una manifestazione a pi\u00f9 ampio raggio possibile, per permettere che tutto il mondo pro-vita possa essere rappresentato. Come lo facciamo? Dando la priorit\u00e0 al corteo. <\/span><\/p>\n<p style=\"text-align: justify;\"><span style=\"color: #000000;\">Stiamo cercando di fare in modo che la cosa pi\u00f9 importante della manifestazione del 22 Giugno a Roma non sia il palco \u2013 tanto che diamo voce solo alle testimonianze \u2013 ma il corteo, che terminer\u00e0 con un gruppo musicale, che non far\u00e0 coreografia ma vuole dimostrare che chi sceglie la vita \u00e8 felice; e quale sguardo migliore di quello musicale?\u00bb<\/span><\/p>\n<p style=\"text-align: justify;\"><span style=\"color: #000000;\"><strong>Rinnoviamo allora l\u2019appello a partecipare il 22 Giugno con partenza da piazza della Repubblica a Roma alle ore 14 con arrivo ai Fori Imperiali<\/strong><\/span><\/p>\n<p style=\"text-align: justify;\"><span style=\"color: #000000;\">\u00abE come romana vi dico che sar\u00e0 pazzesco e meraviglioso, perch\u00e9 avremo alle spalle il Colosseo. Una ambientazione stupenda con la quale sottolineare che non solo \u00e8 urgente, non solo \u00e8 giusto ma \u00e8 anche bellissimo scegliere la vita sotto tutti gli aspetti e a tutti chiederemo di scegliere la vita nel proprio campo: ai medici, ai politici e a ciascuno di noi. Ognuno ha il compito unico e irripetibile di accogliere e mettersi al fianco della vita perch\u00e9 insieme possiamo fare la differenza\u00bb.<\/span><\/p>\n<p style=\"text-align: center;\"><strong>___________________________<\/strong><\/p>\n<p style=\"text-align: center;\"><span style=\"color: #0000ff;\"><a style=\"color: #0000ff;\" href=\"https:\/\/www.informazionecattolica.it\/\" target=\"_blank\" rel=\"noopener\"><strong>InFormazione cattolica <\/strong><\/a><\/span><span style=\"color: #000000;\">7 maggio 2024<\/span><\/p>\n<h3 style=\"text-align: center;\"><span style=\"color: #000000;\"><strong>In marcia per smontare l\u2019inganno abortista<\/strong><\/span><\/h3>\n<p style=\"text-align: justify;\"><em><span style=\"color: #000000;\">Maria Rachele Ruiu: \u00abI cattolici farebbero bene a vedere cosa dice il magistero della Chiesa, cosa dice la Dottrina sociale e cosa dice il Papa che su questo tema \u00e8 sempre stato di una chiarezza estrema \u00bb<\/span><\/em><\/p>\n<p style=\"text-align: center;\"><span style=\"color: #000000;\">Intervista <strong>di Pietro Licciardi<\/strong><\/span><\/p>\n<p style=\"text-align: justify;\"><span style=\"color: #000000;\"><em><img loading=\"lazy\" decoding=\"async\" class=\" wp-image-28213 alignleft\" src=\"https:\/\/www.rassegnastampa-totustuus.it\/cattolica\/wp-content\/uploads\/2013\/05\/marcia-vita_2013.jpg\" alt=\"\" width=\"336\" height=\"225\" \/>InFormazione cattolica<\/em> prosegue la chiacchierata con Maria Rachele Ruiu, sposa e madre di due bambini, presidente dell<\/span>a <a href=\"https:\/\/manifestazioneperlavita.it\/\" target=\"_blank\" rel=\"noopener\"><span style=\"color: #0000ff;\">Manifestazione nazionale per la vita<\/span><\/a> c<span style=\"color: #000000;\">he si svolge ogni anno a Roma. Quest\u2019anno si terr\u00e0 il 22 Giugno con inizio alle ore 14 in piazza della Repubblica per terminare con un concerto in via dei Fori Imperiali, di fronte al Colosseo<\/span><\/p>\n<p style=\"text-align: justify;\"><span style=\"color: #000000;\"><strong>Dottoressa Ruiu, lei partecipa a molti incontri pubblici e ha tenuto anche delle audizioni parlamentari. Qualcosa sta cambiando nella societ\u00e0 e nella politica sul tema della tutela della vita nascente.<\/strong><\/span><\/p>\n<p style=\"text-align: justify;\"><span style=\"color: #000000;\">\u00abA me sembra che un cambio di passo ci sia stato. Certo non basta ma \u00e8 un piccolo passo che pu\u00f2 essere il primo di tanti altri. Noi siamo convinti che la culla della vita nascente \u00e8 la famiglia e allora speriamo ci siano sempre pi\u00f9 governi che semplicemente diano corpo all\u2019<\/span><a href=\"https:\/\/www.senato.it\/istituzione\/la-costituzione\/parte-i\/titolo-ii\/articolo-31\" target=\"_blank\" rel=\"noopener\">articolo 31 della Costituzione<\/a> <span style=\"color: #000000;\">che dice di privilegiare la famiglia. <\/span><\/p>\n<p style=\"text-align: justify;\"><span style=\"color: #000000;\">E\u2019 necessario non solo aiutare le famiglie, aiutare i giovani dandogli la possibilit\u00e0 di sposarsi ma proprio privilegiare la famiglia. Secondo me uno slogan dovrebbe essere: pi\u00f9 figli meno tasse. Ovvero bisogna smettere, quando si allocano le risorse per la famiglia e la natalit\u00e0, di considerarle dei costi ma investimenti. <\/span><\/p>\n<p style=\"text-align: justify;\"><span style=\"color: #000000;\"><img loading=\"lazy\" decoding=\"async\" class=\" wp-image-18064 alignright\" src=\"https:\/\/www.rassegnastampa-totustuus.it\/cattolica\/wp-content\/uploads\/2009\/03\/marcia-per-la-vita.jpg\" alt=\"\" width=\"343\" height=\"228\" \/>Ovviamente penso che nessuna donna decida di fare figli perch\u00e9 le paghino domani le pensioni; nessuna di noi \u00e8 una fattrice per lo Stato ma lo Stato deve mettersi accanto alle donne e quando queste scelgono di mettere su famiglia deve aiutarle o quantomeno non mettergli i bastoni tra le ruote, magari con l\u2019Isee o altre trappole burocratiche. <\/span><\/p>\n<p style=\"text-align: justify;\"><span style=\"color: #000000;\">Come dicevo credo che un cambio di passo ci sia stato, anche perch\u00e9 probabilmente era urgente e necessario se non altro per far quadrare la demografia e domani i conti. <\/span><\/p>\n<p style=\"text-align: justify;\"><span style=\"color: #000000;\">Spesso mi dicono: che c\u2019entra con questo l\u2019aborto? Beh, mancano all\u2019appello sei milioni di persone; donne e uomini abortite trent\u2019anni fa e che oggi avrebbero potuto mettere al mondo dei figli. <\/span><\/p>\n<p style=\"text-align: justify;\"><span style=\"color: #000000;\">Un cambio di passo che per\u00f2 non basta e ci vorrebbe un Piano Mattei anche per la famiglia. Speriamo in futuro ci sia e dare una testimonianza pubblica aiuta a far muovere chi \u00e8 ancora nel dubbio, facendogli capire che c\u2019\u00e8 una buona fetta di elettori che lo sostiene; perch\u00e9 serve anche questo. Io ho speranza, anche perch\u00e9 il primo figlio l\u2019ho avuto a 33 anni e una delle cose che non capivo era perch\u00e9 tutto quel bombardamento contro la maternit\u00e0, vista sempre come un impedimento, una fatica, un costo. <\/span><\/p>\n<p style=\"text-align: justify;\"><span style=\"color: #000000;\"><img loading=\"lazy\" decoding=\"async\" class=\"size-full wp-image-20696 alignleft\" src=\"https:\/\/www.rassegnastampa-totustuus.it\/cattolica\/wp-content\/uploads\/2010\/03\/maternit\u00e0.jpg\" alt=\"\" width=\"194\" height=\"260\" \/>Ma quando ho partorito e il mio primogenito Michele ha aperto gli occhietti e mi ha guardato io sono stata catturata per sempre e qualsiasi discorso negativo che avevo sentito si \u00e8 dissolto. <\/span><\/p>\n<p style=\"text-align: justify;\"><span style=\"color: #000000;\">E\u2019 vero che il figlio non ti fa dormire la notte e che magari \u00e8 un sacrificio ma cosa c\u2019\u00e8 di pi\u00f9 sacro della vita? E questo ti d\u00e0 la voglia di fare la fatica e anche soffrire, se serve, per un figlio. <\/span><\/p>\n<p style=\"text-align: justify;\"><span style=\"color: #000000;\">Questo lo dice tra l\u2019altro la vita stessa, perch\u00e9 tutti di fronte ad un bambino si commuovono. Io dico sempre: sei stanco, pensi che non ce la fai pi\u00f9 e che non vale la pena? Vai in parco giochi, siediti e goditi lo spettacolo\u00bb<\/span><\/p>\n<p style=\"text-align: justify;\"><span style=\"color: #000000;\"><strong>C\u2019\u00e8 chi si sacrifica per mantenere la linea, chi per tenere il cagnolino, in fondo ci si pu\u00f2 benissimo sacrificare un po\u2019 anche per un figlio\u2026<\/strong><\/span><\/p>\n<p style=\"text-align: justify;\"><span style=\"color: #000000;\">\u00abEsatto, siamo in questa follia per cui una donna e un uomo possono non vivere e soffrire per vincere le Olimpiadi, per avanzare nella carriera, per altre mille ragioni e poi se non dormi due ore la notte casca il mondo. E\u2019 vero comunque che la cifra della maternit\u00e0 oggi \u00e8 la solitudine e dovremmo aiutare a superare anche questo.<\/span><\/p>\n<p style=\"text-align: justify;\"><span style=\"color: #000000;\"> Ricordo che quando ho partorito la nonna di mio marito mi ha raccontato che ai suoi tempi c\u2019era tutto un mondo attorno alla gestante; l\u2019intero vicinato le era accanto: chi si prendeva cura del marito, chi lavava, chi cucinava, chi si prendeva cura della donna e poi del figlio\u2026 Tutto questo ci \u00e8 stato strappato \u2013 lo dico forse in modo un po\u2019 banale \u2013 dalla societ\u00e0 capitalista, in cui per mettere assieme il pranzo con la cena devi lavorare dalle 8 alle 20. <\/span><\/p>\n<p style=\"text-align: justify;\"><span style=\"color: #000000;\"><img loading=\"lazy\" decoding=\"async\" class=\" wp-image-41613 alignright\" src=\"https:\/\/www.rassegnastampa-totustuus.it\/cattolica\/wp-content\/uploads\/2018\/11\/maternit\u00e0.jpg\" alt=\"\" width=\"295\" height=\"221\" \/>Allora dico: volete aiutarci? Dateci la possibilit\u00e0 di stare a casa coi figli e non solo le donne ma anche i pap\u00e0. Quando parlo con i miei amici dico loro il mio sogno: alle 17 tutti a casa, in modo che almeno fino alle 21 si possa stare coi figli, nonostante sia ancora poco: solo 4 ore che per\u00f2 oggi a tante famiglie non sono permesse.\u00a0<\/span><\/p>\n<p style=\"text-align: justify;\"><span style=\"color: #000000;\">Ricordiamoci che la nascita di un bambino \u00e8 una bellissima notizia per la famiglia ma anche per tutti noi. Se non altro perch\u00e9 porta il suo contributo unico e irripetibile di amore al mondo di cui c\u2019\u00e8 tanto bisogno; e su questo credo siamo tutti d\u2019accordo\u00bb.<\/span><\/p>\n<p style=\"text-align: justify;\"><span style=\"color: #000000;\"><strong>E\u2019 stata pubblicata da poco la Dichiarazione del Dicastero per la Dottrina della Fede \u201cDignitas infinita circa la dignit\u00e0 umana\u201d, dove un intero paragrafo \u00e8 dedicato all\u2019aborto. Del resto lo stesso papa Francesco ha usato parole molto dure contro chi lo pratica e chi lo giustifica. Noi ci chiediamo: ci si pu\u00f2 definire \u201ccattolici\u201d senza prendere una posizione chiara contro questa piaga umana e sociale?<\/strong><\/span><\/p>\n<p style=\"text-align: justify;\">\u00ab<span style=\"color: #000000;\">Sull\u2019aborto io ho un giudizio molto netto e fermo ma faccio fatica a giudicare le mamme perch\u00e9 il mio impegno nasce proprio dall\u2019aver accolto quelle donne e mi sono resa conto che l\u2019aborto \u00e8 un grande inganno. <\/span><\/p>\n<p style=\"text-align: justify;\"><span style=\"color: #000000;\">Non faccio fatica a giudicare i ginecologi che dicono in televisione che quello in grembo \u00e8 un grumo di cellule perch\u00e9 \u00e8 anacronistico nel 2024, nel tempo degli ecografi e dell\u2019eco doppler, dire che l\u00ec c\u2019\u00e8 un grumo di cellule, tanto che poi non vogliono che le donne guardino l\u2019ecografia. <\/span><\/p>\n<p style=\"text-align: justify;\"><span style=\"color: #000000;\">Rispetto al fatto che \u201cio sono cattolica ma\u2026\u201d ogni volta che sento quel \u201cma\u201d mi viene da sorridere. Ma voglio fare un passo avanti. <\/span><\/p>\n<p style=\"text-align: justify;\"><span style=\"color: #000000;\"><img loading=\"lazy\" decoding=\"async\" class=\" wp-image-56826 alignleft\" src=\"https:\/\/www.rassegnastampa-totustuus.it\/cattolica\/wp-content\/uploads\/2023\/08\/Francesco_papa_Angelus.jpg\" alt=\"\" width=\"351\" height=\"197\" \/>I cattolici farebbero bene a vedere cosa dice il Magistero della Chiesa, cosa dice la Dottrina sociale e cosa dice il Papa che su questo tema \u00e8 stato sempre di una chiarezza estrema ma a difendere la vita non dovrebbero essere solo i cattolici, perch\u00e9 l\u2019aborto \u00e8 chiaramente l\u2019eliminazione del pi\u00f9 piccolo essere umano indifeso nel grembo della sua mamma e soprattutto ci sono oggi tantissimi studi che accertano che la mamma non resta indifferente a questa eliminazione. <\/span><\/p>\n<p style=\"text-align: justify;\"><span style=\"color: #000000;\">L\u2019aborto fa fuori il figlio ma fa fuori anche una parte della madre, tanto che una delle narrazioni che si tenta di fare \u00e8 che la donna abortisce e sta benissimo ma \u00e8 una narrazione falsissima, che noi donne non possiamo che guardare con grande fastidio. <\/span><\/p>\n<p style=\"text-align: justify;\"><span style=\"color: #000000;\">Quelle che lo subiscono ancora di pi\u00f9, perch\u00e9 non solo sono convinte dalla societ\u00e0 che la tua unica opportunit\u00e0 per essere felice \u00e8 abortire, ed \u00e8 un inganno, ma quando si svegliano capiscono cosa hanno fatto, perch\u00e9 il loro stesso corpo glielo dice in quanto era gi\u00e0 tutto preparato e c\u2019\u00e8 un dialogo chimico meraviglioso tra mamma e bambino gi\u00e0 nei primi otto giorni. <\/span><\/p>\n<p style=\"text-align: justify;\"><span style=\"color: #000000;\"><img loading=\"lazy\" decoding=\"async\" class=\" wp-image-39463 alignleft\" src=\"https:\/\/www.rassegnastampa-totustuus.it\/cattolica\/wp-content\/uploads\/2017\/12\/abolizione_aborto.jpg\" alt=\"\" width=\"358\" height=\"203\" \/>E\u2019 un inganno anche per gli uomini, in quanto ci sono sei milioni di bambini che oggi mancano all\u2019appello e che avrebbero potuto essere nonni, madri, padri, ragazzi\u2026 <\/span><\/p>\n<p style=\"text-align: justify;\"><span style=\"color: #000000;\">Vi sono anche tantissime ferite sulle donne, tanto che a me commuove vedere come nei centri di aiuto alla vita la maggior parte delle volontarie sono donne che sono state aiutate ad accogliere il loro figlio e che hanno potuto vedere che c\u2019\u00e8 anche un\u2019altra possibilit\u00e0 \u2013 si parla sempre di autodeterminazione e libert\u00e0 ma quale libert\u00e0 e autodeterminazione possono esserci se non si sa quello che si va a fare e se non c\u2019\u00e8 la possibilit\u00e0 di non farlo? \u2013 e donne che hanno abortito, a cui non \u00e8 stata proposta l\u2019altra possibilit\u00e0 e che non vogliono altre donne soffrano cos\u00ec tanto. Permettetemi anche di dire un\u2019altra cosa. <\/span><\/p>\n<p style=\"text-align: justify;\"><span style=\"color: #000000;\">Chi ha un figlio in cielo, sia che l\u2019aborto sia stato spontaneo o procurato, sappia che lui sta l\u00ec e fa il tifo per la sua mamma e il suo pap\u00e0 e ci sar\u00e0 un tempo in cui li accoglier\u00e0. Io immagino la mia Sara che mi accoglier\u00e0 in cielo abbracciandomi come non ha potuto fare. <\/span><\/p>\n<p style=\"text-align: justify;\"><span style=\"color: #000000;\">Sulla questione aborto c\u2019\u00e8 una bella torta di responsabilit\u00e0, dove una parte sicuramente \u00e8 della donna, che per\u00f2 \u00e8 ingannata, spaventata, con gli ormoni sballati nei primi tre mesi; ma una parte \u00e8 della societ\u00e0, secondo la quale abortire equivale alla scelta di far nascere il figlio, e di quei medici che dicono che quello \u00e8 un grumo di cellule. <\/span><\/p>\n<p style=\"text-align: justify;\"><span style=\"color: #000000;\">Poi c\u2019\u00e8 la responsabilit\u00e0 delle istituzioni che raccontano altro. Voglio dire alle donne che sono state ingannate da questa legge e da tutta la narrativa che vi gravita attorno: coraggio! I vostri figli vi aspettano e nonostante questa ferita potete avere anche voi una vita felice\u00bb.<\/span><\/p>\n<p style=\"text-align: justify;\"><span style=\"color: #000000;\"><strong>Per concludere cosa possiamo dire ai laici e ai cattolici per convincerli a partecipare a Roma alla marcia del 22 Giugno con partenza alle 14 da piazza della Repubblica?<\/strong><\/span><\/p>\n<p style=\"text-align: justify;\"><span style=\"color: #000000;\">\u00abIo non posso che dire: senza questa manifestazione e rappresentanza pubblica che dice che vi \u00e8 una parte di popolo italiano, secondo me anche bella nutrita, che chiede alle istituzioni di custodire il diritto alla vita di tutti il mio lavoro, ma anche il vostro, sarebbe inutile. <\/span><\/p>\n<p style=\"text-align: justify;\"><span style=\"color: #000000;\">Qualsiasi persona che si spende pubblicamente, in televisione o sui giornali, senza una manifestazione pubblica svolge un lavoro a met\u00e0, che non pu\u00f2 essere efficace. E nella marcia, siccome il protagonista \u00e8 il corteo, c\u2019\u00e8 uno spazio e un posto che puoi occupare solo tu, che ci stai leggendo e ascoltando, con la tua vita e le tue gambe e solo tu puoi fare la differenza. <\/span><\/p>\n<p style=\"text-align: justify;\"><span style=\"color: #000000;\">Per questo \u00e8 importantissimo che il corteo sia numeroso e festoso e stiamo facendo in modo che tutti possano essere accolti, anche bambini e persone con fragilit\u00e0. Sar\u00e0 bellissimo vedere le famiglie con i bambini che attraversano la citt\u00e0. Nel corteo ci sar\u00e0 un posto che potrai occupare solo tu, e allora\u2026 gambe in spalla!<\/span>\u00bb<\/p>\n<p style=\"text-align: center;\"><span style=\"color: #0000ff;\"><a style=\"color: #0000ff;\" href=\"https:\/\/www.youtube.com\/watch?v=KPaZsBk2SuE&amp;t=4s\" target=\"_blank\" rel=\"noopener\"><strong>Qui l\u2019intervista integrale<\/strong><\/a><\/span><\/p>\n<p>_______________________________________________<\/p>\n<p><strong><span style=\"color: #000000;\">Leggi anche:\u00a0<\/span><\/strong><\/p>\n<p><a href=\"https:\/\/www.rassegnastampa-totustuus.it\/cattolica\/maria-rachele-ruiu-la-donna-prima-di-tutto-e-mamma-anche-al-lavoro\/\" target=\"_blank\" rel=\"noopener\"><span style=\"color: #0000ff;\">Maria Rachele Ruiu: la donna prima di tutto \u00e8 mamma, anche al lavoro<\/span><\/a><\/p>\n","protected":false},"excerpt":{"rendered":"<p>InFormazione cattolica 6 Maggio 20124 Maria Rachele Ruiu:\u00abvogliamo parlare ai giovani, che sono continuamente indottrinati da chi gli dice che mettere al mondo un figlio \u00e8 una fregatura\u00bb Intervista di Pietro Licciardi<\/p><p><a class=\"more-link btn\" href=\"https:\/\/www.rassegnastampa-totustuus.it\/cattolica\/si-alla-vita-il-22-giugno-a-roma-per-fare-insieme-la-differenza\/\">Continua a leggere<\/a><\/p>\n","protected":false},"author":6,"featured_media":55790,"comment_status":"closed","ping_status":"closed","sticky":false,"template":"","format":"standard","meta":{"footnotes":""},"categories":[2],"tags":[2386,2063],"class_list":["post-60303","post","type-post","status-publish","format-standard","has-post-thumbnail","hentry","category-aborto","tag-aborto","tag-marcia-per-la-vita","item-wrap"],"yoast_head":"<!-- This site is optimized with the Yoast SEO plugin v27.5 - https:\/\/yoast.com\/product\/yoast-seo-wordpress\/ -->\n<title>Si alla vita. Il 22 Giugno a Roma per fare, insieme, la differenza - Rassegna Stampa Cattolica<\/title>\n<meta name=\"description\" content=\"Si alla vita. Il 22 Giugno a Roma per fare, insieme, la differenza. Intervista a Maria Rachele Ruiu: \u00abUn figlio non \u00e8 una fregatura\u00bb\" \/>\n<meta name=\"robots\" content=\"index, follow, max-snippet:-1, max-image-preview:large, max-video-preview:-1\" \/>\n<link rel=\"canonical\" href=\"https:\/\/www.rassegnastampa-totustuus.it\/cattolica\/si-alla-vita-il-22-giugno-a-roma-per-fare-insieme-la-differenza\/\" \/>\n<meta property=\"og:locale\" content=\"it_IT\" \/>\n<meta property=\"og:type\" content=\"article\" \/>\n<meta property=\"og:title\" content=\"Si alla vita. Il 22 Giugno a Roma per fare, insieme, la differenza - Rassegna Stampa Cattolica\" \/>\n<meta property=\"og:description\" content=\"Si alla vita. Il 22 Giugno a Roma per fare, insieme, la differenza. Intervista a Maria Rachele Ruiu: \u00abUn figlio non \u00e8 una fregatura\u00bb\" \/>\n<meta property=\"og:url\" content=\"https:\/\/www.rassegnastampa-totustuus.it\/cattolica\/si-alla-vita-il-22-giugno-a-roma-per-fare-insieme-la-differenza\/\" \/>\n<meta property=\"og:site_name\" content=\"Rassegna Stampa Cattolica\" \/>\n<meta property=\"article:publisher\" content=\"https:\/\/www.facebook.com\/rassegnastampacattolica\" \/>\n<meta property=\"article:published_time\" content=\"2024-05-07T15:35:34+00:00\" \/>\n<meta property=\"article:modified_time\" content=\"2024-05-07T16:00:25+00:00\" \/>\n<meta property=\"og:image\" content=\"https:\/\/www.rassegnastampa-totustuus.it\/cattolica\/wp-content\/uploads\/2023\/03\/Maria_Rachele_Ruiu.jpg\" \/>\n\t<meta property=\"og:image:width\" content=\"301\" \/>\n\t<meta property=\"og:image:height\" content=\"168\" \/>\n\t<meta property=\"og:image:type\" content=\"image\/jpeg\" \/>\n<meta name=\"author\" content=\"Redazione\" \/>\n<meta name=\"twitter:card\" content=\"summary_large_image\" \/>\n<meta name=\"twitter:creator\" content=\"@rassegnastampa9\" \/>\n<meta name=\"twitter:site\" content=\"@rassegnastampa9\" \/>\n<meta name=\"twitter:label1\" content=\"Scritto da\" \/>\n\t<meta name=\"twitter:data1\" content=\"Redazione\" \/>\n\t<meta name=\"twitter:label2\" content=\"Tempo di lettura stimato\" \/>\n\t<meta name=\"twitter:data2\" content=\"20 minuti\" \/>\n<script type=\"application\/ld+json\" class=\"yoast-schema-graph\">{\"@context\":\"https:\\\/\\\/schema.org\",\"@graph\":[{\"@type\":\"Article\",\"@id\":\"https:\\\/\\\/www.rassegnastampa-totustuus.it\\\/cattolica\\\/si-alla-vita-il-22-giugno-a-roma-per-fare-insieme-la-differenza\\\/#article\",\"isPartOf\":{\"@id\":\"https:\\\/\\\/www.rassegnastampa-totustuus.it\\\/cattolica\\\/si-alla-vita-il-22-giugno-a-roma-per-fare-insieme-la-differenza\\\/\"},\"author\":{\"name\":\"Redazione\",\"@id\":\"https:\\\/\\\/www.rassegnastampa-totustuus.it\\\/cattolica\\\/#\\\/schema\\\/person\\\/08f319d2bd1a0904ad9e2bfb7b15e5c3\"},\"headline\":\"Si alla vita. Il 22 Giugno a Roma per fare, insieme, la differenza\",\"datePublished\":\"2024-05-07T15:35:34+00:00\",\"dateModified\":\"2024-05-07T16:00:25+00:00\",\"mainEntityOfPage\":{\"@id\":\"https:\\\/\\\/www.rassegnastampa-totustuus.it\\\/cattolica\\\/si-alla-vita-il-22-giugno-a-roma-per-fare-insieme-la-differenza\\\/\"},\"wordCount\":3189,\"publisher\":{\"@id\":\"https:\\\/\\\/www.rassegnastampa-totustuus.it\\\/cattolica\\\/#organization\"},\"image\":{\"@id\":\"https:\\\/\\\/www.rassegnastampa-totustuus.it\\\/cattolica\\\/si-alla-vita-il-22-giugno-a-roma-per-fare-insieme-la-differenza\\\/#primaryimage\"},\"thumbnailUrl\":\"https:\\\/\\\/www.rassegnastampa-totustuus.it\\\/cattolica\\\/wp-content\\\/uploads\\\/2023\\\/03\\\/Maria_Rachele_Ruiu.jpg\",\"keywords\":[\"Aborto\",\"marcia per la vita\"],\"articleSection\":[\"Aborto\"],\"inLanguage\":\"it-IT\"},{\"@type\":\"WebPage\",\"@id\":\"https:\\\/\\\/www.rassegnastampa-totustuus.it\\\/cattolica\\\/si-alla-vita-il-22-giugno-a-roma-per-fare-insieme-la-differenza\\\/\",\"url\":\"https:\\\/\\\/www.rassegnastampa-totustuus.it\\\/cattolica\\\/si-alla-vita-il-22-giugno-a-roma-per-fare-insieme-la-differenza\\\/\",\"name\":\"Si alla vita. Il 22 Giugno a Roma per fare, insieme, la differenza - Rassegna Stampa Cattolica\",\"isPartOf\":{\"@id\":\"https:\\\/\\\/www.rassegnastampa-totustuus.it\\\/cattolica\\\/#website\"},\"primaryImageOfPage\":{\"@id\":\"https:\\\/\\\/www.rassegnastampa-totustuus.it\\\/cattolica\\\/si-alla-vita-il-22-giugno-a-roma-per-fare-insieme-la-differenza\\\/#primaryimage\"},\"image\":{\"@id\":\"https:\\\/\\\/www.rassegnastampa-totustuus.it\\\/cattolica\\\/si-alla-vita-il-22-giugno-a-roma-per-fare-insieme-la-differenza\\\/#primaryimage\"},\"thumbnailUrl\":\"https:\\\/\\\/www.rassegnastampa-totustuus.it\\\/cattolica\\\/wp-content\\\/uploads\\\/2023\\\/03\\\/Maria_Rachele_Ruiu.jpg\",\"datePublished\":\"2024-05-07T15:35:34+00:00\",\"dateModified\":\"2024-05-07T16:00:25+00:00\",\"description\":\"Si alla vita. Il 22 Giugno a Roma per fare, insieme, la differenza. Intervista a Maria Rachele Ruiu: \u00abUn figlio non \u00e8 una fregatura\u00bb\",\"breadcrumb\":{\"@id\":\"https:\\\/\\\/www.rassegnastampa-totustuus.it\\\/cattolica\\\/si-alla-vita-il-22-giugno-a-roma-per-fare-insieme-la-differenza\\\/#breadcrumb\"},\"inLanguage\":\"it-IT\",\"potentialAction\":[{\"@type\":\"ReadAction\",\"target\":[\"https:\\\/\\\/www.rassegnastampa-totustuus.it\\\/cattolica\\\/si-alla-vita-il-22-giugno-a-roma-per-fare-insieme-la-differenza\\\/\"]}]},{\"@type\":\"ImageObject\",\"inLanguage\":\"it-IT\",\"@id\":\"https:\\\/\\\/www.rassegnastampa-totustuus.it\\\/cattolica\\\/si-alla-vita-il-22-giugno-a-roma-per-fare-insieme-la-differenza\\\/#primaryimage\",\"url\":\"https:\\\/\\\/www.rassegnastampa-totustuus.it\\\/cattolica\\\/wp-content\\\/uploads\\\/2023\\\/03\\\/Maria_Rachele_Ruiu.jpg\",\"contentUrl\":\"https:\\\/\\\/www.rassegnastampa-totustuus.it\\\/cattolica\\\/wp-content\\\/uploads\\\/2023\\\/03\\\/Maria_Rachele_Ruiu.jpg\",\"width\":301,\"height\":168},{\"@type\":\"BreadcrumbList\",\"@id\":\"https:\\\/\\\/www.rassegnastampa-totustuus.it\\\/cattolica\\\/si-alla-vita-il-22-giugno-a-roma-per-fare-insieme-la-differenza\\\/#breadcrumb\",\"itemListElement\":[{\"@type\":\"ListItem\",\"position\":1,\"name\":\"Home\",\"item\":\"https:\\\/\\\/www.rassegnastampa-totustuus.it\\\/cattolica\\\/\"},{\"@type\":\"ListItem\",\"position\":2,\"name\":\"Si alla vita. Il 22 Giugno a Roma per fare, insieme, la differenza\"}]},{\"@type\":\"WebSite\",\"@id\":\"https:\\\/\\\/www.rassegnastampa-totustuus.it\\\/cattolica\\\/#website\",\"url\":\"https:\\\/\\\/www.rassegnastampa-totustuus.it\\\/cattolica\\\/\",\"name\":\"Rassegna Stampa Cattolica\",\"description\":\"Per una cultura che nasce dalla Rivelazione cristiana in conformit\u00e0 alla tradizione e al Magistero della Chiesa in opposizione ad ogni relativismo e totalitarismo\",\"publisher\":{\"@id\":\"https:\\\/\\\/www.rassegnastampa-totustuus.it\\\/cattolica\\\/#organization\"},\"alternateName\":\"Rass. Cattolica\",\"potentialAction\":[{\"@type\":\"SearchAction\",\"target\":{\"@type\":\"EntryPoint\",\"urlTemplate\":\"https:\\\/\\\/www.rassegnastampa-totustuus.it\\\/cattolica\\\/?s={search_term_string}\"},\"query-input\":{\"@type\":\"PropertyValueSpecification\",\"valueRequired\":true,\"valueName\":\"search_term_string\"}}],\"inLanguage\":\"it-IT\"},{\"@type\":\"Organization\",\"@id\":\"https:\\\/\\\/www.rassegnastampa-totustuus.it\\\/cattolica\\\/#organization\",\"name\":\"Rassegna Stampa Cattolica\",\"url\":\"https:\\\/\\\/www.rassegnastampa-totustuus.it\\\/cattolica\\\/\",\"logo\":{\"@type\":\"ImageObject\",\"inLanguage\":\"it-IT\",\"@id\":\"https:\\\/\\\/www.rassegnastampa-totustuus.it\\\/cattolica\\\/#\\\/schema\\\/logo\\\/image\\\/\",\"url\":\"https:\\\/\\\/www.rassegnastampa-totustuus.it\\\/cattolica\\\/wp-content\\\/uploads\\\/2014\\\/04\\\/logo-rassegna1.gif\",\"contentUrl\":\"https:\\\/\\\/www.rassegnastampa-totustuus.it\\\/cattolica\\\/wp-content\\\/uploads\\\/2014\\\/04\\\/logo-rassegna1.gif\",\"width\":600,\"height\":163,\"caption\":\"Rassegna Stampa Cattolica\"},\"image\":{\"@id\":\"https:\\\/\\\/www.rassegnastampa-totustuus.it\\\/cattolica\\\/#\\\/schema\\\/logo\\\/image\\\/\"},\"sameAs\":[\"https:\\\/\\\/www.facebook.com\\\/rassegnastampacattolica\",\"https:\\\/\\\/x.com\\\/rassegnastampa9\"]},{\"@type\":\"Person\",\"@id\":\"https:\\\/\\\/www.rassegnastampa-totustuus.it\\\/cattolica\\\/#\\\/schema\\\/person\\\/08f319d2bd1a0904ad9e2bfb7b15e5c3\",\"name\":\"Redazione\",\"image\":{\"@type\":\"ImageObject\",\"inLanguage\":\"it-IT\",\"@id\":\"https:\\\/\\\/secure.gravatar.com\\\/avatar\\\/2fcdf27c78ea025fbdb44e914cc63c72249ffec9dc8aafd5c82b26240ef3f346?s=96&d=mm&r=g\",\"url\":\"https:\\\/\\\/secure.gravatar.com\\\/avatar\\\/2fcdf27c78ea025fbdb44e914cc63c72249ffec9dc8aafd5c82b26240ef3f346?s=96&d=mm&r=g\",\"contentUrl\":\"https:\\\/\\\/secure.gravatar.com\\\/avatar\\\/2fcdf27c78ea025fbdb44e914cc63c72249ffec9dc8aafd5c82b26240ef3f346?s=96&d=mm&r=g\",\"caption\":\"Redazione\"},\"url\":\"https:\\\/\\\/www.rassegnastampa-totustuus.it\\\/cattolica\\\/author\\\/pietroelle\\\/\"}]}<\/script>\n<!-- \/ Yoast SEO plugin. -->","yoast_head_json":{"title":"Si alla vita. Il 22 Giugno a Roma per fare, insieme, la differenza - Rassegna Stampa Cattolica","description":"Si alla vita. Il 22 Giugno a Roma per fare, insieme, la differenza. Intervista a Maria Rachele Ruiu: \u00abUn figlio non \u00e8 una fregatura\u00bb","robots":{"index":"index","follow":"follow","max-snippet":"max-snippet:-1","max-image-preview":"max-image-preview:large","max-video-preview":"max-video-preview:-1"},"canonical":"https:\/\/www.rassegnastampa-totustuus.it\/cattolica\/si-alla-vita-il-22-giugno-a-roma-per-fare-insieme-la-differenza\/","og_locale":"it_IT","og_type":"article","og_title":"Si alla vita. Il 22 Giugno a Roma per fare, insieme, la differenza - Rassegna Stampa Cattolica","og_description":"Si alla vita. Il 22 Giugno a Roma per fare, insieme, la differenza. Intervista a Maria Rachele Ruiu: \u00abUn figlio non \u00e8 una fregatura\u00bb","og_url":"https:\/\/www.rassegnastampa-totustuus.it\/cattolica\/si-alla-vita-il-22-giugno-a-roma-per-fare-insieme-la-differenza\/","og_site_name":"Rassegna Stampa Cattolica","article_publisher":"https:\/\/www.facebook.com\/rassegnastampacattolica","article_published_time":"2024-05-07T15:35:34+00:00","article_modified_time":"2024-05-07T16:00:25+00:00","og_image":[{"width":301,"height":168,"url":"https:\/\/www.rassegnastampa-totustuus.it\/cattolica\/wp-content\/uploads\/2023\/03\/Maria_Rachele_Ruiu.jpg","type":"image\/jpeg"}],"author":"Redazione","twitter_card":"summary_large_image","twitter_creator":"@rassegnastampa9","twitter_site":"@rassegnastampa9","twitter_misc":{"Scritto da":"Redazione","Tempo di lettura stimato":"20 minuti"},"schema":{"@context":"https:\/\/schema.org","@graph":[{"@type":"Article","@id":"https:\/\/www.rassegnastampa-totustuus.it\/cattolica\/si-alla-vita-il-22-giugno-a-roma-per-fare-insieme-la-differenza\/#article","isPartOf":{"@id":"https:\/\/www.rassegnastampa-totustuus.it\/cattolica\/si-alla-vita-il-22-giugno-a-roma-per-fare-insieme-la-differenza\/"},"author":{"name":"Redazione","@id":"https:\/\/www.rassegnastampa-totustuus.it\/cattolica\/#\/schema\/person\/08f319d2bd1a0904ad9e2bfb7b15e5c3"},"headline":"Si alla vita. Il 22 Giugno a Roma per fare, insieme, la differenza","datePublished":"2024-05-07T15:35:34+00:00","dateModified":"2024-05-07T16:00:25+00:00","mainEntityOfPage":{"@id":"https:\/\/www.rassegnastampa-totustuus.it\/cattolica\/si-alla-vita-il-22-giugno-a-roma-per-fare-insieme-la-differenza\/"},"wordCount":3189,"publisher":{"@id":"https:\/\/www.rassegnastampa-totustuus.it\/cattolica\/#organization"},"image":{"@id":"https:\/\/www.rassegnastampa-totustuus.it\/cattolica\/si-alla-vita-il-22-giugno-a-roma-per-fare-insieme-la-differenza\/#primaryimage"},"thumbnailUrl":"https:\/\/www.rassegnastampa-totustuus.it\/cattolica\/wp-content\/uploads\/2023\/03\/Maria_Rachele_Ruiu.jpg","keywords":["Aborto","marcia per la vita"],"articleSection":["Aborto"],"inLanguage":"it-IT"},{"@type":"WebPage","@id":"https:\/\/www.rassegnastampa-totustuus.it\/cattolica\/si-alla-vita-il-22-giugno-a-roma-per-fare-insieme-la-differenza\/","url":"https:\/\/www.rassegnastampa-totustuus.it\/cattolica\/si-alla-vita-il-22-giugno-a-roma-per-fare-insieme-la-differenza\/","name":"Si alla vita. Il 22 Giugno a Roma per fare, insieme, la differenza - Rassegna Stampa Cattolica","isPartOf":{"@id":"https:\/\/www.rassegnastampa-totustuus.it\/cattolica\/#website"},"primaryImageOfPage":{"@id":"https:\/\/www.rassegnastampa-totustuus.it\/cattolica\/si-alla-vita-il-22-giugno-a-roma-per-fare-insieme-la-differenza\/#primaryimage"},"image":{"@id":"https:\/\/www.rassegnastampa-totustuus.it\/cattolica\/si-alla-vita-il-22-giugno-a-roma-per-fare-insieme-la-differenza\/#primaryimage"},"thumbnailUrl":"https:\/\/www.rassegnastampa-totustuus.it\/cattolica\/wp-content\/uploads\/2023\/03\/Maria_Rachele_Ruiu.jpg","datePublished":"2024-05-07T15:35:34+00:00","dateModified":"2024-05-07T16:00:25+00:00","description":"Si alla vita. Il 22 Giugno a Roma per fare, insieme, la differenza. Intervista a Maria Rachele Ruiu: \u00abUn figlio non \u00e8 una fregatura\u00bb","breadcrumb":{"@id":"https:\/\/www.rassegnastampa-totustuus.it\/cattolica\/si-alla-vita-il-22-giugno-a-roma-per-fare-insieme-la-differenza\/#breadcrumb"},"inLanguage":"it-IT","potentialAction":[{"@type":"ReadAction","target":["https:\/\/www.rassegnastampa-totustuus.it\/cattolica\/si-alla-vita-il-22-giugno-a-roma-per-fare-insieme-la-differenza\/"]}]},{"@type":"ImageObject","inLanguage":"it-IT","@id":"https:\/\/www.rassegnastampa-totustuus.it\/cattolica\/si-alla-vita-il-22-giugno-a-roma-per-fare-insieme-la-differenza\/#primaryimage","url":"https:\/\/www.rassegnastampa-totustuus.it\/cattolica\/wp-content\/uploads\/2023\/03\/Maria_Rachele_Ruiu.jpg","contentUrl":"https:\/\/www.rassegnastampa-totustuus.it\/cattolica\/wp-content\/uploads\/2023\/03\/Maria_Rachele_Ruiu.jpg","width":301,"height":168},{"@type":"BreadcrumbList","@id":"https:\/\/www.rassegnastampa-totustuus.it\/cattolica\/si-alla-vita-il-22-giugno-a-roma-per-fare-insieme-la-differenza\/#breadcrumb","itemListElement":[{"@type":"ListItem","position":1,"name":"Home","item":"https:\/\/www.rassegnastampa-totustuus.it\/cattolica\/"},{"@type":"ListItem","position":2,"name":"Si alla vita. Il 22 Giugno a Roma per fare, insieme, la differenza"}]},{"@type":"WebSite","@id":"https:\/\/www.rassegnastampa-totustuus.it\/cattolica\/#website","url":"https:\/\/www.rassegnastampa-totustuus.it\/cattolica\/","name":"Rassegna Stampa Cattolica","description":"Per una cultura che nasce dalla Rivelazione cristiana in conformit\u00e0 alla tradizione e al Magistero della Chiesa in opposizione ad ogni relativismo e totalitarismo","publisher":{"@id":"https:\/\/www.rassegnastampa-totustuus.it\/cattolica\/#organization"},"alternateName":"Rass. Cattolica","potentialAction":[{"@type":"SearchAction","target":{"@type":"EntryPoint","urlTemplate":"https:\/\/www.rassegnastampa-totustuus.it\/cattolica\/?s={search_term_string}"},"query-input":{"@type":"PropertyValueSpecification","valueRequired":true,"valueName":"search_term_string"}}],"inLanguage":"it-IT"},{"@type":"Organization","@id":"https:\/\/www.rassegnastampa-totustuus.it\/cattolica\/#organization","name":"Rassegna Stampa Cattolica","url":"https:\/\/www.rassegnastampa-totustuus.it\/cattolica\/","logo":{"@type":"ImageObject","inLanguage":"it-IT","@id":"https:\/\/www.rassegnastampa-totustuus.it\/cattolica\/#\/schema\/logo\/image\/","url":"https:\/\/www.rassegnastampa-totustuus.it\/cattolica\/wp-content\/uploads\/2014\/04\/logo-rassegna1.gif","contentUrl":"https:\/\/www.rassegnastampa-totustuus.it\/cattolica\/wp-content\/uploads\/2014\/04\/logo-rassegna1.gif","width":600,"height":163,"caption":"Rassegna Stampa Cattolica"},"image":{"@id":"https:\/\/www.rassegnastampa-totustuus.it\/cattolica\/#\/schema\/logo\/image\/"},"sameAs":["https:\/\/www.facebook.com\/rassegnastampacattolica","https:\/\/x.com\/rassegnastampa9"]},{"@type":"Person","@id":"https:\/\/www.rassegnastampa-totustuus.it\/cattolica\/#\/schema\/person\/08f319d2bd1a0904ad9e2bfb7b15e5c3","name":"Redazione","image":{"@type":"ImageObject","inLanguage":"it-IT","@id":"https:\/\/secure.gravatar.com\/avatar\/2fcdf27c78ea025fbdb44e914cc63c72249ffec9dc8aafd5c82b26240ef3f346?s=96&d=mm&r=g","url":"https:\/\/secure.gravatar.com\/avatar\/2fcdf27c78ea025fbdb44e914cc63c72249ffec9dc8aafd5c82b26240ef3f346?s=96&d=mm&r=g","contentUrl":"https:\/\/secure.gravatar.com\/avatar\/2fcdf27c78ea025fbdb44e914cc63c72249ffec9dc8aafd5c82b26240ef3f346?s=96&d=mm&r=g","caption":"Redazione"},"url":"https:\/\/www.rassegnastampa-totustuus.it\/cattolica\/author\/pietroelle\/"}]}},"_links":{"self":[{"href":"https:\/\/www.rassegnastampa-totustuus.it\/cattolica\/wp-json\/wp\/v2\/posts\/60303","targetHints":{"allow":["GET"]}}],"collection":[{"href":"https:\/\/www.rassegnastampa-totustuus.it\/cattolica\/wp-json\/wp\/v2\/posts"}],"about":[{"href":"https:\/\/www.rassegnastampa-totustuus.it\/cattolica\/wp-json\/wp\/v2\/types\/post"}],"author":[{"embeddable":true,"href":"https:\/\/www.rassegnastampa-totustuus.it\/cattolica\/wp-json\/wp\/v2\/users\/6"}],"replies":[{"embeddable":true,"href":"https:\/\/www.rassegnastampa-totustuus.it\/cattolica\/wp-json\/wp\/v2\/comments?post=60303"}],"version-history":[{"count":3,"href":"https:\/\/www.rassegnastampa-totustuus.it\/cattolica\/wp-json\/wp\/v2\/posts\/60303\/revisions"}],"predecessor-version":[{"id":60308,"href":"https:\/\/www.rassegnastampa-totustuus.it\/cattolica\/wp-json\/wp\/v2\/posts\/60303\/revisions\/60308"}],"wp:featuredmedia":[{"embeddable":true,"href":"https:\/\/www.rassegnastampa-totustuus.it\/cattolica\/wp-json\/wp\/v2\/media\/55790"}],"wp:attachment":[{"href":"https:\/\/www.rassegnastampa-totustuus.it\/cattolica\/wp-json\/wp\/v2\/media?parent=60303"}],"wp:term":[{"taxonomy":"category","embeddable":true,"href":"https:\/\/www.rassegnastampa-totustuus.it\/cattolica\/wp-json\/wp\/v2\/categories?post=60303"},{"taxonomy":"post_tag","embeddable":true,"href":"https:\/\/www.rassegnastampa-totustuus.it\/cattolica\/wp-json\/wp\/v2\/tags?post=60303"}],"curies":[{"name":"wp","href":"https:\/\/api.w.org\/{rel}","templated":true}]}}