{"id":60297,"date":"2024-05-04T16:55:37","date_gmt":"2024-05-04T14:55:37","guid":{"rendered":"https:\/\/www.rassegnastampa-totustuus.it\/cattolica\/?p=60297"},"modified":"2024-05-04T16:55:39","modified_gmt":"2024-05-04T14:55:39","slug":"eclissi-solari-e-la-correlazione-tra-abitabilita-e-misurabilita","status":"publish","type":"post","link":"https:\/\/www.rassegnastampa-totustuus.it\/cattolica\/eclissi-solari-e-la-correlazione-tra-abitabilita-e-misurabilita\/","title":{"rendered":"Eclissi solari e la correlazione tra abitabilit\u00e0 e misurabilit\u00e0"},"content":{"rendered":"<p style=\"text-align: center;\"><span style=\"color: #000000;\"><strong><img loading=\"lazy\" decoding=\"async\" class=\"size-full wp-image-60298 alignright\" src=\"https:\/\/www.rassegnastampa-totustuus.it\/cattolica\/wp-content\/uploads\/2024\/05\/eclissi_sole.jpeg\" alt=\"\" width=\"264\" height=\"180\" \/><span style=\"color: #0000ff;\"><a style=\"color: #0000ff;\" href=\"https:\/\/www.ciid.science\/blog\" target=\"_blank\" rel=\"noopener\">Centro Italiano Intelligent Design<\/a><\/span><\/strong> 4 Maggio 2024\u00a0<\/span><\/p>\n<p style=\"text-align: center;\"><span style=\"color: #000000;\"><strong>Carlo Alberto Cossano<\/strong> <\/span><\/p>\n<p style=\"text-align: justify;\"><span style=\"color: #000000;\">Un evento astronomico largamente anticipato e celebrato dai mezzi informazione di massa, cos\u00ec come da quelli specializzati, ha caratterizzato l\u20198 aprile 2024: l\u2019eclissi solare.<\/span><\/p>\n<p><!--more--><\/p>\n<p style=\"text-align: justify;\"><span style=\"color: #000000;\"> Questo strabiliante fenomeno celeste, probabilmente tra i pi\u00f9 peculiari e sorprendenti a cui possiamo assistere, \u00e8 stato visibile in una striscia d\u2019ombra che ha attraversato l\u2019America centrale e del nord, con una durata, nel punto pi\u00f9 centrale rispetto al fenomeno, ovvero vicino a Nazas in Messico, di ben 4 minuti e 28 secondi.\u00ec<\/span><\/p>\n<p style=\"text-align: justify;\"><span style=\"color: #000000;\">Questa volta \u00e8 stato il continente americano a poter beneficiare della visione di questa eclissi totale, sebbene fosse dal 1991 che ci\u00f2 non avveniva in Messico, dal 1979 in Canada e dal 2017 negli gli Stati Uniti.<\/span><\/p>\n<p style=\"text-align: justify;\"><span style=\"color: #000000;\"><img loading=\"lazy\" decoding=\"async\" class=\" wp-image-19177 alignleft\" src=\"https:\/\/www.rassegnastampa-totustuus.it\/cattolica\/wp-content\/uploads\/2009\/03\/TERRA-300x141.jpg\" alt=\"\" width=\"340\" height=\"160\" srcset=\"https:\/\/www.rassegnastampa-totustuus.it\/cattolica\/wp-content\/uploads\/2009\/03\/TERRA-300x141.jpg 300w, https:\/\/www.rassegnastampa-totustuus.it\/cattolica\/wp-content\/uploads\/2009\/03\/TERRA.jpg 327w\" sizes=\"auto, (max-width: 340px) 100vw, 340px\" \/>Come ormai tutti sanno, l\u2019ombra dell\u2019eclissi, generata sulla Terra dalla contrapposizione del nostro satellite, la Luna, alla luce della nostra stella, il Sole, percorre una traiettoria sul nostro pianeta che si pu\u00f2 prevedere con estrema precisione, andando per esempio a stabilire che, per poter vedere in Italia uno spettacolo simile a quello dei fortunati abitanti di Nazas, sar\u00e0 necessario attendere il 2 agosto 2027 e ci si dovr\u00e0 recare s\u00ec in territorio italiano ma nientemeno che a 50 chilometri al largo dell\u2019isola di Lampedusa! [1]<\/span><\/p>\n<p style=\"text-align: justify;\"><span style=\"color: #000000;\">Questi dati potrebbero farci riflettere su come sia veramente sorprendente riscontrare il grado in cui possiamo \u201cmisurare\u201d l\u2019Universo e non solo l\u2019ambiente circostante. La scienza, per\u00f2, presuppone la misurabilit\u00e0 del regno fisico di fatto dichiarando semplicemente che \u00e8 misurabile perch\u00e9 gli scienziati hanno trovato il modo per farlo.<\/span><\/p>\n<p style=\"text-align: justify;\"><span style=\"color: #000000;\">Ci\u00f2 che \u00e8 molto difficile trovare \u00e8 una discussione sulle condizioni necessarie per le imprese a cui siamo arrivati dopo secoli di ingegno, tenacia e fortuna. Eppure, l\u2019importanza della calibratura di queste condizioni a un livello cos\u00ec improbabile al punto di consentire incredibili scoperte scientifiche richiede secondo molti una spiegazione migliore del semplice caso.<\/span><\/p>\n<p style=\"text-align: justify;\"><span style=\"color: #000000;\"><img loading=\"lazy\" decoding=\"async\" class=\" wp-image-30451 alignright\" src=\"https:\/\/www.rassegnastampa-totustuus.it\/cattolica\/wp-content\/uploads\/2009\/03\/temperatura_terra.jpg\" alt=\"\" width=\"267\" height=\"200\" \/>Oltre all\u2019esistenza della vita e della biodiversit\u00e0, le condizioni della Terra consentono una straordinaria diversit\u00e0 di misurazioni, dalla cosmologia e astronomia galattica all\u2019astrofisica stellare e alla geofisica: secondo rilevanti e ufficiali argomentazioni astronomiche e cosmologiche legate alla teoria scientifica dell\u2019Intelligent Design, non c\u2019\u00e8 alcuna ragione ovvia per ritenere che le stesse rare propriet\u00e0 che consentono la nostra esistenza fornirebbero anche il miglior ambiente generale per fare scoperte sul mondo che ci circonda.<\/span><\/p>\n<p style=\"text-align: justify;\"><span style=\"color: #000000;\">Il Dott. Guillermo Gonzales \u00e8 uno dei promotori di queste argomentazioni.<\/span><\/p>\n<p style=\"text-align: justify;\"><span style=\"color: #000000;\">Gonzales ha ricevuto il suo dottorato di ricerca in astronomia nel 1993 dall\u2019Universit\u00e0 di Washington, dove ha anche svolto attivit\u00e0 di post-dottorato, cos\u00ec come all\u2019Universit\u00e0 del Texas, ricevendo borse di studio, finanziamenti e premi da istituzioni come la NASA, la Fondazione Templeton, Sigma Xi e la National Science Foundation. <\/span><\/p>\n<p style=\"text-align: justify;\"><span style=\"color: #000000;\">Ha lavorato presso gli osservatori McDonald, Apache Point e Cerro Tololo Interamerican, diventando un esperto a livello mondiale sui requisiti astrofisici per l\u2019abitabilit\u00e0, fondando il concetto della \u201cZona Galattica Abitabile\u201d (\u201cGalactic Habitable Zone\u201d), sulla base del quale astronomi e astrobiologi di tutto il mondo effettuano ricerche scientifiche. <\/span><\/p>\n<p style=\"text-align: justify;\"><span style=\"color: #000000;\">Ha pubblicato oltre 70 pubblicazioni scientifiche come <em>The Astrophysical Journal<\/em>, <em>The Astronomical Journal, Astronomy and Astrophysics, Icarus e Monthly Notices of the Royal Astronomical Society,<\/em> oltre che co-autore della seconda edizione di \u201cObservational Astronomy\u201d, un libro di testo avanzato di astronomia.<\/span><\/p>\n<p style=\"text-align: justify;\"><span style=\"color: #000000;\"><img loading=\"lazy\" decoding=\"async\" class=\" wp-image-20395 alignright\" src=\"https:\/\/www.rassegnastampa-totustuus.it\/cattolica\/wp-content\/uploads\/2009\/12\/universo.jpg\" alt=\"\" width=\"358\" height=\"223\" \/>Nel suo libro \u201cThe Privileged Planet: How Our Place in the Cosmos is Designed for Discovery\u201d (\u201cIl pianeta privilegiato: come il nostro posto nel Cosmo \u00e8 progettato per le scoperte\u201d), scritto con il filosofo Jay W. Richards e dal quale il presente articolo ha tratto ispirazione, Gonzales argomenta quanto appena introdotto tra le varie unicit\u00e0 del nostro pianeta e lo fa spiegando e descrivendo tutte le caratteristiche eccezionali di quello che definisce come un \u201cballetto di astri\u201d, pi\u00f9 precisamente come un tango, \u201cballato\u201d per\u00f2, nel caso delle eclissi, da tre \u201cpersone\u201d: una stella, un pianeta e la sua luna.<\/span><\/p>\n<p style=\"text-align: justify;\"><span style=\"color: #000000;\">Ovviamente un satellite pu\u00f2, come in effetti fa il nostro, stabilizzare l\u2019asse di rotazione del pianeta che la ospita, producendo un clima pi\u00f9 stabile e favorevole alla vita, ad esempio sollevando le maree oceaniche della Terra: le sue dimensioni devono per\u00f2 essere proprio quelle giuste per svolgere stabilmente queste importanti funzioni. La fascia attorno a una stella in cui un pianeta terrestre deve orbitare per mantenere l\u2019acqua liquida sulla sua superficie \u00e8 chiamata zona abitabile circumstellare. Quindi, indirettamente, anche le dimensioni della Terra stessa sono rilevanti per la geometria del sistema Terra-Sole-Luna e il suo contributo all\u2019abitabilit\u00e0 del pianeta.<\/span><\/p>\n<p style=\"text-align: justify;\"><span style=\"color: #000000;\">Ed ecco che emerge un primo importante nocciolo della questione dal saggio di Gonzales e Richards: i requisiti per la vita complessa su un pianeta terrestre si sovrappongono fortemente ai requisiti per l\u2019osservazione delle eclissi solari totali.<\/span><\/p>\n<p style=\"text-align: justify;\"><span style=\"color: #000000;\">C\u2019\u00e8 un altro punto poco noto rispetto al nostro sistema solare che aiuta a comprendere l\u2019importanza di queste inferenze: delle oltre sessantaquattro lune del Sistema Solare, la nostra corrisponde meglio al Sole visto dalla superficie di un pianeta, e questo \u00e8 possibile solo durante una finestra abbastanza ristretta della storia della Terra, che comprende il presente.<\/span><\/p>\n<p style=\"text-align: justify;\"><span style=\"color: #000000;\"><img loading=\"lazy\" decoding=\"async\" class=\" wp-image-60299 alignleft\" src=\"https:\/\/www.rassegnastampa-totustuus.it\/cattolica\/wp-content\/uploads\/2024\/05\/sole_spazio_astronomia.jpeg\" alt=\"\" width=\"354\" height=\"213\" \/>Va ricordato anche che il Sole \u00e8 circa quattrocento volte pi\u00f9 lontano della Luna, ma \u00e8 anche quattrocento volte pi\u00f9 grande. Di conseguenza, entrambi i corpi appaiono della stessa dimensione nel nostro cielo.<\/span><\/p>\n<p style=\"text-align: justify;\"><span style=\"color: #000000;\">Inoltre, le lune orbitano attorno ai pianeti giganti molto pi\u00f9 velocemente di quanto la nostra Luna orbita attorno alla Terra.<\/span><\/p>\n<p style=\"text-align: justify;\"><span style=\"color: #000000;\">Con dovizia di particolari, nel suo libro Gonzales spiega anche come scoperte e conferme di teorie, entrambe fondamentali per il progresso scientifico dell\u2019umanit\u00e0, siano state possibili grazie alle osservazioni nel contesto di una eclissi solare: queste osservazioni hanno contribuito a rivelare la natura delle stelle, fornendo un esperimento naturale per testare la teoria della relativit\u00e0 generale di Einstein e ci hanno permesso di misurare il rallentamento della rotazione terrestre.<\/span><\/p>\n<p style=\"text-align: justify;\"><span style=\"color: #000000;\">Le eclissi solari perfette, poi, sono ottimali per tutti e tre questi usi: scoprire la natura dell\u2019atmosfera del Sole, testare la relativit\u00e0 generale e cronometrare la rotazione della Terra.<\/span><\/p>\n<p style=\"text-align: justify;\"><span style=\"color: #000000;\">Infatti, \u00e8 solo grazie al fatto che comprendiamo come si formano le linee di assorbimento nell\u2019atmosfera del Sole che ci \u00e8 possibile interpretare gli spettri delle stelle distanti, determinare quindi la loro composizione chimica, il tutto senza lasciare il nostro piccolo pianeta. Tale conoscenza \u00e8 il fulcro dell\u2019astrofisica e della cosmologia moderne.<\/span><\/p>\n<p style=\"text-align: justify;\"><span style=\"color: #000000;\">Riassumendo mirabilmente uno degli argomenti del libro, caldamente consigliato a tutti coloro che amano questi temi, Gonzales scrive quanto segue: \u00abIn altre parole, il luogo pi\u00f9 abitabile del Sistema Solare offre la migliore visione delle eclissi solari proprio quando gli osservatori possono apprezzarle al meglio\u2026 Oltre a suscitare stupore e permetterci di scoprire la natura dell\u2019atmosfera del Sole e dell\u2019elemento elio\u2026 le eclissi solari perfette sono diventate l\u2019occasione per scoprire la correlazione tra abitabilit\u00e0 e misurabilit\u00e0\u00bb.<\/span><\/p>\n<p style=\"text-align: justify;\"><span style=\"color: #000000;\"><strong>1<\/strong>)<\/span> <span style=\"color: #0000ff;\"><a style=\"color: #0000ff;\" href=\"https:\/\/it.wikipedia.org\/wiki\/Eclissi_solare_del_2_agosto_2027\" target=\"_blank\" rel=\"noopener\">https:\/\/it.wikipedia.org\/wiki\/Eclissi_solare_del_2_agosto_2027<\/a><\/span><\/p>\n<p>____________________________________<\/p>\n<p><span style=\"color: #000000;\"><strong>Leggi anche:<\/strong><\/span><\/p>\n<p><a href=\"https:\/\/www.rassegnastampa-totustuus.it\/cattolica\/keplero-lastronomo-che-cercava-la-musica-di-dio\/\" target=\"_blank\" rel=\"noopener\"><span style=\"color: #0000ff;\">Keplero, l\u2019astronomo che cercava la musica di Dio\u00a0<\/span><\/a><\/p>\n","protected":false},"excerpt":{"rendered":"<p>Centro Italiano Intelligent Design 4 Maggio 2024\u00a0 Carlo Alberto Cossano Un evento astronomico largamente anticipato e celebrato dai mezzi informazione di massa, cos\u00ec come da quelli specializzati, ha caratterizzato l\u20198 aprile 2024: l\u2019eclissi solare.<\/p><p><a class=\"more-link btn\" href=\"https:\/\/www.rassegnastampa-totustuus.it\/cattolica\/eclissi-solari-e-la-correlazione-tra-abitabilita-e-misurabilita\/\">Continua a leggere<\/a><\/p>\n","protected":false},"author":6,"featured_media":60298,"comment_status":"closed","ping_status":"closed","sticky":false,"template":"","format":"standard","meta":{"footnotes":""},"categories":[22],"tags":[3037,2931,261],"class_list":["post-60297","post","type-post","status-publish","format-standard","has-post-thumbnail","hentry","category-scienza","tag-eclissi-solari","tag-intelligent-design","tag-scienza-2","item-wrap"],"yoast_head":"<!-- This site is optimized with the Yoast SEO plugin v27.5 - https:\/\/yoast.com\/product\/yoast-seo-wordpress\/ -->\n<title>Eclissi solari e la correlazione tra abitabilit\u00e0 e misurabilit\u00e0 - Rassegna Stampa Cattolica<\/title>\n<meta name=\"description\" content=\"Eclissi solari e la correlazione tra abitabilit\u00e0 e misurabilit\u00e0. Le eclissi solari perfette sono diventate occasione di stupore\" \/>\n<meta name=\"robots\" content=\"index, follow, max-snippet:-1, max-image-preview:large, max-video-preview:-1\" \/>\n<link rel=\"canonical\" href=\"https:\/\/www.rassegnastampa-totustuus.it\/cattolica\/eclissi-solari-e-la-correlazione-tra-abitabilita-e-misurabilita\/\" \/>\n<meta property=\"og:locale\" content=\"it_IT\" \/>\n<meta property=\"og:type\" content=\"article\" \/>\n<meta property=\"og:title\" content=\"Eclissi solari e la correlazione tra abitabilit\u00e0 e misurabilit\u00e0 - Rassegna Stampa Cattolica\" \/>\n<meta property=\"og:description\" content=\"Eclissi solari e la correlazione tra abitabilit\u00e0 e misurabilit\u00e0. Le eclissi solari perfette sono diventate occasione di stupore\" \/>\n<meta property=\"og:url\" content=\"https:\/\/www.rassegnastampa-totustuus.it\/cattolica\/eclissi-solari-e-la-correlazione-tra-abitabilita-e-misurabilita\/\" \/>\n<meta property=\"og:site_name\" content=\"Rassegna Stampa Cattolica\" \/>\n<meta property=\"article:publisher\" content=\"https:\/\/www.facebook.com\/rassegnastampacattolica\" \/>\n<meta property=\"article:published_time\" content=\"2024-05-04T14:55:37+00:00\" \/>\n<meta property=\"article:modified_time\" content=\"2024-05-04T14:55:39+00:00\" \/>\n<meta property=\"og:image\" content=\"https:\/\/www.rassegnastampa-totustuus.it\/cattolica\/wp-content\/uploads\/2024\/05\/eclissi_sole.jpeg\" \/>\n\t<meta property=\"og:image:width\" content=\"264\" \/>\n\t<meta property=\"og:image:height\" content=\"180\" \/>\n\t<meta property=\"og:image:type\" content=\"image\/jpeg\" \/>\n<meta name=\"author\" content=\"Redazione\" \/>\n<meta name=\"twitter:card\" content=\"summary_large_image\" \/>\n<meta name=\"twitter:creator\" content=\"@rassegnastampa9\" \/>\n<meta name=\"twitter:site\" content=\"@rassegnastampa9\" \/>\n<meta name=\"twitter:label1\" content=\"Scritto da\" \/>\n\t<meta name=\"twitter:data1\" content=\"Redazione\" \/>\n\t<meta name=\"twitter:label2\" content=\"Tempo di lettura stimato\" \/>\n\t<meta name=\"twitter:data2\" content=\"8 minuti\" \/>\n<script type=\"application\/ld+json\" class=\"yoast-schema-graph\">{\"@context\":\"https:\\\/\\\/schema.org\",\"@graph\":[{\"@type\":\"Article\",\"@id\":\"https:\\\/\\\/www.rassegnastampa-totustuus.it\\\/cattolica\\\/eclissi-solari-e-la-correlazione-tra-abitabilita-e-misurabilita\\\/#article\",\"isPartOf\":{\"@id\":\"https:\\\/\\\/www.rassegnastampa-totustuus.it\\\/cattolica\\\/eclissi-solari-e-la-correlazione-tra-abitabilita-e-misurabilita\\\/\"},\"author\":{\"name\":\"Redazione\",\"@id\":\"https:\\\/\\\/www.rassegnastampa-totustuus.it\\\/cattolica\\\/#\\\/schema\\\/person\\\/08f319d2bd1a0904ad9e2bfb7b15e5c3\"},\"headline\":\"Eclissi solari e la correlazione tra abitabilit\u00e0 e misurabilit\u00e0\",\"datePublished\":\"2024-05-04T14:55:37+00:00\",\"dateModified\":\"2024-05-04T14:55:39+00:00\",\"mainEntityOfPage\":{\"@id\":\"https:\\\/\\\/www.rassegnastampa-totustuus.it\\\/cattolica\\\/eclissi-solari-e-la-correlazione-tra-abitabilita-e-misurabilita\\\/\"},\"wordCount\":1129,\"publisher\":{\"@id\":\"https:\\\/\\\/www.rassegnastampa-totustuus.it\\\/cattolica\\\/#organization\"},\"image\":{\"@id\":\"https:\\\/\\\/www.rassegnastampa-totustuus.it\\\/cattolica\\\/eclissi-solari-e-la-correlazione-tra-abitabilita-e-misurabilita\\\/#primaryimage\"},\"thumbnailUrl\":\"https:\\\/\\\/www.rassegnastampa-totustuus.it\\\/cattolica\\\/wp-content\\\/uploads\\\/2024\\\/05\\\/eclissi_sole.jpeg\",\"keywords\":[\"eclissi solari\",\"intelligent design\",\"scienza\"],\"articleSection\":[\"Scienza\"],\"inLanguage\":\"it-IT\"},{\"@type\":\"WebPage\",\"@id\":\"https:\\\/\\\/www.rassegnastampa-totustuus.it\\\/cattolica\\\/eclissi-solari-e-la-correlazione-tra-abitabilita-e-misurabilita\\\/\",\"url\":\"https:\\\/\\\/www.rassegnastampa-totustuus.it\\\/cattolica\\\/eclissi-solari-e-la-correlazione-tra-abitabilita-e-misurabilita\\\/\",\"name\":\"Eclissi solari e la correlazione tra abitabilit\u00e0 e misurabilit\u00e0 - Rassegna Stampa Cattolica\",\"isPartOf\":{\"@id\":\"https:\\\/\\\/www.rassegnastampa-totustuus.it\\\/cattolica\\\/#website\"},\"primaryImageOfPage\":{\"@id\":\"https:\\\/\\\/www.rassegnastampa-totustuus.it\\\/cattolica\\\/eclissi-solari-e-la-correlazione-tra-abitabilita-e-misurabilita\\\/#primaryimage\"},\"image\":{\"@id\":\"https:\\\/\\\/www.rassegnastampa-totustuus.it\\\/cattolica\\\/eclissi-solari-e-la-correlazione-tra-abitabilita-e-misurabilita\\\/#primaryimage\"},\"thumbnailUrl\":\"https:\\\/\\\/www.rassegnastampa-totustuus.it\\\/cattolica\\\/wp-content\\\/uploads\\\/2024\\\/05\\\/eclissi_sole.jpeg\",\"datePublished\":\"2024-05-04T14:55:37+00:00\",\"dateModified\":\"2024-05-04T14:55:39+00:00\",\"description\":\"Eclissi solari e la correlazione tra abitabilit\u00e0 e misurabilit\u00e0. Le eclissi solari perfette sono diventate occasione di stupore\",\"breadcrumb\":{\"@id\":\"https:\\\/\\\/www.rassegnastampa-totustuus.it\\\/cattolica\\\/eclissi-solari-e-la-correlazione-tra-abitabilita-e-misurabilita\\\/#breadcrumb\"},\"inLanguage\":\"it-IT\",\"potentialAction\":[{\"@type\":\"ReadAction\",\"target\":[\"https:\\\/\\\/www.rassegnastampa-totustuus.it\\\/cattolica\\\/eclissi-solari-e-la-correlazione-tra-abitabilita-e-misurabilita\\\/\"]}]},{\"@type\":\"ImageObject\",\"inLanguage\":\"it-IT\",\"@id\":\"https:\\\/\\\/www.rassegnastampa-totustuus.it\\\/cattolica\\\/eclissi-solari-e-la-correlazione-tra-abitabilita-e-misurabilita\\\/#primaryimage\",\"url\":\"https:\\\/\\\/www.rassegnastampa-totustuus.it\\\/cattolica\\\/wp-content\\\/uploads\\\/2024\\\/05\\\/eclissi_sole.jpeg\",\"contentUrl\":\"https:\\\/\\\/www.rassegnastampa-totustuus.it\\\/cattolica\\\/wp-content\\\/uploads\\\/2024\\\/05\\\/eclissi_sole.jpeg\",\"width\":264,\"height\":180},{\"@type\":\"BreadcrumbList\",\"@id\":\"https:\\\/\\\/www.rassegnastampa-totustuus.it\\\/cattolica\\\/eclissi-solari-e-la-correlazione-tra-abitabilita-e-misurabilita\\\/#breadcrumb\",\"itemListElement\":[{\"@type\":\"ListItem\",\"position\":1,\"name\":\"Home\",\"item\":\"https:\\\/\\\/www.rassegnastampa-totustuus.it\\\/cattolica\\\/\"},{\"@type\":\"ListItem\",\"position\":2,\"name\":\"Eclissi solari e la correlazione tra abitabilit\u00e0 e misurabilit\u00e0\"}]},{\"@type\":\"WebSite\",\"@id\":\"https:\\\/\\\/www.rassegnastampa-totustuus.it\\\/cattolica\\\/#website\",\"url\":\"https:\\\/\\\/www.rassegnastampa-totustuus.it\\\/cattolica\\\/\",\"name\":\"Rassegna Stampa Cattolica\",\"description\":\"Per una cultura che nasce dalla Rivelazione cristiana in conformit\u00e0 alla tradizione e al Magistero della Chiesa in opposizione ad ogni relativismo e totalitarismo\",\"publisher\":{\"@id\":\"https:\\\/\\\/www.rassegnastampa-totustuus.it\\\/cattolica\\\/#organization\"},\"alternateName\":\"Rass. Cattolica\",\"potentialAction\":[{\"@type\":\"SearchAction\",\"target\":{\"@type\":\"EntryPoint\",\"urlTemplate\":\"https:\\\/\\\/www.rassegnastampa-totustuus.it\\\/cattolica\\\/?s={search_term_string}\"},\"query-input\":{\"@type\":\"PropertyValueSpecification\",\"valueRequired\":true,\"valueName\":\"search_term_string\"}}],\"inLanguage\":\"it-IT\"},{\"@type\":\"Organization\",\"@id\":\"https:\\\/\\\/www.rassegnastampa-totustuus.it\\\/cattolica\\\/#organization\",\"name\":\"Rassegna Stampa Cattolica\",\"url\":\"https:\\\/\\\/www.rassegnastampa-totustuus.it\\\/cattolica\\\/\",\"logo\":{\"@type\":\"ImageObject\",\"inLanguage\":\"it-IT\",\"@id\":\"https:\\\/\\\/www.rassegnastampa-totustuus.it\\\/cattolica\\\/#\\\/schema\\\/logo\\\/image\\\/\",\"url\":\"https:\\\/\\\/www.rassegnastampa-totustuus.it\\\/cattolica\\\/wp-content\\\/uploads\\\/2014\\\/04\\\/logo-rassegna1.gif\",\"contentUrl\":\"https:\\\/\\\/www.rassegnastampa-totustuus.it\\\/cattolica\\\/wp-content\\\/uploads\\\/2014\\\/04\\\/logo-rassegna1.gif\",\"width\":600,\"height\":163,\"caption\":\"Rassegna Stampa Cattolica\"},\"image\":{\"@id\":\"https:\\\/\\\/www.rassegnastampa-totustuus.it\\\/cattolica\\\/#\\\/schema\\\/logo\\\/image\\\/\"},\"sameAs\":[\"https:\\\/\\\/www.facebook.com\\\/rassegnastampacattolica\",\"https:\\\/\\\/x.com\\\/rassegnastampa9\"]},{\"@type\":\"Person\",\"@id\":\"https:\\\/\\\/www.rassegnastampa-totustuus.it\\\/cattolica\\\/#\\\/schema\\\/person\\\/08f319d2bd1a0904ad9e2bfb7b15e5c3\",\"name\":\"Redazione\",\"image\":{\"@type\":\"ImageObject\",\"inLanguage\":\"it-IT\",\"@id\":\"https:\\\/\\\/secure.gravatar.com\\\/avatar\\\/2fcdf27c78ea025fbdb44e914cc63c72249ffec9dc8aafd5c82b26240ef3f346?s=96&d=mm&r=g\",\"url\":\"https:\\\/\\\/secure.gravatar.com\\\/avatar\\\/2fcdf27c78ea025fbdb44e914cc63c72249ffec9dc8aafd5c82b26240ef3f346?s=96&d=mm&r=g\",\"contentUrl\":\"https:\\\/\\\/secure.gravatar.com\\\/avatar\\\/2fcdf27c78ea025fbdb44e914cc63c72249ffec9dc8aafd5c82b26240ef3f346?s=96&d=mm&r=g\",\"caption\":\"Redazione\"},\"url\":\"https:\\\/\\\/www.rassegnastampa-totustuus.it\\\/cattolica\\\/author\\\/pietroelle\\\/\"}]}<\/script>\n<!-- \/ Yoast SEO plugin. -->","yoast_head_json":{"title":"Eclissi solari e la correlazione tra abitabilit\u00e0 e misurabilit\u00e0 - Rassegna Stampa Cattolica","description":"Eclissi solari e la correlazione tra abitabilit\u00e0 e misurabilit\u00e0. Le eclissi solari perfette sono diventate occasione di stupore","robots":{"index":"index","follow":"follow","max-snippet":"max-snippet:-1","max-image-preview":"max-image-preview:large","max-video-preview":"max-video-preview:-1"},"canonical":"https:\/\/www.rassegnastampa-totustuus.it\/cattolica\/eclissi-solari-e-la-correlazione-tra-abitabilita-e-misurabilita\/","og_locale":"it_IT","og_type":"article","og_title":"Eclissi solari e la correlazione tra abitabilit\u00e0 e misurabilit\u00e0 - Rassegna Stampa Cattolica","og_description":"Eclissi solari e la correlazione tra abitabilit\u00e0 e misurabilit\u00e0. Le eclissi solari perfette sono diventate occasione di stupore","og_url":"https:\/\/www.rassegnastampa-totustuus.it\/cattolica\/eclissi-solari-e-la-correlazione-tra-abitabilita-e-misurabilita\/","og_site_name":"Rassegna Stampa Cattolica","article_publisher":"https:\/\/www.facebook.com\/rassegnastampacattolica","article_published_time":"2024-05-04T14:55:37+00:00","article_modified_time":"2024-05-04T14:55:39+00:00","og_image":[{"width":264,"height":180,"url":"https:\/\/www.rassegnastampa-totustuus.it\/cattolica\/wp-content\/uploads\/2024\/05\/eclissi_sole.jpeg","type":"image\/jpeg"}],"author":"Redazione","twitter_card":"summary_large_image","twitter_creator":"@rassegnastampa9","twitter_site":"@rassegnastampa9","twitter_misc":{"Scritto da":"Redazione","Tempo di lettura stimato":"8 minuti"},"schema":{"@context":"https:\/\/schema.org","@graph":[{"@type":"Article","@id":"https:\/\/www.rassegnastampa-totustuus.it\/cattolica\/eclissi-solari-e-la-correlazione-tra-abitabilita-e-misurabilita\/#article","isPartOf":{"@id":"https:\/\/www.rassegnastampa-totustuus.it\/cattolica\/eclissi-solari-e-la-correlazione-tra-abitabilita-e-misurabilita\/"},"author":{"name":"Redazione","@id":"https:\/\/www.rassegnastampa-totustuus.it\/cattolica\/#\/schema\/person\/08f319d2bd1a0904ad9e2bfb7b15e5c3"},"headline":"Eclissi solari e la correlazione tra abitabilit\u00e0 e misurabilit\u00e0","datePublished":"2024-05-04T14:55:37+00:00","dateModified":"2024-05-04T14:55:39+00:00","mainEntityOfPage":{"@id":"https:\/\/www.rassegnastampa-totustuus.it\/cattolica\/eclissi-solari-e-la-correlazione-tra-abitabilita-e-misurabilita\/"},"wordCount":1129,"publisher":{"@id":"https:\/\/www.rassegnastampa-totustuus.it\/cattolica\/#organization"},"image":{"@id":"https:\/\/www.rassegnastampa-totustuus.it\/cattolica\/eclissi-solari-e-la-correlazione-tra-abitabilita-e-misurabilita\/#primaryimage"},"thumbnailUrl":"https:\/\/www.rassegnastampa-totustuus.it\/cattolica\/wp-content\/uploads\/2024\/05\/eclissi_sole.jpeg","keywords":["eclissi solari","intelligent design","scienza"],"articleSection":["Scienza"],"inLanguage":"it-IT"},{"@type":"WebPage","@id":"https:\/\/www.rassegnastampa-totustuus.it\/cattolica\/eclissi-solari-e-la-correlazione-tra-abitabilita-e-misurabilita\/","url":"https:\/\/www.rassegnastampa-totustuus.it\/cattolica\/eclissi-solari-e-la-correlazione-tra-abitabilita-e-misurabilita\/","name":"Eclissi solari e la correlazione tra abitabilit\u00e0 e misurabilit\u00e0 - Rassegna Stampa Cattolica","isPartOf":{"@id":"https:\/\/www.rassegnastampa-totustuus.it\/cattolica\/#website"},"primaryImageOfPage":{"@id":"https:\/\/www.rassegnastampa-totustuus.it\/cattolica\/eclissi-solari-e-la-correlazione-tra-abitabilita-e-misurabilita\/#primaryimage"},"image":{"@id":"https:\/\/www.rassegnastampa-totustuus.it\/cattolica\/eclissi-solari-e-la-correlazione-tra-abitabilita-e-misurabilita\/#primaryimage"},"thumbnailUrl":"https:\/\/www.rassegnastampa-totustuus.it\/cattolica\/wp-content\/uploads\/2024\/05\/eclissi_sole.jpeg","datePublished":"2024-05-04T14:55:37+00:00","dateModified":"2024-05-04T14:55:39+00:00","description":"Eclissi solari e la correlazione tra abitabilit\u00e0 e misurabilit\u00e0. Le eclissi solari perfette sono diventate occasione di stupore","breadcrumb":{"@id":"https:\/\/www.rassegnastampa-totustuus.it\/cattolica\/eclissi-solari-e-la-correlazione-tra-abitabilita-e-misurabilita\/#breadcrumb"},"inLanguage":"it-IT","potentialAction":[{"@type":"ReadAction","target":["https:\/\/www.rassegnastampa-totustuus.it\/cattolica\/eclissi-solari-e-la-correlazione-tra-abitabilita-e-misurabilita\/"]}]},{"@type":"ImageObject","inLanguage":"it-IT","@id":"https:\/\/www.rassegnastampa-totustuus.it\/cattolica\/eclissi-solari-e-la-correlazione-tra-abitabilita-e-misurabilita\/#primaryimage","url":"https:\/\/www.rassegnastampa-totustuus.it\/cattolica\/wp-content\/uploads\/2024\/05\/eclissi_sole.jpeg","contentUrl":"https:\/\/www.rassegnastampa-totustuus.it\/cattolica\/wp-content\/uploads\/2024\/05\/eclissi_sole.jpeg","width":264,"height":180},{"@type":"BreadcrumbList","@id":"https:\/\/www.rassegnastampa-totustuus.it\/cattolica\/eclissi-solari-e-la-correlazione-tra-abitabilita-e-misurabilita\/#breadcrumb","itemListElement":[{"@type":"ListItem","position":1,"name":"Home","item":"https:\/\/www.rassegnastampa-totustuus.it\/cattolica\/"},{"@type":"ListItem","position":2,"name":"Eclissi solari e la correlazione tra abitabilit\u00e0 e misurabilit\u00e0"}]},{"@type":"WebSite","@id":"https:\/\/www.rassegnastampa-totustuus.it\/cattolica\/#website","url":"https:\/\/www.rassegnastampa-totustuus.it\/cattolica\/","name":"Rassegna Stampa Cattolica","description":"Per una cultura che nasce dalla Rivelazione cristiana in conformit\u00e0 alla tradizione e al Magistero della Chiesa in opposizione ad ogni relativismo e totalitarismo","publisher":{"@id":"https:\/\/www.rassegnastampa-totustuus.it\/cattolica\/#organization"},"alternateName":"Rass. Cattolica","potentialAction":[{"@type":"SearchAction","target":{"@type":"EntryPoint","urlTemplate":"https:\/\/www.rassegnastampa-totustuus.it\/cattolica\/?s={search_term_string}"},"query-input":{"@type":"PropertyValueSpecification","valueRequired":true,"valueName":"search_term_string"}}],"inLanguage":"it-IT"},{"@type":"Organization","@id":"https:\/\/www.rassegnastampa-totustuus.it\/cattolica\/#organization","name":"Rassegna Stampa Cattolica","url":"https:\/\/www.rassegnastampa-totustuus.it\/cattolica\/","logo":{"@type":"ImageObject","inLanguage":"it-IT","@id":"https:\/\/www.rassegnastampa-totustuus.it\/cattolica\/#\/schema\/logo\/image\/","url":"https:\/\/www.rassegnastampa-totustuus.it\/cattolica\/wp-content\/uploads\/2014\/04\/logo-rassegna1.gif","contentUrl":"https:\/\/www.rassegnastampa-totustuus.it\/cattolica\/wp-content\/uploads\/2014\/04\/logo-rassegna1.gif","width":600,"height":163,"caption":"Rassegna Stampa Cattolica"},"image":{"@id":"https:\/\/www.rassegnastampa-totustuus.it\/cattolica\/#\/schema\/logo\/image\/"},"sameAs":["https:\/\/www.facebook.com\/rassegnastampacattolica","https:\/\/x.com\/rassegnastampa9"]},{"@type":"Person","@id":"https:\/\/www.rassegnastampa-totustuus.it\/cattolica\/#\/schema\/person\/08f319d2bd1a0904ad9e2bfb7b15e5c3","name":"Redazione","image":{"@type":"ImageObject","inLanguage":"it-IT","@id":"https:\/\/secure.gravatar.com\/avatar\/2fcdf27c78ea025fbdb44e914cc63c72249ffec9dc8aafd5c82b26240ef3f346?s=96&d=mm&r=g","url":"https:\/\/secure.gravatar.com\/avatar\/2fcdf27c78ea025fbdb44e914cc63c72249ffec9dc8aafd5c82b26240ef3f346?s=96&d=mm&r=g","contentUrl":"https:\/\/secure.gravatar.com\/avatar\/2fcdf27c78ea025fbdb44e914cc63c72249ffec9dc8aafd5c82b26240ef3f346?s=96&d=mm&r=g","caption":"Redazione"},"url":"https:\/\/www.rassegnastampa-totustuus.it\/cattolica\/author\/pietroelle\/"}]}},"_links":{"self":[{"href":"https:\/\/www.rassegnastampa-totustuus.it\/cattolica\/wp-json\/wp\/v2\/posts\/60297","targetHints":{"allow":["GET"]}}],"collection":[{"href":"https:\/\/www.rassegnastampa-totustuus.it\/cattolica\/wp-json\/wp\/v2\/posts"}],"about":[{"href":"https:\/\/www.rassegnastampa-totustuus.it\/cattolica\/wp-json\/wp\/v2\/types\/post"}],"author":[{"embeddable":true,"href":"https:\/\/www.rassegnastampa-totustuus.it\/cattolica\/wp-json\/wp\/v2\/users\/6"}],"replies":[{"embeddable":true,"href":"https:\/\/www.rassegnastampa-totustuus.it\/cattolica\/wp-json\/wp\/v2\/comments?post=60297"}],"version-history":[{"count":1,"href":"https:\/\/www.rassegnastampa-totustuus.it\/cattolica\/wp-json\/wp\/v2\/posts\/60297\/revisions"}],"predecessor-version":[{"id":60300,"href":"https:\/\/www.rassegnastampa-totustuus.it\/cattolica\/wp-json\/wp\/v2\/posts\/60297\/revisions\/60300"}],"wp:featuredmedia":[{"embeddable":true,"href":"https:\/\/www.rassegnastampa-totustuus.it\/cattolica\/wp-json\/wp\/v2\/media\/60298"}],"wp:attachment":[{"href":"https:\/\/www.rassegnastampa-totustuus.it\/cattolica\/wp-json\/wp\/v2\/media?parent=60297"}],"wp:term":[{"taxonomy":"category","embeddable":true,"href":"https:\/\/www.rassegnastampa-totustuus.it\/cattolica\/wp-json\/wp\/v2\/categories?post=60297"},{"taxonomy":"post_tag","embeddable":true,"href":"https:\/\/www.rassegnastampa-totustuus.it\/cattolica\/wp-json\/wp\/v2\/tags?post=60297"}],"curies":[{"name":"wp","href":"https:\/\/api.w.org\/{rel}","templated":true}]}}