{"id":60269,"date":"2024-04-30T10:07:30","date_gmt":"2024-04-30T08:07:30","guid":{"rendered":"https:\/\/www.rassegnastampa-totustuus.it\/cattolica\/?p=60269"},"modified":"2024-04-30T11:06:23","modified_gmt":"2024-04-30T09:06:23","slug":"la-giornata-della-terra-e-la-notte-della-scienza","status":"publish","type":"post","link":"https:\/\/www.rassegnastampa-totustuus.it\/cattolica\/la-giornata-della-terra-e-la-notte-della-scienza\/","title":{"rendered":"La Giornata della Terra \u00e8 la notte della scienza"},"content":{"rendered":"<p style=\"text-align: center;\"><span style=\"color: #000000;\"><a href=\"https:\/\/www.laverita.info\/\" target=\"_blank\" rel=\"noopener\"><span style=\"color: #0000ff;\"><strong><img loading=\"lazy\" decoding=\"async\" class=\"size-full wp-image-37370 alignright\" src=\"https:\/\/www.rassegnastampa-totustuus.it\/cattolica\/wp-content\/uploads\/2017\/03\/global_warming.jpg\" alt=\"\" width=\"259\" height=\"194\" \/>La Verit\u00e0<\/strong> <\/span><\/a>23 Aprile 2024 <\/span><\/p>\n<p style=\"text-align: center;\"><span style=\"color: #000000;\"><em>Per misurare la temperatura del pianeta servirebbero 4.320 registrazioni al giorno. In realt\u00e0 ci si limita a due<\/em> <\/span><\/p>\n<p style=\"text-align: center;\"><span style=\"color: #000000;\">di <strong>Franco Battaglia<\/strong> <\/span><\/p>\n<p><!--more--><\/p>\n<p style=\"text-align: justify;\"><span style=\"color: #000000;\">Formulare l\u2019essenza del metodo scientifico \u00e8 semplice. 1) Da osservazioni si avanza una deduzione, inizialmente rubricata come congettura; 2) si cerca di smentire in tutti i modi la congettura, anche progettando, allo scopo, specifici esperimenti. Basta una sola smentita per cestinare la congettura, anche se sembra evidente. Viceversa se, pur se ardita e controintuitiva, resiste ad ogni attacco, essa acquisisce sempre pi\u00f9 titoli per far parte di ci\u00f2 che si chiama teoria scientifica.<\/span><\/p>\n<p style=\"text-align: justify;\"><span style=\"color: #000000;\">Una congettura da prendere in considerazione sulla scia della \u00abGiornata della Terra\u00bb celebrata ieri, \u00e8 la seguente: siccome la CO2 \u00e8 un gas-serra, immetterne in atmosfera (come fa l\u2019umanit\u00e0 da quasi 2 secoli usando carbone, petrolio e gas naturale) fa aumentare l\u2019effetto-serra riscaldando il pianeta, quindi alterando il clima. <\/span><\/p>\n<p style=\"text-align: justify;\"><span style=\"color: #000000;\"><img loading=\"lazy\" decoding=\"async\" class=\" wp-image-55512 alignleft\" src=\"https:\/\/www.rassegnastampa-totustuus.it\/cattolica\/wp-content\/uploads\/2023\/01\/ambiente_clima_CO2-300x168.jpg\" alt=\"\" width=\"355\" height=\"199\" \/>In aggiunta a ci\u00f2 \u2013 ripeto ragionevole \u2013 c\u2019\u00e8 chi assume che l\u2019alterazione sia necessariamente un danno ed esclude che possa essere anche un beneficio: quest\u2019ultimo \u00e8 un passaggio arbitrario e ingiustificato. Ma torniamo alla parte giustificata della congettura. E\u2019 compito del metodo scientifico cercare di demolirla, e la cosa non si fa per spirito di contraddizione ma perch\u00e9 si desidera che quella congettura abbia, se del caso, pi\u00f9 solide basi.<\/span><\/p>\n<p style=\"text-align: justify;\"><span style=\"color: #000000;\">Quando quasi 25 anni fa mi esposero la parte della congettura che recita: \u00abla CO2 che immettiamo fa aumentare l\u2019effetto-serra\u00bb, la mia reazione fu: \u00abimpossibile\u00bb. Naturalmente io mi riferivo alla parte di scienza che conosco, la chimica-fisica. Scambiando poi idee con i colleghi di altri campi \u2013 geologi, geofisici, astrofisici, storici, statistici, etc. \u2013 ognuno avanza fatti propri della sua disciplina che rendono la congettura iniziale vieppi\u00f9 impossibile. <\/span><\/p>\n<p style=\"text-align: justify;\"><span style=\"color: #000000;\">Oggi voglio raccontarvi l\u2019obiezione di <strong>Giuliano Panza<\/strong>, pluridecorato professore di geofisica, Linceo, membro delle Accademie delle Scienze della Russia e della Cina. Il professore ha trascorso la propria vita studiando i segnali sismici, cosicch\u00e8 egli \u00e8 un esperto di quella branca della scienza che si chiama Teoria dei segnali, ove per \u00absegnale\u00bb si intende una grandezza fisica che varia con continuit\u00e0 nel tempo. <\/span><\/p>\n<p style=\"text-align: justify;\"><span style=\"color: #000000;\"><strong>Panza<\/strong> obietta che i climatologi di serie C studiano male il segnale temperatura perch\u00e9 violano un noto teorema della Teoria dei segnali, il teorema del campionamento (Tdc) di <strong>Harry Nyquist<\/strong> e <strong>Claude Shannon<\/strong>. Vediamo in breve di che si tratta.<\/span><\/p>\n<p style=\"text-align: justify;\"><span style=\"color: #000000;\"><img loading=\"lazy\" decoding=\"async\" class=\"wp-image-35794 alignright\" src=\"https:\/\/www.rassegnastampa-totustuus.it\/cattolica\/wp-content\/uploads\/2004\/11\/clima.jpg\" alt=\"\" width=\"318\" height=\"238\" \/>Un segnale varia con continuit\u00e0 nel tempo, ma la relativa grandezza viene misurata a intervalli definiti di tempo, cosicch\u00e8 \u00e8 legittimo porsi la domanda: quante misurazioni sono necessarie per ricostruire il segnale? <\/span><\/p>\n<p style=\"text-align: justify;\"><span style=\"color: #000000;\">La rilevanza della domanda potete assaporarla con due esempi. Se uno corre lungo una pista circolare completano ogni giro in 100 secondi e voi osservate una sequenza di fotogrammi scattati uno ogni 100 secondi, quel corridore vi appare fermo. <\/span><\/p>\n<p style=\"text-align: justify;\"><span style=\"color: #000000;\">Un altro esempio \u00e8 la circostanza per cui i<\/span><span style=\"color: #000000;\">n un film, la ruota di una carrozza in corsa vi sembra procedere in direzione opposta al senso di marcia della vettura: il film \u00e8 una sequenza di fotogrammi sufficientemente rapida da farvi percepire il moto continuo, ma la ruota gira pi\u00f9 velocemente dei fotogrammi col risultato che essi non riproducono fedelmente il moto della ruota. Insomma, in entrambi gli esempi servirebbe un campionamento migliore. <\/span><\/p>\n<p style=\"text-align: justify;\"><span style=\"color: #000000;\">Orbene, posto che un segnale \u00e8 tipicamente composto da molte componenti con frequenza diverse, il Tdc afferma che per ricostruire il segnale senza perdere informazioni bisogna campionarlo con una frequenza almeno doppia della frequenza massima che compone il segnale. Misurazioni della grandezza in questione eseguite con frequenza inferiore comportano una errata ricostruzione del segnale. I tecnici li chiamano \u00aberrori di aliasing\u00bb, ma noi possiamo chiamarli \u00abprese di fischi per fiaschi\u00bb (il corridore appare fermo, la ruota appare girare in direzione opposta, etc.).<\/span><\/p>\n<p style=\"text-align: justify;\"><span style=\"color: #000000;\">Il segnale della temperatura media globale \u00e8 ricostruito dalle misurazioni eseguite giornalmente da migliaia di stazioni meteo sparse nel mondo. I fenomeni periodici che governano la temperatura del pianeta sono moltissimi, con periodi millenari, secolari, decennali, fino al periodo annuale e giornaliero dei moti di rivoluzione e rotazione della Terra. <\/span><\/p>\n<p style=\"text-align: justify;\"><span style=\"color: #000000;\"><img loading=\"lazy\" decoding=\"async\" class=\" wp-image-30174 alignleft\" src=\"https:\/\/www.rassegnastampa-totustuus.it\/cattolica\/wp-content\/uploads\/2012\/02\/clima.jpg\" alt=\"\" width=\"361\" height=\"240\" \/>Ma anche all\u2019interno di un singolo giorno il segnale mostra fluttuazioni dell\u2019ordine di 10 gradi: il segnale reale contiene frequenza dell\u2019ordine di centinaia o anche migliaia di cicli al giorno \u00a0(variazione dei venti, di umidit\u00e0, etc.). Orbene, qual \u00e8 la frequenza di registrazione di temperature tale da non violare il Tdc? <\/span><\/p>\n<p style=\"text-align: justify;\"><span style=\"color: #000000;\">A questa domanda risponde il National Oceanic Athmospheric Administration): se si vuole ricostruire il segnale \u00abtemperatura\u00bb ogni termometro dovrebbe registrare 4.320 temperature al giorno. <\/span><\/p>\n<p style=\"text-align: justify;\"><span style=\"color: #000000;\">Grazie alle tecnologie odierne un tale automatico campionamento \u00e8 possibile ma la ricostruzione delle temperature del passato viola in nostro teorema, e perci\u00f2 quando ascoltate che la temperatura del pianeta di ieri \u00e8 stata la pi\u00f9 alta di \u00absempre\u00bb, la pretenziosa parola pu\u00f2 significare, al massimo, \u00abdegli ultimi pochi devenni\u00bb. Il bello (o il brutto, se volete) \u00e8 che non significa neanche questo. <\/span><\/p>\n<p style=\"text-align: justify;\"><span style=\"color: #000000;\">Perch\u00e9, chi anche oggi studia le sequenze di temperature tiene conto solo di 2 (due!) valori al giorno: il valore minimo e il valore massimo di quel giorno, e fa ci\u00f2 per essere coerente con le registrazioni da quando ci sono i termometri, quando effettivamente le stazioni meteo registravano solo questi valori.<\/span><\/p>\n<p style=\"text-align: justify;\"><span style=\"color: #000000;\">C\u2019\u00e8 chi ha confrontato l\u2019analisi del segnale eseguita sui dati registrati, in due dozzine di stazioni, in modo automatizzato e quasi in continuo, in ottemperanza al teorema, con l\u2019analisi limitata ai valori delle due temperature minima e massima giornaliera di quelle stazioni, e ha scoperto una discrepanza di valutazione del riscaldamento globale dell\u2019ordine di 0.060 gradi\/decennio. <\/span><\/p>\n<p style=\"text-align: justify;\"><span style=\"color: #000000;\">Senonch\u00e8 il valore \u00abufficiale\u00bb del riscaldamento globale occorso negli anni 1880-2012 \u00e8 di 0.064 gradi\/decennio. Detto diversamente, \u00e8 come se i climatologi di serie C di cui sopra avessero valutato la distanza Milano-Roma con una incertezza di 600 km.<\/span><\/p>\n<p style=\"text-align: justify;\"><span style=\"color: #000000;\">Quando penso al denaro riversato sulla climatologia e sottratto, che so, all\u2019oncologia, mi vien da piangere.<\/span><\/p>\n<p>___________________________________________<\/p>\n<p><span style=\"color: #000000;\"><strong>Leggi anche:<\/strong><\/span><\/p>\n<p><a href=\"https:\/\/www.rassegnastampa-totustuus.it\/cattolica\/global-warming-fine-di-un-mito\/\" target=\"_blank\" rel=\"noopener\"><span style=\"color: #0000ff;\">Global warming. Fine di un mito?<\/span><\/a><\/p>\n<p><a href=\"https:\/\/www.rassegnastampa-totustuus.it\/cattolica\/rivolta-europea-contro-il-global-warming\/\" target=\"_blank\" rel=\"noopener\"><span style=\"color: #0000ff;\">Rivolta europea contro il global warming<\/span><\/a><\/p>\n","protected":false},"excerpt":{"rendered":"<p>La Verit\u00e0 23 Aprile 2024 Per misurare la temperatura del pianeta servirebbero 4.320 registrazioni al giorno. In realt\u00e0 ci si limita a due di Franco Battaglia<\/p><p><a class=\"more-link btn\" href=\"https:\/\/www.rassegnastampa-totustuus.it\/cattolica\/la-giornata-della-terra-e-la-notte-della-scienza\/\">Continua a leggere<\/a><\/p>\n","protected":false},"author":6,"featured_media":37370,"comment_status":"closed","ping_status":"closed","sticky":false,"template":"","format":"standard","meta":{"footnotes":""},"categories":[3,22],"tags":[2387,2305,498,261],"class_list":["post-60269","post","type-post","status-publish","format-standard","has-post-thumbnail","hentry","category-ambientalismo","category-scienza","tag-ambientalismo","tag-clima","tag-global-warming","tag-scienza-2","item-wrap"],"yoast_head":"<!-- This site is optimized with the Yoast SEO plugin v27.5 - https:\/\/yoast.com\/product\/yoast-seo-wordpress\/ -->\n<title>La Giornata della Terra \u00e8 la notte della scienza - Rassegna Stampa Cattolica<\/title>\n<meta name=\"description\" content=\"La Giornata della Terra \u00e8 la notte della scienza. Per misurare la temperatura del pianeta servirebbero 4.320 registrazioni al di e non 2\" \/>\n<meta name=\"robots\" content=\"index, follow, max-snippet:-1, max-image-preview:large, max-video-preview:-1\" \/>\n<link rel=\"canonical\" href=\"https:\/\/www.rassegnastampa-totustuus.it\/cattolica\/la-giornata-della-terra-e-la-notte-della-scienza\/\" \/>\n<meta property=\"og:locale\" content=\"it_IT\" \/>\n<meta property=\"og:type\" content=\"article\" \/>\n<meta property=\"og:title\" content=\"La Giornata della Terra \u00e8 la notte della scienza - Rassegna Stampa Cattolica\" \/>\n<meta property=\"og:description\" content=\"La Giornata della Terra \u00e8 la notte della scienza. Per misurare la temperatura del pianeta servirebbero 4.320 registrazioni al di e non 2\" \/>\n<meta property=\"og:url\" content=\"https:\/\/www.rassegnastampa-totustuus.it\/cattolica\/la-giornata-della-terra-e-la-notte-della-scienza\/\" \/>\n<meta property=\"og:site_name\" content=\"Rassegna Stampa Cattolica\" \/>\n<meta property=\"article:publisher\" content=\"https:\/\/www.facebook.com\/rassegnastampacattolica\" \/>\n<meta property=\"article:published_time\" content=\"2024-04-30T08:07:30+00:00\" \/>\n<meta property=\"article:modified_time\" content=\"2024-04-30T09:06:23+00:00\" \/>\n<meta property=\"og:image\" content=\"https:\/\/www.rassegnastampa-totustuus.it\/cattolica\/wp-content\/uploads\/2017\/03\/global_warming.jpg\" \/>\n\t<meta property=\"og:image:width\" content=\"259\" \/>\n\t<meta property=\"og:image:height\" content=\"194\" \/>\n\t<meta property=\"og:image:type\" content=\"image\/jpeg\" \/>\n<meta name=\"author\" content=\"Redazione\" \/>\n<meta name=\"twitter:card\" content=\"summary_large_image\" \/>\n<meta name=\"twitter:creator\" content=\"@rassegnastampa9\" \/>\n<meta name=\"twitter:site\" content=\"@rassegnastampa9\" \/>\n<meta name=\"twitter:label1\" content=\"Scritto da\" \/>\n\t<meta name=\"twitter:data1\" content=\"Redazione\" \/>\n\t<meta name=\"twitter:label2\" content=\"Tempo di lettura stimato\" \/>\n\t<meta name=\"twitter:data2\" content=\"7 minuti\" \/>\n<script type=\"application\/ld+json\" class=\"yoast-schema-graph\">{\"@context\":\"https:\\\/\\\/schema.org\",\"@graph\":[{\"@type\":\"Article\",\"@id\":\"https:\\\/\\\/www.rassegnastampa-totustuus.it\\\/cattolica\\\/la-giornata-della-terra-e-la-notte-della-scienza\\\/#article\",\"isPartOf\":{\"@id\":\"https:\\\/\\\/www.rassegnastampa-totustuus.it\\\/cattolica\\\/la-giornata-della-terra-e-la-notte-della-scienza\\\/\"},\"author\":{\"name\":\"Redazione\",\"@id\":\"https:\\\/\\\/www.rassegnastampa-totustuus.it\\\/cattolica\\\/#\\\/schema\\\/person\\\/08f319d2bd1a0904ad9e2bfb7b15e5c3\"},\"headline\":\"La Giornata della Terra \u00e8 la notte della scienza\",\"datePublished\":\"2024-04-30T08:07:30+00:00\",\"dateModified\":\"2024-04-30T09:06:23+00:00\",\"mainEntityOfPage\":{\"@id\":\"https:\\\/\\\/www.rassegnastampa-totustuus.it\\\/cattolica\\\/la-giornata-della-terra-e-la-notte-della-scienza\\\/\"},\"wordCount\":971,\"publisher\":{\"@id\":\"https:\\\/\\\/www.rassegnastampa-totustuus.it\\\/cattolica\\\/#organization\"},\"image\":{\"@id\":\"https:\\\/\\\/www.rassegnastampa-totustuus.it\\\/cattolica\\\/la-giornata-della-terra-e-la-notte-della-scienza\\\/#primaryimage\"},\"thumbnailUrl\":\"https:\\\/\\\/www.rassegnastampa-totustuus.it\\\/cattolica\\\/wp-content\\\/uploads\\\/2017\\\/03\\\/global_warming.jpg\",\"keywords\":[\"Ambientalismo\",\"clima\",\"global warming\",\"scienza\"],\"articleSection\":[\"Ambientalismo\",\"Scienza\"],\"inLanguage\":\"it-IT\"},{\"@type\":\"WebPage\",\"@id\":\"https:\\\/\\\/www.rassegnastampa-totustuus.it\\\/cattolica\\\/la-giornata-della-terra-e-la-notte-della-scienza\\\/\",\"url\":\"https:\\\/\\\/www.rassegnastampa-totustuus.it\\\/cattolica\\\/la-giornata-della-terra-e-la-notte-della-scienza\\\/\",\"name\":\"La Giornata della Terra \u00e8 la notte della scienza - Rassegna Stampa Cattolica\",\"isPartOf\":{\"@id\":\"https:\\\/\\\/www.rassegnastampa-totustuus.it\\\/cattolica\\\/#website\"},\"primaryImageOfPage\":{\"@id\":\"https:\\\/\\\/www.rassegnastampa-totustuus.it\\\/cattolica\\\/la-giornata-della-terra-e-la-notte-della-scienza\\\/#primaryimage\"},\"image\":{\"@id\":\"https:\\\/\\\/www.rassegnastampa-totustuus.it\\\/cattolica\\\/la-giornata-della-terra-e-la-notte-della-scienza\\\/#primaryimage\"},\"thumbnailUrl\":\"https:\\\/\\\/www.rassegnastampa-totustuus.it\\\/cattolica\\\/wp-content\\\/uploads\\\/2017\\\/03\\\/global_warming.jpg\",\"datePublished\":\"2024-04-30T08:07:30+00:00\",\"dateModified\":\"2024-04-30T09:06:23+00:00\",\"description\":\"La Giornata della Terra \u00e8 la notte della scienza. Per misurare la temperatura del pianeta servirebbero 4.320 registrazioni al di e non 2\",\"breadcrumb\":{\"@id\":\"https:\\\/\\\/www.rassegnastampa-totustuus.it\\\/cattolica\\\/la-giornata-della-terra-e-la-notte-della-scienza\\\/#breadcrumb\"},\"inLanguage\":\"it-IT\",\"potentialAction\":[{\"@type\":\"ReadAction\",\"target\":[\"https:\\\/\\\/www.rassegnastampa-totustuus.it\\\/cattolica\\\/la-giornata-della-terra-e-la-notte-della-scienza\\\/\"]}]},{\"@type\":\"ImageObject\",\"inLanguage\":\"it-IT\",\"@id\":\"https:\\\/\\\/www.rassegnastampa-totustuus.it\\\/cattolica\\\/la-giornata-della-terra-e-la-notte-della-scienza\\\/#primaryimage\",\"url\":\"https:\\\/\\\/www.rassegnastampa-totustuus.it\\\/cattolica\\\/wp-content\\\/uploads\\\/2017\\\/03\\\/global_warming.jpg\",\"contentUrl\":\"https:\\\/\\\/www.rassegnastampa-totustuus.it\\\/cattolica\\\/wp-content\\\/uploads\\\/2017\\\/03\\\/global_warming.jpg\",\"width\":259,\"height\":194},{\"@type\":\"BreadcrumbList\",\"@id\":\"https:\\\/\\\/www.rassegnastampa-totustuus.it\\\/cattolica\\\/la-giornata-della-terra-e-la-notte-della-scienza\\\/#breadcrumb\",\"itemListElement\":[{\"@type\":\"ListItem\",\"position\":1,\"name\":\"Home\",\"item\":\"https:\\\/\\\/www.rassegnastampa-totustuus.it\\\/cattolica\\\/\"},{\"@type\":\"ListItem\",\"position\":2,\"name\":\"La Giornata della Terra \u00e8 la notte della scienza\"}]},{\"@type\":\"WebSite\",\"@id\":\"https:\\\/\\\/www.rassegnastampa-totustuus.it\\\/cattolica\\\/#website\",\"url\":\"https:\\\/\\\/www.rassegnastampa-totustuus.it\\\/cattolica\\\/\",\"name\":\"Rassegna Stampa Cattolica\",\"description\":\"Per una cultura che nasce dalla Rivelazione cristiana in conformit\u00e0 alla tradizione e al Magistero della Chiesa in opposizione ad ogni relativismo e totalitarismo\",\"publisher\":{\"@id\":\"https:\\\/\\\/www.rassegnastampa-totustuus.it\\\/cattolica\\\/#organization\"},\"alternateName\":\"Rass. Cattolica\",\"potentialAction\":[{\"@type\":\"SearchAction\",\"target\":{\"@type\":\"EntryPoint\",\"urlTemplate\":\"https:\\\/\\\/www.rassegnastampa-totustuus.it\\\/cattolica\\\/?s={search_term_string}\"},\"query-input\":{\"@type\":\"PropertyValueSpecification\",\"valueRequired\":true,\"valueName\":\"search_term_string\"}}],\"inLanguage\":\"it-IT\"},{\"@type\":\"Organization\",\"@id\":\"https:\\\/\\\/www.rassegnastampa-totustuus.it\\\/cattolica\\\/#organization\",\"name\":\"Rassegna Stampa Cattolica\",\"url\":\"https:\\\/\\\/www.rassegnastampa-totustuus.it\\\/cattolica\\\/\",\"logo\":{\"@type\":\"ImageObject\",\"inLanguage\":\"it-IT\",\"@id\":\"https:\\\/\\\/www.rassegnastampa-totustuus.it\\\/cattolica\\\/#\\\/schema\\\/logo\\\/image\\\/\",\"url\":\"https:\\\/\\\/www.rassegnastampa-totustuus.it\\\/cattolica\\\/wp-content\\\/uploads\\\/2014\\\/04\\\/logo-rassegna1.gif\",\"contentUrl\":\"https:\\\/\\\/www.rassegnastampa-totustuus.it\\\/cattolica\\\/wp-content\\\/uploads\\\/2014\\\/04\\\/logo-rassegna1.gif\",\"width\":600,\"height\":163,\"caption\":\"Rassegna Stampa Cattolica\"},\"image\":{\"@id\":\"https:\\\/\\\/www.rassegnastampa-totustuus.it\\\/cattolica\\\/#\\\/schema\\\/logo\\\/image\\\/\"},\"sameAs\":[\"https:\\\/\\\/www.facebook.com\\\/rassegnastampacattolica\",\"https:\\\/\\\/x.com\\\/rassegnastampa9\"]},{\"@type\":\"Person\",\"@id\":\"https:\\\/\\\/www.rassegnastampa-totustuus.it\\\/cattolica\\\/#\\\/schema\\\/person\\\/08f319d2bd1a0904ad9e2bfb7b15e5c3\",\"name\":\"Redazione\",\"image\":{\"@type\":\"ImageObject\",\"inLanguage\":\"it-IT\",\"@id\":\"https:\\\/\\\/secure.gravatar.com\\\/avatar\\\/2fcdf27c78ea025fbdb44e914cc63c72249ffec9dc8aafd5c82b26240ef3f346?s=96&d=mm&r=g\",\"url\":\"https:\\\/\\\/secure.gravatar.com\\\/avatar\\\/2fcdf27c78ea025fbdb44e914cc63c72249ffec9dc8aafd5c82b26240ef3f346?s=96&d=mm&r=g\",\"contentUrl\":\"https:\\\/\\\/secure.gravatar.com\\\/avatar\\\/2fcdf27c78ea025fbdb44e914cc63c72249ffec9dc8aafd5c82b26240ef3f346?s=96&d=mm&r=g\",\"caption\":\"Redazione\"},\"url\":\"https:\\\/\\\/www.rassegnastampa-totustuus.it\\\/cattolica\\\/author\\\/pietroelle\\\/\"}]}<\/script>\n<!-- \/ Yoast SEO plugin. -->","yoast_head_json":{"title":"La Giornata della Terra \u00e8 la notte della scienza - Rassegna Stampa Cattolica","description":"La Giornata della Terra \u00e8 la notte della scienza. Per misurare la temperatura del pianeta servirebbero 4.320 registrazioni al di e non 2","robots":{"index":"index","follow":"follow","max-snippet":"max-snippet:-1","max-image-preview":"max-image-preview:large","max-video-preview":"max-video-preview:-1"},"canonical":"https:\/\/www.rassegnastampa-totustuus.it\/cattolica\/la-giornata-della-terra-e-la-notte-della-scienza\/","og_locale":"it_IT","og_type":"article","og_title":"La Giornata della Terra \u00e8 la notte della scienza - Rassegna Stampa Cattolica","og_description":"La Giornata della Terra \u00e8 la notte della scienza. Per misurare la temperatura del pianeta servirebbero 4.320 registrazioni al di e non 2","og_url":"https:\/\/www.rassegnastampa-totustuus.it\/cattolica\/la-giornata-della-terra-e-la-notte-della-scienza\/","og_site_name":"Rassegna Stampa Cattolica","article_publisher":"https:\/\/www.facebook.com\/rassegnastampacattolica","article_published_time":"2024-04-30T08:07:30+00:00","article_modified_time":"2024-04-30T09:06:23+00:00","og_image":[{"width":259,"height":194,"url":"https:\/\/www.rassegnastampa-totustuus.it\/cattolica\/wp-content\/uploads\/2017\/03\/global_warming.jpg","type":"image\/jpeg"}],"author":"Redazione","twitter_card":"summary_large_image","twitter_creator":"@rassegnastampa9","twitter_site":"@rassegnastampa9","twitter_misc":{"Scritto da":"Redazione","Tempo di lettura stimato":"7 minuti"},"schema":{"@context":"https:\/\/schema.org","@graph":[{"@type":"Article","@id":"https:\/\/www.rassegnastampa-totustuus.it\/cattolica\/la-giornata-della-terra-e-la-notte-della-scienza\/#article","isPartOf":{"@id":"https:\/\/www.rassegnastampa-totustuus.it\/cattolica\/la-giornata-della-terra-e-la-notte-della-scienza\/"},"author":{"name":"Redazione","@id":"https:\/\/www.rassegnastampa-totustuus.it\/cattolica\/#\/schema\/person\/08f319d2bd1a0904ad9e2bfb7b15e5c3"},"headline":"La Giornata della Terra \u00e8 la notte della scienza","datePublished":"2024-04-30T08:07:30+00:00","dateModified":"2024-04-30T09:06:23+00:00","mainEntityOfPage":{"@id":"https:\/\/www.rassegnastampa-totustuus.it\/cattolica\/la-giornata-della-terra-e-la-notte-della-scienza\/"},"wordCount":971,"publisher":{"@id":"https:\/\/www.rassegnastampa-totustuus.it\/cattolica\/#organization"},"image":{"@id":"https:\/\/www.rassegnastampa-totustuus.it\/cattolica\/la-giornata-della-terra-e-la-notte-della-scienza\/#primaryimage"},"thumbnailUrl":"https:\/\/www.rassegnastampa-totustuus.it\/cattolica\/wp-content\/uploads\/2017\/03\/global_warming.jpg","keywords":["Ambientalismo","clima","global warming","scienza"],"articleSection":["Ambientalismo","Scienza"],"inLanguage":"it-IT"},{"@type":"WebPage","@id":"https:\/\/www.rassegnastampa-totustuus.it\/cattolica\/la-giornata-della-terra-e-la-notte-della-scienza\/","url":"https:\/\/www.rassegnastampa-totustuus.it\/cattolica\/la-giornata-della-terra-e-la-notte-della-scienza\/","name":"La Giornata della Terra \u00e8 la notte della scienza - Rassegna Stampa Cattolica","isPartOf":{"@id":"https:\/\/www.rassegnastampa-totustuus.it\/cattolica\/#website"},"primaryImageOfPage":{"@id":"https:\/\/www.rassegnastampa-totustuus.it\/cattolica\/la-giornata-della-terra-e-la-notte-della-scienza\/#primaryimage"},"image":{"@id":"https:\/\/www.rassegnastampa-totustuus.it\/cattolica\/la-giornata-della-terra-e-la-notte-della-scienza\/#primaryimage"},"thumbnailUrl":"https:\/\/www.rassegnastampa-totustuus.it\/cattolica\/wp-content\/uploads\/2017\/03\/global_warming.jpg","datePublished":"2024-04-30T08:07:30+00:00","dateModified":"2024-04-30T09:06:23+00:00","description":"La Giornata della Terra \u00e8 la notte della scienza. Per misurare la temperatura del pianeta servirebbero 4.320 registrazioni al di e non 2","breadcrumb":{"@id":"https:\/\/www.rassegnastampa-totustuus.it\/cattolica\/la-giornata-della-terra-e-la-notte-della-scienza\/#breadcrumb"},"inLanguage":"it-IT","potentialAction":[{"@type":"ReadAction","target":["https:\/\/www.rassegnastampa-totustuus.it\/cattolica\/la-giornata-della-terra-e-la-notte-della-scienza\/"]}]},{"@type":"ImageObject","inLanguage":"it-IT","@id":"https:\/\/www.rassegnastampa-totustuus.it\/cattolica\/la-giornata-della-terra-e-la-notte-della-scienza\/#primaryimage","url":"https:\/\/www.rassegnastampa-totustuus.it\/cattolica\/wp-content\/uploads\/2017\/03\/global_warming.jpg","contentUrl":"https:\/\/www.rassegnastampa-totustuus.it\/cattolica\/wp-content\/uploads\/2017\/03\/global_warming.jpg","width":259,"height":194},{"@type":"BreadcrumbList","@id":"https:\/\/www.rassegnastampa-totustuus.it\/cattolica\/la-giornata-della-terra-e-la-notte-della-scienza\/#breadcrumb","itemListElement":[{"@type":"ListItem","position":1,"name":"Home","item":"https:\/\/www.rassegnastampa-totustuus.it\/cattolica\/"},{"@type":"ListItem","position":2,"name":"La Giornata della Terra \u00e8 la notte della scienza"}]},{"@type":"WebSite","@id":"https:\/\/www.rassegnastampa-totustuus.it\/cattolica\/#website","url":"https:\/\/www.rassegnastampa-totustuus.it\/cattolica\/","name":"Rassegna Stampa Cattolica","description":"Per una cultura che nasce dalla Rivelazione cristiana in conformit\u00e0 alla tradizione e al Magistero della Chiesa in opposizione ad ogni relativismo e totalitarismo","publisher":{"@id":"https:\/\/www.rassegnastampa-totustuus.it\/cattolica\/#organization"},"alternateName":"Rass. Cattolica","potentialAction":[{"@type":"SearchAction","target":{"@type":"EntryPoint","urlTemplate":"https:\/\/www.rassegnastampa-totustuus.it\/cattolica\/?s={search_term_string}"},"query-input":{"@type":"PropertyValueSpecification","valueRequired":true,"valueName":"search_term_string"}}],"inLanguage":"it-IT"},{"@type":"Organization","@id":"https:\/\/www.rassegnastampa-totustuus.it\/cattolica\/#organization","name":"Rassegna Stampa Cattolica","url":"https:\/\/www.rassegnastampa-totustuus.it\/cattolica\/","logo":{"@type":"ImageObject","inLanguage":"it-IT","@id":"https:\/\/www.rassegnastampa-totustuus.it\/cattolica\/#\/schema\/logo\/image\/","url":"https:\/\/www.rassegnastampa-totustuus.it\/cattolica\/wp-content\/uploads\/2014\/04\/logo-rassegna1.gif","contentUrl":"https:\/\/www.rassegnastampa-totustuus.it\/cattolica\/wp-content\/uploads\/2014\/04\/logo-rassegna1.gif","width":600,"height":163,"caption":"Rassegna Stampa Cattolica"},"image":{"@id":"https:\/\/www.rassegnastampa-totustuus.it\/cattolica\/#\/schema\/logo\/image\/"},"sameAs":["https:\/\/www.facebook.com\/rassegnastampacattolica","https:\/\/x.com\/rassegnastampa9"]},{"@type":"Person","@id":"https:\/\/www.rassegnastampa-totustuus.it\/cattolica\/#\/schema\/person\/08f319d2bd1a0904ad9e2bfb7b15e5c3","name":"Redazione","image":{"@type":"ImageObject","inLanguage":"it-IT","@id":"https:\/\/secure.gravatar.com\/avatar\/2fcdf27c78ea025fbdb44e914cc63c72249ffec9dc8aafd5c82b26240ef3f346?s=96&d=mm&r=g","url":"https:\/\/secure.gravatar.com\/avatar\/2fcdf27c78ea025fbdb44e914cc63c72249ffec9dc8aafd5c82b26240ef3f346?s=96&d=mm&r=g","contentUrl":"https:\/\/secure.gravatar.com\/avatar\/2fcdf27c78ea025fbdb44e914cc63c72249ffec9dc8aafd5c82b26240ef3f346?s=96&d=mm&r=g","caption":"Redazione"},"url":"https:\/\/www.rassegnastampa-totustuus.it\/cattolica\/author\/pietroelle\/"}]}},"_links":{"self":[{"href":"https:\/\/www.rassegnastampa-totustuus.it\/cattolica\/wp-json\/wp\/v2\/posts\/60269","targetHints":{"allow":["GET"]}}],"collection":[{"href":"https:\/\/www.rassegnastampa-totustuus.it\/cattolica\/wp-json\/wp\/v2\/posts"}],"about":[{"href":"https:\/\/www.rassegnastampa-totustuus.it\/cattolica\/wp-json\/wp\/v2\/types\/post"}],"author":[{"embeddable":true,"href":"https:\/\/www.rassegnastampa-totustuus.it\/cattolica\/wp-json\/wp\/v2\/users\/6"}],"replies":[{"embeddable":true,"href":"https:\/\/www.rassegnastampa-totustuus.it\/cattolica\/wp-json\/wp\/v2\/comments?post=60269"}],"version-history":[{"count":2,"href":"https:\/\/www.rassegnastampa-totustuus.it\/cattolica\/wp-json\/wp\/v2\/posts\/60269\/revisions"}],"predecessor-version":[{"id":60272,"href":"https:\/\/www.rassegnastampa-totustuus.it\/cattolica\/wp-json\/wp\/v2\/posts\/60269\/revisions\/60272"}],"wp:featuredmedia":[{"embeddable":true,"href":"https:\/\/www.rassegnastampa-totustuus.it\/cattolica\/wp-json\/wp\/v2\/media\/37370"}],"wp:attachment":[{"href":"https:\/\/www.rassegnastampa-totustuus.it\/cattolica\/wp-json\/wp\/v2\/media?parent=60269"}],"wp:term":[{"taxonomy":"category","embeddable":true,"href":"https:\/\/www.rassegnastampa-totustuus.it\/cattolica\/wp-json\/wp\/v2\/categories?post=60269"},{"taxonomy":"post_tag","embeddable":true,"href":"https:\/\/www.rassegnastampa-totustuus.it\/cattolica\/wp-json\/wp\/v2\/tags?post=60269"}],"curies":[{"name":"wp","href":"https:\/\/api.w.org\/{rel}","templated":true}]}}