{"id":60152,"date":"2024-05-02T00:00:00","date_gmt":"2024-05-01T22:00:00","guid":{"rendered":"https:\/\/www.rassegnastampa-totustuus.it\/cattolica\/?p=60152"},"modified":"2024-04-24T12:34:26","modified_gmt":"2024-04-24T10:34:26","slug":"verso-la-scomparsa-dei-popoli-europei","status":"publish","type":"post","link":"https:\/\/www.rassegnastampa-totustuus.it\/cattolica\/verso-la-scomparsa-dei-popoli-europei\/","title":{"rendered":"Verso la scomparsa dei popoli europei"},"content":{"rendered":"<p style=\"text-align: justify;\"><strong><img loading=\"lazy\" decoding=\"async\" class=\" wp-image-53193 alignleft\" src=\"https:\/\/www.rassegnastampa-totustuus.it\/cattolica\/wp-content\/uploads\/2021\/12\/anziani.jpg\" alt=\"\" width=\"179\" height=\"179\" srcset=\"https:\/\/www.rassegnastampa-totustuus.it\/cattolica\/wp-content\/uploads\/2021\/12\/anziani.jpg 300w, https:\/\/www.rassegnastampa-totustuus.it\/cattolica\/wp-content\/uploads\/2021\/12\/anziani-150x150.jpg 150w\" sizes=\"auto, (max-width: 179px) 100vw, 179px\" \/><span style=\"color: #000000;\">Abstract: <\/span><\/strong><span style=\"color: #000000;\"><em>verso la scomparsa dei popoli europei. Denatalit\u00e0 e immigrazione stanno lacerando l\u2019Europa. Nel breve periodo l\u2019invecchiamento della popolazione sar\u00e0 <strong>inevitabile<\/strong>, in quanto, anche se messe in pratica serie misure di sostegno alla famiglia, come in Ungheria, gli eventuali risultati positivi si ottengono dopo anni, decenni. Per questo motivo sar\u00e0 necessario mettere in campo tutti gli strumenti e le soluzioni possibili, descritte nel libro come inevitabili (ad esempio l\u2019invecchiamento attivo).<\/em><\/span><\/p>\n<p><!--more--><\/p>\n<p style=\"text-align: center;\"><span style=\"color: #0000ff;\"><a style=\"color: #0000ff;\" href=\"https:\/\/www.rassegnastampa-totustuus.it\/cattolica\/davide-fiorillo-2012-2021-il-bambino-che-parlava-con-gli-angeli\/\" target=\"_blank\" rel=\"noopener\"><strong>Atlantico quotidiano<\/strong><\/a> <\/span><span style=\"color: #000000;\">21 Aprile 2024<\/span><\/p>\n<h3 style=\"text-align: center;\">Verso la scomparsa dei popoli europei: quanto tempo abbiamo per evitarla?<\/h3>\n<p style=\"text-align: justify;\"><span style=\"color: #000000;\"><em>La sostituzione etnica \u2013 che tanto infastidisce i progressisti \u2013 non \u00e8 qualcosa che sar\u00e0, \u00e8 gi\u00e0 una realt\u00e0 in Europa, e dove non lo \u00e8, lo sar\u00e0. Cosa fare?<\/em> <\/span><\/p>\n<p style=\"text-align: center;\">di <span style=\"color: #0000ff;\"><strong><a style=\"color: #0000ff;\" href=\"https:\/\/www.nicolaporro.it\/autori\/umberto-camillo-iacoviello\/\" target=\"_blank\" rel=\"noopener\">Umberto Camillo Iacoviello <\/a><\/strong>\u00a0<\/span><\/p>\n<p style=\"text-align: justify;\"><span style=\"color: #000000;\"><em><img loading=\"lazy\" decoding=\"async\" class=\" wp-image-60156 alignleft\" src=\"https:\/\/www.rassegnastampa-totustuus.it\/cattolica\/wp-content\/uploads\/2024\/05\/Priore_cover.jpg\" alt=\"\" width=\"172\" height=\"244\" \/>Passaggio al Bosco <\/em>ha recentemente pubblicato il saggio di <strong>Augusto Priore<\/strong> <em>\u201cLa scomparsa dei popoli europei. Denatalit\u00e0, immigrazione, declino\u201d<\/em>. Il libro, come indica il sottotitolo, affronta il <strong>declino demografico dell\u2019Europa<\/strong> sostanzialmente partendo da <strong>due fattori<\/strong>, quello strutturale-economico e quello culturale, con un\u2019unica conseguenza: accelerare \u2013 in senso ampio \u2013 il declino.<\/span><\/p>\n<p style=\"text-align: justify;\"><span style=\"color: #000000;\">Dal punto di vista strutturale-economico, <strong>denatalit\u00e0 e immigrazione<\/strong> sono due fenomeni strettamente legati, in particolare, per il fatto che il secondo \u00e8 una diretta conseguenza del primo, in quanto l\u2019immigrazione viene favorita, non solo per assumere lavoratori a basso costo, ma anche per svecchiare la popolazione. Parallelamente, l\u2019immigrazione ha delle conseguenze sul piano sociale e culturale, producendo cambiamenti politici di portata storica (affrontati quotidianamente da questa testata).<\/span><\/p>\n<h4 style=\"text-align: center;\"><span style=\"color: #000000;\"><strong>Libert\u00e0 europea e dispotismo asiatico<\/strong><\/span><\/h4>\n<p style=\"text-align: justify;\"><span style=\"color: #000000;\">Il primo capitolo delinea, da un punto di vista politico, <strong>cosa distingue l\u2019Europa<\/strong> dal resto del mondo, in particolare dall\u2019Asia. Distinzione che avviene con le guerre persiane:<\/span><\/p>\n<p style=\"text-align: justify;\"><span style=\"color: #000000;\">L\u2019Europa <strong>prende coscienza della propria identit\u00e0<\/strong> non in quanto geograficamente separata dall\u2019Asia [\u2026] ma distinguendosi <strong>politicamente<\/strong> dall\u2019Asia. Tale differenziazione avviene con le guerre persiane (V a.C.), quando la libert\u00e0 dei greci si scontra con il dispotismo asiatico. L\u2019identit\u00e0 greca-europea si fonda sulla contrapposizione di questi due principi: se i greci sono cittadini che vivono regolati dalle leggi, i persiani sono sudditi di un re, il quale detiene un potere assoluto conferitogli da <em>Ahura Mazd\u0101<\/em>, divinit\u00e0 suprema della religione persiana, il <em>mazdeismo<\/em>. Erodoto scrive che i persiani vengono sconfitti non solo perch\u00e9 sono sprovvisti di \u201cscienza militare\u201d, ma anche perch\u00e9 i greci combattono per difendere la libert\u00e0, e non per obbedire a degli ordini, come gli asiatici.<\/span><\/p>\n<p style=\"text-align: justify;\"><span style=\"color: #000000;\">Con i dovuti distinguo, tale distinzione \u00e8 sopravvissuta. L\u2019autore passa in rassegna i rapporti delle civilt\u00e0 sorte in Europa con lo \u201cstraniero\u201d: Roma e i <em>barbari<\/em>, l\u2019Europa cristiana e i tentativi dell\u2019Islam di conquistare il Vecchio continente, sottolineando come lo scontro con il non-europeo abbia contribuito a <strong>forgiare l\u2019identit\u00e0 europea<\/strong>.<\/span><\/p>\n<h4 style=\"text-align: center;\"><span style=\"color: #000000;\"><strong>L\u2019immigrazione di massa <\/strong><\/span><\/h4>\n<p style=\"text-align: justify;\"><span style=\"color: #000000;\"><img loading=\"lazy\" decoding=\"async\" class=\" wp-image-44237 alignright\" src=\"https:\/\/www.rassegnastampa-totustuus.it\/cattolica\/wp-content\/uploads\/2019\/09\/immigrazione-300x200.jpg\" alt=\"\" width=\"356\" height=\"237\" srcset=\"https:\/\/www.rassegnastampa-totustuus.it\/cattolica\/wp-content\/uploads\/2019\/09\/immigrazione-300x200.jpg 300w, https:\/\/www.rassegnastampa-totustuus.it\/cattolica\/wp-content\/uploads\/2019\/09\/immigrazione-768x512.jpg 768w, https:\/\/www.rassegnastampa-totustuus.it\/cattolica\/wp-content\/uploads\/2019\/09\/immigrazione-1024x683.jpg 1024w, https:\/\/www.rassegnastampa-totustuus.it\/cattolica\/wp-content\/uploads\/2019\/09\/immigrazione.jpg 1920w\" sizes=\"auto, (max-width: 356px) 100vw, 356px\" \/>All\u2019indomani della Seconda Guerra Mondiale, i Paesi dell\u2019Europa occidentale iniziarono ad accogliere in patria immigrati per sostenere la sviluppo economico. Inizialmente cercarono di <strong>attingere dai Paesi europei<\/strong>, Italia in primis. Tuttavia, dal momento che buona parte dell\u2019Europa doveva far fronte allo stesso problema, gli immigrati iniziarono ad arrivare da altrove.<\/span><\/p>\n<p style=\"text-align: justify;\"><span style=\"color: #000000;\">Oggi sono identificabili i Paesi da cui provenivano gli immigrati nei diversi Paesi dell\u2019Europa, osservando la composizione della popolazione: algerini in Francia, pakistani nel Regno Unito, turchi in Germania e cos\u00ec via. Tuttavia, anche la provenienza degli immigrati pu\u00f2 mutare rapidamente a causa di crisi umanitarie. La Germania in appena cinque anni \u2013 tra il 2011 e il 2015 \u2013 ha accolto ben <strong>1,2 milioni di immigrati di fede islamica<\/strong>, per lo pi\u00f9 siriani. Nel 2011 i due terzi dei musulmani presenti in Germania provenivano dalla Turchia, nel 2015 sono diventati la met\u00e0.<\/span><\/p>\n<p style=\"text-align: justify;\"><span style=\"color: #000000;\">Denatalit\u00e0 e immigrazione sono due fenomeni strettamente legati. Il secondo giustifica il primo in quanto, per sopperire alle culle vuote, si aprono le porte a immigrati per integrarli nel mondo del lavoro e per <strong>\u201cpagarci\u201d le famose pensioni<\/strong>. La verit\u00e0 \u00e8 che per rappresentare una \u201crisorsa\u201d l\u2019immigrato deve dare allo Stato pi\u00f9 di quanto assorbe.<\/span><\/p>\n<p style=\"text-align: justify;\"><span style=\"color: #000000;\">I costi esorbitanti sborsati per l\u2019accoglienza (in Italia ogni anno superano il miliardo), i sussidi dati agli immigrati, la spesa annuale per i detenuti stranieri (in Italia, sui dati del 2020, i 17.344 detenuti stranieri ci sono costati 867.286.720 euro). Per quanto riguarda i contribuiti versati, <strong>Gian Carlo Blangiardo<\/strong>, professore di demografia all\u2019Universit\u00e0 degli Studi di Milano ed ex presidente dell\u2019Istat, fa notare che \u201cgli immigrati <strong>non stanno dando un contributo<\/strong> al Paese: stanno versando una somma che sta l\u00ec in attesa di essere restituita\u201d.<\/span><\/p>\n<h4 style=\"text-align: center;\"><span style=\"color: #000000;\"><strong>La sottomissione<\/strong><\/span><\/h4>\n<p style=\"text-align: justify;\"><span style=\"color: #000000;\">Citando l\u2019autore \u2013 in un<\/span> <span style=\"color: #0000ff;\"><a style=\"color: #0000ff;\" href=\"https:\/\/www.youtube.com\/watch?v=pIQzL-9TmKw&amp;t=11s\" target=\"_blank\" rel=\"noopener\">video di presentazione del libro<\/a><\/span> <span style=\"color: #000000;\">\u2013 \u201canche prendendo per positivo il bilancio economico dell\u2019immigrazione, pu\u00f2 un presunto vantaggio economico prevalere sulla stessa sopravvivenza fisica dei popoli europei?\u201d. Non \u00e8 una questione di colore della pelle, ma di convivenza tra persone provenienti da <strong>culture profondamente diverse<\/strong>. Paesi come la Francia, dimostrano che il tentativo di assimilare un gran numero di immigrati \u2013 nel caso specifico perlopi\u00f9 musulmani \u2013 \u00e8 stato un <strong>completo fallimento<\/strong>.<\/span><\/p>\n<p style=\"text-align: justify;\"><span style=\"color: #000000;\"><img loading=\"lazy\" decoding=\"async\" class=\" wp-image-42581 alignleft\" src=\"https:\/\/www.rassegnastampa-totustuus.it\/cattolica\/wp-content\/uploads\/2019\/03\/Islam_Europa-300x196.jpg\" alt=\"\" width=\"334\" height=\"218\" srcset=\"https:\/\/www.rassegnastampa-totustuus.it\/cattolica\/wp-content\/uploads\/2019\/03\/Islam_Europa-300x196.jpg 300w, https:\/\/www.rassegnastampa-totustuus.it\/cattolica\/wp-content\/uploads\/2019\/03\/Islam_Europa-768x501.jpg 768w, https:\/\/www.rassegnastampa-totustuus.it\/cattolica\/wp-content\/uploads\/2019\/03\/Islam_Europa-1024x668.jpg 1024w, https:\/\/www.rassegnastampa-totustuus.it\/cattolica\/wp-content\/uploads\/2019\/03\/Islam_Europa.jpg 2000w\" sizes=\"auto, (max-width: 334px) 100vw, 334px\" \/>Parigi \u00e8 costantemente<\/span> <span style=\"color: #0000ff;\"><a style=\"color: #0000ff;\" href=\"https:\/\/www.nicolaporro.it\/atlanticoquotidiano\/quotidiano\/aq-esteri\/francia-sullorlo-di-una-guerra-civile-non-e-solo-houellebecq-a-pensarlo\/\" target=\"_blank\" rel=\"noopener\">sull\u2019orlo di una guerra civile etnica<\/a>,<\/span> <span style=\"color: #000000;\">perfino <strong>Emmanuel Macron<\/strong> parla di <em>\u201cseparatismo islamico\u201d<\/em>. Pi\u00f9 che assimilazione, si assiste ad una <strong>sottomissione della popolazione autoctona<\/strong>. Criminalit\u00e0 organizzata, attentati di matrice islamica, convivenza impossibile; quale sia il vantaggio di un\u2019immigrazione di massa, resta un mistero.<\/span><\/p>\n<p style=\"text-align: justify;\"><span style=\"color: #000000;\">In <strong>Francia <\/strong>il 21 per cento dei nuovi nati ha un nome arabo, a questi vanno aggiunti tutti gli immigrati extraeuropei non-arabi. C\u2019\u00e8 chi stima che entro il 2050, nelle zone urbanizzate, dove vivono i due terzi della popolazione, la met\u00e0 degli abitanti sotto i 55 anni avr\u00e0 <strong>un\u2019origine extraeuropea<\/strong>.<\/span><\/p>\n<p style=\"text-align: justify;\"><span style=\"color: #000000;\">Situazioni demografiche altrettanto drammatiche, le riscontriamo anche in altri Paesi europei: Regno Unito, Paesi Bassi, Belgio, Svezia. In alcune citt\u00e0 gli immigrati extraeuropei costituiscono gi\u00e0 la maggioranza della popolazione. La <strong>sostituzione etnica<\/strong> \u2013 che tanto infastidisce i progressisti \u2013 non \u00e8 qualcosa che sar\u00e0, \u00e8 gi\u00e0 una realt\u00e0 in Europa, e dove non lo \u00e8, lo sar\u00e0. Numeri alla mano, \u00e8 solo questione di tempo.<\/span><\/p>\n<h4 style=\"text-align: center;\"><span style=\"color: #000000;\"><strong>Denatalit\u00e0 <\/strong><\/span><\/h4>\n<p style=\"text-align: justify;\"><span style=\"color: #000000;\">L\u2019Italia, che solo recentemente ha conosciuto il fenomeno dell\u2019immigrazione di massa, \u00e8 dilaniata da un dramma strettamente legato a quello dell\u2019immigrazione: la denatalit\u00e0. Il fenomeno delle <strong>culle vuote<\/strong> ha portato a un rapido<\/span> <a href=\"https:\/\/www.nicolaporro.it\/atlanticoquotidiano\/quotidiano\/aq-economia\/quanto-siamo-invecchiati-in-ventanni-vicini-al-punto-di-non-ritorno\/\">i<span style=\"color: #0000ff;\">nvecchiamento della popolazione<\/span><\/a>.<span style=\"color: #000000;\"> Il popolo italiano \u00e8 il pi\u00f9 anziano d\u2019Europa.<\/span><\/p>\n<p style=\"text-align: justify;\"><span style=\"color: #000000;\">Se nel 2022 le persone con pi\u00f9 di 65 anni costituivano il 23,8 per cento della popolazione (quasi un italiano su quattro), nel 2050 la percentuale salir\u00e0 al 34,9. Questo significa che tra meno di trent\u2019anni il rapporto tra popolazione attiva (15-64) e popolazione non attiva (0-14 e over 65) sar\u00e0 di uno a uno, rendendo <strong>insostenibile lo stato sociale<\/strong> per come lo conosciamo oggi. Non ci saranno pi\u00f9 \u2013 fisicamente \u2013 gli italiani per finanziare in primis pensioni e sanit\u00e0 (che in una popolazione anziana diventano fondamentali).<\/span><\/p>\n<p style=\"text-align: justify;\"><span style=\"color: #000000;\"><img loading=\"lazy\" decoding=\"async\" class=\"wp-image-56727 alignleft\" src=\"https:\/\/www.rassegnastampa-totustuus.it\/cattolica\/wp-content\/uploads\/2023\/07\/demografia_anziani.jpg\" alt=\"\" width=\"312\" height=\"236\" \/>L\u2019alternativa all\u2019invecchiamento, almeno sul piano economico, sarebbe quella di accogliere milioni di immigrati, ma questo pone degli <strong>enormi problemi<\/strong>: in primo luogo, non tutti gli immigrati vengono qui per lavorare (e oggi la burocrazia rende difficile se non impossibile il rimpatrio).<\/span><\/p>\n<p style=\"text-align: justify;\"><span style=\"color: #000000;\">In secondo luogo \u2013 pi\u00f9 importante del fattore economico \u2013 \u00e8 l\u2019impossibile convivenza tra popoli diversi che porter\u00e0, numeri alla mano, come unico risultato la <strong>scomparsa degli autoctoni<\/strong> e il <strong>tramonto dell\u2019Occidente<\/strong> sul piano antropologico. Un\u2019Europa abitata da musulmani render\u00e0 il nostro continente qualcosa di profondamente diverso dai millenni di civilt\u00e0 che ci hanno contraddistinto come faro della civilt\u00e0. Lo studioso di cultura islamica <strong>Bernard Lewis<\/strong> ha sostenuto che entro la fine del secolo l\u2019Europa \u201csar\u00e0 la zona pi\u00f9 occidentale del mondo arabo, far\u00e0 parte del Magreb\u201d<\/span>.<\/p>\n<h4 style=\"text-align: center;\"><span style=\"color: #000000;\"><strong>Quale destino per l\u2019Europa? <\/strong><\/span><\/h4>\n<p style=\"text-align: justify;\"><span style=\"color: #000000;\">Denatalit\u00e0 e immigrazione stanno lacerando l\u2019Europa. Nel breve periodo l\u2019invecchiamento della popolazione sar\u00e0 <strong>inevitabile<\/strong>, in quanto, anche se messe in pratica serie misure di sostegno alla famiglia, come in Ungheria, gli eventuali risultati positivi si ottengono dopo anni, decenni. Per questo motivo sar\u00e0 necessario mettere in campo tutti gli strumenti e le soluzioni possibili, descritte nel libro come inevitabili (ad esempio l\u2019invecchiamento attivo).<\/span><\/p>\n<p style=\"text-align: justify;\"><span style=\"color: #000000;\">Un libro da leggere per comprendere che la situazione \u00e8 pi\u00f9 grave di quanto si possa immaginare. Con il passare del tempo le donne in et\u00e0 fertile diminuiscono e di conseguenza si assottiglia progressivamente la possibilit\u00e0 di invertire la rotta, per la <strong>mancanza fisica di donne<\/strong>.<\/span><\/p>\n<p style=\"text-align: justify;\"><span style=\"color: #000000;\">Nella lunga prefazione di <strong>Stefano Vaj<\/strong> viene proposta la <em>tecnica <\/em>come via da percorre, in quanto sostanzialmente <strong>non vi sono soluzioni \u201cumane\u201d<\/strong> al declino demografico. Entro la met\u00e0 del secolo -nell\u2019arco di appena una generazione \u2013 se non agiamo in fretta, vivremo in un continente irriconoscibile e probabilmente non pi\u00f9 \u201csalvabile\u201d. L\u2019autore non fa che ripetere che per sopravvivere occorre agire <em>hic et nunc.<\/em><\/span><\/p>\n<p>_____________________________________________<\/p>\n<p><strong>Leggi anche:<\/strong><\/p>\n<p><a href=\"https:\/\/www.rassegnastampa-totustuus.it\/cattolica\/cosi-crolla-una-civilta\/\" target=\"_blank\" rel=\"noopener\"><span style=\"color: #0000ff;\">Cos\u00ec crolla una civilt\u00e0<\/span><\/a><\/p>\n\n\n<p><\/p>\n","protected":false},"excerpt":{"rendered":"<p>Abstract: verso la scomparsa dei popoli europei. Denatalit\u00e0 e immigrazione stanno lacerando l\u2019Europa. Nel breve periodo l\u2019invecchiamento della popolazione sar\u00e0 inevitabile, in quanto, anche se messe in pratica serie misure di sostegno alla famiglia, come in Ungheria, gli eventuali risultati positivi si ottengono dopo anni, decenni. Per questo motivo sar\u00e0 necessario mettere in campo tutti &hellip; <\/p>\n<p><a class=\"more-link btn\" href=\"https:\/\/www.rassegnastampa-totustuus.it\/cattolica\/verso-la-scomparsa-dei-popoli-europei\/\">Continua a leggere<\/a><\/p>\n","protected":false},"author":6,"featured_media":53193,"comment_status":"closed","ping_status":"closed","sticky":false,"template":"","format":"standard","meta":{"footnotes":""},"categories":[9,14],"tags":[217,1261,166,914],"class_list":["post-60152","post","type-post","status-publish","format-standard","has-post-thumbnail","hentry","category-demografia","category-europa-e-ue","tag-demografia-2","tag-denatalita","tag-europa","tag-invecchiamento-popolazione","item-wrap"],"yoast_head":"<!-- This site is optimized with the Yoast SEO plugin v27.5 - https:\/\/yoast.com\/product\/yoast-seo-wordpress\/ -->\n<title>Verso la scomparsa dei popoli europei - Rassegna Stampa Cattolica<\/title>\n<meta name=\"description\" content=\"Verso la scomparsa dei popoli europei: quanto tempo abbiamo per evitarla? la sostituzione etnica \u00e8 gi\u00e0 una realt\u00e0\" \/>\n<meta name=\"robots\" content=\"index, follow, max-snippet:-1, max-image-preview:large, max-video-preview:-1\" \/>\n<link rel=\"canonical\" href=\"https:\/\/www.rassegnastampa-totustuus.it\/cattolica\/verso-la-scomparsa-dei-popoli-europei\/\" \/>\n<meta property=\"og:locale\" content=\"it_IT\" \/>\n<meta property=\"og:type\" content=\"article\" \/>\n<meta property=\"og:title\" content=\"Verso la scomparsa dei popoli europei - Rassegna Stampa Cattolica\" \/>\n<meta property=\"og:description\" content=\"Verso la scomparsa dei popoli europei: quanto tempo abbiamo per evitarla? la sostituzione etnica \u00e8 gi\u00e0 una realt\u00e0\" \/>\n<meta property=\"og:url\" content=\"https:\/\/www.rassegnastampa-totustuus.it\/cattolica\/verso-la-scomparsa-dei-popoli-europei\/\" \/>\n<meta property=\"og:site_name\" content=\"Rassegna Stampa Cattolica\" \/>\n<meta property=\"article:publisher\" content=\"https:\/\/www.facebook.com\/rassegnastampacattolica\" \/>\n<meta property=\"article:published_time\" content=\"2024-05-01T22:00:00+00:00\" \/>\n<meta property=\"og:image\" content=\"https:\/\/www.rassegnastampa-totustuus.it\/cattolica\/wp-content\/uploads\/2021\/12\/anziani.jpg\" \/>\n\t<meta property=\"og:image:width\" content=\"300\" \/>\n\t<meta property=\"og:image:height\" content=\"300\" \/>\n\t<meta property=\"og:image:type\" content=\"image\/jpeg\" \/>\n<meta name=\"author\" content=\"Redazione\" \/>\n<meta name=\"twitter:card\" content=\"summary_large_image\" \/>\n<meta name=\"twitter:creator\" content=\"@rassegnastampa9\" \/>\n<meta name=\"twitter:site\" content=\"@rassegnastampa9\" \/>\n<meta name=\"twitter:label1\" content=\"Scritto da\" \/>\n\t<meta name=\"twitter:data1\" content=\"Redazione\" \/>\n\t<meta name=\"twitter:label2\" content=\"Tempo di lettura stimato\" \/>\n\t<meta name=\"twitter:data2\" content=\"9 minuti\" \/>\n<script type=\"application\/ld+json\" class=\"yoast-schema-graph\">{\"@context\":\"https:\\\/\\\/schema.org\",\"@graph\":[{\"@type\":\"Article\",\"@id\":\"https:\\\/\\\/www.rassegnastampa-totustuus.it\\\/cattolica\\\/verso-la-scomparsa-dei-popoli-europei\\\/#article\",\"isPartOf\":{\"@id\":\"https:\\\/\\\/www.rassegnastampa-totustuus.it\\\/cattolica\\\/verso-la-scomparsa-dei-popoli-europei\\\/\"},\"author\":{\"name\":\"Redazione\",\"@id\":\"https:\\\/\\\/www.rassegnastampa-totustuus.it\\\/cattolica\\\/#\\\/schema\\\/person\\\/08f319d2bd1a0904ad9e2bfb7b15e5c3\"},\"headline\":\"Verso la scomparsa dei popoli europei\",\"datePublished\":\"2024-05-01T22:00:00+00:00\",\"mainEntityOfPage\":{\"@id\":\"https:\\\/\\\/www.rassegnastampa-totustuus.it\\\/cattolica\\\/verso-la-scomparsa-dei-popoli-europei\\\/\"},\"wordCount\":1407,\"publisher\":{\"@id\":\"https:\\\/\\\/www.rassegnastampa-totustuus.it\\\/cattolica\\\/#organization\"},\"image\":{\"@id\":\"https:\\\/\\\/www.rassegnastampa-totustuus.it\\\/cattolica\\\/verso-la-scomparsa-dei-popoli-europei\\\/#primaryimage\"},\"thumbnailUrl\":\"https:\\\/\\\/www.rassegnastampa-totustuus.it\\\/cattolica\\\/wp-content\\\/uploads\\\/2021\\\/12\\\/anziani.jpg\",\"keywords\":[\"demografia\",\"denatalit\u00e0\",\"Europa\",\"invecchiamento popolazione\"],\"articleSection\":[\"Demografia\",\"Europa e UE\"],\"inLanguage\":\"it-IT\"},{\"@type\":\"WebPage\",\"@id\":\"https:\\\/\\\/www.rassegnastampa-totustuus.it\\\/cattolica\\\/verso-la-scomparsa-dei-popoli-europei\\\/\",\"url\":\"https:\\\/\\\/www.rassegnastampa-totustuus.it\\\/cattolica\\\/verso-la-scomparsa-dei-popoli-europei\\\/\",\"name\":\"Verso la scomparsa dei popoli europei - Rassegna Stampa Cattolica\",\"isPartOf\":{\"@id\":\"https:\\\/\\\/www.rassegnastampa-totustuus.it\\\/cattolica\\\/#website\"},\"primaryImageOfPage\":{\"@id\":\"https:\\\/\\\/www.rassegnastampa-totustuus.it\\\/cattolica\\\/verso-la-scomparsa-dei-popoli-europei\\\/#primaryimage\"},\"image\":{\"@id\":\"https:\\\/\\\/www.rassegnastampa-totustuus.it\\\/cattolica\\\/verso-la-scomparsa-dei-popoli-europei\\\/#primaryimage\"},\"thumbnailUrl\":\"https:\\\/\\\/www.rassegnastampa-totustuus.it\\\/cattolica\\\/wp-content\\\/uploads\\\/2021\\\/12\\\/anziani.jpg\",\"datePublished\":\"2024-05-01T22:00:00+00:00\",\"description\":\"Verso la scomparsa dei popoli europei: quanto tempo abbiamo per evitarla? la sostituzione etnica \u00e8 gi\u00e0 una realt\u00e0\",\"breadcrumb\":{\"@id\":\"https:\\\/\\\/www.rassegnastampa-totustuus.it\\\/cattolica\\\/verso-la-scomparsa-dei-popoli-europei\\\/#breadcrumb\"},\"inLanguage\":\"it-IT\",\"potentialAction\":[{\"@type\":\"ReadAction\",\"target\":[\"https:\\\/\\\/www.rassegnastampa-totustuus.it\\\/cattolica\\\/verso-la-scomparsa-dei-popoli-europei\\\/\"]}]},{\"@type\":\"ImageObject\",\"inLanguage\":\"it-IT\",\"@id\":\"https:\\\/\\\/www.rassegnastampa-totustuus.it\\\/cattolica\\\/verso-la-scomparsa-dei-popoli-europei\\\/#primaryimage\",\"url\":\"https:\\\/\\\/www.rassegnastampa-totustuus.it\\\/cattolica\\\/wp-content\\\/uploads\\\/2021\\\/12\\\/anziani.jpg\",\"contentUrl\":\"https:\\\/\\\/www.rassegnastampa-totustuus.it\\\/cattolica\\\/wp-content\\\/uploads\\\/2021\\\/12\\\/anziani.jpg\",\"width\":300,\"height\":300},{\"@type\":\"BreadcrumbList\",\"@id\":\"https:\\\/\\\/www.rassegnastampa-totustuus.it\\\/cattolica\\\/verso-la-scomparsa-dei-popoli-europei\\\/#breadcrumb\",\"itemListElement\":[{\"@type\":\"ListItem\",\"position\":1,\"name\":\"Home\",\"item\":\"https:\\\/\\\/www.rassegnastampa-totustuus.it\\\/cattolica\\\/\"},{\"@type\":\"ListItem\",\"position\":2,\"name\":\"Verso la scomparsa dei popoli europei\"}]},{\"@type\":\"WebSite\",\"@id\":\"https:\\\/\\\/www.rassegnastampa-totustuus.it\\\/cattolica\\\/#website\",\"url\":\"https:\\\/\\\/www.rassegnastampa-totustuus.it\\\/cattolica\\\/\",\"name\":\"Rassegna Stampa Cattolica\",\"description\":\"Per una cultura che nasce dalla Rivelazione cristiana in conformit\u00e0 alla tradizione e al Magistero della Chiesa in opposizione ad ogni relativismo e totalitarismo\",\"publisher\":{\"@id\":\"https:\\\/\\\/www.rassegnastampa-totustuus.it\\\/cattolica\\\/#organization\"},\"alternateName\":\"Rass. Cattolica\",\"potentialAction\":[{\"@type\":\"SearchAction\",\"target\":{\"@type\":\"EntryPoint\",\"urlTemplate\":\"https:\\\/\\\/www.rassegnastampa-totustuus.it\\\/cattolica\\\/?s={search_term_string}\"},\"query-input\":{\"@type\":\"PropertyValueSpecification\",\"valueRequired\":true,\"valueName\":\"search_term_string\"}}],\"inLanguage\":\"it-IT\"},{\"@type\":\"Organization\",\"@id\":\"https:\\\/\\\/www.rassegnastampa-totustuus.it\\\/cattolica\\\/#organization\",\"name\":\"Rassegna Stampa Cattolica\",\"url\":\"https:\\\/\\\/www.rassegnastampa-totustuus.it\\\/cattolica\\\/\",\"logo\":{\"@type\":\"ImageObject\",\"inLanguage\":\"it-IT\",\"@id\":\"https:\\\/\\\/www.rassegnastampa-totustuus.it\\\/cattolica\\\/#\\\/schema\\\/logo\\\/image\\\/\",\"url\":\"https:\\\/\\\/www.rassegnastampa-totustuus.it\\\/cattolica\\\/wp-content\\\/uploads\\\/2014\\\/04\\\/logo-rassegna1.gif\",\"contentUrl\":\"https:\\\/\\\/www.rassegnastampa-totustuus.it\\\/cattolica\\\/wp-content\\\/uploads\\\/2014\\\/04\\\/logo-rassegna1.gif\",\"width\":600,\"height\":163,\"caption\":\"Rassegna Stampa Cattolica\"},\"image\":{\"@id\":\"https:\\\/\\\/www.rassegnastampa-totustuus.it\\\/cattolica\\\/#\\\/schema\\\/logo\\\/image\\\/\"},\"sameAs\":[\"https:\\\/\\\/www.facebook.com\\\/rassegnastampacattolica\",\"https:\\\/\\\/x.com\\\/rassegnastampa9\"]},{\"@type\":\"Person\",\"@id\":\"https:\\\/\\\/www.rassegnastampa-totustuus.it\\\/cattolica\\\/#\\\/schema\\\/person\\\/08f319d2bd1a0904ad9e2bfb7b15e5c3\",\"name\":\"Redazione\",\"image\":{\"@type\":\"ImageObject\",\"inLanguage\":\"it-IT\",\"@id\":\"https:\\\/\\\/secure.gravatar.com\\\/avatar\\\/2fcdf27c78ea025fbdb44e914cc63c72249ffec9dc8aafd5c82b26240ef3f346?s=96&d=mm&r=g\",\"url\":\"https:\\\/\\\/secure.gravatar.com\\\/avatar\\\/2fcdf27c78ea025fbdb44e914cc63c72249ffec9dc8aafd5c82b26240ef3f346?s=96&d=mm&r=g\",\"contentUrl\":\"https:\\\/\\\/secure.gravatar.com\\\/avatar\\\/2fcdf27c78ea025fbdb44e914cc63c72249ffec9dc8aafd5c82b26240ef3f346?s=96&d=mm&r=g\",\"caption\":\"Redazione\"},\"url\":\"https:\\\/\\\/www.rassegnastampa-totustuus.it\\\/cattolica\\\/author\\\/pietroelle\\\/\"}]}<\/script>\n<!-- \/ Yoast SEO plugin. -->","yoast_head_json":{"title":"Verso la scomparsa dei popoli europei - Rassegna Stampa Cattolica","description":"Verso la scomparsa dei popoli europei: quanto tempo abbiamo per evitarla? la sostituzione etnica \u00e8 gi\u00e0 una realt\u00e0","robots":{"index":"index","follow":"follow","max-snippet":"max-snippet:-1","max-image-preview":"max-image-preview:large","max-video-preview":"max-video-preview:-1"},"canonical":"https:\/\/www.rassegnastampa-totustuus.it\/cattolica\/verso-la-scomparsa-dei-popoli-europei\/","og_locale":"it_IT","og_type":"article","og_title":"Verso la scomparsa dei popoli europei - Rassegna Stampa Cattolica","og_description":"Verso la scomparsa dei popoli europei: quanto tempo abbiamo per evitarla? la sostituzione etnica \u00e8 gi\u00e0 una realt\u00e0","og_url":"https:\/\/www.rassegnastampa-totustuus.it\/cattolica\/verso-la-scomparsa-dei-popoli-europei\/","og_site_name":"Rassegna Stampa Cattolica","article_publisher":"https:\/\/www.facebook.com\/rassegnastampacattolica","article_published_time":"2024-05-01T22:00:00+00:00","og_image":[{"width":300,"height":300,"url":"https:\/\/www.rassegnastampa-totustuus.it\/cattolica\/wp-content\/uploads\/2021\/12\/anziani.jpg","type":"image\/jpeg"}],"author":"Redazione","twitter_card":"summary_large_image","twitter_creator":"@rassegnastampa9","twitter_site":"@rassegnastampa9","twitter_misc":{"Scritto da":"Redazione","Tempo di lettura stimato":"9 minuti"},"schema":{"@context":"https:\/\/schema.org","@graph":[{"@type":"Article","@id":"https:\/\/www.rassegnastampa-totustuus.it\/cattolica\/verso-la-scomparsa-dei-popoli-europei\/#article","isPartOf":{"@id":"https:\/\/www.rassegnastampa-totustuus.it\/cattolica\/verso-la-scomparsa-dei-popoli-europei\/"},"author":{"name":"Redazione","@id":"https:\/\/www.rassegnastampa-totustuus.it\/cattolica\/#\/schema\/person\/08f319d2bd1a0904ad9e2bfb7b15e5c3"},"headline":"Verso la scomparsa dei popoli europei","datePublished":"2024-05-01T22:00:00+00:00","mainEntityOfPage":{"@id":"https:\/\/www.rassegnastampa-totustuus.it\/cattolica\/verso-la-scomparsa-dei-popoli-europei\/"},"wordCount":1407,"publisher":{"@id":"https:\/\/www.rassegnastampa-totustuus.it\/cattolica\/#organization"},"image":{"@id":"https:\/\/www.rassegnastampa-totustuus.it\/cattolica\/verso-la-scomparsa-dei-popoli-europei\/#primaryimage"},"thumbnailUrl":"https:\/\/www.rassegnastampa-totustuus.it\/cattolica\/wp-content\/uploads\/2021\/12\/anziani.jpg","keywords":["demografia","denatalit\u00e0","Europa","invecchiamento popolazione"],"articleSection":["Demografia","Europa e UE"],"inLanguage":"it-IT"},{"@type":"WebPage","@id":"https:\/\/www.rassegnastampa-totustuus.it\/cattolica\/verso-la-scomparsa-dei-popoli-europei\/","url":"https:\/\/www.rassegnastampa-totustuus.it\/cattolica\/verso-la-scomparsa-dei-popoli-europei\/","name":"Verso la scomparsa dei popoli europei - Rassegna Stampa Cattolica","isPartOf":{"@id":"https:\/\/www.rassegnastampa-totustuus.it\/cattolica\/#website"},"primaryImageOfPage":{"@id":"https:\/\/www.rassegnastampa-totustuus.it\/cattolica\/verso-la-scomparsa-dei-popoli-europei\/#primaryimage"},"image":{"@id":"https:\/\/www.rassegnastampa-totustuus.it\/cattolica\/verso-la-scomparsa-dei-popoli-europei\/#primaryimage"},"thumbnailUrl":"https:\/\/www.rassegnastampa-totustuus.it\/cattolica\/wp-content\/uploads\/2021\/12\/anziani.jpg","datePublished":"2024-05-01T22:00:00+00:00","description":"Verso la scomparsa dei popoli europei: quanto tempo abbiamo per evitarla? la sostituzione etnica \u00e8 gi\u00e0 una realt\u00e0","breadcrumb":{"@id":"https:\/\/www.rassegnastampa-totustuus.it\/cattolica\/verso-la-scomparsa-dei-popoli-europei\/#breadcrumb"},"inLanguage":"it-IT","potentialAction":[{"@type":"ReadAction","target":["https:\/\/www.rassegnastampa-totustuus.it\/cattolica\/verso-la-scomparsa-dei-popoli-europei\/"]}]},{"@type":"ImageObject","inLanguage":"it-IT","@id":"https:\/\/www.rassegnastampa-totustuus.it\/cattolica\/verso-la-scomparsa-dei-popoli-europei\/#primaryimage","url":"https:\/\/www.rassegnastampa-totustuus.it\/cattolica\/wp-content\/uploads\/2021\/12\/anziani.jpg","contentUrl":"https:\/\/www.rassegnastampa-totustuus.it\/cattolica\/wp-content\/uploads\/2021\/12\/anziani.jpg","width":300,"height":300},{"@type":"BreadcrumbList","@id":"https:\/\/www.rassegnastampa-totustuus.it\/cattolica\/verso-la-scomparsa-dei-popoli-europei\/#breadcrumb","itemListElement":[{"@type":"ListItem","position":1,"name":"Home","item":"https:\/\/www.rassegnastampa-totustuus.it\/cattolica\/"},{"@type":"ListItem","position":2,"name":"Verso la scomparsa dei popoli europei"}]},{"@type":"WebSite","@id":"https:\/\/www.rassegnastampa-totustuus.it\/cattolica\/#website","url":"https:\/\/www.rassegnastampa-totustuus.it\/cattolica\/","name":"Rassegna Stampa Cattolica","description":"Per una cultura che nasce dalla Rivelazione cristiana in conformit\u00e0 alla tradizione e al Magistero della Chiesa in opposizione ad ogni relativismo e totalitarismo","publisher":{"@id":"https:\/\/www.rassegnastampa-totustuus.it\/cattolica\/#organization"},"alternateName":"Rass. Cattolica","potentialAction":[{"@type":"SearchAction","target":{"@type":"EntryPoint","urlTemplate":"https:\/\/www.rassegnastampa-totustuus.it\/cattolica\/?s={search_term_string}"},"query-input":{"@type":"PropertyValueSpecification","valueRequired":true,"valueName":"search_term_string"}}],"inLanguage":"it-IT"},{"@type":"Organization","@id":"https:\/\/www.rassegnastampa-totustuus.it\/cattolica\/#organization","name":"Rassegna Stampa Cattolica","url":"https:\/\/www.rassegnastampa-totustuus.it\/cattolica\/","logo":{"@type":"ImageObject","inLanguage":"it-IT","@id":"https:\/\/www.rassegnastampa-totustuus.it\/cattolica\/#\/schema\/logo\/image\/","url":"https:\/\/www.rassegnastampa-totustuus.it\/cattolica\/wp-content\/uploads\/2014\/04\/logo-rassegna1.gif","contentUrl":"https:\/\/www.rassegnastampa-totustuus.it\/cattolica\/wp-content\/uploads\/2014\/04\/logo-rassegna1.gif","width":600,"height":163,"caption":"Rassegna Stampa Cattolica"},"image":{"@id":"https:\/\/www.rassegnastampa-totustuus.it\/cattolica\/#\/schema\/logo\/image\/"},"sameAs":["https:\/\/www.facebook.com\/rassegnastampacattolica","https:\/\/x.com\/rassegnastampa9"]},{"@type":"Person","@id":"https:\/\/www.rassegnastampa-totustuus.it\/cattolica\/#\/schema\/person\/08f319d2bd1a0904ad9e2bfb7b15e5c3","name":"Redazione","image":{"@type":"ImageObject","inLanguage":"it-IT","@id":"https:\/\/secure.gravatar.com\/avatar\/2fcdf27c78ea025fbdb44e914cc63c72249ffec9dc8aafd5c82b26240ef3f346?s=96&d=mm&r=g","url":"https:\/\/secure.gravatar.com\/avatar\/2fcdf27c78ea025fbdb44e914cc63c72249ffec9dc8aafd5c82b26240ef3f346?s=96&d=mm&r=g","contentUrl":"https:\/\/secure.gravatar.com\/avatar\/2fcdf27c78ea025fbdb44e914cc63c72249ffec9dc8aafd5c82b26240ef3f346?s=96&d=mm&r=g","caption":"Redazione"},"url":"https:\/\/www.rassegnastampa-totustuus.it\/cattolica\/author\/pietroelle\/"}]}},"_links":{"self":[{"href":"https:\/\/www.rassegnastampa-totustuus.it\/cattolica\/wp-json\/wp\/v2\/posts\/60152","targetHints":{"allow":["GET"]}}],"collection":[{"href":"https:\/\/www.rassegnastampa-totustuus.it\/cattolica\/wp-json\/wp\/v2\/posts"}],"about":[{"href":"https:\/\/www.rassegnastampa-totustuus.it\/cattolica\/wp-json\/wp\/v2\/types\/post"}],"author":[{"embeddable":true,"href":"https:\/\/www.rassegnastampa-totustuus.it\/cattolica\/wp-json\/wp\/v2\/users\/6"}],"replies":[{"embeddable":true,"href":"https:\/\/www.rassegnastampa-totustuus.it\/cattolica\/wp-json\/wp\/v2\/comments?post=60152"}],"version-history":[{"count":3,"href":"https:\/\/www.rassegnastampa-totustuus.it\/cattolica\/wp-json\/wp\/v2\/posts\/60152\/revisions"}],"predecessor-version":[{"id":60158,"href":"https:\/\/www.rassegnastampa-totustuus.it\/cattolica\/wp-json\/wp\/v2\/posts\/60152\/revisions\/60158"}],"wp:featuredmedia":[{"embeddable":true,"href":"https:\/\/www.rassegnastampa-totustuus.it\/cattolica\/wp-json\/wp\/v2\/media\/53193"}],"wp:attachment":[{"href":"https:\/\/www.rassegnastampa-totustuus.it\/cattolica\/wp-json\/wp\/v2\/media?parent=60152"}],"wp:term":[{"taxonomy":"category","embeddable":true,"href":"https:\/\/www.rassegnastampa-totustuus.it\/cattolica\/wp-json\/wp\/v2\/categories?post=60152"},{"taxonomy":"post_tag","embeddable":true,"href":"https:\/\/www.rassegnastampa-totustuus.it\/cattolica\/wp-json\/wp\/v2\/tags?post=60152"}],"curies":[{"name":"wp","href":"https:\/\/api.w.org\/{rel}","templated":true}]}}