{"id":60149,"date":"2024-05-02T00:00:00","date_gmt":"2024-05-01T22:00:00","guid":{"rendered":"https:\/\/www.rassegnastampa-totustuus.it\/cattolica\/?p=60149"},"modified":"2024-04-24T11:45:32","modified_gmt":"2024-04-24T09:45:32","slug":"genocidio-del-ruanda-intervista-a-patrizia-paoletti-tangheroni","status":"publish","type":"post","link":"https:\/\/www.rassegnastampa-totustuus.it\/cattolica\/genocidio-del-ruanda-intervista-a-patrizia-paoletti-tangheroni\/","title":{"rendered":"Genocidio del Ruanda: intervista a Patrizia Paoletti Tangheroni"},"content":{"rendered":"<p style=\"text-align: center;\"><span style=\"color: #000000;\"><strong><a href=\"https:\/\/www.corrieredelsud.it\/\" target=\"_blank\" rel=\"noopener\"><img loading=\"lazy\" decoding=\"async\" class=\"size-full wp-image-60150 alignleft\" src=\"https:\/\/www.rassegnastampa-totustuus.it\/cattolica\/wp-content\/uploads\/2024\/04\/Africa_Ruanda_persecuzioni.jpg\" alt=\"\" width=\"275\" height=\"183\" \/><span style=\"color: #0000ff;\">Il Corriere del Sud<\/span><\/a> <\/strong>23 Aprile 2024 \u00a0<\/span><\/p>\n<p style=\"text-align: center;\"><span style=\"color: #000000;\">di <strong>Andrea Bartelloni <\/strong>\u00a0<\/span><\/p>\n<p style=\"text-align: justify;\"><span style=\"color: #000000;\">Trenta anni quasi completamente dimenticati, quelli che ci separano dal pi\u00f9 grande crimine contro l\u2019umanit\u00e0 della seconda met\u00e0 del secolo scorso, il genocidio del Ruanda. Il 6 aprile del 1994, dopo l\u2019abbattimento dell\u2019areo che trasportava il presidente del Ruanda, Juv\u00e9nal Habyarimana, e il presidente del Burundi, Cyprien Ntaryamira, entrambi di etnia hutu, scatta il genocidio dei ruandesi di etnia Tutsi.<\/span><\/p>\n<p><!--more--><\/p>\n<p style=\"text-align: justify;\"><span style=\"color: #000000;\">Un milione di morti in poco pi\u00f9 di tre mesi grazie ad una strategia pianificata nei minimi particolari e che aspettava il pretesto per scatenarsi. Armi cinesi e impotenza occidentale se non vera e propria connivenza che assieme ad una preparazione lunga e martellante propaganda ha ottenuto il risultato. Una campagna d\u2019odio attraverso la stampa e anche nelle scuole dove venivano insegnate delle canzoncine per imparare ad odiare i Tutsi. E questo ha funzionato.<\/span><\/p>\n<p style=\"text-align: justify;\"><span style=\"color: #000000;\"><img loading=\"lazy\" decoding=\"async\" class=\" wp-image-40509 alignright\" src=\"https:\/\/www.rassegnastampa-totustuus.it\/cattolica\/wp-content\/uploads\/2018\/06\/Ruanda_mapp.jpg\" alt=\"\" width=\"289\" height=\"250\" \/>Ma il Ruanda ha superato questo trauma e ci chiediamo come sia stato possibile. \u00abTutti tralasciano una verit\u00e0. Facendo un paragone con altri genocidi, il Ruanda lo ha vissuto, e lo vive, in modo totalmente diverso\u00bb. Dice Patrizia Paoletti che ha conosciuto dal vivo la tragedia ruandese in quanto, assieme al marito Marco Tangheroni, hanno adottato tre ragazze Tutsi scampate al genocidio: Beatrice, Gaudelive e Yvonne.<\/span><\/p>\n<p style=\"text-align: justify;\"><span style=\"color: #000000;\">\u00abSubito dopo il genocidio, mentre il tribunale internazionale ha comminato novantadue condanne, il Ruanda ha riattivato i cosiddetti Gacaca. Gacaca in ruandese vuol dire radura, il luogo dove si riunisce la comunit\u00e0 e il giudice di questo tribunale \u00e8 colui che \u00e8 in grado di dirimere le contese, quasi sempre l\u2019anziano del villaggio.<\/span><\/p>\n<p style=\"text-align: justify;\"><span style=\"color: #000000;\">Il \u201cprocesso\u201d consiste in un riconoscimento delle proprie colpe da parte dell\u2019accusato e nell\u2019offerta di un servizio in riparazione (pagare gli studi ai sopravvissuti, ricostruire la casa\u2026) ed espiazione. Se i superstiti e la comunit\u00e0 ritengono che il pentimento sia reale e i propositi equi, il colpevole viene prosciolto da ogni pena. Altrimenti c\u2019\u00e8 il carcere\u201d.<\/span><\/p>\n<p style=\"text-align: justify;\"><span style=\"color: #000000;\"><strong>Per molti sopravvissuti non deve essere stato facile accettare questo percorso.<\/strong><\/span><\/p>\n<p style=\"text-align: justify;\"><span style=\"color: #000000;\">\u00abCertamente, ma alla fine \u00e8 stata la soluzione pi\u00f9 ragionevole per fare giustizia di fronte a numeri di responsabili del genocidio difficilmente gestibili dalla giustizia ruandese. Questi tribunali tradizionali sono dei veri e proprio \u201ctribunali del perdono\u201d. Migliaia di genocidari si sono autodenunciati e hanno deciso di riappacificarsi con le famiglie cercando di aiutare i superstiti\u00bb.<\/span><\/p>\n<p style=\"text-align: justify;\"><span style=\"color: #000000;\"><strong>Una lezione anche per il futuro per superare nuove situazioni di crisi? <\/strong><\/span><\/p>\n<p style=\"text-align: justify;\"><span style=\"color: #000000;\">\u00abQuesti tribunali sono l\u2019unica soluzione per uscire dalla spirale delle vendette e fare una vera pacificazione. Lo scorso 7 aprile, anniversario dell\u2019inizio del genocidio dei Tutsi, i sopravvissuti dovevano raccontare la loro esperienza e spiegare come anche qualcuno dell\u2019etnia Hutu avesse contribuito alla loro salvezza. Una delle mie figlie mi ha raccontato come una mamma di un genocidario la nascondesse in un armadio quando suo figlio tornava col machete sporco di sangue. Poi riusc\u00ec a farla scappare, ma per pi\u00f9 di una settimana si era fatta carico di questa bambina di nove anni. Questi \u201ctribunali del perdono\u201d sono stati quattro-cinquemila in tutto il paese affinch\u00e9 questo milione di genocidari potessero essere in qualche modo riappacificato riappropriandosi di un valore molto importante: il perdono\u00bb.<\/span><\/p>\n<p style=\"text-align: justify;\"><img loading=\"lazy\" decoding=\"async\" class=\" wp-image-26758 alignleft\" src=\"https:\/\/www.rassegnastampa-totustuus.it\/cattolica\/wp-content\/uploads\/2009\/03\/Ruanda.jpg\" alt=\"\" width=\"330\" height=\"219\" \/>\u00ab<span style=\"color: #000000;\">E poi, Paul Kagame, presidente dall\u2019anno 2000, la prima cosa che ha fatto ha eliminato la distinzione etnica tra Hutu e Tutsi, ci sono solo ruandesi ciascuno con le proprie tradizioni, usi e costumi, poi ha subito abolito la pena di morte dal sistema giudiziario del suo paese. Ci sono opzioni diverse per risolvere una questione terribile come \u00e8 un genocidio che vanno oltre la perpetrazione dell\u2019odio e il Ruanda ha cercato una via d\u2019uscita che ha portato ad una pacificazione di fatto. Potrebbe essere una strada per altri conflitti anche cercare di eliminare le cause dell\u2019odio che forse \u00e8 pi\u00f9 facile\u00bb.<\/span><\/p>\n<p style=\"text-align: justify;\"><span style=\"color: #000000;\">\u00abNoi occidentali operiamo in questi paesi senza tenere conto delle realt\u00e0 locali. La tragedia ruandese vedeva una orchestrazione a monte sostenuta anche da una Radio rurale, l\u2019emittente radiofonica Radio Mille Colline, nota anche come Radio Machete che coordin\u00f2 il genocidio fin dal suo primo giorno dando indicazioni su dove trovare le persone da ammazzare. Radio che operava nella zona oggetto dell\u2019operazione Turquoise dove operavano le truppe francesi. Terribile anche la responsabilit\u00e0 della Chiesa cattolica perch\u00e9 tutti i sacerdoti Hutu avevano trasformato le chiese da luoghi di asilo a luoghi di morte. Non c\u2019\u00e8 stato un martire\u00bb.<\/span><\/p>\n<p style=\"text-align: justify;\"><span style=\"color: #000000;\">\u00abSu Youtube si trova un bellissimo film-documentario in francese, Op\u00e9ration Turquoise, che narra la storia vera di un soldato della Legione straniera che ha partecipato all\u2019operazione di caschi blu, denominata appunto \u201cOp\u00e9ration Turquoise\u201d, creata per evitare rappresaglie, ma in realt\u00e0 \u00e8 servita anche per nascondere alcuni genocidari\u00bb.<\/span><\/p>\n<p style=\"text-align: justify;\"><span style=\"color: #000000;\">\u00abSembra che tutta questa connivenza possa ricondursi al fatto che Jean Christophe Mitterand, figlio dell\u2019allora presidente francese Fran\u00e7ois Mitterand, avesse interessi in vari conflitti africani essendo implicato in compravendita di armi. E verr\u00e0 incriminato per \u201ccomplicit\u00e0 nel traffico illecito di armi\u201d e posto in custodia cautelare. I giudici scopriranno in particolare che aveva ricevuto, dal trafficante d\u2019armi Pierre Falcone, 1,8 milioni di dollari versati su un conto cifrato in Svizzera. Al momento il Presidente francese Emmanuel Macron ha ristabilito dei buoni rapporti con il Ruanda dopo uno storico discorso nel corso del quale ha riconosciuto le gravi responsabilit\u00e0 della Francia\u00bb.<\/span><\/p>\n<p style=\"text-align: justify;\"><span style=\"color: #000000;\">In Italia \u00e8 presente L\u2019associazione Ibuka \u2013 Memoria e Giustizia Italia che si prefigge lo scopo di mantenere viva la memoria del genocidio ruandese combattendo la banalizzazione di questo genocidio e molto altro. Vicepresidente di questa associazione \u00e8 proprio Yvonne Ingabire Tangheroni che, all\u2019epoca del genocidio aveva nove anni e che in modo rocambolesco \u00e8 riuscita a sopravvivere allo sterminio della sua famiglia fuggendo in Congo: \u201cviva per testimoniare\u201d.<\/span><\/p>\n<p>_____________________________________<\/p>\n<p><strong><span style=\"color: #000000;\">Leggi anche:<\/span><\/strong><\/p>\n<p><a href=\"https:\/\/www.rassegnastampa-totustuus.it\/cattolica\/africa-risorti-dalle-ceneri-del-genocidio\/\" target=\"_blank\" rel=\"noopener\"><span style=\"color: #0000ff;\">Africa: risorti dalle ceneri del genocidio<\/span><\/a><\/p>\n","protected":false},"excerpt":{"rendered":"<p>Il Corriere del Sud 23 Aprile 2024 \u00a0 di Andrea Bartelloni \u00a0 Trenta anni quasi completamente dimenticati, quelli che ci separano dal pi\u00f9 grande crimine contro l\u2019umanit\u00e0 della seconda met\u00e0 del secolo scorso, il genocidio del Ruanda. Il 6 aprile del 1994, dopo l\u2019abbattimento dell\u2019areo che trasportava il presidente del Ruanda, Juv\u00e9nal Habyarimana, e il &hellip; <\/p>\n<p><a class=\"more-link btn\" href=\"https:\/\/www.rassegnastampa-totustuus.it\/cattolica\/genocidio-del-ruanda-intervista-a-patrizia-paoletti-tangheroni\/\">Continua a leggere<\/a><\/p>\n","protected":false},"author":6,"featured_media":60150,"comment_status":"closed","ping_status":"closed","sticky":false,"template":"","format":"standard","meta":{"footnotes":""},"categories":[39],"tags":[2393,379,2676],"class_list":["post-60149","post","type-post","status-publish","format-standard","has-post-thumbnail","hentry","category-africa","tag-africa","tag-genocidio","tag-ruanda","item-wrap"],"yoast_head":"<!-- This site is optimized with the Yoast SEO plugin v27.5 - https:\/\/yoast.com\/product\/yoast-seo-wordpress\/ -->\n<title>Genocidio del Ruanda: intervista a Patrizia Paoletti Tangheroni - Rassegna Stampa Cattolica<\/title>\n<meta name=\"description\" content=\"Genocidio del Ruanda: intervista a Patrizia Paoletti Tangheroni che racconta del percorso di perdono intrapreso\" \/>\n<meta name=\"robots\" content=\"index, follow, max-snippet:-1, max-image-preview:large, max-video-preview:-1\" \/>\n<link rel=\"canonical\" href=\"https:\/\/www.rassegnastampa-totustuus.it\/cattolica\/genocidio-del-ruanda-intervista-a-patrizia-paoletti-tangheroni\/\" \/>\n<meta property=\"og:locale\" content=\"it_IT\" \/>\n<meta property=\"og:type\" content=\"article\" \/>\n<meta property=\"og:title\" content=\"Genocidio del Ruanda: intervista a Patrizia Paoletti Tangheroni - Rassegna Stampa Cattolica\" \/>\n<meta property=\"og:description\" content=\"Genocidio del Ruanda: intervista a Patrizia Paoletti Tangheroni che racconta del percorso di perdono intrapreso\" \/>\n<meta property=\"og:url\" content=\"https:\/\/www.rassegnastampa-totustuus.it\/cattolica\/genocidio-del-ruanda-intervista-a-patrizia-paoletti-tangheroni\/\" \/>\n<meta property=\"og:site_name\" content=\"Rassegna Stampa Cattolica\" \/>\n<meta property=\"article:publisher\" content=\"https:\/\/www.facebook.com\/rassegnastampacattolica\" \/>\n<meta property=\"article:published_time\" content=\"2024-05-01T22:00:00+00:00\" \/>\n<meta property=\"og:image\" content=\"https:\/\/www.rassegnastampa-totustuus.it\/cattolica\/wp-content\/uploads\/2024\/04\/Africa_Ruanda_persecuzioni.jpg\" \/>\n\t<meta property=\"og:image:width\" content=\"275\" \/>\n\t<meta property=\"og:image:height\" content=\"183\" \/>\n\t<meta property=\"og:image:type\" content=\"image\/jpeg\" \/>\n<meta name=\"author\" content=\"Redazione\" \/>\n<meta name=\"twitter:card\" content=\"summary_large_image\" \/>\n<meta name=\"twitter:creator\" content=\"@rassegnastampa9\" \/>\n<meta name=\"twitter:site\" content=\"@rassegnastampa9\" \/>\n<meta name=\"twitter:label1\" content=\"Scritto da\" \/>\n\t<meta name=\"twitter:data1\" content=\"Redazione\" \/>\n\t<meta name=\"twitter:label2\" content=\"Tempo di lettura stimato\" \/>\n\t<meta name=\"twitter:data2\" content=\"6 minuti\" \/>\n<script type=\"application\/ld+json\" class=\"yoast-schema-graph\">{\"@context\":\"https:\\\/\\\/schema.org\",\"@graph\":[{\"@type\":\"Article\",\"@id\":\"https:\\\/\\\/www.rassegnastampa-totustuus.it\\\/cattolica\\\/genocidio-del-ruanda-intervista-a-patrizia-paoletti-tangheroni\\\/#article\",\"isPartOf\":{\"@id\":\"https:\\\/\\\/www.rassegnastampa-totustuus.it\\\/cattolica\\\/genocidio-del-ruanda-intervista-a-patrizia-paoletti-tangheroni\\\/\"},\"author\":{\"name\":\"Redazione\",\"@id\":\"https:\\\/\\\/www.rassegnastampa-totustuus.it\\\/cattolica\\\/#\\\/schema\\\/person\\\/08f319d2bd1a0904ad9e2bfb7b15e5c3\"},\"headline\":\"Genocidio del Ruanda: intervista a Patrizia Paoletti Tangheroni\",\"datePublished\":\"2024-05-01T22:00:00+00:00\",\"mainEntityOfPage\":{\"@id\":\"https:\\\/\\\/www.rassegnastampa-totustuus.it\\\/cattolica\\\/genocidio-del-ruanda-intervista-a-patrizia-paoletti-tangheroni\\\/\"},\"wordCount\":959,\"publisher\":{\"@id\":\"https:\\\/\\\/www.rassegnastampa-totustuus.it\\\/cattolica\\\/#organization\"},\"image\":{\"@id\":\"https:\\\/\\\/www.rassegnastampa-totustuus.it\\\/cattolica\\\/genocidio-del-ruanda-intervista-a-patrizia-paoletti-tangheroni\\\/#primaryimage\"},\"thumbnailUrl\":\"https:\\\/\\\/www.rassegnastampa-totustuus.it\\\/cattolica\\\/wp-content\\\/uploads\\\/2024\\\/04\\\/Africa_Ruanda_persecuzioni.jpg\",\"keywords\":[\"Africa\",\"genocidio\",\"Ruanda\"],\"articleSection\":[\"Africa\"],\"inLanguage\":\"it-IT\"},{\"@type\":\"WebPage\",\"@id\":\"https:\\\/\\\/www.rassegnastampa-totustuus.it\\\/cattolica\\\/genocidio-del-ruanda-intervista-a-patrizia-paoletti-tangheroni\\\/\",\"url\":\"https:\\\/\\\/www.rassegnastampa-totustuus.it\\\/cattolica\\\/genocidio-del-ruanda-intervista-a-patrizia-paoletti-tangheroni\\\/\",\"name\":\"Genocidio del Ruanda: intervista a Patrizia Paoletti Tangheroni - Rassegna Stampa Cattolica\",\"isPartOf\":{\"@id\":\"https:\\\/\\\/www.rassegnastampa-totustuus.it\\\/cattolica\\\/#website\"},\"primaryImageOfPage\":{\"@id\":\"https:\\\/\\\/www.rassegnastampa-totustuus.it\\\/cattolica\\\/genocidio-del-ruanda-intervista-a-patrizia-paoletti-tangheroni\\\/#primaryimage\"},\"image\":{\"@id\":\"https:\\\/\\\/www.rassegnastampa-totustuus.it\\\/cattolica\\\/genocidio-del-ruanda-intervista-a-patrizia-paoletti-tangheroni\\\/#primaryimage\"},\"thumbnailUrl\":\"https:\\\/\\\/www.rassegnastampa-totustuus.it\\\/cattolica\\\/wp-content\\\/uploads\\\/2024\\\/04\\\/Africa_Ruanda_persecuzioni.jpg\",\"datePublished\":\"2024-05-01T22:00:00+00:00\",\"description\":\"Genocidio del Ruanda: intervista a Patrizia Paoletti Tangheroni che racconta del percorso di perdono intrapreso\",\"breadcrumb\":{\"@id\":\"https:\\\/\\\/www.rassegnastampa-totustuus.it\\\/cattolica\\\/genocidio-del-ruanda-intervista-a-patrizia-paoletti-tangheroni\\\/#breadcrumb\"},\"inLanguage\":\"it-IT\",\"potentialAction\":[{\"@type\":\"ReadAction\",\"target\":[\"https:\\\/\\\/www.rassegnastampa-totustuus.it\\\/cattolica\\\/genocidio-del-ruanda-intervista-a-patrizia-paoletti-tangheroni\\\/\"]}]},{\"@type\":\"ImageObject\",\"inLanguage\":\"it-IT\",\"@id\":\"https:\\\/\\\/www.rassegnastampa-totustuus.it\\\/cattolica\\\/genocidio-del-ruanda-intervista-a-patrizia-paoletti-tangheroni\\\/#primaryimage\",\"url\":\"https:\\\/\\\/www.rassegnastampa-totustuus.it\\\/cattolica\\\/wp-content\\\/uploads\\\/2024\\\/04\\\/Africa_Ruanda_persecuzioni.jpg\",\"contentUrl\":\"https:\\\/\\\/www.rassegnastampa-totustuus.it\\\/cattolica\\\/wp-content\\\/uploads\\\/2024\\\/04\\\/Africa_Ruanda_persecuzioni.jpg\",\"width\":275,\"height\":183},{\"@type\":\"BreadcrumbList\",\"@id\":\"https:\\\/\\\/www.rassegnastampa-totustuus.it\\\/cattolica\\\/genocidio-del-ruanda-intervista-a-patrizia-paoletti-tangheroni\\\/#breadcrumb\",\"itemListElement\":[{\"@type\":\"ListItem\",\"position\":1,\"name\":\"Home\",\"item\":\"https:\\\/\\\/www.rassegnastampa-totustuus.it\\\/cattolica\\\/\"},{\"@type\":\"ListItem\",\"position\":2,\"name\":\"Genocidio del Ruanda: intervista a Patrizia Paoletti Tangheroni\"}]},{\"@type\":\"WebSite\",\"@id\":\"https:\\\/\\\/www.rassegnastampa-totustuus.it\\\/cattolica\\\/#website\",\"url\":\"https:\\\/\\\/www.rassegnastampa-totustuus.it\\\/cattolica\\\/\",\"name\":\"Rassegna Stampa Cattolica\",\"description\":\"Per una cultura che nasce dalla Rivelazione cristiana in conformit\u00e0 alla tradizione e al Magistero della Chiesa in opposizione ad ogni relativismo e totalitarismo\",\"publisher\":{\"@id\":\"https:\\\/\\\/www.rassegnastampa-totustuus.it\\\/cattolica\\\/#organization\"},\"alternateName\":\"Rass. Cattolica\",\"potentialAction\":[{\"@type\":\"SearchAction\",\"target\":{\"@type\":\"EntryPoint\",\"urlTemplate\":\"https:\\\/\\\/www.rassegnastampa-totustuus.it\\\/cattolica\\\/?s={search_term_string}\"},\"query-input\":{\"@type\":\"PropertyValueSpecification\",\"valueRequired\":true,\"valueName\":\"search_term_string\"}}],\"inLanguage\":\"it-IT\"},{\"@type\":\"Organization\",\"@id\":\"https:\\\/\\\/www.rassegnastampa-totustuus.it\\\/cattolica\\\/#organization\",\"name\":\"Rassegna Stampa Cattolica\",\"url\":\"https:\\\/\\\/www.rassegnastampa-totustuus.it\\\/cattolica\\\/\",\"logo\":{\"@type\":\"ImageObject\",\"inLanguage\":\"it-IT\",\"@id\":\"https:\\\/\\\/www.rassegnastampa-totustuus.it\\\/cattolica\\\/#\\\/schema\\\/logo\\\/image\\\/\",\"url\":\"https:\\\/\\\/www.rassegnastampa-totustuus.it\\\/cattolica\\\/wp-content\\\/uploads\\\/2014\\\/04\\\/logo-rassegna1.gif\",\"contentUrl\":\"https:\\\/\\\/www.rassegnastampa-totustuus.it\\\/cattolica\\\/wp-content\\\/uploads\\\/2014\\\/04\\\/logo-rassegna1.gif\",\"width\":600,\"height\":163,\"caption\":\"Rassegna Stampa Cattolica\"},\"image\":{\"@id\":\"https:\\\/\\\/www.rassegnastampa-totustuus.it\\\/cattolica\\\/#\\\/schema\\\/logo\\\/image\\\/\"},\"sameAs\":[\"https:\\\/\\\/www.facebook.com\\\/rassegnastampacattolica\",\"https:\\\/\\\/x.com\\\/rassegnastampa9\"]},{\"@type\":\"Person\",\"@id\":\"https:\\\/\\\/www.rassegnastampa-totustuus.it\\\/cattolica\\\/#\\\/schema\\\/person\\\/08f319d2bd1a0904ad9e2bfb7b15e5c3\",\"name\":\"Redazione\",\"image\":{\"@type\":\"ImageObject\",\"inLanguage\":\"it-IT\",\"@id\":\"https:\\\/\\\/secure.gravatar.com\\\/avatar\\\/2fcdf27c78ea025fbdb44e914cc63c72249ffec9dc8aafd5c82b26240ef3f346?s=96&d=mm&r=g\",\"url\":\"https:\\\/\\\/secure.gravatar.com\\\/avatar\\\/2fcdf27c78ea025fbdb44e914cc63c72249ffec9dc8aafd5c82b26240ef3f346?s=96&d=mm&r=g\",\"contentUrl\":\"https:\\\/\\\/secure.gravatar.com\\\/avatar\\\/2fcdf27c78ea025fbdb44e914cc63c72249ffec9dc8aafd5c82b26240ef3f346?s=96&d=mm&r=g\",\"caption\":\"Redazione\"},\"url\":\"https:\\\/\\\/www.rassegnastampa-totustuus.it\\\/cattolica\\\/author\\\/pietroelle\\\/\"}]}<\/script>\n<!-- \/ Yoast SEO plugin. -->","yoast_head_json":{"title":"Genocidio del Ruanda: intervista a Patrizia Paoletti Tangheroni - Rassegna Stampa Cattolica","description":"Genocidio del Ruanda: intervista a Patrizia Paoletti Tangheroni che racconta del percorso di perdono intrapreso","robots":{"index":"index","follow":"follow","max-snippet":"max-snippet:-1","max-image-preview":"max-image-preview:large","max-video-preview":"max-video-preview:-1"},"canonical":"https:\/\/www.rassegnastampa-totustuus.it\/cattolica\/genocidio-del-ruanda-intervista-a-patrizia-paoletti-tangheroni\/","og_locale":"it_IT","og_type":"article","og_title":"Genocidio del Ruanda: intervista a Patrizia Paoletti Tangheroni - Rassegna Stampa Cattolica","og_description":"Genocidio del Ruanda: intervista a Patrizia Paoletti Tangheroni che racconta del percorso di perdono intrapreso","og_url":"https:\/\/www.rassegnastampa-totustuus.it\/cattolica\/genocidio-del-ruanda-intervista-a-patrizia-paoletti-tangheroni\/","og_site_name":"Rassegna Stampa Cattolica","article_publisher":"https:\/\/www.facebook.com\/rassegnastampacattolica","article_published_time":"2024-05-01T22:00:00+00:00","og_image":[{"width":275,"height":183,"url":"https:\/\/www.rassegnastampa-totustuus.it\/cattolica\/wp-content\/uploads\/2024\/04\/Africa_Ruanda_persecuzioni.jpg","type":"image\/jpeg"}],"author":"Redazione","twitter_card":"summary_large_image","twitter_creator":"@rassegnastampa9","twitter_site":"@rassegnastampa9","twitter_misc":{"Scritto da":"Redazione","Tempo di lettura stimato":"6 minuti"},"schema":{"@context":"https:\/\/schema.org","@graph":[{"@type":"Article","@id":"https:\/\/www.rassegnastampa-totustuus.it\/cattolica\/genocidio-del-ruanda-intervista-a-patrizia-paoletti-tangheroni\/#article","isPartOf":{"@id":"https:\/\/www.rassegnastampa-totustuus.it\/cattolica\/genocidio-del-ruanda-intervista-a-patrizia-paoletti-tangheroni\/"},"author":{"name":"Redazione","@id":"https:\/\/www.rassegnastampa-totustuus.it\/cattolica\/#\/schema\/person\/08f319d2bd1a0904ad9e2bfb7b15e5c3"},"headline":"Genocidio del Ruanda: intervista a Patrizia Paoletti Tangheroni","datePublished":"2024-05-01T22:00:00+00:00","mainEntityOfPage":{"@id":"https:\/\/www.rassegnastampa-totustuus.it\/cattolica\/genocidio-del-ruanda-intervista-a-patrizia-paoletti-tangheroni\/"},"wordCount":959,"publisher":{"@id":"https:\/\/www.rassegnastampa-totustuus.it\/cattolica\/#organization"},"image":{"@id":"https:\/\/www.rassegnastampa-totustuus.it\/cattolica\/genocidio-del-ruanda-intervista-a-patrizia-paoletti-tangheroni\/#primaryimage"},"thumbnailUrl":"https:\/\/www.rassegnastampa-totustuus.it\/cattolica\/wp-content\/uploads\/2024\/04\/Africa_Ruanda_persecuzioni.jpg","keywords":["Africa","genocidio","Ruanda"],"articleSection":["Africa"],"inLanguage":"it-IT"},{"@type":"WebPage","@id":"https:\/\/www.rassegnastampa-totustuus.it\/cattolica\/genocidio-del-ruanda-intervista-a-patrizia-paoletti-tangheroni\/","url":"https:\/\/www.rassegnastampa-totustuus.it\/cattolica\/genocidio-del-ruanda-intervista-a-patrizia-paoletti-tangheroni\/","name":"Genocidio del Ruanda: intervista a Patrizia Paoletti Tangheroni - Rassegna Stampa Cattolica","isPartOf":{"@id":"https:\/\/www.rassegnastampa-totustuus.it\/cattolica\/#website"},"primaryImageOfPage":{"@id":"https:\/\/www.rassegnastampa-totustuus.it\/cattolica\/genocidio-del-ruanda-intervista-a-patrizia-paoletti-tangheroni\/#primaryimage"},"image":{"@id":"https:\/\/www.rassegnastampa-totustuus.it\/cattolica\/genocidio-del-ruanda-intervista-a-patrizia-paoletti-tangheroni\/#primaryimage"},"thumbnailUrl":"https:\/\/www.rassegnastampa-totustuus.it\/cattolica\/wp-content\/uploads\/2024\/04\/Africa_Ruanda_persecuzioni.jpg","datePublished":"2024-05-01T22:00:00+00:00","description":"Genocidio del Ruanda: intervista a Patrizia Paoletti Tangheroni che racconta del percorso di perdono intrapreso","breadcrumb":{"@id":"https:\/\/www.rassegnastampa-totustuus.it\/cattolica\/genocidio-del-ruanda-intervista-a-patrizia-paoletti-tangheroni\/#breadcrumb"},"inLanguage":"it-IT","potentialAction":[{"@type":"ReadAction","target":["https:\/\/www.rassegnastampa-totustuus.it\/cattolica\/genocidio-del-ruanda-intervista-a-patrizia-paoletti-tangheroni\/"]}]},{"@type":"ImageObject","inLanguage":"it-IT","@id":"https:\/\/www.rassegnastampa-totustuus.it\/cattolica\/genocidio-del-ruanda-intervista-a-patrizia-paoletti-tangheroni\/#primaryimage","url":"https:\/\/www.rassegnastampa-totustuus.it\/cattolica\/wp-content\/uploads\/2024\/04\/Africa_Ruanda_persecuzioni.jpg","contentUrl":"https:\/\/www.rassegnastampa-totustuus.it\/cattolica\/wp-content\/uploads\/2024\/04\/Africa_Ruanda_persecuzioni.jpg","width":275,"height":183},{"@type":"BreadcrumbList","@id":"https:\/\/www.rassegnastampa-totustuus.it\/cattolica\/genocidio-del-ruanda-intervista-a-patrizia-paoletti-tangheroni\/#breadcrumb","itemListElement":[{"@type":"ListItem","position":1,"name":"Home","item":"https:\/\/www.rassegnastampa-totustuus.it\/cattolica\/"},{"@type":"ListItem","position":2,"name":"Genocidio del Ruanda: intervista a Patrizia Paoletti Tangheroni"}]},{"@type":"WebSite","@id":"https:\/\/www.rassegnastampa-totustuus.it\/cattolica\/#website","url":"https:\/\/www.rassegnastampa-totustuus.it\/cattolica\/","name":"Rassegna Stampa Cattolica","description":"Per una cultura che nasce dalla Rivelazione cristiana in conformit\u00e0 alla tradizione e al Magistero della Chiesa in opposizione ad ogni relativismo e totalitarismo","publisher":{"@id":"https:\/\/www.rassegnastampa-totustuus.it\/cattolica\/#organization"},"alternateName":"Rass. Cattolica","potentialAction":[{"@type":"SearchAction","target":{"@type":"EntryPoint","urlTemplate":"https:\/\/www.rassegnastampa-totustuus.it\/cattolica\/?s={search_term_string}"},"query-input":{"@type":"PropertyValueSpecification","valueRequired":true,"valueName":"search_term_string"}}],"inLanguage":"it-IT"},{"@type":"Organization","@id":"https:\/\/www.rassegnastampa-totustuus.it\/cattolica\/#organization","name":"Rassegna Stampa Cattolica","url":"https:\/\/www.rassegnastampa-totustuus.it\/cattolica\/","logo":{"@type":"ImageObject","inLanguage":"it-IT","@id":"https:\/\/www.rassegnastampa-totustuus.it\/cattolica\/#\/schema\/logo\/image\/","url":"https:\/\/www.rassegnastampa-totustuus.it\/cattolica\/wp-content\/uploads\/2014\/04\/logo-rassegna1.gif","contentUrl":"https:\/\/www.rassegnastampa-totustuus.it\/cattolica\/wp-content\/uploads\/2014\/04\/logo-rassegna1.gif","width":600,"height":163,"caption":"Rassegna Stampa Cattolica"},"image":{"@id":"https:\/\/www.rassegnastampa-totustuus.it\/cattolica\/#\/schema\/logo\/image\/"},"sameAs":["https:\/\/www.facebook.com\/rassegnastampacattolica","https:\/\/x.com\/rassegnastampa9"]},{"@type":"Person","@id":"https:\/\/www.rassegnastampa-totustuus.it\/cattolica\/#\/schema\/person\/08f319d2bd1a0904ad9e2bfb7b15e5c3","name":"Redazione","image":{"@type":"ImageObject","inLanguage":"it-IT","@id":"https:\/\/secure.gravatar.com\/avatar\/2fcdf27c78ea025fbdb44e914cc63c72249ffec9dc8aafd5c82b26240ef3f346?s=96&d=mm&r=g","url":"https:\/\/secure.gravatar.com\/avatar\/2fcdf27c78ea025fbdb44e914cc63c72249ffec9dc8aafd5c82b26240ef3f346?s=96&d=mm&r=g","contentUrl":"https:\/\/secure.gravatar.com\/avatar\/2fcdf27c78ea025fbdb44e914cc63c72249ffec9dc8aafd5c82b26240ef3f346?s=96&d=mm&r=g","caption":"Redazione"},"url":"https:\/\/www.rassegnastampa-totustuus.it\/cattolica\/author\/pietroelle\/"}]}},"_links":{"self":[{"href":"https:\/\/www.rassegnastampa-totustuus.it\/cattolica\/wp-json\/wp\/v2\/posts\/60149","targetHints":{"allow":["GET"]}}],"collection":[{"href":"https:\/\/www.rassegnastampa-totustuus.it\/cattolica\/wp-json\/wp\/v2\/posts"}],"about":[{"href":"https:\/\/www.rassegnastampa-totustuus.it\/cattolica\/wp-json\/wp\/v2\/types\/post"}],"author":[{"embeddable":true,"href":"https:\/\/www.rassegnastampa-totustuus.it\/cattolica\/wp-json\/wp\/v2\/users\/6"}],"replies":[{"embeddable":true,"href":"https:\/\/www.rassegnastampa-totustuus.it\/cattolica\/wp-json\/wp\/v2\/comments?post=60149"}],"version-history":[{"count":1,"href":"https:\/\/www.rassegnastampa-totustuus.it\/cattolica\/wp-json\/wp\/v2\/posts\/60149\/revisions"}],"predecessor-version":[{"id":60151,"href":"https:\/\/www.rassegnastampa-totustuus.it\/cattolica\/wp-json\/wp\/v2\/posts\/60149\/revisions\/60151"}],"wp:featuredmedia":[{"embeddable":true,"href":"https:\/\/www.rassegnastampa-totustuus.it\/cattolica\/wp-json\/wp\/v2\/media\/60150"}],"wp:attachment":[{"href":"https:\/\/www.rassegnastampa-totustuus.it\/cattolica\/wp-json\/wp\/v2\/media?parent=60149"}],"wp:term":[{"taxonomy":"category","embeddable":true,"href":"https:\/\/www.rassegnastampa-totustuus.it\/cattolica\/wp-json\/wp\/v2\/categories?post=60149"},{"taxonomy":"post_tag","embeddable":true,"href":"https:\/\/www.rassegnastampa-totustuus.it\/cattolica\/wp-json\/wp\/v2\/tags?post=60149"}],"curies":[{"name":"wp","href":"https:\/\/api.w.org\/{rel}","templated":true}]}}