{"id":60122,"date":"2024-04-23T13:28:23","date_gmt":"2024-04-23T11:28:23","guid":{"rendered":"https:\/\/www.rassegnastampa-totustuus.it\/cattolica\/?p=60122"},"modified":"2024-04-23T13:28:24","modified_gmt":"2024-04-23T11:28:24","slug":"infelix-austria","status":"publish","type":"post","link":"https:\/\/www.rassegnastampa-totustuus.it\/cattolica\/infelix-austria\/","title":{"rendered":"Infelix Austria?"},"content":{"rendered":"<p style=\"text-align: center;\"><span style=\"color: #0000ff;\"><strong><a style=\"color: #0000ff;\" href=\"https:\/\/www.ilibridelborghese.it\/prodotto\/il-borghese-quindicinale\/\" target=\"_blank\" rel=\"noopener\"><img loading=\"lazy\" decoding=\"async\" class=\" wp-image-60123 alignright\" src=\"https:\/\/www.rassegnastampa-totustuus.it\/cattolica\/wp-content\/uploads\/2024\/04\/austria-ungheria_Asburgo_Austria.jpeg\" alt=\"\" width=\"265\" height=\"204\" \/>Il Borghese quindicinale<\/a><\/strong><\/span><span style=\"color: #000000;\"> n. 15 15 aprile 2024 \u00a0<\/span><\/p>\n<p style=\"text-align: center;\"><em>Una revisione critica del \u201cmito asburgico\u201d<\/em><\/p>\n<p style=\"text-align: center;\"><span style=\"color: #000000;\">di <strong>Giuseppe Brienza<\/strong> <\/span><\/p>\n<p><!--more--><\/p>\n<p style=\"text-align: justify;\"><span style=\"color: #000000;\"><em>Infelix <span style=\"color: #000000;\">Austria?<\/span> Una risposta al prof. Paolo Pasqualucci<\/em> costituisce un\u2019amichevole risposta dello storico Roberto de Mattei, presidente della Fondazione Lepanto, al <em>libro Infelix Austria. Una critica del \u201cmito asburgico\u201d, versione cattolica<\/em>, pubblicato nel 2022 per l\u2019editore Solfanelli dal filosofo del diritto (gi\u00e0 Ordinario in questa materia presso l\u2019universit\u00e0 di Perugia) Paolo Pasqualucci. Il tema di fondo riguarda la natura, le cause e le conseguenze della Prima guerra mondiale, con particolare riguardo all\u2019Impero austro-ungarico, che costitu\u00ec fino al 1918 il fulcro dell\u2019equilibrio e della stabilit\u00e0 dell\u2019Europa<\/span>.<\/p>\n<p style=\"text-align: justify;\"><span style=\"color: #000000;\"><img loading=\"lazy\" decoding=\"async\" class=\" wp-image-57019 alignleft\" src=\"https:\/\/www.rassegnastampa-totustuus.it\/cattolica\/wp-content\/uploads\/2023\/10\/prima_guerra_tedeschi.jpeg\" alt=\"L'eroismo di crociati perseguitati e martiri\" width=\"321\" height=\"218\" \/>La <em>Grande guerra<\/em>, con i Trattati di Pace che ad essa seguirono, fu infatti uno sconvolgimento geopolitico per l\u2019intero continente ma, soprattutto, fu una Rivoluzione nella cultura e nella mentalit\u00e0 dell\u2019uomo europeo che vide, con la fine dell\u2019Impero austriaco, una profonda accelerazione della crisi dei valori e delle istituzioni dell\u2019Occidente cristiano.<\/span><\/p>\n<p style=\"text-align: justify;\"><span style=\"color: #000000;\">Il prof. de Mattei, a differenza di Pasqualucci, \u00e8 convinto dell\u2019esistenza di un complesso di forze rivoluzionarie che, attraverso la distruzione dell\u2019Austria-Ungheria, si proponeva la distruzione delle ultime vestigia della civilt\u00e0 cristiana. La storia, tuttavia, non \u00e8 ineluttabile nel suo svolgimento e la fine dell\u2019Austria-Ungheria non era un destino obbligato. Se la proposta di pace di Papa Benedetto XV (1914-1922) e i negoziati avviati dal beato Carlo I d\u2019Asburgo (1887-1922) avessero avuto buon esito, la storia dell\u2019Europa avrebbe potuto seguire in altro corso<\/span>.<\/p>\n<p style=\"text-align: justify;\"><span style=\"color: #000000;\">Gli eventi dal 1918 al 2018 sono s\u00ec la conseguenza della caduta dell\u2019impero asburgico, ma non possono essere letti solo in quest\u2019ottica, poich\u00e9 ci\u00f2 significherebbe proporre una versione che corrisponde solo parzialmente alla realt\u00e0 storica, deformandola. Per questo l\u2019Autore scinde tra effettiva ricostruzione storica e le esaltazioni ed <em>elegie <\/em>che sfociano nel mito, proponendo modelli politici illusori. <\/span><\/p>\n<p style=\"text-align: justify;\"><span style=\"color: #000000;\">Gi\u00e0 nella seconda met\u00e0 dell\u2019800, infatti, la monarchia asburgica risultava politicamente e militarmente pi\u00f9 debole di Stati europei in ascesa come Russia e Germania. Per comprendere per\u00f2 dal profondo l\u2019attivazione delle forze che hanno favorito e in parte provocato <em>Finis Austriae<\/em>, occorrerebbe secondo de Mattei porsi un interrogativo: donde deriva l\u2019odio contro gli Asburgo? <\/span><\/p>\n<p style=\"text-align: justify;\"><span style=\"color: #000000;\"><img loading=\"lazy\" decoding=\"async\" class=\" wp-image-54958 alignright\" src=\"https:\/\/www.rassegnastampa-totustuus.it\/cattolica\/wp-content\/uploads\/2022\/10\/impero_Asburgo_Austria.jpg\" alt=\"\" width=\"308\" height=\"257\" \/>Come riconosce lo stesso Pasqualucci, \u00ab<em>la vera missione storica dell\u2019Austria non era conquistare la pianura padana e dominare in tal modo l\u2019Italia, logorandosi in guerre secolari contro l\u2019espansionismo francese, <\/em>[\u2026]<em> bens\u00ec quella di essere la protettrice della religione cattolica contro gli eretici, gli scismatici e l\u2019Islam, l\u2019educatrice dei popoli balcanici e orientali suoi sudditi<\/em>\u00bb.<\/span><\/p>\n<p style=\"text-align: justify;\"><span style=\"color: #000000;\">Ecco, per il professor de Mattei, all\u2019origine dello scoppio del primo conflitto mondiale, il motivo politico \u00e8 secondario, essendo invece centrale l\u2019avversione al cattolicesimo, nella versione dell\u2019ultimo Impero cattolico, incarnato non a caso dall\u2019unico <em>Santo sul Trono<\/em> del XX secolo, ovvero il beato Carlo d\u2019Asburgo Lorena. Dopo il suo regno, annota giustamente il prof. de Mattei \u00ab<em>si apr\u00ec il vortice dell\u2019instabilit\u00e0, che dalla sfera politica oggi \u00e8 passato a quella religiosa, provocando lo smarrimento di milioni di anime. Ma la Chiesa sopravvive alle tempeste che travolgono gli Imperi<\/em>\u00bb (p. 95).<\/span><\/p>\n<p style=\"text-align: justify;\"><strong>Roberto de Mattei<\/strong><a href=\"https:\/\/www.mondadoristore.it\/Infelix-Austria-risposta-Roberto-De-Mattei\/eai978883305522\/\" target=\"_blank\" rel=\"noopener\"> <span style=\"color: #0000ff;\"><em>Infelix Austria? Una risposta al prof. Paolo Pasqualucci <\/em><\/span><\/a>Edizioni Solfanelli Chieti 2024 pp. 104, \u20ac 10<\/p>\n<p>_______________________________________<\/p>\n<p><strong>Leggi anche:<\/strong><\/p>\n<p><a href=\"https:\/\/www.rassegnastampa-totustuus.it\/cattolica\/don-bosco-e-la-lettera-a-francesco-giuseppe-i-daustria\/\" target=\"_blank\" rel=\"noopener\"><span style=\"color: #0000ff;\">Don Bosco e la lettera a Francesco Giuseppe I d\u2019Austria<\/span><\/a><\/p>\n","protected":false},"excerpt":{"rendered":"<p>Il Borghese quindicinale n. 15 15 aprile 2024 \u00a0 Una revisione critica del \u201cmito asburgico\u201d di Giuseppe Brienza<\/p><p><a class=\"more-link btn\" href=\"https:\/\/www.rassegnastampa-totustuus.it\/cattolica\/infelix-austria\/\">Continua a leggere<\/a><\/p>\n","protected":false},"author":6,"featured_media":0,"comment_status":"closed","ping_status":"closed","sticky":false,"template":"","format":"standard","meta":{"footnotes":""},"categories":[17,24],"tags":[997,265,2533,162],"class_list":["post-60122","post","type-post","status-publish","format-standard","hentry","category-libri","category-storia","tag-austria","tag-libri-2","tag-sacro-romano-impero","tag-storia-2","item-wrap"],"yoast_head":"<!-- This site is optimized with the Yoast SEO plugin v27.5 - https:\/\/yoast.com\/product\/yoast-seo-wordpress\/ -->\n<title>Infelix Austria? - Rassegna Stampa Cattolica<\/title>\n<meta name=\"description\" content=\"Infelix Austria? Una revisione critica del &quot;mito asburgico&quot; e su la natura, le cause e le conseguenze della Prima guerra mondiale,\" \/>\n<meta name=\"robots\" content=\"index, follow, max-snippet:-1, max-image-preview:large, max-video-preview:-1\" \/>\n<link rel=\"canonical\" href=\"https:\/\/www.rassegnastampa-totustuus.it\/cattolica\/infelix-austria\/\" \/>\n<meta property=\"og:locale\" content=\"it_IT\" \/>\n<meta property=\"og:type\" content=\"article\" \/>\n<meta property=\"og:title\" content=\"Infelix Austria? - Rassegna Stampa Cattolica\" \/>\n<meta property=\"og:description\" content=\"Infelix Austria? Una revisione critica del &quot;mito asburgico&quot; e su la natura, le cause e le conseguenze della Prima guerra mondiale,\" \/>\n<meta property=\"og:url\" content=\"https:\/\/www.rassegnastampa-totustuus.it\/cattolica\/infelix-austria\/\" \/>\n<meta property=\"og:site_name\" content=\"Rassegna Stampa Cattolica\" \/>\n<meta property=\"article:publisher\" content=\"https:\/\/www.facebook.com\/rassegnastampacattolica\" \/>\n<meta property=\"article:published_time\" content=\"2024-04-23T11:28:23+00:00\" \/>\n<meta property=\"article:modified_time\" content=\"2024-04-23T11:28:24+00:00\" \/>\n<meta property=\"og:image\" content=\"https:\/\/www.rassegnastampa-totustuus.it\/cattolica\/wp-content\/uploads\/2024\/04\/austria-ungheria_Asburgo_Austria.jpeg\" \/>\n<meta name=\"author\" content=\"Redazione\" \/>\n<meta name=\"twitter:card\" content=\"summary_large_image\" \/>\n<meta name=\"twitter:creator\" content=\"@rassegnastampa9\" \/>\n<meta name=\"twitter:site\" content=\"@rassegnastampa9\" \/>\n<meta name=\"twitter:label1\" content=\"Scritto da\" \/>\n\t<meta name=\"twitter:data1\" content=\"Redazione\" \/>\n\t<meta name=\"twitter:label2\" content=\"Tempo di lettura stimato\" \/>\n\t<meta name=\"twitter:data2\" content=\"4 minuti\" \/>\n<script type=\"application\/ld+json\" class=\"yoast-schema-graph\">{\"@context\":\"https:\\\/\\\/schema.org\",\"@graph\":[{\"@type\":\"Article\",\"@id\":\"https:\\\/\\\/www.rassegnastampa-totustuus.it\\\/cattolica\\\/infelix-austria\\\/#article\",\"isPartOf\":{\"@id\":\"https:\\\/\\\/www.rassegnastampa-totustuus.it\\\/cattolica\\\/infelix-austria\\\/\"},\"author\":{\"name\":\"Redazione\",\"@id\":\"https:\\\/\\\/www.rassegnastampa-totustuus.it\\\/cattolica\\\/#\\\/schema\\\/person\\\/08f319d2bd1a0904ad9e2bfb7b15e5c3\"},\"headline\":\"Infelix Austria?\",\"datePublished\":\"2024-04-23T11:28:23+00:00\",\"dateModified\":\"2024-04-23T11:28:24+00:00\",\"mainEntityOfPage\":{\"@id\":\"https:\\\/\\\/www.rassegnastampa-totustuus.it\\\/cattolica\\\/infelix-austria\\\/\"},\"wordCount\":539,\"publisher\":{\"@id\":\"https:\\\/\\\/www.rassegnastampa-totustuus.it\\\/cattolica\\\/#organization\"},\"image\":{\"@id\":\"https:\\\/\\\/www.rassegnastampa-totustuus.it\\\/cattolica\\\/infelix-austria\\\/#primaryimage\"},\"thumbnailUrl\":\"https:\\\/\\\/www.rassegnastampa-totustuus.it\\\/cattolica\\\/wp-content\\\/uploads\\\/2024\\\/04\\\/austria-ungheria_Asburgo_Austria.jpeg\",\"keywords\":[\"Austria\",\"libri\",\"Sacro romano impero\",\"storia\"],\"articleSection\":[\"Libri\",\"Storia\"],\"inLanguage\":\"it-IT\"},{\"@type\":\"WebPage\",\"@id\":\"https:\\\/\\\/www.rassegnastampa-totustuus.it\\\/cattolica\\\/infelix-austria\\\/\",\"url\":\"https:\\\/\\\/www.rassegnastampa-totustuus.it\\\/cattolica\\\/infelix-austria\\\/\",\"name\":\"Infelix Austria? - Rassegna Stampa Cattolica\",\"isPartOf\":{\"@id\":\"https:\\\/\\\/www.rassegnastampa-totustuus.it\\\/cattolica\\\/#website\"},\"primaryImageOfPage\":{\"@id\":\"https:\\\/\\\/www.rassegnastampa-totustuus.it\\\/cattolica\\\/infelix-austria\\\/#primaryimage\"},\"image\":{\"@id\":\"https:\\\/\\\/www.rassegnastampa-totustuus.it\\\/cattolica\\\/infelix-austria\\\/#primaryimage\"},\"thumbnailUrl\":\"https:\\\/\\\/www.rassegnastampa-totustuus.it\\\/cattolica\\\/wp-content\\\/uploads\\\/2024\\\/04\\\/austria-ungheria_Asburgo_Austria.jpeg\",\"datePublished\":\"2024-04-23T11:28:23+00:00\",\"dateModified\":\"2024-04-23T11:28:24+00:00\",\"description\":\"Infelix Austria? Una revisione critica del \\\"mito asburgico\\\" e su la natura, le cause e le conseguenze della Prima guerra mondiale,\",\"breadcrumb\":{\"@id\":\"https:\\\/\\\/www.rassegnastampa-totustuus.it\\\/cattolica\\\/infelix-austria\\\/#breadcrumb\"},\"inLanguage\":\"it-IT\",\"potentialAction\":[{\"@type\":\"ReadAction\",\"target\":[\"https:\\\/\\\/www.rassegnastampa-totustuus.it\\\/cattolica\\\/infelix-austria\\\/\"]}]},{\"@type\":\"ImageObject\",\"inLanguage\":\"it-IT\",\"@id\":\"https:\\\/\\\/www.rassegnastampa-totustuus.it\\\/cattolica\\\/infelix-austria\\\/#primaryimage\",\"url\":\"https:\\\/\\\/www.rassegnastampa-totustuus.it\\\/cattolica\\\/wp-content\\\/uploads\\\/2024\\\/04\\\/austria-ungheria_Asburgo_Austria.jpeg\",\"contentUrl\":\"https:\\\/\\\/www.rassegnastampa-totustuus.it\\\/cattolica\\\/wp-content\\\/uploads\\\/2024\\\/04\\\/austria-ungheria_Asburgo_Austria.jpeg\",\"width\":234,\"height\":180},{\"@type\":\"BreadcrumbList\",\"@id\":\"https:\\\/\\\/www.rassegnastampa-totustuus.it\\\/cattolica\\\/infelix-austria\\\/#breadcrumb\",\"itemListElement\":[{\"@type\":\"ListItem\",\"position\":1,\"name\":\"Home\",\"item\":\"https:\\\/\\\/www.rassegnastampa-totustuus.it\\\/cattolica\\\/\"},{\"@type\":\"ListItem\",\"position\":2,\"name\":\"Infelix Austria?\"}]},{\"@type\":\"WebSite\",\"@id\":\"https:\\\/\\\/www.rassegnastampa-totustuus.it\\\/cattolica\\\/#website\",\"url\":\"https:\\\/\\\/www.rassegnastampa-totustuus.it\\\/cattolica\\\/\",\"name\":\"Rassegna Stampa Cattolica\",\"description\":\"Per una cultura che nasce dalla Rivelazione cristiana in conformit\u00e0 alla tradizione e al Magistero della Chiesa in opposizione ad ogni relativismo e totalitarismo\",\"publisher\":{\"@id\":\"https:\\\/\\\/www.rassegnastampa-totustuus.it\\\/cattolica\\\/#organization\"},\"alternateName\":\"Rass. Cattolica\",\"potentialAction\":[{\"@type\":\"SearchAction\",\"target\":{\"@type\":\"EntryPoint\",\"urlTemplate\":\"https:\\\/\\\/www.rassegnastampa-totustuus.it\\\/cattolica\\\/?s={search_term_string}\"},\"query-input\":{\"@type\":\"PropertyValueSpecification\",\"valueRequired\":true,\"valueName\":\"search_term_string\"}}],\"inLanguage\":\"it-IT\"},{\"@type\":\"Organization\",\"@id\":\"https:\\\/\\\/www.rassegnastampa-totustuus.it\\\/cattolica\\\/#organization\",\"name\":\"Rassegna Stampa Cattolica\",\"url\":\"https:\\\/\\\/www.rassegnastampa-totustuus.it\\\/cattolica\\\/\",\"logo\":{\"@type\":\"ImageObject\",\"inLanguage\":\"it-IT\",\"@id\":\"https:\\\/\\\/www.rassegnastampa-totustuus.it\\\/cattolica\\\/#\\\/schema\\\/logo\\\/image\\\/\",\"url\":\"https:\\\/\\\/www.rassegnastampa-totustuus.it\\\/cattolica\\\/wp-content\\\/uploads\\\/2014\\\/04\\\/logo-rassegna1.gif\",\"contentUrl\":\"https:\\\/\\\/www.rassegnastampa-totustuus.it\\\/cattolica\\\/wp-content\\\/uploads\\\/2014\\\/04\\\/logo-rassegna1.gif\",\"width\":600,\"height\":163,\"caption\":\"Rassegna Stampa Cattolica\"},\"image\":{\"@id\":\"https:\\\/\\\/www.rassegnastampa-totustuus.it\\\/cattolica\\\/#\\\/schema\\\/logo\\\/image\\\/\"},\"sameAs\":[\"https:\\\/\\\/www.facebook.com\\\/rassegnastampacattolica\",\"https:\\\/\\\/x.com\\\/rassegnastampa9\"]},{\"@type\":\"Person\",\"@id\":\"https:\\\/\\\/www.rassegnastampa-totustuus.it\\\/cattolica\\\/#\\\/schema\\\/person\\\/08f319d2bd1a0904ad9e2bfb7b15e5c3\",\"name\":\"Redazione\",\"image\":{\"@type\":\"ImageObject\",\"inLanguage\":\"it-IT\",\"@id\":\"https:\\\/\\\/secure.gravatar.com\\\/avatar\\\/2fcdf27c78ea025fbdb44e914cc63c72249ffec9dc8aafd5c82b26240ef3f346?s=96&d=mm&r=g\",\"url\":\"https:\\\/\\\/secure.gravatar.com\\\/avatar\\\/2fcdf27c78ea025fbdb44e914cc63c72249ffec9dc8aafd5c82b26240ef3f346?s=96&d=mm&r=g\",\"contentUrl\":\"https:\\\/\\\/secure.gravatar.com\\\/avatar\\\/2fcdf27c78ea025fbdb44e914cc63c72249ffec9dc8aafd5c82b26240ef3f346?s=96&d=mm&r=g\",\"caption\":\"Redazione\"},\"url\":\"https:\\\/\\\/www.rassegnastampa-totustuus.it\\\/cattolica\\\/author\\\/pietroelle\\\/\"}]}<\/script>\n<!-- \/ Yoast SEO plugin. -->","yoast_head_json":{"title":"Infelix Austria? - Rassegna Stampa Cattolica","description":"Infelix Austria? Una revisione critica del \"mito asburgico\" e su la natura, le cause e le conseguenze della Prima guerra mondiale,","robots":{"index":"index","follow":"follow","max-snippet":"max-snippet:-1","max-image-preview":"max-image-preview:large","max-video-preview":"max-video-preview:-1"},"canonical":"https:\/\/www.rassegnastampa-totustuus.it\/cattolica\/infelix-austria\/","og_locale":"it_IT","og_type":"article","og_title":"Infelix Austria? - Rassegna Stampa Cattolica","og_description":"Infelix Austria? Una revisione critica del \"mito asburgico\" e su la natura, le cause e le conseguenze della Prima guerra mondiale,","og_url":"https:\/\/www.rassegnastampa-totustuus.it\/cattolica\/infelix-austria\/","og_site_name":"Rassegna Stampa Cattolica","article_publisher":"https:\/\/www.facebook.com\/rassegnastampacattolica","article_published_time":"2024-04-23T11:28:23+00:00","article_modified_time":"2024-04-23T11:28:24+00:00","og_image":[{"url":"https:\/\/www.rassegnastampa-totustuus.it\/cattolica\/wp-content\/uploads\/2024\/04\/austria-ungheria_Asburgo_Austria.jpeg","type":"","width":"","height":""}],"author":"Redazione","twitter_card":"summary_large_image","twitter_creator":"@rassegnastampa9","twitter_site":"@rassegnastampa9","twitter_misc":{"Scritto da":"Redazione","Tempo di lettura stimato":"4 minuti"},"schema":{"@context":"https:\/\/schema.org","@graph":[{"@type":"Article","@id":"https:\/\/www.rassegnastampa-totustuus.it\/cattolica\/infelix-austria\/#article","isPartOf":{"@id":"https:\/\/www.rassegnastampa-totustuus.it\/cattolica\/infelix-austria\/"},"author":{"name":"Redazione","@id":"https:\/\/www.rassegnastampa-totustuus.it\/cattolica\/#\/schema\/person\/08f319d2bd1a0904ad9e2bfb7b15e5c3"},"headline":"Infelix Austria?","datePublished":"2024-04-23T11:28:23+00:00","dateModified":"2024-04-23T11:28:24+00:00","mainEntityOfPage":{"@id":"https:\/\/www.rassegnastampa-totustuus.it\/cattolica\/infelix-austria\/"},"wordCount":539,"publisher":{"@id":"https:\/\/www.rassegnastampa-totustuus.it\/cattolica\/#organization"},"image":{"@id":"https:\/\/www.rassegnastampa-totustuus.it\/cattolica\/infelix-austria\/#primaryimage"},"thumbnailUrl":"https:\/\/www.rassegnastampa-totustuus.it\/cattolica\/wp-content\/uploads\/2024\/04\/austria-ungheria_Asburgo_Austria.jpeg","keywords":["Austria","libri","Sacro romano impero","storia"],"articleSection":["Libri","Storia"],"inLanguage":"it-IT"},{"@type":"WebPage","@id":"https:\/\/www.rassegnastampa-totustuus.it\/cattolica\/infelix-austria\/","url":"https:\/\/www.rassegnastampa-totustuus.it\/cattolica\/infelix-austria\/","name":"Infelix Austria? - Rassegna Stampa Cattolica","isPartOf":{"@id":"https:\/\/www.rassegnastampa-totustuus.it\/cattolica\/#website"},"primaryImageOfPage":{"@id":"https:\/\/www.rassegnastampa-totustuus.it\/cattolica\/infelix-austria\/#primaryimage"},"image":{"@id":"https:\/\/www.rassegnastampa-totustuus.it\/cattolica\/infelix-austria\/#primaryimage"},"thumbnailUrl":"https:\/\/www.rassegnastampa-totustuus.it\/cattolica\/wp-content\/uploads\/2024\/04\/austria-ungheria_Asburgo_Austria.jpeg","datePublished":"2024-04-23T11:28:23+00:00","dateModified":"2024-04-23T11:28:24+00:00","description":"Infelix Austria? Una revisione critica del \"mito asburgico\" e su la natura, le cause e le conseguenze della Prima guerra mondiale,","breadcrumb":{"@id":"https:\/\/www.rassegnastampa-totustuus.it\/cattolica\/infelix-austria\/#breadcrumb"},"inLanguage":"it-IT","potentialAction":[{"@type":"ReadAction","target":["https:\/\/www.rassegnastampa-totustuus.it\/cattolica\/infelix-austria\/"]}]},{"@type":"ImageObject","inLanguage":"it-IT","@id":"https:\/\/www.rassegnastampa-totustuus.it\/cattolica\/infelix-austria\/#primaryimage","url":"https:\/\/www.rassegnastampa-totustuus.it\/cattolica\/wp-content\/uploads\/2024\/04\/austria-ungheria_Asburgo_Austria.jpeg","contentUrl":"https:\/\/www.rassegnastampa-totustuus.it\/cattolica\/wp-content\/uploads\/2024\/04\/austria-ungheria_Asburgo_Austria.jpeg","width":234,"height":180},{"@type":"BreadcrumbList","@id":"https:\/\/www.rassegnastampa-totustuus.it\/cattolica\/infelix-austria\/#breadcrumb","itemListElement":[{"@type":"ListItem","position":1,"name":"Home","item":"https:\/\/www.rassegnastampa-totustuus.it\/cattolica\/"},{"@type":"ListItem","position":2,"name":"Infelix Austria?"}]},{"@type":"WebSite","@id":"https:\/\/www.rassegnastampa-totustuus.it\/cattolica\/#website","url":"https:\/\/www.rassegnastampa-totustuus.it\/cattolica\/","name":"Rassegna Stampa Cattolica","description":"Per una cultura che nasce dalla Rivelazione cristiana in conformit\u00e0 alla tradizione e al Magistero della Chiesa in opposizione ad ogni relativismo e totalitarismo","publisher":{"@id":"https:\/\/www.rassegnastampa-totustuus.it\/cattolica\/#organization"},"alternateName":"Rass. Cattolica","potentialAction":[{"@type":"SearchAction","target":{"@type":"EntryPoint","urlTemplate":"https:\/\/www.rassegnastampa-totustuus.it\/cattolica\/?s={search_term_string}"},"query-input":{"@type":"PropertyValueSpecification","valueRequired":true,"valueName":"search_term_string"}}],"inLanguage":"it-IT"},{"@type":"Organization","@id":"https:\/\/www.rassegnastampa-totustuus.it\/cattolica\/#organization","name":"Rassegna Stampa Cattolica","url":"https:\/\/www.rassegnastampa-totustuus.it\/cattolica\/","logo":{"@type":"ImageObject","inLanguage":"it-IT","@id":"https:\/\/www.rassegnastampa-totustuus.it\/cattolica\/#\/schema\/logo\/image\/","url":"https:\/\/www.rassegnastampa-totustuus.it\/cattolica\/wp-content\/uploads\/2014\/04\/logo-rassegna1.gif","contentUrl":"https:\/\/www.rassegnastampa-totustuus.it\/cattolica\/wp-content\/uploads\/2014\/04\/logo-rassegna1.gif","width":600,"height":163,"caption":"Rassegna Stampa Cattolica"},"image":{"@id":"https:\/\/www.rassegnastampa-totustuus.it\/cattolica\/#\/schema\/logo\/image\/"},"sameAs":["https:\/\/www.facebook.com\/rassegnastampacattolica","https:\/\/x.com\/rassegnastampa9"]},{"@type":"Person","@id":"https:\/\/www.rassegnastampa-totustuus.it\/cattolica\/#\/schema\/person\/08f319d2bd1a0904ad9e2bfb7b15e5c3","name":"Redazione","image":{"@type":"ImageObject","inLanguage":"it-IT","@id":"https:\/\/secure.gravatar.com\/avatar\/2fcdf27c78ea025fbdb44e914cc63c72249ffec9dc8aafd5c82b26240ef3f346?s=96&d=mm&r=g","url":"https:\/\/secure.gravatar.com\/avatar\/2fcdf27c78ea025fbdb44e914cc63c72249ffec9dc8aafd5c82b26240ef3f346?s=96&d=mm&r=g","contentUrl":"https:\/\/secure.gravatar.com\/avatar\/2fcdf27c78ea025fbdb44e914cc63c72249ffec9dc8aafd5c82b26240ef3f346?s=96&d=mm&r=g","caption":"Redazione"},"url":"https:\/\/www.rassegnastampa-totustuus.it\/cattolica\/author\/pietroelle\/"}]}},"_links":{"self":[{"href":"https:\/\/www.rassegnastampa-totustuus.it\/cattolica\/wp-json\/wp\/v2\/posts\/60122","targetHints":{"allow":["GET"]}}],"collection":[{"href":"https:\/\/www.rassegnastampa-totustuus.it\/cattolica\/wp-json\/wp\/v2\/posts"}],"about":[{"href":"https:\/\/www.rassegnastampa-totustuus.it\/cattolica\/wp-json\/wp\/v2\/types\/post"}],"author":[{"embeddable":true,"href":"https:\/\/www.rassegnastampa-totustuus.it\/cattolica\/wp-json\/wp\/v2\/users\/6"}],"replies":[{"embeddable":true,"href":"https:\/\/www.rassegnastampa-totustuus.it\/cattolica\/wp-json\/wp\/v2\/comments?post=60122"}],"version-history":[{"count":1,"href":"https:\/\/www.rassegnastampa-totustuus.it\/cattolica\/wp-json\/wp\/v2\/posts\/60122\/revisions"}],"predecessor-version":[{"id":60124,"href":"https:\/\/www.rassegnastampa-totustuus.it\/cattolica\/wp-json\/wp\/v2\/posts\/60122\/revisions\/60124"}],"wp:attachment":[{"href":"https:\/\/www.rassegnastampa-totustuus.it\/cattolica\/wp-json\/wp\/v2\/media?parent=60122"}],"wp:term":[{"taxonomy":"category","embeddable":true,"href":"https:\/\/www.rassegnastampa-totustuus.it\/cattolica\/wp-json\/wp\/v2\/categories?post=60122"},{"taxonomy":"post_tag","embeddable":true,"href":"https:\/\/www.rassegnastampa-totustuus.it\/cattolica\/wp-json\/wp\/v2\/tags?post=60122"}],"curies":[{"name":"wp","href":"https:\/\/api.w.org\/{rel}","templated":true}]}}