{"id":60092,"date":"2024-04-22T12:05:30","date_gmt":"2024-04-22T10:05:30","guid":{"rendered":"https:\/\/www.rassegnastampa-totustuus.it\/cattolica\/?p=60092"},"modified":"2024-04-22T12:05:32","modified_gmt":"2024-04-22T10:05:32","slug":"lgbt-in-crescita-frutto-del-contagio-sociale","status":"publish","type":"post","link":"https:\/\/www.rassegnastampa-totustuus.it\/cattolica\/lgbt-in-crescita-frutto-del-contagio-sociale\/","title":{"rendered":"Lgbt in crescita, frutto del contagio sociale"},"content":{"rendered":"<p style=\"text-align: center;\"><span style=\"color: #000000;\"><span style=\"color: #0000ff;\"><a style=\"color: #0000ff;\" href=\"https:\/\/lanuovabq.it\/it\/\" target=\"_blank\" rel=\"noopener\"><strong><img loading=\"lazy\" decoding=\"async\" class=\"size-full wp-image-60093 alignleft\" src=\"https:\/\/www.rassegnastampa-totustuus.it\/cattolica\/wp-content\/uploads\/2024\/04\/Omosessualita_Lgbt_gender.jpeg\" alt=\"\" width=\"344\" height=\"180\" \/>La Nuova Bussola quotidiana <\/strong><\/a><\/span>16 marzo 2024<\/span><\/p>\n<p style=\"text-align: justify;\"><span style=\"color: #000000;\"> <em>Da una ricerca di Gallup emerge che il 7,6% degli adulti statunitensi si identifica come Lgbt. La percentuale cresce nelle generazioni pi\u00f9 giovani. Dati che sono l\u2019effetto delle mode e dell\u2019insistente propaganda che presenta l\u2019omosessualit\u00e0 come positiva.<\/em><\/span><\/p>\n<p style=\"text-align: center;\"><span style=\"color: #000000;\">di <strong>Tommaso Scandroglio<\/strong><\/span><\/p>\n<p><!--more--><\/p>\n<p style=\"text-align: justify;\"><span style=\"color: #000000;\">La prestigiosa agenzia di sondaggi statunitense Gallup ha condotto una ricerca sull\u2019omosessualit\u00e0 negli Usa intervistando 12.000 persone. Dal loro<\/span> <a href=\"https:\/\/news.gallup.com\/poll\/611864\/lgbtq-identification.aspx\" target=\"_blank\" rel=\"noopener\">sito<\/a> <span style=\"color: #000000;\">possiamo apprendere che \u00abl\u2019identificazione LGBTQ+ negli Stati Uniti continua a crescere, con il 7,6% degli adulti statunitensi [dai 18 anni in su] che ora si identifica come lesbica, gay, bisessuale, transgender, queer o con qualche altro orientamento sessuale oltre all\u2019eterosessuale. La cifra attuale \u00e8 in aumento rispetto al 5,6% di quattro anni fa e al 3,5% del 2012. [\u2026] Gli adulti bisessuali costituiscono la percentuale maggiore della popolazione LGBTQ+: il 4,4% degli adulti statunitensi e il 57,3% degli adulti LGBTQ+ affermano di essere bisessuali\u00bb.<\/span><\/p>\n<p style=\"text-align: justify;\"><span style=\"color: #000000;\"><strong>La crescita \u00e8 dovuta alle nuove generazioni che sono diventate adulte<\/strong>. Quindi la maggior parte delle persone LGBT sono i ventenni: \u00abNegli ultimi anni si \u00e8 verificato un aumento dell\u2019identificazione LGBTQ+ quando i membri della Generazione Z e della generazione Millennial sono entrati nell\u2019et\u00e0 adulta. [\u2026] Nel complesso, ogni generazione pi\u00f9 giovane ha circa il doppio delle probabilit\u00e0 rispetto alla generazione che l\u2019ha preceduta di identificarsi come LGBTQ+. Pi\u00f9 di un adulto su cinque della Gen Z, di et\u00e0 compresa tra 18 e 26 anni nel 2023, si identifica come LGBTQ+, cos\u00ec come quasi un millennial su 10 (dai 27 ai 42 anni).\u00a0La percentuale scende a meno del 5% della Generazione X [dai 43 ai 59 anni], del 2% dei Baby Boomer [dai 60 ai 78 anni] e dell&#8217;1% della Generazione Silent [dai 79 anni in su]\u00bb.<\/span><\/p>\n<p style=\"text-align: justify;\"><span style=\"color: #000000;\"><strong style=\"font-size: revert;\"><img loading=\"lazy\" decoding=\"async\" class=\"size-full wp-image-58123 alignright\" src=\"https:\/\/www.rassegnastampa-totustuus.it\/cattolica\/wp-content\/uploads\/2023\/07\/Lgbt_cocacola_gender.jpg\" alt=\"aziende Lgbt\" width=\"344\" height=\"288\" \/>Prosegue il sito di Gallup<\/strong><span style=\"font-size: revert;\">: \u00abLa bisessualit\u00e0 \u00e8 lo status LGBTQ+ pi\u00f9 comune tra la Generazione Z, i Millennial e la Generazione X. [\u2026] Nelle generazioni pi\u00f9 anziane, gli individui LGBTQ+ hanno maggiori probabilit\u00e0, o pari probabilit\u00e0, di dichiararsi gay o lesbiche piuttosto che bisessuali. Le donne hanno quasi il doppio delle probabilit\u00e0 rispetto agli uomini di identificarsi come LGBTQ+, 8,5% contro 4,7%.\u00a0La bisessualit\u00e0 \u00e8 la forma pi\u00f9 comune di identificazione LGBTQ+ tra le donne, mentre gli uomini hanno la stessa probabilit\u00e0 di identificarsi come bisessuali o gay. [\u2026] Quasi tre donne su dieci della Gen Z, il 28,5%, si identificano come LGBTQ+, rispetto al 10,6% degli uomini della Gen Z [\u2026]. Se le tendenze attuali continuano, \u00e8 probabile che la percentuale di identificatori LGBTQ+ superer\u00e0 il 10% degli adulti statunitensi entro i prossimi tre decenni\u00bb.<\/span><\/span><\/p>\n<p style=\"text-align: justify;\"><span style=\"color: #000000;\"><strong>In sintesi: il 7,6% degli adulti statunitensi ha un orientamento omosessuale<\/strong> (il bisessuale \u00e8 anche omosessuale). La percentuale \u00e8 in crescita tanto che, se il trend persiste, tra 30 anni il 10% della popolazione si dichiarer\u00e0 omosessuale. La crescita \u00e8 dovuta alle nuove generazioni. Pi\u00f9 del 20% dei giovani tra i 18 e i 26 anni si dichiara omosessuale. E all\u2019interno di questo gruppo la spinta maggiore viene dalle donne: quasi un terzo di tutte le giovani donne si dichiara LGBT. Forse il dato pi\u00f9 impressionante.<\/span><\/p>\n<p style=\"text-align: justify;\"><span style=\"color: #000000;\"><strong>Non aumenta l\u2019omosessualit\u00e0 cosiddetta essenziale<\/strong>, \u201cpura\u201d potremmo dire, ma quella ibrida: persona che \u00e8 sia eterosessuale che omosessuale, ossia bisessuale. Quel 7,6% prima ricordato \u00e8 composto da un 4,4% di bisessuali e da un 3,2% di omosessuali &#8220;puri&#8221; o, in misura assai minore, asessuali o queer o altro. E all\u2019interno della comunit\u00e0 LGBT i bisessuali sono pi\u00f9 della met\u00e0. A guidare questa crescita sono ancora una volta le donne: pi\u00f9 del doppio degli uomini quelle che si identificano come bisessuali.<\/span><\/p>\n<p style=\"text-align: justify;\"><span style=\"color: #000000;\"><strong><img loading=\"lazy\" decoding=\"async\" class=\" wp-image-54467 alignright\" src=\"https:\/\/www.rassegnastampa-totustuus.it\/cattolica\/wp-content\/uploads\/2022\/07\/Disney_Lgbt-300x168.jpg\" alt=\"\" width=\"375\" height=\"210\" \/>Queste percentuali cosa ci dicono?<\/strong> In primo luogo \u00e8 di palmare evidenza che l\u2019omosessualit\u00e0 \u00e8 un fenomeno culturale. Non si nasce gay, lo si diventa. \u00c8 quindi un costrutto sociale: concetto che, per paradosso, viene usato dalle realt\u00e0 LGBT per asserire invece che \u00e8 l\u2019eterosessualit\u00e0 ad essere una sovrastruttura sociale. Il fenomeno LGBT \u00e8 un fenomeno relativamente recente e quindi interessa soprattutto le nuove generazioni, pi\u00f9 sensibili alle nuove mode \u2013 perch\u00e9 essere gay \u00e8 ormai una moda \u2013 meno strutturati caratterialmente e quindi pi\u00f9 facilmente influenzabili, meno legati ai valori tradizionali, come d\u2019altronde \u00e8 sempre stato.<\/span><\/p>\n<p style=\"text-align: justify;\"><span style=\"color: #000000;\"><strong>Non si pu\u00f2 obiettare che tali percentuali ci sarebbero sempre state<\/strong>, ma oggi emergono pubblicamente perch\u00e9 c\u2019\u00e8 pi\u00f9 libert\u00e0 di espressione su questi temi. L\u2019obiezione non regge \u2013 nonostante sia vero che oggi \u00e8 pi\u00f9 facile fare outing \u2013 perch\u00e9 i sondaggi di ieri erano anonimi come quelli di oggi. Altra obiezione: una volta la cultura era pi\u00f9 bacchettona e quindi comprimeva possibili identificazioni con l\u2019orientamento omosessuale. Risposta: era solo pi\u00f9 sana e quindi orientava verso rapporti altrettanto sani, ma agli occhi dei rivoluzionari appare bacchettona.<\/span><\/p>\n<p style=\"text-align: justify;\"><span style=\"color: #000000;\"><strong>\u00c8 invece vero che queste percentuali confermano un meccanismo noto ai sociologi, quello del contagio sociale<\/strong>. Se con insistenza si parla positivamente dell\u2019omosessualit\u00e0 allora sar\u00e0 pi\u00f9 facile identificarsi con questo orientamento. Crescendo il numero di omosessuali dichiarati, sempre pi\u00f9 persone saranno portate a diventare omosessuali perch\u00e9 si percepir\u00e0 l\u2019omosessualit\u00e0 come fenomeno normale, autoalimentando cos\u00ec un processo di crescita. Se non ci fossero stati questi condizionamenti, quelle stesse persone che oggi si dichiarano gay avrebbero condotto serenamente la loro esistenza da persone eterosessuali. Un paio di esempi banali: se domani la maggior parte dei media e dei social parlassero bene della fede cattolica, le chiese tornerebbero a riempirsi. Oggi registriamo una impennata nelle iscrizioni dei corsi di tennis per il fenomeno Sinner. Cos\u00ec come parecchi anni fa le vittorie di Luna Rossa all\u2019America\u2019s Cup spinsero molti a cimentarsi con la vela.<\/span><\/p>\n<p style=\"text-align: justify;\"><span style=\"color: #000000;\"><strong><img loading=\"lazy\" decoding=\"async\" class=\" wp-image-52047 alignleft\" src=\"https:\/\/www.rassegnastampa-totustuus.it\/cattolica\/wp-content\/uploads\/2021\/07\/Lgbt_gay_scuola_bambini.jpg\" alt=\"\" width=\"386\" height=\"240\" \/>Interessante poi il dato sulla bisessualit\u00e0<\/strong> che la fa da padrone, soprattutto tra le donne. Questo dato pu\u00f2 essere forse ricondotto almeno alle seguenti motivazioni. Sembrerebbe falso affermare che nell\u2019omosessualit\u00e0 prevalga il lato emotivo-affettivo. Parrebbe invece prevalere l\u2019aspetto erotico. La bisessualit\u00e0 sarebbe la prova che le persone si danno al vizio: dopo aver provato l\u2019esperienza sessuale con una persona di sesso diverso, il vizio spinge verso nuove frontiere del piacere. Ci\u00f2 \u00e8 comprovato dal fatto che non si vuole abbandonare la o le relazioni con il sesso diverso: se il fattore affettivo fosse preponderante porterebbe, in buona parte dei casi, all\u2019esclusivit\u00e0 del rapporto (soprattutto per le donne), sia che fosse omo sia che fosse etero. Un altro motivo \u00e8 la spinta alla trasgressione: superare il limite della differenza sessuale per sperimentare qualcosa di nuovo, di piacevolmente illecito. Terzo motivo: l\u2019influenza delle campagne ideologiche sulla fluidit\u00e0. L\u2019omosessuale puro \u00e8 meno fluido del bisessuale, perch\u00e9 il primo alla fine non \u00e8 binario in quanto ad attrazione, il secondo invece incorpora contemporaneamente entrambe le attrazioni sessuali.<\/span><\/p>\n<p style=\"text-align: justify;\"><span style=\"color: #000000;\"><strong>Il fatto, poi, che la bisessualit\u00e0 sia sensibilmente pi\u00f9 presente tra le donne <\/strong>pu\u00f2 essere spiegato almeno con le seguenti motivazioni. La prima riguarda l\u2019antropologia che vede le donne, anche dal punto di vista psicologico, diverse dagli uomini. Nelle donne l\u2019amicizia femminile da sempre \u00e8 stata vissuta in modo pi\u00f9 sentimentale, intimo (anche negli anni Ottanta si potevano vedere le adolescenti che si tenevano per mano e di certo non si sarebbero mai dichiarate bisessuali). La spinta culturale delle istanze LGBT congiunta con l\u2019erotizzazione diffusa della societ\u00e0 trova allora l\u00ec, in quel rapporto pi\u00f9 confidenziale tra donne, un pertugio per infiltrarsi nelle giovani menti e, cos\u00ec, quella naturale intimit\u00e0 tra ragazze si erotizza, si trasforma da amicizia ad attrazione fisica. In secondo luogo \u00e8 noto che il maschio \u00e8 latitante, che ha perso di virilit\u00e0, si \u00e8 femminilizzato (non \u00e8 pi\u00f9 forte, responsabile, maturo, etc.). Inoltre le diffuse campagne di odio contro la figura maschile lo hanno dipinto agli occhi delle donne come un nemico, un mondo da cui tenersi alla larga. La salvezza, il porto sicuro, il luogo di comprensione e affetto allora diventa il mondo femminile, l\u2019unico rimasto. Il rifiuto del maschio, perch\u00e9 non vero uomo e perch\u00e9 potenzialmente pericoloso, ha portato a cercare tra le donne anche il rapporto affettivo ed erotico.<\/span><\/p>\n<p>_______________________________________<\/p>\n<p><strong><span style=\"color: #000000;\">Leggi anche:<\/span><\/strong><\/p>\n<p><a href=\"https:\/\/www.rassegnastampa-totustuus.it\/cattolica\/domande-e-risposte-sul-problema-dellomosessualit-parte-1\/\" target=\"_blank\" rel=\"noopener\"><span style=\"color: #0000ff;\">Domande e risposte sul problema dell&#8217;omosessualit\u00e0<\/span><\/a><\/p>\n","protected":false},"excerpt":{"rendered":"<p>La Nuova Bussola quotidiana 16 marzo 2024 Da una ricerca di Gallup emerge che il 7,6% degli adulti statunitensi si identifica come Lgbt. La percentuale cresce nelle generazioni pi\u00f9 giovani. Dati che sono l\u2019effetto delle mode e dell\u2019insistente propaganda che presenta l\u2019omosessualit\u00e0 come positiva. di Tommaso Scandroglio<\/p><p><a class=\"more-link btn\" href=\"https:\/\/www.rassegnastampa-totustuus.it\/cattolica\/lgbt-in-crescita-frutto-del-contagio-sociale\/\">Continua a leggere<\/a><\/p>\n","protected":false},"author":6,"featured_media":60093,"comment_status":"closed","ping_status":"closed","sticky":false,"template":"","format":"standard","meta":{"footnotes":""},"categories":[125,48],"tags":[437,2499,322,1568],"class_list":["post-60092","post","type-post","status-publish","format-standard","has-post-thumbnail","hentry","category-ideologia-del-gender","category-omosessualit","tag-ideologia-del-gender-2","tag-lgbt","tag-omosessualita","tag-sondaggi","item-wrap"],"yoast_head":"<!-- This site is optimized with the Yoast SEO plugin v27.5 - https:\/\/yoast.com\/product\/yoast-seo-wordpress\/ -->\n<title>Lgbt in crescita, frutto del contagio sociale - Rassegna Stampa Cattolica<\/title>\n<meta name=\"description\" content=\"Lgbt in crescita, frutto del contagio sociale, il che smentisce il fatto che omosessuali si nasce e dimostra l&#039;indottrinamento dei giovani\" \/>\n<meta name=\"robots\" content=\"index, follow, max-snippet:-1, max-image-preview:large, max-video-preview:-1\" \/>\n<link rel=\"canonical\" href=\"https:\/\/www.rassegnastampa-totustuus.it\/cattolica\/lgbt-in-crescita-frutto-del-contagio-sociale\/\" \/>\n<meta property=\"og:locale\" content=\"it_IT\" \/>\n<meta property=\"og:type\" content=\"article\" \/>\n<meta property=\"og:title\" content=\"Lgbt in crescita, frutto del contagio sociale - Rassegna Stampa Cattolica\" \/>\n<meta property=\"og:description\" content=\"Lgbt in crescita, frutto del contagio sociale, il che smentisce il fatto che omosessuali si nasce e dimostra l&#039;indottrinamento dei giovani\" \/>\n<meta property=\"og:url\" content=\"https:\/\/www.rassegnastampa-totustuus.it\/cattolica\/lgbt-in-crescita-frutto-del-contagio-sociale\/\" \/>\n<meta property=\"og:site_name\" content=\"Rassegna Stampa Cattolica\" \/>\n<meta property=\"article:publisher\" content=\"https:\/\/www.facebook.com\/rassegnastampacattolica\" \/>\n<meta property=\"article:published_time\" content=\"2024-04-22T10:05:30+00:00\" \/>\n<meta property=\"article:modified_time\" content=\"2024-04-22T10:05:32+00:00\" \/>\n<meta property=\"og:image\" content=\"https:\/\/www.rassegnastampa-totustuus.it\/cattolica\/wp-content\/uploads\/2024\/04\/Omosessualita_Lgbt_gender.jpeg\" \/>\n\t<meta property=\"og:image:width\" content=\"344\" \/>\n\t<meta property=\"og:image:height\" content=\"180\" \/>\n\t<meta property=\"og:image:type\" content=\"image\/jpeg\" \/>\n<meta name=\"author\" content=\"Redazione\" \/>\n<meta name=\"twitter:card\" content=\"summary_large_image\" \/>\n<meta name=\"twitter:creator\" content=\"@rassegnastampa9\" \/>\n<meta name=\"twitter:site\" content=\"@rassegnastampa9\" \/>\n<meta name=\"twitter:label1\" content=\"Scritto da\" \/>\n\t<meta name=\"twitter:data1\" content=\"Redazione\" \/>\n\t<meta name=\"twitter:label2\" content=\"Tempo di lettura stimato\" \/>\n\t<meta name=\"twitter:data2\" content=\"8 minuti\" \/>\n<script type=\"application\/ld+json\" class=\"yoast-schema-graph\">{\"@context\":\"https:\\\/\\\/schema.org\",\"@graph\":[{\"@type\":\"Article\",\"@id\":\"https:\\\/\\\/www.rassegnastampa-totustuus.it\\\/cattolica\\\/lgbt-in-crescita-frutto-del-contagio-sociale\\\/#article\",\"isPartOf\":{\"@id\":\"https:\\\/\\\/www.rassegnastampa-totustuus.it\\\/cattolica\\\/lgbt-in-crescita-frutto-del-contagio-sociale\\\/\"},\"author\":{\"name\":\"Redazione\",\"@id\":\"https:\\\/\\\/www.rassegnastampa-totustuus.it\\\/cattolica\\\/#\\\/schema\\\/person\\\/08f319d2bd1a0904ad9e2bfb7b15e5c3\"},\"headline\":\"Lgbt in crescita, frutto del contagio sociale\",\"datePublished\":\"2024-04-22T10:05:30+00:00\",\"dateModified\":\"2024-04-22T10:05:32+00:00\",\"mainEntityOfPage\":{\"@id\":\"https:\\\/\\\/www.rassegnastampa-totustuus.it\\\/cattolica\\\/lgbt-in-crescita-frutto-del-contagio-sociale\\\/\"},\"wordCount\":1274,\"publisher\":{\"@id\":\"https:\\\/\\\/www.rassegnastampa-totustuus.it\\\/cattolica\\\/#organization\"},\"image\":{\"@id\":\"https:\\\/\\\/www.rassegnastampa-totustuus.it\\\/cattolica\\\/lgbt-in-crescita-frutto-del-contagio-sociale\\\/#primaryimage\"},\"thumbnailUrl\":\"https:\\\/\\\/www.rassegnastampa-totustuus.it\\\/cattolica\\\/wp-content\\\/uploads\\\/2024\\\/04\\\/Omosessualita_Lgbt_gender.jpeg\",\"keywords\":[\"ideologia del gender\",\"Lgbt\",\"omosessualit\u00e0\",\"sondaggi\"],\"articleSection\":[\"Ideologia del gender\",\"Omosessualit&agrave;\"],\"inLanguage\":\"it-IT\"},{\"@type\":\"WebPage\",\"@id\":\"https:\\\/\\\/www.rassegnastampa-totustuus.it\\\/cattolica\\\/lgbt-in-crescita-frutto-del-contagio-sociale\\\/\",\"url\":\"https:\\\/\\\/www.rassegnastampa-totustuus.it\\\/cattolica\\\/lgbt-in-crescita-frutto-del-contagio-sociale\\\/\",\"name\":\"Lgbt in crescita, frutto del contagio sociale - Rassegna Stampa Cattolica\",\"isPartOf\":{\"@id\":\"https:\\\/\\\/www.rassegnastampa-totustuus.it\\\/cattolica\\\/#website\"},\"primaryImageOfPage\":{\"@id\":\"https:\\\/\\\/www.rassegnastampa-totustuus.it\\\/cattolica\\\/lgbt-in-crescita-frutto-del-contagio-sociale\\\/#primaryimage\"},\"image\":{\"@id\":\"https:\\\/\\\/www.rassegnastampa-totustuus.it\\\/cattolica\\\/lgbt-in-crescita-frutto-del-contagio-sociale\\\/#primaryimage\"},\"thumbnailUrl\":\"https:\\\/\\\/www.rassegnastampa-totustuus.it\\\/cattolica\\\/wp-content\\\/uploads\\\/2024\\\/04\\\/Omosessualita_Lgbt_gender.jpeg\",\"datePublished\":\"2024-04-22T10:05:30+00:00\",\"dateModified\":\"2024-04-22T10:05:32+00:00\",\"description\":\"Lgbt in crescita, frutto del contagio sociale, il che smentisce il fatto che omosessuali si nasce e dimostra l'indottrinamento dei giovani\",\"breadcrumb\":{\"@id\":\"https:\\\/\\\/www.rassegnastampa-totustuus.it\\\/cattolica\\\/lgbt-in-crescita-frutto-del-contagio-sociale\\\/#breadcrumb\"},\"inLanguage\":\"it-IT\",\"potentialAction\":[{\"@type\":\"ReadAction\",\"target\":[\"https:\\\/\\\/www.rassegnastampa-totustuus.it\\\/cattolica\\\/lgbt-in-crescita-frutto-del-contagio-sociale\\\/\"]}]},{\"@type\":\"ImageObject\",\"inLanguage\":\"it-IT\",\"@id\":\"https:\\\/\\\/www.rassegnastampa-totustuus.it\\\/cattolica\\\/lgbt-in-crescita-frutto-del-contagio-sociale\\\/#primaryimage\",\"url\":\"https:\\\/\\\/www.rassegnastampa-totustuus.it\\\/cattolica\\\/wp-content\\\/uploads\\\/2024\\\/04\\\/Omosessualita_Lgbt_gender.jpeg\",\"contentUrl\":\"https:\\\/\\\/www.rassegnastampa-totustuus.it\\\/cattolica\\\/wp-content\\\/uploads\\\/2024\\\/04\\\/Omosessualita_Lgbt_gender.jpeg\",\"width\":344,\"height\":180},{\"@type\":\"BreadcrumbList\",\"@id\":\"https:\\\/\\\/www.rassegnastampa-totustuus.it\\\/cattolica\\\/lgbt-in-crescita-frutto-del-contagio-sociale\\\/#breadcrumb\",\"itemListElement\":[{\"@type\":\"ListItem\",\"position\":1,\"name\":\"Home\",\"item\":\"https:\\\/\\\/www.rassegnastampa-totustuus.it\\\/cattolica\\\/\"},{\"@type\":\"ListItem\",\"position\":2,\"name\":\"Lgbt in crescita, frutto del contagio sociale\"}]},{\"@type\":\"WebSite\",\"@id\":\"https:\\\/\\\/www.rassegnastampa-totustuus.it\\\/cattolica\\\/#website\",\"url\":\"https:\\\/\\\/www.rassegnastampa-totustuus.it\\\/cattolica\\\/\",\"name\":\"Rassegna Stampa Cattolica\",\"description\":\"Per una cultura che nasce dalla Rivelazione cristiana in conformit\u00e0 alla tradizione e al Magistero della Chiesa in opposizione ad ogni relativismo e totalitarismo\",\"publisher\":{\"@id\":\"https:\\\/\\\/www.rassegnastampa-totustuus.it\\\/cattolica\\\/#organization\"},\"alternateName\":\"Rass. Cattolica\",\"potentialAction\":[{\"@type\":\"SearchAction\",\"target\":{\"@type\":\"EntryPoint\",\"urlTemplate\":\"https:\\\/\\\/www.rassegnastampa-totustuus.it\\\/cattolica\\\/?s={search_term_string}\"},\"query-input\":{\"@type\":\"PropertyValueSpecification\",\"valueRequired\":true,\"valueName\":\"search_term_string\"}}],\"inLanguage\":\"it-IT\"},{\"@type\":\"Organization\",\"@id\":\"https:\\\/\\\/www.rassegnastampa-totustuus.it\\\/cattolica\\\/#organization\",\"name\":\"Rassegna Stampa Cattolica\",\"url\":\"https:\\\/\\\/www.rassegnastampa-totustuus.it\\\/cattolica\\\/\",\"logo\":{\"@type\":\"ImageObject\",\"inLanguage\":\"it-IT\",\"@id\":\"https:\\\/\\\/www.rassegnastampa-totustuus.it\\\/cattolica\\\/#\\\/schema\\\/logo\\\/image\\\/\",\"url\":\"https:\\\/\\\/www.rassegnastampa-totustuus.it\\\/cattolica\\\/wp-content\\\/uploads\\\/2014\\\/04\\\/logo-rassegna1.gif\",\"contentUrl\":\"https:\\\/\\\/www.rassegnastampa-totustuus.it\\\/cattolica\\\/wp-content\\\/uploads\\\/2014\\\/04\\\/logo-rassegna1.gif\",\"width\":600,\"height\":163,\"caption\":\"Rassegna Stampa Cattolica\"},\"image\":{\"@id\":\"https:\\\/\\\/www.rassegnastampa-totustuus.it\\\/cattolica\\\/#\\\/schema\\\/logo\\\/image\\\/\"},\"sameAs\":[\"https:\\\/\\\/www.facebook.com\\\/rassegnastampacattolica\",\"https:\\\/\\\/x.com\\\/rassegnastampa9\"]},{\"@type\":\"Person\",\"@id\":\"https:\\\/\\\/www.rassegnastampa-totustuus.it\\\/cattolica\\\/#\\\/schema\\\/person\\\/08f319d2bd1a0904ad9e2bfb7b15e5c3\",\"name\":\"Redazione\",\"image\":{\"@type\":\"ImageObject\",\"inLanguage\":\"it-IT\",\"@id\":\"https:\\\/\\\/secure.gravatar.com\\\/avatar\\\/2fcdf27c78ea025fbdb44e914cc63c72249ffec9dc8aafd5c82b26240ef3f346?s=96&d=mm&r=g\",\"url\":\"https:\\\/\\\/secure.gravatar.com\\\/avatar\\\/2fcdf27c78ea025fbdb44e914cc63c72249ffec9dc8aafd5c82b26240ef3f346?s=96&d=mm&r=g\",\"contentUrl\":\"https:\\\/\\\/secure.gravatar.com\\\/avatar\\\/2fcdf27c78ea025fbdb44e914cc63c72249ffec9dc8aafd5c82b26240ef3f346?s=96&d=mm&r=g\",\"caption\":\"Redazione\"},\"url\":\"https:\\\/\\\/www.rassegnastampa-totustuus.it\\\/cattolica\\\/author\\\/pietroelle\\\/\"}]}<\/script>\n<!-- \/ Yoast SEO plugin. -->","yoast_head_json":{"title":"Lgbt in crescita, frutto del contagio sociale - Rassegna Stampa Cattolica","description":"Lgbt in crescita, frutto del contagio sociale, il che smentisce il fatto che omosessuali si nasce e dimostra l'indottrinamento dei giovani","robots":{"index":"index","follow":"follow","max-snippet":"max-snippet:-1","max-image-preview":"max-image-preview:large","max-video-preview":"max-video-preview:-1"},"canonical":"https:\/\/www.rassegnastampa-totustuus.it\/cattolica\/lgbt-in-crescita-frutto-del-contagio-sociale\/","og_locale":"it_IT","og_type":"article","og_title":"Lgbt in crescita, frutto del contagio sociale - Rassegna Stampa Cattolica","og_description":"Lgbt in crescita, frutto del contagio sociale, il che smentisce il fatto che omosessuali si nasce e dimostra l'indottrinamento dei giovani","og_url":"https:\/\/www.rassegnastampa-totustuus.it\/cattolica\/lgbt-in-crescita-frutto-del-contagio-sociale\/","og_site_name":"Rassegna Stampa Cattolica","article_publisher":"https:\/\/www.facebook.com\/rassegnastampacattolica","article_published_time":"2024-04-22T10:05:30+00:00","article_modified_time":"2024-04-22T10:05:32+00:00","og_image":[{"width":344,"height":180,"url":"https:\/\/www.rassegnastampa-totustuus.it\/cattolica\/wp-content\/uploads\/2024\/04\/Omosessualita_Lgbt_gender.jpeg","type":"image\/jpeg"}],"author":"Redazione","twitter_card":"summary_large_image","twitter_creator":"@rassegnastampa9","twitter_site":"@rassegnastampa9","twitter_misc":{"Scritto da":"Redazione","Tempo di lettura stimato":"8 minuti"},"schema":{"@context":"https:\/\/schema.org","@graph":[{"@type":"Article","@id":"https:\/\/www.rassegnastampa-totustuus.it\/cattolica\/lgbt-in-crescita-frutto-del-contagio-sociale\/#article","isPartOf":{"@id":"https:\/\/www.rassegnastampa-totustuus.it\/cattolica\/lgbt-in-crescita-frutto-del-contagio-sociale\/"},"author":{"name":"Redazione","@id":"https:\/\/www.rassegnastampa-totustuus.it\/cattolica\/#\/schema\/person\/08f319d2bd1a0904ad9e2bfb7b15e5c3"},"headline":"Lgbt in crescita, frutto del contagio sociale","datePublished":"2024-04-22T10:05:30+00:00","dateModified":"2024-04-22T10:05:32+00:00","mainEntityOfPage":{"@id":"https:\/\/www.rassegnastampa-totustuus.it\/cattolica\/lgbt-in-crescita-frutto-del-contagio-sociale\/"},"wordCount":1274,"publisher":{"@id":"https:\/\/www.rassegnastampa-totustuus.it\/cattolica\/#organization"},"image":{"@id":"https:\/\/www.rassegnastampa-totustuus.it\/cattolica\/lgbt-in-crescita-frutto-del-contagio-sociale\/#primaryimage"},"thumbnailUrl":"https:\/\/www.rassegnastampa-totustuus.it\/cattolica\/wp-content\/uploads\/2024\/04\/Omosessualita_Lgbt_gender.jpeg","keywords":["ideologia del gender","Lgbt","omosessualit\u00e0","sondaggi"],"articleSection":["Ideologia del gender","Omosessualit&agrave;"],"inLanguage":"it-IT"},{"@type":"WebPage","@id":"https:\/\/www.rassegnastampa-totustuus.it\/cattolica\/lgbt-in-crescita-frutto-del-contagio-sociale\/","url":"https:\/\/www.rassegnastampa-totustuus.it\/cattolica\/lgbt-in-crescita-frutto-del-contagio-sociale\/","name":"Lgbt in crescita, frutto del contagio sociale - Rassegna Stampa Cattolica","isPartOf":{"@id":"https:\/\/www.rassegnastampa-totustuus.it\/cattolica\/#website"},"primaryImageOfPage":{"@id":"https:\/\/www.rassegnastampa-totustuus.it\/cattolica\/lgbt-in-crescita-frutto-del-contagio-sociale\/#primaryimage"},"image":{"@id":"https:\/\/www.rassegnastampa-totustuus.it\/cattolica\/lgbt-in-crescita-frutto-del-contagio-sociale\/#primaryimage"},"thumbnailUrl":"https:\/\/www.rassegnastampa-totustuus.it\/cattolica\/wp-content\/uploads\/2024\/04\/Omosessualita_Lgbt_gender.jpeg","datePublished":"2024-04-22T10:05:30+00:00","dateModified":"2024-04-22T10:05:32+00:00","description":"Lgbt in crescita, frutto del contagio sociale, il che smentisce il fatto che omosessuali si nasce e dimostra l'indottrinamento dei giovani","breadcrumb":{"@id":"https:\/\/www.rassegnastampa-totustuus.it\/cattolica\/lgbt-in-crescita-frutto-del-contagio-sociale\/#breadcrumb"},"inLanguage":"it-IT","potentialAction":[{"@type":"ReadAction","target":["https:\/\/www.rassegnastampa-totustuus.it\/cattolica\/lgbt-in-crescita-frutto-del-contagio-sociale\/"]}]},{"@type":"ImageObject","inLanguage":"it-IT","@id":"https:\/\/www.rassegnastampa-totustuus.it\/cattolica\/lgbt-in-crescita-frutto-del-contagio-sociale\/#primaryimage","url":"https:\/\/www.rassegnastampa-totustuus.it\/cattolica\/wp-content\/uploads\/2024\/04\/Omosessualita_Lgbt_gender.jpeg","contentUrl":"https:\/\/www.rassegnastampa-totustuus.it\/cattolica\/wp-content\/uploads\/2024\/04\/Omosessualita_Lgbt_gender.jpeg","width":344,"height":180},{"@type":"BreadcrumbList","@id":"https:\/\/www.rassegnastampa-totustuus.it\/cattolica\/lgbt-in-crescita-frutto-del-contagio-sociale\/#breadcrumb","itemListElement":[{"@type":"ListItem","position":1,"name":"Home","item":"https:\/\/www.rassegnastampa-totustuus.it\/cattolica\/"},{"@type":"ListItem","position":2,"name":"Lgbt in crescita, frutto del contagio sociale"}]},{"@type":"WebSite","@id":"https:\/\/www.rassegnastampa-totustuus.it\/cattolica\/#website","url":"https:\/\/www.rassegnastampa-totustuus.it\/cattolica\/","name":"Rassegna Stampa Cattolica","description":"Per una cultura che nasce dalla Rivelazione cristiana in conformit\u00e0 alla tradizione e al Magistero della Chiesa in opposizione ad ogni relativismo e totalitarismo","publisher":{"@id":"https:\/\/www.rassegnastampa-totustuus.it\/cattolica\/#organization"},"alternateName":"Rass. Cattolica","potentialAction":[{"@type":"SearchAction","target":{"@type":"EntryPoint","urlTemplate":"https:\/\/www.rassegnastampa-totustuus.it\/cattolica\/?s={search_term_string}"},"query-input":{"@type":"PropertyValueSpecification","valueRequired":true,"valueName":"search_term_string"}}],"inLanguage":"it-IT"},{"@type":"Organization","@id":"https:\/\/www.rassegnastampa-totustuus.it\/cattolica\/#organization","name":"Rassegna Stampa Cattolica","url":"https:\/\/www.rassegnastampa-totustuus.it\/cattolica\/","logo":{"@type":"ImageObject","inLanguage":"it-IT","@id":"https:\/\/www.rassegnastampa-totustuus.it\/cattolica\/#\/schema\/logo\/image\/","url":"https:\/\/www.rassegnastampa-totustuus.it\/cattolica\/wp-content\/uploads\/2014\/04\/logo-rassegna1.gif","contentUrl":"https:\/\/www.rassegnastampa-totustuus.it\/cattolica\/wp-content\/uploads\/2014\/04\/logo-rassegna1.gif","width":600,"height":163,"caption":"Rassegna Stampa Cattolica"},"image":{"@id":"https:\/\/www.rassegnastampa-totustuus.it\/cattolica\/#\/schema\/logo\/image\/"},"sameAs":["https:\/\/www.facebook.com\/rassegnastampacattolica","https:\/\/x.com\/rassegnastampa9"]},{"@type":"Person","@id":"https:\/\/www.rassegnastampa-totustuus.it\/cattolica\/#\/schema\/person\/08f319d2bd1a0904ad9e2bfb7b15e5c3","name":"Redazione","image":{"@type":"ImageObject","inLanguage":"it-IT","@id":"https:\/\/secure.gravatar.com\/avatar\/2fcdf27c78ea025fbdb44e914cc63c72249ffec9dc8aafd5c82b26240ef3f346?s=96&d=mm&r=g","url":"https:\/\/secure.gravatar.com\/avatar\/2fcdf27c78ea025fbdb44e914cc63c72249ffec9dc8aafd5c82b26240ef3f346?s=96&d=mm&r=g","contentUrl":"https:\/\/secure.gravatar.com\/avatar\/2fcdf27c78ea025fbdb44e914cc63c72249ffec9dc8aafd5c82b26240ef3f346?s=96&d=mm&r=g","caption":"Redazione"},"url":"https:\/\/www.rassegnastampa-totustuus.it\/cattolica\/author\/pietroelle\/"}]}},"_links":{"self":[{"href":"https:\/\/www.rassegnastampa-totustuus.it\/cattolica\/wp-json\/wp\/v2\/posts\/60092","targetHints":{"allow":["GET"]}}],"collection":[{"href":"https:\/\/www.rassegnastampa-totustuus.it\/cattolica\/wp-json\/wp\/v2\/posts"}],"about":[{"href":"https:\/\/www.rassegnastampa-totustuus.it\/cattolica\/wp-json\/wp\/v2\/types\/post"}],"author":[{"embeddable":true,"href":"https:\/\/www.rassegnastampa-totustuus.it\/cattolica\/wp-json\/wp\/v2\/users\/6"}],"replies":[{"embeddable":true,"href":"https:\/\/www.rassegnastampa-totustuus.it\/cattolica\/wp-json\/wp\/v2\/comments?post=60092"}],"version-history":[{"count":1,"href":"https:\/\/www.rassegnastampa-totustuus.it\/cattolica\/wp-json\/wp\/v2\/posts\/60092\/revisions"}],"predecessor-version":[{"id":60094,"href":"https:\/\/www.rassegnastampa-totustuus.it\/cattolica\/wp-json\/wp\/v2\/posts\/60092\/revisions\/60094"}],"wp:featuredmedia":[{"embeddable":true,"href":"https:\/\/www.rassegnastampa-totustuus.it\/cattolica\/wp-json\/wp\/v2\/media\/60093"}],"wp:attachment":[{"href":"https:\/\/www.rassegnastampa-totustuus.it\/cattolica\/wp-json\/wp\/v2\/media?parent=60092"}],"wp:term":[{"taxonomy":"category","embeddable":true,"href":"https:\/\/www.rassegnastampa-totustuus.it\/cattolica\/wp-json\/wp\/v2\/categories?post=60092"},{"taxonomy":"post_tag","embeddable":true,"href":"https:\/\/www.rassegnastampa-totustuus.it\/cattolica\/wp-json\/wp\/v2\/tags?post=60092"}],"curies":[{"name":"wp","href":"https:\/\/api.w.org\/{rel}","templated":true}]}}