{"id":60057,"date":"2024-04-19T13:34:25","date_gmt":"2024-04-19T11:34:25","guid":{"rendered":"https:\/\/www.rassegnastampa-totustuus.it\/cattolica\/?p=60057"},"modified":"2024-04-19T13:34:27","modified_gmt":"2024-04-19T11:34:27","slug":"studio-ribalta-dogma-climatista-la-co2-non-e-la-causa-ma-leffetto","status":"publish","type":"post","link":"https:\/\/www.rassegnastampa-totustuus.it\/cattolica\/studio-ribalta-dogma-climatista-la-co2-non-e-la-causa-ma-leffetto\/","title":{"rendered":"Studio ribalta il dogma climatista"},"content":{"rendered":"<p style=\"text-align: justify;\"><span style=\"color: #0000ff;\"><strong><a style=\"color: #0000ff;\" href=\"https:\/\/www.nicolaporro.it\/atlanticoquotidiano\/quotidiano\/\" target=\"_blank\" rel=\"noopener\"><img loading=\"lazy\" decoding=\"async\" class=\"size-full wp-image-44226 alignleft\" src=\"https:\/\/www.rassegnastampa-totustuus.it\/cattolica\/wp-content\/uploads\/2019\/09\/ambiente_CO2.jpg\" alt=\"\" width=\"289\" height=\"174\" \/><\/a><span style=\"color: #000000;\">Abstract:\u00a0 <\/span><\/strong><em><span style=\"color: #000000;\">s<\/span><span style=\"color: #000000;\">tudio ribalta il dogma climatista. Partendo da un modello semplificato di assorbimento dei raggi solari da parte dei gas serra e assimilando la Terra a un corpo nero \u2013 modello invero estremamente rudimentale che non tiene conto di una miriade di fattori, primo tra i quali l\u2019effetto delle nubi e, in generale, del vapore acqueo \u2013 questa teoria prevede infatti che la temperatura globale media GMT (Global Mean Temperature) cresca come conseguenza della crescita della concentrazione in atmosfera dei gas serra, prevalentemente dell\u2019anidride carbonica (CO<sub>2<\/sub>).<\/span><\/em><\/span><\/p>\n<p><!--more--><\/p>\n<p style=\"text-align: center;\"><span style=\"color: #0000ff;\"><strong><a style=\"color: #0000ff;\" href=\"https:\/\/www.nicolaporro.it\/atlanticoquotidiano\/quotidiano\/\" target=\"_blank\" rel=\"noopener\">Atlantico quotidiano<\/a> <\/strong><\/span>10 Aprile 2024<\/p>\n<h3 style=\"text-align: center;\"><span style=\"color: #000000;\">Lo studio che ribalta il dogma climatista: <\/span><\/h3>\n<h3 style=\"text-align: center;\"><span style=\"color: #000000;\">la CO2 non \u00e8 la causa, ma l\u2019effetto\u00a0<\/span><\/h3>\n<p style=\"text-align: justify;\"><span style=\"color: #000000;\"><em>Correlazione non \u00e8 causazione: l\u2019aumento delle temperature causa l\u2019aumento di CO2, non viceversa. Lo dicono gli stessi dati grezzi raccolti dalla climatologia \u201cufficiale\u201d<\/em> di<\/span><\/p>\n<p style=\"text-align: center;\"><strong> <span style=\"color: #0000ff;\"><a style=\"color: #0000ff;\" href=\"https:\/\/www.nicolaporro.it\/autori\/vincent-vega\/\" target=\"_blank\" rel=\"noopener\">Vincent Vega<\/a><\/span><\/strong><\/p>\n<p style=\"text-align: justify;\"><span style=\"color: #000000;\"><em><img loading=\"lazy\" decoding=\"async\" class=\" wp-image-55512 alignright\" src=\"https:\/\/www.rassegnastampa-totustuus.it\/cattolica\/wp-content\/uploads\/2023\/01\/ambiente_clima_CO2-300x168.jpg\" alt=\"\" width=\"350\" height=\"196\" \/>\u201c\u00c8 nato prima l\u2019uovo o la gallina?\u201d<\/em> Tutti noi usiamo questo celebre aforisma ogni volta che ci imbattiamo in una questione in cui non sia affatto semplice stabilire <strong>l\u2019origine della responsabilit\u00e0 di certe azioni<\/strong> da cui poi scaturiscono reazioni che portano ad ulteriori reazioni e cos\u00ec via. Lo usiamo spesso, ad esempio, quando parliamo dei conflitti regionali che affliggono il pianeta in cui molto spesso le ragioni e i torti dei contendenti hanno origine nella notte dei tempi ed essi si sovrappongono e si intrecciano in maniera tale da rendere praticamente impossibile stabilire oggi da chi sia stato effettivamente originato il conflitto stesso.<\/span><\/p>\n<p style=\"text-align: justify;\"><span style=\"color: #000000;\">In ambito scientifico, \u00e8 invece di fondamentale importanza stabilire sempre se sia nato prima l\u2019uovo o la gallina, cio\u00e8 <strong>quale sia la causa e quale l\u2019effetto<\/strong>, in un dato fenomeno osservato, perch\u00e9 questo pu\u00f2 fare tutta la differenza del mondo in termini di comprensione del fenomeno stesso ed eventualmente in termini di soluzioni, laddove questo si palesi come un problema per l\u2019umanit\u00e0 e possa essere affrontato e risolto dall\u2019uomo<\/span><\/p>\n<p style=\"text-align: justify;\"><span style=\"color: #000000;\">Uno dei casi in cui \u00e8 quanto mai indispensabile discernere causa ed effetto \u00e8 quello della teoria climatica oggi in voga, quella cio\u00e8 che asserisce che il <strong>riscaldamento globale<\/strong> sia dovuto alle emissioni di gas serra (CO<sub>2<\/sub> <em>in primis <\/em>ed altri gas) di origine antropica (cio\u00e8, originate dall\u2019uomo) e specificatamente causate dall\u2019utilizzo dei combustibili fossili. <\/span><\/p>\n<p style=\"text-align: justify;\"><span style=\"color: #000000;\">Partendo da un modello semplificato di assorbimento dei raggi solari da parte dei gas serra e assimilando la Terra a un corpo nero \u2013 modello invero estremamente rudimentale che non tiene conto di una miriade di fattori, primo tra i quali l\u2019effetto delle nubi e, in generale, del vapore acqueo \u2013 questa teoria prevede infatti che la temperatura globale media GMT (<em>Global Mean Temperature<\/em>) cresca come conseguenza della crescita della concentrazione in atmosfera dei gas serra, prevalentemente dell\u2019anidride carbonica (CO<sub>2<\/sub>).<\/span><\/p>\n<h4 style=\"text-align: center;\"><span style=\"color: #000000;\"><strong>Rovesciato il paradigma<\/strong><\/span><\/h4>\n<p style=\"text-align: justify;\"><span style=\"color: #000000;\"><img loading=\"lazy\" decoding=\"async\" class=\" wp-image-49379 alignleft\" src=\"https:\/\/www.rassegnastampa-totustuus.it\/cattolica\/wp-content\/uploads\/2020\/11\/ambientalismo_clima_warming-300x170.jpg\" alt=\"\" width=\"378\" height=\"214\" srcset=\"https:\/\/www.rassegnastampa-totustuus.it\/cattolica\/wp-content\/uploads\/2020\/11\/ambientalismo_clima_warming-300x170.jpg 300w, https:\/\/www.rassegnastampa-totustuus.it\/cattolica\/wp-content\/uploads\/2020\/11\/ambientalismo_clima_warming-768x435.jpg 768w, https:\/\/www.rassegnastampa-totustuus.it\/cattolica\/wp-content\/uploads\/2020\/11\/ambientalismo_clima_warming-1024x580.jpg 1024w, https:\/\/www.rassegnastampa-totustuus.it\/cattolica\/wp-content\/uploads\/2020\/11\/ambientalismo_clima_warming.jpg 1620w\" sizes=\"auto, (max-width: 378px) 100vw, 378px\" \/>Ebbene, lo scorso settembre il professor <strong>Demetris Koutsoyiannis<\/strong> dell\u2019Universit\u00e0 Tecnica di Atene, coadiuvato dai proff. <strong>Antonis Christofides<\/strong> della medesima universit\u00e0, <strong>Christian Onof<\/strong> dell\u2019<em>Imperial College<\/em> di Londra e <strong>Zbigniew Kundzewicz<\/strong> dell\u2019Universit\u00e0 di Pozna\u0144, hanno pubblicato un interessantissimo articolo scientifico dal titolo<\/span> <em>\u201c<span style=\"color: #0000ff;\"><a style=\"color: #0000ff;\" href=\"https:\/\/www.mdpi.com\/2413-4155\/5\/3\/35\" target=\"_blank\" rel=\"noopener\">On Hens, Eggs, Temperatures and CO<sub>2<\/sub>: Causal Links in Earth\u2019s Atmosphere<\/a><\/span>\u201d<\/em> <span style=\"color: #000000;\">che dimostra di l\u00e0 da ogni ragionevole dubbio che non \u00e8 l\u2019incremento di concentrazione della CO<sub>2<\/sub> in atmosfera che provoca l\u2019incremento della temperatura media globale ma \u00e8 <strong>l\u2019esatto opposto<\/strong>: \u00e8 l\u2019incremento della temperatura media globale che provoca l\u2019incremento della concentrazione della CO<u><sub>2<\/sub><\/u> in atmosfera.<\/span><\/p>\n<p style=\"text-align: justify;\"><span style=\"color: #000000;\">In altre parole, il lavoro del prof. Koutsoyiannis <strong>rovescia il paradigma<\/strong> supinamente accettato come verit\u00e0 scientifica indiscutibile a tutti i livelli da pi\u00f9 di 35 anni circa la causa del riscaldamento globale e \u2013 cosa che ha dell\u2019incredibile per come la climatologia \u00e8 stata purtroppo intesa nel corso degli ultimi anni \u2013 non lo fa attraverso differenti, arzigogolati o stravaganti modelli numerici alternativi a quelli \u201cufficiali\u201d ma \u2013 udite udite! \u2013 utilizzando <strong>lo stesso insieme di dati sperimentali grezzi<\/strong> relativi alle temperature e alle concentrazioni di CO<sub>2<\/sub> raccolti dalla climatologia \u201cufficiale\u201d, analizzati per\u00f2 alla luce di una metodologia teorica statistica idonea a testare la bont\u00e0 e l\u2019esistenza di un nesso di causalit\u00e0 tra due processi.<\/span><\/p>\n<p style=\"text-align: justify;\"><span style=\"color: #000000;\">Insomma, il <strong>buon vecchio metodo sperimentale galileiano<\/strong> unito a quello che ha tutta l\u2019aria di essere <em>\u201cl\u2019uovo di Colombo\u201d<\/em> della statistica. Con un pizzico di enfasi, lasciatemi quindi affermare che Atene, culla della civilt\u00e0 occidentale, ci indica oggi nuovamente la retta via della scienza. Ma procediamo con ordine e vediamo di capire meglio di cosa si tratta. Tuttavia, prima di far ci\u00f2, \u00e8 opportuno richiamare alcuni concetti fondamentali della teoria dei sistemi.<\/span><\/p>\n<h4 style=\"text-align: center;\"><span style=\"color: #000000;\"><strong>Sistemi causali<\/strong><\/span><\/h4>\n<p style=\"text-align: justify;\"><span style=\"color: #000000;\">Nella teoria dei sistemi, che trova applicazioni in ogni campo dello scibile, un sistema con un insieme di ingressi (causa) ed uno di uscite (effetto) si dice <em>\u201ccausale\u201d<\/em> se le uscite non dipendono dai valori futuri degli ingressi ma soltanto dai loro valori attuali e passati. In altre parole, in tutti i sistemi che rispettano il <strong>principio di causalit\u00e0<\/strong>, detti anche per ovvi motivi sistemi <em>\u201cfisicamente realizzabili\u201d<\/em>, l\u2019effetto (uscite) non pu\u00f2 mai anticipare la causa (ingressi).<\/span><\/p>\n<p style=\"text-align: justify;\"><span style=\"color: #000000;\">Questa definizione, all\u2019apparenza semplice e intuitiva, ha implicazioni sostanziali in tutti i campi della scienza e della tecnologia e ci dice in soldoni che in ogni fenomeno fisico in cui siano ben stabiliti quali siano la causa e l\u2019effetto, quest\u2019ultimo non pu\u00f2 mai anticipare la prima ma deve essere sempre <strong>temporalmente successivo<\/strong>. Naturalmente, a seconda del fenomeno in questione, il tempo di risposta di un sistema alla sollecitazione in ingresso pu\u00f2 essere pi\u00f9 o meno grande. Facciamo un paio di esempi semplificativi.<\/span><\/p>\n<p style=\"text-align: justify;\"><span style=\"color: #000000;\"><img loading=\"lazy\" decoding=\"async\" class=\" wp-image-46182 alignleft\" src=\"https:\/\/www.rassegnastampa-totustuus.it\/cattolica\/wp-content\/uploads\/2020\/01\/greta-thunberg_clima_ambiente-300x150.jpg\" alt=\"\" width=\"356\" height=\"178\" srcset=\"https:\/\/www.rassegnastampa-totustuus.it\/cattolica\/wp-content\/uploads\/2020\/01\/greta-thunberg_clima_ambiente-300x150.jpg 300w, https:\/\/www.rassegnastampa-totustuus.it\/cattolica\/wp-content\/uploads\/2020\/01\/greta-thunberg_clima_ambiente-768x384.jpg 768w, https:\/\/www.rassegnastampa-totustuus.it\/cattolica\/wp-content\/uploads\/2020\/01\/greta-thunberg_clima_ambiente-1024x512.jpg 1024w, https:\/\/www.rassegnastampa-totustuus.it\/cattolica\/wp-content\/uploads\/2020\/01\/greta-thunberg_clima_ambiente.jpg 2000w\" sizes=\"auto, (max-width: 356px) 100vw, 356px\" \/>Se volete <strong>accendere la luce<\/strong>, quello che dovete fare \u00e8 premere l\u2019interruttore. In questo caso, la causa scatenante del fenomeno <em>\u201clampadina accesa\u201d<\/em> \u00e8 la vostra azione sull\u2019interruttore il quale, chiudendo il circuito elettrico in cui \u00e8 inserita la lampadina, porta la tensione di casa (220 Volt) ai capi della lampadina stessa che finalmente si illumina. L\u2019accensione della lampadina \u00e8 pertanto successiva temporalmente alla chiusura dell\u2019interruttore.<\/span><\/p>\n<p style=\"text-align: justify;\"><span style=\"color: #000000;\">Ovviamente, poich\u00e9 la corrente elettrica si propaga alla velocit\u00e0 della luce (3\u00d710<sup>8<\/sup> m\/s), la lampadina sembrer\u00e0 <em>apparentemente<\/em> accendersi nello stesso istante in cui si chiude l\u2019interruttore. In realt\u00e0, il tempo di accensione \u00e8 nell\u2019ordine dei milionesimi di secondo. In ogni caso, quale che sia il tempo di accensione, a nessuno verrebbe mai in mente di immaginare che sia possibile che una lampadina possa accendersi prima che il suo interruttore venga chiuso (<em>tranne che non siate dei fan sfegatati della serie tv \u201cFringe\u201d come me!<\/em>).<\/span><\/p>\n<p style=\"text-align: justify;\"><span style=\"color: #000000;\">Analogamente, se volete accendere il <strong>riscaldamento domestico<\/strong> dovrete comandare l\u2019accensione della caldaia (ammesso usiate una caldaia a gas). In questo caso, la causa scatenante del fenomeno <em>\u201ctermosifoni caldi\u201d<\/em> \u00e8 la vostra azione sul cronotermostato, il quale comanda a sua volta l\u2019accensione della caldaia che comincia a riscaldare l\u2019acqua che circola nei termosifoni, i quali a loro volta cominceranno a riscaldarsi apprezzabilmente in non meno di una decina di minuti<\/span><\/p>\n<p style=\"text-align: justify;\">I<span style=\"color: #000000;\">n questo caso, a differenza dell\u2019accensione della lampadina, l\u2019effetto del riscaldamento acceso si avvertir\u00e0 con <strong>parecchi minuti di ritardo<\/strong> rispetto all\u2019accensione della caldaia. Anche in questo caso, per\u00f2, a nessuno verrebbe mai in mente di immaginare che sia possibile che i termosifoni possano essere caldi prima che il cronotermostato accenda la caldaia. Ecco, i due esempi visti sono di due sistemi fisicamente realizzabili in cui l\u2019effetto \u00e8 naturalmente successivo alla causa.<\/span><\/p>\n<h4 style=\"text-align: center;\"><span style=\"color: #000000;\"><strong>L\u2019articolo del prof. Koutsoyiannis<\/strong><\/span><\/h4>\n<p style=\"text-align: justify;\"><span style=\"color: #000000;\"><img loading=\"lazy\" decoding=\"async\" class=\"wp-image-30174 alignright\" src=\"https:\/\/www.rassegnastampa-totustuus.it\/cattolica\/wp-content\/uploads\/2012\/02\/clima.jpg\" alt=\"\" width=\"355\" height=\"236\" \/>Una volta chiarito il concetto di sistema causale, vediamo adesso cosa dice in dettaglio l\u2019articolo del professor Koutsoyiannis. Tralasciando tutta la parte di dimostrazione che sarebbe molto complessa da spiegare in termini semplici ma che comunque chi \u00e8 interessato pu\u00f2 trovare<\/span> <span style=\"color: #0000ff;\"><a style=\"color: #0000ff;\" href=\"https:\/\/www.mdpi.com\/2413-4155\/5\/3\/35\" target=\"_blank\" rel=\"noopener\">qui<\/a><\/span>, <span style=\"color: #000000;\">come dicevamo l\u2019articolo parte dai <strong>dati sperimentali<\/strong> di temperatura media globale e di concentrazione di CO<sub>2<\/sub> in atmosfera e fa il seguente ragionamento.<\/span><\/p>\n<p style=\"text-align: justify;\"><span style=\"color: #000000;\">Supponiamo che la teoria in voga sul riscaldamento globale sia vera, e cio\u00e8 che l\u2019incremento di concentrazione di CO<sub>2<\/sub> in atmosfera sia la causa dell\u2019incremento della temperatura media globale. In tal caso, poich\u00e9 il pianeta pu\u00f2 essere immaginato come un enorme sistema causale, dovremmo trovare una <strong>stretta correlazione<\/strong> tra le concentrazioni di CO<sub>2<\/sub> misurate in un certo intervallo di tempo e le temperature osservate traslando l\u2019intervallo di osservazione di un certo tempo di risposta, come accade in ogni sistema causale.<\/span><\/p>\n<p style=\"text-align: justify;\"><span style=\"color: #000000;\">Mettendo poi in grafico le variazioni di concentrazione di CO<sub>2<\/sub> (per la precisione, le variazioni dei logaritmi naturali della concentrazione) con le variazioni di temperatura misurate con quel ritardo, dovremmo quindi essere in grado di <strong>valutare la correlazione<\/strong> tra i due insiemi di grandezze. Variando inoltre opportunamente il tempo di ritardo, potremmo infine determinare quello che massimizza la correlazione tra le grandezze in questione<\/span>.<\/p>\n<p style=\"text-align: justify;\"><span style=\"color: #000000;\">Ebbene, per nessun valore di ritardo tra misure della concentrazione di CO<sub>2<\/sub> e quelle corrispondenti della temperatura il coefficiente di correlazione \u201cR\u201d (<em>NdR: coefficiente di correlazione: numero compreso tra 0 e 1 che esprime la misura della correlazione tra due insiemi di grandezze sperimentali, 0: \u201cnessuna correlazione\u201d, 1: \u201ccorrelazione massima\u201d<\/em>) si discosta dal valore R = 0,01, cio\u00e8 dal fatto che <strong>non vi sia praticamente alcuna correlazione<\/strong> tra i due set di grandezze<\/span>.<\/p>\n<p style=\"text-align: justify;\"><span style=\"color: #000000;\">Viceversa, facendo l\u2019opposto, cio\u00e8, considerando le misure di temperatura come la causa e le misure di concentrazione di CO<sub>2<\/sub> come l\u2019effetto, prese con un certo tempo di ritardo, facendo variare opportunamente quest\u2019ultimo per massimizzare la correlazione, \u00e8 emerso che, prendendo le misure di concentrazione della CO<sub>2<\/sub> sei mesi dopo le corrispondenti misure di temperatura, la correlazione tra le grandezze cos\u00ec considerate vale R = 0,75, numero che corrisponde a una <strong>correlazione pi\u00f9 che buona<\/strong> tra i due set di grandezze.<\/span><\/p>\n<p style=\"text-align: justify;\"><span style=\"color: #000000;\">Ci\u00f2 ci dice quindi in maniera inequivocabile che l\u2019aumento di concentrazione della CO<sub>2<\/sub> in atmosfera \u00e8 l\u2019effetto dell\u2019aumento della temperatura media globale e <strong>non la sua causa<\/strong>.<\/span><\/p>\n<p><img loading=\"lazy\" decoding=\"async\" class=\" wp-image-60058 aligncenter\" src=\"https:\/\/www.rassegnastampa-totustuus.it\/cattolica\/wp-content\/uploads\/2024\/04\/grafico_CO2.webp\" alt=\"\" width=\"687\" height=\"360\" \/><\/p>\n<h4 style=\"text-align: center;\"><strong>S<span style=\"color: #000000;\">piegazione qualitativa<\/span><\/strong><\/h4>\n<p style=\"text-align: justify;\"><span style=\"color: #000000;\">La spiegazione qualitativa del sorprendente risultato dell\u2019articolo del professor Koutsoyiannis \u00e8 da ricercarsi nei \u201cserbatoi\u201d stessi di CO<sub>2<\/sub> del pianeta e negli scambi gassosi tra di essi. \u00c8 noto, infatti, che la CO<sub>2<\/sub> contenuta in atmosfera sia pari a circa 2 mila miliardi di tonnellate (2,112\u221910<sup>12<\/sup> ton) e che essa sia addirittura venti volte di pi\u00f9 negli oceani (4\u221910<sup>13<\/sup> ton).<\/span><\/p>\n<p style=\"text-align: justify;\"><span style=\"color: #000000;\">Consideriamo in particolare la CO<sub>2<\/sub> contenuta negli oceani. \u00c8 noto che la solubilit\u00e0 in acqua della CO<sub>2<\/sub> alla temperatura media degli oceani (5 \u00b0C) valga all\u2019incirca 2,5 g\/ 100 g di acqua e che essa si riduca drasticamente con l\u2019aumentare della temperatura fino a dimezzarsi a circa 25 \u00b0C secondo lo stesso fenomeno della <em>\u201cbibita sgasata\u201d<\/em> ben noto a tutti.<\/span><\/p>\n<p style=\"text-align: justify;\"><span style=\"color: #000000;\">Ebbene, anche solo considerando che la temperatura dei primi 20 centimetri degli oceani si innalzi dai 5 \u00b0C in inverno ai 25 \u00b0C in estate, il rilascio di CO<sub>2<\/sub> in atmosfera equivale a ben 50 miliardi di tonnellate di CO<sub>2<\/sub>, cio\u00e8 circa <strong>una volta e mezzo la produzione annuale globale di CO<sub>2<\/sub> di origine antropica<\/strong> (37 miliardi di tonnellate) e il 2,5 percento circa di tutta la CO<sub>2<\/sub> contenuta in atmosfera. In realt\u00e0, l\u2019innalzamento di temperatura interessa di solito strati pi\u00f9 profondi di acqua; sicch\u00e9, il rilascio periodico di CO<sub>2<\/sub> dagli oceani in atmosfera e, quindi, l\u2019innalzamento della sua concentrazione, assume rilievo ancora maggiore.<\/span><\/p>\n<p style=\"text-align: justify;\"><span style=\"color: #000000;\"><img loading=\"lazy\" decoding=\"async\" class=\" wp-image-60060 alignleft\" src=\"https:\/\/www.rassegnastampa-totustuus.it\/cattolica\/wp-content\/uploads\/2024\/04\/ambiente_clima_CO2.jpeg\" alt=\"\" width=\"328\" height=\"236\" \/>Lo scambio gassoso tra oceani e atmosfera (e viceversa) spiega poi bene anche il <strong>tempo di ritardo di sei mesi<\/strong> tra incremento di temperatura e incremento di concentrazione della CO<sub>2<\/sub> in atmosfera, considerate le masse in gioco e la stagionalit\u00e0 delle variazioni di temperatura.<\/span><\/p>\n<p style=\"text-align: justify;\"><span style=\"color: #000000;\">Inoltre, lo scenario di crescita della temperatura media globale in cui ci muoviamo dalla met\u00e0 dell\u2019Ottocento, cio\u00e8 dal termine dell\u2019ultima piccola glaciazione, pari oggi a circa +2 \u00b0C rispetto alla temperatura di allora presa arbitrariamente dai climatologi come temperatura ottimale di riferimento \u2013 non si sa bene per qual motivo \u2013 su cui calcolare la cosiddetta <em>\u201canomalia di temperatura\u201d<\/em>, spiega inoltre come mai la concentrazione di CO<sub>2<\/sub> in atmosfera sia anch\u2019essa via via <strong>cresciuta nel tempo<\/strong> da allora, da 280 a 410 ppm<\/span><\/p>\n<p style=\"text-align: justify;\"><span style=\"color: #000000;\">Crescita che \u00e8 stata <strong>erroneamente interpretata<\/strong> dai climatologi come dovuta all\u2019utilizzo su vasta scala dei combustibili fossili a causa della perversa coincidenza temporale tra la fine dell\u2019ultima piccola glaciazione e l\u2019inizio della Rivoluzione industriale: tipico errore di \u201c<em>correlazione non \u00e8 causazione<\/em>\u201d, se sapete cosa intendo.<\/span><\/p>\n<p style=\"text-align: justify;\"><span style=\"color: #000000;\">Lo studio del professor Koutsoyiannis <strong>spazza via ogni equivoco e ogni dubbio<\/strong> intorno a questi fatti e rappresenta una vera e propria \u201c<em>rivoluzione copernicana<\/em>\u201d nella comprensione del fenomeno del riscaldamento globale, sgombrando il campo una volta per tutte dalle fandonie del <em>mainstream<\/em> circa le colpe dell\u2019uomo e dei combustibili fossili su tale riscaldamento.<\/span><\/p>\n<p style=\"text-align: center;\"><span style=\"color: #000000;\"><strong>Perch\u00e9 la temperatura sale <\/strong><\/span><\/p>\n<p style=\"text-align: justify;\"><span style=\"color: #000000;\">L\u2019articolo scientifico del professor Koutsoyiannis spiega bene quello che non \u00e8, cio\u00e8 non \u00e8 l\u2019aumento di concentrazione di CO<sub>2<\/sub> in atmosfera responsabile dell\u2019aumento della temperatura globale media. Ci\u00f2 che invece l\u2019articolo ovviamente non spiega, non essendo oggetto dello studio, \u00e8 quali siano le <strong>reali cause del riscaldamento globale<\/strong> che \u00e8 indubbiamente in atto, pur se con le mille riserve legate all\u2019affidabilit\u00e0 delle misure di temperatura del passato che abbiamo analizzato su questo stesso giornale<\/span><span style=\"color: #0000ff;\"> <a style=\"color: #0000ff;\" href=\"https:\/\/www.nicolaporro.it\/atlanticoquotidiano\/quotidiano\/aq-economia\/caldo-record-o-grande-inganno-ecco-perche-dati-e-confronti-sono-falsati\/\" target=\"_blank\" rel=\"noopener\">un anno fa circa<\/a><\/span><\/p>\n<p style=\"text-align: justify;\"><span style=\"color: #000000;\">Diciamo pure che, considerando che il sole \u00e8 da sempre il <strong>motore primo di ogni fenomeno<\/strong> che avviene sulla Terra, con ogni probabilit\u00e0 esso \u00e8 dovuto all\u2019attivit\u00e0 solare pi\u00f9 intensa che 150 anni fa ha peraltro consentito l\u2019uscita del pianeta dall\u2019ultima piccola glaciazione.<\/span><\/p>\n<p style=\"text-align: justify;\"><span style=\"color: #000000;\">A tal proposito, \u00e8 interessante osservare che, nel corso degli ultimi 65 anni, l\u2019intensit\u00e0 della radiazione solare media \u00e8 cresciuta di circa 0,12 W\/m<sup>2<\/sup>, una quantit\u00e0 all\u2019apparenza insignificante ma che, trasposta sull\u2019intera estensione del disco della Terra (la sezione della Terra ortogonale ai raggi solari), 127.516.118 km<sup>2<\/sup>, equivale a una potenza di irraggiamento aggiuntiva media di 15,3 TW (15,3 miliardi di kW) che porta a una maggiore energia annua di irraggiamento in arrivo sulla Terra di 134.120 TWh: come si vede, <strong>numeri niente affatto trascurabili<\/strong> che potrebbero aver contribuito al lento incremento della temperatura media globale.<\/span><\/p>\n<p><img loading=\"lazy\" decoding=\"async\" class=\" wp-image-60059 aligncenter\" src=\"https:\/\/www.rassegnastampa-totustuus.it\/cattolica\/wp-content\/uploads\/2024\/04\/grafico_CO2-1.webp\" alt=\"\" width=\"694\" height=\"438\" \/><\/p>\n<h4 style=\"text-align: center;\"><span style=\"color: #000000;\"><strong>Una guerra culturale<\/strong><\/span><\/h4>\n<p style=\"text-align: justify;\"><span style=\"color: #000000;\">Il lavoro del gruppo di studio che ha dato origine alla pubblicazione scientifica oggetto di questo articolo mette una <strong>pietra tombale<\/strong> sulla teoria del riscaldamento globale di origine antropica e meriterebbe una ben maggiore diffusione rispetto al silenzio con il quale esso \u00e8 stato accolto dalla comunit\u00e0 scientifica.<\/span><\/p>\n<p style=\"text-align: justify;\"><span style=\"color: #000000;\">Purtroppo per\u00f2, come abbiamo gi\u00e0 cercato di spiegare tempo fa<\/span> <a href=\"https:\/\/www.nicolaporro.it\/atlanticoquotidiano\/quotidiano\/aq-politica\/quattro-errori-da-evitare-se-vogliamo-rovesciare-la-narrazione-green\/\" target=\"_blank\" rel=\"noopener\"><span style=\"color: #0000ff;\">in un altro articolo<\/span><\/a> <span style=\"color: #000000;\">su questo stesso giornale, i motivi che spingono una cos\u00ec vasta fetta di individui a credere ciecamente al dogma del riscaldamento globale di origine antropica sono i pi\u00f9 disparati: si va dalla buona fede di buona parte degli attivisti alla vanagloria di tanti accademici che si beano di sentirsi parte di un\u2019\u00e9lite selezionata che porta finanziamenti alle proprie ricerche, le quali fanno a loro volta accrescere il loro prestigio all\u2019interno di quelle stesse \u00e9lites in una <strong>perversa spirale di autoreferenzialit\u00e0<\/strong>.<\/span><\/p>\n<p style=\"text-align: justify;\"><span style=\"color: #000000;\">Fino ai biechi interessi economici delle multinazionali del cosiddetto <em>\u201cgreen\u201d<\/em> che fanno <strong>profitti spaventosi deturpando l\u2019ambiente<\/strong> con l\u2019installazione delle devastanti tecnologie eoliche e fotovoltaiche con l\u2019avallo complice di governi proni allo stesso dogma della <em>\u201cdecarbonizzazione\u201d<\/em> da cui ricavano a loro volta potere e credibilit\u00e0 internazionale.<\/span><\/p>\n<p style=\"text-align: justify;\"><span style=\"color: #000000;\">Una melassa appiccicosa e informe che pervade ogni meandro della vita pubblica globale, per combattere la quale occorre fare innanzitutto una <strong>guerra culturale<\/strong> partendo proprio dalle basi: \u00e8 falso che l\u2019incremento della concentrazione di CO<sub>2<\/sub> in atmosfera sia responsabile dell\u2019incremento della temperatura media globale ma \u00e8 vero l\u2019esatto contrario.<\/span><\/p>\n<p style=\"text-align: justify;\"><span style=\"color: #000000;\">Solo se saremo disposti a cambiare noi stessi paradigma riusciremo ad avere una speranza di cambiamento del modo di intendere il rispetto per l\u2019ambiente \u2013 quello vero, non quello <em>\u201cgreen\u201d<\/em> \u2013 e tornare a combattere le <strong>battaglie del vero ecologismo<\/strong> che sono rimaste indietro nel corso degli ultimi trent\u2019anni, irrimediabilmente offuscate dal falso mito della demonizzazione della CO<sub>2<\/sub>: la lotta alle microplastiche negli oceani e allo sversamento selvaggio di prodotti tossici nelle falde acquifere, la salvaguardia degli ecosistemi compatibile con lo sviluppo economico, la risoluzione del problema dei rifiuti tecnologici \u2013 <em>in primis<\/em> le pale in disuso delle turbine eoliche e i pannelli fotovoltaici obsoleti \u2013 il ritorno alla valorizzazione delle risorse agricole, tanto per citarne alcuni.<\/span><\/p>\n<p style=\"text-align: justify;\"><span style=\"color: #000000;\">Ecco, se sapremo farne tesoro, in questo scenario lo studio del professor Koutsoyiannis sar\u00e0 una freccia in pi\u00f9 al nostro arco.<\/span><\/p>\n<p>_____________________________________<\/p>\n<p><strong><span style=\"color: #000000;\">Leggi anche:<\/span><\/strong><\/p>\n<p><a href=\"https:\/\/www.rassegnastampa-totustuus.it\/cattolica\/la-famigerata-co2-non-ha-alcun-effetto-sul-clima-e-non-e-per-nulla-famigerata\/\" target=\"_blank\" rel=\"noopener\"><span style=\"color: #0000ff;\">La famigerata CO2 non ha alcun effetto sul clima. E non \u00e8 per nulla famigerata.<\/span><\/a><\/p>\n","protected":false},"excerpt":{"rendered":"<p>Abstract:\u00a0 studio ribalta il dogma climatista. Partendo da un modello semplificato di assorbimento dei raggi solari da parte dei gas serra e assimilando la Terra a un corpo nero \u2013 modello invero estremamente rudimentale che non tiene conto di una miriade di fattori, primo tra i quali l\u2019effetto delle nubi e, in generale, del vapore &hellip; <\/p>\n<p><a class=\"more-link btn\" href=\"https:\/\/www.rassegnastampa-totustuus.it\/cattolica\/studio-ribalta-dogma-climatista-la-co2-non-e-la-causa-ma-leffetto\/\">Continua a leggere<\/a><\/p>\n","protected":false},"author":6,"featured_media":44226,"comment_status":"closed","ping_status":"closed","sticky":false,"template":"","format":"standard","meta":{"footnotes":""},"categories":[3],"tags":[2886,2305,498],"class_list":["post-60057","post","type-post","status-publish","format-standard","has-post-thumbnail","hentry","category-ambientalismo","tag-ambientaliasmo","tag-clima","tag-global-warming","item-wrap"],"yoast_head":"<!-- This site is optimized with the Yoast SEO plugin v27.4 - https:\/\/yoast.com\/product\/yoast-seo-wordpress\/ -->\n<title>Studio ribalta il dogma climatista - Rassegna Stampa Cattolica<\/title>\n<meta name=\"description\" content=\"Studio ribalta il dogma climatista: la CO2 non \u00e8 la causa, ma l\u2019effetto. Lo dice la stessa climatologia &quot;ufficiale&quot;\" \/>\n<meta name=\"robots\" content=\"index, follow, max-snippet:-1, max-image-preview:large, max-video-preview:-1\" \/>\n<link rel=\"canonical\" href=\"https:\/\/www.rassegnastampa-totustuus.it\/cattolica\/studio-ribalta-dogma-climatista-la-co2-non-e-la-causa-ma-leffetto\/\" \/>\n<meta property=\"og:locale\" content=\"it_IT\" \/>\n<meta property=\"og:type\" content=\"article\" \/>\n<meta property=\"og:title\" content=\"Studio ribalta il dogma climatista - Rassegna Stampa Cattolica\" \/>\n<meta property=\"og:description\" content=\"Studio ribalta il dogma climatista: la CO2 non \u00e8 la causa, ma l\u2019effetto. Lo dice la stessa climatologia &quot;ufficiale&quot;\" \/>\n<meta property=\"og:url\" content=\"https:\/\/www.rassegnastampa-totustuus.it\/cattolica\/studio-ribalta-dogma-climatista-la-co2-non-e-la-causa-ma-leffetto\/\" \/>\n<meta property=\"og:site_name\" content=\"Rassegna Stampa Cattolica\" \/>\n<meta property=\"article:publisher\" content=\"https:\/\/www.facebook.com\/rassegnastampacattolica\" \/>\n<meta property=\"article:published_time\" content=\"2024-04-19T11:34:25+00:00\" \/>\n<meta property=\"article:modified_time\" content=\"2024-04-19T11:34:27+00:00\" \/>\n<meta property=\"og:image\" content=\"https:\/\/www.rassegnastampa-totustuus.it\/cattolica\/wp-content\/uploads\/2019\/09\/ambiente_CO2.jpg\" \/>\n\t<meta property=\"og:image:width\" content=\"289\" \/>\n\t<meta property=\"og:image:height\" content=\"174\" \/>\n\t<meta property=\"og:image:type\" content=\"image\/jpeg\" \/>\n<meta name=\"author\" content=\"Redazione\" \/>\n<meta name=\"twitter:card\" content=\"summary_large_image\" \/>\n<meta name=\"twitter:creator\" content=\"@rassegnastampa9\" \/>\n<meta name=\"twitter:site\" content=\"@rassegnastampa9\" \/>\n<meta name=\"twitter:label1\" content=\"Scritto da\" \/>\n\t<meta name=\"twitter:data1\" content=\"Redazione\" \/>\n\t<meta name=\"twitter:label2\" content=\"Tempo di lettura stimato\" \/>\n\t<meta name=\"twitter:data2\" content=\"16 minuti\" \/>\n<script type=\"application\/ld+json\" class=\"yoast-schema-graph\">{\"@context\":\"https:\\\/\\\/schema.org\",\"@graph\":[{\"@type\":\"Article\",\"@id\":\"https:\\\/\\\/www.rassegnastampa-totustuus.it\\\/cattolica\\\/studio-ribalta-dogma-climatista-la-co2-non-e-la-causa-ma-leffetto\\\/#article\",\"isPartOf\":{\"@id\":\"https:\\\/\\\/www.rassegnastampa-totustuus.it\\\/cattolica\\\/studio-ribalta-dogma-climatista-la-co2-non-e-la-causa-ma-leffetto\\\/\"},\"author\":{\"name\":\"Redazione\",\"@id\":\"https:\\\/\\\/www.rassegnastampa-totustuus.it\\\/cattolica\\\/#\\\/schema\\\/person\\\/08f319d2bd1a0904ad9e2bfb7b15e5c3\"},\"headline\":\"Studio ribalta il dogma climatista\",\"datePublished\":\"2024-04-19T11:34:25+00:00\",\"dateModified\":\"2024-04-19T11:34:27+00:00\",\"mainEntityOfPage\":{\"@id\":\"https:\\\/\\\/www.rassegnastampa-totustuus.it\\\/cattolica\\\/studio-ribalta-dogma-climatista-la-co2-non-e-la-causa-ma-leffetto\\\/\"},\"wordCount\":2642,\"publisher\":{\"@id\":\"https:\\\/\\\/www.rassegnastampa-totustuus.it\\\/cattolica\\\/#organization\"},\"image\":{\"@id\":\"https:\\\/\\\/www.rassegnastampa-totustuus.it\\\/cattolica\\\/studio-ribalta-dogma-climatista-la-co2-non-e-la-causa-ma-leffetto\\\/#primaryimage\"},\"thumbnailUrl\":\"https:\\\/\\\/www.rassegnastampa-totustuus.it\\\/cattolica\\\/wp-content\\\/uploads\\\/2019\\\/09\\\/ambiente_CO2.jpg\",\"keywords\":[\"ambientaliasmo\",\"clima\",\"global warming\"],\"articleSection\":[\"Ambientalismo\"],\"inLanguage\":\"it-IT\"},{\"@type\":\"WebPage\",\"@id\":\"https:\\\/\\\/www.rassegnastampa-totustuus.it\\\/cattolica\\\/studio-ribalta-dogma-climatista-la-co2-non-e-la-causa-ma-leffetto\\\/\",\"url\":\"https:\\\/\\\/www.rassegnastampa-totustuus.it\\\/cattolica\\\/studio-ribalta-dogma-climatista-la-co2-non-e-la-causa-ma-leffetto\\\/\",\"name\":\"Studio ribalta il dogma climatista - Rassegna Stampa Cattolica\",\"isPartOf\":{\"@id\":\"https:\\\/\\\/www.rassegnastampa-totustuus.it\\\/cattolica\\\/#website\"},\"primaryImageOfPage\":{\"@id\":\"https:\\\/\\\/www.rassegnastampa-totustuus.it\\\/cattolica\\\/studio-ribalta-dogma-climatista-la-co2-non-e-la-causa-ma-leffetto\\\/#primaryimage\"},\"image\":{\"@id\":\"https:\\\/\\\/www.rassegnastampa-totustuus.it\\\/cattolica\\\/studio-ribalta-dogma-climatista-la-co2-non-e-la-causa-ma-leffetto\\\/#primaryimage\"},\"thumbnailUrl\":\"https:\\\/\\\/www.rassegnastampa-totustuus.it\\\/cattolica\\\/wp-content\\\/uploads\\\/2019\\\/09\\\/ambiente_CO2.jpg\",\"datePublished\":\"2024-04-19T11:34:25+00:00\",\"dateModified\":\"2024-04-19T11:34:27+00:00\",\"description\":\"Studio ribalta il dogma climatista: la CO2 non \u00e8 la causa, ma l\u2019effetto. Lo dice la stessa climatologia \\\"ufficiale\\\"\",\"breadcrumb\":{\"@id\":\"https:\\\/\\\/www.rassegnastampa-totustuus.it\\\/cattolica\\\/studio-ribalta-dogma-climatista-la-co2-non-e-la-causa-ma-leffetto\\\/#breadcrumb\"},\"inLanguage\":\"it-IT\",\"potentialAction\":[{\"@type\":\"ReadAction\",\"target\":[\"https:\\\/\\\/www.rassegnastampa-totustuus.it\\\/cattolica\\\/studio-ribalta-dogma-climatista-la-co2-non-e-la-causa-ma-leffetto\\\/\"]}]},{\"@type\":\"ImageObject\",\"inLanguage\":\"it-IT\",\"@id\":\"https:\\\/\\\/www.rassegnastampa-totustuus.it\\\/cattolica\\\/studio-ribalta-dogma-climatista-la-co2-non-e-la-causa-ma-leffetto\\\/#primaryimage\",\"url\":\"https:\\\/\\\/www.rassegnastampa-totustuus.it\\\/cattolica\\\/wp-content\\\/uploads\\\/2019\\\/09\\\/ambiente_CO2.jpg\",\"contentUrl\":\"https:\\\/\\\/www.rassegnastampa-totustuus.it\\\/cattolica\\\/wp-content\\\/uploads\\\/2019\\\/09\\\/ambiente_CO2.jpg\",\"width\":289,\"height\":174},{\"@type\":\"BreadcrumbList\",\"@id\":\"https:\\\/\\\/www.rassegnastampa-totustuus.it\\\/cattolica\\\/studio-ribalta-dogma-climatista-la-co2-non-e-la-causa-ma-leffetto\\\/#breadcrumb\",\"itemListElement\":[{\"@type\":\"ListItem\",\"position\":1,\"name\":\"Home\",\"item\":\"https:\\\/\\\/www.rassegnastampa-totustuus.it\\\/cattolica\\\/\"},{\"@type\":\"ListItem\",\"position\":2,\"name\":\"Studio ribalta il dogma climatista\"}]},{\"@type\":\"WebSite\",\"@id\":\"https:\\\/\\\/www.rassegnastampa-totustuus.it\\\/cattolica\\\/#website\",\"url\":\"https:\\\/\\\/www.rassegnastampa-totustuus.it\\\/cattolica\\\/\",\"name\":\"Rassegna Stampa Cattolica\",\"description\":\"Per una cultura che nasce dalla Rivelazione cristiana in conformit\u00e0 alla tradizione e al Magistero della Chiesa in opposizione ad ogni relativismo e totalitarismo\",\"publisher\":{\"@id\":\"https:\\\/\\\/www.rassegnastampa-totustuus.it\\\/cattolica\\\/#organization\"},\"alternateName\":\"Rass. Cattolica\",\"potentialAction\":[{\"@type\":\"SearchAction\",\"target\":{\"@type\":\"EntryPoint\",\"urlTemplate\":\"https:\\\/\\\/www.rassegnastampa-totustuus.it\\\/cattolica\\\/?s={search_term_string}\"},\"query-input\":{\"@type\":\"PropertyValueSpecification\",\"valueRequired\":true,\"valueName\":\"search_term_string\"}}],\"inLanguage\":\"it-IT\"},{\"@type\":\"Organization\",\"@id\":\"https:\\\/\\\/www.rassegnastampa-totustuus.it\\\/cattolica\\\/#organization\",\"name\":\"Rassegna Stampa Cattolica\",\"url\":\"https:\\\/\\\/www.rassegnastampa-totustuus.it\\\/cattolica\\\/\",\"logo\":{\"@type\":\"ImageObject\",\"inLanguage\":\"it-IT\",\"@id\":\"https:\\\/\\\/www.rassegnastampa-totustuus.it\\\/cattolica\\\/#\\\/schema\\\/logo\\\/image\\\/\",\"url\":\"https:\\\/\\\/www.rassegnastampa-totustuus.it\\\/cattolica\\\/wp-content\\\/uploads\\\/2014\\\/04\\\/logo-rassegna1.gif\",\"contentUrl\":\"https:\\\/\\\/www.rassegnastampa-totustuus.it\\\/cattolica\\\/wp-content\\\/uploads\\\/2014\\\/04\\\/logo-rassegna1.gif\",\"width\":600,\"height\":163,\"caption\":\"Rassegna Stampa Cattolica\"},\"image\":{\"@id\":\"https:\\\/\\\/www.rassegnastampa-totustuus.it\\\/cattolica\\\/#\\\/schema\\\/logo\\\/image\\\/\"},\"sameAs\":[\"https:\\\/\\\/www.facebook.com\\\/rassegnastampacattolica\",\"https:\\\/\\\/x.com\\\/rassegnastampa9\"]},{\"@type\":\"Person\",\"@id\":\"https:\\\/\\\/www.rassegnastampa-totustuus.it\\\/cattolica\\\/#\\\/schema\\\/person\\\/08f319d2bd1a0904ad9e2bfb7b15e5c3\",\"name\":\"Redazione\",\"image\":{\"@type\":\"ImageObject\",\"inLanguage\":\"it-IT\",\"@id\":\"https:\\\/\\\/secure.gravatar.com\\\/avatar\\\/2fcdf27c78ea025fbdb44e914cc63c72249ffec9dc8aafd5c82b26240ef3f346?s=96&d=mm&r=g\",\"url\":\"https:\\\/\\\/secure.gravatar.com\\\/avatar\\\/2fcdf27c78ea025fbdb44e914cc63c72249ffec9dc8aafd5c82b26240ef3f346?s=96&d=mm&r=g\",\"contentUrl\":\"https:\\\/\\\/secure.gravatar.com\\\/avatar\\\/2fcdf27c78ea025fbdb44e914cc63c72249ffec9dc8aafd5c82b26240ef3f346?s=96&d=mm&r=g\",\"caption\":\"Redazione\"},\"url\":\"https:\\\/\\\/www.rassegnastampa-totustuus.it\\\/cattolica\\\/author\\\/pietroelle\\\/\"}]}<\/script>\n<!-- \/ Yoast SEO plugin. -->","yoast_head_json":{"title":"Studio ribalta il dogma climatista - Rassegna Stampa Cattolica","description":"Studio ribalta il dogma climatista: la CO2 non \u00e8 la causa, ma l\u2019effetto. Lo dice la stessa climatologia \"ufficiale\"","robots":{"index":"index","follow":"follow","max-snippet":"max-snippet:-1","max-image-preview":"max-image-preview:large","max-video-preview":"max-video-preview:-1"},"canonical":"https:\/\/www.rassegnastampa-totustuus.it\/cattolica\/studio-ribalta-dogma-climatista-la-co2-non-e-la-causa-ma-leffetto\/","og_locale":"it_IT","og_type":"article","og_title":"Studio ribalta il dogma climatista - Rassegna Stampa Cattolica","og_description":"Studio ribalta il dogma climatista: la CO2 non \u00e8 la causa, ma l\u2019effetto. Lo dice la stessa climatologia \"ufficiale\"","og_url":"https:\/\/www.rassegnastampa-totustuus.it\/cattolica\/studio-ribalta-dogma-climatista-la-co2-non-e-la-causa-ma-leffetto\/","og_site_name":"Rassegna Stampa Cattolica","article_publisher":"https:\/\/www.facebook.com\/rassegnastampacattolica","article_published_time":"2024-04-19T11:34:25+00:00","article_modified_time":"2024-04-19T11:34:27+00:00","og_image":[{"width":289,"height":174,"url":"https:\/\/www.rassegnastampa-totustuus.it\/cattolica\/wp-content\/uploads\/2019\/09\/ambiente_CO2.jpg","type":"image\/jpeg"}],"author":"Redazione","twitter_card":"summary_large_image","twitter_creator":"@rassegnastampa9","twitter_site":"@rassegnastampa9","twitter_misc":{"Scritto da":"Redazione","Tempo di lettura stimato":"16 minuti"},"schema":{"@context":"https:\/\/schema.org","@graph":[{"@type":"Article","@id":"https:\/\/www.rassegnastampa-totustuus.it\/cattolica\/studio-ribalta-dogma-climatista-la-co2-non-e-la-causa-ma-leffetto\/#article","isPartOf":{"@id":"https:\/\/www.rassegnastampa-totustuus.it\/cattolica\/studio-ribalta-dogma-climatista-la-co2-non-e-la-causa-ma-leffetto\/"},"author":{"name":"Redazione","@id":"https:\/\/www.rassegnastampa-totustuus.it\/cattolica\/#\/schema\/person\/08f319d2bd1a0904ad9e2bfb7b15e5c3"},"headline":"Studio ribalta il dogma climatista","datePublished":"2024-04-19T11:34:25+00:00","dateModified":"2024-04-19T11:34:27+00:00","mainEntityOfPage":{"@id":"https:\/\/www.rassegnastampa-totustuus.it\/cattolica\/studio-ribalta-dogma-climatista-la-co2-non-e-la-causa-ma-leffetto\/"},"wordCount":2642,"publisher":{"@id":"https:\/\/www.rassegnastampa-totustuus.it\/cattolica\/#organization"},"image":{"@id":"https:\/\/www.rassegnastampa-totustuus.it\/cattolica\/studio-ribalta-dogma-climatista-la-co2-non-e-la-causa-ma-leffetto\/#primaryimage"},"thumbnailUrl":"https:\/\/www.rassegnastampa-totustuus.it\/cattolica\/wp-content\/uploads\/2019\/09\/ambiente_CO2.jpg","keywords":["ambientaliasmo","clima","global warming"],"articleSection":["Ambientalismo"],"inLanguage":"it-IT"},{"@type":"WebPage","@id":"https:\/\/www.rassegnastampa-totustuus.it\/cattolica\/studio-ribalta-dogma-climatista-la-co2-non-e-la-causa-ma-leffetto\/","url":"https:\/\/www.rassegnastampa-totustuus.it\/cattolica\/studio-ribalta-dogma-climatista-la-co2-non-e-la-causa-ma-leffetto\/","name":"Studio ribalta il dogma climatista - Rassegna Stampa Cattolica","isPartOf":{"@id":"https:\/\/www.rassegnastampa-totustuus.it\/cattolica\/#website"},"primaryImageOfPage":{"@id":"https:\/\/www.rassegnastampa-totustuus.it\/cattolica\/studio-ribalta-dogma-climatista-la-co2-non-e-la-causa-ma-leffetto\/#primaryimage"},"image":{"@id":"https:\/\/www.rassegnastampa-totustuus.it\/cattolica\/studio-ribalta-dogma-climatista-la-co2-non-e-la-causa-ma-leffetto\/#primaryimage"},"thumbnailUrl":"https:\/\/www.rassegnastampa-totustuus.it\/cattolica\/wp-content\/uploads\/2019\/09\/ambiente_CO2.jpg","datePublished":"2024-04-19T11:34:25+00:00","dateModified":"2024-04-19T11:34:27+00:00","description":"Studio ribalta il dogma climatista: la CO2 non \u00e8 la causa, ma l\u2019effetto. Lo dice la stessa climatologia \"ufficiale\"","breadcrumb":{"@id":"https:\/\/www.rassegnastampa-totustuus.it\/cattolica\/studio-ribalta-dogma-climatista-la-co2-non-e-la-causa-ma-leffetto\/#breadcrumb"},"inLanguage":"it-IT","potentialAction":[{"@type":"ReadAction","target":["https:\/\/www.rassegnastampa-totustuus.it\/cattolica\/studio-ribalta-dogma-climatista-la-co2-non-e-la-causa-ma-leffetto\/"]}]},{"@type":"ImageObject","inLanguage":"it-IT","@id":"https:\/\/www.rassegnastampa-totustuus.it\/cattolica\/studio-ribalta-dogma-climatista-la-co2-non-e-la-causa-ma-leffetto\/#primaryimage","url":"https:\/\/www.rassegnastampa-totustuus.it\/cattolica\/wp-content\/uploads\/2019\/09\/ambiente_CO2.jpg","contentUrl":"https:\/\/www.rassegnastampa-totustuus.it\/cattolica\/wp-content\/uploads\/2019\/09\/ambiente_CO2.jpg","width":289,"height":174},{"@type":"BreadcrumbList","@id":"https:\/\/www.rassegnastampa-totustuus.it\/cattolica\/studio-ribalta-dogma-climatista-la-co2-non-e-la-causa-ma-leffetto\/#breadcrumb","itemListElement":[{"@type":"ListItem","position":1,"name":"Home","item":"https:\/\/www.rassegnastampa-totustuus.it\/cattolica\/"},{"@type":"ListItem","position":2,"name":"Studio ribalta il dogma climatista"}]},{"@type":"WebSite","@id":"https:\/\/www.rassegnastampa-totustuus.it\/cattolica\/#website","url":"https:\/\/www.rassegnastampa-totustuus.it\/cattolica\/","name":"Rassegna Stampa Cattolica","description":"Per una cultura che nasce dalla Rivelazione cristiana in conformit\u00e0 alla tradizione e al Magistero della Chiesa in opposizione ad ogni relativismo e totalitarismo","publisher":{"@id":"https:\/\/www.rassegnastampa-totustuus.it\/cattolica\/#organization"},"alternateName":"Rass. Cattolica","potentialAction":[{"@type":"SearchAction","target":{"@type":"EntryPoint","urlTemplate":"https:\/\/www.rassegnastampa-totustuus.it\/cattolica\/?s={search_term_string}"},"query-input":{"@type":"PropertyValueSpecification","valueRequired":true,"valueName":"search_term_string"}}],"inLanguage":"it-IT"},{"@type":"Organization","@id":"https:\/\/www.rassegnastampa-totustuus.it\/cattolica\/#organization","name":"Rassegna Stampa Cattolica","url":"https:\/\/www.rassegnastampa-totustuus.it\/cattolica\/","logo":{"@type":"ImageObject","inLanguage":"it-IT","@id":"https:\/\/www.rassegnastampa-totustuus.it\/cattolica\/#\/schema\/logo\/image\/","url":"https:\/\/www.rassegnastampa-totustuus.it\/cattolica\/wp-content\/uploads\/2014\/04\/logo-rassegna1.gif","contentUrl":"https:\/\/www.rassegnastampa-totustuus.it\/cattolica\/wp-content\/uploads\/2014\/04\/logo-rassegna1.gif","width":600,"height":163,"caption":"Rassegna Stampa Cattolica"},"image":{"@id":"https:\/\/www.rassegnastampa-totustuus.it\/cattolica\/#\/schema\/logo\/image\/"},"sameAs":["https:\/\/www.facebook.com\/rassegnastampacattolica","https:\/\/x.com\/rassegnastampa9"]},{"@type":"Person","@id":"https:\/\/www.rassegnastampa-totustuus.it\/cattolica\/#\/schema\/person\/08f319d2bd1a0904ad9e2bfb7b15e5c3","name":"Redazione","image":{"@type":"ImageObject","inLanguage":"it-IT","@id":"https:\/\/secure.gravatar.com\/avatar\/2fcdf27c78ea025fbdb44e914cc63c72249ffec9dc8aafd5c82b26240ef3f346?s=96&d=mm&r=g","url":"https:\/\/secure.gravatar.com\/avatar\/2fcdf27c78ea025fbdb44e914cc63c72249ffec9dc8aafd5c82b26240ef3f346?s=96&d=mm&r=g","contentUrl":"https:\/\/secure.gravatar.com\/avatar\/2fcdf27c78ea025fbdb44e914cc63c72249ffec9dc8aafd5c82b26240ef3f346?s=96&d=mm&r=g","caption":"Redazione"},"url":"https:\/\/www.rassegnastampa-totustuus.it\/cattolica\/author\/pietroelle\/"}]}},"_links":{"self":[{"href":"https:\/\/www.rassegnastampa-totustuus.it\/cattolica\/wp-json\/wp\/v2\/posts\/60057","targetHints":{"allow":["GET"]}}],"collection":[{"href":"https:\/\/www.rassegnastampa-totustuus.it\/cattolica\/wp-json\/wp\/v2\/posts"}],"about":[{"href":"https:\/\/www.rassegnastampa-totustuus.it\/cattolica\/wp-json\/wp\/v2\/types\/post"}],"author":[{"embeddable":true,"href":"https:\/\/www.rassegnastampa-totustuus.it\/cattolica\/wp-json\/wp\/v2\/users\/6"}],"replies":[{"embeddable":true,"href":"https:\/\/www.rassegnastampa-totustuus.it\/cattolica\/wp-json\/wp\/v2\/comments?post=60057"}],"version-history":[{"count":1,"href":"https:\/\/www.rassegnastampa-totustuus.it\/cattolica\/wp-json\/wp\/v2\/posts\/60057\/revisions"}],"predecessor-version":[{"id":60061,"href":"https:\/\/www.rassegnastampa-totustuus.it\/cattolica\/wp-json\/wp\/v2\/posts\/60057\/revisions\/60061"}],"wp:featuredmedia":[{"embeddable":true,"href":"https:\/\/www.rassegnastampa-totustuus.it\/cattolica\/wp-json\/wp\/v2\/media\/44226"}],"wp:attachment":[{"href":"https:\/\/www.rassegnastampa-totustuus.it\/cattolica\/wp-json\/wp\/v2\/media?parent=60057"}],"wp:term":[{"taxonomy":"category","embeddable":true,"href":"https:\/\/www.rassegnastampa-totustuus.it\/cattolica\/wp-json\/wp\/v2\/categories?post=60057"},{"taxonomy":"post_tag","embeddable":true,"href":"https:\/\/www.rassegnastampa-totustuus.it\/cattolica\/wp-json\/wp\/v2\/tags?post=60057"}],"curies":[{"name":"wp","href":"https:\/\/api.w.org\/{rel}","templated":true}]}}