{"id":60044,"date":"2024-04-16T09:55:06","date_gmt":"2024-04-16T07:55:06","guid":{"rendered":"https:\/\/www.rassegnastampa-totustuus.it\/cattolica\/?p=60044"},"modified":"2024-04-16T09:55:08","modified_gmt":"2024-04-16T07:55:08","slug":"davide-fiorillo-2012-2021-il-bambino-che-parlava-con-gli-angeli","status":"publish","type":"post","link":"https:\/\/www.rassegnastampa-totustuus.it\/cattolica\/davide-fiorillo-2012-2021-il-bambino-che-parlava-con-gli-angeli\/","title":{"rendered":"Davide Fiorillo (2012-2021) Il bambino che parlava con gli angeli"},"content":{"rendered":"<p style=\"text-align: center;\"><span style=\"color: #0000ff;\"><a style=\"color: #0000ff;\" href=\"https:\/\/www.rivistailborghese.it\/\" target=\"_blank\" rel=\"noopener\"><strong><img loading=\"lazy\" decoding=\"async\" class=\" wp-image-60045 alignright\" src=\"https:\/\/www.rassegnastampa-totustuus.it\/cattolica\/wp-content\/uploads\/2024\/04\/Davide_Fiorillo_cover.jpeg\" alt=\"\" width=\"173\" height=\"260\" \/>Il Borghese<\/strong><\/a><\/span> <span style=\"color: #000000;\">anno XXVI n. 4 aprile 2024<\/span><\/p>\n<p style=\"text-align: center;\"><span style=\"color: #000000;\">di <strong>Giuseppe Brienza \u00a0<\/strong><\/span><\/p>\n<p style=\"text-align: justify;\"><span style=\"color: #000000;\">Con i cambiamenti introdotti nei processi di beatificazione e canonizzazione da Papa Giovanni Paolo II si sono moltiplicati negli ultimi anni le cause di santi sempre pi\u00f9 giovani. In totale, nel XX secolo sono stati oltre 150 i bambini che hanno raggiunto lo status di <em>Servo di Dio<\/em> e, fra questi, i pi\u00f9 conosciuti ascesi nel secolo scorso all\u2019onore degli Altari possiamo menzionare Maria Goretti e Domenico Savio. Dei bambini santi del Novecento, 83 sono martiri, di cui 12 morti per preservare la loro purezza, cio\u00e8 in <em>defensum castitatis<\/em> (<em>in difesa della castit\u00e0<\/em>).<\/span><\/p>\n<p><!--more--><\/p>\n<p style=\"text-align: justify;\"><span style=\"color: #000000;\">Siccome la lista \u00e8 probabilmente destinata ad allungarsi, pensiamo sia utile segnalare il libro che una giornalista seria come Costanza Signorelli, da anni curatrice di preziose biografie di bambini che hanno vissuto esperienze straordinarie di Fede e\/o miracoli, ha da poco pubblicato per le Edizioni <em>Ares<\/em> dirette da Alessandro Rivali. In <em>Davide. Il bambino che parlava con gli angeli<\/em> racconta l\u2019esistenza, breve ma intensissima, di Davide Fiorillo, nato a Piscopio, frazione di Vibo Valentia, da genitori lontani dalla pratica religiosa che, di fronte alla sua vicenda soprannaturale, si sono convertiti e stanno testimoniando le esperienze edificanti personalmente vissute.<\/span><\/p>\n<p style=\"text-align: justify;\"><span style=\"color: #000000;\">Costanza Signorelli, milanese, \u00e8 giornalista pubblicista. Sulla santit\u00e0 contemporanea dei piccoli ha scritto numerosi servizi e articoli per giornali e riviste. Oltre al libro appena citato ne ha recentemente pubblicati due per le Edizioni <em>La Nuova Bussola Quotidiana<\/em>, <em>Il Chicco di grano. Storie di santi giovani in mezzo a noi<\/em> (2018) e <em>Nata per il cielo. La straordinaria vita di Laura Degan<\/em> (2020).<\/span><\/p>\n<p style=\"text-align: justify;\"><span style=\"color: #000000;\"><img loading=\"lazy\" decoding=\"async\" class=\"wp-image-60046 alignleft\" src=\"https:\/\/www.rassegnastampa-totustuus.it\/cattolica\/wp-content\/uploads\/2024\/04\/Davide_Fiorillo_cover-1.jpeg\" alt=\"\" width=\"305\" height=\"203\" \/>La vita di Davide Fiorillo (2012-2021), prima che la leucemia l\u2019ha strappato all\u2019affetto dei genitori a soli 8 anni, era scorsa tranquillamente fra scuola, famiglia, giochi e bagni al mare. Ma la storia di questo bambino diviene straordinaria proprio negli anni della malattia nei quali comincia a maturare una fede quasi sproporzionata per la sua et\u00e0. Una fede che finisce per coinvolgere intensamente sia la mamma Elisa sia il pap\u00e0 Salvatore che, d\u2019allora, riescono ad affrontare il dolore pi\u00f9 grande, quello di sopravvivere ad un figlio. Il loro piccolo passa dalla vita di tutti i giorni alle corsie d&#8217;ospedale dove presto scoprono che poco o nulla \u00e8 possibile fare per la sua grave malattia. Ma Davide cambia atteggiamento grazie a degli amici speciali, tre angeli che lui descrive nei dettagli, a partire dall&#8217;abito che vuole anche cucito per lui dalla madre.<\/span><\/p>\n<p style=\"text-align: justify;\"><span style=\"color: #000000;\">Le visioni di cui Davide parla ai genitori e familiari diventano man mano che si avvicina il momento della sua morte sempre pi\u00f9 frequenti e il bambino racconter\u00e0 anche di avere visto alla fine la Madonna e Ges\u00f9. Il piccolo racconta anche del Paradiso, lo descrive, e si dice contento di poterlo raggiungere presto. I racconti sono stati raccolti dai genitori e sugli stessi sar\u00e0 la Chiesa a doversi pronunciare ma, come scrive nella <em>Prefazione<\/em> suor Daniela Del Gaudio, direttrice dell\u2019<em>Osservatorio sulle apparizioni mariane e i fenomeni mistici<\/em> della <em>Pontificia Accademia Mariana Internazionale<\/em>, quella di Davide \u00e8 una storia \u00ab<em>eccezionale non tanto per i fenomeni straordinari che la contraddistinguono, ma per gli effetti che la presenza degli angeli, della Madonna e di Ges\u00f9 hanno provocato nell\u2019animo del bambino morente e dei suoi genitori<\/em>\u00bb.<\/span><\/p>\n<p style=\"text-align: justify;\"><span style=\"color: #000000;\">Anche il parroco di San Michele Arcangelo a Piscopio, don Pietro Carnovale, nell\u2019omelia dei funerali del bambino, ha sottolineato la straordinariet\u00e0, sotto il profilo cristiano, della sua esperienza, definendolo \u00ab<em>un piccolo grande uomo dalla fede matura<\/em>\u00bb<\/span><\/p>\n<p style=\"text-align: justify;\"><span style=\"color: #000000;\"><strong>Costanza Signorelli<\/strong> <em>Davide. Il bambino che parlava con gli angeli<\/em> Edizioni Ares Milano 2024npp. 184, \u20ac 15.<\/span><\/p>\n<p>_____________________________________<\/p>\n<p><span style=\"color: #000000;\"><strong>Leggi anche:<\/strong><\/span><\/p>\n<p><a href=\"https:\/\/www.rassegnastampa-totustuus.it\/cattolica\/perche-ci-sono-dei-bambini-che-soffrono-il-cattolicesimo-la-risposta-ce-lha-e-ve-la-diciamo\/\" target=\"_blank\" rel=\"noopener\"><span style=\"color: #0000ff;\">Perch\u00e9 ci sono dei bambini che soffrono? \u00a0Il Cattolicesimo la risposta ce l\u2019ha e ve la diciamo<\/span><\/a><\/p>\n","protected":false},"excerpt":{"rendered":"<p>Il Borghese anno XXVI n. 4 aprile 2024 di Giuseppe Brienza \u00a0 Con i cambiamenti introdotti nei processi di beatificazione e canonizzazione da Papa Giovanni Paolo II si sono moltiplicati negli ultimi anni le cause di santi sempre pi\u00f9 giovani. In totale, nel XX secolo sono stati oltre 150 i bambini che hanno raggiunto lo &hellip; <\/p>\n<p><a class=\"more-link btn\" href=\"https:\/\/www.rassegnastampa-totustuus.it\/cattolica\/davide-fiorillo-2012-2021-il-bambino-che-parlava-con-gli-angeli\/\">Continua a leggere<\/a><\/p>\n","protected":false},"author":6,"featured_media":60046,"comment_status":"closed","ping_status":"closed","sticky":false,"template":"","format":"standard","meta":{"footnotes":""},"categories":[17,65],"tags":[3034,265,466],"class_list":["post-60044","post","type-post","status-publish","format-standard","has-post-thumbnail","hentry","category-libri","category-santi","tag-davide-fiorillo","tag-libri-2","tag-santi-2","item-wrap"],"yoast_head":"<!-- This site is optimized with the Yoast SEO plugin v27.5 - https:\/\/yoast.com\/product\/yoast-seo-wordpress\/ -->\n<title>Davide Fiorillo (2012-2021) Il bambino che parlava con gli angeli - Rassegna Stampa Cattolica<\/title>\n<meta name=\"description\" content=\"Davide Fiorillo (2012-2021) Il bambino che parlava con gli angeli; un libro sulla vita breve ma intensissima di un piccolo santo\" \/>\n<meta name=\"robots\" content=\"index, follow, max-snippet:-1, max-image-preview:large, max-video-preview:-1\" \/>\n<link rel=\"canonical\" href=\"https:\/\/www.rassegnastampa-totustuus.it\/cattolica\/davide-fiorillo-2012-2021-il-bambino-che-parlava-con-gli-angeli\/\" \/>\n<meta property=\"og:locale\" content=\"it_IT\" \/>\n<meta property=\"og:type\" content=\"article\" \/>\n<meta property=\"og:title\" content=\"Davide Fiorillo (2012-2021) Il bambino che parlava con gli angeli - Rassegna Stampa Cattolica\" \/>\n<meta property=\"og:description\" content=\"Davide Fiorillo (2012-2021) Il bambino che parlava con gli angeli; un libro sulla vita breve ma intensissima di un piccolo santo\" \/>\n<meta property=\"og:url\" content=\"https:\/\/www.rassegnastampa-totustuus.it\/cattolica\/davide-fiorillo-2012-2021-il-bambino-che-parlava-con-gli-angeli\/\" \/>\n<meta property=\"og:site_name\" content=\"Rassegna Stampa Cattolica\" \/>\n<meta property=\"article:publisher\" content=\"https:\/\/www.facebook.com\/rassegnastampacattolica\" \/>\n<meta property=\"article:published_time\" content=\"2024-04-16T07:55:06+00:00\" \/>\n<meta property=\"article:modified_time\" content=\"2024-04-16T07:55:08+00:00\" \/>\n<meta property=\"og:image\" content=\"https:\/\/www.rassegnastampa-totustuus.it\/cattolica\/wp-content\/uploads\/2024\/04\/Davide_Fiorillo_cover-1.jpeg\" \/>\n\t<meta property=\"og:image:width\" content=\"275\" \/>\n\t<meta property=\"og:image:height\" content=\"183\" \/>\n\t<meta property=\"og:image:type\" content=\"image\/jpeg\" \/>\n<meta name=\"author\" content=\"Redazione\" \/>\n<meta name=\"twitter:card\" content=\"summary_large_image\" \/>\n<meta name=\"twitter:creator\" content=\"@rassegnastampa9\" \/>\n<meta name=\"twitter:site\" content=\"@rassegnastampa9\" \/>\n<meta name=\"twitter:label1\" content=\"Scritto da\" \/>\n\t<meta name=\"twitter:data1\" content=\"Redazione\" \/>\n\t<meta name=\"twitter:label2\" content=\"Tempo di lettura stimato\" \/>\n\t<meta name=\"twitter:data2\" content=\"4 minuti\" \/>\n<script type=\"application\/ld+json\" class=\"yoast-schema-graph\">{\"@context\":\"https:\\\/\\\/schema.org\",\"@graph\":[{\"@type\":\"Article\",\"@id\":\"https:\\\/\\\/www.rassegnastampa-totustuus.it\\\/cattolica\\\/davide-fiorillo-2012-2021-il-bambino-che-parlava-con-gli-angeli\\\/#article\",\"isPartOf\":{\"@id\":\"https:\\\/\\\/www.rassegnastampa-totustuus.it\\\/cattolica\\\/davide-fiorillo-2012-2021-il-bambino-che-parlava-con-gli-angeli\\\/\"},\"author\":{\"name\":\"Redazione\",\"@id\":\"https:\\\/\\\/www.rassegnastampa-totustuus.it\\\/cattolica\\\/#\\\/schema\\\/person\\\/08f319d2bd1a0904ad9e2bfb7b15e5c3\"},\"headline\":\"Davide Fiorillo (2012-2021) Il bambino che parlava con gli angeli\",\"datePublished\":\"2024-04-16T07:55:06+00:00\",\"dateModified\":\"2024-04-16T07:55:08+00:00\",\"mainEntityOfPage\":{\"@id\":\"https:\\\/\\\/www.rassegnastampa-totustuus.it\\\/cattolica\\\/davide-fiorillo-2012-2021-il-bambino-che-parlava-con-gli-angeli\\\/\"},\"wordCount\":618,\"publisher\":{\"@id\":\"https:\\\/\\\/www.rassegnastampa-totustuus.it\\\/cattolica\\\/#organization\"},\"image\":{\"@id\":\"https:\\\/\\\/www.rassegnastampa-totustuus.it\\\/cattolica\\\/davide-fiorillo-2012-2021-il-bambino-che-parlava-con-gli-angeli\\\/#primaryimage\"},\"thumbnailUrl\":\"https:\\\/\\\/www.rassegnastampa-totustuus.it\\\/cattolica\\\/wp-content\\\/uploads\\\/2024\\\/04\\\/Davide_Fiorillo_cover-1.jpeg\",\"keywords\":[\"Davide Fiorillo\",\"libri\",\"santi\"],\"articleSection\":[\"Libri\",\"Santi\"],\"inLanguage\":\"it-IT\"},{\"@type\":\"WebPage\",\"@id\":\"https:\\\/\\\/www.rassegnastampa-totustuus.it\\\/cattolica\\\/davide-fiorillo-2012-2021-il-bambino-che-parlava-con-gli-angeli\\\/\",\"url\":\"https:\\\/\\\/www.rassegnastampa-totustuus.it\\\/cattolica\\\/davide-fiorillo-2012-2021-il-bambino-che-parlava-con-gli-angeli\\\/\",\"name\":\"Davide Fiorillo (2012-2021) Il bambino che parlava con gli angeli - Rassegna Stampa Cattolica\",\"isPartOf\":{\"@id\":\"https:\\\/\\\/www.rassegnastampa-totustuus.it\\\/cattolica\\\/#website\"},\"primaryImageOfPage\":{\"@id\":\"https:\\\/\\\/www.rassegnastampa-totustuus.it\\\/cattolica\\\/davide-fiorillo-2012-2021-il-bambino-che-parlava-con-gli-angeli\\\/#primaryimage\"},\"image\":{\"@id\":\"https:\\\/\\\/www.rassegnastampa-totustuus.it\\\/cattolica\\\/davide-fiorillo-2012-2021-il-bambino-che-parlava-con-gli-angeli\\\/#primaryimage\"},\"thumbnailUrl\":\"https:\\\/\\\/www.rassegnastampa-totustuus.it\\\/cattolica\\\/wp-content\\\/uploads\\\/2024\\\/04\\\/Davide_Fiorillo_cover-1.jpeg\",\"datePublished\":\"2024-04-16T07:55:06+00:00\",\"dateModified\":\"2024-04-16T07:55:08+00:00\",\"description\":\"Davide Fiorillo (2012-2021) Il bambino che parlava con gli angeli; un libro sulla vita breve ma intensissima di un piccolo santo\",\"breadcrumb\":{\"@id\":\"https:\\\/\\\/www.rassegnastampa-totustuus.it\\\/cattolica\\\/davide-fiorillo-2012-2021-il-bambino-che-parlava-con-gli-angeli\\\/#breadcrumb\"},\"inLanguage\":\"it-IT\",\"potentialAction\":[{\"@type\":\"ReadAction\",\"target\":[\"https:\\\/\\\/www.rassegnastampa-totustuus.it\\\/cattolica\\\/davide-fiorillo-2012-2021-il-bambino-che-parlava-con-gli-angeli\\\/\"]}]},{\"@type\":\"ImageObject\",\"inLanguage\":\"it-IT\",\"@id\":\"https:\\\/\\\/www.rassegnastampa-totustuus.it\\\/cattolica\\\/davide-fiorillo-2012-2021-il-bambino-che-parlava-con-gli-angeli\\\/#primaryimage\",\"url\":\"https:\\\/\\\/www.rassegnastampa-totustuus.it\\\/cattolica\\\/wp-content\\\/uploads\\\/2024\\\/04\\\/Davide_Fiorillo_cover-1.jpeg\",\"contentUrl\":\"https:\\\/\\\/www.rassegnastampa-totustuus.it\\\/cattolica\\\/wp-content\\\/uploads\\\/2024\\\/04\\\/Davide_Fiorillo_cover-1.jpeg\",\"width\":275,\"height\":183},{\"@type\":\"BreadcrumbList\",\"@id\":\"https:\\\/\\\/www.rassegnastampa-totustuus.it\\\/cattolica\\\/davide-fiorillo-2012-2021-il-bambino-che-parlava-con-gli-angeli\\\/#breadcrumb\",\"itemListElement\":[{\"@type\":\"ListItem\",\"position\":1,\"name\":\"Home\",\"item\":\"https:\\\/\\\/www.rassegnastampa-totustuus.it\\\/cattolica\\\/\"},{\"@type\":\"ListItem\",\"position\":2,\"name\":\"Davide Fiorillo (2012-2021) Il bambino che parlava con gli angeli\"}]},{\"@type\":\"WebSite\",\"@id\":\"https:\\\/\\\/www.rassegnastampa-totustuus.it\\\/cattolica\\\/#website\",\"url\":\"https:\\\/\\\/www.rassegnastampa-totustuus.it\\\/cattolica\\\/\",\"name\":\"Rassegna Stampa Cattolica\",\"description\":\"Per una cultura che nasce dalla Rivelazione cristiana in conformit\u00e0 alla tradizione e al Magistero della Chiesa in opposizione ad ogni relativismo e totalitarismo\",\"publisher\":{\"@id\":\"https:\\\/\\\/www.rassegnastampa-totustuus.it\\\/cattolica\\\/#organization\"},\"alternateName\":\"Rass. Cattolica\",\"potentialAction\":[{\"@type\":\"SearchAction\",\"target\":{\"@type\":\"EntryPoint\",\"urlTemplate\":\"https:\\\/\\\/www.rassegnastampa-totustuus.it\\\/cattolica\\\/?s={search_term_string}\"},\"query-input\":{\"@type\":\"PropertyValueSpecification\",\"valueRequired\":true,\"valueName\":\"search_term_string\"}}],\"inLanguage\":\"it-IT\"},{\"@type\":\"Organization\",\"@id\":\"https:\\\/\\\/www.rassegnastampa-totustuus.it\\\/cattolica\\\/#organization\",\"name\":\"Rassegna Stampa Cattolica\",\"url\":\"https:\\\/\\\/www.rassegnastampa-totustuus.it\\\/cattolica\\\/\",\"logo\":{\"@type\":\"ImageObject\",\"inLanguage\":\"it-IT\",\"@id\":\"https:\\\/\\\/www.rassegnastampa-totustuus.it\\\/cattolica\\\/#\\\/schema\\\/logo\\\/image\\\/\",\"url\":\"https:\\\/\\\/www.rassegnastampa-totustuus.it\\\/cattolica\\\/wp-content\\\/uploads\\\/2014\\\/04\\\/logo-rassegna1.gif\",\"contentUrl\":\"https:\\\/\\\/www.rassegnastampa-totustuus.it\\\/cattolica\\\/wp-content\\\/uploads\\\/2014\\\/04\\\/logo-rassegna1.gif\",\"width\":600,\"height\":163,\"caption\":\"Rassegna Stampa Cattolica\"},\"image\":{\"@id\":\"https:\\\/\\\/www.rassegnastampa-totustuus.it\\\/cattolica\\\/#\\\/schema\\\/logo\\\/image\\\/\"},\"sameAs\":[\"https:\\\/\\\/www.facebook.com\\\/rassegnastampacattolica\",\"https:\\\/\\\/x.com\\\/rassegnastampa9\"]},{\"@type\":\"Person\",\"@id\":\"https:\\\/\\\/www.rassegnastampa-totustuus.it\\\/cattolica\\\/#\\\/schema\\\/person\\\/08f319d2bd1a0904ad9e2bfb7b15e5c3\",\"name\":\"Redazione\",\"image\":{\"@type\":\"ImageObject\",\"inLanguage\":\"it-IT\",\"@id\":\"https:\\\/\\\/secure.gravatar.com\\\/avatar\\\/2fcdf27c78ea025fbdb44e914cc63c72249ffec9dc8aafd5c82b26240ef3f346?s=96&d=mm&r=g\",\"url\":\"https:\\\/\\\/secure.gravatar.com\\\/avatar\\\/2fcdf27c78ea025fbdb44e914cc63c72249ffec9dc8aafd5c82b26240ef3f346?s=96&d=mm&r=g\",\"contentUrl\":\"https:\\\/\\\/secure.gravatar.com\\\/avatar\\\/2fcdf27c78ea025fbdb44e914cc63c72249ffec9dc8aafd5c82b26240ef3f346?s=96&d=mm&r=g\",\"caption\":\"Redazione\"},\"url\":\"https:\\\/\\\/www.rassegnastampa-totustuus.it\\\/cattolica\\\/author\\\/pietroelle\\\/\"}]}<\/script>\n<!-- \/ Yoast SEO plugin. -->","yoast_head_json":{"title":"Davide Fiorillo (2012-2021) Il bambino che parlava con gli angeli - Rassegna Stampa Cattolica","description":"Davide Fiorillo (2012-2021) Il bambino che parlava con gli angeli; un libro sulla vita breve ma intensissima di un piccolo santo","robots":{"index":"index","follow":"follow","max-snippet":"max-snippet:-1","max-image-preview":"max-image-preview:large","max-video-preview":"max-video-preview:-1"},"canonical":"https:\/\/www.rassegnastampa-totustuus.it\/cattolica\/davide-fiorillo-2012-2021-il-bambino-che-parlava-con-gli-angeli\/","og_locale":"it_IT","og_type":"article","og_title":"Davide Fiorillo (2012-2021) Il bambino che parlava con gli angeli - Rassegna Stampa Cattolica","og_description":"Davide Fiorillo (2012-2021) Il bambino che parlava con gli angeli; un libro sulla vita breve ma intensissima di un piccolo santo","og_url":"https:\/\/www.rassegnastampa-totustuus.it\/cattolica\/davide-fiorillo-2012-2021-il-bambino-che-parlava-con-gli-angeli\/","og_site_name":"Rassegna Stampa Cattolica","article_publisher":"https:\/\/www.facebook.com\/rassegnastampacattolica","article_published_time":"2024-04-16T07:55:06+00:00","article_modified_time":"2024-04-16T07:55:08+00:00","og_image":[{"width":275,"height":183,"url":"https:\/\/www.rassegnastampa-totustuus.it\/cattolica\/wp-content\/uploads\/2024\/04\/Davide_Fiorillo_cover-1.jpeg","type":"image\/jpeg"}],"author":"Redazione","twitter_card":"summary_large_image","twitter_creator":"@rassegnastampa9","twitter_site":"@rassegnastampa9","twitter_misc":{"Scritto da":"Redazione","Tempo di lettura stimato":"4 minuti"},"schema":{"@context":"https:\/\/schema.org","@graph":[{"@type":"Article","@id":"https:\/\/www.rassegnastampa-totustuus.it\/cattolica\/davide-fiorillo-2012-2021-il-bambino-che-parlava-con-gli-angeli\/#article","isPartOf":{"@id":"https:\/\/www.rassegnastampa-totustuus.it\/cattolica\/davide-fiorillo-2012-2021-il-bambino-che-parlava-con-gli-angeli\/"},"author":{"name":"Redazione","@id":"https:\/\/www.rassegnastampa-totustuus.it\/cattolica\/#\/schema\/person\/08f319d2bd1a0904ad9e2bfb7b15e5c3"},"headline":"Davide Fiorillo (2012-2021) Il bambino che parlava con gli angeli","datePublished":"2024-04-16T07:55:06+00:00","dateModified":"2024-04-16T07:55:08+00:00","mainEntityOfPage":{"@id":"https:\/\/www.rassegnastampa-totustuus.it\/cattolica\/davide-fiorillo-2012-2021-il-bambino-che-parlava-con-gli-angeli\/"},"wordCount":618,"publisher":{"@id":"https:\/\/www.rassegnastampa-totustuus.it\/cattolica\/#organization"},"image":{"@id":"https:\/\/www.rassegnastampa-totustuus.it\/cattolica\/davide-fiorillo-2012-2021-il-bambino-che-parlava-con-gli-angeli\/#primaryimage"},"thumbnailUrl":"https:\/\/www.rassegnastampa-totustuus.it\/cattolica\/wp-content\/uploads\/2024\/04\/Davide_Fiorillo_cover-1.jpeg","keywords":["Davide Fiorillo","libri","santi"],"articleSection":["Libri","Santi"],"inLanguage":"it-IT"},{"@type":"WebPage","@id":"https:\/\/www.rassegnastampa-totustuus.it\/cattolica\/davide-fiorillo-2012-2021-il-bambino-che-parlava-con-gli-angeli\/","url":"https:\/\/www.rassegnastampa-totustuus.it\/cattolica\/davide-fiorillo-2012-2021-il-bambino-che-parlava-con-gli-angeli\/","name":"Davide Fiorillo (2012-2021) Il bambino che parlava con gli angeli - Rassegna Stampa Cattolica","isPartOf":{"@id":"https:\/\/www.rassegnastampa-totustuus.it\/cattolica\/#website"},"primaryImageOfPage":{"@id":"https:\/\/www.rassegnastampa-totustuus.it\/cattolica\/davide-fiorillo-2012-2021-il-bambino-che-parlava-con-gli-angeli\/#primaryimage"},"image":{"@id":"https:\/\/www.rassegnastampa-totustuus.it\/cattolica\/davide-fiorillo-2012-2021-il-bambino-che-parlava-con-gli-angeli\/#primaryimage"},"thumbnailUrl":"https:\/\/www.rassegnastampa-totustuus.it\/cattolica\/wp-content\/uploads\/2024\/04\/Davide_Fiorillo_cover-1.jpeg","datePublished":"2024-04-16T07:55:06+00:00","dateModified":"2024-04-16T07:55:08+00:00","description":"Davide Fiorillo (2012-2021) Il bambino che parlava con gli angeli; un libro sulla vita breve ma intensissima di un piccolo santo","breadcrumb":{"@id":"https:\/\/www.rassegnastampa-totustuus.it\/cattolica\/davide-fiorillo-2012-2021-il-bambino-che-parlava-con-gli-angeli\/#breadcrumb"},"inLanguage":"it-IT","potentialAction":[{"@type":"ReadAction","target":["https:\/\/www.rassegnastampa-totustuus.it\/cattolica\/davide-fiorillo-2012-2021-il-bambino-che-parlava-con-gli-angeli\/"]}]},{"@type":"ImageObject","inLanguage":"it-IT","@id":"https:\/\/www.rassegnastampa-totustuus.it\/cattolica\/davide-fiorillo-2012-2021-il-bambino-che-parlava-con-gli-angeli\/#primaryimage","url":"https:\/\/www.rassegnastampa-totustuus.it\/cattolica\/wp-content\/uploads\/2024\/04\/Davide_Fiorillo_cover-1.jpeg","contentUrl":"https:\/\/www.rassegnastampa-totustuus.it\/cattolica\/wp-content\/uploads\/2024\/04\/Davide_Fiorillo_cover-1.jpeg","width":275,"height":183},{"@type":"BreadcrumbList","@id":"https:\/\/www.rassegnastampa-totustuus.it\/cattolica\/davide-fiorillo-2012-2021-il-bambino-che-parlava-con-gli-angeli\/#breadcrumb","itemListElement":[{"@type":"ListItem","position":1,"name":"Home","item":"https:\/\/www.rassegnastampa-totustuus.it\/cattolica\/"},{"@type":"ListItem","position":2,"name":"Davide Fiorillo (2012-2021) Il bambino che parlava con gli angeli"}]},{"@type":"WebSite","@id":"https:\/\/www.rassegnastampa-totustuus.it\/cattolica\/#website","url":"https:\/\/www.rassegnastampa-totustuus.it\/cattolica\/","name":"Rassegna Stampa Cattolica","description":"Per una cultura che nasce dalla Rivelazione cristiana in conformit\u00e0 alla tradizione e al Magistero della Chiesa in opposizione ad ogni relativismo e totalitarismo","publisher":{"@id":"https:\/\/www.rassegnastampa-totustuus.it\/cattolica\/#organization"},"alternateName":"Rass. Cattolica","potentialAction":[{"@type":"SearchAction","target":{"@type":"EntryPoint","urlTemplate":"https:\/\/www.rassegnastampa-totustuus.it\/cattolica\/?s={search_term_string}"},"query-input":{"@type":"PropertyValueSpecification","valueRequired":true,"valueName":"search_term_string"}}],"inLanguage":"it-IT"},{"@type":"Organization","@id":"https:\/\/www.rassegnastampa-totustuus.it\/cattolica\/#organization","name":"Rassegna Stampa Cattolica","url":"https:\/\/www.rassegnastampa-totustuus.it\/cattolica\/","logo":{"@type":"ImageObject","inLanguage":"it-IT","@id":"https:\/\/www.rassegnastampa-totustuus.it\/cattolica\/#\/schema\/logo\/image\/","url":"https:\/\/www.rassegnastampa-totustuus.it\/cattolica\/wp-content\/uploads\/2014\/04\/logo-rassegna1.gif","contentUrl":"https:\/\/www.rassegnastampa-totustuus.it\/cattolica\/wp-content\/uploads\/2014\/04\/logo-rassegna1.gif","width":600,"height":163,"caption":"Rassegna Stampa Cattolica"},"image":{"@id":"https:\/\/www.rassegnastampa-totustuus.it\/cattolica\/#\/schema\/logo\/image\/"},"sameAs":["https:\/\/www.facebook.com\/rassegnastampacattolica","https:\/\/x.com\/rassegnastampa9"]},{"@type":"Person","@id":"https:\/\/www.rassegnastampa-totustuus.it\/cattolica\/#\/schema\/person\/08f319d2bd1a0904ad9e2bfb7b15e5c3","name":"Redazione","image":{"@type":"ImageObject","inLanguage":"it-IT","@id":"https:\/\/secure.gravatar.com\/avatar\/2fcdf27c78ea025fbdb44e914cc63c72249ffec9dc8aafd5c82b26240ef3f346?s=96&d=mm&r=g","url":"https:\/\/secure.gravatar.com\/avatar\/2fcdf27c78ea025fbdb44e914cc63c72249ffec9dc8aafd5c82b26240ef3f346?s=96&d=mm&r=g","contentUrl":"https:\/\/secure.gravatar.com\/avatar\/2fcdf27c78ea025fbdb44e914cc63c72249ffec9dc8aafd5c82b26240ef3f346?s=96&d=mm&r=g","caption":"Redazione"},"url":"https:\/\/www.rassegnastampa-totustuus.it\/cattolica\/author\/pietroelle\/"}]}},"_links":{"self":[{"href":"https:\/\/www.rassegnastampa-totustuus.it\/cattolica\/wp-json\/wp\/v2\/posts\/60044","targetHints":{"allow":["GET"]}}],"collection":[{"href":"https:\/\/www.rassegnastampa-totustuus.it\/cattolica\/wp-json\/wp\/v2\/posts"}],"about":[{"href":"https:\/\/www.rassegnastampa-totustuus.it\/cattolica\/wp-json\/wp\/v2\/types\/post"}],"author":[{"embeddable":true,"href":"https:\/\/www.rassegnastampa-totustuus.it\/cattolica\/wp-json\/wp\/v2\/users\/6"}],"replies":[{"embeddable":true,"href":"https:\/\/www.rassegnastampa-totustuus.it\/cattolica\/wp-json\/wp\/v2\/comments?post=60044"}],"version-history":[{"count":1,"href":"https:\/\/www.rassegnastampa-totustuus.it\/cattolica\/wp-json\/wp\/v2\/posts\/60044\/revisions"}],"predecessor-version":[{"id":60047,"href":"https:\/\/www.rassegnastampa-totustuus.it\/cattolica\/wp-json\/wp\/v2\/posts\/60044\/revisions\/60047"}],"wp:featuredmedia":[{"embeddable":true,"href":"https:\/\/www.rassegnastampa-totustuus.it\/cattolica\/wp-json\/wp\/v2\/media\/60046"}],"wp:attachment":[{"href":"https:\/\/www.rassegnastampa-totustuus.it\/cattolica\/wp-json\/wp\/v2\/media?parent=60044"}],"wp:term":[{"taxonomy":"category","embeddable":true,"href":"https:\/\/www.rassegnastampa-totustuus.it\/cattolica\/wp-json\/wp\/v2\/categories?post=60044"},{"taxonomy":"post_tag","embeddable":true,"href":"https:\/\/www.rassegnastampa-totustuus.it\/cattolica\/wp-json\/wp\/v2\/tags?post=60044"}],"curies":[{"name":"wp","href":"https:\/\/api.w.org\/{rel}","templated":true}]}}