{"id":60,"date":"2004-11-05T11:45:49","date_gmt":"2004-11-05T10:45:49","guid":{"rendered":""},"modified":"2024-01-05T13:03:45","modified_gmt":"2024-01-05T12:03:45","slug":"cristiani-troppo-ingenui-nel-dialogo-coi-musulmani-lautocrit","status":"publish","type":"post","link":"https:\/\/www.rassegnastampa-totustuus.it\/cattolica\/cristiani-troppo-ingenui-nel-dialogo-coi-musulmani-lautocrit\/","title":{"rendered":"Cristiani  \u00abingenui\u00bb nel dialogo con l&#8217;islam"},"content":{"rendered":"<p style=\"text-align: justify;\"><span style=\"color: #000000;\"><strong><img loading=\"lazy\" decoding=\"async\" class=\"size-full wp-image-57650 alignleft\" src=\"https:\/\/www.rassegnastampa-totustuus.it\/cattolica\/wp-content\/uploads\/2004\/11\/cristiani_dialogo_islam.jpeg\" alt=\"\" width=\"331\" height=\"186\" \/><span style=\"color: #000000;\">Abstract:\u00a0<\/span><\/strong><em> i cristiani\u00a0 nel dialogo con l&#8217;islam mostrano ingenuit\u00e0 a causa di un malinteso ecumenismo e scarsa comprensione dell&#8217;islam. Anzitutto negli anni del post-Concilio si \u00e8 sottolineato cos\u00ec tanto il dialogo con le religioni da ritenere gli atteggiamenti missionario critici verso l\u2019islam (o alcuni elementi dell\u2019islam) una specie di frutto retrogrado di mentalit\u00e0 conquistatrice.\u00a0 Un missionario fa autocritica.<\/em><\/span><\/p>\n<p><!--more--><\/p>\n<p style=\"text-align: center;\"><span style=\"color: #000000;\">Articolo pubblicato su <strong>Avvenire <\/strong>14 novembre 2001<\/span><\/p>\n<h3 style=\"text-align: center;\"><span style=\"color: #000000;\">Cristiani troppo \u00abingenui\u00bb nel dialogo coi musulmani? L\u2019autocritica di un missionario<\/span><\/h3>\n<p style=\"text-align: center;\"><span style=\"color: #000000;\"><em>Cattolici e Islam: generosi ma nella chiarezza<\/em><\/span><\/p>\n<p style=\"text-align: center;\"><span style=\"color: #000000;\">di<span style=\"color: #0000ff;\"><a style=\"color: #0000ff;\" href=\"https:\/\/www.bernardocervellera.it\/it\" target=\"_blank\" rel=\"noopener\">\u00a0<strong>Bernardo Cervellera<\/strong><\/a><\/span><\/span><\/p>\n<p style=\"text-align: justify;\"><span style=\"color: #000000;\">L\u2019Italia, e l\u2019Italia cattolica, forse non era preparata a incontrare o a scontrarsi \u2014 con l\u2019islam \u00abguerriero\u00bb di questi mesi. Ma i missionari? Quelli che da anni vivono in ambiente musulmano? Possibile che non ci abbiano mai avvertiti del pericolo?<\/span><\/p>\n<p style=\"text-align: justify;\"><span style=\"color: #000000;\">Forse c\u2019\u00e8 stato davvero uno scollamento, mia mancanza di comunicazione fra esperienze in missione e vita in Italia. Come mai? Anzitutto per un motivo di cautela. Preti che lavorano in Africa del Nord e in Paesi asiatici-musulmani, dove i cristiani sono minoranza, non possono sbandierare ai quattro venti le violenze che i cristiani (e i musulmani) subiscono dal potere politico o dai gruppi fondamentalisti. In pi\u00f9, siccome il cristianesimo \u00e8 visto come una religione straniera, le notizie date ad occidentali sono lette come una nuova forma di colonialismo culturale. Con tutto questo non si pu\u00f2 dire che i missionari non abbiano dato \u00abda pensare\u00bb all\u2019Occidente. Per esempio, sono stati proprio loro ad avvertire che prestare chiese agli immigrati per la preghiera islamica significava perderle per sempre, perch\u00e9 esse divenivano di fatto \u00abterra dell\u2019islam\u00bb<\/span><\/p>\n<p style=\"text-align: justify;\"><span style=\"color: #000000;\">Quando ero corrispondente in Libano, si faceva fatica a convincere l\u2019Occidente che i cristiani libanesi volevano convivere coi musulmani e che rischiavano di essere buttati fuori dal loro Paese. Tutti parteggiavano per i profughi palestinesi e, in ogni caso, pensavano che i cristiani fossero dei persecutori che volevano far fuori i \u00abpoveri musulmani\u00bb. Al tempo dell\u2019Iran di Khomeini, vi \u00e8 stato un periodo in culla stampa italiana, anche cattolica, osannava la liberazione dell\u2019ayatollah contro i soprusi di Reza Pahlevi.<\/span><\/p>\n<p style=\"text-align: justify;\"><span style=\"color: #000000;\">Un atteggiamento a priori cos\u00ec \u201dfilo-islamico\u201d penso abbia due cause. Anzitutto negli anni del post-Concilio si \u00e8 sottolineato cos\u00ec tanto il dialogo con le religioni da ritenere gli atteggiamenti missionario critici verso l\u2019islam (o alcuni elementi dell\u2019islam) una specie di frutto retrogrado di mentalit\u00e0 conquistatrice. Il punto \u00e8 che il dialogo, anche quello religioso, non si pu\u00f2 fare solo sulle cose spirituali: c\u2019\u00e8 bisogno del corpo, della cultura, del confronto con gli stili di vita In Occidente, invece, mentre si cercava di eliminare il \u00abcorpo\u00bb greco-giudeo-cristiano della propria cultura, si sospirava un incontro etereo (e forse inesistente) sui \u00abvalori spirituali\u00bb.<\/span><\/p>\n<p style=\"text-align: justify;\"><span style=\"font-size: revert; color: #000000;\">Inoltre, sulla questione della missione e dell\u2019immigrazione musulmana non si \u00e8 tenuto conto dell\u2019elemento culturale, dando invece tanta enfasi alla giustizia, alla carit\u00e0, alla generosit\u00e0 Per anni &#8211; e questa \u00e8 forse una colpa di diversi missionari &#8211; parlando dei popoli del Terzo Mondo, si \u00e8 sottolineata la povert\u00e0 e la dimensione economica, senza mai domandarsi troppo sulla loro cultura e religione. Quando poi centinaia di migliaia di immigrati sono approdati alle sponde italiane, nessuno ha messo in luce la questione dell\u2019integrazione culturale. preferendo solo spalancare il cuore alla generosit\u00e0 senza intelligenza.<\/span><\/p>\n<div style=\"text-align: justify;\">\n<p><span style=\"color: #000000;\">Chi ha osato levare la voce sui problemi che nascono nell\u2019incontro fra due culture e religioni \u00e8 stato bollato come razzista. Non considerando la cultura e lo spinto di questi immigrati, si \u00e8 preferito ridurli a quantit\u00e0 di forza lavoro o ami numero per le nostre azioni meritorie. Si \u00e8 persa l\u2019occasione di considerarli individui (e non gruppo o\u00a0<em>umma,<\/em><i>\u00a0<\/i>comunit\u00e0) e chi presentare un altro stile di rapporto con la fede, che esalta la libert\u00e0 di coscienza e di adesione personale.<\/span><\/p>\n<p><span style=\"color: #000000;\">Quanto detto finora non \u00e8 per chiudere le frontiere e lanciare crociate contro l\u2019islam. Voglio solo dire che la presenza di musulmani in Italia \u00e8 una questione di dialogo fra culture e religioni. Esso va quindi preparato e chiarito all\u2019estero e in patria perch\u00e9 l\u2019ospitalit\u00e0 di un\u2019altra cultura e religione non soffochi la cultura ospitante. Occorre quindi che i governi creino strutture per l\u2019integrazione culturale, ma occorre pure che gli occidentali e i cristiani non dimentichino di testimoniare la loro fede nella cultura, nel loro impegno e lavoro, anche quello a favore dei musulmani<\/span><\/p>\n<p>________________________________________<\/p>\n<p><span style=\"color: #000000;\"><strong>Cristiani e dialogo con l&#8217;islam. Per approfondire:<\/strong><\/span><\/p>\n<p><span style=\"color: #0000ff;\"><a style=\"color: #0000ff;\" href=\"https:\/\/www.rassegnastampa-totustuus.it\/cattolica\/laccoglienza-puo-produrre-ghetti-lintegrazione-richiede-regole-di-ferro-intervista-a-khalil-samir\/\" target=\"_blank\" rel=\"noopener\">L\u2019accoglienza pu\u00f2 produrre ghetti, l\u2019integrazione richiede regole di ferro. Intervista a Khalil Samir<\/a><\/span><\/p>\n<p><span style=\"color: #0000ff;\"><a style=\"color: #0000ff;\" href=\"https:\/\/www.rassegnastampa-totustuus.it\/cattolica\/il-risveglio-dellislam-e-la-crisi-di-identita-delloccidente\/\" target=\"_blank\" rel=\"noopener\">Il risveglio dell&#8217;islam e la crisi di identit\u00e0 dell&#8217;Occidente<\/a>\u00a0<\/span><\/p>\n<p><span style=\"color: #0000ff;\"><a style=\"color: #0000ff;\" href=\"https:\/\/www.rassegnastampa-totustuus.it\/cattolica\/cristianesimo-e-islam\/\" target=\"_blank\" rel=\"noopener\">Cristianesimo e islam<\/a><\/span><\/p>\n<\/div>\n","protected":false},"excerpt":{"rendered":"<p>Abstract:\u00a0 i cristiani\u00a0 nel dialogo con l&#8217;islam mostrano ingenuit\u00e0 a causa di un malinteso ecumenismo e scarsa comprensione dell&#8217;islam. Anzitutto negli anni del post-Concilio si \u00e8 sottolineato cos\u00ec tanto il dialogo con le religioni da ritenere gli atteggiamenti missionario critici verso l\u2019islam (o alcuni elementi dell\u2019islam) una specie di frutto retrogrado di mentalit\u00e0 conquistatrice.\u00a0 Un &hellip; <\/p>\n<p><a class=\"more-link btn\" href=\"https:\/\/www.rassegnastampa-totustuus.it\/cattolica\/cristiani-troppo-ingenui-nel-dialogo-coi-musulmani-lautocrit\/\">Continua a leggere<\/a><\/p>\n","protected":false},"author":6,"featured_media":32595,"comment_status":"closed","ping_status":"open","sticky":false,"template":"","format":"standard","meta":{"footnotes":""},"categories":[16,34],"tags":[161,517],"class_list":["post-60","post","type-post","status-publish","format-standard","has-post-thumbnail","hentry","category-islam","category-dialogo-con-l-islam","tag-islam-2","tag-islam-dialogo","item-wrap"],"yoast_head":"<!-- This site is optimized with the Yoast SEO plugin v27.5 - https:\/\/yoast.com\/product\/yoast-seo-wordpress\/ -->\n<title>Cristiani \u00abingenui\u00bb nel dialogo con l&#039;islam - Rassegna Stampa Cattolica<\/title>\n<meta name=\"description\" content=\"Rassegna Stampa Cattolica - Per una cultura che nasce dalla Rivelazione cristiana in conformit\u00e0 alla tradizione e al Magistero della Chiesa in opposizione ad ogni relativismo e totalitarismo\" \/>\n<meta name=\"robots\" content=\"index, follow, max-snippet:-1, max-image-preview:large, max-video-preview:-1\" \/>\n<link rel=\"canonical\" href=\"https:\/\/www.rassegnastampa-totustuus.it\/cattolica\/cristiani-troppo-ingenui-nel-dialogo-coi-musulmani-lautocrit\/\" \/>\n<meta property=\"og:locale\" content=\"it_IT\" \/>\n<meta property=\"og:type\" content=\"article\" \/>\n<meta property=\"og:title\" content=\"Cristiani \u00abingenui\u00bb nel dialogo con l&#039;islam - Rassegna Stampa Cattolica\" \/>\n<meta property=\"og:description\" content=\"Rassegna Stampa Cattolica - Per una cultura che nasce dalla Rivelazione cristiana in conformit\u00e0 alla tradizione e al Magistero della Chiesa in opposizione ad ogni relativismo e totalitarismo\" \/>\n<meta property=\"og:url\" content=\"https:\/\/www.rassegnastampa-totustuus.it\/cattolica\/cristiani-troppo-ingenui-nel-dialogo-coi-musulmani-lautocrit\/\" \/>\n<meta property=\"og:site_name\" content=\"Rassegna Stampa Cattolica\" \/>\n<meta property=\"article:publisher\" content=\"https:\/\/www.facebook.com\/rassegnastampacattolica\" \/>\n<meta property=\"article:published_time\" content=\"2004-11-05T10:45:49+00:00\" \/>\n<meta property=\"article:modified_time\" content=\"2024-01-05T12:03:45+00:00\" \/>\n<meta property=\"og:image\" content=\"https:\/\/www.rassegnastampa-totustuus.it\/cattolica\/wp-content\/uploads\/2004\/11\/preti_imam.jpg\" \/>\n\t<meta property=\"og:image:width\" content=\"275\" \/>\n\t<meta property=\"og:image:height\" content=\"183\" \/>\n\t<meta property=\"og:image:type\" content=\"image\/jpeg\" \/>\n<meta name=\"author\" content=\"Redazione\" \/>\n<meta name=\"twitter:card\" content=\"summary_large_image\" \/>\n<meta name=\"twitter:creator\" content=\"@rassegnastampa9\" \/>\n<meta name=\"twitter:site\" content=\"@rassegnastampa9\" \/>\n<meta name=\"twitter:label1\" content=\"Scritto da\" \/>\n\t<meta name=\"twitter:data1\" content=\"Redazione\" \/>\n\t<meta name=\"twitter:label2\" content=\"Tempo di lettura stimato\" \/>\n\t<meta name=\"twitter:data2\" content=\"5 minuti\" \/>\n<script type=\"application\/ld+json\" class=\"yoast-schema-graph\">{\"@context\":\"https:\\\/\\\/schema.org\",\"@graph\":[{\"@type\":\"Article\",\"@id\":\"https:\\\/\\\/www.rassegnastampa-totustuus.it\\\/cattolica\\\/cristiani-troppo-ingenui-nel-dialogo-coi-musulmani-lautocrit\\\/#article\",\"isPartOf\":{\"@id\":\"https:\\\/\\\/www.rassegnastampa-totustuus.it\\\/cattolica\\\/cristiani-troppo-ingenui-nel-dialogo-coi-musulmani-lautocrit\\\/\"},\"author\":{\"name\":\"Redazione\",\"@id\":\"https:\\\/\\\/www.rassegnastampa-totustuus.it\\\/cattolica\\\/#\\\/schema\\\/person\\\/08f319d2bd1a0904ad9e2bfb7b15e5c3\"},\"headline\":\"Cristiani \u00abingenui\u00bb nel dialogo con l&#8217;islam\",\"datePublished\":\"2004-11-05T10:45:49+00:00\",\"dateModified\":\"2024-01-05T12:03:45+00:00\",\"mainEntityOfPage\":{\"@id\":\"https:\\\/\\\/www.rassegnastampa-totustuus.it\\\/cattolica\\\/cristiani-troppo-ingenui-nel-dialogo-coi-musulmani-lautocrit\\\/\"},\"wordCount\":759,\"publisher\":{\"@id\":\"https:\\\/\\\/www.rassegnastampa-totustuus.it\\\/cattolica\\\/#organization\"},\"image\":{\"@id\":\"https:\\\/\\\/www.rassegnastampa-totustuus.it\\\/cattolica\\\/cristiani-troppo-ingenui-nel-dialogo-coi-musulmani-lautocrit\\\/#primaryimage\"},\"thumbnailUrl\":\"https:\\\/\\\/www.rassegnastampa-totustuus.it\\\/cattolica\\\/wp-content\\\/uploads\\\/2004\\\/11\\\/preti_imam.jpg\",\"keywords\":[\"islam\",\"Islam dialogo\"],\"articleSection\":[\"Islam\",\"Islam dialogo\"],\"inLanguage\":\"it-IT\"},{\"@type\":\"WebPage\",\"@id\":\"https:\\\/\\\/www.rassegnastampa-totustuus.it\\\/cattolica\\\/cristiani-troppo-ingenui-nel-dialogo-coi-musulmani-lautocrit\\\/\",\"url\":\"https:\\\/\\\/www.rassegnastampa-totustuus.it\\\/cattolica\\\/cristiani-troppo-ingenui-nel-dialogo-coi-musulmani-lautocrit\\\/\",\"name\":\"Cristiani \u00abingenui\u00bb nel dialogo con l'islam - Rassegna Stampa Cattolica\",\"isPartOf\":{\"@id\":\"https:\\\/\\\/www.rassegnastampa-totustuus.it\\\/cattolica\\\/#website\"},\"primaryImageOfPage\":{\"@id\":\"https:\\\/\\\/www.rassegnastampa-totustuus.it\\\/cattolica\\\/cristiani-troppo-ingenui-nel-dialogo-coi-musulmani-lautocrit\\\/#primaryimage\"},\"image\":{\"@id\":\"https:\\\/\\\/www.rassegnastampa-totustuus.it\\\/cattolica\\\/cristiani-troppo-ingenui-nel-dialogo-coi-musulmani-lautocrit\\\/#primaryimage\"},\"thumbnailUrl\":\"https:\\\/\\\/www.rassegnastampa-totustuus.it\\\/cattolica\\\/wp-content\\\/uploads\\\/2004\\\/11\\\/preti_imam.jpg\",\"datePublished\":\"2004-11-05T10:45:49+00:00\",\"dateModified\":\"2024-01-05T12:03:45+00:00\",\"description\":\"Rassegna Stampa Cattolica - Per una cultura che nasce dalla Rivelazione cristiana in conformit\u00e0 alla tradizione e al Magistero della Chiesa in opposizione ad ogni relativismo e totalitarismo\",\"breadcrumb\":{\"@id\":\"https:\\\/\\\/www.rassegnastampa-totustuus.it\\\/cattolica\\\/cristiani-troppo-ingenui-nel-dialogo-coi-musulmani-lautocrit\\\/#breadcrumb\"},\"inLanguage\":\"it-IT\",\"potentialAction\":[{\"@type\":\"ReadAction\",\"target\":[\"https:\\\/\\\/www.rassegnastampa-totustuus.it\\\/cattolica\\\/cristiani-troppo-ingenui-nel-dialogo-coi-musulmani-lautocrit\\\/\"]}]},{\"@type\":\"ImageObject\",\"inLanguage\":\"it-IT\",\"@id\":\"https:\\\/\\\/www.rassegnastampa-totustuus.it\\\/cattolica\\\/cristiani-troppo-ingenui-nel-dialogo-coi-musulmani-lautocrit\\\/#primaryimage\",\"url\":\"https:\\\/\\\/www.rassegnastampa-totustuus.it\\\/cattolica\\\/wp-content\\\/uploads\\\/2004\\\/11\\\/preti_imam.jpg\",\"contentUrl\":\"https:\\\/\\\/www.rassegnastampa-totustuus.it\\\/cattolica\\\/wp-content\\\/uploads\\\/2004\\\/11\\\/preti_imam.jpg\",\"width\":275,\"height\":183},{\"@type\":\"BreadcrumbList\",\"@id\":\"https:\\\/\\\/www.rassegnastampa-totustuus.it\\\/cattolica\\\/cristiani-troppo-ingenui-nel-dialogo-coi-musulmani-lautocrit\\\/#breadcrumb\",\"itemListElement\":[{\"@type\":\"ListItem\",\"position\":1,\"name\":\"Home\",\"item\":\"https:\\\/\\\/www.rassegnastampa-totustuus.it\\\/cattolica\\\/\"},{\"@type\":\"ListItem\",\"position\":2,\"name\":\"Cristiani \u00abingenui\u00bb nel dialogo con l&#8217;islam\"}]},{\"@type\":\"WebSite\",\"@id\":\"https:\\\/\\\/www.rassegnastampa-totustuus.it\\\/cattolica\\\/#website\",\"url\":\"https:\\\/\\\/www.rassegnastampa-totustuus.it\\\/cattolica\\\/\",\"name\":\"Rassegna Stampa Cattolica\",\"description\":\"Per una cultura che nasce dalla Rivelazione cristiana in conformit\u00e0 alla tradizione e al Magistero della Chiesa in opposizione ad ogni relativismo e totalitarismo\",\"publisher\":{\"@id\":\"https:\\\/\\\/www.rassegnastampa-totustuus.it\\\/cattolica\\\/#organization\"},\"alternateName\":\"Rass. Cattolica\",\"potentialAction\":[{\"@type\":\"SearchAction\",\"target\":{\"@type\":\"EntryPoint\",\"urlTemplate\":\"https:\\\/\\\/www.rassegnastampa-totustuus.it\\\/cattolica\\\/?s={search_term_string}\"},\"query-input\":{\"@type\":\"PropertyValueSpecification\",\"valueRequired\":true,\"valueName\":\"search_term_string\"}}],\"inLanguage\":\"it-IT\"},{\"@type\":\"Organization\",\"@id\":\"https:\\\/\\\/www.rassegnastampa-totustuus.it\\\/cattolica\\\/#organization\",\"name\":\"Rassegna Stampa Cattolica\",\"url\":\"https:\\\/\\\/www.rassegnastampa-totustuus.it\\\/cattolica\\\/\",\"logo\":{\"@type\":\"ImageObject\",\"inLanguage\":\"it-IT\",\"@id\":\"https:\\\/\\\/www.rassegnastampa-totustuus.it\\\/cattolica\\\/#\\\/schema\\\/logo\\\/image\\\/\",\"url\":\"https:\\\/\\\/www.rassegnastampa-totustuus.it\\\/cattolica\\\/wp-content\\\/uploads\\\/2014\\\/04\\\/logo-rassegna1.gif\",\"contentUrl\":\"https:\\\/\\\/www.rassegnastampa-totustuus.it\\\/cattolica\\\/wp-content\\\/uploads\\\/2014\\\/04\\\/logo-rassegna1.gif\",\"width\":600,\"height\":163,\"caption\":\"Rassegna Stampa Cattolica\"},\"image\":{\"@id\":\"https:\\\/\\\/www.rassegnastampa-totustuus.it\\\/cattolica\\\/#\\\/schema\\\/logo\\\/image\\\/\"},\"sameAs\":[\"https:\\\/\\\/www.facebook.com\\\/rassegnastampacattolica\",\"https:\\\/\\\/x.com\\\/rassegnastampa9\"]},{\"@type\":\"Person\",\"@id\":\"https:\\\/\\\/www.rassegnastampa-totustuus.it\\\/cattolica\\\/#\\\/schema\\\/person\\\/08f319d2bd1a0904ad9e2bfb7b15e5c3\",\"name\":\"Redazione\",\"image\":{\"@type\":\"ImageObject\",\"inLanguage\":\"it-IT\",\"@id\":\"https:\\\/\\\/secure.gravatar.com\\\/avatar\\\/2fcdf27c78ea025fbdb44e914cc63c72249ffec9dc8aafd5c82b26240ef3f346?s=96&d=mm&r=g\",\"url\":\"https:\\\/\\\/secure.gravatar.com\\\/avatar\\\/2fcdf27c78ea025fbdb44e914cc63c72249ffec9dc8aafd5c82b26240ef3f346?s=96&d=mm&r=g\",\"contentUrl\":\"https:\\\/\\\/secure.gravatar.com\\\/avatar\\\/2fcdf27c78ea025fbdb44e914cc63c72249ffec9dc8aafd5c82b26240ef3f346?s=96&d=mm&r=g\",\"caption\":\"Redazione\"},\"url\":\"https:\\\/\\\/www.rassegnastampa-totustuus.it\\\/cattolica\\\/author\\\/pietroelle\\\/\"}]}<\/script>\n<!-- \/ Yoast SEO plugin. -->","yoast_head_json":{"title":"Cristiani \u00abingenui\u00bb nel dialogo con l'islam - Rassegna Stampa Cattolica","description":"Rassegna Stampa Cattolica - Per una cultura che nasce dalla Rivelazione cristiana in conformit\u00e0 alla tradizione e al Magistero della Chiesa in opposizione ad ogni relativismo e totalitarismo","robots":{"index":"index","follow":"follow","max-snippet":"max-snippet:-1","max-image-preview":"max-image-preview:large","max-video-preview":"max-video-preview:-1"},"canonical":"https:\/\/www.rassegnastampa-totustuus.it\/cattolica\/cristiani-troppo-ingenui-nel-dialogo-coi-musulmani-lautocrit\/","og_locale":"it_IT","og_type":"article","og_title":"Cristiani \u00abingenui\u00bb nel dialogo con l'islam - Rassegna Stampa Cattolica","og_description":"Rassegna Stampa Cattolica - Per una cultura che nasce dalla Rivelazione cristiana in conformit\u00e0 alla tradizione e al Magistero della Chiesa in opposizione ad ogni relativismo e totalitarismo","og_url":"https:\/\/www.rassegnastampa-totustuus.it\/cattolica\/cristiani-troppo-ingenui-nel-dialogo-coi-musulmani-lautocrit\/","og_site_name":"Rassegna Stampa Cattolica","article_publisher":"https:\/\/www.facebook.com\/rassegnastampacattolica","article_published_time":"2004-11-05T10:45:49+00:00","article_modified_time":"2024-01-05T12:03:45+00:00","og_image":[{"width":275,"height":183,"url":"https:\/\/www.rassegnastampa-totustuus.it\/cattolica\/wp-content\/uploads\/2004\/11\/preti_imam.jpg","type":"image\/jpeg"}],"author":"Redazione","twitter_card":"summary_large_image","twitter_creator":"@rassegnastampa9","twitter_site":"@rassegnastampa9","twitter_misc":{"Scritto da":"Redazione","Tempo di lettura stimato":"5 minuti"},"schema":{"@context":"https:\/\/schema.org","@graph":[{"@type":"Article","@id":"https:\/\/www.rassegnastampa-totustuus.it\/cattolica\/cristiani-troppo-ingenui-nel-dialogo-coi-musulmani-lautocrit\/#article","isPartOf":{"@id":"https:\/\/www.rassegnastampa-totustuus.it\/cattolica\/cristiani-troppo-ingenui-nel-dialogo-coi-musulmani-lautocrit\/"},"author":{"name":"Redazione","@id":"https:\/\/www.rassegnastampa-totustuus.it\/cattolica\/#\/schema\/person\/08f319d2bd1a0904ad9e2bfb7b15e5c3"},"headline":"Cristiani \u00abingenui\u00bb nel dialogo con l&#8217;islam","datePublished":"2004-11-05T10:45:49+00:00","dateModified":"2024-01-05T12:03:45+00:00","mainEntityOfPage":{"@id":"https:\/\/www.rassegnastampa-totustuus.it\/cattolica\/cristiani-troppo-ingenui-nel-dialogo-coi-musulmani-lautocrit\/"},"wordCount":759,"publisher":{"@id":"https:\/\/www.rassegnastampa-totustuus.it\/cattolica\/#organization"},"image":{"@id":"https:\/\/www.rassegnastampa-totustuus.it\/cattolica\/cristiani-troppo-ingenui-nel-dialogo-coi-musulmani-lautocrit\/#primaryimage"},"thumbnailUrl":"https:\/\/www.rassegnastampa-totustuus.it\/cattolica\/wp-content\/uploads\/2004\/11\/preti_imam.jpg","keywords":["islam","Islam dialogo"],"articleSection":["Islam","Islam dialogo"],"inLanguage":"it-IT"},{"@type":"WebPage","@id":"https:\/\/www.rassegnastampa-totustuus.it\/cattolica\/cristiani-troppo-ingenui-nel-dialogo-coi-musulmani-lautocrit\/","url":"https:\/\/www.rassegnastampa-totustuus.it\/cattolica\/cristiani-troppo-ingenui-nel-dialogo-coi-musulmani-lautocrit\/","name":"Cristiani \u00abingenui\u00bb nel dialogo con l'islam - Rassegna Stampa Cattolica","isPartOf":{"@id":"https:\/\/www.rassegnastampa-totustuus.it\/cattolica\/#website"},"primaryImageOfPage":{"@id":"https:\/\/www.rassegnastampa-totustuus.it\/cattolica\/cristiani-troppo-ingenui-nel-dialogo-coi-musulmani-lautocrit\/#primaryimage"},"image":{"@id":"https:\/\/www.rassegnastampa-totustuus.it\/cattolica\/cristiani-troppo-ingenui-nel-dialogo-coi-musulmani-lautocrit\/#primaryimage"},"thumbnailUrl":"https:\/\/www.rassegnastampa-totustuus.it\/cattolica\/wp-content\/uploads\/2004\/11\/preti_imam.jpg","datePublished":"2004-11-05T10:45:49+00:00","dateModified":"2024-01-05T12:03:45+00:00","description":"Rassegna Stampa Cattolica - Per una cultura che nasce dalla Rivelazione cristiana in conformit\u00e0 alla tradizione e al Magistero della Chiesa in opposizione ad ogni relativismo e totalitarismo","breadcrumb":{"@id":"https:\/\/www.rassegnastampa-totustuus.it\/cattolica\/cristiani-troppo-ingenui-nel-dialogo-coi-musulmani-lautocrit\/#breadcrumb"},"inLanguage":"it-IT","potentialAction":[{"@type":"ReadAction","target":["https:\/\/www.rassegnastampa-totustuus.it\/cattolica\/cristiani-troppo-ingenui-nel-dialogo-coi-musulmani-lautocrit\/"]}]},{"@type":"ImageObject","inLanguage":"it-IT","@id":"https:\/\/www.rassegnastampa-totustuus.it\/cattolica\/cristiani-troppo-ingenui-nel-dialogo-coi-musulmani-lautocrit\/#primaryimage","url":"https:\/\/www.rassegnastampa-totustuus.it\/cattolica\/wp-content\/uploads\/2004\/11\/preti_imam.jpg","contentUrl":"https:\/\/www.rassegnastampa-totustuus.it\/cattolica\/wp-content\/uploads\/2004\/11\/preti_imam.jpg","width":275,"height":183},{"@type":"BreadcrumbList","@id":"https:\/\/www.rassegnastampa-totustuus.it\/cattolica\/cristiani-troppo-ingenui-nel-dialogo-coi-musulmani-lautocrit\/#breadcrumb","itemListElement":[{"@type":"ListItem","position":1,"name":"Home","item":"https:\/\/www.rassegnastampa-totustuus.it\/cattolica\/"},{"@type":"ListItem","position":2,"name":"Cristiani \u00abingenui\u00bb nel dialogo con l&#8217;islam"}]},{"@type":"WebSite","@id":"https:\/\/www.rassegnastampa-totustuus.it\/cattolica\/#website","url":"https:\/\/www.rassegnastampa-totustuus.it\/cattolica\/","name":"Rassegna Stampa Cattolica","description":"Per una cultura che nasce dalla Rivelazione cristiana in conformit\u00e0 alla tradizione e al Magistero della Chiesa in opposizione ad ogni relativismo e totalitarismo","publisher":{"@id":"https:\/\/www.rassegnastampa-totustuus.it\/cattolica\/#organization"},"alternateName":"Rass. Cattolica","potentialAction":[{"@type":"SearchAction","target":{"@type":"EntryPoint","urlTemplate":"https:\/\/www.rassegnastampa-totustuus.it\/cattolica\/?s={search_term_string}"},"query-input":{"@type":"PropertyValueSpecification","valueRequired":true,"valueName":"search_term_string"}}],"inLanguage":"it-IT"},{"@type":"Organization","@id":"https:\/\/www.rassegnastampa-totustuus.it\/cattolica\/#organization","name":"Rassegna Stampa Cattolica","url":"https:\/\/www.rassegnastampa-totustuus.it\/cattolica\/","logo":{"@type":"ImageObject","inLanguage":"it-IT","@id":"https:\/\/www.rassegnastampa-totustuus.it\/cattolica\/#\/schema\/logo\/image\/","url":"https:\/\/www.rassegnastampa-totustuus.it\/cattolica\/wp-content\/uploads\/2014\/04\/logo-rassegna1.gif","contentUrl":"https:\/\/www.rassegnastampa-totustuus.it\/cattolica\/wp-content\/uploads\/2014\/04\/logo-rassegna1.gif","width":600,"height":163,"caption":"Rassegna Stampa Cattolica"},"image":{"@id":"https:\/\/www.rassegnastampa-totustuus.it\/cattolica\/#\/schema\/logo\/image\/"},"sameAs":["https:\/\/www.facebook.com\/rassegnastampacattolica","https:\/\/x.com\/rassegnastampa9"]},{"@type":"Person","@id":"https:\/\/www.rassegnastampa-totustuus.it\/cattolica\/#\/schema\/person\/08f319d2bd1a0904ad9e2bfb7b15e5c3","name":"Redazione","image":{"@type":"ImageObject","inLanguage":"it-IT","@id":"https:\/\/secure.gravatar.com\/avatar\/2fcdf27c78ea025fbdb44e914cc63c72249ffec9dc8aafd5c82b26240ef3f346?s=96&d=mm&r=g","url":"https:\/\/secure.gravatar.com\/avatar\/2fcdf27c78ea025fbdb44e914cc63c72249ffec9dc8aafd5c82b26240ef3f346?s=96&d=mm&r=g","contentUrl":"https:\/\/secure.gravatar.com\/avatar\/2fcdf27c78ea025fbdb44e914cc63c72249ffec9dc8aafd5c82b26240ef3f346?s=96&d=mm&r=g","caption":"Redazione"},"url":"https:\/\/www.rassegnastampa-totustuus.it\/cattolica\/author\/pietroelle\/"}]}},"_links":{"self":[{"href":"https:\/\/www.rassegnastampa-totustuus.it\/cattolica\/wp-json\/wp\/v2\/posts\/60","targetHints":{"allow":["GET"]}}],"collection":[{"href":"https:\/\/www.rassegnastampa-totustuus.it\/cattolica\/wp-json\/wp\/v2\/posts"}],"about":[{"href":"https:\/\/www.rassegnastampa-totustuus.it\/cattolica\/wp-json\/wp\/v2\/types\/post"}],"author":[{"embeddable":true,"href":"https:\/\/www.rassegnastampa-totustuus.it\/cattolica\/wp-json\/wp\/v2\/users\/6"}],"replies":[{"embeddable":true,"href":"https:\/\/www.rassegnastampa-totustuus.it\/cattolica\/wp-json\/wp\/v2\/comments?post=60"}],"version-history":[{"count":6,"href":"https:\/\/www.rassegnastampa-totustuus.it\/cattolica\/wp-json\/wp\/v2\/posts\/60\/revisions"}],"predecessor-version":[{"id":58855,"href":"https:\/\/www.rassegnastampa-totustuus.it\/cattolica\/wp-json\/wp\/v2\/posts\/60\/revisions\/58855"}],"wp:featuredmedia":[{"embeddable":true,"href":"https:\/\/www.rassegnastampa-totustuus.it\/cattolica\/wp-json\/wp\/v2\/media\/32595"}],"wp:attachment":[{"href":"https:\/\/www.rassegnastampa-totustuus.it\/cattolica\/wp-json\/wp\/v2\/media?parent=60"}],"wp:term":[{"taxonomy":"category","embeddable":true,"href":"https:\/\/www.rassegnastampa-totustuus.it\/cattolica\/wp-json\/wp\/v2\/categories?post=60"},{"taxonomy":"post_tag","embeddable":true,"href":"https:\/\/www.rassegnastampa-totustuus.it\/cattolica\/wp-json\/wp\/v2\/tags?post=60"}],"curies":[{"name":"wp","href":"https:\/\/api.w.org\/{rel}","templated":true}]}}