{"id":59925,"date":"2024-04-11T00:00:00","date_gmt":"2024-04-10T22:00:00","guid":{"rendered":"https:\/\/www.rassegnastampa-totustuus.it\/cattolica\/?p=59925"},"modified":"2024-04-03T11:05:33","modified_gmt":"2024-04-03T09:05:33","slug":"studio-olandese-sulla-disforia-di-genere","status":"publish","type":"post","link":"https:\/\/www.rassegnastampa-totustuus.it\/cattolica\/studio-olandese-sulla-disforia-di-genere\/","title":{"rendered":"Studio olandese sulla disforia di genere"},"content":{"rendered":"<p style=\"text-align: justify;\"><span style=\"color: #000000;\"><strong><img loading=\"lazy\" decoding=\"async\" class=\"size-medium wp-image-55090 alignleft\" src=\"https:\/\/www.rassegnastampa-totustuus.it\/cattolica\/wp-content\/uploads\/2022\/11\/gender_disforia-300x168.jpg\" alt=\"\" width=\"300\" height=\"168\" \/>Abstract:\u00a0<\/strong><em> studio olandese sulla disforia di genere rileva che il desiderio di appartenere al sesso opposto durante l&#8217;adolescenza \u00e8 comune ma \u00e8 temporaneo e diminuisce con l&#8217;et\u00e0. La ricerca sui giovani che soffrono di disforia di genere spesso manca di dati a lungo termine, il che porta a un significativo disaccordo sui modi pi\u00f9 etici per sostenere questi individui. Gli autori hanno attirato l\u2019attenzione su questa lacuna nella ricerca, osservando che la maggior parte degli studi si \u00e8 concentrata su campioni clinici provenienti da cliniche specializzate in genere con una sola valutazione di follow-up.<\/em><\/span><!--more--><\/p>\n<p style=\"text-align: center;\"><span style=\"color: #000000;\"><a href=\"https:\/\/www.sabinopaciolla.com\/\" target=\"_blank\" rel=\"noopener\"><strong>Dal blog di Sabino Paciolla <\/strong><\/a>3 Aprile 2024 <\/span><\/p>\n<h3 style=\"text-align: center;\"><span style=\"color: #000000;\"><strong>Un nuovo studio a lungo termine rileva che il desiderio di appartenere al sesso opposto durante l\u2019adolescenza \u00e8 comune, temporaneo e diminuisce con l\u2019et\u00e0 <\/strong><\/span><\/h3>\n<p style=\"text-align: justify;\"><em><span style=\"color: #000000;\">Vi presentiamo la traduzione di un interessante<\/span> <span style=\"color: #0000ff;\"><a style=\"color: #0000ff;\" href=\"https:\/\/www.buttonslives.news\/p\/new-long-term-study-finds-desire\" target=\"_blank\" rel=\"noopener\">articolo che sintetizza una ricerca olandese<\/a><\/span> <span style=\"color: #000000;\">che, nel corso di molti anni, ha seguito un numeroso gruppo di bambini fino all\u2019et\u00e0 adulta. L\u2019articolo si concentra sulle questioni relative all\u2019identit\u00e0 di genere dimostrando quello che la letteratura dice da tempo ma che tanti \u201cesperti\u201d che trattano con ormoni i pre-adolescenti hanno dimenticato: le difficolt\u00e0 a riconoscersi nel proprio sesso di nascita emergono in soggetti psicologicamente fragili e, generalmente, scompaiono durante l\u2019adolescenza permanendo solo in una esigua minoranza di soggetti. La cosiddetta \u201ctransizione sociale\u201d e i trattamenti medici, invece, consolidano le problematiche di \u201cincongruenza di genere\u201d rischiando di cronicizzarle.<\/span><\/em><\/p>\n<p style=\"text-align: center;\"><strong>Christina Buttons <\/strong><\/p>\n<p style=\"text-align: justify;\"><span style=\"color: #000000;\"><img loading=\"lazy\" decoding=\"async\" class=\" wp-image-49478 alignright\" src=\"https:\/\/www.rassegnastampa-totustuus.it\/cattolica\/wp-content\/uploads\/2020\/12\/disforia_gender-1-300x168.jpg\" alt=\"\" width=\"354\" height=\"198\" \/>Da un recente studio olandese \u00e8 emerso che la maggior parte degli adolescenti che esprimevano il desiderio di appartenere al sesso opposto non provavano pi\u00f9 la stessa cosa in et\u00e0 adulta.<\/span><\/p>\n<p style=\"text-align: justify;\"><span style=\"color: #000000;\">Un<\/span> <span style=\"color: #0000ff;\"><strong><a style=\"color: #0000ff;\" href=\"https:\/\/link.springer.com\/article\/10.1007\/s10508-024-02817-5\">nuovo studio olandese<\/a><\/strong><\/span> <span style=\"color: #000000;\">basato su dati a lungo termine ha rilevato che la maggior parte degli adolescenti che esprimono il desiderio di essere del sesso opposto non provavano pi\u00f9 la stessa cosa in et\u00e0 adulta. Ci\u00f2 si aggiunge a un crescente numero di ricerche che dimostrano che l\u2019incongruenza di genere nell\u2019adolescenza \u00e8 spesso temporanea e diminuisce con l\u2019et\u00e0.<\/span><\/p>\n<p style=\"text-align: justify;\"><span style=\"color: #000000;\">La ricerca sui giovani che soffrono di disforia di genere spesso manca di dati a lungo termine, il che porta a un significativo disaccordo sui modi pi\u00f9 etici per sostenere questi individui. Gli autori hanno attirato l\u2019attenzione su questa lacuna nella ricerca, osservando che la maggior parte degli studi si \u00e8 concentrata su campioni clinici provenienti da cliniche specializzate in genere con una sola valutazione di follow-up.<\/span><\/p>\n<p style=\"text-align: justify;\"><span style=\"color: #000000;\">Il loro obiettivo era quello di indagare lo sviluppo dell\u2019incongruenza di genere in un campione comprendente sia la popolazione clinica (assistenza psichiatrica giovanile) che quella generale. Hanno cercato di esplorare fattori associati come il sesso, l\u2019orientamento sessuale, il concetto di s\u00e9 e la salute mentale.<\/span><\/p>\n<p style=\"text-align: justify;\"><span style=\"color: #000000;\">Il loro studio ha coinvolto 2772 partecipanti, di cui il 53% maschi, e ha fornito una rara visione dei dati a lungo termine sull\u2019insoddisfazione nei confronti del proprio sesso tra i giovani. Nell\u2019arco di oltre 15 anni, ha seguito individui dalla tarda infanzia alla prima et\u00e0 adulta, coprendo un\u2019et\u00e0 compresa tra 11 e 26 anni.<\/span><\/p>\n<p style=\"text-align: justify;\"><span style=\"color: #000000;\">Lo studio ha introdotto il concetto di \u201cincongruenza di genere\u201d, definendolo come il sentirsi insoddisfatti del proprio sesso. Gli autori hanno spiegato che questo potrebbe essere osservato nelle giovani adolescenti che preferiscono attivit\u00e0 tipicamente associate ai ragazzi e provano disagio per i cambiamenti fisici della pubert\u00e0.<\/span><\/p>\n<p style=\"text-align: justify;\"><span style=\"color: #000000;\"><img loading=\"lazy\" decoding=\"async\" class=\" wp-image-59806 alignleft\" src=\"https:\/\/www.rassegnastampa-totustuus.it\/cattolica\/wp-content\/uploads\/2024\/03\/Lgbt_disforia_genere_gender.jpeg\" alt=\"\" width=\"303\" height=\"195\" \/>Per misurare l\u2019incongruenza di genere, lo studio si \u00e8 basato sulle risposte all\u2019affermazione: \u201cDesidero essere del sesso opposto\u201d. Questa domanda faceva parte di un sondaggio autosomministrato fornito da TRAILS, un progetto di ricerca a lungo termine nei Paesi Bassi che monitora lo sviluppo di adolescenti e giovani adulti attraverso valutazioni regolari. I dati di questa domanda sono stati raccolti e analizzati dai partecipanti in sei diversi momenti tra il 2001 e il 2020.<\/span><\/p>\n<p style=\"text-align: justify;\"><span style=\"color: #000000;\">Inoltre, i ricercatori hanno misurato i problemi comportamentali ed emotivi utilizzando vari strumenti di indagine. Il concetto globale di s\u00e9, una valutazione che misura l\u2019autostima, la fiducia in se stessi e il valore di s\u00e9, sono stati valutati all\u2019et\u00e0 di 11 anni, mentre l\u2019orientamento sessuale \u00e8 stato valutato all\u2019et\u00e0 di 22 anni attraverso l\u2019autovalutazione.<\/span><\/p>\n<h4 style=\"text-align: center;\"><strong>Risultati chiave<\/strong><\/h4>\n<p style=\"text-align: justify;\"><span style=\"color: #000000;\">I risultati hanno rivelato che circa l\u201911% dei partecipanti ha riferito di non soddisfazione rispetto al genere nella prima adolescenza, con una prevalenza che \u00e8 scesa al 4% nell\u2019ultimo follow-up intorno ai 26 anni. Solo 3 individui, che rappresentano lo 0,1% del campione totale, hanno riportato costantemente non soddisfazione rispetto al genere durante tutta l\u2019adolescenza e l\u2019et\u00e0 adulta.<\/span><\/p>\n<p style=\"text-align: justify;\"><span style=\"color: #000000;\">La maggioranza degli adolescenti intervistati si \u00e8 conformata a tre traiettorie identificabili: quelli che hanno costantemente riferito di non aver mai sperimentato alcuna incongruenza di genere (78%), quelli che hanno riferito di incongruenza di genere nella prima adolescenza che non \u00e8 persistita nell\u2019et\u00e0 adulta (19%) e quelli che hanno dimostrato il modello opposto, con segnalazioni di incongruenza di genere che aumentano con l\u2019et\u00e0 (2%)<\/span>.<\/p>\n<p style=\"text-align: justify;\"><span style=\"color: #000000;\">L\u2019incongruenza di genere era prevalente intorno agli 11 anni, e le ragazze avevano maggiori probabilit\u00e0 rispetto ai ragazzi di segnalarlo all\u2019et\u00e0 di 13 e 16 anni. Verso i 25 anni, gli individui sulla traiettoria decrescente dell\u2019incongruenza di genere non riferivano pi\u00f9 di provare questi sentimenti.<\/span><\/p>\n<p style=\"text-align: justify;\"><span style=\"color: #000000;\"><img loading=\"lazy\" decoding=\"async\" class=\" wp-image-49466 alignright\" src=\"https:\/\/www.rassegnastampa-totustuus.it\/cattolica\/wp-content\/uploads\/2020\/12\/disforia_gender-300x158.jpg\" alt=\"\" width=\"355\" height=\"187\" srcset=\"https:\/\/www.rassegnastampa-totustuus.it\/cattolica\/wp-content\/uploads\/2020\/12\/disforia_gender-300x158.jpg 300w, https:\/\/www.rassegnastampa-totustuus.it\/cattolica\/wp-content\/uploads\/2020\/12\/disforia_gender-768x404.jpg 768w, https:\/\/www.rassegnastampa-totustuus.it\/cattolica\/wp-content\/uploads\/2020\/12\/disforia_gender-1024x539.jpg 1024w, https:\/\/www.rassegnastampa-totustuus.it\/cattolica\/wp-content\/uploads\/2020\/12\/disforia_gender.jpg 1710w\" sizes=\"auto, (max-width: 355px) 100vw, 355px\" \/>Gli autori presuppongono che la grande percentuale di individui con \u201cincongruenza di genere temporanea e in declino\u201d possa essere attribuita alla durata prolungata dello studio, a differenza della ricerca tipica in questo campo, che spesso prevede follow-up a breve termine. Di conseguenza, lo studio ha rilevato \u201cuna chiara tendenza al calo dell\u2019incongruenza di genere con l\u2019et\u00e0\u201d. Ci\u00f2 era coerente con altri studi, come uno studio di <a style=\"color: #000000;\" href=\"https:\/\/www.frontiersin.org\/journals\/psychiatry\/articles\/10.3389\/fpsyt.2021.660746\/full\">Taiwan<\/a>, che ha rilevato che l\u20198% di bambini (su 1806) che avevano sperimentato incongruenza di genere intorno ai 13 anni, non la sperimentavano pi\u00f9 intorno ai 22 anni.<\/span><\/p>\n<p style=\"text-align: justify;\"><span style=\"color: #000000;\">Lo studio ha dimostrato che gli individui con una traiettoria sia crescente che decrescente di incongruenza di genere avevano un\u2019autostima globale inferiore, pi\u00f9 problemi comportamentali ed emotivi e pi\u00f9 spesso avevano un orientamento sessuale omosessuale o bisessuale rispetto agli individui senza incongruenza di genere,<\/span><\/p>\n<p style=\"text-align: justify;\"><span style=\"color: #000000;\">Gli autori ritengono degno di nota il fatto che entrambi i gruppi che hanno sperimentato un aumento e una diminuzione dell\u2019incongruenza di genere avevano un\u2019autostima inferiore all\u2019et\u00e0 di 11 anni rispetto a coloro che non indicavano incongruenza di genere, in linea con i risultati di studi precedenti. Suggeriscono che una connessione tra il sentirsi insoddisfatti del proprio sesso e l\u2019avere una percezione di s\u00e9 negativa si applica non solo ai bambini che cercano aiuto nelle cliniche di genere, ma anche alla popolazione in generale.<\/span><\/p>\n<h4 style=\"text-align: center;\"><strong>Conferme delle ricerche su ROGD e desistenza<\/strong><\/h4>\n<p style=\"text-align: justify;\"><span style=\"color: #000000;\">Gli autori di questo studio hanno trovato diverse importanti conferme riguardo alla ricerca che spesso viene trascurata o ignorata da ricercatori e medici attivisti. Hanno identificato un gruppo che ha iniziato a segnalare incongruenza di genere nella met\u00e0 e nella tarda adolescenza, confermando che questi sentimenti possono emergere dopo la pubert\u00e0, supportando la disforia di genere a esordio tardivo, nota anche come Disforia di Genere a Esordio Rapido (ROGD).<\/span><\/p>\n<p style=\"text-align: justify;\"><span style=\"color: #000000;\"><img loading=\"lazy\" decoding=\"async\" class=\" wp-image-55654 alignleft\" src=\"https:\/\/www.rassegnastampa-totustuus.it\/cattolica\/wp-content\/uploads\/2023\/02\/gender_Lgbt_bambini.jpg\" alt=\"Woke, la dittatura che unisce femminismo ecologia e Lgbt\" width=\"243\" height=\"261\" \/>Gli autori hanno anche riconosciuto la ricerca che indica che<strong> i bambini che hanno effettuato una transizione sociale nella prima infanzia avevano maggiori probabilit\u00e0 di avere sentimenti persistenti di disforia di genere<\/strong>. I bambini in transizione sociale possono avere effetti iatrogeni significativi che consolidano l\u2019identit\u00e0 transgender di un bambino, aumentando la probabilit\u00e0 di richiedere interventi medici. Una revisione del Servizio Sanitario Nazionale inglese ha affermato che la transizione sociale non \u00e8 un \u201catto neutrale\u201d e potrebbe avere effetti significativi sul funzionamento psicologico.<\/span><\/p>\n<p style=\"text-align: justify;\"><span style=\"color: #000000;\">Gli autori hanno riconosciuto gli studi longitudinali esistenti nelle cliniche di genere che mostrano che la stragrande maggioranza<\/span> (<span style=\"color: #0000ff;\"><a style=\"color: #0000ff;\" href=\"https:\/\/www.tandfonline.com\/doi\/full\/10.3109\/09540261.2015.1115754\" target=\"_blank\" rel=\"noopener\">61-98%<\/a><\/span>) <span style=\"color: #000000;\">degli individui che hanno sperimentato sentimenti disforici di genere nella prima infanzia non hanno<\/span> <span style=\"color: #0000ff;\"><a style=\"color: #0000ff;\" href=\"https:\/\/www.frontiersin.org\/journals\/psychiatry\/articles\/10.3389\/fpsyt.2021.632784\/full\" target=\"_blank\" rel=\"noopener\">sperimentato<\/a><\/span> <span style=\"color: #000000;\">tali sentimenti nell\u2019adolescenza e nell\u2019et\u00e0 adulta. Hanno anche riconosciuto la ricerca clinica che indica che la disforia di genere infantile \u00e8 collegata a un orientamento omosessuale in et\u00e0 adulta e che gli studi sulla non conformit\u00e0 di genere infantile tendono a mostrare un orientamento sessuale bisessuale o omosessuale negli anni successivi. Il loro nuovo studio ha corroborato questi risultati, dimostrando che una traiettoria decrescente di incongruenza di genere era un predittore significativo di una identificazione omosessuale o bisessuale in et\u00e0 adulta.<\/span><\/p>\n<h4 style=\"text-align: center;\"><span style=\"color: #000000;\"><strong>Impatto dello studio<\/strong><\/span><\/h4>\n<p style=\"text-align: justify;\"><span style=\"color: #000000;\">Gli autori riconoscono che gli studi sulla popolazione generale sono scarsi e gran parte della ricerca esistente si basa su campioni clinici con una sola valutazione di follow-up. Poich\u00e9 questo studio si basa su gruppi di popolazione sia clinica che generale per un lungo periodo di tempo, offre \u201cconoscenze epidemiologiche pi\u00f9 affidabili\u201d su quanto siano prevalenti i sentimenti di insoddisfazione nei confronti del proprio sesso tra gli adolescenti, nonch\u00e9 nuove intuizioni sull\u2019associazione con problemi di salute mentale<\/span>.<\/p>\n<p style=\"text-align: justify;\"><span style=\"color: #000000;\">I ricercatori concludono che i risultati del loro studio dovrebbero rassicurare gli adolescenti che si sentono insicuri riguardo alla propria identit\u00e0 e desiderano appartenere al sesso opposto durante l\u2019adolescenza, che questa \u00e8 un\u2019esperienza normale e comune. Inoltre, sperano che i loro risultati \u201cforniscano qualche prospettiva\u201d ai medici che trattano principalmente adolescenti con \u201cintensi sentimenti disforici di genere\u201d. Questa comprensione potrebbe fornire loro una visione pi\u00f9 ampia di quanto sia comune per i giovani, sia nella popolazione generale che in quelli che ricevono cure di salute mentale, mettere in discussione il proprio sesso.<\/span><\/p>\n<h4 style=\"text-align: center;\"><span style=\"color: #000000;\"><strong>Implicazioni pi\u00f9 ampie<\/strong><\/span><\/h4>\n<p style=\"text-align: justify;\"><span style=\"color: #000000;\">\u00c8 importante sottolineare che i risultati di questo studio mettono in discussione le convinzioni comunemente accettate e promosse.<\/span><\/p>\n<p>__________________________________________<\/p>\n<p><strong><span style=\"color: #000000;\">Leggi anche:\u00a0<\/span><\/strong><\/p>\n<p><a href=\"https:\/\/www.rassegnastampa-totustuus.it\/cattolica\/5-falsi-presupposti-dietro-la-transizione-di-genere-per-i-giovani\/\" target=\"_blank\" rel=\"noopener\"><span style=\"color: #0000ff;\">5 falsi presupposti dietro la transizione di genere per i giovani<\/span><\/a><\/p>\n<p><a href=\"https:\/\/www.rassegnastampa-totustuus.it\/cattolica\/transgender-pentiti-per-il-cambio-di-sesso\/\" target=\"_blank\" rel=\"noopener\"><span style=\"color: #0000ff;\">Il grande esperimento \u00e8 smascherato<\/span><\/a><\/p>\n","protected":false},"excerpt":{"rendered":"<p>Abstract:\u00a0 studio olandese sulla disforia di genere rileva che il desiderio di appartenere al sesso opposto durante l&#8217;adolescenza \u00e8 comune ma \u00e8 temporaneo e diminuisce con l&#8217;et\u00e0. La ricerca sui giovani che soffrono di disforia di genere spesso manca di dati a lungo termine, il che porta a un significativo disaccordo sui modi pi\u00f9 etici &hellip; <\/p>\n<p><a class=\"more-link btn\" href=\"https:\/\/www.rassegnastampa-totustuus.it\/cattolica\/studio-olandese-sulla-disforia-di-genere\/\">Continua a leggere<\/a><\/p>\n","protected":false},"author":6,"featured_media":55090,"comment_status":"closed","ping_status":"closed","sticky":false,"template":"","format":"standard","meta":{"footnotes":""},"categories":[125],"tags":[2935,573,437],"class_list":["post-59925","post","type-post","status-publish","format-standard","has-post-thumbnail","hentry","category-ideologia-del-gender","tag-disforia-di-genere","tag-giovani","tag-ideologia-del-gender-2","item-wrap"],"yoast_head":"<!-- This site is optimized with the Yoast SEO plugin v27.5 - https:\/\/yoast.com\/product\/yoast-seo-wordpress\/ -->\n<title>Studio olandese sulla disforia di genere - Rassegna Stampa Cattolica<\/title>\n<meta name=\"description\" content=\"Studio olandese sulla disforia di genere accerta che \u00e8 comune negli adolescenti ma \u00e8 temporanea e diminuisce con l&#039;et\u00e0\" \/>\n<meta name=\"robots\" content=\"index, follow, max-snippet:-1, max-image-preview:large, max-video-preview:-1\" \/>\n<link rel=\"canonical\" href=\"https:\/\/www.rassegnastampa-totustuus.it\/cattolica\/studio-olandese-sulla-disforia-di-genere\/\" \/>\n<meta property=\"og:locale\" content=\"it_IT\" \/>\n<meta property=\"og:type\" content=\"article\" \/>\n<meta property=\"og:title\" content=\"Studio olandese sulla disforia di genere - Rassegna Stampa Cattolica\" \/>\n<meta property=\"og:description\" content=\"Studio olandese sulla disforia di genere accerta che \u00e8 comune negli adolescenti ma \u00e8 temporanea e diminuisce con l&#039;et\u00e0\" \/>\n<meta property=\"og:url\" content=\"https:\/\/www.rassegnastampa-totustuus.it\/cattolica\/studio-olandese-sulla-disforia-di-genere\/\" \/>\n<meta property=\"og:site_name\" content=\"Rassegna Stampa Cattolica\" \/>\n<meta property=\"article:publisher\" content=\"https:\/\/www.facebook.com\/rassegnastampacattolica\" \/>\n<meta property=\"article:published_time\" content=\"2024-04-10T22:00:00+00:00\" \/>\n<meta property=\"og:image\" content=\"https:\/\/www.rassegnastampa-totustuus.it\/cattolica\/wp-content\/uploads\/2022\/11\/gender_disforia.jpg\" \/>\n\t<meta property=\"og:image:width\" content=\"300\" \/>\n\t<meta property=\"og:image:height\" content=\"168\" \/>\n\t<meta property=\"og:image:type\" content=\"image\/jpeg\" \/>\n<meta name=\"author\" content=\"Redazione\" \/>\n<meta name=\"twitter:card\" content=\"summary_large_image\" \/>\n<meta name=\"twitter:creator\" content=\"@rassegnastampa9\" \/>\n<meta name=\"twitter:site\" content=\"@rassegnastampa9\" \/>\n<meta name=\"twitter:label1\" content=\"Scritto da\" \/>\n\t<meta name=\"twitter:data1\" content=\"Redazione\" \/>\n\t<meta name=\"twitter:label2\" content=\"Tempo di lettura stimato\" \/>\n\t<meta name=\"twitter:data2\" content=\"10 minuti\" \/>\n<script type=\"application\/ld+json\" class=\"yoast-schema-graph\">{\"@context\":\"https:\\\/\\\/schema.org\",\"@graph\":[{\"@type\":\"Article\",\"@id\":\"https:\\\/\\\/www.rassegnastampa-totustuus.it\\\/cattolica\\\/studio-olandese-sulla-disforia-di-genere\\\/#article\",\"isPartOf\":{\"@id\":\"https:\\\/\\\/www.rassegnastampa-totustuus.it\\\/cattolica\\\/studio-olandese-sulla-disforia-di-genere\\\/\"},\"author\":{\"name\":\"Redazione\",\"@id\":\"https:\\\/\\\/www.rassegnastampa-totustuus.it\\\/cattolica\\\/#\\\/schema\\\/person\\\/08f319d2bd1a0904ad9e2bfb7b15e5c3\"},\"headline\":\"Studio olandese sulla disforia di genere\",\"datePublished\":\"2024-04-10T22:00:00+00:00\",\"mainEntityOfPage\":{\"@id\":\"https:\\\/\\\/www.rassegnastampa-totustuus.it\\\/cattolica\\\/studio-olandese-sulla-disforia-di-genere\\\/\"},\"wordCount\":1545,\"publisher\":{\"@id\":\"https:\\\/\\\/www.rassegnastampa-totustuus.it\\\/cattolica\\\/#organization\"},\"image\":{\"@id\":\"https:\\\/\\\/www.rassegnastampa-totustuus.it\\\/cattolica\\\/studio-olandese-sulla-disforia-di-genere\\\/#primaryimage\"},\"thumbnailUrl\":\"https:\\\/\\\/www.rassegnastampa-totustuus.it\\\/cattolica\\\/wp-content\\\/uploads\\\/2022\\\/11\\\/gender_disforia.jpg\",\"keywords\":[\"disforia di genere\",\"giovani\",\"ideologia del gender\"],\"articleSection\":[\"Ideologia del gender\"],\"inLanguage\":\"it-IT\"},{\"@type\":\"WebPage\",\"@id\":\"https:\\\/\\\/www.rassegnastampa-totustuus.it\\\/cattolica\\\/studio-olandese-sulla-disforia-di-genere\\\/\",\"url\":\"https:\\\/\\\/www.rassegnastampa-totustuus.it\\\/cattolica\\\/studio-olandese-sulla-disforia-di-genere\\\/\",\"name\":\"Studio olandese sulla disforia di genere - Rassegna Stampa Cattolica\",\"isPartOf\":{\"@id\":\"https:\\\/\\\/www.rassegnastampa-totustuus.it\\\/cattolica\\\/#website\"},\"primaryImageOfPage\":{\"@id\":\"https:\\\/\\\/www.rassegnastampa-totustuus.it\\\/cattolica\\\/studio-olandese-sulla-disforia-di-genere\\\/#primaryimage\"},\"image\":{\"@id\":\"https:\\\/\\\/www.rassegnastampa-totustuus.it\\\/cattolica\\\/studio-olandese-sulla-disforia-di-genere\\\/#primaryimage\"},\"thumbnailUrl\":\"https:\\\/\\\/www.rassegnastampa-totustuus.it\\\/cattolica\\\/wp-content\\\/uploads\\\/2022\\\/11\\\/gender_disforia.jpg\",\"datePublished\":\"2024-04-10T22:00:00+00:00\",\"description\":\"Studio olandese sulla disforia di genere accerta che \u00e8 comune negli adolescenti ma \u00e8 temporanea e diminuisce con l'et\u00e0\",\"breadcrumb\":{\"@id\":\"https:\\\/\\\/www.rassegnastampa-totustuus.it\\\/cattolica\\\/studio-olandese-sulla-disforia-di-genere\\\/#breadcrumb\"},\"inLanguage\":\"it-IT\",\"potentialAction\":[{\"@type\":\"ReadAction\",\"target\":[\"https:\\\/\\\/www.rassegnastampa-totustuus.it\\\/cattolica\\\/studio-olandese-sulla-disforia-di-genere\\\/\"]}]},{\"@type\":\"ImageObject\",\"inLanguage\":\"it-IT\",\"@id\":\"https:\\\/\\\/www.rassegnastampa-totustuus.it\\\/cattolica\\\/studio-olandese-sulla-disforia-di-genere\\\/#primaryimage\",\"url\":\"https:\\\/\\\/www.rassegnastampa-totustuus.it\\\/cattolica\\\/wp-content\\\/uploads\\\/2022\\\/11\\\/gender_disforia.jpg\",\"contentUrl\":\"https:\\\/\\\/www.rassegnastampa-totustuus.it\\\/cattolica\\\/wp-content\\\/uploads\\\/2022\\\/11\\\/gender_disforia.jpg\",\"width\":300,\"height\":168},{\"@type\":\"BreadcrumbList\",\"@id\":\"https:\\\/\\\/www.rassegnastampa-totustuus.it\\\/cattolica\\\/studio-olandese-sulla-disforia-di-genere\\\/#breadcrumb\",\"itemListElement\":[{\"@type\":\"ListItem\",\"position\":1,\"name\":\"Home\",\"item\":\"https:\\\/\\\/www.rassegnastampa-totustuus.it\\\/cattolica\\\/\"},{\"@type\":\"ListItem\",\"position\":2,\"name\":\"Studio olandese sulla disforia di genere\"}]},{\"@type\":\"WebSite\",\"@id\":\"https:\\\/\\\/www.rassegnastampa-totustuus.it\\\/cattolica\\\/#website\",\"url\":\"https:\\\/\\\/www.rassegnastampa-totustuus.it\\\/cattolica\\\/\",\"name\":\"Rassegna Stampa Cattolica\",\"description\":\"Per una cultura che nasce dalla Rivelazione cristiana in conformit\u00e0 alla tradizione e al Magistero della Chiesa in opposizione ad ogni relativismo e totalitarismo\",\"publisher\":{\"@id\":\"https:\\\/\\\/www.rassegnastampa-totustuus.it\\\/cattolica\\\/#organization\"},\"alternateName\":\"Rass. Cattolica\",\"potentialAction\":[{\"@type\":\"SearchAction\",\"target\":{\"@type\":\"EntryPoint\",\"urlTemplate\":\"https:\\\/\\\/www.rassegnastampa-totustuus.it\\\/cattolica\\\/?s={search_term_string}\"},\"query-input\":{\"@type\":\"PropertyValueSpecification\",\"valueRequired\":true,\"valueName\":\"search_term_string\"}}],\"inLanguage\":\"it-IT\"},{\"@type\":\"Organization\",\"@id\":\"https:\\\/\\\/www.rassegnastampa-totustuus.it\\\/cattolica\\\/#organization\",\"name\":\"Rassegna Stampa Cattolica\",\"url\":\"https:\\\/\\\/www.rassegnastampa-totustuus.it\\\/cattolica\\\/\",\"logo\":{\"@type\":\"ImageObject\",\"inLanguage\":\"it-IT\",\"@id\":\"https:\\\/\\\/www.rassegnastampa-totustuus.it\\\/cattolica\\\/#\\\/schema\\\/logo\\\/image\\\/\",\"url\":\"https:\\\/\\\/www.rassegnastampa-totustuus.it\\\/cattolica\\\/wp-content\\\/uploads\\\/2014\\\/04\\\/logo-rassegna1.gif\",\"contentUrl\":\"https:\\\/\\\/www.rassegnastampa-totustuus.it\\\/cattolica\\\/wp-content\\\/uploads\\\/2014\\\/04\\\/logo-rassegna1.gif\",\"width\":600,\"height\":163,\"caption\":\"Rassegna Stampa Cattolica\"},\"image\":{\"@id\":\"https:\\\/\\\/www.rassegnastampa-totustuus.it\\\/cattolica\\\/#\\\/schema\\\/logo\\\/image\\\/\"},\"sameAs\":[\"https:\\\/\\\/www.facebook.com\\\/rassegnastampacattolica\",\"https:\\\/\\\/x.com\\\/rassegnastampa9\"]},{\"@type\":\"Person\",\"@id\":\"https:\\\/\\\/www.rassegnastampa-totustuus.it\\\/cattolica\\\/#\\\/schema\\\/person\\\/08f319d2bd1a0904ad9e2bfb7b15e5c3\",\"name\":\"Redazione\",\"image\":{\"@type\":\"ImageObject\",\"inLanguage\":\"it-IT\",\"@id\":\"https:\\\/\\\/secure.gravatar.com\\\/avatar\\\/2fcdf27c78ea025fbdb44e914cc63c72249ffec9dc8aafd5c82b26240ef3f346?s=96&d=mm&r=g\",\"url\":\"https:\\\/\\\/secure.gravatar.com\\\/avatar\\\/2fcdf27c78ea025fbdb44e914cc63c72249ffec9dc8aafd5c82b26240ef3f346?s=96&d=mm&r=g\",\"contentUrl\":\"https:\\\/\\\/secure.gravatar.com\\\/avatar\\\/2fcdf27c78ea025fbdb44e914cc63c72249ffec9dc8aafd5c82b26240ef3f346?s=96&d=mm&r=g\",\"caption\":\"Redazione\"},\"url\":\"https:\\\/\\\/www.rassegnastampa-totustuus.it\\\/cattolica\\\/author\\\/pietroelle\\\/\"}]}<\/script>\n<!-- \/ Yoast SEO plugin. -->","yoast_head_json":{"title":"Studio olandese sulla disforia di genere - Rassegna Stampa Cattolica","description":"Studio olandese sulla disforia di genere accerta che \u00e8 comune negli adolescenti ma \u00e8 temporanea e diminuisce con l'et\u00e0","robots":{"index":"index","follow":"follow","max-snippet":"max-snippet:-1","max-image-preview":"max-image-preview:large","max-video-preview":"max-video-preview:-1"},"canonical":"https:\/\/www.rassegnastampa-totustuus.it\/cattolica\/studio-olandese-sulla-disforia-di-genere\/","og_locale":"it_IT","og_type":"article","og_title":"Studio olandese sulla disforia di genere - Rassegna Stampa Cattolica","og_description":"Studio olandese sulla disforia di genere accerta che \u00e8 comune negli adolescenti ma \u00e8 temporanea e diminuisce con l'et\u00e0","og_url":"https:\/\/www.rassegnastampa-totustuus.it\/cattolica\/studio-olandese-sulla-disforia-di-genere\/","og_site_name":"Rassegna Stampa Cattolica","article_publisher":"https:\/\/www.facebook.com\/rassegnastampacattolica","article_published_time":"2024-04-10T22:00:00+00:00","og_image":[{"width":300,"height":168,"url":"https:\/\/www.rassegnastampa-totustuus.it\/cattolica\/wp-content\/uploads\/2022\/11\/gender_disforia.jpg","type":"image\/jpeg"}],"author":"Redazione","twitter_card":"summary_large_image","twitter_creator":"@rassegnastampa9","twitter_site":"@rassegnastampa9","twitter_misc":{"Scritto da":"Redazione","Tempo di lettura stimato":"10 minuti"},"schema":{"@context":"https:\/\/schema.org","@graph":[{"@type":"Article","@id":"https:\/\/www.rassegnastampa-totustuus.it\/cattolica\/studio-olandese-sulla-disforia-di-genere\/#article","isPartOf":{"@id":"https:\/\/www.rassegnastampa-totustuus.it\/cattolica\/studio-olandese-sulla-disforia-di-genere\/"},"author":{"name":"Redazione","@id":"https:\/\/www.rassegnastampa-totustuus.it\/cattolica\/#\/schema\/person\/08f319d2bd1a0904ad9e2bfb7b15e5c3"},"headline":"Studio olandese sulla disforia di genere","datePublished":"2024-04-10T22:00:00+00:00","mainEntityOfPage":{"@id":"https:\/\/www.rassegnastampa-totustuus.it\/cattolica\/studio-olandese-sulla-disforia-di-genere\/"},"wordCount":1545,"publisher":{"@id":"https:\/\/www.rassegnastampa-totustuus.it\/cattolica\/#organization"},"image":{"@id":"https:\/\/www.rassegnastampa-totustuus.it\/cattolica\/studio-olandese-sulla-disforia-di-genere\/#primaryimage"},"thumbnailUrl":"https:\/\/www.rassegnastampa-totustuus.it\/cattolica\/wp-content\/uploads\/2022\/11\/gender_disforia.jpg","keywords":["disforia di genere","giovani","ideologia del gender"],"articleSection":["Ideologia del gender"],"inLanguage":"it-IT"},{"@type":"WebPage","@id":"https:\/\/www.rassegnastampa-totustuus.it\/cattolica\/studio-olandese-sulla-disforia-di-genere\/","url":"https:\/\/www.rassegnastampa-totustuus.it\/cattolica\/studio-olandese-sulla-disforia-di-genere\/","name":"Studio olandese sulla disforia di genere - Rassegna Stampa Cattolica","isPartOf":{"@id":"https:\/\/www.rassegnastampa-totustuus.it\/cattolica\/#website"},"primaryImageOfPage":{"@id":"https:\/\/www.rassegnastampa-totustuus.it\/cattolica\/studio-olandese-sulla-disforia-di-genere\/#primaryimage"},"image":{"@id":"https:\/\/www.rassegnastampa-totustuus.it\/cattolica\/studio-olandese-sulla-disforia-di-genere\/#primaryimage"},"thumbnailUrl":"https:\/\/www.rassegnastampa-totustuus.it\/cattolica\/wp-content\/uploads\/2022\/11\/gender_disforia.jpg","datePublished":"2024-04-10T22:00:00+00:00","description":"Studio olandese sulla disforia di genere accerta che \u00e8 comune negli adolescenti ma \u00e8 temporanea e diminuisce con l'et\u00e0","breadcrumb":{"@id":"https:\/\/www.rassegnastampa-totustuus.it\/cattolica\/studio-olandese-sulla-disforia-di-genere\/#breadcrumb"},"inLanguage":"it-IT","potentialAction":[{"@type":"ReadAction","target":["https:\/\/www.rassegnastampa-totustuus.it\/cattolica\/studio-olandese-sulla-disforia-di-genere\/"]}]},{"@type":"ImageObject","inLanguage":"it-IT","@id":"https:\/\/www.rassegnastampa-totustuus.it\/cattolica\/studio-olandese-sulla-disforia-di-genere\/#primaryimage","url":"https:\/\/www.rassegnastampa-totustuus.it\/cattolica\/wp-content\/uploads\/2022\/11\/gender_disforia.jpg","contentUrl":"https:\/\/www.rassegnastampa-totustuus.it\/cattolica\/wp-content\/uploads\/2022\/11\/gender_disforia.jpg","width":300,"height":168},{"@type":"BreadcrumbList","@id":"https:\/\/www.rassegnastampa-totustuus.it\/cattolica\/studio-olandese-sulla-disforia-di-genere\/#breadcrumb","itemListElement":[{"@type":"ListItem","position":1,"name":"Home","item":"https:\/\/www.rassegnastampa-totustuus.it\/cattolica\/"},{"@type":"ListItem","position":2,"name":"Studio olandese sulla disforia di genere"}]},{"@type":"WebSite","@id":"https:\/\/www.rassegnastampa-totustuus.it\/cattolica\/#website","url":"https:\/\/www.rassegnastampa-totustuus.it\/cattolica\/","name":"Rassegna Stampa Cattolica","description":"Per una cultura che nasce dalla Rivelazione cristiana in conformit\u00e0 alla tradizione e al Magistero della Chiesa in opposizione ad ogni relativismo e totalitarismo","publisher":{"@id":"https:\/\/www.rassegnastampa-totustuus.it\/cattolica\/#organization"},"alternateName":"Rass. Cattolica","potentialAction":[{"@type":"SearchAction","target":{"@type":"EntryPoint","urlTemplate":"https:\/\/www.rassegnastampa-totustuus.it\/cattolica\/?s={search_term_string}"},"query-input":{"@type":"PropertyValueSpecification","valueRequired":true,"valueName":"search_term_string"}}],"inLanguage":"it-IT"},{"@type":"Organization","@id":"https:\/\/www.rassegnastampa-totustuus.it\/cattolica\/#organization","name":"Rassegna Stampa Cattolica","url":"https:\/\/www.rassegnastampa-totustuus.it\/cattolica\/","logo":{"@type":"ImageObject","inLanguage":"it-IT","@id":"https:\/\/www.rassegnastampa-totustuus.it\/cattolica\/#\/schema\/logo\/image\/","url":"https:\/\/www.rassegnastampa-totustuus.it\/cattolica\/wp-content\/uploads\/2014\/04\/logo-rassegna1.gif","contentUrl":"https:\/\/www.rassegnastampa-totustuus.it\/cattolica\/wp-content\/uploads\/2014\/04\/logo-rassegna1.gif","width":600,"height":163,"caption":"Rassegna Stampa Cattolica"},"image":{"@id":"https:\/\/www.rassegnastampa-totustuus.it\/cattolica\/#\/schema\/logo\/image\/"},"sameAs":["https:\/\/www.facebook.com\/rassegnastampacattolica","https:\/\/x.com\/rassegnastampa9"]},{"@type":"Person","@id":"https:\/\/www.rassegnastampa-totustuus.it\/cattolica\/#\/schema\/person\/08f319d2bd1a0904ad9e2bfb7b15e5c3","name":"Redazione","image":{"@type":"ImageObject","inLanguage":"it-IT","@id":"https:\/\/secure.gravatar.com\/avatar\/2fcdf27c78ea025fbdb44e914cc63c72249ffec9dc8aafd5c82b26240ef3f346?s=96&d=mm&r=g","url":"https:\/\/secure.gravatar.com\/avatar\/2fcdf27c78ea025fbdb44e914cc63c72249ffec9dc8aafd5c82b26240ef3f346?s=96&d=mm&r=g","contentUrl":"https:\/\/secure.gravatar.com\/avatar\/2fcdf27c78ea025fbdb44e914cc63c72249ffec9dc8aafd5c82b26240ef3f346?s=96&d=mm&r=g","caption":"Redazione"},"url":"https:\/\/www.rassegnastampa-totustuus.it\/cattolica\/author\/pietroelle\/"}]}},"_links":{"self":[{"href":"https:\/\/www.rassegnastampa-totustuus.it\/cattolica\/wp-json\/wp\/v2\/posts\/59925","targetHints":{"allow":["GET"]}}],"collection":[{"href":"https:\/\/www.rassegnastampa-totustuus.it\/cattolica\/wp-json\/wp\/v2\/posts"}],"about":[{"href":"https:\/\/www.rassegnastampa-totustuus.it\/cattolica\/wp-json\/wp\/v2\/types\/post"}],"author":[{"embeddable":true,"href":"https:\/\/www.rassegnastampa-totustuus.it\/cattolica\/wp-json\/wp\/v2\/users\/6"}],"replies":[{"embeddable":true,"href":"https:\/\/www.rassegnastampa-totustuus.it\/cattolica\/wp-json\/wp\/v2\/comments?post=59925"}],"version-history":[{"count":1,"href":"https:\/\/www.rassegnastampa-totustuus.it\/cattolica\/wp-json\/wp\/v2\/posts\/59925\/revisions"}],"predecessor-version":[{"id":59926,"href":"https:\/\/www.rassegnastampa-totustuus.it\/cattolica\/wp-json\/wp\/v2\/posts\/59925\/revisions\/59926"}],"wp:featuredmedia":[{"embeddable":true,"href":"https:\/\/www.rassegnastampa-totustuus.it\/cattolica\/wp-json\/wp\/v2\/media\/55090"}],"wp:attachment":[{"href":"https:\/\/www.rassegnastampa-totustuus.it\/cattolica\/wp-json\/wp\/v2\/media?parent=59925"}],"wp:term":[{"taxonomy":"category","embeddable":true,"href":"https:\/\/www.rassegnastampa-totustuus.it\/cattolica\/wp-json\/wp\/v2\/categories?post=59925"},{"taxonomy":"post_tag","embeddable":true,"href":"https:\/\/www.rassegnastampa-totustuus.it\/cattolica\/wp-json\/wp\/v2\/tags?post=59925"}],"curies":[{"name":"wp","href":"https:\/\/api.w.org\/{rel}","templated":true}]}}