{"id":59922,"date":"2024-04-11T00:00:41","date_gmt":"2024-04-10T22:00:41","guid":{"rendered":"https:\/\/www.rassegnastampa-totustuus.it\/cattolica\/?p=59922"},"modified":"2024-04-03T11:06:02","modified_gmt":"2024-04-03T09:06:02","slug":"schiavi-del-porno","status":"publish","type":"post","link":"https:\/\/www.rassegnastampa-totustuus.it\/cattolica\/schiavi-del-porno\/","title":{"rendered":"Schiavi del porno"},"content":{"rendered":"<p style=\"text-align: center;\"><span style=\"color: #000000;\"><a href=\"https:\/\/www.laverita.info\/\" target=\"_blank\" rel=\"noopener\"><strong><img loading=\"lazy\" decoding=\"async\" class=\"size-full wp-image-59923 alignright\" src=\"https:\/\/www.rassegnastampa-totustuus.it\/cattolica\/wp-content\/uploads\/2024\/04\/violenza_donne.jpeg\" alt=\"\" width=\"234\" height=\"180\" \/>La Verit\u00e0<\/strong> <\/a>luned\u00ec 25 marzo 2024 <\/span><\/p>\n<p style=\"text-align: justify;\"><span style=\"color: #000000;\"><em>Il legame tra video hot e violenza sulle donne \u00e8 attestato. Eppure si continua ad accusare la famiglia tradizionale. Cos\u00ec le star a luci rosse sono sempre pi\u00f9 popolari, tanto da insegnare nelle scuole<\/em> <\/span><\/p>\n<p style=\"text-align: center;\"><span style=\"color: #000000;\">di <strong>Giuliano Guzzo<\/strong><\/span><\/p>\n<p><!--more--><\/p>\n<p style=\"text-align: justify;\"><span style=\"color: #000000;\">Il porno sbarca nel mainstream, anzi forse \u00e8 il nuovo mainstream. Mai come adesso, in effetti, le star provenienti dal mondo a luci rosse godono di popolarit\u00e0 crescente. Se infatti decenni or sono, in Italia, le antesignane della normalizzazione del porno furono <strong>Moana Pozzi<\/strong> \u2013 la diva dell\u2019eros entrata nel mito anche per la sua misteriosa e prematura morte \u2013 e <strong>Ilona Staller<\/strong>, in arte <strong>Cicciolina<\/strong>, approdata in Parlamento grazie ai Radicali, oggi il panorama \u00e8 decisamente pi\u00f9 ricco. <\/span><\/p>\n<p style=\"text-align: justify;\"><span style=\"color: #000000;\">Abbiamo <strong>Rocco Siffredi<\/strong>, cui Netflix ha dedicato la serie <em>supersex<\/em>, <strong>Max Felicicitas <\/strong>\u2013 al secolo <strong>Edoardo Barbares<\/strong> \u2013 che gira le scuole del Paese per dibattere di educazione sessuale, e naturalmente, <strong>Valentina Nappi<\/strong>, seguita su Instagram da quasi 5 milioni di persone, ben pi\u00f9 di <strong>Giorgia Meloni<\/strong> e <strong>Elly Schlein<\/strong> messe assieme, che di follower ne hanno rispettivamente 2,6 milioni\u00a0 e 333.000.<\/span><\/p>\n<p style=\"text-align: justify;\"><span style=\"color: #000000;\">Senza dimenticare, poi, quei pornodivi giovani o meno giovani, vecchi e nuovi \u2013 da <strong>Franco Trentalance<\/strong> a <strong>Milena Mastromarino<\/strong>, in arte <strong>Malena<\/strong>, lanciata peraltro proprio da <strong>Siffredi<\/strong> \u2013 che il grande pubblico nel corso degli anni, ha avuto modo di conoscere o comunque ritrovare sui reality show. <\/span><\/p>\n<p style=\"text-align: justify;\"><span style=\"color: #000000;\">Non c\u2019\u00e8 dunque davvero dubbio sul fatto che non solo, come si diceva in apertura, il porno sia mainstream, ma anche che sia in atto un processo di normalizzazione dell\u2019universo a luci rosse. Una sorta di sdoganamento su vasta scala che non pu\u00f2 destare preoccupazione, non tanto per ragioni morali \u2013 ormai poco spendibili, in tempo di relativismo etico -, quanto per motivi speciali ed educativi.<\/span><\/p>\n<p style=\"text-align: justify;\"><span style=\"color: #000000;\">Sarebbe in effetti miope ignorare l\u2019inquietante legame che la pornografia ha con la violenza, perfino con la pi\u00f9 estrema: quella dei serial killer; tanto pi\u00f9 che sono loro, gli assassini pi\u00f9 spietati a raccontare di questo legame. <strong>Ted Bundy<\/strong>, per esempio, uno dei pi\u00f9 prolifici serial killer americani (almeno 30 vittime accertate), in un\u2019intervista rilasciata al dottor <strong>James Dobson<\/strong>, uno psicologo, poco prima di essere giustiziato disse: \u00abIl mio percorso \u00e8 cominciato all\u2019et\u00e0 di 12 anni quando sono venuto a contatto per a prima volta con dei testi pornografici. Il tipo peggiore di pornografia esistente \u00e8 quella che incita alla violenza sessuale. L\u2019unione del sesso e la violenza porta a un comportamento terribile da definire\u00bb. <\/span><\/p>\n<p style=\"text-align: justify;\"><span style=\"color: #000000;\">Quando la polizia entr\u00f2 in casa di <strong>John Wayne Gracy<\/strong>, il serial killer che amava vestirsi da clown \u2013 e ritenuto responsabile di 33 vittime -, trov\u00f2 una quantit\u00e0 notevole di riviste porno. Venendo all\u2019Italia, possiamo ricordare il caso di <strong>Gianfranco Stevanin<\/strong>, responsabile di almeno sei omicidi, il quale era solito girare con una valigetta con all\u2019interno delle foto a luci rosse, incluse quelle da lui stesso scattate durante dei rapporti sessuali. Sar\u00e0 un caso, ma pure il pluriomicida <strong>Cesare Battisti<\/strong> sembra coltivare interesse per l\u2019hard, tanto che nel 1998, sul settimanale <em>Amica,<\/em> usc\u00ec un suo racconto erotico, <em>Il sesso dell\u2019insetto<\/em>.<\/span><\/p>\n<p style=\"text-align: justify;\"><span style=\"color: #000000;\">La connessione tra il mondo dei serial killer e il consumo di pornografia \u00e8 tale da aver gi\u00e0 attirato l\u2019attenzione degli specialisti. Per esempio <strong>Eric W. Hickey<\/strong>, criminologo forense e consulente per l\u2019Fbi e per la polizia su casi di reati sessuali e omicidi seriali, in un libro in cui ha passato in rassegna le vite di oltre 400 serial killer ha confermato che alcuni criminali \u00abammettono l\u2019uso occasionale e frequente di pornografia\u00bb, in particolare di \u00abmateriale violento che riguarda la schiavizzazione e la tortura su donne e minori\u00bb, contenuti utili a comprendere come la \u00abgratificazione sessuale\u00bb di questi soggetti \u00abraggiunge l\u2019apice\u00bb, con poi il \u00abbisogno di passare a comportamenti\u00bb (<em>Serial Murderers and Their Victims<\/em>, 2016). <\/span><\/p>\n<p style=\"text-align: justify;\"><span style=\"color: #000000;\">Naturalmente, non si sta semplicisticamente insinuando che il porno sia una sorta di detonatore per gli omicidi seriali, ma certo \u2013 almeno sulle sue varianti pi\u00f9 violente \u2013 pu\u00f2 rafforzare quegli impulsi sadici propri dei killer pi\u00f9 spietati.<\/span><\/p>\n<p style=\"text-align: justify;\"><span style=\"color: #000000;\">L\u2019aspetto preoccupante della normalizzazione del porno non \u00e8 per\u00f2 il suo legame con gli omicidi seriali, fenomeno fortunatamente raro, quanto invece la sua connessione con una realt\u00e0 ben pi\u00f9 diffusa: quella della violenza sessuale. Parliamo d\u2019una connessione in questo caso assai documentata e che per prime, va detto, fu denunciata dalle femministe. <\/span><\/p>\n<p style=\"text-align: justify;\"><span style=\"color: #000000;\">Nel 1974 l\u2019attivista <strong>Robin Morgan<\/strong> afferm\u00f2 che \u00abla pornografia \u00e8 la teoria, lo stupro \u00e8 la pratica\u00bb e l\u2019anno dopo la giornalista <strong>Susan Brownmiller<\/strong> scrisse che la pornografia \u00ab\u00e8 pensata per disumanizzare le donne\u00bb. Nel 1978 a San Francisco\u00a0 5.000 donne protestarono contro quella che consideravano una industria dello sfruttamento sessuale e quello stesso anno nel loro <em>Pornography and sexual deviance<\/em>, <strong>Michael J. Goldstein<\/strong>, <strong>Harold S. Kant<\/strong> e <strong>John J. Hartman<\/strong> constatarono come \u00abi gruppi dei delinquenti sessuali, particolarmente gli stupratori, sono stati esposti nella preadolescenza a materiale erotico pi\u00f9 esplicito\u00bb<\/span>.<\/p>\n<p style=\"text-align: justify;\"><span style=\"color: #000000;\">Nel 2000 due sociologhe, <strong>Raquel Kennedy Bergen<\/strong> e <strong>Kathleen Bergen<\/strong> e <strong>Kathleen A. Bogle<\/strong>, pubblicarono uno studio sulla rivista <em>Violence and victims<\/em>, per realizzare il quale interpellarono un centinaio di vittime di violenze sessuali; le due accademiche, se da un lato scoprirono come la maggior parte delle vittime interpellate (58%) semplicemente ignorava se i carnefici facessero uso di materiale porno \u2013 ipotesi che non si pu\u00f2 quindi escludere -, dall\u2019altro rilevarono per\u00f2 come ben il 28% di esse aveva affermato che i loro abusatori utilizzavano tale materiale e il 12% aveva persino riconosciuto l\u2019imitazione del porno nella violenza<\/span>.<\/p>\n<p style=\"text-align: justify;\"><span style=\"color: #000000;\">Pi\u00f9 recentemente, nel 2016, sul <em>Journal of Communication<\/em> \u00e8 uscita una metanalisi che, a partire da 22 studi realizzati in 7 diversi Paesi ha riscontrato come i soggetti che consumano materiale pornografico pi\u00f9 frequentemente abbiano maggiori probabilit\u00e0 di mantenere aggiornamenti favorevoli all\u2019aggressione sessuale e di impegnarsi in atti reali di aggressione sessuale e di impegnarsi in atti reali di aggressione sessuale. <\/span><\/p>\n<p style=\"text-align: justify;\"><span style=\"color: #000000;\">Nel giugno 2023, tre studiosi spagnoli \u2013 <strong>Gemma Mestre-Bach<\/strong>, <strong>Alejandro Villena-Moya<\/strong> e <strong>Carlos Chiclana-Actis<\/strong> \u2013 hanno pubblicato su <em>Trauma violence &amp; abuse<\/em> un lavoro nel quale, pur mantenendo un atteggiamento di prudenza dettato dall\u2019 \u00abeterogeneit\u00e0 delle metodologie e delle concettualizzazioni\u00bb, hanno rilevato che \u00abnumerosi studi longitudinali e trasversali hanno suggerito un\u2019associazione tra pornografia e violenza\u00bb.<\/span><\/p>\n<p style=\"text-align: justify;\"><span style=\"color: #000000;\">Oltre a quello con la violenza concretamente agita, il porno ha un legame pure con la mentalit\u00e0 sessista. Uno studio su un campione di oltre 300 persone di et\u00e0 compresa tra i 17 e i 54 anni ha riscontro che, quanto pi\u00f9 si \u00e8 giovani quando si inizia a fare uso di materiale pornografico, maggiore sar\u00e0 il consumo in et\u00e0 adulta. <\/span><\/p>\n<p style=\"text-align: justify;\"><span style=\"color: #000000;\">Non solo: con questa indagine \u2013 intitolata <em>Age and experience of first expositure to pornography: relation to masculine norms<\/em> (2017) \u2013 si \u00e8 anche visto come chi aveva iniziato a guardare pellicole a luci rosse da ragazzino avesse sviluppato, nel tempo, atteggiamenti pi\u00f9 maschilisti e irrispettosi della dignit\u00e0 della donna.<\/span><\/p>\n<p style=\"text-align: justify;\"><span style=\"color: #000000;\">Ora, se una cos\u00ec robusta serie di riscontri empirici evidenzia come il porno possa davvero essere un cattivo maestro \u2013 e lo sia soprattutto a danno della dignit\u00e0 femminile -, come mai se ne parla raramente? Perch\u00e9 il femminismo oggi prevalente se la piglia col patriarcato immaginario anzich\u00e9 con quello cinematografico? Forse perch\u00e9, se lo facesse, dovrebbe inevitabilmente anche riconoscere i frutti amari dell\u2019osannata rivoluzione di costumi? E\u2019 un dubbio che sorge spontaneo. E che \u00e8 davvero difficile farsi passare.<\/span><\/p>\n<p>______________________________________________<\/p>\n<p><strong>Leggi anche:<\/strong><\/p>\n<p><span style=\"color: #0000ff;\"><a style=\"color: #0000ff;\" href=\"https:\/\/www.rassegnastampa-totustuus.it\/cattolica\/la-maledizione-di-bundy\/\" target=\"_blank\" rel=\"noopener\">La maledizione di Bundy<\/a><\/span><\/p>\n","protected":false},"excerpt":{"rendered":"<p>La Verit\u00e0 luned\u00ec 25 marzo 2024 Il legame tra video hot e violenza sulle donne \u00e8 attestato. Eppure si continua ad accusare la famiglia tradizionale. Cos\u00ec le star a luci rosse sono sempre pi\u00f9 popolari, tanto da insegnare nelle scuole di Giuliano Guzzo<\/p><p><a class=\"more-link btn\" href=\"https:\/\/www.rassegnastampa-totustuus.it\/cattolica\/schiavi-del-porno\/\">Continua a leggere<\/a><\/p>\n","protected":false},"author":6,"featured_media":59923,"comment_status":"closed","ping_status":"closed","sticky":false,"template":"","format":"standard","meta":{"footnotes":""},"categories":[7],"tags":[304,1626,2188],"class_list":["post-59922","post","type-post","status-publish","format-standard","has-post-thumbnail","hentry","category-costume","tag-costume-2","tag-pornografia","tag-violenza-sulle-donne","item-wrap"],"yoast_head":"<!-- This site is optimized with the Yoast SEO plugin v27.5 - https:\/\/yoast.com\/product\/yoast-seo-wordpress\/ -->\n<title>Schiavi del porno - Rassegna Stampa Cattolica<\/title>\n<meta name=\"description\" content=\"Schiavi del porno. Il legame tra video hot e violenza sulle donne \u00e8 attestato. Eppure si continua ad accusare la famiglia tradizionale.\" \/>\n<meta name=\"robots\" content=\"index, follow, max-snippet:-1, max-image-preview:large, max-video-preview:-1\" \/>\n<link rel=\"canonical\" href=\"https:\/\/www.rassegnastampa-totustuus.it\/cattolica\/schiavi-del-porno\/\" \/>\n<meta property=\"og:locale\" content=\"it_IT\" \/>\n<meta property=\"og:type\" content=\"article\" \/>\n<meta property=\"og:title\" content=\"Schiavi del porno - Rassegna Stampa Cattolica\" \/>\n<meta property=\"og:description\" content=\"Schiavi del porno. Il legame tra video hot e violenza sulle donne \u00e8 attestato. Eppure si continua ad accusare la famiglia tradizionale.\" \/>\n<meta property=\"og:url\" content=\"https:\/\/www.rassegnastampa-totustuus.it\/cattolica\/schiavi-del-porno\/\" \/>\n<meta property=\"og:site_name\" content=\"Rassegna Stampa Cattolica\" \/>\n<meta property=\"article:publisher\" content=\"https:\/\/www.facebook.com\/rassegnastampacattolica\" \/>\n<meta property=\"article:published_time\" content=\"2024-04-10T22:00:41+00:00\" \/>\n<meta property=\"og:image\" content=\"https:\/\/www.rassegnastampa-totustuus.it\/cattolica\/wp-content\/uploads\/2024\/04\/violenza_donne.jpeg\" \/>\n\t<meta property=\"og:image:width\" content=\"234\" \/>\n\t<meta property=\"og:image:height\" content=\"180\" \/>\n\t<meta property=\"og:image:type\" content=\"image\/jpeg\" \/>\n<meta name=\"author\" content=\"Redazione\" \/>\n<meta name=\"twitter:card\" content=\"summary_large_image\" \/>\n<meta name=\"twitter:creator\" content=\"@rassegnastampa9\" \/>\n<meta name=\"twitter:site\" content=\"@rassegnastampa9\" \/>\n<meta name=\"twitter:label1\" content=\"Scritto da\" \/>\n\t<meta name=\"twitter:data1\" content=\"Redazione\" \/>\n\t<meta name=\"twitter:label2\" content=\"Tempo di lettura stimato\" \/>\n\t<meta name=\"twitter:data2\" content=\"7 minuti\" \/>\n<script type=\"application\/ld+json\" class=\"yoast-schema-graph\">{\"@context\":\"https:\\\/\\\/schema.org\",\"@graph\":[{\"@type\":\"Article\",\"@id\":\"https:\\\/\\\/www.rassegnastampa-totustuus.it\\\/cattolica\\\/schiavi-del-porno\\\/#article\",\"isPartOf\":{\"@id\":\"https:\\\/\\\/www.rassegnastampa-totustuus.it\\\/cattolica\\\/schiavi-del-porno\\\/\"},\"author\":{\"name\":\"Redazione\",\"@id\":\"https:\\\/\\\/www.rassegnastampa-totustuus.it\\\/cattolica\\\/#\\\/schema\\\/person\\\/08f319d2bd1a0904ad9e2bfb7b15e5c3\"},\"headline\":\"Schiavi del porno\",\"datePublished\":\"2024-04-10T22:00:41+00:00\",\"mainEntityOfPage\":{\"@id\":\"https:\\\/\\\/www.rassegnastampa-totustuus.it\\\/cattolica\\\/schiavi-del-porno\\\/\"},\"wordCount\":1191,\"publisher\":{\"@id\":\"https:\\\/\\\/www.rassegnastampa-totustuus.it\\\/cattolica\\\/#organization\"},\"image\":{\"@id\":\"https:\\\/\\\/www.rassegnastampa-totustuus.it\\\/cattolica\\\/schiavi-del-porno\\\/#primaryimage\"},\"thumbnailUrl\":\"https:\\\/\\\/www.rassegnastampa-totustuus.it\\\/cattolica\\\/wp-content\\\/uploads\\\/2024\\\/04\\\/violenza_donne.jpeg\",\"keywords\":[\"costume\",\"pornografia\",\"violenza sulle donne\"],\"articleSection\":[\"Costume\"],\"inLanguage\":\"it-IT\"},{\"@type\":\"WebPage\",\"@id\":\"https:\\\/\\\/www.rassegnastampa-totustuus.it\\\/cattolica\\\/schiavi-del-porno\\\/\",\"url\":\"https:\\\/\\\/www.rassegnastampa-totustuus.it\\\/cattolica\\\/schiavi-del-porno\\\/\",\"name\":\"Schiavi del porno - Rassegna Stampa Cattolica\",\"isPartOf\":{\"@id\":\"https:\\\/\\\/www.rassegnastampa-totustuus.it\\\/cattolica\\\/#website\"},\"primaryImageOfPage\":{\"@id\":\"https:\\\/\\\/www.rassegnastampa-totustuus.it\\\/cattolica\\\/schiavi-del-porno\\\/#primaryimage\"},\"image\":{\"@id\":\"https:\\\/\\\/www.rassegnastampa-totustuus.it\\\/cattolica\\\/schiavi-del-porno\\\/#primaryimage\"},\"thumbnailUrl\":\"https:\\\/\\\/www.rassegnastampa-totustuus.it\\\/cattolica\\\/wp-content\\\/uploads\\\/2024\\\/04\\\/violenza_donne.jpeg\",\"datePublished\":\"2024-04-10T22:00:41+00:00\",\"description\":\"Schiavi del porno. Il legame tra video hot e violenza sulle donne \u00e8 attestato. Eppure si continua ad accusare la famiglia tradizionale.\",\"breadcrumb\":{\"@id\":\"https:\\\/\\\/www.rassegnastampa-totustuus.it\\\/cattolica\\\/schiavi-del-porno\\\/#breadcrumb\"},\"inLanguage\":\"it-IT\",\"potentialAction\":[{\"@type\":\"ReadAction\",\"target\":[\"https:\\\/\\\/www.rassegnastampa-totustuus.it\\\/cattolica\\\/schiavi-del-porno\\\/\"]}]},{\"@type\":\"ImageObject\",\"inLanguage\":\"it-IT\",\"@id\":\"https:\\\/\\\/www.rassegnastampa-totustuus.it\\\/cattolica\\\/schiavi-del-porno\\\/#primaryimage\",\"url\":\"https:\\\/\\\/www.rassegnastampa-totustuus.it\\\/cattolica\\\/wp-content\\\/uploads\\\/2024\\\/04\\\/violenza_donne.jpeg\",\"contentUrl\":\"https:\\\/\\\/www.rassegnastampa-totustuus.it\\\/cattolica\\\/wp-content\\\/uploads\\\/2024\\\/04\\\/violenza_donne.jpeg\",\"width\":234,\"height\":180},{\"@type\":\"BreadcrumbList\",\"@id\":\"https:\\\/\\\/www.rassegnastampa-totustuus.it\\\/cattolica\\\/schiavi-del-porno\\\/#breadcrumb\",\"itemListElement\":[{\"@type\":\"ListItem\",\"position\":1,\"name\":\"Home\",\"item\":\"https:\\\/\\\/www.rassegnastampa-totustuus.it\\\/cattolica\\\/\"},{\"@type\":\"ListItem\",\"position\":2,\"name\":\"Schiavi del porno\"}]},{\"@type\":\"WebSite\",\"@id\":\"https:\\\/\\\/www.rassegnastampa-totustuus.it\\\/cattolica\\\/#website\",\"url\":\"https:\\\/\\\/www.rassegnastampa-totustuus.it\\\/cattolica\\\/\",\"name\":\"Rassegna Stampa Cattolica\",\"description\":\"Per una cultura che nasce dalla Rivelazione cristiana in conformit\u00e0 alla tradizione e al Magistero della Chiesa in opposizione ad ogni relativismo e totalitarismo\",\"publisher\":{\"@id\":\"https:\\\/\\\/www.rassegnastampa-totustuus.it\\\/cattolica\\\/#organization\"},\"alternateName\":\"Rass. Cattolica\",\"potentialAction\":[{\"@type\":\"SearchAction\",\"target\":{\"@type\":\"EntryPoint\",\"urlTemplate\":\"https:\\\/\\\/www.rassegnastampa-totustuus.it\\\/cattolica\\\/?s={search_term_string}\"},\"query-input\":{\"@type\":\"PropertyValueSpecification\",\"valueRequired\":true,\"valueName\":\"search_term_string\"}}],\"inLanguage\":\"it-IT\"},{\"@type\":\"Organization\",\"@id\":\"https:\\\/\\\/www.rassegnastampa-totustuus.it\\\/cattolica\\\/#organization\",\"name\":\"Rassegna Stampa Cattolica\",\"url\":\"https:\\\/\\\/www.rassegnastampa-totustuus.it\\\/cattolica\\\/\",\"logo\":{\"@type\":\"ImageObject\",\"inLanguage\":\"it-IT\",\"@id\":\"https:\\\/\\\/www.rassegnastampa-totustuus.it\\\/cattolica\\\/#\\\/schema\\\/logo\\\/image\\\/\",\"url\":\"https:\\\/\\\/www.rassegnastampa-totustuus.it\\\/cattolica\\\/wp-content\\\/uploads\\\/2014\\\/04\\\/logo-rassegna1.gif\",\"contentUrl\":\"https:\\\/\\\/www.rassegnastampa-totustuus.it\\\/cattolica\\\/wp-content\\\/uploads\\\/2014\\\/04\\\/logo-rassegna1.gif\",\"width\":600,\"height\":163,\"caption\":\"Rassegna Stampa Cattolica\"},\"image\":{\"@id\":\"https:\\\/\\\/www.rassegnastampa-totustuus.it\\\/cattolica\\\/#\\\/schema\\\/logo\\\/image\\\/\"},\"sameAs\":[\"https:\\\/\\\/www.facebook.com\\\/rassegnastampacattolica\",\"https:\\\/\\\/x.com\\\/rassegnastampa9\"]},{\"@type\":\"Person\",\"@id\":\"https:\\\/\\\/www.rassegnastampa-totustuus.it\\\/cattolica\\\/#\\\/schema\\\/person\\\/08f319d2bd1a0904ad9e2bfb7b15e5c3\",\"name\":\"Redazione\",\"image\":{\"@type\":\"ImageObject\",\"inLanguage\":\"it-IT\",\"@id\":\"https:\\\/\\\/secure.gravatar.com\\\/avatar\\\/2fcdf27c78ea025fbdb44e914cc63c72249ffec9dc8aafd5c82b26240ef3f346?s=96&d=mm&r=g\",\"url\":\"https:\\\/\\\/secure.gravatar.com\\\/avatar\\\/2fcdf27c78ea025fbdb44e914cc63c72249ffec9dc8aafd5c82b26240ef3f346?s=96&d=mm&r=g\",\"contentUrl\":\"https:\\\/\\\/secure.gravatar.com\\\/avatar\\\/2fcdf27c78ea025fbdb44e914cc63c72249ffec9dc8aafd5c82b26240ef3f346?s=96&d=mm&r=g\",\"caption\":\"Redazione\"},\"url\":\"https:\\\/\\\/www.rassegnastampa-totustuus.it\\\/cattolica\\\/author\\\/pietroelle\\\/\"}]}<\/script>\n<!-- \/ Yoast SEO plugin. -->","yoast_head_json":{"title":"Schiavi del porno - Rassegna Stampa Cattolica","description":"Schiavi del porno. Il legame tra video hot e violenza sulle donne \u00e8 attestato. Eppure si continua ad accusare la famiglia tradizionale.","robots":{"index":"index","follow":"follow","max-snippet":"max-snippet:-1","max-image-preview":"max-image-preview:large","max-video-preview":"max-video-preview:-1"},"canonical":"https:\/\/www.rassegnastampa-totustuus.it\/cattolica\/schiavi-del-porno\/","og_locale":"it_IT","og_type":"article","og_title":"Schiavi del porno - Rassegna Stampa Cattolica","og_description":"Schiavi del porno. Il legame tra video hot e violenza sulle donne \u00e8 attestato. Eppure si continua ad accusare la famiglia tradizionale.","og_url":"https:\/\/www.rassegnastampa-totustuus.it\/cattolica\/schiavi-del-porno\/","og_site_name":"Rassegna Stampa Cattolica","article_publisher":"https:\/\/www.facebook.com\/rassegnastampacattolica","article_published_time":"2024-04-10T22:00:41+00:00","og_image":[{"width":234,"height":180,"url":"https:\/\/www.rassegnastampa-totustuus.it\/cattolica\/wp-content\/uploads\/2024\/04\/violenza_donne.jpeg","type":"image\/jpeg"}],"author":"Redazione","twitter_card":"summary_large_image","twitter_creator":"@rassegnastampa9","twitter_site":"@rassegnastampa9","twitter_misc":{"Scritto da":"Redazione","Tempo di lettura stimato":"7 minuti"},"schema":{"@context":"https:\/\/schema.org","@graph":[{"@type":"Article","@id":"https:\/\/www.rassegnastampa-totustuus.it\/cattolica\/schiavi-del-porno\/#article","isPartOf":{"@id":"https:\/\/www.rassegnastampa-totustuus.it\/cattolica\/schiavi-del-porno\/"},"author":{"name":"Redazione","@id":"https:\/\/www.rassegnastampa-totustuus.it\/cattolica\/#\/schema\/person\/08f319d2bd1a0904ad9e2bfb7b15e5c3"},"headline":"Schiavi del porno","datePublished":"2024-04-10T22:00:41+00:00","mainEntityOfPage":{"@id":"https:\/\/www.rassegnastampa-totustuus.it\/cattolica\/schiavi-del-porno\/"},"wordCount":1191,"publisher":{"@id":"https:\/\/www.rassegnastampa-totustuus.it\/cattolica\/#organization"},"image":{"@id":"https:\/\/www.rassegnastampa-totustuus.it\/cattolica\/schiavi-del-porno\/#primaryimage"},"thumbnailUrl":"https:\/\/www.rassegnastampa-totustuus.it\/cattolica\/wp-content\/uploads\/2024\/04\/violenza_donne.jpeg","keywords":["costume","pornografia","violenza sulle donne"],"articleSection":["Costume"],"inLanguage":"it-IT"},{"@type":"WebPage","@id":"https:\/\/www.rassegnastampa-totustuus.it\/cattolica\/schiavi-del-porno\/","url":"https:\/\/www.rassegnastampa-totustuus.it\/cattolica\/schiavi-del-porno\/","name":"Schiavi del porno - Rassegna Stampa Cattolica","isPartOf":{"@id":"https:\/\/www.rassegnastampa-totustuus.it\/cattolica\/#website"},"primaryImageOfPage":{"@id":"https:\/\/www.rassegnastampa-totustuus.it\/cattolica\/schiavi-del-porno\/#primaryimage"},"image":{"@id":"https:\/\/www.rassegnastampa-totustuus.it\/cattolica\/schiavi-del-porno\/#primaryimage"},"thumbnailUrl":"https:\/\/www.rassegnastampa-totustuus.it\/cattolica\/wp-content\/uploads\/2024\/04\/violenza_donne.jpeg","datePublished":"2024-04-10T22:00:41+00:00","description":"Schiavi del porno. Il legame tra video hot e violenza sulle donne \u00e8 attestato. Eppure si continua ad accusare la famiglia tradizionale.","breadcrumb":{"@id":"https:\/\/www.rassegnastampa-totustuus.it\/cattolica\/schiavi-del-porno\/#breadcrumb"},"inLanguage":"it-IT","potentialAction":[{"@type":"ReadAction","target":["https:\/\/www.rassegnastampa-totustuus.it\/cattolica\/schiavi-del-porno\/"]}]},{"@type":"ImageObject","inLanguage":"it-IT","@id":"https:\/\/www.rassegnastampa-totustuus.it\/cattolica\/schiavi-del-porno\/#primaryimage","url":"https:\/\/www.rassegnastampa-totustuus.it\/cattolica\/wp-content\/uploads\/2024\/04\/violenza_donne.jpeg","contentUrl":"https:\/\/www.rassegnastampa-totustuus.it\/cattolica\/wp-content\/uploads\/2024\/04\/violenza_donne.jpeg","width":234,"height":180},{"@type":"BreadcrumbList","@id":"https:\/\/www.rassegnastampa-totustuus.it\/cattolica\/schiavi-del-porno\/#breadcrumb","itemListElement":[{"@type":"ListItem","position":1,"name":"Home","item":"https:\/\/www.rassegnastampa-totustuus.it\/cattolica\/"},{"@type":"ListItem","position":2,"name":"Schiavi del porno"}]},{"@type":"WebSite","@id":"https:\/\/www.rassegnastampa-totustuus.it\/cattolica\/#website","url":"https:\/\/www.rassegnastampa-totustuus.it\/cattolica\/","name":"Rassegna Stampa Cattolica","description":"Per una cultura che nasce dalla Rivelazione cristiana in conformit\u00e0 alla tradizione e al Magistero della Chiesa in opposizione ad ogni relativismo e totalitarismo","publisher":{"@id":"https:\/\/www.rassegnastampa-totustuus.it\/cattolica\/#organization"},"alternateName":"Rass. Cattolica","potentialAction":[{"@type":"SearchAction","target":{"@type":"EntryPoint","urlTemplate":"https:\/\/www.rassegnastampa-totustuus.it\/cattolica\/?s={search_term_string}"},"query-input":{"@type":"PropertyValueSpecification","valueRequired":true,"valueName":"search_term_string"}}],"inLanguage":"it-IT"},{"@type":"Organization","@id":"https:\/\/www.rassegnastampa-totustuus.it\/cattolica\/#organization","name":"Rassegna Stampa Cattolica","url":"https:\/\/www.rassegnastampa-totustuus.it\/cattolica\/","logo":{"@type":"ImageObject","inLanguage":"it-IT","@id":"https:\/\/www.rassegnastampa-totustuus.it\/cattolica\/#\/schema\/logo\/image\/","url":"https:\/\/www.rassegnastampa-totustuus.it\/cattolica\/wp-content\/uploads\/2014\/04\/logo-rassegna1.gif","contentUrl":"https:\/\/www.rassegnastampa-totustuus.it\/cattolica\/wp-content\/uploads\/2014\/04\/logo-rassegna1.gif","width":600,"height":163,"caption":"Rassegna Stampa Cattolica"},"image":{"@id":"https:\/\/www.rassegnastampa-totustuus.it\/cattolica\/#\/schema\/logo\/image\/"},"sameAs":["https:\/\/www.facebook.com\/rassegnastampacattolica","https:\/\/x.com\/rassegnastampa9"]},{"@type":"Person","@id":"https:\/\/www.rassegnastampa-totustuus.it\/cattolica\/#\/schema\/person\/08f319d2bd1a0904ad9e2bfb7b15e5c3","name":"Redazione","image":{"@type":"ImageObject","inLanguage":"it-IT","@id":"https:\/\/secure.gravatar.com\/avatar\/2fcdf27c78ea025fbdb44e914cc63c72249ffec9dc8aafd5c82b26240ef3f346?s=96&d=mm&r=g","url":"https:\/\/secure.gravatar.com\/avatar\/2fcdf27c78ea025fbdb44e914cc63c72249ffec9dc8aafd5c82b26240ef3f346?s=96&d=mm&r=g","contentUrl":"https:\/\/secure.gravatar.com\/avatar\/2fcdf27c78ea025fbdb44e914cc63c72249ffec9dc8aafd5c82b26240ef3f346?s=96&d=mm&r=g","caption":"Redazione"},"url":"https:\/\/www.rassegnastampa-totustuus.it\/cattolica\/author\/pietroelle\/"}]}},"_links":{"self":[{"href":"https:\/\/www.rassegnastampa-totustuus.it\/cattolica\/wp-json\/wp\/v2\/posts\/59922","targetHints":{"allow":["GET"]}}],"collection":[{"href":"https:\/\/www.rassegnastampa-totustuus.it\/cattolica\/wp-json\/wp\/v2\/posts"}],"about":[{"href":"https:\/\/www.rassegnastampa-totustuus.it\/cattolica\/wp-json\/wp\/v2\/types\/post"}],"author":[{"embeddable":true,"href":"https:\/\/www.rassegnastampa-totustuus.it\/cattolica\/wp-json\/wp\/v2\/users\/6"}],"replies":[{"embeddable":true,"href":"https:\/\/www.rassegnastampa-totustuus.it\/cattolica\/wp-json\/wp\/v2\/comments?post=59922"}],"version-history":[{"count":1,"href":"https:\/\/www.rassegnastampa-totustuus.it\/cattolica\/wp-json\/wp\/v2\/posts\/59922\/revisions"}],"predecessor-version":[{"id":59924,"href":"https:\/\/www.rassegnastampa-totustuus.it\/cattolica\/wp-json\/wp\/v2\/posts\/59922\/revisions\/59924"}],"wp:featuredmedia":[{"embeddable":true,"href":"https:\/\/www.rassegnastampa-totustuus.it\/cattolica\/wp-json\/wp\/v2\/media\/59923"}],"wp:attachment":[{"href":"https:\/\/www.rassegnastampa-totustuus.it\/cattolica\/wp-json\/wp\/v2\/media?parent=59922"}],"wp:term":[{"taxonomy":"category","embeddable":true,"href":"https:\/\/www.rassegnastampa-totustuus.it\/cattolica\/wp-json\/wp\/v2\/categories?post=59922"},{"taxonomy":"post_tag","embeddable":true,"href":"https:\/\/www.rassegnastampa-totustuus.it\/cattolica\/wp-json\/wp\/v2\/tags?post=59922"}],"curies":[{"name":"wp","href":"https:\/\/api.w.org\/{rel}","templated":true}]}}