{"id":59826,"date":"2024-03-14T13:21:56","date_gmt":"2024-03-14T12:21:56","guid":{"rendered":"https:\/\/www.rassegnastampa-totustuus.it\/cattolica\/?p=59826"},"modified":"2024-03-14T13:21:58","modified_gmt":"2024-03-14T12:21:58","slug":"la-questione-sociale-dei-nostri-giorni","status":"publish","type":"post","link":"https:\/\/www.rassegnastampa-totustuus.it\/cattolica\/la-questione-sociale-dei-nostri-giorni\/","title":{"rendered":"La questione sociale dei nostri giorni"},"content":{"rendered":"<p style=\"text-align: justify;\"><span style=\"color: #000000;\"><strong><img loading=\"lazy\" decoding=\"async\" class=\" wp-image-48481 alignleft\" src=\"https:\/\/www.rassegnastampa-totustuus.it\/cattolica\/wp-content\/uploads\/2020\/09\/chiesa_messa_virus-300x200.jpg\" alt=\"\" width=\"230\" height=\"153\" srcset=\"https:\/\/www.rassegnastampa-totustuus.it\/cattolica\/wp-content\/uploads\/2020\/09\/chiesa_messa_virus-300x200.jpg 300w, https:\/\/www.rassegnastampa-totustuus.it\/cattolica\/wp-content\/uploads\/2020\/09\/chiesa_messa_virus-768x511.jpg 768w, https:\/\/www.rassegnastampa-totustuus.it\/cattolica\/wp-content\/uploads\/2020\/09\/chiesa_messa_virus-1024x682.jpg 1024w, https:\/\/www.rassegnastampa-totustuus.it\/cattolica\/wp-content\/uploads\/2020\/09\/chiesa_messa_virus.jpg 1356w\" sizes=\"auto, (max-width: 230px) 100vw, 230px\" \/>Abstract: <\/strong><em>la questione sociale dei nostri giorni. Oggi, i barbari che vivono all&#8217;interno della nostra civilt\u00e0 sono suscitati nelle sue stesse viscere. Se non lo sono tutti barbari, quasi nessuno \u00e8 interamente esente di un pizzico di barbarie. Ogni giorno, rompe un po\u2019 di pi\u00f9 di ci\u00f2 che resta della nostra civilt\u00e0 cristiana. Ecco qui un principio che si nega, l\u00ec c&#8217;\u00e8 una tradizione che si limita, pi\u00f9 avanti vi \u00e8 una sana abitudine che si abroga.<\/em><\/span><\/p>\n<p><!--more--><\/p>\n<p style=\"text-align: center;\"><strong><a href=\"https:\/\/www.atfp.it\/\"><span style=\"color: #0000ff;\">Tradizione Famiglia Propriet\u00e0<\/span><\/a> newsletter 13\u00a0 Marzo 2024 <\/strong><\/p>\n<h3 style=\"text-align: center;\"><strong>Riflessioni sulla lotta odierna<\/strong><\/h3>\n<p style=\"text-align: center;\">di <strong>Plinio Correa de Oliveira<\/strong><\/p>\n<h4 style=\"text-align: center;\"><em>Qual \u00e8 la &#8220;questione sociale&#8221; dei nostri giorni?<\/em><\/h4>\n<p style=\"text-align: justify;\"><span style=\"color: #000000;\"><img loading=\"lazy\" decoding=\"async\" class=\" wp-image-52044 alignright\" src=\"https:\/\/www.rassegnastampa-totustuus.it\/cattolica\/wp-content\/uploads\/2021\/07\/crisi_decadenza_occidente-300x169.jpg\" alt=\"\" width=\"405\" height=\"228\" srcset=\"https:\/\/www.rassegnastampa-totustuus.it\/cattolica\/wp-content\/uploads\/2021\/07\/crisi_decadenza_occidente-300x169.jpg 300w, https:\/\/www.rassegnastampa-totustuus.it\/cattolica\/wp-content\/uploads\/2021\/07\/crisi_decadenza_occidente-768x432.jpg 768w, https:\/\/www.rassegnastampa-totustuus.it\/cattolica\/wp-content\/uploads\/2021\/07\/crisi_decadenza_occidente-1024x576.jpg 1024w, https:\/\/www.rassegnastampa-totustuus.it\/cattolica\/wp-content\/uploads\/2021\/07\/crisi_decadenza_occidente.jpg 1500w\" sizes=\"auto, (max-width: 405px) 100vw, 405px\" \/>In generale, una &#8220;questione sociale&#8221; \u00e8 ogni questione sollevata da qualche anomalia nella societ\u00e0. \u00c8 distinta dalla &#8220;questione politica&#8221;, nel senso che questa si riferisce alla organizzazione dello Stato. Tutti sanno che il mondo ha conosciuto molti problemi sociali che culminarono in conflitti: conflitti tra nobili e plebei, tra schiavi e uomini liberi, tra nobili e borghesi nel Medio Evo e nel XVI, eccetera. Ma \u00e8 un errore pensare che l&#8217;unica forma di &#8220;questione sociale&#8221; \u00e8 la lotta tra le classi.<\/span><\/p>\n<p style=\"text-align: justify;\"><span style=\"color: #000000;\">Corruzione dei costumi pubblici e privati, la decadenza di tutti gli organismi che costituiscono il tessuto sociale, la rovina della famiglia, degli organismi professionali e le classi sociali, della correttezza commerciale, delle arti, tutto questo pu\u00f2 costituire una &#8220;questione sociale mostro&#8221;, portando la societ\u00e0 alla rovina. E una questione sociale di questo tipo pu\u00f2 esistere, prosperare, condurre a risultati i pi\u00f9 tragici senza che tra le classi componenti dell&#8217;organismo sociale non ci sia lotta o rivalit\u00e0.<\/span><\/p>\n<p style=\"text-align: justify;\"><span style=\"color: #000000;\">Cos\u00ec, la lotta di classe \u00e8 una forma di &#8220;problema sociale&#8221;, ma non \u00e8 l&#8217;unico, n\u00e9 necessariamente il pi\u00f9 pericoloso di loro. L&#8217;Impero Romano, per esempio, mor\u00ec a causa di un enorme &#8220;questione sociale&#8221;: l&#8217;intera societ\u00e0 romana in Italia, come in Gallia e Iberia, stava radicale e assolutamente marcita. Per questo e solo per questo, i barbari hanno dominato i romani; questioni sociali hanno portato quindi la societ\u00e0 e lo Stato romano alla rovina: senza che fosse nel Impero una lotta di classe.<\/span><\/p>\n<h4 style=\"text-align: center;\">* * *<\/h4>\n<p style=\"text-align: justify;\">\u00c8 un errore supporre che in questi giorni questione sociale consistono solo della lotta tra proletariato e borghesia. Noi soffriamo di un fenomeno sociale di decomposizione dei caratteri e delle istituzioni, assolutamente cos\u00ec vasto, cos\u00ec profondo, cos\u00ec virulento come l&#8217;Impero nei suoi ultimi giorni. Solo ad aggravare la situazione, al di l\u00e0 di qualsiasi cosa, abbiamo una lotta di classe che l&#8217;Impero non aveva.<\/p>\n<p style=\"text-align: justify;\"><span style=\"color: #000000;\"><img loading=\"lazy\" decoding=\"async\" class=\"size-full wp-image-29936 alignleft\" src=\"https:\/\/www.rassegnastampa-totustuus.it\/cattolica\/wp-content\/uploads\/2005\/09\/barbari.jpg\" alt=\"\" width=\"300\" height=\"260\" \/>Abbiamo anche i barbari? S\u00ec, e all&#8217;interno dei confini. Ai nostri giorni, non c&#8217;\u00e8, come in epoca romana, un divario tra il mondo barbaro e il mondo civilizzato. Nella mappa contemporanea, non sono chiaramente definiti le due zone pre-invasione: da un lato il territorio imperiale, dove la civilt\u00e0 decadente trascinava un&#8217;esistenza crepuscolare; e dell\u2019altro lato il mondo barbarico che pianificava l&#8217;invasione, la rapina e l\u2019universale distruzione.<\/span><\/p>\n<p style=\"text-align: justify;\"><span style=\"color: #000000;\">Oggi, i barbari che vivono all&#8217;interno della nostra civilt\u00e0 sono suscitati nelle sue stesse viscere. Se non lo sono tutti barbari, quasi nessuno \u00e8 interamente esente di un pizzico di barbarie. Ogni giorno, rompe un po\u2019 di pi\u00f9 di ci\u00f2 che resta della nostra civilt\u00e0 cristian<\/span>a. Ecco qui un principio che si nega, l\u00ec c&#8217;\u00e8 una tradizione che si limita, pi\u00f9 avanti vi \u00e8 una sana abitudine che si abroga.<\/p>\n<p style=\"text-align: justify;\"><span style=\"color: #000000;\">Oggi i cristiani sono meno di ieri, domani saranno meno di oggi. Se tutto ci\u00f2 che sta essendo corroso, graffiato, rotto, del vecchio edificio della civilt\u00e0 cristiana, potesse lasciare tracce materiali e quei resti potrebbero essere raccolti e riuniti in un unico luogo, potremmo misurare meglio con gli occhi del corpo ci\u00f2 che non tutti vedono con gli occhi dello spirito. Noteremmo allora, con orrore, a quale proporzione fantastica raggiungerebbe questo fenomeno di distruzione.<\/span><\/p>\n<p style=\"text-align: justify;\"><span style=\"color: #000000;\">In questo grande crimine collettivo, in cui quasi tutti hanno le mani o le dita pi\u00f9 o meno rossi col sangue di Cristo, non \u00e8 soddisfatto l&#8217;odio dei suoi peggiori nemici. Vogliono accelerare l&#8217;agonia. Desiderano che si giunga adesso, che si giunga completamente con la violenza, a ferro e fuoco, l\u2019ora estrema del <em>consumatum est<\/em> della civilt\u00e0 cristiana. Questi sono i comunisti.<\/span><\/p>\n<p style=\"text-align: justify;\"><span style=\"color: #000000;\">Ora, pochi giorni fa, i comunisti hanno tenuto una grande manifestazione, e hanno radunato pi\u00f9 di 80.000 attivisti di questa opera diabolica in centro citt\u00e0 (Sao Paulo, Brasile). Certamente non tutti erano dei comunisti: c&#8217;erano anche dei sostenitori e curiosi. \u00c8 anche chiaro che alcuni di quelli che erano l\u00ec, anche se volevano la vittoria del comunismo, non sapevano molto chiaramente che la Chiesa \u00e8 la vera Chiesa e che ad attaccarla, diventavano colpevoli di un crimine contro Dio stesso. Poco importa. La sua colpa era di non sapere.<\/span><\/p>\n<p style=\"text-align: justify;\"><span style=\"color: #000000;\"><img loading=\"lazy\" decoding=\"async\" class=\"wp-image-55186 alignright\" src=\"https:\/\/www.rassegnastampa-totustuus.it\/cattolica\/wp-content\/uploads\/2022\/11\/nouvelle_theologie_progressismo-Concilio.jpg\" alt=\"\" width=\"311\" height=\"207\" \/>Nostro Signore ha fatto dei miracoli, che l&#8217;intero popolo ebraico ha testimoniato. Nonostante questo, se molti durante la Passione non erano ancora certo che Egli era Dio, avevano colpa di questa ignoranza. [&#8230;] Qui \u00e8 la Chiesa di Cristo, e di Ella risplendono le sue caratteristiche divine come un sole. Se c&#8217;\u00e8 qualcuno che ignora queste caratteristiche dopo aver ricevuto il santo battesimo, e ha consapevolmente professato la Fede, ha colpa in esso. Se c&#8217;\u00e8 qualcuno che, avendo appartenuto alla Chiesa, si \u00e8 staccato di Essa per odio alla Sua dottrina, alle Sue istituzioni, la civilt\u00e0 che ha prodotto, \u00e8 colpevole del sangue di Cristo.<\/span><\/p>\n<p style=\"text-align: justify;\"><span style=\"color: #000000;\">Se ci sono cattolici che sono andati al punto di apostasia, e di iscriversi nei ranghi dei demolitori della civilt\u00e0 cristiana e della Chiesa di Ges\u00f9 Cristo, \u00e8 colpevole del sangue di Cristo, qualunque sia il grado di ignoranza dove \u00e8 scivolato fino al crimine. E se i cattolici o ex-cattolici, ignoranti o indifferenti (?), che erano l\u00ec, sono colpevoli del sangue di Cristo, cosa dire degli altri, i cui sapevano cosa si voleva e cosa si tramava e dove portava tutto quello e a Chi si perseguiva?<\/span><\/p>\n<h4 style=\"text-align: center;\">* * *<\/h4>\n<p style=\"text-align: justify;\">C<span style=\"color: #000000;\">he cosa ha portato tante persone a fare cos\u00ec grande offesa? Si dice che \u00e8 la fame. Davvero?<\/span><\/p>\n<p style=\"text-align: justify;\"><span style=\"color: #000000;\">Lasciamo da parte ogni demagogia e consideriamo le cose in faccia.<\/span><\/p>\n<p style=\"text-align: justify;\"><span style=\"color: #000000;\">Innanzitutto, dobbiamo ricordare che coloro che erano l\u00ec non appartengono, per lo pi\u00f9, alla classe sociale che soffre di pi\u00f9.<\/span><\/p>\n<p style=\"text-align: justify;\"><span style=\"color: #000000;\">Purtroppo, abbiamo ancora i lavoratori che sono nel bisogno. Ma \u00e8 doveroso riconoscere il fatto che costituiscono la minoranza. La stragrande maggioranza dei nostri lavoratori vivono con la vera abbondanza. \u00c8 quello che tutti sanno. Soffre infinitamente pi\u00f9 la piccola e media borghesia: modesti funzionari, le vedove e gli orfani che vivono sulle piccole redditi svalutati, delle pensioni fatte insufficienti dall&#8217;inflazione, gli insegnanti pagati meno di un macchinista o di un calzolaio, e ci\u00f2 nonostante costretti a vestirsi in una certa linea. Questi sono i principali ammalati. Ebbene: questi non sono i principali disgustati! I disgustati si pu\u00f2 trovarli in tutte le classi, e persino anche in futile ragazzi da sala da ballo. Quindi non \u00e8 la fame che fa la rivolta<\/span>.<\/p>\n<p style=\"text-align: justify;\"><span style=\"color: #000000;\">Rivolta? Dite piuttosto, apostasia. Puo\u2019 solo la fame spingere qualcuno all\u2019apostasia? Puo\u2019 la fame essere la sola colpevole per qualcuno che perde la fede?<\/span><\/p>\n<p style=\"text-align: justify;\"><span style=\"color: #000000;\">No. \u00c9 della dottrina cattolica che nessuno \u00e8 tentato al di sopra dalle sue forze. Dio d\u00e0 a tutti la grazia necessaria. Se poi un cattolico pecca, pecca liberamente. L&#8217;occasione di peccato pu\u00f2 essere la fame, la lussuria, o qualsiasi altra cosa. Ma \u00e8 colpa sua.<\/span><\/p>\n<p style=\"text-align: justify;\"><span style=\"color: #000000;\">Cos\u00ec, la ragione per cui cos\u00ec tante defezioni accadono sta molto di pi\u00f9 nella debolezza della fede e del fervore religioso di coloro che hanno peccato, nella sua mancanza di generosit\u00e0 verso Dio. Ed \u00e8 solo secondariamente nell\u2019occasione che gli ha portato al peccato.<\/span><\/p>\n<h4 style=\"text-align: center;\">* * *<\/h4>\n<p style=\"text-align: justify;\"><img loading=\"lazy\" decoding=\"async\" class=\" wp-image-53269 alignleft\" src=\"https:\/\/www.rassegnastampa-totustuus.it\/cattolica\/wp-content\/uploads\/2022\/01\/comunismo-300x189.jpg\" alt=\"il comunismo fin da Marx \u00e8 sempre stato contro la religione\" width=\"343\" height=\"216\" srcset=\"https:\/\/www.rassegnastampa-totustuus.it\/cattolica\/wp-content\/uploads\/2022\/01\/comunismo-300x189.jpg 300w, https:\/\/www.rassegnastampa-totustuus.it\/cattolica\/wp-content\/uploads\/2022\/01\/comunismo.jpg 474w\" sizes=\"auto, (max-width: 343px) 100vw, 343px\" \/>Da tutto ci\u00f2 ne segue che il comunismo e la lotta di classe ai nostri giorni non sono le conseguenze solo delle cause economiche. Questi includono certamente il problema, ma non a titolo capitale. E cos\u00ec tante defezioni sono nient\u2019altro che un aspetto della enorme crisi di carattere del mondo contemporaneo che in ultima analisi \u00e8 una crisi religiosa.<\/p>\n<p style=\"text-align: justify;\"><span style=\"color: #000000;\">A vista di tutto questo, come qualificare l&#8217;ingenuit\u00e0 di chi immaginano che, risolta la questione economica, starebbe risolta la questione sociale? Di quelli che pensano che per debellare il comunismo non si dovrebbero usare la violenza, come si fa contro il crimine, perch\u00e9 il comunismo \u00e8 fame e non \u00e8 un crimine?<\/span><\/p>\n<p style=\"text-align: justify;\"><span style=\"color: #000000;\">Le fiamme della predicazione comunista camminano con la velocit\u00e0 di fiamma. Le riforme sociali pi\u00f9 intelligenti, efficaci, sicuri, agiscono solo lentamente. Molto prima che la terapia abbia prodotto il suo effetto, il paziente avrebbe gi\u00e0 strangolato il medico.<\/span><\/p>\n<p style=\"text-align: justify;\"><span style=\"color: #000000;\">Se fosse solo il medico sarebbe dire poco. Il medico e tutti coloro che erano in disaccordo con l&#8217;ingenuit\u00e0 e la minoranza di questi tristi &#8220;curatori&#8221;.<\/span><\/p>\n<h5 style=\"text-align: center;\"><span style=\"color: #000000;\">Fonte:<\/span> Legionario, <strong><span style=\"color: #000000;\">N\u00b0. 754, 19 gennaio 1947.<\/span><\/strong><\/h5>\n<p>________________________________________<\/p>\n<p><span style=\"color: #000000;\"><strong>Leggi anche:\u00a0<\/strong><\/span><\/p>\n<p><a href=\"https:\/\/www.rassegnastampa-totustuus.it\/cattolica\/crisi-didentita\/\" target=\"_blank\" rel=\"noopener\"><span style=\"color: #0000ff;\">Crisi d&#8217;identit\u00e0<\/span><\/a><\/p>\n","protected":false},"excerpt":{"rendered":"<p>Abstract: la questione sociale dei nostri giorni. Oggi, i barbari che vivono all&#8217;interno della nostra civilt\u00e0 sono suscitati nelle sue stesse viscere. Se non lo sono tutti barbari, quasi nessuno \u00e8 interamente esente di un pizzico di barbarie. Ogni giorno, rompe un po\u2019 di pi\u00f9 di ci\u00f2 che resta della nostra civilt\u00e0 cristiana. Ecco qui &hellip; <\/p>\n<p><a class=\"more-link btn\" href=\"https:\/\/www.rassegnastampa-totustuus.it\/cattolica\/la-questione-sociale-dei-nostri-giorni\/\">Continua a leggere<\/a><\/p>\n","protected":false},"author":6,"featured_media":48481,"comment_status":"closed","ping_status":"closed","sticky":false,"template":"","format":"standard","meta":{"footnotes":""},"categories":[5,25],"tags":[157,2837,558],"class_list":["post-59826","post","type-post","status-publish","format-standard","has-post-thumbnail","hentry","category-chiesa","category-sguardo-sul-nostro-tempo","tag-chiesa-2","tag-crisi-delloccidente","tag-sguardo-sul-nostro-tempo-2","item-wrap"],"yoast_head":"<!-- This site is optimized with the Yoast SEO plugin v27.5 - https:\/\/yoast.com\/product\/yoast-seo-wordpress\/ -->\n<title>La questione sociale dei nostri giorni - Rassegna Stampa Cattolica<\/title>\n<meta name=\"description\" content=\"La questione sociale dei nostri giorni in cui la corruzione morale coesiste con una questione sociale . I barbari ormai sono tra noi\" \/>\n<meta name=\"robots\" content=\"index, follow, max-snippet:-1, max-image-preview:large, max-video-preview:-1\" \/>\n<link rel=\"canonical\" href=\"https:\/\/www.rassegnastampa-totustuus.it\/cattolica\/la-questione-sociale-dei-nostri-giorni\/\" \/>\n<meta property=\"og:locale\" content=\"it_IT\" \/>\n<meta property=\"og:type\" content=\"article\" \/>\n<meta property=\"og:title\" content=\"La questione sociale dei nostri giorni - Rassegna Stampa Cattolica\" \/>\n<meta property=\"og:description\" content=\"La questione sociale dei nostri giorni in cui la corruzione morale coesiste con una questione sociale . I barbari ormai sono tra noi\" \/>\n<meta property=\"og:url\" content=\"https:\/\/www.rassegnastampa-totustuus.it\/cattolica\/la-questione-sociale-dei-nostri-giorni\/\" \/>\n<meta property=\"og:site_name\" content=\"Rassegna Stampa Cattolica\" \/>\n<meta property=\"article:publisher\" content=\"https:\/\/www.facebook.com\/rassegnastampacattolica\" \/>\n<meta property=\"article:published_time\" content=\"2024-03-14T12:21:56+00:00\" \/>\n<meta property=\"article:modified_time\" content=\"2024-03-14T12:21:58+00:00\" \/>\n<meta property=\"og:image\" content=\"https:\/\/www.rassegnastampa-totustuus.it\/cattolica\/wp-content\/uploads\/2020\/09\/chiesa_messa_virus.jpg\" \/>\n\t<meta property=\"og:image:width\" content=\"1356\" \/>\n\t<meta property=\"og:image:height\" content=\"903\" \/>\n\t<meta property=\"og:image:type\" content=\"image\/jpeg\" \/>\n<meta name=\"author\" content=\"Redazione\" \/>\n<meta name=\"twitter:card\" content=\"summary_large_image\" \/>\n<meta name=\"twitter:creator\" content=\"@rassegnastampa9\" \/>\n<meta name=\"twitter:site\" content=\"@rassegnastampa9\" \/>\n<meta name=\"twitter:label1\" content=\"Scritto da\" \/>\n\t<meta name=\"twitter:data1\" content=\"Redazione\" \/>\n\t<meta name=\"twitter:label2\" content=\"Tempo di lettura stimato\" \/>\n\t<meta name=\"twitter:data2\" content=\"9 minuti\" \/>\n<script type=\"application\/ld+json\" class=\"yoast-schema-graph\">{\"@context\":\"https:\\\/\\\/schema.org\",\"@graph\":[{\"@type\":\"Article\",\"@id\":\"https:\\\/\\\/www.rassegnastampa-totustuus.it\\\/cattolica\\\/la-questione-sociale-dei-nostri-giorni\\\/#article\",\"isPartOf\":{\"@id\":\"https:\\\/\\\/www.rassegnastampa-totustuus.it\\\/cattolica\\\/la-questione-sociale-dei-nostri-giorni\\\/\"},\"author\":{\"name\":\"Redazione\",\"@id\":\"https:\\\/\\\/www.rassegnastampa-totustuus.it\\\/cattolica\\\/#\\\/schema\\\/person\\\/08f319d2bd1a0904ad9e2bfb7b15e5c3\"},\"headline\":\"La questione sociale dei nostri giorni\",\"datePublished\":\"2024-03-14T12:21:56+00:00\",\"dateModified\":\"2024-03-14T12:21:58+00:00\",\"mainEntityOfPage\":{\"@id\":\"https:\\\/\\\/www.rassegnastampa-totustuus.it\\\/cattolica\\\/la-questione-sociale-dei-nostri-giorni\\\/\"},\"wordCount\":1424,\"publisher\":{\"@id\":\"https:\\\/\\\/www.rassegnastampa-totustuus.it\\\/cattolica\\\/#organization\"},\"image\":{\"@id\":\"https:\\\/\\\/www.rassegnastampa-totustuus.it\\\/cattolica\\\/la-questione-sociale-dei-nostri-giorni\\\/#primaryimage\"},\"thumbnailUrl\":\"https:\\\/\\\/www.rassegnastampa-totustuus.it\\\/cattolica\\\/wp-content\\\/uploads\\\/2020\\\/09\\\/chiesa_messa_virus.jpg\",\"keywords\":[\"chiesa\",\"crisi dell&#039;Occidente\",\"sguardo sul nostro tempo\"],\"articleSection\":[\"Chiesa\",\"Sguardo sul nostro tempo\"],\"inLanguage\":\"it-IT\"},{\"@type\":\"WebPage\",\"@id\":\"https:\\\/\\\/www.rassegnastampa-totustuus.it\\\/cattolica\\\/la-questione-sociale-dei-nostri-giorni\\\/\",\"url\":\"https:\\\/\\\/www.rassegnastampa-totustuus.it\\\/cattolica\\\/la-questione-sociale-dei-nostri-giorni\\\/\",\"name\":\"La questione sociale dei nostri giorni - Rassegna Stampa Cattolica\",\"isPartOf\":{\"@id\":\"https:\\\/\\\/www.rassegnastampa-totustuus.it\\\/cattolica\\\/#website\"},\"primaryImageOfPage\":{\"@id\":\"https:\\\/\\\/www.rassegnastampa-totustuus.it\\\/cattolica\\\/la-questione-sociale-dei-nostri-giorni\\\/#primaryimage\"},\"image\":{\"@id\":\"https:\\\/\\\/www.rassegnastampa-totustuus.it\\\/cattolica\\\/la-questione-sociale-dei-nostri-giorni\\\/#primaryimage\"},\"thumbnailUrl\":\"https:\\\/\\\/www.rassegnastampa-totustuus.it\\\/cattolica\\\/wp-content\\\/uploads\\\/2020\\\/09\\\/chiesa_messa_virus.jpg\",\"datePublished\":\"2024-03-14T12:21:56+00:00\",\"dateModified\":\"2024-03-14T12:21:58+00:00\",\"description\":\"La questione sociale dei nostri giorni in cui la corruzione morale coesiste con una questione sociale . I barbari ormai sono tra noi\",\"breadcrumb\":{\"@id\":\"https:\\\/\\\/www.rassegnastampa-totustuus.it\\\/cattolica\\\/la-questione-sociale-dei-nostri-giorni\\\/#breadcrumb\"},\"inLanguage\":\"it-IT\",\"potentialAction\":[{\"@type\":\"ReadAction\",\"target\":[\"https:\\\/\\\/www.rassegnastampa-totustuus.it\\\/cattolica\\\/la-questione-sociale-dei-nostri-giorni\\\/\"]}]},{\"@type\":\"ImageObject\",\"inLanguage\":\"it-IT\",\"@id\":\"https:\\\/\\\/www.rassegnastampa-totustuus.it\\\/cattolica\\\/la-questione-sociale-dei-nostri-giorni\\\/#primaryimage\",\"url\":\"https:\\\/\\\/www.rassegnastampa-totustuus.it\\\/cattolica\\\/wp-content\\\/uploads\\\/2020\\\/09\\\/chiesa_messa_virus.jpg\",\"contentUrl\":\"https:\\\/\\\/www.rassegnastampa-totustuus.it\\\/cattolica\\\/wp-content\\\/uploads\\\/2020\\\/09\\\/chiesa_messa_virus.jpg\",\"width\":1356,\"height\":903},{\"@type\":\"BreadcrumbList\",\"@id\":\"https:\\\/\\\/www.rassegnastampa-totustuus.it\\\/cattolica\\\/la-questione-sociale-dei-nostri-giorni\\\/#breadcrumb\",\"itemListElement\":[{\"@type\":\"ListItem\",\"position\":1,\"name\":\"Home\",\"item\":\"https:\\\/\\\/www.rassegnastampa-totustuus.it\\\/cattolica\\\/\"},{\"@type\":\"ListItem\",\"position\":2,\"name\":\"La questione sociale dei nostri giorni\"}]},{\"@type\":\"WebSite\",\"@id\":\"https:\\\/\\\/www.rassegnastampa-totustuus.it\\\/cattolica\\\/#website\",\"url\":\"https:\\\/\\\/www.rassegnastampa-totustuus.it\\\/cattolica\\\/\",\"name\":\"Rassegna Stampa Cattolica\",\"description\":\"Per una cultura che nasce dalla Rivelazione cristiana in conformit\u00e0 alla tradizione e al Magistero della Chiesa in opposizione ad ogni relativismo e totalitarismo\",\"publisher\":{\"@id\":\"https:\\\/\\\/www.rassegnastampa-totustuus.it\\\/cattolica\\\/#organization\"},\"alternateName\":\"Rass. Cattolica\",\"potentialAction\":[{\"@type\":\"SearchAction\",\"target\":{\"@type\":\"EntryPoint\",\"urlTemplate\":\"https:\\\/\\\/www.rassegnastampa-totustuus.it\\\/cattolica\\\/?s={search_term_string}\"},\"query-input\":{\"@type\":\"PropertyValueSpecification\",\"valueRequired\":true,\"valueName\":\"search_term_string\"}}],\"inLanguage\":\"it-IT\"},{\"@type\":\"Organization\",\"@id\":\"https:\\\/\\\/www.rassegnastampa-totustuus.it\\\/cattolica\\\/#organization\",\"name\":\"Rassegna Stampa Cattolica\",\"url\":\"https:\\\/\\\/www.rassegnastampa-totustuus.it\\\/cattolica\\\/\",\"logo\":{\"@type\":\"ImageObject\",\"inLanguage\":\"it-IT\",\"@id\":\"https:\\\/\\\/www.rassegnastampa-totustuus.it\\\/cattolica\\\/#\\\/schema\\\/logo\\\/image\\\/\",\"url\":\"https:\\\/\\\/www.rassegnastampa-totustuus.it\\\/cattolica\\\/wp-content\\\/uploads\\\/2014\\\/04\\\/logo-rassegna1.gif\",\"contentUrl\":\"https:\\\/\\\/www.rassegnastampa-totustuus.it\\\/cattolica\\\/wp-content\\\/uploads\\\/2014\\\/04\\\/logo-rassegna1.gif\",\"width\":600,\"height\":163,\"caption\":\"Rassegna Stampa Cattolica\"},\"image\":{\"@id\":\"https:\\\/\\\/www.rassegnastampa-totustuus.it\\\/cattolica\\\/#\\\/schema\\\/logo\\\/image\\\/\"},\"sameAs\":[\"https:\\\/\\\/www.facebook.com\\\/rassegnastampacattolica\",\"https:\\\/\\\/x.com\\\/rassegnastampa9\"]},{\"@type\":\"Person\",\"@id\":\"https:\\\/\\\/www.rassegnastampa-totustuus.it\\\/cattolica\\\/#\\\/schema\\\/person\\\/08f319d2bd1a0904ad9e2bfb7b15e5c3\",\"name\":\"Redazione\",\"image\":{\"@type\":\"ImageObject\",\"inLanguage\":\"it-IT\",\"@id\":\"https:\\\/\\\/secure.gravatar.com\\\/avatar\\\/2fcdf27c78ea025fbdb44e914cc63c72249ffec9dc8aafd5c82b26240ef3f346?s=96&d=mm&r=g\",\"url\":\"https:\\\/\\\/secure.gravatar.com\\\/avatar\\\/2fcdf27c78ea025fbdb44e914cc63c72249ffec9dc8aafd5c82b26240ef3f346?s=96&d=mm&r=g\",\"contentUrl\":\"https:\\\/\\\/secure.gravatar.com\\\/avatar\\\/2fcdf27c78ea025fbdb44e914cc63c72249ffec9dc8aafd5c82b26240ef3f346?s=96&d=mm&r=g\",\"caption\":\"Redazione\"},\"url\":\"https:\\\/\\\/www.rassegnastampa-totustuus.it\\\/cattolica\\\/author\\\/pietroelle\\\/\"}]}<\/script>\n<!-- \/ Yoast SEO plugin. -->","yoast_head_json":{"title":"La questione sociale dei nostri giorni - Rassegna Stampa Cattolica","description":"La questione sociale dei nostri giorni in cui la corruzione morale coesiste con una questione sociale . I barbari ormai sono tra noi","robots":{"index":"index","follow":"follow","max-snippet":"max-snippet:-1","max-image-preview":"max-image-preview:large","max-video-preview":"max-video-preview:-1"},"canonical":"https:\/\/www.rassegnastampa-totustuus.it\/cattolica\/la-questione-sociale-dei-nostri-giorni\/","og_locale":"it_IT","og_type":"article","og_title":"La questione sociale dei nostri giorni - Rassegna Stampa Cattolica","og_description":"La questione sociale dei nostri giorni in cui la corruzione morale coesiste con una questione sociale . I barbari ormai sono tra noi","og_url":"https:\/\/www.rassegnastampa-totustuus.it\/cattolica\/la-questione-sociale-dei-nostri-giorni\/","og_site_name":"Rassegna Stampa Cattolica","article_publisher":"https:\/\/www.facebook.com\/rassegnastampacattolica","article_published_time":"2024-03-14T12:21:56+00:00","article_modified_time":"2024-03-14T12:21:58+00:00","og_image":[{"width":1356,"height":903,"url":"https:\/\/www.rassegnastampa-totustuus.it\/cattolica\/wp-content\/uploads\/2020\/09\/chiesa_messa_virus.jpg","type":"image\/jpeg"}],"author":"Redazione","twitter_card":"summary_large_image","twitter_creator":"@rassegnastampa9","twitter_site":"@rassegnastampa9","twitter_misc":{"Scritto da":"Redazione","Tempo di lettura stimato":"9 minuti"},"schema":{"@context":"https:\/\/schema.org","@graph":[{"@type":"Article","@id":"https:\/\/www.rassegnastampa-totustuus.it\/cattolica\/la-questione-sociale-dei-nostri-giorni\/#article","isPartOf":{"@id":"https:\/\/www.rassegnastampa-totustuus.it\/cattolica\/la-questione-sociale-dei-nostri-giorni\/"},"author":{"name":"Redazione","@id":"https:\/\/www.rassegnastampa-totustuus.it\/cattolica\/#\/schema\/person\/08f319d2bd1a0904ad9e2bfb7b15e5c3"},"headline":"La questione sociale dei nostri giorni","datePublished":"2024-03-14T12:21:56+00:00","dateModified":"2024-03-14T12:21:58+00:00","mainEntityOfPage":{"@id":"https:\/\/www.rassegnastampa-totustuus.it\/cattolica\/la-questione-sociale-dei-nostri-giorni\/"},"wordCount":1424,"publisher":{"@id":"https:\/\/www.rassegnastampa-totustuus.it\/cattolica\/#organization"},"image":{"@id":"https:\/\/www.rassegnastampa-totustuus.it\/cattolica\/la-questione-sociale-dei-nostri-giorni\/#primaryimage"},"thumbnailUrl":"https:\/\/www.rassegnastampa-totustuus.it\/cattolica\/wp-content\/uploads\/2020\/09\/chiesa_messa_virus.jpg","keywords":["chiesa","crisi dell&#039;Occidente","sguardo sul nostro tempo"],"articleSection":["Chiesa","Sguardo sul nostro tempo"],"inLanguage":"it-IT"},{"@type":"WebPage","@id":"https:\/\/www.rassegnastampa-totustuus.it\/cattolica\/la-questione-sociale-dei-nostri-giorni\/","url":"https:\/\/www.rassegnastampa-totustuus.it\/cattolica\/la-questione-sociale-dei-nostri-giorni\/","name":"La questione sociale dei nostri giorni - Rassegna Stampa Cattolica","isPartOf":{"@id":"https:\/\/www.rassegnastampa-totustuus.it\/cattolica\/#website"},"primaryImageOfPage":{"@id":"https:\/\/www.rassegnastampa-totustuus.it\/cattolica\/la-questione-sociale-dei-nostri-giorni\/#primaryimage"},"image":{"@id":"https:\/\/www.rassegnastampa-totustuus.it\/cattolica\/la-questione-sociale-dei-nostri-giorni\/#primaryimage"},"thumbnailUrl":"https:\/\/www.rassegnastampa-totustuus.it\/cattolica\/wp-content\/uploads\/2020\/09\/chiesa_messa_virus.jpg","datePublished":"2024-03-14T12:21:56+00:00","dateModified":"2024-03-14T12:21:58+00:00","description":"La questione sociale dei nostri giorni in cui la corruzione morale coesiste con una questione sociale . I barbari ormai sono tra noi","breadcrumb":{"@id":"https:\/\/www.rassegnastampa-totustuus.it\/cattolica\/la-questione-sociale-dei-nostri-giorni\/#breadcrumb"},"inLanguage":"it-IT","potentialAction":[{"@type":"ReadAction","target":["https:\/\/www.rassegnastampa-totustuus.it\/cattolica\/la-questione-sociale-dei-nostri-giorni\/"]}]},{"@type":"ImageObject","inLanguage":"it-IT","@id":"https:\/\/www.rassegnastampa-totustuus.it\/cattolica\/la-questione-sociale-dei-nostri-giorni\/#primaryimage","url":"https:\/\/www.rassegnastampa-totustuus.it\/cattolica\/wp-content\/uploads\/2020\/09\/chiesa_messa_virus.jpg","contentUrl":"https:\/\/www.rassegnastampa-totustuus.it\/cattolica\/wp-content\/uploads\/2020\/09\/chiesa_messa_virus.jpg","width":1356,"height":903},{"@type":"BreadcrumbList","@id":"https:\/\/www.rassegnastampa-totustuus.it\/cattolica\/la-questione-sociale-dei-nostri-giorni\/#breadcrumb","itemListElement":[{"@type":"ListItem","position":1,"name":"Home","item":"https:\/\/www.rassegnastampa-totustuus.it\/cattolica\/"},{"@type":"ListItem","position":2,"name":"La questione sociale dei nostri giorni"}]},{"@type":"WebSite","@id":"https:\/\/www.rassegnastampa-totustuus.it\/cattolica\/#website","url":"https:\/\/www.rassegnastampa-totustuus.it\/cattolica\/","name":"Rassegna Stampa Cattolica","description":"Per una cultura che nasce dalla Rivelazione cristiana in conformit\u00e0 alla tradizione e al Magistero della Chiesa in opposizione ad ogni relativismo e totalitarismo","publisher":{"@id":"https:\/\/www.rassegnastampa-totustuus.it\/cattolica\/#organization"},"alternateName":"Rass. Cattolica","potentialAction":[{"@type":"SearchAction","target":{"@type":"EntryPoint","urlTemplate":"https:\/\/www.rassegnastampa-totustuus.it\/cattolica\/?s={search_term_string}"},"query-input":{"@type":"PropertyValueSpecification","valueRequired":true,"valueName":"search_term_string"}}],"inLanguage":"it-IT"},{"@type":"Organization","@id":"https:\/\/www.rassegnastampa-totustuus.it\/cattolica\/#organization","name":"Rassegna Stampa Cattolica","url":"https:\/\/www.rassegnastampa-totustuus.it\/cattolica\/","logo":{"@type":"ImageObject","inLanguage":"it-IT","@id":"https:\/\/www.rassegnastampa-totustuus.it\/cattolica\/#\/schema\/logo\/image\/","url":"https:\/\/www.rassegnastampa-totustuus.it\/cattolica\/wp-content\/uploads\/2014\/04\/logo-rassegna1.gif","contentUrl":"https:\/\/www.rassegnastampa-totustuus.it\/cattolica\/wp-content\/uploads\/2014\/04\/logo-rassegna1.gif","width":600,"height":163,"caption":"Rassegna Stampa Cattolica"},"image":{"@id":"https:\/\/www.rassegnastampa-totustuus.it\/cattolica\/#\/schema\/logo\/image\/"},"sameAs":["https:\/\/www.facebook.com\/rassegnastampacattolica","https:\/\/x.com\/rassegnastampa9"]},{"@type":"Person","@id":"https:\/\/www.rassegnastampa-totustuus.it\/cattolica\/#\/schema\/person\/08f319d2bd1a0904ad9e2bfb7b15e5c3","name":"Redazione","image":{"@type":"ImageObject","inLanguage":"it-IT","@id":"https:\/\/secure.gravatar.com\/avatar\/2fcdf27c78ea025fbdb44e914cc63c72249ffec9dc8aafd5c82b26240ef3f346?s=96&d=mm&r=g","url":"https:\/\/secure.gravatar.com\/avatar\/2fcdf27c78ea025fbdb44e914cc63c72249ffec9dc8aafd5c82b26240ef3f346?s=96&d=mm&r=g","contentUrl":"https:\/\/secure.gravatar.com\/avatar\/2fcdf27c78ea025fbdb44e914cc63c72249ffec9dc8aafd5c82b26240ef3f346?s=96&d=mm&r=g","caption":"Redazione"},"url":"https:\/\/www.rassegnastampa-totustuus.it\/cattolica\/author\/pietroelle\/"}]}},"_links":{"self":[{"href":"https:\/\/www.rassegnastampa-totustuus.it\/cattolica\/wp-json\/wp\/v2\/posts\/59826","targetHints":{"allow":["GET"]}}],"collection":[{"href":"https:\/\/www.rassegnastampa-totustuus.it\/cattolica\/wp-json\/wp\/v2\/posts"}],"about":[{"href":"https:\/\/www.rassegnastampa-totustuus.it\/cattolica\/wp-json\/wp\/v2\/types\/post"}],"author":[{"embeddable":true,"href":"https:\/\/www.rassegnastampa-totustuus.it\/cattolica\/wp-json\/wp\/v2\/users\/6"}],"replies":[{"embeddable":true,"href":"https:\/\/www.rassegnastampa-totustuus.it\/cattolica\/wp-json\/wp\/v2\/comments?post=59826"}],"version-history":[{"count":1,"href":"https:\/\/www.rassegnastampa-totustuus.it\/cattolica\/wp-json\/wp\/v2\/posts\/59826\/revisions"}],"predecessor-version":[{"id":59827,"href":"https:\/\/www.rassegnastampa-totustuus.it\/cattolica\/wp-json\/wp\/v2\/posts\/59826\/revisions\/59827"}],"wp:featuredmedia":[{"embeddable":true,"href":"https:\/\/www.rassegnastampa-totustuus.it\/cattolica\/wp-json\/wp\/v2\/media\/48481"}],"wp:attachment":[{"href":"https:\/\/www.rassegnastampa-totustuus.it\/cattolica\/wp-json\/wp\/v2\/media?parent=59826"}],"wp:term":[{"taxonomy":"category","embeddable":true,"href":"https:\/\/www.rassegnastampa-totustuus.it\/cattolica\/wp-json\/wp\/v2\/categories?post=59826"},{"taxonomy":"post_tag","embeddable":true,"href":"https:\/\/www.rassegnastampa-totustuus.it\/cattolica\/wp-json\/wp\/v2\/tags?post=59826"}],"curies":[{"name":"wp","href":"https:\/\/api.w.org\/{rel}","templated":true}]}}