{"id":59808,"date":"2024-03-12T10:49:03","date_gmt":"2024-03-12T09:49:03","guid":{"rendered":"https:\/\/www.rassegnastampa-totustuus.it\/cattolica\/?p=59808"},"modified":"2024-03-14T14:43:28","modified_gmt":"2024-03-14T13:43:28","slug":"quali-sono-le-origini-del-mondo-e-delluomo","status":"publish","type":"post","link":"https:\/\/www.rassegnastampa-totustuus.it\/cattolica\/quali-sono-le-origini-del-mondo-e-delluomo\/","title":{"rendered":"Quali sono le origini del mondo e dell\u2019uomo? \u00a0"},"content":{"rendered":"<p style=\"text-align: center;\"><img loading=\"lazy\" decoding=\"async\" class=\"size-full wp-image-8821 alignright\" src=\"https:\/\/www.rassegnastampa-totustuus.it\/cattolica\/wp-content\/uploads\/2014\/07\/creazione.jpg\" alt=\"\" width=\"269\" height=\"187\" \/><\/p>\n<p style=\"text-align: justify;\"><strong>Abstract: <\/strong><em><span style=\"color: #000000;\">quali sono le origini del mondo e dell\u2019uomo? La scienza \u00e8 davvero in grado di fornire tutte le risposte? <\/span><\/em><em><span style=\"color: #000000;\">Le origini del mondo e dell\u2019uomo sono un tema centrale sia nel cristianesimo, sia nelle altre religioni, con differenze sostanziali. Scoprire quale senso abbia tale origine \u00e8 un tema da sempre presente nel dibattito culturale e interessa anche il mondo della scuola<\/span><\/em><!--more--><\/p>\n<p style=\"text-align: center;\"><strong><a href=\"https:\/\/www.libertaepersona.org\/\"><span style=\"color: #0000ff;\">Libert\u00e0 e Persona<\/span><\/a><\/strong> <span style=\"color: #000000;\">29 Febbraio 2024 <\/span><\/p>\n<p style=\"text-align: center;\"><span style=\"color: #000000;\"><em>La scienza \u00e8 davvero in grado di fornire tutte le risposte? <\/em>\u00a0<\/span><\/p>\n<p style=\"text-align: center;\"><span style=\"color: #000000;\">di <strong>Federica Spagnolo<\/strong> \u00a0<\/span><\/p>\n<p style=\"text-align: justify;\"><span style=\"color: #000000;\"><img loading=\"lazy\" decoding=\"async\" class=\" wp-image-33507 alignleft\" src=\"https:\/\/www.rassegnastampa-totustuus.it\/cattolica\/wp-content\/uploads\/2006\/10\/big_bang.jpg\" alt=\"\" width=\"156\" height=\"158\" \/>Le origini del mondo e dell\u2019uomo sono un tema centrale sia nel cristianesimo, sia nelle altre religioni, con differenze sostanziali. Scoprire quale senso abbia tale origine \u00e8 un tema da sempre presente nel dibattito culturale e interessa anche il mondo della scuola, dove gli alunni manifestano i loro interrogativi sulla creazione, l\u2019evoluzione del mondo e la relazione Dio-uomo.<\/span><\/p>\n<h4 style=\"text-align: center;\"><span style=\"color: #000000;\"><strong>I giovani e l\u2019origine del mondo<\/strong><\/span><\/h4>\n<p style=\"text-align: justify;\"><span style=\"color: #000000;\">Questi temi sono alcuni degli argomenti maggiormente trattati e sviluppati nell\u2019insegnamento della religione cattolica negli istituti di istruzione secondaria superiore, come emerge da una recente indagine statistica (1) si riscontra negli studenti un apprezzamento crescente nei confronti dell\u2019IRC per la capacit\u00e0 della disciplina di rispondere a domande cruciali.<\/span><\/p>\n<p style=\"text-align: justify;\"><span style=\"color: #000000;\">Per rispondere a questi interrogativi, \u00e8 necessario inserire nell\u2019IRC il tema della creazione che, attraversa tutta la storia del pensiero biblico, in particolare i primi undici capitoli della <em>Genesi<\/em>, dove confluiscono la progressiva evoluzione del pensiero e della fede ebraica.<\/span><\/p>\n<h4 style=\"text-align: center;\"><span style=\"color: #000000;\"><strong>Come interpretare il testo genesiaco<\/strong><\/span><\/h4>\n<p style=\"text-align: justify;\"><span style=\"color: #000000;\">Una corretta interpretazione del testo genesiaco sottolinea che la creazione non va intesa solo come origine del mondo e dell\u2019uomo, bens\u00ec come l\u2019inizio della storia della salvezza dell\u2019umanit\u00e0. A questo proposito \u00e8 bene analizzare <em>Gen <\/em>1-11 per far comprendere la stretta connessione fra creazione iniziale, diluvio e nuova creazione.<\/span><\/p>\n<p style=\"text-align: justify;\"><span style=\"color: #000000;\">La creazione, disegno originario di Dio sull\u2019uomo, si compie in Ges\u00f9 Cristo: in Lui e per mezzo di Lui, Parola primordiale del Padre e fontale, la fine e il fine (<em>Io sono l\u2019Alfa e l\u2019Omega, il Primo e l\u2019Ultimo<\/em>) (2), destino dell\u2019uomo, gloria escatologica come esito finale, salvezza dell\u2019umanit\u00e0 voluta dal Padre, che per questo ha mandato il suo unico Figlio.<\/span><\/p>\n<p style=\"text-align: justify;\"><span style=\"color: #000000;\">Prendendo in esame il tema della creazione narrato in Genesi 1-11, occorre analizzare i differenti approcci e le possibili metodologie didattiche utilizzati nell\u2019IRC; in particolare, occorrer\u00e0 approfondire la didattica dell\u2019arte\/IRC, quale veicolo per orientare i discenti alla comprensione del messaggio biblico.<\/span><\/p>\n<h4 style=\"text-align: center;\"><span style=\"color: #000000;\"><strong>Linguaggio dell\u2019arte sacra e apprendimento<\/strong><\/span><\/h4>\n<p style=\"text-align: justify;\"><span style=\"color: #000000;\">L\u2019arte \u00e8 linguaggio universale, immediato e che trasmette molte emozioni. Essa aiuta a presentare la complessit\u00e0 dei temi trattati nella <em>Genesi, <\/em>perci\u00f2 si \u00e8 ritenuto che un valido metodo per affrontare queste problematiche possa essere l\u2019analisi delle opere, che illustrano gli episodi della creazione, numerose nel nostro Paese<\/span>.<\/p>\n<p style=\"text-align: justify;\"><span style=\"color: #000000;\">I docenti notano che gli studenti apprezzano questo approccio: alcuni, quando le osservano, ne colgono prevalentemente i caratteri artistici; altri sono pi\u00f9 attenti a sottolineare aspetti di problematicit\u00e0 e il significato simbolico di atteggiamenti, gesti, espressioni dell\u2019artista<\/span>.<\/p>\n<p style=\"text-align: justify;\"><span style=\"color: #000000;\">In questa prospettiva, \u00e8 utile prendere in esame il messaggio di Genesi 1-11 (3), che presenta la creazione originariamente buona (sia nel racconto <em>sacerdotale<\/em>, che in quello <em>jahvista<\/em>) nella quale si insinua il male.<\/span><\/p>\n<p style=\"text-align: justify;\"><span style=\"color: #000000;\">La prima creazione \u00e8 segnata dall\u2019ombra del peccato e delle sue conseguenze, che condurranno al diluvio universale, visto come de-creazione, a cui segue la nuova creazione connotata dalla Promessa realizzata da Dio.<\/span><\/p>\n<p style=\"text-align: justify;\"><span style=\"color: #000000;\">Per illustrare il complesso tema occorre utilizzare inizialmente il metodo biblico-esegetico, per analizzare successivamente la visione cristocentrica della creazione di Giovanni e Paolo e concludere con le riletture dei Padri della Chiesa, quali, per esempio, Ireneo, Origene e Agostino.<\/span><\/p>\n<h4 style=\"text-align: center;\"><span style=\"color: #000000;\"><strong>Fonti di riferimento<\/strong><\/span><\/h4>\n<p style=\"text-align: justify;\"><span style=\"color: #000000;\">Non potr\u00e0 mancare una puntuale attenzione al Magistero della Chiesa, che ha affrontato i temi della creazione, dell\u2019evoluzione, dell\u2019origine del cosmo e dell\u2019uomo, alla luce delle nuove scoperte scientifiche (4). Altrettanto importanti saranno i documenti conciliari e soprattutto gli interventi dei pontefici Giovanni Paolo II, Benedetto XVI e Francesco. Essi hanno dedicato notevole attenzione al rapporto fecondo tra fede e scienza, specificamente in riferimento all\u2019origine del mondo, non solo in ottica scientifica, ma teologica, giungendo non solo a conciliare le rispettive posizioni, ma alla collaborazione tra le diverse discipline. Del resto, l\u2019ipotesi dell\u2019atomo primigenio, oggi nota come teoria del Big Bang, non fu da sempre avanzata e sostenuta da Georges Lema\u00eetre, scienziato e sacerdote cattolico?<\/span><\/p>\n<p style=\"text-align: justify;\"><span style=\"color: #000000;\">Lo sguardo al presente mostra come il dibattito scienza-fede sia sempre attuale in buona parte della divulgazione scientifica, nei <em>mass media, <\/em>interessando vasti strati dell\u2019opinione pubblica; da qui la necessit\u00e0 che anche nel processo didattico di IRC si tenga presente questo approccio al fine di registrarne le tendenze. Tale confronto costituisce, infatti, una singolare e impegnativa opportunit\u00e0 per stimolare la riflessione e la formazione critica.<\/span><\/p>\n<h4 style=\"text-align: center;\"><strong>Percorsi artistici<\/strong><\/h4>\n<p><img loading=\"lazy\" decoding=\"async\" class=\" wp-image-38610 aligncenter\" src=\"https:\/\/www.rassegnastampa-totustuus.it\/cattolica\/wp-content\/uploads\/2017\/10\/creazione.jpg\" alt=\"\" width=\"380\" height=\"241\" \/><\/p>\n<p style=\"text-align: justify;\">Q<span style=\"color: #000000;\">uali percorsi illustrativi del tema che ci sta a cuore, si potrebbero scegliere, fra le opere di luoghi e periodi diversi (5), i mosaici del Duomo di Monreale, che risentono dell\u2019influenza arabo-normanna; le sculture di Wiligelmo nella facciata del Duomo di Modena, di epoca romanica, dalle quali traspaiono rimandi alle scuole e ai maestri francesi; i mosaici del nartece della\u00a0 Basilica di San Marco a Venezia dove i mosaicisti tendono a superare la stretta dipendenza dalle formule bizantine, tramite uno stile illustrativo pi\u00f9 sciolto, influenzato dalla miniatura tardo antica, in particolare dalle illustrazioni contenute nella <em>Bibbia Cotton. <\/em>Ma particolarmente indicata allo scopo ci parrebbe l\u2019analisi degli affreschi della volta della Cappella Sistina, realizzati da Michelangelo, e considerati massima espressione della pittura tardo-rinascimentale, attenta all\u2019uomo e all\u2019indagine delle relazioni dell\u2019uomo con Dio.<\/span><\/p>\n<p style=\"text-align: justify;\"><span style=\"color: #000000;\">Ma se tutto questo \u00e8 il sapere cui pu\u00f2 attingere l\u2019insegnante, cosa avviene di fatto durante le lezioni di IRC? Non \u00e8 agevole rispondere, ma si pu\u00f2 procedere almeno per via indiretta.<\/span><\/p>\n<p style=\"text-align: justify;\"><span style=\"color: #000000;\">Il tema della creazione offre, infatti, nell\u2019attivit\u00e0 didattica, la possibilit\u00e0 di approcci differenti suggeriti sia dai manuali e dalle riviste indirizzate agli insegnanti di religione, che dai testi di IRC, che offrono materiali per la didattica in aula. Sar\u00e0, dunque, importante prendere in esame i differenti approcci metodologico-didattici come lo storico-biblico, il confronto tra religione e scienza, la creazione nell\u2019arte in relazione a quanto precedentemente trattato (6).<\/span><\/p>\n<p style=\"text-align: justify;\"><span style=\"color: #000000;\">Alla luce della nostra esperienza ci pare che l\u2019approccio che esamina il rapporto arte-fede sia la metodologia didattica pi\u00f9 idonea a trasmettere contenuti attraverso le opere d\u2019arte, grazie al loro linguaggio universale, che ben veicola il messaggio di cui la Bibbia \u00e8 portatrice, senza privarlo del suo valore trascendente.<\/span><\/p>\n<p style=\"text-align: justify;\"><span style=\"color: #000000;\">Per questo motivo, vediamo utile proporre l\u2019analisi di opere d\u2019arte sulla creazione, che si ritiene possano trasmettere agli studenti della scuola secondaria di secondo grado i contenuti della <em>Genesi<\/em>, tanto delicati e complessi.<\/span><\/p>\n<p style=\"text-align: justify;\"><span style=\"color: #000000;\">La forte valenza teologico-antropologica, presente nei primi capitoli della <em>Genesi<\/em>, trova grande risonanza nell\u2019arte. Pi\u00f9 concretamente, questo significa che esprimere con le rappresentazioni artistiche i problemi dell\u2019esistenza \u00e8 un modo per rendere visibile la bellezza e la drammaticit\u00e0 dell\u2019esistenza dell\u2019uomo nel mondo, ma ancor pi\u00f9 per penetrare quell\u2019\u2039\u2039Oltre\u203a\u203a che fa bella e drammatica la vita. L\u2019arte invita, in una parola, a pensare.<\/span><\/p>\n<p style=\"text-align: justify;\"><span style=\"color: #000000;\">Questa considerazione di metodo andr\u00e0 tenuta presente per valutare non solo \u201cse\u201d e \u201cquanta\u201d attenzione l\u2019IRC presti al tema della creazione, ma \u201ccome\u201d esso sia presentato, considerando che questo metodo questo metodo risulta particolarmente adeguato nel trasmettere a studenti adolescenti i temi delicati e complessi trattati dalla <em>Genesi; <\/em>per i ragazzi, infatti, \u201cvedere\u201d \u00e8 pi\u00f9 appetibile del \u201cleggere\u201d, ma \u2018vedere\u2019 non significa sminuire i contenuti del Credo cristiano, quanto piuttosto aiutare a penetrarli per comprenderli e interiorizzarli.<\/span><\/p>\n<p style=\"text-align: justify;\"><span style=\"color: #000000;\"><strong>(1)<\/strong> Cf. <em>Quarta indagine nazionale sull\u2019insegnamento della religione cattolica in Italia<\/em>, Gennaio 2017.<\/span><\/p>\n<p style=\"text-align: justify;\"><span style=\"color: #000000;\"><strong>(2)<\/strong><em> Ap.<\/em> 22, 12-21.<\/span><\/p>\n<p style=\"text-align: justify;\"><span style=\"color: #000000;\"><strong>(3)<\/strong> Cf. Spagnolo, Federica, <em>tesi di laurea magistrale<\/em> presso l\u2019istituto superiore di Scienze Religiose di Milano, <em>La creazione nell\u2019i.r.c. esempi di didattica con l\u2019arte, <\/em>a.a. 2016-2017, pag. 13-46.<\/span><\/p>\n<p style=\"text-align: justify;\"><span style=\"color: #000000;\"><strong>(4)<\/strong> Cf. Spagnolo, Federica,\u00a0<em>La creazione nell\u2019I.R.C,<\/em> <em>op. cit<\/em>., pag. 46-68.<\/span><\/p>\n<p style=\"text-align: justify;\"><span style=\"color: #000000;\"><strong>(5)<\/strong> Cf. Spagnolo, Federica,\u00a0<em>La creazione nell\u2019I.R.C, op. cit<\/em>., pag.70-125.<\/span><\/p>\n<p style=\"text-align: justify;\"><span style=\"color: #000000;\"><strong>(6)<\/strong> Cf. Spagnolo, Federica, L<em>a creazione nell\u2019I.R.C,<\/em> op. cit., pag. 127-178<\/span><\/p>\n<p style=\"text-align: center;\">_______________________________<\/p>\n<h3 style=\"text-align: center;\"><strong>Seconda parte<\/strong><\/h3>\n<p style=\"text-align: justify;\"><span style=\"color: #000000;\">Nel primo articolo, <strong>Quali sono le origini del mondo e dell\u2019uomo?<\/strong> <em>La scienza \u00e8 davvero in grado di fornire tutte le risposte? <\/em>\u00a0del 29 Febbraio 2024, abbiamo illustrato alcuni criteri di riferimento dei quali il docente di Irc deve tenere conto accostando importanti temi, sul piano tanto esistenziale quanto gnoseologico, per giovani che, durante gli studi filosofici, storici e scientifici, si trovano all\u2019inizio di un confronto tra discipline spesso viste in contraddizione tra loro, quali la religione e le scienze, in derivazione della presunta contraddizione tra le ragioni della fede e della ricerca scientifica (1).<\/span><\/p>\n<p style=\"text-align: justify;\"><span style=\"color: #000000;\">Il docente potrebbe proporre un percorso, della durata di almeno due lezioni, rivolto a una classe quarta del liceo delle Scienze Umane, poich\u00e9 gli allievi di questo indirizzo studiano sia antropologia, sia filosofia, materie che forniscono i prerequisiti necessari per comprendere meglio la figura di Michelangelo uomo e artista; inoltre, la programmazione di Storia dell\u2019Arte in quarta prevede lo studio del Rinascimento e ci\u00f2 permette la progettazione di una lezione di compresenza IRC-Arte. In questa occasione, grazie al computer e al proiettore, verrebbe proposta la visione di un tour multimediale della Cappella Sistina e il docente di Arte presenter\u00e0 e spiegher\u00e0 gli affreschi da un punto di vista tecnico e artistico.<\/span><\/p>\n<p style=\"text-align: justify;\"><span style=\"color: #000000;\">Per illustrare meglio il valore degli affreschi di Michelangelo, si potrebbe distribuire ai ragazzi un breve testo scritto dall\u2019allora cardinale Ratzinger <strong>(2).<\/strong><\/span><\/p>\n<h4 style=\"text-align: center;\"><span style=\"color: #000000;\"><strong>Michelangelo, le immagini del mondo e la visione di Dio<\/strong><\/span><\/h4>\n<p style=\"text-align: justify;\">Nelle immagini del mondo, Michelangelo ha scorto la visione di Dio; egli ha, per cos\u00ec dire, visto con lo sguardo creatore di Dio.<\/p>\n<p style=\"text-align: justify;\"><span style=\"color: #000000;\">Il Creatore appare con le \u201csembianze di un essere umano\u201d: l\u2019immagine e la somiglianza dell\u2019uomo con Dio viene rovesciata in modo da dedurne l\u2019umanit\u00e0 di Dio, la quale rende possibile rappresentare il Creatore. Egli \u2013 l\u2019origine \u2013 non \u00e8 semplicemente \u201cl\u2019Onnipotente Vecchio\u201d. \u00c8 invece \u201cComunione di persone, un reciproco donarsi\u201d (3).<\/span><\/p>\n<p style=\"text-align: justify;\"><span style=\"color: #000000;\">Si sceglie di analizzare <em>La creazione di Adamo <\/em>perch\u00e9 questo affresco, attraverso la forza delle immagini, stimola importanti riflessioni come soltanto i veri capolavori sanno fare. La scelta dell\u2019opera non \u00e8 dunque casuale, sia per l\u2019atteggiamento fortemente ermetico, tipico dell\u2019autore, sia per i potenziali sviluppi didattici utili ad affrontare, nella lettura del testo-arte ricco di significati, la centralit\u00e0 dell\u2019uomo, persona nella libert\u00e0.<\/span><\/p>\n<p style=\"text-align: justify;\"><span style=\"color: #000000;\">In questo caso, Michelangelo ha rivisitato figurativamente la creazione dell\u2019uomo in modo del tutto nuovo, non plasmato da Dio dalla terra, come avrebbe fatto un vasaio, perch\u00e9 questo riguarderebbe la materia, che i neoplatonici, invece, escludevano dalle loro speculazioni, in quanto essi avevano una concezione negativa sia della materia, sia del corpo. A questo proposito \u00e8 opportuno citare l\u2019ottimo volume di Mons. Timothy Verdon. (4) Qui l\u2019Autore, specialista in arte e Direttore sia dell\u2019Ufficio Diocesano dell\u2019Arte Sacra e dei Beni Culturali Ecclesiastici, sia del Museo dell\u2019Opera di Santa Maria del Fiore in Firenze, analizza il genio di Michelangelo ripercorrendo le ascendenze platoniche maturate alla scuola peripatetica della famiglia dei Medici, allorch\u00e9 ivi prest\u00f2 la sua opera di artista<\/span>.<\/p>\n<h4 style=\"text-align: center;\"><span style=\"color: #000000;\"><strong>Analisi dell\u2019opera<\/strong><\/span><\/h4>\n<p><img loading=\"lazy\" decoding=\"async\" class=\"size-full wp-image-59812 aligncenter\" src=\"https:\/\/www.rassegnastampa-totustuus.it\/cattolica\/wp-content\/uploads\/2024\/03\/creazione_adamo_Michelangelo_Sistina.jpg\" alt=\"\" width=\"398\" height=\"237\" \/><\/p>\n<p style=\"text-align: justify;\"><span style=\"color: #000000;\">Nell\u2019affresco, Adamo, sdraiato su un lembo di terra, \u00e8 gi\u00e0 perfettamente costituito dal punto di vista fisico, ma \u00e8 accasciato, in un atteggiamento passivo; l\u2019unica azione \u00e8 compiuta dal braccio, tutto proteso verso Dio, nella speranza di essere aiutato a sollevarsi dal peso dell\u2019esistenza terrena da cui, da solo, non sembra in grado di elevarsi. Si pu\u00f2 pensare che la creazione avvenuta con queste modalit\u00e0 rispecchi la concezione neoplatonica: i due indici si stanno per sfiorare, ma non avviene un contatto, perch\u00e9 altrimenti la scintilla della vita avverrebbe con un atto materiale e non spirituale.<\/span><\/p>\n<p style=\"text-align: justify;\"><span style=\"color: #000000;\">Nella Bibbia, l\u2019uomo non \u00e8 visto tanto nel suo aspetto fisico, quanto nel rapporto con Dio ed \u00e8 proprio questa relazione a costituirlo nella sua essenza. Si guidano, cos\u00ec, gli studenti nella comprensione del fatto che, svelando Dio, la Sacra Scrittura svela l\u2019uomo all\u2019uomo.<\/span><\/p>\n<p style=\"text-align: justify;\"><span style=\"color: #000000;\">L\u2019immagine di Dio Padre, anziano, dando l\u2019idea dell\u2019eternit\u00e0, e canuto, \u00e8 un preciso rimando al simbolismo biblico, in particolare al celebre passo del libro apocalittico di <em>Daniele<\/em>: <em>\u2039\u2039Io continuavo a guardare, quand\u2019ecco furono collocati troni e un vegliardo si assise. La sua veste era candida come la neve e i capelli del suo capo erano candidi come la lana\u203a\u203a (Dn 7,9)<\/em><\/span><\/p>\n<p style=\"text-align: justify;\"><span style=\"color: #000000;\">Ripreso in seguito da Giovanni nell\u2019<em>Apocalisse<\/em>: <em>\u2039\u2039I capelli del suo capo erano candidi, simili a lana candida come neve\u203a\u203a (Ap 1,14).<\/em><\/span><\/p>\n<p><img loading=\"lazy\" decoding=\"async\" class=\" wp-image-8821 aligncenter\" src=\"https:\/\/www.rassegnastampa-totustuus.it\/cattolica\/wp-content\/uploads\/2014\/07\/creazione.jpg\" alt=\"\" width=\"371\" height=\"258\" \/><\/p>\n<p style=\"text-align: justify;\"><span style=\"color: #000000;\">Michelangelo, rappresentando la tensione del braccio di Dio verso l\u2019uomo, ha voluto esprimere la ricerca di un contatto e si \u00e8 concentrato sulla relazione fra Adamo e il Creatore, che, invece, nella\u00a0<em>Genesi\u00a0<\/em>non viene descritta nel momento della creazione (5)<\/span>.<\/p>\n<h4 style=\"text-align: center;\"><span style=\"color: #000000;\"><strong>Il Creatore e la creatura, centro della scena<\/strong><\/span><\/h4>\n<p style=\"text-align: justify;\"><span style=\"color: #000000;\">Il centro narrativo della scena \u00e8 il contatto ravvicinato delle dita di Dio e di Adamo che si cercano, fermandosi, per\u00f2, un attimo prima di incontrarsi. Dita che simboleggiano due mondi, spirituale e materiale: il primo \u2013 la forza creatrice \u2013 assicura al secondo alleanza, energia e sostegno.<\/span><\/p>\n<p style=\"text-align: justify;\"><span style=\"color: #000000;\">Il mancato incontro pu\u00f2 essere interpretato in diversi modi: sia per rendere visibile la potenza creatrice di Dio che opera con la sola parola; sia come l\u2019irraggiungibilit\u00e0 della perfezione divina da parte dell\u2019uomo; sia come l\u2019atteggiamento di Dio che aspetta la decisione di Adamo di toccare il suo dito.<\/span><\/p>\n<p style=\"text-align: justify;\"><span style=\"color: #000000;\">\u00c8 utile invitare gli studenti a riflettere sui concetti di persona e individuo, che oggi, nel sentire comune, sono utilizzati come equivalenti e interscambiabili, perdendo di vista l\u2019aspetto della relazione. L\u2019individuo \u00e8 chiuso in s\u00e9 stesso, isolato e indipendente dagli altri, dotato di libert\u00e0 assoluta, che si associa con gli altri solo per necessit\u00e0. La persona (6), invece, non trova compimento solo in s\u00e9 stessa, entrando in relazione con gli altri, sia nella dimensione orizzontale (con le altre persone), sia in quella verticale (rapporto con Dio).<\/span><\/p>\n<p style=\"text-align: justify;\"><span style=\"color: #000000;\">La persona, dunque, \u00e8 caratterizzata dalla capacit\u00e0 di conoscersi in profondit\u00e0, a partire dai legami che instaura. Nella persona si sviluppano i valori spirituali, la libert\u00e0 che progetta e stabilisce la relazione.<\/span><\/p>\n<p style=\"text-align: justify;\">Alcuni studenti sono particolarmente interessati all\u2019argomento e desiderano approfondirlo, soprattutto perch\u00e9 hanno colto possibili collegamenti con il programma di Scienze Umane.<\/p>\n<h4 style=\"text-align: center;\"><strong>Finalit\u00e0 della prospettiva didattica<\/strong><\/h4>\n<p style=\"text-align: justify;\">Il percorso serve a:<\/p>\n<ul>\n<li style=\"text-align: justify;\">\u2013 far riflettere sulla visione antropocentrica, che vede l\u2019uomo dominatore assoluto della Terra e della natura;<\/li>\n<li style=\"text-align: justify;\">far prendere coscienza che il Dio cristiano non \u00e8 pura energia, sinonimo di materia, come ritengono alcune moderne correnti di pensiero o di certa teologia ambientalista come quella di Leonardo Boff, ma Persona; per sua natura diversa dalla materia e dal sensibile, che entra in relazione con l\u2019uomo e che a lui si manifesta con l\u2019incarnazione;<\/li>\n<li style=\"text-align: justify;\">sviluppare, attraverso la discussione guidata, l\u2019aspetto fondamentale della libert\u00e0 dell\u2019uomo che, a differenza delle altre creature, \u00e8 il solo in grado di progettare la propria vita perch\u00e9 egli \u00e8 creato libero, a immagine di Dio e chiamato, secondo la fede cristiana, a realizzarne in s\u00e9 la somiglianza.<\/li>\n<\/ul>\n<h4 style=\"text-align: center;\"><strong>Conclusioni<\/strong><\/h4>\n<p style=\"text-align: justify;\">Attraverso la riflessione pittorica, ispirata dalle scritture, non sembra che la visione scientifica possa dirsi sufficiente anche perch\u00e9 essa nemmeno esaurisce tutte le potenzialit\u00e0 conoscitive dell\u2019uomo, le quali sono razionali, spirituali ed anche simboliche. Il simbolo \u00e8 proprio ci\u00f2 che unisce ci\u00f2 che sembrerebbe incomparabile, l\u2019umano e il divino, all\u2019uomo partecipato per grazia.<\/p>\n<p style=\"text-align: justify;\"><span style=\"color: #000000;\">L\u2019uomo, per sua natura, si interroga e si pone domande esistenziali, come ad esempio perch\u00e9 esiste qualcosa invece del nulla, oppure qual \u00e8 l\u2019origine dell\u2019anima, o ancora perch\u00e9 esiste la morte. La scienza non pu\u00f2 fornire risposte esaustive a queste domande.<\/span><\/p>\n<p style=\"text-align: justify;\"><span style=\"color: #000000;\"><strong>(1)<\/strong> BENEDETTO XVI, <em>Fede, ragione e universit\u00e0. Ricordi e riflessioni.<\/em> Discorso del Santo Padre Benedetto XVI presso l\u2019Aula Magna dell\u2019Universit\u00e0 di Regensburg dato Marted\u00ec, 12 settembre, 2006, durante il Viaggio Apostolico a M\u00fcnchen, Alt\u00f6tting e Regensburg (9-14 SETTEMBRE 2006), noto come\u00a0<em>Discorso di Ratisbona<\/em>. (Fonte Vatican.va, Benedetto XVI- Discorsi-2006-Settembre).<\/span><\/p>\n<p style=\"text-align: justify;\"><span style=\"color: #000000;\"><strong>(2)<\/strong> RATZINGER, Joseph, <em>Presentazione del \u201ctrittico romano\u201d. Nuovo libro di poesie di Giovanni Paolo II<\/em>, 6 marzo 2003.<\/span><\/p>\n<p style=\"text-align: justify;\"><span style=\"color: #000000;\"><strong>(3)<\/strong> RATZINGER, Joseph, <em>op. cit<\/em>.<\/span><\/p>\n<p style=\"text-align: justify;\"><span style=\"color: #000000;\"><strong>(4)<\/strong> VERDON, Timothy, <em>Michelangelo teologo,<\/em> Ancora, 2005.<\/span><\/p>\n<p style=\"text-align: justify;\"><span style=\"color: #000000;\"><strong>(5)<\/strong> Cfr.<em>Gen <\/em>1,26-27; <em>Gen <\/em>2,7.<\/span><\/p>\n<p><strong>(6)<\/strong> Cfr. COLZANI, Gianni, <em>Antropologia teologica. L\u2019uomo: paradosso e mistero,\u00a0<\/em>Edizioni Dehoniane Bologna 1997, 9-10.<\/p>\n<p>_________________________________________<\/p>\n<p><strong><span style=\"color: #000000;\">Leggi anche:<\/span><\/strong><\/p>\n<p><a href=\"https:\/\/www.rassegnastampa-totustuus.it\/cattolica\/darwinismo-e-dottrina-cattolica\/\" target=\"_blank\" rel=\"noopener\"><span style=\"color: #0000ff;\">Darwinismo e dottrina cattolica<\/span><\/a><\/p>\n","protected":false},"excerpt":{"rendered":"<p>Abstract: quali sono le origini del mondo e dell\u2019uomo? La scienza \u00e8 davvero in grado di fornire tutte le risposte? Le origini del mondo e dell\u2019uomo sono un tema centrale sia nel cristianesimo, sia nelle altre religioni, con differenze sostanziali. Scoprire quale senso abbia tale origine \u00e8 un tema da sempre presente nel dibattito culturale &hellip; <\/p>\n<p><a class=\"more-link btn\" href=\"https:\/\/www.rassegnastampa-totustuus.it\/cattolica\/quali-sono-le-origini-del-mondo-e-delluomo\/\">Continua a leggere<\/a><\/p>\n","protected":false},"author":6,"featured_media":59812,"comment_status":"closed","ping_status":"closed","sticky":false,"template":"","format":"standard","meta":{"footnotes":""},"categories":[5,51],"tags":[157,351,1596,275,1693],"class_list":["post-59808","post","type-post","status-publish","format-standard","has-post-thumbnail","hentry","category-chiesa","category-evoluzionismo","tag-chiesa-2","tag-creazione","tag-creazionismo","tag-evoluzionismo-2","tag-insegnamento","item-wrap"],"yoast_head":"<!-- This site is optimized with the Yoast SEO plugin v27.5 - https:\/\/yoast.com\/product\/yoast-seo-wordpress\/ -->\n<title>Quali sono le origini del mondo e dell\u2019uomo? \u00a0 - Rassegna Stampa Cattolica<\/title>\n<meta name=\"description\" content=\"Quali sono le origini del mondo e dell\u2019uomo? \u00a0La scienza fornisce tutte le risposte? un dibattito che interessa anche la scuola\" \/>\n<meta name=\"robots\" content=\"index, follow, max-snippet:-1, max-image-preview:large, max-video-preview:-1\" \/>\n<link rel=\"canonical\" href=\"https:\/\/www.rassegnastampa-totustuus.it\/cattolica\/quali-sono-le-origini-del-mondo-e-delluomo\/\" \/>\n<meta property=\"og:locale\" content=\"it_IT\" \/>\n<meta property=\"og:type\" content=\"article\" \/>\n<meta property=\"og:title\" content=\"Quali sono le origini del mondo e dell\u2019uomo? \u00a0 - Rassegna Stampa Cattolica\" \/>\n<meta property=\"og:description\" content=\"Quali sono le origini del mondo e dell\u2019uomo? \u00a0La scienza fornisce tutte le risposte? un dibattito che interessa anche la scuola\" \/>\n<meta property=\"og:url\" content=\"https:\/\/www.rassegnastampa-totustuus.it\/cattolica\/quali-sono-le-origini-del-mondo-e-delluomo\/\" \/>\n<meta property=\"og:site_name\" content=\"Rassegna Stampa Cattolica\" \/>\n<meta property=\"article:publisher\" content=\"https:\/\/www.facebook.com\/rassegnastampacattolica\" \/>\n<meta property=\"article:published_time\" content=\"2024-03-12T09:49:03+00:00\" \/>\n<meta property=\"article:modified_time\" content=\"2024-03-14T13:43:28+00:00\" \/>\n<meta property=\"og:image\" content=\"https:\/\/www.rassegnastampa-totustuus.it\/cattolica\/wp-content\/uploads\/2024\/03\/creazione_adamo_Michelangelo_Sistina.jpg\" \/>\n\t<meta property=\"og:image:width\" content=\"398\" \/>\n\t<meta property=\"og:image:height\" content=\"237\" \/>\n\t<meta property=\"og:image:type\" content=\"image\/jpeg\" \/>\n<meta name=\"author\" content=\"Redazione\" \/>\n<meta name=\"twitter:card\" content=\"summary_large_image\" \/>\n<meta name=\"twitter:creator\" content=\"@rassegnastampa9\" \/>\n<meta name=\"twitter:site\" content=\"@rassegnastampa9\" \/>\n<meta name=\"twitter:label1\" content=\"Scritto da\" \/>\n\t<meta name=\"twitter:data1\" content=\"Redazione\" \/>\n\t<meta name=\"twitter:label2\" content=\"Tempo di lettura stimato\" \/>\n\t<meta name=\"twitter:data2\" content=\"16 minuti\" \/>\n<script type=\"application\/ld+json\" class=\"yoast-schema-graph\">{\"@context\":\"https:\\\/\\\/schema.org\",\"@graph\":[{\"@type\":\"Article\",\"@id\":\"https:\\\/\\\/www.rassegnastampa-totustuus.it\\\/cattolica\\\/quali-sono-le-origini-del-mondo-e-delluomo\\\/#article\",\"isPartOf\":{\"@id\":\"https:\\\/\\\/www.rassegnastampa-totustuus.it\\\/cattolica\\\/quali-sono-le-origini-del-mondo-e-delluomo\\\/\"},\"author\":{\"name\":\"Redazione\",\"@id\":\"https:\\\/\\\/www.rassegnastampa-totustuus.it\\\/cattolica\\\/#\\\/schema\\\/person\\\/08f319d2bd1a0904ad9e2bfb7b15e5c3\"},\"headline\":\"Quali sono le origini del mondo e dell\u2019uomo? \u00a0\",\"datePublished\":\"2024-03-12T09:49:03+00:00\",\"dateModified\":\"2024-03-14T13:43:28+00:00\",\"mainEntityOfPage\":{\"@id\":\"https:\\\/\\\/www.rassegnastampa-totustuus.it\\\/cattolica\\\/quali-sono-le-origini-del-mondo-e-delluomo\\\/\"},\"wordCount\":2681,\"publisher\":{\"@id\":\"https:\\\/\\\/www.rassegnastampa-totustuus.it\\\/cattolica\\\/#organization\"},\"image\":{\"@id\":\"https:\\\/\\\/www.rassegnastampa-totustuus.it\\\/cattolica\\\/quali-sono-le-origini-del-mondo-e-delluomo\\\/#primaryimage\"},\"thumbnailUrl\":\"https:\\\/\\\/www.rassegnastampa-totustuus.it\\\/cattolica\\\/wp-content\\\/uploads\\\/2024\\\/03\\\/creazione_adamo_Michelangelo_Sistina.jpg\",\"keywords\":[\"chiesa\",\"creazione\",\"creazionismo\",\"evoluzionismo\",\"insegnamento\"],\"articleSection\":[\"Chiesa\",\"Evoluzionismo\"],\"inLanguage\":\"it-IT\"},{\"@type\":\"WebPage\",\"@id\":\"https:\\\/\\\/www.rassegnastampa-totustuus.it\\\/cattolica\\\/quali-sono-le-origini-del-mondo-e-delluomo\\\/\",\"url\":\"https:\\\/\\\/www.rassegnastampa-totustuus.it\\\/cattolica\\\/quali-sono-le-origini-del-mondo-e-delluomo\\\/\",\"name\":\"Quali sono le origini del mondo e dell\u2019uomo? \u00a0 - Rassegna Stampa Cattolica\",\"isPartOf\":{\"@id\":\"https:\\\/\\\/www.rassegnastampa-totustuus.it\\\/cattolica\\\/#website\"},\"primaryImageOfPage\":{\"@id\":\"https:\\\/\\\/www.rassegnastampa-totustuus.it\\\/cattolica\\\/quali-sono-le-origini-del-mondo-e-delluomo\\\/#primaryimage\"},\"image\":{\"@id\":\"https:\\\/\\\/www.rassegnastampa-totustuus.it\\\/cattolica\\\/quali-sono-le-origini-del-mondo-e-delluomo\\\/#primaryimage\"},\"thumbnailUrl\":\"https:\\\/\\\/www.rassegnastampa-totustuus.it\\\/cattolica\\\/wp-content\\\/uploads\\\/2024\\\/03\\\/creazione_adamo_Michelangelo_Sistina.jpg\",\"datePublished\":\"2024-03-12T09:49:03+00:00\",\"dateModified\":\"2024-03-14T13:43:28+00:00\",\"description\":\"Quali sono le origini del mondo e dell\u2019uomo? \u00a0La scienza fornisce tutte le risposte? un dibattito che interessa anche la scuola\",\"breadcrumb\":{\"@id\":\"https:\\\/\\\/www.rassegnastampa-totustuus.it\\\/cattolica\\\/quali-sono-le-origini-del-mondo-e-delluomo\\\/#breadcrumb\"},\"inLanguage\":\"it-IT\",\"potentialAction\":[{\"@type\":\"ReadAction\",\"target\":[\"https:\\\/\\\/www.rassegnastampa-totustuus.it\\\/cattolica\\\/quali-sono-le-origini-del-mondo-e-delluomo\\\/\"]}]},{\"@type\":\"ImageObject\",\"inLanguage\":\"it-IT\",\"@id\":\"https:\\\/\\\/www.rassegnastampa-totustuus.it\\\/cattolica\\\/quali-sono-le-origini-del-mondo-e-delluomo\\\/#primaryimage\",\"url\":\"https:\\\/\\\/www.rassegnastampa-totustuus.it\\\/cattolica\\\/wp-content\\\/uploads\\\/2024\\\/03\\\/creazione_adamo_Michelangelo_Sistina.jpg\",\"contentUrl\":\"https:\\\/\\\/www.rassegnastampa-totustuus.it\\\/cattolica\\\/wp-content\\\/uploads\\\/2024\\\/03\\\/creazione_adamo_Michelangelo_Sistina.jpg\",\"width\":398,\"height\":237},{\"@type\":\"BreadcrumbList\",\"@id\":\"https:\\\/\\\/www.rassegnastampa-totustuus.it\\\/cattolica\\\/quali-sono-le-origini-del-mondo-e-delluomo\\\/#breadcrumb\",\"itemListElement\":[{\"@type\":\"ListItem\",\"position\":1,\"name\":\"Home\",\"item\":\"https:\\\/\\\/www.rassegnastampa-totustuus.it\\\/cattolica\\\/\"},{\"@type\":\"ListItem\",\"position\":2,\"name\":\"Quali sono le origini del mondo e dell\u2019uomo? \u00a0\"}]},{\"@type\":\"WebSite\",\"@id\":\"https:\\\/\\\/www.rassegnastampa-totustuus.it\\\/cattolica\\\/#website\",\"url\":\"https:\\\/\\\/www.rassegnastampa-totustuus.it\\\/cattolica\\\/\",\"name\":\"Rassegna Stampa Cattolica\",\"description\":\"Per una cultura che nasce dalla Rivelazione cristiana in conformit\u00e0 alla tradizione e al Magistero della Chiesa in opposizione ad ogni relativismo e totalitarismo\",\"publisher\":{\"@id\":\"https:\\\/\\\/www.rassegnastampa-totustuus.it\\\/cattolica\\\/#organization\"},\"alternateName\":\"Rass. Cattolica\",\"potentialAction\":[{\"@type\":\"SearchAction\",\"target\":{\"@type\":\"EntryPoint\",\"urlTemplate\":\"https:\\\/\\\/www.rassegnastampa-totustuus.it\\\/cattolica\\\/?s={search_term_string}\"},\"query-input\":{\"@type\":\"PropertyValueSpecification\",\"valueRequired\":true,\"valueName\":\"search_term_string\"}}],\"inLanguage\":\"it-IT\"},{\"@type\":\"Organization\",\"@id\":\"https:\\\/\\\/www.rassegnastampa-totustuus.it\\\/cattolica\\\/#organization\",\"name\":\"Rassegna Stampa Cattolica\",\"url\":\"https:\\\/\\\/www.rassegnastampa-totustuus.it\\\/cattolica\\\/\",\"logo\":{\"@type\":\"ImageObject\",\"inLanguage\":\"it-IT\",\"@id\":\"https:\\\/\\\/www.rassegnastampa-totustuus.it\\\/cattolica\\\/#\\\/schema\\\/logo\\\/image\\\/\",\"url\":\"https:\\\/\\\/www.rassegnastampa-totustuus.it\\\/cattolica\\\/wp-content\\\/uploads\\\/2014\\\/04\\\/logo-rassegna1.gif\",\"contentUrl\":\"https:\\\/\\\/www.rassegnastampa-totustuus.it\\\/cattolica\\\/wp-content\\\/uploads\\\/2014\\\/04\\\/logo-rassegna1.gif\",\"width\":600,\"height\":163,\"caption\":\"Rassegna Stampa Cattolica\"},\"image\":{\"@id\":\"https:\\\/\\\/www.rassegnastampa-totustuus.it\\\/cattolica\\\/#\\\/schema\\\/logo\\\/image\\\/\"},\"sameAs\":[\"https:\\\/\\\/www.facebook.com\\\/rassegnastampacattolica\",\"https:\\\/\\\/x.com\\\/rassegnastampa9\"]},{\"@type\":\"Person\",\"@id\":\"https:\\\/\\\/www.rassegnastampa-totustuus.it\\\/cattolica\\\/#\\\/schema\\\/person\\\/08f319d2bd1a0904ad9e2bfb7b15e5c3\",\"name\":\"Redazione\",\"image\":{\"@type\":\"ImageObject\",\"inLanguage\":\"it-IT\",\"@id\":\"https:\\\/\\\/secure.gravatar.com\\\/avatar\\\/2fcdf27c78ea025fbdb44e914cc63c72249ffec9dc8aafd5c82b26240ef3f346?s=96&d=mm&r=g\",\"url\":\"https:\\\/\\\/secure.gravatar.com\\\/avatar\\\/2fcdf27c78ea025fbdb44e914cc63c72249ffec9dc8aafd5c82b26240ef3f346?s=96&d=mm&r=g\",\"contentUrl\":\"https:\\\/\\\/secure.gravatar.com\\\/avatar\\\/2fcdf27c78ea025fbdb44e914cc63c72249ffec9dc8aafd5c82b26240ef3f346?s=96&d=mm&r=g\",\"caption\":\"Redazione\"},\"url\":\"https:\\\/\\\/www.rassegnastampa-totustuus.it\\\/cattolica\\\/author\\\/pietroelle\\\/\"}]}<\/script>\n<!-- \/ Yoast SEO plugin. -->","yoast_head_json":{"title":"Quali sono le origini del mondo e dell\u2019uomo? \u00a0 - Rassegna Stampa Cattolica","description":"Quali sono le origini del mondo e dell\u2019uomo? \u00a0La scienza fornisce tutte le risposte? un dibattito che interessa anche la scuola","robots":{"index":"index","follow":"follow","max-snippet":"max-snippet:-1","max-image-preview":"max-image-preview:large","max-video-preview":"max-video-preview:-1"},"canonical":"https:\/\/www.rassegnastampa-totustuus.it\/cattolica\/quali-sono-le-origini-del-mondo-e-delluomo\/","og_locale":"it_IT","og_type":"article","og_title":"Quali sono le origini del mondo e dell\u2019uomo? \u00a0 - Rassegna Stampa Cattolica","og_description":"Quali sono le origini del mondo e dell\u2019uomo? \u00a0La scienza fornisce tutte le risposte? un dibattito che interessa anche la scuola","og_url":"https:\/\/www.rassegnastampa-totustuus.it\/cattolica\/quali-sono-le-origini-del-mondo-e-delluomo\/","og_site_name":"Rassegna Stampa Cattolica","article_publisher":"https:\/\/www.facebook.com\/rassegnastampacattolica","article_published_time":"2024-03-12T09:49:03+00:00","article_modified_time":"2024-03-14T13:43:28+00:00","og_image":[{"width":398,"height":237,"url":"https:\/\/www.rassegnastampa-totustuus.it\/cattolica\/wp-content\/uploads\/2024\/03\/creazione_adamo_Michelangelo_Sistina.jpg","type":"image\/jpeg"}],"author":"Redazione","twitter_card":"summary_large_image","twitter_creator":"@rassegnastampa9","twitter_site":"@rassegnastampa9","twitter_misc":{"Scritto da":"Redazione","Tempo di lettura stimato":"16 minuti"},"schema":{"@context":"https:\/\/schema.org","@graph":[{"@type":"Article","@id":"https:\/\/www.rassegnastampa-totustuus.it\/cattolica\/quali-sono-le-origini-del-mondo-e-delluomo\/#article","isPartOf":{"@id":"https:\/\/www.rassegnastampa-totustuus.it\/cattolica\/quali-sono-le-origini-del-mondo-e-delluomo\/"},"author":{"name":"Redazione","@id":"https:\/\/www.rassegnastampa-totustuus.it\/cattolica\/#\/schema\/person\/08f319d2bd1a0904ad9e2bfb7b15e5c3"},"headline":"Quali sono le origini del mondo e dell\u2019uomo? \u00a0","datePublished":"2024-03-12T09:49:03+00:00","dateModified":"2024-03-14T13:43:28+00:00","mainEntityOfPage":{"@id":"https:\/\/www.rassegnastampa-totustuus.it\/cattolica\/quali-sono-le-origini-del-mondo-e-delluomo\/"},"wordCount":2681,"publisher":{"@id":"https:\/\/www.rassegnastampa-totustuus.it\/cattolica\/#organization"},"image":{"@id":"https:\/\/www.rassegnastampa-totustuus.it\/cattolica\/quali-sono-le-origini-del-mondo-e-delluomo\/#primaryimage"},"thumbnailUrl":"https:\/\/www.rassegnastampa-totustuus.it\/cattolica\/wp-content\/uploads\/2024\/03\/creazione_adamo_Michelangelo_Sistina.jpg","keywords":["chiesa","creazione","creazionismo","evoluzionismo","insegnamento"],"articleSection":["Chiesa","Evoluzionismo"],"inLanguage":"it-IT"},{"@type":"WebPage","@id":"https:\/\/www.rassegnastampa-totustuus.it\/cattolica\/quali-sono-le-origini-del-mondo-e-delluomo\/","url":"https:\/\/www.rassegnastampa-totustuus.it\/cattolica\/quali-sono-le-origini-del-mondo-e-delluomo\/","name":"Quali sono le origini del mondo e dell\u2019uomo? \u00a0 - Rassegna Stampa Cattolica","isPartOf":{"@id":"https:\/\/www.rassegnastampa-totustuus.it\/cattolica\/#website"},"primaryImageOfPage":{"@id":"https:\/\/www.rassegnastampa-totustuus.it\/cattolica\/quali-sono-le-origini-del-mondo-e-delluomo\/#primaryimage"},"image":{"@id":"https:\/\/www.rassegnastampa-totustuus.it\/cattolica\/quali-sono-le-origini-del-mondo-e-delluomo\/#primaryimage"},"thumbnailUrl":"https:\/\/www.rassegnastampa-totustuus.it\/cattolica\/wp-content\/uploads\/2024\/03\/creazione_adamo_Michelangelo_Sistina.jpg","datePublished":"2024-03-12T09:49:03+00:00","dateModified":"2024-03-14T13:43:28+00:00","description":"Quali sono le origini del mondo e dell\u2019uomo? \u00a0La scienza fornisce tutte le risposte? un dibattito che interessa anche la scuola","breadcrumb":{"@id":"https:\/\/www.rassegnastampa-totustuus.it\/cattolica\/quali-sono-le-origini-del-mondo-e-delluomo\/#breadcrumb"},"inLanguage":"it-IT","potentialAction":[{"@type":"ReadAction","target":["https:\/\/www.rassegnastampa-totustuus.it\/cattolica\/quali-sono-le-origini-del-mondo-e-delluomo\/"]}]},{"@type":"ImageObject","inLanguage":"it-IT","@id":"https:\/\/www.rassegnastampa-totustuus.it\/cattolica\/quali-sono-le-origini-del-mondo-e-delluomo\/#primaryimage","url":"https:\/\/www.rassegnastampa-totustuus.it\/cattolica\/wp-content\/uploads\/2024\/03\/creazione_adamo_Michelangelo_Sistina.jpg","contentUrl":"https:\/\/www.rassegnastampa-totustuus.it\/cattolica\/wp-content\/uploads\/2024\/03\/creazione_adamo_Michelangelo_Sistina.jpg","width":398,"height":237},{"@type":"BreadcrumbList","@id":"https:\/\/www.rassegnastampa-totustuus.it\/cattolica\/quali-sono-le-origini-del-mondo-e-delluomo\/#breadcrumb","itemListElement":[{"@type":"ListItem","position":1,"name":"Home","item":"https:\/\/www.rassegnastampa-totustuus.it\/cattolica\/"},{"@type":"ListItem","position":2,"name":"Quali sono le origini del mondo e dell\u2019uomo? \u00a0"}]},{"@type":"WebSite","@id":"https:\/\/www.rassegnastampa-totustuus.it\/cattolica\/#website","url":"https:\/\/www.rassegnastampa-totustuus.it\/cattolica\/","name":"Rassegna Stampa Cattolica","description":"Per una cultura che nasce dalla Rivelazione cristiana in conformit\u00e0 alla tradizione e al Magistero della Chiesa in opposizione ad ogni relativismo e totalitarismo","publisher":{"@id":"https:\/\/www.rassegnastampa-totustuus.it\/cattolica\/#organization"},"alternateName":"Rass. Cattolica","potentialAction":[{"@type":"SearchAction","target":{"@type":"EntryPoint","urlTemplate":"https:\/\/www.rassegnastampa-totustuus.it\/cattolica\/?s={search_term_string}"},"query-input":{"@type":"PropertyValueSpecification","valueRequired":true,"valueName":"search_term_string"}}],"inLanguage":"it-IT"},{"@type":"Organization","@id":"https:\/\/www.rassegnastampa-totustuus.it\/cattolica\/#organization","name":"Rassegna Stampa Cattolica","url":"https:\/\/www.rassegnastampa-totustuus.it\/cattolica\/","logo":{"@type":"ImageObject","inLanguage":"it-IT","@id":"https:\/\/www.rassegnastampa-totustuus.it\/cattolica\/#\/schema\/logo\/image\/","url":"https:\/\/www.rassegnastampa-totustuus.it\/cattolica\/wp-content\/uploads\/2014\/04\/logo-rassegna1.gif","contentUrl":"https:\/\/www.rassegnastampa-totustuus.it\/cattolica\/wp-content\/uploads\/2014\/04\/logo-rassegna1.gif","width":600,"height":163,"caption":"Rassegna Stampa Cattolica"},"image":{"@id":"https:\/\/www.rassegnastampa-totustuus.it\/cattolica\/#\/schema\/logo\/image\/"},"sameAs":["https:\/\/www.facebook.com\/rassegnastampacattolica","https:\/\/x.com\/rassegnastampa9"]},{"@type":"Person","@id":"https:\/\/www.rassegnastampa-totustuus.it\/cattolica\/#\/schema\/person\/08f319d2bd1a0904ad9e2bfb7b15e5c3","name":"Redazione","image":{"@type":"ImageObject","inLanguage":"it-IT","@id":"https:\/\/secure.gravatar.com\/avatar\/2fcdf27c78ea025fbdb44e914cc63c72249ffec9dc8aafd5c82b26240ef3f346?s=96&d=mm&r=g","url":"https:\/\/secure.gravatar.com\/avatar\/2fcdf27c78ea025fbdb44e914cc63c72249ffec9dc8aafd5c82b26240ef3f346?s=96&d=mm&r=g","contentUrl":"https:\/\/secure.gravatar.com\/avatar\/2fcdf27c78ea025fbdb44e914cc63c72249ffec9dc8aafd5c82b26240ef3f346?s=96&d=mm&r=g","caption":"Redazione"},"url":"https:\/\/www.rassegnastampa-totustuus.it\/cattolica\/author\/pietroelle\/"}]}},"_links":{"self":[{"href":"https:\/\/www.rassegnastampa-totustuus.it\/cattolica\/wp-json\/wp\/v2\/posts\/59808","targetHints":{"allow":["GET"]}}],"collection":[{"href":"https:\/\/www.rassegnastampa-totustuus.it\/cattolica\/wp-json\/wp\/v2\/posts"}],"about":[{"href":"https:\/\/www.rassegnastampa-totustuus.it\/cattolica\/wp-json\/wp\/v2\/types\/post"}],"author":[{"embeddable":true,"href":"https:\/\/www.rassegnastampa-totustuus.it\/cattolica\/wp-json\/wp\/v2\/users\/6"}],"replies":[{"embeddable":true,"href":"https:\/\/www.rassegnastampa-totustuus.it\/cattolica\/wp-json\/wp\/v2\/comments?post=59808"}],"version-history":[{"count":2,"href":"https:\/\/www.rassegnastampa-totustuus.it\/cattolica\/wp-json\/wp\/v2\/posts\/59808\/revisions"}],"predecessor-version":[{"id":59813,"href":"https:\/\/www.rassegnastampa-totustuus.it\/cattolica\/wp-json\/wp\/v2\/posts\/59808\/revisions\/59813"}],"wp:featuredmedia":[{"embeddable":true,"href":"https:\/\/www.rassegnastampa-totustuus.it\/cattolica\/wp-json\/wp\/v2\/media\/59812"}],"wp:attachment":[{"href":"https:\/\/www.rassegnastampa-totustuus.it\/cattolica\/wp-json\/wp\/v2\/media?parent=59808"}],"wp:term":[{"taxonomy":"category","embeddable":true,"href":"https:\/\/www.rassegnastampa-totustuus.it\/cattolica\/wp-json\/wp\/v2\/categories?post=59808"},{"taxonomy":"post_tag","embeddable":true,"href":"https:\/\/www.rassegnastampa-totustuus.it\/cattolica\/wp-json\/wp\/v2\/tags?post=59808"}],"curies":[{"name":"wp","href":"https:\/\/api.w.org\/{rel}","templated":true}]}}