{"id":59795,"date":"2024-03-14T00:00:00","date_gmt":"2024-03-13T23:00:00","guid":{"rendered":"https:\/\/www.rassegnastampa-totustuus.it\/cattolica\/?p=59795"},"modified":"2024-03-06T16:38:38","modified_gmt":"2024-03-06T15:38:38","slug":"lideologia-woke-distrugge-loccidente","status":"publish","type":"post","link":"https:\/\/www.rassegnastampa-totustuus.it\/cattolica\/lideologia-woke-distrugge-loccidente\/","title":{"rendered":"L\u2019ideologia Woke distrugge l&#8217;Occidente"},"content":{"rendered":"<p style=\"text-align: center;\"><span style=\"color: #0000ff;\"><a style=\"color: #0000ff;\" href=\"https:\/\/www.laverita.info\/\" target=\"_blank\" rel=\"noopener\"><strong><img loading=\"lazy\" decoding=\"async\" class=\"size-full wp-image-52283 alignleft\" src=\"https:\/\/www.rassegnastampa-totustuus.it\/cattolica\/wp-content\/uploads\/2021\/08\/Woke_revolution.jpg\" alt=\"\" width=\"294\" height=\"171\" \/><\/strong><\/a><\/span><\/p>\n<p style=\"text-align: justify;\"><strong>Abstract:<\/strong><em> l\u2019ideologia Woke distrugge l&#8217;Occidente; imperniata sul politically correct e la cancel culture, sta demolendo rapidamente una civilt\u00e0 che si \u00e8 formata nei millenni. Si sta insinuando velocemente anche da noi, in tema di razzismo, gender e affini; di solito si eludono i divieti o li si accettano passivamente, per furbo quieto vivere, per non affrontarli e criticarli. Ma prima o poi diventeranno soffocanti come una cappa, e saremo anestetizzati. Allora sar\u00e0 troppo tardi per capire e per reagire.<\/em><\/p>\n<p><!--more--><\/p>\n<p style=\"text-align: center;\"><span style=\"color: #0000ff;\"><a style=\"color: #0000ff;\" href=\"https:\/\/www.laverita.info\/\" target=\"_blank\" rel=\"noopener\"><strong>La Verit\u00e0<\/strong><\/a><\/span> 5 Marzo 2024<\/p>\n<h3 style=\"text-align: center;\">L\u2019ideologia Woke incarna la guerra che l\u2019Occidente dichiara a s\u00e9 stesso<\/h3>\n<p style=\"text-align: justify;\"><em>Persino il \u00abCorriere della Sera\u00bb parla ormai di \u00abdittatura\u00bb per descrivere il clima di terrore che si vive\u00a0 nei campus statunitensi. Un fanatismo che sta distruggendo una civilt\u00e0 che si \u00e8 formata nei millenni<\/em><\/p>\n<p style=\"text-align: center;\">di <strong>Marcello Veneziani<\/strong><\/p>\n<p style=\"text-align: justify;\">L\u2019Occidente \u00e8 in guerra con l\u2019Est \u2013 russo, medio ed estremo oriente \u2013 e con mezzo sud del mondo. Ma \u00e8 in guerra prima di tutto con se stesso. Se non credete alle analisi e alle critiche, <strong>leggete le testimonianze dirette e le biografie<\/strong>. Dunque, parliamo di una ragazza veneta, progressista e radicale, che va a studiare negli Stati Uniti. E\u2019 una storia esemplare che racconta la realt\u00e0 e annuncia come finir\u00e0 da noi, imitatori pappagalleschi degli americani.<\/p>\n<p style=\"text-align: justify;\">La ragazza part\u00ec per uno stage negli Stati Uniti quindici anni fa, poi rimase a svolgere un lavoro culturale in un\u2019istituzione italo-americana. Ora che ha superato i quarant\u2019anni non ce la fa pi\u00f9 a vivere sotto la dittatura woke, che si \u00e8 fatta irrespirabile, minacciosa, oppressiva, soprattutto per i bianchi e gli eredi di civilt\u00e0 europea. \u00abQualsiasi cosa dica o faccia pu\u00f2 essere condannata come una micro-offesa rivolta contro afroamericani o latinos\u00bb. Nelle prove d\u2019ammissione ha dovuto scrivere un saggio preliminare di buone intenzioni, non circa il suo impegno negli studi ma contro il razzismo.<\/p>\n<p style=\"text-align: justify;\">Ovvero, <strong>non deve solo ripudiare il razzismo ma deve anche impegnarsi a militare contro il razzismo<\/strong>. Non ogni razzismo, perch\u00e9 la cultura woke sostiene che ci sia un solo razzismo, quello dei bianchi occidentali verso i neri, i latinos e gli asiatici. All\u2019inizio del master ha dovuto scusarsi con i compagni di corso <em>coloured;<\/em> e non per una colpa reale e specifica, ma per il fatto di essere bianca, occidentale, e dunque portatrice insana di razzismo. A settimane alterne, riferisce la donna, i bianchi devono fare anche un corso di contrizione, chiamato <em>White accountability<\/em>, responsabilit\u00e0 dei bianchi, in cui si devono sottoporre a un umiliante interrogatorio di due ore per rispondere del loro razzismo, pur latente, e pentirsi. Parallelamente i suoi colleghi di studi afroamericani si riuniscono in Spazi neri e sicuri, <em>Black men<\/em> (o <em>Women<\/em>) <em>safe space<\/em>, per coltivare la loro identit\u00e0 e denunciare le micro aggressioni subite dai colleghi bianchi.<\/p>\n<p style=\"text-align: justify;\">In cosa consisterebbero queste \u00ab<strong>micro-aggressioni<\/strong>\u00bb? Frasi considerate offensive e vietate, anche se al buon senso e all\u2019esperienza di sempre, appaiono del tutto neutre e innocue. Gli esempi rendono meglio l\u2019idea di quale follia masochista e giacobina stiamo diventando vittime: mai chiedere a un collega di colore da dove proviene perch\u00e9 quella domanda implica una discriminazione etnica; guai a citare a un nero la parola campo di studi perch\u00e9 pu\u00f2 alludere ai campi di piantagione di cotone e dunque allo schiavismo dei suoi avi; o pu\u00f2 evocare l\u2019attivit\u00e0 bracciantile di suo nonno messicano. E se cadi in quell\u2019errore ti devi subito scusare e fare autocritica, ripudiando il \u201cprivilegio bianco\u201d che ti ha fatto sbagliare.<\/p>\n<p style=\"text-align: justify;\">Alla Columbia University, dove hanno insegnato fior di docenti (anche il nostro <strong>Giuseppe Prezzolini<\/strong>), il mantra \u00e8 nell\u2019acronimo Prop, che sta per Potere razzismo oppressione privilegio. Naturalmente il bianco \u00e8 iscritto d\u2019ufficio, per ragioni razziali \u2013 \u00e8 il caso di dire -alla categoria del razzista oppressivo e privilegiato; e gli altri per ragioni etniche alla categoria di vittima dei succitati. Dietro quell\u2019etichetta c\u2019\u00e8 un\u2019ideologia dominante, la <em>critical race theory<\/em>, eletta ormai a bibbia delle universit\u00e0 americane.<\/p>\n<p style=\"text-align: justify;\">E con gli ebrei? Si distingue, se sono di origine est-europea e dunque ashkenaziti, rientrano tra gli oppressori, se sono sefarditi di origine orientale sono tra gli oppressi. Analoga divisione vige sul piano geostorico: sul versante storico gli ebrei sono le vittime per eccellenza, sul versante geografico in quanto israeliani sono i carnefici per antonomasia.<\/p>\n<p style=\"text-align: justify;\">E se partecipi ai gruppi di volontari che aiutano immigrati clandestini, poveri e homeless, ti devi sincerare che a guidare il collettivo non sia una bianca, altrimenti \u00e8 neocolonialismo. Poi dice che uno vota <strong>Trump<\/strong>\u2026 Ma per forza, per esasperazione.<\/p>\n<p style=\"text-align: justify;\">Ma tu come lo sai, da quale fonte, da quale blog pieno di fake news hai ricavato questa storiella? Non \u00e8 farina dei social n\u00e9 mia personale; la fonte \u00e8 il <em>Corriere della sera<\/em> di ieri, e l\u2019autore \u00e8 un noto e credibile giornalista \u201cdi sinistra\u201d, <strong>Federico Rampini<\/strong>; \u00e8 lui che ha incontrato la ragazza e ha riportato questa testimonianza.<\/p>\n<p style=\"text-align: justify;\">Il problema, come capite, non riguarda le disavventure di una singola persona malcapitata; \u00e8 l\u2019orizzonte prevalente negli Stati Uniti e a rimorchio, dell\u2019Occidente intero, Italia inclusa. Noi siamo un paese piccolo, gli Usa ci sovrastano, e come si sa, ci baciano in testa quando siamo allineati; ma sono pronti a schiacciarcela se non la pensiamo come loro.<\/p>\n<p style=\"text-align: justify;\">Quel clima irrespirabile, che pure il <em>Corriere <\/em>chiama dittatura, non vige solo nei salotti e nei circoli radical chic di New York ma nelle scuole e nelle universit\u00e0, nei media e nelle istituzioni, nei tribunali e negli uffici, nella comunicazione social e nei rapporti interpersonali; obbligati a norma di legge e di cultura a vergognarsi della nostra civilt\u00e0, storia, religione e identit\u00e0 e della nostra pelle. Costretti a sentirsi inferiori, in debito, in penitenza, rispetto a chiunque provenga da altri mondi. E non abbiamo aperto l\u2019altro capitolo della dittatura, quello riguardante l\u2019omofobia, il femminismo, il lessico corretto e il sesso in transito\u2026<\/p>\n<p style=\"text-align: justify;\">La ciliegina sulla torta e insieme il paradosso di questa dittatura \u00e8 che mentre in casa vige questa legge autolesionista e questa ideologia \u201cvergognista\u201d, poi a livello di politica estera, lo stesso Paese, con gli stessi protagonisti dem, cio\u00e8 liberal, radical e progressisti, pretende di essere l\u2019Arbitro del mondo e minaccia guerre, armi, interventi e sanzioni dappertutto.<\/p>\n<p style=\"text-align: justify;\">La dittatura woke, imperniata sul politically correct e la cancel culture, sta distruggendo rapidamente una civilt\u00e0 che si \u00e8 formata nei millenni. Se fate attenzione vi accorgete che si sta insinuando velocemente anche da noi, in tema di razzismo, gender e affini; di solito si eludono i divieti o li si accettano passivamente, per furbo quieto vivere, per non affrontarli e criticarli. Ma prima o poi diventeranno soffocanti come una cappa, e saremo anestetizzati. Allora sar\u00e0 troppo tardi per capire e per reagire.<\/p>\n","protected":false},"excerpt":{"rendered":"<p>Abstract: l\u2019ideologia Woke distrugge l&#8217;Occidente; imperniata sul politically correct e la cancel culture, sta demolendo rapidamente una civilt\u00e0 che si \u00e8 formata nei millenni. Si sta insinuando velocemente anche da noi, in tema di razzismo, gender e affini; di solito si eludono i divieti o li si accettano passivamente, per furbo quieto vivere, per non &hellip; <\/p>\n<p><a class=\"more-link btn\" href=\"https:\/\/www.rassegnastampa-totustuus.it\/cattolica\/lideologia-woke-distrugge-loccidente\/\">Continua a leggere<\/a><\/p>\n","protected":false},"author":6,"featured_media":52283,"comment_status":"closed","ping_status":"closed","sticky":false,"template":"","format":"standard","meta":{"footnotes":""},"categories":[25,76,80],"tags":[2860,2837,558,2401,399,2874],"class_list":["post-59795","post","type-post","status-publish","format-standard","has-post-thumbnail","hentry","category-sguardo-sul-nostro-tempo","category-stati-uniti","category-totalitarismo","tag-cancel-culture-2","tag-crisi-delloccidente","tag-sguardo-sul-nostro-tempo-2","tag-stati-uniti","tag-totalitarimo","tag-woke-revolution","item-wrap"],"yoast_head":"<!-- This site is optimized with the Yoast SEO plugin v27.5 - https:\/\/yoast.com\/product\/yoast-seo-wordpress\/ -->\n<title>L\u2019ideologia Woke distrugge l&#039;Occidente - Rassegna Stampa Cattolica<\/title>\n<meta name=\"description\" content=\"L\u2019ideologia Woke distrugge l\u2019Occidente. Perfino il Corriere della Sera parla di dittatura descrivendo ci\u00f2 che avviene in Usa\" \/>\n<meta name=\"robots\" content=\"index, follow, max-snippet:-1, max-image-preview:large, max-video-preview:-1\" \/>\n<link rel=\"canonical\" href=\"https:\/\/www.rassegnastampa-totustuus.it\/cattolica\/lideologia-woke-distrugge-loccidente\/\" \/>\n<meta property=\"og:locale\" content=\"it_IT\" \/>\n<meta property=\"og:type\" content=\"article\" \/>\n<meta property=\"og:title\" content=\"L\u2019ideologia Woke distrugge l&#039;Occidente - Rassegna Stampa Cattolica\" \/>\n<meta property=\"og:description\" content=\"L\u2019ideologia Woke distrugge l\u2019Occidente. Perfino il Corriere della Sera parla di dittatura descrivendo ci\u00f2 che avviene in Usa\" \/>\n<meta property=\"og:url\" content=\"https:\/\/www.rassegnastampa-totustuus.it\/cattolica\/lideologia-woke-distrugge-loccidente\/\" \/>\n<meta property=\"og:site_name\" content=\"Rassegna Stampa Cattolica\" \/>\n<meta property=\"article:publisher\" content=\"https:\/\/www.facebook.com\/rassegnastampacattolica\" \/>\n<meta property=\"article:published_time\" content=\"2024-03-13T23:00:00+00:00\" \/>\n<meta property=\"og:image\" content=\"https:\/\/www.rassegnastampa-totustuus.it\/cattolica\/wp-content\/uploads\/2021\/08\/Woke_revolution.jpg\" \/>\n\t<meta property=\"og:image:width\" content=\"294\" \/>\n\t<meta property=\"og:image:height\" content=\"171\" \/>\n\t<meta property=\"og:image:type\" content=\"image\/jpeg\" \/>\n<meta name=\"author\" content=\"Redazione\" \/>\n<meta name=\"twitter:card\" content=\"summary_large_image\" \/>\n<meta name=\"twitter:creator\" content=\"@rassegnastampa9\" \/>\n<meta name=\"twitter:site\" content=\"@rassegnastampa9\" \/>\n<meta name=\"twitter:label1\" content=\"Scritto da\" \/>\n\t<meta name=\"twitter:data1\" content=\"Redazione\" \/>\n\t<meta name=\"twitter:label2\" content=\"Tempo di lettura stimato\" \/>\n\t<meta name=\"twitter:data2\" content=\"7 minuti\" \/>\n<script type=\"application\/ld+json\" class=\"yoast-schema-graph\">{\"@context\":\"https:\\\/\\\/schema.org\",\"@graph\":[{\"@type\":\"Article\",\"@id\":\"https:\\\/\\\/www.rassegnastampa-totustuus.it\\\/cattolica\\\/lideologia-woke-distrugge-loccidente\\\/#article\",\"isPartOf\":{\"@id\":\"https:\\\/\\\/www.rassegnastampa-totustuus.it\\\/cattolica\\\/lideologia-woke-distrugge-loccidente\\\/\"},\"author\":{\"name\":\"Redazione\",\"@id\":\"https:\\\/\\\/www.rassegnastampa-totustuus.it\\\/cattolica\\\/#\\\/schema\\\/person\\\/08f319d2bd1a0904ad9e2bfb7b15e5c3\"},\"headline\":\"L\u2019ideologia Woke distrugge l&#8217;Occidente\",\"datePublished\":\"2024-03-13T23:00:00+00:00\",\"mainEntityOfPage\":{\"@id\":\"https:\\\/\\\/www.rassegnastampa-totustuus.it\\\/cattolica\\\/lideologia-woke-distrugge-loccidente\\\/\"},\"wordCount\":1109,\"publisher\":{\"@id\":\"https:\\\/\\\/www.rassegnastampa-totustuus.it\\\/cattolica\\\/#organization\"},\"image\":{\"@id\":\"https:\\\/\\\/www.rassegnastampa-totustuus.it\\\/cattolica\\\/lideologia-woke-distrugge-loccidente\\\/#primaryimage\"},\"thumbnailUrl\":\"https:\\\/\\\/www.rassegnastampa-totustuus.it\\\/cattolica\\\/wp-content\\\/uploads\\\/2021\\\/08\\\/Woke_revolution.jpg\",\"keywords\":[\"cancel culture\",\"crisi dell&#039;Occidente\",\"sguardo sul nostro tempo\",\"Stati Uniti\",\"totalitarimo\",\"woke revolution\"],\"articleSection\":[\"Sguardo sul nostro tempo\",\"Stati Uniti\",\"Totalitarismo\"],\"inLanguage\":\"it-IT\"},{\"@type\":\"WebPage\",\"@id\":\"https:\\\/\\\/www.rassegnastampa-totustuus.it\\\/cattolica\\\/lideologia-woke-distrugge-loccidente\\\/\",\"url\":\"https:\\\/\\\/www.rassegnastampa-totustuus.it\\\/cattolica\\\/lideologia-woke-distrugge-loccidente\\\/\",\"name\":\"L\u2019ideologia Woke distrugge l'Occidente - Rassegna Stampa Cattolica\",\"isPartOf\":{\"@id\":\"https:\\\/\\\/www.rassegnastampa-totustuus.it\\\/cattolica\\\/#website\"},\"primaryImageOfPage\":{\"@id\":\"https:\\\/\\\/www.rassegnastampa-totustuus.it\\\/cattolica\\\/lideologia-woke-distrugge-loccidente\\\/#primaryimage\"},\"image\":{\"@id\":\"https:\\\/\\\/www.rassegnastampa-totustuus.it\\\/cattolica\\\/lideologia-woke-distrugge-loccidente\\\/#primaryimage\"},\"thumbnailUrl\":\"https:\\\/\\\/www.rassegnastampa-totustuus.it\\\/cattolica\\\/wp-content\\\/uploads\\\/2021\\\/08\\\/Woke_revolution.jpg\",\"datePublished\":\"2024-03-13T23:00:00+00:00\",\"description\":\"L\u2019ideologia Woke distrugge l\u2019Occidente. Perfino il Corriere della Sera parla di dittatura descrivendo ci\u00f2 che avviene in Usa\",\"breadcrumb\":{\"@id\":\"https:\\\/\\\/www.rassegnastampa-totustuus.it\\\/cattolica\\\/lideologia-woke-distrugge-loccidente\\\/#breadcrumb\"},\"inLanguage\":\"it-IT\",\"potentialAction\":[{\"@type\":\"ReadAction\",\"target\":[\"https:\\\/\\\/www.rassegnastampa-totustuus.it\\\/cattolica\\\/lideologia-woke-distrugge-loccidente\\\/\"]}]},{\"@type\":\"ImageObject\",\"inLanguage\":\"it-IT\",\"@id\":\"https:\\\/\\\/www.rassegnastampa-totustuus.it\\\/cattolica\\\/lideologia-woke-distrugge-loccidente\\\/#primaryimage\",\"url\":\"https:\\\/\\\/www.rassegnastampa-totustuus.it\\\/cattolica\\\/wp-content\\\/uploads\\\/2021\\\/08\\\/Woke_revolution.jpg\",\"contentUrl\":\"https:\\\/\\\/www.rassegnastampa-totustuus.it\\\/cattolica\\\/wp-content\\\/uploads\\\/2021\\\/08\\\/Woke_revolution.jpg\",\"width\":294,\"height\":171},{\"@type\":\"BreadcrumbList\",\"@id\":\"https:\\\/\\\/www.rassegnastampa-totustuus.it\\\/cattolica\\\/lideologia-woke-distrugge-loccidente\\\/#breadcrumb\",\"itemListElement\":[{\"@type\":\"ListItem\",\"position\":1,\"name\":\"Home\",\"item\":\"https:\\\/\\\/www.rassegnastampa-totustuus.it\\\/cattolica\\\/\"},{\"@type\":\"ListItem\",\"position\":2,\"name\":\"L\u2019ideologia Woke distrugge l&#8217;Occidente\"}]},{\"@type\":\"WebSite\",\"@id\":\"https:\\\/\\\/www.rassegnastampa-totustuus.it\\\/cattolica\\\/#website\",\"url\":\"https:\\\/\\\/www.rassegnastampa-totustuus.it\\\/cattolica\\\/\",\"name\":\"Rassegna Stampa Cattolica\",\"description\":\"Per una cultura che nasce dalla Rivelazione cristiana in conformit\u00e0 alla tradizione e al Magistero della Chiesa in opposizione ad ogni relativismo e totalitarismo\",\"publisher\":{\"@id\":\"https:\\\/\\\/www.rassegnastampa-totustuus.it\\\/cattolica\\\/#organization\"},\"alternateName\":\"Rass. Cattolica\",\"potentialAction\":[{\"@type\":\"SearchAction\",\"target\":{\"@type\":\"EntryPoint\",\"urlTemplate\":\"https:\\\/\\\/www.rassegnastampa-totustuus.it\\\/cattolica\\\/?s={search_term_string}\"},\"query-input\":{\"@type\":\"PropertyValueSpecification\",\"valueRequired\":true,\"valueName\":\"search_term_string\"}}],\"inLanguage\":\"it-IT\"},{\"@type\":\"Organization\",\"@id\":\"https:\\\/\\\/www.rassegnastampa-totustuus.it\\\/cattolica\\\/#organization\",\"name\":\"Rassegna Stampa Cattolica\",\"url\":\"https:\\\/\\\/www.rassegnastampa-totustuus.it\\\/cattolica\\\/\",\"logo\":{\"@type\":\"ImageObject\",\"inLanguage\":\"it-IT\",\"@id\":\"https:\\\/\\\/www.rassegnastampa-totustuus.it\\\/cattolica\\\/#\\\/schema\\\/logo\\\/image\\\/\",\"url\":\"https:\\\/\\\/www.rassegnastampa-totustuus.it\\\/cattolica\\\/wp-content\\\/uploads\\\/2014\\\/04\\\/logo-rassegna1.gif\",\"contentUrl\":\"https:\\\/\\\/www.rassegnastampa-totustuus.it\\\/cattolica\\\/wp-content\\\/uploads\\\/2014\\\/04\\\/logo-rassegna1.gif\",\"width\":600,\"height\":163,\"caption\":\"Rassegna Stampa Cattolica\"},\"image\":{\"@id\":\"https:\\\/\\\/www.rassegnastampa-totustuus.it\\\/cattolica\\\/#\\\/schema\\\/logo\\\/image\\\/\"},\"sameAs\":[\"https:\\\/\\\/www.facebook.com\\\/rassegnastampacattolica\",\"https:\\\/\\\/x.com\\\/rassegnastampa9\"]},{\"@type\":\"Person\",\"@id\":\"https:\\\/\\\/www.rassegnastampa-totustuus.it\\\/cattolica\\\/#\\\/schema\\\/person\\\/08f319d2bd1a0904ad9e2bfb7b15e5c3\",\"name\":\"Redazione\",\"image\":{\"@type\":\"ImageObject\",\"inLanguage\":\"it-IT\",\"@id\":\"https:\\\/\\\/secure.gravatar.com\\\/avatar\\\/2fcdf27c78ea025fbdb44e914cc63c72249ffec9dc8aafd5c82b26240ef3f346?s=96&d=mm&r=g\",\"url\":\"https:\\\/\\\/secure.gravatar.com\\\/avatar\\\/2fcdf27c78ea025fbdb44e914cc63c72249ffec9dc8aafd5c82b26240ef3f346?s=96&d=mm&r=g\",\"contentUrl\":\"https:\\\/\\\/secure.gravatar.com\\\/avatar\\\/2fcdf27c78ea025fbdb44e914cc63c72249ffec9dc8aafd5c82b26240ef3f346?s=96&d=mm&r=g\",\"caption\":\"Redazione\"},\"url\":\"https:\\\/\\\/www.rassegnastampa-totustuus.it\\\/cattolica\\\/author\\\/pietroelle\\\/\"}]}<\/script>\n<!-- \/ Yoast SEO plugin. -->","yoast_head_json":{"title":"L\u2019ideologia Woke distrugge l'Occidente - Rassegna Stampa Cattolica","description":"L\u2019ideologia Woke distrugge l\u2019Occidente. Perfino il Corriere della Sera parla di dittatura descrivendo ci\u00f2 che avviene in Usa","robots":{"index":"index","follow":"follow","max-snippet":"max-snippet:-1","max-image-preview":"max-image-preview:large","max-video-preview":"max-video-preview:-1"},"canonical":"https:\/\/www.rassegnastampa-totustuus.it\/cattolica\/lideologia-woke-distrugge-loccidente\/","og_locale":"it_IT","og_type":"article","og_title":"L\u2019ideologia Woke distrugge l'Occidente - Rassegna Stampa Cattolica","og_description":"L\u2019ideologia Woke distrugge l\u2019Occidente. Perfino il Corriere della Sera parla di dittatura descrivendo ci\u00f2 che avviene in Usa","og_url":"https:\/\/www.rassegnastampa-totustuus.it\/cattolica\/lideologia-woke-distrugge-loccidente\/","og_site_name":"Rassegna Stampa Cattolica","article_publisher":"https:\/\/www.facebook.com\/rassegnastampacattolica","article_published_time":"2024-03-13T23:00:00+00:00","og_image":[{"width":294,"height":171,"url":"https:\/\/www.rassegnastampa-totustuus.it\/cattolica\/wp-content\/uploads\/2021\/08\/Woke_revolution.jpg","type":"image\/jpeg"}],"author":"Redazione","twitter_card":"summary_large_image","twitter_creator":"@rassegnastampa9","twitter_site":"@rassegnastampa9","twitter_misc":{"Scritto da":"Redazione","Tempo di lettura stimato":"7 minuti"},"schema":{"@context":"https:\/\/schema.org","@graph":[{"@type":"Article","@id":"https:\/\/www.rassegnastampa-totustuus.it\/cattolica\/lideologia-woke-distrugge-loccidente\/#article","isPartOf":{"@id":"https:\/\/www.rassegnastampa-totustuus.it\/cattolica\/lideologia-woke-distrugge-loccidente\/"},"author":{"name":"Redazione","@id":"https:\/\/www.rassegnastampa-totustuus.it\/cattolica\/#\/schema\/person\/08f319d2bd1a0904ad9e2bfb7b15e5c3"},"headline":"L\u2019ideologia Woke distrugge l&#8217;Occidente","datePublished":"2024-03-13T23:00:00+00:00","mainEntityOfPage":{"@id":"https:\/\/www.rassegnastampa-totustuus.it\/cattolica\/lideologia-woke-distrugge-loccidente\/"},"wordCount":1109,"publisher":{"@id":"https:\/\/www.rassegnastampa-totustuus.it\/cattolica\/#organization"},"image":{"@id":"https:\/\/www.rassegnastampa-totustuus.it\/cattolica\/lideologia-woke-distrugge-loccidente\/#primaryimage"},"thumbnailUrl":"https:\/\/www.rassegnastampa-totustuus.it\/cattolica\/wp-content\/uploads\/2021\/08\/Woke_revolution.jpg","keywords":["cancel culture","crisi dell&#039;Occidente","sguardo sul nostro tempo","Stati Uniti","totalitarimo","woke revolution"],"articleSection":["Sguardo sul nostro tempo","Stati Uniti","Totalitarismo"],"inLanguage":"it-IT"},{"@type":"WebPage","@id":"https:\/\/www.rassegnastampa-totustuus.it\/cattolica\/lideologia-woke-distrugge-loccidente\/","url":"https:\/\/www.rassegnastampa-totustuus.it\/cattolica\/lideologia-woke-distrugge-loccidente\/","name":"L\u2019ideologia Woke distrugge l'Occidente - Rassegna Stampa Cattolica","isPartOf":{"@id":"https:\/\/www.rassegnastampa-totustuus.it\/cattolica\/#website"},"primaryImageOfPage":{"@id":"https:\/\/www.rassegnastampa-totustuus.it\/cattolica\/lideologia-woke-distrugge-loccidente\/#primaryimage"},"image":{"@id":"https:\/\/www.rassegnastampa-totustuus.it\/cattolica\/lideologia-woke-distrugge-loccidente\/#primaryimage"},"thumbnailUrl":"https:\/\/www.rassegnastampa-totustuus.it\/cattolica\/wp-content\/uploads\/2021\/08\/Woke_revolution.jpg","datePublished":"2024-03-13T23:00:00+00:00","description":"L\u2019ideologia Woke distrugge l\u2019Occidente. Perfino il Corriere della Sera parla di dittatura descrivendo ci\u00f2 che avviene in Usa","breadcrumb":{"@id":"https:\/\/www.rassegnastampa-totustuus.it\/cattolica\/lideologia-woke-distrugge-loccidente\/#breadcrumb"},"inLanguage":"it-IT","potentialAction":[{"@type":"ReadAction","target":["https:\/\/www.rassegnastampa-totustuus.it\/cattolica\/lideologia-woke-distrugge-loccidente\/"]}]},{"@type":"ImageObject","inLanguage":"it-IT","@id":"https:\/\/www.rassegnastampa-totustuus.it\/cattolica\/lideologia-woke-distrugge-loccidente\/#primaryimage","url":"https:\/\/www.rassegnastampa-totustuus.it\/cattolica\/wp-content\/uploads\/2021\/08\/Woke_revolution.jpg","contentUrl":"https:\/\/www.rassegnastampa-totustuus.it\/cattolica\/wp-content\/uploads\/2021\/08\/Woke_revolution.jpg","width":294,"height":171},{"@type":"BreadcrumbList","@id":"https:\/\/www.rassegnastampa-totustuus.it\/cattolica\/lideologia-woke-distrugge-loccidente\/#breadcrumb","itemListElement":[{"@type":"ListItem","position":1,"name":"Home","item":"https:\/\/www.rassegnastampa-totustuus.it\/cattolica\/"},{"@type":"ListItem","position":2,"name":"L\u2019ideologia Woke distrugge l&#8217;Occidente"}]},{"@type":"WebSite","@id":"https:\/\/www.rassegnastampa-totustuus.it\/cattolica\/#website","url":"https:\/\/www.rassegnastampa-totustuus.it\/cattolica\/","name":"Rassegna Stampa Cattolica","description":"Per una cultura che nasce dalla Rivelazione cristiana in conformit\u00e0 alla tradizione e al Magistero della Chiesa in opposizione ad ogni relativismo e totalitarismo","publisher":{"@id":"https:\/\/www.rassegnastampa-totustuus.it\/cattolica\/#organization"},"alternateName":"Rass. Cattolica","potentialAction":[{"@type":"SearchAction","target":{"@type":"EntryPoint","urlTemplate":"https:\/\/www.rassegnastampa-totustuus.it\/cattolica\/?s={search_term_string}"},"query-input":{"@type":"PropertyValueSpecification","valueRequired":true,"valueName":"search_term_string"}}],"inLanguage":"it-IT"},{"@type":"Organization","@id":"https:\/\/www.rassegnastampa-totustuus.it\/cattolica\/#organization","name":"Rassegna Stampa Cattolica","url":"https:\/\/www.rassegnastampa-totustuus.it\/cattolica\/","logo":{"@type":"ImageObject","inLanguage":"it-IT","@id":"https:\/\/www.rassegnastampa-totustuus.it\/cattolica\/#\/schema\/logo\/image\/","url":"https:\/\/www.rassegnastampa-totustuus.it\/cattolica\/wp-content\/uploads\/2014\/04\/logo-rassegna1.gif","contentUrl":"https:\/\/www.rassegnastampa-totustuus.it\/cattolica\/wp-content\/uploads\/2014\/04\/logo-rassegna1.gif","width":600,"height":163,"caption":"Rassegna Stampa Cattolica"},"image":{"@id":"https:\/\/www.rassegnastampa-totustuus.it\/cattolica\/#\/schema\/logo\/image\/"},"sameAs":["https:\/\/www.facebook.com\/rassegnastampacattolica","https:\/\/x.com\/rassegnastampa9"]},{"@type":"Person","@id":"https:\/\/www.rassegnastampa-totustuus.it\/cattolica\/#\/schema\/person\/08f319d2bd1a0904ad9e2bfb7b15e5c3","name":"Redazione","image":{"@type":"ImageObject","inLanguage":"it-IT","@id":"https:\/\/secure.gravatar.com\/avatar\/2fcdf27c78ea025fbdb44e914cc63c72249ffec9dc8aafd5c82b26240ef3f346?s=96&d=mm&r=g","url":"https:\/\/secure.gravatar.com\/avatar\/2fcdf27c78ea025fbdb44e914cc63c72249ffec9dc8aafd5c82b26240ef3f346?s=96&d=mm&r=g","contentUrl":"https:\/\/secure.gravatar.com\/avatar\/2fcdf27c78ea025fbdb44e914cc63c72249ffec9dc8aafd5c82b26240ef3f346?s=96&d=mm&r=g","caption":"Redazione"},"url":"https:\/\/www.rassegnastampa-totustuus.it\/cattolica\/author\/pietroelle\/"}]}},"_links":{"self":[{"href":"https:\/\/www.rassegnastampa-totustuus.it\/cattolica\/wp-json\/wp\/v2\/posts\/59795","targetHints":{"allow":["GET"]}}],"collection":[{"href":"https:\/\/www.rassegnastampa-totustuus.it\/cattolica\/wp-json\/wp\/v2\/posts"}],"about":[{"href":"https:\/\/www.rassegnastampa-totustuus.it\/cattolica\/wp-json\/wp\/v2\/types\/post"}],"author":[{"embeddable":true,"href":"https:\/\/www.rassegnastampa-totustuus.it\/cattolica\/wp-json\/wp\/v2\/users\/6"}],"replies":[{"embeddable":true,"href":"https:\/\/www.rassegnastampa-totustuus.it\/cattolica\/wp-json\/wp\/v2\/comments?post=59795"}],"version-history":[{"count":1,"href":"https:\/\/www.rassegnastampa-totustuus.it\/cattolica\/wp-json\/wp\/v2\/posts\/59795\/revisions"}],"predecessor-version":[{"id":59796,"href":"https:\/\/www.rassegnastampa-totustuus.it\/cattolica\/wp-json\/wp\/v2\/posts\/59795\/revisions\/59796"}],"wp:featuredmedia":[{"embeddable":true,"href":"https:\/\/www.rassegnastampa-totustuus.it\/cattolica\/wp-json\/wp\/v2\/media\/52283"}],"wp:attachment":[{"href":"https:\/\/www.rassegnastampa-totustuus.it\/cattolica\/wp-json\/wp\/v2\/media?parent=59795"}],"wp:term":[{"taxonomy":"category","embeddable":true,"href":"https:\/\/www.rassegnastampa-totustuus.it\/cattolica\/wp-json\/wp\/v2\/categories?post=59795"},{"taxonomy":"post_tag","embeddable":true,"href":"https:\/\/www.rassegnastampa-totustuus.it\/cattolica\/wp-json\/wp\/v2\/tags?post=59795"}],"curies":[{"name":"wp","href":"https:\/\/api.w.org\/{rel}","templated":true}]}}